{"id":20954,"date":"2024-04-25T22:17:00","date_gmt":"2024-04-25T19:17:00","guid":{"rendered":"https:\/\/sarimelekler.biz\/?p=20954"},"modified":"2024-09-28T21:10:28","modified_gmt":"2024-09-28T18:10:28","slug":"sari-melekler-sampiyonluklarin-oykusunu-anlatti","status":"publish","type":"post","link":"https:\/\/sarimelekler.biz\/?p=20954","title":{"rendered":"Sar\u0131 Melekler \u015eampiyonluklar\u0131n \u00d6yk\u00fcs\u00fcn\u00fc Anlatt\u0131"},"content":{"rendered":"\n\t\t<style type=\"text\/css\">\n\t\t\t#gallery-1 {\n\t\t\t\tmargin: auto;\n\t\t\t}\n\t\t\t#gallery-1 .gallery-item {\n\t\t\t\tfloat: left;\n\t\t\t\tmargin-top: 10px;\n\t\t\t\ttext-align: center;\n\t\t\t\twidth: 100%;\n\t\t\t}\n\t\t\t#gallery-1 img {\n\t\t\t\tborder: 2px solid #cfcfcf;\n\t\t\t}\n\t\t\t#gallery-1 .gallery-caption {\n\t\t\t\tmargin-left: 0;\n\t\t\t}\n\t\t\t\/* see gallery_shortcode() in wp-includes\/media.php *\/\n\t\t<\/style>\n\t\t<div data-carousel-extra='{&quot;blog_id&quot;:1,&quot;permalink&quot;:&quot;https:\/\/sarimelekler.biz\/?p=20954&quot;}' id='gallery-1' class='gallery galleryid-20954 gallery-columns-1 gallery-size-large'><dl class='gallery-item'>\n\t\t\t<dt class='gallery-icon landscape'>\n\t\t\t\t<a href='https:\/\/sarimelekler.biz\/?attachment_id=20956'><img loading=\"lazy\" decoding=\"async\" width=\"860\" height=\"469\" src=\"https:\/\/sarimelekler.biz\/wp-content\/uploads\/2024\/09\/Sezon-Sonu-Programi-1024x559.jpg\" class=\"attachment-large size-large\" alt=\"\" srcset=\"https:\/\/sarimelekler.biz\/wp-content\/uploads\/2024\/09\/Sezon-Sonu-Programi-1024x559.jpg 1024w, https:\/\/sarimelekler.biz\/wp-content\/uploads\/2024\/09\/Sezon-Sonu-Programi-300x164.jpg 300w, https:\/\/sarimelekler.biz\/wp-content\/uploads\/2024\/09\/Sezon-Sonu-Programi-768x419.jpg 768w, https:\/\/sarimelekler.biz\/wp-content\/uploads\/2024\/09\/Sezon-Sonu-Programi-1536x838.jpg 1536w, https:\/\/sarimelekler.biz\/wp-content\/uploads\/2024\/09\/Sezon-Sonu-Programi-2048x1117.jpg 2048w, https:\/\/sarimelekler.biz\/wp-content\/uploads\/2024\/09\/Sezon-Sonu-Programi-150x82.jpg 150w\" sizes=\"auto, (max-width: 860px) 100vw, 860px\" data-attachment-id=\"20956\" data-permalink=\"https:\/\/sarimelekler.biz\/?attachment_id=20956\" data-orig-file=\"https:\/\/sarimelekler.biz\/wp-content\/uploads\/2024\/09\/Sezon-Sonu-Programi-scaled.jpg\" data-orig-size=\"2560,1397\" data-comments-opened=\"0\" data-image-meta=\"{&quot;aperture&quot;:&quot;4&quot;,&quot;credit&quot;:&quot;BURAK SALTIK&quot;,&quot;camera&quot;:&quot;Canon EOS R3&quot;,&quot;caption&quot;:&quot;&quot;,&quot;created_timestamp&quot;:&quot;1713813441&quot;,&quot;copyright&quot;:&quot;www.fenerbahce.org&quot;,&quot;focal_length&quot;:&quot;24&quot;,&quot;iso&quot;:&quot;5000&quot;,&quot;shutter_speed&quot;:&quot;0.0015625&quot;,&quot;title&quot;:&quot;&quot;,&quot;orientation&quot;:&quot;1&quot;}\" data-image-title=\"Sezon Sonu Program\u0131\" data-image-description=\"\" data-image-caption=\"\" data-large-file=\"https:\/\/sarimelekler.biz\/wp-content\/uploads\/2024\/09\/Sezon-Sonu-Programi-1024x559.jpg\" \/><\/a>\n\t\t\t<\/dt><\/dl><br style=\"clear: both\" \/>\n\t\t<\/div>\n\n<p><span style=\"font-size: 18px;\">2023-24 sezonunu Vodafone Sultanlar Ligi ve AXA Sigorta Kupa Voley \u015fampiyonluklar\u0131yla tamamlayan Fenerbah\u00e7e Opet Kad\u0131n Voleybol Tak\u0131m\u0131m\u0131z, \u00e7ifte kupal\u0131 sezonun hik\u00e2yesini Fenerbah\u00e7e Televizyonu arac\u0131l\u0131\u011f\u0131yla taraftarlar\u0131m\u0131zla payla\u015ft\u0131.<\/span><\/p>\n<iframe loading=\"lazy\"  id=\"_ytid_88183\"  width=\"860\" height=\"484\"  data-origwidth=\"860\" data-origheight=\"484\" src=\"https:\/\/www.youtube.com\/embed\/Wv67v6VRjHQ?enablejsapi=1&autoplay=0&cc_load_policy=0&cc_lang_pref=&iv_load_policy=1&loop=0&rel=1&fs=1&playsinline=0&autohide=2&theme=dark&color=red&controls=1&disablekb=0&\" class=\"__youtube_prefs__  no-lazyload\" title=\"YouTube player\"  allow=\"fullscreen; accelerometer; autoplay; clipboard-write; encrypted-media; gyroscope; picture-in-picture; web-share\" referrerpolicy=\"strict-origin-when-cross-origin\" allowfullscreen data-no-lazy=\"1\" data-skipgform_ajax_framebjll=\"\"><\/iframe>\n<p>Kaynak: \u00a0<a href=\"https:\/\/www.fenerbahce.org\/haberler\/voleybol-kadin\/2024\/4\/sari-melekler-cifte-sampiyonlugun-oykusunu-anlatti\" target=\"_blank\" rel=\"noopener\">Fenerbah\u00e7e SK Resmi \u0130nternet Sitesi<\/a><\/p>\n<p style=\"text-align: right;\">25\/04\/2024<\/p>\n\n\n\n","protected":false},"excerpt":{"rendered":"<p>2023-24 sezonunu Vodafone Sultanlar Ligi ve AXA Sigorta Kupa Voley \u2026 <a class=\"continue-reading-link\" href=\"https:\/\/sarimelekler.biz\/?p=20954\">Okumaya Devam Et.. <span class=\"meta-nav\">&rarr; <\/span><\/a><\/p>\n","protected":false},"author":1,"featured_media":20956,"comment_status":"closed","ping_status":"open","sticky":false,"template":"","format":"standard","meta":{"jetpack_post_was_ever_published":false,"_jetpack_newsletter_access":"","_jetpack_dont_email_post_to_subs":false,"_jetpack_newsletter_tier_id":0,"_jetpack_memberships_contains_paywalled_content":false,"_jetpack_memberships_contains_paid_content":false,"footnotes":"","jetpack_publicize_message":"","jetpack_publicize_feature_enabled":true,"jetpack_social_post_already_shared":true,"jetpack_social_options":{"image_generator_settings":{"template":"highway","default_image_id":0,"font":"","enabled":false},"version":2}},"categories":[22],"tags":[],"class_list":["post-20954","post","type-post","status-publish","format-standard","has-post-thumbnail","hentry","category-video-programlar"],"jetpack_publicize_connections":[],"jetpack_featured_media_url":"https:\/\/sarimelekler.biz\/wp-content\/uploads\/2024\/09\/Sezon-Sonu-Programi-scaled.jpg","jetpack_sharing_enabled":true,"jetpack_shortlink":"https:\/\/wp.me\/p8npUZ-5rY","jetpack-related-posts":[{"id":4162,"url":"https:\/\/sarimelekler.biz\/?p=4162","url_meta":{"origin":20954,"position":0},"title":"2017-2018 Voleybol Sezonu Vestel Venus Sultanlar Ligi Fikst\u00fcr\u00fc \u00c7ekildi","author":"Edit\u00f6r","date":"9 A\u011fustos 2017","format":false,"excerpt":"2017 \u2013\u00a02018 Voleybol Sezonu Vestel Venus Sultanlar Ligi fikst\u00fcr\u00fc 08 A\u011fustos 2017 g\u00fcn\u00fc Ankara Volley Hotel Toplant\u0131 Salonu'nda ger\u00e7ekle\u015fen kura \u00e7ekimi sonucunda belli oldu. Vestel Venus Sultanlar Ligi'nde 1. Devre Kar\u015f\u0131la\u015fmalar\u0131 08 Ekim - 05 Aral\u0131k 2017 tarihleri aras\u0131nda, 2. Devre kar\u015f\u0131la\u015fmalar\u0131 07 Ocak - 25 \u015eubat 2018 tarihleri aras\u0131nda,\u2026","rel":"","context":"&quot;T\u00fcrkiye Ligi&quot; i\u00e7inde","block_context":{"text":"T\u00fcrkiye Ligi","link":"https:\/\/sarimelekler.biz\/?cat=6"},"img":{"alt_text":"","src":"https:\/\/i0.wp.com\/sarimelekler.biz\/wp-content\/uploads\/2017\/08\/haber_1493752244_13.jpg?resize=350%2C200&ssl=1","width":350,"height":200,"srcset":"https:\/\/i0.wp.com\/sarimelekler.biz\/wp-content\/uploads\/2017\/08\/haber_1493752244_13.jpg?resize=350%2C200&ssl=1 1x, https:\/\/i0.wp.com\/sarimelekler.biz\/wp-content\/uploads\/2017\/08\/haber_1493752244_13.jpg?resize=525%2C300&ssl=1 1.5x, https:\/\/i0.wp.com\/sarimelekler.biz\/wp-content\/uploads\/2017\/08\/haber_1493752244_13.jpg?resize=700%2C400&ssl=1 2x, https:\/\/i0.wp.com\/sarimelekler.biz\/wp-content\/uploads\/2017\/08\/haber_1493752244_13.jpg?resize=1050%2C600&ssl=1 3x"},"classes":[]},{"id":12559,"url":"https:\/\/sarimelekler.biz\/?p=12559","url_meta":{"origin":20954,"position":1},"title":"Gen\u00e7 Yeteneklerimiz FB Tv&#8217;de Sahne Al\u0131yor.","author":"Edit\u00f6r","date":"2 Aral\u0131k 2019","format":false,"excerpt":"Kul\u00fcb\u00fcm\u00fcz, Kad\u0131n Voleybol altyap\u0131s\u0131ndan A Tak\u0131ma oyuncu yeti\u015ftirmek amac\u0131yla bu sezon Y\u0131ld\u0131z K\u0131z ve Gen\u00e7 K\u0131z Voleybol Tak\u0131mlar\u0131m\u0131zda g\u00f6rev yapan voleybolcular\u0131m\u0131zdan olu\u015fan 2. Lig Tak\u0131m\u0131 kurdu\u011funu duyurmu\u015ftu. Gen\u00e7 yeteneklerimiz bu sezon 2. ligde oynad\u0131\u011f\u0131 5 ma\u00e7ta 5 galibiyet ald\u0131. Y\u0131ld\u0131z k\u0131zlar\u0131m\u0131z 4 Aral\u0131k \u00c7ar\u015famba g\u00fcn\u00fc saat:18:00\u2019da TVF 50. Y\u0131l Deniz\u2026","rel":"","context":"&quot;Fenerbah\u00e7e Gen\u00e7 Tak\u0131mlar\u0131&quot; i\u00e7inde","block_context":{"text":"Fenerbah\u00e7e Gen\u00e7 Tak\u0131mlar\u0131","link":"https:\/\/sarimelekler.biz\/?cat=24"},"img":{"alt_text":"","src":"https:\/\/i0.wp.com\/sarimelekler.biz\/wp-content\/uploads\/2019\/12\/19-20-B-Tak%C4%B1m-4.jpg?resize=350%2C200&ssl=1","width":350,"height":200,"srcset":"https:\/\/i0.wp.com\/sarimelekler.biz\/wp-content\/uploads\/2019\/12\/19-20-B-Tak%C4%B1m-4.jpg?resize=350%2C200&ssl=1 1x, https:\/\/i0.wp.com\/sarimelekler.biz\/wp-content\/uploads\/2019\/12\/19-20-B-Tak%C4%B1m-4.jpg?resize=525%2C300&ssl=1 1.5x, https:\/\/i0.wp.com\/sarimelekler.biz\/wp-content\/uploads\/2019\/12\/19-20-B-Tak%C4%B1m-4.jpg?resize=700%2C400&ssl=1 2x, https:\/\/i0.wp.com\/sarimelekler.biz\/wp-content\/uploads\/2019\/12\/19-20-B-Tak%C4%B1m-4.jpg?resize=1050%2C600&ssl=1 3x"},"classes":[]},{"id":11461,"url":"https:\/\/sarimelekler.biz\/?p=11461","url_meta":{"origin":20954,"position":2},"title":"Sar\u0131 Melekler\u2019in 2019-2020 Sezonu Fikst\u00fcr\u00fc Belli Oldu.","author":"Edit\u00f6r","date":"30 A\u011fustos 2019","format":false,"excerpt":"2019-2020 Voleybol Sezonu Vestel Venus Sultanlar Ligi fikst\u00fcr\u00fc Ankara Volley Hotel Toplant\u0131 Salonu\u2019nda ger\u00e7ekle\u015fen kura \u00e7ekimi sonucunda belli oldu. Kura \u00e7ekimine T\u00fcrkiye Voleybol Federasyonu Ba\u015fkan\u0131 Mehmet Akif \u00dcst\u00fcnda\u011f haz\u0131r bulunurken kul\u00fcb\u00fcm\u00fcz\u00fc temsilen Voleybol \u015eubesi \u0130dari Menajeri Sn Abdullah Pa\u015fao\u011flu kat\u0131ld\u0131. Vestel Venus Sultanlar Ligi\u2019nde 1. Devre Kar\u015f\u0131la\u015fmalar\u0131 12 Ekim \u2013\u00a0\u2026","rel":"","context":"&quot;Haberler&quot; i\u00e7inde","block_context":{"text":"Haberler","link":"https:\/\/sarimelekler.biz\/?cat=7"},"img":{"alt_text":"","src":"https:\/\/i0.wp.com\/sarimelekler.biz\/wp-content\/uploads\/2019\/08\/19-20-Fikst%C3%BCr-%C3%87ekimi-1.jpg?resize=350%2C200&ssl=1","width":350,"height":200,"srcset":"https:\/\/i0.wp.com\/sarimelekler.biz\/wp-content\/uploads\/2019\/08\/19-20-Fikst%C3%BCr-%C3%87ekimi-1.jpg?resize=350%2C200&ssl=1 1x, https:\/\/i0.wp.com\/sarimelekler.biz\/wp-content\/uploads\/2019\/08\/19-20-Fikst%C3%BCr-%C3%87ekimi-1.jpg?resize=525%2C300&ssl=1 1.5x, https:\/\/i0.wp.com\/sarimelekler.biz\/wp-content\/uploads\/2019\/08\/19-20-Fikst%C3%BCr-%C3%87ekimi-1.jpg?resize=700%2C400&ssl=1 2x, https:\/\/i0.wp.com\/sarimelekler.biz\/wp-content\/uploads\/2019\/08\/19-20-Fikst%C3%BCr-%C3%87ekimi-1.jpg?resize=1050%2C600&ssl=1 3x, https:\/\/i0.wp.com\/sarimelekler.biz\/wp-content\/uploads\/2019\/08\/19-20-Fikst%C3%BCr-%C3%87ekimi-1.jpg?resize=1400%2C800&ssl=1 4x"},"classes":[]},{"id":15097,"url":"https:\/\/sarimelekler.biz\/?p=15097","url_meta":{"origin":20954,"position":3},"title":"Kelsey Robinson: \u201cFenerbah\u00e7e Benim Evim, Fenerbah\u00e7e Ailesi Benim Yuvam\u201d","author":"Edit\u00f6r","date":"23 Ocak 2021","format":false,"excerpt":"Sar\u0131 lacivertli formay\u0131 yeniden giyen Amerikal\u0131 sma\u00e7\u00f6r Kelsey Robinson, \u00e7ok mutlu oldu\u011funu belirterek, \u201cFenerbah\u00e7e benim evim, Fenerbah\u00e7e Ailesi benim yuvam\u201d dedi. Galatasaray HDI Sigorta - Fenerbah\u00e7e Opet ma\u00e7\u0131n\u0131n ard\u0131ndan yay\u0131nc\u0131 kurulu\u015fa a\u00e7\u0131klamalarda bulunan oyuncumuz Kelsey Robinson, \u201cTehir ma\u00e7lar\u0131ndan dolay\u0131 da birka\u00e7 ma\u00e7ta g\u00f6rev alamam\u0131\u015ft\u0131m. \u0130lk oynad\u0131\u011f\u0131m ma\u00e7\u0131nda b\u00f6yle bir derbi\u2026","rel":"","context":"&quot;Haberler&quot; i\u00e7inde","block_context":{"text":"Haberler","link":"https:\/\/sarimelekler.biz\/?cat=7"},"img":{"alt_text":"","src":"https:\/\/i0.wp.com\/sarimelekler.biz\/wp-content\/uploads\/2021\/01\/25-20-21-44.jpg?resize=350%2C200&ssl=1","width":350,"height":200,"srcset":"https:\/\/i0.wp.com\/sarimelekler.biz\/wp-content\/uploads\/2021\/01\/25-20-21-44.jpg?resize=350%2C200&ssl=1 1x, https:\/\/i0.wp.com\/sarimelekler.biz\/wp-content\/uploads\/2021\/01\/25-20-21-44.jpg?resize=525%2C300&ssl=1 1.5x, https:\/\/i0.wp.com\/sarimelekler.biz\/wp-content\/uploads\/2021\/01\/25-20-21-44.jpg?resize=700%2C400&ssl=1 2x, https:\/\/i0.wp.com\/sarimelekler.biz\/wp-content\/uploads\/2021\/01\/25-20-21-44.jpg?resize=1050%2C600&ssl=1 3x, https:\/\/i0.wp.com\/sarimelekler.biz\/wp-content\/uploads\/2021\/01\/25-20-21-44.jpg?resize=1400%2C800&ssl=1 4x"},"classes":[]},{"id":6604,"url":"https:\/\/sarimelekler.biz\/?p=6604","url_meta":{"origin":20954,"position":4},"title":"Sar\u0131 Melekler&#8217;in 2018-2019 Sezonu Fikst\u00fcr\u00fc Belli Oldu.","author":"Edit\u00f6r","date":"7 A\u011fustos 2018","format":false,"excerpt":"2018-2019 Voleybol Sezonu Vestel Venus Sultanlar Ligi ve Efeler Ligi fikst\u00fcrleri, Ankara Volley Hotel Toplant\u0131 Salonu'nda \u00e7ekildi. Kura \u00e7ekiminde Kul\u00fcb\u00fcm\u00fcz\u00fc, Voleybol \u015eubemizin \u0130dari Menajeri Abdullah Pa\u015fao\u011flu temsil etti. Vestel Venus Sultanlar Ligi\u2019nin ilk haftas\u0131nda ise Fenerbah\u00e7e Bayan Voleybol Tak\u0131m\u0131m\u0131z, Be\u015fikta\u015f\u2019\u0131 konuk edecek. Efeler Ligi\u2019nde ise Fenerbah\u00e7emiz ilk hafta sahas\u0131nda Jeopark\u2026","rel":"","context":"&quot;T\u00fcrkiye Ligi&quot; i\u00e7inde","block_context":{"text":"T\u00fcrkiye Ligi","link":"https:\/\/sarimelekler.biz\/?cat=6"},"img":{"alt_text":"","src":"https:\/\/i0.wp.com\/sarimelekler.biz\/wp-content\/uploads\/2018\/08\/Ads%C4%B1z.jpg?resize=350%2C200&ssl=1","width":350,"height":200,"srcset":"https:\/\/i0.wp.com\/sarimelekler.biz\/wp-content\/uploads\/2018\/08\/Ads%C4%B1z.jpg?resize=350%2C200&ssl=1 1x, https:\/\/i0.wp.com\/sarimelekler.biz\/wp-content\/uploads\/2018\/08\/Ads%C4%B1z.jpg?resize=525%2C300&ssl=1 1.5x, https:\/\/i0.wp.com\/sarimelekler.biz\/wp-content\/uploads\/2018\/08\/Ads%C4%B1z.jpg?resize=700%2C400&ssl=1 2x"},"classes":[]},{"id":17117,"url":"https:\/\/sarimelekler.biz\/?p=17117","url_meta":{"origin":20954,"position":5},"title":"Melissa Vargas Tekrar Fenerbah\u00e7e Opet\u2019te","author":"Edit\u00f6r","date":"13 Ocak 2022","format":false,"excerpt":"3 sezon boyunca Fenerbah\u00e7e Opet formas\u0131 giyen, bu sezon ise \u00c7in ekibi Tianjin ile \u015fampiyonluk ya\u015fayan eski voleybolcumuz Melissa Vargas yuvas\u0131na geri d\u00f6nd\u00fc. \u00c7in Ligi\u2019nin sona ermesiyle beraber T\u00fcrkiye\u2019ye d\u00f6nen Melissa Vargas'\u0131n ilk s\u00f6zleri, \"\u00c7ok mutluyum\" oldu. Havaliman\u0131nda \u015fube idarecilerimiz taraf\u0131ndan \u00e7i\u00e7ek ve formas\u0131 ile kar\u015f\u0131lanan ba\u015far\u0131l\u0131 sporcumuz; Fenerbah\u00e7e TV'ye\u2026","rel":"","context":"&quot;Transfer Haberleri&quot; i\u00e7inde","block_context":{"text":"Transfer Haberleri","link":"https:\/\/sarimelekler.biz\/?cat=23"},"img":{"alt_text":"","src":"https:\/\/i0.wp.com\/sarimelekler.biz\/wp-content\/uploads\/2021\/04\/Vargas-Veda-1-scaled.jpg?resize=350%2C200&ssl=1","width":350,"height":200,"srcset":"https:\/\/i0.wp.com\/sarimelekler.biz\/wp-content\/uploads\/2021\/04\/Vargas-Veda-1-scaled.jpg?resize=350%2C200&ssl=1 1x, https:\/\/i0.wp.com\/sarimelekler.biz\/wp-content\/uploads\/2021\/04\/Vargas-Veda-1-scaled.jpg?resize=525%2C300&ssl=1 1.5x, https:\/\/i0.wp.com\/sarimelekler.biz\/wp-content\/uploads\/2021\/04\/Vargas-Veda-1-scaled.jpg?resize=700%2C400&ssl=1 2x, https:\/\/i0.wp.com\/sarimelekler.biz\/wp-content\/uploads\/2021\/04\/Vargas-Veda-1-scaled.jpg?resize=1050%2C600&ssl=1 3x, https:\/\/i0.wp.com\/sarimelekler.biz\/wp-content\/uploads\/2021\/04\/Vargas-Veda-1-scaled.jpg?resize=1400%2C800&ssl=1 4x"},"classes":[]}],"_links":{"self":[{"href":"https:\/\/sarimelekler.biz\/index.php?rest_route=\/wp\/v2\/posts\/20954","targetHints":{"allow":["GET"]}}],"collection":[{"href":"https:\/\/sarimelekler.biz\/index.php?rest_route=\/wp\/v2\/posts"}],"about":[{"href":"https:\/\/sarimelekler.biz\/index.php?rest_route=\/wp\/v2\/types\/post"}],"author":[{"embeddable":true,"href":"https:\/\/sarimelekler.biz\/index.php?rest_route=\/wp\/v2\/users\/1"}],"replies":[{"embeddable":true,"href":"https:\/\/sarimelekler.biz\/index.php?rest_route=%2Fwp%2Fv2%2Fcomments&post=20954"}],"version-history":[{"count":4,"href":"https:\/\/sarimelekler.biz\/index.php?rest_route=\/wp\/v2\/posts\/20954\/revisions"}],"predecessor-version":[{"id":20959,"href":"https:\/\/sarimelekler.biz\/index.php?rest_route=\/wp\/v2\/posts\/20954\/revisions\/20959"}],"wp:featuredmedia":[{"embeddable":true,"href":"https:\/\/sarimelekler.biz\/index.php?rest_route=\/wp\/v2\/media\/20956"}],"wp:attachment":[{"href":"https:\/\/sarimelekler.biz\/index.php?rest_route=%2Fwp%2Fv2%2Fmedia&parent=20954"}],"wp:term":[{"taxonomy":"category","embeddable":true,"href":"https:\/\/sarimelekler.biz\/index.php?rest_route=%2Fwp%2Fv2%2Fcategories&post=20954"},{"taxonomy":"post_tag","embeddable":true,"href":"https:\/\/sarimelekler.biz\/index.php?rest_route=%2Fwp%2Fv2%2Ftags&post=20954"}],"curies":[{"name":"wp","href":"https:\/\/api.w.org\/{rel}","templated":true}]}}