{"id":20988,"date":"2024-07-17T20:04:00","date_gmt":"2024-07-17T17:04:00","guid":{"rendered":"https:\/\/sarimelekler.biz\/?p=20988"},"modified":"2024-09-28T20:12:14","modified_gmt":"2024-09-28T17:12:14","slug":"takimimizda-dis-transfer-tamamlandi","status":"publish","type":"post","link":"https:\/\/sarimelekler.biz\/?p=20988","title":{"rendered":"Tak\u0131m\u0131m\u0131zda D\u0131\u015f Transfer Tamamland\u0131"},"content":{"rendered":"<p style=\"text-align: justify;\"><span style=\"font-size: 18px;\">Tak\u0131m\u0131m\u0131z d\u0131\u015f transfere Ba\u015fantren\u00f6rl\u00fck g\u00f6revi i\u00e7in 1970 do\u011fumlu \u0130talyan Marco Fenoglio ile anla\u015fma sa\u011flayarak ba\u015flad\u0131. Daha sonra ise Sma\u00e7\u00f6rler Elitsa Atanasijevic ve Liza Safronova, Libero \u00d6zlem G\u00fcven, Pas\u00f6r Arelya Karasoy ile ayn\u0131 zamanda eski oyuncular\u0131m\u0131z da olan Orta Oyuncular Dicle Nur Babat, ve Hristina Vuchkova\u2019y\u0131 kadrosuna katt\u0131. Ba\u015fantren\u00f6r\u00fcm\u00fcz ve oyuncular\u0131m\u0131za ba\u015far\u0131 ve \u015fampiyonluklarla dolu y\u0131llar diliyoruz.<\/span><\/p>\n<p>Kaynak: \u00a0Fenerbah\u00e7e SK Resmi \u0130nternet Sitesi\u00a0\u00a0<a href=\"https:\/\/www.fenerbahce.org\/haberler\/voleybol-kadin\/2024\/7\/ailemize-hos-geldin-marco-fenoglio\" target=\"_blank\" rel=\"noopener\">1<\/a>\u00a0\u2013\u00a0<a href=\"https:\/\/www.fenerbahce.org\/haberler\/voleybol-kadin\/2024\/7\/fenerbahce-medicana-kadin-voleybol-takimimiz-kadrosunu-onemli-isimlerle-guclendirdi\" target=\"_blank\" rel=\"noopener\">2<\/a> &#8211; <a href=\"https:\/\/www.fenerbahce.org\/haberler\/voleybol-kadin\/2024\/7\/liza-safronova-yi-kadrosuna-katan-fenerbahce-medicana-magdalena-stysiak-ile-de-1-yil-sozlesme-uzatt\" target=\"_blank\" rel=\"noopener\">3<\/a><\/p>\n<p style=\"text-align: right;\">17\/07\/2024<\/p>\n","protected":false},"excerpt":{"rendered":"<p>Tak\u0131m\u0131m\u0131z d\u0131\u015f transfere Ba\u015fantren\u00f6rl\u00fck g\u00f6revi i\u00e7in 1970 do\u011fumlu \u0130talyan Marco \u2026 <a class=\"continue-reading-link\" href=\"https:\/\/sarimelekler.biz\/?p=20988\">Okumaya Devam Et.. <span class=\"meta-nav\">&rarr; <\/span><\/a><\/p>\n","protected":false},"author":1,"featured_media":20989,"comment_status":"closed","ping_status":"open","sticky":false,"template":"","format":"standard","meta":{"jetpack_post_was_ever_published":false,"_jetpack_newsletter_access":"","_jetpack_dont_email_post_to_subs":false,"_jetpack_newsletter_tier_id":0,"_jetpack_memberships_contains_paywalled_content":false,"_jetpack_memberships_contains_paid_content":false,"footnotes":"","jetpack_publicize_message":"","jetpack_publicize_feature_enabled":true,"jetpack_social_post_already_shared":true,"jetpack_social_options":{"image_generator_settings":{"template":"highway","default_image_id":0,"font":"","enabled":false},"version":2}},"categories":[23],"tags":[],"class_list":["post-20988","post","type-post","status-publish","format-standard","has-post-thumbnail","hentry","category-transfer-haberleri"],"jetpack_publicize_connections":[],"jetpack_featured_media_url":"https:\/\/sarimelekler.biz\/wp-content\/uploads\/2024\/09\/Medicana-Logo.jpg","jetpack_sharing_enabled":true,"jetpack_shortlink":"https:\/\/wp.me\/p8npUZ-5sw","jetpack-related-posts":[{"id":18754,"url":"https:\/\/sarimelekler.biz\/?p=18754","url_meta":{"origin":20988,"position":0},"title":"Melissa Vargas \u00c7in Liginin Bitmesinden Sonra Tak\u0131ma Geri D\u00f6nd\u00fc","author":"Edit\u00f6r","date":"15 Ocak 2023","format":false,"excerpt":"Fenerbah\u00e7e Opet Kad\u0131n Voleybol Tak\u0131m\u0131m\u0131z\u0131n ba\u015far\u0131l\u0131 oyuncusu Melissa Vargas 21-22 T\u00fcrkiye Liginin bitmesinden sonra transfer oldu\u011fu \u00c7in Liginde bitmesinden sonra kul\u00fcb\u00fcm\u00fcze geri d\u00f6nd\u00fc. Vargas\u2019a Ba\u015far\u0131l\u0131 bir sezon dileriz. Kul\u00fcb\u00fcm\u00fcz\u00fcn Resmi Sitesinden yap\u0131lan a\u00e7\u0131klama: Fenerbah\u00e7e Opet Kad\u0131n Voleybol Tak\u0131m\u0131m\u0131z\u0131n oyuncusu Melissa Vargas, \u00c7in Ligi\u2019nin sona ermesiyle birlikte \u0130stanbul\u2019a geri d\u00f6nd\u00fc. K\u00fcba\u2026","rel":"","context":"&quot;Transfer Haberleri&quot; i\u00e7inde","block_context":{"text":"Transfer Haberleri","link":"https:\/\/sarimelekler.biz\/?cat=23"},"img":{"alt_text":"","src":"https:\/\/i0.wp.com\/sarimelekler.biz\/wp-content\/uploads\/2023\/02\/Vargas-2023-1-scaled.jpg?resize=350%2C200&ssl=1","width":350,"height":200,"srcset":"https:\/\/i0.wp.com\/sarimelekler.biz\/wp-content\/uploads\/2023\/02\/Vargas-2023-1-scaled.jpg?resize=350%2C200&ssl=1 1x, https:\/\/i0.wp.com\/sarimelekler.biz\/wp-content\/uploads\/2023\/02\/Vargas-2023-1-scaled.jpg?resize=525%2C300&ssl=1 1.5x, https:\/\/i0.wp.com\/sarimelekler.biz\/wp-content\/uploads\/2023\/02\/Vargas-2023-1-scaled.jpg?resize=700%2C400&ssl=1 2x, https:\/\/i0.wp.com\/sarimelekler.biz\/wp-content\/uploads\/2023\/02\/Vargas-2023-1-scaled.jpg?resize=1050%2C600&ssl=1 3x, https:\/\/i0.wp.com\/sarimelekler.biz\/wp-content\/uploads\/2023\/02\/Vargas-2023-1-scaled.jpg?resize=1400%2C800&ssl=1 4x"},"classes":[]},{"id":6443,"url":"https:\/\/sarimelekler.biz\/?p=6443","url_meta":{"origin":20988,"position":1},"title":"Kul\u00fcb\u00fcm\u00fczde Bayramla\u015fma T\u00f6reni Yap\u0131ld\u0131","author":"Edit\u00f6r","date":"17 Haziran 2018","format":false,"excerpt":"Fenerbah\u00e7e Spor Kul\u00fcb\u00fcm\u00fcz geleneksel bayramla\u015fma t\u00f6reni, Ramazan Bayram\u0131n\u0131n 3. g\u00fcn\u00fc, Fenerbah\u00e7e Faruk Ilgaz Tesisleri\u2019nde ger\u00e7ekle\u015ftirildi. T\u00f6rene tak\u0131m\u0131m\u0131z oyuncular\u0131ndan Merve Dalbeler, Polen Uslupehlivan ve Melis Y\u0131lmaz\u2019\u0131n yan\u0131 s\u0131ra yeni transferimiz S\u0131la \u00c7al\u0131\u015fkan'da kat\u0131ld\u0131. Ayr\u0131ca antren\u00f6r\u00fcm\u00fcz Salih Tavac\u0131, idari menajerimiz Abdullah Pa\u015fao\u011flu ve D\u0131\u015f ili\u015fkiler ve Organizasyon Direkt\u00f6r\u00fcm\u00fcz Ayb\u00fcke Turan\u2019da bu t\u00f6rende\u2026","rel":"","context":"&quot;Haberler&quot; i\u00e7inde","block_context":{"text":"Haberler","link":"https:\/\/sarimelekler.biz\/?cat=7"},"img":{"alt_text":"","src":"https:\/\/i0.wp.com\/sarimelekler.biz\/wp-content\/uploads\/2018\/06\/kapak-bayram.jpg?resize=350%2C200&ssl=1","width":350,"height":200,"srcset":"https:\/\/i0.wp.com\/sarimelekler.biz\/wp-content\/uploads\/2018\/06\/kapak-bayram.jpg?resize=350%2C200&ssl=1 1x, https:\/\/i0.wp.com\/sarimelekler.biz\/wp-content\/uploads\/2018\/06\/kapak-bayram.jpg?resize=525%2C300&ssl=1 1.5x, https:\/\/i0.wp.com\/sarimelekler.biz\/wp-content\/uploads\/2018\/06\/kapak-bayram.jpg?resize=700%2C400&ssl=1 2x"},"classes":[]},{"id":6370,"url":"https:\/\/sarimelekler.biz\/?p=6370","url_meta":{"origin":20988,"position":2},"title":"Transfer G\u00fcndemi (Son G\u00fcncelleme 17.06.2018)","author":"Edit\u00f6r","date":"17 Haziran 2018","format":false,"excerpt":"2017-2018 Sezonu Vestel Ven\u00fcs Sultanlar Ligini 3. olarak tak\u0131m\u0131m\u0131zda 2018-2019 sezonu transfer \u00e7al\u0131\u015fmalar\u0131 devam ediyor. \u00d6ncelikle tak\u0131m\u0131m\u0131zdan ayr\u0131lan oyuncular\u0131m\u0131za emekleri i\u00e7in te\u015fekk\u00fcr eder, spor hayatlar\u0131nda ba\u015far\u0131lar dileriz. Tak\u0131m\u0131m\u0131za yeni kat\u0131lan oyuncular\u0131m\u0131za sakatl\u0131ks\u0131z bol kupal\u0131 bir sezon dileriz. Mevcut Kadromuzda devam eden oyuncular: Melis Y\u0131lmaz, Merve Dalbeler, Ezgi Da\u011fdelenler, Beliz Ba\u015fk\u0131r,\u2026","rel":"","context":"&quot;Haberler&quot; i\u00e7inde","block_context":{"text":"Haberler","link":"https:\/\/sarimelekler.biz\/?cat=7"},"img":{"alt_text":"","src":"https:\/\/i0.wp.com\/sarimelekler.biz\/wp-content\/uploads\/2018\/04\/de6p8367_59960_6844336.jpg?resize=350%2C200&ssl=1","width":350,"height":200,"srcset":"https:\/\/i0.wp.com\/sarimelekler.biz\/wp-content\/uploads\/2018\/04\/de6p8367_59960_6844336.jpg?resize=350%2C200&ssl=1 1x, https:\/\/i0.wp.com\/sarimelekler.biz\/wp-content\/uploads\/2018\/04\/de6p8367_59960_6844336.jpg?resize=525%2C300&ssl=1 1.5x, https:\/\/i0.wp.com\/sarimelekler.biz\/wp-content\/uploads\/2018\/04\/de6p8367_59960_6844336.jpg?resize=700%2C400&ssl=1 2x, https:\/\/i0.wp.com\/sarimelekler.biz\/wp-content\/uploads\/2018\/04\/de6p8367_59960_6844336.jpg?resize=1050%2C600&ssl=1 3x, https:\/\/i0.wp.com\/sarimelekler.biz\/wp-content\/uploads\/2018\/04\/de6p8367_59960_6844336.jpg?resize=1400%2C800&ssl=1 4x"},"classes":[]},{"id":22015,"url":"https:\/\/sarimelekler.biz\/?p=22015","url_meta":{"origin":20988,"position":3},"title":"2025-26 SEZONU BA\u015eLIYOR","author":"Edit\u00f6r","date":"8 Ekim 2025","format":false,"excerpt":"2024-25 Sezon Bitimiyle beraber tak\u0131m\u0131m\u0131zdan Meliha Diken, Dicle Nur Babat, Magdalena Stysiak, Hristina Vuchkova, Bojana Dr\u010da, Elitsa Atanasijevi\u0107 ve \u00d6zlem G\u00fcven\u2019in ayr\u0131ld\u0131\u011f\u0131 01\/06\/2025 g\u00fcn\u00fc kul\u00fcb\u00fcm\u00fcz\u00fcn resmi sitesinden a\u00e7\u0131kland\u0131. Bizde kendilerine emekleri i\u00e7in te\u015fekk\u00fcr eder, sakatl\u0131ks\u0131z bir spor ya\u015fant\u0131s\u0131 dileriz. Tak\u0131m\u0131m\u0131z 2025-26 sezonu kadro yap\u0131lanmas\u0131 kapsam\u0131nda i\u00e7 transferde Arelya Karasoy ile\u2026","rel":"","context":"&quot;Haberler&quot; i\u00e7inde","block_context":{"text":"Haberler","link":"https:\/\/sarimelekler.biz\/?cat=7"},"img":{"alt_text":"","src":"https:\/\/i0.wp.com\/sarimelekler.biz\/wp-content\/uploads\/2025\/10\/Sardegna-Turnuvasi-4.jpg?resize=350%2C200&ssl=1","width":350,"height":200,"srcset":"https:\/\/i0.wp.com\/sarimelekler.biz\/wp-content\/uploads\/2025\/10\/Sardegna-Turnuvasi-4.jpg?resize=350%2C200&ssl=1 1x, https:\/\/i0.wp.com\/sarimelekler.biz\/wp-content\/uploads\/2025\/10\/Sardegna-Turnuvasi-4.jpg?resize=525%2C300&ssl=1 1.5x, https:\/\/i0.wp.com\/sarimelekler.biz\/wp-content\/uploads\/2025\/10\/Sardegna-Turnuvasi-4.jpg?resize=700%2C400&ssl=1 2x, https:\/\/i0.wp.com\/sarimelekler.biz\/wp-content\/uploads\/2025\/10\/Sardegna-Turnuvasi-4.jpg?resize=1050%2C600&ssl=1 3x"},"classes":[]},{"id":6460,"url":"https:\/\/sarimelekler.biz\/?p=6460","url_meta":{"origin":20988,"position":4},"title":"Tak\u0131m\u0131m\u0131z\u0131n Yeni Transferleri A\u00e7\u0131kland\u0131.","author":"Edit\u00f6r","date":"29 Haziran 2018","format":false,"excerpt":"Fenerbah\u00e7e Spor Kul\u00fcb\u00fcm\u00fczde g\u00f6rev da\u011f\u0131l\u0131m\u0131n\u0131n yap\u0131lmas\u0131ndan sonra bayan voleybol tak\u0131m\u0131m\u0131z\u0131n yeni transferlerini kul\u00fcb\u00fcm\u00fcz\u00fcn resmi internet sitesinden a\u00e7\u0131klad\u0131. Yap\u0131lan a\u00e7\u0131klamada: Ba\u015fantren\u00f6r g\u00f6revi i\u00e7in S\u0131rp Zoran Terzic ile, Volero Zurih\u2019in 1987 do\u011fumlu, 185 cm boyundaki S\u0131rp pas\u00f6r\u00fc Ana Antonijevic ile, Seramiksan\u2019\u0131n 1996 do\u011fumlu ve 185 cm boyundaki pas\u00f6r\u00fc S\u0131la \u00c7al\u0131\u015fkan ile, Volero\u2026","rel":"","context":"&quot;Avrupa Kupalar\u0131&quot; i\u00e7inde","block_context":{"text":"Avrupa Kupalar\u0131","link":"https:\/\/sarimelekler.biz\/?cat=1"},"img":{"alt_text":"","src":"https:\/\/i0.wp.com\/sarimelekler.biz\/wp-content\/uploads\/2018\/06\/yeni-trasferler2.jpg?resize=350%2C200&ssl=1","width":350,"height":200,"srcset":"https:\/\/i0.wp.com\/sarimelekler.biz\/wp-content\/uploads\/2018\/06\/yeni-trasferler2.jpg?resize=350%2C200&ssl=1 1x, https:\/\/i0.wp.com\/sarimelekler.biz\/wp-content\/uploads\/2018\/06\/yeni-trasferler2.jpg?resize=525%2C300&ssl=1 1.5x, https:\/\/i0.wp.com\/sarimelekler.biz\/wp-content\/uploads\/2018\/06\/yeni-trasferler2.jpg?resize=700%2C400&ssl=1 2x"},"classes":[]},{"id":22518,"url":"https:\/\/sarimelekler.biz\/?p=22518","url_meta":{"origin":20988,"position":5},"title":"Sude Hac\u0131mustafao\u011flu Tak\u0131m\u0131m\u0131za Transfer Oldu","author":"Edit\u00f6r","date":"16 Ocak 2026","format":false,"excerpt":"Liza Safronova\u2019n\u0131n tak\u0131m\u0131m\u0131zdan ayr\u0131lmas\u0131ndan sonra olu\u015fan sma\u00e7\u00f6r eksikli\u011fi G\u00f6ztepe tak\u0131m\u0131nda oynayan 25.03.2002 do\u011fumlu Sude Hac\u0131mustafao\u011flu ile tamamland\u0131. Kul\u00fcb\u00fcm\u00fcz\u00fcn resmi internet sitesinde yap\u0131lan a\u00e7\u0131klama \u015f\u00f6yle: Fenerbah\u00e7e Medicana Kad\u0131n Voleybol Tak\u0131m\u0131m\u0131z, gen\u00e7 sma\u00e7\u00f6r Sude Hac\u0131mustafao\u011flu\u2019nu kadrosuna katt\u0131. 2018-2019 sezonunda Geli\u015fim Koleji SK ile profesyonel kariyerine ba\u015flayan gen\u00e7 oyuncu s\u0131ras\u0131yla; Galatasaray II, ME\u2026","rel":"","context":"&quot;Transfer Haberleri&quot; i\u00e7inde","block_context":{"text":"Transfer Haberleri","link":"https:\/\/sarimelekler.biz\/?cat=23"},"img":{"alt_text":"","src":"https:\/\/i0.wp.com\/sarimelekler.biz\/wp-content\/uploads\/2026\/02\/Sude-Hacimustafaoglu.jpg?resize=350%2C200&ssl=1","width":350,"height":200,"srcset":"https:\/\/i0.wp.com\/sarimelekler.biz\/wp-content\/uploads\/2026\/02\/Sude-Hacimustafaoglu.jpg?resize=350%2C200&ssl=1 1x, https:\/\/i0.wp.com\/sarimelekler.biz\/wp-content\/uploads\/2026\/02\/Sude-Hacimustafaoglu.jpg?resize=525%2C300&ssl=1 1.5x, https:\/\/i0.wp.com\/sarimelekler.biz\/wp-content\/uploads\/2026\/02\/Sude-Hacimustafaoglu.jpg?resize=700%2C400&ssl=1 2x, https:\/\/i0.wp.com\/sarimelekler.biz\/wp-content\/uploads\/2026\/02\/Sude-Hacimustafaoglu.jpg?resize=1050%2C600&ssl=1 3x"},"classes":[]}],"_links":{"self":[{"href":"https:\/\/sarimelekler.biz\/index.php?rest_route=\/wp\/v2\/posts\/20988","targetHints":{"allow":["GET"]}}],"collection":[{"href":"https:\/\/sarimelekler.biz\/index.php?rest_route=\/wp\/v2\/posts"}],"about":[{"href":"https:\/\/sarimelekler.biz\/index.php?rest_route=\/wp\/v2\/types\/post"}],"author":[{"embeddable":true,"href":"https:\/\/sarimelekler.biz\/index.php?rest_route=\/wp\/v2\/users\/1"}],"replies":[{"embeddable":true,"href":"https:\/\/sarimelekler.biz\/index.php?rest_route=%2Fwp%2Fv2%2Fcomments&post=20988"}],"version-history":[{"count":2,"href":"https:\/\/sarimelekler.biz\/index.php?rest_route=\/wp\/v2\/posts\/20988\/revisions"}],"predecessor-version":[{"id":20991,"href":"https:\/\/sarimelekler.biz\/index.php?rest_route=\/wp\/v2\/posts\/20988\/revisions\/20991"}],"wp:featuredmedia":[{"embeddable":true,"href":"https:\/\/sarimelekler.biz\/index.php?rest_route=\/wp\/v2\/media\/20989"}],"wp:attachment":[{"href":"https:\/\/sarimelekler.biz\/index.php?rest_route=%2Fwp%2Fv2%2Fmedia&parent=20988"}],"wp:term":[{"taxonomy":"category","embeddable":true,"href":"https:\/\/sarimelekler.biz\/index.php?rest_route=%2Fwp%2Fv2%2Fcategories&post=20988"},{"taxonomy":"post_tag","embeddable":true,"href":"https:\/\/sarimelekler.biz\/index.php?rest_route=%2Fwp%2Fv2%2Ftags&post=20988"}],"curies":[{"name":"wp","href":"https:\/\/api.w.org\/{rel}","templated":true}]}}