{"id":21026,"date":"2024-09-09T23:49:00","date_gmt":"2024-09-09T20:49:00","guid":{"rendered":"https:\/\/sarimelekler.biz\/?p=21026"},"modified":"2024-09-29T12:10:16","modified_gmt":"2024-09-29T09:10:16","slug":"fenerbahce-kadin-voleybol-takimimiz-70-yasinda","status":"publish","type":"post","link":"https:\/\/sarimelekler.biz\/?p=21026","title":{"rendered":"Fenerbah\u00e7e Kad\u0131n Voleybol Tak\u0131m\u0131m\u0131z 70 ya\u015f\u0131nda!"},"content":{"rendered":"<p style=\"text-align: justify;\"><span style=\"font-size: 18px;\">1954 y\u0131l\u0131nda kurulan ve ulusal-uluslararas\u0131 arenada tarihi ba\u015far\u0131lara imza atan Fenerbah\u00e7e Medicana Kad\u0131n Voleybol Tak\u0131m\u0131m\u0131z\u0131n 70. y\u0131l d\u00f6n\u00fcm\u00fc d\u00fczenlenen \u00f6zel geceyle kutland\u0131.<\/span><\/p>\n<p style=\"text-align: justify;\"><span style=\"font-size: 18px;\">Fenerbah\u00e7e Faruk Ilgaz Tesislerimizde organize edilen galaya Ba\u015fkan\u0131m\u0131z Ali Y. Ko\u00e7, T\u00fcrkiye Voleybol Federasyonu Ba\u015fkan\u0131 Mehmet Akif \u00dcst\u00fcnda\u011f, yeni ve eski Y\u00f6netim Kurulu \u00dcyelerimiz, sponsorlar\u0131m\u0131z, Fenerbah\u00e7e Medicana Voleybol Tak\u0131mlar\u0131m\u0131z\u0131n teknik idari ve sporcular\u0131, Fenerbah\u00e7e tarihine ad\u0131n\u0131 alt\u0131n harflerle yazd\u0131ran eski sporcular\u0131m\u0131z ve konuklar\u0131m\u0131z kat\u0131ld\u0131.<\/span><\/p>\n\n\t\t<style type=\"text\/css\">\n\t\t\t#gallery-1 {\n\t\t\t\tmargin: auto;\n\t\t\t}\n\t\t\t#gallery-1 .gallery-item {\n\t\t\t\tfloat: left;\n\t\t\t\tmargin-top: 10px;\n\t\t\t\ttext-align: center;\n\t\t\t\twidth: 20%;\n\t\t\t}\n\t\t\t#gallery-1 img {\n\t\t\t\tborder: 2px solid #cfcfcf;\n\t\t\t}\n\t\t\t#gallery-1 .gallery-caption {\n\t\t\t\tmargin-left: 0;\n\t\t\t}\n\t\t\t\/* see gallery_shortcode() in wp-includes\/media.php *\/\n\t\t<\/style>\n\t\t<div data-carousel-extra='{&quot;blog_id&quot;:1,&quot;permalink&quot;:&quot;https:\/\/sarimelekler.biz\/?p=21026&quot;}' id='gallery-1' class='gallery galleryid-21026 gallery-columns-5 gallery-size-thumbnail'><dl class='gallery-item'>\n\t\t\t<dt class='gallery-icon landscape'>\n\t\t\t\t<a href='https:\/\/sarimelekler.biz\/?attachment_id=21027'><img loading=\"lazy\" decoding=\"async\" width=\"150\" height=\"150\" src=\"https:\/\/sarimelekler.biz\/wp-content\/uploads\/2024\/09\/70.-Yil-Kutlamasi-1-150x150.jpg\" class=\"attachment-thumbnail size-thumbnail\" alt=\"\" data-attachment-id=\"21027\" data-permalink=\"https:\/\/sarimelekler.biz\/?attachment_id=21027\" data-orig-file=\"https:\/\/sarimelekler.biz\/wp-content\/uploads\/2024\/09\/70.-Yil-Kutlamasi-1-scaled.jpg\" data-orig-size=\"2560,1450\" data-comments-opened=\"0\" data-image-meta=\"{&quot;aperture&quot;:&quot;9&quot;,&quot;credit&quot;:&quot;BURAK SALTIK&quot;,&quot;camera&quot;:&quot;Canon EOS R3&quot;,&quot;caption&quot;:&quot;&quot;,&quot;created_timestamp&quot;:&quot;1725921679&quot;,&quot;copyright&quot;:&quot;www.fenerbahce.org&quot;,&quot;focal_length&quot;:&quot;36&quot;,&quot;iso&quot;:&quot;2500&quot;,&quot;shutter_speed&quot;:&quot;0.008&quot;,&quot;title&quot;:&quot;&quot;,&quot;orientation&quot;:&quot;1&quot;}\" data-image-title=\"70. Y\u0131l Kutlamas\u0131 (1)\" data-image-description=\"\" data-image-caption=\"\" data-large-file=\"https:\/\/sarimelekler.biz\/wp-content\/uploads\/2024\/09\/70.-Yil-Kutlamasi-1-1024x580.jpg\" \/><\/a>\n\t\t\t<\/dt><\/dl><dl class='gallery-item'>\n\t\t\t<dt class='gallery-icon landscape'>\n\t\t\t\t<a href='https:\/\/sarimelekler.biz\/?attachment_id=21028'><img loading=\"lazy\" decoding=\"async\" width=\"150\" height=\"150\" src=\"https:\/\/sarimelekler.biz\/wp-content\/uploads\/2024\/09\/70.-Yil-Kutlamasi-2-150x150.jpg\" class=\"attachment-thumbnail size-thumbnail\" alt=\"\" data-attachment-id=\"21028\" data-permalink=\"https:\/\/sarimelekler.biz\/?attachment_id=21028\" data-orig-file=\"https:\/\/sarimelekler.biz\/wp-content\/uploads\/2024\/09\/70.-Yil-Kutlamasi-2-scaled.jpg\" data-orig-size=\"2560,1809\" data-comments-opened=\"0\" data-image-meta=\"{&quot;aperture&quot;:&quot;5&quot;,&quot;credit&quot;:&quot;BURAK SALTIK&quot;,&quot;camera&quot;:&quot;Canon EOS R3&quot;,&quot;caption&quot;:&quot;&quot;,&quot;created_timestamp&quot;:&quot;1725908734&quot;,&quot;copyright&quot;:&quot;www.fenerbahce.org&quot;,&quot;focal_length&quot;:&quot;40&quot;,&quot;iso&quot;:&quot;400&quot;,&quot;shutter_speed&quot;:&quot;0.005&quot;,&quot;title&quot;:&quot;&quot;,&quot;orientation&quot;:&quot;1&quot;}\" data-image-title=\"70. Y\u0131l Kutlamas\u0131 (2)\" data-image-description=\"\" data-image-caption=\"\" data-large-file=\"https:\/\/sarimelekler.biz\/wp-content\/uploads\/2024\/09\/70.-Yil-Kutlamasi-2-1024x724.jpg\" \/><\/a>\n\t\t\t<\/dt><\/dl><dl class='gallery-item'>\n\t\t\t<dt class='gallery-icon landscape'>\n\t\t\t\t<a href='https:\/\/sarimelekler.biz\/?attachment_id=21029'><img loading=\"lazy\" decoding=\"async\" width=\"150\" height=\"150\" src=\"https:\/\/sarimelekler.biz\/wp-content\/uploads\/2024\/09\/70.-Yil-Kutlamasi-3-150x150.jpg\" class=\"attachment-thumbnail size-thumbnail\" alt=\"\" data-attachment-id=\"21029\" data-permalink=\"https:\/\/sarimelekler.biz\/?attachment_id=21029\" data-orig-file=\"https:\/\/sarimelekler.biz\/wp-content\/uploads\/2024\/09\/70.-Yil-Kutlamasi-3-scaled.jpg\" data-orig-size=\"2560,1726\" data-comments-opened=\"0\" data-image-meta=\"{&quot;aperture&quot;:&quot;5.6&quot;,&quot;credit&quot;:&quot;BURAK SALTIK&quot;,&quot;camera&quot;:&quot;Canon EOS R3&quot;,&quot;caption&quot;:&quot;&quot;,&quot;created_timestamp&quot;:&quot;1725913541&quot;,&quot;copyright&quot;:&quot;www.fenerbahce.org&quot;,&quot;focal_length&quot;:&quot;168&quot;,&quot;iso&quot;:&quot;1000&quot;,&quot;shutter_speed&quot;:&quot;0.00625&quot;,&quot;title&quot;:&quot;&quot;,&quot;orientation&quot;:&quot;1&quot;}\" data-image-title=\"70. Y\u0131l Kutlamas\u0131 (3)\" data-image-description=\"\" data-image-caption=\"\" data-large-file=\"https:\/\/sarimelekler.biz\/wp-content\/uploads\/2024\/09\/70.-Yil-Kutlamasi-3-1024x690.jpg\" \/><\/a>\n\t\t\t<\/dt><\/dl><dl class='gallery-item'>\n\t\t\t<dt class='gallery-icon landscape'>\n\t\t\t\t<a href='https:\/\/sarimelekler.biz\/?attachment_id=21030'><img loading=\"lazy\" decoding=\"async\" width=\"150\" height=\"150\" src=\"https:\/\/sarimelekler.biz\/wp-content\/uploads\/2024\/09\/70.-Yil-Kutlamasi-4-150x150.jpg\" class=\"attachment-thumbnail size-thumbnail\" alt=\"\" data-attachment-id=\"21030\" data-permalink=\"https:\/\/sarimelekler.biz\/?attachment_id=21030\" data-orig-file=\"https:\/\/sarimelekler.biz\/wp-content\/uploads\/2024\/09\/70.-Yil-Kutlamasi-4-scaled.jpg\" data-orig-size=\"2560,1686\" data-comments-opened=\"0\" data-image-meta=\"{&quot;aperture&quot;:&quot;3.2&quot;,&quot;credit&quot;:&quot;BURAK SALTIK&quot;,&quot;camera&quot;:&quot;Canon EOS R3&quot;,&quot;caption&quot;:&quot;&quot;,&quot;created_timestamp&quot;:&quot;1725910474&quot;,&quot;copyright&quot;:&quot;www.fenerbahce.org&quot;,&quot;focal_length&quot;:&quot;39&quot;,&quot;iso&quot;:&quot;1000&quot;,&quot;shutter_speed&quot;:&quot;0.005&quot;,&quot;title&quot;:&quot;&quot;,&quot;orientation&quot;:&quot;1&quot;}\" data-image-title=\"70. Y\u0131l Kutlamas\u0131 (4)\" data-image-description=\"\" data-image-caption=\"\" data-large-file=\"https:\/\/sarimelekler.biz\/wp-content\/uploads\/2024\/09\/70.-Yil-Kutlamasi-4-1024x675.jpg\" \/><\/a>\n\t\t\t<\/dt><\/dl><dl class='gallery-item'>\n\t\t\t<dt class='gallery-icon landscape'>\n\t\t\t\t<a href='https:\/\/sarimelekler.biz\/?attachment_id=21031'><img loading=\"lazy\" decoding=\"async\" width=\"150\" height=\"150\" src=\"https:\/\/sarimelekler.biz\/wp-content\/uploads\/2024\/09\/70.-Yil-Kutlamasi-5-150x150.jpg\" class=\"attachment-thumbnail size-thumbnail\" alt=\"\" data-attachment-id=\"21031\" data-permalink=\"https:\/\/sarimelekler.biz\/?attachment_id=21031\" data-orig-file=\"https:\/\/sarimelekler.biz\/wp-content\/uploads\/2024\/09\/70.-Yil-Kutlamasi-5-scaled.jpg\" data-orig-size=\"2560,1401\" data-comments-opened=\"0\" data-image-meta=\"{&quot;aperture&quot;:&quot;4&quot;,&quot;credit&quot;:&quot;BURAK SALTIK&quot;,&quot;camera&quot;:&quot;Canon EOS R3&quot;,&quot;caption&quot;:&quot;&quot;,&quot;created_timestamp&quot;:&quot;1725918782&quot;,&quot;copyright&quot;:&quot;www.fenerbahce.org&quot;,&quot;focal_length&quot;:&quot;24&quot;,&quot;iso&quot;:&quot;2000&quot;,&quot;shutter_speed&quot;:&quot;0.01&quot;,&quot;title&quot;:&quot;&quot;,&quot;orientation&quot;:&quot;1&quot;}\" data-image-title=\"70. Y\u0131l Kutlamas\u0131 (5)\" data-image-description=\"\" data-image-caption=\"\" data-large-file=\"https:\/\/sarimelekler.biz\/wp-content\/uploads\/2024\/09\/70.-Yil-Kutlamasi-5-1024x560.jpg\" \/><\/a>\n\t\t\t<\/dt><\/dl><br style=\"clear: both\" \/><dl class='gallery-item'>\n\t\t\t<dt class='gallery-icon landscape'>\n\t\t\t\t<a href='https:\/\/sarimelekler.biz\/?attachment_id=21032'><img loading=\"lazy\" decoding=\"async\" width=\"150\" height=\"150\" src=\"https:\/\/sarimelekler.biz\/wp-content\/uploads\/2024\/09\/70.-Yil-Kutlamasi-6-150x150.jpg\" class=\"attachment-thumbnail size-thumbnail\" alt=\"\" data-attachment-id=\"21032\" data-permalink=\"https:\/\/sarimelekler.biz\/?attachment_id=21032\" data-orig-file=\"https:\/\/sarimelekler.biz\/wp-content\/uploads\/2024\/09\/70.-Yil-Kutlamasi-6-scaled.jpg\" data-orig-size=\"2560,1430\" data-comments-opened=\"0\" data-image-meta=\"{&quot;aperture&quot;:&quot;5.6&quot;,&quot;credit&quot;:&quot;BURAK SALTIK&quot;,&quot;camera&quot;:&quot;Canon EOS R3&quot;,&quot;caption&quot;:&quot;&quot;,&quot;created_timestamp&quot;:&quot;1725919241&quot;,&quot;copyright&quot;:&quot;www.fenerbahce.org&quot;,&quot;focal_length&quot;:&quot;29&quot;,&quot;iso&quot;:&quot;2000&quot;,&quot;shutter_speed&quot;:&quot;0.01&quot;,&quot;title&quot;:&quot;&quot;,&quot;orientation&quot;:&quot;1&quot;}\" data-image-title=\"70. Y\u0131l Kutlamas\u0131 (6)\" data-image-description=\"\" data-image-caption=\"\" data-large-file=\"https:\/\/sarimelekler.biz\/wp-content\/uploads\/2024\/09\/70.-Yil-Kutlamasi-6-1024x572.jpg\" \/><\/a>\n\t\t\t<\/dt><\/dl><dl class='gallery-item'>\n\t\t\t<dt class='gallery-icon landscape'>\n\t\t\t\t<a href='https:\/\/sarimelekler.biz\/?attachment_id=21033'><img loading=\"lazy\" decoding=\"async\" width=\"150\" height=\"150\" src=\"https:\/\/sarimelekler.biz\/wp-content\/uploads\/2024\/09\/70.-Yil-Kutlamasi-7-150x150.jpg\" class=\"attachment-thumbnail size-thumbnail\" alt=\"\" data-attachment-id=\"21033\" data-permalink=\"https:\/\/sarimelekler.biz\/?attachment_id=21033\" data-orig-file=\"https:\/\/sarimelekler.biz\/wp-content\/uploads\/2024\/09\/70.-Yil-Kutlamasi-7-scaled.jpg\" data-orig-size=\"2560,1874\" data-comments-opened=\"0\" data-image-meta=\"{&quot;aperture&quot;:&quot;5&quot;,&quot;credit&quot;:&quot;BURAK SALTIK&quot;,&quot;camera&quot;:&quot;Canon EOS R3&quot;,&quot;caption&quot;:&quot;&quot;,&quot;created_timestamp&quot;:&quot;1725914720&quot;,&quot;copyright&quot;:&quot;www.fenerbahce.org&quot;,&quot;focal_length&quot;:&quot;28&quot;,&quot;iso&quot;:&quot;2000&quot;,&quot;shutter_speed&quot;:&quot;0.005&quot;,&quot;title&quot;:&quot;&quot;,&quot;orientation&quot;:&quot;1&quot;}\" data-image-title=\"70. Y\u0131l Kutlamas\u0131 (7)\" data-image-description=\"\" data-image-caption=\"\" data-large-file=\"https:\/\/sarimelekler.biz\/wp-content\/uploads\/2024\/09\/70.-Yil-Kutlamasi-7-1024x750.jpg\" \/><\/a>\n\t\t\t<\/dt><\/dl><dl class='gallery-item'>\n\t\t\t<dt class='gallery-icon landscape'>\n\t\t\t\t<a href='https:\/\/sarimelekler.biz\/?attachment_id=21034'><img loading=\"lazy\" decoding=\"async\" width=\"150\" height=\"150\" src=\"https:\/\/sarimelekler.biz\/wp-content\/uploads\/2024\/09\/70.-Yil-Kutlamasi-8-150x150.jpg\" class=\"attachment-thumbnail size-thumbnail\" alt=\"\" data-attachment-id=\"21034\" data-permalink=\"https:\/\/sarimelekler.biz\/?attachment_id=21034\" data-orig-file=\"https:\/\/sarimelekler.biz\/wp-content\/uploads\/2024\/09\/70.-Yil-Kutlamasi-8-scaled.jpg\" data-orig-size=\"2560,1227\" data-comments-opened=\"0\" data-image-meta=\"{&quot;aperture&quot;:&quot;5.6&quot;,&quot;credit&quot;:&quot;BURAK SALTIK&quot;,&quot;camera&quot;:&quot;Canon EOS R3&quot;,&quot;caption&quot;:&quot;&quot;,&quot;created_timestamp&quot;:&quot;1725920142&quot;,&quot;copyright&quot;:&quot;www.fenerbahce.org&quot;,&quot;focal_length&quot;:&quot;25&quot;,&quot;iso&quot;:&quot;2000&quot;,&quot;shutter_speed&quot;:&quot;0.01&quot;,&quot;title&quot;:&quot;&quot;,&quot;orientation&quot;:&quot;1&quot;}\" data-image-title=\"70. Y\u0131l Kutlamas\u0131 (8)\" data-image-description=\"\" data-image-caption=\"\" data-large-file=\"https:\/\/sarimelekler.biz\/wp-content\/uploads\/2024\/09\/70.-Yil-Kutlamasi-8-1024x491.jpg\" \/><\/a>\n\t\t\t<\/dt><\/dl><dl class='gallery-item'>\n\t\t\t<dt class='gallery-icon landscape'>\n\t\t\t\t<a href='https:\/\/sarimelekler.biz\/?attachment_id=21035'><img loading=\"lazy\" decoding=\"async\" width=\"150\" height=\"150\" src=\"https:\/\/sarimelekler.biz\/wp-content\/uploads\/2024\/09\/70.-Yil-Kutlamasi-9-150x150.jpg\" class=\"attachment-thumbnail size-thumbnail\" alt=\"\" data-attachment-id=\"21035\" data-permalink=\"https:\/\/sarimelekler.biz\/?attachment_id=21035\" data-orig-file=\"https:\/\/sarimelekler.biz\/wp-content\/uploads\/2024\/09\/70.-Yil-Kutlamasi-9-scaled.jpg\" data-orig-size=\"2560,1366\" data-comments-opened=\"0\" data-image-meta=\"{&quot;aperture&quot;:&quot;4&quot;,&quot;credit&quot;:&quot;BURAK SALTIK&quot;,&quot;camera&quot;:&quot;Canon EOS R3&quot;,&quot;caption&quot;:&quot;&quot;,&quot;created_timestamp&quot;:&quot;1725918407&quot;,&quot;copyright&quot;:&quot;www.fenerbahce.org&quot;,&quot;focal_length&quot;:&quot;26&quot;,&quot;iso&quot;:&quot;2000&quot;,&quot;shutter_speed&quot;:&quot;0.01&quot;,&quot;title&quot;:&quot;&quot;,&quot;orientation&quot;:&quot;1&quot;}\" data-image-title=\"70. Y\u0131l Kutlamas\u0131 (9)\" data-image-description=\"\" data-image-caption=\"\" data-large-file=\"https:\/\/sarimelekler.biz\/wp-content\/uploads\/2024\/09\/70.-Yil-Kutlamasi-9-1024x547.jpg\" \/><\/a>\n\t\t\t<\/dt><\/dl><dl class='gallery-item'>\n\t\t\t<dt class='gallery-icon landscape'>\n\t\t\t\t<a href='https:\/\/sarimelekler.biz\/?attachment_id=21036'><img loading=\"lazy\" decoding=\"async\" width=\"150\" height=\"150\" src=\"https:\/\/sarimelekler.biz\/wp-content\/uploads\/2024\/09\/70.-Yil-Kutlamasi-10-150x150.jpg\" class=\"attachment-thumbnail size-thumbnail\" alt=\"\" data-attachment-id=\"21036\" data-permalink=\"https:\/\/sarimelekler.biz\/?attachment_id=21036\" data-orig-file=\"https:\/\/sarimelekler.biz\/wp-content\/uploads\/2024\/09\/70.-Yil-Kutlamasi-10-scaled.jpg\" data-orig-size=\"2560,1693\" data-comments-opened=\"0\" data-image-meta=\"{&quot;aperture&quot;:&quot;5&quot;,&quot;credit&quot;:&quot;BURAK SALTIK&quot;,&quot;camera&quot;:&quot;Canon EOS R3&quot;,&quot;caption&quot;:&quot;&quot;,&quot;created_timestamp&quot;:&quot;1725908748&quot;,&quot;copyright&quot;:&quot;www.fenerbahce.org&quot;,&quot;focal_length&quot;:&quot;46&quot;,&quot;iso&quot;:&quot;400&quot;,&quot;shutter_speed&quot;:&quot;0.005&quot;,&quot;title&quot;:&quot;&quot;,&quot;orientation&quot;:&quot;1&quot;}\" data-image-title=\"70. Y\u0131l Kutlamas\u0131 (10)\" data-image-description=\"\" data-image-caption=\"\" data-large-file=\"https:\/\/sarimelekler.biz\/wp-content\/uploads\/2024\/09\/70.-Yil-Kutlamasi-10-1024x677.jpg\" \/><\/a>\n\t\t\t<\/dt><\/dl><br style=\"clear: both\" \/><dl class='gallery-item'>\n\t\t\t<dt class='gallery-icon landscape'>\n\t\t\t\t<a href='https:\/\/sarimelekler.biz\/?attachment_id=21037'><img loading=\"lazy\" decoding=\"async\" width=\"150\" height=\"150\" src=\"https:\/\/sarimelekler.biz\/wp-content\/uploads\/2024\/09\/70.-Yil-Kutlamasi-11-150x150.jpg\" class=\"attachment-thumbnail size-thumbnail\" alt=\"\" data-attachment-id=\"21037\" data-permalink=\"https:\/\/sarimelekler.biz\/?attachment_id=21037\" data-orig-file=\"https:\/\/sarimelekler.biz\/wp-content\/uploads\/2024\/09\/70.-Yil-Kutlamasi-11-scaled.jpg\" data-orig-size=\"2560,1933\" data-comments-opened=\"0\" data-image-meta=\"{&quot;aperture&quot;:&quot;3.5&quot;,&quot;credit&quot;:&quot;BURAK SALTIK&quot;,&quot;camera&quot;:&quot;Canon EOS R3&quot;,&quot;caption&quot;:&quot;&quot;,&quot;created_timestamp&quot;:&quot;1725909754&quot;,&quot;copyright&quot;:&quot;www.fenerbahce.org&quot;,&quot;focal_length&quot;:&quot;34&quot;,&quot;iso&quot;:&quot;400&quot;,&quot;shutter_speed&quot;:&quot;0.005&quot;,&quot;title&quot;:&quot;&quot;,&quot;orientation&quot;:&quot;1&quot;}\" data-image-title=\"70. Y\u0131l Kutlamas\u0131 (11)\" data-image-description=\"\" data-image-caption=\"\" data-large-file=\"https:\/\/sarimelekler.biz\/wp-content\/uploads\/2024\/09\/70.-Yil-Kutlamasi-11-1024x773.jpg\" \/><\/a>\n\t\t\t<\/dt><\/dl><dl class='gallery-item'>\n\t\t\t<dt class='gallery-icon landscape'>\n\t\t\t\t<a href='https:\/\/sarimelekler.biz\/?attachment_id=21038'><img loading=\"lazy\" decoding=\"async\" width=\"150\" height=\"150\" src=\"https:\/\/sarimelekler.biz\/wp-content\/uploads\/2024\/09\/70.-Yil-Kutlamasi-12-150x150.jpg\" class=\"attachment-thumbnail size-thumbnail\" alt=\"\" data-attachment-id=\"21038\" data-permalink=\"https:\/\/sarimelekler.biz\/?attachment_id=21038\" data-orig-file=\"https:\/\/sarimelekler.biz\/wp-content\/uploads\/2024\/09\/70.-Yil-Kutlamasi-12-scaled.jpg\" data-orig-size=\"2560,1461\" data-comments-opened=\"0\" data-image-meta=\"{&quot;aperture&quot;:&quot;3.5&quot;,&quot;credit&quot;:&quot;BURAK SALTIK&quot;,&quot;camera&quot;:&quot;Canon EOS R3&quot;,&quot;caption&quot;:&quot;&quot;,&quot;created_timestamp&quot;:&quot;1725916151&quot;,&quot;copyright&quot;:&quot;www.fenerbahce.org&quot;,&quot;focal_length&quot;:&quot;24&quot;,&quot;iso&quot;:&quot;4000&quot;,&quot;shutter_speed&quot;:&quot;0.008&quot;,&quot;title&quot;:&quot;&quot;,&quot;orientation&quot;:&quot;1&quot;}\" data-image-title=\"70. Y\u0131l Kutlamas\u0131 (12)\" data-image-description=\"\" data-image-caption=\"\" data-large-file=\"https:\/\/sarimelekler.biz\/wp-content\/uploads\/2024\/09\/70.-Yil-Kutlamasi-12-1024x584.jpg\" \/><\/a>\n\t\t\t<\/dt><\/dl><dl class='gallery-item'>\n\t\t\t<dt class='gallery-icon landscape'>\n\t\t\t\t<a href='https:\/\/sarimelekler.biz\/?attachment_id=21039'><img loading=\"lazy\" decoding=\"async\" width=\"150\" height=\"150\" src=\"https:\/\/sarimelekler.biz\/wp-content\/uploads\/2024\/09\/70.-Yil-Kutlamasi-13-150x150.jpg\" class=\"attachment-thumbnail size-thumbnail\" alt=\"\" data-attachment-id=\"21039\" data-permalink=\"https:\/\/sarimelekler.biz\/?attachment_id=21039\" data-orig-file=\"https:\/\/sarimelekler.biz\/wp-content\/uploads\/2024\/09\/70.-Yil-Kutlamasi-13-scaled.jpg\" data-orig-size=\"2560,1787\" data-comments-opened=\"0\" data-image-meta=\"{&quot;aperture&quot;:&quot;5.6&quot;,&quot;credit&quot;:&quot;BURAK SALTIK&quot;,&quot;camera&quot;:&quot;Canon EOS R3&quot;,&quot;caption&quot;:&quot;&quot;,&quot;created_timestamp&quot;:&quot;1725914066&quot;,&quot;copyright&quot;:&quot;www.fenerbahce.org&quot;,&quot;focal_length&quot;:&quot;100&quot;,&quot;iso&quot;:&quot;1000&quot;,&quot;shutter_speed&quot;:&quot;0.00625&quot;,&quot;title&quot;:&quot;&quot;,&quot;orientation&quot;:&quot;1&quot;}\" data-image-title=\"70. Y\u0131l Kutlamas\u0131 (13)\" data-image-description=\"\" data-image-caption=\"\" data-large-file=\"https:\/\/sarimelekler.biz\/wp-content\/uploads\/2024\/09\/70.-Yil-Kutlamasi-13-1024x715.jpg\" \/><\/a>\n\t\t\t<\/dt><\/dl><dl class='gallery-item'>\n\t\t\t<dt class='gallery-icon landscape'>\n\t\t\t\t<a href='https:\/\/sarimelekler.biz\/?attachment_id=21040'><img loading=\"lazy\" decoding=\"async\" width=\"150\" height=\"150\" src=\"https:\/\/sarimelekler.biz\/wp-content\/uploads\/2024\/09\/70.-Yil-Kutlamasi-14-150x150.jpg\" class=\"attachment-thumbnail size-thumbnail\" alt=\"\" data-attachment-id=\"21040\" data-permalink=\"https:\/\/sarimelekler.biz\/?attachment_id=21040\" data-orig-file=\"https:\/\/sarimelekler.biz\/wp-content\/uploads\/2024\/09\/70.-Yil-Kutlamasi-14-scaled.jpg\" data-orig-size=\"2560,2107\" data-comments-opened=\"0\" data-image-meta=\"{&quot;aperture&quot;:&quot;5&quot;,&quot;credit&quot;:&quot;BURAK SALTIK&quot;,&quot;camera&quot;:&quot;Canon EOS R3&quot;,&quot;caption&quot;:&quot;&quot;,&quot;created_timestamp&quot;:&quot;1725914642&quot;,&quot;copyright&quot;:&quot;www.fenerbahce.org&quot;,&quot;focal_length&quot;:&quot;24&quot;,&quot;iso&quot;:&quot;2000&quot;,&quot;shutter_speed&quot;:&quot;0.005&quot;,&quot;title&quot;:&quot;&quot;,&quot;orientation&quot;:&quot;1&quot;}\" data-image-title=\"70. Y\u0131l Kutlamas\u0131 (14)\" data-image-description=\"\" data-image-caption=\"\" data-large-file=\"https:\/\/sarimelekler.biz\/wp-content\/uploads\/2024\/09\/70.-Yil-Kutlamasi-14-1024x843.jpg\" \/><\/a>\n\t\t\t<\/dt><\/dl><dl class='gallery-item'>\n\t\t\t<dt class='gallery-icon landscape'>\n\t\t\t\t<a href='https:\/\/sarimelekler.biz\/?attachment_id=21041'><img loading=\"lazy\" decoding=\"async\" width=\"150\" height=\"150\" src=\"https:\/\/sarimelekler.biz\/wp-content\/uploads\/2024\/09\/70.-Yil-Kutlamasi-15-150x150.jpg\" class=\"attachment-thumbnail size-thumbnail\" alt=\"\" data-attachment-id=\"21041\" data-permalink=\"https:\/\/sarimelekler.biz\/?attachment_id=21041\" data-orig-file=\"https:\/\/sarimelekler.biz\/wp-content\/uploads\/2024\/09\/70.-Yil-Kutlamasi-15-scaled.jpg\" data-orig-size=\"2560,1710\" data-comments-opened=\"0\" data-image-meta=\"{&quot;aperture&quot;:&quot;7.1&quot;,&quot;credit&quot;:&quot;BURAK SALTIK&quot;,&quot;camera&quot;:&quot;Canon EOS R3&quot;,&quot;caption&quot;:&quot;&quot;,&quot;created_timestamp&quot;:&quot;1725912486&quot;,&quot;copyright&quot;:&quot;www.fenerbahce.org&quot;,&quot;focal_length&quot;:&quot;108&quot;,&quot;iso&quot;:&quot;1250&quot;,&quot;shutter_speed&quot;:&quot;0.005&quot;,&quot;title&quot;:&quot;&quot;,&quot;orientation&quot;:&quot;1&quot;}\" data-image-title=\"70. Y\u0131l Kutlamas\u0131 (15)\" data-image-description=\"\" data-image-caption=\"\" data-large-file=\"https:\/\/sarimelekler.biz\/wp-content\/uploads\/2024\/09\/70.-Yil-Kutlamasi-15-1024x684.jpg\" \/><\/a>\n\t\t\t<\/dt><\/dl><br style=\"clear: both\" \/><dl class='gallery-item'>\n\t\t\t<dt class='gallery-icon landscape'>\n\t\t\t\t<a href='https:\/\/sarimelekler.biz\/?attachment_id=21042'><img loading=\"lazy\" decoding=\"async\" width=\"150\" height=\"150\" src=\"https:\/\/sarimelekler.biz\/wp-content\/uploads\/2024\/09\/70.-Yil-Kutlamasi-16-150x150.jpg\" class=\"attachment-thumbnail size-thumbnail\" alt=\"\" data-attachment-id=\"21042\" data-permalink=\"https:\/\/sarimelekler.biz\/?attachment_id=21042\" data-orig-file=\"https:\/\/sarimelekler.biz\/wp-content\/uploads\/2024\/09\/70.-Yil-Kutlamasi-16-scaled.jpg\" data-orig-size=\"2560,1234\" data-comments-opened=\"0\" data-image-meta=\"{&quot;aperture&quot;:&quot;5&quot;,&quot;credit&quot;:&quot;BURAK SALTIK&quot;,&quot;camera&quot;:&quot;Canon EOS R3&quot;,&quot;caption&quot;:&quot;&quot;,&quot;created_timestamp&quot;:&quot;1725917462&quot;,&quot;copyright&quot;:&quot;www.fenerbahce.org&quot;,&quot;focal_length&quot;:&quot;24&quot;,&quot;iso&quot;:&quot;2000&quot;,&quot;shutter_speed&quot;:&quot;0.008&quot;,&quot;title&quot;:&quot;&quot;,&quot;orientation&quot;:&quot;1&quot;}\" data-image-title=\"70. Y\u0131l Kutlamas\u0131 (16)\" data-image-description=\"\" data-image-caption=\"\" data-large-file=\"https:\/\/sarimelekler.biz\/wp-content\/uploads\/2024\/09\/70.-Yil-Kutlamasi-16-1024x494.jpg\" \/><\/a>\n\t\t\t<\/dt><\/dl><dl class='gallery-item'>\n\t\t\t<dt class='gallery-icon landscape'>\n\t\t\t\t<a href='https:\/\/sarimelekler.biz\/?attachment_id=21043'><img loading=\"lazy\" decoding=\"async\" width=\"150\" height=\"150\" src=\"https:\/\/sarimelekler.biz\/wp-content\/uploads\/2024\/09\/70.-Yil-Kutlamasi-17-150x150.jpg\" class=\"attachment-thumbnail size-thumbnail\" alt=\"\" data-attachment-id=\"21043\" data-permalink=\"https:\/\/sarimelekler.biz\/?attachment_id=21043\" data-orig-file=\"https:\/\/sarimelekler.biz\/wp-content\/uploads\/2024\/09\/70.-Yil-Kutlamasi-17-scaled.jpg\" data-orig-size=\"2560,1768\" data-comments-opened=\"0\" data-image-meta=\"{&quot;aperture&quot;:&quot;3.5&quot;,&quot;credit&quot;:&quot;BURAK SALTIK&quot;,&quot;camera&quot;:&quot;Canon EOS R3&quot;,&quot;caption&quot;:&quot;&quot;,&quot;created_timestamp&quot;:&quot;1725909926&quot;,&quot;copyright&quot;:&quot;www.fenerbahce.org&quot;,&quot;focal_length&quot;:&quot;24&quot;,&quot;iso&quot;:&quot;400&quot;,&quot;shutter_speed&quot;:&quot;0.005&quot;,&quot;title&quot;:&quot;&quot;,&quot;orientation&quot;:&quot;1&quot;}\" data-image-title=\"70. Y\u0131l Kutlamas\u0131 (17)\" data-image-description=\"\" data-image-caption=\"\" data-large-file=\"https:\/\/sarimelekler.biz\/wp-content\/uploads\/2024\/09\/70.-Yil-Kutlamasi-17-1024x707.jpg\" \/><\/a>\n\t\t\t<\/dt><\/dl><dl class='gallery-item'>\n\t\t\t<dt class='gallery-icon portrait'>\n\t\t\t\t<a href='https:\/\/sarimelekler.biz\/?attachment_id=21044'><img loading=\"lazy\" decoding=\"async\" width=\"150\" height=\"150\" src=\"https:\/\/sarimelekler.biz\/wp-content\/uploads\/2024\/09\/70.-Yil-Kutlamasi-18-150x150.jpg\" class=\"attachment-thumbnail size-thumbnail\" alt=\"\" data-attachment-id=\"21044\" data-permalink=\"https:\/\/sarimelekler.biz\/?attachment_id=21044\" data-orig-file=\"https:\/\/sarimelekler.biz\/wp-content\/uploads\/2024\/09\/70.-Yil-Kutlamasi-18-scaled.jpg\" data-orig-size=\"2415,2560\" data-comments-opened=\"0\" data-image-meta=\"{&quot;aperture&quot;:&quot;3.2&quot;,&quot;credit&quot;:&quot;BURAK SALTIK&quot;,&quot;camera&quot;:&quot;Canon EOS R3&quot;,&quot;caption&quot;:&quot;&quot;,&quot;created_timestamp&quot;:&quot;1725914909&quot;,&quot;copyright&quot;:&quot;www.fenerbahce.org&quot;,&quot;focal_length&quot;:&quot;26&quot;,&quot;iso&quot;:&quot;2000&quot;,&quot;shutter_speed&quot;:&quot;0.005&quot;,&quot;title&quot;:&quot;&quot;,&quot;orientation&quot;:&quot;1&quot;}\" data-image-title=\"70. Y\u0131l Kutlamas\u0131 (18)\" data-image-description=\"\" data-image-caption=\"\" data-large-file=\"https:\/\/sarimelekler.biz\/wp-content\/uploads\/2024\/09\/70.-Yil-Kutlamasi-18-966x1024.jpg\" \/><\/a>\n\t\t\t<\/dt><\/dl><dl class='gallery-item'>\n\t\t\t<dt class='gallery-icon landscape'>\n\t\t\t\t<a href='https:\/\/sarimelekler.biz\/?attachment_id=21045'><img loading=\"lazy\" decoding=\"async\" width=\"150\" height=\"150\" src=\"https:\/\/sarimelekler.biz\/wp-content\/uploads\/2024\/09\/70.-Yil-Kutlamasi-19-150x150.jpg\" class=\"attachment-thumbnail size-thumbnail\" alt=\"\" data-attachment-id=\"21045\" data-permalink=\"https:\/\/sarimelekler.biz\/?attachment_id=21045\" data-orig-file=\"https:\/\/sarimelekler.biz\/wp-content\/uploads\/2024\/09\/70.-Yil-Kutlamasi-19-scaled.jpg\" data-orig-size=\"2560,1777\" data-comments-opened=\"0\" data-image-meta=\"{&quot;aperture&quot;:&quot;5&quot;,&quot;credit&quot;:&quot;BURAK SALTIK&quot;,&quot;camera&quot;:&quot;Canon EOS R3&quot;,&quot;caption&quot;:&quot;&quot;,&quot;created_timestamp&quot;:&quot;1725917634&quot;,&quot;copyright&quot;:&quot;www.fenerbahce.org&quot;,&quot;focal_length&quot;:&quot;70&quot;,&quot;iso&quot;:&quot;2000&quot;,&quot;shutter_speed&quot;:&quot;0.008&quot;,&quot;title&quot;:&quot;&quot;,&quot;orientation&quot;:&quot;1&quot;}\" data-image-title=\"70. Y\u0131l Kutlamas\u0131 (19)\" data-image-description=\"\" data-image-caption=\"\" data-large-file=\"https:\/\/sarimelekler.biz\/wp-content\/uploads\/2024\/09\/70.-Yil-Kutlamasi-19-1024x711.jpg\" \/><\/a>\n\t\t\t<\/dt><\/dl><dl class='gallery-item'>\n\t\t\t<dt class='gallery-icon landscape'>\n\t\t\t\t<a href='https:\/\/sarimelekler.biz\/?attachment_id=21046'><img loading=\"lazy\" decoding=\"async\" width=\"150\" height=\"150\" src=\"https:\/\/sarimelekler.biz\/wp-content\/uploads\/2024\/09\/70.-Yil-Kutlamasi-20-150x150.jpg\" class=\"attachment-thumbnail size-thumbnail\" alt=\"\" data-attachment-id=\"21046\" data-permalink=\"https:\/\/sarimelekler.biz\/?attachment_id=21046\" data-orig-file=\"https:\/\/sarimelekler.biz\/wp-content\/uploads\/2024\/09\/70.-Yil-Kutlamasi-20-scaled.jpg\" data-orig-size=\"2560,1293\" data-comments-opened=\"0\" data-image-meta=\"{&quot;aperture&quot;:&quot;4.5&quot;,&quot;credit&quot;:&quot;BURAK SALTIK&quot;,&quot;camera&quot;:&quot;Canon EOS R3&quot;,&quot;caption&quot;:&quot;&quot;,&quot;created_timestamp&quot;:&quot;1725916800&quot;,&quot;copyright&quot;:&quot;www.fenerbahce.org&quot;,&quot;focal_length&quot;:&quot;46&quot;,&quot;iso&quot;:&quot;2000&quot;,&quot;shutter_speed&quot;:&quot;0.00625&quot;,&quot;title&quot;:&quot;&quot;,&quot;orientation&quot;:&quot;1&quot;}\" data-image-title=\"70. Y\u0131l Kutlamas\u0131 (20)\" data-image-description=\"\" data-image-caption=\"\" data-large-file=\"https:\/\/sarimelekler.biz\/wp-content\/uploads\/2024\/09\/70.-Yil-Kutlamasi-20-1024x517.jpg\" \/><\/a>\n\t\t\t<\/dt><\/dl><br style=\"clear: both\" \/><dl class='gallery-item'>\n\t\t\t<dt class='gallery-icon landscape'>\n\t\t\t\t<a href='https:\/\/sarimelekler.biz\/?attachment_id=21047'><img loading=\"lazy\" decoding=\"async\" width=\"150\" height=\"150\" src=\"https:\/\/sarimelekler.biz\/wp-content\/uploads\/2024\/09\/70.-Yil-Kutlamasi-21-150x150.jpg\" class=\"attachment-thumbnail size-thumbnail\" alt=\"\" data-attachment-id=\"21047\" data-permalink=\"https:\/\/sarimelekler.biz\/?attachment_id=21047\" data-orig-file=\"https:\/\/sarimelekler.biz\/wp-content\/uploads\/2024\/09\/70.-Yil-Kutlamasi-21-scaled.jpg\" data-orig-size=\"2560,1388\" data-comments-opened=\"0\" data-image-meta=\"{&quot;aperture&quot;:&quot;4.5&quot;,&quot;credit&quot;:&quot;BURAK SALTIK&quot;,&quot;camera&quot;:&quot;Canon EOS R3&quot;,&quot;caption&quot;:&quot;&quot;,&quot;created_timestamp&quot;:&quot;1725914836&quot;,&quot;copyright&quot;:&quot;www.fenerbahce.org&quot;,&quot;focal_length&quot;:&quot;28&quot;,&quot;iso&quot;:&quot;2000&quot;,&quot;shutter_speed&quot;:&quot;0.005&quot;,&quot;title&quot;:&quot;&quot;,&quot;orientation&quot;:&quot;1&quot;}\" data-image-title=\"70. Y\u0131l Kutlamas\u0131 (21)\" data-image-description=\"\" data-image-caption=\"\" data-large-file=\"https:\/\/sarimelekler.biz\/wp-content\/uploads\/2024\/09\/70.-Yil-Kutlamasi-21-1024x555.jpg\" \/><\/a>\n\t\t\t<\/dt><\/dl>\n\t\t\t<br style='clear: both' \/>\n\t\t<\/div>\n\n<p>\u00a0<\/p>\n<iframe loading=\"lazy\"  id=\"_ytid_53771\"  width=\"860\" height=\"484\"  data-origwidth=\"860\" data-origheight=\"484\" src=\"https:\/\/www.youtube.com\/embed\/ukKOEYE10Cs?enablejsapi=1&autoplay=0&cc_load_policy=0&cc_lang_pref=&iv_load_policy=1&loop=0&rel=1&fs=1&playsinline=0&autohide=2&theme=dark&color=red&controls=1&disablekb=0&\" class=\"__youtube_prefs__  no-lazyload\" title=\"YouTube player\"  allow=\"fullscreen; accelerometer; autoplay; clipboard-write; encrypted-media; gyroscope; picture-in-picture; web-share\" referrerpolicy=\"strict-origin-when-cross-origin\" allowfullscreen data-no-lazy=\"1\" data-skipgform_ajax_framebjll=\"\"><\/iframe>\n<p style=\"text-align: justify;\">\u00a0<\/p>\n<p style=\"text-align: justify;\"><strong><span style=\"font-size: 18px;\">BA\u015eKANIMIZ AL\u0130 Y. KO\u00c7: T\u00dcRK VOLEYBOLUNUN M\u0130HENK TA\u015eI FENERBAH\u00c7E KADIN VOLEYBOLUNUN 70. KURULU\u015e VES\u0130LES\u0130YLE B\u0130R ARADAYIZ<\/span><\/strong><\/p>\n<p style=\"text-align: justify;\"><span style=\"font-size: 18px;\">Kad\u0131n Voleybol Tak\u0131m\u0131m\u0131z\u0131n d\u00fcn\u00fcn\u00fc ve bug\u00fcn\u00fcn\u00fc anlatan videonun ekrana getirilmesinin ard\u0131ndan k\u00fcrs\u00fcye gelen Ba\u015fkan\u0131m\u0131z Ali Y. Ko\u00e7, \u2018\u2019K\u0131ymetli Fenerbah\u00e7e Ailemiz, voleybolun geli\u015fimi i\u00e7in her kul\u00fcb\u00fcn yan\u0131ndan olan \u00e7ok sevgili Voleybol Federasyonu Ba\u015fkan\u0131m\u0131z, kendi y\u00f6netim kurulum, her daim yan\u0131m\u0131zda olan sponsorlar\u0131m\u0131z, sevgili sporcular\u0131m\u0131z, de\u011ferli misafirlerimiz ve \u00f6zellikle Fenerbah\u00e7e\u2019ye hizmet etmi\u015f duayen y\u00f6neticimiz Abdullah Ki\u011f\u0131l\u0131 Bey\u2019e ve ekranlar\u0131 ba\u015f\u0131nda bizleri izleyen t\u00fcm taraftarlar\u0131m\u0131z\u0131 sevgi ve sevgiyle selaml\u0131yorum.<\/span><\/p>\n<p style=\"text-align: justify;\"><span style=\"font-size: 18px;\">Bug\u00fcn T\u00fcrk voleybolunun mihenk ta\u015f\u0131 olan Fenerbah\u00e7e Kad\u0131n Voleybolunun 70. kurulu\u015f vesilesiyle bir araya geldik. Bu gece y\u00f6netim kurulumuza son se\u00e7imlerde kat\u0131lan ve voleybol \u015fubemizden sorumlu olan Hulusi Bey\u2019in d\u00fc\u015f\u00fcnceleri ve arzusu ile \u015fekillenmi\u015ftir, iyi ki b\u00f6yle bir geceyi ak\u0131l etti, bizleri toplad\u0131. Ona da \u00f6zellikle te\u015fekk\u00fcr etmek istiyorum. Ben, bug\u00fcn \u00f6\u011frendim Hulusi Bey\u2019in annesi de voleybol tak\u0131m\u0131m\u0131z da \u00e7ubukluyu temsil etmi\u015f. \u00d6ncelikle tarihten bug\u00fcne bu hik\u00e2yenin bir par\u00e7as\u0131 olmu\u015f, bu armay\u0131 g\u00f6\u011fs\u00fcnde ta\u015f\u0131m\u0131\u015f her bir de\u011ferimize minnet ve sayg\u0131lar\u0131m\u0131 \u015fahs\u0131m, y\u00f6netim kurulum ve camiam ad\u0131na payla\u015fmak istiyorum.<\/span><\/p>\n<p style=\"text-align: justify;\"><span style=\"font-size: 18px;\">Bug\u00fcn aram\u0131zda a\u015fa\u011f\u0131 yukar\u0131 30 civar\u0131nda eski sporcumuz var. Hepsine bu \u00f6zel geceye kat\u0131ld\u0131klar\u0131, zahmet edip geldikleri i\u00e7in ayr\u0131 ayr\u0131 te\u015fekk\u00fcr ederim.<\/span><\/p>\n<p style=\"text-align: justify;\"><strong><span style=\"font-size: 18px;\">BA\u015eKANIMIZ AL\u0130 Y. KO\u00c7: \u2018D\u00dcNYANIN EN B\u00dcY\u00dcK SPOR KUL\u00dcB\u00dc\u2019 V\u0130ZYONUNDA EME\u011e\u0130 OLAN FENERBAH\u00c7EM\u0130Z\u0130N KURUCU BA\u015eKANLARI D\u00c2H\u0130L OLMAK T\u00dcM BA\u015eKANLARINA VE DE \u00d6ZELL\u0130KLE SEYAHAT SEBEB\u0130YLE BURADA OLAMAYAN SAYIN BA\u015eKANIMIZ AZ\u0130Z YILDIRIM\u2019A M\u0130NNETTARIZ<\/span><\/strong><\/p>\n<p style=\"text-align: justify;\"><span style=\"font-size: 18px;\">Dile kolay, 70 y\u0131l; ba\u015far\u0131lar, kupalar, rekorlar, mutluluklar, h\u00fcz\u00fcnler\u2026 Biz \u201cD\u00fcnyan\u0131n En B\u00fcy\u00fck Spor Kul\u00fcb\u00fc Fenerbah\u00e7e\u201d diyoruz. Evet, D\u00fcnyan\u0131n en b\u00fcy\u00fck spor kul\u00fcb\u00fc Fenerbah\u00e7e ve bu sadece bir tan\u0131m de\u011fil, bir hakikatten ibarettir.<\/span><\/p>\n<p style=\"text-align: justify;\"><span style=\"font-size: 18px;\">M\u00fccadele etti\u011fimiz t\u00fcm bran\u015flarda hem yar\u0131\u015fmac\u0131 hem de yeti\u015ftirici olarak yer al\u0131yoruz. Var oldu\u011fumuz t\u00fcm bran\u015flarda, DNA\u2019m\u0131za i\u015flenmi\u015f \u00c7ubuklu Ruhuyla kul\u00fcb\u00fcm\u00fcz\u00fc tarihten bug\u00fcne gururla, emekle temsil eden sporcular yeti\u015ftiriyoruz. Biz, son 3 y\u0131ld\u0131r bu gururlu tan\u0131m\u0131, d\u00fcnyan\u0131n en b\u00fcy\u00fck spor kul\u00fcb\u00fc markas\u0131n\u0131 kullan\u0131yoruz ancak bu hik\u00e2ye tabii ki bir g\u00fcnde ba\u015flamad\u0131. Bu hik\u00e2ye bir bran\u015fla, bir \u015fampiyonlukla da elde edilmedi, Fenerbah\u00e7e Spor Kul\u00fcb\u00fc tarihi boyunca bu s\u0131fat\u0131 hak etmek i\u00e7in hi\u00e7 durmadan \u00e7al\u0131\u015ft\u0131, emek verdi, yeri geldi \u00fcz\u00fcld\u00fc, yeri geldi sevindi ama hedeflerinden bu g\u00fczel \u00fclkemize hizmet etmekten hi\u00e7 vazge\u00e7medi.<\/span><\/p>\n<p style=\"text-align: justify;\"><span style=\"font-size: 18px;\">Bug\u00fcn gururla sahiplendi\u011fimiz, rakiplerimizin dahi kabul etti\u011fi \u2018D\u00fcnyan\u0131n En B\u00fcy\u00fck Spor Kul\u00fcb\u00fc\u2019 vizyonunda eme\u011fi olan Fenerbah\u00e7emizin kurucu ba\u015fkanlar\u0131 d\u00e2hil olmak t\u00fcm ba\u015fkanlar\u0131na ve de \u00f6zellikle seyahat sebebiyle burada olamayan Say\u0131n Ba\u015fkan\u0131m\u0131z Aziz Y\u0131ld\u0131r\u0131m\u2019a minnettar\u0131z.<\/span><\/p>\n<p style=\"text-align: justify;\"><strong><span style=\"font-size: 18px;\">BA\u015eKANIMIZ AL\u0130 Y. KO\u00c7: EN SANCILI 3 TEMMUZ S\u00dcREC\u0130NDE B\u0130LE FENERBAH\u00c7E H\u0130\u00c7B\u0130R ZAMAN AMAT\u00d6R \u015eUBELERDE K\u00dc\u00c7\u00dcLMEY\u0130 AKLININ UCUNDAN DAH\u0130 GE\u00c7\u0130RMEM\u0130\u015eT\u0130R<\/span><\/strong><\/p>\n<p style=\"text-align: justify;\"><span style=\"font-size: 18px;\">Geriye d\u00f6n\u00fck 20 y\u0131lda t\u00fcm amat\u00f6r bran\u015flarda oldu\u011fu gibi voleybolda da \u00e7ok b\u00fcy\u00fck ba\u015far\u0131lar kazand\u0131k, Avrupa ve D\u00fcnya \u015fampiyonu olduk. En sanc\u0131l\u0131 3 Temmuz s\u00fcrecinde bile Fenerbah\u00e7e hi\u00e7bir zaman amat\u00f6r \u015fubelerde k\u00fc\u00e7\u00fclmeyi akl\u0131n\u0131n ucundan dahi ge\u00e7irmemi\u015ftir. Ba\u015fkan\u0131m\u0131z\u0131n hapiste oldu\u011fu, en zor g\u00fcnlerimizi ya\u015fad\u0131\u011f\u0131m\u0131z 2011-2012 y\u0131l\u0131nda kad\u0131n voleybol tak\u0131m\u0131m\u0131z, \u015eampiyonlar Ligi \u015eampiyonu olmu\u015f, en zor g\u00fcnlerimizde bizlere unutulmaz bir mutluluk ya\u015fatm\u0131\u015flard\u0131. O d\u00f6nem \u015fubemizin y\u00f6neticili\u011fini yapan, \u015fubemizde \u00e7ok b\u00fcy\u00fck eme\u011fi olan Ac\u0131badem Grubu ve Say\u0131n Mehmet Ali Ayd\u0131nlar da bug\u00fcn bizimle, ona da camiam\u0131z ad\u0131na bir kez daha te\u015fekk\u00fcr etmek istiyorum.<\/span><\/p>\n<p style=\"text-align: justify;\"><span style=\"font-size: 18px;\">Kul\u00fcb\u00fcm\u00fcz kuruldu\u011fu g\u00fcnden bug\u00fcne, Cumhuriyetimizin hedefleri, Ulu \u00d6nder Mustafa Kemal Atat\u00fcrk&#8217;\u00fcn ilkeleri do\u011frultusunda, \u00fclkesinin de\u011ferlerini sahiplenen, zeki, \u00e7evik ve ahlakl\u0131 sporcular yeti\u015ftirmeyi kendisine g\u00f6rev edinmi\u015ftir. \u0130n\u015fallah ilelebet bu anlay\u0131\u015f\u0131m\u0131z devam edecektir.<\/span><\/p>\n<p style=\"text-align: justify;\"><span style=\"font-size: 18px;\">Kul\u00fcb\u00fcm\u00fcz i\u00e7in \u00e7ok k\u0131ymetli bir sporcumuz da bug\u00fcn bizimle, sevgili Ayten Salih Berkalp, ho\u015f geldiniz. Ayten Han\u0131m bizim i\u00e7in, camiam\u0131z i\u00e7in \u00e7ok k\u0131ymetli.Kul\u00fcb\u00fcm\u00fczde voleybol, basketbol ve atletizm tak\u0131mlar\u0131n\u0131n kurulmas\u0131nda \u00e7ok b\u00fcy\u00fck eme\u011finiz var. \u00dc\u00e7 bran\u015fta da formam\u0131z i\u00e7in m\u00fccadele ettiniz, hakk\u0131n\u0131z \u00f6denmez. Sabiha R\u0131fat G\u00fcrayman ile ba\u015flayan bu hik\u00e2ye Ayten Salih\u2019ler, Eda Erdem\u2019ler\u2026Sar\u0131 lacivert formam\u0131z\u0131 terletmi\u015f t\u00fcm kad\u0131n sporcular\u0131m\u0131z, hepinize minnettar\u0131z ve sizlerle gurur duyuyoruz.<\/span><\/p>\n<p style=\"text-align: justify;\"><span style=\"font-size: 18px;\">D\u00fcnyan\u0131n en b\u00fcy\u00fck spor kul\u00fcb\u00fc Fenerbah\u00e7emiz, futbolda, basketbolda, voleybolda, yelken, k\u00fcrek, boks, y\u00fczme, masa tenisi ve atletizmde, en b\u00fcy\u00fck g\u00fcc\u00fcn\u00fc, \u00f6nce tarihinden, b\u00fcy\u00fck Fenerbah\u00e7e markas\u0131n\u0131n g\u00fcc\u00fcnden, sonra camias\u0131ndan al\u0131yor. Her bran\u015fta hem yeti\u015ftirici hem de yar\u0131\u015fmac\u0131 olarak yer almak hi\u00e7 kolay de\u011fil.<\/span><\/p>\n<p style=\"text-align: justify;\"><strong><span style=\"font-size: 18px;\">BA\u015eKANIMIZ AL\u0130 Y. KO\u00c7: B\u0130R YERDE, SPORA DA\u0130R B\u0130R REKOR HABER\u0130 VARSA, HERKES B\u0130L\u0130YOR K\u0130 O SPORCUNUN ARKASINDA FENERBAH\u00c7E VARDIR<\/span><\/strong><\/p>\n<p style=\"text-align: justify;\"><span style=\"font-size: 18px;\">2024 Paris Olimpiyatlar\u0131\u2019na 7 bran\u015fta, 27 sporcumuz kat\u0131ld\u0131k. Ve bir kez daha T\u00fcrkiye Olimpiyat kafilesine en b\u00fcy\u00fck sporcu sa\u011flayan kul\u00fcp olarak onlarla ve t\u00fcm kafilelerimizle gurur duyduk. Asl\u0131nda s\u00f6z\u00fcn \u00f6z\u00fc, \u00f6zeti ve t\u00fcm Fenerbah\u00e7elilerin hi\u00e7 unutmadan bilmesi, sahiplenmesi gereken bir \u015fey ifade etmek istiyorum. Bir yerde, spora dair bir rekor haberi varsa, herkes biliyor ki o sporcunun arkas\u0131nda Fenerbah\u00e7e vard\u0131r. \u015eimdi bunlar\u0131 s\u00f6ylemek, ya\u015fananlar\u0131 anlatmak hepimizin hakk\u0131 ancak bunlar d\u00fcnyan\u0131n en b\u00fcy\u00fck spor kul\u00fcb\u00fc demek arzu etmekle olmuyor. \u00c7ok b\u00fcy\u00fck bir \u00f6zveri, disiplin, \u00e7al\u0131\u015fma ve de kaynak gerektiriyor. B\u00fcy\u00fck spor kul\u00fcplerinin \u00e7ileler \u00e7ekti\u011fi bir d\u00f6nemde y\u00fczy\u0131l \u00fczeri ezeli rakiplerimiz, ebedi dostlar\u0131m\u0131z dedi\u011fimiz kul\u00fcplerin neredeyse her bran\u015fta k\u00fc\u00e7\u00fcld\u00fc\u011f\u00fc bir ortamda Fenerbah\u00e7e hi\u00e7bir zaman bu hedeften, bu vizyondan \u015fa\u015fmam\u0131\u015ft\u0131r. Bu da ancak kaynak yaratarak olur. Dolay\u0131s\u0131yla bu yolda k\u0131ymetli sporcular\u0131m\u0131z\u0131n deste\u011fi bizim i\u00e7in olmazsa olmazd\u0131r. Fenerbah\u00e7e\u2019ye sponsor olmak, T\u00fcrk gen\u00e7lerinin gelece\u011fine dokunmakt\u0131r. Milli bir irade ve milli bir ad\u0131md\u0131r. Biz buna y\u00fcrekten inan\u0131yoruz.<\/span><\/p>\n<p style=\"text-align: justify;\"><strong><span style=\"font-size: 18px;\">BA\u015eKANIMIZ AL\u0130 Y. KO\u00c7: FENERBAH\u00c7E\u2019YE SPONSOR OLMAK, T\u00dcRK GEN\u00c7LER\u0130N\u0130N GELECE\u011e\u0130NE DOKUNMAKTIR. M\u0130LL\u0130 B\u0130R \u0130RADE VE M\u0130LL\u0130 B\u0130R ADIMDIR<\/span><\/strong><\/p>\n<p style=\"text-align: justify;\"><span style=\"font-size: 18px;\">Opet ile \u00e7ok g\u00fczel bir yol arkada\u015fl\u0131\u011f\u0131m\u0131z oldu, \u00e7ok g\u00fczel ba\u015far\u0131lar da kazand\u0131k, \u00e7ok k\u0131ymetli bir hik\u00e2ye yaz\u0131ld\u0131. 2018 y\u0131l\u0131ndan bu yana Fenerbah\u00e7e Kad\u0131n Voleybol Tak\u0131m\u0131m\u0131z\u0131n isim sponsoru olarak, \u00e7ubuklu formam\u0131z\u0131 gururla terletirken, ba\u015far\u0131lar\u0131 kucaklarken, \u015fampiyonluklar\u0131 kutlarken, kupalar\u0131 kald\u0131r\u0131rken\u2026 \u0130yi g\u00fcnde de k\u00f6t\u00fc g\u00fcnde de Opet her zaman yan\u0131m\u0131zda oldu. Ve inan\u0131n kad\u0131n voleybol tak\u0131m\u0131m\u0131z son y\u0131llarda yapt\u0131\u011f\u0131m\u0131z yat\u0131r\u0131mlar, Opet\u2019in verdi\u011fi cesaretle bana g\u00f6re bug\u00fcnk\u00fc tak\u0131m\u0131m\u0131z, D\u00fcnyan\u0131n say\u0131l\u0131 tak\u0131mlar\u0131ndan biridir. Ve bu ancak sponsorlar\u0131m\u0131z\u0131n bize verdi\u011fi cesaret sayesinde olu\u015fmu\u015ftur. Dolay\u0131s\u0131yla 6 sene boyunca birlikte oldu\u011fumuz de\u011ferli i\u015f orta\u011f\u0131m\u0131za Opet\u2019e huzurlar\u0131n\u0131zda bir kez daha te\u015fekk\u00fcr ediyorum. Allah sizden raz\u0131 olsun.<\/span><\/p>\n<p style=\"text-align: justify;\"><span style=\"font-size: 18px;\">6 sene sonra yeni bir yolculu\u011fa \u00e7\u0131k\u0131yoruz. Say\u0131n H\u00fcseyin Bozkurt, kendisi y\u00f6netim kurulumuza bu sene girdi, bu d\u00f6nem hizmet edecek ama asl\u0131nda zaten i\u00e7imizdeydi. Fenerbah\u00e7e Spor Kul\u00fcb\u00fc\u2019n\u00fcn kendi imk\u00e2nlar\u0131 sayesinde hi\u00e7bir zaman ger\u00e7ekle\u015ftiremeyece\u011fi Fenerbah\u00e7e \u00dcniversitesi hedefini, hayalini kendisi sayesinde hayata ge\u00e7irdik ve \u00e7ok k\u0131sa s\u00fcrede geldi\u011fi konum \u00e7ok az \u00fcniversiteye nasip olmu\u015ftur. \u0130n\u015fallah da \u00fcst\u00fcne koyarak devam edecektir. Neden bunu anlat\u0131yorum? H\u00fcseyin Bey, son 6 sene de y\u00f6netimde olmasa da hep i\u00e7imizden biri olmu\u015ftur. H\u00fcseyin Bey, Fenerbah\u00e7e\u2019ye olan katk\u0131lar\u0131n\u0131 bir seviye daha art\u0131rarak Medicana ile hem kad\u0131n hem de erkek tak\u0131m\u0131m\u0131za \u00e7ok c\u00f6mert bir sponsorlu\u011fa imza atm\u0131\u015ft\u0131r. Ona da \u00e7ok te\u015fekk\u00fcr ediyorum. Ve yo\u011fun \u00e7abalarla kazan\u0131lan kaynaklar\u0131n\u0131z\u0131n Fenerbah\u00e7e\u2019ye ayr\u0131lan k\u0131sm\u0131n\u0131 bu d\u00f6nem bitti\u011fi zaman \u2018iyi ki yapm\u0131\u015f\u0131m, iyi ki bu yolculu\u011fun bir par\u00e7as\u0131 olmu\u015fum ve iyi ki bu \u015fampiyonluklar\u0131, kupalar\u0131 Fenerbah\u00e7e ile tatm\u0131\u015f\u0131md\u0131r.\u2019 diyecektir. Size de \u00e7ok \u00e7ok te\u015fekk\u00fcr ediyoruz H\u00fcseyin Bey.<\/span><\/p>\n<p style=\"text-align: justify;\"><strong><span style=\"font-size: 18px;\">BA\u015eKANIMIZ AL\u0130 Y. KO\u00c7: KIYMETL\u0130 SPONSORLARIMIZ HEP\u0130N\u0130Z B\u00dcY\u00dcK FENERBAH\u00c7E A\u0130LEM\u0130Z\u0130N B\u0130R PAR\u00c7ASISINIZ, \u0130Y\u0130 K\u0130 VARSINIZ. VE \u0130N\u015eALLAH G\u00dcZEL \u0130\u015eLER \u0130MZA ATMAYA DEVAM EDER\u0130Z<\/span><\/strong><\/p>\n<p style=\"text-align: justify;\"><span style=\"font-size: 18px;\">Bu gece voleybol \u015fubemizin 70. y\u0131l\u0131n\u0131 bu uzun ve me\u015fakkatli yolda yan\u0131m\u0131zda olan t\u00fcm yol arkada\u015flar\u0131m\u0131zla birlikte kutlamak istedik. Burada olan herkese hem destekleri i\u00e7in ve bug\u00fcn burada bizlerle birlikte olduklar\u0131 i\u00e7in camiam\u0131z ad\u0131na bir kez daha te\u015fekk\u00fcr ediyorum. Bu sene sar\u0131 lacivert t\u00fcm ba\u015far\u0131lar\u0131 birlikte kutlamak dile\u011fiyle.\u2019\u2019s\u00f6zlerini tamamlad\u0131.<\/span><\/p>\n<p style=\"text-align: justify;\"><strong><span style=\"font-size: 18px;\">GENEL SEKRETER\u0130M\u0130Z BURAK \u00c7. KIZILHAN\u2019DAN, OPET GENEL M\u00dcD\u00dcR\u00dc \u00d6ZG\u00dcR KAHRAMANZADE\u2019YE HED\u0130YE TAKD\u0130M\u0130<\/span><\/strong><\/p>\n<p style=\"text-align: justify;\"><span style=\"font-size: 18px;\">Ba\u015fkan\u0131m\u0131z\u0131n konu\u015fmas\u0131n\u0131n ard\u0131ndan 6 y\u0131l boyunca Fenerbah\u00e7e Kad\u0131n Voleybol Tak\u0131m\u0131m\u0131za isim sponsorlu\u011fu yapan \u201cOpet\u201d i\u00e7in haz\u0131rlanan video ekranlara geldi. Fenerbah\u00e7emize desteklerinden \u00f6t\u00fcr\u00fc Opet Ailesi\u2019ne te\u015fekk\u00fcr eden Genel Sekreterimiz Burak \u00c7a\u011flan K\u0131z\u0131lhan, Opet Genel M\u00fcd\u00fcr\u00fc \u00d6zg\u00fcr Kahramanzade\u2019ye iki kupa ile ta\u00e7land\u0131rd\u0131\u011f\u0131m\u0131z ge\u00e7en sezona ait formay\u0131 ve 6 sezona ait unutulmaz an\u0131lar\u0131 yans\u0131tan foto\u011fraflar olu\u015fan hediyeyi takdim etti.<\/span><\/p>\n<p style=\"text-align: justify;\"><strong><span style=\"font-size: 18px;\">VOLEYBOLDAN SORUMLU Y\u00d6NET\u0130M KURULU \u00dcYEM\u0130Z HULUS\u0130 BELG\u00dc: FENERBAH\u00c7E VE T\u00dcRK KADIN VOLEYBOLUNA H\u0130ZMET ETM\u0130\u015e HERKES\u0130 SAYGIYLA SELAMLIYORUM<\/span><\/strong><\/p>\n<p style=\"text-align: justify;\"><span style=\"font-size: 18px;\">Ard\u0131ndan k\u00fcrs\u00fcye gelen Voleyboldan Sorumlu Y\u00f6netim Kurulu \u00dcyemiz Hulusi Belg\u00fc, Y\u00f6netim Kurulu \u00dcyemiz ve Medicana Grubu Y\u00f6netim Kurulu Ba\u015fkan\u0131 H\u00fcseyin Bozkurt ile planlad\u0131klar\u0131 \u00e7al\u0131\u015fmalardan bahsetti.<\/span><\/p>\n<p style=\"text-align: justify;\"><span style=\"font-size: 18px;\">Fenerbah\u00e7e ve sporcular\u0131 ile gurur duyduklar\u0131n\u0131 belirten Voleyboldan Sorumlu Y\u00f6netim Kurulu \u00dcyemiz Hulusi Belg\u00fc, \u201cFenerbah\u00e7e\u2019nin ismi ge\u00e7ti\u011fi zaman \u00e7ocuklar\u0131ma duydu\u011fum sevgiyi hissediyorum. Bu da aile olman\u0131n gerektirdi\u011fi bir \u015fey. Hepinizi ailem olarak g\u00f6r\u00fcyorum. Say\u0131n Ba\u015fkan ve bu kul\u00fcbe de\u011fer katm\u0131\u015f sevgili yeni ve eski y\u00f6neticiler, Fenerbah\u00e7e bayra\u011f\u0131n\u0131 zirveye ta\u015f\u0131yan de\u011ferli sporcular\u0131m\u0131z, teknik heyetimiz. Hepinizi s\u0131cak ve samimi bir \u015fekilde kucakl\u0131yorum.<\/span><\/p>\n<p style=\"text-align: justify;\"><span style=\"font-size: 18px;\">Sabiha G\u00fcrayman\u2019dan ba\u015flayan, G\u00fcne\u015f \u00c7apa ve Ayten Salih ile devam eden i\u00e7inde Perihan \u00d6zbilgin\u2019in, Seta Ya\u011fc\u0131o\u011flu\u2019nun, Eda Erdem\u2019in ve onlar gibi bir s\u00fcr\u00fc ismin oldu\u011fu 70 y\u0131lda Fenerbah\u00e7e ve T\u00fcrk kad\u0131n voleyboluna hizmet etmi\u015f herkesi sayg\u0131yla selaml\u0131yorum.<\/span><\/p>\n<p style=\"text-align: justify;\"><strong><span style=\"font-size: 18px;\">VOLEYBOLDAN SORUMLU Y\u00d6NET\u0130M KURULU \u00dcYEM\u0130Z HULUS\u0130 BELG\u00dc: FENERBAH\u00c7E\u2019N\u0130N T\u00dcRK SPORUNDAK\u0130 YER\u0130 BAMBA\u015eKA<\/span><\/strong><\/p>\n<p style=\"text-align: justify;\"><span style=\"font-size: 18px;\">Fenerbah\u00e7e\u2019nin T\u00fcrk sporundaki yeri bamba\u015fka. Biz kendimizi D\u00fcnyan\u0131n en b\u00fcy\u00fck spor kul\u00fcb\u00fc olarak nitelendiriyoruz. Bu kul\u00fcpte amat\u00f6r bran\u015flar hep \u00f6n planda oldu. Tabii ki futbolun \u00f6nemli bir yeri var ama amat\u00f6r sporlara verilen de\u011fer az \u00f6nce Sn. Ba\u015fkan\u0131n da belirtti\u011fi gibi en son olimpiyatlara giden 27 sporcu ile bir kez daha ispatland\u0131.<\/span><\/p>\n<p style=\"text-align: justify;\"><span style=\"font-size: 18px;\">Olimpik \u015fubelere ne kadar \u00f6nem verdi\u011fimizin en \u00f6nemli kan\u0131t\u0131 voleybolda g\u00f6rev yapm\u0131\u015f \u015fubeye sponsor olmu\u015f kalk\u0131nd\u0131rm\u0131\u015f isimlere bakmak yeterlidir. En ba\u015fta Ba\u015fkan\u0131m\u0131z Say\u0131n Ali Ko\u00e7, Ko\u00e7 Grubu ve Opet, Say\u0131n Mehmet Ali Ayd\u0131nlar ve Ac\u0131badem Hastaneleri, Sevgili Perihan \u00d6zbilgin, rahmetle ve sayg\u0131yla and\u0131\u011f\u0131m tan\u0131maktan gurur duydu\u011fum Hakan Din\u00e7ay, Selim Kosif ve son olarak da b\u00fcy\u00fck bir \u00f6zveri ile ge\u00e7en iki d\u00f6nem \u00e7al\u0131\u015fan Sn. Simla T\u00fcrker Bayaz\u0131t. Daha b\u00f6yle onlarca isim sayar\u0131z hatta \u015funu da s\u00f6ylemem de fayda var. Bir \u00f6nceki Ba\u015fkan\u0131m\u0131z Say\u0131n Aziz Y\u0131ld\u0131r\u0131m da biliyorsunuz, Fenerbah\u00e7e y\u00f6netimindeki ilk g\u00f6revi Voleybol \u015eubesi sorumlulu\u011fuydu. Hepsine tek tek te\u015fekk\u00fcrlerimi arz ediyorum.<\/span><\/p>\n<p style=\"text-align: justify;\"><span style=\"font-size: 18px;\">Fenerbah\u00e7e Spor Kul\u00fcb\u00fc sadece D\u00fcnyan\u0131n en b\u00fcy\u00fck spor kul\u00fcb\u00fc de\u011fildir. T\u00fcrkiye\u2019nin ayn\u0131 zaman da en b\u00fcy\u00fck sivil toplum kurulu\u015fudur. Hepimizin gurur duydu\u011fu bir \u015fey var. Cumhuriyetin ve Atat\u00fcrk ilkelerinin en \u00f6nemli savunucusudur, Fenerbah\u00e7e. Bizler sadece kazand\u0131\u011f\u0131m\u0131z kupalar\u0131m\u0131zla de\u011fil, milli m\u00fccadeleye katk\u0131m\u0131zla T\u00fcrkl\u00fc\u011f\u00fcm\u00fczle, Atat\u00fcrk\u00e7\u00fcl\u00fc\u011f\u00fcm\u00fczle \u00f6v\u00fcn\u00fcr\u00fcz. Ayten Salih gibi K\u0131br\u0131s Bar\u0131\u015f Harekat\u0131\u2019n\u0131n kahramanlar\u0131 bizim i\u00e7in \u00f6v\u00fcn\u00e7 kayna\u011f\u0131d\u0131r. Bir\u00e7ok kul\u00fcp spor yapabilir ama STK diye adland\u0131rd\u0131\u011f\u0131m\u0131z sivil toplum kurulu\u015flar\u0131nda bunlar\u0131n hepsini g\u00f6remeyebilirsiniz.<\/span><\/p>\n<p style=\"text-align: justify;\"><span style=\"font-size: 18px;\">Seta Ya\u011fc\u0131o\u011flu\u2019nun k\u0131z\u0131 sizi mutlaka annemle tan\u0131\u015ft\u0131rmam laz\u0131m. \u00c7\u00fcnk\u00fc Seta han\u0131m annemi kul\u00fcbe getirmi\u015f, voleybola ba\u015flatm\u0131\u015f. 1975 y\u0131l\u0131nda kul\u00fcbe girdim. Ben de 49 senedir kul\u00fcbe gidip geliyorum. Bunda annemin \u00e7ok b\u00fcy\u00fck \u00e7abas\u0131 var. \u00d6zellikle ona te\u015fekk\u00fcr ediyorum. Yelken \u015fubesine beni g\u00f6ndermi\u015fti. Hemen akabininde ne kadar koyu Fenerbah\u00e7eli\u011fimi g\u00f6r\u00fcnce benim ya\u015f\u0131m tutmad\u0131\u011f\u0131 i\u00e7in kendisi kul\u00fcbe \u00fcye oldu. Ayr\u0131ca bir kez daha anneme te\u015fekk\u00fcr ediyorum. Gurur duydu\u011fumuz kul\u00fcb\u00fcm\u00fcz ve sporcular\u0131m\u0131z var. Kaptan Eda\u2019n\u0131n heykeli dikildi.<\/span><\/p>\n<p style=\"text-align: justify;\"><strong><span style=\"font-size: 18px;\">VOLEYBOLDAN SORUMLU Y\u00d6NET\u0130M KURULU \u00dcYEM\u0130Z HULUS\u0130 BELG\u00dc: H\u00dcSEY\u0130N BOZKURT\u2019A DESTEKLER\u0130 \u0130\u00c7\u0130N TE\u015eEKK\u00dcR ED\u0130YORUM. \u00c7OK B\u00dcY\u00dcK HEDEFLER\u0130M\u0130Z VAR.<\/span><\/strong><\/p>\n<p style=\"text-align: justify;\"><span style=\"font-size: 18px;\">Biz esas\u0131nda voleybolu H\u00fcseyin Bozkurt ile payla\u015f\u0131yoruz. Kendisi bizim sponsorumuz ve hakikaten kendileri c\u00f6mert bir sponsor. Kendisine bir kez daha te\u015fekk\u00fcr ediyorum. Bu arada \u00f6n\u00fcm\u00fczdeki d\u00f6nemde \u00e7ok b\u00fcy\u00fck hedeflerimizin oldu\u011funu bir kez daha bahsetmem de fayda var. Art\u0131k T\u00fcrkiye bizim i\u00e7in hedef de\u011fil. Bizim i\u00e7in sadece kad\u0131nlar\u0131m\u0131zda de\u011fil, erkeklerimizin de Avrupa\u2019da en \u00fcst seviyeye gelecek bir \u015fekilde bu \u00fc\u00e7 y\u0131ll\u0131k d\u00f6nemimizde elimizden gelen her \u015feyi beraberce yapaca\u011f\u0131z. Hat\u0131rlarsan\u0131z Ba\u015fkan\u0131m\u0131z se\u00e7im d\u00f6neminde bir s\u00f6z\u00fc vard\u0131. Antrenman salonunun yenilenmesiyle ilgili. Bununla alakal\u0131 da g\u00f6r\u00fc\u015fmelerimiz devam ediyor. \u00c7ok k\u0131sa bir zaman i\u00e7erisinde bunu da yapaca\u011f\u0131z. Tahmin ediyorum ki iki tane spor salonu Derea\u011fz\u0131\u2019nda bir y\u0131l i\u00e7erisinde hizmete girmi\u015f olacak. \u00c7ar\u015famba g\u00fcn\u00fc Belediye Ba\u015fkan\u0131 Mesut Bey ile bir toplant\u0131 yapaca\u011f\u0131m. O da \u00e7ok yard\u0131mc\u0131 oluyor. Tarihlerini belirleriz diye umut ediyorum.<\/span><\/p>\n<p style=\"text-align: justify;\"><strong><span style=\"font-size: 18px;\">VOLEYBOLDAN SORUMLU Y\u00d6NET\u0130M KURULU \u00dcYEM\u0130Z HULUS\u0130 BELG\u00dc: 6.500, 7.000 K\u0130\u015e\u0130L\u0130K B\u0130R SALON YAPMAK \u00dcZERE BERABER \u00c7ALI\u015eACA\u011eIZ<\/span><\/strong><\/p>\n<p style=\"text-align: justify;\"><span style=\"font-size: 18px;\">Benim ve H\u00fcseyin Bey\u2019in di\u011fer hayali de Fenerbah\u00e7e Kul\u00fcb\u00fc\u2019n\u00fcn voleybol \u015fubesiyle ilgili bir salonunun olmas\u0131. Bunu da in\u015fallah bu \u00fc\u00e7 y\u0131ll\u0131k s\u00fcre\u00e7 i\u00e7erisinde el birli\u011fi ile 6.500, 7.000 ki\u015filik bir salon yapmak \u00fczere beraber \u00e7al\u0131\u015faca\u011f\u0131z. Sevgili Mehmet Ali Ayd\u0131nlar da burada. Ondan da yard\u0131m alaca\u011f\u0131z. Fenerbah\u00e7e\u2019ye katk\u0131 sa\u011flam\u0131\u015f b\u00fct\u00fcn herkesten yard\u0131m alaca\u011f\u0131z. Kul\u00fcb\u00fcm\u00fczde voleybol \u015fubesini hem erkeklerde hem kad\u0131nlarda en \u00fcst d\u00fczeye \u00e7\u0131karmak i\u00e7in ve kal\u0131c\u0131 olmas\u0131 i\u00e7in daha b\u00fcy\u00fck b\u00fcy\u00fck ba\u015far\u0131lar i\u00e7in elimizden gelen her \u015feyi yapaca\u011f\u0131z. \u00c7ok te\u015fekk\u00fcr ediyorum.\u201d dedi.<\/span><\/p>\n<p style=\"text-align: justify;\"><strong><span style=\"font-size: 18px;\">MED\u0130CANA Y\u00d6NET\u0130M KURULU BA\u015eKAN YARDIMCISI ESEN T\u00dcMER: YANINIZDAYIZ VE BERABER\u0130Z<\/span><\/strong><\/p>\n<p style=\"text-align: justify;\"><span style=\"font-size: 18px;\">Voleybol \u015eubemizin sponsoru Medicana&#8217;n\u0131n tan\u0131t\u0131m filmin izlenmesinin ard\u0131ndan sahneye \u00e7\u0131kan Medicana Y\u00f6netim Kurulu Ba\u015fkan Yard\u0131mc\u0131s\u0131 Esen T\u00fcmer, \u201cSay\u0131n ba\u015fkan\u0131m, de\u011ferli y\u00f6neticiler, sevgili Medicana Ailesi ve ekranlar\u0131 ba\u015f\u0131nda bizleri izleyen \u00e7ok k\u0131ymetli Fenerbah\u00e7e camias\u0131 sizleri sevgi ve sayg\u0131yla selaml\u0131yorum.<\/span><\/p>\n<p style=\"text-align: justify;\"><span style=\"font-size: 18px;\">\u00d6ncelikle, bu ak\u015fam \u00e7ok \u00f6nemli bir geceye, 70. y\u0131l\u0131na \u015fahitlik olmaktan ad\u0131na onur duyuyoruz. Bildi\u011finiz \u00fczere Medicana, bu sene hem isim hem g\u00f6\u011f\u00fcs hem de sa\u011fl\u0131k sponsoru oldu. Ve biraz evvel filmde de g\u00f6rd\u00fc\u011f\u00fcn\u00fcz \u00fczere \u2018Yan\u0131n\u0131zday\u0131z ve beraberiz\u2019 slogan\u0131 \u00e7ok anlaml\u0131. Kalben s\u00f6yl\u00fcyorum bir cumhuriyet kad\u0131n\u0131 olarak ger\u00e7ekten voleybol tak\u0131m\u0131m\u0131zdaki \u00e7ok de\u011ferli oyuncular\u0131m\u0131z\u0131 can\u0131 g\u00f6n\u00fclden tebrik ediyorum. Medicana i\u00e7in \u00e7ok g\u00fczel kelimeler s\u00f6ylediniz. Ben, Say\u0131n H\u00fcseyin Bozkurt ad\u0131na vek\u00e2leten burada bulunuyorum. Kendisinin vizyonu ile hem e\u011fitim hem sa\u011fl\u0131k alan\u0131nda d\u00fcnya markas\u0131 olma yolculu\u011funday\u0131z. Say\u0131n Ba\u015fkan\u0131m\u0131z De\u011ferli Ali Bey, \u00e7ok g\u00fczel s\u00f6yledi \u2018D\u00fcnyan\u0131n en b\u00fcy\u00fck spor kul\u00fcb\u00fcy\u00fcz\u2019 \u00e7ok do\u011fru. Biz sizlerle gurur duyuyoruz, sizler de Medicana ile beraber g\u00f6\u011fs\u00fcn\u00fczde ta\u015f\u0131m\u0131z oldu\u011funuz formayla Medicana\u2019n\u0131n d\u00fcnya markas\u0131 olma yolculu\u011funa \u015fahitlik edece\u011finizi d\u00fc\u015f\u00fcn\u00fcyoruz. B\u00fcnyemizde bulunan MBA Okullar\u0131 ve Fenerbah\u00e7e \u00dcniversitesi ile yak\u0131nda uluslararas\u0131 yat\u0131r\u0131mlar\u0131m\u0131zla Balkanlardan, Avrupa\u2019ya bunlarla beraber \u0130ngiltere\u2019de yapt\u0131\u011f\u0131m\u0131z yat\u0131r\u0131mlar, hastane yat\u0131r\u0131mlar\u0131 ile beraber de \u00fcniversite i\u015f birlikleri ve yabanc\u0131 \u00fcniversitelerle de afiliasyonlar\u0131m\u0131z ger\u00e7ekle\u015fecektir. Ne demektir bu? Medicana, sa\u011fl\u0131\u011fa ve e\u011fitime sizin yan\u0131n\u0131zda destek olmaya devam edecektir. Sizleri sevgi ve sayg\u0131lar\u0131mla selaml\u0131yor, te\u015fekk\u00fcr ediyorum.\u201d diyerek konu\u015fmas\u0131n\u0131 tamamlad\u0131.<\/span><\/p>\n<p style=\"text-align: justify;\"><strong><span style=\"font-size: 18px;\">T\u00dcRK\u0130YE VOLEYBOL FEDERASYONU BA\u015eKANI MEHMET AK\u0130F \u00dcST\u00dcNDA\u011e: \u20182010-2011\u2019 D\u00d6NEM\u0130\u2026 ACIBADEM VE FENERBAH\u00c7E\u2019N\u0130N VOLEYBOLA YAPTI\u011eI YATIRIM VE VOLEYBOLUN T\u00dcRK\u0130YE VE AVRUPA\u2019DA ALMI\u015e OLDU\u011eU BA\u015eARILARIN HEM REYT\u0130NGLERLE HEM DE GELD\u0130\u011e\u0130 D\u00d6N\u00dcM NOKTASIDIR. BUNUN ALTINI \u00d6ZELL\u0130KLE \u00c7\u0130ZMEK \u0130ST\u0130YORUM<\/span><\/strong><\/p>\n<p style=\"text-align: justify;\"><span style=\"font-size: 18px;\">T\u00fcrkiye\u2019de voleybolun ivme yakalad\u0131\u011f\u0131 d\u00f6neme dikkat \u00e7eken T\u00fcrkiye Voleybol Federasyonu Ba\u015fkan\u0131 Mehmet Akif \u00dcst\u00fcnda\u011f ise, \u201c\u00c7ok de\u011ferli Ba\u015fkan\u0131m\u0131z Ali Ko\u00e7, de\u011ferli kat\u0131l\u0131mc\u0131lar, Fenerbah\u00e7e camias\u0131n\u0131n voleybol tarihinde nerelere geldi\u011fini g\u00f6r\u00fcyoruz ve bu s\u00fcre\u00e7te eme\u011fi ge\u00e7en herkese \u00e7ok te\u015fekk\u00fcr ediyorum.<\/span><\/p>\n<p style=\"text-align: justify;\"><span style=\"font-size: 18px;\">T\u00fcrk Voleybolu \u00e7ok \u00f6nemli yerlerde. Bug\u00fcn, sadece T\u00fcrkiye de\u011fil, Avrupa ve D\u00fcnyada da \u00e7ok \u00f6nemli ba\u015far\u0131lara imza atm\u0131\u015ft\u0131r ve bu ba\u015far\u0131lar pek \u00e7ok \u00fclkeye nasip olmam\u0131\u015ft\u0131r. Ama bug\u00fcn geldi\u011fimiz noktada, bu ba\u015far\u0131da sadece kerametin ki\u015filerde veya federasyonda de\u011fil alt\u0131n\u0131 \u00e7iziyorum biz, bu ba\u015far\u0131y\u0131 elde ettiysek payda\u015flar\u0131m\u0131z\u0131n deste\u011fi ve kul\u00fcplerimizin bizim yan\u0131m\u0131zda olmas\u0131yla elde ettik. Paris 2024\u2019de madalyayla d\u00f6nme hedefimiz vard\u0131 ama \u00e7ok b\u00fcy\u00fck \u015fanss\u0131zl\u0131klar ya\u015fad\u0131k. Ama bir y\u0131l \u00f6nce; Avrupa, D\u00fcnya ve Olimpiyatlara 22\/22 nama\u011flup giden ve d\u00fcnyada hi\u00e7bir \u00fclkede olmayan bu rekora imza att\u0131k.<\/span><\/p>\n<p style=\"text-align: justify;\"><span style=\"font-size: 18px;\">Bu s\u00fcre\u00e7te, T\u00fcrk Voleybolunun \u00e7ok b\u00fcy\u00fck bir ivme yakalad\u0131\u011f\u0131, \u015feklinin de\u011fi\u015fti\u011fi bir s\u00fcre\u00e7 vard\u0131r. Bu da hangi d\u00f6nemdir? \u20182010-2011\u2019 d\u00f6nemi\u2026 Ac\u0131badem ve Fenerbah\u00e7e\u2019nin voleybola yapt\u0131\u011f\u0131 yat\u0131r\u0131m ve voleybolun T\u00fcrkiye ve Avrupa\u2019da alm\u0131\u015f oldu\u011fu ba\u015far\u0131lar\u0131n hem reytinglerle hem de geldi\u011fi d\u00f6n\u00fcm noktas\u0131d\u0131r. Bunun alt\u0131n\u0131 \u00f6zellikle \u00e7izmek istiyorum ve 70 y\u0131ld\u0131r voleybola hizmet eden Fenerbah\u00e7e camias\u0131na ve eme\u011fi ge\u00e7en herkese \u00e7ok te\u015fekk\u00fcr ediyorum. Nice 70 y\u0131llara diyorum, voleybolu sevmekten hi\u00e7 vazge\u00e7meyin \u00e7\u00fcnk\u00fc voleybol sizleri \u00e7ok seviyor. Hepinize sevgi ve sayg\u0131lar\u0131m\u0131 sunuyorum.\u201d ifadelerini kulland\u0131.<\/span><\/p>\n<p style=\"text-align: justify;\"><strong><span style=\"font-size: 18px;\">TAR\u0130HE \u0130Z BIRAKAN FENERBAH\u00c7E KADINLARIMIZDAN AYTEN SAL\u0130H BERKALP, SORULARI YANITLADI<\/span><\/strong><\/p>\n<p style=\"text-align: justify;\"><span style=\"font-size: 18px;\">Ard\u0131ndan alk\u0131\u015flar e\u015fli\u011finde k\u00fcrs\u00fcye gelen atlet, basketbolcu, k\u00fcrek\u00e7i ve voleybolcu olarak kul\u00fcb\u00fcm\u00fcze y\u0131llarca hizmet eden, Fenerbah\u00e7emizin kad\u0131n basketbol ve voleybol \u015fubelerini kuran kaptan\u0131m\u0131z Ayten Salih Berkalp, kariyeri ve ya\u015fant\u0131s\u0131 hakk\u0131nda bilgiler verdi. Ba\u015fkan\u0131m\u0131za ve Y\u00f6netim Kurulumuza bu geceyi organize ettikleri i\u00e7in te\u015fekk\u00fcr eden Ayten Salih, Fenerbah\u00e7elili\u011fi ile ilgili konu\u015ftu ve sorular\u0131 yan\u0131tlad\u0131.<\/span><\/p>\n<p style=\"text-align: justify;\"><strong><span style=\"font-size: 18px;\">KAPTANIMIZ EDA ERDEM: DEVRALDI\u011eIMIZ BAYRA\u011eI EN \u0130Y\u0130 \u015eEK\u0130LDE TEMS\u0130L ETMEYE \u00c7ALI\u015eIYORUZ<\/span><\/strong><\/p>\n<p style=\"text-align: justify;\"><span style=\"font-size: 18px;\">Fenerbah\u00e7e Medicana Kad\u0131n Voleybol Tak\u0131m\u0131m\u0131z\u0131n Kaptan\u0131 Eda Erdem ise, \u201cBu \u00f6zel gecede voleybola hizmet etmi\u015f, \u00e7ubuklu forma ile tarihe ge\u00e7mi\u015f \u00e7ok de\u011ferli eski sporcu b\u00fcy\u00fcklerimizle ve k\u0131ymetli misafirlerimizle bir arada olmak ve Fenerbah\u00e7e Spor Kul\u00fcb\u00fc\u2019n\u00fcn sporcusu olarak, 70. y\u0131l\u0131na tan\u0131kl\u0131k etmek benim i\u00e7in \u00e7ok b\u00fcy\u00fck onur ve gurur kayna\u011f\u0131. Bu sezon Fenerbah\u00e7e Formas\u0131yla 17. sezonuma haz\u0131rlan\u0131yorum, Fenerbah\u00e7e\u2019ye geldi\u011fim 2008 y\u0131l\u0131na d\u00f6n\u00fcp bakarken tan\u0131k oldu\u011fum \u015feylere bakarken eminim Fenerbah\u00e7e\u2019de voleybol bran\u015f\u0131n\u0131n kurulmas\u0131na emek ve katk\u0131 veren insanlar\u0131n inan\u0131yorum ki bug\u00fcn geldi\u011fimiz nokta da bizlerle \u00e7ok gurur duydu\u011funu d\u00fc\u015f\u00fcn\u00fcyorum. \u00c7\u00fcnk\u00fc bizler devrald\u0131\u011f\u0131m\u0131z bayra\u011f\u0131 en iyi \u015fekilde temsil etmeye ve g\u00fcn\u00fc geldi\u011fi zaman zirvede tak\u0131m arkada\u015flar\u0131m\u0131zla beraber devretmek i\u00e7in tak\u0131m arkada\u015flar\u0131m\u0131zla beraber ciddi bir m\u00fccadele veriyoruz. O y\u00fczden bu gece burada bulunmaktan dolay\u0131 \u00e7ok mutluyum.\u201d \u0130fadelerini kulland\u0131 ve soru cevap k\u0131sm\u0131n\u0131n ard\u0131ndan konu\u015fmas\u0131n\u0131 bitirdi.<\/span><\/p>\n<p style=\"text-align: justify;\"><strong><span style=\"font-size: 18px;\">KAPTANIMIZ FAB\u0130AN DRZYZGA: FENERBAH\u00c7E \u00c7OK B\u00dcY\u00dcK B\u0130R KUL\u00dcP<\/span><\/strong><\/p>\n<p style=\"text-align: justify;\"><span style=\"font-size: 18px;\">Fenerbah\u00e7e Medicana Erkek Voleybol Tak\u0131m\u0131 Kaptan\u0131m\u0131z Fabian Drzyzga da, \u201c Benim i\u00e7in burada olmak \u00e7ok b\u00fcy\u00fck bir onur. Ben ilk defa buraday\u0131m, Eda gibi de\u011filim. Fenerbah\u00e7e sadece T\u00fcrkiye\u2019de de\u011fil Avrupa ve d\u00fcnyada da \u00e7ok b\u00fcy\u00fck bir kul\u00fcp. Sizlerle oldu\u011fum i\u00e7in \u00e7ok mutluyum.\u201d diyerek soru-cevap b\u00f6l\u00fcm\u00fcn\u00fcn ard\u0131ndan s\u00f6zlerine son verdi.<\/span><\/p>\n<p style=\"text-align: justify;\"><span style=\"font-size: 18px;\">Konu\u015fmalar\u0131n ard\u0131ndan Ba\u015fkan\u0131m\u0131z Ali Y. Ko\u00e7 ve Voleyboldan Sorumlu Y\u00f6neticimiz Hulusi Belg\u00fc, tarihe iz b\u0131rakm\u0131\u015f voleybolcular\u0131m\u0131z ve kaptanlar\u0131m\u0131z ile foto\u011fraf \u00e7ektirdi. Flama takdiminin devam\u0131nda 70. y\u0131la \u00f6zel pasta kesimi yap\u0131ld\u0131. Foto\u011fraf \u00e7ekiminin ard\u0131ndan gece K\u0131ra\u00e7 konseriyle tamamland\u0131.<\/span><\/p>\n<p style=\"text-align: left;\"><span style=\"font-size: 18px;\">Kaynak: <a href=\"https:\/\/www.fenerbahce.org\/haberler\/voleybol-kadin\/2024\/9\/70-yildir-el-ele-ve-daha-nice-zaferlere-fenerbahce-kadin-voleybol-takimimizin-70-yasi-kutlandi\" target=\"_blank\" rel=\"noopener\">Fenerbah\u00e7e SK Resmi \u0130nternet Sitesi<\/a><\/span><\/p>\n<p style=\"text-align: right;\"><br \/><span style=\"font-size: 18px;\">09\/09\/2024<\/span><\/p>\n\n","protected":false},"excerpt":{"rendered":"<p>1954 y\u0131l\u0131nda kurulan ve ulusal-uluslararas\u0131 arenada tarihi ba\u015far\u0131lara imza atan \u2026 <a class=\"continue-reading-link\" href=\"https:\/\/sarimelekler.biz\/?p=21026\">Okumaya Devam Et.. <span class=\"meta-nav\">&rarr; <\/span><\/a><\/p>\n","protected":false},"author":1,"featured_media":21031,"comment_status":"closed","ping_status":"open","sticky":false,"template":"","format":"standard","meta":{"jetpack_post_was_ever_published":false,"_jetpack_newsletter_access":"","_jetpack_dont_email_post_to_subs":false,"_jetpack_newsletter_tier_id":0,"_jetpack_memberships_contains_paywalled_content":false,"_jetpack_memberships_contains_paid_content":false,"footnotes":"","jetpack_publicize_message":"","jetpack_publicize_feature_enabled":true,"jetpack_social_post_already_shared":true,"jetpack_social_options":{"image_generator_settings":{"template":"highway","default_image_id":0,"font":"","enabled":false},"version":2}},"categories":[7],"tags":[],"class_list":["post-21026","post","type-post","status-publish","format-standard","has-post-thumbnail","hentry","category-haberler"],"jetpack_publicize_connections":[],"jetpack_featured_media_url":"https:\/\/sarimelekler.biz\/wp-content\/uploads\/2024\/09\/70.-Yil-Kutlamasi-5-scaled.jpg","jetpack_sharing_enabled":true,"jetpack_shortlink":"https:\/\/wp.me\/p8npUZ-5t8","jetpack-related-posts":[{"id":15489,"url":"https:\/\/sarimelekler.biz\/?p=15489","url_meta":{"origin":21026,"position":0},"title":"Ba\u015fkan\u0131m\u0131z Ali Ko\u00e7 ve Y\u00f6neticimiz Simla T\u00fcrker Bayaz\u0131t\u2019tan Naz Aydemir Akyol\u2019a \u00d6zel Plaket Takdim Edildi","author":"Edit\u00f6r","date":"18 Mart 2021","format":false,"excerpt":"Ba\u015fkan\u0131m\u0131z Ali Ko\u00e7 ile Y\u00f6neticimiz Simla T\u00fcrker Bayaz\u0131t, Uluslararas\u0131 Voleybol Federasyonu FIVB taraf\u0131ndan \"Son 10 Y\u0131l\u0131n En \u0130yi 100 Oyuncusu\" listesine se\u00e7ilen milli pas\u00f6r\u00fcm\u00fcz Naz Aydemir Akyol\u2019a, Zalgiris Kaunas ma\u00e7\u0131n\u0131n \u00fc\u00e7\u00fcnc\u00fc \u00e7eyre\u011fi sonunda plaket takdim etti. Fenerbah\u00e7e Opet Kad\u0131n Voleybol Tak\u0131m\u0131m\u0131z ile A Milli Kad\u0131n Voleybol Tak\u0131m\u0131m\u0131z\u0131n say\u0131s\u0131z ba\u015far\u0131s\u0131na imza\u2026","rel":"","context":"&quot;Haberler&quot; i\u00e7inde","block_context":{"text":"Haberler","link":"https:\/\/sarimelekler.biz\/?cat=7"},"img":{"alt_text":"","src":"https:\/\/i0.wp.com\/sarimelekler.biz\/wp-content\/uploads\/2021\/03\/Naz-100-9.jpg?resize=350%2C200&ssl=1","width":350,"height":200,"srcset":"https:\/\/i0.wp.com\/sarimelekler.biz\/wp-content\/uploads\/2021\/03\/Naz-100-9.jpg?resize=350%2C200&ssl=1 1x, https:\/\/i0.wp.com\/sarimelekler.biz\/wp-content\/uploads\/2021\/03\/Naz-100-9.jpg?resize=525%2C300&ssl=1 1.5x, https:\/\/i0.wp.com\/sarimelekler.biz\/wp-content\/uploads\/2021\/03\/Naz-100-9.jpg?resize=700%2C400&ssl=1 2x, https:\/\/i0.wp.com\/sarimelekler.biz\/wp-content\/uploads\/2021\/03\/Naz-100-9.jpg?resize=1050%2C600&ssl=1 3x, https:\/\/i0.wp.com\/sarimelekler.biz\/wp-content\/uploads\/2021\/03\/Naz-100-9.jpg?resize=1400%2C800&ssl=1 4x"},"classes":[]},{"id":15328,"url":"https:\/\/sarimelekler.biz\/?p=15328","url_meta":{"origin":21026,"position":1},"title":"Ba\u015fkan\u0131m\u0131z Ali Ko\u00e7 ve Y\u00f6neticimiz Simla T\u00fcrker Bayaz\u0131t Kaptan\u0131m\u0131z Eda Erdem D\u00fcndar\u2019a \u00d6zel Plaket Verdi","author":"Edit\u00f6r","date":"21 \u015eubat 2021","format":false,"excerpt":"Ba\u015fkan\u0131m\u0131z Ali Ko\u00e7 ile Y\u00f6neticimiz Simla T\u00fcrker Bayaz\u0131t, Uluslararas\u0131 Voleybol Federasyonu FIVB taraf\u0131ndan 'Tarihin En \u0130yi 100 Oyuncusu' listesine se\u00e7ilerek \u00fclkemizi gururland\u0131ran kaptan Eda Erdem D\u00fcndar\u2019a G\u00f6ztepe ma\u00e7\u0131 \u00f6ncesi plaket takdim etti. Kul\u00fcb\u00fcm\u00fcz\u00fcn y\u00fcz ak\u0131, Sar\u0131 Meleklerimiz ile A Milli Kad\u0131n Voleybol Tak\u0131m\u0131m\u0131z\u0131n kaptan\u0131, bir g\u00fcn onun gibi olmak isteyen\u2026","rel":"","context":"&quot;Haberler&quot; i\u00e7inde","block_context":{"text":"Haberler","link":"https:\/\/sarimelekler.biz\/?cat=7"},"img":{"alt_text":"","src":"https:\/\/i0.wp.com\/sarimelekler.biz\/wp-content\/uploads\/2021\/02\/Eda-Plaket-11.jpg?resize=350%2C200&ssl=1","width":350,"height":200,"srcset":"https:\/\/i0.wp.com\/sarimelekler.biz\/wp-content\/uploads\/2021\/02\/Eda-Plaket-11.jpg?resize=350%2C200&ssl=1 1x, https:\/\/i0.wp.com\/sarimelekler.biz\/wp-content\/uploads\/2021\/02\/Eda-Plaket-11.jpg?resize=525%2C300&ssl=1 1.5x, https:\/\/i0.wp.com\/sarimelekler.biz\/wp-content\/uploads\/2021\/02\/Eda-Plaket-11.jpg?resize=700%2C400&ssl=1 2x, https:\/\/i0.wp.com\/sarimelekler.biz\/wp-content\/uploads\/2021\/02\/Eda-Plaket-11.jpg?resize=1050%2C600&ssl=1 3x, https:\/\/i0.wp.com\/sarimelekler.biz\/wp-content\/uploads\/2021\/02\/Eda-Plaket-11.jpg?resize=1400%2C800&ssl=1 4x"},"classes":[]},{"id":21078,"url":"https:\/\/sarimelekler.biz\/?p=21078","url_meta":{"origin":21026,"position":2},"title":"Efsane Voleybolcumuz Eda Erdem\u2019in Ad\u0131 Ata\u015fehir\u2019de Bir Parka Verildi","author":"Edit\u00f6r","date":"30 Eyl\u00fcl 2024","format":false,"excerpt":"Elde etti\u011fi ba\u015far\u0131larla g\u00f6\u011fs\u00fcm\u00fcz\u00fc kabartan, \u00f6rnek ki\u015fili\u011fi ve duru\u015fu ile herkesin sevgisini kazanan, Fenerbah\u00e7e Medicana ve A Mill\u00ee Kad\u0131n Voleybol Tak\u0131m\u0131m\u0131z\u0131n efsane kaptan\u0131 Eda Erdem\u2019in ad\u0131 Ata\u015fehir\u2019de bir parka verildi. Atat\u00fcrk Mahallesi\u2019nde bulunan park\u0131n yenileme \u00e7al\u0131\u015fmalar\u0131n\u0131 ger\u00e7ekle\u015ftiren Ata\u015fehir Belediyesi, \u00e7al\u0131\u015fmalar\u0131n tamamlanmas\u0131n\u0131n ard\u0131ndan yeniden d\u00fczenlenen park\u0131, Kaptan Eda Erdem'in ismiyle ta\u00e7land\u0131rd\u0131.\u2026","rel":"","context":"&quot;Haberler&quot; i\u00e7inde","block_context":{"text":"Haberler","link":"https:\/\/sarimelekler.biz\/?cat=7"},"img":{"alt_text":"","src":"https:\/\/i0.wp.com\/sarimelekler.biz\/wp-content\/uploads\/2024\/09\/Eda-Erdem-Parki-4-scaled.jpg?resize=350%2C200&ssl=1","width":350,"height":200,"srcset":"https:\/\/i0.wp.com\/sarimelekler.biz\/wp-content\/uploads\/2024\/09\/Eda-Erdem-Parki-4-scaled.jpg?resize=350%2C200&ssl=1 1x, https:\/\/i0.wp.com\/sarimelekler.biz\/wp-content\/uploads\/2024\/09\/Eda-Erdem-Parki-4-scaled.jpg?resize=525%2C300&ssl=1 1.5x, https:\/\/i0.wp.com\/sarimelekler.biz\/wp-content\/uploads\/2024\/09\/Eda-Erdem-Parki-4-scaled.jpg?resize=700%2C400&ssl=1 2x, https:\/\/i0.wp.com\/sarimelekler.biz\/wp-content\/uploads\/2024\/09\/Eda-Erdem-Parki-4-scaled.jpg?resize=1050%2C600&ssl=1 3x, https:\/\/i0.wp.com\/sarimelekler.biz\/wp-content\/uploads\/2024\/09\/Eda-Erdem-Parki-4-scaled.jpg?resize=1400%2C800&ssl=1 4x"},"classes":[]},{"id":11959,"url":"https:\/\/sarimelekler.biz\/?p=11959","url_meta":{"origin":21026,"position":3},"title":"Fenerbah\u00e7e Opet Ve Fenerbah\u00e7e HDI Sigorta Bas\u0131n Mensuplar\u0131yla Bir Araya Geldi","author":"Edit\u00f6r","date":"12 Ekim 2019","format":false,"excerpt":"Fenerbah\u00e7e Opet Kad\u0131n ve Fenerbah\u00e7e HDI Erkek Voleybol Tak\u0131mlar\u0131m\u0131z, 2019-20 sezonu \u00f6ncesinde Derea\u011fz\u0131 Lefter K\u00fc\u00e7\u00fckandonyadis Tesislerimizde ger\u00e7ekle\u015ftirilen Medya G\u00fcn\u00fc\u2019nde bas\u0131n mensuplar\u0131yla bir araya geldi. Ev sahipli\u011fini, tak\u0131mlar\u0131m\u0131z\u0131n forma sponsoru Bilcee\u2019nin yapt\u0131\u011f\u0131 organizasyona; Ba\u015fkan\u0131m\u0131z Ali Ko\u00e7,\u00a0 Y\u00f6netim Kurulu \u00dcyelerimizden Simla T\u00fcrker Bayaz\u0131t ve \u0130lker Din\u00e7ay, Bilcee Group Y\u00f6netim Kurulu Ba\u015fkan\u0131 Hac\u0131\u2026","rel":"","context":"&quot;Haberler&quot; i\u00e7inde","block_context":{"text":"Haberler","link":"https:\/\/sarimelekler.biz\/?cat=7"},"img":{"alt_text":"","src":"https:\/\/i0.wp.com\/sarimelekler.biz\/wp-content\/uploads\/2019\/10\/Bilcee-Medya-G%C3%BCn%C3%BC-27.jpg?resize=350%2C200&ssl=1","width":350,"height":200,"srcset":"https:\/\/i0.wp.com\/sarimelekler.biz\/wp-content\/uploads\/2019\/10\/Bilcee-Medya-G%C3%BCn%C3%BC-27.jpg?resize=350%2C200&ssl=1 1x, https:\/\/i0.wp.com\/sarimelekler.biz\/wp-content\/uploads\/2019\/10\/Bilcee-Medya-G%C3%BCn%C3%BC-27.jpg?resize=525%2C300&ssl=1 1.5x, https:\/\/i0.wp.com\/sarimelekler.biz\/wp-content\/uploads\/2019\/10\/Bilcee-Medya-G%C3%BCn%C3%BC-27.jpg?resize=700%2C400&ssl=1 2x, https:\/\/i0.wp.com\/sarimelekler.biz\/wp-content\/uploads\/2019\/10\/Bilcee-Medya-G%C3%BCn%C3%BC-27.jpg?resize=1050%2C600&ssl=1 3x, https:\/\/i0.wp.com\/sarimelekler.biz\/wp-content\/uploads\/2019\/10\/Bilcee-Medya-G%C3%BCn%C3%BC-27.jpg?resize=1400%2C800&ssl=1 4x"},"classes":[]},{"id":11824,"url":"https:\/\/sarimelekler.biz\/?p=11824","url_meta":{"origin":21026,"position":4},"title":"Corendon Airlines ile Fenerbah\u00e7e Opet aras\u0131ndaki  Forma S\u0131rt Sponsorlu\u011fu T\u00f6reni Yap\u0131ld\u0131","author":"Edit\u00f6r","date":"18 Eyl\u00fcl 2019","format":false,"excerpt":"Fenerbah\u00e7e Opet Kad\u0131n Voleybol Tak\u0131m\u0131m\u0131z\u0131n, \u201c\u0130lklerin Havayolu\u201d Corendon Airlines ile ger\u00e7ekle\u015ftirdi\u011fi forma s\u0131rt sponsorlu\u011fu anla\u015fmas\u0131n\u0131n imza t\u00f6reni \u00dclker Stadyumu Fenerbah\u00e7e \u015e\u00fckr\u00fc Saraco\u011flu Spor Kompleksi 1907 Trib\u00fcn\u00fc\u2019nde yap\u0131ld\u0131. Ba\u015fkan\u0131m\u0131z Ali Ko\u00e7, Genel Sekreterimiz Sevil Zeynep Becan ile Y\u00f6netim Kurulu \u00dcyelerimizin haz\u0131r bulundu\u011fu imza t\u00f6reninde Ba\u015fkan Yard\u0131mc\u0131m\u0131z Burhan Kara\u00e7am, Corendon Airlines Y\u00f6netim\u2026","rel":"","context":"&quot;Haberler&quot; i\u00e7inde","block_context":{"text":"Haberler","link":"https:\/\/sarimelekler.biz\/?cat=7"},"img":{"alt_text":"","src":"https:\/\/i0.wp.com\/sarimelekler.biz\/wp-content\/uploads\/2019\/09\/12a611dd-78df-4a45-a8e4-2b5710ac851e.jpg?resize=350%2C200&ssl=1","width":350,"height":200,"srcset":"https:\/\/i0.wp.com\/sarimelekler.biz\/wp-content\/uploads\/2019\/09\/12a611dd-78df-4a45-a8e4-2b5710ac851e.jpg?resize=350%2C200&ssl=1 1x, https:\/\/i0.wp.com\/sarimelekler.biz\/wp-content\/uploads\/2019\/09\/12a611dd-78df-4a45-a8e4-2b5710ac851e.jpg?resize=525%2C300&ssl=1 1.5x, https:\/\/i0.wp.com\/sarimelekler.biz\/wp-content\/uploads\/2019\/09\/12a611dd-78df-4a45-a8e4-2b5710ac851e.jpg?resize=700%2C400&ssl=1 2x, https:\/\/i0.wp.com\/sarimelekler.biz\/wp-content\/uploads\/2019\/09\/12a611dd-78df-4a45-a8e4-2b5710ac851e.jpg?resize=1050%2C600&ssl=1 3x, https:\/\/i0.wp.com\/sarimelekler.biz\/wp-content\/uploads\/2019\/09\/12a611dd-78df-4a45-a8e4-2b5710ac851e.jpg?resize=1400%2C800&ssl=1 4x"},"classes":[]},{"id":15102,"url":"https:\/\/sarimelekler.biz\/?p=15102","url_meta":{"origin":21026,"position":5},"title":"Sar\u0131 Meleklerden \u2018Mesut Ol\u2019 Kampanyas\u0131na Destek","author":"Edit\u00f6r","date":"23 Ocak 2021","format":false,"excerpt":"Ba\u015fkan\u0131m\u0131z Ali Ko\u00e7 taraf\u0131ndan ba\u015flat\u0131lan \u2018Mesut Ol\u2019 kampanyas\u0131na Fenerbah\u00e7e Opet Kad\u0131n Voleybol Tak\u0131m\u0131m\u0131z\u0131n oyuncular\u0131 da destek verdi.Sar\u0131 Melekler, ligin 25.haftas\u0131nda Galatasaray HDI Sigorta\u2019y\u0131 3-0 ma\u011flup ettikleri ma\u00e7\u0131n ard\u0131ndan soyunma odas\u0131nda Mesut Ol yaz\u0131p 1907\u2019ye SMS att\u0131. \u00a0 \u00a0 \u00a0 \u00a0 \u00a0 Bu g\u00f6nderiyi Instagram'da g\u00f6r \u00a0 \u00a0 \u00a0 \u00a0 \u00a0\u2026","rel":"","context":"&quot;Haberler&quot; i\u00e7inde","block_context":{"text":"Haberler","link":"https:\/\/sarimelekler.biz\/?cat=7"},"img":{"alt_text":"","src":"https:\/\/i0.wp.com\/sarimelekler.biz\/wp-content\/uploads\/2021\/01\/Mesut-Ol-1.jpg?resize=350%2C200&ssl=1","width":350,"height":200,"srcset":"https:\/\/i0.wp.com\/sarimelekler.biz\/wp-content\/uploads\/2021\/01\/Mesut-Ol-1.jpg?resize=350%2C200&ssl=1 1x, https:\/\/i0.wp.com\/sarimelekler.biz\/wp-content\/uploads\/2021\/01\/Mesut-Ol-1.jpg?resize=525%2C300&ssl=1 1.5x, https:\/\/i0.wp.com\/sarimelekler.biz\/wp-content\/uploads\/2021\/01\/Mesut-Ol-1.jpg?resize=700%2C400&ssl=1 2x, https:\/\/i0.wp.com\/sarimelekler.biz\/wp-content\/uploads\/2021\/01\/Mesut-Ol-1.jpg?resize=1050%2C600&ssl=1 3x, https:\/\/i0.wp.com\/sarimelekler.biz\/wp-content\/uploads\/2021\/01\/Mesut-Ol-1.jpg?resize=1400%2C800&ssl=1 4x"},"classes":[]}],"_links":{"self":[{"href":"https:\/\/sarimelekler.biz\/index.php?rest_route=\/wp\/v2\/posts\/21026","targetHints":{"allow":["GET"]}}],"collection":[{"href":"https:\/\/sarimelekler.biz\/index.php?rest_route=\/wp\/v2\/posts"}],"about":[{"href":"https:\/\/sarimelekler.biz\/index.php?rest_route=\/wp\/v2\/types\/post"}],"author":[{"embeddable":true,"href":"https:\/\/sarimelekler.biz\/index.php?rest_route=\/wp\/v2\/users\/1"}],"replies":[{"embeddable":true,"href":"https:\/\/sarimelekler.biz\/index.php?rest_route=%2Fwp%2Fv2%2Fcomments&post=21026"}],"version-history":[{"count":1,"href":"https:\/\/sarimelekler.biz\/index.php?rest_route=\/wp\/v2\/posts\/21026\/revisions"}],"predecessor-version":[{"id":21048,"href":"https:\/\/sarimelekler.biz\/index.php?rest_route=\/wp\/v2\/posts\/21026\/revisions\/21048"}],"wp:featuredmedia":[{"embeddable":true,"href":"https:\/\/sarimelekler.biz\/index.php?rest_route=\/wp\/v2\/media\/21031"}],"wp:attachment":[{"href":"https:\/\/sarimelekler.biz\/index.php?rest_route=%2Fwp%2Fv2%2Fmedia&parent=21026"}],"wp:term":[{"taxonomy":"category","embeddable":true,"href":"https:\/\/sarimelekler.biz\/index.php?rest_route=%2Fwp%2Fv2%2Fcategories&post=21026"},{"taxonomy":"post_tag","embeddable":true,"href":"https:\/\/sarimelekler.biz\/index.php?rest_route=%2Fwp%2Fv2%2Ftags&post=21026"}],"curies":[{"name":"wp","href":"https:\/\/api.w.org\/{rel}","templated":true}]}}