{"id":21078,"date":"2024-09-30T21:41:23","date_gmt":"2024-09-30T18:41:23","guid":{"rendered":"https:\/\/sarimelekler.biz\/?p=21078"},"modified":"2024-09-30T21:41:24","modified_gmt":"2024-09-30T18:41:24","slug":"efsane-voleybolcumuz-eda-erdemin-adi-atasehirde-bir-parka-verildi","status":"publish","type":"post","link":"https:\/\/sarimelekler.biz\/?p=21078","title":{"rendered":"Efsane Voleybolcumuz Eda Erdem\u2019in Ad\u0131 Ata\u015fehir\u2019de Bir Parka Verildi"},"content":{"rendered":"<p style=\"text-align: justify;\"><span style=\"font-size: 18px;\">Elde etti\u011fi ba\u015far\u0131larla g\u00f6\u011fs\u00fcm\u00fcz\u00fc kabartan, \u00f6rnek ki\u015fili\u011fi ve duru\u015fu ile herkesin sevgisini kazanan, Fenerbah\u00e7e Medicana ve A Mill\u00ee Kad\u0131n Voleybol Tak\u0131m\u0131m\u0131z\u0131n efsane kaptan\u0131 Eda Erdem\u2019in ad\u0131 Ata\u015fehir\u2019de bir parka verildi.<\/span><br \/>\n<span style=\"font-size: 18px;\">Atat\u00fcrk Mahallesi\u2019nde bulunan park\u0131n yenileme \u00e7al\u0131\u015fmalar\u0131n\u0131 ger\u00e7ekle\u015ftiren Ata\u015fehir Belediyesi, \u00e7al\u0131\u015fmalar\u0131n tamamlanmas\u0131n\u0131n ard\u0131ndan yeniden d\u00fczenlenen park\u0131, Kaptan Eda Erdem&#8217;in ismiyle ta\u00e7land\u0131rd\u0131.<\/span><br \/>\n<span style=\"font-size: 18px;\">Toplam alan\u0131 4 bin 902 metrekare olan park\u0131n i\u00e7erisinde bulunan voleybol sahas\u0131na Eda Erdem i\u00e7in s\u00fcrpriz bir \u00e7al\u0131\u015fma da yap\u0131ld\u0131. Parkta bulunan voleybol sahas\u0131ndaki zemine Kaptan\u0131n ikonik pozu yerle\u015ftirildi.<\/span><br \/>\n<span style=\"font-size: 18px;\">Ata\u015fehir Belediye Ba\u015fkan\u0131 Onursal Ad\u0131g\u00fczel\u2019in ev sahipli\u011findeki park\u0131n a\u00e7\u0131l\u0131\u015f t\u00f6renine Ba\u015fkan\u0131m\u0131z Ali Y. Ko\u00e7, Y\u00f6netim Kurulu \u00dcyemiz Hulusi Belg\u00fc, Fenerbah\u00e7e Medicana Kad\u0131n Voleybol Tak\u0131m\u0131m\u0131z\u0131n Ba\u015fantren\u00f6r\u00fc Marco Fenoglio, Tak\u0131m Menajeri Pelin \u00c7elik, Kaptan\u0131m\u0131z Eda Erdem, T\u00fcrkiye Voleybol Federasyonu Ba\u015fkan\u0131 Mehmet Akif \u00dcst\u00fcnda\u011f, A Mill\u00ee Kad\u0131n Voleybol Tak\u0131m\u0131 Ba\u015fantren\u00f6r\u00fc Daniele Santarelli ve taraftarlar\u0131m\u0131z kat\u0131ld\u0131.<\/span><br \/>\n<span style=\"font-size: 18px;\">T\u00f6rende Ata\u015fehir Belediye Ba\u015fkan\u0131 Onursal Ad\u0131g\u00fczel, T\u00fcrkiye Voleybol Federasyonu Ba\u015fkan\u0131 Mehmet Akif \u00dcst\u00fcnda\u011f, A Mill\u00ee Kad\u0131n Voleybol Tak\u0131m\u0131 Ba\u015fantren\u00f6r\u00fc Daniele Santarelli, Fenerbah\u00e7e Medicana ve A Mill\u00ee Kad\u0131n Voleybol Tak\u0131m\u0131 Menajeri Pelin \u00c7elik ile Kaptan\u0131m\u0131z Eda Erdem birer konu\u015fma yapt\u0131.<\/span><\/p>\n<p style=\"text-align: justify;\"><span style=\"font-size: 18px;\"><strong>Ata\u015fehir Belediye Ba\u015fkan\u0131 Onursal Ad\u0131g\u00fczel:<\/strong> Sevgili kaptan\u0131m, ad\u0131n\u0131z\u0131 bu parka vermekten onur duyuyoruz. Eda\u2019n\u0131n m\u00fccadeleci ruhu bu parkta her zaman var olacak<\/span><br \/>\n<span style=\"font-size: 18px;\">A\u00e7\u0131l\u0131\u015f konu\u015fmas\u0131n\u0131 yapan Ata\u015fehir Belediye Ba\u015fkan\u0131 Onursal Ad\u0131g\u00fczel, \u201cSanat\u0131n ve gen\u00e7li\u011fin enerjisiyle Ata\u015fehirimiz i\u00e7in tarihe ge\u00e7ecek bir a\u00e7\u0131l\u0131\u015f yap\u0131yoruz. \u00c7ok mutluyuz. A Mill\u00ee Voleybol Tak\u0131m\u0131 ve Fenerbah\u00e7e Medicana Kad\u0131n Voleybol Tak\u0131m\u0131 Kaptan\u0131, T\u00fcrkiye\u2019nin gururu sevgili Eda Erdem\u2019in ad\u0131n\u0131 ta\u015f\u0131yan park\u0131m\u0131z\u0131n a\u00e7\u0131l\u0131\u015f\u0131n\u0131 ger\u00e7ekle\u015ftirece\u011fiz. Bu heyecan\u0131 anlaml\u0131 k\u0131lan bir di\u011fer nokta da sevgili Eda Erdem\u2019in Ata\u015fehir\u2019de ya\u015famas\u0131. Eda Erdem sadece ba\u015far\u0131l\u0131 bir sporcu de\u011fil, t\u00fcm gen\u00e7lere \u00f6rnek olan \u00e7al\u0131\u015fkanl\u0131\u011f\u0131yla \u00fclkemize defalarca gurur ya\u015fatan bir lider. Bug\u00fcn Eda Han\u0131mdan ald\u0131klar\u0131 ilhamla spor yapan b\u00fct\u00fcn Ata\u015fehirli gen\u00e7lere bu park\u0131 arma\u011fan ediyoruz. 17 mahallemize s\u0131k ziyaretlerde bulunuyorum. \u00d6zellikle gen\u00e7 k\u0131zlar\u0131m\u0131z bizden daha \u00e7ok voleybol sahas\u0131 istiyorlar. Bu iste\u011fin ger\u00e7ekle\u015fmesine katk\u0131 sunan \u00f6ncelikle sporcular\u0131m\u0131za, sonra Fenerbah\u00e7e gibi voleybola yat\u0131r\u0131m yapan kul\u00fcplerimize, ba\u015fta Say\u0131n Ba\u015fkan\u0131m\u0131z Ali Ko\u00e7\u2019a ve Federasyon Ba\u015fkan\u0131m\u0131z Akif \u00dcst\u00fcnda\u011f\u2019a \u00e7ok te\u015fekk\u00fcr ediyorum. T\u00fcrkiye voleybolda bir marka haline geliyor ve gen\u00e7lerimiz bizden voleybol oynayacaklar\u0131 a\u00e7\u0131k ve kapal\u0131 salonlar istiyorlar. Bu da bizim i\u00e7in b\u00fcy\u00fck bir mutluluk.<\/span><br \/>\n<span style=\"font-size: 18px;\">Eda Han\u0131m\u0131n m\u00fccadeleci ruhu bu parkta her zaman var olacak. Gen\u00e7lerimiz burada hayallerini ger\u00e7e\u011fe d\u00f6n\u00fc\u015ft\u00fcrecek. Bizim i\u00e7in en b\u00fcy\u00fck mutluluk bu. Ata\u015fehir Belediyesi olarak gen\u00e7lerin hayallerine ortak olmak istiyoruz. Daha \u00e7ok \u00e7ocuk, daha \u00e7ok gen\u00e7 spor yaps\u0131n, sanatla ilgilensin ama en \u00f6nemlisi kendilerini rahat\u00e7a ifade etsinler hayaller kursunlar. Biz de bu hayallere ortak olal\u0131m istiyoruz. Umar\u0131m Eda Han\u0131m\u0131n azmi ve kararl\u0131l\u0131\u011f\u0131 bu sahalarda spor yapan her gencimize ilham kayna\u011f\u0131 olsun.<\/span><\/p>\n<p style=\"text-align: justify;\"><span style=\"font-size: 18px;\">Gen\u00e7ler, bu park sizin. Burada sadece spor yapmayacaks\u0131n\u0131z, kendi ba\u015far\u0131 hik\u00e2yelerinizi yazacaks\u0131n\u0131z, Eda Erdem gibi zorluklar\u0131n \u00fcstesinden gelip b\u00fcy\u00fck zaferlere imza atacaks\u0131n\u0131z. Ben size \u00e7ok inan\u0131yorum.<\/span><br \/>\n<span style=\"font-size: 18px;\">Sevgili kaptan\u0131m, ad\u0131n\u0131z\u0131 bu parka vermekten onur duyuyoruz. Gen\u00e7lerimize rol model oldu\u011funuz, \u00f6zellikle gen\u00e7 k\u0131zlar\u0131m\u0131z\u0131 y\u00fcreklendirdi\u011finiz, \u00f6rnek oldu\u011funuz ve \u00fclkemizi ba\u015far\u0131yla temsil etti\u011finiz i\u00e7in, bayra\u011f\u0131m\u0131z\u0131 bir\u00e7ok kez g\u00f6ndere \u00e7ektirdi\u011finiz i\u00e7in Ata\u015fehirlilerin b\u00fcy\u00fck bir te\u015fekk\u00fcr\u00fcn\u00fc iletiyorum. \u0130yi ki vars\u0131n\u0131z.\u201d dedi.<\/span><\/p>\n<p style=\"text-align: justify;\"><span style=\"font-size: 18px;\"><strong>T\u00fcrkiye Voleybol Federasyonu Ba\u015fkan\u0131 Mehmet Akif \u00dcst\u00fcnda\u011f:<\/strong> Bu parka evlad\u0131m\u0131z\u0131n, gururumuzun, Eda Erdem isminin verilmesi bizi son derece mutlu etmi\u015f, gururland\u0131rm\u0131\u015ft\u0131r<\/span><br \/>\n<span style=\"font-size: 18px;\">T\u00fcrkiye Voleybol Federasyonu Ba\u015fkan\u0131 Mehmet Akif \u00dcst\u00fcnda\u011f, \u201cBu g\u00fczel, anlaml\u0131 g\u00fcnde sizle birlikte olmaktan gurur ve mutluluk duyuyorum. Bu parka evlad\u0131m\u0131z\u0131n, gururumuzun, \u00fclkesi i\u00e7in her \u015feyi yapan, gecesini g\u00fcnd\u00fcz\u00fcne katan, T\u00fcrk voleybolunun d\u00fcnyada \u00f6nemli noktalara gelmesinde liderlik yapan, y\u0131llar\u0131n\u0131 veren Eda Erdem isminin verilmesi bizi son derece mutlu etmi\u015f, gururland\u0131rm\u0131\u015ft\u0131r. Eme\u011fi ge\u00e7en herkese te\u015fekk\u00fcr ediyorum, hay\u0131rl\u0131, u\u011furlu olsun.<\/span><br \/>\n<span style=\"font-size: 18px;\">\u0130stanbul\u2019da bug\u00fcn tak\u0131m say\u0131m\u0131z 2200 oldu. Bu bir rekor. Ama salon ihtiyac\u0131m\u0131z var. Umar\u0131m en k\u0131sa s\u00fcrede de b\u00f6yle kapal\u0131 spor salonunun a\u00e7\u0131l\u0131\u015f\u0131n\u0131 yapman\u0131n gururunu ya\u015far\u0131z.\u201d \u015feklinde konu\u015ftu.<\/span><\/p>\n<p style=\"text-align: justify;\"><span style=\"font-size: 18px;\"><strong>T\u00fcrkiye A Mill\u00ee Kad\u0131n Voleybol Tak\u0131m\u0131 Ba\u015fantren\u00f6r\u00fc Daniele Santarelli:<\/strong> Eda\u2019yla gurur duyuyorum<\/span><br \/>\n<span style=\"font-size: 18px;\">A Mill\u00ee Kad\u0131n Voleybol Tak\u0131m\u0131 Ba\u015fantren\u00f6r\u00fc Daniele Santarelli, \u201cT\u00fcrkiye\u2019de olmak benim i\u00e7in \u00e7ok keyifli. Eda i\u00e7in burada olmak \u00e7ok b\u00fcy\u00fck bir onur ve gurur. Bu, Eda i\u00e7in k\u00fc\u00e7\u00fck bir hediye belki ama asl\u0131nda T\u00fcrkiye\u2019de ya\u015fayan t\u00fcm k\u0131z \u00e7ocuklar\u0131 i\u00e7in, spora g\u00f6n\u00fcl vermi\u015f t\u00fcm gen\u00e7ler i\u00e7in bir hediye. Eda \u00e7ok iyi bir profesyonel, \u00e7ok iyi bir oyuncu ve kaptan. \u00c7ok iyi bir \u00f6rnek ve rol model. E\u011fer ileride profesyonel bir oyuncu i\u00e7in rol model kimdir diye bir \u00f6rnek vermem gerekirse Eda Erdem ismi bu \u00f6rneklerin en ba\u015f\u0131nda geliyor. Burada bulunmaktan dolay\u0131 \u00e7ok mutluyum. Eda\u2019yla gurur duyuyorum.\u201d a\u00e7\u0131klamas\u0131nda bulundu.<\/span><\/p>\n<p style=\"text-align: justify;\"><span style=\"font-size: 18px;\"><strong>Fenerbah\u00e7e Medicana Kad\u0131n Voleybol Tak\u0131m\u0131m\u0131z\u0131n Menajeri Pelin \u00c7elik:<\/strong> Umar\u0131m Eda\u2019n\u0131n ismiyle bu parkta nice Edalar, nice voleybolcular, nice k\u00fc\u00e7\u00fck \u00e7ocuklar hayallerinin pe\u015finde ko\u015farlar<\/span><br \/>\n<span style=\"font-size: 18px;\">Fenerbah\u00e7e Medicana Kad\u0131n Voleybol Tak\u0131m\u0131m\u0131z\u0131n Menajeri Pelin \u00c7elik, \u201cEda\u2019n\u0131n eski bir tak\u0131m arkada\u015f\u0131, Fenerbah\u00e7e Medicana ve A Mill\u00ee Kad\u0131n Voleybol Tak\u0131m\u0131m\u0131z\u0131n Tak\u0131m Menajeri olarak Eda\u2019n\u0131n sahip oldu\u011fu her \u015feyi fazlas\u0131yla hak etti\u011fini d\u00fc\u015f\u00fcn\u00fcyorum. Gerek profesyonelli\u011fi gerek oyunculu\u011fu gerek ki\u015fili\u011fiyle k\u0131z \u00e7ocuklar\u0131m\u0131za ve T\u00fcrk sporuna bir \u00f6rnek te\u015fkil ediyor. Onunla \u00e7al\u0131\u015f\u0131yor olmaktan b\u00fcy\u00fck bir gurur duyuyorum. Umar\u0131m Eda\u2019n\u0131n ismiyle bu parkta nice Edalar, nice voleybolcular, nice k\u00fc\u00e7\u00fck \u00e7ocuklar hayallerinin pe\u015finde ko\u015farlar ve Eda gibi hayallerine ula\u015f\u0131rlar.\u201d ifadelerini kulland\u0131.<\/span><\/p>\n<p style=\"text-align: justify;\"><span style=\"font-size: 18px;\"><strong>Kaptan\u0131m\u0131z Eda Erdem:<\/strong> Ad\u0131m\u0131n bu parka verilmesi benim i\u00e7in tarif edilemez bir gurur kayna\u011f\u0131<\/span><\/p>\n<p style=\"text-align: justify;\"><span style=\"font-size: 18px;\">T\u00f6rende son olarak s\u00f6z alan Kaptan\u0131m\u0131z Eda Erdem ise \u015fu \u015fekilde konu\u015ftu:<\/span><br \/>\n<span style=\"font-size: 18px;\">\u201cBug\u00fcn burada benim ad\u0131m\u0131 ta\u015f\u0131yan bu g\u00fczel park\u0131n a\u00e7\u0131l\u0131\u015f\u0131nda sizlerle bir arada olmaktan dolay\u0131 mutluluk ve gurur duyuyorum. 16 y\u0131ld\u0131r ya\u015fad\u0131\u011f\u0131m, d\u00f6n\u00fc\u015f\u00fcm\u00fcne, geli\u015fimine tan\u0131kl\u0131k etti\u011fim, bir par\u00e7as\u0131 oldu\u011fum Ata\u015fehir il\u00e7esinde hem de Atat\u00fcrk Mahallesinde b\u00f6yle bir park\u0131n var olmas\u0131 ve ad\u0131m\u0131n bu parka verilmesi benim i\u00e7in tarif edilemez bir gurur kayna\u011f\u0131.<\/span><br \/>\n<span style=\"font-size: 18px;\">Parklar gen\u00e7lerin ve \u00e7ocuklar\u0131n spor yaparak gelece\u011fe haz\u0131rland\u0131\u011f\u0131, kom\u015fular\u0131n sosyalle\u015fti\u011fi \u00f6nemli bulu\u015fma noktalar\u0131d\u0131r. Umuyorum bu park da Ata\u015fehir i\u00e7in \u00f6zellikle gen\u00e7lerimiz ve voleybolseverler i\u00e7in b\u00f6yle olacak ve sporun birle\u015ftirici g\u00fcc\u00fcn\u00fc en iyi \u015fekilde yans\u0131tacak.<\/span><br \/>\n<span style=\"font-size: 18px;\">Bu sahalarda yeni nesiller bir araya geldi\u011finde tak\u0131m olmay\u0131 ve ortak hedefler u\u011fruna m\u00fccadele etmeyi \u00f6\u011frenecekler. Burada ayr\u0131\u015fmay\u0131 de\u011fil birli\u011fi ve beraberli\u011fi se\u00e7erek tak\u0131m arkada\u015flar\u0131na sar\u0131lacaklar. Bizler de spor sevgisini yeni nesillere a\u015f\u0131layaca\u011f\u0131z, bu sevgi onlara hayat\u0131, payla\u015fmay\u0131 ve \u2018ben\u2019 de\u011fil, \u2018biz\u2019 demeyi \u00f6\u011fretecek.<\/span><br \/>\n<span style=\"font-size: 18px;\">Yeti\u015fen bu yeni nesil kazand\u0131klar\u0131 motivasyonla \u00fclkemizi daha ayd\u0131nl\u0131k yar\u0131nlara ta\u015f\u0131yacak. Bug\u00fcn burada olan herkese, ba\u015fta bu projeyi hayata ge\u00e7iren ve eme\u011fi ge\u00e7enlere verdi\u011finiz de\u011fer ve g\u00f6sterdi\u011finiz minnet i\u00e7in \u00e7ok te\u015fekk\u00fcr ederim. Park\u0131m\u0131z\u0131n Ata\u015fehir\u2019e ve \u0130stanbul\u2019a hay\u0131rl\u0131 olmas\u0131n\u0131 diliyor ve herkesin burada g\u00fczel an\u0131lar biriktirmesini temenni ediyorum.\u201d<\/span><br \/>\n<span style=\"font-size: 18px;\">Konu\u015fmalar\u0131n ard\u0131ndan kurdele kesimiyle park\u0131n a\u00e7\u0131l\u0131\u015f\u0131 ger\u00e7ekle\u015ftirildi ve hediye takdiminde bulunuldu.<\/span><br \/>\n<span style=\"font-size: 18px;\">Taraftarlar ve \u00f6\u011frenciler a\u00e7\u0131l\u0131\u015f t\u00f6reninde Ba\u015fkan\u0131m\u0131z Ali Y. Ko\u00e7 ve Kaptan\u0131m\u0131z Eda Erdem&#8217;e yo\u011fun ilgi g\u00f6sterdi.<\/span><br \/>\n<span style=\"font-size: 18px;\">T\u00f6ren, foto\u011fraf \u00e7ekimi ve park\u0131n gezilmesiyle sona erdi. Kaptan\u0131m\u0131z resminin yer ald\u0131\u011f\u0131 voleybol sahas\u0131nda \u00f6\u011frencilerle yak\u0131ndan ilgilenerek hat\u0131ra foto\u011fraflar\u0131 \u00e7ektirdi.<\/span><\/p>\n\n\t\t<style type=\"text\/css\">\n\t\t\t#gallery-1 {\n\t\t\t\tmargin: auto;\n\t\t\t}\n\t\t\t#gallery-1 .gallery-item {\n\t\t\t\tfloat: left;\n\t\t\t\tmargin-top: 10px;\n\t\t\t\ttext-align: center;\n\t\t\t\twidth: 20%;\n\t\t\t}\n\t\t\t#gallery-1 img {\n\t\t\t\tborder: 2px solid #cfcfcf;\n\t\t\t}\n\t\t\t#gallery-1 .gallery-caption {\n\t\t\t\tmargin-left: 0;\n\t\t\t}\n\t\t\t\/* see gallery_shortcode() in wp-includes\/media.php *\/\n\t\t<\/style>\n\t\t<div data-carousel-extra='{&quot;blog_id&quot;:1,&quot;permalink&quot;:&quot;https:\/\/sarimelekler.biz\/?p=21078&quot;}' id='gallery-1' class='gallery galleryid-21078 gallery-columns-5 gallery-size-thumbnail'><dl class='gallery-item'>\n\t\t\t<dt class='gallery-icon landscape'>\n\t\t\t\t<a href='https:\/\/sarimelekler.biz\/?attachment_id=21079'><img loading=\"lazy\" decoding=\"async\" width=\"150\" height=\"150\" src=\"https:\/\/sarimelekler.biz\/wp-content\/uploads\/2024\/09\/Eda-Erdem-Parki-1-150x150.jpg\" class=\"attachment-thumbnail size-thumbnail\" alt=\"\" data-attachment-id=\"21079\" data-permalink=\"https:\/\/sarimelekler.biz\/?attachment_id=21079\" data-orig-file=\"https:\/\/sarimelekler.biz\/wp-content\/uploads\/2024\/09\/Eda-Erdem-Parki-1-scaled.jpg\" data-orig-size=\"2560,1501\" data-comments-opened=\"0\" data-image-meta=\"{&quot;aperture&quot;:&quot;3.2&quot;,&quot;credit&quot;:&quot;&quot;,&quot;camera&quot;:&quot;Canon EOS R3&quot;,&quot;caption&quot;:&quot;&quot;,&quot;created_timestamp&quot;:&quot;1727449147&quot;,&quot;copyright&quot;:&quot;&quot;,&quot;focal_length&quot;:&quot;24&quot;,&quot;iso&quot;:&quot;500&quot;,&quot;shutter_speed&quot;:&quot;0.002&quot;,&quot;title&quot;:&quot;&quot;,&quot;orientation&quot;:&quot;1&quot;}\" data-image-title=\"Eda Erdem Park\u0131 (1)\" data-image-description=\"\" data-image-caption=\"\" data-large-file=\"https:\/\/sarimelekler.biz\/wp-content\/uploads\/2024\/09\/Eda-Erdem-Parki-1-1024x600.jpg\" \/><\/a>\n\t\t\t<\/dt><\/dl><dl class='gallery-item'>\n\t\t\t<dt class='gallery-icon landscape'>\n\t\t\t\t<a href='https:\/\/sarimelekler.biz\/?attachment_id=21080'><img loading=\"lazy\" decoding=\"async\" width=\"150\" height=\"150\" src=\"https:\/\/sarimelekler.biz\/wp-content\/uploads\/2024\/09\/Eda-Erdem-Parki-2-150x150.jpg\" class=\"attachment-thumbnail size-thumbnail\" alt=\"\" data-attachment-id=\"21080\" data-permalink=\"https:\/\/sarimelekler.biz\/?attachment_id=21080\" data-orig-file=\"https:\/\/sarimelekler.biz\/wp-content\/uploads\/2024\/09\/Eda-Erdem-Parki-2-scaled.jpg\" data-orig-size=\"2560,2184\" data-comments-opened=\"0\" data-image-meta=\"{&quot;aperture&quot;:&quot;5&quot;,&quot;credit&quot;:&quot;&quot;,&quot;camera&quot;:&quot;Canon EOS R3&quot;,&quot;caption&quot;:&quot;&quot;,&quot;created_timestamp&quot;:&quot;1727450990&quot;,&quot;copyright&quot;:&quot;&quot;,&quot;focal_length&quot;:&quot;24&quot;,&quot;iso&quot;:&quot;1000&quot;,&quot;shutter_speed&quot;:&quot;0.0015625&quot;,&quot;title&quot;:&quot;&quot;,&quot;orientation&quot;:&quot;1&quot;}\" data-image-title=\"Eda Erdem Park\u0131 (2)\" data-image-description=\"\" data-image-caption=\"\" data-large-file=\"https:\/\/sarimelekler.biz\/wp-content\/uploads\/2024\/09\/Eda-Erdem-Parki-2-1024x874.jpg\" \/><\/a>\n\t\t\t<\/dt><\/dl><dl class='gallery-item'>\n\t\t\t<dt class='gallery-icon landscape'>\n\t\t\t\t<a href='https:\/\/sarimelekler.biz\/?attachment_id=21081'><img loading=\"lazy\" decoding=\"async\" width=\"150\" height=\"150\" src=\"https:\/\/sarimelekler.biz\/wp-content\/uploads\/2024\/09\/Eda-Erdem-Parki-3-150x150.jpg\" class=\"attachment-thumbnail size-thumbnail\" alt=\"\" data-attachment-id=\"21081\" data-permalink=\"https:\/\/sarimelekler.biz\/?attachment_id=21081\" data-orig-file=\"https:\/\/sarimelekler.biz\/wp-content\/uploads\/2024\/09\/Eda-Erdem-Parki-3-scaled.jpg\" data-orig-size=\"2560,1519\" data-comments-opened=\"0\" data-image-meta=\"{&quot;aperture&quot;:&quot;5&quot;,&quot;credit&quot;:&quot;&quot;,&quot;camera&quot;:&quot;Canon EOS R3&quot;,&quot;caption&quot;:&quot;&quot;,&quot;created_timestamp&quot;:&quot;1727450573&quot;,&quot;copyright&quot;:&quot;&quot;,&quot;focal_length&quot;:&quot;24&quot;,&quot;iso&quot;:&quot;1000&quot;,&quot;shutter_speed&quot;:&quot;0.002&quot;,&quot;title&quot;:&quot;&quot;,&quot;orientation&quot;:&quot;1&quot;}\" data-image-title=\"Eda Erdem Park\u0131 (3)\" data-image-description=\"\" data-image-caption=\"\" data-large-file=\"https:\/\/sarimelekler.biz\/wp-content\/uploads\/2024\/09\/Eda-Erdem-Parki-3-1024x608.jpg\" \/><\/a>\n\t\t\t<\/dt><\/dl><dl class='gallery-item'>\n\t\t\t<dt class='gallery-icon landscape'>\n\t\t\t\t<a href='https:\/\/sarimelekler.biz\/?attachment_id=21082'><img loading=\"lazy\" decoding=\"async\" width=\"150\" height=\"150\" src=\"https:\/\/sarimelekler.biz\/wp-content\/uploads\/2024\/09\/Eda-Erdem-Parki-4-150x150.jpg\" class=\"attachment-thumbnail size-thumbnail\" alt=\"\" data-attachment-id=\"21082\" data-permalink=\"https:\/\/sarimelekler.biz\/?attachment_id=21082\" data-orig-file=\"https:\/\/sarimelekler.biz\/wp-content\/uploads\/2024\/09\/Eda-Erdem-Parki-4-scaled.jpg\" data-orig-size=\"2560,1706\" data-comments-opened=\"0\" data-image-meta=\"{&quot;aperture&quot;:&quot;4.5&quot;,&quot;credit&quot;:&quot;&quot;,&quot;camera&quot;:&quot;Canon EOS R3&quot;,&quot;caption&quot;:&quot;&quot;,&quot;created_timestamp&quot;:&quot;1727450518&quot;,&quot;copyright&quot;:&quot;&quot;,&quot;focal_length&quot;:&quot;35&quot;,&quot;iso&quot;:&quot;1000&quot;,&quot;shutter_speed&quot;:&quot;0.002&quot;,&quot;title&quot;:&quot;&quot;,&quot;orientation&quot;:&quot;1&quot;}\" data-image-title=\"Eda Erdem Park\u0131 (4)\" data-image-description=\"\" data-image-caption=\"\" data-large-file=\"https:\/\/sarimelekler.biz\/wp-content\/uploads\/2024\/09\/Eda-Erdem-Parki-4-1024x683.jpg\" \/><\/a>\n\t\t\t<\/dt><\/dl><dl class='gallery-item'>\n\t\t\t<dt class='gallery-icon landscape'>\n\t\t\t\t<a href='https:\/\/sarimelekler.biz\/?attachment_id=21083'><img loading=\"lazy\" decoding=\"async\" width=\"150\" height=\"150\" src=\"https:\/\/sarimelekler.biz\/wp-content\/uploads\/2024\/09\/Eda-Erdem-Parki-5-150x150.jpg\" class=\"attachment-thumbnail size-thumbnail\" alt=\"\" data-attachment-id=\"21083\" data-permalink=\"https:\/\/sarimelekler.biz\/?attachment_id=21083\" data-orig-file=\"https:\/\/sarimelekler.biz\/wp-content\/uploads\/2024\/09\/Eda-Erdem-Parki-5-scaled.jpg\" data-orig-size=\"2560,1504\" data-comments-opened=\"0\" data-image-meta=\"{&quot;aperture&quot;:&quot;4.5&quot;,&quot;credit&quot;:&quot;&quot;,&quot;camera&quot;:&quot;Canon EOS R3&quot;,&quot;caption&quot;:&quot;&quot;,&quot;created_timestamp&quot;:&quot;1727450594&quot;,&quot;copyright&quot;:&quot;&quot;,&quot;focal_length&quot;:&quot;24&quot;,&quot;iso&quot;:&quot;1000&quot;,&quot;shutter_speed&quot;:&quot;0.002&quot;,&quot;title&quot;:&quot;&quot;,&quot;orientation&quot;:&quot;1&quot;}\" data-image-title=\"Eda Erdem Park\u0131 (5)\" data-image-description=\"\" data-image-caption=\"\" data-large-file=\"https:\/\/sarimelekler.biz\/wp-content\/uploads\/2024\/09\/Eda-Erdem-Parki-5-1024x602.jpg\" \/><\/a>\n\t\t\t<\/dt><\/dl><br style=\"clear: both\" \/><dl class='gallery-item'>\n\t\t\t<dt class='gallery-icon portrait'>\n\t\t\t\t<a href='https:\/\/sarimelekler.biz\/?attachment_id=21084'><img loading=\"lazy\" decoding=\"async\" width=\"150\" height=\"150\" src=\"https:\/\/sarimelekler.biz\/wp-content\/uploads\/2024\/09\/Eda-Erdem-Parki-6-150x150.jpg\" class=\"attachment-thumbnail size-thumbnail\" alt=\"\" data-attachment-id=\"21084\" data-permalink=\"https:\/\/sarimelekler.biz\/?attachment_id=21084\" data-orig-file=\"https:\/\/sarimelekler.biz\/wp-content\/uploads\/2024\/09\/Eda-Erdem-Parki-6-scaled.jpg\" data-orig-size=\"1861,2560\" data-comments-opened=\"0\" data-image-meta=\"{&quot;aperture&quot;:&quot;4.5&quot;,&quot;credit&quot;:&quot;&quot;,&quot;camera&quot;:&quot;Canon EOS R3&quot;,&quot;caption&quot;:&quot;&quot;,&quot;created_timestamp&quot;:&quot;1727451246&quot;,&quot;copyright&quot;:&quot;&quot;,&quot;focal_length&quot;:&quot;34&quot;,&quot;iso&quot;:&quot;1000&quot;,&quot;shutter_speed&quot;:&quot;0.0015625&quot;,&quot;title&quot;:&quot;&quot;,&quot;orientation&quot;:&quot;1&quot;}\" data-image-title=\"Eda Erdem Park\u0131 (6)\" data-image-description=\"\" data-image-caption=\"\" data-large-file=\"https:\/\/sarimelekler.biz\/wp-content\/uploads\/2024\/09\/Eda-Erdem-Parki-6-744x1024.jpg\" \/><\/a>\n\t\t\t<\/dt><\/dl><dl class='gallery-item'>\n\t\t\t<dt class='gallery-icon landscape'>\n\t\t\t\t<a href='https:\/\/sarimelekler.biz\/?attachment_id=21085'><img loading=\"lazy\" decoding=\"async\" width=\"150\" height=\"150\" src=\"https:\/\/sarimelekler.biz\/wp-content\/uploads\/2024\/09\/Eda-Erdem-Parki-7-150x150.jpg\" class=\"attachment-thumbnail size-thumbnail\" alt=\"\" data-attachment-id=\"21085\" data-permalink=\"https:\/\/sarimelekler.biz\/?attachment_id=21085\" data-orig-file=\"https:\/\/sarimelekler.biz\/wp-content\/uploads\/2024\/09\/Eda-Erdem-Parki-7-scaled.jpg\" data-orig-size=\"2560,1638\" data-comments-opened=\"0\" data-image-meta=\"{&quot;aperture&quot;:&quot;4&quot;,&quot;credit&quot;:&quot;&quot;,&quot;camera&quot;:&quot;Canon EOS R3&quot;,&quot;caption&quot;:&quot;&quot;,&quot;created_timestamp&quot;:&quot;1727450382&quot;,&quot;copyright&quot;:&quot;&quot;,&quot;focal_length&quot;:&quot;27&quot;,&quot;iso&quot;:&quot;800&quot;,&quot;shutter_speed&quot;:&quot;0.0015625&quot;,&quot;title&quot;:&quot;&quot;,&quot;orientation&quot;:&quot;1&quot;}\" data-image-title=\"Eda Erdem Park\u0131 (7)\" data-image-description=\"\" data-image-caption=\"\" data-large-file=\"https:\/\/sarimelekler.biz\/wp-content\/uploads\/2024\/09\/Eda-Erdem-Parki-7-1024x655.jpg\" \/><\/a>\n\t\t\t<\/dt><\/dl><dl class='gallery-item'>\n\t\t\t<dt class='gallery-icon landscape'>\n\t\t\t\t<a href='https:\/\/sarimelekler.biz\/?attachment_id=21086'><img loading=\"lazy\" decoding=\"async\" width=\"150\" height=\"150\" src=\"https:\/\/sarimelekler.biz\/wp-content\/uploads\/2024\/09\/Eda-Erdem-Parki-8-150x150.jpg\" class=\"attachment-thumbnail size-thumbnail\" alt=\"\" data-attachment-id=\"21086\" data-permalink=\"https:\/\/sarimelekler.biz\/?attachment_id=21086\" data-orig-file=\"https:\/\/sarimelekler.biz\/wp-content\/uploads\/2024\/09\/Eda-Erdem-Parki-8-scaled.jpg\" data-orig-size=\"2560,1706\" data-comments-opened=\"0\" data-image-meta=\"{&quot;aperture&quot;:&quot;5.6&quot;,&quot;credit&quot;:&quot;&quot;,&quot;camera&quot;:&quot;Canon EOS R3&quot;,&quot;caption&quot;:&quot;&quot;,&quot;created_timestamp&quot;:&quot;1727449452&quot;,&quot;copyright&quot;:&quot;&quot;,&quot;focal_length&quot;:&quot;70&quot;,&quot;iso&quot;:&quot;800&quot;,&quot;shutter_speed&quot;:&quot;0.002&quot;,&quot;title&quot;:&quot;&quot;,&quot;orientation&quot;:&quot;1&quot;}\" data-image-title=\"Eda Erdem Park\u0131 (8)\" data-image-description=\"\" data-image-caption=\"\" data-large-file=\"https:\/\/sarimelekler.biz\/wp-content\/uploads\/2024\/09\/Eda-Erdem-Parki-8-1024x683.jpg\" \/><\/a>\n\t\t\t<\/dt><\/dl><dl class='gallery-item'>\n\t\t\t<dt class='gallery-icon landscape'>\n\t\t\t\t<a href='https:\/\/sarimelekler.biz\/?attachment_id=21087'><img loading=\"lazy\" decoding=\"async\" width=\"150\" height=\"150\" src=\"https:\/\/sarimelekler.biz\/wp-content\/uploads\/2024\/09\/Eda-Erdem-Parki-9-150x150.jpg\" class=\"attachment-thumbnail size-thumbnail\" alt=\"\" data-attachment-id=\"21087\" data-permalink=\"https:\/\/sarimelekler.biz\/?attachment_id=21087\" data-orig-file=\"https:\/\/sarimelekler.biz\/wp-content\/uploads\/2024\/09\/Eda-Erdem-Parki-9-scaled.jpg\" data-orig-size=\"2560,1706\" data-comments-opened=\"0\" data-image-meta=\"{&quot;aperture&quot;:&quot;6.3&quot;,&quot;credit&quot;:&quot;&quot;,&quot;camera&quot;:&quot;Canon EOS R3&quot;,&quot;caption&quot;:&quot;&quot;,&quot;created_timestamp&quot;:&quot;1727451917&quot;,&quot;copyright&quot;:&quot;&quot;,&quot;focal_length&quot;:&quot;24&quot;,&quot;iso&quot;:&quot;1000&quot;,&quot;shutter_speed&quot;:&quot;0.0015625&quot;,&quot;title&quot;:&quot;&quot;,&quot;orientation&quot;:&quot;1&quot;}\" data-image-title=\"Eda Erdem Park\u0131 (9)\" data-image-description=\"\" data-image-caption=\"\" data-large-file=\"https:\/\/sarimelekler.biz\/wp-content\/uploads\/2024\/09\/Eda-Erdem-Parki-9-1024x683.jpg\" \/><\/a>\n\t\t\t<\/dt><\/dl><dl class='gallery-item'>\n\t\t\t<dt class='gallery-icon landscape'>\n\t\t\t\t<a href='https:\/\/sarimelekler.biz\/?attachment_id=21088'><img loading=\"lazy\" decoding=\"async\" width=\"150\" height=\"150\" src=\"https:\/\/sarimelekler.biz\/wp-content\/uploads\/2024\/09\/Eda-Erdem-Parki-10-150x150.jpg\" class=\"attachment-thumbnail size-thumbnail\" alt=\"\" data-attachment-id=\"21088\" data-permalink=\"https:\/\/sarimelekler.biz\/?attachment_id=21088\" data-orig-file=\"https:\/\/sarimelekler.biz\/wp-content\/uploads\/2024\/09\/Eda-Erdem-Parki-10-scaled.jpg\" data-orig-size=\"2560,1583\" data-comments-opened=\"0\" data-image-meta=\"{&quot;aperture&quot;:&quot;5&quot;,&quot;credit&quot;:&quot;&quot;,&quot;camera&quot;:&quot;Canon EOS R3&quot;,&quot;caption&quot;:&quot;&quot;,&quot;created_timestamp&quot;:&quot;1727451864&quot;,&quot;copyright&quot;:&quot;&quot;,&quot;focal_length&quot;:&quot;29&quot;,&quot;iso&quot;:&quot;1000&quot;,&quot;shutter_speed&quot;:&quot;0.0015625&quot;,&quot;title&quot;:&quot;&quot;,&quot;orientation&quot;:&quot;1&quot;}\" data-image-title=\"Eda Erdem Park\u0131 (10)\" data-image-description=\"\" data-image-caption=\"\" data-large-file=\"https:\/\/sarimelekler.biz\/wp-content\/uploads\/2024\/09\/Eda-Erdem-Parki-10-1024x633.jpg\" \/><\/a>\n\t\t\t<\/dt><\/dl><br style=\"clear: both\" \/><dl class='gallery-item'>\n\t\t\t<dt class='gallery-icon landscape'>\n\t\t\t\t<a href='https:\/\/sarimelekler.biz\/?attachment_id=21089'><img loading=\"lazy\" decoding=\"async\" width=\"150\" height=\"150\" src=\"https:\/\/sarimelekler.biz\/wp-content\/uploads\/2024\/09\/Eda-Erdem-Parki-11-150x150.jpg\" class=\"attachment-thumbnail size-thumbnail\" alt=\"\" data-attachment-id=\"21089\" data-permalink=\"https:\/\/sarimelekler.biz\/?attachment_id=21089\" data-orig-file=\"https:\/\/sarimelekler.biz\/wp-content\/uploads\/2024\/09\/Eda-Erdem-Parki-11-scaled.jpg\" data-orig-size=\"2560,1722\" data-comments-opened=\"0\" data-image-meta=\"{&quot;aperture&quot;:&quot;5&quot;,&quot;credit&quot;:&quot;&quot;,&quot;camera&quot;:&quot;Canon EOS R3&quot;,&quot;caption&quot;:&quot;&quot;,&quot;created_timestamp&quot;:&quot;1727450158&quot;,&quot;copyright&quot;:&quot;&quot;,&quot;focal_length&quot;:&quot;48&quot;,&quot;iso&quot;:&quot;800&quot;,&quot;shutter_speed&quot;:&quot;0.002&quot;,&quot;title&quot;:&quot;&quot;,&quot;orientation&quot;:&quot;1&quot;}\" data-image-title=\"Eda Erdem Park\u0131 (11)\" data-image-description=\"\" data-image-caption=\"\" data-large-file=\"https:\/\/sarimelekler.biz\/wp-content\/uploads\/2024\/09\/Eda-Erdem-Parki-11-1024x689.jpg\" \/><\/a>\n\t\t\t<\/dt><\/dl><dl class='gallery-item'>\n\t\t\t<dt class='gallery-icon portrait'>\n\t\t\t\t<a href='https:\/\/sarimelekler.biz\/?attachment_id=21090'><img loading=\"lazy\" decoding=\"async\" width=\"150\" height=\"150\" src=\"https:\/\/sarimelekler.biz\/wp-content\/uploads\/2024\/09\/Eda-Erdem-Parki-12-150x150.jpg\" class=\"attachment-thumbnail size-thumbnail\" alt=\"\" data-attachment-id=\"21090\" data-permalink=\"https:\/\/sarimelekler.biz\/?attachment_id=21090\" data-orig-file=\"https:\/\/sarimelekler.biz\/wp-content\/uploads\/2024\/09\/Eda-Erdem-Parki-12-scaled.jpg\" data-orig-size=\"2323,2560\" data-comments-opened=\"0\" data-image-meta=\"{&quot;aperture&quot;:&quot;2.8&quot;,&quot;credit&quot;:&quot;&quot;,&quot;camera&quot;:&quot;Canon EOS R3&quot;,&quot;caption&quot;:&quot;&quot;,&quot;created_timestamp&quot;:&quot;1727450033&quot;,&quot;copyright&quot;:&quot;&quot;,&quot;focal_length&quot;:&quot;70&quot;,&quot;iso&quot;:&quot;640&quot;,&quot;shutter_speed&quot;:&quot;0.002&quot;,&quot;title&quot;:&quot;&quot;,&quot;orientation&quot;:&quot;1&quot;}\" data-image-title=\"Eda Erdem Park\u0131 (12)\" data-image-description=\"\" data-image-caption=\"\" data-large-file=\"https:\/\/sarimelekler.biz\/wp-content\/uploads\/2024\/09\/Eda-Erdem-Parki-12-929x1024.jpg\" \/><\/a>\n\t\t\t<\/dt><\/dl>\n\t\t\t<br style='clear: both' \/>\n\t\t<\/div>\n\n<p>Kaynak:\u00a0<a href=\"https:\/\/www.fenerbahce.org\/haberler\/voleybol-kadin\/2024\/9\/efsane-voleybolcumuz-eda-erdem-in-adi-atasehir-de-bir-parka-verildi\" target=\"_blank\" rel=\"noopener\">Fenerbah\u00e7e SK Resmi \u0130nternet Sitesi<\/a><\/p>\n<p style=\"text-align: right;\">30.09.2024<\/p>\n","protected":false},"excerpt":{"rendered":"<p>Elde etti\u011fi ba\u015far\u0131larla g\u00f6\u011fs\u00fcm\u00fcz\u00fc kabartan, \u00f6rnek ki\u015fili\u011fi ve duru\u015fu ile \u2026 <a class=\"continue-reading-link\" href=\"https:\/\/sarimelekler.biz\/?p=21078\">Okumaya Devam Et.. <span class=\"meta-nav\">&rarr; <\/span><\/a><\/p>\n","protected":false},"author":1,"featured_media":21082,"comment_status":"closed","ping_status":"open","sticky":false,"template":"","format":"standard","meta":{"jetpack_post_was_ever_published":false,"_jetpack_newsletter_access":"","_jetpack_dont_email_post_to_subs":false,"_jetpack_newsletter_tier_id":0,"_jetpack_memberships_contains_paywalled_content":false,"_jetpack_memberships_contains_paid_content":false,"footnotes":"","jetpack_publicize_message":"","jetpack_publicize_feature_enabled":true,"jetpack_social_post_already_shared":true,"jetpack_social_options":{"image_generator_settings":{"template":"highway","default_image_id":0,"font":"","enabled":false},"version":2}},"categories":[7],"tags":[],"class_list":["post-21078","post","type-post","status-publish","format-standard","has-post-thumbnail","hentry","category-haberler"],"jetpack_publicize_connections":[],"jetpack_featured_media_url":"https:\/\/sarimelekler.biz\/wp-content\/uploads\/2024\/09\/Eda-Erdem-Parki-4-scaled.jpg","jetpack_sharing_enabled":true,"jetpack_shortlink":"https:\/\/wp.me\/p8npUZ-5tY","jetpack-related-posts":[{"id":20437,"url":"https:\/\/sarimelekler.biz\/?p=20437","url_meta":{"origin":21078,"position":0},"title":"Efsane Voleybolcumuz Eda Erdem&#8217;in Heykelinin A\u00e7\u0131l\u0131\u015f T\u00f6reni","author":"Edit\u00f6r","date":"9 Mart 2024","format":false,"excerpt":"Elde etti\u011fi ulusal ve uluslararas\u0131 ba\u015far\u0131larla g\u00f6\u011fs\u00fcm\u00fcz\u00fc kabartan, \u00f6rnek ki\u015fili\u011fi ve duru\u015fu ile herkesin sevgisini kazanan, ad\u0131n\u0131 Fenerbah\u00e7e ve T\u00fcrk voleybol tarihine alt\u0131n harflerle kaz\u0131yan Fenerbah\u00e7e Opet Kad\u0131n Voleybol ve Milli Tak\u0131m\u0131m\u0131z\u0131n efsane kaptan\u0131 Eda Erdem D\u00fcndar\u2019\u0131n heykelinin a\u00e7\u0131l\u0131\u015f\u0131 yap\u0131ld\u0131. Kaptan \u0130nstagram Hesab\u0131ndan Bir Payla\u015f\u0131m yaparak Te\u015fekk\u00fcr etti. \u00a0 A\u00e7\u0131l\u0131\u015f\u2026","rel":"","context":"&quot;Haberler&quot; i\u00e7inde","block_context":{"text":"Haberler","link":"https:\/\/sarimelekler.biz\/?cat=7"},"img":{"alt_text":"","src":"https:\/\/i0.wp.com\/sarimelekler.biz\/wp-content\/uploads\/2024\/03\/Eda-Heykel-kapak-2.jpg?resize=350%2C200&ssl=1","width":350,"height":200,"srcset":"https:\/\/i0.wp.com\/sarimelekler.biz\/wp-content\/uploads\/2024\/03\/Eda-Heykel-kapak-2.jpg?resize=350%2C200&ssl=1 1x, https:\/\/i0.wp.com\/sarimelekler.biz\/wp-content\/uploads\/2024\/03\/Eda-Heykel-kapak-2.jpg?resize=525%2C300&ssl=1 1.5x"},"classes":[]},{"id":18902,"url":"https:\/\/sarimelekler.biz\/?p=18902","url_meta":{"origin":21078,"position":1},"title":"Kaptan\u0131m\u0131z Eda Erdem D\u00fcndar\u2019a Fair Play \u00d6d\u00fcl\u00fc Takdim Edildi","author":"Edit\u00f6r","date":"28 \u015eubat 2023","format":false,"excerpt":"Kaptan\u0131m\u0131z Eda Erdem D\u00fcndar, Uluslararas\u0131 Voleybol Federasyonu (FIVB) taraf\u0131ndan \u201cTarihin En \u0130yi 100 Oyuncusu\u201d aras\u0131nda g\u00f6sterilmesi ve \u201c2021 y\u0131l\u0131n\u0131n en iyi 12 kad\u0131n voleybolcusu\u201d listesinde yer almas\u0131 dolay\u0131s\u0131yla T\u00fcrkiye Milli Olimpiyat Komitesi (TMOK) Fair Play Komisyonu taraf\u0131ndan verilen 2021 T\u00fcrkiye Fair Play \u00d6d\u00fclleri\u2019nde Sportif Kariyer Dal\u0131nda \u015eeref Diplomas\u0131\u2019na lay\u0131k g\u00f6r\u00fclm\u00fc\u015ft\u00fc.\u2026","rel":"","context":"&quot;Haberler&quot; i\u00e7inde","block_context":{"text":"Haberler","link":"https:\/\/sarimelekler.biz\/?cat=7"},"img":{"alt_text":"","src":"https:\/\/i0.wp.com\/sarimelekler.biz\/wp-content\/uploads\/2023\/03\/Eda-TMOK-2.jpg?resize=350%2C200&ssl=1","width":350,"height":200,"srcset":"https:\/\/i0.wp.com\/sarimelekler.biz\/wp-content\/uploads\/2023\/03\/Eda-TMOK-2.jpg?resize=350%2C200&ssl=1 1x, https:\/\/i0.wp.com\/sarimelekler.biz\/wp-content\/uploads\/2023\/03\/Eda-TMOK-2.jpg?resize=525%2C300&ssl=1 1.5x, https:\/\/i0.wp.com\/sarimelekler.biz\/wp-content\/uploads\/2023\/03\/Eda-TMOK-2.jpg?resize=700%2C400&ssl=1 2x, https:\/\/i0.wp.com\/sarimelekler.biz\/wp-content\/uploads\/2023\/03\/Eda-TMOK-2.jpg?resize=1050%2C600&ssl=1 3x, https:\/\/i0.wp.com\/sarimelekler.biz\/wp-content\/uploads\/2023\/03\/Eda-TMOK-2.jpg?resize=1400%2C800&ssl=1 4x"},"classes":[]},{"id":13169,"url":"https:\/\/sarimelekler.biz\/?p=13169","url_meta":{"origin":21078,"position":2},"title":"Eda Erdem D\u00fcndar, \u00dcniversitelilere \u201cS\u0131n\u0131rlar\u0131 Kald\u0131r\u201d dedi","author":"Edit\u00f6r","date":"21 \u015eubat 2020","format":false,"excerpt":"A Milli Kad\u0131n Voleybol Tak\u0131m\u0131m\u0131z ile Fenerbah\u00e7e Opet Kad\u0131n Voleybol Tak\u0131m\u0131m\u0131z\u0131n Kaptan\u0131 Eda Erdem D\u00fcndar, L\u2019Or\u00e9al Paris\u2019in gen\u00e7 kad\u0131nlara ilham veren \u201cS\u0131n\u0131rlar\u0131 Kald\u0131r\u201d sosyal sorumluluk projesi kapsam\u0131nda Y\u0131ld\u0131z Teknik \u00dcniversitesi\u2019ne konuk oldu. \u00dcniversitelilerin en yo\u011fun ilgisine sahne olan etkinlikte ba\u015far\u0131 hik\u00e2yesini kat\u0131l\u0131mc\u0131larla payla\u015fan Fenerbah\u00e7eli milli voleybolcu, kendi deneyimlerinden yola \u00e7\u0131karak\u2026","rel":"","context":"&quot;Haberler&quot; i\u00e7inde","block_context":{"text":"Haberler","link":"https:\/\/sarimelekler.biz\/?cat=7"},"img":{"alt_text":"","src":"https:\/\/i0.wp.com\/sarimelekler.biz\/wp-content\/uploads\/2020\/02\/Eda-Seminer-1.jpg?resize=350%2C200&ssl=1","width":350,"height":200,"srcset":"https:\/\/i0.wp.com\/sarimelekler.biz\/wp-content\/uploads\/2020\/02\/Eda-Seminer-1.jpg?resize=350%2C200&ssl=1 1x, https:\/\/i0.wp.com\/sarimelekler.biz\/wp-content\/uploads\/2020\/02\/Eda-Seminer-1.jpg?resize=525%2C300&ssl=1 1.5x, https:\/\/i0.wp.com\/sarimelekler.biz\/wp-content\/uploads\/2020\/02\/Eda-Seminer-1.jpg?resize=700%2C400&ssl=1 2x, https:\/\/i0.wp.com\/sarimelekler.biz\/wp-content\/uploads\/2020\/02\/Eda-Seminer-1.jpg?resize=1050%2C600&ssl=1 3x"},"classes":[]},{"id":20401,"url":"https:\/\/sarimelekler.biz\/?p=20401","url_meta":{"origin":21078,"position":3},"title":"EFSANEM\u0130Z EDA ERDEM D\u00dcNDAR\u2019IN HEYKEL\u0130N\u0130N A\u00c7ILI\u015eI YAPILDI","author":"Edit\u00f6r","date":"8 Mart 2024","format":false,"excerpt":"Elde etti\u011fi ulusal ve uluslararas\u0131 ba\u015far\u0131larla g\u00f6\u011fs\u00fcm\u00fcz\u00fc kabartan, \u00f6rnek ki\u015fili\u011fi ve duru\u015fu ile herkesin sevgisini kazanan, ad\u0131n\u0131 Fenerbah\u00e7e ve T\u00fcrk voleybol tarihine alt\u0131n harflerle kaz\u0131yan Fenerbah\u00e7e Opet Kad\u0131n Voleybol ve Milli Tak\u0131m\u0131m\u0131z\u0131n efsane kaptan\u0131 Eda Erdem D\u00fcndar\u2019\u0131n heykelinin a\u00e7\u0131l\u0131\u015f\u0131 yap\u0131ld\u0131. Heykelt\u0131ra\u015f ve Y. Mimar P\u0131nar \u00d6ktem Do\u011fan taraf\u0131ndan haz\u0131rlanan ve\u2026","rel":"","context":"&quot;\u00d6zel Haberler&quot; i\u00e7inde","block_context":{"text":"\u00d6zel Haberler","link":"https:\/\/sarimelekler.biz\/?cat=21"},"img":{"alt_text":"","src":"https:\/\/i0.wp.com\/sarimelekler.biz\/wp-content\/uploads\/2024\/03\/Eda-Heykel-4-scaled.jpg?resize=350%2C200&ssl=1","width":350,"height":200,"srcset":"https:\/\/i0.wp.com\/sarimelekler.biz\/wp-content\/uploads\/2024\/03\/Eda-Heykel-4-scaled.jpg?resize=350%2C200&ssl=1 1x, https:\/\/i0.wp.com\/sarimelekler.biz\/wp-content\/uploads\/2024\/03\/Eda-Heykel-4-scaled.jpg?resize=525%2C300&ssl=1 1.5x, https:\/\/i0.wp.com\/sarimelekler.biz\/wp-content\/uploads\/2024\/03\/Eda-Heykel-4-scaled.jpg?resize=700%2C400&ssl=1 2x, https:\/\/i0.wp.com\/sarimelekler.biz\/wp-content\/uploads\/2024\/03\/Eda-Heykel-4-scaled.jpg?resize=1050%2C600&ssl=1 3x, https:\/\/i0.wp.com\/sarimelekler.biz\/wp-content\/uploads\/2024\/03\/Eda-Heykel-4-scaled.jpg?resize=1400%2C800&ssl=1 4x"},"classes":[]},{"id":15478,"url":"https:\/\/sarimelekler.biz\/?p=15478","url_meta":{"origin":21078,"position":4},"title":"Naz Aydemir Akyol \u201cSon 10 Y\u0131l\u0131n En \u0130yi 100 Oyuncusu\u201d Listesine Se\u00e7ildi","author":"Edit\u00f6r","date":"16 Mart 2021","format":false,"excerpt":"Fenerbah\u00e7e Opet Kad\u0131n Voleybol Tak\u0131m\u0131m\u0131z ile A Milli Kad\u0131n Voleybol Tak\u0131m\u0131m\u0131z\u0131n pas\u00f6r\u00fc Naz Aydemir Akyol, Uluslararas\u0131 Voleybol Federasyonu FIVB taraf\u0131ndan \"Son 10 Y\u0131l\u0131n En \u0130yi 100 Oyuncusu\" listesine se\u00e7ildi. FIVB'nin resmi internet sitesinde \u201cSporcu Bir Aileyi Gururland\u0131rmak\u201d ba\u015fl\u0131\u011f\u0131yla duyurulan haberde Naz Aydemir Akyol\u2019un ba\u015far\u0131lar\u0131na ve voleybol kariyerine yer verildi. Ailesi\u2026","rel":"","context":"&quot;Haberler&quot; i\u00e7inde","block_context":{"text":"Haberler","link":"https:\/\/sarimelekler.biz\/?cat=7"},"img":{"alt_text":"","src":"https:\/\/i0.wp.com\/sarimelekler.biz\/wp-content\/uploads\/2021\/03\/1.jpg?resize=350%2C200&ssl=1","width":350,"height":200,"srcset":"https:\/\/i0.wp.com\/sarimelekler.biz\/wp-content\/uploads\/2021\/03\/1.jpg?resize=350%2C200&ssl=1 1x, https:\/\/i0.wp.com\/sarimelekler.biz\/wp-content\/uploads\/2021\/03\/1.jpg?resize=525%2C300&ssl=1 1.5x, https:\/\/i0.wp.com\/sarimelekler.biz\/wp-content\/uploads\/2021\/03\/1.jpg?resize=700%2C400&ssl=1 2x"},"classes":[]},{"id":15204,"url":"https:\/\/sarimelekler.biz\/?p=15204","url_meta":{"origin":21078,"position":5},"title":"Kaptan\u0131m\u0131z Eda Erdem D\u00fcndar, FIVB Taraf\u0131ndan \u2018Tarihin En \u0130yi 100 Oyuncusu\u2019 Listesine Se\u00e7ildi","author":"Edit\u00f6r","date":"4 \u015eubat 2021","format":false,"excerpt":"Fenerbah\u00e7e Opet Kad\u0131n Voleybol Tak\u0131m\u0131m\u0131z ile A Milli Kad\u0131n Voleybol Tak\u0131m\u0131m\u0131z\u0131n kaptan\u0131 Eda Erdem D\u00fcndar, Uluslararas\u0131 Voleybol Federasyonu FIVB taraf\u0131ndan 'Tarihin En \u0130yi 100 Oyuncusu' listesine se\u00e7ildi. FIVB'nin resmi internet sitesinde \u201cSahada, denizde ve hayatta hep d\u00fcmenin ba\u015f\u0131nda\u201d ba\u015fl\u0131\u011f\u0131yla duyurulan haberde Eda Erdem D\u00fcndar'\u0131n ba\u015far\u0131lar\u0131na yer verildi. 2008 y\u0131l\u0131nda Fenerbah\u00e7e\u2026","rel":"","context":"&quot;Haberler&quot; i\u00e7inde","block_context":{"text":"Haberler","link":"https:\/\/sarimelekler.biz\/?cat=7"},"img":{"alt_text":"","src":"https:\/\/i0.wp.com\/sarimelekler.biz\/wp-content\/uploads\/2020\/12\/Eda-20-21-CL.png?resize=350%2C200&ssl=1","width":350,"height":200,"srcset":"https:\/\/i0.wp.com\/sarimelekler.biz\/wp-content\/uploads\/2020\/12\/Eda-20-21-CL.png?resize=350%2C200&ssl=1 1x, https:\/\/i0.wp.com\/sarimelekler.biz\/wp-content\/uploads\/2020\/12\/Eda-20-21-CL.png?resize=525%2C300&ssl=1 1.5x, https:\/\/i0.wp.com\/sarimelekler.biz\/wp-content\/uploads\/2020\/12\/Eda-20-21-CL.png?resize=700%2C400&ssl=1 2x, https:\/\/i0.wp.com\/sarimelekler.biz\/wp-content\/uploads\/2020\/12\/Eda-20-21-CL.png?resize=1050%2C600&ssl=1 3x"},"classes":[]}],"_links":{"self":[{"href":"https:\/\/sarimelekler.biz\/index.php?rest_route=\/wp\/v2\/posts\/21078","targetHints":{"allow":["GET"]}}],"collection":[{"href":"https:\/\/sarimelekler.biz\/index.php?rest_route=\/wp\/v2\/posts"}],"about":[{"href":"https:\/\/sarimelekler.biz\/index.php?rest_route=\/wp\/v2\/types\/post"}],"author":[{"embeddable":true,"href":"https:\/\/sarimelekler.biz\/index.php?rest_route=\/wp\/v2\/users\/1"}],"replies":[{"embeddable":true,"href":"https:\/\/sarimelekler.biz\/index.php?rest_route=%2Fwp%2Fv2%2Fcomments&post=21078"}],"version-history":[{"count":1,"href":"https:\/\/sarimelekler.biz\/index.php?rest_route=\/wp\/v2\/posts\/21078\/revisions"}],"predecessor-version":[{"id":21091,"href":"https:\/\/sarimelekler.biz\/index.php?rest_route=\/wp\/v2\/posts\/21078\/revisions\/21091"}],"wp:featuredmedia":[{"embeddable":true,"href":"https:\/\/sarimelekler.biz\/index.php?rest_route=\/wp\/v2\/media\/21082"}],"wp:attachment":[{"href":"https:\/\/sarimelekler.biz\/index.php?rest_route=%2Fwp%2Fv2%2Fmedia&parent=21078"}],"wp:term":[{"taxonomy":"category","embeddable":true,"href":"https:\/\/sarimelekler.biz\/index.php?rest_route=%2Fwp%2Fv2%2Fcategories&post=21078"},{"taxonomy":"post_tag","embeddable":true,"href":"https:\/\/sarimelekler.biz\/index.php?rest_route=%2Fwp%2Fv2%2Ftags&post=21078"}],"curies":[{"name":"wp","href":"https:\/\/api.w.org\/{rel}","templated":true}]}}