{"id":21841,"date":"2025-04-05T19:58:00","date_gmt":"2025-04-05T16:58:00","guid":{"rendered":"https:\/\/sarimelekler.biz\/?p=21841"},"modified":"2025-04-06T17:03:28","modified_gmt":"2025-04-06T14:03:28","slug":"sampiyon-sari-melekler-kupasin-aldi-2","status":"publish","type":"post","link":"https:\/\/sarimelekler.biz\/?p=21841","title":{"rendered":"\u015eampiyon Sar\u0131 Melekler Kupas\u0131n\u0131 Ald\u0131"},"content":{"rendered":"<p style=\"text-align: justify;\"><span style=\"font-size: 18px;\">Fenerbah\u00e7e Medicana Kad\u0131n Voleybol Tak\u0131m\u0131m\u0131z, AXA Sigorta Kupa Voley Final kar\u015f\u0131la\u015fmas\u0131nda Eczac\u0131ba\u015f\u0131 Dynavit\u2019i 3-0 yendi ve \u00fcst \u00fcste 2. Kez olmak \u00fczere toplamda 5. kez AXA Sigorta Kupa Voley (T\u00fcrkiye Kupas\u0131) \u015eampiyonu oldu. Melisa Vargas ma\u00e7\u0131n en skorer oyuncusu olurken ayn\u0131 zamanda turnuvan\u0131n MVP\u2019si se\u00e7ildi. Ma\u00e7\u0131n ard\u0131ndan b\u00fcy\u00fck sevin\u00e7 ya\u015fayan Sar\u0131 Melekler, kupa zaferini taraftarlar\u0131m\u0131zla kutlad\u0131.<\/span><\/p>\n\n\t\t<style type=\"text\/css\">\n\t\t\t#gallery-1 {\n\t\t\t\tmargin: auto;\n\t\t\t}\n\t\t\t#gallery-1 .gallery-item {\n\t\t\t\tfloat: left;\n\t\t\t\tmargin-top: 10px;\n\t\t\t\ttext-align: center;\n\t\t\t\twidth: 100%;\n\t\t\t}\n\t\t\t#gallery-1 img {\n\t\t\t\tborder: 2px solid #cfcfcf;\n\t\t\t}\n\t\t\t#gallery-1 .gallery-caption {\n\t\t\t\tmargin-left: 0;\n\t\t\t}\n\t\t\t\/* see gallery_shortcode() in wp-includes\/media.php *\/\n\t\t<\/style>\n\t\t<div data-carousel-extra='{&quot;blog_id&quot;:1,&quot;permalink&quot;:&quot;https:\/\/sarimelekler.biz\/?p=21841&quot;}' id='gallery-1' class='gallery galleryid-21841 gallery-columns-1 gallery-size-full'><dl class='gallery-item'>\n\t\t\t<dt class='gallery-icon landscape'>\n\t\t\t\t<a href='https:\/\/sarimelekler.biz\/?attachment_id=21842'><img loading=\"lazy\" decoding=\"async\" width=\"2560\" height=\"1538\" src=\"https:\/\/sarimelekler.biz\/wp-content\/uploads\/2025\/04\/24-25-Turkiye-Kupasi-Sampiyonlugu-11-scaled.jpg\" class=\"attachment-full size-full\" alt=\"\" srcset=\"https:\/\/sarimelekler.biz\/wp-content\/uploads\/2025\/04\/24-25-Turkiye-Kupasi-Sampiyonlugu-11-scaled.jpg 2560w, https:\/\/sarimelekler.biz\/wp-content\/uploads\/2025\/04\/24-25-Turkiye-Kupasi-Sampiyonlugu-11-300x180.jpg 300w, https:\/\/sarimelekler.biz\/wp-content\/uploads\/2025\/04\/24-25-Turkiye-Kupasi-Sampiyonlugu-11-1024x615.jpg 1024w, https:\/\/sarimelekler.biz\/wp-content\/uploads\/2025\/04\/24-25-Turkiye-Kupasi-Sampiyonlugu-11-768x461.jpg 768w, https:\/\/sarimelekler.biz\/wp-content\/uploads\/2025\/04\/24-25-Turkiye-Kupasi-Sampiyonlugu-11-1536x923.jpg 1536w, https:\/\/sarimelekler.biz\/wp-content\/uploads\/2025\/04\/24-25-Turkiye-Kupasi-Sampiyonlugu-11-2048x1231.jpg 2048w, https:\/\/sarimelekler.biz\/wp-content\/uploads\/2025\/04\/24-25-Turkiye-Kupasi-Sampiyonlugu-11-150x90.jpg 150w\" sizes=\"auto, (max-width: 2560px) 100vw, 2560px\" data-attachment-id=\"21842\" data-permalink=\"https:\/\/sarimelekler.biz\/?attachment_id=21842\" data-orig-file=\"https:\/\/sarimelekler.biz\/wp-content\/uploads\/2025\/04\/24-25-Turkiye-Kupasi-Sampiyonlugu-11-scaled.jpg\" data-orig-size=\"2560,1538\" data-comments-opened=\"0\" data-image-meta=\"{&quot;aperture&quot;:&quot;4&quot;,&quot;credit&quot;:&quot;BURAK SALTIK&quot;,&quot;camera&quot;:&quot;Canon EOS R3&quot;,&quot;caption&quot;:&quot;&quot;,&quot;created_timestamp&quot;:&quot;1743617163&quot;,&quot;copyright&quot;:&quot;www.fenerbahce.org&quot;,&quot;focal_length&quot;:&quot;30&quot;,&quot;iso&quot;:&quot;2500&quot;,&quot;shutter_speed&quot;:&quot;0.00125&quot;,&quot;title&quot;:&quot;&quot;,&quot;orientation&quot;:&quot;1&quot;}\" data-image-title=\"24-25 T\u00fcrkiye Kupas\u0131 \u015eampiyonlu\u011fu (11)\" data-image-description=\"\" data-image-caption=\"\" data-large-file=\"https:\/\/sarimelekler.biz\/wp-content\/uploads\/2025\/04\/24-25-Turkiye-Kupasi-Sampiyonlugu-11-1024x615.jpg\" \/><\/a>\n\t\t\t<\/dt><\/dl><br style=\"clear: both\" \/><dl class='gallery-item'>\n\t\t\t<dt class='gallery-icon portrait'>\n\t\t\t\t<a href='https:\/\/sarimelekler.biz\/?attachment_id=21843'><img loading=\"lazy\" decoding=\"async\" width=\"1042\" height=\"1449\" src=\"https:\/\/sarimelekler.biz\/wp-content\/uploads\/2025\/04\/24-25-Turkiye-Kupasi-Sampiyonlugu-10.jpg\" class=\"attachment-full size-full\" alt=\"\" srcset=\"https:\/\/sarimelekler.biz\/wp-content\/uploads\/2025\/04\/24-25-Turkiye-Kupasi-Sampiyonlugu-10.jpg 1042w, https:\/\/sarimelekler.biz\/wp-content\/uploads\/2025\/04\/24-25-Turkiye-Kupasi-Sampiyonlugu-10-216x300.jpg 216w, https:\/\/sarimelekler.biz\/wp-content\/uploads\/2025\/04\/24-25-Turkiye-Kupasi-Sampiyonlugu-10-736x1024.jpg 736w, https:\/\/sarimelekler.biz\/wp-content\/uploads\/2025\/04\/24-25-Turkiye-Kupasi-Sampiyonlugu-10-768x1068.jpg 768w, https:\/\/sarimelekler.biz\/wp-content\/uploads\/2025\/04\/24-25-Turkiye-Kupasi-Sampiyonlugu-10-108x150.jpg 108w\" sizes=\"auto, (max-width: 1042px) 100vw, 1042px\" data-attachment-id=\"21843\" data-permalink=\"https:\/\/sarimelekler.biz\/?attachment_id=21843\" data-orig-file=\"https:\/\/sarimelekler.biz\/wp-content\/uploads\/2025\/04\/24-25-Turkiye-Kupasi-Sampiyonlugu-10.jpg\" data-orig-size=\"1042,1449\" data-comments-opened=\"0\" data-image-meta=\"{&quot;aperture&quot;:&quot;4&quot;,&quot;credit&quot;:&quot;BURAK SALTIK&quot;,&quot;camera&quot;:&quot;Canon EOS R3&quot;,&quot;caption&quot;:&quot;&quot;,&quot;created_timestamp&quot;:&quot;1743616667&quot;,&quot;copyright&quot;:&quot;www.fenerbahce.org&quot;,&quot;focal_length&quot;:&quot;70&quot;,&quot;iso&quot;:&quot;2500&quot;,&quot;shutter_speed&quot;:&quot;0.00125&quot;,&quot;title&quot;:&quot;&quot;,&quot;orientation&quot;:&quot;1&quot;}\" data-image-title=\"24-25 T\u00fcrkiye Kupas\u0131 \u015eampiyonlu\u011fu (10)\" data-image-description=\"\" data-image-caption=\"\" data-large-file=\"https:\/\/sarimelekler.biz\/wp-content\/uploads\/2025\/04\/24-25-Turkiye-Kupasi-Sampiyonlugu-10-736x1024.jpg\" \/><\/a>\n\t\t\t<\/dt><\/dl><br style=\"clear: both\" \/>\n\t\t<\/div>\n\n\n\t\t<style type=\"text\/css\">\n\t\t\t#gallery-2 {\n\t\t\t\tmargin: auto;\n\t\t\t}\n\t\t\t#gallery-2 .gallery-item {\n\t\t\t\tfloat: left;\n\t\t\t\tmargin-top: 10px;\n\t\t\t\ttext-align: center;\n\t\t\t\twidth: 20%;\n\t\t\t}\n\t\t\t#gallery-2 img {\n\t\t\t\tborder: 2px solid #cfcfcf;\n\t\t\t}\n\t\t\t#gallery-2 .gallery-caption {\n\t\t\t\tmargin-left: 0;\n\t\t\t}\n\t\t\t\/* see gallery_shortcode() in wp-includes\/media.php *\/\n\t\t<\/style>\n\t\t<div data-carousel-extra='{&quot;blog_id&quot;:1,&quot;permalink&quot;:&quot;https:\/\/sarimelekler.biz\/?p=21841&quot;}' id='gallery-2' class='gallery galleryid-21841 gallery-columns-5 gallery-size-thumbnail'><dl class='gallery-item'>\n\t\t\t<dt class='gallery-icon landscape'>\n\t\t\t\t<a href='https:\/\/sarimelekler.biz\/?attachment_id=21845'><img loading=\"lazy\" decoding=\"async\" width=\"150\" height=\"150\" src=\"https:\/\/sarimelekler.biz\/wp-content\/uploads\/2025\/04\/24-25-Turkiye-Kupasi-Sampiyonlugu-2-150x150.jpg\" class=\"attachment-thumbnail size-thumbnail\" alt=\"\" data-attachment-id=\"21845\" data-permalink=\"https:\/\/sarimelekler.biz\/?attachment_id=21845\" data-orig-file=\"https:\/\/sarimelekler.biz\/wp-content\/uploads\/2025\/04\/24-25-Turkiye-Kupasi-Sampiyonlugu-2-scaled.jpg\" data-orig-size=\"2560,1496\" data-comments-opened=\"0\" data-image-meta=\"{&quot;aperture&quot;:&quot;4&quot;,&quot;credit&quot;:&quot;BURAK SALTIK&quot;,&quot;camera&quot;:&quot;Canon EOS R3&quot;,&quot;caption&quot;:&quot;&quot;,&quot;created_timestamp&quot;:&quot;1743616945&quot;,&quot;copyright&quot;:&quot;www.fenerbahce.org&quot;,&quot;focal_length&quot;:&quot;69&quot;,&quot;iso&quot;:&quot;2500&quot;,&quot;shutter_speed&quot;:&quot;0.00125&quot;,&quot;title&quot;:&quot;&quot;,&quot;orientation&quot;:&quot;1&quot;}\" data-image-title=\"24-25 T\u00fcrkiye Kupas\u0131 \u015eampiyonlu\u011fu (2)\" data-image-description=\"\" data-image-caption=\"\" data-large-file=\"https:\/\/sarimelekler.biz\/wp-content\/uploads\/2025\/04\/24-25-Turkiye-Kupasi-Sampiyonlugu-2-1024x598.jpg\" \/><\/a>\n\t\t\t<\/dt><\/dl><dl class='gallery-item'>\n\t\t\t<dt class='gallery-icon landscape'>\n\t\t\t\t<a href='https:\/\/sarimelekler.biz\/?attachment_id=21860'><img loading=\"lazy\" decoding=\"async\" width=\"150\" height=\"150\" src=\"https:\/\/sarimelekler.biz\/wp-content\/uploads\/2025\/04\/24-25-Turkiye-Kupasi-Sampiyonlugu-19-150x150.jpg\" class=\"attachment-thumbnail size-thumbnail\" alt=\"\" data-attachment-id=\"21860\" data-permalink=\"https:\/\/sarimelekler.biz\/?attachment_id=21860\" data-orig-file=\"https:\/\/sarimelekler.biz\/wp-content\/uploads\/2025\/04\/24-25-Turkiye-Kupasi-Sampiyonlugu-19-scaled.jpg\" data-orig-size=\"2560,1524\" data-comments-opened=\"0\" data-image-meta=\"{&quot;aperture&quot;:&quot;4&quot;,&quot;credit&quot;:&quot;BURAK SALTIK&quot;,&quot;camera&quot;:&quot;Canon EOS R3&quot;,&quot;caption&quot;:&quot;&quot;,&quot;created_timestamp&quot;:&quot;1743617233&quot;,&quot;copyright&quot;:&quot;www.fenerbahce.org&quot;,&quot;focal_length&quot;:&quot;24&quot;,&quot;iso&quot;:&quot;2500&quot;,&quot;shutter_speed&quot;:&quot;0.00125&quot;,&quot;title&quot;:&quot;&quot;,&quot;orientation&quot;:&quot;1&quot;}\" data-image-title=\"24-25 T\u00fcrkiye Kupas\u0131 \u015eampiyonlu\u011fu (19)\" data-image-description=\"\" data-image-caption=\"\" data-large-file=\"https:\/\/sarimelekler.biz\/wp-content\/uploads\/2025\/04\/24-25-Turkiye-Kupasi-Sampiyonlugu-19-1024x610.jpg\" \/><\/a>\n\t\t\t<\/dt><\/dl><dl class='gallery-item'>\n\t\t\t<dt class='gallery-icon portrait'>\n\t\t\t\t<a href='https:\/\/sarimelekler.biz\/?attachment_id=21844'><img loading=\"lazy\" decoding=\"async\" width=\"150\" height=\"150\" src=\"https:\/\/sarimelekler.biz\/wp-content\/uploads\/2025\/04\/24-25-Turkiye-Kupasi-Sampiyonlugu-1-150x150.jpg\" class=\"attachment-thumbnail size-thumbnail\" alt=\"\" data-attachment-id=\"21844\" data-permalink=\"https:\/\/sarimelekler.biz\/?attachment_id=21844\" data-orig-file=\"https:\/\/sarimelekler.biz\/wp-content\/uploads\/2025\/04\/24-25-Turkiye-Kupasi-Sampiyonlugu-1-scaled.jpg\" data-orig-size=\"1792,2560\" data-comments-opened=\"0\" data-image-meta=\"{&quot;aperture&quot;:&quot;4&quot;,&quot;credit&quot;:&quot;BURAK SALTIK&quot;,&quot;camera&quot;:&quot;Canon EOS R3&quot;,&quot;caption&quot;:&quot;&quot;,&quot;created_timestamp&quot;:&quot;1743617480&quot;,&quot;copyright&quot;:&quot;www.fenerbahce.org&quot;,&quot;focal_length&quot;:&quot;30&quot;,&quot;iso&quot;:&quot;2500&quot;,&quot;shutter_speed&quot;:&quot;0.00125&quot;,&quot;title&quot;:&quot;&quot;,&quot;orientation&quot;:&quot;1&quot;}\" data-image-title=\"24-25 T\u00fcrkiye Kupas\u0131 \u015eampiyonlu\u011fu (1)\" data-image-description=\"\" data-image-caption=\"\" data-large-file=\"https:\/\/sarimelekler.biz\/wp-content\/uploads\/2025\/04\/24-25-Turkiye-Kupasi-Sampiyonlugu-1-717x1024.jpg\" \/><\/a>\n\t\t\t<\/dt><\/dl><dl class='gallery-item'>\n\t\t\t<dt class='gallery-icon portrait'>\n\t\t\t\t<a href='https:\/\/sarimelekler.biz\/?attachment_id=21853'><img loading=\"lazy\" decoding=\"async\" width=\"150\" height=\"150\" src=\"https:\/\/sarimelekler.biz\/wp-content\/uploads\/2025\/04\/24-25-Turkiye-Kupasi-Sampiyonlugu-12-150x150.jpg\" class=\"attachment-thumbnail size-thumbnail\" alt=\"\" data-attachment-id=\"21853\" data-permalink=\"https:\/\/sarimelekler.biz\/?attachment_id=21853\" data-orig-file=\"https:\/\/sarimelekler.biz\/wp-content\/uploads\/2025\/04\/24-25-Turkiye-Kupasi-Sampiyonlugu-12-scaled.jpg\" data-orig-size=\"1926,2560\" data-comments-opened=\"0\" data-image-meta=\"{&quot;aperture&quot;:&quot;4&quot;,&quot;credit&quot;:&quot;BURAK SALTIK&quot;,&quot;camera&quot;:&quot;Canon EOS R3&quot;,&quot;caption&quot;:&quot;&quot;,&quot;created_timestamp&quot;:&quot;1743617891&quot;,&quot;copyright&quot;:&quot;www.fenerbahce.org&quot;,&quot;focal_length&quot;:&quot;25&quot;,&quot;iso&quot;:&quot;2500&quot;,&quot;shutter_speed&quot;:&quot;0.00125&quot;,&quot;title&quot;:&quot;&quot;,&quot;orientation&quot;:&quot;1&quot;}\" data-image-title=\"24-25 T\u00fcrkiye Kupas\u0131 \u015eampiyonlu\u011fu (12)\" data-image-description=\"\" data-image-caption=\"\" data-large-file=\"https:\/\/sarimelekler.biz\/wp-content\/uploads\/2025\/04\/24-25-Turkiye-Kupasi-Sampiyonlugu-12-770x1024.jpg\" \/><\/a>\n\t\t\t<\/dt><\/dl><dl class='gallery-item'>\n\t\t\t<dt class='gallery-icon portrait'>\n\t\t\t\t<a href='https:\/\/sarimelekler.biz\/?attachment_id=21852'><img loading=\"lazy\" decoding=\"async\" width=\"150\" height=\"150\" src=\"https:\/\/sarimelekler.biz\/wp-content\/uploads\/2025\/04\/24-25-Turkiye-Kupasi-Sampiyonlugu-9-150x150.jpg\" class=\"attachment-thumbnail size-thumbnail\" alt=\"\" data-attachment-id=\"21852\" data-permalink=\"https:\/\/sarimelekler.biz\/?attachment_id=21852\" data-orig-file=\"https:\/\/sarimelekler.biz\/wp-content\/uploads\/2025\/04\/24-25-Turkiye-Kupasi-Sampiyonlugu-9-scaled.jpg\" data-orig-size=\"1909,2560\" data-comments-opened=\"0\" data-image-meta=\"{&quot;aperture&quot;:&quot;4&quot;,&quot;credit&quot;:&quot;BURAK SALTIK&quot;,&quot;camera&quot;:&quot;Canon EOS R3&quot;,&quot;caption&quot;:&quot;&quot;,&quot;created_timestamp&quot;:&quot;1743617461&quot;,&quot;copyright&quot;:&quot;www.fenerbahce.org&quot;,&quot;focal_length&quot;:&quot;24&quot;,&quot;iso&quot;:&quot;2500&quot;,&quot;shutter_speed&quot;:&quot;0.00125&quot;,&quot;title&quot;:&quot;&quot;,&quot;orientation&quot;:&quot;1&quot;}\" data-image-title=\"24-25 T\u00fcrkiye Kupas\u0131 \u015eampiyonlu\u011fu (9)\" data-image-description=\"\" data-image-caption=\"\" data-large-file=\"https:\/\/sarimelekler.biz\/wp-content\/uploads\/2025\/04\/24-25-Turkiye-Kupasi-Sampiyonlugu-9-764x1024.jpg\" \/><\/a>\n\t\t\t<\/dt><\/dl><br style=\"clear: both\" \/><dl class='gallery-item'>\n\t\t\t<dt class='gallery-icon landscape'>\n\t\t\t\t<a href='https:\/\/sarimelekler.biz\/?attachment_id=21851'><img loading=\"lazy\" decoding=\"async\" width=\"150\" height=\"150\" src=\"https:\/\/sarimelekler.biz\/wp-content\/uploads\/2025\/04\/24-25-Turkiye-Kupasi-Sampiyonlugu-8-150x150.jpg\" class=\"attachment-thumbnail size-thumbnail\" alt=\"\" data-attachment-id=\"21851\" data-permalink=\"https:\/\/sarimelekler.biz\/?attachment_id=21851\" data-orig-file=\"https:\/\/sarimelekler.biz\/wp-content\/uploads\/2025\/04\/24-25-Turkiye-Kupasi-Sampiyonlugu-8.jpg\" data-orig-size=\"2217,2058\" data-comments-opened=\"0\" data-image-meta=\"{&quot;aperture&quot;:&quot;4&quot;,&quot;credit&quot;:&quot;BURAK SALTIK&quot;,&quot;camera&quot;:&quot;Canon EOS R3&quot;,&quot;caption&quot;:&quot;&quot;,&quot;created_timestamp&quot;:&quot;1743617680&quot;,&quot;copyright&quot;:&quot;www.fenerbahce.org&quot;,&quot;focal_length&quot;:&quot;24&quot;,&quot;iso&quot;:&quot;2500&quot;,&quot;shutter_speed&quot;:&quot;0.00125&quot;,&quot;title&quot;:&quot;&quot;,&quot;orientation&quot;:&quot;1&quot;}\" data-image-title=\"24-25 T\u00fcrkiye Kupas\u0131 \u015eampiyonlu\u011fu (8)\" data-image-description=\"\" data-image-caption=\"\" data-large-file=\"https:\/\/sarimelekler.biz\/wp-content\/uploads\/2025\/04\/24-25-Turkiye-Kupasi-Sampiyonlugu-8-1024x951.jpg\" \/><\/a>\n\t\t\t<\/dt><\/dl><dl class='gallery-item'>\n\t\t\t<dt class='gallery-icon portrait'>\n\t\t\t\t<a href='https:\/\/sarimelekler.biz\/?attachment_id=21850'><img loading=\"lazy\" decoding=\"async\" width=\"150\" height=\"150\" src=\"https:\/\/sarimelekler.biz\/wp-content\/uploads\/2025\/04\/24-25-Turkiye-Kupasi-Sampiyonlugu-7-150x150.jpg\" class=\"attachment-thumbnail size-thumbnail\" alt=\"\" data-attachment-id=\"21850\" data-permalink=\"https:\/\/sarimelekler.biz\/?attachment_id=21850\" data-orig-file=\"https:\/\/sarimelekler.biz\/wp-content\/uploads\/2025\/04\/24-25-Turkiye-Kupasi-Sampiyonlugu-7-scaled.jpg\" data-orig-size=\"1750,2560\" data-comments-opened=\"0\" data-image-meta=\"{&quot;aperture&quot;:&quot;4&quot;,&quot;credit&quot;:&quot;BURAK SALTIK&quot;,&quot;camera&quot;:&quot;Canon EOS R3&quot;,&quot;caption&quot;:&quot;&quot;,&quot;created_timestamp&quot;:&quot;1743617720&quot;,&quot;copyright&quot;:&quot;www.fenerbahce.org&quot;,&quot;focal_length&quot;:&quot;28&quot;,&quot;iso&quot;:&quot;2500&quot;,&quot;shutter_speed&quot;:&quot;0.00125&quot;,&quot;title&quot;:&quot;&quot;,&quot;orientation&quot;:&quot;1&quot;}\" data-image-title=\"24-25 T\u00fcrkiye Kupas\u0131 \u015eampiyonlu\u011fu (7)\" data-image-description=\"\" data-image-caption=\"\" data-large-file=\"https:\/\/sarimelekler.biz\/wp-content\/uploads\/2025\/04\/24-25-Turkiye-Kupasi-Sampiyonlugu-7-700x1024.jpg\" \/><\/a>\n\t\t\t<\/dt><\/dl><dl class='gallery-item'>\n\t\t\t<dt class='gallery-icon portrait'>\n\t\t\t\t<a href='https:\/\/sarimelekler.biz\/?attachment_id=21849'><img loading=\"lazy\" decoding=\"async\" width=\"150\" height=\"150\" src=\"https:\/\/sarimelekler.biz\/wp-content\/uploads\/2025\/04\/24-25-Turkiye-Kupasi-Sampiyonlugu-6-150x150.jpg\" class=\"attachment-thumbnail size-thumbnail\" alt=\"\" data-attachment-id=\"21849\" data-permalink=\"https:\/\/sarimelekler.biz\/?attachment_id=21849\" data-orig-file=\"https:\/\/sarimelekler.biz\/wp-content\/uploads\/2025\/04\/24-25-Turkiye-Kupasi-Sampiyonlugu-6.jpg\" data-orig-size=\"2133,2310\" data-comments-opened=\"0\" data-image-meta=\"{&quot;aperture&quot;:&quot;4&quot;,&quot;credit&quot;:&quot;BURAK SALTIK&quot;,&quot;camera&quot;:&quot;Canon EOS R3&quot;,&quot;caption&quot;:&quot;&quot;,&quot;created_timestamp&quot;:&quot;1743617593&quot;,&quot;copyright&quot;:&quot;www.fenerbahce.org&quot;,&quot;focal_length&quot;:&quot;24&quot;,&quot;iso&quot;:&quot;2500&quot;,&quot;shutter_speed&quot;:&quot;0.00125&quot;,&quot;title&quot;:&quot;&quot;,&quot;orientation&quot;:&quot;1&quot;}\" data-image-title=\"24-25 T\u00fcrkiye Kupas\u0131 \u015eampiyonlu\u011fu (6)\" data-image-description=\"\" data-image-caption=\"\" data-large-file=\"https:\/\/sarimelekler.biz\/wp-content\/uploads\/2025\/04\/24-25-Turkiye-Kupasi-Sampiyonlugu-6-946x1024.jpg\" \/><\/a>\n\t\t\t<\/dt><\/dl><dl class='gallery-item'>\n\t\t\t<dt class='gallery-icon portrait'>\n\t\t\t\t<a href='https:\/\/sarimelekler.biz\/?attachment_id=21848'><img loading=\"lazy\" decoding=\"async\" width=\"150\" height=\"150\" src=\"https:\/\/sarimelekler.biz\/wp-content\/uploads\/2025\/04\/24-25-Turkiye-Kupasi-Sampiyonlugu-5-150x150.jpg\" class=\"attachment-thumbnail size-thumbnail\" alt=\"\" data-attachment-id=\"21848\" data-permalink=\"https:\/\/sarimelekler.biz\/?attachment_id=21848\" data-orig-file=\"https:\/\/sarimelekler.biz\/wp-content\/uploads\/2025\/04\/24-25-Turkiye-Kupasi-Sampiyonlugu-5.jpg\" data-orig-size=\"2262,2337\" data-comments-opened=\"0\" data-image-meta=\"{&quot;aperture&quot;:&quot;4&quot;,&quot;credit&quot;:&quot;BURAK SALTIK&quot;,&quot;camera&quot;:&quot;Canon EOS R3&quot;,&quot;caption&quot;:&quot;&quot;,&quot;created_timestamp&quot;:&quot;1743617574&quot;,&quot;copyright&quot;:&quot;www.fenerbahce.org&quot;,&quot;focal_length&quot;:&quot;28&quot;,&quot;iso&quot;:&quot;2500&quot;,&quot;shutter_speed&quot;:&quot;0.00125&quot;,&quot;title&quot;:&quot;&quot;,&quot;orientation&quot;:&quot;1&quot;}\" data-image-title=\"24-25 T\u00fcrkiye Kupas\u0131 \u015eampiyonlu\u011fu (5)\" data-image-description=\"\" data-image-caption=\"\" data-large-file=\"https:\/\/sarimelekler.biz\/wp-content\/uploads\/2025\/04\/24-25-Turkiye-Kupasi-Sampiyonlugu-5-991x1024.jpg\" \/><\/a>\n\t\t\t<\/dt><\/dl><dl class='gallery-item'>\n\t\t\t<dt class='gallery-icon landscape'>\n\t\t\t\t<a href='https:\/\/sarimelekler.biz\/?attachment_id=21847'><img loading=\"lazy\" decoding=\"async\" width=\"150\" height=\"150\" src=\"https:\/\/sarimelekler.biz\/wp-content\/uploads\/2025\/04\/24-25-Turkiye-Kupasi-Sampiyonlugu-4-150x150.jpg\" class=\"attachment-thumbnail size-thumbnail\" alt=\"\" data-attachment-id=\"21847\" data-permalink=\"https:\/\/sarimelekler.biz\/?attachment_id=21847\" data-orig-file=\"https:\/\/sarimelekler.biz\/wp-content\/uploads\/2025\/04\/24-25-Turkiye-Kupasi-Sampiyonlugu-4-scaled.jpg\" data-orig-size=\"2560,2163\" data-comments-opened=\"0\" data-image-meta=\"{&quot;aperture&quot;:&quot;4&quot;,&quot;credit&quot;:&quot;BURAK SALTIK&quot;,&quot;camera&quot;:&quot;Canon EOS R3&quot;,&quot;caption&quot;:&quot;&quot;,&quot;created_timestamp&quot;:&quot;1743617820&quot;,&quot;copyright&quot;:&quot;www.fenerbahce.org&quot;,&quot;focal_length&quot;:&quot;39&quot;,&quot;iso&quot;:&quot;2500&quot;,&quot;shutter_speed&quot;:&quot;0.00125&quot;,&quot;title&quot;:&quot;&quot;,&quot;orientation&quot;:&quot;1&quot;}\" data-image-title=\"24-25 T\u00fcrkiye Kupas\u0131 \u015eampiyonlu\u011fu (4)\" data-image-description=\"\" data-image-caption=\"\" data-large-file=\"https:\/\/sarimelekler.biz\/wp-content\/uploads\/2025\/04\/24-25-Turkiye-Kupasi-Sampiyonlugu-4-1024x865.jpg\" \/><\/a>\n\t\t\t<\/dt><\/dl><br style=\"clear: both\" \/><dl class='gallery-item'>\n\t\t\t<dt class='gallery-icon portrait'>\n\t\t\t\t<a href='https:\/\/sarimelekler.biz\/?attachment_id=21846'><img loading=\"lazy\" decoding=\"async\" width=\"150\" height=\"150\" src=\"https:\/\/sarimelekler.biz\/wp-content\/uploads\/2025\/04\/24-25-Turkiye-Kupasi-Sampiyonlugu-3-150x150.jpg\" class=\"attachment-thumbnail size-thumbnail\" alt=\"\" data-attachment-id=\"21846\" data-permalink=\"https:\/\/sarimelekler.biz\/?attachment_id=21846\" data-orig-file=\"https:\/\/sarimelekler.biz\/wp-content\/uploads\/2025\/04\/24-25-Turkiye-Kupasi-Sampiyonlugu-3.jpg\" data-orig-size=\"2319,2382\" data-comments-opened=\"0\" data-image-meta=\"{&quot;aperture&quot;:&quot;4&quot;,&quot;credit&quot;:&quot;BURAK SALTIK&quot;,&quot;camera&quot;:&quot;Canon EOS R3&quot;,&quot;caption&quot;:&quot;&quot;,&quot;created_timestamp&quot;:&quot;1743617518&quot;,&quot;copyright&quot;:&quot;www.fenerbahce.org&quot;,&quot;focal_length&quot;:&quot;30&quot;,&quot;iso&quot;:&quot;2500&quot;,&quot;shutter_speed&quot;:&quot;0.00125&quot;,&quot;title&quot;:&quot;&quot;,&quot;orientation&quot;:&quot;1&quot;}\" data-image-title=\"24-25 T\u00fcrkiye Kupas\u0131 \u015eampiyonlu\u011fu (3)\" data-image-description=\"\" data-image-caption=\"\" data-large-file=\"https:\/\/sarimelekler.biz\/wp-content\/uploads\/2025\/04\/24-25-Turkiye-Kupasi-Sampiyonlugu-3-997x1024.jpg\" \/><\/a>\n\t\t\t<\/dt><\/dl><dl class='gallery-item'>\n\t\t\t<dt class='gallery-icon portrait'>\n\t\t\t\t<a href='https:\/\/sarimelekler.biz\/?attachment_id=21854'><img loading=\"lazy\" decoding=\"async\" width=\"150\" height=\"150\" src=\"https:\/\/sarimelekler.biz\/wp-content\/uploads\/2025\/04\/24-25-Turkiye-Kupasi-Sampiyonlugu-13-150x150.jpg\" class=\"attachment-thumbnail size-thumbnail\" alt=\"\" data-attachment-id=\"21854\" data-permalink=\"https:\/\/sarimelekler.biz\/?attachment_id=21854\" data-orig-file=\"https:\/\/sarimelekler.biz\/wp-content\/uploads\/2025\/04\/24-25-Turkiye-Kupasi-Sampiyonlugu-13-scaled.jpg\" data-orig-size=\"1900,2560\" data-comments-opened=\"0\" data-image-meta=\"{&quot;aperture&quot;:&quot;4&quot;,&quot;credit&quot;:&quot;BURAK SALTIK&quot;,&quot;camera&quot;:&quot;Canon EOS R3&quot;,&quot;caption&quot;:&quot;&quot;,&quot;created_timestamp&quot;:&quot;1743617554&quot;,&quot;copyright&quot;:&quot;www.fenerbahce.org&quot;,&quot;focal_length&quot;:&quot;24&quot;,&quot;iso&quot;:&quot;2500&quot;,&quot;shutter_speed&quot;:&quot;0.00125&quot;,&quot;title&quot;:&quot;&quot;,&quot;orientation&quot;:&quot;1&quot;}\" data-image-title=\"24-25 T\u00fcrkiye Kupas\u0131 \u015eampiyonlu\u011fu (13)\" data-image-description=\"\" data-image-caption=\"\" data-large-file=\"https:\/\/sarimelekler.biz\/wp-content\/uploads\/2025\/04\/24-25-Turkiye-Kupasi-Sampiyonlugu-13-760x1024.jpg\" \/><\/a>\n\t\t\t<\/dt><\/dl><dl class='gallery-item'>\n\t\t\t<dt class='gallery-icon landscape'>\n\t\t\t\t<a href='https:\/\/sarimelekler.biz\/?attachment_id=21855'><img loading=\"lazy\" decoding=\"async\" width=\"150\" height=\"150\" src=\"https:\/\/sarimelekler.biz\/wp-content\/uploads\/2025\/04\/24-25-Turkiye-Kupasi-Sampiyonlugu-14-150x150.jpg\" class=\"attachment-thumbnail size-thumbnail\" alt=\"\" data-attachment-id=\"21855\" data-permalink=\"https:\/\/sarimelekler.biz\/?attachment_id=21855\" data-orig-file=\"https:\/\/sarimelekler.biz\/wp-content\/uploads\/2025\/04\/24-25-Turkiye-Kupasi-Sampiyonlugu-14-scaled.jpg\" data-orig-size=\"2560,1966\" data-comments-opened=\"0\" data-image-meta=\"{&quot;aperture&quot;:&quot;4&quot;,&quot;credit&quot;:&quot;BURAK SALTIK&quot;,&quot;camera&quot;:&quot;Canon EOS R3&quot;,&quot;caption&quot;:&quot;&quot;,&quot;created_timestamp&quot;:&quot;1743617612&quot;,&quot;copyright&quot;:&quot;www.fenerbahce.org&quot;,&quot;focal_length&quot;:&quot;31&quot;,&quot;iso&quot;:&quot;2500&quot;,&quot;shutter_speed&quot;:&quot;0.004&quot;,&quot;title&quot;:&quot;&quot;,&quot;orientation&quot;:&quot;1&quot;}\" data-image-title=\"24-25 T\u00fcrkiye Kupas\u0131 \u015eampiyonlu\u011fu (14)\" data-image-description=\"\" data-image-caption=\"\" data-large-file=\"https:\/\/sarimelekler.biz\/wp-content\/uploads\/2025\/04\/24-25-Turkiye-Kupasi-Sampiyonlugu-14-1024x786.jpg\" \/><\/a>\n\t\t\t<\/dt><\/dl><dl class='gallery-item'>\n\t\t\t<dt class='gallery-icon portrait'>\n\t\t\t\t<a href='https:\/\/sarimelekler.biz\/?attachment_id=21856'><img loading=\"lazy\" decoding=\"async\" width=\"150\" height=\"150\" src=\"https:\/\/sarimelekler.biz\/wp-content\/uploads\/2025\/04\/24-25-Turkiye-Kupasi-Sampiyonlugu-15-150x150.jpg\" class=\"attachment-thumbnail size-thumbnail\" alt=\"\" data-attachment-id=\"21856\" data-permalink=\"https:\/\/sarimelekler.biz\/?attachment_id=21856\" data-orig-file=\"https:\/\/sarimelekler.biz\/wp-content\/uploads\/2025\/04\/24-25-Turkiye-Kupasi-Sampiyonlugu-15-scaled.jpg\" data-orig-size=\"1616,2560\" data-comments-opened=\"0\" data-image-meta=\"{&quot;aperture&quot;:&quot;4&quot;,&quot;credit&quot;:&quot;BURAK SALTIK&quot;,&quot;camera&quot;:&quot;Canon EOS R3&quot;,&quot;caption&quot;:&quot;&quot;,&quot;created_timestamp&quot;:&quot;1743617469&quot;,&quot;copyright&quot;:&quot;www.fenerbahce.org&quot;,&quot;focal_length&quot;:&quot;30&quot;,&quot;iso&quot;:&quot;2500&quot;,&quot;shutter_speed&quot;:&quot;0.00125&quot;,&quot;title&quot;:&quot;&quot;,&quot;orientation&quot;:&quot;1&quot;}\" data-image-title=\"24-25 T\u00fcrkiye Kupas\u0131 \u015eampiyonlu\u011fu (15)\" data-image-description=\"\" data-image-caption=\"\" data-large-file=\"https:\/\/sarimelekler.biz\/wp-content\/uploads\/2025\/04\/24-25-Turkiye-Kupasi-Sampiyonlugu-15-646x1024.jpg\" \/><\/a>\n\t\t\t<\/dt><\/dl><dl class='gallery-item'>\n\t\t\t<dt class='gallery-icon landscape'>\n\t\t\t\t<a href='https:\/\/sarimelekler.biz\/?attachment_id=21857'><img loading=\"lazy\" decoding=\"async\" width=\"150\" height=\"150\" src=\"https:\/\/sarimelekler.biz\/wp-content\/uploads\/2025\/04\/24-25-Turkiye-Kupasi-Sampiyonlugu-16-150x150.jpg\" class=\"attachment-thumbnail size-thumbnail\" alt=\"\" data-attachment-id=\"21857\" data-permalink=\"https:\/\/sarimelekler.biz\/?attachment_id=21857\" data-orig-file=\"https:\/\/sarimelekler.biz\/wp-content\/uploads\/2025\/04\/24-25-Turkiye-Kupasi-Sampiyonlugu-16-scaled.jpg\" data-orig-size=\"2560,1675\" data-comments-opened=\"0\" data-image-meta=\"{&quot;aperture&quot;:&quot;4&quot;,&quot;credit&quot;:&quot;BURAK SALTIK&quot;,&quot;camera&quot;:&quot;Canon EOS R3&quot;,&quot;caption&quot;:&quot;&quot;,&quot;created_timestamp&quot;:&quot;1743617447&quot;,&quot;copyright&quot;:&quot;www.fenerbahce.org&quot;,&quot;focal_length&quot;:&quot;28&quot;,&quot;iso&quot;:&quot;2500&quot;,&quot;shutter_speed&quot;:&quot;0.00125&quot;,&quot;title&quot;:&quot;&quot;,&quot;orientation&quot;:&quot;1&quot;}\" data-image-title=\"24-25 T\u00fcrkiye Kupas\u0131 \u015eampiyonlu\u011fu (16)\" data-image-description=\"\" data-image-caption=\"\" data-large-file=\"https:\/\/sarimelekler.biz\/wp-content\/uploads\/2025\/04\/24-25-Turkiye-Kupasi-Sampiyonlugu-16-1024x670.jpg\" \/><\/a>\n\t\t\t<\/dt><\/dl><br style=\"clear: both\" \/><dl class='gallery-item'>\n\t\t\t<dt class='gallery-icon landscape'>\n\t\t\t\t<a href='https:\/\/sarimelekler.biz\/?attachment_id=21858'><img loading=\"lazy\" decoding=\"async\" width=\"150\" height=\"150\" src=\"https:\/\/sarimelekler.biz\/wp-content\/uploads\/2025\/04\/24-25-Turkiye-Kupasi-Sampiyonlugu-17-150x150.jpg\" class=\"attachment-thumbnail size-thumbnail\" alt=\"\" data-attachment-id=\"21858\" data-permalink=\"https:\/\/sarimelekler.biz\/?attachment_id=21858\" data-orig-file=\"https:\/\/sarimelekler.biz\/wp-content\/uploads\/2025\/04\/24-25-Turkiye-Kupasi-Sampiyonlugu-17-scaled.jpg\" data-orig-size=\"2560,2160\" data-comments-opened=\"0\" data-image-meta=\"{&quot;aperture&quot;:&quot;4&quot;,&quot;credit&quot;:&quot;BURAK SALTIK&quot;,&quot;camera&quot;:&quot;Canon EOS R3&quot;,&quot;caption&quot;:&quot;&quot;,&quot;created_timestamp&quot;:&quot;1743618292&quot;,&quot;copyright&quot;:&quot;www.fenerbahce.org&quot;,&quot;focal_length&quot;:&quot;35&quot;,&quot;iso&quot;:&quot;2500&quot;,&quot;shutter_speed&quot;:&quot;0.00125&quot;,&quot;title&quot;:&quot;&quot;,&quot;orientation&quot;:&quot;1&quot;}\" data-image-title=\"24-25 T\u00fcrkiye Kupas\u0131 \u015eampiyonlu\u011fu (17)\" data-image-description=\"\" data-image-caption=\"\" data-large-file=\"https:\/\/sarimelekler.biz\/wp-content\/uploads\/2025\/04\/24-25-Turkiye-Kupasi-Sampiyonlugu-17-1024x864.jpg\" \/><\/a>\n\t\t\t<\/dt><\/dl><dl class='gallery-item'>\n\t\t\t<dt class='gallery-icon portrait'>\n\t\t\t\t<a href='https:\/\/sarimelekler.biz\/?attachment_id=21859'><img loading=\"lazy\" decoding=\"async\" width=\"150\" height=\"150\" src=\"https:\/\/sarimelekler.biz\/wp-content\/uploads\/2025\/04\/24-25-Turkiye-Kupasi-Sampiyonlugu-18-150x150.jpg\" class=\"attachment-thumbnail size-thumbnail\" alt=\"\" data-attachment-id=\"21859\" data-permalink=\"https:\/\/sarimelekler.biz\/?attachment_id=21859\" data-orig-file=\"https:\/\/sarimelekler.biz\/wp-content\/uploads\/2025\/04\/24-25-Turkiye-Kupasi-Sampiyonlugu-18-scaled.jpg\" data-orig-size=\"1638,2560\" data-comments-opened=\"0\" data-image-meta=\"{&quot;aperture&quot;:&quot;4&quot;,&quot;credit&quot;:&quot;BURAK SALTIK&quot;,&quot;camera&quot;:&quot;Canon EOS R3&quot;,&quot;caption&quot;:&quot;&quot;,&quot;created_timestamp&quot;:&quot;1743617489&quot;,&quot;copyright&quot;:&quot;www.fenerbahce.org&quot;,&quot;focal_length&quot;:&quot;24&quot;,&quot;iso&quot;:&quot;2500&quot;,&quot;shutter_speed&quot;:&quot;0.00125&quot;,&quot;title&quot;:&quot;&quot;,&quot;orientation&quot;:&quot;1&quot;}\" data-image-title=\"24-25 T\u00fcrkiye Kupas\u0131 \u015eampiyonlu\u011fu (18)\" data-image-description=\"\" data-image-caption=\"\" data-large-file=\"https:\/\/sarimelekler.biz\/wp-content\/uploads\/2025\/04\/24-25-Turkiye-Kupasi-Sampiyonlugu-18-655x1024.jpg\" \/><\/a>\n\t\t\t<\/dt><\/dl><dl class='gallery-item'>\n\t\t\t<dt class='gallery-icon portrait'>\n\t\t\t\t<a href='https:\/\/sarimelekler.biz\/?attachment_id=21861'><img loading=\"lazy\" decoding=\"async\" width=\"150\" height=\"150\" src=\"https:\/\/sarimelekler.biz\/wp-content\/uploads\/2025\/04\/24-25-Turkiye-Kupasi-Sampiyonlugu-20-150x150.jpg\" class=\"attachment-thumbnail size-thumbnail\" alt=\"\" data-attachment-id=\"21861\" data-permalink=\"https:\/\/sarimelekler.biz\/?attachment_id=21861\" data-orig-file=\"https:\/\/sarimelekler.biz\/wp-content\/uploads\/2025\/04\/24-25-Turkiye-Kupasi-Sampiyonlugu-20-scaled.jpg\" data-orig-size=\"1626,2560\" data-comments-opened=\"0\" data-image-meta=\"{&quot;aperture&quot;:&quot;4&quot;,&quot;credit&quot;:&quot;BURAK SALTIK&quot;,&quot;camera&quot;:&quot;Canon EOS R3&quot;,&quot;caption&quot;:&quot;&quot;,&quot;created_timestamp&quot;:&quot;1743617512&quot;,&quot;copyright&quot;:&quot;www.fenerbahce.org&quot;,&quot;focal_length&quot;:&quot;33&quot;,&quot;iso&quot;:&quot;2500&quot;,&quot;shutter_speed&quot;:&quot;0.00125&quot;,&quot;title&quot;:&quot;&quot;,&quot;orientation&quot;:&quot;1&quot;}\" data-image-title=\"24-25 T\u00fcrkiye Kupas\u0131 \u015eampiyonlu\u011fu (20)\" data-image-description=\"\" data-image-caption=\"\" data-large-file=\"https:\/\/sarimelekler.biz\/wp-content\/uploads\/2025\/04\/24-25-Turkiye-Kupasi-Sampiyonlugu-20-650x1024.jpg\" \/><\/a>\n\t\t\t<\/dt><\/dl><dl class='gallery-item'>\n\t\t\t<dt class='gallery-icon portrait'>\n\t\t\t\t<a href='https:\/\/sarimelekler.biz\/?attachment_id=21869'><img loading=\"lazy\" decoding=\"async\" width=\"150\" height=\"150\" src=\"https:\/\/sarimelekler.biz\/wp-content\/uploads\/2025\/04\/24-25-Turkiye-Kupasi-Sampiyonlugu-28-150x150.jpg\" class=\"attachment-thumbnail size-thumbnail\" alt=\"\" data-attachment-id=\"21869\" data-permalink=\"https:\/\/sarimelekler.biz\/?attachment_id=21869\" data-orig-file=\"https:\/\/sarimelekler.biz\/wp-content\/uploads\/2025\/04\/24-25-Turkiye-Kupasi-Sampiyonlugu-28-scaled.jpg\" data-orig-size=\"1537,2560\" data-comments-opened=\"0\" data-image-meta=\"{&quot;aperture&quot;:&quot;4&quot;,&quot;credit&quot;:&quot;BURAK SALTIK&quot;,&quot;camera&quot;:&quot;Canon EOS R3&quot;,&quot;caption&quot;:&quot;&quot;,&quot;created_timestamp&quot;:&quot;1743617561&quot;,&quot;copyright&quot;:&quot;www.fenerbahce.org&quot;,&quot;focal_length&quot;:&quot;24&quot;,&quot;iso&quot;:&quot;2500&quot;,&quot;shutter_speed&quot;:&quot;0.00125&quot;,&quot;title&quot;:&quot;&quot;,&quot;orientation&quot;:&quot;1&quot;}\" data-image-title=\"24-25 T\u00fcrkiye Kupas\u0131 \u015eampiyonlu\u011fu (28)\" data-image-description=\"\" data-image-caption=\"\" data-large-file=\"https:\/\/sarimelekler.biz\/wp-content\/uploads\/2025\/04\/24-25-Turkiye-Kupasi-Sampiyonlugu-28-615x1024.jpg\" \/><\/a>\n\t\t\t<\/dt><\/dl><dl class='gallery-item'>\n\t\t\t<dt class='gallery-icon landscape'>\n\t\t\t\t<a href='https:\/\/sarimelekler.biz\/?attachment_id=21868'><img loading=\"lazy\" decoding=\"async\" width=\"150\" height=\"150\" src=\"https:\/\/sarimelekler.biz\/wp-content\/uploads\/2025\/04\/24-25-Turkiye-Kupasi-Sampiyonlugu-27-150x150.jpg\" class=\"attachment-thumbnail size-thumbnail\" alt=\"\" data-attachment-id=\"21868\" data-permalink=\"https:\/\/sarimelekler.biz\/?attachment_id=21868\" data-orig-file=\"https:\/\/sarimelekler.biz\/wp-content\/uploads\/2025\/04\/24-25-Turkiye-Kupasi-Sampiyonlugu-27-scaled.jpg\" data-orig-size=\"2560,1826\" data-comments-opened=\"0\" data-image-meta=\"{&quot;aperture&quot;:&quot;4&quot;,&quot;credit&quot;:&quot;BURAK SALTIK&quot;,&quot;camera&quot;:&quot;Canon EOS R3&quot;,&quot;caption&quot;:&quot;&quot;,&quot;created_timestamp&quot;:&quot;1743617409&quot;,&quot;copyright&quot;:&quot;www.fenerbahce.org&quot;,&quot;focal_length&quot;:&quot;36&quot;,&quot;iso&quot;:&quot;2500&quot;,&quot;shutter_speed&quot;:&quot;0.00125&quot;,&quot;title&quot;:&quot;&quot;,&quot;orientation&quot;:&quot;1&quot;}\" data-image-title=\"24-25 T\u00fcrkiye Kupas\u0131 \u015eampiyonlu\u011fu (27)\" data-image-description=\"\" data-image-caption=\"\" data-large-file=\"https:\/\/sarimelekler.biz\/wp-content\/uploads\/2025\/04\/24-25-Turkiye-Kupasi-Sampiyonlugu-27-1024x730.jpg\" \/><\/a>\n\t\t\t<\/dt><\/dl><br style=\"clear: both\" \/><dl class='gallery-item'>\n\t\t\t<dt class='gallery-icon portrait'>\n\t\t\t\t<a href='https:\/\/sarimelekler.biz\/?attachment_id=21867'><img loading=\"lazy\" decoding=\"async\" width=\"150\" height=\"150\" src=\"https:\/\/sarimelekler.biz\/wp-content\/uploads\/2025\/04\/24-25-Turkiye-Kupasi-Sampiyonlugu-26-150x150.jpg\" class=\"attachment-thumbnail size-thumbnail\" alt=\"\" data-attachment-id=\"21867\" data-permalink=\"https:\/\/sarimelekler.biz\/?attachment_id=21867\" data-orig-file=\"https:\/\/sarimelekler.biz\/wp-content\/uploads\/2025\/04\/24-25-Turkiye-Kupasi-Sampiyonlugu-26-scaled.jpg\" data-orig-size=\"1723,2560\" data-comments-opened=\"0\" data-image-meta=\"{&quot;aperture&quot;:&quot;4&quot;,&quot;credit&quot;:&quot;BURAK SALTIK&quot;,&quot;camera&quot;:&quot;Canon EOS R3&quot;,&quot;caption&quot;:&quot;&quot;,&quot;created_timestamp&quot;:&quot;1743617397&quot;,&quot;copyright&quot;:&quot;www.fenerbahce.org&quot;,&quot;focal_length&quot;:&quot;32&quot;,&quot;iso&quot;:&quot;2500&quot;,&quot;shutter_speed&quot;:&quot;0.00125&quot;,&quot;title&quot;:&quot;&quot;,&quot;orientation&quot;:&quot;1&quot;}\" data-image-title=\"24-25 T\u00fcrkiye Kupas\u0131 \u015eampiyonlu\u011fu (26)\" data-image-description=\"\" data-image-caption=\"\" data-large-file=\"https:\/\/sarimelekler.biz\/wp-content\/uploads\/2025\/04\/24-25-Turkiye-Kupasi-Sampiyonlugu-26-689x1024.jpg\" \/><\/a>\n\t\t\t<\/dt><\/dl><dl class='gallery-item'>\n\t\t\t<dt class='gallery-icon portrait'>\n\t\t\t\t<a href='https:\/\/sarimelekler.biz\/?attachment_id=21866'><img loading=\"lazy\" decoding=\"async\" width=\"150\" height=\"150\" src=\"https:\/\/sarimelekler.biz\/wp-content\/uploads\/2025\/04\/24-25-Turkiye-Kupasi-Sampiyonlugu-25-150x150.jpg\" class=\"attachment-thumbnail size-thumbnail\" alt=\"\" data-attachment-id=\"21866\" data-permalink=\"https:\/\/sarimelekler.biz\/?attachment_id=21866\" data-orig-file=\"https:\/\/sarimelekler.biz\/wp-content\/uploads\/2025\/04\/24-25-Turkiye-Kupasi-Sampiyonlugu-25.jpg\" data-orig-size=\"2133,2340\" data-comments-opened=\"0\" data-image-meta=\"{&quot;aperture&quot;:&quot;4&quot;,&quot;credit&quot;:&quot;BURAK SALTIK&quot;,&quot;camera&quot;:&quot;Canon EOS R3&quot;,&quot;caption&quot;:&quot;&quot;,&quot;created_timestamp&quot;:&quot;1743617699&quot;,&quot;copyright&quot;:&quot;www.fenerbahce.org&quot;,&quot;focal_length&quot;:&quot;26&quot;,&quot;iso&quot;:&quot;2500&quot;,&quot;shutter_speed&quot;:&quot;0.00125&quot;,&quot;title&quot;:&quot;&quot;,&quot;orientation&quot;:&quot;1&quot;}\" data-image-title=\"24-25 T\u00fcrkiye Kupas\u0131 \u015eampiyonlu\u011fu (25)\" data-image-description=\"\" data-image-caption=\"\" data-large-file=\"https:\/\/sarimelekler.biz\/wp-content\/uploads\/2025\/04\/24-25-Turkiye-Kupasi-Sampiyonlugu-25-933x1024.jpg\" \/><\/a>\n\t\t\t<\/dt><\/dl><dl class='gallery-item'>\n\t\t\t<dt class='gallery-icon portrait'>\n\t\t\t\t<a href='https:\/\/sarimelekler.biz\/?attachment_id=21865'><img loading=\"lazy\" decoding=\"async\" width=\"150\" height=\"150\" src=\"https:\/\/sarimelekler.biz\/wp-content\/uploads\/2025\/04\/24-25-Turkiye-Kupasi-Sampiyonlugu-24-150x150.jpg\" class=\"attachment-thumbnail size-thumbnail\" alt=\"\" data-attachment-id=\"21865\" data-permalink=\"https:\/\/sarimelekler.biz\/?attachment_id=21865\" data-orig-file=\"https:\/\/sarimelekler.biz\/wp-content\/uploads\/2025\/04\/24-25-Turkiye-Kupasi-Sampiyonlugu-24-scaled.jpg\" data-orig-size=\"1513,2560\" data-comments-opened=\"0\" data-image-meta=\"{&quot;aperture&quot;:&quot;4&quot;,&quot;credit&quot;:&quot;BURAK SALTIK&quot;,&quot;camera&quot;:&quot;Canon EOS R3&quot;,&quot;caption&quot;:&quot;&quot;,&quot;created_timestamp&quot;:&quot;1743617526&quot;,&quot;copyright&quot;:&quot;www.fenerbahce.org&quot;,&quot;focal_length&quot;:&quot;29&quot;,&quot;iso&quot;:&quot;2500&quot;,&quot;shutter_speed&quot;:&quot;0.00125&quot;,&quot;title&quot;:&quot;&quot;,&quot;orientation&quot;:&quot;1&quot;}\" data-image-title=\"24-25 T\u00fcrkiye Kupas\u0131 \u015eampiyonlu\u011fu (24)\" data-image-description=\"\" data-image-caption=\"\" data-large-file=\"https:\/\/sarimelekler.biz\/wp-content\/uploads\/2025\/04\/24-25-Turkiye-Kupasi-Sampiyonlugu-24-605x1024.jpg\" \/><\/a>\n\t\t\t<\/dt><\/dl><dl class='gallery-item'>\n\t\t\t<dt class='gallery-icon portrait'>\n\t\t\t\t<a href='https:\/\/sarimelekler.biz\/?attachment_id=21864'><img loading=\"lazy\" decoding=\"async\" width=\"150\" height=\"150\" src=\"https:\/\/sarimelekler.biz\/wp-content\/uploads\/2025\/04\/24-25-Turkiye-Kupasi-Sampiyonlugu-23-150x150.jpg\" class=\"attachment-thumbnail size-thumbnail\" alt=\"\" data-attachment-id=\"21864\" data-permalink=\"https:\/\/sarimelekler.biz\/?attachment_id=21864\" data-orig-file=\"https:\/\/sarimelekler.biz\/wp-content\/uploads\/2025\/04\/24-25-Turkiye-Kupasi-Sampiyonlugu-23-scaled.jpg\" data-orig-size=\"1917,2560\" data-comments-opened=\"0\" data-image-meta=\"{&quot;aperture&quot;:&quot;4&quot;,&quot;credit&quot;:&quot;BURAK SALTIK&quot;,&quot;camera&quot;:&quot;Canon EOS R3&quot;,&quot;caption&quot;:&quot;&quot;,&quot;created_timestamp&quot;:&quot;1743617541&quot;,&quot;copyright&quot;:&quot;www.fenerbahce.org&quot;,&quot;focal_length&quot;:&quot;28&quot;,&quot;iso&quot;:&quot;2500&quot;,&quot;shutter_speed&quot;:&quot;0.00125&quot;,&quot;title&quot;:&quot;&quot;,&quot;orientation&quot;:&quot;1&quot;}\" data-image-title=\"24-25 T\u00fcrkiye Kupas\u0131 \u015eampiyonlu\u011fu (23)\" data-image-description=\"\" data-image-caption=\"\" data-large-file=\"https:\/\/sarimelekler.biz\/wp-content\/uploads\/2025\/04\/24-25-Turkiye-Kupasi-Sampiyonlugu-23-767x1024.jpg\" \/><\/a>\n\t\t\t<\/dt><\/dl><dl class='gallery-item'>\n\t\t\t<dt class='gallery-icon landscape'>\n\t\t\t\t<a href='https:\/\/sarimelekler.biz\/?attachment_id=21863'><img loading=\"lazy\" decoding=\"async\" width=\"150\" height=\"150\" src=\"https:\/\/sarimelekler.biz\/wp-content\/uploads\/2025\/04\/24-25-Turkiye-Kupasi-Sampiyonlugu-22-150x150.jpg\" class=\"attachment-thumbnail size-thumbnail\" alt=\"\" data-attachment-id=\"21863\" data-permalink=\"https:\/\/sarimelekler.biz\/?attachment_id=21863\" data-orig-file=\"https:\/\/sarimelekler.biz\/wp-content\/uploads\/2025\/04\/24-25-Turkiye-Kupasi-Sampiyonlugu-22-scaled.jpg\" data-orig-size=\"2560,1871\" data-comments-opened=\"0\" data-image-meta=\"{&quot;aperture&quot;:&quot;4&quot;,&quot;credit&quot;:&quot;BURAK SALTIK&quot;,&quot;camera&quot;:&quot;Canon EOS R3&quot;,&quot;caption&quot;:&quot;&quot;,&quot;created_timestamp&quot;:&quot;1743617435&quot;,&quot;copyright&quot;:&quot;www.fenerbahce.org&quot;,&quot;focal_length&quot;:&quot;32&quot;,&quot;iso&quot;:&quot;2500&quot;,&quot;shutter_speed&quot;:&quot;0.00125&quot;,&quot;title&quot;:&quot;&quot;,&quot;orientation&quot;:&quot;1&quot;}\" data-image-title=\"24-25 T\u00fcrkiye Kupas\u0131 \u015eampiyonlu\u011fu (22)\" data-image-description=\"\" data-image-caption=\"\" data-large-file=\"https:\/\/sarimelekler.biz\/wp-content\/uploads\/2025\/04\/24-25-Turkiye-Kupasi-Sampiyonlugu-22-1024x749.jpg\" \/><\/a>\n\t\t\t<\/dt><\/dl><br style=\"clear: both\" \/><dl class='gallery-item'>\n\t\t\t<dt class='gallery-icon landscape'>\n\t\t\t\t<a href='https:\/\/sarimelekler.biz\/?attachment_id=21862'><img loading=\"lazy\" decoding=\"async\" width=\"150\" height=\"150\" src=\"https:\/\/sarimelekler.biz\/wp-content\/uploads\/2025\/04\/24-25-Turkiye-Kupasi-Sampiyonlugu-21-150x150.jpg\" class=\"attachment-thumbnail size-thumbnail\" alt=\"\" data-attachment-id=\"21862\" data-permalink=\"https:\/\/sarimelekler.biz\/?attachment_id=21862\" data-orig-file=\"https:\/\/sarimelekler.biz\/wp-content\/uploads\/2025\/04\/24-25-Turkiye-Kupasi-Sampiyonlugu-21-scaled.jpg\" data-orig-size=\"2560,2151\" data-comments-opened=\"0\" data-image-meta=\"{&quot;aperture&quot;:&quot;4&quot;,&quot;credit&quot;:&quot;BURAK SALTIK&quot;,&quot;camera&quot;:&quot;Canon EOS R3&quot;,&quot;caption&quot;:&quot;&quot;,&quot;created_timestamp&quot;:&quot;1743617347&quot;,&quot;copyright&quot;:&quot;www.fenerbahce.org&quot;,&quot;focal_length&quot;:&quot;24&quot;,&quot;iso&quot;:&quot;2500&quot;,&quot;shutter_speed&quot;:&quot;0.00125&quot;,&quot;title&quot;:&quot;&quot;,&quot;orientation&quot;:&quot;1&quot;}\" data-image-title=\"24-25 T\u00fcrkiye Kupas\u0131 \u015eampiyonlu\u011fu (21)\" data-image-description=\"\" data-image-caption=\"\" data-large-file=\"https:\/\/sarimelekler.biz\/wp-content\/uploads\/2025\/04\/24-25-Turkiye-Kupasi-Sampiyonlugu-21-1024x860.jpg\" \/><\/a>\n\t\t\t<\/dt><\/dl>\n\t\t\t<br style='clear: both' \/>\n\t\t<\/div>\n\n<p>Foto\u011fraf Kaynak:\u00a0<a href=\"https:\/\/www.fenerbahce.org\/haberler\/voleybol-kadin\/2025\/4\/kupa-voley-sampiyonu-fenerbahce-medicana\" target=\"_blank\" rel=\"noopener\">Fenerbah\u00e7e SK Resmi \u0130nternet Sitesi<\/a><\/p>\n<p style=\"text-align: right;\">05.04.2025<\/p>\n","protected":false},"excerpt":{"rendered":"<p>Fenerbah\u00e7e Medicana Kad\u0131n Voleybol Tak\u0131m\u0131m\u0131z, AXA Sigorta Kupa Voley Final \u2026 <a class=\"continue-reading-link\" href=\"https:\/\/sarimelekler.biz\/?p=21841\">Okumaya Devam Et.. <span class=\"meta-nav\">&rarr; <\/span><\/a><\/p>\n","protected":false},"author":1,"featured_media":21842,"comment_status":"closed","ping_status":"open","sticky":false,"template":"","format":"standard","meta":{"jetpack_post_was_ever_published":false,"_jetpack_newsletter_access":"","_jetpack_dont_email_post_to_subs":false,"_jetpack_newsletter_tier_id":0,"_jetpack_memberships_contains_paywalled_content":false,"_jetpack_memberships_contains_paid_content":false,"footnotes":"","jetpack_publicize_message":"","jetpack_publicize_feature_enabled":true,"jetpack_social_post_already_shared":true,"jetpack_social_options":{"image_generator_settings":{"template":"highway","default_image_id":0,"font":"","enabled":false},"version":2}},"categories":[13],"tags":[],"class_list":["post-21841","post","type-post","status-publish","format-standard","has-post-thumbnail","hentry","category-turkiye-kupasi"],"jetpack_publicize_connections":[],"jetpack_featured_media_url":"https:\/\/sarimelekler.biz\/wp-content\/uploads\/2025\/04\/24-25-Turkiye-Kupasi-Sampiyonlugu-11-scaled.jpg","jetpack_sharing_enabled":true,"jetpack_shortlink":"https:\/\/wp.me\/p8npUZ-5Gh","jetpack-related-posts":[{"id":20615,"url":"https:\/\/sarimelekler.biz\/?p=20615","url_meta":{"origin":21841,"position":0},"title":"\u015eampiyon Sar\u0131 Melekler Kupas\u0131n\u0131 Ald\u0131","author":"Edit\u00f6r","date":"24 Mart 2024","format":false,"excerpt":"Fenerbah\u00e7e Opet Kad\u0131n Voleybol Tak\u0131m\u0131m\u0131z, AXA Sigorta Kupa Voley Final kar\u015f\u0131la\u015fmas\u0131nda Eczac\u0131ba\u015f\u0131 Dynavit\u2019i 3-1 yendi ve 4. kez AXA Sigorta Kupa Voley \u015eampiyonu oldu. Melisa Vargas ma\u00e7\u0131n en skorer oyuncusu olurken ayn\u0131 zamanda turnuvan\u0131n MVP\u2019si se\u00e7ildi. Ma\u00e7\u0131n ard\u0131ndan b\u00fcy\u00fck sevin\u00e7 ya\u015fayan Sar\u0131 Melekler, kupa zaferini taraftarlar\u0131m\u0131zla kutlad\u0131. Foto\u011fraf Kaynak:\u00a0Fenerbah\u00e7e SK\u2026","rel":"","context":"&quot;T\u00fcrkiye Kupas\u0131&quot; i\u00e7inde","block_context":{"text":"T\u00fcrkiye Kupas\u0131","link":"https:\/\/sarimelekler.biz\/?cat=13"},"img":{"alt_text":"","src":"https:\/\/i0.wp.com\/sarimelekler.biz\/wp-content\/uploads\/2024\/03\/23-24-Turkiye-Kupasi-Sampiyonu-24-scaled.jpg?resize=350%2C200&ssl=1","width":350,"height":200,"srcset":"https:\/\/i0.wp.com\/sarimelekler.biz\/wp-content\/uploads\/2024\/03\/23-24-Turkiye-Kupasi-Sampiyonu-24-scaled.jpg?resize=350%2C200&ssl=1 1x, https:\/\/i0.wp.com\/sarimelekler.biz\/wp-content\/uploads\/2024\/03\/23-24-Turkiye-Kupasi-Sampiyonu-24-scaled.jpg?resize=525%2C300&ssl=1 1.5x, https:\/\/i0.wp.com\/sarimelekler.biz\/wp-content\/uploads\/2024\/03\/23-24-Turkiye-Kupasi-Sampiyonu-24-scaled.jpg?resize=700%2C400&ssl=1 2x, https:\/\/i0.wp.com\/sarimelekler.biz\/wp-content\/uploads\/2024\/03\/23-24-Turkiye-Kupasi-Sampiyonu-24-scaled.jpg?resize=1050%2C600&ssl=1 3x, https:\/\/i0.wp.com\/sarimelekler.biz\/wp-content\/uploads\/2024\/03\/23-24-Turkiye-Kupasi-Sampiyonu-24-scaled.jpg?resize=1400%2C800&ssl=1 4x"},"classes":[]},{"id":21823,"url":"https:\/\/sarimelekler.biz\/?p=21823","url_meta":{"origin":21841,"position":1},"title":"Sar\u0131 Melekler T\u00fcrkiye Kupas\u0131 \u015eampiyonu \/ Fenerbah\u00e7e Medicana:3 \u2013 Eczac\u0131ba\u015f\u0131 Dynavit:0","author":"Edit\u00f6r","date":"5 Nisan 2025","format":false,"excerpt":"Fenerbah\u00e7e Medicana Kad\u0131n Voleybol Tak\u0131m\u0131m\u0131z, \u0130zmir\u2019de d\u00fczenlenen AXA Sigorta Kupa Voley d\u00f6rtl\u00fc finalinde, finalde kar\u015f\u0131la\u015ft\u0131\u011f\u0131 Eczac\u0131ba\u015f\u0131 Dynavit tak\u0131m\u0131n\u0131 26-24, 25-22 ve 28-26\u2019l\u0131k set skorlar\u0131yla 3-0 ma\u011flup etti ve Kupa Voley Kupas\u0131nda \u015eampiyon oldu. Ma\u00e7a Eda, Asl\u0131, Ana Cristina, Fedorovtseva, Drca, Vargas ve libero Gizem kadrosuyla ba\u015flayan tak\u0131m\u0131m\u0131zda yedek oyuncular\u0131m\u0131zdan sadece\u2026","rel":"","context":"&quot;T\u00fcrkiye Kupas\u0131&quot; i\u00e7inde","block_context":{"text":"T\u00fcrkiye Kupas\u0131","link":"https:\/\/sarimelekler.biz\/?cat=13"},"img":{"alt_text":"","src":"https:\/\/i0.wp.com\/sarimelekler.biz\/wp-content\/uploads\/2025\/04\/03-24-25-TK-2-scaled.jpg?resize=350%2C200&ssl=1","width":350,"height":200,"srcset":"https:\/\/i0.wp.com\/sarimelekler.biz\/wp-content\/uploads\/2025\/04\/03-24-25-TK-2-scaled.jpg?resize=350%2C200&ssl=1 1x, https:\/\/i0.wp.com\/sarimelekler.biz\/wp-content\/uploads\/2025\/04\/03-24-25-TK-2-scaled.jpg?resize=525%2C300&ssl=1 1.5x, https:\/\/i0.wp.com\/sarimelekler.biz\/wp-content\/uploads\/2025\/04\/03-24-25-TK-2-scaled.jpg?resize=700%2C400&ssl=1 2x, https:\/\/i0.wp.com\/sarimelekler.biz\/wp-content\/uploads\/2025\/04\/03-24-25-TK-2-scaled.jpg?resize=1050%2C600&ssl=1 3x, https:\/\/i0.wp.com\/sarimelekler.biz\/wp-content\/uploads\/2025\/04\/03-24-25-TK-2-scaled.jpg?resize=1400%2C800&ssl=1 4x"},"classes":[]},{"id":21807,"url":"https:\/\/sarimelekler.biz\/?p=21807","url_meta":{"origin":21841,"position":2},"title":"Sar\u0131 Melekler T\u00fcrkiye Kupas\u0131nda Finale Y\u00fckseldi \/ Fenerbah\u00e7e Medicana:3 \u2013 T.H.Y.:0","author":"Edit\u00f6r","date":"4 Nisan 2025","format":false,"excerpt":"Fenerbah\u00e7e Medicana Kad\u0131n Voleybol Tak\u0131m\u0131m\u0131z, \u0130zmir\u2019de d\u00fczenlenen AXA Sigorta Kupa Voley d\u00f6rtl\u00fc finali yar\u0131 finalinde kar\u015f\u0131la\u015ft\u0131\u011f\u0131 T\u00fcrk Hava Yollar\u0131 tak\u0131m\u0131n\u0131 26-24, 25-23 ve 25-13\u2019l\u00fck skorlar\u0131yla 3-0 ma\u011flup etti ve Kupa Voley\u2019de Finale y\u00fckseldi. Ma\u00e7a Eda, Asl\u0131, Ana Cristina, Fedorovtseva, Drca, Vargas ve libero Gizem kadrosuyla ba\u015flayan tak\u0131m\u0131m\u0131zda yedek oyuncular\u0131m\u0131zdan Stysiak,\u2026","rel":"","context":"&quot;T\u00fcrkiye Kupas\u0131&quot; i\u00e7inde","block_context":{"text":"T\u00fcrkiye Kupas\u0131","link":"https:\/\/sarimelekler.biz\/?cat=13"},"img":{"alt_text":"","src":"https:\/\/i0.wp.com\/sarimelekler.biz\/wp-content\/uploads\/2025\/04\/02-24-25-TK-6-scaled.jpg?resize=350%2C200&ssl=1","width":350,"height":200,"srcset":"https:\/\/i0.wp.com\/sarimelekler.biz\/wp-content\/uploads\/2025\/04\/02-24-25-TK-6-scaled.jpg?resize=350%2C200&ssl=1 1x, https:\/\/i0.wp.com\/sarimelekler.biz\/wp-content\/uploads\/2025\/04\/02-24-25-TK-6-scaled.jpg?resize=525%2C300&ssl=1 1.5x, https:\/\/i0.wp.com\/sarimelekler.biz\/wp-content\/uploads\/2025\/04\/02-24-25-TK-6-scaled.jpg?resize=700%2C400&ssl=1 2x, https:\/\/i0.wp.com\/sarimelekler.biz\/wp-content\/uploads\/2025\/04\/02-24-25-TK-6-scaled.jpg?resize=1050%2C600&ssl=1 3x, https:\/\/i0.wp.com\/sarimelekler.biz\/wp-content\/uploads\/2025\/04\/02-24-25-TK-6-scaled.jpg?resize=1400%2C800&ssl=1 4x"},"classes":[]},{"id":20553,"url":"https:\/\/sarimelekler.biz\/?p=20553","url_meta":{"origin":21841,"position":3},"title":"Sar\u0131 Melekler AXA Sigorta Kupa Voley&#8217;de Finale Y\u00fckseldi","author":"Edit\u00f6r","date":"23 Mart 2024","format":false,"excerpt":"Fenerbah\u00e7e Opet:3 \u2013 T\u00fcrk Hava Yollar\u0131:1 Fenerbah\u00e7e Opet Kad\u0131n Voleybol Tak\u0131m\u0131m\u0131z Ankara\u2019da d\u00fczenlenen AXA Sigorta Kupa Voley yar\u0131 final ma\u00e7\u0131nda kar\u015f\u0131la\u015ft\u0131\u011f\u0131 T\u00fcrk Hava Yollar\u0131 tak\u0131m\u0131n\u0131 25-19, 22-25, 25-13 ve 25-20\u2019lik set skorlar\u0131yla 3-1 yenerek finale y\u00fckseldi. Ma\u00e7a Asl\u0131, Meliha, Fetisova, Fedorovtseva, Vargas, Drca ve libero Gizem kadrosuyla ba\u015flayan tak\u0131m\u0131m\u0131zda, Stysiak,\u2026","rel":"","context":"&quot;T\u00fcrkiye Kupas\u0131&quot; i\u00e7inde","block_context":{"text":"T\u00fcrkiye Kupas\u0131","link":"https:\/\/sarimelekler.biz\/?cat=13"},"img":{"alt_text":"","src":"https:\/\/i0.wp.com\/sarimelekler.biz\/wp-content\/uploads\/2024\/03\/23-24-2-TK-2-scaled.jpg?resize=350%2C200&ssl=1","width":350,"height":200,"srcset":"https:\/\/i0.wp.com\/sarimelekler.biz\/wp-content\/uploads\/2024\/03\/23-24-2-TK-2-scaled.jpg?resize=350%2C200&ssl=1 1x, https:\/\/i0.wp.com\/sarimelekler.biz\/wp-content\/uploads\/2024\/03\/23-24-2-TK-2-scaled.jpg?resize=525%2C300&ssl=1 1.5x, https:\/\/i0.wp.com\/sarimelekler.biz\/wp-content\/uploads\/2024\/03\/23-24-2-TK-2-scaled.jpg?resize=700%2C400&ssl=1 2x, https:\/\/i0.wp.com\/sarimelekler.biz\/wp-content\/uploads\/2024\/03\/23-24-2-TK-2-scaled.jpg?resize=1050%2C600&ssl=1 3x, https:\/\/i0.wp.com\/sarimelekler.biz\/wp-content\/uploads\/2024\/03\/23-24-2-TK-2-scaled.jpg?resize=1400%2C800&ssl=1 4x"},"classes":[]},{"id":10692,"url":"https:\/\/sarimelekler.biz\/?p=10692","url_meta":{"origin":21841,"position":4},"title":"Sar\u0131 Melekler Axa Sigorta Kupa Voley&#8217;de Yar\u0131 Finale Y\u00fckseldi","author":"Edit\u00f6r","date":"22 Mart 2019","format":false,"excerpt":"Fenerbah\u00e7e Opet Kad\u0131n Voleybol Tak\u0131m\u0131m\u0131z \u0130zmir\u2019in ev sahipli\u011finde d\u00fczenlenen Axa Sigorta Kupa Voley (T\u00fcrkiye Kupas\u0131) \u00c7eyrek Final ma\u00e7\u0131nda kar\u015f\u0131la\u015ft\u0131\u011f\u0131 T\u00fcrk Hava Yollar\u0131 tak\u0131m\u0131n\u0131 25 \u2013 17, 25 \u2013 19 ve 25 \u2013 17\u2019lik set skorlar\u0131yla 3-0 ma\u011flup ederek yar\u0131 finale y\u00fckseldi. Ma\u00e7a Polen, Dicle, Bahar, Ana Antonijevic, Bricio, Rabadzhieva ve\u2026","rel":"","context":"&quot;T\u00fcrkiye Kupas\u0131&quot; i\u00e7inde","block_context":{"text":"T\u00fcrkiye Kupas\u0131","link":"https:\/\/sarimelekler.biz\/?cat=13"},"img":{"alt_text":"","src":"https:\/\/i0.wp.com\/sarimelekler.biz\/wp-content\/uploads\/2019\/03\/18-19-TK-1-19.jpg?resize=350%2C200&ssl=1","width":350,"height":200,"srcset":"https:\/\/i0.wp.com\/sarimelekler.biz\/wp-content\/uploads\/2019\/03\/18-19-TK-1-19.jpg?resize=350%2C200&ssl=1 1x, https:\/\/i0.wp.com\/sarimelekler.biz\/wp-content\/uploads\/2019\/03\/18-19-TK-1-19.jpg?resize=525%2C300&ssl=1 1.5x, https:\/\/i0.wp.com\/sarimelekler.biz\/wp-content\/uploads\/2019\/03\/18-19-TK-1-19.jpg?resize=700%2C400&ssl=1 2x, https:\/\/i0.wp.com\/sarimelekler.biz\/wp-content\/uploads\/2019\/03\/18-19-TK-1-19.jpg?resize=1050%2C600&ssl=1 3x, https:\/\/i0.wp.com\/sarimelekler.biz\/wp-content\/uploads\/2019\/03\/18-19-TK-1-19.jpg?resize=1400%2C800&ssl=1 4x"},"classes":[]},{"id":13787,"url":"https:\/\/sarimelekler.biz\/?p=13787","url_meta":{"origin":21841,"position":5},"title":"Sar\u0131 Melekler \u0130lk Resmi Ma\u00e7\u0131ndan Galibiyetle Ayr\u0131ld\u0131. Be\u015fikta\u015f:0 &#8211; Fenerbah\u00e7e Opet:3","author":"Edit\u00f6r","date":"5 Eyl\u00fcl 2020","format":false,"excerpt":"Fenerbah\u00e7e Opet Kad\u0131n Voleybol Tak\u0131m\u0131m\u0131z 2020-21 Sezonu ilk resmi ma\u00e7\u0131na AXA Sigorta Kupa Voley turnuvas\u0131nda Be\u015fikta\u015f ma\u00e7\u0131yla ba\u015flad\u0131. Tak\u0131m\u0131m\u0131z ma\u00e7\u0131 10-25, 10-25 ve 8-25\u2019lik set skorlar\u0131yla 3-0 yenerek turnuvaya 3 puanla ba\u015flad\u0131. Ma\u00e7a Eda, Naz, Dicle, Vargas, Mihajlovic, Busa ve libero Melis kadrosuyla ba\u015flayan tak\u0131m\u0131m\u0131zda Aylin, Beliz, Cansu, Bahar, Hilal\u2026","rel":"","context":"&quot;T\u00fcrkiye Kupas\u0131&quot; i\u00e7inde","block_context":{"text":"T\u00fcrkiye Kupas\u0131","link":"https:\/\/sarimelekler.biz\/?cat=13"},"img":{"alt_text":"","src":"https:\/\/i0.wp.com\/sarimelekler.biz\/wp-content\/uploads\/2020\/09\/01-TK-20-21-5.jpeg?resize=350%2C200&ssl=1","width":350,"height":200,"srcset":"https:\/\/i0.wp.com\/sarimelekler.biz\/wp-content\/uploads\/2020\/09\/01-TK-20-21-5.jpeg?resize=350%2C200&ssl=1 1x, https:\/\/i0.wp.com\/sarimelekler.biz\/wp-content\/uploads\/2020\/09\/01-TK-20-21-5.jpeg?resize=525%2C300&ssl=1 1.5x, https:\/\/i0.wp.com\/sarimelekler.biz\/wp-content\/uploads\/2020\/09\/01-TK-20-21-5.jpeg?resize=700%2C400&ssl=1 2x, https:\/\/i0.wp.com\/sarimelekler.biz\/wp-content\/uploads\/2020\/09\/01-TK-20-21-5.jpeg?resize=1050%2C600&ssl=1 3x, https:\/\/i0.wp.com\/sarimelekler.biz\/wp-content\/uploads\/2020\/09\/01-TK-20-21-5.jpeg?resize=1400%2C800&ssl=1 4x"},"classes":[]}],"_links":{"self":[{"href":"https:\/\/sarimelekler.biz\/index.php?rest_route=\/wp\/v2\/posts\/21841","targetHints":{"allow":["GET"]}}],"collection":[{"href":"https:\/\/sarimelekler.biz\/index.php?rest_route=\/wp\/v2\/posts"}],"about":[{"href":"https:\/\/sarimelekler.biz\/index.php?rest_route=\/wp\/v2\/types\/post"}],"author":[{"embeddable":true,"href":"https:\/\/sarimelekler.biz\/index.php?rest_route=\/wp\/v2\/users\/1"}],"replies":[{"embeddable":true,"href":"https:\/\/sarimelekler.biz\/index.php?rest_route=%2Fwp%2Fv2%2Fcomments&post=21841"}],"version-history":[{"count":5,"href":"https:\/\/sarimelekler.biz\/index.php?rest_route=\/wp\/v2\/posts\/21841\/revisions"}],"predecessor-version":[{"id":21874,"href":"https:\/\/sarimelekler.biz\/index.php?rest_route=\/wp\/v2\/posts\/21841\/revisions\/21874"}],"wp:featuredmedia":[{"embeddable":true,"href":"https:\/\/sarimelekler.biz\/index.php?rest_route=\/wp\/v2\/media\/21842"}],"wp:attachment":[{"href":"https:\/\/sarimelekler.biz\/index.php?rest_route=%2Fwp%2Fv2%2Fmedia&parent=21841"}],"wp:term":[{"taxonomy":"category","embeddable":true,"href":"https:\/\/sarimelekler.biz\/index.php?rest_route=%2Fwp%2Fv2%2Fcategories&post=21841"},{"taxonomy":"post_tag","embeddable":true,"href":"https:\/\/sarimelekler.biz\/index.php?rest_route=%2Fwp%2Fv2%2Ftags&post=21841"}],"curies":[{"name":"wp","href":"https:\/\/api.w.org\/{rel}","templated":true}]}}