{"id":21893,"date":"2025-04-10T21:56:59","date_gmt":"2025-04-10T18:56:59","guid":{"rendered":"https:\/\/sarimelekler.biz\/?p=21893"},"modified":"2025-04-10T22:04:43","modified_gmt":"2025-04-10T19:04:43","slug":"basantrenor-muammasi","status":"publish","type":"post","link":"https:\/\/sarimelekler.biz\/?p=21893","title":{"rendered":"BA\u015eANTREN\u00d6R MUAMMASI"},"content":{"rendered":"<p style=\"text-align: justify;\"><span style=\"font-size: 18px;\">D\u00fcn Sultanlar Ligi Play-off turu Yar\u0131 Final ilk ma\u00e7\u0131nda al\u0131nan ma\u011flubiyetten yakla\u015f\u0131k 2,5 saat sonra tak\u0131m\u0131m\u0131z\u0131n ba\u015fantren\u00f6rl\u00fc\u011f\u00fcn\u00fc yapan Marco Fenoglio ve yard\u0131mc\u0131lar\u0131yla yollar ayr\u0131lm\u0131\u015ft\u0131. Ayr\u0131lmas\u0131n\u0131n ard\u0131ndan X (Twitter) platformunda taraftarlar aras\u0131nda kimin gelebilece\u011finin tart\u0131\u015fmas\u0131 yap\u0131l\u0131rken \u00f6ne \u00e7\u0131kan isim Ze Roberto olmu\u015ftu.<\/span><\/p>\n<p style=\"text-align: justify;\"><span style=\"font-size: 18px;\">Bug\u00fcn sabah saatlerinde Ya\u011f\u0131z Sabuncuo\u011flu Twitter hesab\u0131ndan yapt\u0131\u011f\u0131 <a href=\"https:\/\/x.com\/yagosabuncuoglu\/status\/1910232330544861618\" target=\"_blank\" rel=\"noopener\">payla\u015f\u0131mda<\/a> Brezilyal\u0131 antren\u00f6r Bernardo Rezende&#8217;ye resmi teklif yap\u0131ld\u0131\u011f\u0131 ancak &#8216;aile fakt\u00f6r\u00fc&#8217; sebebiyle antren\u00f6r\u00fcn teklife hen\u00fcz net bir geri d\u00f6n\u00fc\u015f sa\u011flamad\u0131\u011f\u0131n\u0131 belirtti, bu payla\u015f\u0131mdan yakla\u015f\u0131k 20 dakika sonra Ya\u011f\u0131z Sabuncuo\u011flu <a href=\"https:\/\/x.com\/yagosabuncuoglu\/status\/1910237000398995540\" target=\"_blank\" rel=\"noopener\">ikinci bir payla\u015f\u0131m<\/a> ile Marcello Abbondanza ile anla\u015fmaya var\u0131ld\u0131\u011f\u0131n\u0131, Rezende&#8217;den \u00f6n\u00fcm\u00fczdeki saatlerde geri d\u00f6n\u00fc\u015f olmamas\u0131 durumunda \u0130talyan Abbondanza ile resmi imzalar\u0131n at\u0131laca\u011f\u0131n\u0131n bilgisini verdi.<\/span><\/p>\n<p style=\"text-align: justify;\"><span style=\"font-size: 18px;\">Bu haberlerin ard\u0131ndan X\u2019te \u00f6nce Rezende&#8217;ye kar\u015f\u0131 olumlu payla\u015f\u0131mlar yap\u0131l\u0131rken Abbondanza haberinden sonra ise bir \u00e7ok payla\u015f\u0131mla Abbondanza\u2019n\u0131n tak\u0131m\u0131m\u0131z i\u00e7in \u00f6zellikle Avrupa arenas\u0131nda yetersiz kalaca\u011f\u0131, ayr\u0131ca her ne kadar kupalar kazanm\u0131\u015f olsa da ma\u00e7 i\u00e7erisinde taktik de\u011fi\u015fiklerde donuk kald\u0131\u011f\u0131 ve oyuncularla olan disiplin ili\u015fkilerinde k\u00f6t\u00fc oldu\u011fu \u00f6zellikle Elif \u00d6ner ile sezon i\u00e7erisinde ma\u00e7larda ya\u015fad\u0131\u011f\u0131 sorunlar ve tart\u0131\u015fmalar ile sezon sonunda Elif\u2019in voleybolu b\u0131rakmas\u0131na kadar giden s\u00fcre\u00e7 herkesi endi\u015felendirdi.<\/span><\/p>\n<p style=\"text-align: justify;\"><span style=\"font-size: 18px;\">Ancak ilerleyen saatlerde X\u2019te ortaya at\u0131lan bir iddia sonras\u0131 s\u00fcre\u00e7 daha zor bir hale d\u00f6n\u00fc\u015ft\u00fc. Bu iddia Marcello Abbondanza\u2019n\u0131n Voleybol bran\u015f\u0131m\u0131z\u0131n Sportif Direkt\u00f6r\u00fc Dariusz Stanicki\u2019nin o\u011flu olan ayn\u0131 zamanda eski erkek tak\u0131m voleybolcular\u0131m\u0131zdan <a href=\"https:\/\/volleybox.net\/tr\/user\/Stanickibora\" target=\"_blank\" rel=\"noopener\">Bora Jozef Stanicki\u2019ye ait oldu\u011fu<\/a> iddia edilen <a href=\"https:\/\/volleybox.net\/tr\/tgs-sport-management-y302\/employees\" target=\"_blank\" rel=\"noopener\">TGS Sport Management<\/a> menajerlik \u015firketine ba\u011fl\u0131 oldu\u011fuydu. Zaten hali haz\u0131rda son 4-5 y\u0131ld\u0131r bir menajerlik \u015firketi etkisi alt\u0131nda oldu\u011fu d\u00fc\u015f\u00fcn\u00fclen tak\u0131m\u0131m\u0131z\u0131n yine bir menajerlik \u015firketi vakas\u0131 ile g\u00fcndeme gelmesi taraftar\u0131m\u0131z\u0131 k\u0131zd\u0131rd\u0131.<\/span><\/p>\n<p style=\"text-align: justify;\"><span style=\"font-size: 18px;\">Ge\u00e7ti\u011fimiz ay ya\u015fanan \u015eampiyonlar ligi rezaletinden sonra bran\u015f\u0131m\u0131zdan sorumlu y\u00f6netim kurulu \u00fcyesi Hulusi Belg\u00fc bir <a href=\"https:\/\/x.com\/HulusiBelgu\/status\/1901293037248029117\" target=\"_blank\" rel=\"noopener\">a\u00e7\u0131klama<\/a> ile bu iddialar\u0131 yalanlayarak \u201cMenajerlik \u015firketlerinden ba\u011f\u0131ms\u0131z olarak oyuncular\u0131 hocalar\u0131m\u0131zla birlikte se\u00e7iyoruz ve transfere y\u00f6nelik t\u00fcm ad\u0131mlar y\u00f6netimimizin kontrol\u00fcnde at\u0131l\u0131yor\u201d \u015feklinde beyanda bulunmu\u015ftu.<\/span><br \/>\n<span style=\"font-size: 18px;\">Meydana \u00e7\u0131kan bu s\u00fcre\u00e7le ilgili olarak X hesab\u0131m\u0131zdan yapt\u0131\u011f\u0131m\u0131z oylamada Rezende\u2019ye %49,8 Ze Roberto\u2019ya %43,1 ve Abbondanza\u2019ya ise %7,1 oy \u00e7\u0131kt\u0131.<\/span><\/p>\n<p style=\"text-align: justify;\"><span style=\"font-size: 18px;\">Marcello Abbondanza, tak\u0131m\u0131m\u0131zda Ba\u015fantren\u00f6rl\u00fck yapt\u0131\u011f\u0131 d\u00f6nemde tan\u0131\u015ft\u0131\u011f\u0131 tak\u0131m menajerimiz Damla Albayrak\u2019la ilerleyen s\u00fcre\u00e7te evlenmi\u015fti. Ayr\u0131ca Abbondanza\u2019n\u0131n kul\u00fcb\u00fc <a href=\"https:\/\/www.instagram.com\/p\/DIQcIMhTcDb\/\" target=\"_blank\" rel=\"noopener\">Pink Spiders<\/a> bug\u00fcn yapt\u0131\u011f\u0131 payla\u015f\u0131mla Abbondanza\u2019ya veda etti.<\/span><\/p>\n<p style=\"text-align: justify;\"><span style=\"font-size: 18px;\">\u00d6zellikle y\u0131llarca Terzic\u2019e tak\u0131l\u0131 kal\u0131p kupalardan yoksun kald\u0131ktan sonra, bu senede yine ayn\u0131 \u015firketten getirilen Marco\u2019nun yetersiz olmas\u0131 ve \u015eampiyonlar liginden elememizle olu\u015fan s\u00fcre\u00e7 sonras\u0131 taraftar\u0131 kar\u015f\u0131s\u0131na alacak bir antren\u00f6r\u00fcn getirilmemesi gerekiyor.<\/span><\/p>\n<p style=\"text-align: justify;\"><span style=\"font-size: 18px;\">S\u00fcreci takip ediyoruz.<\/span><\/p>\n\n\t\t<style type=\"text\/css\">\n\t\t\t#gallery-1 {\n\t\t\t\tmargin: auto;\n\t\t\t}\n\t\t\t#gallery-1 .gallery-item {\n\t\t\t\tfloat: left;\n\t\t\t\tmargin-top: 10px;\n\t\t\t\ttext-align: center;\n\t\t\t\twidth: 20%;\n\t\t\t}\n\t\t\t#gallery-1 img {\n\t\t\t\tborder: 2px solid #cfcfcf;\n\t\t\t}\n\t\t\t#gallery-1 .gallery-caption {\n\t\t\t\tmargin-left: 0;\n\t\t\t}\n\t\t\t\/* see gallery_shortcode() in wp-includes\/media.php *\/\n\t\t<\/style>\n\t\t<div data-carousel-extra='{&quot;blog_id&quot;:1,&quot;permalink&quot;:&quot;https:\/\/sarimelekler.biz\/?p=21893&quot;}' id='gallery-1' class='gallery galleryid-21893 gallery-columns-5 gallery-size-thumbnail'><dl class='gallery-item'>\n\t\t\t<dt class='gallery-icon landscape'>\n\t\t\t\t<a href='https:\/\/sarimelekler.biz\/?attachment_id=21896'><img loading=\"lazy\" decoding=\"async\" width=\"150\" height=\"150\" src=\"https:\/\/sarimelekler.biz\/wp-content\/uploads\/2025\/04\/Yagiz-Paylasim-1-150x150.jpg\" class=\"attachment-thumbnail size-thumbnail\" alt=\"\" data-attachment-id=\"21896\" data-permalink=\"https:\/\/sarimelekler.biz\/?attachment_id=21896\" data-orig-file=\"https:\/\/sarimelekler.biz\/wp-content\/uploads\/2025\/04\/Yagiz-Paylasim-1.jpg\" data-orig-size=\"609,245\" data-comments-opened=\"0\" data-image-meta=\"{&quot;aperture&quot;:&quot;0&quot;,&quot;credit&quot;:&quot;&quot;,&quot;camera&quot;:&quot;&quot;,&quot;caption&quot;:&quot;&quot;,&quot;created_timestamp&quot;:&quot;0&quot;,&quot;copyright&quot;:&quot;&quot;,&quot;focal_length&quot;:&quot;0&quot;,&quot;iso&quot;:&quot;0&quot;,&quot;shutter_speed&quot;:&quot;0&quot;,&quot;title&quot;:&quot;&quot;,&quot;orientation&quot;:&quot;0&quot;}\" data-image-title=\"Ya\u011f\u0131z Payla\u015f\u0131m 1\" data-image-description=\"\" data-image-caption=\"\" data-large-file=\"https:\/\/sarimelekler.biz\/wp-content\/uploads\/2025\/04\/Yagiz-Paylasim-1.jpg\" \/><\/a>\n\t\t\t<\/dt><\/dl><dl class='gallery-item'>\n\t\t\t<dt class='gallery-icon landscape'>\n\t\t\t\t<a href='https:\/\/sarimelekler.biz\/?attachment_id=21897'><img loading=\"lazy\" decoding=\"async\" width=\"150\" height=\"150\" src=\"https:\/\/sarimelekler.biz\/wp-content\/uploads\/2025\/04\/Yagiz-Paylasim-2-150x150.jpg\" class=\"attachment-thumbnail size-thumbnail\" alt=\"\" data-attachment-id=\"21897\" data-permalink=\"https:\/\/sarimelekler.biz\/?attachment_id=21897\" data-orig-file=\"https:\/\/sarimelekler.biz\/wp-content\/uploads\/2025\/04\/Yagiz-Paylasim-2.jpg\" data-orig-size=\"616,294\" data-comments-opened=\"0\" data-image-meta=\"{&quot;aperture&quot;:&quot;0&quot;,&quot;credit&quot;:&quot;&quot;,&quot;camera&quot;:&quot;&quot;,&quot;caption&quot;:&quot;&quot;,&quot;created_timestamp&quot;:&quot;0&quot;,&quot;copyright&quot;:&quot;&quot;,&quot;focal_length&quot;:&quot;0&quot;,&quot;iso&quot;:&quot;0&quot;,&quot;shutter_speed&quot;:&quot;0&quot;,&quot;title&quot;:&quot;&quot;,&quot;orientation&quot;:&quot;0&quot;}\" data-image-title=\"Ya\u011f\u0131z Payla\u015f\u0131m 2\" data-image-description=\"\" data-image-caption=\"\" data-large-file=\"https:\/\/sarimelekler.biz\/wp-content\/uploads\/2025\/04\/Yagiz-Paylasim-2.jpg\" \/><\/a>\n\t\t\t<\/dt><\/dl><dl class='gallery-item'>\n\t\t\t<dt class='gallery-icon landscape'>\n\t\t\t\t<a href='https:\/\/sarimelekler.biz\/?attachment_id=21894'><img loading=\"lazy\" decoding=\"async\" width=\"150\" height=\"150\" src=\"https:\/\/sarimelekler.biz\/wp-content\/uploads\/2025\/04\/Antrenor-Oylamasi-1-150x150.jpg\" class=\"attachment-thumbnail size-thumbnail\" alt=\"\" data-attachment-id=\"21894\" data-permalink=\"https:\/\/sarimelekler.biz\/?attachment_id=21894\" data-orig-file=\"https:\/\/sarimelekler.biz\/wp-content\/uploads\/2025\/04\/Antrenor-Oylamasi-1.jpg\" data-orig-size=\"629,298\" data-comments-opened=\"0\" data-image-meta=\"{&quot;aperture&quot;:&quot;0&quot;,&quot;credit&quot;:&quot;&quot;,&quot;camera&quot;:&quot;&quot;,&quot;caption&quot;:&quot;&quot;,&quot;created_timestamp&quot;:&quot;0&quot;,&quot;copyright&quot;:&quot;&quot;,&quot;focal_length&quot;:&quot;0&quot;,&quot;iso&quot;:&quot;0&quot;,&quot;shutter_speed&quot;:&quot;0&quot;,&quot;title&quot;:&quot;&quot;,&quot;orientation&quot;:&quot;0&quot;}\" data-image-title=\"Antren\u00f6r Oylamas\u0131 1\" data-image-description=\"\" data-image-caption=\"\" data-large-file=\"https:\/\/sarimelekler.biz\/wp-content\/uploads\/2025\/04\/Antrenor-Oylamasi-1.jpg\" \/><\/a>\n\t\t\t<\/dt><\/dl><dl class='gallery-item'>\n\t\t\t<dt class='gallery-icon portrait'>\n\t\t\t\t<a href='https:\/\/sarimelekler.biz\/?attachment_id=21895'><img loading=\"lazy\" decoding=\"async\" width=\"150\" height=\"150\" src=\"https:\/\/sarimelekler.biz\/wp-content\/uploads\/2025\/04\/Hulisi-Belgu-Paylasim-1-150x150.jpg\" class=\"attachment-thumbnail size-thumbnail\" alt=\"\" data-attachment-id=\"21895\" data-permalink=\"https:\/\/sarimelekler.biz\/?attachment_id=21895\" data-orig-file=\"https:\/\/sarimelekler.biz\/wp-content\/uploads\/2025\/04\/Hulisi-Belgu-Paylasim-1.jpg\" data-orig-size=\"422,945\" data-comments-opened=\"0\" data-image-meta=\"{&quot;aperture&quot;:&quot;0&quot;,&quot;credit&quot;:&quot;&quot;,&quot;camera&quot;:&quot;&quot;,&quot;caption&quot;:&quot;&quot;,&quot;created_timestamp&quot;:&quot;0&quot;,&quot;copyright&quot;:&quot;&quot;,&quot;focal_length&quot;:&quot;0&quot;,&quot;iso&quot;:&quot;0&quot;,&quot;shutter_speed&quot;:&quot;0&quot;,&quot;title&quot;:&quot;&quot;,&quot;orientation&quot;:&quot;1&quot;}\" data-image-title=\"Hulusi Belg\u00fc Payla\u015f\u0131m 1\" data-image-description=\"\" data-image-caption=\"\" data-large-file=\"https:\/\/sarimelekler.biz\/wp-content\/uploads\/2025\/04\/Hulisi-Belgu-Paylasim-1.jpg\" \/><\/a>\n\t\t\t<\/dt><\/dl><dl class='gallery-item'>\n\t\t\t<dt class='gallery-icon landscape'>\n\t\t\t\t<a href='https:\/\/sarimelekler.biz\/?attachment_id=21898'><img loading=\"lazy\" decoding=\"async\" width=\"150\" height=\"150\" src=\"https:\/\/sarimelekler.biz\/wp-content\/uploads\/2025\/04\/Abbondanza-Sirket-150x150.jpg\" class=\"attachment-thumbnail size-thumbnail\" alt=\"\" data-attachment-id=\"21898\" data-permalink=\"https:\/\/sarimelekler.biz\/?attachment_id=21898\" data-orig-file=\"https:\/\/sarimelekler.biz\/wp-content\/uploads\/2025\/04\/Abbondanza-Sirket.jpg\" data-orig-size=\"1349,959\" data-comments-opened=\"0\" data-image-meta=\"{&quot;aperture&quot;:&quot;0&quot;,&quot;credit&quot;:&quot;&quot;,&quot;camera&quot;:&quot;&quot;,&quot;caption&quot;:&quot;&quot;,&quot;created_timestamp&quot;:&quot;0&quot;,&quot;copyright&quot;:&quot;&quot;,&quot;focal_length&quot;:&quot;0&quot;,&quot;iso&quot;:&quot;0&quot;,&quot;shutter_speed&quot;:&quot;0&quot;,&quot;title&quot;:&quot;&quot;,&quot;orientation&quot;:&quot;0&quot;}\" data-image-title=\"Abbondanza \u015eirket\" data-image-description=\"\" data-image-caption=\"\" data-large-file=\"https:\/\/sarimelekler.biz\/wp-content\/uploads\/2025\/04\/Abbondanza-Sirket-1024x728.jpg\" \/><\/a>\n\t\t\t<\/dt><\/dl><br style=\"clear: both\" \/><dl class='gallery-item'>\n\t\t\t<dt class='gallery-icon landscape'>\n\t\t\t\t<a href='https:\/\/sarimelekler.biz\/?attachment_id=21903'><img loading=\"lazy\" decoding=\"async\" width=\"150\" height=\"150\" src=\"https:\/\/sarimelekler.biz\/wp-content\/uploads\/2025\/04\/Bora-Stanicki-150x150.jpg\" class=\"attachment-thumbnail size-thumbnail\" alt=\"\" data-attachment-id=\"21903\" data-permalink=\"https:\/\/sarimelekler.biz\/?attachment_id=21903\" data-orig-file=\"https:\/\/sarimelekler.biz\/wp-content\/uploads\/2025\/04\/Bora-Stanicki.jpg\" data-orig-size=\"1062,772\" data-comments-opened=\"0\" data-image-meta=\"{&quot;aperture&quot;:&quot;0&quot;,&quot;credit&quot;:&quot;&quot;,&quot;camera&quot;:&quot;&quot;,&quot;caption&quot;:&quot;&quot;,&quot;created_timestamp&quot;:&quot;0&quot;,&quot;copyright&quot;:&quot;&quot;,&quot;focal_length&quot;:&quot;0&quot;,&quot;iso&quot;:&quot;0&quot;,&quot;shutter_speed&quot;:&quot;0&quot;,&quot;title&quot;:&quot;&quot;,&quot;orientation&quot;:&quot;0&quot;}\" data-image-title=\"Bora Stanicki\" data-image-description=\"\" data-image-caption=\"\" data-large-file=\"https:\/\/sarimelekler.biz\/wp-content\/uploads\/2025\/04\/Bora-Stanicki-1024x744.jpg\" \/><\/a>\n\t\t\t<\/dt><\/dl><dl class='gallery-item'>\n\t\t\t<dt class='gallery-icon landscape'>\n\t\t\t\t<a href='https:\/\/sarimelekler.biz\/?attachment_id=21905'><img loading=\"lazy\" decoding=\"async\" width=\"150\" height=\"150\" src=\"https:\/\/sarimelekler.biz\/wp-content\/uploads\/2025\/04\/Bora-Stanicki-2-150x150.jpg\" class=\"attachment-thumbnail size-thumbnail\" alt=\"\" data-attachment-id=\"21905\" data-permalink=\"https:\/\/sarimelekler.biz\/?attachment_id=21905\" data-orig-file=\"https:\/\/sarimelekler.biz\/wp-content\/uploads\/2025\/04\/Bora-Stanicki-2.jpg\" data-orig-size=\"1407,870\" data-comments-opened=\"0\" data-image-meta=\"{&quot;aperture&quot;:&quot;0&quot;,&quot;credit&quot;:&quot;&quot;,&quot;camera&quot;:&quot;&quot;,&quot;caption&quot;:&quot;&quot;,&quot;created_timestamp&quot;:&quot;0&quot;,&quot;copyright&quot;:&quot;&quot;,&quot;focal_length&quot;:&quot;0&quot;,&quot;iso&quot;:&quot;0&quot;,&quot;shutter_speed&quot;:&quot;0&quot;,&quot;title&quot;:&quot;&quot;,&quot;orientation&quot;:&quot;0&quot;}\" data-image-title=\"Bora Stanicki 2\" data-image-description=\"\" data-image-caption=\"\" data-large-file=\"https:\/\/sarimelekler.biz\/wp-content\/uploads\/2025\/04\/Bora-Stanicki-2-1024x633.jpg\" \/><\/a>\n\t\t\t<\/dt><\/dl>\n\t\t\t<br style='clear: both' \/>\n\t\t<\/div>\n\n<p style=\"text-align: right;\"><span style=\"font-size: 18px;\">10.04.2025<\/span><\/p>\n","protected":false},"excerpt":{"rendered":"<p>D\u00fcn Sultanlar Ligi Play-off turu Yar\u0131 Final ilk ma\u00e7\u0131nda al\u0131nan \u2026 <a class=\"continue-reading-link\" href=\"https:\/\/sarimelekler.biz\/?p=21893\">Okumaya Devam Et.. <span class=\"meta-nav\">&rarr; <\/span><\/a><\/p>\n","protected":false},"author":1,"featured_media":21899,"comment_status":"closed","ping_status":"open","sticky":false,"template":"","format":"standard","meta":{"jetpack_post_was_ever_published":false,"_jetpack_newsletter_access":"","_jetpack_dont_email_post_to_subs":false,"_jetpack_newsletter_tier_id":0,"_jetpack_memberships_contains_paywalled_content":false,"_jetpack_memberships_contains_paid_content":false,"footnotes":"","jetpack_publicize_message":"","jetpack_publicize_feature_enabled":true,"jetpack_social_post_already_shared":true,"jetpack_social_options":{"image_generator_settings":{"template":"highway","default_image_id":0,"font":"","enabled":false},"version":2}},"categories":[7],"tags":[],"class_list":["post-21893","post","type-post","status-publish","format-standard","has-post-thumbnail","hentry","category-haberler"],"jetpack_publicize_connections":[],"jetpack_featured_media_url":"https:\/\/sarimelekler.biz\/wp-content\/uploads\/2025\/04\/Antrenor-Adaylari-scaled.jpg","jetpack_sharing_enabled":true,"jetpack_shortlink":"https:\/\/wp.me\/p8npUZ-5H7","jetpack-related-posts":[{"id":21889,"url":"https:\/\/sarimelekler.biz\/?p=21889","url_meta":{"origin":21893,"position":0},"title":"Marco Fenoglio Kovuldu&#8230;","author":"Edit\u00f6r","date":"9 Nisan 2025","format":false,"excerpt":"Bug\u00fcn oynanan rezil ma\u00e7tan yakla\u015f\u0131k 2,5 saat sonra Kul\u00fcb\u00fcm\u00fczden yap\u0131lan a\u00e7\u0131klamada Fenerbah\u00e7e Medicana Kad\u0131n Voleybol Tak\u0131m\u0131m\u0131z\u0131n Ba\u015fantren\u00f6r\u00fc Marco Fenoglio, Yard\u0131mc\u0131 Antren\u00f6r\u00fc Stefano Micoli ve Kondisyoneri Maurizio Negro ile yollar\u0131n ayr\u0131ld\u0131\u011f\u0131 a\u00e7\u0131kland\u0131. Ge\u00e7 kal\u0131nm\u0131\u015f bir aksiyon, in\u015fallah sezonunu bu a\u015famada bitirmeyiz\u2026 09.04.2025","rel":"","context":"&quot;Transfer Haberleri&quot; i\u00e7inde","block_context":{"text":"Transfer Haberleri","link":"https:\/\/sarimelekler.biz\/?cat=23"},"img":{"alt_text":"","src":"https:\/\/i0.wp.com\/sarimelekler.biz\/wp-content\/uploads\/2024\/10\/04-24-25-3.jpg?resize=350%2C200&ssl=1","width":350,"height":200,"srcset":"https:\/\/i0.wp.com\/sarimelekler.biz\/wp-content\/uploads\/2024\/10\/04-24-25-3.jpg?resize=350%2C200&ssl=1 1x, https:\/\/i0.wp.com\/sarimelekler.biz\/wp-content\/uploads\/2024\/10\/04-24-25-3.jpg?resize=525%2C300&ssl=1 1.5x, https:\/\/i0.wp.com\/sarimelekler.biz\/wp-content\/uploads\/2024\/10\/04-24-25-3.jpg?resize=700%2C400&ssl=1 2x, https:\/\/i0.wp.com\/sarimelekler.biz\/wp-content\/uploads\/2024\/10\/04-24-25-3.jpg?resize=1050%2C600&ssl=1 3x, https:\/\/i0.wp.com\/sarimelekler.biz\/wp-content\/uploads\/2024\/10\/04-24-25-3.jpg?resize=1400%2C800&ssl=1 4x"},"classes":[]},{"id":3796,"url":"https:\/\/sarimelekler.biz\/?p=3796","url_meta":{"origin":21893,"position":1},"title":"2&#8217;de 2 Seriye Devam Fenerbah\u00e7e:3 &#8211; Galatasaray:0","author":"Edit\u00f6r","date":"29 Nisan 2017","format":false,"excerpt":"2016-2017 Sezonu Vestel Ven\u00fcs Sultanlar Ligi Play-Off Final serisi ikinci ma\u00e7\u0131nda ev sahibi olarak kar\u015f\u0131la\u015ft\u0131\u011f\u0131 Galatasaray\u2019\u0131 25 - 20, 25 - 23, 25 \u2013 21\u2019lik set skorlar\u0131yla 3-0 yenerek seride durumu 2-0\u2019a getirdi. Ma\u00e7a Eda, Kim YK, Polen, Dicle, Nootsara ve Natalia ba\u015flayan tak\u0131m\u0131m\u0131zda libero mevkiinde Merve ve Melis d\u00f6n\u00fc\u015f\u00fcml\u00fc\u2026","rel":"","context":"&quot;T\u00fcrkiye Ligi&quot; i\u00e7inde","block_context":{"text":"T\u00fcrkiye Ligi","link":"https:\/\/sarimelekler.biz\/?cat=6"},"img":{"alt_text":"","src":"https:\/\/i0.wp.com\/sarimelekler.biz\/wp-content\/uploads\/2017\/04\/de6p2294_55557_6778798.jpg?resize=350%2C200&ssl=1","width":350,"height":200,"srcset":"https:\/\/i0.wp.com\/sarimelekler.biz\/wp-content\/uploads\/2017\/04\/de6p2294_55557_6778798.jpg?resize=350%2C200&ssl=1 1x, https:\/\/i0.wp.com\/sarimelekler.biz\/wp-content\/uploads\/2017\/04\/de6p2294_55557_6778798.jpg?resize=525%2C300&ssl=1 1.5x, https:\/\/i0.wp.com\/sarimelekler.biz\/wp-content\/uploads\/2017\/04\/de6p2294_55557_6778798.jpg?resize=700%2C400&ssl=1 2x, https:\/\/i0.wp.com\/sarimelekler.biz\/wp-content\/uploads\/2017\/04\/de6p2294_55557_6778798.jpg?resize=1050%2C600&ssl=1 3x, https:\/\/i0.wp.com\/sarimelekler.biz\/wp-content\/uploads\/2017\/04\/de6p2294_55557_6778798.jpg?resize=1400%2C800&ssl=1 4x"},"classes":[]},{"id":13964,"url":"https:\/\/sarimelekler.biz\/?p=13964","url_meta":{"origin":21893,"position":2},"title":"Kul\u00fcb\u00fcm\u00fczden Naz ve Mihajlovic&#8217;in Durumlar\u0131 Hakk\u0131nda A\u00e7\u0131klama Yap\u0131ld\u0131","author":"Edit\u00f6r","date":"26 Eyl\u00fcl 2020","format":false,"excerpt":"Tak\u0131m\u0131m\u0131z 18 Eyl\u00fcl g\u00fcn\u00fc Eczac\u0131ba\u015f\u0131 Vitra tak\u0131m\u0131n\u0131 3-2 ma\u011flup etmi\u015fti. Bu tarihten sonra 22 ve 25 Eyl\u00fcl tarihlerinde oynad\u0131\u011f\u0131m\u0131z Nil\u00fcfer Belediyespor ve PTT Spor ma\u00e7lar\u0131nda oyuncular\u0131m\u0131z Naz Aydemir Akyol, Bahar Toksoy Guidetti ve Brankica Mihajlovic kadroda yer almam\u0131\u015ft\u0131. Vak\u0131fbank tak\u0131m\u0131nda 9 ki\u015finin Covid-19 \u00a0test sonu\u00e7lar\u0131n\u0131n pozitif \u00e7\u0131kmas\u0131 sonras\u0131na gelen bu\u2026","rel":"","context":"&quot;Haberler&quot; i\u00e7inde","block_context":{"text":"Haberler","link":"https:\/\/sarimelekler.biz\/?cat=7"},"img":{"alt_text":"","src":"https:\/\/i0.wp.com\/sarimelekler.biz\/wp-content\/uploads\/2020\/09\/Naz-Miha.jpg?resize=350%2C200&ssl=1","width":350,"height":200,"srcset":"https:\/\/i0.wp.com\/sarimelekler.biz\/wp-content\/uploads\/2020\/09\/Naz-Miha.jpg?resize=350%2C200&ssl=1 1x, https:\/\/i0.wp.com\/sarimelekler.biz\/wp-content\/uploads\/2020\/09\/Naz-Miha.jpg?resize=525%2C300&ssl=1 1.5x, https:\/\/i0.wp.com\/sarimelekler.biz\/wp-content\/uploads\/2020\/09\/Naz-Miha.jpg?resize=700%2C400&ssl=1 2x, https:\/\/i0.wp.com\/sarimelekler.biz\/wp-content\/uploads\/2020\/09\/Naz-Miha.jpg?resize=1050%2C600&ssl=1 3x, https:\/\/i0.wp.com\/sarimelekler.biz\/wp-content\/uploads\/2020\/09\/Naz-Miha.jpg?resize=1400%2C800&ssl=1 4x"},"classes":[]},{"id":6460,"url":"https:\/\/sarimelekler.biz\/?p=6460","url_meta":{"origin":21893,"position":3},"title":"Tak\u0131m\u0131m\u0131z\u0131n Yeni Transferleri A\u00e7\u0131kland\u0131.","author":"Edit\u00f6r","date":"29 Haziran 2018","format":false,"excerpt":"Fenerbah\u00e7e Spor Kul\u00fcb\u00fcm\u00fczde g\u00f6rev da\u011f\u0131l\u0131m\u0131n\u0131n yap\u0131lmas\u0131ndan sonra bayan voleybol tak\u0131m\u0131m\u0131z\u0131n yeni transferlerini kul\u00fcb\u00fcm\u00fcz\u00fcn resmi internet sitesinden a\u00e7\u0131klad\u0131. Yap\u0131lan a\u00e7\u0131klamada: Ba\u015fantren\u00f6r g\u00f6revi i\u00e7in S\u0131rp Zoran Terzic ile, Volero Zurih\u2019in 1987 do\u011fumlu, 185 cm boyundaki S\u0131rp pas\u00f6r\u00fc Ana Antonijevic ile, Seramiksan\u2019\u0131n 1996 do\u011fumlu ve 185 cm boyundaki pas\u00f6r\u00fc S\u0131la \u00c7al\u0131\u015fkan ile, Volero\u2026","rel":"","context":"&quot;Avrupa Kupalar\u0131&quot; i\u00e7inde","block_context":{"text":"Avrupa Kupalar\u0131","link":"https:\/\/sarimelekler.biz\/?cat=1"},"img":{"alt_text":"","src":"https:\/\/i0.wp.com\/sarimelekler.biz\/wp-content\/uploads\/2018\/06\/yeni-trasferler2.jpg?resize=350%2C200&ssl=1","width":350,"height":200,"srcset":"https:\/\/i0.wp.com\/sarimelekler.biz\/wp-content\/uploads\/2018\/06\/yeni-trasferler2.jpg?resize=350%2C200&ssl=1 1x, https:\/\/i0.wp.com\/sarimelekler.biz\/wp-content\/uploads\/2018\/06\/yeni-trasferler2.jpg?resize=525%2C300&ssl=1 1.5x, https:\/\/i0.wp.com\/sarimelekler.biz\/wp-content\/uploads\/2018\/06\/yeni-trasferler2.jpg?resize=700%2C400&ssl=1 2x"},"classes":[]},{"id":12820,"url":"https:\/\/sarimelekler.biz\/?p=12820","url_meta":{"origin":21893,"position":4},"title":"Voleybolcular\u0131m\u0131za toplumsal cinsiyet e\u015fitli\u011fi semineri verildi","author":"Edit\u00f6r","date":"29 Ocak 2020","format":false,"excerpt":"Voleybolcular\u0131m\u0131z, Birle\u015fmi\u015f Milletler Kad\u0131n Birimi ve A\u00c7EV\u2019in ortak olarak verdi\u011fi HeForShe seminerine kat\u0131ld\u0131. Etkinlikte Y\u00f6netim Kurulu \u00dcyemiz Simla T\u00fcrker Bayaz\u0131t da voleybolcular\u0131m\u0131zla bir araya geldi. T\u00fcpra\u015f'\u0131n deste\u011fiyle Birle\u015fmi\u015f Milletler Kad\u0131n Birimi taraf\u0131ndan y\u00fcr\u00fct\u00fclen HeForShe hareketine dahil olarak, 'Kapsay\u0131c\u0131 Spor Kul\u00fcb\u00fc' olmak ad\u0131na d\u00fcnyaya \u00f6rnek bir ad\u0131m atan Kul\u00fcb\u00fcm\u00fcz, kul\u00fcp personeline\u2026","rel":"","context":"&quot;Haberler&quot; i\u00e7inde","block_context":{"text":"Haberler","link":"https:\/\/sarimelekler.biz\/?cat=7"},"img":{"alt_text":"","src":"https:\/\/i0.wp.com\/sarimelekler.biz\/wp-content\/uploads\/2020\/01\/19-20-Seminer-18.jpg?resize=350%2C200&ssl=1","width":350,"height":200,"srcset":"https:\/\/i0.wp.com\/sarimelekler.biz\/wp-content\/uploads\/2020\/01\/19-20-Seminer-18.jpg?resize=350%2C200&ssl=1 1x, https:\/\/i0.wp.com\/sarimelekler.biz\/wp-content\/uploads\/2020\/01\/19-20-Seminer-18.jpg?resize=525%2C300&ssl=1 1.5x, https:\/\/i0.wp.com\/sarimelekler.biz\/wp-content\/uploads\/2020\/01\/19-20-Seminer-18.jpg?resize=700%2C400&ssl=1 2x, https:\/\/i0.wp.com\/sarimelekler.biz\/wp-content\/uploads\/2020\/01\/19-20-Seminer-18.jpg?resize=1050%2C600&ssl=1 3x, https:\/\/i0.wp.com\/sarimelekler.biz\/wp-content\/uploads\/2020\/01\/19-20-Seminer-18.jpg?resize=1400%2C800&ssl=1 4x"},"classes":[]},{"id":7672,"url":"https:\/\/sarimelekler.biz\/?p=7672","url_meta":{"origin":21893,"position":5},"title":"Natasa Osmokrovic: Fener Taraftar\u0131 Bana Kendimi Farkl\u0131 Hissettirecek \u015eeyler Verdi.","author":"Edit\u00f6r","date":"5 Aral\u0131k 2018","format":false,"excerpt":"Fenerbah\u00e7e voleybol tak\u0131m\u0131m\u0131zda 2009-2010 ve 2010-2011 sezonlar\u0131nda forma giyen ve ge\u00e7ti\u011fimiz senelerde emekli olan Natasa Osmokrovic ile bir r\u00f6portaj ger\u00e7ekle\u015ftirdik. Fenerbah\u00e7e Kad\u0131n Voleybol Taraftar Platformu olarak 9. ya\u015f\u0131m\u0131z\u0131 kutlad\u0131\u011f\u0131m\u0131z g\u00fcnde bu r\u00f6portaj\u0131 sizinle bulu\u015fturmaktan k\u0131van\u00e7 duyuyoruz. Umar\u0131z bu r\u00f6portajtan memnun kal\u0131rs\u0131n\u0131z. Bir nebze de olsa \u00f6zlem giderirsiniz. 1-Uzun y\u0131llar \u0130talya'da\u2026","rel":"","context":"&quot;Sitemiz R\u00f6portajlar\u0131&quot; i\u00e7inde","block_context":{"text":"Sitemiz R\u00f6portajlar\u0131","link":"https:\/\/sarimelekler.biz\/?cat=16"},"img":{"alt_text":"","src":"https:\/\/i0.wp.com\/sarimelekler.biz\/wp-content\/uploads\/2018\/12\/Ads%C4%B1z.jpg?resize=350%2C200&ssl=1","width":350,"height":200,"srcset":"https:\/\/i0.wp.com\/sarimelekler.biz\/wp-content\/uploads\/2018\/12\/Ads%C4%B1z.jpg?resize=350%2C200&ssl=1 1x, https:\/\/i0.wp.com\/sarimelekler.biz\/wp-content\/uploads\/2018\/12\/Ads%C4%B1z.jpg?resize=525%2C300&ssl=1 1.5x, https:\/\/i0.wp.com\/sarimelekler.biz\/wp-content\/uploads\/2018\/12\/Ads%C4%B1z.jpg?resize=700%2C400&ssl=1 2x"},"classes":[]}],"_links":{"self":[{"href":"https:\/\/sarimelekler.biz\/index.php?rest_route=\/wp\/v2\/posts\/21893","targetHints":{"allow":["GET"]}}],"collection":[{"href":"https:\/\/sarimelekler.biz\/index.php?rest_route=\/wp\/v2\/posts"}],"about":[{"href":"https:\/\/sarimelekler.biz\/index.php?rest_route=\/wp\/v2\/types\/post"}],"author":[{"embeddable":true,"href":"https:\/\/sarimelekler.biz\/index.php?rest_route=\/wp\/v2\/users\/1"}],"replies":[{"embeddable":true,"href":"https:\/\/sarimelekler.biz\/index.php?rest_route=%2Fwp%2Fv2%2Fcomments&post=21893"}],"version-history":[{"count":5,"href":"https:\/\/sarimelekler.biz\/index.php?rest_route=\/wp\/v2\/posts\/21893\/revisions"}],"predecessor-version":[{"id":21906,"href":"https:\/\/sarimelekler.biz\/index.php?rest_route=\/wp\/v2\/posts\/21893\/revisions\/21906"}],"wp:featuredmedia":[{"embeddable":true,"href":"https:\/\/sarimelekler.biz\/index.php?rest_route=\/wp\/v2\/media\/21899"}],"wp:attachment":[{"href":"https:\/\/sarimelekler.biz\/index.php?rest_route=%2Fwp%2Fv2%2Fmedia&parent=21893"}],"wp:term":[{"taxonomy":"category","embeddable":true,"href":"https:\/\/sarimelekler.biz\/index.php?rest_route=%2Fwp%2Fv2%2Fcategories&post=21893"},{"taxonomy":"post_tag","embeddable":true,"href":"https:\/\/sarimelekler.biz\/index.php?rest_route=%2Fwp%2Fv2%2Ftags&post=21893"}],"curies":[{"name":"wp","href":"https:\/\/api.w.org\/{rel}","templated":true}]}}