{"id":21981,"date":"2025-04-20T23:22:00","date_gmt":"2025-04-20T20:22:00","guid":{"rendered":"https:\/\/sarimelekler.biz\/?p=21981"},"modified":"2025-04-21T00:45:47","modified_gmt":"2025-04-20T21:45:47","slug":"rezalet-devam-ediyor-fenerbahce-medicana1-vakifbank3","status":"publish","type":"post","link":"https:\/\/sarimelekler.biz\/?p=21981","title":{"rendered":"Rezalet Devam Ediyor \/ Fenerbah\u00e7e Medicana:1 \u2013 Vak\u0131fbank:3"},"content":{"rendered":"<p style=\"text-align: justify;\"><span style=\"font-size: 18px;\">Fenerbah\u00e7e Medicana Kad\u0131n Voleybol Tak\u0131m\u0131m\u0131z kendisinden kat be kat d\u00fc\u015f\u00fck kalitedeki Vak\u0131fbank\u2019a 25-22, 20-25, 19-25 ve 23-25\u2019lik set skorlar\u0131yla 3-1 yenilerek \u015eampiyonluk serisinde 2-0 geriye d\u00fc\u015ft\u00fc.<\/span><br \/>\n<span style=\"font-size: 18px;\">Ma\u00e7 bitimi resmi sitemizde sadece 9 ma\u00e7 foto\u011fraf\u0131 yay\u0131nland\u0131. Bu foto\u011fraflardan ikisi zaman\u0131nda kul\u00fcb\u00fcm\u00fczden milyonlar kazanan bir oyuncunun, birisi ise y\u00f6netici, birisi ise taraftar foto\u011fraf\u0131, yani ma\u00e7la ilgili sadece 5 foto\u011fraf var. Kul\u00fcb\u00fcm\u00fcz\u00fcn final serisindeki saham\u0131zda oynanan bir ma\u00e7a ne denli \u00f6zen g\u00f6sterdi\u011fini taraftar\u0131m\u0131z\u0131n takdirine b\u0131rak\u0131yoruz.<\/span><br \/>\n<span style=\"font-size: 18px;\">Serinin 3. ma\u00e7\u0131 22 Nisan Sal\u0131 g\u00fcn\u00fc Saat:19:00\u2019da Fenerbah\u00e7e Medicana tak\u0131m\u0131m\u0131z\u0131n ev sahipli\u011finde Burhan Felek Vestel Voleybol Salonunda oynanacak. Kar\u015f\u0131la\u015fma TRTSpor Y\u0131ld\u0131z kanal\u0131ndan canl\u0131 yay\u0131nlanacak.<\/span><br \/>\n<span style=\"font-size: 18px;\">Ma\u00e7 \u00f6ncesi, efsanele\u015fece\u011fi kul\u00fcp yerine paray\u0131 se\u00e7en ve Fenerbah\u00e7e&#8217;den alaca\u011f\u0131 paray\u0131 az buldu\u011fu i\u00e7in en b\u00fcy\u00fck rakiplerinden birine gitmi\u015f ayr\u0131ca Ali Ko\u00e7&#8217;un cebinden para verip (tabiri yerindeyse hara\u00e7 verip) kul\u00fcb\u00fcnden kurtard\u0131\u011f\u0131 bu oyuncuya hi\u00e7 teredd\u00fct etmeden onore ettiniz. Tarih sizi affetmeyecek.<\/span><br \/>\n<span style=\"font-size: 18px;\">Bir ma\u00e7 daha kald\u0131 onu da yenilin ve Vak\u0131fbank&#8217;a taraftar\u0131m\u0131z \u00f6n\u00fcnde kupa kald\u0131rtt\u0131r\u0131n. Biz bu trajedilere sayenizde \u00e7ok al\u0131\u015ft\u0131k.<\/span><br \/>\n<span style=\"font-size: 18px;\">Kul\u00fcpte ne bir kurumsal haf\u0131za kalm\u0131\u015f ne de bir sa\u011f duyulu y\u00f6netici. Menajerlik \u015firketlerine batm\u0131\u015f kalm\u0131\u015fs\u0131n\u0131z.<\/span><br \/>\n<span style=\"font-size: 18px;\">Say\u0131n Hulusi Belg\u00fc:<\/span><br \/>\n<span style=\"font-size: 18px;\">Ya istifa edin ya da voleybol \u015fubesinde ne kadar y\u00f6netici varsa hepsini kovun. Kovun ki samimiyetinizi bilelim.<\/span><\/p>\n\n\t\t<style type=\"text\/css\">\n\t\t\t#gallery-1 {\n\t\t\t\tmargin: auto;\n\t\t\t}\n\t\t\t#gallery-1 .gallery-item {\n\t\t\t\tfloat: left;\n\t\t\t\tmargin-top: 10px;\n\t\t\t\ttext-align: center;\n\t\t\t\twidth: 20%;\n\t\t\t}\n\t\t\t#gallery-1 img {\n\t\t\t\tborder: 2px solid #cfcfcf;\n\t\t\t}\n\t\t\t#gallery-1 .gallery-caption {\n\t\t\t\tmargin-left: 0;\n\t\t\t}\n\t\t\t\/* see gallery_shortcode() in wp-includes\/media.php *\/\n\t\t<\/style>\n\t\t<div data-carousel-extra='{&quot;blog_id&quot;:1,&quot;permalink&quot;:&quot;https:\/\/sarimelekler.biz\/?p=21981&quot;}' id='gallery-1' class='gallery galleryid-21981 gallery-columns-5 gallery-size-thumbnail'><dl class='gallery-item'>\n\t\t\t<dt class='gallery-icon landscape'>\n\t\t\t\t<a href='https:\/\/sarimelekler.biz\/?attachment_id=21982'><img loading=\"lazy\" decoding=\"async\" width=\"150\" height=\"150\" src=\"https:\/\/sarimelekler.biz\/wp-content\/uploads\/2025\/04\/31-24-25-1-150x150.jpg\" class=\"attachment-thumbnail size-thumbnail\" alt=\"\" data-attachment-id=\"21982\" data-permalink=\"https:\/\/sarimelekler.biz\/?attachment_id=21982\" data-orig-file=\"https:\/\/sarimelekler.biz\/wp-content\/uploads\/2025\/04\/31-24-25-1-scaled.jpg\" data-orig-size=\"2560,1691\" data-comments-opened=\"0\" data-image-meta=\"{&quot;aperture&quot;:&quot;2.8&quot;,&quot;credit&quot;:&quot;&quot;,&quot;camera&quot;:&quot;Canon EOS R5&quot;,&quot;caption&quot;:&quot;&quot;,&quot;created_timestamp&quot;:&quot;1745181066&quot;,&quot;copyright&quot;:&quot;&quot;,&quot;focal_length&quot;:&quot;187&quot;,&quot;iso&quot;:&quot;2000&quot;,&quot;shutter_speed&quot;:&quot;0.00125&quot;,&quot;title&quot;:&quot;&quot;,&quot;orientation&quot;:&quot;1&quot;}\" data-image-title=\"31 &amp;#8211; 24-25 (1)\" data-image-description=\"\" data-image-caption=\"\" data-large-file=\"https:\/\/sarimelekler.biz\/wp-content\/uploads\/2025\/04\/31-24-25-1-1024x676.jpg\" \/><\/a>\n\t\t\t<\/dt><\/dl><dl class='gallery-item'>\n\t\t\t<dt class='gallery-icon landscape'>\n\t\t\t\t<a href='https:\/\/sarimelekler.biz\/?attachment_id=21983'><img loading=\"lazy\" decoding=\"async\" width=\"150\" height=\"150\" src=\"https:\/\/sarimelekler.biz\/wp-content\/uploads\/2025\/04\/31-24-25-5-150x150.jpg\" class=\"attachment-thumbnail size-thumbnail\" alt=\"\" data-attachment-id=\"21983\" data-permalink=\"https:\/\/sarimelekler.biz\/?attachment_id=21983\" data-orig-file=\"https:\/\/sarimelekler.biz\/wp-content\/uploads\/2025\/04\/31-24-25-5-scaled.jpg\" data-orig-size=\"2560,1707\" data-comments-opened=\"0\" data-image-meta=\"{&quot;aperture&quot;:&quot;2.8&quot;,&quot;credit&quot;:&quot;&quot;,&quot;camera&quot;:&quot;Canon EOS R5&quot;,&quot;caption&quot;:&quot;&quot;,&quot;created_timestamp&quot;:&quot;1745182770&quot;,&quot;copyright&quot;:&quot;&quot;,&quot;focal_length&quot;:&quot;95&quot;,&quot;iso&quot;:&quot;2500&quot;,&quot;shutter_speed&quot;:&quot;0.00125&quot;,&quot;title&quot;:&quot;&quot;,&quot;orientation&quot;:&quot;1&quot;}\" data-image-title=\"31 &amp;#8211; 24-25 (5)\" data-image-description=\"\" data-image-caption=\"\" data-large-file=\"https:\/\/sarimelekler.biz\/wp-content\/uploads\/2025\/04\/31-24-25-5-1024x683.jpg\" \/><\/a>\n\t\t\t<\/dt><\/dl><dl class='gallery-item'>\n\t\t\t<dt class='gallery-icon landscape'>\n\t\t\t\t<a href='https:\/\/sarimelekler.biz\/?attachment_id=21984'><img loading=\"lazy\" decoding=\"async\" width=\"150\" height=\"150\" src=\"https:\/\/sarimelekler.biz\/wp-content\/uploads\/2025\/04\/31-24-25-6-150x150.jpg\" class=\"attachment-thumbnail size-thumbnail\" alt=\"\" data-attachment-id=\"21984\" data-permalink=\"https:\/\/sarimelekler.biz\/?attachment_id=21984\" data-orig-file=\"https:\/\/sarimelekler.biz\/wp-content\/uploads\/2025\/04\/31-24-25-6-scaled.jpg\" data-orig-size=\"2560,1492\" data-comments-opened=\"0\" data-image-meta=\"{&quot;aperture&quot;:&quot;2.8&quot;,&quot;credit&quot;:&quot;&quot;,&quot;camera&quot;:&quot;Canon EOS R5&quot;,&quot;caption&quot;:&quot;&quot;,&quot;created_timestamp&quot;:&quot;1745182234&quot;,&quot;copyright&quot;:&quot;&quot;,&quot;focal_length&quot;:&quot;200&quot;,&quot;iso&quot;:&quot;2500&quot;,&quot;shutter_speed&quot;:&quot;0.00125&quot;,&quot;title&quot;:&quot;&quot;,&quot;orientation&quot;:&quot;1&quot;}\" data-image-title=\"31 &amp;#8211; 24-25 (6)\" data-image-description=\"\" data-image-caption=\"\" data-large-file=\"https:\/\/sarimelekler.biz\/wp-content\/uploads\/2025\/04\/31-24-25-6-1024x597.jpg\" \/><\/a>\n\t\t\t<\/dt><\/dl><dl class='gallery-item'>\n\t\t\t<dt class='gallery-icon landscape'>\n\t\t\t\t<a href='https:\/\/sarimelekler.biz\/?attachment_id=21985'><img loading=\"lazy\" decoding=\"async\" width=\"150\" height=\"150\" src=\"https:\/\/sarimelekler.biz\/wp-content\/uploads\/2025\/04\/31-24-25-7-150x150.jpg\" class=\"attachment-thumbnail size-thumbnail\" alt=\"\" data-attachment-id=\"21985\" data-permalink=\"https:\/\/sarimelekler.biz\/?attachment_id=21985\" data-orig-file=\"https:\/\/sarimelekler.biz\/wp-content\/uploads\/2025\/04\/31-24-25-7-scaled.jpg\" data-orig-size=\"2560,1499\" data-comments-opened=\"0\" data-image-meta=\"{&quot;aperture&quot;:&quot;2.8&quot;,&quot;credit&quot;:&quot;&quot;,&quot;camera&quot;:&quot;Canon EOS R5&quot;,&quot;caption&quot;:&quot;&quot;,&quot;created_timestamp&quot;:&quot;1745184155&quot;,&quot;copyright&quot;:&quot;&quot;,&quot;focal_length&quot;:&quot;124&quot;,&quot;iso&quot;:&quot;2500&quot;,&quot;shutter_speed&quot;:&quot;0.00125&quot;,&quot;title&quot;:&quot;&quot;,&quot;orientation&quot;:&quot;1&quot;}\" data-image-title=\"31 &amp;#8211; 24-25 (7)\" data-image-description=\"\" data-image-caption=\"\" data-large-file=\"https:\/\/sarimelekler.biz\/wp-content\/uploads\/2025\/04\/31-24-25-7-1024x600.jpg\" \/><\/a>\n\t\t\t<\/dt><\/dl><dl class='gallery-item'>\n\t\t\t<dt class='gallery-icon portrait'>\n\t\t\t\t<a href='https:\/\/sarimelekler.biz\/?attachment_id=21986'><img loading=\"lazy\" decoding=\"async\" width=\"150\" height=\"150\" src=\"https:\/\/sarimelekler.biz\/wp-content\/uploads\/2025\/04\/31-24-25-8-150x150.jpg\" class=\"attachment-thumbnail size-thumbnail\" alt=\"\" data-attachment-id=\"21986\" data-permalink=\"https:\/\/sarimelekler.biz\/?attachment_id=21986\" data-orig-file=\"https:\/\/sarimelekler.biz\/wp-content\/uploads\/2025\/04\/31-24-25-8-scaled.jpg\" data-orig-size=\"1688,2560\" data-comments-opened=\"0\" data-image-meta=\"{&quot;aperture&quot;:&quot;2.8&quot;,&quot;credit&quot;:&quot;&quot;,&quot;camera&quot;:&quot;Canon EOS R5&quot;,&quot;caption&quot;:&quot;&quot;,&quot;created_timestamp&quot;:&quot;1745184157&quot;,&quot;copyright&quot;:&quot;&quot;,&quot;focal_length&quot;:&quot;135&quot;,&quot;iso&quot;:&quot;2500&quot;,&quot;shutter_speed&quot;:&quot;0.00125&quot;,&quot;title&quot;:&quot;&quot;,&quot;orientation&quot;:&quot;1&quot;}\" data-image-title=\"31 &amp;#8211; 24-25 (8)\" data-image-description=\"\" data-image-caption=\"\" data-large-file=\"https:\/\/sarimelekler.biz\/wp-content\/uploads\/2025\/04\/31-24-25-8-675x1024.jpg\" \/><\/a>\n\t\t\t<\/dt><\/dl><br style=\"clear: both\" \/><dl class='gallery-item'>\n\t\t\t<dt class='gallery-icon landscape'>\n\t\t\t\t<a href='https:\/\/sarimelekler.biz\/?attachment_id=21987'><img loading=\"lazy\" decoding=\"async\" width=\"150\" height=\"150\" src=\"https:\/\/sarimelekler.biz\/wp-content\/uploads\/2025\/04\/31-24-25-9-150x150.jpg\" class=\"attachment-thumbnail size-thumbnail\" alt=\"\" data-attachment-id=\"21987\" data-permalink=\"https:\/\/sarimelekler.biz\/?attachment_id=21987\" data-orig-file=\"https:\/\/sarimelekler.biz\/wp-content\/uploads\/2025\/04\/31-24-25-9-scaled.jpg\" data-orig-size=\"2560,1871\" data-comments-opened=\"0\" data-image-meta=\"{&quot;aperture&quot;:&quot;2.8&quot;,&quot;credit&quot;:&quot;&quot;,&quot;camera&quot;:&quot;Canon EOS R5&quot;,&quot;caption&quot;:&quot;&quot;,&quot;created_timestamp&quot;:&quot;1745184146&quot;,&quot;copyright&quot;:&quot;&quot;,&quot;focal_length&quot;:&quot;111&quot;,&quot;iso&quot;:&quot;2500&quot;,&quot;shutter_speed&quot;:&quot;0.00125&quot;,&quot;title&quot;:&quot;&quot;,&quot;orientation&quot;:&quot;1&quot;}\" data-image-title=\"31 &amp;#8211; 24-25 (9)\" data-image-description=\"\" data-image-caption=\"\" data-large-file=\"https:\/\/sarimelekler.biz\/wp-content\/uploads\/2025\/04\/31-24-25-9-1024x748.jpg\" \/><\/a>\n\t\t\t<\/dt><\/dl><dl class='gallery-item'>\n\t\t\t<dt class='gallery-icon portrait'>\n\t\t\t\t<a href='https:\/\/sarimelekler.biz\/?attachment_id=21988'><img loading=\"lazy\" decoding=\"async\" width=\"150\" height=\"150\" src=\"https:\/\/sarimelekler.biz\/wp-content\/uploads\/2025\/04\/31-24-25-4-150x150.jpg\" class=\"attachment-thumbnail size-thumbnail\" alt=\"\" data-attachment-id=\"21988\" data-permalink=\"https:\/\/sarimelekler.biz\/?attachment_id=21988\" data-orig-file=\"https:\/\/sarimelekler.biz\/wp-content\/uploads\/2025\/04\/31-24-25-4-scaled.jpg\" data-orig-size=\"1707,2560\" data-comments-opened=\"0\" data-image-meta=\"{&quot;aperture&quot;:&quot;2.8&quot;,&quot;credit&quot;:&quot;&quot;,&quot;camera&quot;:&quot;Canon EOS R5&quot;,&quot;caption&quot;:&quot;&quot;,&quot;created_timestamp&quot;:&quot;1745184006&quot;,&quot;copyright&quot;:&quot;&quot;,&quot;focal_length&quot;:&quot;153&quot;,&quot;iso&quot;:&quot;2500&quot;,&quot;shutter_speed&quot;:&quot;0.00125&quot;,&quot;title&quot;:&quot;&quot;,&quot;orientation&quot;:&quot;1&quot;}\" data-image-title=\"31 &amp;#8211; 24-25 (4)\" data-image-description=\"\" data-image-caption=\"\" data-large-file=\"https:\/\/sarimelekler.biz\/wp-content\/uploads\/2025\/04\/31-24-25-4-683x1024.jpg\" \/><\/a>\n\t\t\t<\/dt><\/dl>\n\t\t\t<br style='clear: both' \/>\n\t\t<\/div>\n\n<p style=\"text-align: right;\">20\/04\/2025<\/p>\n","protected":false},"excerpt":{"rendered":"<p>Fenerbah\u00e7e Medicana Kad\u0131n Voleybol Tak\u0131m\u0131m\u0131z kendisinden kat be kat d\u00fc\u015f\u00fck \u2026 <a class=\"continue-reading-link\" href=\"https:\/\/sarimelekler.biz\/?p=21981\">Okumaya Devam Et.. <span class=\"meta-nav\">&rarr; <\/span><\/a><\/p>\n","protected":false},"author":1,"featured_media":21982,"comment_status":"closed","ping_status":"open","sticky":false,"template":"","format":"standard","meta":{"jetpack_post_was_ever_published":false,"_jetpack_newsletter_access":"","_jetpack_dont_email_post_to_subs":false,"_jetpack_newsletter_tier_id":0,"_jetpack_memberships_contains_paywalled_content":false,"_jetpack_memberships_contains_paid_content":false,"footnotes":"","jetpack_publicize_message":"","jetpack_publicize_feature_enabled":true,"jetpack_social_post_already_shared":true,"jetpack_social_options":{"image_generator_settings":{"template":"highway","default_image_id":0,"font":"","enabled":false},"version":2}},"categories":[6],"tags":[],"class_list":["post-21981","post","type-post","status-publish","format-standard","has-post-thumbnail","hentry","category-turkiye-ligi"],"jetpack_publicize_connections":[],"jetpack_featured_media_url":"https:\/\/sarimelekler.biz\/wp-content\/uploads\/2025\/04\/31-24-25-1-scaled.jpg","jetpack_sharing_enabled":true,"jetpack_shortlink":"https:\/\/wp.me\/p8npUZ-5Ix","jetpack-related-posts":[{"id":21992,"url":"https:\/\/sarimelekler.biz\/?p=21992","url_meta":{"origin":21981,"position":0},"title":"Skandal Bir Sezon Nihayet Bitti. Final serisini 3-0 kaybeden Fenerbah\u00e7e Ligi 2. S\u0131rada Tamamlad\u0131.","author":"Edit\u00f6r","date":"22 Nisan 2025","format":false,"excerpt":"Fenerbah\u00e7e Medicana:1 \u2013 Vak\u0131fbank:3 Fenerbah\u00e7e Medicana Kad\u0131n Voleybol Tak\u0131m\u0131m\u0131z kendisinden kat be kat d\u00fc\u015f\u00fck kalitedeki Vak\u0131fbank\u2019a bu ak\u015fam oynanan serinin 3. ma\u00e7\u0131nda 16-25, 15-25, 25-19, 19-25\u2019lik set skorlar\u0131yla 3-1 yenildi ve \u015eampiyonluk serisinde 3-0 geriye d\u00fc\u015ferek ligi ikinci s\u0131rada tamamlad\u0131. Hi\u00e7bir masraftan ka\u00e7\u0131nmay\u0131p Vak\u0131fbank'a taraftar\u0131m\u0131z\u0131n \u00f6n\u00fcnde kupa kald\u0131rtan Y\u00f6netimimize te\u015fekk\u00fcr\u2026","rel":"","context":"&quot;T\u00fcrkiye Ligi&quot; i\u00e7inde","block_context":{"text":"T\u00fcrkiye Ligi","link":"https:\/\/sarimelekler.biz\/?cat=6"},"img":{"alt_text":"","src":"https:\/\/i0.wp.com\/sarimelekler.biz\/wp-content\/uploads\/2025\/04\/32-24-25-scaled.jpg?resize=350%2C200&ssl=1","width":350,"height":200,"srcset":"https:\/\/i0.wp.com\/sarimelekler.biz\/wp-content\/uploads\/2025\/04\/32-24-25-scaled.jpg?resize=350%2C200&ssl=1 1x, https:\/\/i0.wp.com\/sarimelekler.biz\/wp-content\/uploads\/2025\/04\/32-24-25-scaled.jpg?resize=525%2C300&ssl=1 1.5x, https:\/\/i0.wp.com\/sarimelekler.biz\/wp-content\/uploads\/2025\/04\/32-24-25-scaled.jpg?resize=700%2C400&ssl=1 2x, https:\/\/i0.wp.com\/sarimelekler.biz\/wp-content\/uploads\/2025\/04\/32-24-25-scaled.jpg?resize=1050%2C600&ssl=1 3x, https:\/\/i0.wp.com\/sarimelekler.biz\/wp-content\/uploads\/2025\/04\/32-24-25-scaled.jpg?resize=1400%2C800&ssl=1 4x"},"classes":[]},{"id":21192,"url":"https:\/\/sarimelekler.biz\/?p=21192","url_meta":{"origin":21981,"position":1},"title":"S\u00fcper Kupa Sar\u0131 Meleklerin \/ Fenerbah\u00e7e Medicana:3 &#8211; Eczac\u0131ba\u015f\u0131 Dynavit:1","author":"Edit\u00f6r","date":"16 Ekim 2024","format":false,"excerpt":"Fenerbah\u00e7e Medicana Kad\u0131n Voleybol Tak\u0131m\u0131m\u0131z, AXA Sigorta \u015eampiyonlar Kupas\u0131 (S\u00fcper Kupa) ma\u00e7\u0131nda kar\u015f\u0131la\u015ft\u0131\u011f\u0131 Eczac\u0131ba\u015f\u0131 Dynavit tak\u0131m\u0131n\u0131 25-23, 22-25, 25-17 ve 25-18 set skorlar\u0131yla 3-0 ma\u011flup ederek bu kupay\u0131 5. Kez kazand\u0131. Ma\u00e7a Eda, Meliha, Vargas, Drca, Asl\u0131, Ana Cristina ve libero Gizem kadrosuyla ba\u015flayan tak\u0131m\u0131m\u0131zda Stysiak, Arelya ve Elitsa\u2019da s\u00fcre\u2026","rel":"","context":"&quot;S\u00fcper Kupa&quot; i\u00e7inde","block_context":{"text":"S\u00fcper Kupa","link":"https:\/\/sarimelekler.biz\/?cat=27"},"img":{"alt_text":"","src":"https:\/\/i0.wp.com\/sarimelekler.biz\/wp-content\/uploads\/2024\/10\/2024-Super-Kupa-6-scaled.jpg?resize=350%2C200&ssl=1","width":350,"height":200,"srcset":"https:\/\/i0.wp.com\/sarimelekler.biz\/wp-content\/uploads\/2024\/10\/2024-Super-Kupa-6-scaled.jpg?resize=350%2C200&ssl=1 1x, https:\/\/i0.wp.com\/sarimelekler.biz\/wp-content\/uploads\/2024\/10\/2024-Super-Kupa-6-scaled.jpg?resize=525%2C300&ssl=1 1.5x, https:\/\/i0.wp.com\/sarimelekler.biz\/wp-content\/uploads\/2024\/10\/2024-Super-Kupa-6-scaled.jpg?resize=700%2C400&ssl=1 2x, https:\/\/i0.wp.com\/sarimelekler.biz\/wp-content\/uploads\/2024\/10\/2024-Super-Kupa-6-scaled.jpg?resize=1050%2C600&ssl=1 3x, https:\/\/i0.wp.com\/sarimelekler.biz\/wp-content\/uploads\/2024\/10\/2024-Super-Kupa-6-scaled.jpg?resize=1400%2C800&ssl=1 4x"},"classes":[]},{"id":21026,"url":"https:\/\/sarimelekler.biz\/?p=21026","url_meta":{"origin":21981,"position":2},"title":"Fenerbah\u00e7e Kad\u0131n Voleybol Tak\u0131m\u0131m\u0131z 70 ya\u015f\u0131nda!","author":"Edit\u00f6r","date":"9 Eyl\u00fcl 2024","format":false,"excerpt":"1954 y\u0131l\u0131nda kurulan ve ulusal-uluslararas\u0131 arenada tarihi ba\u015far\u0131lara imza atan Fenerbah\u00e7e Medicana Kad\u0131n Voleybol Tak\u0131m\u0131m\u0131z\u0131n 70. y\u0131l d\u00f6n\u00fcm\u00fc d\u00fczenlenen \u00f6zel geceyle kutland\u0131. Fenerbah\u00e7e Faruk Ilgaz Tesislerimizde organize edilen galaya Ba\u015fkan\u0131m\u0131z Ali Y. Ko\u00e7, T\u00fcrkiye Voleybol Federasyonu Ba\u015fkan\u0131 Mehmet Akif \u00dcst\u00fcnda\u011f, yeni ve eski Y\u00f6netim Kurulu \u00dcyelerimiz, sponsorlar\u0131m\u0131z, Fenerbah\u00e7e Medicana Voleybol\u2026","rel":"","context":"&quot;Haberler&quot; i\u00e7inde","block_context":{"text":"Haberler","link":"https:\/\/sarimelekler.biz\/?cat=7"},"img":{"alt_text":"","src":"https:\/\/i0.wp.com\/sarimelekler.biz\/wp-content\/uploads\/2024\/09\/70.-Yil-Kutlamasi-5-scaled.jpg?resize=350%2C200&ssl=1","width":350,"height":200,"srcset":"https:\/\/i0.wp.com\/sarimelekler.biz\/wp-content\/uploads\/2024\/09\/70.-Yil-Kutlamasi-5-scaled.jpg?resize=350%2C200&ssl=1 1x, https:\/\/i0.wp.com\/sarimelekler.biz\/wp-content\/uploads\/2024\/09\/70.-Yil-Kutlamasi-5-scaled.jpg?resize=525%2C300&ssl=1 1.5x, https:\/\/i0.wp.com\/sarimelekler.biz\/wp-content\/uploads\/2024\/09\/70.-Yil-Kutlamasi-5-scaled.jpg?resize=700%2C400&ssl=1 2x, https:\/\/i0.wp.com\/sarimelekler.biz\/wp-content\/uploads\/2024\/09\/70.-Yil-Kutlamasi-5-scaled.jpg?resize=1050%2C600&ssl=1 3x, https:\/\/i0.wp.com\/sarimelekler.biz\/wp-content\/uploads\/2024\/09\/70.-Yil-Kutlamasi-5-scaled.jpg?resize=1400%2C800&ssl=1 4x"},"classes":[]},{"id":21078,"url":"https:\/\/sarimelekler.biz\/?p=21078","url_meta":{"origin":21981,"position":3},"title":"Efsane Voleybolcumuz Eda Erdem\u2019in Ad\u0131 Ata\u015fehir\u2019de Bir Parka Verildi","author":"Edit\u00f6r","date":"30 Eyl\u00fcl 2024","format":false,"excerpt":"Elde etti\u011fi ba\u015far\u0131larla g\u00f6\u011fs\u00fcm\u00fcz\u00fc kabartan, \u00f6rnek ki\u015fili\u011fi ve duru\u015fu ile herkesin sevgisini kazanan, Fenerbah\u00e7e Medicana ve A Mill\u00ee Kad\u0131n Voleybol Tak\u0131m\u0131m\u0131z\u0131n efsane kaptan\u0131 Eda Erdem\u2019in ad\u0131 Ata\u015fehir\u2019de bir parka verildi. Atat\u00fcrk Mahallesi\u2019nde bulunan park\u0131n yenileme \u00e7al\u0131\u015fmalar\u0131n\u0131 ger\u00e7ekle\u015ftiren Ata\u015fehir Belediyesi, \u00e7al\u0131\u015fmalar\u0131n tamamlanmas\u0131n\u0131n ard\u0131ndan yeniden d\u00fczenlenen park\u0131, Kaptan Eda Erdem'in ismiyle ta\u00e7land\u0131rd\u0131.\u2026","rel":"","context":"&quot;Haberler&quot; i\u00e7inde","block_context":{"text":"Haberler","link":"https:\/\/sarimelekler.biz\/?cat=7"},"img":{"alt_text":"","src":"https:\/\/i0.wp.com\/sarimelekler.biz\/wp-content\/uploads\/2024\/09\/Eda-Erdem-Parki-4-scaled.jpg?resize=350%2C200&ssl=1","width":350,"height":200,"srcset":"https:\/\/i0.wp.com\/sarimelekler.biz\/wp-content\/uploads\/2024\/09\/Eda-Erdem-Parki-4-scaled.jpg?resize=350%2C200&ssl=1 1x, https:\/\/i0.wp.com\/sarimelekler.biz\/wp-content\/uploads\/2024\/09\/Eda-Erdem-Parki-4-scaled.jpg?resize=525%2C300&ssl=1 1.5x, https:\/\/i0.wp.com\/sarimelekler.biz\/wp-content\/uploads\/2024\/09\/Eda-Erdem-Parki-4-scaled.jpg?resize=700%2C400&ssl=1 2x, https:\/\/i0.wp.com\/sarimelekler.biz\/wp-content\/uploads\/2024\/09\/Eda-Erdem-Parki-4-scaled.jpg?resize=1050%2C600&ssl=1 3x, https:\/\/i0.wp.com\/sarimelekler.biz\/wp-content\/uploads\/2024\/09\/Eda-Erdem-Parki-4-scaled.jpg?resize=1400%2C800&ssl=1 4x"},"classes":[]},{"id":21387,"url":"https:\/\/sarimelekler.biz\/?p=21387","url_meta":{"origin":21981,"position":4},"title":"Zeren Spor:3 \u2013 Fenerbah\u00e7e Medicana:2","author":"Edit\u00f6r","date":"16 Kas\u0131m 2024","format":false,"excerpt":"Fenerbah\u00e7e Medicana Kad\u0131n Voleybol Tak\u0131m\u0131m\u0131z, Vodafone Sultanlar Ligi 9. Hafta ma\u00e7\u0131nda konuk oldu\u011fu Zeren Spor tak\u0131m\u0131na 25-27, 25-12, 26-24, 20-25 ve 15-11\u2019lik set skorlar\u0131yla 3-2 ma\u011flup oldu. Ma\u00e7a Eda, Asl\u0131, Meliha, Drca, Ana Cristina, Stysiak ve libero Gizem kadrosuyla ba\u015flayan tak\u0131m\u0131m\u0131zda yedek oyuncular\u0131m\u0131zdan Arelya, Elitsa Vasileva ve Liza s\u00fcre ald\u0131.\u2026","rel":"","context":"&quot;T\u00fcrkiye Ligi&quot; i\u00e7inde","block_context":{"text":"T\u00fcrkiye Ligi","link":"https:\/\/sarimelekler.biz\/?cat=6"},"img":{"alt_text":"","src":"https:\/\/i0.wp.com\/sarimelekler.biz\/wp-content\/uploads\/2024\/11\/24-25-10-6.jpg?resize=350%2C200&ssl=1","width":350,"height":200,"srcset":"https:\/\/i0.wp.com\/sarimelekler.biz\/wp-content\/uploads\/2024\/11\/24-25-10-6.jpg?resize=350%2C200&ssl=1 1x, https:\/\/i0.wp.com\/sarimelekler.biz\/wp-content\/uploads\/2024\/11\/24-25-10-6.jpg?resize=525%2C300&ssl=1 1.5x, https:\/\/i0.wp.com\/sarimelekler.biz\/wp-content\/uploads\/2024\/11\/24-25-10-6.jpg?resize=700%2C400&ssl=1 2x, https:\/\/i0.wp.com\/sarimelekler.biz\/wp-content\/uploads\/2024\/11\/24-25-10-6.jpg?resize=1050%2C600&ssl=1 3x, https:\/\/i0.wp.com\/sarimelekler.biz\/wp-content\/uploads\/2024\/11\/24-25-10-6.jpg?resize=1400%2C800&ssl=1 4x"},"classes":[]},{"id":22234,"url":"https:\/\/sarimelekler.biz\/?p=22234","url_meta":{"origin":21981,"position":5},"title":"Fenerbah\u00e7e Medicana:3 \u2013 Kuzeyboru:0","author":"Edit\u00f6r","date":"29 Kas\u0131m 2025","format":false,"excerpt":"Fenerbah\u00e7e Medicana Kad\u0131n Voleybol Tak\u0131m\u0131m\u0131z, Vodafone Sultanlar Ligi 8. ma\u00e7\u0131nda konuk etti\u011fi Kuzeyboru tak\u0131m\u0131n\u0131 25-22, 25-21 ve 25-14\u2019l\u00fck set skorlar\u0131yla 3-0 ma\u011flup etti. Ma\u00e7a Eda, Hande, Fedorovtseva, Asl\u0131, Vargas, Arelya ve libero Gizem kadrosuyla ba\u015flayan tak\u0131m\u0131m\u0131zda yedek oyuncular\u0131m\u0131zdan Yaasmeen ve Milenkovic\u2019te s\u00fcre ald\u0131. Ma\u00e7\u0131 24 say\u0131yla tamamlayan Fedorovtseva ma\u00e7\u0131n en\u2026","rel":"","context":"&quot;T\u00fcrkiye Ligi&quot; i\u00e7inde","block_context":{"text":"T\u00fcrkiye Ligi","link":"https:\/\/sarimelekler.biz\/?cat=6"},"img":{"alt_text":"","src":"https:\/\/i0.wp.com\/sarimelekler.biz\/wp-content\/uploads\/2025\/11\/8-25-26-13-scaled.jpg?resize=350%2C200&ssl=1","width":350,"height":200,"srcset":"https:\/\/i0.wp.com\/sarimelekler.biz\/wp-content\/uploads\/2025\/11\/8-25-26-13-scaled.jpg?resize=350%2C200&ssl=1 1x, https:\/\/i0.wp.com\/sarimelekler.biz\/wp-content\/uploads\/2025\/11\/8-25-26-13-scaled.jpg?resize=525%2C300&ssl=1 1.5x, https:\/\/i0.wp.com\/sarimelekler.biz\/wp-content\/uploads\/2025\/11\/8-25-26-13-scaled.jpg?resize=700%2C400&ssl=1 2x, https:\/\/i0.wp.com\/sarimelekler.biz\/wp-content\/uploads\/2025\/11\/8-25-26-13-scaled.jpg?resize=1050%2C600&ssl=1 3x, https:\/\/i0.wp.com\/sarimelekler.biz\/wp-content\/uploads\/2025\/11\/8-25-26-13-scaled.jpg?resize=1400%2C800&ssl=1 4x"},"classes":[]}],"_links":{"self":[{"href":"https:\/\/sarimelekler.biz\/index.php?rest_route=\/wp\/v2\/posts\/21981","targetHints":{"allow":["GET"]}}],"collection":[{"href":"https:\/\/sarimelekler.biz\/index.php?rest_route=\/wp\/v2\/posts"}],"about":[{"href":"https:\/\/sarimelekler.biz\/index.php?rest_route=\/wp\/v2\/types\/post"}],"author":[{"embeddable":true,"href":"https:\/\/sarimelekler.biz\/index.php?rest_route=\/wp\/v2\/users\/1"}],"replies":[{"embeddable":true,"href":"https:\/\/sarimelekler.biz\/index.php?rest_route=%2Fwp%2Fv2%2Fcomments&post=21981"}],"version-history":[{"count":2,"href":"https:\/\/sarimelekler.biz\/index.php?rest_route=\/wp\/v2\/posts\/21981\/revisions"}],"predecessor-version":[{"id":21990,"href":"https:\/\/sarimelekler.biz\/index.php?rest_route=\/wp\/v2\/posts\/21981\/revisions\/21990"}],"wp:featuredmedia":[{"embeddable":true,"href":"https:\/\/sarimelekler.biz\/index.php?rest_route=\/wp\/v2\/media\/21982"}],"wp:attachment":[{"href":"https:\/\/sarimelekler.biz\/index.php?rest_route=%2Fwp%2Fv2%2Fmedia&parent=21981"}],"wp:term":[{"taxonomy":"category","embeddable":true,"href":"https:\/\/sarimelekler.biz\/index.php?rest_route=%2Fwp%2Fv2%2Fcategories&post=21981"},{"taxonomy":"post_tag","embeddable":true,"href":"https:\/\/sarimelekler.biz\/index.php?rest_route=%2Fwp%2Fv2%2Ftags&post=21981"}],"curies":[{"name":"wp","href":"https:\/\/api.w.org\/{rel}","templated":true}]}}