{"id":22012,"date":"2025-10-08T01:19:34","date_gmt":"2025-10-07T22:19:34","guid":{"rendered":"https:\/\/sarimelekler.biz\/?p=22012"},"modified":"2025-10-08T01:35:27","modified_gmt":"2025-10-07T22:35:27","slug":"2024-25-sezonu-kisa-bildirimi","status":"publish","type":"post","link":"https:\/\/sarimelekler.biz\/?p=22012","title":{"rendered":"2024-25 SEZONU KISA B\u0130LD\u0130R\u0130M\u0130"},"content":{"rendered":"<p style=\"text-align: justify;\"><span style=\"font-size: 18px;\">2024-25 sezonunu Avrupa \u015eampiyonu olmak \u00fczerine kurulan ve 4 kupa hedefiyle sezona ba\u015flayan tak\u0131m\u0131m\u0131z hem idari hem teknik ekip\u00e7e \u00e7ok k\u00f6t\u00fc y\u00f6netilerek \u015eampiyonlar ligini \u00c7eyrek finalde T\u00fcrkiye ligini ise ikincilikle bitirdi. Tak\u0131m\u0131m\u0131z T\u00fcrkiye Kupas\u0131 ve T\u00fcrkiye S\u00fcper Kupas\u0131n\u0131 ise kazarak sezonu iki kupayla kapatt\u0131. \u00a0<\/span><\/p>\n<p style=\"text-align: justify;\"><span style=\"font-size: 18px;\">Sezonu \u015eampiyonlukla tamamlayan ba\u015fantren\u00f6r\u00fcm\u00fcz Stefano Lavarini\u2019yi kimsenin anlamad\u0131\u011f\u0131 bir \u015fekilde g\u00f6nderilerek yerine daha alt seviyede bir antren\u00f6r olan Marco Fenoglio\u2019yu tak\u0131m\u0131m\u0131n ba\u015f\u0131na getirildi. Sezon iyi ba\u015flasa da her ge\u00e7en g\u00fcn tak\u0131m\u0131n daha da d\u00fc\u015ft\u00fc\u011f\u00fc bariz g\u00f6z\u00fckmesine ra\u011fmen y\u00f6netimce ve idarecilerle zaman\u0131nda reaksiyon al\u0131namayarak Fenoglio ile sezona devam edildi.<\/span><\/p>\n<p style=\"text-align: justify;\"><span style=\"font-size: 18px;\">Tak\u0131m\u0131m\u0131z \u015eampiyonlar liginde ilk ma\u00e7\u0131 3-0 kazanmas\u0131na ra\u011fmen \u00c7eyrek finalde Vak\u0131fbank\u2019tan \u00a0kendi seyircimiz \u00f6n\u00fcnde 2 set alamayarak \u015eampiyonlar Ligine \u00c7eyrek finalde havlu att\u0131. Tam burada antren\u00f6r de\u011fi\u015fimi yap\u0131lmas\u0131 laz\u0131mken yap\u0131lmad\u0131 ve ligin play off etab\u0131 ba\u015flad\u0131. Galatasaray\u2019a kar\u015f\u0131 yar\u0131 finalde ilk ma\u00e7\u0131 kazan\u0131p ikinci ma\u00e7\u0131 kaybedince antren\u00f6r Fenoglio kovuldu. Yerine eski antren\u00f6r\u00fcm\u00fcz olan Marcelo Abbondanza getirildi. Abbondanza Galatasaray\u2019a kar\u015f\u0131 3. ma\u00e7\u0131 kazanarak tak\u0131m\u0131m\u0131z\u0131 finale y\u00fckseltti. Tak\u0131m\u0131m\u0131z final serisinde Vak\u0131fbank\u2019tan \u00fc\u00e7 ma\u00e7ta ma\u00e7 kazanamayarak kendi seyircimiz \u00f6n\u00fcnde kupa kald\u0131rtt\u0131. Burada sorun Vak\u0131fbank\u2019\u0131n kupa kald\u0131rmas\u0131 de\u011fil sezona di\u011fer y\u0131llara nazaran epeyce d\u00fc\u015f\u00fck bir kadroyla ba\u015flayan Vak\u0131fbank kar\u015f\u0131s\u0131nda sezon boyu rezil olmam\u0131zd\u0131.<\/span><\/p>\n<p style=\"text-align: justify;\"><span style=\"font-size: 18px;\">Son ma\u00e7\u0131n hemen ard\u0131ndan sosyal medyada yay\u0131nlanan yar\u0131 final serisi ilk ma\u00e7\u0131nda ma\u011flup oldu\u011fumuz Galatasaray ma\u00e7\u0131 sonuna ait olan g\u00f6r\u00fcnt\u00fclerde Voleyboldan sorumlu y\u00f6netim kurulu \u00fcyemiz Hulusi Belg\u00fc\u2019n\u00fcn Galatasaray taraftar\u0131 \u00f6n\u00fcnde ba\u015fta kaptan\u0131m\u0131z Eda Erdem olmak \u00fczere kad\u0131n sporcular\u0131m\u0131z\u0131 azarlad\u0131\u011f\u0131 ve rakip tak\u0131m taraftarlar\u0131 taraf\u0131ndan olay\u0131n dalga konusu haline geldi\u011fi \u00fcz\u00fclerek \u00f6\u011frenmi\u015ftik.<\/span><\/p>\n<p style=\"text-align: justify;\"><span style=\"font-size: 18px;\">Sezon i\u00e7i ve son periyodundaki hatalardan dolay\u0131 idarecilerden, kaptan\u0131m\u0131z ba\u015fta olmak \u00fczere oyuncular\u0131m\u0131z\u0131n Galatasaray taraftar\u0131 \u00f6n\u00fcnde azarlanarak rezil edilmesinden dolay\u0131 ise Hulusi Belg\u00fc\u2019den istifalar bekledik, Ayr\u0131ca bu hareketin Kul\u00fcb\u00fcm\u00fcz\u00fcn destek verdi\u011fi HeForShe dayan\u0131\u015fma hareketine de ayk\u0131r\u0131 bir durum oldu\u011fundan dolay\u0131 Hulusi Belg\u00fc\u2019n\u00fcn derhal g\u00f6revden al\u0131nmas\u0131n\u0131 ise eski ba\u015fkan\u0131m\u0131z Sn. Ali Ko\u00e7\u2019tan bekledik, bekledik ama hi\u00e7biri olmad\u0131.<\/span><\/p>\n<p style=\"text-align: justify;\"><span style=\"font-size: 18px;\">\u015eampiyonluklar elde edilir ka\u00e7\u0131r\u0131l\u0131r ama k\u00fc\u00e7\u00fck bir b\u00f6l\u00fcm\u00fcn\u00fc anlatt\u0131\u011f\u0131m\u0131z bu sezon taraftarlar\u0131m\u0131z aras\u0131nda tak\u0131m\u0131m\u0131z a\u00e7\u0131s\u0131ndan skandallar sezonu olarak an\u0131lacakt\u0131r.<\/span><\/p>\n<p style=\"text-align: right;\"><span style=\"font-size: 18px;\">08.10.2025<\/span><\/p>\n","protected":false},"excerpt":{"rendered":"<p>2024-25 sezonunu Avrupa \u015eampiyonu olmak \u00fczerine kurulan ve 4 kupa \u2026 <a class=\"continue-reading-link\" href=\"https:\/\/sarimelekler.biz\/?p=22012\">Okumaya Devam Et.. <span class=\"meta-nav\">&rarr; <\/span><\/a><\/p>\n","protected":false},"author":1,"featured_media":21957,"comment_status":"closed","ping_status":"open","sticky":false,"template":"","format":"standard","meta":{"jetpack_post_was_ever_published":false,"_jetpack_newsletter_access":"","_jetpack_dont_email_post_to_subs":false,"_jetpack_newsletter_tier_id":0,"_jetpack_memberships_contains_paywalled_content":false,"_jetpack_memberships_contains_paid_content":false,"footnotes":"","jetpack_publicize_message":"","jetpack_publicize_feature_enabled":true,"jetpack_social_post_already_shared":true,"jetpack_social_options":{"image_generator_settings":{"template":"highway","default_image_id":0,"font":"","enabled":false},"version":2}},"categories":[7],"tags":[],"class_list":["post-22012","post","type-post","status-publish","format-standard","has-post-thumbnail","hentry","category-haberler"],"jetpack_publicize_connections":[],"jetpack_featured_media_url":"https:\/\/sarimelekler.biz\/wp-content\/uploads\/2025\/04\/29-24-25-19-scaled.jpg","jetpack_sharing_enabled":true,"jetpack_shortlink":"https:\/\/wp.me\/p8npUZ-5J2","jetpack-related-posts":[{"id":22707,"url":"https:\/\/sarimelekler.biz\/?p=22707","url_meta":{"origin":22012,"position":0},"title":"Yeni Sezon Eski Sonu\u00e7, \u015eampiyonlar Ligine \u00c7eyrek Finalde Veda Ettik.","author":"Edit\u00f6r","date":"19 Mart 2026","format":false,"excerpt":"Fenerbah\u00e7e Medicana:3 \u2013 Savino Del Bene Scandicci:2 Fenerbah\u00e7e Medicana Kad\u0131n Voleybol Tak\u0131m\u0131m\u0131z, Cev \u015eampiyonlar Ligi \u00c7eyrek Final r\u00f6van\u015f ma\u00e7\u0131nda konuk etti\u011fi ve ilk ma\u00e7ta 3-0 ma\u011flup oldu\u011fu \u0130talya temsilcisi Savino Del Bene Scandicci tak\u0131m\u0131n\u0131 32-30, 19-25, 25-13 ve 27-25 yenmesine ra\u011fmen alt\u0131n seti 13-15 kaybederek Finalini d\u00fczenleyicisi oldu\u011fumuz \u015eampiyonlar ligine\u2026","rel":"","context":"&quot;Avrupa Kupalar\u0131&quot; i\u00e7inde","block_context":{"text":"Avrupa Kupalar\u0131","link":"https:\/\/sarimelekler.biz\/?cat=1"},"img":{"alt_text":"","src":"https:\/\/i0.wp.com\/sarimelekler.biz\/wp-content\/uploads\/2026\/03\/08-25-26-CL-11-scaled.jpeg?resize=350%2C200&ssl=1","width":350,"height":200,"srcset":"https:\/\/i0.wp.com\/sarimelekler.biz\/wp-content\/uploads\/2026\/03\/08-25-26-CL-11-scaled.jpeg?resize=350%2C200&ssl=1 1x, https:\/\/i0.wp.com\/sarimelekler.biz\/wp-content\/uploads\/2026\/03\/08-25-26-CL-11-scaled.jpeg?resize=525%2C300&ssl=1 1.5x, https:\/\/i0.wp.com\/sarimelekler.biz\/wp-content\/uploads\/2026\/03\/08-25-26-CL-11-scaled.jpeg?resize=700%2C400&ssl=1 2x, https:\/\/i0.wp.com\/sarimelekler.biz\/wp-content\/uploads\/2026\/03\/08-25-26-CL-11-scaled.jpeg?resize=1050%2C600&ssl=1 3x, https:\/\/i0.wp.com\/sarimelekler.biz\/wp-content\/uploads\/2026\/03\/08-25-26-CL-11-scaled.jpeg?resize=1400%2C800&ssl=1 4x"},"classes":[]},{"id":15697,"url":"https:\/\/sarimelekler.biz\/?p=15697","url_meta":{"origin":22012,"position":1},"title":"Artan Covid-19 Vakalar\u0131 Sebebiyle Tak\u0131m\u0131m\u0131z Sultanlar Ligi Finalinden \u00c7ekildi.","author":"Edit\u00f6r","date":"15 Nisan 2021","format":false,"excerpt":"Fenerbah\u00e7e Opet Kad\u0131n Voleybol Tak\u0131m\u0131m\u0131z, teknik ekip ve oyuncular\u0131m\u0131zda son bir hafta i\u00e7erisinde g\u00f6r\u00fclen Covid-19 Vakalar\u0131 sebebiyle misli.com Sultanlar Ligi final serisi \u00fc\u00e7\u00fcnc\u00fc ma\u00e7\u0131na \u00e7\u0131kmama karar\u0131 ald\u0131. Seride 2-0 geride olan Sar\u0131 Meleklerimiz yar\u0131n oynanmas\u0131 planlanan serinin \u00fc\u00e7\u00fcnc\u00fc ma\u00e7\u0131n\u0131 h\u00fckmen 3-0 kaybedecek. \u00a0B\u00f6ylelikle seri 3-0 olacak ve Federasyon, \u015eampiyonu Vak\u0131fbank\u2026","rel":"","context":"&quot;T\u00fcrkiye Ligi&quot; i\u00e7inde","block_context":{"text":"T\u00fcrkiye Ligi","link":"https:\/\/sarimelekler.biz\/?cat=6"},"img":{"alt_text":"","src":"https:\/\/i0.wp.com\/sarimelekler.biz\/wp-content\/uploads\/2021\/02\/27-20-21-10.jpg?resize=350%2C200&ssl=1","width":350,"height":200,"srcset":"https:\/\/i0.wp.com\/sarimelekler.biz\/wp-content\/uploads\/2021\/02\/27-20-21-10.jpg?resize=350%2C200&ssl=1 1x, https:\/\/i0.wp.com\/sarimelekler.biz\/wp-content\/uploads\/2021\/02\/27-20-21-10.jpg?resize=525%2C300&ssl=1 1.5x, https:\/\/i0.wp.com\/sarimelekler.biz\/wp-content\/uploads\/2021\/02\/27-20-21-10.jpg?resize=700%2C400&ssl=1 2x, https:\/\/i0.wp.com\/sarimelekler.biz\/wp-content\/uploads\/2021\/02\/27-20-21-10.jpg?resize=1050%2C600&ssl=1 3x, https:\/\/i0.wp.com\/sarimelekler.biz\/wp-content\/uploads\/2021\/02\/27-20-21-10.jpg?resize=1400%2C800&ssl=1 4x"},"classes":[]},{"id":3759,"url":"https:\/\/sarimelekler.biz\/?p=3759","url_meta":{"origin":22012,"position":2},"title":"Final Serisi Ba\u015fl\u0131yor","author":"Edit\u00f6r","date":"27 Nisan 2017","format":false,"excerpt":"2016-2017 Sezonu Vestel Ven\u00fcs Sultanlar Ligi Play-Off final serisi bug\u00fcn oynanacak olan Fenerbah\u00e7e \u2013 Galatasaray ma\u00e7\u0131 ile ba\u015fl\u0131yor. Ev sahibi avantaj\u0131 ile seriye ba\u015flayacak olan Sar\u0131 Melekler 5 ma\u00e7 \u00fczerinden oynanacak seride 3 ma\u00e7 kazan\u0131rsa \u015fampiyon olacak. Serideki t\u00fcm ma\u00e7lar Burhan Felek Voleybol Salonu'nda oynanacak. Tak\u0131m\u0131m\u0131z normal sezonu ikinci s\u0131rada\u2026","rel":"","context":"&quot;T\u00fcrkiye Ligi&quot; i\u00e7inde","block_context":{"text":"T\u00fcrkiye Ligi","link":"https:\/\/sarimelekler.biz\/?cat=6"},"img":{"alt_text":"","src":"https:\/\/i0.wp.com\/sarimelekler.biz\/wp-content\/uploads\/2017\/04\/FB-GS.jpg?resize=350%2C200&ssl=1","width":350,"height":200,"srcset":"https:\/\/i0.wp.com\/sarimelekler.biz\/wp-content\/uploads\/2017\/04\/FB-GS.jpg?resize=350%2C200&ssl=1 1x, https:\/\/i0.wp.com\/sarimelekler.biz\/wp-content\/uploads\/2017\/04\/FB-GS.jpg?resize=525%2C300&ssl=1 1.5x, https:\/\/i0.wp.com\/sarimelekler.biz\/wp-content\/uploads\/2017\/04\/FB-GS.jpg?resize=700%2C400&ssl=1 2x, https:\/\/i0.wp.com\/sarimelekler.biz\/wp-content\/uploads\/2017\/04\/FB-GS.jpg?resize=1050%2C600&ssl=1 3x, https:\/\/i0.wp.com\/sarimelekler.biz\/wp-content\/uploads\/2017\/04\/FB-GS.jpg?resize=1400%2C800&ssl=1 4x"},"classes":[]},{"id":17548,"url":"https:\/\/sarimelekler.biz\/?p=17548","url_meta":{"origin":22012,"position":3},"title":"25.03.2012 \/ \u015eampiyonlar Ligi \u015eampiyonlu\u011fumuzun 10. Y\u0131l D\u00f6n\u00fcm\u00fc","author":"Edit\u00f6r","date":"25 Mart 2022","format":false,"excerpt":"25.03.2012 Fenerbah\u00e7e Kad\u0131n Voleybol tak\u0131m\u0131m\u0131z tarihinde ilk kez \u015eampiyonlar Ligi \u015eampiyonu oldu. Asl\u0131nda tarihi ba\u015far\u0131larla dolu Fenerbah\u00e7e Spor Kul\u00fcb\u00fcm\u00fcz\u00fcn kad\u0131n voleybol bran\u015f\u0131 i\u00e7in beklenen bir ba\u015far\u0131yd\u0131. \u00d6zellikle son iki senesinde \u015eampiyonlar liginde 1 kez ikinci, 1 kez de \u00fc\u00e7\u00fcnc\u00fc olan tak\u0131m\u0131m\u0131z\u0131n, Kul\u00fcb\u00fcm\u00fcz \u00e7ok zorlu bir s\u00fcre\u00e7ten ge\u00e7erken bu ba\u015far\u0131y\u0131 kazanmas\u0131\u2026","rel":"","context":"&quot;\u00d6zel Haberler&quot; i\u00e7inde","block_context":{"text":"\u00d6zel Haberler","link":"https:\/\/sarimelekler.biz\/?cat=21"},"img":{"alt_text":"","src":"https:\/\/i0.wp.com\/sarimelekler.biz\/wp-content\/uploads\/2022\/03\/10-YIL-0.jpg?resize=350%2C200&ssl=1","width":350,"height":200,"srcset":"https:\/\/i0.wp.com\/sarimelekler.biz\/wp-content\/uploads\/2022\/03\/10-YIL-0.jpg?resize=350%2C200&ssl=1 1x, https:\/\/i0.wp.com\/sarimelekler.biz\/wp-content\/uploads\/2022\/03\/10-YIL-0.jpg?resize=525%2C300&ssl=1 1.5x, https:\/\/i0.wp.com\/sarimelekler.biz\/wp-content\/uploads\/2022\/03\/10-YIL-0.jpg?resize=700%2C400&ssl=1 2x"},"classes":[]},{"id":10259,"url":"https:\/\/sarimelekler.biz\/?p=10259","url_meta":{"origin":22012,"position":4},"title":"Sar\u0131 Meleklerin \u00e7eyrek finaldeki rakibi \u0130talyan ekibi Savino Del Bene Scandicci tak\u0131m\u0131 oldu.","author":"Edit\u00f6r","date":"1 Mart 2019","format":false,"excerpt":"CEV \u015eampiyonlar Ligi\u2019nde \u00e7eyrek final e\u015fle\u015fmelerinin kura \u00e7ekimi bug\u00fcn saat:15:00\u2019da \u00a0L\u00fcksemburg\u2019ta yap\u0131ld\u0131. Avrupa Voleybol Konfederasyonu (CEV)\u2019nun genel merkezinde ger\u00e7ekle\u015ftirilen kura \u00e7ekiminin ard\u0131ndan Fenerbah\u00e7e Opet Kad\u0131n Voleybol Tak\u0131m\u0131m\u0131z\u0131n \u00e7eyrek final turundaki rakibi \u0130talyan ekibi Savino Del Bene Scandicci oldu. 2019 CEV \u015eampiyonlar Ligi\u2019nde \u00e7eyrek final ilk kar\u015f\u0131la\u015fmalar\u0131 12-14 Mart\u2019ta, r\u00f6van\u015f kar\u015f\u0131la\u015fmalar\u0131\u2026","rel":"","context":"&quot;Avrupa Kupalar\u0131&quot; i\u00e7inde","block_context":{"text":"Avrupa Kupalar\u0131","link":"https:\/\/sarimelekler.biz\/?cat=1"},"img":{"alt_text":"","src":"https:\/\/i0.wp.com\/sarimelekler.biz\/wp-content\/uploads\/2019\/03\/%C3%87eyrek-Final2.jpg?resize=350%2C200&ssl=1","width":350,"height":200,"srcset":"https:\/\/i0.wp.com\/sarimelekler.biz\/wp-content\/uploads\/2019\/03\/%C3%87eyrek-Final2.jpg?resize=350%2C200&ssl=1 1x, https:\/\/i0.wp.com\/sarimelekler.biz\/wp-content\/uploads\/2019\/03\/%C3%87eyrek-Final2.jpg?resize=525%2C300&ssl=1 1.5x, https:\/\/i0.wp.com\/sarimelekler.biz\/wp-content\/uploads\/2019\/03\/%C3%87eyrek-Final2.jpg?resize=700%2C400&ssl=1 2x, https:\/\/i0.wp.com\/sarimelekler.biz\/wp-content\/uploads\/2019\/03\/%C3%87eyrek-Final2.jpg?resize=1050%2C600&ssl=1 3x"},"classes":[]},{"id":13088,"url":"https:\/\/sarimelekler.biz\/?p=13088","url_meta":{"origin":22012,"position":5},"title":"Sar\u0131 Meleklerin \u015eampiyonlar Ligi \u00e7eyrek finalindeki rakibi \u0130talyan ekibi Igor Gorgonzola Novara oldu.","author":"Edit\u00f6r","date":"20 \u015eubat 2020","format":false,"excerpt":"Avrupa voleybolunun kul\u00fcpler d\u00fczeyindeki en \u00f6nemli organizasyonu olan CEV \u015eampiyonlar Ligi\u2019nde \u00e7eyrek final e\u015fle\u015fmelerinin kura \u00e7ekimi L\u00fcksemburg\u2019ta yap\u0131ld\u0131. Avrupa Voleybol Konfederasyonu (CEV)\u2019nun genel merkezinde ger\u00e7ekle\u015ftirilen kura \u00e7ekiminin ard\u0131ndan Fenerbah\u00e7e Opet Kad\u0131n Voleybol Tak\u0131m\u0131m\u0131z\u0131n \u00e7eyrek final turundaki rakibi \u0130talyan ekibi Igor Gorgonzola Novara oldu. 2020 CEV \u015eampiyonlar Ligi\u2019nde \u00e7eyrek final ilk\u2026","rel":"","context":"&quot;Avrupa Kupalar\u0131&quot; i\u00e7inde","block_context":{"text":"Avrupa Kupalar\u0131","link":"https:\/\/sarimelekler.biz\/?cat=1"},"img":{"alt_text":"","src":"https:\/\/i0.wp.com\/sarimelekler.biz\/wp-content\/uploads\/2017\/11\/cev538_58025_6676227.jpg?resize=350%2C200&ssl=1","width":350,"height":200,"srcset":"https:\/\/i0.wp.com\/sarimelekler.biz\/wp-content\/uploads\/2017\/11\/cev538_58025_6676227.jpg?resize=350%2C200&ssl=1 1x, https:\/\/i0.wp.com\/sarimelekler.biz\/wp-content\/uploads\/2017\/11\/cev538_58025_6676227.jpg?resize=525%2C300&ssl=1 1.5x"},"classes":[]}],"_links":{"self":[{"href":"https:\/\/sarimelekler.biz\/index.php?rest_route=\/wp\/v2\/posts\/22012","targetHints":{"allow":["GET"]}}],"collection":[{"href":"https:\/\/sarimelekler.biz\/index.php?rest_route=\/wp\/v2\/posts"}],"about":[{"href":"https:\/\/sarimelekler.biz\/index.php?rest_route=\/wp\/v2\/types\/post"}],"author":[{"embeddable":true,"href":"https:\/\/sarimelekler.biz\/index.php?rest_route=\/wp\/v2\/users\/1"}],"replies":[{"embeddable":true,"href":"https:\/\/sarimelekler.biz\/index.php?rest_route=%2Fwp%2Fv2%2Fcomments&post=22012"}],"version-history":[{"count":3,"href":"https:\/\/sarimelekler.biz\/index.php?rest_route=\/wp\/v2\/posts\/22012\/revisions"}],"predecessor-version":[{"id":22021,"href":"https:\/\/sarimelekler.biz\/index.php?rest_route=\/wp\/v2\/posts\/22012\/revisions\/22021"}],"wp:featuredmedia":[{"embeddable":true,"href":"https:\/\/sarimelekler.biz\/index.php?rest_route=\/wp\/v2\/media\/21957"}],"wp:attachment":[{"href":"https:\/\/sarimelekler.biz\/index.php?rest_route=%2Fwp%2Fv2%2Fmedia&parent=22012"}],"wp:term":[{"taxonomy":"category","embeddable":true,"href":"https:\/\/sarimelekler.biz\/index.php?rest_route=%2Fwp%2Fv2%2Fcategories&post=22012"},{"taxonomy":"post_tag","embeddable":true,"href":"https:\/\/sarimelekler.biz\/index.php?rest_route=%2Fwp%2Fv2%2Ftags&post=22012"}],"curies":[{"name":"wp","href":"https:\/\/api.w.org\/{rel}","templated":true}]}}