{"id":22015,"date":"2025-10-08T01:29:06","date_gmt":"2025-10-07T22:29:06","guid":{"rendered":"https:\/\/sarimelekler.biz\/?p=22015"},"modified":"2025-11-08T21:22:09","modified_gmt":"2025-11-08T18:22:09","slug":"2025-26-sezonu-basliyor","status":"publish","type":"post","link":"https:\/\/sarimelekler.biz\/?p=22015","title":{"rendered":"2025-26 SEZONU BA\u015eLIYOR"},"content":{"rendered":"<p style=\"text-align: justify;\"><span style=\"font-size: 18px;\">2024-25 Sezon Bitimiyle beraber tak\u0131m\u0131m\u0131zdan Meliha Diken, Dicle Nur Babat, Magdalena Stysiak, Hristina Vuchkova, Bojana Dr\u010da, Elitsa Atanasijevi\u0107 ve \u00d6zlem G\u00fcven\u2019in ayr\u0131ld\u0131\u011f\u0131 01\/06\/2025 g\u00fcn\u00fc kul\u00fcb\u00fcm\u00fcz\u00fcn resmi sitesinden a\u00e7\u0131kland\u0131. Bizde kendilerine emekleri i\u00e7in te\u015fekk\u00fcr eder, sakatl\u0131ks\u0131z bir spor ya\u015fant\u0131s\u0131 dileriz.<\/span><br \/>\n<span style=\"font-size: 18px;\">Tak\u0131m\u0131m\u0131z 2025-26 sezonu kadro yap\u0131lanmas\u0131 kapsam\u0131nda i\u00e7 transferde <a href=\"https:\/\/fenerbahce.org\/haberler\/voleybol-kadin\/2025\/6-tr\/voleybolcumuz-arelya-karasoy-ile-sozlesme-uzatildi\" target=\"_blank\" rel=\"noopener\">Arelya Karasoy<\/a> ile 2 y\u0131l s\u00f6zle\u015fme uzat\u0131ld\u0131,<\/span><br \/>\n<span style=\"font-size: 18px;\">D\u0131\u015f transferde taraftar\u0131m\u0131z\u0131n uzun s\u00fcredir talep etti\u011fi milli sma\u00e7\u00f6r <a href=\"https:\/\/fenerbahce.org\/haberler\/voleybol-kadin\/2025\/6-tr\/ailemize-hos-geldin-hande-baladin\" target=\"_blank\" rel=\"noopener\">Hande Balad\u0131n<\/a>\u2019\u0131 ilk olarak kadrosunda katt\u0131, sonras\u0131nda ise \u0130talyan pas\u00f6r <a href=\"https:\/\/fenerbahce.org\/haberler\/voleybol-kadin\/2025\/6-tr\/ailemize-hos-geldin-alessia-orro\" target=\"_blank\" rel=\"noopener\">Alessia Orro<\/a>, Polonyal\u0131 orta oyuncu <a href=\"https:\/\/fenerbahce.org\/haberler\/voleybol-kadin\/2025\/6-tr\/ailemize-hos-geldin-agnieszka-korneluk\" target=\"_blank\" rel=\"noopener\">Agnieszka Korneluk<\/a>, ABD\u2019li pas\u00f6r \u00e7apraz\u0131 <a href=\"https:\/\/fenerbahce.org\/haberler\/voleybol-kadin\/2025\/6-tr\/ailemize-hos-geldin-yaasmeen-bedart-ghani\" target=\"_blank\" rel=\"noopener\">Yaasmeen Bedart-Ghani<\/a>, orta oyuncu <a href=\"https:\/\/fenerbahce.org\/haberler\/voleybol-kadin\/2025\/7\/ailemize-hos-geldin-fatma-beyaz\" target=\"_blank\" rel=\"noopener\">Fatma Beyaz<\/a> ve eski alt yap\u0131 oyuncumuz libero <a href=\"https:\/\/fenerbahce.org\/haberler\/voleybol-kadin\/2025\/7\/ailemize-hos-geldin-helin-kayikci\">Helin Kay\u0131k\u00e7\u0131<\/a>\u2019y\u0131 transfer ederek transferi bitirdi demi\u015fken Ana Cristina\u2019n\u0131n sakatl\u0131\u011f\u0131 \u00fczerine 16 Eyl\u00fcl g\u00fcn\u00fc S\u0131rp sma\u00e7\u00f6r <a href=\"https:\/\/fenerbahce.org\/haberler\/voleybol-kadin\/2025\/9\/ailemize-hos-geldin-bojana-milenkovic\" target=\"_blank\" rel=\"noopener\">Bojana Milenkovi\u0107<\/a>\u2019in tak\u0131m\u0131m\u0131za transfer oldu\u011fu a\u00e7\u0131kland\u0131. T\u00fcm oyuncular\u0131m\u0131za ba\u015far\u0131lar dileriz.<\/span><\/p>\n<p style=\"text-align: justify;\"><span style=\"font-size: 18px;\">2024-25 sezonu son 4 ma\u00e7\u0131nda Ba\u015fantren\u00f6r olarak tak\u0131m\u0131m\u0131zda yer alan Marcelo Abbondanza ile yola devam edilirken kendisinin s\u00f6zle\u015fme s\u00fcresi ile ilgili bir a\u00e7\u0131klama yap\u0131lmad\u0131. 9 sezondur tak\u0131m\u0131m\u0131z\u0131n yard\u0131mc\u0131 antren\u00f6rl\u00fc\u011f\u00fcn\u00fc yapan ve \u00e7ok k\u0131sa bir s\u00fcre ba\u015fantren\u00f6rl\u00fckte yapan <a href=\"https:\/\/fenerbahce.org\/haberler\/voleybol-kadin\/2025\/7\/tesekkurler-salih-erdogan-tavaci\" target=\"_blank\" rel=\"noopener\">Salih Erdo\u011fan Tavac\u0131<\/a> ile yollar ayr\u0131l\u0131rken <a href=\"https:\/\/fenerbahce.org\/haberler\/voleybol-kadin\/2025\/8\/voleybol-subemizde-5-yeni-isim-teknik-heyete-katildi\" target=\"_blank\" rel=\"noopener\">teknik kadroya<\/a> yard\u0131mc\u0131 antren\u00f6r Daniele Turino, yard\u0131mc\u0131 antren\u00f6r Recep Vatansever, kondisyoner Ivan Bragagni ve fizyoterapist Marco Monzoni kat\u0131ld\u0131. Salih Erdo\u011fan Tavac\u0131\u2019ya emekleri i\u00e7in te\u015fekk\u00fcr eder bundan sonraki ya\u015fant\u0131s\u0131nda ba\u015far\u0131lar dileriz. Kadromuza yeni kat\u0131lan personellerimize de Fenerbah\u00e7emizde ba\u015far\u0131lar dileriz.<\/span><\/p>\n<p style=\"text-align: justify;\"><span style=\"font-size: 18px;\">2024-25 sezonu sonu itibariyle taraftarlarca istifas\u0131 istenilen tak\u0131m\u0131m\u0131z menajeri <a href=\"https:\/\/fenerbahce.org\/haberler\/voleybol-kadin\/2025\/9\/bilgilendirme\" target=\"_blank\" rel=\"noopener\">Pelin \u00c7elik\u2019<\/a>le 15\/09\/2025 g\u00fcn\u00fc yollar\u0131n ayr\u0131ld\u0131\u011f\u0131 kul\u00fcb\u00fcm\u00fcz\u00fcn resmi internet sitesinden duyuruldu. Kadro yap\u0131lanmas\u0131, sezon \u00f6ncesi haz\u0131rl\u0131k ve di\u011fer t\u00fcm sezon \u00f6ncesi \u00e7al\u0131\u015fmalar\u0131n planlamas\u0131 ve ger\u00e7ekle\u015ftirilmesinden sonra tak\u0131m menajerinin g\u00f6nderilmesi karar\u0131n\u0131 sizlere b\u0131rak\u0131yoruz.<\/span><\/p>\n<p style=\"text-align: justify;\"><span style=\"font-size: 18px;\">Pelin \u00c7elik yerine Voleybol \u015eubemizde alt ya\u015f kategorilerinde \u00c7ubuklu formam\u0131z\u0131 giyerek A Tak\u0131ma kadar y\u00fckselen, son olarak da T\u00fcrkiye Voleybol Federasyonu\u2019nda Altyap\u0131 Kad\u0131n Voleybol Mill\u00ee Tak\u0131mlar Menajerli\u011fi g\u00f6revini \u00fcstlenmi\u015f olan 1992 do\u011fumlu <a href=\"https:\/\/fenerbahce.org\/haberler\/voleybol-kadin\/2025\/9\/fenerbahce-medicana-kadin-voleybol-takimimizin-menajeri-ecem-turker-oldu\" target=\"_blank\" rel=\"noopener\">Ecem T\u00fcrker Kavaz<\/a> tak\u0131m menajerimiz oldu. Kendisine tak\u0131m\u0131m\u0131zda ba\u015far\u0131lar dileriz.<\/span><\/p>\n<p style=\"text-align: justify;\"><span style=\"font-size: 18px;\">Tak\u0131m\u0131m\u0131z sezon \u00f6ncesi \u00e7al\u0131\u015fmalar\u0131 kapsam\u0131nda \u0130talya\u2019da kat\u0131ld\u0131\u011f\u0131 Sardegna Voleybol Turnuvas\u0131&#8217;nda \u015eampiyon oldu. Yar\u0131 finalde Yunan ekibi Panionios&#8217;u 3-0&#8217;la ge\u00e7en Sar\u0131 Melekler, finalde Vak\u0131fbank&#8217;\u0131 3-1 yenen \u0130talyan rakibi Uyba Busto Arsizio\u2019yu ise 3-0 ma\u011flup ederek 27\/09\/2025 g\u00fcn\u00fc \u015fampiyon oldu. Organizasyonun en de\u011ferli oyuncusu Arina Fedorovtseva, en iyi pas\u00f6r\u00fc Alessia Orro, en iyi sma\u00e7\u00f6r\u00fc Hande Balad\u0131n, en iyi pas\u00f6r \u00e7apraz\u0131 Melissa Vargas olurken turnuva \u00f6zel \u00f6d\u00fcl\u00fcn\u00fc ise Kaptan\u0131m\u0131z Eda Erdem ald\u0131.<\/span><\/p>\n<p style=\"text-align: justify;\"><span style=\"font-size: 18px;\">21\/09\/2025 tarihinde kul\u00fcb\u00fcm\u00fczde yap\u0131lan ba\u015fkanl\u0131k se\u00e7iminde Sn. Sadettin Saran kul\u00fcb\u00fcm\u00fcz\u00fcn yeni ba\u015fkan\u0131 oldu. Kendisine ba\u015far\u0131lar dilerken eski ba\u015fkan\u0131m\u0131z Ali Ko\u00e7\u2019a kad\u0131n voleybolu ad\u0131na te\u015fekk\u00fcr ederiz. <a href=\"https:\/\/www.fenerbahce.org\/haberler\/kulup\/2025\/10\/fenerbahce-spor-kulubu-yonetim-kurulu-gorev-dagilimi\" target=\"_blank\" rel=\"noopener\">Yeni y\u00f6netim kurulunda voleybol \u015fubesinden<\/a> Sn. <a href=\"https:\/\/x.com\/OrhanDemirelfb\" target=\"_blank\" rel=\"noopener\">Orhan Demirel<\/a> sorumlu oldu kendisine ba\u015far\u0131lar dileriz.<\/span><\/p>\n<p style=\"text-align: justify;\"><span style=\"font-size: 18px;\">2024-25 Sezonunda T\u00fcrkiye kupas\u0131 \u015eampiyonu olan tak\u0131m\u0131m\u0131z 08 Ekim \u00c7ar\u015famba g\u00fcn\u00fc Saat:19:00\u2019da lig \u015fampiyonu olan Vak\u0131fbank\u2019la S\u00fcper kupa ma\u00e7\u0131nda kar\u015f\u0131la\u015facak. Ankara Spor Salonu\u2019nda oynanacak m\u00fccadele TRT Spor\u2019dan naklen yay\u0131nlanacak. Tak\u0131m\u0131m\u0131za sezonun ilk ma\u00e7\u0131nda ba\u015far\u0131lar dileriz.<\/span><\/p>\n\n\t\t<style type=\"text\/css\">\n\t\t\t#gallery-1 {\n\t\t\t\tmargin: auto;\n\t\t\t}\n\t\t\t#gallery-1 .gallery-item {\n\t\t\t\tfloat: left;\n\t\t\t\tmargin-top: 10px;\n\t\t\t\ttext-align: center;\n\t\t\t\twidth: 100%;\n\t\t\t}\n\t\t\t#gallery-1 img {\n\t\t\t\tborder: 2px solid #cfcfcf;\n\t\t\t}\n\t\t\t#gallery-1 .gallery-caption {\n\t\t\t\tmargin-left: 0;\n\t\t\t}\n\t\t\t\/* see gallery_shortcode() in wp-includes\/media.php *\/\n\t\t<\/style>\n\t\t<div data-carousel-extra='{&quot;blog_id&quot;:1,&quot;permalink&quot;:&quot;https:\/\/sarimelekler.biz\/?p=22015&quot;}' id='gallery-1' class='gallery galleryid-22015 gallery-columns-1 gallery-size-full'><dl class='gallery-item'>\n\t\t\t<dt class='gallery-icon landscape'>\n\t\t\t\t<a href='https:\/\/sarimelekler.biz\/?attachment_id=22019'><img loading=\"lazy\" decoding=\"async\" width=\"1049\" height=\"490\" src=\"https:\/\/sarimelekler.biz\/wp-content\/uploads\/2025\/10\/25-26-Takim.jpg\" class=\"attachment-full size-full\" alt=\"\" srcset=\"https:\/\/sarimelekler.biz\/wp-content\/uploads\/2025\/10\/25-26-Takim.jpg 1049w, https:\/\/sarimelekler.biz\/wp-content\/uploads\/2025\/10\/25-26-Takim-300x140.jpg 300w, https:\/\/sarimelekler.biz\/wp-content\/uploads\/2025\/10\/25-26-Takim-1024x478.jpg 1024w, https:\/\/sarimelekler.biz\/wp-content\/uploads\/2025\/10\/25-26-Takim-768x359.jpg 768w, https:\/\/sarimelekler.biz\/wp-content\/uploads\/2025\/10\/25-26-Takim-150x70.jpg 150w\" sizes=\"auto, (max-width: 1049px) 100vw, 1049px\" data-attachment-id=\"22019\" data-permalink=\"https:\/\/sarimelekler.biz\/?attachment_id=22019\" data-orig-file=\"https:\/\/sarimelekler.biz\/wp-content\/uploads\/2025\/10\/25-26-Takim.jpg\" data-orig-size=\"1049,490\" data-comments-opened=\"0\" data-image-meta=\"{&quot;aperture&quot;:&quot;0&quot;,&quot;credit&quot;:&quot;&quot;,&quot;camera&quot;:&quot;&quot;,&quot;caption&quot;:&quot;&quot;,&quot;created_timestamp&quot;:&quot;0&quot;,&quot;copyright&quot;:&quot;&quot;,&quot;focal_length&quot;:&quot;0&quot;,&quot;iso&quot;:&quot;0&quot;,&quot;shutter_speed&quot;:&quot;0&quot;,&quot;title&quot;:&quot;&quot;,&quot;orientation&quot;:&quot;0&quot;}\" data-image-title=\"25-26 Tak\u0131m\" data-image-description=\"\" data-image-caption=\"\" data-large-file=\"https:\/\/sarimelekler.biz\/wp-content\/uploads\/2025\/10\/25-26-Takim-1024x478.jpg\" \/><\/a>\n\t\t\t<\/dt><\/dl><br style=\"clear: both\" \/>\n\t\t<\/div>\n\n<p style=\"text-align: right;\">08.10.2025<\/p>\n","protected":false},"excerpt":{"rendered":"<p>2024-25 Sezon Bitimiyle beraber tak\u0131m\u0131m\u0131zdan Meliha Diken, Dicle Nur Babat, \u2026 <a class=\"continue-reading-link\" href=\"https:\/\/sarimelekler.biz\/?p=22015\">Okumaya Devam Et.. <span class=\"meta-nav\">&rarr; <\/span><\/a><\/p>\n","protected":false},"author":1,"featured_media":22016,"comment_status":"closed","ping_status":"open","sticky":false,"template":"","format":"standard","meta":{"jetpack_post_was_ever_published":false,"_jetpack_newsletter_access":"","_jetpack_dont_email_post_to_subs":false,"_jetpack_newsletter_tier_id":0,"_jetpack_memberships_contains_paywalled_content":false,"_jetpack_memberships_contains_paid_content":false,"footnotes":"","jetpack_publicize_message":"","jetpack_publicize_feature_enabled":true,"jetpack_social_post_already_shared":true,"jetpack_social_options":{"image_generator_settings":{"template":"highway","default_image_id":0,"font":"","enabled":false},"version":2}},"categories":[7],"tags":[],"class_list":["post-22015","post","type-post","status-publish","format-standard","has-post-thumbnail","hentry","category-haberler"],"jetpack_publicize_connections":[],"jetpack_featured_media_url":"https:\/\/sarimelekler.biz\/wp-content\/uploads\/2025\/10\/Sardegna-Turnuvasi-4.jpg","jetpack_sharing_enabled":true,"jetpack_shortlink":"https:\/\/wp.me\/p8npUZ-5J5","jetpack-related-posts":[{"id":22707,"url":"https:\/\/sarimelekler.biz\/?p=22707","url_meta":{"origin":22015,"position":0},"title":"Yeni Sezon Eski Sonu\u00e7, \u015eampiyonlar Ligine \u00c7eyrek Finalde Veda Ettik.","author":"Edit\u00f6r","date":"19 Mart 2026","format":false,"excerpt":"Fenerbah\u00e7e Medicana:3 \u2013 Savino Del Bene Scandicci:2 Fenerbah\u00e7e Medicana Kad\u0131n Voleybol Tak\u0131m\u0131m\u0131z, Cev \u015eampiyonlar Ligi \u00c7eyrek Final r\u00f6van\u015f ma\u00e7\u0131nda konuk etti\u011fi ve ilk ma\u00e7ta 3-0 ma\u011flup oldu\u011fu \u0130talya temsilcisi Savino Del Bene Scandicci tak\u0131m\u0131n\u0131 32-30, 19-25, 25-13 ve 27-25 yenmesine ra\u011fmen alt\u0131n seti 13-15 kaybederek Finalini d\u00fczenleyicisi oldu\u011fumuz \u015eampiyonlar ligine\u2026","rel":"","context":"&quot;Avrupa Kupalar\u0131&quot; i\u00e7inde","block_context":{"text":"Avrupa Kupalar\u0131","link":"https:\/\/sarimelekler.biz\/?cat=1"},"img":{"alt_text":"","src":"https:\/\/i0.wp.com\/sarimelekler.biz\/wp-content\/uploads\/2026\/03\/08-25-26-CL-11-scaled.jpeg?resize=350%2C200&ssl=1","width":350,"height":200,"srcset":"https:\/\/i0.wp.com\/sarimelekler.biz\/wp-content\/uploads\/2026\/03\/08-25-26-CL-11-scaled.jpeg?resize=350%2C200&ssl=1 1x, https:\/\/i0.wp.com\/sarimelekler.biz\/wp-content\/uploads\/2026\/03\/08-25-26-CL-11-scaled.jpeg?resize=525%2C300&ssl=1 1.5x, https:\/\/i0.wp.com\/sarimelekler.biz\/wp-content\/uploads\/2026\/03\/08-25-26-CL-11-scaled.jpeg?resize=700%2C400&ssl=1 2x, https:\/\/i0.wp.com\/sarimelekler.biz\/wp-content\/uploads\/2026\/03\/08-25-26-CL-11-scaled.jpeg?resize=1050%2C600&ssl=1 3x, https:\/\/i0.wp.com\/sarimelekler.biz\/wp-content\/uploads\/2026\/03\/08-25-26-CL-11-scaled.jpeg?resize=1400%2C800&ssl=1 4x"},"classes":[]},{"id":18027,"url":"https:\/\/sarimelekler.biz\/?p=18027","url_meta":{"origin":22015,"position":1},"title":"Sar\u0131 Melekler Sezonu 2. S\u0131rada Tamamlad\u0131.","author":"Edit\u00f6r","date":"12 May\u0131s 2022","format":false,"excerpt":"Fenerbah\u00e7e Opet Kad\u0131n Voleybol Tak\u0131m\u0131m\u0131z 2021-2022 sezonu misli.com Sultanlar Ligi Final serisinde kar\u015f\u0131la\u015ft\u0131\u011f\u0131 Vak\u0131fbank tak\u0131m\u0131na toplamda 3-2 ma\u011flup olarak sezonu 2. s\u0131rada tamamlad\u0131. Son kar\u015f\u0131la\u015fmadan sonra yap\u0131lan seremonide tak\u0131m\u0131m\u0131z ikincilik \u015filtini al\u0131rken oyuncular\u0131m\u0131zdan; Kaptan Eda Erdem D\u00fcndan En \u0130yi Orta Oyuncu Gizem \u00d6rge En \u0130yi Libero Melissa Vargas Misli.com \u00d6zel\u2026","rel":"","context":"&quot;T\u00fcrkiye Ligi&quot; i\u00e7inde","block_context":{"text":"T\u00fcrkiye Ligi","link":"https:\/\/sarimelekler.biz\/?cat=6"},"img":{"alt_text":"","src":"https:\/\/i0.wp.com\/sarimelekler.biz\/wp-content\/uploads\/2022\/05\/33-21-22-23.jpg?resize=350%2C200&ssl=1","width":350,"height":200,"srcset":"https:\/\/i0.wp.com\/sarimelekler.biz\/wp-content\/uploads\/2022\/05\/33-21-22-23.jpg?resize=350%2C200&ssl=1 1x, https:\/\/i0.wp.com\/sarimelekler.biz\/wp-content\/uploads\/2022\/05\/33-21-22-23.jpg?resize=525%2C300&ssl=1 1.5x, https:\/\/i0.wp.com\/sarimelekler.biz\/wp-content\/uploads\/2022\/05\/33-21-22-23.jpg?resize=700%2C400&ssl=1 2x, https:\/\/i0.wp.com\/sarimelekler.biz\/wp-content\/uploads\/2022\/05\/33-21-22-23.jpg?resize=1050%2C600&ssl=1 3x, https:\/\/i0.wp.com\/sarimelekler.biz\/wp-content\/uploads\/2022\/05\/33-21-22-23.jpg?resize=1400%2C800&ssl=1 4x"},"classes":[]},{"id":13420,"url":"https:\/\/sarimelekler.biz\/?p=13420","url_meta":{"origin":22015,"position":2},"title":"Voleybol Ligleri Sonland\u0131r\u0131ld\u0131.","author":"Edit\u00f6r","date":"11 May\u0131s 2020","format":false,"excerpt":"T\u00fcrkiye Cumhuriyeti Gen\u00e7lik ve Spor Bakan\u0131 Sn. Mehmet Muharrem Kasapo\u011flu\u2019nun ev sahipli\u011finde 19.03.2020 g\u00fcn\u00fc Ankara\u2019da yap\u0131lan toplant\u0131 sonucunda, COVID-19 salg\u0131n\u0131na kar\u015f\u0131 al\u0131nan tedbirler kapsam\u0131nda t\u00fcm voleybol ma\u00e7lar\u0131n\u0131n s\u00fcresiz olarak ertelendi\u011fi a\u00e7\u0131klanm\u0131\u015ft\u0131. Ge\u00e7en yakla\u015f\u0131k 53 g\u00fcnde tak\u0131mlar antrenmanlar\u0131na evlerinden \u00c7evrimi\u00e7i olarak s\u00fcrd\u00fcrmekteydi. Bug\u00fcn T\u00fcrkiye Voleybol Federasyonu taraf\u0131ndan; erkek ve kad\u0131n liglerinin\u2026","rel":"","context":"&quot;T\u00fcrkiye Ligi&quot; i\u00e7inde","block_context":{"text":"T\u00fcrkiye Ligi","link":"https:\/\/sarimelekler.biz\/?cat=6"},"img":{"alt_text":"","src":"https:\/\/i0.wp.com\/sarimelekler.biz\/wp-content\/uploads\/2020\/03\/FB-Logo.jpeg?resize=350%2C200&ssl=1","width":350,"height":200,"srcset":"https:\/\/i0.wp.com\/sarimelekler.biz\/wp-content\/uploads\/2020\/03\/FB-Logo.jpeg?resize=350%2C200&ssl=1 1x, https:\/\/i0.wp.com\/sarimelekler.biz\/wp-content\/uploads\/2020\/03\/FB-Logo.jpeg?resize=525%2C300&ssl=1 1.5x, https:\/\/i0.wp.com\/sarimelekler.biz\/wp-content\/uploads\/2020\/03\/FB-Logo.jpeg?resize=700%2C400&ssl=1 2x, https:\/\/i0.wp.com\/sarimelekler.biz\/wp-content\/uploads\/2020\/03\/FB-Logo.jpeg?resize=1050%2C600&ssl=1 3x, https:\/\/i0.wp.com\/sarimelekler.biz\/wp-content\/uploads\/2020\/03\/FB-Logo.jpeg?resize=1400%2C800&ssl=1 4x"},"classes":[]},{"id":11307,"url":"https:\/\/sarimelekler.biz\/?p=11307","url_meta":{"origin":22015,"position":3},"title":"&#8220;Sar\u0131 Melekler&#8221; yol arkada\u015f\u0131 OPET ile Devam Ediyor","author":"Edit\u00f6r","date":"23 May\u0131s 2019","format":false,"excerpt":"Fenerbah\u00e7e Kad\u0131n Voleybol Tak\u0131m\u0131m\u0131z ve OPET aras\u0131nda 15 Aral\u0131k 2018 tarihinde ba\u015flayan ve 2018-19 sezonu kapsayacak ana sponsorluk anla\u015fmas\u0131 1 sezon daha uzat\u0131ld\u0131. OPET 2019-2020 sezonu boyunca kad\u0131n voleybol tak\u0131m\u0131m\u0131z\u0131n isim ve forma g\u00f6\u011f\u00fcs sponsoru olacak. Konuyla ilgili a\u00e7\u0131klamay\u0131 Kul\u00fcb\u00fcm\u00fcz\u00fcn Voleyboldan Sorumlu Y\u00f6netim Kurulu \u00dcyesi Simla T\u00fcrker Bayaz\u0131t, FB Tv\u2019de\u2026","rel":"","context":"&quot;Haberler&quot; i\u00e7inde","block_context":{"text":"Haberler","link":"https:\/\/sarimelekler.biz\/?cat=7"},"img":{"alt_text":"","src":"https:\/\/i0.wp.com\/sarimelekler.biz\/wp-content\/uploads\/2018\/12\/Opet-3.jpg?resize=350%2C200&ssl=1","width":350,"height":200,"srcset":"https:\/\/i0.wp.com\/sarimelekler.biz\/wp-content\/uploads\/2018\/12\/Opet-3.jpg?resize=350%2C200&ssl=1 1x, https:\/\/i0.wp.com\/sarimelekler.biz\/wp-content\/uploads\/2018\/12\/Opet-3.jpg?resize=525%2C300&ssl=1 1.5x, https:\/\/i0.wp.com\/sarimelekler.biz\/wp-content\/uploads\/2018\/12\/Opet-3.jpg?resize=700%2C400&ssl=1 2x, https:\/\/i0.wp.com\/sarimelekler.biz\/wp-content\/uploads\/2018\/12\/Opet-3.jpg?resize=1050%2C600&ssl=1 3x"},"classes":[]},{"id":4498,"url":"https:\/\/sarimelekler.biz\/?p=4498","url_meta":{"origin":22015,"position":4},"title":"2017 Spor Toto \u015eampiyonlar Kupas\u0131 Medya Toplant\u0131s\u0131 Yap\u0131ld\u0131","author":"Edit\u00f6r","date":"14 Ekim 2017","format":false,"excerpt":"2017 Spor Toto \u015eampiyonlar Kupas\u0131 m\u00fcsabakas\u0131n\u0131n medya toplant\u0131s\u0131, bug\u00fcn (14 Ekim Cumartesi), TVF Ba\u015fkent Voleybol Salonu Bas\u0131n Odas\u0131\u2019nda yap\u0131ld\u0131. Konuyla ilgili olarak T\u00fcrkiye Voleybol Federasyonunun resmi internet sitesinden yap\u0131lan a\u00e7\u0131klaman\u0131n tamam\u0131: Toplant\u0131ya; T\u00fcrkiye Voleybol Federasyonu (TVF) Liglerden Sorumlu Asba\u015fkan\u0131 Ahmet G\u00f6ksu, Fenerbah\u00e7e Ba\u015fantren\u00f6r\u00fc Jan De Brandt, tak\u0131m kaptan\u0131 Eda Erdem\u2026","rel":"","context":"&quot;T\u00fcrkiye Ligi&quot; i\u00e7inde","block_context":{"text":"T\u00fcrkiye Ligi","link":"https:\/\/sarimelekler.biz\/?cat=6"},"img":{"alt_text":"","src":"https:\/\/i0.wp.com\/sarimelekler.biz\/wp-content\/uploads\/2017\/10\/2017-Spor-Toto-%C5%9Eampiyonlar-Kupas%C4%B1-1.jpg?resize=350%2C200&ssl=1","width":350,"height":200,"srcset":"https:\/\/i0.wp.com\/sarimelekler.biz\/wp-content\/uploads\/2017\/10\/2017-Spor-Toto-%C5%9Eampiyonlar-Kupas%C4%B1-1.jpg?resize=350%2C200&ssl=1 1x, https:\/\/i0.wp.com\/sarimelekler.biz\/wp-content\/uploads\/2017\/10\/2017-Spor-Toto-%C5%9Eampiyonlar-Kupas%C4%B1-1.jpg?resize=525%2C300&ssl=1 1.5x, https:\/\/i0.wp.com\/sarimelekler.biz\/wp-content\/uploads\/2017\/10\/2017-Spor-Toto-%C5%9Eampiyonlar-Kupas%C4%B1-1.jpg?resize=700%2C400&ssl=1 2x, https:\/\/i0.wp.com\/sarimelekler.biz\/wp-content\/uploads\/2017\/10\/2017-Spor-Toto-%C5%9Eampiyonlar-Kupas%C4%B1-1.jpg?resize=1050%2C600&ssl=1 3x, https:\/\/i0.wp.com\/sarimelekler.biz\/wp-content\/uploads\/2017\/10\/2017-Spor-Toto-%C5%9Eampiyonlar-Kupas%C4%B1-1.jpg?resize=1400%2C800&ssl=1 4x"},"classes":[]},{"id":18104,"url":"https:\/\/sarimelekler.biz\/?p=18104","url_meta":{"origin":22015,"position":5},"title":"Misli.com Sultanlar Ligi\u2019nde 2022-23 Sezonu Fikst\u00fcr\u00fc \u00c7ekildi","author":"Edit\u00f6r","date":"11 A\u011fustos 2022","format":false,"excerpt":"Misli.com Sultanlar Ligi\u2019nde 2022-2023 voleybol sezonunun fikst\u00fcr \u00e7ekimi, T\u00fcrkiye Voleybol Federasyonu\u2019nun Ankara Merkez Ofisi\u2019nde yap\u0131ld\u0131. Fenerbah\u00e7e Opet sezonun ilk haftas\u0131nda Eczac\u0131ba\u015f\u0131\u2019n\u0131 konuk edecek. Misli.com Sultanlar Ligi\u2019nde 1. devre kar\u015f\u0131la\u015fmalar\u0131 30 Ekim \u2013 25 Aral\u0131k 2022 tarihleri aras\u0131nda, 2. devre kar\u015f\u0131la\u015fmalar\u0131 7 Ocak \u2013 1 Nisan 2023 tarihleri aras\u0131nda oynanacak. \u00a0\u2026","rel":"","context":"&quot;T\u00fcrkiye Ligi&quot; i\u00e7inde","block_context":{"text":"T\u00fcrkiye Ligi","link":"https:\/\/sarimelekler.biz\/?cat=6"},"img":{"alt_text":"","src":"https:\/\/i0.wp.com\/sarimelekler.biz\/wp-content\/uploads\/2022\/04\/28-21-22-8.jpg?resize=350%2C200&ssl=1","width":350,"height":200,"srcset":"https:\/\/i0.wp.com\/sarimelekler.biz\/wp-content\/uploads\/2022\/04\/28-21-22-8.jpg?resize=350%2C200&ssl=1 1x, https:\/\/i0.wp.com\/sarimelekler.biz\/wp-content\/uploads\/2022\/04\/28-21-22-8.jpg?resize=525%2C300&ssl=1 1.5x, https:\/\/i0.wp.com\/sarimelekler.biz\/wp-content\/uploads\/2022\/04\/28-21-22-8.jpg?resize=700%2C400&ssl=1 2x, https:\/\/i0.wp.com\/sarimelekler.biz\/wp-content\/uploads\/2022\/04\/28-21-22-8.jpg?resize=1050%2C600&ssl=1 3x, https:\/\/i0.wp.com\/sarimelekler.biz\/wp-content\/uploads\/2022\/04\/28-21-22-8.jpg?resize=1400%2C800&ssl=1 4x"},"classes":[]}],"_links":{"self":[{"href":"https:\/\/sarimelekler.biz\/index.php?rest_route=\/wp\/v2\/posts\/22015","targetHints":{"allow":["GET"]}}],"collection":[{"href":"https:\/\/sarimelekler.biz\/index.php?rest_route=\/wp\/v2\/posts"}],"about":[{"href":"https:\/\/sarimelekler.biz\/index.php?rest_route=\/wp\/v2\/types\/post"}],"author":[{"embeddable":true,"href":"https:\/\/sarimelekler.biz\/index.php?rest_route=\/wp\/v2\/users\/1"}],"replies":[{"embeddable":true,"href":"https:\/\/sarimelekler.biz\/index.php?rest_route=%2Fwp%2Fv2%2Fcomments&post=22015"}],"version-history":[{"count":12,"href":"https:\/\/sarimelekler.biz\/index.php?rest_route=\/wp\/v2\/posts\/22015\/revisions"}],"predecessor-version":[{"id":22171,"href":"https:\/\/sarimelekler.biz\/index.php?rest_route=\/wp\/v2\/posts\/22015\/revisions\/22171"}],"wp:featuredmedia":[{"embeddable":true,"href":"https:\/\/sarimelekler.biz\/index.php?rest_route=\/wp\/v2\/media\/22016"}],"wp:attachment":[{"href":"https:\/\/sarimelekler.biz\/index.php?rest_route=%2Fwp%2Fv2%2Fmedia&parent=22015"}],"wp:term":[{"taxonomy":"category","embeddable":true,"href":"https:\/\/sarimelekler.biz\/index.php?rest_route=%2Fwp%2Fv2%2Fcategories&post=22015"},{"taxonomy":"post_tag","embeddable":true,"href":"https:\/\/sarimelekler.biz\/index.php?rest_route=%2Fwp%2Fv2%2Ftags&post=22015"}],"curies":[{"name":"wp","href":"https:\/\/api.w.org\/{rel}","templated":true}]}}