{"id":22097,"date":"2025-10-12T22:12:26","date_gmt":"2025-10-12T19:12:26","guid":{"rendered":"https:\/\/sarimelekler.biz\/?p=22097"},"modified":"2025-10-12T22:12:28","modified_gmt":"2025-10-12T19:12:28","slug":"sezona-3-puanla-basliyoruz-aras-spor1-fenerbahce-medicana3","status":"publish","type":"post","link":"https:\/\/sarimelekler.biz\/?p=22097","title":{"rendered":"Sezona 3 Puanla Ba\u015fl\u0131yoruz \/ Aras Spor:1 &#8211; Fenerbah\u00e7e Medicana:3"},"content":{"rendered":"<p style=\"text-align: justify;\"><span style=\"font-size: 18px;\">Fenerbah\u00e7e Medicana Kad\u0131n Voleybol Tak\u0131m\u0131m\u0131z, Vodafone Sultanlar Ligi 2025-26 Sezonu ilk ma\u00e7\u0131nda konuk oldu\u011fu Aras Spor tak\u0131m\u0131n\u0131 15-25, 25-15, 25-18 ve 13-25\u2019lik set skorlar\u0131yla 3-1 ma\u011flup ederek lige 3 puanla ba\u015flad\u0131. Ma\u00e7a Asl\u0131, Vargas, Hande, Korneluk, Alessia Orro, Fedorovtseva ve libero Gizem kadrosuyla ba\u015flayan tak\u0131m\u0131m\u0131zda Milenkovic, Yaasmen ve Arelya\u2019da s\u00fcre ald\u0131. Ma\u00e7\u0131 19\u2019ar say\u0131yla tamamlayan Vargas ve Fedorovtseva ma\u00e7\u0131n en skorer oyuncular\u0131 oldu. Eda Erdem ve Ana Cristina sakatl\u0131klar\u0131ndan dolay\u0131 ma\u00e7ta yer almad\u0131lar.<\/span><br \/>\n<span style=\"font-size: 18px;\">Sar\u0131 Melekler Vodafone Sultanlar Ligi&#8217;nin 2. haftas\u0131nda 19 Ekim Pazar g\u00fcn\u00fc Saat:13:00&#8217;da T\u00fcrk Hava Yollar\u0131 tak\u0131m\u0131n\u0131 konuk edecek. Burhan Felek Vestel Voleybol Salonunda oynanacak ma\u00e7 TRTSpor Y\u0131ld\u0131z kanal\u0131ndan canl\u0131 yay\u0131nlanacak.<\/span><br \/>\n<span style=\"font-size: 18px;\">Tak\u0131m\u0131m\u0131z\u0131 bu galibiyetten dolay\u0131 kutlar\u0131z.<\/span><\/p>\n<p style=\"text-align: justify;\"><span style=\"font-size: 18px;\"><strong>Bu ma\u00e7\u0131n istatistikleri:<\/strong><\/span><br \/>\n<span style=\"font-size: 18px;\">Fedorovtseva\u00a0 : 19 Say\u0131\u00a0 \u2013 (3 Servis, 1 Blok)\u00a0\u00a0 % 50\u00a0 (30 H\u00fccum)<\/span><br \/>\n<span style=\"font-size: 18px;\">Vargas\u00a0\u00a0\u00a0\u00a0\u00a0\u00a0\u00a0\u00a0\u00a0\u00a0\u00a0 : 19 Say\u0131\u00a0 \u2013 (3 Servis, 1 Blok)\u00a0\u00a0 % 50\u00a0 (30 H\u00fccum)<\/span><br \/>\n<span style=\"font-size: 18px;\">Asl\u0131\u00a0\u00a0\u00a0\u00a0\u00a0\u00a0\u00a0\u00a0\u00a0\u00a0\u00a0\u00a0\u00a0\u00a0\u00a0\u00a0 : 10 Say\u0131\u00a0 \u2013 (4 Servis, 2 Blok)\u00a0\u00a0 % 50\u00a0 (08 H\u00fccum)<\/span><br \/>\n<span style=\"font-size: 18px;\">Hande\u00a0\u00a0\u00a0\u00a0\u00a0\u00a0\u00a0\u00a0\u00a0\u00a0\u00a0\u00a0 : 06 Say\u0131\u00a0 \u2013 (2 Servis)\u00a0\u00a0\u00a0\u00a0\u00a0\u00a0\u00a0\u00a0\u00a0\u00a0\u00a0\u00a0\u00a0\u00a0\u00a0 % 36\u00a0 (11 H\u00fccum)<\/span><br \/>\n<span style=\"font-size: 18px;\">Korneluk\u00a0\u00a0\u00a0\u00a0\u00a0\u00a0\u00a0 : 06 Say\u0131\u00a0 \u2013 (4 Blok)\u00a0\u00a0 \u00a0\u00a0\u00a0\u00a0\u00a0\u00a0\u00a0\u00a0\u00a0\u00a0\u00a0\u00a0\u00a0\u00a0\u00a0\u00a0% 25\u00a0 (08 H\u00fccum)<\/span><br \/>\n<span style=\"font-size: 18px;\">Orro\u00a0\u00a0\u00a0\u00a0\u00a0\u00a0\u00a0\u00a0\u00a0\u00a0\u00a0\u00a0\u00a0\u00a0\u00a0 : 04 Say\u0131\u00a0 \u2013 (2 Servis)<\/span><br \/>\n<span style=\"font-size: 18px;\">Yaasmen\u00a0\u00a0\u00a0\u00a0\u00a0\u00a0\u00a0\u00a0 : 01 Say\u0131<\/span><\/p>\n<p style=\"text-align: justify;\"><span style=\"font-size: 18px;\"><strong>Servis Kar\u015f\u0131lama:<\/strong><\/span><br \/>\n<span style=\"font-size: 18px;\">Gizem\u00a0\u00a0\u00a0\u00a0\u00a0\u00a0\u00a0\u00a0\u00a0\u00a0\u00a0\u00a0 : % 74 \u2013 % 26\u00a0 M\u00fckemmel\u00a0 (19 Kar\u015f\u0131lama)<\/span><br \/>\n<span style=\"font-size: 18px;\">Hande \u00a0\u00a0\u00a0\u00a0\u00a0\u00a0\u00a0\u00a0\u00a0\u00a0\u00a0\u00a0: % 65 \u2013 % 24\u00a0 M\u00fckemmel\u00a0 (17 Kar\u015f\u0131lama)<\/span><br \/>\n<span style=\"font-size: 18px;\">Fedorovtseva\u00a0 : % 45 \u2013 % 05\u00a0 M\u00fckemmel\u00a0 (20 Kar\u015f\u0131lama)<\/span><\/p>\n<p style=\"text-align: justify;\"><span style=\"font-size: 18px;\"><strong>+\/- (Kazand\u0131\u011f\u0131\/Kaybetti\u011fi)<\/strong><\/span><br \/>\n<span style=\"font-size: 18px;\">Vargas\u00a0\u00a0\u00a0\u00a0\u00a0\u00a0\u00a0\u00a0\u00a0\u00a0\u00a0 :13<\/span><br \/>\n<span style=\"font-size: 18px;\">Fedorovtseva\u00a0 :07<\/span><br \/>\n<span style=\"font-size: 18px;\">Asl\u0131\u00a0\u00a0\u00a0\u00a0\u00a0\u00a0\u00a0\u00a0\u00a0\u00a0\u00a0\u00a0\u00a0\u00a0\u00a0\u00a0 :05<\/span><br \/>\n<span style=\"font-size: 18px;\">Korneluk\u00a0\u00a0\u00a0\u00a0\u00a0\u00a0\u00a0 :03<\/span><br \/>\n<span style=\"font-size: 18px;\">Orro\u00a0\u00a0\u00a0\u00a0\u00a0\u00a0\u00a0\u00a0\u00a0\u00a0\u00a0\u00a0\u00a0\u00a0\u00a0 :02<\/span><br \/>\n<span style=\"font-size: 18px;\">Yaasmen\u00a0\u00a0\u00a0\u00a0\u00a0\u00a0\u00a0\u00a0 :01<\/span><br \/>\n<span style=\"font-size: 18px;\">Hande\u00a0\u00a0\u00a0\u00a0\u00a0\u00a0\u00a0\u00a0\u00a0\u00a0\u00a0\u00a0 :01<\/span><br \/>\n<span style=\"font-size: 18px;\">Gizem\u00a0\u00a0\u00a0\u00a0\u00a0\u00a0\u00a0\u00a0\u00a0\u00a0\u00a0 \u00a0: -2<\/span><\/p>\n\n\t\t<style type=\"text\/css\">\n\t\t\t#gallery-1 {\n\t\t\t\tmargin: auto;\n\t\t\t}\n\t\t\t#gallery-1 .gallery-item {\n\t\t\t\tfloat: left;\n\t\t\t\tmargin-top: 10px;\n\t\t\t\ttext-align: center;\n\t\t\t\twidth: 100%;\n\t\t\t}\n\t\t\t#gallery-1 img {\n\t\t\t\tborder: 2px solid #cfcfcf;\n\t\t\t}\n\t\t\t#gallery-1 .gallery-caption {\n\t\t\t\tmargin-left: 0;\n\t\t\t}\n\t\t\t\/* see gallery_shortcode() in wp-includes\/media.php *\/\n\t\t<\/style>\n\t\t<div data-carousel-extra='{&quot;blog_id&quot;:1,&quot;permalink&quot;:&quot;https:\/\/sarimelekler.biz\/?p=22097&quot;}' id='gallery-1' class='gallery galleryid-22097 gallery-columns-1 gallery-size-full'><dl class='gallery-item'>\n\t\t\t<dt class='gallery-icon portrait'>\n\t\t\t\t<a href='https:\/\/sarimelekler.biz\/?attachment_id=22098'><img loading=\"lazy\" decoding=\"async\" width=\"1639\" height=\"2048\" src=\"https:\/\/sarimelekler.biz\/wp-content\/uploads\/2025\/10\/01-25-26.jpeg\" class=\"attachment-full size-full\" alt=\"\" srcset=\"https:\/\/sarimelekler.biz\/wp-content\/uploads\/2025\/10\/01-25-26.jpeg 1639w, https:\/\/sarimelekler.biz\/wp-content\/uploads\/2025\/10\/01-25-26-240x300.jpeg 240w, https:\/\/sarimelekler.biz\/wp-content\/uploads\/2025\/10\/01-25-26-820x1024.jpeg 820w, https:\/\/sarimelekler.biz\/wp-content\/uploads\/2025\/10\/01-25-26-768x960.jpeg 768w, https:\/\/sarimelekler.biz\/wp-content\/uploads\/2025\/10\/01-25-26-1229x1536.jpeg 1229w, https:\/\/sarimelekler.biz\/wp-content\/uploads\/2025\/10\/01-25-26-120x150.jpeg 120w\" sizes=\"auto, (max-width: 1639px) 100vw, 1639px\" data-attachment-id=\"22098\" data-permalink=\"https:\/\/sarimelekler.biz\/?attachment_id=22098\" data-orig-file=\"https:\/\/sarimelekler.biz\/wp-content\/uploads\/2025\/10\/01-25-26.jpeg\" data-orig-size=\"1639,2048\" data-comments-opened=\"0\" data-image-meta=\"{&quot;aperture&quot;:&quot;0&quot;,&quot;credit&quot;:&quot;&quot;,&quot;camera&quot;:&quot;&quot;,&quot;caption&quot;:&quot;&quot;,&quot;created_timestamp&quot;:&quot;0&quot;,&quot;copyright&quot;:&quot;&quot;,&quot;focal_length&quot;:&quot;0&quot;,&quot;iso&quot;:&quot;0&quot;,&quot;shutter_speed&quot;:&quot;0&quot;,&quot;title&quot;:&quot;&quot;,&quot;orientation&quot;:&quot;0&quot;}\" data-image-title=\"01 &amp;#8211; 25-26\" data-image-description=\"\" data-image-caption=\"\" data-large-file=\"https:\/\/sarimelekler.biz\/wp-content\/uploads\/2025\/10\/01-25-26-820x1024.jpeg\" \/><\/a>\n\t\t\t<\/dt><\/dl><br style=\"clear: both\" \/>\n\t\t<\/div>\n\n<p>* Ligin ilk ma\u00e7\u0131nda resmi sitemizin tek kare foto\u011fraf payla\u015fmas\u0131 kabul edilebilir bir durum de\u011fildir\u2026<\/p>\n<p>Foto\u011fraf Kaynak:\u00a0<a href=\"https:\/\/fenerbahce.org\/haberler\/voleybol-kadin\/2025\/10\/fenerbahce-medicana-ligin-ilk-haftasinda-aras-spor-a-konuk-oluyor\" target=\"_blank\" rel=\"noopener\">Fenerbah\u00e7e SK Resmi \u0130nternet Sitesi<\/a><\/p>\n<p style=\"text-align: right;\">12.10.2025<\/p>\n","protected":false},"excerpt":{"rendered":"<p>Fenerbah\u00e7e Medicana Kad\u0131n Voleybol Tak\u0131m\u0131m\u0131z, Vodafone Sultanlar Ligi 2025-26 Sezonu \u2026 <a class=\"continue-reading-link\" href=\"https:\/\/sarimelekler.biz\/?p=22097\">Okumaya Devam Et.. <span class=\"meta-nav\">&rarr; <\/span><\/a><\/p>\n","protected":false},"author":1,"featured_media":22044,"comment_status":"closed","ping_status":"open","sticky":false,"template":"","format":"standard","meta":{"jetpack_post_was_ever_published":false,"_jetpack_newsletter_access":"","_jetpack_dont_email_post_to_subs":false,"_jetpack_newsletter_tier_id":0,"_jetpack_memberships_contains_paywalled_content":false,"_jetpack_memberships_contains_paid_content":false,"footnotes":"","jetpack_publicize_message":"","jetpack_publicize_feature_enabled":true,"jetpack_social_post_already_shared":true,"jetpack_social_options":{"image_generator_settings":{"template":"highway","default_image_id":0,"font":"","enabled":false},"version":2}},"categories":[6],"tags":[],"class_list":["post-22097","post","type-post","status-publish","format-standard","has-post-thumbnail","hentry","category-turkiye-ligi"],"jetpack_publicize_connections":[],"jetpack_featured_media_url":"https:\/\/sarimelekler.biz\/wp-content\/uploads\/2025\/10\/01-25-26-SK-17-scaled.jpg","jetpack_sharing_enabled":true,"jetpack_shortlink":"https:\/\/wp.me\/p8npUZ-5Kp","jetpack-related-posts":[{"id":21684,"url":"https:\/\/sarimelekler.biz\/?p=21684","url_meta":{"origin":22097,"position":0},"title":"Aras Kargo:0 \u2013 Fenerbah\u00e7e Medicana:3","author":"Edit\u00f6r","date":"17 \u015eubat 2025","format":false,"excerpt":"Fenerbah\u00e7e Medicana Kad\u0131n Voleybol Tak\u0131m\u0131m\u0131z, Vodafone Sultanlar Ligi 21. Hafta ma\u00e7\u0131nda konuk oldu\u011fu Aras Kargo tak\u0131m\u0131n\u0131 21-25, 23-25 ve 22-25\u2019lik set skorlar\u0131yla 3-0 ma\u011flup etti. Ma\u00e7a Eda, Vuchkova, Ana Cristina, Drca, Meliha, Vargas ve libero \u00d6zlem kadrosuyla ba\u015flayan tak\u0131m\u0131m\u0131zda yedek oyuncular\u0131m\u0131zdan Gizem, Fedorovtseva, Elitsa ve Liza\u2019da s\u00fcre ald\u0131. Ma\u00e7\u0131 14\u2026","rel":"","context":"&quot;T\u00fcrkiye Ligi&quot; i\u00e7inde","block_context":{"text":"T\u00fcrkiye Ligi","link":"https:\/\/sarimelekler.biz\/?cat=6"},"img":{"alt_text":"","src":"https:\/\/i0.wp.com\/sarimelekler.biz\/wp-content\/uploads\/2025\/02\/21-24-25-1.jpeg?resize=350%2C200&ssl=1","width":350,"height":200,"srcset":"https:\/\/i0.wp.com\/sarimelekler.biz\/wp-content\/uploads\/2025\/02\/21-24-25-1.jpeg?resize=350%2C200&ssl=1 1x, https:\/\/i0.wp.com\/sarimelekler.biz\/wp-content\/uploads\/2025\/02\/21-24-25-1.jpeg?resize=525%2C300&ssl=1 1.5x, https:\/\/i0.wp.com\/sarimelekler.biz\/wp-content\/uploads\/2025\/02\/21-24-25-1.jpeg?resize=700%2C400&ssl=1 2x, https:\/\/i0.wp.com\/sarimelekler.biz\/wp-content\/uploads\/2025\/02\/21-24-25-1.jpeg?resize=1050%2C600&ssl=1 3x, https:\/\/i0.wp.com\/sarimelekler.biz\/wp-content\/uploads\/2025\/02\/21-24-25-1.jpeg?resize=1400%2C800&ssl=1 4x"},"classes":[]},{"id":22126,"url":"https:\/\/sarimelekler.biz\/?p=22126","url_meta":{"origin":22097,"position":1},"title":"Zeren Spor:0 \u2013 Fenerbah\u00e7e Medicana:3","author":"Edit\u00f6r","date":"22 Ekim 2025","format":false,"excerpt":"Fenerbah\u00e7e Medicana Kad\u0131n Voleybol Tak\u0131m\u0131m\u0131z, Vodafone Sultanlar Ligi 3. ma\u00e7\u0131nda konuk oldu\u011fu Zeren Spor tak\u0131m\u0131n\u0131 14-25, 21-25 ve 20-25\u2019lik set skorlar\u0131yla 3-0 ma\u011flup etti. Ma\u00e7a Asl\u0131, Vargas, Hande, Korneluk, Alessia Orro, Fedorovtseva ve libero Gizem kadrosuyla ba\u015flayan tak\u0131m\u0131m\u0131zda yedek oyuncular\u0131m\u0131zdan sadece Milenkovic s\u00fcre ald\u0131. Ma\u00e7\u0131 18 say\u0131yla tamamlayan Vargas ma\u00e7\u0131n\u2026","rel":"","context":"&quot;T\u00fcrkiye Ligi&quot; i\u00e7inde","block_context":{"text":"T\u00fcrkiye Ligi","link":"https:\/\/sarimelekler.biz\/?cat=6"},"img":{"alt_text":"","src":"https:\/\/i0.wp.com\/sarimelekler.biz\/wp-content\/uploads\/2025\/10\/2-25-26-6.jpeg?resize=350%2C200&ssl=1","width":350,"height":200,"srcset":"https:\/\/i0.wp.com\/sarimelekler.biz\/wp-content\/uploads\/2025\/10\/2-25-26-6.jpeg?resize=350%2C200&ssl=1 1x, https:\/\/i0.wp.com\/sarimelekler.biz\/wp-content\/uploads\/2025\/10\/2-25-26-6.jpeg?resize=525%2C300&ssl=1 1.5x, https:\/\/i0.wp.com\/sarimelekler.biz\/wp-content\/uploads\/2025\/10\/2-25-26-6.jpeg?resize=700%2C400&ssl=1 2x, https:\/\/i0.wp.com\/sarimelekler.biz\/wp-content\/uploads\/2025\/10\/2-25-26-6.jpeg?resize=1050%2C600&ssl=1 3x, https:\/\/i0.wp.com\/sarimelekler.biz\/wp-content\/uploads\/2025\/10\/2-25-26-6.jpeg?resize=1400%2C800&ssl=1 4x"},"classes":[]},{"id":21647,"url":"https:\/\/sarimelekler.biz\/?p=21647","url_meta":{"origin":22097,"position":2},"title":"Fenerbah\u00e7e Medicana:3 \u2013 Vak\u0131fbank:1","author":"Edit\u00f6r","date":"9 \u015eubat 2025","format":false,"excerpt":"Fenerbah\u00e7e Medicana Kad\u0131n Voleybol Tak\u0131m\u0131m\u0131z, Vodafone Sultanlar Ligi 20. Hafta ma\u00e7\u0131nda konuk etti\u011fi Vak\u0131fbank tak\u0131m\u0131n 19-25, 25-13, 25-22 ve 25-16\u2019l\u0131k set skorlar\u0131yla 3-1 ma\u011flup ederek tekrar liderli\u011fe y\u00fckseldi. Ma\u00e7a Eda, Asl\u0131, Ana Cristina, Fedorovtseva, Drca, Vargas ve libero Gizem kadrosuyla ba\u015flayan tak\u0131m\u0131m\u0131zda yedek oyuncular\u0131m\u0131zdan \u00d6zlem, Vuchkova ve Liza s\u00fcre ald\u0131.\u2026","rel":"","context":"&quot;T\u00fcrkiye Ligi&quot; i\u00e7inde","block_context":{"text":"T\u00fcrkiye Ligi","link":"https:\/\/sarimelekler.biz\/?cat=6"},"img":{"alt_text":"","src":"https:\/\/i0.wp.com\/sarimelekler.biz\/wp-content\/uploads\/2025\/02\/20-24-25-18.jpg?resize=350%2C200&ssl=1","width":350,"height":200,"srcset":"https:\/\/i0.wp.com\/sarimelekler.biz\/wp-content\/uploads\/2025\/02\/20-24-25-18.jpg?resize=350%2C200&ssl=1 1x, https:\/\/i0.wp.com\/sarimelekler.biz\/wp-content\/uploads\/2025\/02\/20-24-25-18.jpg?resize=525%2C300&ssl=1 1.5x, https:\/\/i0.wp.com\/sarimelekler.biz\/wp-content\/uploads\/2025\/02\/20-24-25-18.jpg?resize=700%2C400&ssl=1 2x, https:\/\/i0.wp.com\/sarimelekler.biz\/wp-content\/uploads\/2025\/02\/20-24-25-18.jpg?resize=1050%2C600&ssl=1 3x, https:\/\/i0.wp.com\/sarimelekler.biz\/wp-content\/uploads\/2025\/02\/20-24-25-18.jpg?resize=1400%2C800&ssl=1 4x"},"classes":[]},{"id":22341,"url":"https:\/\/sarimelekler.biz\/?p=22341","url_meta":{"origin":22097,"position":3},"title":"Fenerbah\u00e7e Medicana:3 \u2013 Nil\u00fcfer Belediyespor Eker:0","author":"Edit\u00f6r","date":"21 Aral\u0131k 2025","format":false,"excerpt":"Fenerbah\u00e7e Medicana Kad\u0131n Voleybol Tak\u0131m\u0131m\u0131z, Vodafone Sultanlar Ligi 13. ma\u00e7\u0131nda konuk etti\u011fi Nil\u00fcfer Belediyespor Eker tak\u0131m\u0131n\u0131 25-16, 25-14 ve 25-19\u2019lik set skorlar\u0131yla 3-0 ma\u011flup etti. Ma\u00e7a Eda, Hande, Fedorovtseva, Korneluk, Vargas, Alessia Orro ve libero Gizem kadrosuyla ba\u015flayan tak\u0131m\u0131m\u0131zda yedek oyuncular\u0131m\u0131zdan sadece Ana Cristina s\u00fcre ald\u0131. Ma\u00e7\u0131 17 say\u0131yla tamamlayan\u2026","rel":"","context":"&quot;T\u00fcrkiye Ligi&quot; i\u00e7inde","block_context":{"text":"T\u00fcrkiye Ligi","link":"https:\/\/sarimelekler.biz\/?cat=6"},"img":{"alt_text":"","src":"https:\/\/i0.wp.com\/sarimelekler.biz\/wp-content\/uploads\/2025\/12\/13-25-26-7-scaled.jpg?resize=350%2C200&ssl=1","width":350,"height":200,"srcset":"https:\/\/i0.wp.com\/sarimelekler.biz\/wp-content\/uploads\/2025\/12\/13-25-26-7-scaled.jpg?resize=350%2C200&ssl=1 1x, https:\/\/i0.wp.com\/sarimelekler.biz\/wp-content\/uploads\/2025\/12\/13-25-26-7-scaled.jpg?resize=525%2C300&ssl=1 1.5x, https:\/\/i0.wp.com\/sarimelekler.biz\/wp-content\/uploads\/2025\/12\/13-25-26-7-scaled.jpg?resize=700%2C400&ssl=1 2x, https:\/\/i0.wp.com\/sarimelekler.biz\/wp-content\/uploads\/2025\/12\/13-25-26-7-scaled.jpg?resize=1050%2C600&ssl=1 3x, https:\/\/i0.wp.com\/sarimelekler.biz\/wp-content\/uploads\/2025\/12\/13-25-26-7-scaled.jpg?resize=1400%2C800&ssl=1 4x"},"classes":[]},{"id":22743,"url":"https:\/\/sarimelekler.biz\/?p=22743","url_meta":{"origin":22097,"position":4},"title":"Zeren Spor:0 \u2013 Fenerbah\u00e7e Medicana:3","author":"Edit\u00f6r","date":"29 Mart 2026","format":false,"excerpt":"Fenerbah\u00e7e Medicana Kad\u0131n Voleybol Tak\u0131m\u0131m\u0131z, Vodafone Sultanlar Ligi Play Off yar\u0131 final serisi ilk ma\u00e7\u0131nda konuk oldu\u011fu Zeren Spor tak\u0131m\u0131n\u0131 17-25, 22-25 ve 19-25\u2019lik set skorlar\u0131yla 3-0 ma\u011flup etti ve seride 1-0 \u00f6ne ge\u00e7ti. Ma\u00e7a Eda, Fedorovtseva, Asl\u0131, Hande, Alessia Orro, Vargas ve libero G\u00fclce kadrosuyla ba\u015flayan tak\u0131m\u0131m\u0131zda Ana Cristina\u2026","rel":"","context":"&quot;T\u00fcrkiye Ligi&quot; i\u00e7inde","block_context":{"text":"T\u00fcrkiye Ligi","link":"https:\/\/sarimelekler.biz\/?cat=6"},"img":{"alt_text":"","src":"https:\/\/i0.wp.com\/sarimelekler.biz\/wp-content\/uploads\/2026\/03\/25-26-27-4-scaled.jpg?resize=350%2C200&ssl=1","width":350,"height":200,"srcset":"https:\/\/i0.wp.com\/sarimelekler.biz\/wp-content\/uploads\/2026\/03\/25-26-27-4-scaled.jpg?resize=350%2C200&ssl=1 1x, https:\/\/i0.wp.com\/sarimelekler.biz\/wp-content\/uploads\/2026\/03\/25-26-27-4-scaled.jpg?resize=525%2C300&ssl=1 1.5x, https:\/\/i0.wp.com\/sarimelekler.biz\/wp-content\/uploads\/2026\/03\/25-26-27-4-scaled.jpg?resize=700%2C400&ssl=1 2x, https:\/\/i0.wp.com\/sarimelekler.biz\/wp-content\/uploads\/2026\/03\/25-26-27-4-scaled.jpg?resize=1050%2C600&ssl=1 3x, https:\/\/i0.wp.com\/sarimelekler.biz\/wp-content\/uploads\/2026\/03\/25-26-27-4-scaled.jpg?resize=1400%2C800&ssl=1 4x"},"classes":[]},{"id":21717,"url":"https:\/\/sarimelekler.biz\/?p=21717","url_meta":{"origin":22097,"position":5},"title":"Sar\u0131yer Belediyespor:1 \u2013 Fenerbah\u00e7e Medicana:3","author":"Edit\u00f6r","date":"28 \u015eubat 2025","format":false,"excerpt":"Fenerbah\u00e7e Medicana Kad\u0131n Voleybol Tak\u0131m\u0131m\u0131z, Vodafone Sultanlar Ligi 23. Hafta ma\u00e7\u0131nda konuk oldu\u011fu Sar\u0131yer Belediyespor tak\u0131m\u0131n\u0131 25-22, 16-25, 17-25 ve 11-25\u2019lik set skorlar\u0131yla 3-1 ma\u011flup etti. Ma\u00e7a Asl\u0131, Ana Cristina, Dicle, Drca, Fedorovtseva, Vargas ve libero Gizem kadrosuyla ba\u015flayan tak\u0131m\u0131m\u0131zda yedek oyuncular\u0131m\u0131zdan Stysiak, Meliha ve Liza\u2019da s\u00fcre ald\u0131. Kaptan\u0131m\u0131z Eda\u2026","rel":"","context":"&quot;T\u00fcrkiye Ligi&quot; i\u00e7inde","block_context":{"text":"T\u00fcrkiye Ligi","link":"https:\/\/sarimelekler.biz\/?cat=6"},"img":{"alt_text":"","src":"https:\/\/i0.wp.com\/sarimelekler.biz\/wp-content\/uploads\/2025\/03\/23-24-25-13-scaled.jpg?resize=350%2C200&ssl=1","width":350,"height":200,"srcset":"https:\/\/i0.wp.com\/sarimelekler.biz\/wp-content\/uploads\/2025\/03\/23-24-25-13-scaled.jpg?resize=350%2C200&ssl=1 1x, https:\/\/i0.wp.com\/sarimelekler.biz\/wp-content\/uploads\/2025\/03\/23-24-25-13-scaled.jpg?resize=525%2C300&ssl=1 1.5x, https:\/\/i0.wp.com\/sarimelekler.biz\/wp-content\/uploads\/2025\/03\/23-24-25-13-scaled.jpg?resize=700%2C400&ssl=1 2x, https:\/\/i0.wp.com\/sarimelekler.biz\/wp-content\/uploads\/2025\/03\/23-24-25-13-scaled.jpg?resize=1050%2C600&ssl=1 3x, https:\/\/i0.wp.com\/sarimelekler.biz\/wp-content\/uploads\/2025\/03\/23-24-25-13-scaled.jpg?resize=1400%2C800&ssl=1 4x"},"classes":[]}],"_links":{"self":[{"href":"https:\/\/sarimelekler.biz\/index.php?rest_route=\/wp\/v2\/posts\/22097","targetHints":{"allow":["GET"]}}],"collection":[{"href":"https:\/\/sarimelekler.biz\/index.php?rest_route=\/wp\/v2\/posts"}],"about":[{"href":"https:\/\/sarimelekler.biz\/index.php?rest_route=\/wp\/v2\/types\/post"}],"author":[{"embeddable":true,"href":"https:\/\/sarimelekler.biz\/index.php?rest_route=\/wp\/v2\/users\/1"}],"replies":[{"embeddable":true,"href":"https:\/\/sarimelekler.biz\/index.php?rest_route=%2Fwp%2Fv2%2Fcomments&post=22097"}],"version-history":[{"count":2,"href":"https:\/\/sarimelekler.biz\/index.php?rest_route=\/wp\/v2\/posts\/22097\/revisions"}],"predecessor-version":[{"id":22100,"href":"https:\/\/sarimelekler.biz\/index.php?rest_route=\/wp\/v2\/posts\/22097\/revisions\/22100"}],"wp:featuredmedia":[{"embeddable":true,"href":"https:\/\/sarimelekler.biz\/index.php?rest_route=\/wp\/v2\/media\/22044"}],"wp:attachment":[{"href":"https:\/\/sarimelekler.biz\/index.php?rest_route=%2Fwp%2Fv2%2Fmedia&parent=22097"}],"wp:term":[{"taxonomy":"category","embeddable":true,"href":"https:\/\/sarimelekler.biz\/index.php?rest_route=%2Fwp%2Fv2%2Fcategories&post=22097"},{"taxonomy":"post_tag","embeddable":true,"href":"https:\/\/sarimelekler.biz\/index.php?rest_route=%2Fwp%2Fv2%2Ftags&post=22097"}],"curies":[{"name":"wp","href":"https:\/\/api.w.org\/{rel}","templated":true}]}}