{"id":22188,"date":"2025-11-20T23:21:07","date_gmt":"2025-11-20T20:21:07","guid":{"rendered":"https:\/\/sarimelekler.biz\/?p=22188"},"modified":"2025-11-20T23:21:07","modified_gmt":"2025-11-20T20:21:07","slug":"fenerbahce-medicana3-galatasaray-daikin2","status":"publish","type":"post","link":"https:\/\/sarimelekler.biz\/?p=22188","title":{"rendered":"Fenerbah\u00e7e Medicana:3 \u2013 Galatasaray Daikin:2"},"content":{"rendered":"<p style=\"text-align: justify;\"><span style=\"font-size: 18px;\">Fenerbah\u00e7e Medicana Kad\u0131n Voleybol Tak\u0131m\u0131m\u0131z, Vodafone Sultanlar Ligi 6. ma\u00e7\u0131nda konuk etti\u011fi Galatasaray Daikin \u00a0tak\u0131m\u0131n\u0131 27-25, 22-25, 25-23, 25-27 ve 15-11\u2019lik set skorlar\u0131yla 3-2 ma\u011flup etti. Ma\u00e7a Eda, Asl\u0131, Hande, Vargas, Alessia Orro, Fedorovtseva ve libero Gizem kadrosuyla ba\u015flayan tak\u0131m\u0131m\u0131zda yedek oyuncular\u0131m\u0131zdan Milenkovic. Korneluk, Yaasmen ve Arelya\u2019da s\u00fcre ald\u0131. Ma\u00e7\u0131 37 say\u0131yla tamamlayan Fedorovtseva ma\u00e7\u0131n en skorer oyuncusu olurken Vargas\u2019ta 32 say\u0131 ald\u0131 ve her iki oyuncumuzda 30 say\u0131 baraj\u0131n\u0131 a\u015farak bir rekor ya\u015fatt\u0131lar. Galatasaray ald\u0131\u011f\u0131 2 setle 1 puan al\u0131rken tak\u0131m\u0131m\u0131zda bu sebeple 2 puan ald\u0131 ve liderli\u011fi kaybederek haftay\u0131 2. s\u0131rada tamamlad\u0131.<\/span><\/p>\n<p style=\"text-align: justify;\"><span style=\"font-size: 18px;\">Hem ge\u00e7ti\u011fimiz hafta sonu ald\u0131\u011f\u0131m\u0131z Eczac\u0131ba\u015f\u0131 Dynavit galibiyeti sonras\u0131 hem de bu ak\u015fam ald\u0131\u011f\u0131m\u0131z Galatasaray Daikin galibiyeti sonras\u0131 TRT\u2019nin ma\u00e7 sonu r\u00f6portaj yapmamas\u0131n\u0131 ve yay\u0131n\u0131 hemen bitirmesine anlam veremiyoruz. Biz Voleybol \u00fclkesiyiz diyorsak b\u00f6yle \u00f6nemli ma\u00e7lardan sonra her iki tak\u0131m\u0131nda oyuncular\u0131n\u0131n ve teknik heyetinden ki\u015filerin r\u00f6portaj\u0131 yap\u0131lmal\u0131d\u0131r. TRT\u2019nin bu tutumunu g\u00f6zden ge\u00e7irmesini temenni ediyoruz.<\/span><\/p>\n<p style=\"text-align: justify;\"><span style=\"font-size: 18px;\">Sar\u0131 Melekler Vodafone Sultanlar Liginin 7. haftas\u0131nda 23 Ekim Pazar g\u00fcn\u00fc Saat:15:00&#8217;da Ayd\u0131n B\u00fcy\u00fck\u015fehir Belediyespor tak\u0131m\u0131na konuk olacak. Ayd\u0131n Mimar Sinan Voleybol Salonunda oynanacak ma\u00e7 Tvf\u2019nin Youtube hesab\u0131ndan canl\u0131 yay\u0131nlanacak.<\/span><br \/>\n<span style=\"font-size: 18px;\">Tak\u0131m\u0131m\u0131z\u0131 bu galibiyetten dolay\u0131 kutlar\u0131z.<\/span><\/p>\n<p style=\"text-align: justify;\"><strong><span style=\"font-size: 18px;\">Bu ma\u00e7\u0131n istatistikleri:<\/span><\/strong><br \/>\n<span style=\"font-size: 18px;\">Fedorovtseva\u00a0 : 37 Say\u0131\u00a0 \u2013 (2 Servis, 2 Blok) \u00a0\u00a0% 52\u00a0 (64 H\u00fccum)<\/span><br \/>\n<span style=\"font-size: 18px;\">Vargas\u00a0\u00a0\u00a0\u00a0\u00a0\u00a0\u00a0\u00a0\u00a0 \u00a0\u00a0: 32 Say\u0131\u00a0 \u2013 (1 Servis, 4 Blok) \u00a0\u00a0% 46\u00a0 (59 H\u00fccum)<\/span><br \/>\n<span style=\"font-size: 18px;\">Eda\u00a0\u00a0\u00a0\u00a0\u00a0\u00a0\u00a0 \u00a0\u00a0\u00a0\u00a0\u00a0\u00a0\u00a0\u00a0\u00a0: 11 Say\u0131\u00a0 \u2013 (4 Blok)\u00a0\u00a0 \u00a0\u00a0\u00a0\u00a0\u00a0\u00a0\u00a0\u00a0\u00a0\u00a0\u00a0\u00a0\u00a0\u00a0\u00a0% 58\u00a0 (12 H\u00fccum)<\/span><br \/>\n<span style=\"font-size: 18px;\">Hande\u00a0\u00a0\u00a0\u00a0\u00a0\u00a0\u00a0\u00a0\u00a0\u00a0\u00a0\u00a0 : 06 Say\u0131\u00a0 \u2013 (1 Servis)\u00a0\u00a0 \u00a0\u00a0\u00a0\u00a0\u00a0\u00a0\u00a0\u00a0\u00a0\u00a0\u00a0\u00a0\u00a0% 22\u00a0 (23 H\u00fccum)<\/span><br \/>\n<span style=\"font-size: 18px;\">Asl\u0131\u00a0\u00a0\u00a0\u00a0\u00a0\u00a0\u00a0\u00a0\u00a0\u00a0\u00a0\u00a0\u00a0\u00a0\u00a0\u00a0 : 05 Say\u0131\u00a0 \u2013 (2 Blok)<\/span><br \/>\n<span style=\"font-size: 18px;\">Orro\u00a0\u00a0\u00a0\u00a0\u00a0\u00a0\u00a0\u00a0\u00a0\u00a0\u00a0\u00a0\u00a0\u00a0\u00a0 : 04 Say\u0131\u00a0 \u2013 (1 Servis, 1 Blok)<\/span><br \/>\n<span style=\"font-size: 18px;\">Yaasmen\u00a0\u00a0\u00a0\u00a0\u00a0\u00a0\u00a0\u00a0 : 02 Say\u0131<\/span><\/p>\n<p style=\"text-align: justify;\"><strong><span style=\"font-size: 18px;\">Servis Kar\u015f\u0131lama:<\/span><\/strong><br \/>\n<span style=\"font-size: 18px;\">Hande\u00a0\u00a0\u00a0\u00a0\u00a0\u00a0\u00a0\u00a0\u00a0\u00a0\u00a0\u00a0 : % 46 \u2013 % 26\u00a0 M\u00fckemmel\u00a0 (39 Kar\u015f\u0131lama)<\/span><br \/>\n<span style=\"font-size: 18px;\">Gizem\u00a0\u00a0\u00a0\u00a0\u00a0\u00a0\u00a0\u00a0\u00a0\u00a0\u00a0\u00a0 : % 43 \u2013 % 25\u00a0 M\u00fckemmel\u00a0 (28 Kar\u015f\u0131lama)<\/span><br \/>\n<span style=\"font-size: 18px;\">Fedorovtseva\u00a0 : % 31 \u2013 % 19\u00a0 M\u00fckemmel\u00a0 (16 Kar\u015f\u0131lama)<\/span><\/p>\n<p style=\"text-align: justify;\"><strong><span style=\"font-size: 18px;\">+\/- (Kazand\u0131\u011f\u0131\/Kaybetti\u011fi)<\/span><\/strong><br \/>\n<span style=\"font-size: 18px;\">Fedorovtseva\u00a0 :26<\/span><br \/>\n<span style=\"font-size: 18px;\">Vargas\u00a0\u00a0\u00a0\u00a0\u00a0\u00a0\u00a0\u00a0\u00a0\u00a0\u00a0 :17<\/span><br \/>\n<span style=\"font-size: 18px;\">Eda\u00a0\u00a0\u00a0\u00a0\u00a0\u00a0\u00a0\u00a0\u00a0\u00a0\u00a0\u00a0\u00a0\u00a0\u00a0\u00a0 :07<\/span><br \/>\n<span style=\"font-size: 18px;\">Yaasmen\u00a0\u00a0\u00a0 \u00a0\u00a0\u00a0\u00a0\u00a0:01<\/span><br \/>\n<span style=\"font-size: 18px;\">Gizem\u00a0\u00a0\u00a0\u00a0\u00a0\u00a0\u00a0\u00a0 \u00a0\u00a0\u00a0\u00a0: -1<\/span><br \/>\n<span style=\"font-size: 18px;\">Korneluk\u00a0\u00a0\u00a0\u00a0 \u00a0\u00a0\u00a0\u00a0: -2<\/span><br \/>\n<span style=\"font-size: 18px;\">Hande\u00a0\u00a0\u00a0\u00a0\u00a0\u00a0\u00a0\u00a0\u00a0\u00a0\u00a0\u00a0 : -3<\/span><br \/>\n<span style=\"font-size: 18px;\">Asl\u0131\u00a0\u00a0\u00a0\u00a0\u00a0\u00a0\u00a0\u00a0\u00a0\u00a0\u00a0\u00a0\u00a0\u00a0\u00a0\u00a0 :-3<\/span><br \/>\n<span style=\"font-size: 18px;\">Orro\u00a0\u00a0\u00a0\u00a0\u00a0\u00a0\u00a0\u00a0\u00a0\u00a0\u00a0\u00a0\u00a0 \u00a0\u00a0: -3<\/span><\/p>\n\n\t\t<style type=\"text\/css\">\n\t\t\t#gallery-1 {\n\t\t\t\tmargin: auto;\n\t\t\t}\n\t\t\t#gallery-1 .gallery-item {\n\t\t\t\tfloat: left;\n\t\t\t\tmargin-top: 10px;\n\t\t\t\ttext-align: center;\n\t\t\t\twidth: 20%;\n\t\t\t}\n\t\t\t#gallery-1 img {\n\t\t\t\tborder: 2px solid #cfcfcf;\n\t\t\t}\n\t\t\t#gallery-1 .gallery-caption {\n\t\t\t\tmargin-left: 0;\n\t\t\t}\n\t\t\t\/* see gallery_shortcode() in wp-includes\/media.php *\/\n\t\t<\/style>\n\t\t<div data-carousel-extra='{&quot;blog_id&quot;:1,&quot;permalink&quot;:&quot;https:\/\/sarimelekler.biz\/?p=22188&quot;}' id='gallery-1' class='gallery galleryid-22188 gallery-columns-5 gallery-size-thumbnail'><dl class='gallery-item'>\n\t\t\t<dt class='gallery-icon landscape'>\n\t\t\t\t<a href='https:\/\/sarimelekler.biz\/?attachment_id=22189'><img loading=\"lazy\" decoding=\"async\" width=\"150\" height=\"150\" src=\"https:\/\/sarimelekler.biz\/wp-content\/uploads\/2025\/11\/6-25-26-1-150x150.jpg\" class=\"attachment-thumbnail size-thumbnail\" alt=\"\" data-attachment-id=\"22189\" data-permalink=\"https:\/\/sarimelekler.biz\/?attachment_id=22189\" data-orig-file=\"https:\/\/sarimelekler.biz\/wp-content\/uploads\/2025\/11\/6-25-26-1-scaled.jpg\" data-orig-size=\"2560,2299\" data-comments-opened=\"0\" data-image-meta=\"{&quot;aperture&quot;:&quot;3.2&quot;,&quot;credit&quot;:&quot;BURAK SALTIK&quot;,&quot;camera&quot;:&quot;Canon EOS R3&quot;,&quot;caption&quot;:&quot;&quot;,&quot;created_timestamp&quot;:&quot;1763407532&quot;,&quot;copyright&quot;:&quot;www.fenerbahce.org&quot;,&quot;focal_length&quot;:&quot;40&quot;,&quot;iso&quot;:&quot;2000&quot;,&quot;shutter_speed&quot;:&quot;0.002&quot;,&quot;title&quot;:&quot;&quot;,&quot;orientation&quot;:&quot;1&quot;}\" data-image-title=\"6 &amp;#8211; 25-26 (1)\" data-image-description=\"\" data-image-caption=\"\" data-large-file=\"https:\/\/sarimelekler.biz\/wp-content\/uploads\/2025\/11\/6-25-26-1-1024x920.jpg\" \/><\/a>\n\t\t\t<\/dt><\/dl><dl class='gallery-item'>\n\t\t\t<dt class='gallery-icon portrait'>\n\t\t\t\t<a href='https:\/\/sarimelekler.biz\/?attachment_id=22190'><img loading=\"lazy\" decoding=\"async\" width=\"150\" height=\"150\" src=\"https:\/\/sarimelekler.biz\/wp-content\/uploads\/2025\/11\/6-25-26-2-150x150.jpg\" class=\"attachment-thumbnail size-thumbnail\" alt=\"\" data-attachment-id=\"22190\" data-permalink=\"https:\/\/sarimelekler.biz\/?attachment_id=22190\" data-orig-file=\"https:\/\/sarimelekler.biz\/wp-content\/uploads\/2025\/11\/6-25-26-2-scaled.jpg\" data-orig-size=\"1710,2560\" data-comments-opened=\"0\" data-image-meta=\"{&quot;aperture&quot;:&quot;2.8&quot;,&quot;credit&quot;:&quot;BURAK SALTIK&quot;,&quot;camera&quot;:&quot;Canon EOS R3&quot;,&quot;caption&quot;:&quot;&quot;,&quot;created_timestamp&quot;:&quot;1763408261&quot;,&quot;copyright&quot;:&quot;www.fenerbahce.org&quot;,&quot;focal_length&quot;:&quot;200&quot;,&quot;iso&quot;:&quot;5000&quot;,&quot;shutter_speed&quot;:&quot;0.000625&quot;,&quot;title&quot;:&quot;&quot;,&quot;orientation&quot;:&quot;1&quot;}\" data-image-title=\"6 &amp;#8211; 25-26 (2)\" data-image-description=\"\" data-image-caption=\"\" data-large-file=\"https:\/\/sarimelekler.biz\/wp-content\/uploads\/2025\/11\/6-25-26-2-684x1024.jpg\" \/><\/a>\n\t\t\t<\/dt><\/dl><dl class='gallery-item'>\n\t\t\t<dt class='gallery-icon landscape'>\n\t\t\t\t<a href='https:\/\/sarimelekler.biz\/?attachment_id=22191'><img loading=\"lazy\" decoding=\"async\" width=\"150\" height=\"150\" src=\"https:\/\/sarimelekler.biz\/wp-content\/uploads\/2025\/11\/6-25-26-3-150x150.jpg\" class=\"attachment-thumbnail size-thumbnail\" alt=\"\" data-attachment-id=\"22191\" data-permalink=\"https:\/\/sarimelekler.biz\/?attachment_id=22191\" data-orig-file=\"https:\/\/sarimelekler.biz\/wp-content\/uploads\/2025\/11\/6-25-26-3-scaled.jpg\" data-orig-size=\"2560,1703\" data-comments-opened=\"0\" data-image-meta=\"{&quot;aperture&quot;:&quot;3.2&quot;,&quot;credit&quot;:&quot;BURAK SALTIK&quot;,&quot;camera&quot;:&quot;Canon EOS R3&quot;,&quot;caption&quot;:&quot;&quot;,&quot;created_timestamp&quot;:&quot;1763412016&quot;,&quot;copyright&quot;:&quot;www.fenerbahce.org&quot;,&quot;focal_length&quot;:&quot;135&quot;,&quot;iso&quot;:&quot;6400&quot;,&quot;shutter_speed&quot;:&quot;0.000625&quot;,&quot;title&quot;:&quot;&quot;,&quot;orientation&quot;:&quot;1&quot;}\" data-image-title=\"6 &amp;#8211; 25-26 (3)\" data-image-description=\"\" data-image-caption=\"\" data-large-file=\"https:\/\/sarimelekler.biz\/wp-content\/uploads\/2025\/11\/6-25-26-3-1024x681.jpg\" \/><\/a>\n\t\t\t<\/dt><\/dl><dl class='gallery-item'>\n\t\t\t<dt class='gallery-icon landscape'>\n\t\t\t\t<a href='https:\/\/sarimelekler.biz\/?attachment_id=22192'><img loading=\"lazy\" decoding=\"async\" width=\"150\" height=\"150\" src=\"https:\/\/sarimelekler.biz\/wp-content\/uploads\/2025\/11\/6-25-26-4-150x150.jpg\" class=\"attachment-thumbnail size-thumbnail\" alt=\"\" data-attachment-id=\"22192\" data-permalink=\"https:\/\/sarimelekler.biz\/?attachment_id=22192\" data-orig-file=\"https:\/\/sarimelekler.biz\/wp-content\/uploads\/2025\/11\/6-25-26-4.jpg\" data-orig-size=\"2212,1776\" data-comments-opened=\"0\" data-image-meta=\"{&quot;aperture&quot;:&quot;2.8&quot;,&quot;credit&quot;:&quot;BURAK SALTIK&quot;,&quot;camera&quot;:&quot;Canon EOS R3&quot;,&quot;caption&quot;:&quot;&quot;,&quot;created_timestamp&quot;:&quot;1763408187&quot;,&quot;copyright&quot;:&quot;www.fenerbahce.org&quot;,&quot;focal_length&quot;:&quot;92&quot;,&quot;iso&quot;:&quot;5000&quot;,&quot;shutter_speed&quot;:&quot;0.000625&quot;,&quot;title&quot;:&quot;&quot;,&quot;orientation&quot;:&quot;1&quot;}\" data-image-title=\"6 &amp;#8211; 25-26 (4)\" data-image-description=\"\" data-image-caption=\"\" data-large-file=\"https:\/\/sarimelekler.biz\/wp-content\/uploads\/2025\/11\/6-25-26-4-1024x822.jpg\" \/><\/a>\n\t\t\t<\/dt><\/dl><dl class='gallery-item'>\n\t\t\t<dt class='gallery-icon landscape'>\n\t\t\t\t<a href='https:\/\/sarimelekler.biz\/?attachment_id=22195'><img loading=\"lazy\" decoding=\"async\" width=\"150\" height=\"150\" src=\"https:\/\/sarimelekler.biz\/wp-content\/uploads\/2025\/11\/6-25-26-7-150x150.jpg\" class=\"attachment-thumbnail size-thumbnail\" alt=\"\" data-attachment-id=\"22195\" data-permalink=\"https:\/\/sarimelekler.biz\/?attachment_id=22195\" data-orig-file=\"https:\/\/sarimelekler.biz\/wp-content\/uploads\/2025\/11\/6-25-26-7-scaled.jpg\" data-orig-size=\"2560,1707\" data-comments-opened=\"0\" data-image-meta=\"{&quot;aperture&quot;:&quot;2.8&quot;,&quot;credit&quot;:&quot;BURAK SALTIK&quot;,&quot;camera&quot;:&quot;Canon EOS R3&quot;,&quot;caption&quot;:&quot;&quot;,&quot;created_timestamp&quot;:&quot;1763409885&quot;,&quot;copyright&quot;:&quot;www.fenerbahce.org&quot;,&quot;focal_length&quot;:&quot;100&quot;,&quot;iso&quot;:&quot;5000&quot;,&quot;shutter_speed&quot;:&quot;0.000625&quot;,&quot;title&quot;:&quot;&quot;,&quot;orientation&quot;:&quot;1&quot;}\" data-image-title=\"6 &amp;#8211; 25-26 (7)\" data-image-description=\"\" data-image-caption=\"\" data-large-file=\"https:\/\/sarimelekler.biz\/wp-content\/uploads\/2025\/11\/6-25-26-7-1024x683.jpg\" \/><\/a>\n\t\t\t<\/dt><\/dl><br style=\"clear: both\" \/><dl class='gallery-item'>\n\t\t\t<dt class='gallery-icon landscape'>\n\t\t\t\t<a href='https:\/\/sarimelekler.biz\/?attachment_id=22196'><img loading=\"lazy\" decoding=\"async\" width=\"150\" height=\"150\" src=\"https:\/\/sarimelekler.biz\/wp-content\/uploads\/2025\/11\/6-25-26-8-150x150.jpg\" class=\"attachment-thumbnail size-thumbnail\" alt=\"\" data-attachment-id=\"22196\" data-permalink=\"https:\/\/sarimelekler.biz\/?attachment_id=22196\" data-orig-file=\"https:\/\/sarimelekler.biz\/wp-content\/uploads\/2025\/11\/6-25-26-8-scaled.jpg\" data-orig-size=\"2560,1707\" data-comments-opened=\"0\" data-image-meta=\"{&quot;aperture&quot;:&quot;2.8&quot;,&quot;credit&quot;:&quot;BURAK SALTIK&quot;,&quot;camera&quot;:&quot;Canon EOS R3&quot;,&quot;caption&quot;:&quot;&quot;,&quot;created_timestamp&quot;:&quot;1763415244&quot;,&quot;copyright&quot;:&quot;www.fenerbahce.org&quot;,&quot;focal_length&quot;:&quot;142&quot;,&quot;iso&quot;:&quot;5000&quot;,&quot;shutter_speed&quot;:&quot;0.000625&quot;,&quot;title&quot;:&quot;&quot;,&quot;orientation&quot;:&quot;1&quot;}\" data-image-title=\"6 &amp;#8211; 25-26 (8)\" data-image-description=\"\" data-image-caption=\"\" data-large-file=\"https:\/\/sarimelekler.biz\/wp-content\/uploads\/2025\/11\/6-25-26-8-1024x683.jpg\" \/><\/a>\n\t\t\t<\/dt><\/dl><dl class='gallery-item'>\n\t\t\t<dt class='gallery-icon portrait'>\n\t\t\t\t<a href='https:\/\/sarimelekler.biz\/?attachment_id=22197'><img loading=\"lazy\" decoding=\"async\" width=\"150\" height=\"150\" src=\"https:\/\/sarimelekler.biz\/wp-content\/uploads\/2025\/11\/6-25-26-9-150x150.jpg\" class=\"attachment-thumbnail size-thumbnail\" alt=\"\" data-attachment-id=\"22197\" data-permalink=\"https:\/\/sarimelekler.biz\/?attachment_id=22197\" data-orig-file=\"https:\/\/sarimelekler.biz\/wp-content\/uploads\/2025\/11\/6-25-26-9-scaled.jpg\" data-orig-size=\"1710,2560\" data-comments-opened=\"0\" data-image-meta=\"{&quot;aperture&quot;:&quot;3.2&quot;,&quot;credit&quot;:&quot;BURAK SALTIK&quot;,&quot;camera&quot;:&quot;Canon EOS R3&quot;,&quot;caption&quot;:&quot;&quot;,&quot;created_timestamp&quot;:&quot;1763413442&quot;,&quot;copyright&quot;:&quot;www.fenerbahce.org&quot;,&quot;focal_length&quot;:&quot;187&quot;,&quot;iso&quot;:&quot;6400&quot;,&quot;shutter_speed&quot;:&quot;0.000625&quot;,&quot;title&quot;:&quot;&quot;,&quot;orientation&quot;:&quot;1&quot;}\" data-image-title=\"6 &amp;#8211; 25-26 (9)\" data-image-description=\"\" data-image-caption=\"\" data-large-file=\"https:\/\/sarimelekler.biz\/wp-content\/uploads\/2025\/11\/6-25-26-9-684x1024.jpg\" \/><\/a>\n\t\t\t<\/dt><\/dl><dl class='gallery-item'>\n\t\t\t<dt class='gallery-icon landscape'>\n\t\t\t\t<a href='https:\/\/sarimelekler.biz\/?attachment_id=22198'><img loading=\"lazy\" decoding=\"async\" width=\"150\" height=\"150\" src=\"https:\/\/sarimelekler.biz\/wp-content\/uploads\/2025\/11\/6-25-26-10-150x150.jpg\" class=\"attachment-thumbnail size-thumbnail\" alt=\"\" data-attachment-id=\"22198\" data-permalink=\"https:\/\/sarimelekler.biz\/?attachment_id=22198\" data-orig-file=\"https:\/\/sarimelekler.biz\/wp-content\/uploads\/2025\/11\/6-25-26-10-scaled.jpg\" data-orig-size=\"2560,2411\" data-comments-opened=\"0\" data-image-meta=\"{&quot;aperture&quot;:&quot;2.8&quot;,&quot;credit&quot;:&quot;BURAK SALTIK&quot;,&quot;camera&quot;:&quot;Canon EOS R3&quot;,&quot;caption&quot;:&quot;&quot;,&quot;created_timestamp&quot;:&quot;1763409167&quot;,&quot;copyright&quot;:&quot;www.fenerbahce.org&quot;,&quot;focal_length&quot;:&quot;168&quot;,&quot;iso&quot;:&quot;5000&quot;,&quot;shutter_speed&quot;:&quot;0.000625&quot;,&quot;title&quot;:&quot;&quot;,&quot;orientation&quot;:&quot;1&quot;}\" data-image-title=\"6 &amp;#8211; 25-26 (10)\" data-image-description=\"\" data-image-caption=\"\" data-large-file=\"https:\/\/sarimelekler.biz\/wp-content\/uploads\/2025\/11\/6-25-26-10-1024x964.jpg\" \/><\/a>\n\t\t\t<\/dt><\/dl><dl class='gallery-item'>\n\t\t\t<dt class='gallery-icon portrait'>\n\t\t\t\t<a href='https:\/\/sarimelekler.biz\/?attachment_id=22199'><img loading=\"lazy\" decoding=\"async\" width=\"150\" height=\"150\" src=\"https:\/\/sarimelekler.biz\/wp-content\/uploads\/2025\/11\/6-25-26-11-150x150.jpg\" class=\"attachment-thumbnail size-thumbnail\" alt=\"\" data-attachment-id=\"22199\" data-permalink=\"https:\/\/sarimelekler.biz\/?attachment_id=22199\" data-orig-file=\"https:\/\/sarimelekler.biz\/wp-content\/uploads\/2025\/11\/6-25-26-11-scaled.jpg\" data-orig-size=\"1707,2560\" data-comments-opened=\"0\" data-image-meta=\"{&quot;aperture&quot;:&quot;2.8&quot;,&quot;credit&quot;:&quot;BURAK SALTIK&quot;,&quot;camera&quot;:&quot;Canon EOS R3&quot;,&quot;caption&quot;:&quot;&quot;,&quot;created_timestamp&quot;:&quot;1763411448&quot;,&quot;copyright&quot;:&quot;www.fenerbahce.org&quot;,&quot;focal_length&quot;:&quot;300&quot;,&quot;iso&quot;:&quot;5000&quot;,&quot;shutter_speed&quot;:&quot;0.000625&quot;,&quot;title&quot;:&quot;&quot;,&quot;orientation&quot;:&quot;1&quot;}\" data-image-title=\"6 &amp;#8211; 25-26 (11)\" data-image-description=\"\" data-image-caption=\"\" data-large-file=\"https:\/\/sarimelekler.biz\/wp-content\/uploads\/2025\/11\/6-25-26-11-683x1024.jpg\" \/><\/a>\n\t\t\t<\/dt><\/dl><dl class='gallery-item'>\n\t\t\t<dt class='gallery-icon landscape'>\n\t\t\t\t<a href='https:\/\/sarimelekler.biz\/?attachment_id=22193'><img loading=\"lazy\" decoding=\"async\" width=\"150\" height=\"150\" src=\"https:\/\/sarimelekler.biz\/wp-content\/uploads\/2025\/11\/6-25-26-5-150x150.jpg\" class=\"attachment-thumbnail size-thumbnail\" alt=\"\" data-attachment-id=\"22193\" data-permalink=\"https:\/\/sarimelekler.biz\/?attachment_id=22193\" data-orig-file=\"https:\/\/sarimelekler.biz\/wp-content\/uploads\/2025\/11\/6-25-26-5-scaled.jpg\" data-orig-size=\"2560,1925\" data-comments-opened=\"0\" data-image-meta=\"{&quot;aperture&quot;:&quot;2.8&quot;,&quot;credit&quot;:&quot;BURAK SALTIK&quot;,&quot;camera&quot;:&quot;Canon EOS R3&quot;,&quot;caption&quot;:&quot;&quot;,&quot;created_timestamp&quot;:&quot;1763409616&quot;,&quot;copyright&quot;:&quot;www.fenerbahce.org&quot;,&quot;focal_length&quot;:&quot;200&quot;,&quot;iso&quot;:&quot;5000&quot;,&quot;shutter_speed&quot;:&quot;0.000625&quot;,&quot;title&quot;:&quot;&quot;,&quot;orientation&quot;:&quot;1&quot;}\" data-image-title=\"6 &amp;#8211; 25-26 (5)\" data-image-description=\"\" data-image-caption=\"\" data-large-file=\"https:\/\/sarimelekler.biz\/wp-content\/uploads\/2025\/11\/6-25-26-5-1024x770.jpg\" \/><\/a>\n\t\t\t<\/dt><\/dl><br style=\"clear: both\" \/><dl class='gallery-item'>\n\t\t\t<dt class='gallery-icon landscape'>\n\t\t\t\t<a href='https:\/\/sarimelekler.biz\/?attachment_id=22194'><img loading=\"lazy\" decoding=\"async\" width=\"150\" height=\"150\" src=\"https:\/\/sarimelekler.biz\/wp-content\/uploads\/2025\/11\/6-25-26-6-150x150.jpg\" class=\"attachment-thumbnail size-thumbnail\" alt=\"\" data-attachment-id=\"22194\" data-permalink=\"https:\/\/sarimelekler.biz\/?attachment_id=22194\" data-orig-file=\"https:\/\/sarimelekler.biz\/wp-content\/uploads\/2025\/11\/6-25-26-6-scaled.jpg\" data-orig-size=\"2560,1118\" data-comments-opened=\"0\" data-image-meta=\"{&quot;aperture&quot;:&quot;3.2&quot;,&quot;credit&quot;:&quot;BURAK SALTIK&quot;,&quot;camera&quot;:&quot;Canon EOS R3&quot;,&quot;caption&quot;:&quot;&quot;,&quot;created_timestamp&quot;:&quot;1763418297&quot;,&quot;copyright&quot;:&quot;www.fenerbahce.org&quot;,&quot;focal_length&quot;:&quot;29&quot;,&quot;iso&quot;:&quot;2500&quot;,&quot;shutter_speed&quot;:&quot;0.0015625&quot;,&quot;title&quot;:&quot;&quot;,&quot;orientation&quot;:&quot;1&quot;}\" data-image-title=\"6 &amp;#8211; 25-26 (6)\" data-image-description=\"\" data-image-caption=\"\" data-large-file=\"https:\/\/sarimelekler.biz\/wp-content\/uploads\/2025\/11\/6-25-26-6-1024x447.jpg\" \/><\/a>\n\t\t\t<\/dt><\/dl><dl class='gallery-item'>\n\t\t\t<dt class='gallery-icon landscape'>\n\t\t\t\t<a href='https:\/\/sarimelekler.biz\/?attachment_id=22200'><img loading=\"lazy\" decoding=\"async\" width=\"150\" height=\"150\" src=\"https:\/\/sarimelekler.biz\/wp-content\/uploads\/2025\/11\/6-25-26-12-150x150.jpg\" class=\"attachment-thumbnail size-thumbnail\" alt=\"\" data-attachment-id=\"22200\" data-permalink=\"https:\/\/sarimelekler.biz\/?attachment_id=22200\" data-orig-file=\"https:\/\/sarimelekler.biz\/wp-content\/uploads\/2025\/11\/6-25-26-12-scaled.jpg\" data-orig-size=\"2560,1707\" data-comments-opened=\"0\" data-image-meta=\"{&quot;aperture&quot;:&quot;3.2&quot;,&quot;credit&quot;:&quot;BURAK SALTIK&quot;,&quot;camera&quot;:&quot;Canon EOS R3&quot;,&quot;caption&quot;:&quot;&quot;,&quot;created_timestamp&quot;:&quot;1763418166&quot;,&quot;copyright&quot;:&quot;www.fenerbahce.org&quot;,&quot;focal_length&quot;:&quot;28&quot;,&quot;iso&quot;:&quot;2500&quot;,&quot;shutter_speed&quot;:&quot;0.002&quot;,&quot;title&quot;:&quot;&quot;,&quot;orientation&quot;:&quot;1&quot;}\" data-image-title=\"6 &amp;#8211; 25-26 (12)\" data-image-description=\"\" data-image-caption=\"\" data-large-file=\"https:\/\/sarimelekler.biz\/wp-content\/uploads\/2025\/11\/6-25-26-12-1024x683.jpg\" \/><\/a>\n\t\t\t<\/dt><\/dl>\n\t\t\t<br style='clear: both' \/>\n\t\t<\/div>\n\n<p>Foto\u011fraf Kaynak:\u00a0<a href=\"https:\/\/www.fenerbahce.org\/haberler\/voleybol-kadin\/2025\/11\/fenerbahce-medicana-3-2-galatasaray-daikin\" target=\"_blank\" rel=\"noopener\">Fenerbah\u00e7e SK Resmi \u0130nternet Sitesi<\/a><\/p>\n<p style=\"text-align: right;\">20.11.2025<\/p>\n","protected":false},"excerpt":{"rendered":"<p>Fenerbah\u00e7e Medicana Kad\u0131n Voleybol Tak\u0131m\u0131m\u0131z, Vodafone Sultanlar Ligi 6. ma\u00e7\u0131nda \u2026 <a class=\"continue-reading-link\" href=\"https:\/\/sarimelekler.biz\/?p=22188\">Okumaya Devam Et.. <span class=\"meta-nav\">&rarr; <\/span><\/a><\/p>\n","protected":false},"author":1,"featured_media":22200,"comment_status":"closed","ping_status":"open","sticky":false,"template":"","format":"standard","meta":{"jetpack_post_was_ever_published":false,"_jetpack_newsletter_access":"","_jetpack_dont_email_post_to_subs":false,"_jetpack_newsletter_tier_id":0,"_jetpack_memberships_contains_paywalled_content":false,"_jetpack_memberships_contains_paid_content":false,"footnotes":"","jetpack_publicize_message":"","jetpack_publicize_feature_enabled":true,"jetpack_social_post_already_shared":true,"jetpack_social_options":{"image_generator_settings":{"template":"highway","default_image_id":0,"font":"","enabled":false},"version":2}},"categories":[6],"tags":[],"class_list":["post-22188","post","type-post","status-publish","format-standard","has-post-thumbnail","hentry","category-turkiye-ligi"],"jetpack_publicize_connections":[],"jetpack_featured_media_url":"https:\/\/sarimelekler.biz\/wp-content\/uploads\/2025\/11\/6-25-26-12-scaled.jpg","jetpack_sharing_enabled":true,"jetpack_shortlink":"https:\/\/wp.me\/p8npUZ-5LS","jetpack-related-posts":[{"id":21628,"url":"https:\/\/sarimelekler.biz\/?p=21628","url_meta":{"origin":22188,"position":0},"title":"Galatasaray Daikin:0 \u2013 Fenerbah\u00e7e Medicana:3","author":"Edit\u00f6r","date":"2 \u015eubat 2025","format":false,"excerpt":"Fenerbah\u00e7e Medicana Kad\u0131n Voleybol Tak\u0131m\u0131m\u0131z, Vodafone Sultanlar Ligi 19. Hafta ma\u00e7\u0131nda konuk oldu\u011fu Galatasaray Daikin tak\u0131m\u0131n\u0131 18-25, 16-25 ve 17-25'lik set skorlar\u0131yla 3-0 ma\u011flup etti. Ma\u00e7a Eda, Asl\u0131, Ana Cristina, Fedorovtseva, Drca, Vargas ve libero Gizem kadrosuyla ba\u015flayan tak\u0131m\u0131m\u0131zda yedek oyuncular\u0131m\u0131zdan Meliha ve Liza s\u00fcre ald\u0131. Ma\u00e7\u0131 15 say\u0131yla tamamlayan\u2026","rel":"","context":"&quot;T\u00fcrkiye Ligi&quot; i\u00e7inde","block_context":{"text":"T\u00fcrkiye Ligi","link":"https:\/\/sarimelekler.biz\/?cat=6"},"img":{"alt_text":"","src":"https:\/\/i0.wp.com\/sarimelekler.biz\/wp-content\/uploads\/2025\/02\/19-24-25-4.jpg?resize=350%2C200&ssl=1","width":350,"height":200,"srcset":"https:\/\/i0.wp.com\/sarimelekler.biz\/wp-content\/uploads\/2025\/02\/19-24-25-4.jpg?resize=350%2C200&ssl=1 1x, https:\/\/i0.wp.com\/sarimelekler.biz\/wp-content\/uploads\/2025\/02\/19-24-25-4.jpg?resize=525%2C300&ssl=1 1.5x, https:\/\/i0.wp.com\/sarimelekler.biz\/wp-content\/uploads\/2025\/02\/19-24-25-4.jpg?resize=700%2C400&ssl=1 2x, https:\/\/i0.wp.com\/sarimelekler.biz\/wp-content\/uploads\/2025\/02\/19-24-25-4.jpg?resize=1050%2C600&ssl=1 3x, https:\/\/i0.wp.com\/sarimelekler.biz\/wp-content\/uploads\/2025\/02\/19-24-25-4.jpg?resize=1400%2C800&ssl=1 4x"},"classes":[]},{"id":22484,"url":"https:\/\/sarimelekler.biz\/?p=22484","url_meta":{"origin":22188,"position":1},"title":"Galatasaray Daikin:0 \u2013 Fenerbah\u00e7e Medicana:3","author":"Edit\u00f6r","date":"1 \u015eubat 2026","format":false,"excerpt":"Fenerbah\u00e7e Medicana Kad\u0131n Voleybol Tak\u0131m\u0131m\u0131z, Vodafone Sultanlar Ligi 19. hafta ma\u00e7\u0131nda konuk oldu\u011fu Galatasaray Daikin tak\u0131m\u0131n\u0131 19-25, 13-25 ve 23-25\u2019lik set skorlar\u0131yla 3-0 ma\u011flup etti. Ma\u00e7a Eda, Fedorovtseva, Asl\u0131, Yaasmeen, Hande, Alessia Orro ve libero Gizem kadrosuyla ba\u015flayan tak\u0131m\u0131m\u0131zda Ana Cristina, Sude ve Arelya\u2019da s\u00fcre ald\u0131. Vargas \u00fcst solunum yolu\u2026","rel":"","context":"&quot;T\u00fcrkiye Ligi&quot; i\u00e7inde","block_context":{"text":"T\u00fcrkiye Ligi","link":"https:\/\/sarimelekler.biz\/?cat=6"},"img":{"alt_text":"","src":"https:\/\/i0.wp.com\/sarimelekler.biz\/wp-content\/uploads\/2026\/02\/19-25-26-5.jpg?resize=350%2C200&ssl=1","width":350,"height":200,"srcset":"https:\/\/i0.wp.com\/sarimelekler.biz\/wp-content\/uploads\/2026\/02\/19-25-26-5.jpg?resize=350%2C200&ssl=1 1x, https:\/\/i0.wp.com\/sarimelekler.biz\/wp-content\/uploads\/2026\/02\/19-25-26-5.jpg?resize=525%2C300&ssl=1 1.5x, https:\/\/i0.wp.com\/sarimelekler.biz\/wp-content\/uploads\/2026\/02\/19-25-26-5.jpg?resize=700%2C400&ssl=1 2x, https:\/\/i0.wp.com\/sarimelekler.biz\/wp-content\/uploads\/2026\/02\/19-25-26-5.jpg?resize=1050%2C600&ssl=1 3x, https:\/\/i0.wp.com\/sarimelekler.biz\/wp-content\/uploads\/2026\/02\/19-25-26-5.jpg?resize=1400%2C800&ssl=1 4x"},"classes":[]},{"id":21876,"url":"https:\/\/sarimelekler.biz\/?p=21876","url_meta":{"origin":22188,"position":2},"title":"Galatasaray Daikin:3 \u2013 Fenerbah\u00e7e Medicana:2","author":"Edit\u00f6r","date":"9 Nisan 2025","format":false,"excerpt":"Vodafone Sultanlar Ligini lider tamamlayan Fenerbah\u00e7e Medicana Kad\u0131n Voleybol Tak\u0131m\u0131m\u0131z, Vodafone Sultanlar Ligi Play-off turu Yar\u0131 Final ilk ma\u00e7\u0131nda ligi d\u00f6rd\u00fcnc\u00fc s\u0131rada tamamlayan Galatasaray Daikin tak\u0131m\u0131na konuk oldu. Ma\u00e7\u0131 25-23, 20-25, 25-23, 21-25 ve 15-10\u2019lik set skorlar\u0131yla 3-2 kaybeden tak\u0131m\u0131m\u0131z 2 galibiyet alan tak\u0131m\u0131n finale \u00e7\u0131kaca\u011f\u0131 seride 1-0 geriye d\u00fc\u015ft\u00fc.Ma\u00e7a\u2026","rel":"","context":"&quot;T\u00fcrkiye Ligi&quot; i\u00e7inde","block_context":{"text":"T\u00fcrkiye Ligi","link":"https:\/\/sarimelekler.biz\/?cat=6"},"img":{"alt_text":"","src":"https:\/\/i0.wp.com\/sarimelekler.biz\/wp-content\/uploads\/2025\/04\/27-24-25-2-scaled.jpeg?resize=350%2C200&ssl=1","width":350,"height":200,"srcset":"https:\/\/i0.wp.com\/sarimelekler.biz\/wp-content\/uploads\/2025\/04\/27-24-25-2-scaled.jpeg?resize=350%2C200&ssl=1 1x, https:\/\/i0.wp.com\/sarimelekler.biz\/wp-content\/uploads\/2025\/04\/27-24-25-2-scaled.jpeg?resize=525%2C300&ssl=1 1.5x, https:\/\/i0.wp.com\/sarimelekler.biz\/wp-content\/uploads\/2025\/04\/27-24-25-2-scaled.jpeg?resize=700%2C400&ssl=1 2x, https:\/\/i0.wp.com\/sarimelekler.biz\/wp-content\/uploads\/2025\/04\/27-24-25-2-scaled.jpeg?resize=1050%2C600&ssl=1 3x, https:\/\/i0.wp.com\/sarimelekler.biz\/wp-content\/uploads\/2025\/04\/27-24-25-2-scaled.jpeg?resize=1400%2C800&ssl=1 4x"},"classes":[]},{"id":21913,"url":"https:\/\/sarimelekler.biz\/?p=21913","url_meta":{"origin":22188,"position":3},"title":"Fenerbah\u00e7e Medicana:3 \u2013 Galatasaray Daikin:1","author":"Edit\u00f6r","date":"12 Nisan 2025","format":false,"excerpt":"Fenerbah\u00e7e Medicana Kad\u0131n Voleybol Tak\u0131m\u0131m\u0131z, Vodafone Sultanlar Ligi Play-off turu Yar\u0131 Final ikinci ma\u00e7\u0131nda konuk etti\u011fi Galatasaray Daikin tak\u0131m\u0131n\u0131 27-25, 18-25, 25-18 ve 25-11\u2019lik set skorlar\u0131yla 3-1 ma\u011flup ederek seride durumu 1-1\u2019e getirdi. Ma\u00e7a Eda, Asl\u0131, Fedorovtseva, Drca, Ana Cristina, Vargas ve libero Gizem kadrosuyla ba\u015flayan tak\u0131m\u0131m\u0131zda yedek oyuncular\u0131m\u0131zdan \u00d6zlem,\u2026","rel":"","context":"&quot;T\u00fcrkiye Ligi&quot; i\u00e7inde","block_context":{"text":"T\u00fcrkiye Ligi","link":"https:\/\/sarimelekler.biz\/?cat=6"},"img":{"alt_text":"","src":"https:\/\/i0.wp.com\/sarimelekler.biz\/wp-content\/uploads\/2025\/04\/28-24-25-10-scaled.jpg?resize=350%2C200&ssl=1","width":350,"height":200,"srcset":"https:\/\/i0.wp.com\/sarimelekler.biz\/wp-content\/uploads\/2025\/04\/28-24-25-10-scaled.jpg?resize=350%2C200&ssl=1 1x, https:\/\/i0.wp.com\/sarimelekler.biz\/wp-content\/uploads\/2025\/04\/28-24-25-10-scaled.jpg?resize=525%2C300&ssl=1 1.5x, https:\/\/i0.wp.com\/sarimelekler.biz\/wp-content\/uploads\/2025\/04\/28-24-25-10-scaled.jpg?resize=700%2C400&ssl=1 2x, https:\/\/i0.wp.com\/sarimelekler.biz\/wp-content\/uploads\/2025\/04\/28-24-25-10-scaled.jpg?resize=1050%2C600&ssl=1 3x, https:\/\/i0.wp.com\/sarimelekler.biz\/wp-content\/uploads\/2025\/04\/28-24-25-10-scaled.jpg?resize=1400%2C800&ssl=1 4x"},"classes":[]},{"id":21938,"url":"https:\/\/sarimelekler.biz\/?p=21938","url_meta":{"origin":22188,"position":4},"title":"Tak\u0131m\u0131m\u0131z Finale Y\u00fckseldi \/ Fenerbah\u00e7e Medicana:3 \u2013 Galatasaray Daikin:2","author":"Edit\u00f6r","date":"14 Nisan 2025","format":false,"excerpt":"Fenerbah\u00e7e Medicana Kad\u0131n Voleybol Tak\u0131m\u0131m\u0131z, Vodafone Sultanlar Ligi Play-off turu Yar\u0131 Final \u00fc\u00e7\u00fcnc\u00fc ma\u00e7\u0131nda konuk etti\u011fi Galatasaray Daikin tak\u0131m\u0131n\u0131 23-25, 25-20, 16-25, 25-13 ve 15-9\u2019lik set skorlar\u0131yla 3-2 ma\u011flup edip seride 2-1 \u00f6ne ge\u00e7erek finale y\u00fckseldi. Ma\u00e7a Eda, Asl\u0131, Fedorovtseva, Drca, Ana Cristina, Vargas ve libero Gizem kadrosuyla ba\u015flayan tak\u0131m\u0131m\u0131zda\u2026","rel":"","context":"&quot;T\u00fcrkiye Ligi&quot; i\u00e7inde","block_context":{"text":"T\u00fcrkiye Ligi","link":"https:\/\/sarimelekler.biz\/?cat=6"},"img":{"alt_text":"","src":"https:\/\/i0.wp.com\/sarimelekler.biz\/wp-content\/uploads\/2025\/04\/29-24-25-19-scaled.jpg?resize=350%2C200&ssl=1","width":350,"height":200,"srcset":"https:\/\/i0.wp.com\/sarimelekler.biz\/wp-content\/uploads\/2025\/04\/29-24-25-19-scaled.jpg?resize=350%2C200&ssl=1 1x, https:\/\/i0.wp.com\/sarimelekler.biz\/wp-content\/uploads\/2025\/04\/29-24-25-19-scaled.jpg?resize=525%2C300&ssl=1 1.5x, https:\/\/i0.wp.com\/sarimelekler.biz\/wp-content\/uploads\/2025\/04\/29-24-25-19-scaled.jpg?resize=700%2C400&ssl=1 2x, https:\/\/i0.wp.com\/sarimelekler.biz\/wp-content\/uploads\/2025\/04\/29-24-25-19-scaled.jpg?resize=1050%2C600&ssl=1 3x, https:\/\/i0.wp.com\/sarimelekler.biz\/wp-content\/uploads\/2025\/04\/29-24-25-19-scaled.jpg?resize=1400%2C800&ssl=1 4x"},"classes":[]},{"id":21318,"url":"https:\/\/sarimelekler.biz\/?p=21318","url_meta":{"origin":22188,"position":5},"title":"Fenerbah\u00e7e Medicana:3 \u2013 Galatasaray Daikin:0","author":"Edit\u00f6r","date":"9 Kas\u0131m 2024","format":false,"excerpt":"Fenerbah\u00e7e Medicana Kad\u0131n Voleybol Tak\u0131m\u0131m\u0131z, Vodafone Sultanlar Ligi 6. Hafta ma\u00e7\u0131nda konuk etti\u011fi Galatasaray Daikin tak\u0131m\u0131n\u0131 25-21, 25-16 ve 25-18\u2019l\u0131k set skorlar\u0131yla 3-0 ma\u011flup etti. Ma\u00e7a Eda, Meliha, Vargas, Drca, Asl\u0131, Ana Cristina ve libero Gizem kadrosuyla ba\u015flayan tak\u0131m\u0131m\u0131zda yedek oyuncular\u0131m\u0131zdan \u00d6zlem, Vuchkova, Elitsa Vasileva ve Arelya s\u00fcre ald\u0131. Ma\u00e7\u0131\u2026","rel":"","context":"&quot;T\u00fcrkiye Ligi&quot; i\u00e7inde","block_context":{"text":"T\u00fcrkiye Ligi","link":"https:\/\/sarimelekler.biz\/?cat=6"},"img":{"alt_text":"","src":"https:\/\/i0.wp.com\/sarimelekler.biz\/wp-content\/uploads\/2024\/11\/06-24-25-28-scaled.jpg?resize=350%2C200&ssl=1","width":350,"height":200,"srcset":"https:\/\/i0.wp.com\/sarimelekler.biz\/wp-content\/uploads\/2024\/11\/06-24-25-28-scaled.jpg?resize=350%2C200&ssl=1 1x, https:\/\/i0.wp.com\/sarimelekler.biz\/wp-content\/uploads\/2024\/11\/06-24-25-28-scaled.jpg?resize=525%2C300&ssl=1 1.5x, https:\/\/i0.wp.com\/sarimelekler.biz\/wp-content\/uploads\/2024\/11\/06-24-25-28-scaled.jpg?resize=700%2C400&ssl=1 2x, https:\/\/i0.wp.com\/sarimelekler.biz\/wp-content\/uploads\/2024\/11\/06-24-25-28-scaled.jpg?resize=1050%2C600&ssl=1 3x, https:\/\/i0.wp.com\/sarimelekler.biz\/wp-content\/uploads\/2024\/11\/06-24-25-28-scaled.jpg?resize=1400%2C800&ssl=1 4x"},"classes":[]}],"_links":{"self":[{"href":"https:\/\/sarimelekler.biz\/index.php?rest_route=\/wp\/v2\/posts\/22188","targetHints":{"allow":["GET"]}}],"collection":[{"href":"https:\/\/sarimelekler.biz\/index.php?rest_route=\/wp\/v2\/posts"}],"about":[{"href":"https:\/\/sarimelekler.biz\/index.php?rest_route=\/wp\/v2\/types\/post"}],"author":[{"embeddable":true,"href":"https:\/\/sarimelekler.biz\/index.php?rest_route=\/wp\/v2\/users\/1"}],"replies":[{"embeddable":true,"href":"https:\/\/sarimelekler.biz\/index.php?rest_route=%2Fwp%2Fv2%2Fcomments&post=22188"}],"version-history":[{"count":2,"href":"https:\/\/sarimelekler.biz\/index.php?rest_route=\/wp\/v2\/posts\/22188\/revisions"}],"predecessor-version":[{"id":22202,"href":"https:\/\/sarimelekler.biz\/index.php?rest_route=\/wp\/v2\/posts\/22188\/revisions\/22202"}],"wp:featuredmedia":[{"embeddable":true,"href":"https:\/\/sarimelekler.biz\/index.php?rest_route=\/wp\/v2\/media\/22200"}],"wp:attachment":[{"href":"https:\/\/sarimelekler.biz\/index.php?rest_route=%2Fwp%2Fv2%2Fmedia&parent=22188"}],"wp:term":[{"taxonomy":"category","embeddable":true,"href":"https:\/\/sarimelekler.biz\/index.php?rest_route=%2Fwp%2Fv2%2Fcategories&post=22188"},{"taxonomy":"post_tag","embeddable":true,"href":"https:\/\/sarimelekler.biz\/index.php?rest_route=%2Fwp%2Fv2%2Ftags&post=22188"}],"curies":[{"name":"wp","href":"https:\/\/api.w.org\/{rel}","templated":true}]}}