{"id":22211,"date":"2025-11-25T21:09:55","date_gmt":"2025-11-25T18:09:55","guid":{"rendered":"https:\/\/sarimelekler.biz\/?p=22211"},"modified":"2025-11-25T21:09:56","modified_gmt":"2025-11-25T18:09:56","slug":"fenerbahce-medicana3-benfica0","status":"publish","type":"post","link":"https:\/\/sarimelekler.biz\/?p=22211","title":{"rendered":"Fenerbah\u00e7e Medicana:3 \u2013 Benfica:0"},"content":{"rendered":"<p style=\"text-align: justify;\"><span style=\"font-size: 18px;\">Fenerbah\u00e7e Medicana Kad\u0131n Voleybol Tak\u0131m\u0131m\u0131z, Cev \u015eampiyonlar Ligi B Grubu ilk ma\u00e7\u0131nda konuk etti\u011fi Portekiz temsilcisi Benfica tak\u0131m\u0131n\u0131 25-18, 25-19 ve 25-12\u2019lik set skorlar\u0131yla 3-0 ma\u011flup ederek lige 3 puanla ba\u015flad\u0131. \u00a0Ma\u00e7a Asl\u0131, Hande, Fedorovtseva, Korneluk, Yaasmen, Arelya ve libero Gizem kadrosuyla ba\u015flayan tak\u0131m\u0131m\u0131zda yedek oyuncular\u0131m\u0131zdan Liza ve Beril\u2019de s\u00fcre ald\u0131. Ma\u00e7\u0131 21 say\u0131yla tamamlayan Fedorovtseva ma\u00e7\u0131n en skorer oyuncusu olurken ayn\u0131 zamanda da ma\u00e7\u0131n en iyi oyuncusu se\u00e7ildi. \u00a0Ma\u00e7tan \u00f6nce Benfica\u2019da oynayan eski oyuncumuz Cansu \u00c7etin\u2019e \u00e7i\u00e7ek takdim edildi. Sakatl\u0131klar\u0131 bulunan Alessia Orro ve Ana Cristina ma\u00e7ta yer almad\u0131.<\/span><br \/>\n<span style=\"font-size: 18px;\">Sar\u0131 Melekler Vodafone Sultanlar Ligi&#8217;nin 8. haftas\u0131nda 29 Kas\u0131m Cumartesi g\u00fcn\u00fc Saat:19:00&#8217;da Kuzeyboru tak\u0131m\u0131n\u0131 konuk edecek. Burhan Felek Vestel Voleybol Salonunda oynanacak ma\u00e7 TRTSpor Y\u0131ld\u0131z kanal\u0131ndan canl\u0131 yay\u0131nlanacak.<\/span><br \/>\n<span style=\"font-size: 18px;\">Tak\u0131m\u0131m\u0131z\u0131 bu galibiyetten dolay\u0131 kutlar\u0131z.<\/span><\/p>\n<p style=\"text-align: justify;\"><span style=\"font-size: 18px;\">Bu ma\u00e7\u0131n istatistikleri:<\/span><br \/>\n<span style=\"font-size: 18px;\">Fedorovtseva\u00a0 : 21 Say\u0131\u00a0 \u2013 (6 Servis, 1 Blok) \u00a0\u00a0% 54\u00a0 (26 H\u00fccum)<\/span><br \/>\n<span style=\"font-size: 18px;\">Yaasmeen\u00a0\u00a0\u00a0\u00a0 \u00a0\u00a0: 13 Say\u0131\u00a0 \u2013 (3 Blok)\u00a0\u00a0 \u00a0\u00a0\u00a0\u00a0\u00a0\u00a0\u00a0\u00a0\u00a0\u00a0\u00a0\u00a0\u00a0\u00a0\u00a0% 45\u00a0 (22 H\u00fccum)<\/span><br \/>\n<span style=\"font-size: 18px;\">Hande\u00a0\u00a0\u00a0\u00a0\u00a0\u00a0\u00a0\u00a0\u00a0\u00a0\u00a0\u00a0 : 09 Say\u0131\u00a0 \u2013 (1 Blok)\u00a0\u00a0 \u00a0\u00a0\u00a0\u00a0\u00a0\u00a0\u00a0\u00a0\u00a0\u00a0\u00a0\u00a0\u00a0\u00a0\u00a0% 38\u00a0 (21 H\u00fccum)<\/span><br \/>\n<span style=\"font-size: 18px;\">Korneluk\u00a0\u00a0\u00a0\u00a0 \u00a0\u00a0\u00a0\u00a0: 08 Say\u0131\u00a0 \u2013 (4 Blok)\u00a0\u00a0\u00a0\u00a0\u00a0\u00a0\u00a0\u00a0\u00a0\u00a0\u00a0\u00a0\u00a0\u00a0\u00a0\u00a0 \u00a0% 71\u00a0 (07 H\u00fccum)<\/span><br \/>\n<span style=\"font-size: 18px;\">Asl\u0131\u00a0\u00a0\u00a0\u00a0\u00a0\u00a0\u00a0\u00a0\u00a0\u00a0\u00a0\u00a0\u00a0\u00a0\u00a0\u00a0 : 06 Say\u0131\u00a0 \u2013 (2 Blok)<\/span><br \/>\n<span style=\"font-size: 18px;\">Arelya\u00a0 \u00a0 \u00a0 \u00a0 \u00a0 \u00a0 \u00a0: 01 Say\u0131 &#8211; (1 Blok)<\/span><br \/>\n<span style=\"font-size: 18px;\">Liza\u00a0 \u00a0 \u00a0 \u00a0 \u00a0 \u00a0 \u00a0 \u00a0 \u00a0: 01 Say\u0131<\/span><\/p>\n<p style=\"text-align: justify;\"><span style=\"font-size: 18px;\">Servis Kar\u015f\u0131lama:<\/span><br \/>\n<span style=\"font-size: 18px;\">Gizem\u00a0\u00a0\u00a0\u00a0\u00a0\u00a0\u00a0\u00a0\u00a0\u00a0\u00a0\u00a0 : % 44 \u2013 % 44\u00a0 M\u00fckemmel\u00a0 (09 Kar\u015f\u0131lama)<\/span><br \/>\n<span style=\"font-size: 18px;\">Hande\u00a0\u00a0\u00a0\u00a0\u00a0\u00a0\u00a0\u00a0\u00a0\u00a0\u00a0\u00a0 : % 62 \u2013 % 43\u00a0 M\u00fckemmel\u00a0 (21 Kar\u015f\u0131lama)<\/span><br \/>\n<span style=\"font-size: 18px;\">Fedorovtseva\u00a0 : % 38 \u2013 % 23\u00a0 M\u00fckemmel\u00a0 (13 Kar\u015f\u0131lama)<\/span><\/p>\n<p style=\"text-align: justify;\"><span style=\"font-size: 18px;\">+\/- (Kazand\u0131\u011f\u0131\/Kaybetti\u011fi)<\/span><br \/>\n<span style=\"font-size: 18px;\">Fedorovtseva\u00a0 :11<\/span><br \/>\n<span style=\"font-size: 18px;\">Yaasmeen\u00a0 \u00a0\u00a0\u00a0\u00a0\u00a0:06<\/span><br \/>\n<span style=\"font-size: 18px;\">Korneluk\u00a0\u00a0\u00a0\u00a0 \u00a0\u00a0\u00a0\u00a0:06<\/span><br \/>\n<span style=\"font-size: 18px;\">Hande\u00a0\u00a0\u00a0\u00a0\u00a0\u00a0\u00a0\u00a0\u00a0\u00a0\u00a0\u00a0 :02<\/span><br \/>\n<span style=\"font-size: 18px;\">Asl\u0131\u00a0\u00a0\u00a0\u00a0\u00a0\u00a0\u00a0\u00a0\u00a0\u00a0\u00a0\u00a0\u00a0\u00a0\u00a0\u00a0 :02<\/span><br \/>\n<span style=\"font-size: 18px;\">Liza \u00a0\u00a0\u00a0\u00a0\u00a0\u00a0\u00a0\u00a0\u00a0\u00a0\u00a0\u00a0\u00a0\u00a0\u00a0\u00a0:01<\/span><br \/>\n<span style=\"font-size: 18px;\">Gizem\u00a0\u00a0\u00a0\u00a0\u00a0\u00a0\u00a0\u00a0 \u00a0\u00a0\u00a0\u00a0: -1<\/span><br \/>\n<span style=\"font-size: 18px;\">Arelya \u00a0\u00a0\u00a0\u00a0\u00a0\u00a0\u00a0\u00a0\u00a0\u00a0\u00a0\u00a0: -4<\/span><\/p>\n\n\t\t<style type=\"text\/css\">\n\t\t\t#gallery-1 {\n\t\t\t\tmargin: auto;\n\t\t\t}\n\t\t\t#gallery-1 .gallery-item {\n\t\t\t\tfloat: left;\n\t\t\t\tmargin-top: 10px;\n\t\t\t\ttext-align: center;\n\t\t\t\twidth: 20%;\n\t\t\t}\n\t\t\t#gallery-1 img {\n\t\t\t\tborder: 2px solid #cfcfcf;\n\t\t\t}\n\t\t\t#gallery-1 .gallery-caption {\n\t\t\t\tmargin-left: 0;\n\t\t\t}\n\t\t\t\/* see gallery_shortcode() in wp-includes\/media.php *\/\n\t\t<\/style>\n\t\t<div data-carousel-extra='{&quot;blog_id&quot;:1,&quot;permalink&quot;:&quot;https:\/\/sarimelekler.biz\/?p=22211&quot;}' id='gallery-1' class='gallery galleryid-22211 gallery-columns-5 gallery-size-thumbnail'><dl class='gallery-item'>\n\t\t\t<dt class='gallery-icon landscape'>\n\t\t\t\t<a href='https:\/\/sarimelekler.biz\/?attachment_id=22227'><img loading=\"lazy\" decoding=\"async\" width=\"150\" height=\"150\" src=\"https:\/\/sarimelekler.biz\/wp-content\/uploads\/2025\/11\/01-25-26-CL-15-150x150.jpg\" class=\"attachment-thumbnail size-thumbnail\" alt=\"\" data-attachment-id=\"22227\" data-permalink=\"https:\/\/sarimelekler.biz\/?attachment_id=22227\" data-orig-file=\"https:\/\/sarimelekler.biz\/wp-content\/uploads\/2025\/11\/01-25-26-CL-15-scaled.jpg\" data-orig-size=\"2560,1706\" data-comments-opened=\"0\" data-image-meta=\"{&quot;aperture&quot;:&quot;3.2&quot;,&quot;credit&quot;:&quot;BURAK SALTIK&quot;,&quot;camera&quot;:&quot;Canon EOS R3&quot;,&quot;caption&quot;:&quot;&quot;,&quot;created_timestamp&quot;:&quot;1763837064&quot;,&quot;copyright&quot;:&quot;www.fenerbahce.org&quot;,&quot;focal_length&quot;:&quot;28&quot;,&quot;iso&quot;:&quot;2500&quot;,&quot;shutter_speed&quot;:&quot;0.0015625&quot;,&quot;title&quot;:&quot;&quot;,&quot;orientation&quot;:&quot;1&quot;}\" data-image-title=\"01 &amp;#8211; 25-26 CL (15)\" data-image-description=\"\" data-image-caption=\"\" data-large-file=\"https:\/\/sarimelekler.biz\/wp-content\/uploads\/2025\/11\/01-25-26-CL-15-1024x683.jpg\" \/><\/a>\n\t\t\t<\/dt><\/dl><dl class='gallery-item'>\n\t\t\t<dt class='gallery-icon landscape'>\n\t\t\t\t<a href='https:\/\/sarimelekler.biz\/?attachment_id=22222'><img loading=\"lazy\" decoding=\"async\" width=\"150\" height=\"150\" src=\"https:\/\/sarimelekler.biz\/wp-content\/uploads\/2025\/11\/01-25-26-CL-1-150x150.jpg\" class=\"attachment-thumbnail size-thumbnail\" alt=\"\" data-attachment-id=\"22222\" data-permalink=\"https:\/\/sarimelekler.biz\/?attachment_id=22222\" data-orig-file=\"https:\/\/sarimelekler.biz\/wp-content\/uploads\/2025\/11\/01-25-26-CL-1-scaled.jpg\" data-orig-size=\"2560,1706\" data-comments-opened=\"0\" data-image-meta=\"{&quot;aperture&quot;:&quot;3.2&quot;,&quot;credit&quot;:&quot;BURAK SALTIK&quot;,&quot;camera&quot;:&quot;Canon EOS R3&quot;,&quot;caption&quot;:&quot;&quot;,&quot;created_timestamp&quot;:&quot;1763837014&quot;,&quot;copyright&quot;:&quot;www.fenerbahce.org&quot;,&quot;focal_length&quot;:&quot;43&quot;,&quot;iso&quot;:&quot;2500&quot;,&quot;shutter_speed&quot;:&quot;0.002&quot;,&quot;title&quot;:&quot;&quot;,&quot;orientation&quot;:&quot;1&quot;}\" data-image-title=\"01 &amp;#8211; 25-26 CL (1)\" data-image-description=\"\" data-image-caption=\"\" data-large-file=\"https:\/\/sarimelekler.biz\/wp-content\/uploads\/2025\/11\/01-25-26-CL-1-1024x683.jpg\" \/><\/a>\n\t\t\t<\/dt><\/dl><dl class='gallery-item'>\n\t\t\t<dt class='gallery-icon landscape'>\n\t\t\t\t<a href='https:\/\/sarimelekler.biz\/?attachment_id=22214'><img loading=\"lazy\" decoding=\"async\" width=\"150\" height=\"150\" src=\"https:\/\/sarimelekler.biz\/wp-content\/uploads\/2025\/11\/01-25-26-CL-6-150x150.jpg\" class=\"attachment-thumbnail size-thumbnail\" alt=\"\" data-attachment-id=\"22214\" data-permalink=\"https:\/\/sarimelekler.biz\/?attachment_id=22214\" data-orig-file=\"https:\/\/sarimelekler.biz\/wp-content\/uploads\/2025\/11\/01-25-26-CL-6-scaled.jpg\" data-orig-size=\"2560,1706\" data-comments-opened=\"0\" data-image-meta=\"{&quot;aperture&quot;:&quot;2.8&quot;,&quot;credit&quot;:&quot;BURAK SALTIK&quot;,&quot;camera&quot;:&quot;Canon EOS R3&quot;,&quot;caption&quot;:&quot;&quot;,&quot;created_timestamp&quot;:&quot;1763841916&quot;,&quot;copyright&quot;:&quot;www.fenerbahce.org&quot;,&quot;focal_length&quot;:&quot;115&quot;,&quot;iso&quot;:&quot;4000&quot;,&quot;shutter_speed&quot;:&quot;0.0008&quot;,&quot;title&quot;:&quot;&quot;,&quot;orientation&quot;:&quot;1&quot;}\" data-image-title=\"01 &amp;#8211; 25-26 CL (6)\" data-image-description=\"\" data-image-caption=\"\" data-large-file=\"https:\/\/sarimelekler.biz\/wp-content\/uploads\/2025\/11\/01-25-26-CL-6-1024x683.jpg\" \/><\/a>\n\t\t\t<\/dt><\/dl><dl class='gallery-item'>\n\t\t\t<dt class='gallery-icon landscape'>\n\t\t\t\t<a href='https:\/\/sarimelekler.biz\/?attachment_id=22217'><img loading=\"lazy\" decoding=\"async\" width=\"150\" height=\"150\" src=\"https:\/\/sarimelekler.biz\/wp-content\/uploads\/2025\/11\/01-25-26-CL-9-150x150.jpg\" class=\"attachment-thumbnail size-thumbnail\" alt=\"\" data-attachment-id=\"22217\" data-permalink=\"https:\/\/sarimelekler.biz\/?attachment_id=22217\" data-orig-file=\"https:\/\/sarimelekler.biz\/wp-content\/uploads\/2025\/11\/01-25-26-CL-9-scaled.jpg\" data-orig-size=\"2560,1706\" data-comments-opened=\"0\" data-image-meta=\"{&quot;aperture&quot;:&quot;2.8&quot;,&quot;credit&quot;:&quot;BURAK SALTIK&quot;,&quot;camera&quot;:&quot;Canon EOS R3&quot;,&quot;caption&quot;:&quot;&quot;,&quot;created_timestamp&quot;:&quot;1763839119&quot;,&quot;copyright&quot;:&quot;www.fenerbahce.org&quot;,&quot;focal_length&quot;:&quot;187&quot;,&quot;iso&quot;:&quot;5000&quot;,&quot;shutter_speed&quot;:&quot;0.000625&quot;,&quot;title&quot;:&quot;&quot;,&quot;orientation&quot;:&quot;1&quot;}\" data-image-title=\"01 &amp;#8211; 25-26 CL (9)\" data-image-description=\"\" data-image-caption=\"\" data-large-file=\"https:\/\/sarimelekler.biz\/wp-content\/uploads\/2025\/11\/01-25-26-CL-9-1024x683.jpg\" \/><\/a>\n\t\t\t<\/dt><\/dl><dl class='gallery-item'>\n\t\t\t<dt class='gallery-icon landscape'>\n\t\t\t\t<a href='https:\/\/sarimelekler.biz\/?attachment_id=22218'><img loading=\"lazy\" decoding=\"async\" width=\"150\" height=\"150\" src=\"https:\/\/sarimelekler.biz\/wp-content\/uploads\/2025\/11\/01-25-26-CL-10-150x150.jpg\" class=\"attachment-thumbnail size-thumbnail\" alt=\"\" data-attachment-id=\"22218\" data-permalink=\"https:\/\/sarimelekler.biz\/?attachment_id=22218\" data-orig-file=\"https:\/\/sarimelekler.biz\/wp-content\/uploads\/2025\/11\/01-25-26-CL-10-scaled.jpg\" data-orig-size=\"2560,1710\" data-comments-opened=\"0\" data-image-meta=\"{&quot;aperture&quot;:&quot;2.8&quot;,&quot;credit&quot;:&quot;BURAK SALTIK&quot;,&quot;camera&quot;:&quot;Canon EOS R3&quot;,&quot;caption&quot;:&quot;&quot;,&quot;created_timestamp&quot;:&quot;1763839154&quot;,&quot;copyright&quot;:&quot;www.fenerbahce.org&quot;,&quot;focal_length&quot;:&quot;200&quot;,&quot;iso&quot;:&quot;5000&quot;,&quot;shutter_speed&quot;:&quot;0.000625&quot;,&quot;title&quot;:&quot;&quot;,&quot;orientation&quot;:&quot;1&quot;}\" data-image-title=\"01 &amp;#8211; 25-26 CL (10)\" data-image-description=\"\" data-image-caption=\"\" data-large-file=\"https:\/\/sarimelekler.biz\/wp-content\/uploads\/2025\/11\/01-25-26-CL-10-1024x684.jpg\" \/><\/a>\n\t\t\t<\/dt><\/dl><br style=\"clear: both\" \/><dl class='gallery-item'>\n\t\t\t<dt class='gallery-icon portrait'>\n\t\t\t\t<a href='https:\/\/sarimelekler.biz\/?attachment_id=22219'><img loading=\"lazy\" decoding=\"async\" width=\"150\" height=\"150\" src=\"https:\/\/sarimelekler.biz\/wp-content\/uploads\/2025\/11\/01-25-26-CL-11-150x150.jpg\" class=\"attachment-thumbnail size-thumbnail\" alt=\"\" data-attachment-id=\"22219\" data-permalink=\"https:\/\/sarimelekler.biz\/?attachment_id=22219\" data-orig-file=\"https:\/\/sarimelekler.biz\/wp-content\/uploads\/2025\/11\/01-25-26-CL-11-scaled.jpg\" data-orig-size=\"1711,2560\" data-comments-opened=\"0\" data-image-meta=\"{&quot;aperture&quot;:&quot;2.8&quot;,&quot;credit&quot;:&quot;BURAK SALTIK&quot;,&quot;camera&quot;:&quot;Canon EOS R3&quot;,&quot;caption&quot;:&quot;&quot;,&quot;created_timestamp&quot;:&quot;1763838105&quot;,&quot;copyright&quot;:&quot;www.fenerbahce.org&quot;,&quot;focal_length&quot;:&quot;111&quot;,&quot;iso&quot;:&quot;5000&quot;,&quot;shutter_speed&quot;:&quot;0.000625&quot;,&quot;title&quot;:&quot;&quot;,&quot;orientation&quot;:&quot;1&quot;}\" data-image-title=\"01 &amp;#8211; 25-26 CL (11)\" data-image-description=\"\" data-image-caption=\"\" data-large-file=\"https:\/\/sarimelekler.biz\/wp-content\/uploads\/2025\/11\/01-25-26-CL-11-684x1024.jpg\" \/><\/a>\n\t\t\t<\/dt><\/dl><dl class='gallery-item'>\n\t\t\t<dt class='gallery-icon landscape'>\n\t\t\t\t<a href='https:\/\/sarimelekler.biz\/?attachment_id=22223'><img loading=\"lazy\" decoding=\"async\" width=\"150\" height=\"150\" src=\"https:\/\/sarimelekler.biz\/wp-content\/uploads\/2025\/11\/01-25-26-CL-2-150x150.jpg\" class=\"attachment-thumbnail size-thumbnail\" alt=\"\" data-attachment-id=\"22223\" data-permalink=\"https:\/\/sarimelekler.biz\/?attachment_id=22223\" data-orig-file=\"https:\/\/sarimelekler.biz\/wp-content\/uploads\/2025\/11\/01-25-26-CL-2-scaled.jpg\" data-orig-size=\"2560,1706\" data-comments-opened=\"0\" data-image-meta=\"{&quot;aperture&quot;:&quot;2.8&quot;,&quot;credit&quot;:&quot;BURAK SALTIK&quot;,&quot;camera&quot;:&quot;Canon EOS R3&quot;,&quot;caption&quot;:&quot;&quot;,&quot;created_timestamp&quot;:&quot;1763838377&quot;,&quot;copyright&quot;:&quot;www.fenerbahce.org&quot;,&quot;focal_length&quot;:&quot;135&quot;,&quot;iso&quot;:&quot;5000&quot;,&quot;shutter_speed&quot;:&quot;0.0008&quot;,&quot;title&quot;:&quot;&quot;,&quot;orientation&quot;:&quot;1&quot;}\" data-image-title=\"01 &amp;#8211; 25-26 CL (2)\" data-image-description=\"\" data-image-caption=\"\" data-large-file=\"https:\/\/sarimelekler.biz\/wp-content\/uploads\/2025\/11\/01-25-26-CL-2-1024x683.jpg\" \/><\/a>\n\t\t\t<\/dt><\/dl><dl class='gallery-item'>\n\t\t\t<dt class='gallery-icon landscape'>\n\t\t\t\t<a href='https:\/\/sarimelekler.biz\/?attachment_id=22224'><img loading=\"lazy\" decoding=\"async\" width=\"150\" height=\"150\" src=\"https:\/\/sarimelekler.biz\/wp-content\/uploads\/2025\/11\/01-25-26-CL-3-150x150.jpg\" class=\"attachment-thumbnail size-thumbnail\" alt=\"\" data-attachment-id=\"22224\" data-permalink=\"https:\/\/sarimelekler.biz\/?attachment_id=22224\" data-orig-file=\"https:\/\/sarimelekler.biz\/wp-content\/uploads\/2025\/11\/01-25-26-CL-3-scaled.jpg\" data-orig-size=\"2560,1706\" data-comments-opened=\"0\" data-image-meta=\"{&quot;aperture&quot;:&quot;2.8&quot;,&quot;credit&quot;:&quot;BURAK SALTIK&quot;,&quot;camera&quot;:&quot;Canon EOS R3&quot;,&quot;caption&quot;:&quot;&quot;,&quot;created_timestamp&quot;:&quot;1763841496&quot;,&quot;copyright&quot;:&quot;www.fenerbahce.org&quot;,&quot;focal_length&quot;:&quot;182&quot;,&quot;iso&quot;:&quot;4000&quot;,&quot;shutter_speed&quot;:&quot;0.002&quot;,&quot;title&quot;:&quot;&quot;,&quot;orientation&quot;:&quot;1&quot;}\" data-image-title=\"01 &amp;#8211; 25-26 CL (3)\" data-image-description=\"\" data-image-caption=\"\" data-large-file=\"https:\/\/sarimelekler.biz\/wp-content\/uploads\/2025\/11\/01-25-26-CL-3-1024x683.jpg\" \/><\/a>\n\t\t\t<\/dt><\/dl><dl class='gallery-item'>\n\t\t\t<dt class='gallery-icon landscape'>\n\t\t\t\t<a href='https:\/\/sarimelekler.biz\/?attachment_id=22220'><img loading=\"lazy\" decoding=\"async\" width=\"150\" height=\"150\" src=\"https:\/\/sarimelekler.biz\/wp-content\/uploads\/2025\/11\/01-25-26-CL-12-150x150.jpg\" class=\"attachment-thumbnail size-thumbnail\" alt=\"\" data-attachment-id=\"22220\" data-permalink=\"https:\/\/sarimelekler.biz\/?attachment_id=22220\" data-orig-file=\"https:\/\/sarimelekler.biz\/wp-content\/uploads\/2025\/11\/01-25-26-CL-12-scaled.jpg\" data-orig-size=\"2560,1706\" data-comments-opened=\"0\" data-image-meta=\"{&quot;aperture&quot;:&quot;3.2&quot;,&quot;credit&quot;:&quot;BURAK SALTIK&quot;,&quot;camera&quot;:&quot;Canon EOS R3&quot;,&quot;caption&quot;:&quot;&quot;,&quot;created_timestamp&quot;:&quot;1763841066&quot;,&quot;copyright&quot;:&quot;www.fenerbahce.org&quot;,&quot;focal_length&quot;:&quot;70&quot;,&quot;iso&quot;:&quot;5000&quot;,&quot;shutter_speed&quot;:&quot;0.000625&quot;,&quot;title&quot;:&quot;&quot;,&quot;orientation&quot;:&quot;1&quot;}\" data-image-title=\"01 &amp;#8211; 25-26 CL (12)\" data-image-description=\"\" data-image-caption=\"\" data-large-file=\"https:\/\/sarimelekler.biz\/wp-content\/uploads\/2025\/11\/01-25-26-CL-12-1024x683.jpg\" \/><\/a>\n\t\t\t<\/dt><\/dl><dl class='gallery-item'>\n\t\t\t<dt class='gallery-icon landscape'>\n\t\t\t\t<a href='https:\/\/sarimelekler.biz\/?attachment_id=22213'><img loading=\"lazy\" decoding=\"async\" width=\"150\" height=\"150\" src=\"https:\/\/sarimelekler.biz\/wp-content\/uploads\/2025\/11\/01-25-26-CL-5-150x150.jpg\" class=\"attachment-thumbnail size-thumbnail\" alt=\"\" data-attachment-id=\"22213\" data-permalink=\"https:\/\/sarimelekler.biz\/?attachment_id=22213\" data-orig-file=\"https:\/\/sarimelekler.biz\/wp-content\/uploads\/2025\/11\/01-25-26-CL-5-scaled.jpg\" data-orig-size=\"2560,1706\" data-comments-opened=\"0\" data-image-meta=\"{&quot;aperture&quot;:&quot;2.8&quot;,&quot;credit&quot;:&quot;BURAK SALTIK&quot;,&quot;camera&quot;:&quot;Canon EOS R3&quot;,&quot;caption&quot;:&quot;&quot;,&quot;created_timestamp&quot;:&quot;1763839736&quot;,&quot;copyright&quot;:&quot;www.fenerbahce.org&quot;,&quot;focal_length&quot;:&quot;200&quot;,&quot;iso&quot;:&quot;5000&quot;,&quot;shutter_speed&quot;:&quot;0.003125&quot;,&quot;title&quot;:&quot;&quot;,&quot;orientation&quot;:&quot;1&quot;}\" data-image-title=\"01 &amp;#8211; 25-26 CL (5)\" data-image-description=\"\" data-image-caption=\"\" data-large-file=\"https:\/\/sarimelekler.biz\/wp-content\/uploads\/2025\/11\/01-25-26-CL-5-1024x683.jpg\" \/><\/a>\n\t\t\t<\/dt><\/dl><br style=\"clear: both\" \/><dl class='gallery-item'>\n\t\t\t<dt class='gallery-icon landscape'>\n\t\t\t\t<a href='https:\/\/sarimelekler.biz\/?attachment_id=22215'><img loading=\"lazy\" decoding=\"async\" width=\"150\" height=\"150\" src=\"https:\/\/sarimelekler.biz\/wp-content\/uploads\/2025\/11\/01-25-26-CL-7-150x150.jpg\" class=\"attachment-thumbnail size-thumbnail\" alt=\"\" data-attachment-id=\"22215\" data-permalink=\"https:\/\/sarimelekler.biz\/?attachment_id=22215\" data-orig-file=\"https:\/\/sarimelekler.biz\/wp-content\/uploads\/2025\/11\/01-25-26-CL-7-scaled.jpg\" data-orig-size=\"2560,1703\" data-comments-opened=\"0\" data-image-meta=\"{&quot;aperture&quot;:&quot;2.8&quot;,&quot;credit&quot;:&quot;BURAK SALTIK&quot;,&quot;camera&quot;:&quot;Canon EOS R3&quot;,&quot;caption&quot;:&quot;&quot;,&quot;created_timestamp&quot;:&quot;1763839680&quot;,&quot;copyright&quot;:&quot;www.fenerbahce.org&quot;,&quot;focal_length&quot;:&quot;200&quot;,&quot;iso&quot;:&quot;5000&quot;,&quot;shutter_speed&quot;:&quot;0.003125&quot;,&quot;title&quot;:&quot;&quot;,&quot;orientation&quot;:&quot;1&quot;}\" data-image-title=\"01 &amp;#8211; 25-26 CL (7)\" data-image-description=\"\" data-image-caption=\"\" data-large-file=\"https:\/\/sarimelekler.biz\/wp-content\/uploads\/2025\/11\/01-25-26-CL-7-1024x681.jpg\" \/><\/a>\n\t\t\t<\/dt><\/dl><dl class='gallery-item'>\n\t\t\t<dt class='gallery-icon landscape'>\n\t\t\t\t<a href='https:\/\/sarimelekler.biz\/?attachment_id=22221'><img loading=\"lazy\" decoding=\"async\" width=\"150\" height=\"150\" src=\"https:\/\/sarimelekler.biz\/wp-content\/uploads\/2025\/11\/01-25-26-CL-13-150x150.jpg\" class=\"attachment-thumbnail size-thumbnail\" alt=\"\" data-attachment-id=\"22221\" data-permalink=\"https:\/\/sarimelekler.biz\/?attachment_id=22221\" data-orig-file=\"https:\/\/sarimelekler.biz\/wp-content\/uploads\/2025\/11\/01-25-26-CL-13-scaled.jpg\" data-orig-size=\"2560,1706\" data-comments-opened=\"0\" data-image-meta=\"{&quot;aperture&quot;:&quot;3.5&quot;,&quot;credit&quot;:&quot;BURAK SALTIK&quot;,&quot;camera&quot;:&quot;Canon EOS R3&quot;,&quot;caption&quot;:&quot;&quot;,&quot;created_timestamp&quot;:&quot;1763842816&quot;,&quot;copyright&quot;:&quot;www.fenerbahce.org&quot;,&quot;focal_length&quot;:&quot;35&quot;,&quot;iso&quot;:&quot;3200&quot;,&quot;shutter_speed&quot;:&quot;0.002&quot;,&quot;title&quot;:&quot;&quot;,&quot;orientation&quot;:&quot;1&quot;}\" data-image-title=\"01 &amp;#8211; 25-26 CL (13)\" data-image-description=\"\" data-image-caption=\"\" data-large-file=\"https:\/\/sarimelekler.biz\/wp-content\/uploads\/2025\/11\/01-25-26-CL-13-1024x683.jpg\" \/><\/a>\n\t\t\t<\/dt><\/dl><dl class='gallery-item'>\n\t\t\t<dt class='gallery-icon landscape'>\n\t\t\t\t<a href='https:\/\/sarimelekler.biz\/?attachment_id=22216'><img loading=\"lazy\" decoding=\"async\" width=\"150\" height=\"150\" src=\"https:\/\/sarimelekler.biz\/wp-content\/uploads\/2025\/11\/01-25-26-CL-8-150x150.jpg\" class=\"attachment-thumbnail size-thumbnail\" alt=\"\" data-attachment-id=\"22216\" data-permalink=\"https:\/\/sarimelekler.biz\/?attachment_id=22216\" data-orig-file=\"https:\/\/sarimelekler.biz\/wp-content\/uploads\/2025\/11\/01-25-26-CL-8-scaled.jpg\" data-orig-size=\"2560,1706\" data-comments-opened=\"0\" data-image-meta=\"{&quot;aperture&quot;:&quot;3.2&quot;,&quot;credit&quot;:&quot;BURAK SALTIK&quot;,&quot;camera&quot;:&quot;Canon EOS R3&quot;,&quot;caption&quot;:&quot;&quot;,&quot;created_timestamp&quot;:&quot;1763842704&quot;,&quot;copyright&quot;:&quot;www.fenerbahce.org&quot;,&quot;focal_length&quot;:&quot;28&quot;,&quot;iso&quot;:&quot;4000&quot;,&quot;shutter_speed&quot;:&quot;0.00125&quot;,&quot;title&quot;:&quot;&quot;,&quot;orientation&quot;:&quot;1&quot;}\" data-image-title=\"01 &amp;#8211; 25-26 CL (8)\" data-image-description=\"\" data-image-caption=\"\" data-large-file=\"https:\/\/sarimelekler.biz\/wp-content\/uploads\/2025\/11\/01-25-26-CL-8-1024x683.jpg\" \/><\/a>\n\t\t\t<\/dt><\/dl>\n\t\t\t<br style='clear: both' \/>\n\t\t<\/div>\n\n<p>Foto\u011fraf Kaynak:\u00a0<a href=\"https:\/\/www.fenerbahce.org\/haberler\/voleybol-kadin\/2025\/11\/fenerbahce-medicana-cev-kadinlar-sampiyonlar-ligi-ne-galibiyetle-basladi\" target=\"_blank\" rel=\"noopener\">Fenerbah\u00e7e SK Resmi \u0130nternet Sitesi<\/a><\/p>\n<p style=\"text-align: right;\">25.11.2025<\/p>\n","protected":false},"excerpt":{"rendered":"<p>Fenerbah\u00e7e Medicana Kad\u0131n Voleybol Tak\u0131m\u0131m\u0131z, Cev \u015eampiyonlar Ligi B Grubu \u2026 <a class=\"continue-reading-link\" href=\"https:\/\/sarimelekler.biz\/?p=22211\">Okumaya Devam Et.. <span class=\"meta-nav\">&rarr; <\/span><\/a><\/p>\n","protected":false},"author":1,"featured_media":22221,"comment_status":"closed","ping_status":"open","sticky":false,"template":"","format":"standard","meta":{"jetpack_post_was_ever_published":false,"_jetpack_newsletter_access":"","_jetpack_dont_email_post_to_subs":false,"_jetpack_newsletter_tier_id":0,"_jetpack_memberships_contains_paywalled_content":false,"_jetpack_memberships_contains_paid_content":false,"footnotes":"","jetpack_publicize_message":"","jetpack_publicize_feature_enabled":true,"jetpack_social_post_already_shared":true,"jetpack_social_options":{"image_generator_settings":{"template":"highway","default_image_id":0,"font":"","enabled":false},"version":2}},"categories":[1],"tags":[],"class_list":["post-22211","post","type-post","status-publish","format-standard","has-post-thumbnail","hentry","category-avp"],"jetpack_publicize_connections":[],"jetpack_featured_media_url":"https:\/\/sarimelekler.biz\/wp-content\/uploads\/2025\/11\/01-25-26-CL-13-scaled.jpg","jetpack_sharing_enabled":true,"jetpack_shortlink":"https:\/\/wp.me\/p8npUZ-5Mf","jetpack-related-posts":[{"id":22203,"url":"https:\/\/sarimelekler.biz\/?p=22203","url_meta":{"origin":22211,"position":0},"title":"Ayd\u0131n B\u00fcy\u00fck\u015fehir Belediyespor:1 \u2013 Fenerbah\u00e7e Medicana:3","author":"Edit\u00f6r","date":"23 Kas\u0131m 2025","format":false,"excerpt":"Fenerbah\u00e7e Medicana Kad\u0131n Voleybol Tak\u0131m\u0131m\u0131z, Vodafone Sultanlar Ligi 7. ma\u00e7\u0131nda konuk oldu\u011fu Ayd\u0131n B\u00fcy\u00fck\u015fehir Belediyespor tak\u0131m\u0131n\u0131 26-24, 24-26, 17-25 ve 14-25\u2019lik set skorlar\u0131yla 3-1 ma\u011flup etti. Ma\u00e7a Eda, Hande, Korneluk, Fedorovtseva, Yaasmeen, Arelya ve libero Gizem kadrosuyla ba\u015flayan tak\u0131m\u0131m\u0131zda yedek oyuncular\u0131m\u0131zdan Helin, Milenkovic, Asl\u0131 ve Vargas\u2019ta s\u00fcre ald\u0131. Ma\u00e7\u0131 26\u2026","rel":"","context":"&quot;T\u00fcrkiye Ligi&quot; i\u00e7inde","block_context":{"text":"T\u00fcrkiye Ligi","link":"https:\/\/sarimelekler.biz\/?cat=6"},"img":{"alt_text":"","src":"https:\/\/i0.wp.com\/sarimelekler.biz\/wp-content\/uploads\/2025\/11\/07-25-26-5.jpeg?resize=350%2C200&ssl=1","width":350,"height":200,"srcset":"https:\/\/i0.wp.com\/sarimelekler.biz\/wp-content\/uploads\/2025\/11\/07-25-26-5.jpeg?resize=350%2C200&ssl=1 1x, https:\/\/i0.wp.com\/sarimelekler.biz\/wp-content\/uploads\/2025\/11\/07-25-26-5.jpeg?resize=525%2C300&ssl=1 1.5x, https:\/\/i0.wp.com\/sarimelekler.biz\/wp-content\/uploads\/2025\/11\/07-25-26-5.jpeg?resize=700%2C400&ssl=1 2x, https:\/\/i0.wp.com\/sarimelekler.biz\/wp-content\/uploads\/2025\/11\/07-25-26-5.jpeg?resize=1050%2C600&ssl=1 3x, https:\/\/i0.wp.com\/sarimelekler.biz\/wp-content\/uploads\/2025\/11\/07-25-26-5.jpeg?resize=1400%2C800&ssl=1 4x"},"classes":[]},{"id":22499,"url":"https:\/\/sarimelekler.biz\/?p=22499","url_meta":{"origin":22211,"position":1},"title":"Benfica:0 \u2013 Fenerbah\u00e7e Medicana:3","author":"Edit\u00f6r","date":"30 Ocak 2026","format":false,"excerpt":"Fenerbah\u00e7e Medicana Kad\u0131n Voleybol Tak\u0131m\u0131m\u0131z, Cev \u015eampiyonlar Ligi B Grubu 5. ma\u00e7\u0131nda konuk oldu\u011fu Portekiz temsilcisi Benfica tak\u0131m\u0131n\u0131 20-25, 29-31 ve 17-25\u2019lik set skorlar\u0131yla 3-0 ma\u011flup etti. Ma\u00e7a Hande, Ana Cristina, Korneluk, Asl\u0131, Yaasmeen, Arelya ve libero Gizem kadrosuyla ba\u015flayan tak\u0131m\u0131m\u0131zda yedek oyuncular\u0131m\u0131zdan Milenkovic, Arina ve \u00a0Alessia Orro\u2019da s\u00fcre ald\u0131.\u00a0\u2026","rel":"","context":"&quot;Avrupa Kupalar\u0131&quot; i\u00e7inde","block_context":{"text":"Avrupa Kupalar\u0131","link":"https:\/\/sarimelekler.biz\/?cat=1"},"img":{"alt_text":"","src":"https:\/\/i0.wp.com\/sarimelekler.biz\/wp-content\/uploads\/2026\/02\/05-25-26-CL-6.jpg?resize=350%2C200&ssl=1","width":350,"height":200,"srcset":"https:\/\/i0.wp.com\/sarimelekler.biz\/wp-content\/uploads\/2026\/02\/05-25-26-CL-6.jpg?resize=350%2C200&ssl=1 1x, https:\/\/i0.wp.com\/sarimelekler.biz\/wp-content\/uploads\/2026\/02\/05-25-26-CL-6.jpg?resize=525%2C300&ssl=1 1.5x, https:\/\/i0.wp.com\/sarimelekler.biz\/wp-content\/uploads\/2026\/02\/05-25-26-CL-6.jpg?resize=700%2C400&ssl=1 2x, https:\/\/i0.wp.com\/sarimelekler.biz\/wp-content\/uploads\/2026\/02\/05-25-26-CL-6.jpg?resize=1050%2C600&ssl=1 3x"},"classes":[]},{"id":22452,"url":"https:\/\/sarimelekler.biz\/?p=22452","url_meta":{"origin":22211,"position":2},"title":"Fenerbah\u00e7e Medicana:3 \u2013 Eczac\u0131ba\u015f\u0131 Dynavit:1","author":"Edit\u00f6r","date":"24 Ocak 2026","format":false,"excerpt":"Fenerbah\u00e7e Medicana Kad\u0131n Voleybol Tak\u0131m\u0131m\u0131z, Vodafone Sultanlar Ligi 18. hafta ma\u00e7\u0131nda konuk etti\u011fi Eczac\u0131ba\u015f\u0131 Dynavit tak\u0131m\u0131n\u0131 25-12, 25-23, 18-25 ve 25-22\u2019lik set skorlar\u0131yla 3-1 ma\u011flup etti. Ma\u00e7a Eda, \u00a0Vargas, Fedorovtseva, Korneluk, Hande, Alessia Orro ve libero Gizem kadrosuyla ba\u015flayan tak\u0131m\u0131m\u0131zda yedek oyuncular\u0131m\u0131zdan Arelya, Yaasmeen ve Sude\u2019de s\u00fcre ald\u0131. Ma\u00e7\u0131 22\u2026","rel":"","context":"&quot;T\u00fcrkiye Ligi&quot; i\u00e7inde","block_context":{"text":"T\u00fcrkiye Ligi","link":"https:\/\/sarimelekler.biz\/?cat=6"},"img":{"alt_text":"","src":"https:\/\/i0.wp.com\/sarimelekler.biz\/wp-content\/uploads\/2026\/01\/19-25-26-scaled.jpg?resize=350%2C200&ssl=1","width":350,"height":200,"srcset":"https:\/\/i0.wp.com\/sarimelekler.biz\/wp-content\/uploads\/2026\/01\/19-25-26-scaled.jpg?resize=350%2C200&ssl=1 1x, https:\/\/i0.wp.com\/sarimelekler.biz\/wp-content\/uploads\/2026\/01\/19-25-26-scaled.jpg?resize=525%2C300&ssl=1 1.5x, https:\/\/i0.wp.com\/sarimelekler.biz\/wp-content\/uploads\/2026\/01\/19-25-26-scaled.jpg?resize=700%2C400&ssl=1 2x, https:\/\/i0.wp.com\/sarimelekler.biz\/wp-content\/uploads\/2026\/01\/19-25-26-scaled.jpg?resize=1050%2C600&ssl=1 3x, https:\/\/i0.wp.com\/sarimelekler.biz\/wp-content\/uploads\/2026\/01\/19-25-26-scaled.jpg?resize=1400%2C800&ssl=1 4x"},"classes":[]},{"id":22533,"url":"https:\/\/sarimelekler.biz\/?p=22533","url_meta":{"origin":22211,"position":3},"title":"Fenerbah\u00e7e Medicana:3 \u2013 PGE Budowlani \u0141\u00f3d\u017a:0","author":"Edit\u00f6r","date":"4 \u015eubat 2026","format":false,"excerpt":"Fenerbah\u00e7e Medicana Kad\u0131n Voleybol Tak\u0131m\u0131m\u0131z, Cev \u015eampiyonlar Ligi B Grubu alt\u0131nc\u0131 ve son ma\u00e7\u0131nda konuk etti\u011fi Polonya temsilcisi PGE\u00a0 Budowlani\u00a0 \u0141\u00f3d\u017a\u00a0 tak\u0131m\u0131n\u0131\u00a0 25-8, 25-17 ve 26-24\u2019l\u00fck\u00a0 set\u00a0 skorlar\u0131yla\u00a0 3-0 ma\u011flup etti. Bu sonu\u00e7la tak\u0131m\u0131m\u0131z grubunu lider tamamlayarak \u00e7eyrek finale y\u00fckseldi. Ma\u00e7a Eda, Korneluk, Yaasmeen, Alessia Orro, Fedorovtseva, Hande ve libero\u2026","rel":"","context":"&quot;Avrupa Kupalar\u0131&quot; i\u00e7inde","block_context":{"text":"Avrupa Kupalar\u0131","link":"https:\/\/sarimelekler.biz\/?cat=1"},"img":{"alt_text":"","src":"https:\/\/i0.wp.com\/sarimelekler.biz\/wp-content\/uploads\/2026\/02\/06-25-26-CL-7-scaled.jpg?resize=350%2C200&ssl=1","width":350,"height":200,"srcset":"https:\/\/i0.wp.com\/sarimelekler.biz\/wp-content\/uploads\/2026\/02\/06-25-26-CL-7-scaled.jpg?resize=350%2C200&ssl=1 1x, https:\/\/i0.wp.com\/sarimelekler.biz\/wp-content\/uploads\/2026\/02\/06-25-26-CL-7-scaled.jpg?resize=525%2C300&ssl=1 1.5x, https:\/\/i0.wp.com\/sarimelekler.biz\/wp-content\/uploads\/2026\/02\/06-25-26-CL-7-scaled.jpg?resize=700%2C400&ssl=1 2x, https:\/\/i0.wp.com\/sarimelekler.biz\/wp-content\/uploads\/2026\/02\/06-25-26-CL-7-scaled.jpg?resize=1050%2C600&ssl=1 3x, https:\/\/i0.wp.com\/sarimelekler.biz\/wp-content\/uploads\/2026\/02\/06-25-26-CL-7-scaled.jpg?resize=1400%2C800&ssl=1 4x"},"classes":[]},{"id":22126,"url":"https:\/\/sarimelekler.biz\/?p=22126","url_meta":{"origin":22211,"position":4},"title":"Zeren Spor:0 \u2013 Fenerbah\u00e7e Medicana:3","author":"Edit\u00f6r","date":"22 Ekim 2025","format":false,"excerpt":"Fenerbah\u00e7e Medicana Kad\u0131n Voleybol Tak\u0131m\u0131m\u0131z, Vodafone Sultanlar Ligi 3. ma\u00e7\u0131nda konuk oldu\u011fu Zeren Spor tak\u0131m\u0131n\u0131 14-25, 21-25 ve 20-25\u2019lik set skorlar\u0131yla 3-0 ma\u011flup etti. Ma\u00e7a Asl\u0131, Vargas, Hande, Korneluk, Alessia Orro, Fedorovtseva ve libero Gizem kadrosuyla ba\u015flayan tak\u0131m\u0131m\u0131zda yedek oyuncular\u0131m\u0131zdan sadece Milenkovic s\u00fcre ald\u0131. Ma\u00e7\u0131 18 say\u0131yla tamamlayan Vargas ma\u00e7\u0131n\u2026","rel":"","context":"&quot;T\u00fcrkiye Ligi&quot; i\u00e7inde","block_context":{"text":"T\u00fcrkiye Ligi","link":"https:\/\/sarimelekler.biz\/?cat=6"},"img":{"alt_text":"","src":"https:\/\/i0.wp.com\/sarimelekler.biz\/wp-content\/uploads\/2025\/10\/2-25-26-6.jpeg?resize=350%2C200&ssl=1","width":350,"height":200,"srcset":"https:\/\/i0.wp.com\/sarimelekler.biz\/wp-content\/uploads\/2025\/10\/2-25-26-6.jpeg?resize=350%2C200&ssl=1 1x, https:\/\/i0.wp.com\/sarimelekler.biz\/wp-content\/uploads\/2025\/10\/2-25-26-6.jpeg?resize=525%2C300&ssl=1 1.5x, https:\/\/i0.wp.com\/sarimelekler.biz\/wp-content\/uploads\/2025\/10\/2-25-26-6.jpeg?resize=700%2C400&ssl=1 2x, https:\/\/i0.wp.com\/sarimelekler.biz\/wp-content\/uploads\/2025\/10\/2-25-26-6.jpeg?resize=1050%2C600&ssl=1 3x, https:\/\/i0.wp.com\/sarimelekler.biz\/wp-content\/uploads\/2025\/10\/2-25-26-6.jpeg?resize=1400%2C800&ssl=1 4x"},"classes":[]},{"id":21628,"url":"https:\/\/sarimelekler.biz\/?p=21628","url_meta":{"origin":22211,"position":5},"title":"Galatasaray Daikin:0 \u2013 Fenerbah\u00e7e Medicana:3","author":"Edit\u00f6r","date":"2 \u015eubat 2025","format":false,"excerpt":"Fenerbah\u00e7e Medicana Kad\u0131n Voleybol Tak\u0131m\u0131m\u0131z, Vodafone Sultanlar Ligi 19. Hafta ma\u00e7\u0131nda konuk oldu\u011fu Galatasaray Daikin tak\u0131m\u0131n\u0131 18-25, 16-25 ve 17-25'lik set skorlar\u0131yla 3-0 ma\u011flup etti. Ma\u00e7a Eda, Asl\u0131, Ana Cristina, Fedorovtseva, Drca, Vargas ve libero Gizem kadrosuyla ba\u015flayan tak\u0131m\u0131m\u0131zda yedek oyuncular\u0131m\u0131zdan Meliha ve Liza s\u00fcre ald\u0131. Ma\u00e7\u0131 15 say\u0131yla tamamlayan\u2026","rel":"","context":"&quot;T\u00fcrkiye Ligi&quot; i\u00e7inde","block_context":{"text":"T\u00fcrkiye Ligi","link":"https:\/\/sarimelekler.biz\/?cat=6"},"img":{"alt_text":"","src":"https:\/\/i0.wp.com\/sarimelekler.biz\/wp-content\/uploads\/2025\/02\/19-24-25-4.jpg?resize=350%2C200&ssl=1","width":350,"height":200,"srcset":"https:\/\/i0.wp.com\/sarimelekler.biz\/wp-content\/uploads\/2025\/02\/19-24-25-4.jpg?resize=350%2C200&ssl=1 1x, https:\/\/i0.wp.com\/sarimelekler.biz\/wp-content\/uploads\/2025\/02\/19-24-25-4.jpg?resize=525%2C300&ssl=1 1.5x, https:\/\/i0.wp.com\/sarimelekler.biz\/wp-content\/uploads\/2025\/02\/19-24-25-4.jpg?resize=700%2C400&ssl=1 2x, https:\/\/i0.wp.com\/sarimelekler.biz\/wp-content\/uploads\/2025\/02\/19-24-25-4.jpg?resize=1050%2C600&ssl=1 3x, https:\/\/i0.wp.com\/sarimelekler.biz\/wp-content\/uploads\/2025\/02\/19-24-25-4.jpg?resize=1400%2C800&ssl=1 4x"},"classes":[]}],"_links":{"self":[{"href":"https:\/\/sarimelekler.biz\/index.php?rest_route=\/wp\/v2\/posts\/22211","targetHints":{"allow":["GET"]}}],"collection":[{"href":"https:\/\/sarimelekler.biz\/index.php?rest_route=\/wp\/v2\/posts"}],"about":[{"href":"https:\/\/sarimelekler.biz\/index.php?rest_route=\/wp\/v2\/types\/post"}],"author":[{"embeddable":true,"href":"https:\/\/sarimelekler.biz\/index.php?rest_route=\/wp\/v2\/users\/1"}],"replies":[{"embeddable":true,"href":"https:\/\/sarimelekler.biz\/index.php?rest_route=%2Fwp%2Fv2%2Fcomments&post=22211"}],"version-history":[{"count":7,"href":"https:\/\/sarimelekler.biz\/index.php?rest_route=\/wp\/v2\/posts\/22211\/revisions"}],"predecessor-version":[{"id":22233,"href":"https:\/\/sarimelekler.biz\/index.php?rest_route=\/wp\/v2\/posts\/22211\/revisions\/22233"}],"wp:featuredmedia":[{"embeddable":true,"href":"https:\/\/sarimelekler.biz\/index.php?rest_route=\/wp\/v2\/media\/22221"}],"wp:attachment":[{"href":"https:\/\/sarimelekler.biz\/index.php?rest_route=%2Fwp%2Fv2%2Fmedia&parent=22211"}],"wp:term":[{"taxonomy":"category","embeddable":true,"href":"https:\/\/sarimelekler.biz\/index.php?rest_route=%2Fwp%2Fv2%2Fcategories&post=22211"},{"taxonomy":"post_tag","embeddable":true,"href":"https:\/\/sarimelekler.biz\/index.php?rest_route=%2Fwp%2Fv2%2Ftags&post=22211"}],"curies":[{"name":"wp","href":"https:\/\/api.w.org\/{rel}","templated":true}]}}