{"id":22354,"date":"2026-01-03T20:31:14","date_gmt":"2026-01-03T17:31:14","guid":{"rendered":"https:\/\/sarimelekler.biz\/?p=22354"},"modified":"2026-01-03T20:31:15","modified_gmt":"2026-01-03T17:31:15","slug":"fenerbahce-medicana3-aras-kargo0-2","status":"publish","type":"post","link":"https:\/\/sarimelekler.biz\/?p=22354","title":{"rendered":"Fenerbah\u00e7e Medicana:3 \u2013 Aras Kargo:0"},"content":{"rendered":"<p style=\"text-align: justify;\"><span style=\"font-size: 18px;\">Fenerbah\u00e7e Medicana Kad\u0131n Voleybol Tak\u0131m\u0131m\u0131z, Vodafone Sultanlar Ligi 14. hafta ma\u00e7\u0131nda konuk etti\u011fi Aras Kargo tak\u0131m\u0131n\u0131 28-26, 25-14 ve 25-22\u2019lik set skorlar\u0131yla 3-0 ma\u011flup etti. Ma\u00e7a Eda, Hande, Fedorovtseva, Asl\u0131, Yaasmeen, Alessia Orro ve libero Gizem kadrosuyla ba\u015flayan tak\u0131m\u0131m\u0131zda yedek oyuncular\u0131m\u0131zdan Arelya, Liza ve Ana Cristina s\u00fcre ald\u0131. Ma\u00e7\u0131 14 say\u0131yla tamamlayan Yaasmeen tak\u0131m\u0131m\u0131z\u0131n en skorer oyuncusu oldu. Alt yap\u0131m\u0131zdan yeti\u015ferek Amerika\u2019da \u00dcniversite e\u011fitimine giden ve ba\u015far\u0131yla tamamlayarak ge\u00e7ti\u011fimiz g\u00fcnlerde tak\u0131m\u0131m\u0131za geri d\u00f6nen liberomuz G\u00fclce G\u00fc\u00e7tekin bu ma\u00e7la birlikte kadroya al\u0131nd\u0131.<\/span><br \/>\n<span style=\"font-size: 18px;\">Son g\u00fcnlerde sosyal medyada ba\u015fantren\u00f6r\u00fcm\u00fcz Marcello Abbondanza ile s\u00f6zle\u015fme uzat\u0131ld\u0131\u011f\u0131na dair haberler yer almaktayd\u0131, TRT spikeri de ma\u00e7 \u00f6ncesinde bu y\u00f6nde bilgi verdi. Hen\u00fcz kul\u00fcb\u00fcm\u00fczden resmi bir a\u00e7\u0131klama gelmedi.<\/span><br \/>\n<span style=\"font-size: 18px;\">Tak\u0131m\u0131m\u0131z CEV \u015eampiyonlar Ligi B Grubu 3. ma\u00e7\u0131nda 6 Ocak Sal\u0131 g\u00fcn\u00fc Saat:20:00\u2019da Polonya temsilcisi PGE Budowlani \u0141\u00f3d\u017a tak\u0131m\u0131na konuk olacak. \u0141\u00f3d\u017a Sport Arena Salonunda oynanacak ma\u00e7 TRTSpor Y\u0131ld\u0131z kanal\u0131ndan canl\u0131 yay\u0131nlanacak.<\/span><br \/>\n<span style=\"font-size: 18px;\">Sar\u0131 Melekler Vodafone Sultanlar Ligi&#8217;nin 15. haftas\u0131nda 10 Ocak Cumartesi g\u00fcn\u00fc Saat:14:00&#8217;da T\u00fcrk Hava Yollar\u0131 tak\u0131m\u0131na konuk olacak. Burhan Felek Vestel Voleybol Salonunda oynanacak ma\u00e7 TRTSpor Y\u0131ld\u0131z kanal\u0131ndan canl\u0131 yay\u0131nlanacak.<\/span><br \/>\n<span style=\"font-size: 18px;\">Tak\u0131m\u0131m\u0131z\u0131 bu galibiyetten dolay\u0131 kutlar\u0131z.<\/span><\/p>\n<p style=\"text-align: justify;\"><span style=\"font-size: 18px;\">Bu ma\u00e7\u0131n istatistikleri:<\/span><br \/>\n<span style=\"font-size: 18px;\">Yaasmeen\u00a0\u00a0\u00a0\u00a0\u00a0\u00a0 : 14 Say\u0131\u00a0 \u2013 (1 Servis)\u00a0\u00a0\u00a0\u00a0\u00a0\u00a0\u00a0\u00a0\u00a0\u00a0\u00a0\u00a0\u00a0\u00a0 % 50 \u00a0\u00a0(26 H\u00fccum)<\/span><br \/>\n<span style=\"font-size: 18px;\">Fedorovtseva\u00a0 : 13 Say\u0131\u00a0 \u2013 (1 Blok) \u00a0\u00a0\u00a0\u00a0\u00a0\u00a0\u00a0\u00a0\u00a0\u00a0\u00a0\u00a0\u00a0\u00a0\u00a0\u00a0% 57 \u00a0\u00a0\u00a0(21 H\u00fccum)<\/span><br \/>\n<span style=\"font-size: 18px;\">Eda \u00a0\u00a0\u00a0\u00a0\u00a0\u00a0\u00a0\u00a0\u00a0\u00a0\u00a0\u00a0\u00a0\u00a0\u00a0\u00a0: 11 Say\u0131\u00a0 \u2013 (2 Servis, 1 Blok) \u00a0\u00a0% 73\u00a0 \u00a0(11 H\u00fccum)<\/span><br \/>\n<span style=\"font-size: 18px;\">Ana Cristina\u00a0 \u00a0: 10 Say\u0131\u00a0 \u2013 (3 Blok) \u00a0\u00a0\u00a0\u00a0\u00a0\u00a0\u00a0\u00a0\u00a0\u00a0\u00a0\u00a0\u00a0\u00a0\u00a0\u00a0\u00a0% 88 \u00a0\u00a0\u00a0(08 H\u00fccum)<\/span><br \/>\n<span style=\"font-size: 18px;\">Asl\u0131\u00a0\u00a0\u00a0\u00a0\u00a0\u00a0\u00a0\u00a0\u00a0\u00a0\u00a0\u00a0\u00a0\u00a0\u00a0\u00a0 : 08 Say\u0131\u00a0 \u2013 (1 Blok) \u00a0\u00a0\u00a0\u00a0\u00a0\u00a0\u00a0\u00a0\u00a0\u00a0\u00a0\u00a0\u00a0\u00a0\u00a0\u00a0\u00a0% 100\u00a0 (07 H\u00fccum)<\/span><br \/>\n<span style=\"font-size: 18px;\">Alessia Orro\u00a0 \u00a0: 05 Say\u0131\u00a0 \u2013 (1 Servis, 2 Blok)<\/span><br \/>\n<span style=\"font-size: 18px;\">Hande\u00a0\u00a0\u00a0\u00a0\u00a0\u00a0\u00a0\u00a0\u00a0\u00a0\u00a0\u00a0 : 03 Say\u0131<\/span><\/p>\n<p style=\"text-align: justify;\"><span style=\"font-size: 18px;\">Servis Kar\u015f\u0131lama:<\/span><br \/>\n<span style=\"font-size: 18px;\">Gizem\u00a0\u00a0\u00a0\u00a0\u00a0\u00a0\u00a0\u00a0\u00a0\u00a0\u00a0\u00a0 : % 59 \u2013 % 45\u00a0 M\u00fckemmel\u00a0 (22 Kar\u015f\u0131lama)<\/span><br \/>\n<span style=\"font-size: 18px;\">Fedorovtseva\u00a0 : % 50 \u2013 % 35\u00a0 M\u00fckemmel\u00a0 (20 Kar\u015f\u0131lama)<\/span><br \/>\n<span style=\"font-size: 18px;\">Hande\u00a0\u00a0\u00a0\u00a0\u00a0\u00a0\u00a0\u00a0\u00a0\u00a0\u00a0\u00a0 : % 30 \u2013 % 20\u00a0 M\u00fckemmel\u00a0 (10 Kar\u015f\u0131lama)<\/span><\/p>\n<p style=\"text-align: justify;\"><span style=\"font-size: 18px;\">+\/- (Kazand\u0131\u011f\u0131\/Kaybetti\u011fi)<\/span><br \/>\n<span style=\"font-size: 18px;\">Yaasmeen\u00a0\u00a0\u00a0\u00a0\u00a0\u00a0 :10<\/span><br \/>\n<span style=\"font-size: 18px;\">Eda\u00a0\u00a0\u00a0\u00a0 \u00a0\u00a0\u00a0\u00a0\u00a0\u00a0\u00a0\u00a0\u00a0\u00a0\u00a0\u00a0:08<\/span><br \/>\n<span style=\"font-size: 18px;\">Ana Cristina\u00a0\u00a0 :08<\/span><br \/>\n<span style=\"font-size: 18px;\">Fedorovtseva\u00a0 :05<\/span><br \/>\n<span style=\"font-size: 18px;\">Alessia Orro\u00a0\u00a0 :02<\/span><br \/>\n<span style=\"font-size: 18px;\">Hande\u00a0\u00a0\u00a0\u00a0\u00a0\u00a0\u00a0\u00a0\u00a0\u00a0\u00a0\u00a0 :01<\/span><br \/>\n<span style=\"font-size: 18px;\">Asl\u0131\u00a0\u00a0\u00a0\u00a0\u00a0\u00a0\u00a0 \u00a0\u00a0\u00a0\u00a0\u00a0\u00a0\u00a0\u00a0\u00a0:01<\/span><br \/>\n<span style=\"font-size: 18px;\">Gizem\u00a0\u00a0\u00a0\u00a0\u00a0\u00a0\u00a0\u00a0\u00a0\u00a0\u00a0\u00a0 : -2<\/span><\/p>\n\n\t\t<style type=\"text\/css\">\n\t\t\t#gallery-1 {\n\t\t\t\tmargin: auto;\n\t\t\t}\n\t\t\t#gallery-1 .gallery-item {\n\t\t\t\tfloat: left;\n\t\t\t\tmargin-top: 10px;\n\t\t\t\ttext-align: center;\n\t\t\t\twidth: 20%;\n\t\t\t}\n\t\t\t#gallery-1 img {\n\t\t\t\tborder: 2px solid #cfcfcf;\n\t\t\t}\n\t\t\t#gallery-1 .gallery-caption {\n\t\t\t\tmargin-left: 0;\n\t\t\t}\n\t\t\t\/* see gallery_shortcode() in wp-includes\/media.php *\/\n\t\t<\/style>\n\t\t<div data-carousel-extra='{&quot;blog_id&quot;:1,&quot;permalink&quot;:&quot;https:\/\/sarimelekler.biz\/?p=22354&quot;}' id='gallery-1' class='gallery galleryid-22354 gallery-columns-5 gallery-size-thumbnail'><dl class='gallery-item'>\n\t\t\t<dt class='gallery-icon landscape'>\n\t\t\t\t<a href='https:\/\/sarimelekler.biz\/?attachment_id=22356'><img loading=\"lazy\" decoding=\"async\" width=\"150\" height=\"150\" src=\"https:\/\/sarimelekler.biz\/wp-content\/uploads\/2026\/01\/14-25-26-2-150x150.jpg\" class=\"attachment-thumbnail size-thumbnail\" alt=\"\" data-attachment-id=\"22356\" data-permalink=\"https:\/\/sarimelekler.biz\/?attachment_id=22356\" data-orig-file=\"https:\/\/sarimelekler.biz\/wp-content\/uploads\/2026\/01\/14-25-26-2-scaled.jpg\" data-orig-size=\"2560,1710\" data-comments-opened=\"0\" data-image-meta=\"{&quot;aperture&quot;:&quot;2.8&quot;,&quot;credit&quot;:&quot;BURAK SALTIK&quot;,&quot;camera&quot;:&quot;Canon EOS R3&quot;,&quot;caption&quot;:&quot;&quot;,&quot;created_timestamp&quot;:&quot;1767458349&quot;,&quot;copyright&quot;:&quot;www.fenerbahce.org&quot;,&quot;focal_length&quot;:&quot;300&quot;,&quot;iso&quot;:&quot;4000&quot;,&quot;shutter_speed&quot;:&quot;0.000625&quot;,&quot;title&quot;:&quot;&quot;,&quot;orientation&quot;:&quot;1&quot;}\" data-image-title=\"14 &amp;#8211; 25-26 (2)\" data-image-description=\"\" data-image-caption=\"\" data-large-file=\"https:\/\/sarimelekler.biz\/wp-content\/uploads\/2026\/01\/14-25-26-2-1024x684.jpg\" \/><\/a>\n\t\t\t<\/dt><\/dl><dl class='gallery-item'>\n\t\t\t<dt class='gallery-icon landscape'>\n\t\t\t\t<a href='https:\/\/sarimelekler.biz\/?attachment_id=22357'><img loading=\"lazy\" decoding=\"async\" width=\"150\" height=\"150\" src=\"https:\/\/sarimelekler.biz\/wp-content\/uploads\/2026\/01\/14-25-26-3-150x150.jpg\" class=\"attachment-thumbnail size-thumbnail\" alt=\"\" data-attachment-id=\"22357\" data-permalink=\"https:\/\/sarimelekler.biz\/?attachment_id=22357\" data-orig-file=\"https:\/\/sarimelekler.biz\/wp-content\/uploads\/2026\/01\/14-25-26-3-scaled.jpg\" data-orig-size=\"2560,1707\" data-comments-opened=\"0\" data-image-meta=\"{&quot;aperture&quot;:&quot;2.8&quot;,&quot;credit&quot;:&quot;BURAK SALTIK&quot;,&quot;camera&quot;:&quot;Canon EOS R3&quot;,&quot;caption&quot;:&quot;&quot;,&quot;created_timestamp&quot;:&quot;1767458879&quot;,&quot;copyright&quot;:&quot;www.fenerbahce.org&quot;,&quot;focal_length&quot;:&quot;300&quot;,&quot;iso&quot;:&quot;4000&quot;,&quot;shutter_speed&quot;:&quot;0.000625&quot;,&quot;title&quot;:&quot;&quot;,&quot;orientation&quot;:&quot;1&quot;}\" data-image-title=\"14 &amp;#8211; 25-26 (3)\" data-image-description=\"\" data-image-caption=\"\" data-large-file=\"https:\/\/sarimelekler.biz\/wp-content\/uploads\/2026\/01\/14-25-26-3-1024x683.jpg\" \/><\/a>\n\t\t\t<\/dt><\/dl><dl class='gallery-item'>\n\t\t\t<dt class='gallery-icon landscape'>\n\t\t\t\t<a href='https:\/\/sarimelekler.biz\/?attachment_id=22355'><img loading=\"lazy\" decoding=\"async\" width=\"150\" height=\"150\" src=\"https:\/\/sarimelekler.biz\/wp-content\/uploads\/2026\/01\/14-25-26-1-150x150.jpg\" class=\"attachment-thumbnail size-thumbnail\" alt=\"\" data-attachment-id=\"22355\" data-permalink=\"https:\/\/sarimelekler.biz\/?attachment_id=22355\" data-orig-file=\"https:\/\/sarimelekler.biz\/wp-content\/uploads\/2026\/01\/14-25-26-1-scaled.jpg\" data-orig-size=\"2560,1707\" data-comments-opened=\"0\" data-image-meta=\"{&quot;aperture&quot;:&quot;2.8&quot;,&quot;credit&quot;:&quot;BURAK SALTIK&quot;,&quot;camera&quot;:&quot;Canon EOS R3&quot;,&quot;caption&quot;:&quot;&quot;,&quot;created_timestamp&quot;:&quot;1767457915&quot;,&quot;copyright&quot;:&quot;www.fenerbahce.org&quot;,&quot;focal_length&quot;:&quot;115&quot;,&quot;iso&quot;:&quot;4000&quot;,&quot;shutter_speed&quot;:&quot;0.000625&quot;,&quot;title&quot;:&quot;&quot;,&quot;orientation&quot;:&quot;1&quot;}\" data-image-title=\"14 &amp;#8211; 25-26 (1)\" data-image-description=\"\" data-image-caption=\"\" data-large-file=\"https:\/\/sarimelekler.biz\/wp-content\/uploads\/2026\/01\/14-25-26-1-1024x683.jpg\" \/><\/a>\n\t\t\t<\/dt><\/dl><dl class='gallery-item'>\n\t\t\t<dt class='gallery-icon landscape'>\n\t\t\t\t<a href='https:\/\/sarimelekler.biz\/?attachment_id=22358'><img loading=\"lazy\" decoding=\"async\" width=\"150\" height=\"150\" src=\"https:\/\/sarimelekler.biz\/wp-content\/uploads\/2026\/01\/14-25-26-4-150x150.jpg\" class=\"attachment-thumbnail size-thumbnail\" alt=\"\" data-attachment-id=\"22358\" data-permalink=\"https:\/\/sarimelekler.biz\/?attachment_id=22358\" data-orig-file=\"https:\/\/sarimelekler.biz\/wp-content\/uploads\/2026\/01\/14-25-26-4-scaled.jpg\" data-orig-size=\"2560,1710\" data-comments-opened=\"0\" data-image-meta=\"{&quot;aperture&quot;:&quot;2.8&quot;,&quot;credit&quot;:&quot;BURAK SALTIK&quot;,&quot;camera&quot;:&quot;Canon EOS R3&quot;,&quot;caption&quot;:&quot;&quot;,&quot;created_timestamp&quot;:&quot;1767456068&quot;,&quot;copyright&quot;:&quot;www.fenerbahce.org&quot;,&quot;focal_length&quot;:&quot;168&quot;,&quot;iso&quot;:&quot;3200&quot;,&quot;shutter_speed&quot;:&quot;0.0008&quot;,&quot;title&quot;:&quot;&quot;,&quot;orientation&quot;:&quot;1&quot;}\" data-image-title=\"14 &amp;#8211; 25-26 (4)\" data-image-description=\"\" data-image-caption=\"\" data-large-file=\"https:\/\/sarimelekler.biz\/wp-content\/uploads\/2026\/01\/14-25-26-4-1024x684.jpg\" \/><\/a>\n\t\t\t<\/dt><\/dl><dl class='gallery-item'>\n\t\t\t<dt class='gallery-icon landscape'>\n\t\t\t\t<a href='https:\/\/sarimelekler.biz\/?attachment_id=22363'><img loading=\"lazy\" decoding=\"async\" width=\"150\" height=\"150\" src=\"https:\/\/sarimelekler.biz\/wp-content\/uploads\/2026\/01\/14-25-26-9-150x150.jpg\" class=\"attachment-thumbnail size-thumbnail\" alt=\"\" data-attachment-id=\"22363\" data-permalink=\"https:\/\/sarimelekler.biz\/?attachment_id=22363\" data-orig-file=\"https:\/\/sarimelekler.biz\/wp-content\/uploads\/2026\/01\/14-25-26-9-scaled.jpg\" data-orig-size=\"2560,1710\" data-comments-opened=\"0\" data-image-meta=\"{&quot;aperture&quot;:&quot;2.8&quot;,&quot;credit&quot;:&quot;BURAK SALTIK&quot;,&quot;camera&quot;:&quot;Canon EOS R3&quot;,&quot;caption&quot;:&quot;&quot;,&quot;created_timestamp&quot;:&quot;1767456907&quot;,&quot;copyright&quot;:&quot;www.fenerbahce.org&quot;,&quot;focal_length&quot;:&quot;135&quot;,&quot;iso&quot;:&quot;4000&quot;,&quot;shutter_speed&quot;:&quot;0.000625&quot;,&quot;title&quot;:&quot;&quot;,&quot;orientation&quot;:&quot;1&quot;}\" data-image-title=\"14 &amp;#8211; 25-26 (9)\" data-image-description=\"\" data-image-caption=\"\" data-large-file=\"https:\/\/sarimelekler.biz\/wp-content\/uploads\/2026\/01\/14-25-26-9-1024x684.jpg\" \/><\/a>\n\t\t\t<\/dt><\/dl><br style=\"clear: both\" \/><dl class='gallery-item'>\n\t\t\t<dt class='gallery-icon portrait'>\n\t\t\t\t<a href='https:\/\/sarimelekler.biz\/?attachment_id=22362'><img loading=\"lazy\" decoding=\"async\" width=\"150\" height=\"150\" src=\"https:\/\/sarimelekler.biz\/wp-content\/uploads\/2026\/01\/14-25-26-8-150x150.jpg\" class=\"attachment-thumbnail size-thumbnail\" alt=\"\" data-attachment-id=\"22362\" data-permalink=\"https:\/\/sarimelekler.biz\/?attachment_id=22362\" data-orig-file=\"https:\/\/sarimelekler.biz\/wp-content\/uploads\/2026\/01\/14-25-26-8-scaled.jpg\" data-orig-size=\"1702,2560\" data-comments-opened=\"0\" data-image-meta=\"{&quot;aperture&quot;:&quot;2.8&quot;,&quot;credit&quot;:&quot;BURAK SALTIK&quot;,&quot;camera&quot;:&quot;Canon EOS R3&quot;,&quot;caption&quot;:&quot;&quot;,&quot;created_timestamp&quot;:&quot;1767459083&quot;,&quot;copyright&quot;:&quot;www.fenerbahce.org&quot;,&quot;focal_length&quot;:&quot;300&quot;,&quot;iso&quot;:&quot;4000&quot;,&quot;shutter_speed&quot;:&quot;0.000625&quot;,&quot;title&quot;:&quot;&quot;,&quot;orientation&quot;:&quot;1&quot;}\" data-image-title=\"14 &amp;#8211; 25-26 (8)\" data-image-description=\"\" data-image-caption=\"\" data-large-file=\"https:\/\/sarimelekler.biz\/wp-content\/uploads\/2026\/01\/14-25-26-8-681x1024.jpg\" \/><\/a>\n\t\t\t<\/dt><\/dl><dl class='gallery-item'>\n\t\t\t<dt class='gallery-icon portrait'>\n\t\t\t\t<a href='https:\/\/sarimelekler.biz\/?attachment_id=22360'><img loading=\"lazy\" decoding=\"async\" width=\"150\" height=\"150\" src=\"https:\/\/sarimelekler.biz\/wp-content\/uploads\/2026\/01\/14-25-26-6-150x150.jpg\" class=\"attachment-thumbnail size-thumbnail\" alt=\"\" data-attachment-id=\"22360\" data-permalink=\"https:\/\/sarimelekler.biz\/?attachment_id=22360\" data-orig-file=\"https:\/\/sarimelekler.biz\/wp-content\/uploads\/2026\/01\/14-25-26-6-scaled.jpg\" data-orig-size=\"1702,2560\" data-comments-opened=\"0\" data-image-meta=\"{&quot;aperture&quot;:&quot;2.8&quot;,&quot;credit&quot;:&quot;BURAK SALTIK&quot;,&quot;camera&quot;:&quot;Canon EOS R3&quot;,&quot;caption&quot;:&quot;&quot;,&quot;created_timestamp&quot;:&quot;1767458347&quot;,&quot;copyright&quot;:&quot;www.fenerbahce.org&quot;,&quot;focal_length&quot;:&quot;300&quot;,&quot;iso&quot;:&quot;4000&quot;,&quot;shutter_speed&quot;:&quot;0.000625&quot;,&quot;title&quot;:&quot;&quot;,&quot;orientation&quot;:&quot;1&quot;}\" data-image-title=\"14 &amp;#8211; 25-26 (6)\" data-image-description=\"\" data-image-caption=\"\" data-large-file=\"https:\/\/sarimelekler.biz\/wp-content\/uploads\/2026\/01\/14-25-26-6-681x1024.jpg\" \/><\/a>\n\t\t\t<\/dt><\/dl><dl class='gallery-item'>\n\t\t\t<dt class='gallery-icon landscape'>\n\t\t\t\t<a href='https:\/\/sarimelekler.biz\/?attachment_id=22359'><img loading=\"lazy\" decoding=\"async\" width=\"150\" height=\"150\" src=\"https:\/\/sarimelekler.biz\/wp-content\/uploads\/2026\/01\/14-25-26-5-150x150.jpg\" class=\"attachment-thumbnail size-thumbnail\" alt=\"\" data-attachment-id=\"22359\" data-permalink=\"https:\/\/sarimelekler.biz\/?attachment_id=22359\" data-orig-file=\"https:\/\/sarimelekler.biz\/wp-content\/uploads\/2026\/01\/14-25-26-5-scaled.jpg\" data-orig-size=\"2560,1702\" data-comments-opened=\"0\" data-image-meta=\"{&quot;aperture&quot;:&quot;2.8&quot;,&quot;credit&quot;:&quot;BURAK SALTIK&quot;,&quot;camera&quot;:&quot;Canon EOS R3&quot;,&quot;caption&quot;:&quot;&quot;,&quot;created_timestamp&quot;:&quot;1767458395&quot;,&quot;copyright&quot;:&quot;www.fenerbahce.org&quot;,&quot;focal_length&quot;:&quot;300&quot;,&quot;iso&quot;:&quot;4000&quot;,&quot;shutter_speed&quot;:&quot;0.000625&quot;,&quot;title&quot;:&quot;&quot;,&quot;orientation&quot;:&quot;1&quot;}\" data-image-title=\"14 &amp;#8211; 25-26 (5)\" data-image-description=\"\" data-image-caption=\"\" data-large-file=\"https:\/\/sarimelekler.biz\/wp-content\/uploads\/2026\/01\/14-25-26-5-1024x681.jpg\" \/><\/a>\n\t\t\t<\/dt><\/dl><dl class='gallery-item'>\n\t\t\t<dt class='gallery-icon landscape'>\n\t\t\t\t<a href='https:\/\/sarimelekler.biz\/?attachment_id=22364'><img loading=\"lazy\" decoding=\"async\" width=\"150\" height=\"150\" src=\"https:\/\/sarimelekler.biz\/wp-content\/uploads\/2026\/01\/14-25-26-10-150x150.jpg\" class=\"attachment-thumbnail size-thumbnail\" alt=\"\" data-attachment-id=\"22364\" data-permalink=\"https:\/\/sarimelekler.biz\/?attachment_id=22364\" data-orig-file=\"https:\/\/sarimelekler.biz\/wp-content\/uploads\/2026\/01\/14-25-26-10-scaled.jpg\" data-orig-size=\"2560,1707\" data-comments-opened=\"0\" data-image-meta=\"{&quot;aperture&quot;:&quot;2.8&quot;,&quot;credit&quot;:&quot;BURAK SALTIK&quot;,&quot;camera&quot;:&quot;Canon EOS R3&quot;,&quot;caption&quot;:&quot;&quot;,&quot;created_timestamp&quot;:&quot;1767456474&quot;,&quot;copyright&quot;:&quot;www.fenerbahce.org&quot;,&quot;focal_length&quot;:&quot;100&quot;,&quot;iso&quot;:&quot;4000&quot;,&quot;shutter_speed&quot;:&quot;0.000625&quot;,&quot;title&quot;:&quot;&quot;,&quot;orientation&quot;:&quot;1&quot;}\" data-image-title=\"14 &amp;#8211; 25-26 (10)\" data-image-description=\"\" data-image-caption=\"\" data-large-file=\"https:\/\/sarimelekler.biz\/wp-content\/uploads\/2026\/01\/14-25-26-10-1024x683.jpg\" \/><\/a>\n\t\t\t<\/dt><\/dl><dl class='gallery-item'>\n\t\t\t<dt class='gallery-icon landscape'>\n\t\t\t\t<a href='https:\/\/sarimelekler.biz\/?attachment_id=22365'><img loading=\"lazy\" decoding=\"async\" width=\"150\" height=\"150\" src=\"https:\/\/sarimelekler.biz\/wp-content\/uploads\/2026\/01\/14-25-26-11-150x150.jpg\" class=\"attachment-thumbnail size-thumbnail\" alt=\"\" data-attachment-id=\"22365\" data-permalink=\"https:\/\/sarimelekler.biz\/?attachment_id=22365\" data-orig-file=\"https:\/\/sarimelekler.biz\/wp-content\/uploads\/2026\/01\/14-25-26-11-scaled.jpg\" data-orig-size=\"2560,1706\" data-comments-opened=\"0\" data-image-meta=\"{&quot;aperture&quot;:&quot;2.8&quot;,&quot;credit&quot;:&quot;BURAK SALTIK&quot;,&quot;camera&quot;:&quot;Canon EOS R3&quot;,&quot;caption&quot;:&quot;&quot;,&quot;created_timestamp&quot;:&quot;1767456823&quot;,&quot;copyright&quot;:&quot;www.fenerbahce.org&quot;,&quot;focal_length&quot;:&quot;172&quot;,&quot;iso&quot;:&quot;4000&quot;,&quot;shutter_speed&quot;:&quot;0.000625&quot;,&quot;title&quot;:&quot;&quot;,&quot;orientation&quot;:&quot;1&quot;}\" data-image-title=\"14 &amp;#8211; 25-26 (11)\" data-image-description=\"\" data-image-caption=\"\" data-large-file=\"https:\/\/sarimelekler.biz\/wp-content\/uploads\/2026\/01\/14-25-26-11-1024x682.jpg\" \/><\/a>\n\t\t\t<\/dt><\/dl><br style=\"clear: both\" \/><dl class='gallery-item'>\n\t\t\t<dt class='gallery-icon landscape'>\n\t\t\t\t<a href='https:\/\/sarimelekler.biz\/?attachment_id=22361'><img loading=\"lazy\" decoding=\"async\" width=\"150\" height=\"150\" src=\"https:\/\/sarimelekler.biz\/wp-content\/uploads\/2026\/01\/14-25-26-7-150x150.jpg\" class=\"attachment-thumbnail size-thumbnail\" alt=\"\" data-attachment-id=\"22361\" data-permalink=\"https:\/\/sarimelekler.biz\/?attachment_id=22361\" data-orig-file=\"https:\/\/sarimelekler.biz\/wp-content\/uploads\/2026\/01\/14-25-26-7-scaled.jpg\" data-orig-size=\"2560,1322\" data-comments-opened=\"0\" data-image-meta=\"{&quot;aperture&quot;:&quot;2.8&quot;,&quot;credit&quot;:&quot;BURAK SALTIK&quot;,&quot;camera&quot;:&quot;Canon EOS R3&quot;,&quot;caption&quot;:&quot;&quot;,&quot;created_timestamp&quot;:&quot;1767457793&quot;,&quot;copyright&quot;:&quot;www.fenerbahce.org&quot;,&quot;focal_length&quot;:&quot;200&quot;,&quot;iso&quot;:&quot;6400&quot;,&quot;shutter_speed&quot;:&quot;0.002&quot;,&quot;title&quot;:&quot;&quot;,&quot;orientation&quot;:&quot;1&quot;}\" data-image-title=\"14 &amp;#8211; 25-26 (7)\" data-image-description=\"\" data-image-caption=\"\" data-large-file=\"https:\/\/sarimelekler.biz\/wp-content\/uploads\/2026\/01\/14-25-26-7-1024x529.jpg\" \/><\/a>\n\t\t\t<\/dt><\/dl><dl class='gallery-item'>\n\t\t\t<dt class='gallery-icon landscape'>\n\t\t\t\t<a href='https:\/\/sarimelekler.biz\/?attachment_id=22366'><img loading=\"lazy\" decoding=\"async\" width=\"150\" height=\"150\" src=\"https:\/\/sarimelekler.biz\/wp-content\/uploads\/2026\/01\/14-25-26-12-150x150.jpg\" class=\"attachment-thumbnail size-thumbnail\" alt=\"\" data-attachment-id=\"22366\" data-permalink=\"https:\/\/sarimelekler.biz\/?attachment_id=22366\" data-orig-file=\"https:\/\/sarimelekler.biz\/wp-content\/uploads\/2026\/01\/14-25-26-12-scaled.jpg\" data-orig-size=\"2560,1707\" data-comments-opened=\"0\" data-image-meta=\"{&quot;aperture&quot;:&quot;0&quot;,&quot;credit&quot;:&quot;&quot;,&quot;camera&quot;:&quot;&quot;,&quot;caption&quot;:&quot;&quot;,&quot;created_timestamp&quot;:&quot;0&quot;,&quot;copyright&quot;:&quot;&quot;,&quot;focal_length&quot;:&quot;0&quot;,&quot;iso&quot;:&quot;0&quot;,&quot;shutter_speed&quot;:&quot;0&quot;,&quot;title&quot;:&quot;&quot;,&quot;orientation&quot;:&quot;0&quot;}\" data-image-title=\"14 &amp;#8211; 25-26 (12)\" data-image-description=\"\" data-image-caption=\"\" data-large-file=\"https:\/\/sarimelekler.biz\/wp-content\/uploads\/2026\/01\/14-25-26-12-1024x683.jpg\" \/><\/a>\n\t\t\t<\/dt><\/dl>\n\t\t\t<br style='clear: both' \/>\n\t\t<\/div>\n\n<p>Foto\u011fraf Kaynak:\u00a0<a href=\"https:\/\/www.fenerbahce.org\/haberler\/voleybol-kadin\/2026\/1\/fenerbahce-medicana-3-0-aras-kargo\" target=\"_blank\" rel=\"noopener\">Fenerbah\u00e7e SK Resmi \u0130nternet Sitesi<\/a><\/p>\n<p style=\"text-align: right;\">03.01.2026<\/p>\n","protected":false},"excerpt":{"rendered":"<p>Fenerbah\u00e7e Medicana Kad\u0131n Voleybol Tak\u0131m\u0131m\u0131z, Vodafone Sultanlar Ligi 14. hafta \u2026 <a class=\"continue-reading-link\" href=\"https:\/\/sarimelekler.biz\/?p=22354\">Okumaya Devam Et.. <span class=\"meta-nav\">&rarr; <\/span><\/a><\/p>\n","protected":false},"author":1,"featured_media":22357,"comment_status":"closed","ping_status":"open","sticky":false,"template":"","format":"standard","meta":{"jetpack_post_was_ever_published":false,"_jetpack_newsletter_access":"","_jetpack_dont_email_post_to_subs":false,"_jetpack_newsletter_tier_id":0,"_jetpack_memberships_contains_paywalled_content":false,"_jetpack_memberships_contains_paid_content":false,"footnotes":"","jetpack_publicize_message":"","jetpack_publicize_feature_enabled":true,"jetpack_social_post_already_shared":true,"jetpack_social_options":{"image_generator_settings":{"template":"highway","default_image_id":0,"font":"","enabled":false},"version":2}},"categories":[6],"tags":[],"class_list":["post-22354","post","type-post","status-publish","format-standard","has-post-thumbnail","hentry","category-turkiye-ligi"],"jetpack_publicize_connections":[],"jetpack_featured_media_url":"https:\/\/sarimelekler.biz\/wp-content\/uploads\/2026\/01\/14-25-26-3-scaled.jpg","jetpack_sharing_enabled":true,"jetpack_shortlink":"https:\/\/wp.me\/p8npUZ-5Oy","jetpack-related-posts":[{"id":22656,"url":"https:\/\/sarimelekler.biz\/?p=22656","url_meta":{"origin":22354,"position":0},"title":"Fenerbah\u00e7e Medicana:3 \u2013 Bah\u00e7elievler Belediyesi:0","author":"Edit\u00f6r","date":"28 \u015eubat 2026","format":false,"excerpt":"Fenerbah\u00e7e Medicana Kad\u0131n Voleybol Tak\u0131m\u0131m\u0131z, Vodafone Sultanlar Ligi 24. hafta ma\u00e7\u0131nda konuk etti\u011fi Bah\u00e7elievler Belediyesi tak\u0131m\u0131n\u0131 25-11, 25-11 ve 25-14\u2019l\u00fck set skorlar\u0131yla 3-0 ma\u011flup etti. Ma\u00e7a Asl\u0131, Milenkovic, Yaasmeen, Dicle, Ana Cristina, Arelya ve libero G\u00fclce kadrosuyla ba\u015flayan tak\u0131m\u0131m\u0131zda Hande ve Sude\u2019de s\u00fcre ald\u0131. Ma\u00e7\u0131 18 say\u0131yla tamamlayan Yaasmeen ma\u00e7\u0131n\u2026","rel":"","context":"&quot;T\u00fcrkiye Ligi&quot; i\u00e7inde","block_context":{"text":"T\u00fcrkiye Ligi","link":"https:\/\/sarimelekler.biz\/?cat=6"},"img":{"alt_text":"","src":"https:\/\/i0.wp.com\/sarimelekler.biz\/wp-content\/uploads\/2026\/02\/24-25-26-7-scaled.jpg?resize=350%2C200&ssl=1","width":350,"height":200,"srcset":"https:\/\/i0.wp.com\/sarimelekler.biz\/wp-content\/uploads\/2026\/02\/24-25-26-7-scaled.jpg?resize=350%2C200&ssl=1 1x, https:\/\/i0.wp.com\/sarimelekler.biz\/wp-content\/uploads\/2026\/02\/24-25-26-7-scaled.jpg?resize=525%2C300&ssl=1 1.5x, https:\/\/i0.wp.com\/sarimelekler.biz\/wp-content\/uploads\/2026\/02\/24-25-26-7-scaled.jpg?resize=700%2C400&ssl=1 2x, https:\/\/i0.wp.com\/sarimelekler.biz\/wp-content\/uploads\/2026\/02\/24-25-26-7-scaled.jpg?resize=1050%2C600&ssl=1 3x, https:\/\/i0.wp.com\/sarimelekler.biz\/wp-content\/uploads\/2026\/02\/24-25-26-7-scaled.jpg?resize=1400%2C800&ssl=1 4x"},"classes":[]},{"id":22754,"url":"https:\/\/sarimelekler.biz\/?p=22754","url_meta":{"origin":22354,"position":1},"title":"Fenerbah\u00e7e Medicana:3 \u2013 Zeren Spor:1","author":"Edit\u00f6r","date":"2 Nisan 2026","format":false,"excerpt":"Fenerbah\u00e7e Medicana Kad\u0131n Voleybol Tak\u0131m\u0131m\u0131z, Vodafone Sultanlar Ligi Play Off yar\u0131 final serisi ikinci ma\u00e7\u0131nda konuk etti\u011fi Zeren Spor tak\u0131m\u0131n\u0131 24-26, 26-24, 25-21 ve 27-25\u2019lik set skorlar\u0131yla 3-1 ma\u011flup etti. Bu sonu\u00e7la seride 2-0 \u00f6ne ge\u00e7en tak\u0131m\u0131m\u0131z finale y\u00fckselmeyi hak etti. Ma\u00e7a Eda, Fedorovtseva, Asl\u0131, Hande, Alessia Orro, Vargas ve\u2026","rel":"","context":"&quot;T\u00fcrkiye Ligi&quot; i\u00e7inde","block_context":{"text":"T\u00fcrkiye Ligi","link":"https:\/\/sarimelekler.biz\/?cat=6"},"img":{"alt_text":"","src":"https:\/\/i0.wp.com\/sarimelekler.biz\/wp-content\/uploads\/2026\/04\/28-25-26-14-scaled.jpg?resize=350%2C200&ssl=1","width":350,"height":200,"srcset":"https:\/\/i0.wp.com\/sarimelekler.biz\/wp-content\/uploads\/2026\/04\/28-25-26-14-scaled.jpg?resize=350%2C200&ssl=1 1x, https:\/\/i0.wp.com\/sarimelekler.biz\/wp-content\/uploads\/2026\/04\/28-25-26-14-scaled.jpg?resize=525%2C300&ssl=1 1.5x, https:\/\/i0.wp.com\/sarimelekler.biz\/wp-content\/uploads\/2026\/04\/28-25-26-14-scaled.jpg?resize=700%2C400&ssl=1 2x, https:\/\/i0.wp.com\/sarimelekler.biz\/wp-content\/uploads\/2026\/04\/28-25-26-14-scaled.jpg?resize=1050%2C600&ssl=1 3x, https:\/\/i0.wp.com\/sarimelekler.biz\/wp-content\/uploads\/2026\/04\/28-25-26-14-scaled.jpg?resize=1400%2C800&ssl=1 4x"},"classes":[]},{"id":21366,"url":"https:\/\/sarimelekler.biz\/?p=21366","url_meta":{"origin":22354,"position":2},"title":"Fenerbah\u00e7e Medicana:3 \u2013 Aras Kargo:0","author":"Edit\u00f6r","date":"9 Kas\u0131m 2024","format":false,"excerpt":"Fenerbah\u00e7e Medicana Kad\u0131n Voleybol Tak\u0131m\u0131m\u0131z, Vodafone Sultanlar Ligi 8. Hafta ma\u00e7\u0131nda konuk etti\u011fi Aras Kargo tak\u0131m\u0131n\u0131 25-18, 25-22 ve 25-22\u2019lik set skorlar\u0131yla 3-0 ma\u011flup etti. Ma\u00e7a Asl\u0131, Meliha, Arelya, Vuchkova, Elitsa Vasileva, Stysiak ve libero \u00d6zlem kadrosuyla ba\u015flayan tak\u0131m\u0131m\u0131zda yedek oyuncular\u0131m\u0131zdan Gizem, Drca ve Liza s\u00fcre ald\u0131. Ma\u00e7\u0131 19 say\u0131yla\u2026","rel":"","context":"&quot;T\u00fcrkiye Ligi&quot; i\u00e7inde","block_context":{"text":"T\u00fcrkiye Ligi","link":"https:\/\/sarimelekler.biz\/?cat=6"},"img":{"alt_text":"","src":"https:\/\/i0.wp.com\/sarimelekler.biz\/wp-content\/uploads\/2024\/11\/08-24-25-8-scaled.jpg?resize=350%2C200&ssl=1","width":350,"height":200,"srcset":"https:\/\/i0.wp.com\/sarimelekler.biz\/wp-content\/uploads\/2024\/11\/08-24-25-8-scaled.jpg?resize=350%2C200&ssl=1 1x, https:\/\/i0.wp.com\/sarimelekler.biz\/wp-content\/uploads\/2024\/11\/08-24-25-8-scaled.jpg?resize=525%2C300&ssl=1 1.5x, https:\/\/i0.wp.com\/sarimelekler.biz\/wp-content\/uploads\/2024\/11\/08-24-25-8-scaled.jpg?resize=700%2C400&ssl=1 2x, https:\/\/i0.wp.com\/sarimelekler.biz\/wp-content\/uploads\/2024\/11\/08-24-25-8-scaled.jpg?resize=1050%2C600&ssl=1 3x, https:\/\/i0.wp.com\/sarimelekler.biz\/wp-content\/uploads\/2024\/11\/08-24-25-8-scaled.jpg?resize=1400%2C800&ssl=1 4x"},"classes":[]},{"id":21684,"url":"https:\/\/sarimelekler.biz\/?p=21684","url_meta":{"origin":22354,"position":3},"title":"Aras Kargo:0 \u2013 Fenerbah\u00e7e Medicana:3","author":"Edit\u00f6r","date":"17 \u015eubat 2025","format":false,"excerpt":"Fenerbah\u00e7e Medicana Kad\u0131n Voleybol Tak\u0131m\u0131m\u0131z, Vodafone Sultanlar Ligi 21. Hafta ma\u00e7\u0131nda konuk oldu\u011fu Aras Kargo tak\u0131m\u0131n\u0131 21-25, 23-25 ve 22-25\u2019lik set skorlar\u0131yla 3-0 ma\u011flup etti. Ma\u00e7a Eda, Vuchkova, Ana Cristina, Drca, Meliha, Vargas ve libero \u00d6zlem kadrosuyla ba\u015flayan tak\u0131m\u0131m\u0131zda yedek oyuncular\u0131m\u0131zdan Gizem, Fedorovtseva, Elitsa ve Liza\u2019da s\u00fcre ald\u0131. Ma\u00e7\u0131 14\u2026","rel":"","context":"&quot;T\u00fcrkiye Ligi&quot; i\u00e7inde","block_context":{"text":"T\u00fcrkiye Ligi","link":"https:\/\/sarimelekler.biz\/?cat=6"},"img":{"alt_text":"","src":"https:\/\/i0.wp.com\/sarimelekler.biz\/wp-content\/uploads\/2025\/02\/21-24-25-1.jpeg?resize=350%2C200&ssl=1","width":350,"height":200,"srcset":"https:\/\/i0.wp.com\/sarimelekler.biz\/wp-content\/uploads\/2025\/02\/21-24-25-1.jpeg?resize=350%2C200&ssl=1 1x, https:\/\/i0.wp.com\/sarimelekler.biz\/wp-content\/uploads\/2025\/02\/21-24-25-1.jpeg?resize=525%2C300&ssl=1 1.5x, https:\/\/i0.wp.com\/sarimelekler.biz\/wp-content\/uploads\/2025\/02\/21-24-25-1.jpeg?resize=700%2C400&ssl=1 2x, https:\/\/i0.wp.com\/sarimelekler.biz\/wp-content\/uploads\/2025\/02\/21-24-25-1.jpeg?resize=1050%2C600&ssl=1 3x, https:\/\/i0.wp.com\/sarimelekler.biz\/wp-content\/uploads\/2025\/02\/21-24-25-1.jpeg?resize=1400%2C800&ssl=1 4x"},"classes":[]},{"id":22697,"url":"https:\/\/sarimelekler.biz\/?p=22697","url_meta":{"origin":22354,"position":4},"title":"Nil\u00fcfer Belediyespor Eker:0 \u2013 Fenerbah\u00e7e Medicana:3","author":"Edit\u00f6r","date":"14 Mart 2026","format":false,"excerpt":"Fenerbah\u00e7e Medicana Kad\u0131n Voleybol Tak\u0131m\u0131m\u0131z, Vodafone Sultanlar Ligi 26. hafta ma\u00e7\u0131nda konuk oldu\u011fu Nil\u00fcfer Belediyespor Eker tak\u0131m\u0131n\u0131 16-25, 21-25 ve 29-31\u2019lik set skorlar\u0131yla 3-0 ma\u011flup etti. Ma\u00e7a Asl\u0131, Dicle, Milenkovic, Arelya, Ana Cristina, Yaasmeen ve libero Gizem kadrosuyla ba\u015flayan tak\u0131m\u0131m\u0131zda Sude ve Fatma\u2019da s\u00fcre ald\u0131. Ma\u00e7\u0131 26 say\u0131yla tamamlayan Ana\u2026","rel":"","context":"&quot;T\u00fcrkiye Ligi&quot; i\u00e7inde","block_context":{"text":"T\u00fcrkiye Ligi","link":"https:\/\/sarimelekler.biz\/?cat=6"},"img":{"alt_text":"","src":"https:\/\/i0.wp.com\/sarimelekler.biz\/wp-content\/uploads\/2026\/03\/26-25-26-2.jpg?resize=350%2C200&ssl=1","width":350,"height":200,"srcset":"https:\/\/i0.wp.com\/sarimelekler.biz\/wp-content\/uploads\/2026\/03\/26-25-26-2.jpg?resize=350%2C200&ssl=1 1x, https:\/\/i0.wp.com\/sarimelekler.biz\/wp-content\/uploads\/2026\/03\/26-25-26-2.jpg?resize=525%2C300&ssl=1 1.5x, https:\/\/i0.wp.com\/sarimelekler.biz\/wp-content\/uploads\/2026\/03\/26-25-26-2.jpg?resize=700%2C400&ssl=1 2x, https:\/\/i0.wp.com\/sarimelekler.biz\/wp-content\/uploads\/2026\/03\/26-25-26-2.jpg?resize=1050%2C600&ssl=1 3x"},"classes":[]},{"id":22866,"url":"https:\/\/sarimelekler.biz\/?p=22866","url_meta":{"origin":22354,"position":5},"title":"Sezonu \u0130kincilikle Kapat\u0131yoruz\/ Vak\u0131fbank:3 \u2013 Fenerbah\u00e7e Medicana:1","author":"Edit\u00f6r","date":"19 Nisan 2026","format":false,"excerpt":"Fenerbah\u00e7e Medicana Kad\u0131n Voleybol Tak\u0131m\u0131m\u0131z, Vodafone Sultanlar Ligi final serisi be\u015finci ve son ma\u00e7\u0131nda konuk oldu\u011fu Vak\u0131fbank tak\u0131m\u0131na 23-25, 29-27, 25-20 ve 25-19\u2019luk set skorlar\u0131yla 3-1 ma\u011flup oldu. Bu sonu\u00e7la final serisini 3-2 kaybeden tak\u0131m\u0131m\u0131z ligi ikinci olarak bitirdi. Ma\u00e7a Eda, Fedorovtseva, Ana Cristina, Arelya, Korneluk, Vargas ve libero Gizem\u2026","rel":"","context":"&quot;T\u00fcrkiye Ligi&quot; i\u00e7inde","block_context":{"text":"T\u00fcrkiye Ligi","link":"https:\/\/sarimelekler.biz\/?cat=6"},"img":{"alt_text":"","src":"https:\/\/i0.wp.com\/sarimelekler.biz\/wp-content\/uploads\/2026\/04\/33-25-26-14-scaled.jpg?resize=350%2C200&ssl=1","width":350,"height":200,"srcset":"https:\/\/i0.wp.com\/sarimelekler.biz\/wp-content\/uploads\/2026\/04\/33-25-26-14-scaled.jpg?resize=350%2C200&ssl=1 1x, https:\/\/i0.wp.com\/sarimelekler.biz\/wp-content\/uploads\/2026\/04\/33-25-26-14-scaled.jpg?resize=525%2C300&ssl=1 1.5x, https:\/\/i0.wp.com\/sarimelekler.biz\/wp-content\/uploads\/2026\/04\/33-25-26-14-scaled.jpg?resize=700%2C400&ssl=1 2x, https:\/\/i0.wp.com\/sarimelekler.biz\/wp-content\/uploads\/2026\/04\/33-25-26-14-scaled.jpg?resize=1050%2C600&ssl=1 3x, https:\/\/i0.wp.com\/sarimelekler.biz\/wp-content\/uploads\/2026\/04\/33-25-26-14-scaled.jpg?resize=1400%2C800&ssl=1 4x"},"classes":[]}],"_links":{"self":[{"href":"https:\/\/sarimelekler.biz\/index.php?rest_route=\/wp\/v2\/posts\/22354","targetHints":{"allow":["GET"]}}],"collection":[{"href":"https:\/\/sarimelekler.biz\/index.php?rest_route=\/wp\/v2\/posts"}],"about":[{"href":"https:\/\/sarimelekler.biz\/index.php?rest_route=\/wp\/v2\/types\/post"}],"author":[{"embeddable":true,"href":"https:\/\/sarimelekler.biz\/index.php?rest_route=\/wp\/v2\/users\/1"}],"replies":[{"embeddable":true,"href":"https:\/\/sarimelekler.biz\/index.php?rest_route=%2Fwp%2Fv2%2Fcomments&post=22354"}],"version-history":[{"count":4,"href":"https:\/\/sarimelekler.biz\/index.php?rest_route=\/wp\/v2\/posts\/22354\/revisions"}],"predecessor-version":[{"id":22370,"href":"https:\/\/sarimelekler.biz\/index.php?rest_route=\/wp\/v2\/posts\/22354\/revisions\/22370"}],"wp:featuredmedia":[{"embeddable":true,"href":"https:\/\/sarimelekler.biz\/index.php?rest_route=\/wp\/v2\/media\/22357"}],"wp:attachment":[{"href":"https:\/\/sarimelekler.biz\/index.php?rest_route=%2Fwp%2Fv2%2Fmedia&parent=22354"}],"wp:term":[{"taxonomy":"category","embeddable":true,"href":"https:\/\/sarimelekler.biz\/index.php?rest_route=%2Fwp%2Fv2%2Fcategories&post=22354"},{"taxonomy":"post_tag","embeddable":true,"href":"https:\/\/sarimelekler.biz\/index.php?rest_route=%2Fwp%2Fv2%2Ftags&post=22354"}],"curies":[{"name":"wp","href":"https:\/\/api.w.org\/{rel}","templated":true}]}}