{"id":22399,"date":"2026-01-10T17:11:22","date_gmt":"2026-01-10T14:11:22","guid":{"rendered":"https:\/\/sarimelekler.biz\/?p=22399"},"modified":"2026-01-10T17:11:23","modified_gmt":"2026-01-10T14:11:23","slug":"turk-hava-yollari3-fenerbahce-medicana2","status":"publish","type":"post","link":"https:\/\/sarimelekler.biz\/?p=22399","title":{"rendered":"T\u00fcrk Hava Yollar\u0131:3 \u2013 Fenerbah\u00e7e Medicana:2"},"content":{"rendered":"<p style=\"text-align: justify;\"><span style=\"font-size: 18px;\">Fenerbah\u00e7e Medicana Kad\u0131n Voleybol Tak\u0131m\u0131m\u0131z, Vodafone Sultanlar Ligi 15. hafta ma\u00e7\u0131nda konuk oldu\u011fu T\u00fcrk Hava Yollar\u0131 tak\u0131m\u0131na 18-25, 28-26, 26-24, 15-25 ve 15-12\u2019lik set skorlar\u0131yla 3-2 ma\u011flup oldu. Ma\u00e7a Eda, Hande, Fedorovtseva, Korneluk, Vargas, Alessia Orro ve libero Gizem kadrosuyla ba\u015flayan tak\u0131m\u0131m\u0131zda ilk setin ortalar\u0131ndan Hande bir pozisyonda ters basarak sa\u011f ayak bile\u011finden sakatland\u0131. \u0130lk \u00f6nce kenarda sonrada soyunma odas\u0131nda yap\u0131lan ilk tedavilerinin ard\u0131ndan ma\u00e7\u0131n geri kalan\u0131n\u0131 trib\u00fcnden takip etti. Hande\u2019nin sakatlanmas\u0131n\u0131n ard\u0131ndan ikili de\u011fi\u015fiklikle Hande ve Korneluk oyundan \u00e7\u0131karken oyuna Asl\u0131 ve Ana Cristina dahil oldu. Ayr\u0131ca tak\u0131m\u0131m\u0131zda Yaasmeen, Arelya ve G\u00fclce\u2019de s\u00fcre ald\u0131. Ma\u00e7\u0131 29 say\u0131yla tamamlayan Fedorovtseva ma\u00e7\u0131n en skorer oyuncusu oldu. Hande\u2019ye ge\u00e7mi\u015f olsun dileklerimizi iletiyoruz.<\/span><\/p>\n<p style=\"text-align: justify;\"><span style=\"font-size: 18px;\">Tak\u0131m\u0131m\u0131z CEV \u015eampiyonlar Ligi B Grubu 4. ma\u00e7\u0131nda 13 Ocak Sal\u0131 g\u00fcn\u00fc Saat:19:00\u2019da \u0130talya temsilcisi Igor Gorgonzola Novara tak\u0131m\u0131n\u0131 konuk edecek. Burhan Felek Vestel Voleybol Salonunda oynanacak ma\u00e7 TRTSpor Y\u0131ld\u0131z kanal\u0131ndan canl\u0131 yay\u0131nlanacak.<\/span><\/p>\n<p style=\"text-align: justify;\"><span style=\"font-size: 18px;\">Sar\u0131 Melekler Vodafone Sultanlar Ligi&#8217;nin 16. haftas\u0131nda 17 Ocak Cumartesi g\u00fcn\u00fc Saat:14:00&#8217;da Zeren Spor tak\u0131m\u0131n\u0131 konuk edecek. Burhan Felek Vestel Voleybol Salonunda oynanacak ma\u00e7 TRTSpor Y\u0131ld\u0131z kanal\u0131ndan canl\u0131 yay\u0131nlanacak.<\/span><\/p>\n<p style=\"text-align: justify;\"><strong><span style=\"font-size: 18px;\">Bu ma\u00e7\u0131n istatistikleri:<\/span><\/strong><br \/>\n<span style=\"font-size: 18px;\">Fedorovtseva\u00a0 : 29 Say\u0131\u00a0 \u2013 (6 Servis, 2 Blok) \u00a0% 51 \u00a0\u00a0(41 H\u00fccum)<\/span><br \/>\n<span style=\"font-size: 18px;\">Eda \u00a0\u00a0\u00a0\u00a0\u00a0\u00a0\u00a0\u00a0\u00a0\u00a0\u00a0\u00a0\u00a0\u00a0\u00a0\u00a0: 19 Say\u0131\u00a0 \u2013 (2 Servis, 7 Blok)\u00a0 \u00a0% 77\u00a0 \u00a0(13 H\u00fccum)<\/span><br \/>\n<span style=\"font-size: 18px;\">Ana Cristina\u00a0\u00a0 : 12 Say\u0131\u00a0 \u2013 (1 Blok) \u00a0\u00a0\u00a0\u00a0\u00a0\u00a0\u00a0\u00a0\u00a0\u00a0\u00a0\u00a0\u00a0\u00a0\u00a0\u00a0\u00a0% 37 \u00a0\u00a0(30 H\u00fccum)<\/span><br \/>\n<span style=\"font-size: 18px;\">Vargas\u00a0\u00a0\u00a0\u00a0\u00a0\u00a0\u00a0\u00a0\u00a0\u00a0\u00a0 : 09 Say\u0131\u00a0 \u2013 (1 Blok)\u00a0\u00a0\u00a0\u00a0\u00a0\u00a0\u00a0\u00a0\u00a0\u00a0\u00a0 \u00a0\u00a0\u00a0\u00a0\u00a0\u00a0% 32 \u00a0\u00a0(25 H\u00fccum)<\/span><br \/>\n<span style=\"font-size: 18px;\">Asl\u0131\u00a0\u00a0\u00a0\u00a0\u00a0\u00a0\u00a0\u00a0\u00a0\u00a0\u00a0\u00a0\u00a0\u00a0\u00a0\u00a0 : 07 Say\u0131\u00a0 \u2013 (2 Servis, 3 Blok)\u00a0 \u00a0% 67\u00a0 \u00a0(03 H\u00fccum)<\/span><br \/>\n<span style=\"font-size: 18px;\">Yaasmeen\u00a0\u00a0\u00a0\u00a0\u00a0\u00a0 : 06 Say\u0131\u00a0 \u2013 ( &#8212; \/ &#8212; ) \u00a0\u00a0\u00a0\u00a0\u00a0\u00a0\u00a0\u00a0\u00a0\u00a0\u00a0\u00a0\u00a0\u00a0\u00a0% 50\u00a0 (12 H\u00fccum)<\/span><br \/>\n<span style=\"font-size: 18px;\">Hande\u00a0\u00a0\u00a0\u00a0\u00a0\u00a0\u00a0\u00a0\u00a0\u00a0\u00a0\u00a0 : 03 Say\u0131\u00a0 \u2013 (1 Blok)<\/span><br \/>\n<span style=\"font-size: 18px;\">Alessia Orro\u00a0\u00a0\u00a0 : 03 Say\u0131<\/span><br \/>\n<span style=\"font-size: 18px;\">Korneluk\u00a0\u00a0\u00a0\u00a0\u00a0\u00a0\u00a0 \u00a0: 02 Say\u0131\u00a0 \u2013 (1 Blok)<\/span><\/p>\n<p style=\"text-align: justify;\"><strong><span style=\"font-size: 18px;\">Servis Kar\u015f\u0131lama:<\/span><\/strong><br \/>\n<span style=\"font-size: 18px;\">Gizem\u00a0\u00a0\u00a0\u00a0\u00a0\u00a0\u00a0\u00a0\u00a0\u00a0\u00a0\u00a0 : % 35 \u2013 % 13\u00a0 M\u00fckemmel\u00a0 (23 Kar\u015f\u0131lama)<\/span><br \/>\n<span style=\"font-size: 18px;\">Fedorovtseva\u00a0 : % 47 \u2013 % 21\u00a0 M\u00fckemmel\u00a0 (34 Kar\u015f\u0131lama)<\/span><br \/>\n<span style=\"font-size: 18px;\">Ana Cristina\u00a0\u00a0 : % 39 \u2013 % 21\u00a0 M\u00fckemmel\u00a0 (28 Kar\u015f\u0131lama)<\/span><\/p>\n<p style=\"text-align: justify;\"><strong><span style=\"font-size: 18px;\">+\/- (Kazand\u0131\u011f\u0131\/Kaybetti\u011fi)<\/span><\/strong><br \/>\n<span style=\"font-size: 18px;\">Fedorovtseva\u00a0 :20<\/span><br \/>\n<span style=\"font-size: 18px;\">Eda\u00a0\u00a0\u00a0\u00a0 \u00a0\u00a0\u00a0\u00a0\u00a0\u00a0\u00a0\u00a0\u00a0\u00a0\u00a0\u00a0:10<\/span><br \/>\n<span style=\"font-size: 18px;\">Ana Cristina\u00a0\u00a0 :05<\/span><br \/>\n<span style=\"font-size: 18px;\">Vargas\u00a0\u00a0\u00a0\u00a0\u00a0\u00a0\u00a0\u00a0\u00a0\u00a0\u00a0 :04<\/span><br \/>\n<span style=\"font-size: 18px;\">Yaasmeen\u00a0\u00a0\u00a0\u00a0\u00a0\u00a0 :03<\/span><br \/>\n<span style=\"font-size: 18px;\">Asl\u0131\u00a0\u00a0\u00a0\u00a0\u00a0\u00a0\u00a0 \u00a0\u00a0\u00a0\u00a0\u00a0\u00a0\u00a0\u00a0\u00a0:03<\/span><br \/>\n<span style=\"font-size: 18px;\">Korneluk \u00a0\u00a0\u00a0\u00a0\u00a0\u00a0\u00a0\u00a0:02<\/span><br \/>\n<span style=\"font-size: 18px;\">Alessia Orro\u00a0\u00a0 :01<\/span><br \/>\n<span style=\"font-size: 18px;\">Hande\u00a0\u00a0\u00a0\u00a0\u00a0\u00a0\u00a0\u00a0\u00a0\u00a0\u00a0\u00a0 :01<\/span><br \/>\n<span style=\"font-size: 18px;\">G\u00fclce\u00a0\u00a0\u00a0\u00a0\u00a0\u00a0\u00a0\u00a0\u00a0\u00a0 \u00a0\u00a0\u00a0: -1<\/span><br \/>\n<span style=\"font-size: 18px;\">Arelya\u00a0\u00a0\u00a0\u00a0\u00a0\u00a0\u00a0\u00a0\u00a0\u00a0\u00a0\u00a0 : -2<\/span><br \/>\n<span style=\"font-size: 18px;\">Gizem\u00a0\u00a0\u00a0\u00a0\u00a0\u00a0\u00a0\u00a0\u00a0\u00a0\u00a0\u00a0 : -3<\/span><\/p>\n\n\t\t<style type=\"text\/css\">\n\t\t\t#gallery-1 {\n\t\t\t\tmargin: auto;\n\t\t\t}\n\t\t\t#gallery-1 .gallery-item {\n\t\t\t\tfloat: left;\n\t\t\t\tmargin-top: 10px;\n\t\t\t\ttext-align: center;\n\t\t\t\twidth: 20%;\n\t\t\t}\n\t\t\t#gallery-1 img {\n\t\t\t\tborder: 2px solid #cfcfcf;\n\t\t\t}\n\t\t\t#gallery-1 .gallery-caption {\n\t\t\t\tmargin-left: 0;\n\t\t\t}\n\t\t\t\/* see gallery_shortcode() in wp-includes\/media.php *\/\n\t\t<\/style>\n\t\t<div data-carousel-extra='{&quot;blog_id&quot;:1,&quot;permalink&quot;:&quot;https:\/\/sarimelekler.biz\/?p=22399&quot;}' id='gallery-1' class='gallery galleryid-22399 gallery-columns-5 gallery-size-thumbnail'><dl class='gallery-item'>\n\t\t\t<dt class='gallery-icon portrait'>\n\t\t\t\t<a href='https:\/\/sarimelekler.biz\/?attachment_id=22400'><img loading=\"lazy\" decoding=\"async\" width=\"150\" height=\"150\" src=\"https:\/\/sarimelekler.biz\/wp-content\/uploads\/2026\/01\/15-25-26-1-150x150.jpg\" class=\"attachment-thumbnail size-thumbnail\" alt=\"\" data-attachment-id=\"22400\" data-permalink=\"https:\/\/sarimelekler.biz\/?attachment_id=22400\" data-orig-file=\"https:\/\/sarimelekler.biz\/wp-content\/uploads\/2026\/01\/15-25-26-1.jpg\" data-orig-size=\"1728,2472\" data-comments-opened=\"0\" data-image-meta=\"{&quot;aperture&quot;:&quot;4.5&quot;,&quot;credit&quot;:&quot;&quot;,&quot;camera&quot;:&quot;Canon EOS-1D X&quot;,&quot;caption&quot;:&quot;&quot;,&quot;created_timestamp&quot;:&quot;1768057490&quot;,&quot;copyright&quot;:&quot;&quot;,&quot;focal_length&quot;:&quot;200&quot;,&quot;iso&quot;:&quot;2000&quot;,&quot;shutter_speed&quot;:&quot;0.0025&quot;,&quot;title&quot;:&quot;&quot;,&quot;orientation&quot;:&quot;1&quot;}\" data-image-title=\"15 &amp;#8211; 25-26 (1)\" data-image-description=\"\" data-image-caption=\"\" data-large-file=\"https:\/\/sarimelekler.biz\/wp-content\/uploads\/2026\/01\/15-25-26-1-716x1024.jpg\" \/><\/a>\n\t\t\t<\/dt><\/dl><dl class='gallery-item'>\n\t\t\t<dt class='gallery-icon landscape'>\n\t\t\t\t<a href='https:\/\/sarimelekler.biz\/?attachment_id=22401'><img loading=\"lazy\" decoding=\"async\" width=\"150\" height=\"150\" src=\"https:\/\/sarimelekler.biz\/wp-content\/uploads\/2026\/01\/15-25-26-2-150x150.jpg\" class=\"attachment-thumbnail size-thumbnail\" alt=\"\" data-attachment-id=\"22401\" data-permalink=\"https:\/\/sarimelekler.biz\/?attachment_id=22401\" data-orig-file=\"https:\/\/sarimelekler.biz\/wp-content\/uploads\/2026\/01\/15-25-26-2-scaled.jpg\" data-orig-size=\"2560,2276\" data-comments-opened=\"0\" data-image-meta=\"{&quot;aperture&quot;:&quot;2.8&quot;,&quot;credit&quot;:&quot;&quot;,&quot;camera&quot;:&quot;Canon EOS-1D X&quot;,&quot;caption&quot;:&quot;&quot;,&quot;created_timestamp&quot;:&quot;1768054999&quot;,&quot;copyright&quot;:&quot;&quot;,&quot;focal_length&quot;:&quot;200&quot;,&quot;iso&quot;:&quot;2500&quot;,&quot;shutter_speed&quot;:&quot;0.0015625&quot;,&quot;title&quot;:&quot;&quot;,&quot;orientation&quot;:&quot;1&quot;}\" data-image-title=\"15 &amp;#8211; 25-26 (2)\" data-image-description=\"\" data-image-caption=\"\" data-large-file=\"https:\/\/sarimelekler.biz\/wp-content\/uploads\/2026\/01\/15-25-26-2-1024x911.jpg\" \/><\/a>\n\t\t\t<\/dt><\/dl><dl class='gallery-item'>\n\t\t\t<dt class='gallery-icon portrait'>\n\t\t\t\t<a href='https:\/\/sarimelekler.biz\/?attachment_id=22403'><img loading=\"lazy\" decoding=\"async\" width=\"150\" height=\"150\" src=\"https:\/\/sarimelekler.biz\/wp-content\/uploads\/2026\/01\/15-25-26-4-150x150.jpg\" class=\"attachment-thumbnail size-thumbnail\" alt=\"\" data-attachment-id=\"22403\" data-permalink=\"https:\/\/sarimelekler.biz\/?attachment_id=22403\" data-orig-file=\"https:\/\/sarimelekler.biz\/wp-content\/uploads\/2026\/01\/15-25-26-4.jpg\" data-orig-size=\"2084,2180\" data-comments-opened=\"0\" data-image-meta=\"{&quot;aperture&quot;:&quot;3.5&quot;,&quot;credit&quot;:&quot;&quot;,&quot;camera&quot;:&quot;Canon EOS-1D X&quot;,&quot;caption&quot;:&quot;&quot;,&quot;created_timestamp&quot;:&quot;1768054158&quot;,&quot;copyright&quot;:&quot;&quot;,&quot;focal_length&quot;:&quot;200&quot;,&quot;iso&quot;:&quot;2000&quot;,&quot;shutter_speed&quot;:&quot;0.0015625&quot;,&quot;title&quot;:&quot;&quot;,&quot;orientation&quot;:&quot;1&quot;}\" data-image-title=\"15 &amp;#8211; 25-26 (4)\" data-image-description=\"\" data-image-caption=\"\" data-large-file=\"https:\/\/sarimelekler.biz\/wp-content\/uploads\/2026\/01\/15-25-26-4-979x1024.jpg\" \/><\/a>\n\t\t\t<\/dt><\/dl><dl class='gallery-item'>\n\t\t\t<dt class='gallery-icon portrait'>\n\t\t\t\t<a href='https:\/\/sarimelekler.biz\/?attachment_id=22405'><img loading=\"lazy\" decoding=\"async\" width=\"150\" height=\"150\" src=\"https:\/\/sarimelekler.biz\/wp-content\/uploads\/2026\/01\/15-25-26-6-150x150.jpg\" class=\"attachment-thumbnail size-thumbnail\" alt=\"\" data-attachment-id=\"22405\" data-permalink=\"https:\/\/sarimelekler.biz\/?attachment_id=22405\" data-orig-file=\"https:\/\/sarimelekler.biz\/wp-content\/uploads\/2026\/01\/15-25-26-6.jpg\" data-orig-size=\"1180,2052\" data-comments-opened=\"0\" data-image-meta=\"{&quot;aperture&quot;:&quot;3.5&quot;,&quot;credit&quot;:&quot;&quot;,&quot;camera&quot;:&quot;Canon EOS-1D X&quot;,&quot;caption&quot;:&quot;&quot;,&quot;created_timestamp&quot;:&quot;1768054285&quot;,&quot;copyright&quot;:&quot;&quot;,&quot;focal_length&quot;:&quot;200&quot;,&quot;iso&quot;:&quot;2000&quot;,&quot;shutter_speed&quot;:&quot;0.0015625&quot;,&quot;title&quot;:&quot;&quot;,&quot;orientation&quot;:&quot;1&quot;}\" data-image-title=\"15 &amp;#8211; 25-26 (6)\" data-image-description=\"\" data-image-caption=\"\" data-large-file=\"https:\/\/sarimelekler.biz\/wp-content\/uploads\/2026\/01\/15-25-26-6-589x1024.jpg\" \/><\/a>\n\t\t\t<\/dt><\/dl><dl class='gallery-item'>\n\t\t\t<dt class='gallery-icon landscape'>\n\t\t\t\t<a href='https:\/\/sarimelekler.biz\/?attachment_id=22406'><img loading=\"lazy\" decoding=\"async\" width=\"150\" height=\"150\" src=\"https:\/\/sarimelekler.biz\/wp-content\/uploads\/2026\/01\/15-25-26-7-150x150.jpg\" class=\"attachment-thumbnail size-thumbnail\" alt=\"\" data-attachment-id=\"22406\" data-permalink=\"https:\/\/sarimelekler.biz\/?attachment_id=22406\" data-orig-file=\"https:\/\/sarimelekler.biz\/wp-content\/uploads\/2026\/01\/15-25-26-7-scaled.jpg\" data-orig-size=\"2560,1883\" data-comments-opened=\"0\" data-image-meta=\"{&quot;aperture&quot;:&quot;2.8&quot;,&quot;credit&quot;:&quot;&quot;,&quot;camera&quot;:&quot;Canon EOS-1D X&quot;,&quot;caption&quot;:&quot;&quot;,&quot;created_timestamp&quot;:&quot;1768055220&quot;,&quot;copyright&quot;:&quot;&quot;,&quot;focal_length&quot;:&quot;200&quot;,&quot;iso&quot;:&quot;2500&quot;,&quot;shutter_speed&quot;:&quot;0.0015625&quot;,&quot;title&quot;:&quot;&quot;,&quot;orientation&quot;:&quot;1&quot;}\" data-image-title=\"15 &amp;#8211; 25-26 (7)\" data-image-description=\"\" data-image-caption=\"\" data-large-file=\"https:\/\/sarimelekler.biz\/wp-content\/uploads\/2026\/01\/15-25-26-7-1024x753.jpg\" \/><\/a>\n\t\t\t<\/dt><\/dl><br style=\"clear: both\" \/><dl class='gallery-item'>\n\t\t\t<dt class='gallery-icon portrait'>\n\t\t\t\t<a href='https:\/\/sarimelekler.biz\/?attachment_id=22404'><img loading=\"lazy\" decoding=\"async\" width=\"150\" height=\"150\" src=\"https:\/\/sarimelekler.biz\/wp-content\/uploads\/2026\/01\/15-25-26-5-150x150.jpg\" class=\"attachment-thumbnail size-thumbnail\" alt=\"\" srcset=\"https:\/\/sarimelekler.biz\/wp-content\/uploads\/2026\/01\/15-25-26-5-150x150.jpg 150w, https:\/\/sarimelekler.biz\/wp-content\/uploads\/2026\/01\/15-25-26-5-298x300.jpg 298w, https:\/\/sarimelekler.biz\/wp-content\/uploads\/2026\/01\/15-25-26-5-1016x1024.jpg 1016w, https:\/\/sarimelekler.biz\/wp-content\/uploads\/2026\/01\/15-25-26-5-768x774.jpg 768w, https:\/\/sarimelekler.biz\/wp-content\/uploads\/2026\/01\/15-25-26-5-1524x1536.jpg 1524w, https:\/\/sarimelekler.biz\/wp-content\/uploads\/2026\/01\/15-25-26-5-2032x2048.jpg 2032w\" sizes=\"auto, (max-width: 150px) 100vw, 150px\" data-attachment-id=\"22404\" data-permalink=\"https:\/\/sarimelekler.biz\/?attachment_id=22404\" data-orig-file=\"https:\/\/sarimelekler.biz\/wp-content\/uploads\/2026\/01\/15-25-26-5-scaled.jpg\" data-orig-size=\"2540,2560\" data-comments-opened=\"0\" data-image-meta=\"{&quot;aperture&quot;:&quot;2.8&quot;,&quot;credit&quot;:&quot;&quot;,&quot;camera&quot;:&quot;Canon EOS-1D X&quot;,&quot;caption&quot;:&quot;&quot;,&quot;created_timestamp&quot;:&quot;1768054683&quot;,&quot;copyright&quot;:&quot;&quot;,&quot;focal_length&quot;:&quot;200&quot;,&quot;iso&quot;:&quot;2000&quot;,&quot;shutter_speed&quot;:&quot;0.002&quot;,&quot;title&quot;:&quot;&quot;,&quot;orientation&quot;:&quot;1&quot;}\" data-image-title=\"15 &amp;#8211; 25-26 (5)\" data-image-description=\"\" data-image-caption=\"\" data-large-file=\"https:\/\/sarimelekler.biz\/wp-content\/uploads\/2026\/01\/15-25-26-5-1016x1024.jpg\" \/><\/a>\n\t\t\t<\/dt><\/dl><dl class='gallery-item'>\n\t\t\t<dt class='gallery-icon landscape'>\n\t\t\t\t<a href='https:\/\/sarimelekler.biz\/?attachment_id=22402'><img loading=\"lazy\" decoding=\"async\" width=\"150\" height=\"150\" src=\"https:\/\/sarimelekler.biz\/wp-content\/uploads\/2026\/01\/15-25-26-3-150x150.jpg\" class=\"attachment-thumbnail size-thumbnail\" alt=\"\" data-attachment-id=\"22402\" data-permalink=\"https:\/\/sarimelekler.biz\/?attachment_id=22402\" data-orig-file=\"https:\/\/sarimelekler.biz\/wp-content\/uploads\/2026\/01\/15-25-26-3.jpg\" data-orig-size=\"1200,675\" data-comments-opened=\"0\" data-image-meta=\"{&quot;aperture&quot;:&quot;2.8&quot;,&quot;credit&quot;:&quot;tvf&quot;,&quot;camera&quot;:&quot;Canon EOS R3&quot;,&quot;caption&quot;:&quot;&quot;,&quot;created_timestamp&quot;:&quot;1768054126&quot;,&quot;copyright&quot;:&quot;tvf&quot;,&quot;focal_length&quot;:&quot;200&quot;,&quot;iso&quot;:&quot;4000&quot;,&quot;shutter_speed&quot;:&quot;0.0025&quot;,&quot;title&quot;:&quot;&quot;,&quot;orientation&quot;:&quot;1&quot;}\" data-image-title=\"15 &amp;#8211; 25-26 (3)\" data-image-description=\"\" data-image-caption=\"\" data-large-file=\"https:\/\/sarimelekler.biz\/wp-content\/uploads\/2026\/01\/15-25-26-3-1024x576.jpg\" \/><\/a>\n\t\t\t<\/dt><\/dl>\n\t\t\t<br style='clear: both' \/>\n\t\t<\/div>\n\n<p>Foto\u011fraf Kaynak:\u00a0<a href=\"https:\/\/www.fenerbahce.org\/haberler\/voleybol-kadin\/2026\/1\/turk-hava-yollari-3-2-fenerbahce-medicana\" target=\"_blank\" rel=\"noopener\">Fenerbah\u00e7e SK Resmi \u0130nternet Sitesi<\/a><\/p>\n<p style=\"text-align: right;\">10.01.2026<\/p>\n","protected":false},"excerpt":{"rendered":"<p>Fenerbah\u00e7e Medicana Kad\u0131n Voleybol Tak\u0131m\u0131m\u0131z, Vodafone Sultanlar Ligi 15. hafta \u2026 <a class=\"continue-reading-link\" href=\"https:\/\/sarimelekler.biz\/?p=22399\">Okumaya Devam Et.. <span class=\"meta-nav\">&rarr; <\/span><\/a><\/p>\n","protected":false},"author":1,"featured_media":22406,"comment_status":"closed","ping_status":"open","sticky":false,"template":"","format":"standard","meta":{"jetpack_post_was_ever_published":false,"_jetpack_newsletter_access":"","_jetpack_dont_email_post_to_subs":false,"_jetpack_newsletter_tier_id":0,"_jetpack_memberships_contains_paywalled_content":false,"_jetpack_memberships_contains_paid_content":false,"footnotes":"","jetpack_publicize_message":"","jetpack_publicize_feature_enabled":true,"jetpack_social_post_already_shared":true,"jetpack_social_options":{"image_generator_settings":{"template":"highway","default_image_id":0,"font":"","enabled":false},"version":2}},"categories":[6],"tags":[],"class_list":["post-22399","post","type-post","status-publish","format-standard","has-post-thumbnail","hentry","category-turkiye-ligi"],"jetpack_publicize_connections":[],"jetpack_featured_media_url":"https:\/\/sarimelekler.biz\/wp-content\/uploads\/2026\/01\/15-25-26-7-scaled.jpg","jetpack_sharing_enabled":true,"jetpack_shortlink":"https:\/\/wp.me\/p8npUZ-5Ph","jetpack-related-posts":[{"id":22109,"url":"https:\/\/sarimelekler.biz\/?p=22109","url_meta":{"origin":22399,"position":0},"title":"Fenerbah\u00e7e Medicana:3 \u2013 T\u00fcrk Hava Yollar\u0131:0","author":"Edit\u00f6r","date":"19 Ekim 2025","format":false,"excerpt":"Fenerbah\u00e7e Medicana Kad\u0131n Voleybol Tak\u0131m\u0131m\u0131z, Vodafone Sultanlar Ligi ikinci ma\u00e7\u0131nda konuk etti\u011fi T\u00fcrk Hava Yollar\u0131 tak\u0131m\u0131n\u0131 25-15, 25-16 ve 25-12 set skorlar\u0131yla 3-0 ma\u011flup etti. Ma\u00e7a Asl\u0131, Vargas, Hande, Korneluk, Alessia Orro, Fedorovtseva ve libero Gizem kadrosuyla ba\u015flayan tak\u0131m\u0131m\u0131zda Yaasmen ve Arelya\u2019da s\u00fcre ald\u0131. Ma\u00e7\u0131 17 say\u0131yla tamamlayan Fedorovtseva ma\u00e7\u0131n\u2026","rel":"","context":"&quot;T\u00fcrkiye Ligi&quot; i\u00e7inde","block_context":{"text":"T\u00fcrkiye Ligi","link":"https:\/\/sarimelekler.biz\/?cat=6"},"img":{"alt_text":"","src":"https:\/\/i0.wp.com\/sarimelekler.biz\/wp-content\/uploads\/2025\/10\/02-25-26-32-scaled.jpg?resize=350%2C200&ssl=1","width":350,"height":200,"srcset":"https:\/\/i0.wp.com\/sarimelekler.biz\/wp-content\/uploads\/2025\/10\/02-25-26-32-scaled.jpg?resize=350%2C200&ssl=1 1x, https:\/\/i0.wp.com\/sarimelekler.biz\/wp-content\/uploads\/2025\/10\/02-25-26-32-scaled.jpg?resize=525%2C300&ssl=1 1.5x, https:\/\/i0.wp.com\/sarimelekler.biz\/wp-content\/uploads\/2025\/10\/02-25-26-32-scaled.jpg?resize=700%2C400&ssl=1 2x, https:\/\/i0.wp.com\/sarimelekler.biz\/wp-content\/uploads\/2025\/10\/02-25-26-32-scaled.jpg?resize=1050%2C600&ssl=1 3x, https:\/\/i0.wp.com\/sarimelekler.biz\/wp-content\/uploads\/2025\/10\/02-25-26-32-scaled.jpg?resize=1400%2C800&ssl=1 4x"},"classes":[]},{"id":22097,"url":"https:\/\/sarimelekler.biz\/?p=22097","url_meta":{"origin":22399,"position":1},"title":"Sezona 3 Puanla Ba\u015fl\u0131yoruz \/ Aras Spor:1 &#8211; Fenerbah\u00e7e Medicana:3","author":"Edit\u00f6r","date":"12 Ekim 2025","format":false,"excerpt":"Fenerbah\u00e7e Medicana Kad\u0131n Voleybol Tak\u0131m\u0131m\u0131z, Vodafone Sultanlar Ligi 2025-26 Sezonu ilk ma\u00e7\u0131nda konuk oldu\u011fu Aras Spor tak\u0131m\u0131n\u0131 15-25, 25-15, 25-18 ve 13-25\u2019lik set skorlar\u0131yla 3-1 ma\u011flup ederek lige 3 puanla ba\u015flad\u0131. Ma\u00e7a Asl\u0131, Vargas, Hande, Korneluk, Alessia Orro, Fedorovtseva ve libero Gizem kadrosuyla ba\u015flayan tak\u0131m\u0131m\u0131zda Milenkovic, Yaasmen ve Arelya\u2019da s\u00fcre\u2026","rel":"","context":"&quot;T\u00fcrkiye Ligi&quot; i\u00e7inde","block_context":{"text":"T\u00fcrkiye Ligi","link":"https:\/\/sarimelekler.biz\/?cat=6"},"img":{"alt_text":"","src":"https:\/\/i0.wp.com\/sarimelekler.biz\/wp-content\/uploads\/2025\/10\/01-25-26-SK-17-scaled.jpg?resize=350%2C200&ssl=1","width":350,"height":200,"srcset":"https:\/\/i0.wp.com\/sarimelekler.biz\/wp-content\/uploads\/2025\/10\/01-25-26-SK-17-scaled.jpg?resize=350%2C200&ssl=1 1x, https:\/\/i0.wp.com\/sarimelekler.biz\/wp-content\/uploads\/2025\/10\/01-25-26-SK-17-scaled.jpg?resize=525%2C300&ssl=1 1.5x, https:\/\/i0.wp.com\/sarimelekler.biz\/wp-content\/uploads\/2025\/10\/01-25-26-SK-17-scaled.jpg?resize=700%2C400&ssl=1 2x, https:\/\/i0.wp.com\/sarimelekler.biz\/wp-content\/uploads\/2025\/10\/01-25-26-SK-17-scaled.jpg?resize=1050%2C600&ssl=1 3x, https:\/\/i0.wp.com\/sarimelekler.biz\/wp-content\/uploads\/2025\/10\/01-25-26-SK-17-scaled.jpg?resize=1400%2C800&ssl=1 4x"},"classes":[]},{"id":22136,"url":"https:\/\/sarimelekler.biz\/?p=22136","url_meta":{"origin":22399,"position":2},"title":"Fenerbah\u00e7e Medicana:3 \u2013 Be\u015fikta\u015f:0","author":"Edit\u00f6r","date":"26 Ekim 2025","format":false,"excerpt":"Fenerbah\u00e7e Medicana Kad\u0131n Voleybol Tak\u0131m\u0131m\u0131z, Vodafone Sultanlar Ligi 4. ma\u00e7\u0131nda konuk etti\u011fi Be\u015fikta\u015f tak\u0131m\u0131n\u0131 25-13, 25-16 ve 25-17 set skorlar\u0131yla 3-0 ma\u011flup etti. Ma\u00e7a Asl\u0131, Hande, Yaasmen, Korneluk, Arelya, Fedorovtseva ve libero Gizem kadrosuyla ba\u015flayan tak\u0131m\u0131m\u0131zda yedek oyuncular\u0131m\u0131zdan sadece Fatma s\u00fcre ald\u0131. Ma\u00e7\u0131 21 say\u0131yla tamamlayan Fedorovtseva ma\u00e7\u0131n en skorer\u2026","rel":"","context":"&quot;T\u00fcrkiye Ligi&quot; i\u00e7inde","block_context":{"text":"T\u00fcrkiye Ligi","link":"https:\/\/sarimelekler.biz\/?cat=6"},"img":{"alt_text":"","src":"https:\/\/i0.wp.com\/sarimelekler.biz\/wp-content\/uploads\/2025\/10\/04-25-26-13-scaled.jpg?resize=350%2C200&ssl=1","width":350,"height":200,"srcset":"https:\/\/i0.wp.com\/sarimelekler.biz\/wp-content\/uploads\/2025\/10\/04-25-26-13-scaled.jpg?resize=350%2C200&ssl=1 1x, https:\/\/i0.wp.com\/sarimelekler.biz\/wp-content\/uploads\/2025\/10\/04-25-26-13-scaled.jpg?resize=525%2C300&ssl=1 1.5x, https:\/\/i0.wp.com\/sarimelekler.biz\/wp-content\/uploads\/2025\/10\/04-25-26-13-scaled.jpg?resize=700%2C400&ssl=1 2x, https:\/\/i0.wp.com\/sarimelekler.biz\/wp-content\/uploads\/2025\/10\/04-25-26-13-scaled.jpg?resize=1050%2C600&ssl=1 3x, https:\/\/i0.wp.com\/sarimelekler.biz\/wp-content\/uploads\/2025\/10\/04-25-26-13-scaled.jpg?resize=1400%2C800&ssl=1 4x"},"classes":[]},{"id":22634,"url":"https:\/\/sarimelekler.biz\/?p=22634","url_meta":{"origin":22399,"position":3},"title":"Vak\u0131fbank:3 \u2013 Fenerbah\u00e7e Medicana:1","author":"Edit\u00f6r","date":"21 \u015eubat 2026","format":false,"excerpt":"Fenerbah\u00e7e Medicana Kad\u0131n Voleybol Tak\u0131m\u0131m\u0131z, Vodafone Sultanlar Ligi 23. hafta ma\u00e7\u0131nda konuk oldu\u011fu Vak\u0131fbank tak\u0131m\u0131na 23-25, 25-22, 26-24 ve 25-21\u2019lik set skorlar\u0131yla 3-1 ma\u011flup oldu. Bu ma\u011flubiyetle ligdeki d\u00f6rd\u00fcnc\u00fc yenilgisini alan tak\u0131m\u0131m\u0131z lider Vak\u0131fbank\u2019la aras\u0131ndaki puan fark\u0131 da alt\u0131ya \u00e7\u0131km\u0131\u015f oldu. Ma\u00e7a Eda, Fedorovtseva, Korneluk, Hande, Alessia Orro, Vargas ve\u2026","rel":"","context":"&quot;T\u00fcrkiye Ligi&quot; i\u00e7inde","block_context":{"text":"T\u00fcrkiye Ligi","link":"https:\/\/sarimelekler.biz\/?cat=6"},"img":{"alt_text":"","src":"https:\/\/i0.wp.com\/sarimelekler.biz\/wp-content\/uploads\/2026\/02\/25-26-23-11-scaled.jpeg?resize=350%2C200&ssl=1","width":350,"height":200,"srcset":"https:\/\/i0.wp.com\/sarimelekler.biz\/wp-content\/uploads\/2026\/02\/25-26-23-11-scaled.jpeg?resize=350%2C200&ssl=1 1x, https:\/\/i0.wp.com\/sarimelekler.biz\/wp-content\/uploads\/2026\/02\/25-26-23-11-scaled.jpeg?resize=525%2C300&ssl=1 1.5x, https:\/\/i0.wp.com\/sarimelekler.biz\/wp-content\/uploads\/2026\/02\/25-26-23-11-scaled.jpeg?resize=700%2C400&ssl=1 2x, https:\/\/i0.wp.com\/sarimelekler.biz\/wp-content\/uploads\/2026\/02\/25-26-23-11-scaled.jpeg?resize=1050%2C600&ssl=1 3x, https:\/\/i0.wp.com\/sarimelekler.biz\/wp-content\/uploads\/2026\/02\/25-26-23-11-scaled.jpeg?resize=1400%2C800&ssl=1 4x"},"classes":[]},{"id":22203,"url":"https:\/\/sarimelekler.biz\/?p=22203","url_meta":{"origin":22399,"position":4},"title":"Ayd\u0131n B\u00fcy\u00fck\u015fehir Belediyespor:1 \u2013 Fenerbah\u00e7e Medicana:3","author":"Edit\u00f6r","date":"23 Kas\u0131m 2025","format":false,"excerpt":"Fenerbah\u00e7e Medicana Kad\u0131n Voleybol Tak\u0131m\u0131m\u0131z, Vodafone Sultanlar Ligi 7. ma\u00e7\u0131nda konuk oldu\u011fu Ayd\u0131n B\u00fcy\u00fck\u015fehir Belediyespor tak\u0131m\u0131n\u0131 26-24, 24-26, 17-25 ve 14-25\u2019lik set skorlar\u0131yla 3-1 ma\u011flup etti. Ma\u00e7a Eda, Hande, Korneluk, Fedorovtseva, Yaasmeen, Arelya ve libero Gizem kadrosuyla ba\u015flayan tak\u0131m\u0131m\u0131zda yedek oyuncular\u0131m\u0131zdan Helin, Milenkovic, Asl\u0131 ve Vargas\u2019ta s\u00fcre ald\u0131. Ma\u00e7\u0131 26\u2026","rel":"","context":"&quot;T\u00fcrkiye Ligi&quot; i\u00e7inde","block_context":{"text":"T\u00fcrkiye Ligi","link":"https:\/\/sarimelekler.biz\/?cat=6"},"img":{"alt_text":"","src":"https:\/\/i0.wp.com\/sarimelekler.biz\/wp-content\/uploads\/2025\/11\/07-25-26-5.jpeg?resize=350%2C200&ssl=1","width":350,"height":200,"srcset":"https:\/\/i0.wp.com\/sarimelekler.biz\/wp-content\/uploads\/2025\/11\/07-25-26-5.jpeg?resize=350%2C200&ssl=1 1x, https:\/\/i0.wp.com\/sarimelekler.biz\/wp-content\/uploads\/2025\/11\/07-25-26-5.jpeg?resize=525%2C300&ssl=1 1.5x, https:\/\/i0.wp.com\/sarimelekler.biz\/wp-content\/uploads\/2025\/11\/07-25-26-5.jpeg?resize=700%2C400&ssl=1 2x, https:\/\/i0.wp.com\/sarimelekler.biz\/wp-content\/uploads\/2025\/11\/07-25-26-5.jpeg?resize=1050%2C600&ssl=1 3x, https:\/\/i0.wp.com\/sarimelekler.biz\/wp-content\/uploads\/2025\/11\/07-25-26-5.jpeg?resize=1400%2C800&ssl=1 4x"},"classes":[]},{"id":22282,"url":"https:\/\/sarimelekler.biz\/?p=22282","url_meta":{"origin":22399,"position":5},"title":"Fenerbah\u00e7e Medicana:2 \u2013 Vak\u0131fbank:3","author":"Edit\u00f6r","date":"11 Aral\u0131k 2025","format":false,"excerpt":"Fenerbah\u00e7e Medicana Kad\u0131n Voleybol Tak\u0131m\u0131m\u0131z, Vodafone Sultanlar Ligi 10. ma\u00e7\u0131nda konuk etti\u011fi Vak\u0131fbank tak\u0131m\u0131na 25-14, 21-25, 25-17, 23-25, 13-15\u2019lik set skorlar\u0131yla 3-2 ma\u011flup olarak ligdeki ilk ma\u011flubiyetini ald\u0131. Ma\u00e7a Eda, Hande, Fedorovtseva, Asl\u0131, Vargas, Alessia Orro ve libero Gizem kadrosuyla ba\u015flayan tak\u0131m\u0131m\u0131zda yedek oyuncular\u0131m\u0131zdan Yaasmeen, Korneluk ve Arelya\u2019da s\u00fcre ald\u0131.\u2026","rel":"","context":"&quot;T\u00fcrkiye Ligi&quot; i\u00e7inde","block_context":{"text":"T\u00fcrkiye Ligi","link":"https:\/\/sarimelekler.biz\/?cat=6"},"img":{"alt_text":"","src":"https:\/\/i0.wp.com\/sarimelekler.biz\/wp-content\/uploads\/2025\/12\/10-25-26-9-scaled.jpg?resize=350%2C200&ssl=1","width":350,"height":200,"srcset":"https:\/\/i0.wp.com\/sarimelekler.biz\/wp-content\/uploads\/2025\/12\/10-25-26-9-scaled.jpg?resize=350%2C200&ssl=1 1x, https:\/\/i0.wp.com\/sarimelekler.biz\/wp-content\/uploads\/2025\/12\/10-25-26-9-scaled.jpg?resize=525%2C300&ssl=1 1.5x, https:\/\/i0.wp.com\/sarimelekler.biz\/wp-content\/uploads\/2025\/12\/10-25-26-9-scaled.jpg?resize=700%2C400&ssl=1 2x, https:\/\/i0.wp.com\/sarimelekler.biz\/wp-content\/uploads\/2025\/12\/10-25-26-9-scaled.jpg?resize=1050%2C600&ssl=1 3x, https:\/\/i0.wp.com\/sarimelekler.biz\/wp-content\/uploads\/2025\/12\/10-25-26-9-scaled.jpg?resize=1400%2C800&ssl=1 4x"},"classes":[]}],"_links":{"self":[{"href":"https:\/\/sarimelekler.biz\/index.php?rest_route=\/wp\/v2\/posts\/22399","targetHints":{"allow":["GET"]}}],"collection":[{"href":"https:\/\/sarimelekler.biz\/index.php?rest_route=\/wp\/v2\/posts"}],"about":[{"href":"https:\/\/sarimelekler.biz\/index.php?rest_route=\/wp\/v2\/types\/post"}],"author":[{"embeddable":true,"href":"https:\/\/sarimelekler.biz\/index.php?rest_route=\/wp\/v2\/users\/1"}],"replies":[{"embeddable":true,"href":"https:\/\/sarimelekler.biz\/index.php?rest_route=%2Fwp%2Fv2%2Fcomments&post=22399"}],"version-history":[{"count":1,"href":"https:\/\/sarimelekler.biz\/index.php?rest_route=\/wp\/v2\/posts\/22399\/revisions"}],"predecessor-version":[{"id":22407,"href":"https:\/\/sarimelekler.biz\/index.php?rest_route=\/wp\/v2\/posts\/22399\/revisions\/22407"}],"wp:featuredmedia":[{"embeddable":true,"href":"https:\/\/sarimelekler.biz\/index.php?rest_route=\/wp\/v2\/media\/22406"}],"wp:attachment":[{"href":"https:\/\/sarimelekler.biz\/index.php?rest_route=%2Fwp%2Fv2%2Fmedia&parent=22399"}],"wp:term":[{"taxonomy":"category","embeddable":true,"href":"https:\/\/sarimelekler.biz\/index.php?rest_route=%2Fwp%2Fv2%2Fcategories&post=22399"},{"taxonomy":"post_tag","embeddable":true,"href":"https:\/\/sarimelekler.biz\/index.php?rest_route=%2Fwp%2Fv2%2Ftags&post=22399"}],"curies":[{"name":"wp","href":"https:\/\/api.w.org\/{rel}","templated":true}]}}