{"id":22513,"date":"2026-01-09T22:07:40","date_gmt":"2026-01-09T19:07:40","guid":{"rendered":"https:\/\/sarimelekler.biz\/?p=22513"},"modified":"2026-02-03T22:26:40","modified_gmt":"2026-02-03T19:26:40","slug":"liza-safronova-takimimizdan-ayrildi","status":"publish","type":"post","link":"https:\/\/sarimelekler.biz\/?p=22513","title":{"rendered":"Liza Safronova Tak\u0131m\u0131m\u0131zdan Ayr\u0131ld\u0131"},"content":{"rendered":"<p style=\"text-align: justify;\"><span style=\"font-size: 18px;\">Tak\u0131m\u0131m\u0131za 2024-2025 Sezonunda <a href=\"https:\/\/sarimelekler.biz\/?p=20988\" target=\"_blank\" rel=\"noopener\">kat\u0131lan<\/a> 2006 do\u011fumlu sma\u00e7\u00f6r Liza Safronova ile kul\u00fcb\u00fcm\u00fczden yap\u0131lan <a href=\"https:\/\/www.fenerbahce.org\/haberler\/voleybol-kadin\/2026\/1\/tesekkurler-liza-safronova\" target=\"_blank\" rel=\"noopener\">resmi a\u00e7\u0131klamayla<\/a> yollar\u0131n ayr\u0131ld\u0131\u011f\u0131 bildirildi. Liza Safronova Fransa kad\u0131nlar voleybol ligi tak\u0131mlar\u0131ndan Volero Le Cannet tak\u0131m\u0131na transfer oldu.<\/span><br \/><span style=\"font-size: 18px;\">Liza tak\u0131m\u0131zda 2024 S\u00fcper Kupa, 2024-2025 T\u00fcrkiye Kupas\u0131 ve 2025 S\u00fcper Kupa \u015eampiyonluklar\u0131 ya\u015fad\u0131. 2024 S\u00fcper kupas\u0131n\u0131 kaptan\u0131m\u0131z Eda Erdem D\u00fcndar\u2019\u0131n iste\u011fiyle tak\u0131m\u0131m\u0131zda Liza kald\u0131rm\u0131\u015ft\u0131.<\/span><br \/><span style=\"font-size: 18px;\">Liza Safronova\u2019ya tak\u0131m\u0131m\u0131zda ge\u00e7irdi\u011fi s\u00fcrede verdi\u011fi emekler i\u00e7in te\u015fekk\u00fcr eder, kariyerinde ba\u015far\u0131lar dileriz.<\/span><\/p>\n\n\t\t<style type=\"text\/css\">\n\t\t\t#gallery-1 {\n\t\t\t\tmargin: auto;\n\t\t\t}\n\t\t\t#gallery-1 .gallery-item {\n\t\t\t\tfloat: left;\n\t\t\t\tmargin-top: 10px;\n\t\t\t\ttext-align: center;\n\t\t\t\twidth: 20%;\n\t\t\t}\n\t\t\t#gallery-1 img {\n\t\t\t\tborder: 2px solid #cfcfcf;\n\t\t\t}\n\t\t\t#gallery-1 .gallery-caption {\n\t\t\t\tmargin-left: 0;\n\t\t\t}\n\t\t\t\/* see gallery_shortcode() in wp-includes\/media.php *\/\n\t\t<\/style>\n\t\t<div data-carousel-extra='{&quot;blog_id&quot;:1,&quot;permalink&quot;:&quot;https:\/\/sarimelekler.biz\/?p=22513&quot;}' id='gallery-1' class='gallery galleryid-22513 gallery-columns-5 gallery-size-thumbnail'><dl class='gallery-item'>\n\t\t\t<dt class='gallery-icon portrait'>\n\t\t\t\t<a href='https:\/\/sarimelekler.biz\/?attachment_id=22073'><img loading=\"lazy\" decoding=\"async\" width=\"150\" height=\"150\" src=\"https:\/\/sarimelekler.biz\/wp-content\/uploads\/2025\/10\/01-25-26-SK-Kupa-9-150x150.jpg\" class=\"attachment-thumbnail size-thumbnail\" alt=\"\" data-attachment-id=\"22073\" data-permalink=\"https:\/\/sarimelekler.biz\/?attachment_id=22073\" data-orig-file=\"https:\/\/sarimelekler.biz\/wp-content\/uploads\/2025\/10\/01-25-26-SK-Kupa-9-scaled.jpg\" data-orig-size=\"1744,2560\" data-comments-opened=\"0\" data-image-meta=\"{&quot;aperture&quot;:&quot;4&quot;,&quot;credit&quot;:&quot;BURAK SALTIK&quot;,&quot;camera&quot;:&quot;Canon EOS R3&quot;,&quot;caption&quot;:&quot;&quot;,&quot;created_timestamp&quot;:&quot;1759702673&quot;,&quot;copyright&quot;:&quot;www.fenerbahce.org&quot;,&quot;focal_length&quot;:&quot;30&quot;,&quot;iso&quot;:&quot;1600&quot;,&quot;shutter_speed&quot;:&quot;0.0015625&quot;,&quot;title&quot;:&quot;&quot;,&quot;orientation&quot;:&quot;1&quot;}\" data-image-title=\"01 &amp;#8211; 25-26 SK Kupa (9)\" data-image-description=\"\" data-image-caption=\"\" data-large-file=\"https:\/\/sarimelekler.biz\/wp-content\/uploads\/2025\/10\/01-25-26-SK-Kupa-9-698x1024.jpg\" \/><\/a>\n\t\t\t<\/dt><\/dl><dl class='gallery-item'>\n\t\t\t<dt class='gallery-icon landscape'>\n\t\t\t\t<a href='https:\/\/sarimelekler.biz\/?attachment_id=21210'><img loading=\"lazy\" decoding=\"async\" width=\"150\" height=\"150\" src=\"https:\/\/sarimelekler.biz\/wp-content\/uploads\/2024\/10\/2024-Super-Kupa-15-150x150.jpg\" class=\"attachment-thumbnail size-thumbnail\" alt=\"\" data-attachment-id=\"21210\" data-permalink=\"https:\/\/sarimelekler.biz\/?attachment_id=21210\" data-orig-file=\"https:\/\/sarimelekler.biz\/wp-content\/uploads\/2024\/10\/2024-Super-Kupa-15-scaled.jpg\" data-orig-size=\"2560,1707\" data-comments-opened=\"0\" data-image-meta=\"{&quot;aperture&quot;:&quot;4&quot;,&quot;credit&quot;:&quot;BURAK SALTIK&quot;,&quot;camera&quot;:&quot;Canon EOS R3&quot;,&quot;caption&quot;:&quot;&quot;,&quot;created_timestamp&quot;:&quot;1728854940&quot;,&quot;copyright&quot;:&quot;www.fenerbahce.org&quot;,&quot;focal_length&quot;:&quot;26&quot;,&quot;iso&quot;:&quot;4000&quot;,&quot;shutter_speed&quot;:&quot;0.00125&quot;,&quot;title&quot;:&quot;&quot;,&quot;orientation&quot;:&quot;1&quot;}\" data-image-title=\"2024 S\u00fcper Kupa (15)\" data-image-description=\"\" data-image-caption=\"\" data-large-file=\"https:\/\/sarimelekler.biz\/wp-content\/uploads\/2024\/10\/2024-Super-Kupa-15-1024x683.jpg\" \/><\/a>\n\t\t\t<\/dt><\/dl><dl class='gallery-item'>\n\t\t\t<dt class='gallery-icon landscape'>\n\t\t\t\t<a href='https:\/\/sarimelekler.biz\/?attachment_id=21193'><img loading=\"lazy\" decoding=\"async\" width=\"150\" height=\"150\" src=\"https:\/\/sarimelekler.biz\/wp-content\/uploads\/2024\/10\/2024-Super-Kupa-1-150x150.jpeg\" class=\"attachment-thumbnail size-thumbnail\" alt=\"\" data-attachment-id=\"21193\" data-permalink=\"https:\/\/sarimelekler.biz\/?attachment_id=21193\" data-orig-file=\"https:\/\/sarimelekler.biz\/wp-content\/uploads\/2024\/10\/2024-Super-Kupa-1.jpeg\" data-orig-size=\"2048,1366\" data-comments-opened=\"0\" data-image-meta=\"{&quot;aperture&quot;:&quot;0&quot;,&quot;credit&quot;:&quot;&quot;,&quot;camera&quot;:&quot;&quot;,&quot;caption&quot;:&quot;&quot;,&quot;created_timestamp&quot;:&quot;0&quot;,&quot;copyright&quot;:&quot;&quot;,&quot;focal_length&quot;:&quot;0&quot;,&quot;iso&quot;:&quot;0&quot;,&quot;shutter_speed&quot;:&quot;0&quot;,&quot;title&quot;:&quot;&quot;,&quot;orientation&quot;:&quot;0&quot;}\" data-image-title=\"2024 S\u00fcper Kupa (1)\" data-image-description=\"\" data-image-caption=\"\" data-large-file=\"https:\/\/sarimelekler.biz\/wp-content\/uploads\/2024\/10\/2024-Super-Kupa-1-1024x683.jpeg\" \/><\/a>\n\t\t\t<\/dt><\/dl><dl class='gallery-item'>\n\t\t\t<dt class='gallery-icon landscape'>\n\t\t\t\t<a href='https:\/\/sarimelekler.biz\/?attachment_id=21164'><img loading=\"lazy\" decoding=\"async\" width=\"150\" height=\"150\" src=\"https:\/\/sarimelekler.biz\/wp-content\/uploads\/2024\/10\/02-24-25-4-150x150.jpg\" class=\"attachment-thumbnail size-thumbnail\" alt=\"\" data-attachment-id=\"21164\" data-permalink=\"https:\/\/sarimelekler.biz\/?attachment_id=21164\" data-orig-file=\"https:\/\/sarimelekler.biz\/wp-content\/uploads\/2024\/10\/02-24-25-4-scaled.jpg\" data-orig-size=\"2560,1703\" data-comments-opened=\"0\" data-image-meta=\"{&quot;aperture&quot;:&quot;2.8&quot;,&quot;credit&quot;:&quot;&quot;,&quot;camera&quot;:&quot;Canon EOS R3&quot;,&quot;caption&quot;:&quot;&quot;,&quot;created_timestamp&quot;:&quot;1728488386&quot;,&quot;copyright&quot;:&quot;&quot;,&quot;focal_length&quot;:&quot;177&quot;,&quot;iso&quot;:&quot;4000&quot;,&quot;shutter_speed&quot;:&quot;0.000625&quot;,&quot;title&quot;:&quot;&quot;,&quot;orientation&quot;:&quot;1&quot;}\" data-image-title=\"02 &amp;#8211; 24-25 (4)\" data-image-description=\"\" data-image-caption=\"\" data-large-file=\"https:\/\/sarimelekler.biz\/wp-content\/uploads\/2024\/10\/02-24-25-4-1024x681.jpg\" \/><\/a>\n\t\t\t<\/dt><\/dl><dl class='gallery-item'>\n\t\t\t<dt class='gallery-icon landscape'>\n\t\t\t\t<a href='https:\/\/sarimelekler.biz\/?attachment_id=21226'><img loading=\"lazy\" decoding=\"async\" width=\"150\" height=\"150\" src=\"https:\/\/sarimelekler.biz\/wp-content\/uploads\/2024\/10\/2024-Super-Kupa-31-150x150.jpg\" class=\"attachment-thumbnail size-thumbnail\" alt=\"\" data-attachment-id=\"21226\" data-permalink=\"https:\/\/sarimelekler.biz\/?attachment_id=21226\" data-orig-file=\"https:\/\/sarimelekler.biz\/wp-content\/uploads\/2024\/10\/2024-Super-Kupa-31-scaled.jpg\" data-orig-size=\"2560,1707\" data-comments-opened=\"0\" data-image-meta=\"{&quot;aperture&quot;:&quot;4&quot;,&quot;credit&quot;:&quot;BURAK SALTIK&quot;,&quot;camera&quot;:&quot;Canon EOS R3&quot;,&quot;caption&quot;:&quot;&quot;,&quot;created_timestamp&quot;:&quot;1728854671&quot;,&quot;copyright&quot;:&quot;www.fenerbahce.org&quot;,&quot;focal_length&quot;:&quot;35&quot;,&quot;iso&quot;:&quot;4000&quot;,&quot;shutter_speed&quot;:&quot;0.00125&quot;,&quot;title&quot;:&quot;&quot;,&quot;orientation&quot;:&quot;1&quot;}\" data-image-title=\"2024 S\u00fcper Kupa (31)\" data-image-description=\"\" data-image-caption=\"\" data-large-file=\"https:\/\/sarimelekler.biz\/wp-content\/uploads\/2024\/10\/2024-Super-Kupa-31-1024x683.jpg\" \/><\/a>\n\t\t\t<\/dt><\/dl><br style=\"clear: both\" \/><dl class='gallery-item'>\n\t\t\t<dt class='gallery-icon landscape'>\n\t\t\t\t<a href='https:\/\/sarimelekler.biz\/?attachment_id=21205'><img loading=\"lazy\" decoding=\"async\" width=\"150\" height=\"150\" src=\"https:\/\/sarimelekler.biz\/wp-content\/uploads\/2024\/10\/2024-Super-Kupa-10-150x150.jpg\" class=\"attachment-thumbnail size-thumbnail\" alt=\"\" data-attachment-id=\"21205\" data-permalink=\"https:\/\/sarimelekler.biz\/?attachment_id=21205\" data-orig-file=\"https:\/\/sarimelekler.biz\/wp-content\/uploads\/2024\/10\/2024-Super-Kupa-10-scaled.jpg\" data-orig-size=\"2560,1707\" data-comments-opened=\"0\" data-image-meta=\"{&quot;aperture&quot;:&quot;4&quot;,&quot;credit&quot;:&quot;BURAK SALTIK&quot;,&quot;camera&quot;:&quot;Canon EOS R3&quot;,&quot;caption&quot;:&quot;&quot;,&quot;created_timestamp&quot;:&quot;1728854728&quot;,&quot;copyright&quot;:&quot;www.fenerbahce.org&quot;,&quot;focal_length&quot;:&quot;28&quot;,&quot;iso&quot;:&quot;4000&quot;,&quot;shutter_speed&quot;:&quot;0.00125&quot;,&quot;title&quot;:&quot;&quot;,&quot;orientation&quot;:&quot;1&quot;}\" data-image-title=\"2024 S\u00fcper Kupa (10)\" data-image-description=\"\" data-image-caption=\"\" data-large-file=\"https:\/\/sarimelekler.biz\/wp-content\/uploads\/2024\/10\/2024-Super-Kupa-10-1024x683.jpg\" \/><\/a>\n\t\t\t<\/dt><\/dl>\n\t\t\t<br style='clear: both' \/>\n\t\t<\/div>\n\n<p style=\"text-align: right;\"><span style=\"font-size: 18px;\">09.01.2026<\/span><\/p>\n\n","protected":false},"excerpt":{"rendered":"<p>Tak\u0131m\u0131m\u0131za 2024-2025 Sezonunda kat\u0131lan 2006 do\u011fumlu sma\u00e7\u00f6r Liza Safronova ile \u2026 <a class=\"continue-reading-link\" href=\"https:\/\/sarimelekler.biz\/?p=22513\">Okumaya Devam Et.. <span class=\"meta-nav\">&rarr; <\/span><\/a><\/p>\n","protected":false},"author":1,"featured_media":21210,"comment_status":"closed","ping_status":"open","sticky":false,"template":"","format":"standard","meta":{"jetpack_post_was_ever_published":false,"_jetpack_newsletter_access":"","_jetpack_dont_email_post_to_subs":false,"_jetpack_newsletter_tier_id":0,"_jetpack_memberships_contains_paywalled_content":false,"_jetpack_memberships_contains_paid_content":false,"footnotes":"","jetpack_publicize_message":"","jetpack_publicize_feature_enabled":true,"jetpack_social_post_already_shared":true,"jetpack_social_options":{"image_generator_settings":{"template":"highway","default_image_id":0,"font":"","enabled":false},"version":2}},"categories":[23],"tags":[],"class_list":["post-22513","post","type-post","status-publish","format-standard","has-post-thumbnail","hentry","category-transfer-haberleri"],"jetpack_publicize_connections":[],"jetpack_featured_media_url":"https:\/\/sarimelekler.biz\/wp-content\/uploads\/2024\/10\/2024-Super-Kupa-15-scaled.jpg","jetpack_sharing_enabled":true,"jetpack_shortlink":"https:\/\/wp.me\/p8npUZ-5R7","jetpack-related-posts":[{"id":20988,"url":"https:\/\/sarimelekler.biz\/?p=20988","url_meta":{"origin":22513,"position":0},"title":"Tak\u0131m\u0131m\u0131zda D\u0131\u015f Transfer Tamamland\u0131","author":"Edit\u00f6r","date":"17 Temmuz 2024","format":false,"excerpt":"Tak\u0131m\u0131m\u0131z d\u0131\u015f transfere Ba\u015fantren\u00f6rl\u00fck g\u00f6revi i\u00e7in 1970 do\u011fumlu \u0130talyan Marco Fenoglio ile anla\u015fma sa\u011flayarak ba\u015flad\u0131. Daha sonra ise Sma\u00e7\u00f6rler Elitsa Atanasijevic ve Liza Safronova, Libero \u00d6zlem G\u00fcven, Pas\u00f6r Arelya Karasoy ile ayn\u0131 zamanda eski oyuncular\u0131m\u0131z da olan Orta Oyuncular Dicle Nur Babat, ve Hristina Vuchkova\u2019y\u0131 kadrosuna katt\u0131. Ba\u015fantren\u00f6r\u00fcm\u00fcz ve oyuncular\u0131m\u0131za\u2026","rel":"","context":"&quot;Transfer Haberleri&quot; i\u00e7inde","block_context":{"text":"Transfer Haberleri","link":"https:\/\/sarimelekler.biz\/?cat=23"},"img":{"alt_text":"","src":"https:\/\/i0.wp.com\/sarimelekler.biz\/wp-content\/uploads\/2024\/09\/Medicana-Logo.jpg?resize=350%2C200&ssl=1","width":350,"height":200,"srcset":"https:\/\/i0.wp.com\/sarimelekler.biz\/wp-content\/uploads\/2024\/09\/Medicana-Logo.jpg?resize=350%2C200&ssl=1 1x, https:\/\/i0.wp.com\/sarimelekler.biz\/wp-content\/uploads\/2024\/09\/Medicana-Logo.jpg?resize=525%2C300&ssl=1 1.5x, https:\/\/i0.wp.com\/sarimelekler.biz\/wp-content\/uploads\/2024\/09\/Medicana-Logo.jpg?resize=700%2C400&ssl=1 2x, https:\/\/i0.wp.com\/sarimelekler.biz\/wp-content\/uploads\/2024\/09\/Medicana-Logo.jpg?resize=1050%2C600&ssl=1 3x"},"classes":[]},{"id":21192,"url":"https:\/\/sarimelekler.biz\/?p=21192","url_meta":{"origin":22513,"position":1},"title":"S\u00fcper Kupa Sar\u0131 Meleklerin \/ Fenerbah\u00e7e Medicana:3 &#8211; Eczac\u0131ba\u015f\u0131 Dynavit:1","author":"Edit\u00f6r","date":"16 Ekim 2024","format":false,"excerpt":"Fenerbah\u00e7e Medicana Kad\u0131n Voleybol Tak\u0131m\u0131m\u0131z, AXA Sigorta \u015eampiyonlar Kupas\u0131 (S\u00fcper Kupa) ma\u00e7\u0131nda kar\u015f\u0131la\u015ft\u0131\u011f\u0131 Eczac\u0131ba\u015f\u0131 Dynavit tak\u0131m\u0131n\u0131 25-23, 22-25, 25-17 ve 25-18 set skorlar\u0131yla 3-0 ma\u011flup ederek bu kupay\u0131 5. Kez kazand\u0131. Ma\u00e7a Eda, Meliha, Vargas, Drca, Asl\u0131, Ana Cristina ve libero Gizem kadrosuyla ba\u015flayan tak\u0131m\u0131m\u0131zda Stysiak, Arelya ve Elitsa\u2019da s\u00fcre\u2026","rel":"","context":"&quot;S\u00fcper Kupa&quot; i\u00e7inde","block_context":{"text":"S\u00fcper Kupa","link":"https:\/\/sarimelekler.biz\/?cat=27"},"img":{"alt_text":"","src":"https:\/\/i0.wp.com\/sarimelekler.biz\/wp-content\/uploads\/2024\/10\/2024-Super-Kupa-6-scaled.jpg?resize=350%2C200&ssl=1","width":350,"height":200,"srcset":"https:\/\/i0.wp.com\/sarimelekler.biz\/wp-content\/uploads\/2024\/10\/2024-Super-Kupa-6-scaled.jpg?resize=350%2C200&ssl=1 1x, https:\/\/i0.wp.com\/sarimelekler.biz\/wp-content\/uploads\/2024\/10\/2024-Super-Kupa-6-scaled.jpg?resize=525%2C300&ssl=1 1.5x, https:\/\/i0.wp.com\/sarimelekler.biz\/wp-content\/uploads\/2024\/10\/2024-Super-Kupa-6-scaled.jpg?resize=700%2C400&ssl=1 2x, https:\/\/i0.wp.com\/sarimelekler.biz\/wp-content\/uploads\/2024\/10\/2024-Super-Kupa-6-scaled.jpg?resize=1050%2C600&ssl=1 3x, https:\/\/i0.wp.com\/sarimelekler.biz\/wp-content\/uploads\/2024\/10\/2024-Super-Kupa-6-scaled.jpg?resize=1400%2C800&ssl=1 4x"},"classes":[]},{"id":21160,"url":"https:\/\/sarimelekler.biz\/?p=21160","url_meta":{"origin":22513,"position":2},"title":"Fenerbah\u00e7e Medicana:3 \u2013 Nil\u00fcfer Belediyespor Eker:0","author":"Edit\u00f6r","date":"12 Ekim 2024","format":false,"excerpt":"Fenerbah\u00e7e Medicana Kad\u0131n Voleybol Tak\u0131m\u0131m\u0131z, Vodafone Sultanlar Ligi 2024-25 Sezonu 2. ma\u00e7\u0131nda konuk etti\u011fi Nil\u00fcfer Belediyespor Eker tak\u0131m\u0131n\u0131 25-23, 32-30 ve 25-18\u2019lik set skorlar\u0131yla 3-0 ma\u011flup etti. Ma\u00e7a Eda, Meliha, Stysiak, Drca, Asl\u0131, Ana Cristina ve libero Gizem kadrosuyla ba\u015flayan tak\u0131m\u0131m\u0131zda yedek oyuncular\u0131m\u0131zdan Vuchkova, Arelya, Liza ve \u00d6zlem\u2019de s\u00fcre alt\u0131.\u2026","rel":"","context":"&quot;T\u00fcrkiye Ligi&quot; i\u00e7inde","block_context":{"text":"T\u00fcrkiye Ligi","link":"https:\/\/sarimelekler.biz\/?cat=6"},"img":{"alt_text":"","src":"https:\/\/i0.wp.com\/sarimelekler.biz\/wp-content\/uploads\/2024\/10\/02-24-25-8-scaled.jpg?resize=350%2C200&ssl=1","width":350,"height":200,"srcset":"https:\/\/i0.wp.com\/sarimelekler.biz\/wp-content\/uploads\/2024\/10\/02-24-25-8-scaled.jpg?resize=350%2C200&ssl=1 1x, https:\/\/i0.wp.com\/sarimelekler.biz\/wp-content\/uploads\/2024\/10\/02-24-25-8-scaled.jpg?resize=525%2C300&ssl=1 1.5x, https:\/\/i0.wp.com\/sarimelekler.biz\/wp-content\/uploads\/2024\/10\/02-24-25-8-scaled.jpg?resize=700%2C400&ssl=1 2x, https:\/\/i0.wp.com\/sarimelekler.biz\/wp-content\/uploads\/2024\/10\/02-24-25-8-scaled.jpg?resize=1050%2C600&ssl=1 3x, https:\/\/i0.wp.com\/sarimelekler.biz\/wp-content\/uploads\/2024\/10\/02-24-25-8-scaled.jpg?resize=1400%2C800&ssl=1 4x"},"classes":[]},{"id":21876,"url":"https:\/\/sarimelekler.biz\/?p=21876","url_meta":{"origin":22513,"position":3},"title":"Galatasaray Daikin:3 \u2013 Fenerbah\u00e7e Medicana:2","author":"Edit\u00f6r","date":"9 Nisan 2025","format":false,"excerpt":"Vodafone Sultanlar Ligini lider tamamlayan Fenerbah\u00e7e Medicana Kad\u0131n Voleybol Tak\u0131m\u0131m\u0131z, Vodafone Sultanlar Ligi Play-off turu Yar\u0131 Final ilk ma\u00e7\u0131nda ligi d\u00f6rd\u00fcnc\u00fc s\u0131rada tamamlayan Galatasaray Daikin tak\u0131m\u0131na konuk oldu. Ma\u00e7\u0131 25-23, 20-25, 25-23, 21-25 ve 15-10\u2019lik set skorlar\u0131yla 3-2 kaybeden tak\u0131m\u0131m\u0131z 2 galibiyet alan tak\u0131m\u0131n finale \u00e7\u0131kaca\u011f\u0131 seride 1-0 geriye d\u00fc\u015ft\u00fc.Ma\u00e7a\u2026","rel":"","context":"&quot;T\u00fcrkiye Ligi&quot; i\u00e7inde","block_context":{"text":"T\u00fcrkiye Ligi","link":"https:\/\/sarimelekler.biz\/?cat=6"},"img":{"alt_text":"","src":"https:\/\/i0.wp.com\/sarimelekler.biz\/wp-content\/uploads\/2025\/04\/27-24-25-2-scaled.jpeg?resize=350%2C200&ssl=1","width":350,"height":200,"srcset":"https:\/\/i0.wp.com\/sarimelekler.biz\/wp-content\/uploads\/2025\/04\/27-24-25-2-scaled.jpeg?resize=350%2C200&ssl=1 1x, https:\/\/i0.wp.com\/sarimelekler.biz\/wp-content\/uploads\/2025\/04\/27-24-25-2-scaled.jpeg?resize=525%2C300&ssl=1 1.5x, https:\/\/i0.wp.com\/sarimelekler.biz\/wp-content\/uploads\/2025\/04\/27-24-25-2-scaled.jpeg?resize=700%2C400&ssl=1 2x, https:\/\/i0.wp.com\/sarimelekler.biz\/wp-content\/uploads\/2025\/04\/27-24-25-2-scaled.jpeg?resize=1050%2C600&ssl=1 3x, https:\/\/i0.wp.com\/sarimelekler.biz\/wp-content\/uploads\/2025\/04\/27-24-25-2-scaled.jpeg?resize=1400%2C800&ssl=1 4x"},"classes":[]},{"id":21647,"url":"https:\/\/sarimelekler.biz\/?p=21647","url_meta":{"origin":22513,"position":4},"title":"Fenerbah\u00e7e Medicana:3 \u2013 Vak\u0131fbank:1","author":"Edit\u00f6r","date":"9 \u015eubat 2025","format":false,"excerpt":"Fenerbah\u00e7e Medicana Kad\u0131n Voleybol Tak\u0131m\u0131m\u0131z, Vodafone Sultanlar Ligi 20. Hafta ma\u00e7\u0131nda konuk etti\u011fi Vak\u0131fbank tak\u0131m\u0131n 19-25, 25-13, 25-22 ve 25-16\u2019l\u0131k set skorlar\u0131yla 3-1 ma\u011flup ederek tekrar liderli\u011fe y\u00fckseldi. Ma\u00e7a Eda, Asl\u0131, Ana Cristina, Fedorovtseva, Drca, Vargas ve libero Gizem kadrosuyla ba\u015flayan tak\u0131m\u0131m\u0131zda yedek oyuncular\u0131m\u0131zdan \u00d6zlem, Vuchkova ve Liza s\u00fcre ald\u0131.\u2026","rel":"","context":"&quot;T\u00fcrkiye Ligi&quot; i\u00e7inde","block_context":{"text":"T\u00fcrkiye Ligi","link":"https:\/\/sarimelekler.biz\/?cat=6"},"img":{"alt_text":"","src":"https:\/\/i0.wp.com\/sarimelekler.biz\/wp-content\/uploads\/2025\/02\/20-24-25-18.jpg?resize=350%2C200&ssl=1","width":350,"height":200,"srcset":"https:\/\/i0.wp.com\/sarimelekler.biz\/wp-content\/uploads\/2025\/02\/20-24-25-18.jpg?resize=350%2C200&ssl=1 1x, https:\/\/i0.wp.com\/sarimelekler.biz\/wp-content\/uploads\/2025\/02\/20-24-25-18.jpg?resize=525%2C300&ssl=1 1.5x, https:\/\/i0.wp.com\/sarimelekler.biz\/wp-content\/uploads\/2025\/02\/20-24-25-18.jpg?resize=700%2C400&ssl=1 2x, https:\/\/i0.wp.com\/sarimelekler.biz\/wp-content\/uploads\/2025\/02\/20-24-25-18.jpg?resize=1050%2C600&ssl=1 3x, https:\/\/i0.wp.com\/sarimelekler.biz\/wp-content\/uploads\/2025\/02\/20-24-25-18.jpg?resize=1400%2C800&ssl=1 4x"},"classes":[]},{"id":18036,"url":"https:\/\/sarimelekler.biz\/?p=18036","url_meta":{"origin":22513,"position":5},"title":"Dicle Nur BABAT 8 Sezonun Ard\u0131ndan Tak\u0131m\u0131m\u0131zdan Ayr\u0131ld\u0131","author":"Edit\u00f6r","date":"3 Haziran 2022","format":false,"excerpt":"Fenerbah\u00e7e Opet Kad\u0131n Voleybol tak\u0131m\u0131m\u0131zdan 8 sezondur formam\u0131z\u0131 giyen Dicle Nur Babat ayr\u0131ld\u0131. Tak\u0131m\u0131m\u0131za 2014 \u2013 2015 sezonunda transfer olan orta oyuncu mevkiinde g\u00f6rev yapan Dicle Nur Babat ba\u015far\u0131l\u0131 bir kariyerin ard\u0131ndan tak\u0131m\u0131m\u0131zdan ayr\u0131ld\u0131. 1992 do\u011fumlu Dicle Nur Babat tak\u0131m\u0131m\u0131zda uzun s\u00fcre forma giyen oyuncular\u0131n i\u00e7erisinde yer al\u0131yor. Dicle Nur\u2026","rel":"","context":"&quot;Transfer Haberleri&quot; i\u00e7inde","block_context":{"text":"Transfer Haberleri","link":"https:\/\/sarimelekler.biz\/?cat=23"},"img":{"alt_text":"","src":"https:\/\/i0.wp.com\/sarimelekler.biz\/wp-content\/uploads\/2022\/05\/Dicle-1.jpg?resize=350%2C200&ssl=1","width":350,"height":200,"srcset":"https:\/\/i0.wp.com\/sarimelekler.biz\/wp-content\/uploads\/2022\/05\/Dicle-1.jpg?resize=350%2C200&ssl=1 1x, https:\/\/i0.wp.com\/sarimelekler.biz\/wp-content\/uploads\/2022\/05\/Dicle-1.jpg?resize=525%2C300&ssl=1 1.5x, https:\/\/i0.wp.com\/sarimelekler.biz\/wp-content\/uploads\/2022\/05\/Dicle-1.jpg?resize=700%2C400&ssl=1 2x, https:\/\/i0.wp.com\/sarimelekler.biz\/wp-content\/uploads\/2022\/05\/Dicle-1.jpg?resize=1050%2C600&ssl=1 3x, https:\/\/i0.wp.com\/sarimelekler.biz\/wp-content\/uploads\/2022\/05\/Dicle-1.jpg?resize=1400%2C800&ssl=1 4x"},"classes":[]}],"_links":{"self":[{"href":"https:\/\/sarimelekler.biz\/index.php?rest_route=\/wp\/v2\/posts\/22513","targetHints":{"allow":["GET"]}}],"collection":[{"href":"https:\/\/sarimelekler.biz\/index.php?rest_route=\/wp\/v2\/posts"}],"about":[{"href":"https:\/\/sarimelekler.biz\/index.php?rest_route=\/wp\/v2\/types\/post"}],"author":[{"embeddable":true,"href":"https:\/\/sarimelekler.biz\/index.php?rest_route=\/wp\/v2\/users\/1"}],"replies":[{"embeddable":true,"href":"https:\/\/sarimelekler.biz\/index.php?rest_route=%2Fwp%2Fv2%2Fcomments&post=22513"}],"version-history":[{"count":3,"href":"https:\/\/sarimelekler.biz\/index.php?rest_route=\/wp\/v2\/posts\/22513\/revisions"}],"predecessor-version":[{"id":22517,"href":"https:\/\/sarimelekler.biz\/index.php?rest_route=\/wp\/v2\/posts\/22513\/revisions\/22517"}],"wp:featuredmedia":[{"embeddable":true,"href":"https:\/\/sarimelekler.biz\/index.php?rest_route=\/wp\/v2\/media\/21210"}],"wp:attachment":[{"href":"https:\/\/sarimelekler.biz\/index.php?rest_route=%2Fwp%2Fv2%2Fmedia&parent=22513"}],"wp:term":[{"taxonomy":"category","embeddable":true,"href":"https:\/\/sarimelekler.biz\/index.php?rest_route=%2Fwp%2Fv2%2Fcategories&post=22513"},{"taxonomy":"post_tag","embeddable":true,"href":"https:\/\/sarimelekler.biz\/index.php?rest_route=%2Fwp%2Fv2%2Ftags&post=22513"}],"curies":[{"name":"wp","href":"https:\/\/api.w.org\/{rel}","templated":true}]}}