{"id":22518,"date":"2026-01-16T22:47:04","date_gmt":"2026-01-16T19:47:04","guid":{"rendered":"https:\/\/sarimelekler.biz\/?p=22518"},"modified":"2026-02-03T22:50:19","modified_gmt":"2026-02-03T19:50:19","slug":"sude-hacimustafaoglu-takimimiza-transfer-oldu","status":"publish","type":"post","link":"https:\/\/sarimelekler.biz\/?p=22518","title":{"rendered":"Sude Hac\u0131mustafao\u011flu Tak\u0131m\u0131m\u0131za Transfer Oldu"},"content":{"rendered":"<p style=\"text-align: justify;\"><span style=\"font-size: 18px;\">Liza Safronova\u2019n\u0131n tak\u0131m\u0131m\u0131zdan ayr\u0131lmas\u0131ndan sonra olu\u015fan sma\u00e7\u00f6r eksikli\u011fi G\u00f6ztepe tak\u0131m\u0131nda oynayan 25.03.2002 do\u011fumlu Sude Hac\u0131mustafao\u011flu ile tamamland\u0131.<\/span><\/p>\n<p style=\"text-align: justify;\">\n<a href=\"https:\/\/www.fenerbahce.org\/haberler\/voleybol-kadin\/2026\/1\/ailemize-hos-geldin-sude-hacimustafaoglu\"><span style=\"font-size: 18px;\">Kul\u00fcb\u00fcm\u00fcz\u00fcn resmi internet sitesinde yap\u0131lan a\u00e7\u0131klama \u015f\u00f6yle:<\/span><\/a><br \/>\n<span style=\"font-size: 18px;\">Fenerbah\u00e7e Medicana Kad\u0131n Voleybol Tak\u0131m\u0131m\u0131z, gen\u00e7 sma\u00e7\u00f6r Sude Hac\u0131mustafao\u011flu\u2019nu kadrosuna katt\u0131.<\/span><\/p>\n<p style=\"text-align: justify;\"><span style=\"font-size: 18px;\">2018-2019 sezonunda Geli\u015fim Koleji SK ile profesyonel kariyerine ba\u015flayan gen\u00e7 oyuncu s\u0131ras\u0131yla; Galatasaray II, ME Marmara Akademi, Galatasaray, Ye\u015filyurt ve G\u00f6ztepe formalar\u0131n\u0131 terletti.<\/span><\/p>\n<p style=\"text-align: justify;\"><span style=\"font-size: 18px;\">2020 Gen\u00e7 K\u0131zlar Avrupa Voleybol \u015eampiyonlu\u011fu, 2023-24 ve 2024-25 Balkan Kupas\u0131\u2019n\u0131 kazanan Sude, 2018 Avrupa \u015eampiyonas\u0131\u2019nda \u2018En iyi pas\u00f6r \u00e7apraz\u0131\u2019, 2019 U17 Balkan \u015eampiyonas\u0131\u2019nda \u2018En iyi sma\u00e7\u00f6r, 2020-2021 ve 2023-2024 T\u00fcrkiye Kupas\u0131\u2019nda ise \u2018En iyi man\u015fet alan oyuncu\u2019 \u00f6d\u00fcllerinin sahibi oldu.<\/span><\/p>\n<p style=\"text-align: justify;\"><span style=\"font-size: 18px;\">Sude Hac\u0131mustafao\u011flu\u2019na ailemize ho\u015f geldin diyor, \u00e7ubuklu forma ile sonsuz ba\u015far\u0131lar diliyoruz.<\/span><\/p>\n\n\t\t<style type=\"text\/css\">\n\t\t\t#gallery-1 {\n\t\t\t\tmargin: auto;\n\t\t\t}\n\t\t\t#gallery-1 .gallery-item {\n\t\t\t\tfloat: left;\n\t\t\t\tmargin-top: 10px;\n\t\t\t\ttext-align: center;\n\t\t\t\twidth: 100%;\n\t\t\t}\n\t\t\t#gallery-1 img {\n\t\t\t\tborder: 2px solid #cfcfcf;\n\t\t\t}\n\t\t\t#gallery-1 .gallery-caption {\n\t\t\t\tmargin-left: 0;\n\t\t\t}\n\t\t\t\/* see gallery_shortcode() in wp-includes\/media.php *\/\n\t\t<\/style>\n\t\t<div data-carousel-extra='{&quot;blog_id&quot;:1,&quot;permalink&quot;:&quot;https:\/\/sarimelekler.biz\/?p=22518&quot;}' id='gallery-1' class='gallery galleryid-22518 gallery-columns-1 gallery-size-large'><dl class='gallery-item'>\n\t\t\t<dt class='gallery-icon landscape'>\n\t\t\t\t<a href='https:\/\/sarimelekler.biz\/?attachment_id=22519'><img loading=\"lazy\" decoding=\"async\" width=\"860\" height=\"450\" src=\"https:\/\/sarimelekler.biz\/wp-content\/uploads\/2026\/02\/Sude-Hacimustafaoglu-1024x536.jpg\" class=\"attachment-large size-large\" alt=\"\" srcset=\"https:\/\/sarimelekler.biz\/wp-content\/uploads\/2026\/02\/Sude-Hacimustafaoglu-1024x536.jpg 1024w, https:\/\/sarimelekler.biz\/wp-content\/uploads\/2026\/02\/Sude-Hacimustafaoglu-300x157.jpg 300w, https:\/\/sarimelekler.biz\/wp-content\/uploads\/2026\/02\/Sude-Hacimustafaoglu-768x402.jpg 768w, https:\/\/sarimelekler.biz\/wp-content\/uploads\/2026\/02\/Sude-Hacimustafaoglu-150x79.jpg 150w, https:\/\/sarimelekler.biz\/wp-content\/uploads\/2026\/02\/Sude-Hacimustafaoglu.jpg 1077w\" sizes=\"auto, (max-width: 860px) 100vw, 860px\" data-attachment-id=\"22519\" data-permalink=\"https:\/\/sarimelekler.biz\/?attachment_id=22519\" data-orig-file=\"https:\/\/sarimelekler.biz\/wp-content\/uploads\/2026\/02\/Sude-Hacimustafaoglu.jpg\" data-orig-size=\"1077,564\" data-comments-opened=\"0\" data-image-meta=\"{&quot;aperture&quot;:&quot;0&quot;,&quot;credit&quot;:&quot;&quot;,&quot;camera&quot;:&quot;&quot;,&quot;caption&quot;:&quot;&quot;,&quot;created_timestamp&quot;:&quot;0&quot;,&quot;copyright&quot;:&quot;&quot;,&quot;focal_length&quot;:&quot;0&quot;,&quot;iso&quot;:&quot;0&quot;,&quot;shutter_speed&quot;:&quot;0&quot;,&quot;title&quot;:&quot;&quot;,&quot;orientation&quot;:&quot;0&quot;}\" data-image-title=\"Sude Hac\u0131mustafao\u011flu\" data-image-description=\"\" data-image-caption=\"\" data-large-file=\"https:\/\/sarimelekler.biz\/wp-content\/uploads\/2026\/02\/Sude-Hacimustafaoglu-1024x536.jpg\" \/><\/a>\n\t\t\t<\/dt><\/dl><br style=\"clear: both\" \/>\n\t\t<\/div>\n\n<p style=\"text-align: right;\">\n<span style=\"font-size: 18px;\">16.01.2026<\/span><\/p>\n","protected":false},"excerpt":{"rendered":"<p>Liza Safronova\u2019n\u0131n tak\u0131m\u0131m\u0131zdan ayr\u0131lmas\u0131ndan sonra olu\u015fan sma\u00e7\u00f6r eksikli\u011fi G\u00f6ztepe tak\u0131m\u0131nda \u2026 <a class=\"continue-reading-link\" href=\"https:\/\/sarimelekler.biz\/?p=22518\">Okumaya Devam Et.. <span class=\"meta-nav\">&rarr; <\/span><\/a><\/p>\n","protected":false},"author":1,"featured_media":22519,"comment_status":"closed","ping_status":"open","sticky":false,"template":"","format":"standard","meta":{"jetpack_post_was_ever_published":false,"_jetpack_newsletter_access":"","_jetpack_dont_email_post_to_subs":false,"_jetpack_newsletter_tier_id":0,"_jetpack_memberships_contains_paywalled_content":false,"_jetpack_memberships_contains_paid_content":false,"footnotes":"","jetpack_publicize_message":"","jetpack_publicize_feature_enabled":true,"jetpack_social_post_already_shared":true,"jetpack_social_options":{"image_generator_settings":{"template":"highway","default_image_id":0,"font":"","enabled":false},"version":2}},"categories":[23],"tags":[],"class_list":["post-22518","post","type-post","status-publish","format-standard","has-post-thumbnail","hentry","category-transfer-haberleri"],"jetpack_publicize_connections":[],"jetpack_featured_media_url":"https:\/\/sarimelekler.biz\/wp-content\/uploads\/2026\/02\/Sude-Hacimustafaoglu.jpg","jetpack_sharing_enabled":true,"jetpack_shortlink":"https:\/\/wp.me\/p8npUZ-5Rc","jetpack-related-posts":[{"id":11637,"url":"https:\/\/sarimelekler.biz\/?p=11637","url_meta":{"origin":22518,"position":0},"title":"Fenerbah\u00e7emizin Alt Yap\u0131 Oyuncular\u0131 P\u0131r\u0131l P\u0131r\u0131l Parl\u0131yor.","author":"Edit\u00f6r","date":"15 Eyl\u00fcl 2019","format":false,"excerpt":"2018-2019 sezonunda Alt yap\u0131 tak\u0131mlar\u0131m\u0131zdan Y\u0131ld\u0131z k\u0131z tak\u0131m\u0131m\u0131z \u0130stanbul S\u00fcper Y\u0131ld\u0131z K\u0131zlar ligini 1. bitirken daha sonras\u0131nda Kocaeli\u2019de d\u00fczenlenen Y\u0131ld\u0131z K\u0131zlar T\u00fcrkiye \u015eampiyonas\u0131 \u00e7eyrek finalinde Vak\u0131fbank'\u0131 3-0, yar\u0131 finalinde Galatasaray'\u0131 3-0 ve finalde Eczac\u0131ba\u015f\u0131 Vitra tak\u0131m\u0131n\u0131 3-2 yenerek T\u00fcrkiye \u015eampiyonu oldu. Kocaeli\u2019de ki bu \u015fampiyonada as tak\u0131m\u0131m\u0131zda g\u00f6revli yard\u0131mc\u0131 antren\u00f6r\u00fcm\u00fcz\u2026","rel":"","context":"&quot;Fenerbah\u00e7e Gen\u00e7 Tak\u0131mlar\u0131&quot; i\u00e7inde","block_context":{"text":"Fenerbah\u00e7e Gen\u00e7 Tak\u0131mlar\u0131","link":"https:\/\/sarimelekler.biz\/?cat=24"},"img":{"alt_text":"","src":"https:\/\/i0.wp.com\/sarimelekler.biz\/wp-content\/uploads\/2019\/09\/16-T%C3%BCrkiye-%C5%9Eamp.jpg?resize=350%2C200&ssl=1","width":350,"height":200,"srcset":"https:\/\/i0.wp.com\/sarimelekler.biz\/wp-content\/uploads\/2019\/09\/16-T%C3%BCrkiye-%C5%9Eamp.jpg?resize=350%2C200&ssl=1 1x, https:\/\/i0.wp.com\/sarimelekler.biz\/wp-content\/uploads\/2019\/09\/16-T%C3%BCrkiye-%C5%9Eamp.jpg?resize=525%2C300&ssl=1 1.5x, https:\/\/i0.wp.com\/sarimelekler.biz\/wp-content\/uploads\/2019\/09\/16-T%C3%BCrkiye-%C5%9Eamp.jpg?resize=700%2C400&ssl=1 2x, https:\/\/i0.wp.com\/sarimelekler.biz\/wp-content\/uploads\/2019\/09\/16-T%C3%BCrkiye-%C5%9Eamp.jpg?resize=1050%2C600&ssl=1 3x, https:\/\/i0.wp.com\/sarimelekler.biz\/wp-content\/uploads\/2019\/09\/16-T%C3%BCrkiye-%C5%9Eamp.jpg?resize=1400%2C800&ssl=1 4x"},"classes":[]},{"id":15815,"url":"https:\/\/sarimelekler.biz\/?p=15815","url_meta":{"origin":22518,"position":1},"title":"Gen\u00e7 Y\u0131ld\u0131z Arina Fedorovtseva Fenerbah\u00e7e Opet\u2019te","author":"Edit\u00f6r","date":"24 May\u0131s 2021","format":false,"excerpt":"Kul\u00fcb\u00fcm\u00fcz resmi sitesinden yapt\u0131\u011f\u0131 a\u00e7\u0131klamada 2004 do\u011fumlu Rus sma\u00e7\u00f6r Arina Fedorovtseva ile anla\u015fma sa\u011fland\u0131\u011f\u0131n\u0131 duyurdu. 17 ya\u015f\u0131ndaki Arina Fedorovtseva, 2021-2022 sezonu i\u00e7in Meliha \u0130smailo\u011flu, Gizem \u00d6rge, Anna Lazareva Tutku Burcu Y\u00fczgen\u00e7, Buse \u00dcnal ve Mina Popovic\u2019ten sonra tak\u0131m\u0131m\u0131z\u0131n yedinci transferi oldu. Oyuncumuza Ba\u015far\u0131lar Dileriz. Kul\u00fcb\u00fcm\u00fczden Yap\u0131lan A\u00e7\u0131klama: Fenerbah\u00e7e Opet Kad\u0131n\u2026","rel":"","context":"&quot;Transfer Haberleri&quot; i\u00e7inde","block_context":{"text":"Transfer Haberleri","link":"https:\/\/sarimelekler.biz\/?cat=23"},"img":{"alt_text":"","src":"https:\/\/i0.wp.com\/sarimelekler.biz\/wp-content\/uploads\/2021\/05\/Arina-3.jpg?resize=350%2C200&ssl=1","width":350,"height":200,"srcset":"https:\/\/i0.wp.com\/sarimelekler.biz\/wp-content\/uploads\/2021\/05\/Arina-3.jpg?resize=350%2C200&ssl=1 1x, https:\/\/i0.wp.com\/sarimelekler.biz\/wp-content\/uploads\/2021\/05\/Arina-3.jpg?resize=525%2C300&ssl=1 1.5x, https:\/\/i0.wp.com\/sarimelekler.biz\/wp-content\/uploads\/2021\/05\/Arina-3.jpg?resize=700%2C400&ssl=1 2x, https:\/\/i0.wp.com\/sarimelekler.biz\/wp-content\/uploads\/2021\/05\/Arina-3.jpg?resize=1050%2C600&ssl=1 3x"},"classes":[]},{"id":14322,"url":"https:\/\/sarimelekler.biz\/?p=14322","url_meta":{"origin":22518,"position":2},"title":"66. Gillette Milliyet Y\u0131l\u0131n Sporcusu \u00d6d\u00fclleri\u2019ne Fenerbah\u00e7emiz Damga Vurdu","author":"Edit\u00f6r","date":"4 Kas\u0131m 2020","format":false,"excerpt":"Milliyet Gazetesi\u2019nin her y\u0131l geleneksel olarak d\u00fczenledi\u011fi Gillette Milliyet Y\u0131l\u0131n Sporcusu \u00d6d\u00fcl T\u00f6reni\u2019nin 66.\u2019s\u0131 ger\u00e7ekle\u015ftirildi. T\u00f6rene Futbol Sportif Direkt\u00f6r\u00fcm\u00fcz Emre Bel\u00f6zo\u011flu, Futbol A Tak\u0131m\u0131m\u0131z\u0131n oyuncular\u0131 Ozan Tufan ve Naz\u0131m Sangare, Fenerbah\u00e7e Opet Kad\u0131n Voleybol Tak\u0131m\u0131m\u0131z ve A Milli Kad\u0131n Voleybol Tak\u0131m\u0131m\u0131z\u0131n kaptan\u0131 Eda Erdem D\u00fcndar, Fenerbah\u00e7e Futbol A.\u015e. Y\u00f6netim Kurulu\u2026","rel":"","context":"&quot;Haberler&quot; i\u00e7inde","block_context":{"text":"Haberler","link":"https:\/\/sarimelekler.biz\/?cat=7"},"img":{"alt_text":"","src":"https:\/\/i0.wp.com\/sarimelekler.biz\/wp-content\/uploads\/2020\/11\/Milliyet-%C3%96d%C3%BClleri-4.jpg?resize=350%2C200&ssl=1","width":350,"height":200,"srcset":"https:\/\/i0.wp.com\/sarimelekler.biz\/wp-content\/uploads\/2020\/11\/Milliyet-%C3%96d%C3%BClleri-4.jpg?resize=350%2C200&ssl=1 1x, https:\/\/i0.wp.com\/sarimelekler.biz\/wp-content\/uploads\/2020\/11\/Milliyet-%C3%96d%C3%BClleri-4.jpg?resize=525%2C300&ssl=1 1.5x, https:\/\/i0.wp.com\/sarimelekler.biz\/wp-content\/uploads\/2020\/11\/Milliyet-%C3%96d%C3%BClleri-4.jpg?resize=700%2C400&ssl=1 2x, https:\/\/i0.wp.com\/sarimelekler.biz\/wp-content\/uploads\/2020\/11\/Milliyet-%C3%96d%C3%BClleri-4.jpg?resize=1050%2C600&ssl=1 3x, https:\/\/i0.wp.com\/sarimelekler.biz\/wp-content\/uploads\/2020\/11\/Milliyet-%C3%96d%C3%BClleri-4.jpg?resize=1400%2C800&ssl=1 4x"},"classes":[]},{"id":15747,"url":"https:\/\/sarimelekler.biz\/?p=15747","url_meta":{"origin":22518,"position":3},"title":"4 Gen\u00e7 Oyuncumuz, Geli\u015fimlerinin Devam Edebilmesi \u0130\u00e7in Kiraland\u0131","author":"Edit\u00f6r","date":"28 Nisan 2021","format":false,"excerpt":"Kul\u00fcb\u00fcm\u00fcz, Fenerbah\u00e7e Opet Kad\u0131n Voleybol tak\u0131m\u0131m\u0131z\u0131n gen\u00e7 oyuncular\u0131 Lila \u015eeng\u00fcn ve \u00a0G\u00fclce G\u00fc\u00e7tekin\u2019in 2021-2022 sezonu i\u00e7in Sar\u0131yer Belediyesi Spor Kul\u00fcb\u00fc\u2019ne, Hilal Kocakara ve Sude Naz Uzun\u2019un ise 2021-2022 ve 2022-2023 sezonlar\u0131 i\u00e7in Nil\u00fcfer Belediyespor\u2019a kiraland\u0131klar\u0131n\u0131 resmi sitesinden yapt\u0131\u011f\u0131 a\u00e7\u0131klamayla duyurdu. Uzun senelerdir tak\u0131m\u0131m\u0131z\u0131n alt yap\u0131s\u0131nda e\u011fitim alan ve as tak\u0131m\u0131m\u0131za\u2026","rel":"","context":"&quot;Transfer Haberleri&quot; i\u00e7inde","block_context":{"text":"Transfer Haberleri","link":"https:\/\/sarimelekler.biz\/?cat=23"},"img":{"alt_text":"","src":"https:\/\/i0.wp.com\/sarimelekler.biz\/wp-content\/uploads\/2021\/04\/Ge%C3%A7ler.jpg?resize=350%2C200&ssl=1","width":350,"height":200,"srcset":"https:\/\/i0.wp.com\/sarimelekler.biz\/wp-content\/uploads\/2021\/04\/Ge%C3%A7ler.jpg?resize=350%2C200&ssl=1 1x, https:\/\/i0.wp.com\/sarimelekler.biz\/wp-content\/uploads\/2021\/04\/Ge%C3%A7ler.jpg?resize=525%2C300&ssl=1 1.5x, https:\/\/i0.wp.com\/sarimelekler.biz\/wp-content\/uploads\/2021\/04\/Ge%C3%A7ler.jpg?resize=700%2C400&ssl=1 2x"},"classes":[]},{"id":13817,"url":"https:\/\/sarimelekler.biz\/?p=13817","url_meta":{"origin":22518,"position":4},"title":"Gen\u00e7 Oyuncular\u0131m\u0131za &#8220;Until The Grave&#8221; Grubumuzdan S\u00fcrpriz Var","author":"Edit\u00f6r","date":"5 Eyl\u00fcl 2020","format":false,"excerpt":"Fenerbah\u00e7e \u015e\u00fckr\u00fc Sara\u00e7o\u011flu Stadyumu Maraton \u00dcst Trib\u00fcn\u00fcnde yer alan\u00a0 \"Until The Grave\" taraftar grubumuz, Avrupa \u015eampiyonu olan U19 Gen\u00e7 K\u0131z Milli Tak\u0131m\u0131m\u0131zda yer alan ve oynad\u0131klar\u0131 oyunla t\u00fcm halk\u0131m\u0131za b\u00fcy\u00fck bir gurur ya\u015fatan gen\u00e7 oyuncular\u0131m\u0131z Sude Naz Uzun, \u0130par Kurt, G\u00fclce G\u00fc\u00e7tekin ve Lila \u015eeng\u00fcn i\u00e7in \u00f6zel olarak haz\u0131rlad\u0131klar\u0131 pankartlar\u0131\u2026","rel":"","context":"&quot;Avrupa Kupalar\u0131&quot; i\u00e7inde","block_context":{"text":"Avrupa Kupalar\u0131","link":"https:\/\/sarimelekler.biz\/?cat=1"},"img":{"alt_text":"","src":"https:\/\/i0.wp.com\/sarimelekler.biz\/wp-content\/uploads\/2020\/09\/kapak-2.jpg?resize=350%2C200&ssl=1","width":350,"height":200,"srcset":"https:\/\/i0.wp.com\/sarimelekler.biz\/wp-content\/uploads\/2020\/09\/kapak-2.jpg?resize=350%2C200&ssl=1 1x, https:\/\/i0.wp.com\/sarimelekler.biz\/wp-content\/uploads\/2020\/09\/kapak-2.jpg?resize=525%2C300&ssl=1 1.5x, https:\/\/i0.wp.com\/sarimelekler.biz\/wp-content\/uploads\/2020\/09\/kapak-2.jpg?resize=700%2C400&ssl=1 2x, https:\/\/i0.wp.com\/sarimelekler.biz\/wp-content\/uploads\/2020\/09\/kapak-2.jpg?resize=1050%2C600&ssl=1 3x"},"classes":[]},{"id":11451,"url":"https:\/\/sarimelekler.biz\/?p=11451","url_meta":{"origin":22518,"position":5},"title":"Gen\u00e7 Oyuncumuz G\u00fclce G\u00fc\u00e7tekin, &#8216;En \u0130yi Libero&#8217; \u00f6d\u00fcl\u00fcn\u00fc Ald\u0131.","author":"Edit\u00f6r","date":"25 A\u011fustos 2019","format":false,"excerpt":"Balkan \u015eampiyonu olan U17 Gen\u00e7 K\u0131z Milli Tak\u0131m kadrosunda bulunan oyuncumuz G\u00fclce G\u00fc\u00e7tekin turnuvada en iyi libero \u00f6d\u00fcl\u00fcn\u00fc ald\u0131. G\u00fclce 2002 do\u011fumlu ve 2012 y\u0131l\u0131ndan itibaren altyap\u0131 tak\u0131mlar\u0131m\u0131zda forma giyiyor. G\u00fclce ayr\u0131ca uluslararas\u0131 turnuvalarda Milli tak\u0131m\u0131m\u0131z kadrosunda bu \u00f6d\u00fcl\u00fc ikinci kez ald\u0131. Oyuncumuzu kutlar Ba\u015far\u0131lar\u0131n\u0131n devam\u0131n\u0131 dileriz. 17 Ya\u015f Alt\u0131\u2026","rel":"","context":"&quot;Milli Tak\u0131m&quot; i\u00e7inde","block_context":{"text":"Milli Tak\u0131m","link":"https:\/\/sarimelekler.biz\/?cat=19"},"img":{"alt_text":"","src":"https:\/\/i0.wp.com\/sarimelekler.biz\/wp-content\/uploads\/2019\/08\/G%C3%BClce-G%C3%BC%C3%A7tekin-Bireysel-%C3%96d%C3%BCl.jpg?resize=350%2C200&ssl=1","width":350,"height":200,"srcset":"https:\/\/i0.wp.com\/sarimelekler.biz\/wp-content\/uploads\/2019\/08\/G%C3%BClce-G%C3%BC%C3%A7tekin-Bireysel-%C3%96d%C3%BCl.jpg?resize=350%2C200&ssl=1 1x, https:\/\/i0.wp.com\/sarimelekler.biz\/wp-content\/uploads\/2019\/08\/G%C3%BClce-G%C3%BC%C3%A7tekin-Bireysel-%C3%96d%C3%BCl.jpg?resize=525%2C300&ssl=1 1.5x, https:\/\/i0.wp.com\/sarimelekler.biz\/wp-content\/uploads\/2019\/08\/G%C3%BClce-G%C3%BC%C3%A7tekin-Bireysel-%C3%96d%C3%BCl.jpg?resize=700%2C400&ssl=1 2x"},"classes":[]}],"_links":{"self":[{"href":"https:\/\/sarimelekler.biz\/index.php?rest_route=\/wp\/v2\/posts\/22518","targetHints":{"allow":["GET"]}}],"collection":[{"href":"https:\/\/sarimelekler.biz\/index.php?rest_route=\/wp\/v2\/posts"}],"about":[{"href":"https:\/\/sarimelekler.biz\/index.php?rest_route=\/wp\/v2\/types\/post"}],"author":[{"embeddable":true,"href":"https:\/\/sarimelekler.biz\/index.php?rest_route=\/wp\/v2\/users\/1"}],"replies":[{"embeddable":true,"href":"https:\/\/sarimelekler.biz\/index.php?rest_route=%2Fwp%2Fv2%2Fcomments&post=22518"}],"version-history":[{"count":1,"href":"https:\/\/sarimelekler.biz\/index.php?rest_route=\/wp\/v2\/posts\/22518\/revisions"}],"predecessor-version":[{"id":22520,"href":"https:\/\/sarimelekler.biz\/index.php?rest_route=\/wp\/v2\/posts\/22518\/revisions\/22520"}],"wp:featuredmedia":[{"embeddable":true,"href":"https:\/\/sarimelekler.biz\/index.php?rest_route=\/wp\/v2\/media\/22519"}],"wp:attachment":[{"href":"https:\/\/sarimelekler.biz\/index.php?rest_route=%2Fwp%2Fv2%2Fmedia&parent=22518"}],"wp:term":[{"taxonomy":"category","embeddable":true,"href":"https:\/\/sarimelekler.biz\/index.php?rest_route=%2Fwp%2Fv2%2Fcategories&post=22518"},{"taxonomy":"post_tag","embeddable":true,"href":"https:\/\/sarimelekler.biz\/index.php?rest_route=%2Fwp%2Fv2%2Ftags&post=22518"}],"curies":[{"name":"wp","href":"https:\/\/api.w.org\/{rel}","templated":true}]}}