{"id":22648,"date":"2025-12-29T16:16:00","date_gmt":"2025-12-29T13:16:00","guid":{"rendered":"https:\/\/sarimelekler.biz\/?p=22648"},"modified":"2026-02-22T16:30:00","modified_gmt":"2026-02-22T13:30:00","slug":"gulce-guctekin-tekrar-takimimiza-katildi","status":"publish","type":"post","link":"https:\/\/sarimelekler.biz\/?p=22648","title":{"rendered":"G\u00fclce G\u00fc\u00e7tekin Tekrar Tak\u0131m\u0131m\u0131za Kat\u0131ld\u0131"},"content":{"rendered":"<p style=\"text-align: justify;\"><span style=\"font-size: 18px;\"><a href=\"https:\/\/sporokullari.fenerbahce.org\/duyurular\/bir-basari-hikayesi-gulce-guctekin\" target=\"_blank\" rel=\"noopener\">Alt yap\u0131m\u0131zdan yeti\u015fen<\/a> 2002 do\u011fumlu libero G\u00fclce G\u00fc\u00e7tekin tekrar Fenerbah\u00e7e Medicana Kad\u0131n Voleybol <a href=\"https:\/\/x.com\/FBvoleybol\/status\/2005667523359019323\" target=\"_blank\" rel=\"noopener\">tak\u0131m\u0131m\u0131za transfer oldu.<\/a> Bu transferle sezon ba\u015f\u0131nda tak\u0131m\u0131m\u0131za kat\u0131lan libero Helin Kay\u0131k\u00e7\u0131 \u00e7ift lisansla 1. lig tak\u0131m\u0131m\u0131zda forma giymeye ba\u015flayacak.<\/span><\/p>\n<p style=\"text-align: justify;\"><span style=\"font-size: 18px;\">G\u00fclce 2020\/21 Sezonunda alt yap\u0131m\u0131m\u0131zdan A Tak\u0131m\u0131m\u0131za <a href=\"https:\/\/www.voleybolplus.com\/genc-milli-libero-gulce-guctekin-gelecek-sezon-a-takimda\/\" target=\"_blank\" rel=\"noopener\">al\u0131nd\u0131<\/a>, 2021\/22 sezonunda Sar\u0131yer Belediyesine <a href=\"https:\/\/www.voleybolplus.com\/gulce-guctekin-sariyer-belediyede\/\" target=\"_blank\" rel=\"noopener\">kiralanan<\/a> daha sonra 2022 y\u0131l\u0131nda Amerika NCAA Kad\u0131nlar Voleybol Ligi tak\u0131mlar\u0131ndan Wisconsin \u00dcniversitesi\u2019nden 3 y\u0131l atletik burs kazanarak e\u011fitimini tamamlayan G\u00fclce <a href=\"https:\/\/www.instagram.com\/p\/DEAZUxss-FU\/?igsh=a2E5aWo0ejJxd2Fp\" target=\"_blank\" rel=\"noopener\">Tennessee \u00dcniversitesi<\/a> formas\u0131 giymesinin ard\u0131ndan tak\u0131m\u0131m\u0131za kat\u0131ld\u0131. 8 Aral\u0131k 2020&#8217;de oynanan Fenerbah\u00e7e Opet &#8211; VB Nantes Cev Kad\u0131nlar \u015eampiyonlar Ligi ma\u00e7\u0131nda G\u00fclce ilk defa forma giymi\u015fti. Kendisini tebrik eder uzun y\u0131llar ba\u015far\u0131yla Fenerbah\u00e7emizde forma giymesini dileriz.<\/span><br \/>\n<span style=\"font-size: 18px;\">Ho\u015f Geldin G\u00fclce\u2026<\/span><\/p>\n\n\t\t<style type=\"text\/css\">\n\t\t\t#gallery-1 {\n\t\t\t\tmargin: auto;\n\t\t\t}\n\t\t\t#gallery-1 .gallery-item {\n\t\t\t\tfloat: left;\n\t\t\t\tmargin-top: 10px;\n\t\t\t\ttext-align: center;\n\t\t\t\twidth: 20%;\n\t\t\t}\n\t\t\t#gallery-1 img {\n\t\t\t\tborder: 2px solid #cfcfcf;\n\t\t\t}\n\t\t\t#gallery-1 .gallery-caption {\n\t\t\t\tmargin-left: 0;\n\t\t\t}\n\t\t\t\/* see gallery_shortcode() in wp-includes\/media.php *\/\n\t\t<\/style>\n\t\t<div data-carousel-extra='{&quot;blog_id&quot;:1,&quot;permalink&quot;:&quot;https:\/\/sarimelekler.biz\/?p=22648&quot;}' id='gallery-1' class='gallery galleryid-22648 gallery-columns-5 gallery-size-thumbnail'><dl class='gallery-item'>\n\t\t\t<dt class='gallery-icon landscape'>\n\t\t\t\t<a href='https:\/\/sarimelekler.biz\/?attachment_id=22650'><img loading=\"lazy\" decoding=\"async\" width=\"150\" height=\"150\" src=\"https:\/\/sarimelekler.biz\/wp-content\/uploads\/2026\/02\/14-15-3-Gulce-150x150.jpg\" class=\"attachment-thumbnail size-thumbnail\" alt=\"\" data-attachment-id=\"22650\" data-permalink=\"https:\/\/sarimelekler.biz\/?attachment_id=22650\" data-orig-file=\"https:\/\/sarimelekler.biz\/wp-content\/uploads\/2026\/02\/14-15-3-Gulce.jpg\" data-orig-size=\"960,720\" data-comments-opened=\"0\" data-image-meta=\"{&quot;aperture&quot;:&quot;0&quot;,&quot;credit&quot;:&quot;&quot;,&quot;camera&quot;:&quot;&quot;,&quot;caption&quot;:&quot;&quot;,&quot;created_timestamp&quot;:&quot;0&quot;,&quot;copyright&quot;:&quot;&quot;,&quot;focal_length&quot;:&quot;0&quot;,&quot;iso&quot;:&quot;0&quot;,&quot;shutter_speed&quot;:&quot;0&quot;,&quot;title&quot;:&quot;&quot;,&quot;orientation&quot;:&quot;0&quot;}\" data-image-title=\"14-15-3 G\u00fclce\" data-image-description=\"\" data-image-caption=\"\" data-large-file=\"https:\/\/sarimelekler.biz\/wp-content\/uploads\/2026\/02\/14-15-3-Gulce.jpg\" \/><\/a>\n\t\t\t<\/dt><\/dl><dl class='gallery-item'>\n\t\t\t<dt class='gallery-icon portrait'>\n\t\t\t\t<a href='https:\/\/sarimelekler.biz\/?attachment_id=22651'><img loading=\"lazy\" decoding=\"async\" width=\"150\" height=\"150\" src=\"https:\/\/sarimelekler.biz\/wp-content\/uploads\/2026\/02\/Gulce-Alt-Yapi-1-150x150.jpg\" class=\"attachment-thumbnail size-thumbnail\" alt=\"\" data-attachment-id=\"22651\" data-permalink=\"https:\/\/sarimelekler.biz\/?attachment_id=22651\" data-orig-file=\"https:\/\/sarimelekler.biz\/wp-content\/uploads\/2026\/02\/Gulce-Alt-Yapi-1.jpg\" data-orig-size=\"639,1368\" data-comments-opened=\"0\" data-image-meta=\"{&quot;aperture&quot;:&quot;0&quot;,&quot;credit&quot;:&quot;&quot;,&quot;camera&quot;:&quot;&quot;,&quot;caption&quot;:&quot;&quot;,&quot;created_timestamp&quot;:&quot;0&quot;,&quot;copyright&quot;:&quot;&quot;,&quot;focal_length&quot;:&quot;0&quot;,&quot;iso&quot;:&quot;0&quot;,&quot;shutter_speed&quot;:&quot;0&quot;,&quot;title&quot;:&quot;&quot;,&quot;orientation&quot;:&quot;0&quot;}\" data-image-title=\"G\u00fclce Alt Yap\u0131 1\" data-image-description=\"\" data-image-caption=\"\" data-large-file=\"https:\/\/sarimelekler.biz\/wp-content\/uploads\/2026\/02\/Gulce-Alt-Yapi-1-478x1024.jpg\" \/><\/a>\n\t\t\t<\/dt><\/dl><dl class='gallery-item'>\n\t\t\t<dt class='gallery-icon portrait'>\n\t\t\t\t<a href='https:\/\/sarimelekler.biz\/?attachment_id=22653'><img loading=\"lazy\" decoding=\"async\" width=\"150\" height=\"150\" src=\"https:\/\/sarimelekler.biz\/wp-content\/uploads\/2026\/02\/Gulce-Alt-Yapi-2-150x150.jpg\" class=\"attachment-thumbnail size-thumbnail\" alt=\"\" data-attachment-id=\"22653\" data-permalink=\"https:\/\/sarimelekler.biz\/?attachment_id=22653\" data-orig-file=\"https:\/\/sarimelekler.biz\/wp-content\/uploads\/2026\/02\/Gulce-Alt-Yapi-2.jpg\" data-orig-size=\"544,1067\" data-comments-opened=\"0\" data-image-meta=\"{&quot;aperture&quot;:&quot;0&quot;,&quot;credit&quot;:&quot;&quot;,&quot;camera&quot;:&quot;&quot;,&quot;caption&quot;:&quot;&quot;,&quot;created_timestamp&quot;:&quot;0&quot;,&quot;copyright&quot;:&quot;&quot;,&quot;focal_length&quot;:&quot;0&quot;,&quot;iso&quot;:&quot;0&quot;,&quot;shutter_speed&quot;:&quot;0&quot;,&quot;title&quot;:&quot;&quot;,&quot;orientation&quot;:&quot;0&quot;}\" data-image-title=\"G\u00fclce Alt Yap\u0131 2\" data-image-description=\"\" data-image-caption=\"\" data-large-file=\"https:\/\/sarimelekler.biz\/wp-content\/uploads\/2026\/02\/Gulce-Alt-Yapi-2-522x1024.jpg\" \/><\/a>\n\t\t\t<\/dt><\/dl><dl class='gallery-item'>\n\t\t\t<dt class='gallery-icon landscape'>\n\t\t\t\t<a href='https:\/\/sarimelekler.biz\/?attachment_id=22652'><img loading=\"lazy\" decoding=\"async\" width=\"150\" height=\"150\" src=\"https:\/\/sarimelekler.biz\/wp-content\/uploads\/2026\/02\/14-20-21-11-Gulce-150x150.jpg\" class=\"attachment-thumbnail size-thumbnail\" alt=\"\" data-attachment-id=\"22652\" data-permalink=\"https:\/\/sarimelekler.biz\/?attachment_id=22652\" data-orig-file=\"https:\/\/sarimelekler.biz\/wp-content\/uploads\/2026\/02\/14-20-21-11-Gulce.jpg\" data-orig-size=\"2300,2027\" data-comments-opened=\"0\" data-image-meta=\"{&quot;aperture&quot;:&quot;4.5&quot;,&quot;credit&quot;:&quot;&quot;,&quot;camera&quot;:&quot;Canon EOS-1D X&quot;,&quot;caption&quot;:&quot;&quot;,&quot;created_timestamp&quot;:&quot;1604417728&quot;,&quot;copyright&quot;:&quot;&quot;,&quot;focal_length&quot;:&quot;300&quot;,&quot;iso&quot;:&quot;2000&quot;,&quot;shutter_speed&quot;:&quot;0.0025&quot;,&quot;title&quot;:&quot;&quot;,&quot;orientation&quot;:&quot;1&quot;}\" data-image-title=\"14- 20-21 (11) G\u00fclce\" data-image-description=\"\" data-image-caption=\"\" data-large-file=\"https:\/\/sarimelekler.biz\/wp-content\/uploads\/2026\/02\/14-20-21-11-Gulce-1024x902.jpg\" \/><\/a>\n\t\t\t<\/dt><\/dl><dl class='gallery-item'>\n\t\t\t<dt class='gallery-icon landscape'>\n\t\t\t\t<a href='https:\/\/sarimelekler.biz\/?attachment_id=22568'><img loading=\"lazy\" decoding=\"async\" width=\"150\" height=\"150\" src=\"https:\/\/sarimelekler.biz\/wp-content\/uploads\/2026\/02\/20-25-26-6-150x150.jpg\" class=\"attachment-thumbnail size-thumbnail\" alt=\"\" data-attachment-id=\"22568\" data-permalink=\"https:\/\/sarimelekler.biz\/?attachment_id=22568\" data-orig-file=\"https:\/\/sarimelekler.biz\/wp-content\/uploads\/2026\/02\/20-25-26-6-scaled.jpg\" data-orig-size=\"2560,1707\" data-comments-opened=\"0\" data-image-meta=\"{&quot;aperture&quot;:&quot;2.8&quot;,&quot;credit&quot;:&quot;BURAK SALTIK&quot;,&quot;camera&quot;:&quot;Canon EOS R3&quot;,&quot;caption&quot;:&quot;&quot;,&quot;created_timestamp&quot;:&quot;1770478834&quot;,&quot;copyright&quot;:&quot;www.fenerbahce.org&quot;,&quot;focal_length&quot;:&quot;300&quot;,&quot;iso&quot;:&quot;5000&quot;,&quot;shutter_speed&quot;:&quot;0.0005&quot;,&quot;title&quot;:&quot;&quot;,&quot;orientation&quot;:&quot;1&quot;}\" data-image-title=\"20 &amp;#8211; 25-26 (6)\" data-image-description=\"\" data-image-caption=\"\" data-large-file=\"https:\/\/sarimelekler.biz\/wp-content\/uploads\/2026\/02\/20-25-26-6-1024x683.jpg\" \/><\/a>\n\t\t\t<\/dt><\/dl><br style=\"clear: both\" \/><dl class='gallery-item'>\n\t\t\t<dt class='gallery-icon landscape'>\n\t\t\t\t<a href='https:\/\/sarimelekler.biz\/?attachment_id=22580'><img loading=\"lazy\" decoding=\"async\" width=\"150\" height=\"150\" src=\"https:\/\/sarimelekler.biz\/wp-content\/uploads\/2026\/02\/20-25-26-17-150x150.jpg\" class=\"attachment-thumbnail size-thumbnail\" alt=\"\" data-attachment-id=\"22580\" data-permalink=\"https:\/\/sarimelekler.biz\/?attachment_id=22580\" data-orig-file=\"https:\/\/sarimelekler.biz\/wp-content\/uploads\/2026\/02\/20-25-26-17-scaled.jpg\" data-orig-size=\"2560,1707\" data-comments-opened=\"0\" data-image-meta=\"{&quot;aperture&quot;:&quot;2.8&quot;,&quot;credit&quot;:&quot;BURAK SALTIK&quot;,&quot;camera&quot;:&quot;Canon EOS R3&quot;,&quot;caption&quot;:&quot;&quot;,&quot;created_timestamp&quot;:&quot;1770476381&quot;,&quot;copyright&quot;:&quot;www.fenerbahce.org&quot;,&quot;focal_length&quot;:&quot;100&quot;,&quot;iso&quot;:&quot;8000&quot;,&quot;shutter_speed&quot;:&quot;0.0005&quot;,&quot;title&quot;:&quot;&quot;,&quot;orientation&quot;:&quot;1&quot;}\" data-image-title=\"20 &amp;#8211; 25-26 (17)\" data-image-description=\"\" data-image-caption=\"\" data-large-file=\"https:\/\/sarimelekler.biz\/wp-content\/uploads\/2026\/02\/20-25-26-17-1024x683.jpg\" \/><\/a>\n\t\t\t<\/dt><\/dl><dl class='gallery-item'>\n\t\t\t<dt class='gallery-icon landscape'>\n\t\t\t\t<a href='https:\/\/sarimelekler.biz\/?attachment_id=22649'><img loading=\"lazy\" decoding=\"async\" width=\"150\" height=\"150\" src=\"https:\/\/sarimelekler.biz\/wp-content\/uploads\/2026\/02\/Gulce-Trasfer-150x150.jpg\" class=\"attachment-thumbnail size-thumbnail\" alt=\"\" data-attachment-id=\"22649\" data-permalink=\"https:\/\/sarimelekler.biz\/?attachment_id=22649\" data-orig-file=\"https:\/\/sarimelekler.biz\/wp-content\/uploads\/2026\/02\/Gulce-Trasfer-scaled.jpg\" data-orig-size=\"2560,1710\" data-comments-opened=\"0\" data-image-meta=\"{&quot;aperture&quot;:&quot;2.8&quot;,&quot;credit&quot;:&quot;BURAK SALTIK&quot;,&quot;camera&quot;:&quot;Canon EOS R3&quot;,&quot;caption&quot;:&quot;&quot;,&quot;created_timestamp&quot;:&quot;1770477442&quot;,&quot;copyright&quot;:&quot;www.fenerbahce.org&quot;,&quot;focal_length&quot;:&quot;200&quot;,&quot;iso&quot;:&quot;5000&quot;,&quot;shutter_speed&quot;:&quot;0.0005&quot;,&quot;title&quot;:&quot;&quot;,&quot;orientation&quot;:&quot;1&quot;}\" data-image-title=\"G\u00fclce Trasfer\" data-image-description=\"\" data-image-caption=\"\" data-large-file=\"https:\/\/sarimelekler.biz\/wp-content\/uploads\/2026\/02\/Gulce-Trasfer-1024x684.jpg\" \/><\/a>\n\t\t\t<\/dt><\/dl>\n\t\t\t<br style='clear: both' \/>\n\t\t<\/div>\n\n<p style=\"text-align: right;\">29\/12\/2025<\/p>\n","protected":false},"excerpt":{"rendered":"<p>Alt yap\u0131m\u0131zdan yeti\u015fen 2002 do\u011fumlu libero G\u00fclce G\u00fc\u00e7tekin tekrar Fenerbah\u00e7e \u2026 <a class=\"continue-reading-link\" href=\"https:\/\/sarimelekler.biz\/?p=22648\">Okumaya Devam Et.. <span class=\"meta-nav\">&rarr; <\/span><\/a><\/p>\n","protected":false},"author":1,"featured_media":22649,"comment_status":"closed","ping_status":"open","sticky":false,"template":"","format":"standard","meta":{"jetpack_post_was_ever_published":false,"_jetpack_newsletter_access":"","_jetpack_dont_email_post_to_subs":false,"_jetpack_newsletter_tier_id":0,"_jetpack_memberships_contains_paywalled_content":false,"_jetpack_memberships_contains_paid_content":false,"footnotes":"","jetpack_publicize_message":"","jetpack_publicize_feature_enabled":true,"jetpack_social_post_already_shared":true,"jetpack_social_options":{"image_generator_settings":{"template":"highway","default_image_id":0,"font":"","enabled":false},"version":2}},"categories":[23],"tags":[],"class_list":["post-22648","post","type-post","status-publish","format-standard","has-post-thumbnail","hentry","category-transfer-haberleri"],"jetpack_publicize_connections":[],"jetpack_featured_media_url":"https:\/\/sarimelekler.biz\/wp-content\/uploads\/2026\/02\/Gulce-Trasfer-scaled.jpg","jetpack_sharing_enabled":true,"jetpack_shortlink":"https:\/\/wp.me\/p8npUZ-5Ti","jetpack-related-posts":[{"id":11637,"url":"https:\/\/sarimelekler.biz\/?p=11637","url_meta":{"origin":22648,"position":0},"title":"Fenerbah\u00e7emizin Alt Yap\u0131 Oyuncular\u0131 P\u0131r\u0131l P\u0131r\u0131l Parl\u0131yor.","author":"Edit\u00f6r","date":"15 Eyl\u00fcl 2019","format":false,"excerpt":"2018-2019 sezonunda Alt yap\u0131 tak\u0131mlar\u0131m\u0131zdan Y\u0131ld\u0131z k\u0131z tak\u0131m\u0131m\u0131z \u0130stanbul S\u00fcper Y\u0131ld\u0131z K\u0131zlar ligini 1. bitirken daha sonras\u0131nda Kocaeli\u2019de d\u00fczenlenen Y\u0131ld\u0131z K\u0131zlar T\u00fcrkiye \u015eampiyonas\u0131 \u00e7eyrek finalinde Vak\u0131fbank'\u0131 3-0, yar\u0131 finalinde Galatasaray'\u0131 3-0 ve finalde Eczac\u0131ba\u015f\u0131 Vitra tak\u0131m\u0131n\u0131 3-2 yenerek T\u00fcrkiye \u015eampiyonu oldu. Kocaeli\u2019de ki bu \u015fampiyonada as tak\u0131m\u0131m\u0131zda g\u00f6revli yard\u0131mc\u0131 antren\u00f6r\u00fcm\u00fcz\u2026","rel":"","context":"&quot;Fenerbah\u00e7e Gen\u00e7 Tak\u0131mlar\u0131&quot; i\u00e7inde","block_context":{"text":"Fenerbah\u00e7e Gen\u00e7 Tak\u0131mlar\u0131","link":"https:\/\/sarimelekler.biz\/?cat=24"},"img":{"alt_text":"","src":"https:\/\/i0.wp.com\/sarimelekler.biz\/wp-content\/uploads\/2019\/09\/16-T%C3%BCrkiye-%C5%9Eamp.jpg?resize=350%2C200&ssl=1","width":350,"height":200,"srcset":"https:\/\/i0.wp.com\/sarimelekler.biz\/wp-content\/uploads\/2019\/09\/16-T%C3%BCrkiye-%C5%9Eamp.jpg?resize=350%2C200&ssl=1 1x, https:\/\/i0.wp.com\/sarimelekler.biz\/wp-content\/uploads\/2019\/09\/16-T%C3%BCrkiye-%C5%9Eamp.jpg?resize=525%2C300&ssl=1 1.5x, https:\/\/i0.wp.com\/sarimelekler.biz\/wp-content\/uploads\/2019\/09\/16-T%C3%BCrkiye-%C5%9Eamp.jpg?resize=700%2C400&ssl=1 2x, https:\/\/i0.wp.com\/sarimelekler.biz\/wp-content\/uploads\/2019\/09\/16-T%C3%BCrkiye-%C5%9Eamp.jpg?resize=1050%2C600&ssl=1 3x, https:\/\/i0.wp.com\/sarimelekler.biz\/wp-content\/uploads\/2019\/09\/16-T%C3%BCrkiye-%C5%9Eamp.jpg?resize=1400%2C800&ssl=1 4x"},"classes":[]},{"id":18098,"url":"https:\/\/sarimelekler.biz\/?p=18098","url_meta":{"origin":22648,"position":1},"title":"\u0130par Kurt ve G\u00fclce G\u00fc\u00e7tekin U21 Avrupa \u015eampiyonas\u0131\u2019nda Bireysel \u00d6d\u00fcl Ald\u0131","author":"Edit\u00f6r","date":"18 Temmuz 2022","format":false,"excerpt":"\u0130talya\u2019da d\u00fczenlenen U21 Avrupa \u015eampiyonas\u0131\u2019nda m\u00fccadele eden ve Fenerbah\u00e7e Opet Kad\u0131n Voleybol Tak\u0131m\u0131m\u0131z\u0131n oyuncular\u0131 \u0130par Kurt ile G\u00fclce G\u00fc\u00e7tekin\u2019in de formas\u0131n\u0131 giydi\u011fi 21 Ya\u015f Alt\u0131 K\u0131z Milli Tak\u0131m\u0131m\u0131z, 3.\/4.l\u00fck ma\u00e7\u0131nda Polonya\u2019y\u0131 3-2 ma\u011flup ederek bronz madalyan\u0131n sahibi oldu. Final kar\u015f\u0131la\u015fmas\u0131n\u0131n ard\u0131ndan yap\u0131lan t\u00f6rende Milli Tak\u0131m\u0131m\u0131zdan 2 oyuncu r\u00fcya tak\u0131m\u0131 se\u00e7ildi.\u2026","rel":"","context":"&quot;Milli Tak\u0131m&quot; i\u00e7inde","block_context":{"text":"Milli Tak\u0131m","link":"https:\/\/sarimelekler.biz\/?cat=19"},"img":{"alt_text":"","src":"https:\/\/i0.wp.com\/sarimelekler.biz\/wp-content\/uploads\/2022\/09\/U21-En-Iyiler.jpeg?resize=350%2C200&ssl=1","width":350,"height":200,"srcset":"https:\/\/i0.wp.com\/sarimelekler.biz\/wp-content\/uploads\/2022\/09\/U21-En-Iyiler.jpeg?resize=350%2C200&ssl=1 1x, https:\/\/i0.wp.com\/sarimelekler.biz\/wp-content\/uploads\/2022\/09\/U21-En-Iyiler.jpeg?resize=525%2C300&ssl=1 1.5x, https:\/\/i0.wp.com\/sarimelekler.biz\/wp-content\/uploads\/2022\/09\/U21-En-Iyiler.jpeg?resize=700%2C400&ssl=1 2x, https:\/\/i0.wp.com\/sarimelekler.biz\/wp-content\/uploads\/2022\/09\/U21-En-Iyiler.jpeg?resize=1050%2C600&ssl=1 3x, https:\/\/i0.wp.com\/sarimelekler.biz\/wp-content\/uploads\/2022\/09\/U21-En-Iyiler.jpeg?resize=1400%2C800&ssl=1 4x"},"classes":[]},{"id":15747,"url":"https:\/\/sarimelekler.biz\/?p=15747","url_meta":{"origin":22648,"position":2},"title":"4 Gen\u00e7 Oyuncumuz, Geli\u015fimlerinin Devam Edebilmesi \u0130\u00e7in Kiraland\u0131","author":"Edit\u00f6r","date":"28 Nisan 2021","format":false,"excerpt":"Kul\u00fcb\u00fcm\u00fcz, Fenerbah\u00e7e Opet Kad\u0131n Voleybol tak\u0131m\u0131m\u0131z\u0131n gen\u00e7 oyuncular\u0131 Lila \u015eeng\u00fcn ve \u00a0G\u00fclce G\u00fc\u00e7tekin\u2019in 2021-2022 sezonu i\u00e7in Sar\u0131yer Belediyesi Spor Kul\u00fcb\u00fc\u2019ne, Hilal Kocakara ve Sude Naz Uzun\u2019un ise 2021-2022 ve 2022-2023 sezonlar\u0131 i\u00e7in Nil\u00fcfer Belediyespor\u2019a kiraland\u0131klar\u0131n\u0131 resmi sitesinden yapt\u0131\u011f\u0131 a\u00e7\u0131klamayla duyurdu. Uzun senelerdir tak\u0131m\u0131m\u0131z\u0131n alt yap\u0131s\u0131nda e\u011fitim alan ve as tak\u0131m\u0131m\u0131za\u2026","rel":"","context":"&quot;Transfer Haberleri&quot; i\u00e7inde","block_context":{"text":"Transfer Haberleri","link":"https:\/\/sarimelekler.biz\/?cat=23"},"img":{"alt_text":"","src":"https:\/\/i0.wp.com\/sarimelekler.biz\/wp-content\/uploads\/2021\/04\/Ge%C3%A7ler.jpg?resize=350%2C200&ssl=1","width":350,"height":200,"srcset":"https:\/\/i0.wp.com\/sarimelekler.biz\/wp-content\/uploads\/2021\/04\/Ge%C3%A7ler.jpg?resize=350%2C200&ssl=1 1x, https:\/\/i0.wp.com\/sarimelekler.biz\/wp-content\/uploads\/2021\/04\/Ge%C3%A7ler.jpg?resize=525%2C300&ssl=1 1.5x, https:\/\/i0.wp.com\/sarimelekler.biz\/wp-content\/uploads\/2021\/04\/Ge%C3%A7ler.jpg?resize=700%2C400&ssl=1 2x"},"classes":[]},{"id":13525,"url":"https:\/\/sarimelekler.biz\/?p=13525","url_meta":{"origin":22648,"position":3},"title":"Sar\u0131 Melekler&#8217;e Yeni Transferler.","author":"Edit\u00f6r","date":"9 Haziran 2020","format":false,"excerpt":"Kul\u00fcb\u00fcm\u00fcz, Fenerbah\u00e7e Opet Kad\u0131n Voleybol tak\u0131m\u0131m\u0131z\u0131n 2020 \u2013 2021 sezonu kadro planlamas\u0131 do\u011frultusunda Sma\u00e7\u00f6r pozisyonunda oynayan Bianka Bu\u0161a ve Cansu \u00c7etin transfer etti\u011fini duyururken alt yap\u0131m\u0131zda bulunan libero G\u00fclce G\u00fc\u00e7tekin ile Pas\u00f6rler Lila \u015eeng\u00fcn ve Hilal Kocakara\u2019n\u0131n ise A Tak\u0131ma y\u00fckseltildi\u011fini a\u00e7\u0131klad\u0131. Kul\u00fcb\u00fcm\u00fczden yap\u0131lan a\u00e7\u0131klama: Sezon yap\u0131lanmas\u0131 kapsam\u0131nda \u00e7al\u0131\u015fmalar\u0131n\u0131 tamamlayan\u2026","rel":"","context":"&quot;Transfer Haberleri&quot; i\u00e7inde","block_context":{"text":"Transfer Haberleri","link":"https:\/\/sarimelekler.biz\/?cat=23"},"img":{"alt_text":"","src":"https:\/\/i0.wp.com\/sarimelekler.biz\/wp-content\/uploads\/2020\/06\/Kapak-logo.jpg?resize=350%2C200&ssl=1","width":350,"height":200,"srcset":"https:\/\/i0.wp.com\/sarimelekler.biz\/wp-content\/uploads\/2020\/06\/Kapak-logo.jpg?resize=350%2C200&ssl=1 1x, https:\/\/i0.wp.com\/sarimelekler.biz\/wp-content\/uploads\/2020\/06\/Kapak-logo.jpg?resize=525%2C300&ssl=1 1.5x, https:\/\/i0.wp.com\/sarimelekler.biz\/wp-content\/uploads\/2020\/06\/Kapak-logo.jpg?resize=700%2C400&ssl=1 2x, https:\/\/i0.wp.com\/sarimelekler.biz\/wp-content\/uploads\/2020\/06\/Kapak-logo.jpg?resize=1050%2C600&ssl=1 3x"},"classes":[]},{"id":11445,"url":"https:\/\/sarimelekler.biz\/?p=11445","url_meta":{"origin":22648,"position":4},"title":"U17 Gen\u00e7 K\u0131z Milli Tak\u0131m\u0131m\u0131z Nama\u011flup Balkan \u015eampiyonu","author":"Edit\u00f6r","date":"25 A\u011fustos 2019","format":false,"excerpt":"Bosna Hersek\u2019in ev sahipli\u011finde Lukavac kentinde d\u00fczenlenen U17 Gen\u00e7 K\u0131zlar Balkan \u015eampiyonas\u0131\u2019nda m\u00fccadele eden kadrosunda altyap\u0131 sporcular\u0131m\u0131zdan Hilal Kocakara, G\u00fclce G\u00fc\u00e7tekin ve \u0130par \u00d6zay Kurt\u2019un yer ald\u0131\u011f\u0131 17 Ya\u015f Alt\u0131 K\u0131z Milli Tak\u0131m\u0131m\u0131z, Finalde Romanya\u2019y\u0131 yenerek nama\u011flup Balkan \u015eampiyonu oldu. Fenerbah\u00e7e Y\u0131ld\u0131z K\u0131z Voleybol Tak\u0131m\u0131m\u0131z\u0131n antren\u00f6r\u00fc Emre Nur\u2019un da, U17\u2026","rel":"","context":"&quot;Milli Tak\u0131m&quot; i\u00e7inde","block_context":{"text":"Milli Tak\u0131m","link":"https:\/\/sarimelekler.biz\/?cat=19"},"img":{"alt_text":"","src":"https:\/\/i0.wp.com\/sarimelekler.biz\/wp-content\/uploads\/2019\/08\/U17-Milli-Tak%C4%B1m-2.jpg?resize=350%2C200&ssl=1","width":350,"height":200,"srcset":"https:\/\/i0.wp.com\/sarimelekler.biz\/wp-content\/uploads\/2019\/08\/U17-Milli-Tak%C4%B1m-2.jpg?resize=350%2C200&ssl=1 1x, https:\/\/i0.wp.com\/sarimelekler.biz\/wp-content\/uploads\/2019\/08\/U17-Milli-Tak%C4%B1m-2.jpg?resize=525%2C300&ssl=1 1.5x, https:\/\/i0.wp.com\/sarimelekler.biz\/wp-content\/uploads\/2019\/08\/U17-Milli-Tak%C4%B1m-2.jpg?resize=700%2C400&ssl=1 2x, https:\/\/i0.wp.com\/sarimelekler.biz\/wp-content\/uploads\/2019\/08\/U17-Milli-Tak%C4%B1m-2.jpg?resize=1050%2C600&ssl=1 3x"},"classes":[]},{"id":11451,"url":"https:\/\/sarimelekler.biz\/?p=11451","url_meta":{"origin":22648,"position":5},"title":"Gen\u00e7 Oyuncumuz G\u00fclce G\u00fc\u00e7tekin, &#8216;En \u0130yi Libero&#8217; \u00f6d\u00fcl\u00fcn\u00fc Ald\u0131.","author":"Edit\u00f6r","date":"25 A\u011fustos 2019","format":false,"excerpt":"Balkan \u015eampiyonu olan U17 Gen\u00e7 K\u0131z Milli Tak\u0131m kadrosunda bulunan oyuncumuz G\u00fclce G\u00fc\u00e7tekin turnuvada en iyi libero \u00f6d\u00fcl\u00fcn\u00fc ald\u0131. G\u00fclce 2002 do\u011fumlu ve 2012 y\u0131l\u0131ndan itibaren altyap\u0131 tak\u0131mlar\u0131m\u0131zda forma giyiyor. G\u00fclce ayr\u0131ca uluslararas\u0131 turnuvalarda Milli tak\u0131m\u0131m\u0131z kadrosunda bu \u00f6d\u00fcl\u00fc ikinci kez ald\u0131. Oyuncumuzu kutlar Ba\u015far\u0131lar\u0131n\u0131n devam\u0131n\u0131 dileriz. 17 Ya\u015f Alt\u0131\u2026","rel":"","context":"&quot;Milli Tak\u0131m&quot; i\u00e7inde","block_context":{"text":"Milli Tak\u0131m","link":"https:\/\/sarimelekler.biz\/?cat=19"},"img":{"alt_text":"","src":"https:\/\/i0.wp.com\/sarimelekler.biz\/wp-content\/uploads\/2019\/08\/G%C3%BClce-G%C3%BC%C3%A7tekin-Bireysel-%C3%96d%C3%BCl.jpg?resize=350%2C200&ssl=1","width":350,"height":200,"srcset":"https:\/\/i0.wp.com\/sarimelekler.biz\/wp-content\/uploads\/2019\/08\/G%C3%BClce-G%C3%BC%C3%A7tekin-Bireysel-%C3%96d%C3%BCl.jpg?resize=350%2C200&ssl=1 1x, https:\/\/i0.wp.com\/sarimelekler.biz\/wp-content\/uploads\/2019\/08\/G%C3%BClce-G%C3%BC%C3%A7tekin-Bireysel-%C3%96d%C3%BCl.jpg?resize=525%2C300&ssl=1 1.5x, https:\/\/i0.wp.com\/sarimelekler.biz\/wp-content\/uploads\/2019\/08\/G%C3%BClce-G%C3%BC%C3%A7tekin-Bireysel-%C3%96d%C3%BCl.jpg?resize=700%2C400&ssl=1 2x"},"classes":[]}],"_links":{"self":[{"href":"https:\/\/sarimelekler.biz\/index.php?rest_route=\/wp\/v2\/posts\/22648","targetHints":{"allow":["GET"]}}],"collection":[{"href":"https:\/\/sarimelekler.biz\/index.php?rest_route=\/wp\/v2\/posts"}],"about":[{"href":"https:\/\/sarimelekler.biz\/index.php?rest_route=\/wp\/v2\/types\/post"}],"author":[{"embeddable":true,"href":"https:\/\/sarimelekler.biz\/index.php?rest_route=\/wp\/v2\/users\/1"}],"replies":[{"embeddable":true,"href":"https:\/\/sarimelekler.biz\/index.php?rest_route=%2Fwp%2Fv2%2Fcomments&post=22648"}],"version-history":[{"count":2,"href":"https:\/\/sarimelekler.biz\/index.php?rest_route=\/wp\/v2\/posts\/22648\/revisions"}],"predecessor-version":[{"id":22655,"href":"https:\/\/sarimelekler.biz\/index.php?rest_route=\/wp\/v2\/posts\/22648\/revisions\/22655"}],"wp:featuredmedia":[{"embeddable":true,"href":"https:\/\/sarimelekler.biz\/index.php?rest_route=\/wp\/v2\/media\/22649"}],"wp:attachment":[{"href":"https:\/\/sarimelekler.biz\/index.php?rest_route=%2Fwp%2Fv2%2Fmedia&parent=22648"}],"wp:term":[{"taxonomy":"category","embeddable":true,"href":"https:\/\/sarimelekler.biz\/index.php?rest_route=%2Fwp%2Fv2%2Fcategories&post=22648"},{"taxonomy":"post_tag","embeddable":true,"href":"https:\/\/sarimelekler.biz\/index.php?rest_route=%2Fwp%2Fv2%2Ftags&post=22648"}],"curies":[{"name":"wp","href":"https:\/\/api.w.org\/{rel}","templated":true}]}}