{"id":2922,"date":"2017-02-18T23:08:18","date_gmt":"2017-02-18T21:08:18","guid":{"rendered":"http:\/\/sarimelekler.biz\/?p=2922"},"modified":"2017-02-18T23:10:35","modified_gmt":"2017-02-18T21:10:35","slug":"2922","status":"publish","type":"post","link":"https:\/\/sarimelekler.biz\/?p=2922","title":{"rendered":"\u015eampiyonlar Ligi Finalinin Yeri Belli Oldu"},"content":{"rendered":"<p style=\"text-align: justify;\"><a href=\"https:\/\/twitter.com\/CEVolleyballCL\/status\/832183352971112448\" target=\"_blank\">CEV <\/a>Bayanlar \u015eampiyonlar Ligi D\u00f6rtl\u00fc Finallerine \u0130talya&#8217;n\u0131n \u0130moco Volley tak\u0131m\u0131 ev sahipli\u011fi yapacak. \u0130moco Volley tak\u0131m\u0131 A grubunda 4 ma\u00e7ta toplad\u0131\u011f\u0131 7 puanla ikinci durumda bulunuyor. D\u00f6rtl\u00fc Finaller 22 &#8211; 23 Nisan 2017 tarihlerinde yap\u0131lacak. Fenerbah\u00e7e Bayan Voleybol tak\u0131m\u0131m\u0131z ise C grubunda oynad\u0131\u011f\u0131 4 ma\u00e7ta ald\u0131\u011f\u0131 4 galibiyetle 12 puanla lider konumda bulunuyor.<br \/>\n<span class=\"_5afx\"><span class=\"_58cl _5afz\">#<\/span><span class=\"_58cm\">YolunSonu\u015eampiyonlukOlsun<\/span><\/span><\/p>\n","protected":false},"excerpt":{"rendered":"<p>CEV Bayanlar \u015eampiyonlar Ligi D\u00f6rtl\u00fc Finallerine \u0130talya&#8217;n\u0131n \u0130moco Volley tak\u0131m\u0131 \u2026 <a class=\"continue-reading-link\" href=\"https:\/\/sarimelekler.biz\/?p=2922\">Okumaya Devam Et.. <span class=\"meta-nav\">&rarr; <\/span><\/a><\/p>\n","protected":false},"author":1,"featured_media":2923,"comment_status":"closed","ping_status":"open","sticky":false,"template":"","format":"standard","meta":{"jetpack_post_was_ever_published":false,"_jetpack_newsletter_access":"","_jetpack_dont_email_post_to_subs":true,"_jetpack_newsletter_tier_id":0,"_jetpack_memberships_contains_paywalled_content":false,"_jetpack_memberships_contains_paid_content":false,"footnotes":"","jetpack_publicize_message":"","jetpack_publicize_feature_enabled":true,"jetpack_social_post_already_shared":true,"jetpack_social_options":{"image_generator_settings":{"template":"highway","default_image_id":0,"font":"","enabled":false},"version":2}},"categories":[1],"tags":[],"class_list":["post-2922","post","type-post","status-publish","format-standard","has-post-thumbnail","hentry","category-avp"],"jetpack_publicize_connections":[],"jetpack_featured_media_url":"https:\/\/sarimelekler.biz\/wp-content\/uploads\/2017\/02\/C4x9j8fWAAAipcj.jpg-large.jpg","jetpack_sharing_enabled":true,"jetpack_shortlink":"https:\/\/wp.me\/s8npUZ-2922","jetpack-related-posts":[{"id":3285,"url":"https:\/\/sarimelekler.biz\/?p=3285","url_meta":{"origin":2922,"position":0},"title":"\u015eampiyonlar Ligi 6&#8217;l\u0131 Playoff Turunda Rakibimiz Eczac\u0131ba\u015f\u0131 Vitra","author":"Edit\u00f6r","date":"3 Mart 2017","format":false,"excerpt":"#Sar\u0131Melekler \u015eampiyonlar Ligi 6'l\u0131 Playoff turunda Eczac\u0131ba\u015f\u0131 Vitra ile e\u015fle\u015fti. Fenerbah\u00e7e Bayan Voleybol tak\u0131m\u0131m\u0131z Grubunda oynad\u0131\u011f\u0131 6 ma\u00e7\u0131 da kazanarak grup lideri olarak 6'l\u0131 play off turuna y\u00fckselirken rakip \u00a0Eczac\u0131ba\u015f\u0131 Vitra\u00a0ise grubunda oynad\u0131\u011f\u0131 \u00a06 ma\u00e7\u0131n 4'n\u00fc kazanarak en iyi iki grup ikincisinden biri olarak 6'l\u0131 play off turuna y\u00fckseldi. Ma\u00e7lar\u2026","rel":"","context":"&quot;Avrupa Kupalar\u0131&quot; i\u00e7inde","block_context":{"text":"Avrupa Kupalar\u0131","link":"https:\/\/sarimelekler.biz\/?cat=1"},"img":{"alt_text":"","src":"https:\/\/i0.wp.com\/sarimelekler.biz\/wp-content\/uploads\/2017\/03\/17022048_10154424364041903_365293319641349759_n.jpg?resize=350%2C200&ssl=1","width":350,"height":200},"classes":[]},{"id":10259,"url":"https:\/\/sarimelekler.biz\/?p=10259","url_meta":{"origin":2922,"position":1},"title":"Sar\u0131 Meleklerin \u00e7eyrek finaldeki rakibi \u0130talyan ekibi Savino Del Bene Scandicci tak\u0131m\u0131 oldu.","author":"Edit\u00f6r","date":"1 Mart 2019","format":false,"excerpt":"CEV \u015eampiyonlar Ligi\u2019nde \u00e7eyrek final e\u015fle\u015fmelerinin kura \u00e7ekimi bug\u00fcn saat:15:00\u2019da \u00a0L\u00fcksemburg\u2019ta yap\u0131ld\u0131. Avrupa Voleybol Konfederasyonu (CEV)\u2019nun genel merkezinde ger\u00e7ekle\u015ftirilen kura \u00e7ekiminin ard\u0131ndan Fenerbah\u00e7e Opet Kad\u0131n Voleybol Tak\u0131m\u0131m\u0131z\u0131n \u00e7eyrek final turundaki rakibi \u0130talyan ekibi Savino Del Bene Scandicci oldu. 2019 CEV \u015eampiyonlar Ligi\u2019nde \u00e7eyrek final ilk kar\u015f\u0131la\u015fmalar\u0131 12-14 Mart\u2019ta, r\u00f6van\u015f kar\u015f\u0131la\u015fmalar\u0131\u2026","rel":"","context":"&quot;Avrupa Kupalar\u0131&quot; i\u00e7inde","block_context":{"text":"Avrupa Kupalar\u0131","link":"https:\/\/sarimelekler.biz\/?cat=1"},"img":{"alt_text":"","src":"https:\/\/i0.wp.com\/sarimelekler.biz\/wp-content\/uploads\/2019\/03\/%C3%87eyrek-Final2.jpg?resize=350%2C200&ssl=1","width":350,"height":200,"srcset":"https:\/\/i0.wp.com\/sarimelekler.biz\/wp-content\/uploads\/2019\/03\/%C3%87eyrek-Final2.jpg?resize=350%2C200&ssl=1 1x, https:\/\/i0.wp.com\/sarimelekler.biz\/wp-content\/uploads\/2019\/03\/%C3%87eyrek-Final2.jpg?resize=525%2C300&ssl=1 1.5x, https:\/\/i0.wp.com\/sarimelekler.biz\/wp-content\/uploads\/2019\/03\/%C3%87eyrek-Final2.jpg?resize=700%2C400&ssl=1 2x, https:\/\/i0.wp.com\/sarimelekler.biz\/wp-content\/uploads\/2019\/03\/%C3%87eyrek-Final2.jpg?resize=1050%2C600&ssl=1 3x"},"classes":[]},{"id":17327,"url":"https:\/\/sarimelekler.biz\/?p=17327","url_meta":{"origin":2922,"position":2},"title":"Sar\u0131 Meleklerin \u015eampiyonlar Ligi \u00c7eyrek Finaldeki Rakibi Rusya Temsilcisi Lokomotiv Kaliningrad Region Oldu","author":"Edit\u00f6r","date":"18 \u015eubat 2022","format":false,"excerpt":"Avrupa Voleybol Konfederasyonu (CEV)\u2019nun kul\u00fcpler d\u00fczeyindeki en prestijli organizasyonu \u015eampiyonlar Ligi\u2019nde m\u00fccadele eden Fenerbah\u00e7e Opet Kad\u0131n Voleybol Tak\u0131m\u0131m\u0131z\u0131n CEV Kad\u0131nlar \u015eampiyonlar Ligi \u00e7eyrek finaldeki rakibi belli oldu. L\u00fcksemburg\u2019ta bulunan CEV Genel Merkezi\u2019nde d\u00fczenlenen kura \u00e7ekimi sonunda rakibimiz A grubunu 4 galibiyet, 2 ma\u011flubiyetle ikinci s\u0131rada tamamlayan Rusya temsilcisi Lokomotiv Kaliningrad\u2026","rel":"","context":"&quot;Avrupa Kupalar\u0131&quot; i\u00e7inde","block_context":{"text":"Avrupa Kupalar\u0131","link":"https:\/\/sarimelekler.biz\/?cat=1"},"img":{"alt_text":"","src":"https:\/\/i0.wp.com\/sarimelekler.biz\/wp-content\/uploads\/2022\/02\/cev-2022-logo.jpg?resize=350%2C200&ssl=1","width":350,"height":200,"srcset":"https:\/\/i0.wp.com\/sarimelekler.biz\/wp-content\/uploads\/2022\/02\/cev-2022-logo.jpg?resize=350%2C200&ssl=1 1x, https:\/\/i0.wp.com\/sarimelekler.biz\/wp-content\/uploads\/2022\/02\/cev-2022-logo.jpg?resize=525%2C300&ssl=1 1.5x, https:\/\/i0.wp.com\/sarimelekler.biz\/wp-content\/uploads\/2022\/02\/cev-2022-logo.jpg?resize=700%2C400&ssl=1 2x, https:\/\/i0.wp.com\/sarimelekler.biz\/wp-content\/uploads\/2022\/02\/cev-2022-logo.jpg?resize=1050%2C600&ssl=1 3x"},"classes":[]},{"id":17011,"url":"https:\/\/sarimelekler.biz\/?p=17011","url_meta":{"origin":2922,"position":3},"title":"Sar\u0131 Melekler Bronz Madalyalar\u0131n\u0131 Ald\u0131","author":"Edit\u00f6r","date":"19 Aral\u0131k 2021","format":false,"excerpt":"Uluslararas\u0131 Voleybol Federasyonu (FIVB) taraf\u0131ndan 1991 y\u0131l\u0131ndan bu yana organize edilen D\u00fcnya Kul\u00fcpler \u015eampiyonas\u0131 bu sene 15-19 Aral\u0131k 2021 tarihleri aras\u0131nda \u00fclkemizin ev sahipli\u011finde Ankara\u2019da d\u00fczenlendi. Turnuvaya \u00fclkemizden Fenerbah\u00e7e Opet Kad\u0131n Voleybol tak\u0131m\u0131m\u0131z ile Vak\u0131fbank, Brezilya\u2019dan Dentil Praia Clube ve Minas Tenis Clube, \u0130talya\u2019dan Carraro Imoco Conegliano ve\u00a0 Kazakistan\u2019dan Altay\u2026","rel":"","context":"&quot;Avrupa Kupalar\u0131&quot; i\u00e7inde","block_context":{"text":"Avrupa Kupalar\u0131","link":"https:\/\/sarimelekler.biz\/?cat=1"},"img":{"alt_text":"","src":"https:\/\/i0.wp.com\/sarimelekler.biz\/wp-content\/uploads\/2021\/12\/Toren-21-22-DK-3.jpg?resize=350%2C200&ssl=1","width":350,"height":200,"srcset":"https:\/\/i0.wp.com\/sarimelekler.biz\/wp-content\/uploads\/2021\/12\/Toren-21-22-DK-3.jpg?resize=350%2C200&ssl=1 1x, https:\/\/i0.wp.com\/sarimelekler.biz\/wp-content\/uploads\/2021\/12\/Toren-21-22-DK-3.jpg?resize=525%2C300&ssl=1 1.5x, https:\/\/i0.wp.com\/sarimelekler.biz\/wp-content\/uploads\/2021\/12\/Toren-21-22-DK-3.jpg?resize=700%2C400&ssl=1 2x, https:\/\/i0.wp.com\/sarimelekler.biz\/wp-content\/uploads\/2021\/12\/Toren-21-22-DK-3.jpg?resize=1050%2C600&ssl=1 3x, https:\/\/i0.wp.com\/sarimelekler.biz\/wp-content\/uploads\/2021\/12\/Toren-21-22-DK-3.jpg?resize=1400%2C800&ssl=1 4x"},"classes":[]},{"id":14258,"url":"https:\/\/sarimelekler.biz\/?p=14258","url_meta":{"origin":2922,"position":4},"title":"\u015eampiyonlar Ligi\u2019nde Format De\u011fi\u015fti","author":"Edit\u00f6r","date":"1 Kas\u0131m 2020","format":false,"excerpt":"Avrupa Voleybol Konfederasyonu (CEV), t\u00fcm D\u00fcnyay\u0131 etkisi alt\u0131na alan Koronavir\u00fcs (COVID-19) salg\u0131n\u0131 ve artan vaka say\u0131lar\u0131 kar\u015f\u0131s\u0131nda CEV \u015eampiyonlar Ligi\u2019nde oynanmas\u0131 planlanan, Kad\u0131n ve Erkek tak\u0131mlar\u0131m\u0131z\u0131n yer ald\u0131\u011f\u0131 4. tur grup ma\u00e7lar\u0131nda format de\u011fi\u015fikli\u011fine gidildi\u011fini a\u00e7\u0131klad\u0131. CEV taraf\u0131ndan yap\u0131lan a\u00e7\u0131klamaya g\u00f6re 2021 CEV Kad\u0131nlar ve Erkekler \u015eampiyonlar Ligi\u2019nde m\u00fccadelede edecek\u2026","rel":"","context":"&quot;Avrupa Kupalar\u0131&quot; i\u00e7inde","block_context":{"text":"Avrupa Kupalar\u0131","link":"https:\/\/sarimelekler.biz\/?cat=1"},"img":{"alt_text":"","src":"https:\/\/i0.wp.com\/sarimelekler.biz\/wp-content\/uploads\/2020\/11\/Cev-CL-Logo.jpg?resize=350%2C200&ssl=1","width":350,"height":200,"srcset":"https:\/\/i0.wp.com\/sarimelekler.biz\/wp-content\/uploads\/2020\/11\/Cev-CL-Logo.jpg?resize=350%2C200&ssl=1 1x, https:\/\/i0.wp.com\/sarimelekler.biz\/wp-content\/uploads\/2020\/11\/Cev-CL-Logo.jpg?resize=525%2C300&ssl=1 1.5x, https:\/\/i0.wp.com\/sarimelekler.biz\/wp-content\/uploads\/2020\/11\/Cev-CL-Logo.jpg?resize=700%2C400&ssl=1 2x, https:\/\/i0.wp.com\/sarimelekler.biz\/wp-content\/uploads\/2020\/11\/Cev-CL-Logo.jpg?resize=1050%2C600&ssl=1 3x"},"classes":[]},{"id":15174,"url":"https:\/\/sarimelekler.biz\/?p=15174","url_meta":{"origin":2922,"position":5},"title":"Imoco Conegliano:3  \u2013  Fenerbah\u00e7e Opet:1","author":"Edit\u00f6r","date":"29 Ocak 2021","format":false,"excerpt":"Fenerbah\u00e7e Opet Kad\u0131n Voleybol Tak\u0131m\u0131m\u0131z \u00dclkemiz saatiyle \u00c7ar\u015famba 22:30\u2019da ba\u015flayan ve Per\u015fembe g\u00fcn\u00fcn\u00fcn ilk saatlerinde biten CEV Kad\u0131nlar \u015eampiyonlar Ligi B Grubu alt\u0131nc\u0131 ma\u00e7\u0131nda kar\u015f\u0131la\u015ft\u0131\u011f\u0131 \u0130talya temsilcisi Imoco Conegliano tak\u0131m\u0131na 25-19, 22-25, 25-21 ve 25-17\u2019lik set skorlar\u0131yla 3-1 ma\u011flup oldu. Covid-19 tedbirleri kapsam\u0131nda Fransa temsilcisi Nantes tak\u0131m\u0131n\u0131n ev sahipli\u011finde oynanan\u2026","rel":"","context":"&quot;Avrupa Kupalar\u0131&quot; i\u00e7inde","block_context":{"text":"Avrupa Kupalar\u0131","link":"https:\/\/sarimelekler.biz\/?cat=1"},"img":{"alt_text":"","src":"https:\/\/i0.wp.com\/sarimelekler.biz\/wp-content\/uploads\/2021\/01\/6-20-21-CL-20-scaled.jpg?resize=350%2C200&ssl=1","width":350,"height":200,"srcset":"https:\/\/i0.wp.com\/sarimelekler.biz\/wp-content\/uploads\/2021\/01\/6-20-21-CL-20-scaled.jpg?resize=350%2C200&ssl=1 1x, https:\/\/i0.wp.com\/sarimelekler.biz\/wp-content\/uploads\/2021\/01\/6-20-21-CL-20-scaled.jpg?resize=525%2C300&ssl=1 1.5x, https:\/\/i0.wp.com\/sarimelekler.biz\/wp-content\/uploads\/2021\/01\/6-20-21-CL-20-scaled.jpg?resize=700%2C400&ssl=1 2x, https:\/\/i0.wp.com\/sarimelekler.biz\/wp-content\/uploads\/2021\/01\/6-20-21-CL-20-scaled.jpg?resize=1050%2C600&ssl=1 3x, https:\/\/i0.wp.com\/sarimelekler.biz\/wp-content\/uploads\/2021\/01\/6-20-21-CL-20-scaled.jpg?resize=1400%2C800&ssl=1 4x"},"classes":[]}],"_links":{"self":[{"href":"https:\/\/sarimelekler.biz\/index.php?rest_route=\/wp\/v2\/posts\/2922","targetHints":{"allow":["GET"]}}],"collection":[{"href":"https:\/\/sarimelekler.biz\/index.php?rest_route=\/wp\/v2\/posts"}],"about":[{"href":"https:\/\/sarimelekler.biz\/index.php?rest_route=\/wp\/v2\/types\/post"}],"author":[{"embeddable":true,"href":"https:\/\/sarimelekler.biz\/index.php?rest_route=\/wp\/v2\/users\/1"}],"replies":[{"embeddable":true,"href":"https:\/\/sarimelekler.biz\/index.php?rest_route=%2Fwp%2Fv2%2Fcomments&post=2922"}],"version-history":[{"count":2,"href":"https:\/\/sarimelekler.biz\/index.php?rest_route=\/wp\/v2\/posts\/2922\/revisions"}],"predecessor-version":[{"id":2925,"href":"https:\/\/sarimelekler.biz\/index.php?rest_route=\/wp\/v2\/posts\/2922\/revisions\/2925"}],"wp:featuredmedia":[{"embeddable":true,"href":"https:\/\/sarimelekler.biz\/index.php?rest_route=\/wp\/v2\/media\/2923"}],"wp:attachment":[{"href":"https:\/\/sarimelekler.biz\/index.php?rest_route=%2Fwp%2Fv2%2Fmedia&parent=2922"}],"wp:term":[{"taxonomy":"category","embeddable":true,"href":"https:\/\/sarimelekler.biz\/index.php?rest_route=%2Fwp%2Fv2%2Fcategories&post=2922"},{"taxonomy":"post_tag","embeddable":true,"href":"https:\/\/sarimelekler.biz\/index.php?rest_route=%2Fwp%2Fv2%2Ftags&post=2922"}],"curies":[{"name":"wp","href":"https:\/\/api.w.org\/{rel}","templated":true}]}}