{"id":3223,"date":"2017-02-27T21:17:38","date_gmt":"2017-02-27T19:17:38","guid":{"rendered":"http:\/\/sarimelekler.biz\/?p=3223"},"modified":"2017-02-27T21:21:55","modified_gmt":"2017-02-27T19:21:55","slug":"meliha-ismailoglu-herkesi-maca-bekliyoruz","status":"publish","type":"post","link":"https:\/\/sarimelekler.biz\/?p=3223","title":{"rendered":"Meliha \u0130smailo\u011flu: \u201cHerkesi ma\u00e7a bekliyoruz\u201d"},"content":{"rendered":"<div style=\"text-align: justify;\">\n<p>&nbsp;<\/p>\n\n\t\t<style type=\"text\/css\">\n\t\t\t#gallery-1 {\n\t\t\t\tmargin: auto;\n\t\t\t}\n\t\t\t#gallery-1 .gallery-item {\n\t\t\t\tfloat: left;\n\t\t\t\tmargin-top: 10px;\n\t\t\t\ttext-align: center;\n\t\t\t\twidth: 100%;\n\t\t\t}\n\t\t\t#gallery-1 img {\n\t\t\t\tborder: 2px solid #cfcfcf;\n\t\t\t}\n\t\t\t#gallery-1 .gallery-caption {\n\t\t\t\tmargin-left: 0;\n\t\t\t}\n\t\t\t\/* see gallery_shortcode() in wp-includes\/media.php *\/\n\t\t<\/style>\n\t\t<div data-carousel-extra='{&quot;blog_id&quot;:1,&quot;permalink&quot;:&quot;https:\/\/sarimelekler.biz\/?p=3223&quot;}' id='gallery-1' class='gallery galleryid-3223 gallery-columns-1 gallery-size-large'><dl class='gallery-item'>\n\t\t\t<dt class='gallery-icon landscape'>\n\t\t\t\t<a href='https:\/\/sarimelekler.biz\/?attachment_id=3227'><img loading=\"lazy\" decoding=\"async\" width=\"860\" height=\"605\" src=\"https:\/\/sarimelekler.biz\/wp-content\/uploads\/2017\/02\/melibasin1_54651_4546712-1024x720.jpg\" class=\"attachment-large size-large\" alt=\"\" srcset=\"https:\/\/sarimelekler.biz\/wp-content\/uploads\/2017\/02\/melibasin1_54651_4546712-1024x720.jpg 1024w, https:\/\/sarimelekler.biz\/wp-content\/uploads\/2017\/02\/melibasin1_54651_4546712-300x211.jpg 300w, https:\/\/sarimelekler.biz\/wp-content\/uploads\/2017\/02\/melibasin1_54651_4546712-768x540.jpg 768w, https:\/\/sarimelekler.biz\/wp-content\/uploads\/2017\/02\/melibasin1_54651_4546712-213x150.jpg 213w, https:\/\/sarimelekler.biz\/wp-content\/uploads\/2017\/02\/melibasin1_54651_4546712-150x105.jpg 150w\" sizes=\"auto, (max-width: 860px) 100vw, 860px\" data-attachment-id=\"3227\" data-permalink=\"https:\/\/sarimelekler.biz\/?attachment_id=3227\" data-orig-file=\"https:\/\/sarimelekler.biz\/wp-content\/uploads\/2017\/02\/melibasin1_54651_4546712.jpg\" data-orig-size=\"2500,1758\" data-comments-opened=\"0\" data-image-meta=\"{&quot;aperture&quot;:&quot;3.2&quot;,&quot;credit&quot;:&quot;&quot;,&quot;camera&quot;:&quot;Canon EOS-1D Mark IV&quot;,&quot;caption&quot;:&quot;&quot;,&quot;created_timestamp&quot;:&quot;1487953623&quot;,&quot;copyright&quot;:&quot;&quot;,&quot;focal_length&quot;:&quot;70&quot;,&quot;iso&quot;:&quot;250&quot;,&quot;shutter_speed&quot;:&quot;0.0033333333333333&quot;,&quot;title&quot;:&quot;&quot;,&quot;orientation&quot;:&quot;1&quot;}\" data-image-title=\"Bahar Meliha\" data-image-description=\"\" data-image-caption=\"\" data-large-file=\"https:\/\/sarimelekler.biz\/wp-content\/uploads\/2017\/02\/melibasin1_54651_4546712-1024x720.jpg\" \/><\/a>\n\t\t\t<\/dt><\/dl><br style=\"clear: both\" \/>\n\t\t<\/div>\n\n<p>&nbsp;<\/p>\n<p>CEV \u015eampiyonlar Ligi C Grubu 6. ve son hafta ma\u00e7\u0131nda 28 \u015eubat Sal\u0131 g\u00fcn\u00fc (yar\u0131n) Burhan Felek Spor Salonu\u2019nda Fransa tak\u0131m\u0131 ST-Rapha\u00ebl Var VB ile kar\u015f\u0131la\u015facak olan Fenerbah\u00e7e Bayan\u00a0Voleybol Tak\u0131m\u0131m\u0131z da Meliha \u0130smailo\u011flu ve Bahar Toksoy Guidetti, Fenerbah\u00e7e Spor Kul\u00fcb\u00fc Resmi Sitesine a\u00e7\u0131klamalarda bulundu.<\/p>\n<p><strong>Meliha \u0130smailo\u011flu: \u201cHerkesi ma\u00e7a bekliyoruz\u201d<\/strong><\/p>\n<p>Grup ma\u00e7lar\u0131n\u0131 galibiyetle tamamlamak istediklerini dile getiren ba\u015far\u0131l\u0131 sma\u00e7\u00f6r Meliha \u0130smailo\u011flu, \u201cFransa\u2019da rakibimizi 3-0 yenmi\u015ftik. Burada da kazanarak, grubu nama\u011flup tamamlamay\u0131 hedefliyoruz. Grupta 5\u2019te 5 yaparak \u00e7ok iyi bir \u00e7\u0131k\u0131\u015f yapt\u0131k. \u00a0\u00d6zellikle son ma\u00e7ta (Azerrail Bak\u00fc) herkes oynama \u015fans\u0131 yakalad\u0131 ve tak\u0131ma katk\u0131 sa\u011flad\u0131. G\u00fczel bir oyun oldu. Moral de oldu. Taraftarlar\u0131m\u0131z\u0131n da deste\u011fiyle ma\u00e7 daha g\u00fczel ge\u00e7ecek. Herkesi ma\u00e7a bekliyoruz\u201d dedi.<\/p>\n<\/div>\n<div style=\"text-align: justify;\">\n<p><strong>Bahar Toksoy Guidetti: \u201cBizim oyunumuz ve bask\u0131m\u0131z \u00f6nemli\u201d<\/strong><br \/>\nOrta oyuncu Bahar Toksoy Guidetti de, \u201cEn son Bak\u00fc\u2019de oynad\u0131\u011f\u0131m\u0131z ma\u00e7ta sahaya koydu\u011fumuz oyun tak\u0131m\u0131m\u0131z\u0131n 14 oyuncudan oldu\u011funu bir kez daha g\u00f6sterdi. Tamamen farkl\u0131 bir kadroyla oynamam\u0131za ra\u011fmen Azerrail Bak\u00fc ma\u00e7\u0131n\u0131 rahat kazand\u0131k. \u00a0Yar\u0131n Fransa tak\u0131m\u0131yla ma\u00e7\u0131m\u0131z. Eminim ki bir sonraki tur i\u00e7in bizim y\u00f6n\u00fcm\u00fczden bu kar\u015f\u0131la\u015fma iyi bir haz\u0131rl\u0131k ma\u00e7\u0131 olacak. Onlar\u0131n oyunundan ziyade bizim oyunumuz ve bask\u0131m\u0131z \u00f6nemli. Bu ma\u00e7, evimizde oynayaca\u011f\u0131m\u0131z di\u011fer \u015eampiyonlar Ligi kar\u015f\u0131la\u015fmas\u0131 i\u00e7in g\u00fczel bir m\u00fccadele olacak\u201d diye konu\u015ftu.<\/p>\n<\/div>\n<div style=\"text-align: justify;\"><\/div>\n<div style=\"text-align: justify;\"><\/div>\n<div style=\"text-align: justify;\">Kaynak:<br \/>\n<a href=\"http:\/\/www.fenerbahce.org\/detay.asp?ContentID=54651\" target=\"_blank\">Fenerbah\u00e7e Spor Kul\u00fcb\u00fc Resmi \u0130nternet Sitesi<\/a><\/div>\n","protected":false},"excerpt":{"rendered":"<p>&nbsp; &nbsp; CEV \u015eampiyonlar Ligi C Grubu 6. ve son \u2026 <a class=\"continue-reading-link\" href=\"https:\/\/sarimelekler.biz\/?p=3223\">Okumaya Devam Et.. <span class=\"meta-nav\">&rarr; <\/span><\/a><\/p>\n","protected":false},"author":1,"featured_media":3224,"comment_status":"closed","ping_status":"open","sticky":false,"template":"","format":"standard","meta":{"jetpack_post_was_ever_published":false,"_jetpack_newsletter_access":"","_jetpack_dont_email_post_to_subs":true,"_jetpack_newsletter_tier_id":0,"_jetpack_memberships_contains_paywalled_content":false,"_jetpack_memberships_contains_paid_content":false,"footnotes":"","jetpack_publicize_message":"","jetpack_publicize_feature_enabled":true,"jetpack_social_post_already_shared":true,"jetpack_social_options":{"image_generator_settings":{"template":"highway","default_image_id":0,"font":"","enabled":false},"version":2}},"categories":[7],"tags":[],"class_list":["post-3223","post","type-post","status-publish","format-standard","has-post-thumbnail","hentry","category-haberler"],"jetpack_publicize_connections":[],"jetpack_featured_media_url":"https:\/\/sarimelekler.biz\/wp-content\/uploads\/2017\/02\/melibasin2_54651_4546861.jpg","jetpack_sharing_enabled":true,"jetpack_shortlink":"https:\/\/wp.me\/p8npUZ-PZ","jetpack-related-posts":[{"id":15813,"url":"https:\/\/sarimelekler.biz\/?p=15813","url_meta":{"origin":3223,"position":0},"title":"Evin K\u0131z\u0131, Evine Geri D\u00f6nd\u00fc: Ho\u015f Geldin Meliha \u0130smailo\u011flu","author":"Edit\u00f6r","date":"11 May\u0131s 2021","format":false,"excerpt":"Kul\u00fcb\u00fcm\u00fcz resmi sitesinden yapt\u0131\u011f\u0131 a\u00e7\u0131klamada 2014-2017 y\u0131llar\u0131 aras\u0131nda \u00e7ubuklu formam\u0131z\u0131 terleten, tak\u0131m\u0131m\u0131z\u0131n son kazand\u0131\u011f\u0131 \u015fampiyonlukta eme\u011fi bulunan 1993 do\u011fumlu sma\u00e7\u00f6r Meliha \u0130smailo\u011flu ile anla\u015fma sa\u011fland\u0131\u011f\u0131n\u0131 duyurdu. B\u00f6ylesine \u00f6nemli bir transferi ger\u00e7ekle\u015ftiren y\u00f6netimimize te\u015fekk\u00fcr ederiz. Oyuncumuza Ba\u015far\u0131lar Dileriz. Kul\u00fcb\u00fcm\u00fczden Yap\u0131lan A\u00e7\u0131klama: Fenerbah\u00e7e Opet Kad\u0131n Voleybol Tak\u0131m\u0131m\u0131z, yeni sezon yap\u0131lanmas\u0131 kapsam\u0131nda kadrosunu\u2026","rel":"","context":"&quot;Transfer Haberleri&quot; i\u00e7inde","block_context":{"text":"Transfer Haberleri","link":"https:\/\/sarimelekler.biz\/?cat=23"},"img":{"alt_text":"","src":"https:\/\/i0.wp.com\/sarimelekler.biz\/wp-content\/uploads\/2017\/02\/Meliha-%C4%B0smailo%C4%9Flu-1-1.jpeg?resize=350%2C200&ssl=1","width":350,"height":200,"srcset":"https:\/\/i0.wp.com\/sarimelekler.biz\/wp-content\/uploads\/2017\/02\/Meliha-%C4%B0smailo%C4%9Flu-1-1.jpeg?resize=350%2C200&ssl=1 1x, https:\/\/i0.wp.com\/sarimelekler.biz\/wp-content\/uploads\/2017\/02\/Meliha-%C4%B0smailo%C4%9Flu-1-1.jpeg?resize=525%2C300&ssl=1 1.5x, https:\/\/i0.wp.com\/sarimelekler.biz\/wp-content\/uploads\/2017\/02\/Meliha-%C4%B0smailo%C4%9Flu-1-1.jpeg?resize=700%2C400&ssl=1 2x"},"classes":[]},{"id":16048,"url":"https:\/\/sarimelekler.biz\/?p=16048","url_meta":{"origin":3223,"position":1},"title":"Eda Erdem D\u00fcndar, Naz Aydemir Akyol ve Meliha \u0130smailo\u011flu Sa\u011fl\u0131k Kontrol\u00fcnden Ge\u00e7ti","author":"Edit\u00f6r","date":"15 Eyl\u00fcl 2021","format":false,"excerpt":"Fenerbah\u00e7e Opet Kad\u0131n Voleybol Tak\u0131m\u0131m\u0131zda yeni sezon \u00f6ncesi rutin sa\u011fl\u0131k kontrolleri devam ediyor. Milli oyuncular\u0131m\u0131zdan kaptan Eda Erdem D\u00fcndar, Naz Aydemir Akyol ve Meliha \u0130smailo\u011flu bug\u00fcn Ac\u0131badem Dr. \u015einasi Can (Kad\u0131k\u00f6y) Hastanesi\u2019nde sa\u011fl\u0131k kontrol\u00fcnden ge\u00e7ti. Detayl\u0131 kan tetkikleri yap\u0131lan voleybolcular\u0131m\u0131z; ortopedi, i\u00e7 hastal\u0131klar\u0131, g\u00f6z, kulak burun bo\u011faz, genel cerrahi ve\u2026","rel":"","context":"&quot;T\u00fcrkiye Ligi&quot; i\u00e7inde","block_context":{"text":"T\u00fcrkiye Ligi","link":"https:\/\/sarimelekler.biz\/?cat=6"},"img":{"alt_text":"","src":"https:\/\/i0.wp.com\/sarimelekler.biz\/wp-content\/uploads\/2021\/09\/21-22-Sezon-Oncesi-39.jpg?resize=350%2C200&ssl=1","width":350,"height":200,"srcset":"https:\/\/i0.wp.com\/sarimelekler.biz\/wp-content\/uploads\/2021\/09\/21-22-Sezon-Oncesi-39.jpg?resize=350%2C200&ssl=1 1x, https:\/\/i0.wp.com\/sarimelekler.biz\/wp-content\/uploads\/2021\/09\/21-22-Sezon-Oncesi-39.jpg?resize=525%2C300&ssl=1 1.5x, https:\/\/i0.wp.com\/sarimelekler.biz\/wp-content\/uploads\/2021\/09\/21-22-Sezon-Oncesi-39.jpg?resize=700%2C400&ssl=1 2x, https:\/\/i0.wp.com\/sarimelekler.biz\/wp-content\/uploads\/2021\/09\/21-22-Sezon-Oncesi-39.jpg?resize=1050%2C600&ssl=1 3x, https:\/\/i0.wp.com\/sarimelekler.biz\/wp-content\/uploads\/2021\/09\/21-22-Sezon-Oncesi-39.jpg?resize=1400%2C800&ssl=1 4x"},"classes":[]},{"id":17183,"url":"https:\/\/sarimelekler.biz\/?p=17183","url_meta":{"origin":3223,"position":2},"title":"Fenerbah\u00e7e Opet:1 \u2013 Vak\u0131fbank:3","author":"Edit\u00f6r","date":"23 Ocak 2022","format":false,"excerpt":"Fenerbah\u00e7e Opet Kad\u0131n Voleybol Tak\u0131m\u0131m\u0131z misli.com Sultanlar Ligi 16. Hafta ma\u00e7\u0131nda konuk etti\u011fi Vak\u0131fbank tak\u0131m\u0131na 25-27, 25-23, 21-25 ve 10-25\u2019lik set skorlar\u0131yla 3-1 ma\u011flup oldu. \u00a0Ma\u00e7a Eda, Naz, Vargas, Fedorovtseva, Lazareva, Popovic ve libero Gizem kadrosuyla ba\u015flayan tak\u0131m\u0131m\u0131zda, Cansu, Meliha, Ana Cristina ve Buse\u2019de s\u00fcre ald\u0131. Tak\u0131m\u0131m\u0131z 1. Sette 24-19\u2026","rel":"","context":"&quot;T\u00fcrkiye Ligi&quot; i\u00e7inde","block_context":{"text":"T\u00fcrkiye Ligi","link":"https:\/\/sarimelekler.biz\/?cat=6"},"img":{"alt_text":"","src":"https:\/\/i0.wp.com\/sarimelekler.biz\/wp-content\/uploads\/2022\/01\/16-21-22-12.jpg?resize=350%2C200&ssl=1","width":350,"height":200,"srcset":"https:\/\/i0.wp.com\/sarimelekler.biz\/wp-content\/uploads\/2022\/01\/16-21-22-12.jpg?resize=350%2C200&ssl=1 1x, https:\/\/i0.wp.com\/sarimelekler.biz\/wp-content\/uploads\/2022\/01\/16-21-22-12.jpg?resize=525%2C300&ssl=1 1.5x, https:\/\/i0.wp.com\/sarimelekler.biz\/wp-content\/uploads\/2022\/01\/16-21-22-12.jpg?resize=700%2C400&ssl=1 2x, https:\/\/i0.wp.com\/sarimelekler.biz\/wp-content\/uploads\/2022\/01\/16-21-22-12.jpg?resize=1050%2C600&ssl=1 3x, https:\/\/i0.wp.com\/sarimelekler.biz\/wp-content\/uploads\/2022\/01\/16-21-22-12.jpg?resize=1400%2C800&ssl=1 4x"},"classes":[]},{"id":15949,"url":"https:\/\/sarimelekler.biz\/?p=15949","url_meta":{"origin":3223,"position":3},"title":"1.Lig: Merima \u0130smailo\u011flu Fenerbah\u00e7e\u2019de","author":"Edit\u00f6r","date":"16 A\u011fustos 2021","format":false,"excerpt":"Kul\u00fcb\u00fcm\u00fcz\u00fcn Kad\u0131n Voleybol altyap\u0131s\u0131ndan A Tak\u0131ma oyuncu yeti\u015ftirmek amac\u0131yla kurdu\u011fu 1. Lig Tak\u0131m\u0131m\u0131za ge\u00e7ti\u011fimiz g\u00fcnlerde Sma\u00e7\u00f6r pozisyonunda oynayan Merima \u0130smailo\u011flu\u2019nu transfer etti. A tak\u0131m oyuncumuz Meliha \u0130smailo\u011flu\u2019n\u0131n karde\u015fi olan Merima \u0130smailo\u011flu 2003 do\u011fumlu, 178 cm boyunda ve son iki sezonda Eczac\u0131ba\u015f\u0131 alt yap\u0131s\u0131nda forma giydi. Kul\u00fcb\u00fcm\u00fcze Ho\u015f Geldin Merima \u0130smailo\u011flu.\u2026","rel":"","context":"&quot;1. Lig Tak\u0131m\u0131&quot; i\u00e7inde","block_context":{"text":"1. Lig Tak\u0131m\u0131","link":"https:\/\/sarimelekler.biz\/?cat=25"},"img":{"alt_text":"","src":"https:\/\/i0.wp.com\/sarimelekler.biz\/wp-content\/uploads\/2021\/08\/Merima-kapak-2.jpg?resize=350%2C200&ssl=1","width":350,"height":200,"srcset":"https:\/\/i0.wp.com\/sarimelekler.biz\/wp-content\/uploads\/2021\/08\/Merima-kapak-2.jpg?resize=350%2C200&ssl=1 1x, https:\/\/i0.wp.com\/sarimelekler.biz\/wp-content\/uploads\/2021\/08\/Merima-kapak-2.jpg?resize=525%2C300&ssl=1 1.5x, https:\/\/i0.wp.com\/sarimelekler.biz\/wp-content\/uploads\/2021\/08\/Merima-kapak-2.jpg?resize=700%2C400&ssl=1 2x, https:\/\/i0.wp.com\/sarimelekler.biz\/wp-content\/uploads\/2021\/08\/Merima-kapak-2.jpg?resize=1050%2C600&ssl=1 3x, https:\/\/i0.wp.com\/sarimelekler.biz\/wp-content\/uploads\/2021\/08\/Merima-kapak-2.jpg?resize=1400%2C800&ssl=1 4x"},"classes":[]},{"id":15815,"url":"https:\/\/sarimelekler.biz\/?p=15815","url_meta":{"origin":3223,"position":4},"title":"Gen\u00e7 Y\u0131ld\u0131z Arina Fedorovtseva Fenerbah\u00e7e Opet\u2019te","author":"Edit\u00f6r","date":"24 May\u0131s 2021","format":false,"excerpt":"Kul\u00fcb\u00fcm\u00fcz resmi sitesinden yapt\u0131\u011f\u0131 a\u00e7\u0131klamada 2004 do\u011fumlu Rus sma\u00e7\u00f6r Arina Fedorovtseva ile anla\u015fma sa\u011fland\u0131\u011f\u0131n\u0131 duyurdu. 17 ya\u015f\u0131ndaki Arina Fedorovtseva, 2021-2022 sezonu i\u00e7in Meliha \u0130smailo\u011flu, Gizem \u00d6rge, Anna Lazareva Tutku Burcu Y\u00fczgen\u00e7, Buse \u00dcnal ve Mina Popovic\u2019ten sonra tak\u0131m\u0131m\u0131z\u0131n yedinci transferi oldu. Oyuncumuza Ba\u015far\u0131lar Dileriz. Kul\u00fcb\u00fcm\u00fczden Yap\u0131lan A\u00e7\u0131klama: Fenerbah\u00e7e Opet Kad\u0131n\u2026","rel":"","context":"&quot;Transfer Haberleri&quot; i\u00e7inde","block_context":{"text":"Transfer Haberleri","link":"https:\/\/sarimelekler.biz\/?cat=23"},"img":{"alt_text":"","src":"https:\/\/i0.wp.com\/sarimelekler.biz\/wp-content\/uploads\/2021\/05\/Arina-3.jpg?resize=350%2C200&ssl=1","width":350,"height":200,"srcset":"https:\/\/i0.wp.com\/sarimelekler.biz\/wp-content\/uploads\/2021\/05\/Arina-3.jpg?resize=350%2C200&ssl=1 1x, https:\/\/i0.wp.com\/sarimelekler.biz\/wp-content\/uploads\/2021\/05\/Arina-3.jpg?resize=525%2C300&ssl=1 1.5x, https:\/\/i0.wp.com\/sarimelekler.biz\/wp-content\/uploads\/2021\/05\/Arina-3.jpg?resize=700%2C400&ssl=1 2x, https:\/\/i0.wp.com\/sarimelekler.biz\/wp-content\/uploads\/2021\/05\/Arina-3.jpg?resize=1050%2C600&ssl=1 3x"},"classes":[]},{"id":16062,"url":"https:\/\/sarimelekler.biz\/?p=16062","url_meta":{"origin":3223,"position":5},"title":"Kul\u00fcb\u00fcm\u00fcz, Olimpiyat Gururunu Ya\u015fatan Sporcular\u0131m\u0131za ve Ailelerine Verilen \u00d6zel Yemekte Bakan\u0131m\u0131z Dr. Mehmet Muharrem Kasapo\u011flu&#8217;nu A\u011f\u0131rlad\u0131","author":"Edit\u00f6r","date":"23 Eyl\u00fcl 2021","format":false,"excerpt":"Kul\u00fcb\u00fcm\u00fcz, Gen\u00e7lik ve Spor Bakan\u0131m\u0131z Dr. Mehmet Muharrem Kasao\u011flu\u2019nu a\u011f\u0131rlad\u0131\u011f\u0131 Fenerbah\u00e7e Faruk Ilgaz Tesisleri\u2019ndeki organizasyonda, 2020 Tokyo Olimpiyatlar\u0131\u2019nda m\u00fccadele eden Fenerbah\u00e7eli milli sporcular\u0131m\u0131z ve aileleri ile bir araya geldi. Ba\u015fkan\u0131m\u0131z Ali Y. Ko\u00e7'un da yer ald\u0131\u011f\u0131 organizasyona 2020 Tokyo Olimpiyatlar\u0131\u2019nda \u00fclkemizi temsil eden boks\u00f6rlerimiz Buse Naz \u00c7ak\u0131ro\u011flu (\u00dclkemize Olimpiyatlarda kad\u0131n\u2026","rel":"","context":"&quot;Milli Tak\u0131m&quot; i\u00e7inde","block_context":{"text":"Milli Tak\u0131m","link":"https:\/\/sarimelekler.biz\/?cat=19"},"img":{"alt_text":"","src":"https:\/\/i0.wp.com\/sarimelekler.biz\/wp-content\/uploads\/2021\/09\/Olimpiyat-Yemegi-3.jpg?resize=350%2C200&ssl=1","width":350,"height":200,"srcset":"https:\/\/i0.wp.com\/sarimelekler.biz\/wp-content\/uploads\/2021\/09\/Olimpiyat-Yemegi-3.jpg?resize=350%2C200&ssl=1 1x, https:\/\/i0.wp.com\/sarimelekler.biz\/wp-content\/uploads\/2021\/09\/Olimpiyat-Yemegi-3.jpg?resize=525%2C300&ssl=1 1.5x, https:\/\/i0.wp.com\/sarimelekler.biz\/wp-content\/uploads\/2021\/09\/Olimpiyat-Yemegi-3.jpg?resize=700%2C400&ssl=1 2x, https:\/\/i0.wp.com\/sarimelekler.biz\/wp-content\/uploads\/2021\/09\/Olimpiyat-Yemegi-3.jpg?resize=1050%2C600&ssl=1 3x, https:\/\/i0.wp.com\/sarimelekler.biz\/wp-content\/uploads\/2021\/09\/Olimpiyat-Yemegi-3.jpg?resize=1400%2C800&ssl=1 4x"},"classes":[]}],"_links":{"self":[{"href":"https:\/\/sarimelekler.biz\/index.php?rest_route=\/wp\/v2\/posts\/3223","targetHints":{"allow":["GET"]}}],"collection":[{"href":"https:\/\/sarimelekler.biz\/index.php?rest_route=\/wp\/v2\/posts"}],"about":[{"href":"https:\/\/sarimelekler.biz\/index.php?rest_route=\/wp\/v2\/types\/post"}],"author":[{"embeddable":true,"href":"https:\/\/sarimelekler.biz\/index.php?rest_route=\/wp\/v2\/users\/1"}],"replies":[{"embeddable":true,"href":"https:\/\/sarimelekler.biz\/index.php?rest_route=%2Fwp%2Fv2%2Fcomments&post=3223"}],"version-history":[{"count":4,"href":"https:\/\/sarimelekler.biz\/index.php?rest_route=\/wp\/v2\/posts\/3223\/revisions"}],"predecessor-version":[{"id":3229,"href":"https:\/\/sarimelekler.biz\/index.php?rest_route=\/wp\/v2\/posts\/3223\/revisions\/3229"}],"wp:featuredmedia":[{"embeddable":true,"href":"https:\/\/sarimelekler.biz\/index.php?rest_route=\/wp\/v2\/media\/3224"}],"wp:attachment":[{"href":"https:\/\/sarimelekler.biz\/index.php?rest_route=%2Fwp%2Fv2%2Fmedia&parent=3223"}],"wp:term":[{"taxonomy":"category","embeddable":true,"href":"https:\/\/sarimelekler.biz\/index.php?rest_route=%2Fwp%2Fv2%2Fcategories&post=3223"},{"taxonomy":"post_tag","embeddable":true,"href":"https:\/\/sarimelekler.biz\/index.php?rest_route=%2Fwp%2Fv2%2Ftags&post=3223"}],"curies":[{"name":"wp","href":"https:\/\/api.w.org\/{rel}","templated":true}]}}