{"id":3280,"date":"2017-03-01T21:58:20","date_gmt":"2017-03-01T19:58:20","guid":{"rendered":"http:\/\/sarimelekler.biz\/?p=3280"},"modified":"2018-03-01T15:19:24","modified_gmt":"2018-03-01T13:19:24","slug":"maret-balkestein-grothues-her-kulvarda-sampiyonluk-hedefliyoruz","status":"publish","type":"post","link":"https:\/\/sarimelekler.biz\/?p=3280","title":{"rendered":"Maret Balkestein-Grothues: \u201cHer kulvarda \u015fampiyonluk hedefliyoruz\u201d"},"content":{"rendered":"<p style=\"text-align: justify;\">Kul\u00fcb\u00fcm\u00fcz\u00fcn resmi yay\u0131n organ\u0131 Fenerbah\u00e7e Dergisi\u201dnin Mart 2017 say\u0131s\u0131nda oyuncumuz Maret Balkestein-Grothues ile bir r\u00f6portaj yap\u0131ld\u0131.<\/p>\n\n\t\t<style type=\"text\/css\">\n\t\t\t#gallery-1 {\n\t\t\t\tmargin: auto;\n\t\t\t}\n\t\t\t#gallery-1 .gallery-item {\n\t\t\t\tfloat: left;\n\t\t\t\tmargin-top: 10px;\n\t\t\t\ttext-align: center;\n\t\t\t\twidth: 100%;\n\t\t\t}\n\t\t\t#gallery-1 img {\n\t\t\t\tborder: 2px solid #cfcfcf;\n\t\t\t}\n\t\t\t#gallery-1 .gallery-caption {\n\t\t\t\tmargin-left: 0;\n\t\t\t}\n\t\t\t\/* see gallery_shortcode() in wp-includes\/media.php *\/\n\t\t<\/style>\n\t\t<div data-carousel-extra='{&quot;blog_id&quot;:1,&quot;permalink&quot;:&quot;https:\/\/sarimelekler.biz\/?p=3280&quot;}' id='gallery-1' class='gallery galleryid-3280 gallery-columns-1 gallery-size-large'><dl class='gallery-item'>\n\t\t\t<dt class='gallery-icon landscape'>\n\t\t\t\t<a href='https:\/\/sarimelekler.biz\/?attachment_id=3283'><img loading=\"lazy\" decoding=\"async\" width=\"860\" height=\"683\" src=\"https:\/\/sarimelekler.biz\/wp-content\/uploads\/2017\/03\/de6p7061_54667_4386535-1024x813.jpg\" class=\"attachment-large size-large\" alt=\"\" srcset=\"https:\/\/sarimelekler.biz\/wp-content\/uploads\/2017\/03\/de6p7061_54667_4386535-1024x813.jpg 1024w, https:\/\/sarimelekler.biz\/wp-content\/uploads\/2017\/03\/de6p7061_54667_4386535-300x238.jpg 300w, https:\/\/sarimelekler.biz\/wp-content\/uploads\/2017\/03\/de6p7061_54667_4386535-768x610.jpg 768w, https:\/\/sarimelekler.biz\/wp-content\/uploads\/2017\/03\/de6p7061_54667_4386535-189x150.jpg 189w, https:\/\/sarimelekler.biz\/wp-content\/uploads\/2017\/03\/de6p7061_54667_4386535-150x119.jpg 150w, https:\/\/sarimelekler.biz\/wp-content\/uploads\/2017\/03\/de6p7061_54667_4386535.jpg 1945w\" sizes=\"auto, (max-width: 860px) 100vw, 860px\" data-attachment-id=\"3283\" data-permalink=\"https:\/\/sarimelekler.biz\/?attachment_id=3283\" data-orig-file=\"https:\/\/sarimelekler.biz\/wp-content\/uploads\/2017\/03\/de6p7061_54667_4386535.jpg\" data-orig-size=\"1945,1545\" data-comments-opened=\"0\" data-image-meta=\"{&quot;aperture&quot;:&quot;7.1&quot;,&quot;credit&quot;:&quot;&quot;,&quot;camera&quot;:&quot;Canon EOS-1D X&quot;,&quot;caption&quot;:&quot;&quot;,&quot;created_timestamp&quot;:&quot;1487072909&quot;,&quot;copyright&quot;:&quot;&quot;,&quot;focal_length&quot;:&quot;93&quot;,&quot;iso&quot;:&quot;250&quot;,&quot;shutter_speed&quot;:&quot;0.004&quot;,&quot;title&quot;:&quot;&quot;,&quot;orientation&quot;:&quot;1&quot;}\" data-image-title=\"Maret Balkestein 2\" data-image-description=\"\" data-image-caption=\"\" data-large-file=\"https:\/\/sarimelekler.biz\/wp-content\/uploads\/2017\/03\/de6p7061_54667_4386535-1024x813.jpg\" \/><\/a>\n\t\t\t<\/dt><\/dl><br style=\"clear: both\" \/>\n\t\t<\/div>\n\n<p>Dergimize bu ay Fenerbah\u00e7e Kad\u0131n Voleybol Tak\u0131m\u0131m\u0131z\u0131n Hollandal\u0131 oyuncusu Maret Balkestein-Grothues\u2019i konuk ettik. Hollanda milli tak\u0131m\u0131n\u0131n kaptan\u0131 olan ba\u015far\u0131l\u0131 voleybolcu; Fenerbah\u00e7emize ve lige h\u0131zl\u0131ca adapte oldu ve ilk kupas\u0131n\u0131 transferinden 1,5 ay sonra kazand\u0131, daha da fazla kupa kald\u0131rma hedefiyle emin ad\u0131mlarla ilerliyor. Maret Balkestein-Grothues ile Derea\u011fz\u0131 Lefter K\u00fc\u00e7\u00fckandonyadis Tesislerimizde bir araya gelerek hedefleri, kariyeri ve \u00f6zel ya\u015fant\u0131s\u0131yla ilgili keyifli bir sohbet ger\u00e7ekle\u015ftirdik.<\/p>\n<p><strong>R\u00f6portajdan derledi\u011fimiz spotlar \u015f\u00f6yle:<\/strong><\/p>\n<p><strong>01:<\/strong> Fenerbah\u00e7e, Avrupa\u2019n\u0131n en iyilerinden&#8230; Ben de kariyerimin bu d\u00f6neminde en iyilerden birinde olmak istiyordum. Bu y\u00fczden Fenerbah\u00e7e\u2019nin teklifine duyar duymaz \u201cTamam\u201d dedim.<\/p>\n<p><strong>02:<\/strong> Hedefler tabii ki \u015fampiyonluklar. Hem de her kulvarda. Tak\u0131m\u0131mla bireysel hedeflerim uyu\u015fuyor. Daha fazla kupa kald\u0131rmak istiyoruz. Bu yolda bireysel olarak yapt\u0131\u011f\u0131m i\u015fi en iyi \u015fekilde yapmaya \u00e7al\u0131\u015f\u0131yorum. Ligde \u015fans\u0131m\u0131z\u0131 y\u00fcksek g\u00f6r\u00fcyorum. Avrupa\u2019da da \u00e7ok iyiyiz, grubumuzda ma\u011flubiyetimiz yok ve beklenen de buydu.<\/p>\n<p><strong>03:<\/strong> Tecr\u00fcbeli oyuncumuz, ge\u00e7en yaz ger\u00e7ekle\u015fen Rio 2016 Olimpiyatlar\u0131\u2019nda Hollanda Milli Tak\u0131m\u0131\u2019nda d\u00f6rd\u00fcnc\u00fcl\u00fck ya\u015fad\u0131.<\/p>\n<p><strong>04:<\/strong> Maret Balkestein\u2019in e\u015fi de tecr\u00fcbeli bir sporcu. Buz hokeyi dal\u0131nda \u00f6nemli ba\u015far\u0131lar\u0131 mevcut.<\/p>\n<p>&nbsp;<\/p>\n<p>Kaynak: <a href=\"http:\/\/www.fenerbahce.org\/detay.asp?ContentID=54667\" target=\"_blank\" rel=\"noopener\">Fenerbah\u00e7e Spor Kul\u00fcb\u00fc Resmi \u0130nternet Sitesi\u00a0<\/a><\/p>\n","protected":false},"excerpt":{"rendered":"<p>Kul\u00fcb\u00fcm\u00fcz\u00fcn resmi yay\u0131n organ\u0131 Fenerbah\u00e7e Dergisi\u201dnin Mart 2017 say\u0131s\u0131nda oyuncumuz \u2026 <a class=\"continue-reading-link\" href=\"https:\/\/sarimelekler.biz\/?p=3280\">Okumaya Devam Et.. <span class=\"meta-nav\">&rarr; <\/span><\/a><\/p>\n","protected":false},"author":1,"featured_media":3281,"comment_status":"closed","ping_status":"open","sticky":false,"template":"","format":"standard","meta":{"jetpack_post_was_ever_published":false,"_jetpack_newsletter_access":"","_jetpack_dont_email_post_to_subs":true,"_jetpack_newsletter_tier_id":0,"_jetpack_memberships_contains_paywalled_content":false,"_jetpack_memberships_contains_paid_content":false,"footnotes":"","jetpack_publicize_message":"","jetpack_publicize_feature_enabled":true,"jetpack_social_post_already_shared":true,"jetpack_social_options":{"image_generator_settings":{"template":"highway","default_image_id":0,"font":"","enabled":false},"version":2}},"categories":[15],"tags":[],"class_list":["post-3280","post","type-post","status-publish","format-standard","has-post-thumbnail","hentry","category-dergi-roportajlari"],"jetpack_publicize_connections":[],"jetpack_featured_media_url":"https:\/\/sarimelekler.biz\/wp-content\/uploads\/2017\/03\/c09g8763_54667_4385876.jpg","jetpack_sharing_enabled":true,"jetpack_shortlink":"https:\/\/wp.me\/p8npUZ-QU","jetpack-related-posts":[{"id":7155,"url":"https:\/\/sarimelekler.biz\/?p=7155","url_meta":{"origin":3280,"position":0},"title":"Fenerbah\u00e7e 3-1 CSM B\u00fckre\u015f (Haz\u0131rl\u0131k Ma\u00e7\u0131)","author":"Edit\u00f6r","date":"30 Ekim 2018","format":false,"excerpt":"Fenerbah\u00e7e Kad\u0131n Voleybol Tak\u0131m\u0131m\u0131z, yeni sezon \u00e7al\u0131\u015fmalar\u0131 kapsam\u0131nda Romanya ekibi CSM B\u00fckre\u015f ile haz\u0131rl\u0131k ma\u00e7\u0131 yapt\u0131. Derea\u011fz\u0131 Lefter K\u00fc\u00e7\u00fckandonyadis Tesislerimizdeki voleybol solonunda oynanan ma\u00e7, 4 set \u00fczerinden oynand\u0131. Fenerbah\u00e7emiz kar\u015f\u0131la\u015fmaya; Eda Erdem D\u00fcndar, Ana Antonijevic, Samantha Bricio, Melissa Vargas, Bahar Toksoy, Fatma Y\u0131ld\u0131r\u0131m ve libero Melis alt\u0131l\u0131s\u0131 ile ba\u015flad\u0131. 28-26,\u2026","rel":"","context":"&quot;Haz\u0131rl\u0131k Ma\u00e7lar\u0131&quot; i\u00e7inde","block_context":{"text":"Haz\u0131rl\u0131k Ma\u00e7lar\u0131","link":"https:\/\/sarimelekler.biz\/?cat=20"},"img":{"alt_text":"","src":"https:\/\/i0.wp.com\/sarimelekler.biz\/wp-content\/uploads\/2018\/10\/FB-CSM-B%C3%BCkre%C5%9F-9.jpg?resize=350%2C200&ssl=1","width":350,"height":200,"srcset":"https:\/\/i0.wp.com\/sarimelekler.biz\/wp-content\/uploads\/2018\/10\/FB-CSM-B%C3%BCkre%C5%9F-9.jpg?resize=350%2C200&ssl=1 1x, https:\/\/i0.wp.com\/sarimelekler.biz\/wp-content\/uploads\/2018\/10\/FB-CSM-B%C3%BCkre%C5%9F-9.jpg?resize=525%2C300&ssl=1 1.5x, https:\/\/i0.wp.com\/sarimelekler.biz\/wp-content\/uploads\/2018\/10\/FB-CSM-B%C3%BCkre%C5%9F-9.jpg?resize=700%2C400&ssl=1 2x, https:\/\/i0.wp.com\/sarimelekler.biz\/wp-content\/uploads\/2018\/10\/FB-CSM-B%C3%BCkre%C5%9F-9.jpg?resize=1050%2C600&ssl=1 3x, https:\/\/i0.wp.com\/sarimelekler.biz\/wp-content\/uploads\/2018\/10\/FB-CSM-B%C3%BCkre%C5%9F-9.jpg?resize=1400%2C800&ssl=1 4x"},"classes":[]},{"id":3299,"url":"https:\/\/sarimelekler.biz\/?p=3299","url_meta":{"origin":3280,"position":1},"title":"Vak\u0131fbank:0 \u2013 Fenerbah\u00e7e:3","author":"Edit\u00f6r","date":"4 Mart 2017","format":false,"excerpt":"Vak\u0131fbank:0 - Fenerbah\u00e7e:3\u00a0 Fenerbah\u00e7e Bayan Voleybol Tak\u0131m\u0131m\u0131z Vestel Ven\u00fcs Sultanlar Ligi'nin 19.haftas\u0131nda deplasmanda kar\u015f\u0131la\u015ft\u0131\u011f\u0131 Vak\u0131fbank tak\u0131m\u0131n\u0131 18 - 25, 24 - 26, 23 \u2013 25\u2019lik set skorlar\u0131yla 3-0 yenerek resmi ma\u00e7larda \u00fcst \u00fcste 20. ligde ise \u00fcst \u00fcste 11. galibiyetini ald\u0131. Ma\u00e7a Eda, Kim, Dicle, Ezgi Natalia Zilio ve Maret\u2026","rel":"","context":"&quot;T\u00fcrkiye Ligi&quot; i\u00e7inde","block_context":{"text":"T\u00fcrkiye Ligi","link":"https:\/\/sarimelekler.biz\/?cat=6"},"img":{"alt_text":"","src":"https:\/\/i0.wp.com\/sarimelekler.biz\/wp-content\/uploads\/2017\/03\/c09g5490_54736_6870816.jpg?resize=350%2C200&ssl=1","width":350,"height":200,"srcset":"https:\/\/i0.wp.com\/sarimelekler.biz\/wp-content\/uploads\/2017\/03\/c09g5490_54736_6870816.jpg?resize=350%2C200&ssl=1 1x, https:\/\/i0.wp.com\/sarimelekler.biz\/wp-content\/uploads\/2017\/03\/c09g5490_54736_6870816.jpg?resize=525%2C300&ssl=1 1.5x, https:\/\/i0.wp.com\/sarimelekler.biz\/wp-content\/uploads\/2017\/03\/c09g5490_54736_6870816.jpg?resize=700%2C400&ssl=1 2x, https:\/\/i0.wp.com\/sarimelekler.biz\/wp-content\/uploads\/2017\/03\/c09g5490_54736_6870816.jpg?resize=1050%2C600&ssl=1 3x, https:\/\/i0.wp.com\/sarimelekler.biz\/wp-content\/uploads\/2017\/03\/c09g5490_54736_6870816.jpg?resize=1400%2C800&ssl=1 4x"},"classes":[]},{"id":2568,"url":"https:\/\/sarimelekler.biz\/?p=2568","url_meta":{"origin":3280,"position":2},"title":"2017 Y\u0131l\u0131nda Yenilmezli\u011fimiz Devam Ediyor","author":"Edit\u00f6r","date":"15 \u015eubat 2017","format":false,"excerpt":"Fenerbah\u00e7e Bayan Voleybol Tak\u0131m\u0131m\u0131z Vestel Venus Sultanlar Ligi'nin 16.haftas\u0131nda kar\u015f\u0131la\u015ft\u0131\u011f\u0131 Bursa B\u00fcy\u00fck\u015fehir Belediye tak\u0131m\u0131n\u0131 25-22, 25-17 ve 31-29\u2019lik set skorlar\u0131yla 3-0 yendi. Ma\u00e7a Eda, Kim, Dicle, Nootsara, Natalia Zilio ve Polen kadrosuyla ba\u015flayan tak\u0131m\u0131m\u0131zda libero mevkiinde Merve ve Melis d\u00f6n\u00fc\u015f\u00fcml\u00fc oynad\u0131. Ma\u00e7ta ayr\u0131ca \u00a0Ezgi, Maret Balkestein ve \u015eeyma\u2019da s\u00fcre ald\u0131.\u2026","rel":"","context":"&quot;T\u00fcrkiye Ligi&quot; i\u00e7inde","block_context":{"text":"T\u00fcrkiye Ligi","link":"https:\/\/sarimelekler.biz\/?cat=6"},"img":{"alt_text":"","src":"https:\/\/i0.wp.com\/sarimelekler.biz\/wp-content\/uploads\/2017\/02\/c09g8423_54457_7293902.jpg?resize=350%2C200&ssl=1","width":350,"height":200,"srcset":"https:\/\/i0.wp.com\/sarimelekler.biz\/wp-content\/uploads\/2017\/02\/c09g8423_54457_7293902.jpg?resize=350%2C200&ssl=1 1x, https:\/\/i0.wp.com\/sarimelekler.biz\/wp-content\/uploads\/2017\/02\/c09g8423_54457_7293902.jpg?resize=525%2C300&ssl=1 1.5x, https:\/\/i0.wp.com\/sarimelekler.biz\/wp-content\/uploads\/2017\/02\/c09g8423_54457_7293902.jpg?resize=700%2C400&ssl=1 2x, https:\/\/i0.wp.com\/sarimelekler.biz\/wp-content\/uploads\/2017\/02\/c09g8423_54457_7293902.jpg?resize=1050%2C600&ssl=1 3x, https:\/\/i0.wp.com\/sarimelekler.biz\/wp-content\/uploads\/2017\/02\/c09g8423_54457_7293902.jpg?resize=1400%2C800&ssl=1 4x"},"classes":[]},{"id":3373,"url":"https:\/\/sarimelekler.biz\/?p=3373","url_meta":{"origin":3280,"position":3},"title":"Fenerbah\u00e7e:3 &#8211; Galatasaray:1","author":"Edit\u00f6r","date":"11 Mart 2017","format":false,"excerpt":"Fenerbah\u00e7e Bayan Voleybol Tak\u0131m\u0131m\u0131z Vestel Ven\u00fcs Sultanlar Ligi'nin 20.haftas\u0131nda kar\u015f\u0131la\u015ft\u0131\u011f\u0131 Galatasaray\u2019\u0131 28 - 30, 25 - 18, 25 - 23, 25 \u2013 12\u2019lik set skorlar\u0131yla 3-1 yenerek resmi ma\u00e7larda \u00fcst \u00fcste 21. ligde ise \u00fcst \u00fcste 12. galibiyetini ald\u0131. Ma\u00e7a Eda, Kim, Dicle, Natalia Zilio, Nootsara ve Polen kadrosuyla ba\u015flayan\u2026","rel":"","context":"&quot;T\u00fcrkiye Ligi&quot; i\u00e7inde","block_context":{"text":"T\u00fcrkiye Ligi","link":"https:\/\/sarimelekler.biz\/?cat=6"},"img":{"alt_text":"","src":"https:\/\/i0.wp.com\/sarimelekler.biz\/wp-content\/uploads\/2017\/03\/de6p7254_54845_6710139.jpg?resize=350%2C200&ssl=1","width":350,"height":200,"srcset":"https:\/\/i0.wp.com\/sarimelekler.biz\/wp-content\/uploads\/2017\/03\/de6p7254_54845_6710139.jpg?resize=350%2C200&ssl=1 1x, https:\/\/i0.wp.com\/sarimelekler.biz\/wp-content\/uploads\/2017\/03\/de6p7254_54845_6710139.jpg?resize=525%2C300&ssl=1 1.5x, https:\/\/i0.wp.com\/sarimelekler.biz\/wp-content\/uploads\/2017\/03\/de6p7254_54845_6710139.jpg?resize=700%2C400&ssl=1 2x, https:\/\/i0.wp.com\/sarimelekler.biz\/wp-content\/uploads\/2017\/03\/de6p7254_54845_6710139.jpg?resize=1050%2C600&ssl=1 3x, https:\/\/i0.wp.com\/sarimelekler.biz\/wp-content\/uploads\/2017\/03\/de6p7254_54845_6710139.jpg?resize=1400%2C800&ssl=1 4x"},"classes":[]},{"id":3121,"url":"https:\/\/sarimelekler.biz\/?p=3121","url_meta":{"origin":3280,"position":4},"title":"Fenerbah\u00e7e:3 &#8211; Halkbank:2","author":"Edit\u00f6r","date":"26 \u015eubat 2017","format":false,"excerpt":"Fenerbah\u00e7e Bayan Voleybol Tak\u0131m\u0131m\u0131z Vestel Ven\u00fcs Sultanlar Ligi'nin 18.haftas\u0131nda kar\u015f\u0131la\u015ft\u0131\u011f\u0131 Halkbank tak\u0131m\u0131n\u0131 20 - 25, 25 - 22, 19 - 25, 25 - 9, 15 \u2013 13\u2019lik set skorlar\u0131yla 3-2 ma\u011flup etti. Ma\u00e7a Ezgi Natalia Zilio, \u015eeyma, Bahar, Erg\u00fcl ve Maret Balkestein kadrosuyla ba\u015flayan tak\u0131m\u0131m\u0131zda libero mevkiinde Merve ve Melis\u2026","rel":"","context":"&quot;T\u00fcrkiye Ligi&quot; i\u00e7inde","block_context":{"text":"T\u00fcrkiye Ligi","link":"https:\/\/sarimelekler.biz\/?cat=6"},"img":{"alt_text":"","src":"https:\/\/i0.wp.com\/sarimelekler.biz\/wp-content\/uploads\/2017\/02\/c09g2881_54630_5523313.jpg?resize=350%2C200&ssl=1","width":350,"height":200,"srcset":"https:\/\/i0.wp.com\/sarimelekler.biz\/wp-content\/uploads\/2017\/02\/c09g2881_54630_5523313.jpg?resize=350%2C200&ssl=1 1x, https:\/\/i0.wp.com\/sarimelekler.biz\/wp-content\/uploads\/2017\/02\/c09g2881_54630_5523313.jpg?resize=525%2C300&ssl=1 1.5x, https:\/\/i0.wp.com\/sarimelekler.biz\/wp-content\/uploads\/2017\/02\/c09g2881_54630_5523313.jpg?resize=700%2C400&ssl=1 2x, https:\/\/i0.wp.com\/sarimelekler.biz\/wp-content\/uploads\/2017\/02\/c09g2881_54630_5523313.jpg?resize=1050%2C600&ssl=1 3x, https:\/\/i0.wp.com\/sarimelekler.biz\/wp-content\/uploads\/2017\/02\/c09g2881_54630_5523313.jpg?resize=1400%2C800&ssl=1 4x"},"classes":[]},{"id":2901,"url":"https:\/\/sarimelekler.biz\/?p=2901","url_meta":{"origin":3280,"position":5},"title":"Sar\u0131 Melekler Puan verdi, R\u00f6van\u015f\u0131 vermedi.","author":"Edit\u00f6r","date":"18 \u015eubat 2017","format":false,"excerpt":"Fenerbah\u00e7e Bayan Voleybol Tak\u0131m\u0131m\u0131z Vestel Ven\u00fcs Sultanlar Ligi'nin 17.haftas\u0131nda deplasmanda kar\u015f\u0131la\u015ft\u0131\u011f\u0131 \u00c7anakkale Belediye tak\u0131m\u0131n\u0131 20-25, 25-20, 19-25, 25-22 ve 14-16\u2019lik set skorlar\u0131yla 3-2 yenerek ligde \u00fcst \u00fcste 9. toplamda ise 14. Galibiyetine ula\u015ft\u0131. Ma\u00e7a Eda, Kim, Dicle, Ezgi Natalia Zilio ve Maret Balkestein kadrosuyla ba\u015flayan tak\u0131m\u0131m\u0131zda libero mevkiinde Merve ve\u2026","rel":"","context":"&quot;T\u00fcrkiye Ligi&quot; i\u00e7inde","block_context":{"text":"T\u00fcrkiye Ligi","link":"https:\/\/sarimelekler.biz\/?cat=6"},"img":{"alt_text":"","src":"https:\/\/i0.wp.com\/sarimelekler.biz\/wp-content\/uploads\/2017\/02\/tt.jpg?resize=350%2C200&ssl=1","width":350,"height":200,"srcset":"https:\/\/i0.wp.com\/sarimelekler.biz\/wp-content\/uploads\/2017\/02\/tt.jpg?resize=350%2C200&ssl=1 1x, https:\/\/i0.wp.com\/sarimelekler.biz\/wp-content\/uploads\/2017\/02\/tt.jpg?resize=525%2C300&ssl=1 1.5x, https:\/\/i0.wp.com\/sarimelekler.biz\/wp-content\/uploads\/2017\/02\/tt.jpg?resize=700%2C400&ssl=1 2x"},"classes":[]}],"_links":{"self":[{"href":"https:\/\/sarimelekler.biz\/index.php?rest_route=\/wp\/v2\/posts\/3280","targetHints":{"allow":["GET"]}}],"collection":[{"href":"https:\/\/sarimelekler.biz\/index.php?rest_route=\/wp\/v2\/posts"}],"about":[{"href":"https:\/\/sarimelekler.biz\/index.php?rest_route=\/wp\/v2\/types\/post"}],"author":[{"embeddable":true,"href":"https:\/\/sarimelekler.biz\/index.php?rest_route=\/wp\/v2\/users\/1"}],"replies":[{"embeddable":true,"href":"https:\/\/sarimelekler.biz\/index.php?rest_route=%2Fwp%2Fv2%2Fcomments&post=3280"}],"version-history":[{"count":3,"href":"https:\/\/sarimelekler.biz\/index.php?rest_route=\/wp\/v2\/posts\/3280\/revisions"}],"predecessor-version":[{"id":6065,"href":"https:\/\/sarimelekler.biz\/index.php?rest_route=\/wp\/v2\/posts\/3280\/revisions\/6065"}],"wp:featuredmedia":[{"embeddable":true,"href":"https:\/\/sarimelekler.biz\/index.php?rest_route=\/wp\/v2\/media\/3281"}],"wp:attachment":[{"href":"https:\/\/sarimelekler.biz\/index.php?rest_route=%2Fwp%2Fv2%2Fmedia&parent=3280"}],"wp:term":[{"taxonomy":"category","embeddable":true,"href":"https:\/\/sarimelekler.biz\/index.php?rest_route=%2Fwp%2Fv2%2Fcategories&post=3280"},{"taxonomy":"post_tag","embeddable":true,"href":"https:\/\/sarimelekler.biz\/index.php?rest_route=%2Fwp%2Fv2%2Ftags&post=3280"}],"curies":[{"name":"wp","href":"https:\/\/api.w.org\/{rel}","templated":true}]}}