{"id":3285,"date":"2017-03-03T20:07:34","date_gmt":"2017-03-03T18:07:34","guid":{"rendered":"http:\/\/sarimelekler.biz\/?p=3285"},"modified":"2017-03-03T20:07:34","modified_gmt":"2017-03-03T18:07:34","slug":"sampiyonlar-ligi-6li-playoff-turunda-rakibimiz-eczacibasi-vitra","status":"publish","type":"post","link":"https:\/\/sarimelekler.biz\/?p=3285","title":{"rendered":"\u015eampiyonlar Ligi 6&#8217;l\u0131 Playoff Turunda Rakibimiz Eczac\u0131ba\u015f\u0131 Vitra"},"content":{"rendered":"<p style=\"text-align: justify;\"><span class=\"_5afx\"><span class=\"_58cl _5afz\">#<\/span><span class=\"_58cm\">Sar\u0131Melekler<\/span><\/span> \u015eampiyonlar Ligi 6&#8217;l\u0131 Playoff turunda Eczac\u0131ba\u015f\u0131 Vitra ile e\u015fle\u015fti.<br \/>\nFenerbah\u00e7e Bayan Voleybol tak\u0131m\u0131m\u0131z Grubunda oynad\u0131\u011f\u0131 6 ma\u00e7\u0131 da kazanarak grup lideri olarak 6&#8217;l\u0131 play off turuna y\u00fckselirken rakip \u00a0Eczac\u0131ba\u015f\u0131 Vitra\u00a0ise grubunda oynad\u0131\u011f\u0131 \u00a06 ma\u00e7\u0131n 4&#8217;n\u00fc kazanarak en iyi iki grup ikincisinden biri olarak 6&#8217;l\u0131 play off turuna y\u00fckseldi.<br \/>\nMa\u00e7lar 21-23 Mart ve 4-6 Nisan tarihlerinde oynanacak. Tur atlayan taraf d\u00f6rtl\u00fc finallere kalacak. Tak\u0131m\u0131m\u0131z bu turu ge\u00e7erse \u0130talya\u2019n\u0131n \u0130moco Volley tak\u0131m\u0131n\u0131n ev sahipli\u011finde yap\u0131lacak olan \u015eampiyonlar d\u00f6rtl\u00fc finalinde Vak\u0131fbank &#8211; Volero Z\u00fcrih e\u015fle\u015fmesinin galibi ile kar\u015f\u0131la\u015facak.<\/p>\n<p style=\"text-align: justify;\">Ba\u015far\u0131lar Sar\u0131 Melekler<\/p>\n","protected":false},"excerpt":{"rendered":"<p>#Sar\u0131Melekler \u015eampiyonlar Ligi 6&#8217;l\u0131 Playoff turunda Eczac\u0131ba\u015f\u0131 Vitra ile e\u015fle\u015fti. \u2026 <a class=\"continue-reading-link\" href=\"https:\/\/sarimelekler.biz\/?p=3285\">Okumaya Devam Et.. <span class=\"meta-nav\">&rarr; <\/span><\/a><\/p>\n","protected":false},"author":1,"featured_media":3286,"comment_status":"closed","ping_status":"open","sticky":false,"template":"","format":"standard","meta":{"jetpack_post_was_ever_published":false,"_jetpack_newsletter_access":"","_jetpack_dont_email_post_to_subs":false,"_jetpack_newsletter_tier_id":0,"_jetpack_memberships_contains_paywalled_content":false,"_jetpack_memberships_contains_paid_content":false,"footnotes":"","jetpack_publicize_message":"","jetpack_publicize_feature_enabled":true,"jetpack_social_post_already_shared":true,"jetpack_social_options":{"image_generator_settings":{"template":"highway","default_image_id":0,"font":"","enabled":false},"version":2}},"categories":[1],"tags":[],"class_list":["post-3285","post","type-post","status-publish","format-standard","has-post-thumbnail","hentry","category-avp"],"jetpack_publicize_connections":[],"jetpack_featured_media_url":"https:\/\/sarimelekler.biz\/wp-content\/uploads\/2017\/03\/17022048_10154424364041903_365293319641349759_n.jpg","jetpack_sharing_enabled":true,"jetpack_shortlink":"https:\/\/wp.me\/p8npUZ-QZ","jetpack-related-posts":[{"id":3455,"url":"https:\/\/sarimelekler.biz\/?p=3455","url_meta":{"origin":3285,"position":0},"title":"Zafere \u0130nan\u0131yoruz","author":"Edit\u00f6r","date":"22 Mart 2017","format":false,"excerpt":"Fenerbah\u00e7e Bayan Voleybol Tak\u0131m\u0131m\u0131z CEV \u015eampiyonlar Ligi 6'l\u0131 Play-Off Turu 1.Ma\u00e7\u0131nda bug\u00fcn\u00a0(23.03.2017) Eczac\u0131ba\u015f\u0131 Vitra ile deplasman tak\u0131m\u0131 s\u0131fat\u0131yla kar\u015f\u0131la\u015f\u0131yor. \u00a0Sar\u0131 Meleklerimiz grubunda oynad\u0131\u011f\u0131 6 ma\u00e7\u0131 da kazanarak grup lideri olarak 6\u2019l\u0131 play off turuna y\u00fckselirken rakip\u00a0 Eczac\u0131ba\u015f\u0131 Vitra ise grubunda oynad\u0131\u011f\u0131\u00a0 6 ma\u00e7\u0131n 4\u2019n\u00fc kazanarak en iyi iki grup ikincisinden\u2026","rel":"","context":"&quot;Avrupa Kupalar\u0131&quot; i\u00e7inde","block_context":{"text":"Avrupa Kupalar\u0131","link":"https:\/\/sarimelekler.biz\/?cat=1"},"img":{"alt_text":"","src":"https:\/\/i0.wp.com\/sarimelekler.biz\/wp-content\/uploads\/2017\/03\/17156208_10154518000922857_4521772233773618780_n-1.jpg?resize=350%2C200&ssl=1","width":350,"height":200,"srcset":"https:\/\/i0.wp.com\/sarimelekler.biz\/wp-content\/uploads\/2017\/03\/17156208_10154518000922857_4521772233773618780_n-1.jpg?resize=350%2C200&ssl=1 1x, https:\/\/i0.wp.com\/sarimelekler.biz\/wp-content\/uploads\/2017\/03\/17156208_10154518000922857_4521772233773618780_n-1.jpg?resize=525%2C300&ssl=1 1.5x, https:\/\/i0.wp.com\/sarimelekler.biz\/wp-content\/uploads\/2017\/03\/17156208_10154518000922857_4521772233773618780_n-1.jpg?resize=700%2C400&ssl=1 2x"},"classes":[]},{"id":13181,"url":"https:\/\/sarimelekler.biz\/?p=13181","url_meta":{"origin":3285,"position":1},"title":"Sar\u0131 Meleklerin \u015eampiyonlar Ligi Ma\u00e7\u0131 Koranavir\u00fcs Salg\u0131n\u0131 Nedeniyle \u0130leri Bir Tarihe Ertelendi.","author":"Edit\u00f6r","date":"1 Mart 2020","format":false,"excerpt":"Fenerbah\u00e7e Opet Kad\u0131n Voleybol Tak\u0131m\u0131m\u0131z Cev \u015eampiyonlar Ligi A grubunda oynad\u0131\u011f\u0131 6 ma\u00e7ta ald\u0131\u011f\u0131 4 galibiyetle grubunu 2. s\u0131rada tamamlay\u0131p \u00e7eyrek finale y\u00fckselmi\u015fti. Yakla\u015f\u0131k 10 g\u00fcnce yap\u0131lan kura \u00e7ekiminde ise Fenerbah\u00e7e Opet Kad\u0131n Voleybol Tak\u0131m\u0131m\u0131z\u0131n, CEV \u015eampiyonlar Ligi \u00e7eyrek finalindeki rakibi \u0130talyan ekibi Igor Gorgonzola Novara olmu\u015ftu. Kura \u00e7ekiminde \u00e7eyrek\u2026","rel":"","context":"&quot;Avrupa Kupalar\u0131&quot; i\u00e7inde","block_context":{"text":"Avrupa Kupalar\u0131","link":"https:\/\/sarimelekler.biz\/?cat=1"},"img":{"alt_text":"","src":"https:\/\/i0.wp.com\/sarimelekler.biz\/wp-content\/uploads\/2017\/11\/cev538_58025_6676227.jpg?resize=350%2C200&ssl=1","width":350,"height":200,"srcset":"https:\/\/i0.wp.com\/sarimelekler.biz\/wp-content\/uploads\/2017\/11\/cev538_58025_6676227.jpg?resize=350%2C200&ssl=1 1x, https:\/\/i0.wp.com\/sarimelekler.biz\/wp-content\/uploads\/2017\/11\/cev538_58025_6676227.jpg?resize=525%2C300&ssl=1 1.5x"},"classes":[]},{"id":15254,"url":"https:\/\/sarimelekler.biz\/?p=15254","url_meta":{"origin":3285,"position":2},"title":"Fenerbah\u00e7e Opet\u2019in \u015eampiyonlar Ligi \u00c7eyrek Finaldeki Rakibi  Igor Gorgonzola Novara Oldu.","author":"Edit\u00f6r","date":"12 \u015eubat 2021","format":false,"excerpt":"Fenerbah\u00e7e Opet Kad\u0131n Voleybol Tak\u0131m\u0131m\u0131z\u0131n CEV Kad\u0131nlar \u015eampiyonlar Ligi \u00e7eyrek finaldeki rakibi belli oldu. CEV Kad\u0131nlar \u015eampiyonlar Ligi\u2019nde B Grubu\u2019nu ikinci s\u0131rada bitiren Sar\u0131 Melekler,\u00a0 E Grubu\u2019nu lider tamamlayan \u0130talyan ekibi Igor Gorgonzola Novara ile e\u015fle\u015fti. \u0130ki ma\u00e7 \u00fczerinden oynanacak seride rakibine \u00fcst\u00fcnl\u00fck kuran tak\u0131m ad\u0131n\u0131 yar\u0131 finale yazd\u0131racak. Igor\u2026","rel":"","context":"&quot;Avrupa Kupalar\u0131&quot; i\u00e7inde","block_context":{"text":"Avrupa Kupalar\u0131","link":"https:\/\/sarimelekler.biz\/?cat=1"},"img":{"alt_text":"","src":"https:\/\/i0.wp.com\/sarimelekler.biz\/wp-content\/uploads\/2021\/01\/04-20-21-CL-1.jpg?resize=350%2C200&ssl=1","width":350,"height":200,"srcset":"https:\/\/i0.wp.com\/sarimelekler.biz\/wp-content\/uploads\/2021\/01\/04-20-21-CL-1.jpg?resize=350%2C200&ssl=1 1x, https:\/\/i0.wp.com\/sarimelekler.biz\/wp-content\/uploads\/2021\/01\/04-20-21-CL-1.jpg?resize=525%2C300&ssl=1 1.5x, https:\/\/i0.wp.com\/sarimelekler.biz\/wp-content\/uploads\/2021\/01\/04-20-21-CL-1.jpg?resize=700%2C400&ssl=1 2x, https:\/\/i0.wp.com\/sarimelekler.biz\/wp-content\/uploads\/2021\/01\/04-20-21-CL-1.jpg?resize=1050%2C600&ssl=1 3x, https:\/\/i0.wp.com\/sarimelekler.biz\/wp-content\/uploads\/2021\/01\/04-20-21-CL-1.jpg?resize=1400%2C800&ssl=1 4x"},"classes":[]},{"id":3619,"url":"https:\/\/sarimelekler.biz\/?p=3619","url_meta":{"origin":3285,"position":3},"title":"D\u00f6rtl\u00fc Finallere Son Ad\u0131m","author":"Edit\u00f6r","date":"3 Nisan 2017","format":false,"excerpt":"Fenerbah\u00e7e Bayan Voleybol Tak\u0131m\u0131m\u0131z CEV \u015eampiyonlar Ligi 6'l\u0131 Play-Off Turu 2. ma\u00e7\u0131nda bug\u00fcn\u00a0(04.04.2017) Eczac\u0131ba\u015f\u0131 Vitra ile kar\u015f\u0131la\u015f\u0131yor. \u00a0\u0130lk ma\u00e7\u0131 3-2 kazanan tak\u0131m\u0131m\u0131z k\u00fc\u00e7\u00fck bir avantajla bu ma\u00e7a \u00e7\u0131k\u0131yor. Burhan Felek Voleybol Salonunda oynanacak ma\u00e7 saat:19:00\u2019de ba\u015flayacak ve D-Smart\u2019tan yay\u0131nlanacak. \u00a0Ma\u00e7 ayr\u0131ca www.laola1.tv isimli internet sitesinde de yay\u0131nlanacak olup, \u00fclkemizde mevcut\u2026","rel":"","context":"&quot;Avrupa Kupalar\u0131&quot; i\u00e7inde","block_context":{"text":"Avrupa Kupalar\u0131","link":"https:\/\/sarimelekler.biz\/?cat=1"},"img":{"alt_text":"","src":"https:\/\/i0.wp.com\/sarimelekler.biz\/wp-content\/uploads\/2017\/04\/de6p8758_55164_5976366.jpg?resize=350%2C200&ssl=1","width":350,"height":200,"srcset":"https:\/\/i0.wp.com\/sarimelekler.biz\/wp-content\/uploads\/2017\/04\/de6p8758_55164_5976366.jpg?resize=350%2C200&ssl=1 1x, https:\/\/i0.wp.com\/sarimelekler.biz\/wp-content\/uploads\/2017\/04\/de6p8758_55164_5976366.jpg?resize=525%2C300&ssl=1 1.5x, https:\/\/i0.wp.com\/sarimelekler.biz\/wp-content\/uploads\/2017\/04\/de6p8758_55164_5976366.jpg?resize=700%2C400&ssl=1 2x, https:\/\/i0.wp.com\/sarimelekler.biz\/wp-content\/uploads\/2017\/04\/de6p8758_55164_5976366.jpg?resize=1050%2C600&ssl=1 3x, https:\/\/i0.wp.com\/sarimelekler.biz\/wp-content\/uploads\/2017\/04\/de6p8758_55164_5976366.jpg?resize=1400%2C800&ssl=1 4x"},"classes":[]},{"id":3624,"url":"https:\/\/sarimelekler.biz\/?p=3624","url_meta":{"origin":3285,"position":4},"title":"Avrupa&#8217;ya Veda Ettik","author":"Edit\u00f6r","date":"5 Nisan 2017","format":false,"excerpt":"Fenerbah\u00e7e:1 - Eczac\u0131ba\u015f\u0131 Vitra:3 Fenerbah\u00e7e Bayan Voleybol Tak\u0131m\u0131m\u0131z CEV \u015eampiyonlar Ligi 6'l\u0131 Play-Off Turu 2. ma\u00e7\u0131nda ev sahibi s\u0131fat\u0131yla kar\u015f\u0131la\u015ft\u0131\u011f\u0131 Eczac\u0131ba\u015f\u0131 Vitra tak\u0131m\u0131na 31 - 29, 14 - 25, 25 - 27, 23 \u2013 25\u2019lik set skorlar\u0131yla 3-1 yenilerek ilk ma\u00e7\u0131 3-2 kazanmas\u0131na ra\u011fmen \u015eampiyonlar Ligine d\u00f6rtl\u00fc finaller \u00f6ncesi veda\u2026","rel":"","context":"&quot;Avrupa Kupalar\u0131&quot; i\u00e7inde","block_context":{"text":"Avrupa Kupalar\u0131","link":"https:\/\/sarimelekler.biz\/?cat=1"},"img":{"alt_text":"","src":"https:\/\/i0.wp.com\/sarimelekler.biz\/wp-content\/uploads\/2017\/04\/190755_DE6P9367.jpg?resize=350%2C200&ssl=1","width":350,"height":200,"srcset":"https:\/\/i0.wp.com\/sarimelekler.biz\/wp-content\/uploads\/2017\/04\/190755_DE6P9367.jpg?resize=350%2C200&ssl=1 1x, https:\/\/i0.wp.com\/sarimelekler.biz\/wp-content\/uploads\/2017\/04\/190755_DE6P9367.jpg?resize=525%2C300&ssl=1 1.5x, https:\/\/i0.wp.com\/sarimelekler.biz\/wp-content\/uploads\/2017\/04\/190755_DE6P9367.jpg?resize=700%2C400&ssl=1 2x, https:\/\/i0.wp.com\/sarimelekler.biz\/wp-content\/uploads\/2017\/04\/190755_DE6P9367.jpg?resize=1050%2C600&ssl=1 3x, https:\/\/i0.wp.com\/sarimelekler.biz\/wp-content\/uploads\/2017\/04\/190755_DE6P9367.jpg?resize=1400%2C800&ssl=1 4x"},"classes":[]},{"id":12404,"url":"https:\/\/sarimelekler.biz\/?p=12404","url_meta":{"origin":3285,"position":5},"title":"Fenerbah\u00e7e Opet, CEV \u015eampiyonlar Ligi\u2019ndeki ilk ma\u00e7\u0131na \u00e7\u0131k\u0131yor","author":"Edit\u00f6r","date":"18 Kas\u0131m 2019","format":false,"excerpt":"Kad\u0131n Voleybol Tak\u0131m\u0131m\u0131z Fenerbah\u00e7e Opet\u2019in 2019-2020 Sezonu CEV \u015eampiyonlar Ligi maceras\u0131 ba\u015fl\u0131yor. Tak\u0131m\u0131m\u0131z, CEV \u015eampiyonlar Ligi A Grubu ilk ma\u00e7\u0131nda yar\u0131n saat 17.30\u2019da deplasman tak\u0131m\u0131 olarak Eczac\u0131ba\u015f\u0131 Vitra ile kar\u015f\u0131la\u015facak. Burhan Felek Voleybol Salonu\u2019nda oynanacak m\u00fccadele Spor Smart\u2019tan canl\u0131 olarak ekranlara gelecek. Sar\u0131 Melekler, bir di\u011fer T\u00fcrk temsilcisi Eczaciba\u015f\u0131 Vitra,\u2026","rel":"","context":"&quot;Avrupa Kupalar\u0131&quot; i\u00e7inde","block_context":{"text":"Avrupa Kupalar\u0131","link":"https:\/\/sarimelekler.biz\/?cat=1"},"img":{"alt_text":"","src":"https:\/\/i0.wp.com\/sarimelekler.biz\/wp-content\/uploads\/2019\/10\/3-19-20-21.jpg?resize=350%2C200&ssl=1","width":350,"height":200,"srcset":"https:\/\/i0.wp.com\/sarimelekler.biz\/wp-content\/uploads\/2019\/10\/3-19-20-21.jpg?resize=350%2C200&ssl=1 1x, https:\/\/i0.wp.com\/sarimelekler.biz\/wp-content\/uploads\/2019\/10\/3-19-20-21.jpg?resize=525%2C300&ssl=1 1.5x, https:\/\/i0.wp.com\/sarimelekler.biz\/wp-content\/uploads\/2019\/10\/3-19-20-21.jpg?resize=700%2C400&ssl=1 2x, https:\/\/i0.wp.com\/sarimelekler.biz\/wp-content\/uploads\/2019\/10\/3-19-20-21.jpg?resize=1050%2C600&ssl=1 3x, https:\/\/i0.wp.com\/sarimelekler.biz\/wp-content\/uploads\/2019\/10\/3-19-20-21.jpg?resize=1400%2C800&ssl=1 4x"},"classes":[]}],"_links":{"self":[{"href":"https:\/\/sarimelekler.biz\/index.php?rest_route=\/wp\/v2\/posts\/3285","targetHints":{"allow":["GET"]}}],"collection":[{"href":"https:\/\/sarimelekler.biz\/index.php?rest_route=\/wp\/v2\/posts"}],"about":[{"href":"https:\/\/sarimelekler.biz\/index.php?rest_route=\/wp\/v2\/types\/post"}],"author":[{"embeddable":true,"href":"https:\/\/sarimelekler.biz\/index.php?rest_route=\/wp\/v2\/users\/1"}],"replies":[{"embeddable":true,"href":"https:\/\/sarimelekler.biz\/index.php?rest_route=%2Fwp%2Fv2%2Fcomments&post=3285"}],"version-history":[{"count":1,"href":"https:\/\/sarimelekler.biz\/index.php?rest_route=\/wp\/v2\/posts\/3285\/revisions"}],"predecessor-version":[{"id":3287,"href":"https:\/\/sarimelekler.biz\/index.php?rest_route=\/wp\/v2\/posts\/3285\/revisions\/3287"}],"wp:featuredmedia":[{"embeddable":true,"href":"https:\/\/sarimelekler.biz\/index.php?rest_route=\/wp\/v2\/media\/3286"}],"wp:attachment":[{"href":"https:\/\/sarimelekler.biz\/index.php?rest_route=%2Fwp%2Fv2%2Fmedia&parent=3285"}],"wp:term":[{"taxonomy":"category","embeddable":true,"href":"https:\/\/sarimelekler.biz\/index.php?rest_route=%2Fwp%2Fv2%2Fcategories&post=3285"},{"taxonomy":"post_tag","embeddable":true,"href":"https:\/\/sarimelekler.biz\/index.php?rest_route=%2Fwp%2Fv2%2Ftags&post=3285"}],"curies":[{"name":"wp","href":"https:\/\/api.w.org\/{rel}","templated":true}]}}