{"id":3315,"date":"2017-03-08T00:05:33","date_gmt":"2017-03-07T22:05:33","guid":{"rendered":"http:\/\/sarimelekler.biz\/?p=3315"},"modified":"2017-03-08T00:05:33","modified_gmt":"2017-03-07T22:05:33","slug":"8-mart-dunya-emekci-kadinlar-gununu-kutlariz","status":"publish","type":"post","link":"https:\/\/sarimelekler.biz\/?p=3315","title":{"rendered":"8 Mart D\u00fcnya Emek\u00e7i Kad\u0131nlar G\u00fcn\u00fc\u2019n\u00fc Kutlar\u0131z."},"content":{"rendered":"<p style=\"text-align: justify;\">Ya\u015fam\u0131m\u0131z\u0131n, do\u011fumdan \u00f6l\u00fcme her an\u0131nda varl\u0131klar\u0131yla onurland\u0131\u011f\u0131m\u0131z, ihtiyac\u0131m\u0131z oldu\u011funda desteklerini esirgemeyen, e\u011fiten, yeti\u015ftiren, bizi biz yapma yolunda y\u00fcreklerindeki sevgi ve \u015fefkati kar\u015f\u0131l\u0131ks\u0131z veren fedakar kad\u0131nlar\u0131m\u0131z\u0131n 8 Mart D\u00fcnya Emek\u00e7i Kad\u0131nlar G\u00fcn\u00fc\u2019n\u00fc kutlar\u0131z. \u0130yi ki Vars\u0131n\u0131z, Ba\u015f\u0131m\u0131z\u0131n Ta\u00e7\u0131s\u0131n\u0131z.<\/p>\n","protected":false},"excerpt":{"rendered":"<p>Ya\u015fam\u0131m\u0131z\u0131n, do\u011fumdan \u00f6l\u00fcme her an\u0131nda varl\u0131klar\u0131yla onurland\u0131\u011f\u0131m\u0131z, ihtiyac\u0131m\u0131z oldu\u011funda desteklerini \u2026 <a class=\"continue-reading-link\" href=\"https:\/\/sarimelekler.biz\/?p=3315\">Okumaya Devam Et.. <span class=\"meta-nav\">&rarr; <\/span><\/a><\/p>\n","protected":false},"author":1,"featured_media":3316,"comment_status":"closed","ping_status":"open","sticky":false,"template":"","format":"standard","meta":{"jetpack_post_was_ever_published":false,"_jetpack_newsletter_access":"","_jetpack_dont_email_post_to_subs":false,"_jetpack_newsletter_tier_id":0,"_jetpack_memberships_contains_paywalled_content":false,"_jetpack_memberships_contains_paid_content":false,"footnotes":"","jetpack_publicize_message":"","jetpack_publicize_feature_enabled":true,"jetpack_social_post_already_shared":true,"jetpack_social_options":{"image_generator_settings":{"template":"highway","default_image_id":0,"font":"","enabled":false},"version":2}},"categories":[8],"tags":[],"class_list":["post-3315","post","type-post","status-publish","format-standard","has-post-thumbnail","hentry","category-duyurular"],"jetpack_publicize_connections":[],"jetpack_featured_media_url":"https:\/\/sarimelekler.biz\/wp-content\/uploads\/2017\/03\/pagekmt.jpg","jetpack_sharing_enabled":true,"jetpack_shortlink":"https:\/\/wp.me\/p8npUZ-Rt","jetpack-related-posts":[{"id":20450,"url":"https:\/\/sarimelekler.biz\/?p=20450","url_meta":{"origin":3315,"position":0},"title":"Zonguldak&#8217;\u0131n \u00c7aycuma \u0130l\u00e7esinde Vargas\u2019\u0131n Heykeli Dikildi","author":"Edit\u00f6r","date":"9 Mart 2024","format":false,"excerpt":"Ge\u00e7ti\u011fimiz sezon Fenerbah\u00e7e Opet Kad\u0131n Voleybol Tak\u0131m\u0131m\u0131z ile lig \u015fampiyonlu\u011fu kazanan, A Milli Kad\u0131n Voleybol Tak\u0131m\u0131m\u0131zla Milletler Ligi ve Avrupa \u015eampiyonlu\u011fu ya\u015fay\u0131p, olimpiyat elemelerinde 7'de 7 yapan tak\u0131m\u0131n bir par\u00e7as\u0131 olan Fenerbah\u00e7e Opet Kad\u0131n Voleybol Tak\u0131m\u0131m\u0131z ve A Milli Kad\u0131n Voleybol Tak\u0131m\u0131m\u0131z\u0131n en \u00f6nemli isimlerinden biri olan voleybolcumuz Melissa Vargas\u2019\u0131n\u2026","rel":"","context":"&quot;Haberler&quot; i\u00e7inde","block_context":{"text":"Haberler","link":"https:\/\/sarimelekler.biz\/?cat=7"},"img":{"alt_text":"","src":"https:\/\/i0.wp.com\/sarimelekler.biz\/wp-content\/uploads\/2024\/03\/Vargas-Heykel-13.jpg?resize=350%2C200&ssl=1","width":350,"height":200,"srcset":"https:\/\/i0.wp.com\/sarimelekler.biz\/wp-content\/uploads\/2024\/03\/Vargas-Heykel-13.jpg?resize=350%2C200&ssl=1 1x, https:\/\/i0.wp.com\/sarimelekler.biz\/wp-content\/uploads\/2024\/03\/Vargas-Heykel-13.jpg?resize=525%2C300&ssl=1 1.5x, https:\/\/i0.wp.com\/sarimelekler.biz\/wp-content\/uploads\/2024\/03\/Vargas-Heykel-13.jpg?resize=700%2C400&ssl=1 2x, https:\/\/i0.wp.com\/sarimelekler.biz\/wp-content\/uploads\/2024\/03\/Vargas-Heykel-13.jpg?resize=1050%2C600&ssl=1 3x, https:\/\/i0.wp.com\/sarimelekler.biz\/wp-content\/uploads\/2024\/03\/Vargas-Heykel-13.jpg?resize=1400%2C800&ssl=1 4x"},"classes":[]},{"id":10306,"url":"https:\/\/sarimelekler.biz\/?p=10306","url_meta":{"origin":3315,"position":1},"title":"Efsanemiz Fenerbah\u00e7eli Sabiha R\u0131fat G\u00fcrayman &#8220;T\u00fcrkiye\u2019nin \u00d6nc\u00fc Kad\u0131nlar\u0131&#8221; Listesinde Yer Ald\u0131","author":"Edit\u00f6r","date":"6 Mart 2019","format":false,"excerpt":"Avrupa Birli\u011fi T\u00fcrkiye Delegasyonu, \u2018T\u00fcrkiye\u2019nin \u00d6nc\u00fc Kad\u0131nlar\u0131\u2019 8 Mart D\u00fcnya Kad\u0131nlar G\u00fcn\u00fc Kampanyas\u0131 ile Avrupa Birli\u011fi\u2019nin de temel de\u011ferlerinden bir tanesi olan toplumsal cinsiyet e\u015fitli\u011fi kapsam\u0131nda, T\u00fcrkiye\u2019de kendi d\u00f6nemlerinde ba\u015far\u0131lar\u0131 ile fark yaratm\u0131\u015f ve gelecek nesillere yol g\u00f6sterip \u00f6nc\u00fc olmu\u015f kad\u0131nlar\u0131 g\u00fcndeme getiriyor. Avrupa Birli\u011fi T\u00fcrkiye Delegasyonu, 8 Mart D\u00fcnya\u2026","rel":"","context":"&quot;\u00d6zel Haberler&quot; i\u00e7inde","block_context":{"text":"\u00d6zel Haberler","link":"https:\/\/sarimelekler.biz\/?cat=21"},"img":{"alt_text":"","src":"https:\/\/i0.wp.com\/sarimelekler.biz\/wp-content\/uploads\/2019\/03\/kapak-2.jpg?resize=350%2C200&ssl=1","width":350,"height":200,"srcset":"https:\/\/i0.wp.com\/sarimelekler.biz\/wp-content\/uploads\/2019\/03\/kapak-2.jpg?resize=350%2C200&ssl=1 1x, https:\/\/i0.wp.com\/sarimelekler.biz\/wp-content\/uploads\/2019\/03\/kapak-2.jpg?resize=525%2C300&ssl=1 1.5x, https:\/\/i0.wp.com\/sarimelekler.biz\/wp-content\/uploads\/2019\/03\/kapak-2.jpg?resize=700%2C400&ssl=1 2x"},"classes":[]},{"id":6078,"url":"https:\/\/sarimelekler.biz\/?p=6078","url_meta":{"origin":3315,"position":2},"title":"Kul\u00fcb\u00fcm\u00fczden 8 Mart D\u00fcnya Kad\u0131nlar G\u00fcn\u00fcne \u00d6zel Uygulama","author":"Edit\u00f6r","date":"7 Mart 2018","format":false,"excerpt":"Kul\u00fcb\u00fcm\u00fcz\u00fcn resmi internet sitesinden yap\u0131lan a\u00e7\u0131klamada 8 Mart D\u00fcnya Kad\u0131nlar g\u00fcn\u00fcnde oynanacak voleybol ma\u00e7lar\u0131na kad\u0131n taraftarlar\u0131m\u0131z\u0131n \u00fccretsiz girebilece\u011fi a\u00e7\u0131kland\u0131. Kul\u00fcb\u00fcm\u00fczden Yap\u0131lan A\u00e7\u0131klama: 8 Mart D\u00fcnya Kad\u0131nlar G\u00fcn\u00fc\u2019nde Metro Enerji Salonu\u2019nda Sultanlar Ligi \u00c7eyrek Final 2. ma\u00e7\u0131na \u00e7\u0131kacak olan Kad\u0131n Voleybol tak\u0131m\u0131m\u0131z\u0131n Bursa B\u015eB ile 16:00\u2019da oynayaca\u011f\u0131 m\u00fccadele ve Efeler Ligi\u2019nde\u2026","rel":"","context":"&quot;Duyurular&quot; i\u00e7inde","block_context":{"text":"Duyurular","link":"https:\/\/sarimelekler.biz\/?cat=8"},"img":{"alt_text":"","src":"https:\/\/i0.wp.com\/sarimelekler.biz\/wp-content\/uploads\/2018\/03\/Ads%C4%B1z.jpg?resize=350%2C200&ssl=1","width":350,"height":200,"srcset":"https:\/\/i0.wp.com\/sarimelekler.biz\/wp-content\/uploads\/2018\/03\/Ads%C4%B1z.jpg?resize=350%2C200&ssl=1 1x, https:\/\/i0.wp.com\/sarimelekler.biz\/wp-content\/uploads\/2018\/03\/Ads%C4%B1z.jpg?resize=525%2C300&ssl=1 1.5x, https:\/\/i0.wp.com\/sarimelekler.biz\/wp-content\/uploads\/2018\/03\/Ads%C4%B1z.jpg?resize=700%2C400&ssl=1 2x, https:\/\/i0.wp.com\/sarimelekler.biz\/wp-content\/uploads\/2018\/03\/Ads%C4%B1z.jpg?resize=1050%2C600&ssl=1 3x, https:\/\/i0.wp.com\/sarimelekler.biz\/wp-content\/uploads\/2018\/03\/Ads%C4%B1z.jpg?resize=1400%2C800&ssl=1 4x"},"classes":[]},{"id":6081,"url":"https:\/\/sarimelekler.biz\/?p=6081","url_meta":{"origin":3315,"position":3},"title":"Sar\u0131 Melekler Yar\u0131 Finalde Fenerbah\u00e7e:3 &#8211; Bursa B\u015eB:2","author":"Edit\u00f6r","date":"8 Mart 2018","format":false,"excerpt":"Fenerbah\u00e7e Bayan Voleybol Tak\u0131m\u0131m\u0131z Vestel Ven\u00fcs Sultanlar Ligi \u00e7eyrek final ikinci ma\u00e7\u0131nda kar\u015f\u0131la\u015ft\u0131\u011f\u0131 Bursa B\u00fcy\u00fck\u015fehir Belediyespor tak\u0131m\u0131n\u0131 25 \u2013 11, 22 \u2013 25, 32 \u2013 30, 19 \u2013 25 ve 19 \u2013 17\u2019lik set skorlar\u0131yla 3-2 ma\u011flup etti. \u0130lk ma\u00e7\u0131 3-1 kazanan Sar\u0131 Melekler b\u00f6ylelikle yar\u0131 finale y\u00fckselmeye hak kazand\u0131.\u2026","rel":"","context":"&quot;T\u00fcrkiye Ligi&quot; i\u00e7inde","block_context":{"text":"T\u00fcrkiye Ligi","link":"https:\/\/sarimelekler.biz\/?cat=6"},"img":{"alt_text":"","src":"https:\/\/i0.wp.com\/sarimelekler.biz\/wp-content\/uploads\/2018\/03\/de6p7105_59499_6975434.jpg?resize=350%2C200&ssl=1","width":350,"height":200,"srcset":"https:\/\/i0.wp.com\/sarimelekler.biz\/wp-content\/uploads\/2018\/03\/de6p7105_59499_6975434.jpg?resize=350%2C200&ssl=1 1x, https:\/\/i0.wp.com\/sarimelekler.biz\/wp-content\/uploads\/2018\/03\/de6p7105_59499_6975434.jpg?resize=525%2C300&ssl=1 1.5x, https:\/\/i0.wp.com\/sarimelekler.biz\/wp-content\/uploads\/2018\/03\/de6p7105_59499_6975434.jpg?resize=700%2C400&ssl=1 2x, https:\/\/i0.wp.com\/sarimelekler.biz\/wp-content\/uploads\/2018\/03\/de6p7105_59499_6975434.jpg?resize=1050%2C600&ssl=1 3x, https:\/\/i0.wp.com\/sarimelekler.biz\/wp-content\/uploads\/2018\/03\/de6p7105_59499_6975434.jpg?resize=1400%2C800&ssl=1 4x"},"classes":[]},{"id":10450,"url":"https:\/\/sarimelekler.biz\/?p=10450","url_meta":{"origin":3315,"position":4},"title":"Sar\u0131 Meleklere \u00c7i\u00e7ekli Kutlama","author":"Edit\u00f6r","date":"8 Mart 2019","format":false,"excerpt":"Fenerbah\u00e7e Opet Kad\u0131n Voleybol Tak\u0131m\u0131m\u0131z da 8 Mart D\u00fcnya Kad\u0131nlar G\u00fcn\u00fc kutland\u0131. Halkbank ma\u00e7\u0131n\u0131n haz\u0131rl\u0131klar\u0131n\u0131 Derea\u011fz\u0131 Lefter K\u00fc\u00e7\u00fckandonyadis Tesislerimizde s\u00fcrd\u00fcren Tak\u0131m\u0131m\u0131zda antrenman \u00f6ncesinde s\u00fcrpriz bir kutlama ger\u00e7ekle\u015ftirildi. Ba\u015fantren\u00f6r\u00fcm\u00fcz Zoran Terzic ve teknik heyet taraf\u0131ndan oyunculara,\u00a08 Mart D\u00fcnya Kad\u0131nlar G\u00fcn\u00fc dolay\u0131s\u0131yla \u00e7i\u00e7ek verildi. Oyuncular\u0131m\u0131z da toplu halde ellerindeki \u00e7i\u00e7eklerle objektiflerimize poz\u2026","rel":"","context":"&quot;Haberler&quot; i\u00e7inde","block_context":{"text":"Haberler","link":"https:\/\/sarimelekler.biz\/?cat=7"},"img":{"alt_text":"","src":"https:\/\/i0.wp.com\/sarimelekler.biz\/wp-content\/uploads\/2019\/03\/8-Mart-Sar%C4%B1-Melekler-Kapak.jpg?resize=350%2C200&ssl=1","width":350,"height":200,"srcset":"https:\/\/i0.wp.com\/sarimelekler.biz\/wp-content\/uploads\/2019\/03\/8-Mart-Sar%C4%B1-Melekler-Kapak.jpg?resize=350%2C200&ssl=1 1x, https:\/\/i0.wp.com\/sarimelekler.biz\/wp-content\/uploads\/2019\/03\/8-Mart-Sar%C4%B1-Melekler-Kapak.jpg?resize=525%2C300&ssl=1 1.5x, https:\/\/i0.wp.com\/sarimelekler.biz\/wp-content\/uploads\/2019\/03\/8-Mart-Sar%C4%B1-Melekler-Kapak.jpg?resize=700%2C400&ssl=1 2x, https:\/\/i0.wp.com\/sarimelekler.biz\/wp-content\/uploads\/2019\/03\/8-Mart-Sar%C4%B1-Melekler-Kapak.jpg?resize=1050%2C600&ssl=1 3x, https:\/\/i0.wp.com\/sarimelekler.biz\/wp-content\/uploads\/2019\/03\/8-Mart-Sar%C4%B1-Melekler-Kapak.jpg?resize=1400%2C800&ssl=1 4x"},"classes":[]},{"id":13266,"url":"https:\/\/sarimelekler.biz\/?p=13266","url_meta":{"origin":3315,"position":5},"title":"Melis Y\u0131lmaz&#8217;a S\u00fcrpriz Pankart","author":"Edit\u00f6r","date":"9 Mart 2020","format":false,"excerpt":"Tak\u0131m\u0131m\u0131z\u0131n Vestel Venus Sultanlar Ligi 21. haftas\u0131nda kar\u015f\u0131la\u015ft\u0131\u011f\u0131 PTT Spor ma\u00e7\u0131nda oyuncumuz Melis Y\u0131lmaz\u2019a 8 Mart D\u00fcnya Kad\u0131nlar G\u00fcn\u00fcn\u00fc \u00f6zel bir pankart a\u00e7\u0131ld\u0131. Trib\u00fcnlerimizin m\u00fcnferit taraftarlar\u0131ndan Berk S\u00f6z\u00fcer ba\u015far\u0131l\u0131 oyuncumuz Melis Y\u0131lmaz i\u00e7in kendi eme\u011fiyle yapt\u0131\u011f\u0131 pankart\u0131 ma\u00e7tan \u00f6nce trib\u00fcne ast\u0131. Tabi oyuncumuz buna kay\u0131ts\u0131z kalmayarak ma\u00e7 sonu Berk S\u00f6z\u00fcer\u2019e\u2026","rel":"","context":"&quot;Haberler&quot; i\u00e7inde","block_context":{"text":"Haberler","link":"https:\/\/sarimelekler.biz\/?cat=7"},"img":{"alt_text":"","src":"https:\/\/i0.wp.com\/sarimelekler.biz\/wp-content\/uploads\/2020\/03\/Melis-Pankart-1.jpg?resize=350%2C200&ssl=1","width":350,"height":200,"srcset":"https:\/\/i0.wp.com\/sarimelekler.biz\/wp-content\/uploads\/2020\/03\/Melis-Pankart-1.jpg?resize=350%2C200&ssl=1 1x, https:\/\/i0.wp.com\/sarimelekler.biz\/wp-content\/uploads\/2020\/03\/Melis-Pankart-1.jpg?resize=525%2C300&ssl=1 1.5x, https:\/\/i0.wp.com\/sarimelekler.biz\/wp-content\/uploads\/2020\/03\/Melis-Pankart-1.jpg?resize=700%2C400&ssl=1 2x, https:\/\/i0.wp.com\/sarimelekler.biz\/wp-content\/uploads\/2020\/03\/Melis-Pankart-1.jpg?resize=1050%2C600&ssl=1 3x"},"classes":[]}],"_links":{"self":[{"href":"https:\/\/sarimelekler.biz\/index.php?rest_route=\/wp\/v2\/posts\/3315","targetHints":{"allow":["GET"]}}],"collection":[{"href":"https:\/\/sarimelekler.biz\/index.php?rest_route=\/wp\/v2\/posts"}],"about":[{"href":"https:\/\/sarimelekler.biz\/index.php?rest_route=\/wp\/v2\/types\/post"}],"author":[{"embeddable":true,"href":"https:\/\/sarimelekler.biz\/index.php?rest_route=\/wp\/v2\/users\/1"}],"replies":[{"embeddable":true,"href":"https:\/\/sarimelekler.biz\/index.php?rest_route=%2Fwp%2Fv2%2Fcomments&post=3315"}],"version-history":[{"count":1,"href":"https:\/\/sarimelekler.biz\/index.php?rest_route=\/wp\/v2\/posts\/3315\/revisions"}],"predecessor-version":[{"id":3317,"href":"https:\/\/sarimelekler.biz\/index.php?rest_route=\/wp\/v2\/posts\/3315\/revisions\/3317"}],"wp:featuredmedia":[{"embeddable":true,"href":"https:\/\/sarimelekler.biz\/index.php?rest_route=\/wp\/v2\/media\/3316"}],"wp:attachment":[{"href":"https:\/\/sarimelekler.biz\/index.php?rest_route=%2Fwp%2Fv2%2Fmedia&parent=3315"}],"wp:term":[{"taxonomy":"category","embeddable":true,"href":"https:\/\/sarimelekler.biz\/index.php?rest_route=%2Fwp%2Fv2%2Fcategories&post=3315"},{"taxonomy":"post_tag","embeddable":true,"href":"https:\/\/sarimelekler.biz\/index.php?rest_route=%2Fwp%2Fv2%2Ftags&post=3315"}],"curies":[{"name":"wp","href":"https:\/\/api.w.org\/{rel}","templated":true}]}}