{"id":3419,"date":"2017-03-13T22:41:03","date_gmt":"2017-03-13T20:41:03","guid":{"rendered":"http:\/\/sarimelekler.biz\/?p=3419"},"modified":"2017-03-13T23:30:24","modified_gmt":"2017-03-13T21:30:24","slug":"merhabalar","status":"publish","type":"post","link":"https:\/\/sarimelekler.biz\/?p=3419","title":{"rendered":"MERHABALAR"},"content":{"rendered":"<p style=\"text-align: justify;\">Fenerbah\u00e7e Bayan Voleybol tak\u0131m\u0131n\u0131n <strong>Taraftar<\/strong> sitesine Ho\u015f geldiniz.<\/p>\n\n\t\t<style type=\"text\/css\">\n\t\t\t#gallery-1 {\n\t\t\t\tmargin: auto;\n\t\t\t}\n\t\t\t#gallery-1 .gallery-item {\n\t\t\t\tfloat: left;\n\t\t\t\tmargin-top: 10px;\n\t\t\t\ttext-align: center;\n\t\t\t\twidth: 100%;\n\t\t\t}\n\t\t\t#gallery-1 img {\n\t\t\t\tborder: 2px solid #cfcfcf;\n\t\t\t}\n\t\t\t#gallery-1 .gallery-caption {\n\t\t\t\tmargin-left: 0;\n\t\t\t}\n\t\t\t\/* see gallery_shortcode() in wp-includes\/media.php *\/\n\t\t<\/style>\n\t\t<div data-carousel-extra='{&quot;blog_id&quot;:1,&quot;permalink&quot;:&quot;https:\/\/sarimelekler.biz\/?p=3419&quot;}' id='gallery-1' class='gallery galleryid-3419 gallery-columns-1 gallery-size-large'><dl class='gallery-item'>\n\t\t\t<dt class='gallery-icon landscape'>\n\t\t\t\t<a href='https:\/\/sarimelekler.biz\/?attachment_id=3420'><img loading=\"lazy\" decoding=\"async\" width=\"860\" height=\"860\" src=\"https:\/\/sarimelekler.biz\/wp-content\/uploads\/2017\/03\/kar\u015f\u0131lama-1024x1024.jpg\" class=\"attachment-large size-large\" alt=\"\" srcset=\"https:\/\/sarimelekler.biz\/wp-content\/uploads\/2017\/03\/kar\u015f\u0131lama-1024x1024.jpg 1024w, https:\/\/sarimelekler.biz\/wp-content\/uploads\/2017\/03\/kar\u015f\u0131lama-150x150.jpg 150w, https:\/\/sarimelekler.biz\/wp-content\/uploads\/2017\/03\/kar\u015f\u0131lama-300x300.jpg 300w, https:\/\/sarimelekler.biz\/wp-content\/uploads\/2017\/03\/kar\u015f\u0131lama-768x768.jpg 768w, https:\/\/sarimelekler.biz\/wp-content\/uploads\/2017\/03\/kar\u015f\u0131lama.jpg 2000w\" sizes=\"auto, (max-width: 860px) 100vw, 860px\" data-attachment-id=\"3420\" data-permalink=\"https:\/\/sarimelekler.biz\/?attachment_id=3420\" data-orig-file=\"https:\/\/sarimelekler.biz\/wp-content\/uploads\/2017\/03\/kar\u015f\u0131lama.jpg\" data-orig-size=\"2000,2000\" data-comments-opened=\"0\" data-image-meta=\"{&quot;aperture&quot;:&quot;0&quot;,&quot;credit&quot;:&quot;&quot;,&quot;camera&quot;:&quot;&quot;,&quot;caption&quot;:&quot;&quot;,&quot;created_timestamp&quot;:&quot;0&quot;,&quot;copyright&quot;:&quot;&quot;,&quot;focal_length&quot;:&quot;0&quot;,&quot;iso&quot;:&quot;0&quot;,&quot;shutter_speed&quot;:&quot;0&quot;,&quot;title&quot;:&quot;&quot;,&quot;orientation&quot;:&quot;0&quot;}\" data-image-title=\"Kar\u015f\u0131lama\" data-image-description=\"\" data-image-caption=\"\" data-large-file=\"https:\/\/sarimelekler.biz\/wp-content\/uploads\/2017\/03\/kar\u015f\u0131lama-1024x1024.jpg\" \/><\/a>\n\t\t\t<\/dt><\/dl><br style=\"clear: both\" \/>\n\t\t<\/div>\n\n<p style=\"text-align: justify;\">05\/12\/2009 y\u0131l\u0131nda futbol sayfalar\u0131 aras\u0131nda kaybolan Bayan Voleybol haberleri, Bayan Voleybolu hakk\u0131nda arad\u0131klar\u0131m\u0131 bulamamaktan dolay\u0131 yay\u0131n hayat\u0131na ba\u015flatt\u0131\u011f\u0131m, 100 \u00fcye olsa yeter dedi\u011fim facebook sayfam\u0131z \u00e7\u0131\u011f gibi b\u00fcy\u00fcd\u00fc ve \u015fuan i\u00e7in +93.000 \u00fcyeye ula\u015ft\u0131. 8 y\u0131ll\u0131k tecr\u00fcbemizle y\u0131llarca biriktirdi\u011fimiz ar\u015fiv kay\u0131tlar\u0131m\u0131z\u0131 sizinle payla\u015fmak ve daha \u00e7ok kitleye ula\u015fabilmek ad\u0131na bu siteyi a\u00e7maya karar verdim. Sitemizin kurulumunda ve tasar\u0131m\u0131nda hi\u00e7bir profesyonel yard\u0131m al\u0131nmadan tamamen amat\u00f6r ruhla kurulmu\u015ftur. Sitemiz kar amac\u0131 g\u00fcd\u00fclmeden kurulmu\u015f olup herhangi bir reklama yer verilmemi\u015ftir.\u00a0 Sitemizin herhangi bir kurum, kurulu\u015f veya taraftar grubuyla ba\u011flant\u0131s\u0131 olmay\u0131p m\u00fcnferit bir olu\u015fumdur. 2009 \u2013 2010 sezonundan \u00f6nceki verilerimiz d\u00fczenli olmad\u0131\u011f\u0131ndan dolay\u0131 sitemize eklenmemi\u015ftir. Sitemizde yay\u0131nlanan her \u015fey i\u00e7in bilindi\u011fi kadar\u0131yla kaynak belirtilmeye \u00e7al\u0131\u015f\u0131lm\u0131\u015ft\u0131r. Kendisine ait oldu\u011fu d\u00fc\u015f\u00fcn\u00fclen ve kaynaklarda ad\u0131 ge\u00e7meyen ki\u015filer bizimle ileti\u015fime ge\u00e7ebilir. Olumlu ya da olumsuz g\u00f6r\u00fc\u015flerinizi bizimle payla\u015f\u0131rsan\u0131z seviniriz. Umar\u0131z arad\u0131\u011f\u0131n\u0131z bilgilere sitemizden ula\u015fabilirsiniz.<\/p>\n<p style=\"text-align: justify;\">\u0130yi e\u011flenceler dileriz.<\/p>\n<p style=\"text-align: justify;\">Bize Ula\u015f\u0131n:<br \/>\n<strong>bilgi@sarimelekler.biz<\/strong><\/p>\n<p>Bizi Takip Edin<br \/>\n<a href=\"https:\/\/www.facebook.com\/FBbayanvoleybol\" target=\"_blank\">Facebook<\/a><br \/>\n<a href=\"https:\/\/www.facebook.com\/SariMelekler1907\" target=\"_blank\">Facebook<\/a><br \/>\n<a href=\"https:\/\/twitter.com\/sari_melekler\" target=\"_blank\">Twitter<\/a><br \/>\n<a href=\"https:\/\/www.instagram.com\/sari_melekler\/\" target=\"_blank\">\u0130nstagram<\/a><br \/>\n<a href=\"http:\/\/www.youtube.com\/SariMelekler\" target=\"_blank\">Youtube<\/a><\/p>\n<p>\u00c7ubukluyu Sadece S\u0131rt\u0131nda De\u011fil, Ruhunda da Ta\u015f\u0131yanlar\u0131n Sitesidir\u2026.<\/p>\n","protected":false},"excerpt":{"rendered":"<p>Fenerbah\u00e7e Bayan Voleybol tak\u0131m\u0131n\u0131n Taraftar sitesine Ho\u015f geldiniz. 05\/12\/2009 y\u0131l\u0131nda \u2026 <a class=\"continue-reading-link\" href=\"https:\/\/sarimelekler.biz\/?p=3419\">Okumaya Devam Et.. <span class=\"meta-nav\">&rarr; <\/span><\/a><\/p>\n","protected":false},"author":1,"featured_media":3420,"comment_status":"closed","ping_status":"open","sticky":false,"template":"","format":"standard","meta":{"jetpack_post_was_ever_published":false,"_jetpack_newsletter_access":"","_jetpack_dont_email_post_to_subs":true,"_jetpack_newsletter_tier_id":0,"_jetpack_memberships_contains_paywalled_content":false,"_jetpack_memberships_contains_paid_content":false,"footnotes":"","jetpack_publicize_message":"","jetpack_publicize_feature_enabled":true,"jetpack_social_post_already_shared":true,"jetpack_social_options":{"image_generator_settings":{"template":"highway","default_image_id":0,"font":"","enabled":false},"version":2}},"categories":[8],"tags":[],"class_list":["post-3419","post","type-post","status-publish","format-standard","has-post-thumbnail","hentry","category-duyurular"],"jetpack_publicize_connections":[],"jetpack_featured_media_url":"https:\/\/sarimelekler.biz\/wp-content\/uploads\/2017\/03\/kar\u015f\u0131lama.jpg","jetpack_sharing_enabled":true,"jetpack_shortlink":"https:\/\/wp.me\/p8npUZ-T9","jetpack-related-posts":[{"id":6713,"url":"https:\/\/sarimelekler.biz\/?p=6713","url_meta":{"origin":3419,"position":0},"title":"Sar\u0131 Melekler Sezonu A\u00e7t\u0131","author":"Edit\u00f6r","date":"3 Eyl\u00fcl 2018","format":false,"excerpt":"Fenerbah\u00e7e Bayan Voleybol Tak\u0131m\u0131m\u0131z, yeni sezon \u00e7al\u0131\u015fmalar\u0131na ba\u015flad\u0131. Sezonun ilk antrenman\u0131n\u0131 Voleybol \u015eubemizden Sorumlu Y\u00f6netim Kurulu \u00dcyemiz Simla T\u00fcrker Bayaz\u0131t da takip etti. Gelecek sezon 3 kulvarda birden m\u00fccadele edecek Sar\u0131 Melekler, 2018-2019 sezonun start\u0131n\u0131 bug\u00fcn verdi. Derea\u011fz\u0131 Lefter K\u00fc\u00e7\u00fckandonyadis Tesislerimizde yap\u0131lan antrenman \u00f6ncesi teknik heyet ve oyuncularla bir araya\u2026","rel":"","context":"&quot;Haberler&quot; i\u00e7inde","block_context":{"text":"Haberler","link":"https:\/\/sarimelekler.biz\/?cat=7"},"img":{"alt_text":"","src":"https:\/\/i0.wp.com\/sarimelekler.biz\/wp-content\/uploads\/2018\/09\/sezon-a%C3%A7%C4%B1l%C4%B1%C5%9F%C4%B1-kapak.jpg?resize=350%2C200&ssl=1","width":350,"height":200,"srcset":"https:\/\/i0.wp.com\/sarimelekler.biz\/wp-content\/uploads\/2018\/09\/sezon-a%C3%A7%C4%B1l%C4%B1%C5%9F%C4%B1-kapak.jpg?resize=350%2C200&ssl=1 1x, https:\/\/i0.wp.com\/sarimelekler.biz\/wp-content\/uploads\/2018\/09\/sezon-a%C3%A7%C4%B1l%C4%B1%C5%9F%C4%B1-kapak.jpg?resize=525%2C300&ssl=1 1.5x, https:\/\/i0.wp.com\/sarimelekler.biz\/wp-content\/uploads\/2018\/09\/sezon-a%C3%A7%C4%B1l%C4%B1%C5%9F%C4%B1-kapak.jpg?resize=700%2C400&ssl=1 2x, https:\/\/i0.wp.com\/sarimelekler.biz\/wp-content\/uploads\/2018\/09\/sezon-a%C3%A7%C4%B1l%C4%B1%C5%9F%C4%B1-kapak.jpg?resize=1050%2C600&ssl=1 3x, https:\/\/i0.wp.com\/sarimelekler.biz\/wp-content\/uploads\/2018\/09\/sezon-a%C3%A7%C4%B1l%C4%B1%C5%9F%C4%B1-kapak.jpg?resize=1400%2C800&ssl=1 4x"},"classes":[]},{"id":6538,"url":"https:\/\/sarimelekler.biz\/?p=6538","url_meta":{"origin":3419,"position":1},"title":"Ba\u015far\u0131l\u0131 Voleybolcular\u0131m\u0131z D\u00fcnya Evine Girdi","author":"Edit\u00f6r","date":"7 Temmuz 2018","format":false,"excerpt":"Bayan Voleybol Tak\u0131m\u0131m\u0131z\u0131n oyuncusu Polen Uslupehlivan ile Erkek Voleybol Tak\u0131m\u0131m\u0131z\u0131n oyuncusu \u0130zzet \u00dcnver bug\u00fcn (06.07.2018) d\u00fczenlenen t\u00f6renle evlendi. Kariyerlerinde bir\u00e7ok kez s\u00f6zle\u015fme imzalayan Fenerbah\u00e7emizin 2 ba\u015far\u0131l\u0131 sporcusu, bu defa nikah defterine imza atarak, d\u00fcnya evine girdi. \u00c7iftin \u015fahitliklerini; Ayd\u0131n Fidan ile Tu\u011f\u00e7e Korkmaz yapt\u0131. Voleybolcular\u0131m\u0131z nikah\u0131n ard\u0131ndan g\u00fcvercin u\u00e7urdu. Bu\u2026","rel":"","context":"&quot;Haberler&quot; i\u00e7inde","block_context":{"text":"Haberler","link":"https:\/\/sarimelekler.biz\/?cat=7"},"img":{"alt_text":"","src":"https:\/\/i0.wp.com\/sarimelekler.biz\/wp-content\/uploads\/2018\/07\/Polen-D%C3%BC%C4%9F%C3%BCn-0.jpeg?resize=350%2C200&ssl=1","width":350,"height":200,"srcset":"https:\/\/i0.wp.com\/sarimelekler.biz\/wp-content\/uploads\/2018\/07\/Polen-D%C3%BC%C4%9F%C3%BCn-0.jpeg?resize=350%2C200&ssl=1 1x, https:\/\/i0.wp.com\/sarimelekler.biz\/wp-content\/uploads\/2018\/07\/Polen-D%C3%BC%C4%9F%C3%BCn-0.jpeg?resize=525%2C300&ssl=1 1.5x, https:\/\/i0.wp.com\/sarimelekler.biz\/wp-content\/uploads\/2018\/07\/Polen-D%C3%BC%C4%9F%C3%BCn-0.jpeg?resize=700%2C400&ssl=1 2x, https:\/\/i0.wp.com\/sarimelekler.biz\/wp-content\/uploads\/2018\/07\/Polen-D%C3%BC%C4%9F%C3%BCn-0.jpeg?resize=1050%2C600&ssl=1 3x, https:\/\/i0.wp.com\/sarimelekler.biz\/wp-content\/uploads\/2018\/07\/Polen-D%C3%BC%C4%9F%C3%BCn-0.jpeg?resize=1400%2C800&ssl=1 4x"},"classes":[]},{"id":4109,"url":"https:\/\/sarimelekler.biz\/?p=4109","url_meta":{"origin":3419,"position":2},"title":"Damla \u00c7ak\u0131ro\u011flu: &#8220;Camiaya Kat\u0131ld\u0131\u011f\u0131m \u0130\u00e7in Gururlu ve Mutluyum&#8221;","author":"Edit\u00f6r","date":"17 Haziran 2017","format":false,"excerpt":"Fenerbah\u00e7e Bayan Voleybol Tak\u0131m\u0131m\u0131z\u0131n yeni transferlerinden Damla \u00c7ak\u0131ro\u011flu, transferine ili\u015fkin ilk a\u00e7\u0131klamalar\u0131 Fenerbah\u00e7e Spor Kul\u00fcb\u00fcm\u00fcz Resmi \u0130nternet Sitesine yapt\u0131. Yeni transfer Damla \u00c7ak\u0131ro\u011flu, bug\u00fcn Fenerbah\u00e7e Derea\u011fz\u0131 Lefter K\u00fc\u00e7\u00fckandonyadis Tesisleri\u2019ne geldi, \u015fube yetkilileriyle tan\u0131\u015ft\u0131 ve tesisleri gezdi. Resmi \u0130nternet Sitemize de a\u00e7\u0131klamalar yapan Damla \u00c7ak\u0131ro\u011flu, \u201cB\u00f6ylesine b\u00fcy\u00fck bir camiaya kat\u0131ld\u0131\u011f\u0131m i\u00e7in\u2026","rel":"","context":"&quot;T\u00fcrkiye Ligi&quot; i\u00e7inde","block_context":{"text":"T\u00fcrkiye Ligi","link":"https:\/\/sarimelekler.biz\/?cat=6"},"img":{"alt_text":"","src":"https:\/\/i0.wp.com\/sarimelekler.biz\/wp-content\/uploads\/2017\/06\/db6_56320_5370853.jpg?resize=350%2C200&ssl=1","width":350,"height":200,"srcset":"https:\/\/i0.wp.com\/sarimelekler.biz\/wp-content\/uploads\/2017\/06\/db6_56320_5370853.jpg?resize=350%2C200&ssl=1 1x, https:\/\/i0.wp.com\/sarimelekler.biz\/wp-content\/uploads\/2017\/06\/db6_56320_5370853.jpg?resize=525%2C300&ssl=1 1.5x, https:\/\/i0.wp.com\/sarimelekler.biz\/wp-content\/uploads\/2017\/06\/db6_56320_5370853.jpg?resize=700%2C400&ssl=1 2x, https:\/\/i0.wp.com\/sarimelekler.biz\/wp-content\/uploads\/2017\/06\/db6_56320_5370853.jpg?resize=1050%2C600&ssl=1 3x, https:\/\/i0.wp.com\/sarimelekler.biz\/wp-content\/uploads\/2017\/06\/db6_56320_5370853.jpg?resize=1400%2C800&ssl=1 4x"},"classes":[]},{"id":6460,"url":"https:\/\/sarimelekler.biz\/?p=6460","url_meta":{"origin":3419,"position":3},"title":"Tak\u0131m\u0131m\u0131z\u0131n Yeni Transferleri A\u00e7\u0131kland\u0131.","author":"Edit\u00f6r","date":"29 Haziran 2018","format":false,"excerpt":"Fenerbah\u00e7e Spor Kul\u00fcb\u00fcm\u00fczde g\u00f6rev da\u011f\u0131l\u0131m\u0131n\u0131n yap\u0131lmas\u0131ndan sonra bayan voleybol tak\u0131m\u0131m\u0131z\u0131n yeni transferlerini kul\u00fcb\u00fcm\u00fcz\u00fcn resmi internet sitesinden a\u00e7\u0131klad\u0131. Yap\u0131lan a\u00e7\u0131klamada: Ba\u015fantren\u00f6r g\u00f6revi i\u00e7in S\u0131rp Zoran Terzic ile, Volero Zurih\u2019in 1987 do\u011fumlu, 185 cm boyundaki S\u0131rp pas\u00f6r\u00fc Ana Antonijevic ile, Seramiksan\u2019\u0131n 1996 do\u011fumlu ve 185 cm boyundaki pas\u00f6r\u00fc S\u0131la \u00c7al\u0131\u015fkan ile, Volero\u2026","rel":"","context":"&quot;Avrupa Kupalar\u0131&quot; i\u00e7inde","block_context":{"text":"Avrupa Kupalar\u0131","link":"https:\/\/sarimelekler.biz\/?cat=1"},"img":{"alt_text":"","src":"https:\/\/i0.wp.com\/sarimelekler.biz\/wp-content\/uploads\/2018\/06\/yeni-trasferler2.jpg?resize=350%2C200&ssl=1","width":350,"height":200,"srcset":"https:\/\/i0.wp.com\/sarimelekler.biz\/wp-content\/uploads\/2018\/06\/yeni-trasferler2.jpg?resize=350%2C200&ssl=1 1x, https:\/\/i0.wp.com\/sarimelekler.biz\/wp-content\/uploads\/2018\/06\/yeni-trasferler2.jpg?resize=525%2C300&ssl=1 1.5x, https:\/\/i0.wp.com\/sarimelekler.biz\/wp-content\/uploads\/2018\/06\/yeni-trasferler2.jpg?resize=700%2C400&ssl=1 2x"},"classes":[]},{"id":6319,"url":"https:\/\/sarimelekler.biz\/?p=6319","url_meta":{"origin":3419,"position":4},"title":"Transfer G\u00fcndemimizdeki Samantha Bricio&#8217;nun Hayat\u0131n\u0131 De\u011fi\u015ftiren \u0130nce Detay (\u00d6zel Haber)","author":"Edit\u00f6r","date":"15 Nisan 2018","format":false,"excerpt":"Ge\u00e7ti\u011fimiz g\u00fcnlerde voleybola dair haber yapan voleybol sitelerinin\/sosyal medya hesaplar\u0131n bir\u00e7o\u011funda son 2 sezondur \u0130talya\u2019n\u0131n Imoco Conegliano tak\u0131m\u0131nda forma giyen Meksikal\u0131 milli oyuncu Samantha Bricio\u2019nun tak\u0131m\u0131m\u0131za transfer edildi\u011fine dair haberler yay\u0131nland\u0131. Ayr\u0131ca bir \u00e7ok voleybol oyuncusunun takibinde olan Penivo Menajerlik resmi instagram hesab\u0131n\u0131n 13.04.2018 g\u00fcn\u00fc payla\u015f\u0131m yapt\u0131\u011f\u0131 Samantha Bricio foto\u011fraf\u0131n\u0131n\u2026","rel":"","context":"&quot;\u00d6zel Haberler&quot; i\u00e7inde","block_context":{"text":"\u00d6zel Haberler","link":"https:\/\/sarimelekler.biz\/?cat=21"},"img":{"alt_text":"","src":"https:\/\/i0.wp.com\/sarimelekler.biz\/wp-content\/uploads\/2018\/04\/samantha-bricio-mvp.jpg?resize=350%2C200&ssl=1","width":350,"height":200,"srcset":"https:\/\/i0.wp.com\/sarimelekler.biz\/wp-content\/uploads\/2018\/04\/samantha-bricio-mvp.jpg?resize=350%2C200&ssl=1 1x, https:\/\/i0.wp.com\/sarimelekler.biz\/wp-content\/uploads\/2018\/04\/samantha-bricio-mvp.jpg?resize=525%2C300&ssl=1 1.5x, https:\/\/i0.wp.com\/sarimelekler.biz\/wp-content\/uploads\/2018\/04\/samantha-bricio-mvp.jpg?resize=700%2C400&ssl=1 2x, https:\/\/i0.wp.com\/sarimelekler.biz\/wp-content\/uploads\/2018\/04\/samantha-bricio-mvp.jpg?resize=1050%2C600&ssl=1 3x, https:\/\/i0.wp.com\/sarimelekler.biz\/wp-content\/uploads\/2018\/04\/samantha-bricio-mvp.jpg?resize=1400%2C800&ssl=1 4x"},"classes":[]},{"id":9633,"url":"https:\/\/sarimelekler.biz\/?p=9633","url_meta":{"origin":3419,"position":5},"title":"2018-19 Ara Transfer D\u00f6nemi Hakk\u0131nda","author":"Edit\u00f6r","date":"8 Ocak 2019","format":false,"excerpt":"Ocak ay\u0131n\u0131n girmesiyle birlikte a\u00e7\u0131lan 2018 \u2013 2019 Sultanlar Ligi ara transfer d\u00f6neminde, Voleybolu takip eden taraftarlar\u0131m\u0131z taraf\u0131ndan, Fenerbah\u00e7e Opet Kad\u0131n Voleybol tak\u0131m\u0131m\u0131z\u0131n herhangi bir mevkisine transfer yap\u0131l\u0131p yap\u0131lmayaca\u011f\u0131 \u00fcst seviyede tart\u0131\u015f\u0131lmaya ba\u015flad\u0131. Bunun \u00fczerine 06.01.2019 g\u00fcn\u00fc yapt\u0131\u011f\u0131m\u0131z ara\u015ft\u0131rmada, kul\u00fcb\u00fcm\u00fcz\u00fcn ara transfer d\u00f6neminde herhangi bir oyuncu alma niyetinde olmad\u0131\u011f\u0131, hocam\u0131z\u0131n\u2026","rel":"","context":"&quot;\u00d6zel Haberler&quot; i\u00e7inde","block_context":{"text":"\u00d6zel Haberler","link":"https:\/\/sarimelekler.biz\/?cat=21"},"img":{"alt_text":"","src":"https:\/\/i0.wp.com\/sarimelekler.biz\/wp-content\/uploads\/2018\/12\/Opet-3.jpg?resize=350%2C200&ssl=1","width":350,"height":200,"srcset":"https:\/\/i0.wp.com\/sarimelekler.biz\/wp-content\/uploads\/2018\/12\/Opet-3.jpg?resize=350%2C200&ssl=1 1x, https:\/\/i0.wp.com\/sarimelekler.biz\/wp-content\/uploads\/2018\/12\/Opet-3.jpg?resize=525%2C300&ssl=1 1.5x, https:\/\/i0.wp.com\/sarimelekler.biz\/wp-content\/uploads\/2018\/12\/Opet-3.jpg?resize=700%2C400&ssl=1 2x, https:\/\/i0.wp.com\/sarimelekler.biz\/wp-content\/uploads\/2018\/12\/Opet-3.jpg?resize=1050%2C600&ssl=1 3x"},"classes":[]}],"_links":{"self":[{"href":"https:\/\/sarimelekler.biz\/index.php?rest_route=\/wp\/v2\/posts\/3419","targetHints":{"allow":["GET"]}}],"collection":[{"href":"https:\/\/sarimelekler.biz\/index.php?rest_route=\/wp\/v2\/posts"}],"about":[{"href":"https:\/\/sarimelekler.biz\/index.php?rest_route=\/wp\/v2\/types\/post"}],"author":[{"embeddable":true,"href":"https:\/\/sarimelekler.biz\/index.php?rest_route=\/wp\/v2\/users\/1"}],"replies":[{"embeddable":true,"href":"https:\/\/sarimelekler.biz\/index.php?rest_route=%2Fwp%2Fv2%2Fcomments&post=3419"}],"version-history":[{"count":3,"href":"https:\/\/sarimelekler.biz\/index.php?rest_route=\/wp\/v2\/posts\/3419\/revisions"}],"predecessor-version":[{"id":3424,"href":"https:\/\/sarimelekler.biz\/index.php?rest_route=\/wp\/v2\/posts\/3419\/revisions\/3424"}],"wp:featuredmedia":[{"embeddable":true,"href":"https:\/\/sarimelekler.biz\/index.php?rest_route=\/wp\/v2\/media\/3420"}],"wp:attachment":[{"href":"https:\/\/sarimelekler.biz\/index.php?rest_route=%2Fwp%2Fv2%2Fmedia&parent=3419"}],"wp:term":[{"taxonomy":"category","embeddable":true,"href":"https:\/\/sarimelekler.biz\/index.php?rest_route=%2Fwp%2Fv2%2Fcategories&post=3419"},{"taxonomy":"post_tag","embeddable":true,"href":"https:\/\/sarimelekler.biz\/index.php?rest_route=%2Fwp%2Fv2%2Ftags&post=3419"}],"curies":[{"name":"wp","href":"https:\/\/api.w.org\/{rel}","templated":true}]}}