{"id":3455,"date":"2017-03-22T22:13:30","date_gmt":"2017-03-22T20:13:30","guid":{"rendered":"http:\/\/sarimelekler.biz\/?p=3455"},"modified":"2017-03-22T23:53:29","modified_gmt":"2017-03-22T21:53:29","slug":"zafere-inaniyoruz","status":"publish","type":"post","link":"https:\/\/sarimelekler.biz\/?p=3455","title":{"rendered":"Zafere \u0130nan\u0131yoruz"},"content":{"rendered":"\n\t\t<style type=\"text\/css\">\n\t\t\t#gallery-1 {\n\t\t\t\tmargin: auto;\n\t\t\t}\n\t\t\t#gallery-1 .gallery-item {\n\t\t\t\tfloat: left;\n\t\t\t\tmargin-top: 10px;\n\t\t\t\ttext-align: center;\n\t\t\t\twidth: 100%;\n\t\t\t}\n\t\t\t#gallery-1 img {\n\t\t\t\tborder: 2px solid #cfcfcf;\n\t\t\t}\n\t\t\t#gallery-1 .gallery-caption {\n\t\t\t\tmargin-left: 0;\n\t\t\t}\n\t\t\t\/* see gallery_shortcode() in wp-includes\/media.php *\/\n\t\t<\/style>\n\t\t<div data-carousel-extra='{&quot;blog_id&quot;:1,&quot;permalink&quot;:&quot;https:\/\/sarimelekler.biz\/?p=3455&quot;}' id='gallery-1' class='gallery galleryid-3455 gallery-columns-1 gallery-size-large'><dl class='gallery-item'>\n\t\t\t<dt class='gallery-icon landscape'>\n\t\t\t\t<a href='https:\/\/sarimelekler.biz\/?attachment_id=3456'><img loading=\"lazy\" decoding=\"async\" width=\"860\" height=\"573\" src=\"https:\/\/sarimelekler.biz\/wp-content\/uploads\/2017\/03\/17156208_10154518000922857_4521772233773618780_n-1.jpg\" class=\"attachment-large size-large\" alt=\"\" srcset=\"https:\/\/sarimelekler.biz\/wp-content\/uploads\/2017\/03\/17156208_10154518000922857_4521772233773618780_n-1.jpg 960w, https:\/\/sarimelekler.biz\/wp-content\/uploads\/2017\/03\/17156208_10154518000922857_4521772233773618780_n-1-300x200.jpg 300w, https:\/\/sarimelekler.biz\/wp-content\/uploads\/2017\/03\/17156208_10154518000922857_4521772233773618780_n-1-768x512.jpg 768w, https:\/\/sarimelekler.biz\/wp-content\/uploads\/2017\/03\/17156208_10154518000922857_4521772233773618780_n-1-150x100.jpg 150w\" sizes=\"auto, (max-width: 860px) 100vw, 860px\" data-attachment-id=\"3456\" data-permalink=\"https:\/\/sarimelekler.biz\/?attachment_id=3456\" data-orig-file=\"https:\/\/sarimelekler.biz\/wp-content\/uploads\/2017\/03\/17156208_10154518000922857_4521772233773618780_n-1.jpg\" data-orig-size=\"960,640\" data-comments-opened=\"0\" data-image-meta=\"{&quot;aperture&quot;:&quot;0&quot;,&quot;credit&quot;:&quot;TOLGA FERHATOGLU&quot;,&quot;camera&quot;:&quot;&quot;,&quot;caption&quot;:&quot;&quot;,&quot;created_timestamp&quot;:&quot;0&quot;,&quot;copyright&quot;:&quot;&quot;,&quot;focal_length&quot;:&quot;0&quot;,&quot;iso&quot;:&quot;0&quot;,&quot;shutter_speed&quot;:&quot;0&quot;,&quot;title&quot;:&quot;&quot;,&quot;orientation&quot;:&quot;0&quot;}\" data-image-title=\"17156208_10154518000922857_4521772233773618780_n\" data-image-description=\"\" data-image-caption=\"\" data-large-file=\"https:\/\/sarimelekler.biz\/wp-content\/uploads\/2017\/03\/17156208_10154518000922857_4521772233773618780_n-1.jpg\" \/><\/a>\n\t\t\t<\/dt><\/dl><br style=\"clear: both\" \/>\n\t\t<\/div>\n\n<p style=\"text-align: justify;\">Fenerbah\u00e7e Bayan Voleybol Tak\u0131m\u0131m\u0131z CEV \u015eampiyonlar Ligi 6&#8217;l\u0131 Play-Off Turu 1.Ma\u00e7\u0131nda bug\u00fcn\u00a0(23.03.2017) Eczac\u0131ba\u015f\u0131 Vitra ile deplasman tak\u0131m\u0131 s\u0131fat\u0131yla kar\u015f\u0131la\u015f\u0131yor. \u00a0Sar\u0131 Meleklerimiz grubunda oynad\u0131\u011f\u0131 6 ma\u00e7\u0131 da kazanarak grup lideri olarak 6\u2019l\u0131 play off turuna y\u00fckselirken rakip\u00a0 Eczac\u0131ba\u015f\u0131 Vitra ise grubunda oynad\u0131\u011f\u0131\u00a0 6 ma\u00e7\u0131n 4\u2019n\u00fc kazanarak en iyi iki grup ikincisinden biri olarak 6\u2019l\u0131 play off turuna y\u00fckselmi\u015fti. Burhan Felek Voleybol Salonunda oynanacak ma\u00e7 saat:18:00\u2019de ba\u015flayacak ve D-Smart\u2019tan yay\u0131nlanacak. Ma\u00e7 ayr\u0131ca www.laola1.tv isimli internet sitesinde de yay\u0131nlanacak olup, \u00fclkemizde mevcut bir yay\u0131n hakk\u0131 sahibi oldu\u011fundan dolay\u0131 \u00fclkemize yay\u0131n kapal\u0131 olacakt\u0131r. <span data-offset-key=\"en22d-0-0\">Ma\u00e7 biletini Salon gi\u015fesinden temin edebilirsiniz.<\/span>\u00a0Sar\u0131 Meleklerimize bu zorlu ma\u00e7ta ba\u015far\u0131lar diliyoruz.<\/p>\n","protected":false},"excerpt":{"rendered":"<p>Fenerbah\u00e7e Bayan Voleybol Tak\u0131m\u0131m\u0131z CEV \u015eampiyonlar Ligi 6&#8217;l\u0131 Play-Off Turu \u2026 <a class=\"continue-reading-link\" href=\"https:\/\/sarimelekler.biz\/?p=3455\">Okumaya Devam Et.. <span class=\"meta-nav\">&rarr; <\/span><\/a><\/p>\n","protected":false},"author":1,"featured_media":3456,"comment_status":"closed","ping_status":"open","sticky":false,"template":"","format":"standard","meta":{"jetpack_post_was_ever_published":false,"_jetpack_newsletter_access":"","_jetpack_dont_email_post_to_subs":true,"_jetpack_newsletter_tier_id":0,"_jetpack_memberships_contains_paywalled_content":false,"_jetpack_memberships_contains_paid_content":false,"footnotes":"","jetpack_publicize_message":"","jetpack_publicize_feature_enabled":true,"jetpack_social_post_already_shared":true,"jetpack_social_options":{"image_generator_settings":{"template":"highway","default_image_id":0,"font":"","enabled":false},"version":2}},"categories":[1],"tags":[],"class_list":["post-3455","post","type-post","status-publish","format-standard","has-post-thumbnail","hentry","category-avp"],"jetpack_publicize_connections":[],"jetpack_featured_media_url":"https:\/\/sarimelekler.biz\/wp-content\/uploads\/2017\/03\/17156208_10154518000922857_4521772233773618780_n-1.jpg","jetpack_sharing_enabled":true,"jetpack_shortlink":"https:\/\/wp.me\/p8npUZ-TJ","jetpack-related-posts":[{"id":3285,"url":"https:\/\/sarimelekler.biz\/?p=3285","url_meta":{"origin":3455,"position":0},"title":"\u015eampiyonlar Ligi 6&#8217;l\u0131 Playoff Turunda Rakibimiz Eczac\u0131ba\u015f\u0131 Vitra","author":"Edit\u00f6r","date":"3 Mart 2017","format":false,"excerpt":"#Sar\u0131Melekler \u015eampiyonlar Ligi 6'l\u0131 Playoff turunda Eczac\u0131ba\u015f\u0131 Vitra ile e\u015fle\u015fti. Fenerbah\u00e7e Bayan Voleybol tak\u0131m\u0131m\u0131z Grubunda oynad\u0131\u011f\u0131 6 ma\u00e7\u0131 da kazanarak grup lideri olarak 6'l\u0131 play off turuna y\u00fckselirken rakip \u00a0Eczac\u0131ba\u015f\u0131 Vitra\u00a0ise grubunda oynad\u0131\u011f\u0131 \u00a06 ma\u00e7\u0131n 4'n\u00fc kazanarak en iyi iki grup ikincisinden biri olarak 6'l\u0131 play off turuna y\u00fckseldi. Ma\u00e7lar\u2026","rel":"","context":"&quot;Avrupa Kupalar\u0131&quot; i\u00e7inde","block_context":{"text":"Avrupa Kupalar\u0131","link":"https:\/\/sarimelekler.biz\/?cat=1"},"img":{"alt_text":"","src":"https:\/\/i0.wp.com\/sarimelekler.biz\/wp-content\/uploads\/2017\/03\/17022048_10154424364041903_365293319641349759_n.jpg?resize=350%2C200&ssl=1","width":350,"height":200},"classes":[]},{"id":15254,"url":"https:\/\/sarimelekler.biz\/?p=15254","url_meta":{"origin":3455,"position":1},"title":"Fenerbah\u00e7e Opet\u2019in \u015eampiyonlar Ligi \u00c7eyrek Finaldeki Rakibi  Igor Gorgonzola Novara Oldu.","author":"Edit\u00f6r","date":"12 \u015eubat 2021","format":false,"excerpt":"Fenerbah\u00e7e Opet Kad\u0131n Voleybol Tak\u0131m\u0131m\u0131z\u0131n CEV Kad\u0131nlar \u015eampiyonlar Ligi \u00e7eyrek finaldeki rakibi belli oldu. CEV Kad\u0131nlar \u015eampiyonlar Ligi\u2019nde B Grubu\u2019nu ikinci s\u0131rada bitiren Sar\u0131 Melekler,\u00a0 E Grubu\u2019nu lider tamamlayan \u0130talyan ekibi Igor Gorgonzola Novara ile e\u015fle\u015fti. \u0130ki ma\u00e7 \u00fczerinden oynanacak seride rakibine \u00fcst\u00fcnl\u00fck kuran tak\u0131m ad\u0131n\u0131 yar\u0131 finale yazd\u0131racak. Igor\u2026","rel":"","context":"&quot;Avrupa Kupalar\u0131&quot; i\u00e7inde","block_context":{"text":"Avrupa Kupalar\u0131","link":"https:\/\/sarimelekler.biz\/?cat=1"},"img":{"alt_text":"","src":"https:\/\/i0.wp.com\/sarimelekler.biz\/wp-content\/uploads\/2021\/01\/04-20-21-CL-1.jpg?resize=350%2C200&ssl=1","width":350,"height":200,"srcset":"https:\/\/i0.wp.com\/sarimelekler.biz\/wp-content\/uploads\/2021\/01\/04-20-21-CL-1.jpg?resize=350%2C200&ssl=1 1x, https:\/\/i0.wp.com\/sarimelekler.biz\/wp-content\/uploads\/2021\/01\/04-20-21-CL-1.jpg?resize=525%2C300&ssl=1 1.5x, https:\/\/i0.wp.com\/sarimelekler.biz\/wp-content\/uploads\/2021\/01\/04-20-21-CL-1.jpg?resize=700%2C400&ssl=1 2x, https:\/\/i0.wp.com\/sarimelekler.biz\/wp-content\/uploads\/2021\/01\/04-20-21-CL-1.jpg?resize=1050%2C600&ssl=1 3x, https:\/\/i0.wp.com\/sarimelekler.biz\/wp-content\/uploads\/2021\/01\/04-20-21-CL-1.jpg?resize=1400%2C800&ssl=1 4x"},"classes":[]},{"id":3619,"url":"https:\/\/sarimelekler.biz\/?p=3619","url_meta":{"origin":3455,"position":2},"title":"D\u00f6rtl\u00fc Finallere Son Ad\u0131m","author":"Edit\u00f6r","date":"3 Nisan 2017","format":false,"excerpt":"Fenerbah\u00e7e Bayan Voleybol Tak\u0131m\u0131m\u0131z CEV \u015eampiyonlar Ligi 6'l\u0131 Play-Off Turu 2. ma\u00e7\u0131nda bug\u00fcn\u00a0(04.04.2017) Eczac\u0131ba\u015f\u0131 Vitra ile kar\u015f\u0131la\u015f\u0131yor. \u00a0\u0130lk ma\u00e7\u0131 3-2 kazanan tak\u0131m\u0131m\u0131z k\u00fc\u00e7\u00fck bir avantajla bu ma\u00e7a \u00e7\u0131k\u0131yor. Burhan Felek Voleybol Salonunda oynanacak ma\u00e7 saat:19:00\u2019de ba\u015flayacak ve D-Smart\u2019tan yay\u0131nlanacak. \u00a0Ma\u00e7 ayr\u0131ca www.laola1.tv isimli internet sitesinde de yay\u0131nlanacak olup, \u00fclkemizde mevcut\u2026","rel":"","context":"&quot;Avrupa Kupalar\u0131&quot; i\u00e7inde","block_context":{"text":"Avrupa Kupalar\u0131","link":"https:\/\/sarimelekler.biz\/?cat=1"},"img":{"alt_text":"","src":"https:\/\/i0.wp.com\/sarimelekler.biz\/wp-content\/uploads\/2017\/04\/de6p8758_55164_5976366.jpg?resize=350%2C200&ssl=1","width":350,"height":200,"srcset":"https:\/\/i0.wp.com\/sarimelekler.biz\/wp-content\/uploads\/2017\/04\/de6p8758_55164_5976366.jpg?resize=350%2C200&ssl=1 1x, https:\/\/i0.wp.com\/sarimelekler.biz\/wp-content\/uploads\/2017\/04\/de6p8758_55164_5976366.jpg?resize=525%2C300&ssl=1 1.5x, https:\/\/i0.wp.com\/sarimelekler.biz\/wp-content\/uploads\/2017\/04\/de6p8758_55164_5976366.jpg?resize=700%2C400&ssl=1 2x, https:\/\/i0.wp.com\/sarimelekler.biz\/wp-content\/uploads\/2017\/04\/de6p8758_55164_5976366.jpg?resize=1050%2C600&ssl=1 3x, https:\/\/i0.wp.com\/sarimelekler.biz\/wp-content\/uploads\/2017\/04\/de6p8758_55164_5976366.jpg?resize=1400%2C800&ssl=1 4x"},"classes":[]},{"id":10259,"url":"https:\/\/sarimelekler.biz\/?p=10259","url_meta":{"origin":3455,"position":3},"title":"Sar\u0131 Meleklerin \u00e7eyrek finaldeki rakibi \u0130talyan ekibi Savino Del Bene Scandicci tak\u0131m\u0131 oldu.","author":"Edit\u00f6r","date":"1 Mart 2019","format":false,"excerpt":"CEV \u015eampiyonlar Ligi\u2019nde \u00e7eyrek final e\u015fle\u015fmelerinin kura \u00e7ekimi bug\u00fcn saat:15:00\u2019da \u00a0L\u00fcksemburg\u2019ta yap\u0131ld\u0131. Avrupa Voleybol Konfederasyonu (CEV)\u2019nun genel merkezinde ger\u00e7ekle\u015ftirilen kura \u00e7ekiminin ard\u0131ndan Fenerbah\u00e7e Opet Kad\u0131n Voleybol Tak\u0131m\u0131m\u0131z\u0131n \u00e7eyrek final turundaki rakibi \u0130talyan ekibi Savino Del Bene Scandicci oldu. 2019 CEV \u015eampiyonlar Ligi\u2019nde \u00e7eyrek final ilk kar\u015f\u0131la\u015fmalar\u0131 12-14 Mart\u2019ta, r\u00f6van\u015f kar\u015f\u0131la\u015fmalar\u0131\u2026","rel":"","context":"&quot;Avrupa Kupalar\u0131&quot; i\u00e7inde","block_context":{"text":"Avrupa Kupalar\u0131","link":"https:\/\/sarimelekler.biz\/?cat=1"},"img":{"alt_text":"","src":"https:\/\/i0.wp.com\/sarimelekler.biz\/wp-content\/uploads\/2019\/03\/%C3%87eyrek-Final2.jpg?resize=350%2C200&ssl=1","width":350,"height":200,"srcset":"https:\/\/i0.wp.com\/sarimelekler.biz\/wp-content\/uploads\/2019\/03\/%C3%87eyrek-Final2.jpg?resize=350%2C200&ssl=1 1x, https:\/\/i0.wp.com\/sarimelekler.biz\/wp-content\/uploads\/2019\/03\/%C3%87eyrek-Final2.jpg?resize=525%2C300&ssl=1 1.5x, https:\/\/i0.wp.com\/sarimelekler.biz\/wp-content\/uploads\/2019\/03\/%C3%87eyrek-Final2.jpg?resize=700%2C400&ssl=1 2x, https:\/\/i0.wp.com\/sarimelekler.biz\/wp-content\/uploads\/2019\/03\/%C3%87eyrek-Final2.jpg?resize=1050%2C600&ssl=1 3x"},"classes":[]},{"id":3103,"url":"https:\/\/sarimelekler.biz\/?p=3103","url_meta":{"origin":3455,"position":4},"title":"Sar\u0131 Melekler 6&#8217;l\u0131 Play-Off&#8217;a Y\u00fckseldi","author":"Edit\u00f6r","date":"23 \u015eubat 2017","format":false,"excerpt":"Azerrail Baku:0 - Fenerbah\u00e7e:3 #Sar\u0131Melekler Fenerbah\u00e7e Bayan Voleybol Tak\u0131m\u0131m\u0131z Cev \u015eampiyonlar Ligi 5. ma\u00e7\u0131nda deplasmanda kar\u015f\u0131la\u015ft\u0131\u011f\u0131 Azerbaycan tak\u0131m\u0131 Azerrail Bak\u00fc\u2019y\u00fc 19-25, 16-25 ve 22-25\u2019lik set skorlar\u0131yla 3-0 yenerek grup lideri olarak ad\u0131n\u0131 6'l\u0131 Play Off turuna y\u00fckseldi. Sar\u0131 Meleklerimiz grubunda oynad\u0131\u011f\u0131 5 ma\u00e7\u0131 da kazand\u0131. Ma\u00e7a Eda, Kim, Polen, \u015eeyma,\u2026","rel":"","context":"&quot;Avrupa Kupalar\u0131&quot; i\u00e7inde","block_context":{"text":"Avrupa Kupalar\u0131","link":"https:\/\/sarimelekler.biz\/?cat=1"},"img":{"alt_text":"","src":"https:\/\/i0.wp.com\/sarimelekler.biz\/wp-content\/uploads\/2017\/02\/201611__AIM9395.jpg?resize=350%2C200&ssl=1","width":350,"height":200,"srcset":"https:\/\/i0.wp.com\/sarimelekler.biz\/wp-content\/uploads\/2017\/02\/201611__AIM9395.jpg?resize=350%2C200&ssl=1 1x, https:\/\/i0.wp.com\/sarimelekler.biz\/wp-content\/uploads\/2017\/02\/201611__AIM9395.jpg?resize=525%2C300&ssl=1 1.5x, https:\/\/i0.wp.com\/sarimelekler.biz\/wp-content\/uploads\/2017\/02\/201611__AIM9395.jpg?resize=700%2C400&ssl=1 2x, https:\/\/i0.wp.com\/sarimelekler.biz\/wp-content\/uploads\/2017\/02\/201611__AIM9395.jpg?resize=1050%2C600&ssl=1 3x, https:\/\/i0.wp.com\/sarimelekler.biz\/wp-content\/uploads\/2017\/02\/201611__AIM9395.jpg?resize=1400%2C800&ssl=1 4x"},"classes":[]},{"id":13181,"url":"https:\/\/sarimelekler.biz\/?p=13181","url_meta":{"origin":3455,"position":5},"title":"Sar\u0131 Meleklerin \u015eampiyonlar Ligi Ma\u00e7\u0131 Koranavir\u00fcs Salg\u0131n\u0131 Nedeniyle \u0130leri Bir Tarihe Ertelendi.","author":"Edit\u00f6r","date":"1 Mart 2020","format":false,"excerpt":"Fenerbah\u00e7e Opet Kad\u0131n Voleybol Tak\u0131m\u0131m\u0131z Cev \u015eampiyonlar Ligi A grubunda oynad\u0131\u011f\u0131 6 ma\u00e7ta ald\u0131\u011f\u0131 4 galibiyetle grubunu 2. s\u0131rada tamamlay\u0131p \u00e7eyrek finale y\u00fckselmi\u015fti. Yakla\u015f\u0131k 10 g\u00fcnce yap\u0131lan kura \u00e7ekiminde ise Fenerbah\u00e7e Opet Kad\u0131n Voleybol Tak\u0131m\u0131m\u0131z\u0131n, CEV \u015eampiyonlar Ligi \u00e7eyrek finalindeki rakibi \u0130talyan ekibi Igor Gorgonzola Novara olmu\u015ftu. Kura \u00e7ekiminde \u00e7eyrek\u2026","rel":"","context":"&quot;Avrupa Kupalar\u0131&quot; i\u00e7inde","block_context":{"text":"Avrupa Kupalar\u0131","link":"https:\/\/sarimelekler.biz\/?cat=1"},"img":{"alt_text":"","src":"https:\/\/i0.wp.com\/sarimelekler.biz\/wp-content\/uploads\/2017\/11\/cev538_58025_6676227.jpg?resize=350%2C200&ssl=1","width":350,"height":200,"srcset":"https:\/\/i0.wp.com\/sarimelekler.biz\/wp-content\/uploads\/2017\/11\/cev538_58025_6676227.jpg?resize=350%2C200&ssl=1 1x, https:\/\/i0.wp.com\/sarimelekler.biz\/wp-content\/uploads\/2017\/11\/cev538_58025_6676227.jpg?resize=525%2C300&ssl=1 1.5x"},"classes":[]}],"_links":{"self":[{"href":"https:\/\/sarimelekler.biz\/index.php?rest_route=\/wp\/v2\/posts\/3455","targetHints":{"allow":["GET"]}}],"collection":[{"href":"https:\/\/sarimelekler.biz\/index.php?rest_route=\/wp\/v2\/posts"}],"about":[{"href":"https:\/\/sarimelekler.biz\/index.php?rest_route=\/wp\/v2\/types\/post"}],"author":[{"embeddable":true,"href":"https:\/\/sarimelekler.biz\/index.php?rest_route=\/wp\/v2\/users\/1"}],"replies":[{"embeddable":true,"href":"https:\/\/sarimelekler.biz\/index.php?rest_route=%2Fwp%2Fv2%2Fcomments&post=3455"}],"version-history":[{"count":3,"href":"https:\/\/sarimelekler.biz\/index.php?rest_route=\/wp\/v2\/posts\/3455\/revisions"}],"predecessor-version":[{"id":3459,"href":"https:\/\/sarimelekler.biz\/index.php?rest_route=\/wp\/v2\/posts\/3455\/revisions\/3459"}],"wp:featuredmedia":[{"embeddable":true,"href":"https:\/\/sarimelekler.biz\/index.php?rest_route=\/wp\/v2\/media\/3456"}],"wp:attachment":[{"href":"https:\/\/sarimelekler.biz\/index.php?rest_route=%2Fwp%2Fv2%2Fmedia&parent=3455"}],"wp:term":[{"taxonomy":"category","embeddable":true,"href":"https:\/\/sarimelekler.biz\/index.php?rest_route=%2Fwp%2Fv2%2Fcategories&post=3455"},{"taxonomy":"post_tag","embeddable":true,"href":"https:\/\/sarimelekler.biz\/index.php?rest_route=%2Fwp%2Fv2%2Ftags&post=3455"}],"curies":[{"name":"wp","href":"https:\/\/api.w.org\/{rel}","templated":true}]}}