{"id":3608,"date":"2017-04-03T11:24:36","date_gmt":"2017-04-03T08:24:36","guid":{"rendered":"http:\/\/sarimelekler.biz\/?p=3608"},"modified":"2017-04-03T11:31:56","modified_gmt":"2017-04-03T08:31:56","slug":"final-four-icin-elimizden-gelenin-en-iyisini-yapacagiz","status":"publish","type":"post","link":"https:\/\/sarimelekler.biz\/?p=3608","title":{"rendered":"Final Four i\u00e7in elimizden gelenin en iyisini yapaca\u011f\u0131z"},"content":{"rendered":"<p style=\"text-align: justify;\">Kad\u0131n Voleybol Tak\u0131m\u0131m\u0131z\u0131n ba\u015far\u0131l\u0131 pas\u00f6r\u00fc Nootsara Tomkom ve orta oyuncusu Dicle Nur Babat, Final Four i\u00e7in ellerinden gelenin en iyisini yapacaklar\u0131n\u0131 s\u00f6ylediler.<\/p>\n<p style=\"text-align: justify;\">Kad\u0131n Voleybol Tak\u0131m\u0131m\u0131z, CEV Kad\u0131nlar \u015eampiyonlar Ligi Play-Off Turu r\u00f6van\u015f ma\u00e7\u0131nda 4 Nisan Sal\u0131 g\u00fcn\u00fc Eczac\u0131ba\u015f\u0131 VitrA ile Burhan Felek Spor Salonu\u2019nda kar\u015f\u0131la\u015facak. Tak\u0131m\u0131m\u0131z\u0131n ba\u015far\u0131l\u0131 oyuncular\u0131 Nootsara Tomkom ve Dicle Nur Babat, ma\u00e7a ili\u015fkin g\u00f6r\u00fc\u015flerini Fenerbah\u00e7e Spor Kul\u00fcb\u00fc Resmi \u0130nternet Sitesiyle payla\u015ft\u0131lar.<\/p>\n<p style=\"text-align: justify;\">Kendilerini zor bir ma\u00e7\u0131n bekledi\u011fini belirten Nootsara Tomkom, \u201c\u0130lk ma\u00e7\u0131 3-2 kazand\u0131k ama ikinci ma\u00e7\u0131 da kazanmak bizim i\u00e7in zor olacak. Bizi zor bir ma\u00e7 bekliyor. Final Four i\u00e7in elimizden gelenin en iyisini yapaca\u011f\u0131z\u201d dedi.<\/p>\n<p style=\"text-align: justify;\">Taraftarlar\u0131m\u0131za seslenen Tomkom, \u201cMa\u00e7a gelsinler bizle beraber mutlulu\u011fumuzu payla\u015fs\u0131nlar \u00e7\u00fcnk\u00fc biz bu ma\u00e7\u0131 kazan\u0131rsak Final Four\u2019a y\u00fckselece\u011fiz\u201d \u015feklinde konu\u015ftu.<\/p>\n<p style=\"text-align: justify;\">\u0130lk ma\u00e7\u0131 3-2 kazanm\u0131\u015f olmalar\u0131n\u0131n hi\u00e7bir anlam\u0131n\u0131n olmad\u0131\u011f\u0131n\u0131 belirten Dicle Nur Babat ise, \u201cBu ma\u00e7\u0131 da kazanmam\u0131z gerekiyor Final Four\u2019a gitmemiz i\u00e7in. Ma\u00e7\u0131n \u00f6neminin fark\u0131nday\u0131z, \u00e7al\u0131\u015fmalar\u0131m\u0131z\u0131 s\u00fcrd\u00fcr\u00fcyoruz. Elimizden gelenin en iyisini yapaca\u011f\u0131z. \u0130n\u015fallah o ma\u00e7\u0131 da kazanaca\u011f\u0131z ve ge\u00e7en seneki gibi Final Four\u2019a gidece\u011fiz\u201d ifadelerine de\u011findi.<\/p>\n<p style=\"text-align: justify;\">Taraftarlar\u0131m\u0131za da \u00e7a\u011fr\u0131da bulunan Dicle, \u201cTaraftarlar\u0131m\u0131z da bizi yaln\u0131z b\u0131rakmazsa bizle bu sevinci payla\u015f\u0131rlarsa biz de \u00e7ok mutlu oluruz\u201d diye konu\u015ftu.<\/p>\n\n\t\t<style type=\"text\/css\">\n\t\t\t#gallery-1 {\n\t\t\t\tmargin: auto;\n\t\t\t}\n\t\t\t#gallery-1 .gallery-item {\n\t\t\t\tfloat: left;\n\t\t\t\tmargin-top: 10px;\n\t\t\t\ttext-align: center;\n\t\t\t\twidth: 33%;\n\t\t\t}\n\t\t\t#gallery-1 img {\n\t\t\t\tborder: 2px solid #cfcfcf;\n\t\t\t}\n\t\t\t#gallery-1 .gallery-caption {\n\t\t\t\tmargin-left: 0;\n\t\t\t}\n\t\t\t\/* see gallery_shortcode() in wp-includes\/media.php *\/\n\t\t<\/style>\n\t\t<div data-carousel-extra='{&quot;blog_id&quot;:1,&quot;permalink&quot;:&quot;https:\/\/sarimelekler.biz\/?p=3608&quot;}' id='gallery-1' class='gallery galleryid-3608 gallery-columns-3 gallery-size-thumbnail'><dl class='gallery-item'>\n\t\t\t<dt class='gallery-icon landscape'>\n\t\t\t\t<a href='https:\/\/sarimelekler.biz\/?attachment_id=3615'><img loading=\"lazy\" decoding=\"async\" width=\"150\" height=\"150\" src=\"https:\/\/sarimelekler.biz\/wp-content\/uploads\/2017\/04\/dicibasin1_55153_3777451-150x150.jpg\" class=\"attachment-thumbnail size-thumbnail\" alt=\"\" data-attachment-id=\"3615\" data-permalink=\"https:\/\/sarimelekler.biz\/?attachment_id=3615\" data-orig-file=\"https:\/\/sarimelekler.biz\/wp-content\/uploads\/2017\/04\/dicibasin1_55153_3777451.jpg\" data-orig-size=\"2500,2202\" data-comments-opened=\"0\" data-image-meta=\"{&quot;aperture&quot;:&quot;3.2&quot;,&quot;credit&quot;:&quot;&quot;,&quot;camera&quot;:&quot;Canon EOS-1D X&quot;,&quot;caption&quot;:&quot;&quot;,&quot;created_timestamp&quot;:&quot;1491148161&quot;,&quot;copyright&quot;:&quot;&quot;,&quot;focal_length&quot;:&quot;16&quot;,&quot;iso&quot;:&quot;640&quot;,&quot;shutter_speed&quot;:&quot;0.004&quot;,&quot;title&quot;:&quot;&quot;,&quot;orientation&quot;:&quot;1&quot;}\" data-image-title=\"dicibasin1_55153_3777451\" data-image-description=\"\" data-image-caption=\"\" data-large-file=\"https:\/\/sarimelekler.biz\/wp-content\/uploads\/2017\/04\/dicibasin1_55153_3777451-1024x902.jpg\" \/><\/a>\n\t\t\t<\/dt><\/dl><dl class='gallery-item'>\n\t\t\t<dt class='gallery-icon landscape'>\n\t\t\t\t<a href='https:\/\/sarimelekler.biz\/?attachment_id=3616'><img loading=\"lazy\" decoding=\"async\" width=\"150\" height=\"150\" src=\"https:\/\/sarimelekler.biz\/wp-content\/uploads\/2017\/04\/dicibasin3_55153_3777618-150x150.jpg\" class=\"attachment-thumbnail size-thumbnail\" alt=\"\" data-attachment-id=\"3616\" data-permalink=\"https:\/\/sarimelekler.biz\/?attachment_id=3616\" data-orig-file=\"https:\/\/sarimelekler.biz\/wp-content\/uploads\/2017\/04\/dicibasin3_55153_3777618.jpg\" data-orig-size=\"2500,2258\" data-comments-opened=\"0\" data-image-meta=\"{&quot;aperture&quot;:&quot;3.2&quot;,&quot;credit&quot;:&quot;&quot;,&quot;camera&quot;:&quot;Canon EOS-1D X&quot;,&quot;caption&quot;:&quot;&quot;,&quot;created_timestamp&quot;:&quot;1491148187&quot;,&quot;copyright&quot;:&quot;&quot;,&quot;focal_length&quot;:&quot;16&quot;,&quot;iso&quot;:&quot;640&quot;,&quot;shutter_speed&quot;:&quot;0.004&quot;,&quot;title&quot;:&quot;&quot;,&quot;orientation&quot;:&quot;1&quot;}\" data-image-title=\"dicibasin3_55153_3777618\" data-image-description=\"\" data-image-caption=\"\" data-large-file=\"https:\/\/sarimelekler.biz\/wp-content\/uploads\/2017\/04\/dicibasin3_55153_3777618-1024x925.jpg\" \/><\/a>\n\t\t\t<\/dt><\/dl><dl class='gallery-item'>\n\t\t\t<dt class='gallery-icon landscape'>\n\t\t\t\t<a href='https:\/\/sarimelekler.biz\/?attachment_id=3617'><img loading=\"lazy\" decoding=\"async\" width=\"150\" height=\"150\" src=\"https:\/\/sarimelekler.biz\/wp-content\/uploads\/2017\/04\/dicibasin2_55153_3777517-1-150x150.jpg\" class=\"attachment-thumbnail size-thumbnail\" alt=\"\" data-attachment-id=\"3617\" data-permalink=\"https:\/\/sarimelekler.biz\/?attachment_id=3617\" data-orig-file=\"https:\/\/sarimelekler.biz\/wp-content\/uploads\/2017\/04\/dicibasin2_55153_3777517-1.jpg\" data-orig-size=\"2500,2338\" data-comments-opened=\"0\" data-image-meta=\"{&quot;aperture&quot;:&quot;0&quot;,&quot;credit&quot;:&quot;&quot;,&quot;camera&quot;:&quot;&quot;,&quot;caption&quot;:&quot;&quot;,&quot;created_timestamp&quot;:&quot;0&quot;,&quot;copyright&quot;:&quot;&quot;,&quot;focal_length&quot;:&quot;0&quot;,&quot;iso&quot;:&quot;0&quot;,&quot;shutter_speed&quot;:&quot;0&quot;,&quot;title&quot;:&quot;&quot;,&quot;orientation&quot;:&quot;0&quot;}\" data-image-title=\"dicibasin2_55153_3777517\" data-image-description=\"\" data-image-caption=\"\" data-large-file=\"https:\/\/sarimelekler.biz\/wp-content\/uploads\/2017\/04\/dicibasin2_55153_3777517-1-1024x958.jpg\" \/><\/a>\n\t\t\t<\/dt><\/dl><br style=\"clear: both\" \/>\n\t\t<\/div>\n\n<p style=\"text-align: justify;\">Kaynak<br \/>\n<a href=\"http:\/\/www.fenerbahce.org\/detay.asp?ContentID=55153\" target=\"_blank\">Fenerbah\u00e7e SK Resmi \u0130nternet Sitesi<\/a><\/p>\n","protected":false},"excerpt":{"rendered":"<p>Kad\u0131n Voleybol Tak\u0131m\u0131m\u0131z\u0131n ba\u015far\u0131l\u0131 pas\u00f6r\u00fc Nootsara Tomkom ve orta oyuncusu \u2026 <a class=\"continue-reading-link\" href=\"https:\/\/sarimelekler.biz\/?p=3608\">Okumaya Devam Et.. <span class=\"meta-nav\">&rarr; <\/span><\/a><\/p>\n","protected":false},"author":1,"featured_media":3609,"comment_status":"closed","ping_status":"open","sticky":false,"template":"","format":"standard","meta":{"jetpack_post_was_ever_published":false,"_jetpack_newsletter_access":"","_jetpack_dont_email_post_to_subs":true,"_jetpack_newsletter_tier_id":0,"_jetpack_memberships_contains_paywalled_content":false,"_jetpack_memberships_contains_paid_content":false,"footnotes":"","jetpack_publicize_message":"","jetpack_publicize_feature_enabled":true,"jetpack_social_post_already_shared":true,"jetpack_social_options":{"image_generator_settings":{"template":"highway","default_image_id":0,"font":"","enabled":false},"version":2}},"categories":[1],"tags":[],"class_list":["post-3608","post","type-post","status-publish","format-standard","has-post-thumbnail","hentry","category-avp"],"jetpack_publicize_connections":[],"jetpack_featured_media_url":"https:\/\/sarimelekler.biz\/wp-content\/uploads\/2017\/04\/dicibasin2_55153_3777517.jpg","jetpack_sharing_enabled":true,"jetpack_shortlink":"https:\/\/wp.me\/p8npUZ-Wc","jetpack-related-posts":[{"id":10871,"url":"https:\/\/sarimelekler.biz\/?p=10871","url_meta":{"origin":3608,"position":0},"title":"Eda Erdem D\u00fcndar ve S\u0131la \u00c7al\u0131\u015fkan\u2019dan Imoco Volley Conegliano ma\u00e7\u0131 \u00f6ncesi a\u00e7\u0131klamalarda bulundular","author":"Edit\u00f6r","date":"8 Nisan 2019","format":false,"excerpt":"Fenerbah\u00e7e Opet Kad\u0131n Voleybol Tak\u0131m\u0131m\u0131z\u0131n, CEV \u015eampiyonlar Ligi yar\u0131 final r\u00f6van\u015f ma\u00e7\u0131nda \u0130talyan ekibi Imoco Volley Conegliano ile 9 Nisan Sal\u0131 g\u00fcn\u00fc Burhan Felek Voleybol Salonu\u2019nda oynayaca\u011f\u0131 ma\u00e7 \u00f6ncesi Kaptan Eda Erdem D\u00fcndar ve S\u0131la \u00c7al\u0131\u015fkan, kul\u00fcb\u00fcm\u00fcz\u00fcn resmi sitesine a\u00e7\u0131klamalarda bulundu. Eda Erdem D\u00fcndar taraftar\u0131n deste\u011fiyle galip gelerek adlar\u0131n\u0131 finale\u2026","rel":"","context":"&quot;Avrupa Kupalar\u0131&quot; i\u00e7inde","block_context":{"text":"Avrupa Kupalar\u0131","link":"https:\/\/sarimelekler.biz\/?cat=1"},"img":{"alt_text":"","src":"https:\/\/i0.wp.com\/sarimelekler.biz\/wp-content\/uploads\/2019\/04\/10-18-19-CL-13.jpg?resize=350%2C200&ssl=1","width":350,"height":200,"srcset":"https:\/\/i0.wp.com\/sarimelekler.biz\/wp-content\/uploads\/2019\/04\/10-18-19-CL-13.jpg?resize=350%2C200&ssl=1 1x, https:\/\/i0.wp.com\/sarimelekler.biz\/wp-content\/uploads\/2019\/04\/10-18-19-CL-13.jpg?resize=525%2C300&ssl=1 1.5x, https:\/\/i0.wp.com\/sarimelekler.biz\/wp-content\/uploads\/2019\/04\/10-18-19-CL-13.jpg?resize=700%2C400&ssl=1 2x, https:\/\/i0.wp.com\/sarimelekler.biz\/wp-content\/uploads\/2019\/04\/10-18-19-CL-13.jpg?resize=1050%2C600&ssl=1 3x"},"classes":[]},{"id":3862,"url":"https:\/\/sarimelekler.biz\/?p=3862","url_meta":{"origin":3608,"position":1},"title":"Set Vermeden \u015eampiyon Olan Sar\u0131 Meleklerden A\u00e7\u0131klamalar","author":"Edit\u00f6r","date":"2 May\u0131s 2017","format":false,"excerpt":"Ma\u00e7tan Sonra Oyuncular\u0131m\u0131z\u0131n Fenerbah\u00e7e Spor Kul\u00fcb\u00fc Resmi \u0130nternet Sitesinde\u00a0yer alan a\u00e7\u0131klamalar\u0131: Vestel Ven\u00fcs Sultanlar Ligi Play-Off Final serisinde kar\u015f\u0131la\u015ft\u0131\u011f\u0131 Galatasaray\u2019\u0131 3-0 ma\u011flup ederek \u015fampiyonlu\u011fa ula\u015fan Sar\u0131 Melekler, ma\u00e7 sonras\u0131nda yay\u0131nc\u0131 kurulu\u015fa ve FB TV'ye a\u00e7\u0131klamalarda bulundular. Oyuncular\u0131m\u0131z\u0131n konu\u015fmalar\u0131ndan derlediklerimiz; Eda Erdem D\u00fcndar: \u201cTaraftar\u0131m\u0131za arma\u011fan olsun\u201d \u201cDerin bir oh \u00e7ekmek istiyorum.\u2026","rel":"","context":"&quot;T\u00fcrkiye Ligi&quot; i\u00e7inde","block_context":{"text":"T\u00fcrkiye Ligi","link":"https:\/\/sarimelekler.biz\/?cat=6"},"img":{"alt_text":"","src":"https:\/\/i0.wp.com\/sarimelekler.biz\/wp-content\/uploads\/2017\/05\/sarikizlar538_55617_755181.jpg?resize=350%2C200&ssl=1","width":350,"height":200,"srcset":"https:\/\/i0.wp.com\/sarimelekler.biz\/wp-content\/uploads\/2017\/05\/sarikizlar538_55617_755181.jpg?resize=350%2C200&ssl=1 1x, https:\/\/i0.wp.com\/sarimelekler.biz\/wp-content\/uploads\/2017\/05\/sarikizlar538_55617_755181.jpg?resize=525%2C300&ssl=1 1.5x"},"classes":[]},{"id":4282,"url":"https:\/\/sarimelekler.biz\/?p=4282","url_meta":{"origin":3608,"position":2},"title":"Nootsara Tomkom Yeniden Sar\u0131 Melek","author":"Edit\u00f6r","date":"28 Eyl\u00fcl 2017","format":false,"excerpt":"Kul\u00fcb\u00fcm\u00fcz\u00fcn Resmi \u0130nternet Sitesinden Yap\u0131lan A\u00e7\u0131klamada Ge\u00e7en Sezon Kadromuzda bulunan Pas\u00f6r mevkiinde oynayan Nootsara Tomkom'un Tekrar Tak\u0131m\u0131m\u0131za Kat\u0131ld\u0131\u011f\u0131 A\u00e7\u0131kland\u0131. Ba\u015far\u0131lar #Nootsara Kul\u00fcb\u00fcm\u00fczden Yap\u0131lan A\u00e7\u0131klama: Yeni sezon yap\u0131lanmas\u0131 kapsam\u0131nda Fenerbah\u00e7e Kad\u0131n Voleybol Tak\u0131m\u0131m\u0131z, ge\u00e7en sezon da formam\u0131z\u0131 giyen 7 Temmuz 1985 do\u011fumlu, Tayland\u2019l\u0131 pas\u00f6r Nootsara Tomkom ile anla\u015fma sa\u011flam\u0131\u015ft\u0131r. Nootsara Tomkom\u2019a\u2026","rel":"","context":"&quot;T\u00fcrkiye Ligi&quot; i\u00e7inde","block_context":{"text":"T\u00fcrkiye Ligi","link":"https:\/\/sarimelekler.biz\/?cat=6"},"img":{"alt_text":"","src":"https:\/\/i0.wp.com\/sarimelekler.biz\/wp-content\/uploads\/2017\/09\/tomkom-org_57418_5205052.png?resize=350%2C200&ssl=1","width":350,"height":200,"srcset":"https:\/\/i0.wp.com\/sarimelekler.biz\/wp-content\/uploads\/2017\/09\/tomkom-org_57418_5205052.png?resize=350%2C200&ssl=1 1x, https:\/\/i0.wp.com\/sarimelekler.biz\/wp-content\/uploads\/2017\/09\/tomkom-org_57418_5205052.png?resize=525%2C300&ssl=1 1.5x"},"classes":[]},{"id":5720,"url":"https:\/\/sarimelekler.biz\/?p=5720","url_meta":{"origin":3608,"position":3},"title":"Voleybolcular\u0131m\u0131zdan Imoco Volley Conegliano Ma\u00e7\u0131 \u00d6ncesi A\u00e7\u0131klamalar","author":"Edit\u00f6r","date":"24 Ocak 2018","format":false,"excerpt":"Fenerbah\u00e7e Bayan Voleybol Tak\u0131m\u0131m\u0131z, CEV Kad\u0131nlar \u015eampiyonlar Ligi B Grubu 3. hafta m\u00fcsabakas\u0131nda \u0130talyan ekibi Imoco Volley Conegliano ile kar\u015f\u0131la\u015f\u0131yor. Yar\u0131n Burhan Felek Spor Salonu\u2019nda oynanacak ma\u00e7la ilgili kul\u00fcb\u00fcm\u00fcz Fenerbah\u00e7e Spor Kul\u00fcb\u00fc Resmi Sitesine a\u00e7\u0131klamalarda bulunan oyuncular\u0131m\u0131z Polen Uslupehlivan ile Polina Rahimova, galibiyet i\u00e7in ellerinden geleni yapacaklar\u0131n\u0131 belirterek, destek i\u00e7in\u2026","rel":"","context":"&quot;Avrupa Kupalar\u0131&quot; i\u00e7inde","block_context":{"text":"Avrupa Kupalar\u0131","link":"https:\/\/sarimelekler.biz\/?cat=1"},"img":{"alt_text":"","src":"https:\/\/i0.wp.com\/sarimelekler.biz\/wp-content\/uploads\/2018\/01\/Ads%C4%B1z2.jpg?resize=350%2C200&ssl=1","width":350,"height":200,"srcset":"https:\/\/i0.wp.com\/sarimelekler.biz\/wp-content\/uploads\/2018\/01\/Ads%C4%B1z2.jpg?resize=350%2C200&ssl=1 1x, https:\/\/i0.wp.com\/sarimelekler.biz\/wp-content\/uploads\/2018\/01\/Ads%C4%B1z2.jpg?resize=525%2C300&ssl=1 1.5x, https:\/\/i0.wp.com\/sarimelekler.biz\/wp-content\/uploads\/2018\/01\/Ads%C4%B1z2.jpg?resize=700%2C400&ssl=1 2x, https:\/\/i0.wp.com\/sarimelekler.biz\/wp-content\/uploads\/2018\/01\/Ads%C4%B1z2.jpg?resize=1050%2C600&ssl=1 3x, https:\/\/i0.wp.com\/sarimelekler.biz\/wp-content\/uploads\/2018\/01\/Ads%C4%B1z2.jpg?resize=1400%2C800&ssl=1 4x"},"classes":[]},{"id":3740,"url":"https:\/\/sarimelekler.biz\/?p=3740","url_meta":{"origin":3608,"position":4},"title":"Ma\u00e7 Sonu R\u00f6portajlar\u0131","author":"Edit\u00f6r","date":"12 Nisan 2017","format":false,"excerpt":"Efsane Ma\u00e7tan Sonra Oyuncular\u0131m\u0131z\u0131n Fenerbah\u00e7e Spor Kul\u00fcb\u00fc Resmi \u0130nternet Sitesinde yer alan a\u00e7\u0131klamalar\u0131: Eczac\u0131ba\u015f\u0131 VitrA kar\u015f\u0131s\u0131nda ola\u011fan\u00fcst\u00fc bir performans sergileyerek, alt\u0131n set sonunda finale y\u00fckselen Fenerbah\u00e7e Kad\u0131n Voleybol Tak\u0131m\u0131m\u0131z\u0131n oyuncular\u0131 ma\u00e7\u0131n ard\u0131ndan sevin\u00e7 g\u00f6zya\u015flar\u0131na hakim olamad\u0131lar. Ma\u00e7la ilgili yay\u0131nc\u0131 kurulu\u015fa a\u00e7\u0131klamalarda bulunan Sar\u0131 Melekler, finalde kar\u015f\u0131la\u015facaklar\u0131 Galatasaray ma\u00e7\u0131na da de\u011findiler.\u2026","rel":"","context":"&quot;T\u00fcrkiye Ligi&quot; i\u00e7inde","block_context":{"text":"T\u00fcrkiye Ligi","link":"https:\/\/sarimelekler.biz\/?cat=6"},"img":{"alt_text":"","src":"https:\/\/i0.wp.com\/sarimelekler.biz\/wp-content\/uploads\/2017\/04\/c09g0489_55294_7924093.jpg?resize=350%2C200&ssl=1","width":350,"height":200,"srcset":"https:\/\/i0.wp.com\/sarimelekler.biz\/wp-content\/uploads\/2017\/04\/c09g0489_55294_7924093.jpg?resize=350%2C200&ssl=1 1x, https:\/\/i0.wp.com\/sarimelekler.biz\/wp-content\/uploads\/2017\/04\/c09g0489_55294_7924093.jpg?resize=525%2C300&ssl=1 1.5x, https:\/\/i0.wp.com\/sarimelekler.biz\/wp-content\/uploads\/2017\/04\/c09g0489_55294_7924093.jpg?resize=700%2C400&ssl=1 2x, https:\/\/i0.wp.com\/sarimelekler.biz\/wp-content\/uploads\/2017\/04\/c09g0489_55294_7924093.jpg?resize=1050%2C600&ssl=1 3x, https:\/\/i0.wp.com\/sarimelekler.biz\/wp-content\/uploads\/2017\/04\/c09g0489_55294_7924093.jpg?resize=1400%2C800&ssl=1 4x"},"classes":[]},{"id":4318,"url":"https:\/\/sarimelekler.biz\/?p=4318","url_meta":{"origin":3608,"position":5},"title":"Sar\u0131 Melekler Sa\u011fl\u0131k Kontrol\u00fcnden Ge\u00e7ti","author":"Edit\u00f6r","date":"7 Ekim 2017","format":false,"excerpt":"Fenerbah\u00e7e BayanVoleybol Tak\u0131m\u0131m\u0131z\u0131n oyuncular\u0131, sezon \u00f6ncesi rutin sa\u011fl\u0131k kontrol\u00fcnden ge\u00e7ti. Kul\u00fcb\u00fcm\u00fcz\u00fcn Resmi \u0130nternet Sitesinden Yap\u0131lan A\u00e7\u0131klama: Sezon a\u00e7\u0131l\u0131\u015f\u0131nda milli tak\u0131mlarda olduklar\u0131 i\u00e7in sa\u011fl\u0131k kontrol\u00fcnden ge\u00e7meyen oyuncular\u0131m\u0131zdan Kaptan Eda Erdem D\u00fcndar, \u00c7a\u011fla Ak\u0131n, Polina Rahimova, Natalia Zilio Pereira, Nootsara Tomkom ve Bahar Toksoy Guidetti 06.10.2017 g\u00fcn\u00fc Medical Park G\u00f6ztepe Hastanesi Kompleksi\u2019nde\u2026","rel":"","context":"&quot;T\u00fcrkiye Ligi&quot; i\u00e7inde","block_context":{"text":"T\u00fcrkiye Ligi","link":"https:\/\/sarimelekler.biz\/?cat=6"},"img":{"alt_text":"","src":"https:\/\/i0.wp.com\/sarimelekler.biz\/wp-content\/uploads\/2017\/10\/volb2_57507_3877322.jpg?resize=350%2C200&ssl=1","width":350,"height":200,"srcset":"https:\/\/i0.wp.com\/sarimelekler.biz\/wp-content\/uploads\/2017\/10\/volb2_57507_3877322.jpg?resize=350%2C200&ssl=1 1x, https:\/\/i0.wp.com\/sarimelekler.biz\/wp-content\/uploads\/2017\/10\/volb2_57507_3877322.jpg?resize=525%2C300&ssl=1 1.5x, https:\/\/i0.wp.com\/sarimelekler.biz\/wp-content\/uploads\/2017\/10\/volb2_57507_3877322.jpg?resize=700%2C400&ssl=1 2x, https:\/\/i0.wp.com\/sarimelekler.biz\/wp-content\/uploads\/2017\/10\/volb2_57507_3877322.jpg?resize=1050%2C600&ssl=1 3x, https:\/\/i0.wp.com\/sarimelekler.biz\/wp-content\/uploads\/2017\/10\/volb2_57507_3877322.jpg?resize=1400%2C800&ssl=1 4x"},"classes":[]}],"_links":{"self":[{"href":"https:\/\/sarimelekler.biz\/index.php?rest_route=\/wp\/v2\/posts\/3608","targetHints":{"allow":["GET"]}}],"collection":[{"href":"https:\/\/sarimelekler.biz\/index.php?rest_route=\/wp\/v2\/posts"}],"about":[{"href":"https:\/\/sarimelekler.biz\/index.php?rest_route=\/wp\/v2\/types\/post"}],"author":[{"embeddable":true,"href":"https:\/\/sarimelekler.biz\/index.php?rest_route=\/wp\/v2\/users\/1"}],"replies":[{"embeddable":true,"href":"https:\/\/sarimelekler.biz\/index.php?rest_route=%2Fwp%2Fv2%2Fcomments&post=3608"}],"version-history":[{"count":6,"href":"https:\/\/sarimelekler.biz\/index.php?rest_route=\/wp\/v2\/posts\/3608\/revisions"}],"predecessor-version":[{"id":3618,"href":"https:\/\/sarimelekler.biz\/index.php?rest_route=\/wp\/v2\/posts\/3608\/revisions\/3618"}],"wp:featuredmedia":[{"embeddable":true,"href":"https:\/\/sarimelekler.biz\/index.php?rest_route=\/wp\/v2\/media\/3609"}],"wp:attachment":[{"href":"https:\/\/sarimelekler.biz\/index.php?rest_route=%2Fwp%2Fv2%2Fmedia&parent=3608"}],"wp:term":[{"taxonomy":"category","embeddable":true,"href":"https:\/\/sarimelekler.biz\/index.php?rest_route=%2Fwp%2Fv2%2Fcategories&post=3608"},{"taxonomy":"post_tag","embeddable":true,"href":"https:\/\/sarimelekler.biz\/index.php?rest_route=%2Fwp%2Fv2%2Ftags&post=3608"}],"curies":[{"name":"wp","href":"https:\/\/api.w.org\/{rel}","templated":true}]}}