{"id":3740,"date":"2017-04-12T23:48:37","date_gmt":"2017-04-12T20:48:37","guid":{"rendered":"http:\/\/sarimelekler.biz\/?p=3740"},"modified":"2017-04-12T23:57:01","modified_gmt":"2017-04-12T20:57:01","slug":"mac-sonu-roportajlari","status":"publish","type":"post","link":"https:\/\/sarimelekler.biz\/?p=3740","title":{"rendered":"Ma\u00e7 Sonu R\u00f6portajlar\u0131"},"content":{"rendered":"<p style=\"text-align: justify;\">Efsane Ma\u00e7tan Sonra Oyuncular\u0131m\u0131z\u0131n <a href=\"http:\/\/www.fenerbahce.org\/detay.asp?ContentID=55297\" target=\"_blank\">Fenerbah\u00e7e Spor Kul\u00fcb\u00fc Resmi \u0130nternet Sitesinde<\/a> yer alan a\u00e7\u0131klamalar\u0131:<\/p>\n<p style=\"text-align: justify;\">Eczac\u0131ba\u015f\u0131 VitrA kar\u015f\u0131s\u0131nda ola\u011fan\u00fcst\u00fc bir performans sergileyerek, alt\u0131n set sonunda finale y\u00fckselen Fenerbah\u00e7e Kad\u0131n Voleybol Tak\u0131m\u0131m\u0131z\u0131n oyuncular\u0131 ma\u00e7\u0131n ard\u0131ndan sevin\u00e7 g\u00f6zya\u015flar\u0131na hakim olamad\u0131lar. Ma\u00e7la ilgili yay\u0131nc\u0131 kurulu\u015fa a\u00e7\u0131klamalarda bulunan Sar\u0131 Melekler, finalde kar\u015f\u0131la\u015facaklar\u0131 Galatasaray ma\u00e7\u0131na da de\u011findiler.<\/p>\n<p><strong>Eda Erdem D\u00fcndar: \u201cBu tak\u0131m deste\u011fi hak ediyor\u201d<\/strong><br \/>\nDerbi finali olaca\u011f\u0131 i\u00e7in inan\u0131lmaz mutluyum. Bu tak\u0131m, bunu hak ediyordu. \u00c7ok zorlu ma\u00e7a \u00e7\u0131kt\u0131k. Tak\u0131m olmay\u0131 ba\u015fard\u0131k. \u00c7ok kritik bir ma\u00e7t\u0131. 13-7\u2019den geri geldik. Her top i\u00e7in sava\u015ft\u0131k. T\u00fcm tak\u0131m arkada\u015flar\u0131m\u0131 \u00f6p\u00fcyorum. Ben de elimden geleni yap\u0131yorum. Tak\u0131m arkada\u015flar\u0131ma bir nebze yard\u0131mc\u0131 olabildiysem ne mutlu bana. Bu gurur hepimizin. Taraftarlardan finalde bu solunu doldurmas\u0131n\u0131 istiyorum. Bu tak\u0131m, deste\u011fi hak ediyor. Her tak\u0131m\u0131n yapabilece\u011fi bir \u015fey de\u011fildi, y\u0131lmad\u0131k.<\/p>\n<p><strong>Polen Uslupehlivan: \u00a0\u201cBu bir tak\u0131m oyunu ve bunu kan\u0131tlad\u0131k\u201d<\/strong><br \/>\n\u00c7ok mutluyuz, \u00e7ok zor bir ma\u00e7 oynad\u0131k. Ben kendi performans\u0131mdan kesinlikle memnun \u00a0de\u011filim ama tak\u0131m arkada\u015flar\u0131m\u0131n bana vermi\u015f oldu\u011fu o destekle ma\u00e7\u0131 \u00a0kazand\u0131k. Hepsine \u00e7ok te\u015fekk\u00fcr ederim. Bu bir tak\u0131m oyunu ve bunu kan\u0131tlad\u0131k.<\/p>\n<p><strong>Melis Y\u0131lmaz: \u201cHi\u00e7bir zaman vazge\u00e7medik\u201d<\/strong><br \/>\n\u00c7ok zor ma\u00e7 olaca\u011f\u0131n\u0131 biliyorduk. \u00c7ok iyi haz\u0131rlanm\u0131\u015ft\u0131k. Son sette nas\u0131l bir tak\u0131m oldu\u011fumuzu g\u00f6sterdik. Hi\u00e7bir zaman vazge\u00e7medik. T\u00fcm tak\u0131m tak\u0131m arkada\u015flar\u0131m\u0131 kutluyorum. Bu tak\u0131mda oldu\u011fum i\u00e7in gurur duyuyorum. Buraya gelen herkese te\u015fekk\u00fcr ediyorum.<\/p>\n<p><strong>Dicle Nur Babat: \u201cTak\u0131m muhte\u015fem oynad\u0131\u201d<\/strong><br \/>\nHayat\u0131m\u0131z boyunca unutamayaca\u011f\u0131m\u0131z bir ma\u00e7 oldu. Tak\u0131m muhte\u015fem oynad\u0131. Taraftarlar\u0131m\u0131za, staffa ve herkese te\u015fekk\u00fcr ediyorum.<\/p>\n<p><strong>Merve Dalbeler: \u201c\u015e\u00f6lenle \u015fampiyonluk kupas\u0131n\u0131 kazanmay\u0131 istiyoruz\u201d<\/strong><br \/>\nSon 3 ma\u00e7\u0131m\u0131z\u0131 rakibime kaybetmi\u015ftik. Son topa kadar sava\u015ft\u0131k ve birbirimize \u00e7ok inanarak, kazand\u0131k. Ger\u00e7ekten bir mucize. Taraftarlara te\u015fekk\u00fcr ediyorum. \u015eimdi Galatasaray ile final zaman\u0131. \u015e\u00f6lenle \u015fampiyonluk kupas\u0131n\u0131 kazanmay\u0131 istiyoruz.<\/p>\n<p><strong>Videolar:<\/strong><br \/>\nTe\u015fekk\u00fcrler <a href=\"https:\/\/twitter.com\/aet330\" target=\"_blank\">Ahmet Edip Ta\u015fo\u011flu<\/a><\/p>\n<p><a href=\"https:\/\/twitter.com\/aet330\/status\/852252199203819521\" target=\"_blank\">Eda Erdem R\u00f6portaj\u0131<\/a><br \/>\n<a href=\"https:\/\/twitter.com\/aet330\/status\/852249834715262976\" target=\"_blank\">Dicle Nur\u00a0R\u00f6portaj\u0131<\/a><br \/>\n<a href=\"https:\/\/twitter.com\/aet330\/status\/852249545014738949\" target=\"_blank\">Melis\u00a0R\u00f6portaj\u0131<\/a><br \/>\n<a href=\"https:\/\/twitter.com\/aet330\/status\/852248958177071104\" target=\"_blank\">Polen\u00a0R\u00f6portaj\u0131<\/a><br \/>\n<a href=\"https:\/\/twitter.com\/aet330\/status\/852248257170472962\" target=\"_blank\">Abbondanza\u00a0R\u00f6portaj\u0131<\/a><br \/>\n<a href=\"https:\/\/twitter.com\/aet330\/status\/852251939102437376\" target=\"_blank\">Merve R\u00f6portaj\u0131<\/a><br \/>\nMa\u00e7 Sonu <a href=\"https:\/\/twitter.com\/aet330\/status\/852247335191150594\" target=\"_blank\">1<\/a> &#8211; <a href=\"https:\/\/twitter.com\/aet330\/status\/852249638195392512\" target=\"_blank\">2<\/a> &#8211; <a href=\"https:\/\/twitter.com\/aet330\/status\/852252095109636098\" target=\"_blank\">3<\/a><br \/>\n<a href=\"https:\/\/ok.ru\/video\/267567303325\" target=\"_blank\">Alt\u0131n Set<\/a><\/p>\n<p>Ma\u00e7\u0131n Tamam\u0131 <a href=\"https:\/\/www.youtube.com\/watch?v=6AEAVVXYMT8\" target=\"_blank\">1<\/a> &#8211; <a href=\"https:\/\/www.youtube.com\/watch?v=VohSFo9Evmk\" target=\"_blank\">2<\/a><\/p>\n<p>&nbsp;<\/p>\n<p>&nbsp;<\/p>\n<p>&nbsp;<\/p>\n","protected":false},"excerpt":{"rendered":"<p>Efsane Ma\u00e7tan Sonra Oyuncular\u0131m\u0131z\u0131n Fenerbah\u00e7e Spor Kul\u00fcb\u00fc Resmi \u0130nternet Sitesinde \u2026 <a class=\"continue-reading-link\" href=\"https:\/\/sarimelekler.biz\/?p=3740\">Okumaya Devam Et.. <span class=\"meta-nav\">&rarr; <\/span><\/a><\/p>\n","protected":false},"author":1,"featured_media":3730,"comment_status":"closed","ping_status":"open","sticky":false,"template":"","format":"standard","meta":{"jetpack_post_was_ever_published":false,"_jetpack_newsletter_access":"","_jetpack_dont_email_post_to_subs":false,"_jetpack_newsletter_tier_id":0,"_jetpack_memberships_contains_paywalled_content":false,"_jetpack_memberships_contains_paid_content":false,"footnotes":"","jetpack_publicize_message":"","jetpack_publicize_feature_enabled":true,"jetpack_social_post_already_shared":true,"jetpack_social_options":{"image_generator_settings":{"template":"highway","default_image_id":0,"font":"","enabled":false},"version":2}},"categories":[6],"tags":[],"class_list":["post-3740","post","type-post","status-publish","format-standard","has-post-thumbnail","hentry","category-turkiye-ligi"],"jetpack_publicize_connections":[],"jetpack_featured_media_url":"https:\/\/sarimelekler.biz\/wp-content\/uploads\/2017\/04\/c09g0489_55294_7924093.jpg","jetpack_sharing_enabled":true,"jetpack_shortlink":"https:\/\/wp.me\/p8npUZ-Yk","jetpack-related-posts":[{"id":16005,"url":"https:\/\/sarimelekler.biz\/?p=16005","url_meta":{"origin":3740,"position":0},"title":"Gizem \u00d6rge: Fenerbah\u00e7e\u2019de Olmak \u00c7ok Heyecan Verici","author":"Edit\u00f6r","date":"19 A\u011fustos 2021","format":false,"excerpt":"Fenerbah\u00e7e Opet Kad\u0131n Voleybol Tak\u0131m\u0131m\u0131z\u0131n yeni transferlerinden Gizem \u00d6rge, Fenerbah\u00e7e Spor Kul\u00fcb\u00fcm\u00fcz resmi internet sitesine a\u00e7\u0131klamalarda bulundu. R\u00f6portaj\u0131n Tamam\u0131: Yeni sezon haz\u0131rl\u0131klar\u0131 kapsam\u0131nda Fenerbah\u00e7e Serkan Acar Resort & Sports Topuk Yaylas\u0131 Tesislerimizde kampa giren Fenerbah\u00e7e Opet Kad\u0131n Voleybol Tak\u0131m\u0131m\u0131zda yeni transferimiz ba\u015far\u0131l\u0131 libero Gizem \u00d6rge, resmi internet sitemize a\u00e7\u0131klamalarda bulundu.\u2026","rel":"","context":"&quot;Resmi Site R\u00f6portajlar\u0131&quot; i\u00e7inde","block_context":{"text":"Resmi Site R\u00f6portajlar\u0131","link":"https:\/\/sarimelekler.biz\/?cat=17"},"img":{"alt_text":"","src":"https:\/\/i0.wp.com\/sarimelekler.biz\/wp-content\/uploads\/2021\/08\/Gizem-Orge.jpeg?resize=350%2C200&ssl=1","width":350,"height":200,"srcset":"https:\/\/i0.wp.com\/sarimelekler.biz\/wp-content\/uploads\/2021\/08\/Gizem-Orge.jpeg?resize=350%2C200&ssl=1 1x, https:\/\/i0.wp.com\/sarimelekler.biz\/wp-content\/uploads\/2021\/08\/Gizem-Orge.jpeg?resize=525%2C300&ssl=1 1.5x, https:\/\/i0.wp.com\/sarimelekler.biz\/wp-content\/uploads\/2021\/08\/Gizem-Orge.jpeg?resize=700%2C400&ssl=1 2x, https:\/\/i0.wp.com\/sarimelekler.biz\/wp-content\/uploads\/2021\/08\/Gizem-Orge.jpeg?resize=1050%2C600&ssl=1 3x, https:\/\/i0.wp.com\/sarimelekler.biz\/wp-content\/uploads\/2021\/08\/Gizem-Orge.jpeg?resize=1400%2C800&ssl=1 4x"},"classes":[]},{"id":4295,"url":"https:\/\/sarimelekler.biz\/?p=4295","url_meta":{"origin":3740,"position":1},"title":"Eda Erdem D\u00fcndar: &#8220;Avrupa \u015eampiyonas\u0131\u2019n\u0131 Madalya \u0130le Tamamlad\u0131\u011f\u0131m\u0131z \u0130\u00e7in Mutluyum&#8221;","author":"Edit\u00f6r","date":"5 Ekim 2017","format":false,"excerpt":"Azerbaycan\u2019da d\u00fczenlenen Avrupa \u015eampiyonas\u0131\u2019nda, A Milli Kad\u0131n Voleybol Tak\u0131m\u0131m\u0131z\u0131n elde etti\u011fi Avrupa 3.\u2019l\u00fc\u011f\u00fcn\u00fcn ard\u0131ndan \u0130stanbul\u2019a d\u00f6nen milli voleybolcumuz Eda Erdem D\u00fcndar, Fenerbah\u00e7e Spor Kul\u00fcb\u00fcm\u00fcz Resmi \u0130nternet Sitemize a\u00e7\u0131klamalarda bulundu. Ba\u015far\u0131l\u0131 voleybolcu, Avrupa \u015eampiyonas\u0131\u2019n\u0131 madalyayla tamamlam\u0131\u015f olman\u0131n kendisini mutlu etti\u011fini dile getirirken, Fenerbah\u00e7e Kad\u0131n Voleybol Tak\u0131m\u0131m\u0131z\u0131n da hedeflerinden s\u00f6z etti. A\u2026","rel":"","context":"&quot;Haberler&quot; i\u00e7inde","block_context":{"text":"Haberler","link":"https:\/\/sarimelekler.biz\/?cat=7"},"img":{"alt_text":"","src":"https:\/\/i0.wp.com\/sarimelekler.biz\/wp-content\/uploads\/2017\/10\/de6p6160_57488_6278113.jpg?resize=350%2C200&ssl=1","width":350,"height":200,"srcset":"https:\/\/i0.wp.com\/sarimelekler.biz\/wp-content\/uploads\/2017\/10\/de6p6160_57488_6278113.jpg?resize=350%2C200&ssl=1 1x, https:\/\/i0.wp.com\/sarimelekler.biz\/wp-content\/uploads\/2017\/10\/de6p6160_57488_6278113.jpg?resize=525%2C300&ssl=1 1.5x, https:\/\/i0.wp.com\/sarimelekler.biz\/wp-content\/uploads\/2017\/10\/de6p6160_57488_6278113.jpg?resize=700%2C400&ssl=1 2x, https:\/\/i0.wp.com\/sarimelekler.biz\/wp-content\/uploads\/2017\/10\/de6p6160_57488_6278113.jpg?resize=1050%2C600&ssl=1 3x, https:\/\/i0.wp.com\/sarimelekler.biz\/wp-content\/uploads\/2017\/10\/de6p6160_57488_6278113.jpg?resize=1400%2C800&ssl=1 4x"},"classes":[]},{"id":17711,"url":"https:\/\/sarimelekler.biz\/?p=17711","url_meta":{"origin":3740,"position":2},"title":"AXA Sigorta Kupa Voley Final Etab\u0131\u2019n\u0131n Bas\u0131n Toplant\u0131s\u0131 Yap\u0131ld\u0131","author":"Edit\u00f6r","date":"14 Nisan 2022","format":false,"excerpt":"2021-2022 voleybol sezonu Kad\u0131nlar AXA Sigorta Kupa Voley Final Etab\u0131\u2019n\u0131n bas\u0131n toplant\u0131s\u0131, Ankara Volley Hotel\u2019de bulunan toplant\u0131 salonunda ger\u00e7ekle\u015fti. Toplant\u0131ya; T\u00fcrkiye Voleybol Federasyonu (TVF) Ba\u015fkan\u0131 Liglerden Sorumlu Asba\u015fkan\u0131 Ahmet G\u00f6ksu, AXA Sigorta Sat\u0131\u015f ve Pazarlama Ba\u015fkan\u0131 ve \u0130cra Kurulu \u00dcyesi Firuzan \u0130\u015fcan, Fenerbah\u00e7e Opet Tak\u0131m Kaptan\u0131 Eda Erdem D\u00fcndar, Ezcac\u0131ba\u015f\u0131\u2026","rel":"","context":"&quot;T\u00fcrkiye Ligi&quot; i\u00e7inde","block_context":{"text":"T\u00fcrkiye Ligi","link":"https:\/\/sarimelekler.biz\/?cat=6"},"img":{"alt_text":"","src":"https:\/\/i0.wp.com\/sarimelekler.biz\/wp-content\/uploads\/2022\/04\/Tr-Kupasi-Basin-Toplantisi-21-22-5.jpg?resize=350%2C200&ssl=1","width":350,"height":200,"srcset":"https:\/\/i0.wp.com\/sarimelekler.biz\/wp-content\/uploads\/2022\/04\/Tr-Kupasi-Basin-Toplantisi-21-22-5.jpg?resize=350%2C200&ssl=1 1x, https:\/\/i0.wp.com\/sarimelekler.biz\/wp-content\/uploads\/2022\/04\/Tr-Kupasi-Basin-Toplantisi-21-22-5.jpg?resize=525%2C300&ssl=1 1.5x, https:\/\/i0.wp.com\/sarimelekler.biz\/wp-content\/uploads\/2022\/04\/Tr-Kupasi-Basin-Toplantisi-21-22-5.jpg?resize=700%2C400&ssl=1 2x, https:\/\/i0.wp.com\/sarimelekler.biz\/wp-content\/uploads\/2022\/04\/Tr-Kupasi-Basin-Toplantisi-21-22-5.jpg?resize=1050%2C600&ssl=1 3x, https:\/\/i0.wp.com\/sarimelekler.biz\/wp-content\/uploads\/2022\/04\/Tr-Kupasi-Basin-Toplantisi-21-22-5.jpg?resize=1400%2C800&ssl=1 4x"},"classes":[]},{"id":5720,"url":"https:\/\/sarimelekler.biz\/?p=5720","url_meta":{"origin":3740,"position":3},"title":"Voleybolcular\u0131m\u0131zdan Imoco Volley Conegliano Ma\u00e7\u0131 \u00d6ncesi A\u00e7\u0131klamalar","author":"Edit\u00f6r","date":"24 Ocak 2018","format":false,"excerpt":"Fenerbah\u00e7e Bayan Voleybol Tak\u0131m\u0131m\u0131z, CEV Kad\u0131nlar \u015eampiyonlar Ligi B Grubu 3. hafta m\u00fcsabakas\u0131nda \u0130talyan ekibi Imoco Volley Conegliano ile kar\u015f\u0131la\u015f\u0131yor. Yar\u0131n Burhan Felek Spor Salonu\u2019nda oynanacak ma\u00e7la ilgili kul\u00fcb\u00fcm\u00fcz Fenerbah\u00e7e Spor Kul\u00fcb\u00fc Resmi Sitesine a\u00e7\u0131klamalarda bulunan oyuncular\u0131m\u0131z Polen Uslupehlivan ile Polina Rahimova, galibiyet i\u00e7in ellerinden geleni yapacaklar\u0131n\u0131 belirterek, destek i\u00e7in\u2026","rel":"","context":"&quot;Avrupa Kupalar\u0131&quot; i\u00e7inde","block_context":{"text":"Avrupa Kupalar\u0131","link":"https:\/\/sarimelekler.biz\/?cat=1"},"img":{"alt_text":"","src":"https:\/\/i0.wp.com\/sarimelekler.biz\/wp-content\/uploads\/2018\/01\/Ads%C4%B1z2.jpg?resize=350%2C200&ssl=1","width":350,"height":200,"srcset":"https:\/\/i0.wp.com\/sarimelekler.biz\/wp-content\/uploads\/2018\/01\/Ads%C4%B1z2.jpg?resize=350%2C200&ssl=1 1x, https:\/\/i0.wp.com\/sarimelekler.biz\/wp-content\/uploads\/2018\/01\/Ads%C4%B1z2.jpg?resize=525%2C300&ssl=1 1.5x, https:\/\/i0.wp.com\/sarimelekler.biz\/wp-content\/uploads\/2018\/01\/Ads%C4%B1z2.jpg?resize=700%2C400&ssl=1 2x, https:\/\/i0.wp.com\/sarimelekler.biz\/wp-content\/uploads\/2018\/01\/Ads%C4%B1z2.jpg?resize=1050%2C600&ssl=1 3x, https:\/\/i0.wp.com\/sarimelekler.biz\/wp-content\/uploads\/2018\/01\/Ads%C4%B1z2.jpg?resize=1400%2C800&ssl=1 4x"},"classes":[]},{"id":13088,"url":"https:\/\/sarimelekler.biz\/?p=13088","url_meta":{"origin":3740,"position":4},"title":"Sar\u0131 Meleklerin \u015eampiyonlar Ligi \u00e7eyrek finalindeki rakibi \u0130talyan ekibi Igor Gorgonzola Novara oldu.","author":"Edit\u00f6r","date":"20 \u015eubat 2020","format":false,"excerpt":"Avrupa voleybolunun kul\u00fcpler d\u00fczeyindeki en \u00f6nemli organizasyonu olan CEV \u015eampiyonlar Ligi\u2019nde \u00e7eyrek final e\u015fle\u015fmelerinin kura \u00e7ekimi L\u00fcksemburg\u2019ta yap\u0131ld\u0131. Avrupa Voleybol Konfederasyonu (CEV)\u2019nun genel merkezinde ger\u00e7ekle\u015ftirilen kura \u00e7ekiminin ard\u0131ndan Fenerbah\u00e7e Opet Kad\u0131n Voleybol Tak\u0131m\u0131m\u0131z\u0131n \u00e7eyrek final turundaki rakibi \u0130talyan ekibi Igor Gorgonzola Novara oldu. 2020 CEV \u015eampiyonlar Ligi\u2019nde \u00e7eyrek final ilk\u2026","rel":"","context":"&quot;Avrupa Kupalar\u0131&quot; i\u00e7inde","block_context":{"text":"Avrupa Kupalar\u0131","link":"https:\/\/sarimelekler.biz\/?cat=1"},"img":{"alt_text":"","src":"https:\/\/i0.wp.com\/sarimelekler.biz\/wp-content\/uploads\/2017\/11\/cev538_58025_6676227.jpg?resize=350%2C200&ssl=1","width":350,"height":200,"srcset":"https:\/\/i0.wp.com\/sarimelekler.biz\/wp-content\/uploads\/2017\/11\/cev538_58025_6676227.jpg?resize=350%2C200&ssl=1 1x, https:\/\/i0.wp.com\/sarimelekler.biz\/wp-content\/uploads\/2017\/11\/cev538_58025_6676227.jpg?resize=525%2C300&ssl=1 1.5x"},"classes":[]},{"id":6589,"url":"https:\/\/sarimelekler.biz\/?p=6589","url_meta":{"origin":3740,"position":5},"title":"S\u0131la \u00c7al\u0131\u015fkan: \u201c\u00c7ocukluk hayalim ger\u00e7ek oldu\u201d","author":"Edit\u00f6r","date":"2 A\u011fustos 2018","format":false,"excerpt":"Fenerbah\u00e7e Bayan Voleybol Tak\u0131m\u0131m\u0131z\u0131n yeni transferi S\u0131la \u00c7al\u0131\u015fkan ile Fenerbah\u00e7e Dergisi\u2019nin A\u011fustos 2018 say\u0131s\u0131nda bir r\u00f6portaj ger\u00e7ekle\u015ftirildi. R\u00f6portaj\u0131n Resmi Sitemizden Yay\u0131nlanan B\u00f6l\u00fcm\u00fc: S\u0131la \u00c7al\u0131\u015fkan: \u201c\u00c7ocukluk hayalim ger\u00e7ek oldu\u201d S\u0131la \u00c7al\u0131\u015fkan ismini \u00f6zellikle de son d\u00f6nemde duymayan\u0131m\u0131z yoktur; peki, kendisinin \u00e7ok pozitif, iyi bir yabanc\u0131 dizi izleyicisi, tam bir tatl\u0131 sevdal\u0131s\u0131\u2026","rel":"","context":"&quot;Dergi R\u00f6portajlar\u0131&quot; i\u00e7inde","block_context":{"text":"Dergi R\u00f6portajlar\u0131","link":"https:\/\/sarimelekler.biz\/?cat=15"},"img":{"alt_text":"","src":"https:\/\/i0.wp.com\/sarimelekler.biz\/wp-content\/uploads\/2018\/08\/de6p3591_61178_5696924.jpg?resize=350%2C200&ssl=1","width":350,"height":200,"srcset":"https:\/\/i0.wp.com\/sarimelekler.biz\/wp-content\/uploads\/2018\/08\/de6p3591_61178_5696924.jpg?resize=350%2C200&ssl=1 1x, https:\/\/i0.wp.com\/sarimelekler.biz\/wp-content\/uploads\/2018\/08\/de6p3591_61178_5696924.jpg?resize=525%2C300&ssl=1 1.5x, https:\/\/i0.wp.com\/sarimelekler.biz\/wp-content\/uploads\/2018\/08\/de6p3591_61178_5696924.jpg?resize=700%2C400&ssl=1 2x, https:\/\/i0.wp.com\/sarimelekler.biz\/wp-content\/uploads\/2018\/08\/de6p3591_61178_5696924.jpg?resize=1050%2C600&ssl=1 3x, https:\/\/i0.wp.com\/sarimelekler.biz\/wp-content\/uploads\/2018\/08\/de6p3591_61178_5696924.jpg?resize=1400%2C800&ssl=1 4x"},"classes":[]}],"_links":{"self":[{"href":"https:\/\/sarimelekler.biz\/index.php?rest_route=\/wp\/v2\/posts\/3740","targetHints":{"allow":["GET"]}}],"collection":[{"href":"https:\/\/sarimelekler.biz\/index.php?rest_route=\/wp\/v2\/posts"}],"about":[{"href":"https:\/\/sarimelekler.biz\/index.php?rest_route=\/wp\/v2\/types\/post"}],"author":[{"embeddable":true,"href":"https:\/\/sarimelekler.biz\/index.php?rest_route=\/wp\/v2\/users\/1"}],"replies":[{"embeddable":true,"href":"https:\/\/sarimelekler.biz\/index.php?rest_route=%2Fwp%2Fv2%2Fcomments&post=3740"}],"version-history":[{"count":3,"href":"https:\/\/sarimelekler.biz\/index.php?rest_route=\/wp\/v2\/posts\/3740\/revisions"}],"predecessor-version":[{"id":3743,"href":"https:\/\/sarimelekler.biz\/index.php?rest_route=\/wp\/v2\/posts\/3740\/revisions\/3743"}],"wp:featuredmedia":[{"embeddable":true,"href":"https:\/\/sarimelekler.biz\/index.php?rest_route=\/wp\/v2\/media\/3730"}],"wp:attachment":[{"href":"https:\/\/sarimelekler.biz\/index.php?rest_route=%2Fwp%2Fv2%2Fmedia&parent=3740"}],"wp:term":[{"taxonomy":"category","embeddable":true,"href":"https:\/\/sarimelekler.biz\/index.php?rest_route=%2Fwp%2Fv2%2Fcategories&post=3740"},{"taxonomy":"post_tag","embeddable":true,"href":"https:\/\/sarimelekler.biz\/index.php?rest_route=%2Fwp%2Fv2%2Ftags&post=3740"}],"curies":[{"name":"wp","href":"https:\/\/api.w.org\/{rel}","templated":true}]}}