{"id":3757,"date":"2017-04-25T23:59:52","date_gmt":"2017-04-25T20:59:52","guid":{"rendered":"http:\/\/sarimelekler.biz\/?p=3757"},"modified":"2017-04-25T23:59:52","modified_gmt":"2017-04-25T20:59:52","slug":"onemli-duyuru","status":"publish","type":"post","link":"https:\/\/sarimelekler.biz\/?p=3757","title":{"rendered":"\u00d6NEML\u0130 DUYURU"},"content":{"rendered":"<p style=\"text-align: justify;\">Sar\u0131 Meleklerimizin Oynayaca\u011f\u0131 \u00a0Vestel Ven\u00fcs Sultanlar Ligi Final Serisi \u00a0Biletlerinin Sat\u0131\u015f\u0131 Hakk\u0131nda Fenerbah\u00e7e Spor Kul\u00fcb\u00fc Resmi \u0130nternet Sitesinden Duyuru Yaz\u0131s\u0131 Yay\u0131nland\u0131.<\/p>\n<p style=\"text-align: justify;\">Fenerbah\u00e7e Kad\u0131n Voleybol Tak\u0131m\u0131m\u0131z\u0131n 27 Nisan Per\u015fembe g\u00fcn\u00fc saat 18:00\u2019da ve 29 Nisan Cumartesi g\u00fcn\u00fc saat 16:00\u2019da Burhan Felek Spor Salonu\u2019nda Galatasaray ile oynayaca\u011f\u0131 Ven\u00fcs Sultanlar Voleybol Ligi Play-Off Final 1. ve 2. ma\u00e7lar\u0131n\u0131n bilet sat\u0131\u015flar\u0131na, \u00dclker Stadyumu Fenerbah\u00e7e \u015e\u00fckr\u00fc Saraco\u011flu Spor Kompleksi Kombine Sat\u0131\u015f Merkezi\u2019nden 26 Nisan \u00c7ar\u015famba saat 11:00 itibariyle ba\u015flanacakt\u0131r.<\/p>\n<p>Buna g\u00f6re;<\/p>\n<p>&#8211; Biletler her ma\u00e7 i\u00e7in 10 TL kar\u015f\u0131l\u0131\u011f\u0131nda sat\u0131lacakt\u0131r.<\/p>\n<p>&#8211; Ma\u00e7 ba\u015f\u0131na bir ki\u015fi en fazla 3 adet bilet alabilecektir.<\/p>\n<p>&#8211; Bilet al\u0131m\u0131 s\u0131ras\u0131nda kimlik ibraz\u0131 zorunlu olacakt\u0131r.<\/p>\n<p>&#8211; Taraftarlar\u0131m\u0131z iki ma\u00e7a birden bilet alabilece\u011fi gibi, dileyen taraftarlar\u0131m\u0131z tek ma\u00e7 i\u00e7in de bilet alabileceklerdir.<\/p>\n<p><strong>&#8211; Burhan Felek Spor Salonu\u2019nda bulunan gi\u015feden hi\u00e7bir \u015fekilde bilet sat\u0131\u015f\u0131 yap\u0131lmayacakt\u0131r.<\/strong><\/p>\n<p>&#8211; Bilet sat\u0131\u015flar\u0131 26 Nisan \u00c7ar\u015famba g\u00fcn\u00fc saat 11:00 \u2013 20:00 aras\u0131, 27 Nisan Per\u015fembe g\u00fcn\u00fc saat 10:00 \u2013 16:00 aras\u0131, 28 Nisan Cuma g\u00fcn\u00fc saat 12:00 \u2013 20:00 aras\u0131, 29 Nisan Cumartesi g\u00fcn\u00fc ise saat 10:00 \u2013 14:00 aras\u0131nda yap\u0131lacakt\u0131r.<\/p>\n<p>Bu \u00f6nemli seride tak\u0131m\u0131m\u0131z\u0131 desteklemek i\u00e7in de\u011ferli taraftarlar\u0131m\u0131z\u0131 Burhan Felek Spor Salonu\u2019na bekliyoruz.<\/p>\n<p style=\"text-align: justify;\">Kaynak:<br \/>\n<a href=\"http:\/\/www.fenerbahce.org\/detay.asp?ContentID=55508\" target=\"_blank\" rel=\"noopener noreferrer\">Fenerbah\u00e7e Spor Kul\u00fcb\u00fc \u0130nternet Sitesi<\/a><\/p>\n","protected":false},"excerpt":{"rendered":"<p>Sar\u0131 Meleklerimizin Oynayaca\u011f\u0131 \u00a0Vestel Ven\u00fcs Sultanlar Ligi Final Serisi \u00a0Biletlerinin \u2026 <a class=\"continue-reading-link\" href=\"https:\/\/sarimelekler.biz\/?p=3757\">Okumaya Devam Et.. <span class=\"meta-nav\">&rarr; <\/span><\/a><\/p>\n","protected":false},"author":1,"featured_media":3716,"comment_status":"closed","ping_status":"open","sticky":false,"template":"","format":"standard","meta":{"jetpack_post_was_ever_published":false,"_jetpack_newsletter_access":"","_jetpack_dont_email_post_to_subs":false,"_jetpack_newsletter_tier_id":0,"_jetpack_memberships_contains_paywalled_content":false,"_jetpack_memberships_contains_paid_content":false,"footnotes":"","jetpack_publicize_message":"","jetpack_publicize_feature_enabled":true,"jetpack_social_post_already_shared":true,"jetpack_social_options":{"image_generator_settings":{"template":"highway","default_image_id":0,"font":"","enabled":false},"version":2}},"categories":[6],"tags":[],"class_list":["post-3757","post","type-post","status-publish","format-standard","has-post-thumbnail","hentry","category-turkiye-ligi"],"jetpack_publicize_connections":[],"jetpack_featured_media_url":"https:\/\/sarimelekler.biz\/wp-content\/uploads\/2017\/04\/c09g9898_55294_778806.jpg","jetpack_sharing_enabled":true,"jetpack_shortlink":"https:\/\/wp.me\/p8npUZ-YB","jetpack-related-posts":[{"id":19157,"url":"https:\/\/sarimelekler.biz\/?p=19157","url_meta":{"origin":3757,"position":0},"title":"Fenerbah\u00e7e Opet:3 \u2013 Bolu Belediye Spor:0","author":"Edit\u00f6r","date":"8 Nisan 2023","format":false,"excerpt":"Fenerbah\u00e7e Opet Kad\u0131n Voleybol Tak\u0131m\u0131m\u0131z misli.com Sultanlar Ligi 23. hafta ma\u00e7\u0131nda konuk etti\u011fi Bolu Belediye Spor tak\u0131m\u0131n\u0131 25-17, 25-16 ve 26-24\u2019l\u00fck set skorlar\u0131yla 3-0 ma\u011flup etti. Ma\u00e7a Eda, Asl\u0131, Vargas, Macris, Fedorovtseva, Meliha ve libero Gizem kadrosuyla ba\u015flayan tak\u0131m\u0131m\u0131z ikinci sete Asl\u0131, Fedorovtseva, Meliha, Lazareva, Buse, Vuchkova ve libero Gizem\u2026","rel":"","context":"&quot;T\u00fcrkiye Ligi&quot; i\u00e7inde","block_context":{"text":"T\u00fcrkiye Ligi","link":"https:\/\/sarimelekler.biz\/?cat=6"},"img":{"alt_text":"","src":"https:\/\/i0.wp.com\/sarimelekler.biz\/wp-content\/uploads\/2023\/04\/23-22-23-15.jpg?resize=350%2C200&ssl=1","width":350,"height":200,"srcset":"https:\/\/i0.wp.com\/sarimelekler.biz\/wp-content\/uploads\/2023\/04\/23-22-23-15.jpg?resize=350%2C200&ssl=1 1x, https:\/\/i0.wp.com\/sarimelekler.biz\/wp-content\/uploads\/2023\/04\/23-22-23-15.jpg?resize=525%2C300&ssl=1 1.5x, https:\/\/i0.wp.com\/sarimelekler.biz\/wp-content\/uploads\/2023\/04\/23-22-23-15.jpg?resize=700%2C400&ssl=1 2x, https:\/\/i0.wp.com\/sarimelekler.biz\/wp-content\/uploads\/2023\/04\/23-22-23-15.jpg?resize=1050%2C600&ssl=1 3x, https:\/\/i0.wp.com\/sarimelekler.biz\/wp-content\/uploads\/2023\/04\/23-22-23-15.jpg?resize=1400%2C800&ssl=1 4x"},"classes":[]},{"id":19113,"url":"https:\/\/sarimelekler.biz\/?p=19113","url_meta":{"origin":3757,"position":1},"title":"\u00c7ukurova Belediyesi Adana Demirspor:0 \u2013 Fenerbah\u00e7e Opet:3","author":"Edit\u00f6r","date":"1 Nisan 2023","format":false,"excerpt":"Fenerbah\u00e7e Opet Kad\u0131n Voleybol Tak\u0131m\u0131m\u0131z misli.com Sultanlar Ligi 22. hafta ma\u00e7\u0131nda konuk oldu\u011fu \u00c7ukurova Belediyesi Adana Demirspor tak\u0131m\u0131n\u0131 17-25, 17-25 ve 15-25\u2019lik set skorlar\u0131yla 3-0 ma\u011flup etti. Ma\u00e7a Eda, Vuchkova, Vargas, Macris, Fedorovtseva, Meliha ve libero Gizem kadrosuyla ba\u015flayan tak\u0131m\u0131m\u0131zda yedek oyuncular\u0131m\u0131zdan Lazerava, Cansu, Asl\u0131 ve Buse\u2019de s\u00fcre ald\u0131. Ma\u00e7\u0131\u2026","rel":"","context":"&quot;T\u00fcrkiye Ligi&quot; i\u00e7inde","block_context":{"text":"T\u00fcrkiye Ligi","link":"https:\/\/sarimelekler.biz\/?cat=6"},"img":{"alt_text":"","src":"https:\/\/i0.wp.com\/sarimelekler.biz\/wp-content\/uploads\/2023\/04\/22-22-23-12-scaled.jpg?resize=350%2C200&ssl=1","width":350,"height":200,"srcset":"https:\/\/i0.wp.com\/sarimelekler.biz\/wp-content\/uploads\/2023\/04\/22-22-23-12-scaled.jpg?resize=350%2C200&ssl=1 1x, https:\/\/i0.wp.com\/sarimelekler.biz\/wp-content\/uploads\/2023\/04\/22-22-23-12-scaled.jpg?resize=525%2C300&ssl=1 1.5x, https:\/\/i0.wp.com\/sarimelekler.biz\/wp-content\/uploads\/2023\/04\/22-22-23-12-scaled.jpg?resize=700%2C400&ssl=1 2x, https:\/\/i0.wp.com\/sarimelekler.biz\/wp-content\/uploads\/2023\/04\/22-22-23-12-scaled.jpg?resize=1050%2C600&ssl=1 3x, https:\/\/i0.wp.com\/sarimelekler.biz\/wp-content\/uploads\/2023\/04\/22-22-23-12-scaled.jpg?resize=1400%2C800&ssl=1 4x"},"classes":[]},{"id":15697,"url":"https:\/\/sarimelekler.biz\/?p=15697","url_meta":{"origin":3757,"position":2},"title":"Artan Covid-19 Vakalar\u0131 Sebebiyle Tak\u0131m\u0131m\u0131z Sultanlar Ligi Finalinden \u00c7ekildi.","author":"Edit\u00f6r","date":"15 Nisan 2021","format":false,"excerpt":"Fenerbah\u00e7e Opet Kad\u0131n Voleybol Tak\u0131m\u0131m\u0131z, teknik ekip ve oyuncular\u0131m\u0131zda son bir hafta i\u00e7erisinde g\u00f6r\u00fclen Covid-19 Vakalar\u0131 sebebiyle misli.com Sultanlar Ligi final serisi \u00fc\u00e7\u00fcnc\u00fc ma\u00e7\u0131na \u00e7\u0131kmama karar\u0131 ald\u0131. Seride 2-0 geride olan Sar\u0131 Meleklerimiz yar\u0131n oynanmas\u0131 planlanan serinin \u00fc\u00e7\u00fcnc\u00fc ma\u00e7\u0131n\u0131 h\u00fckmen 3-0 kaybedecek. \u00a0B\u00f6ylelikle seri 3-0 olacak ve Federasyon, \u015eampiyonu Vak\u0131fbank\u2026","rel":"","context":"&quot;T\u00fcrkiye Ligi&quot; i\u00e7inde","block_context":{"text":"T\u00fcrkiye Ligi","link":"https:\/\/sarimelekler.biz\/?cat=6"},"img":{"alt_text":"","src":"https:\/\/i0.wp.com\/sarimelekler.biz\/wp-content\/uploads\/2021\/02\/27-20-21-10.jpg?resize=350%2C200&ssl=1","width":350,"height":200,"srcset":"https:\/\/i0.wp.com\/sarimelekler.biz\/wp-content\/uploads\/2021\/02\/27-20-21-10.jpg?resize=350%2C200&ssl=1 1x, https:\/\/i0.wp.com\/sarimelekler.biz\/wp-content\/uploads\/2021\/02\/27-20-21-10.jpg?resize=525%2C300&ssl=1 1.5x, https:\/\/i0.wp.com\/sarimelekler.biz\/wp-content\/uploads\/2021\/02\/27-20-21-10.jpg?resize=700%2C400&ssl=1 2x, https:\/\/i0.wp.com\/sarimelekler.biz\/wp-content\/uploads\/2021\/02\/27-20-21-10.jpg?resize=1050%2C600&ssl=1 3x, https:\/\/i0.wp.com\/sarimelekler.biz\/wp-content\/uploads\/2021\/02\/27-20-21-10.jpg?resize=1400%2C800&ssl=1 4x"},"classes":[]},{"id":6191,"url":"https:\/\/sarimelekler.biz\/?p=6191","url_meta":{"origin":3757,"position":3},"title":"3\/4 Ma\u00e7lar\u0131 Program\u0131 A\u00e7\u0131kland\u0131.","author":"Edit\u00f6r","date":"30 Mart 2018","format":false,"excerpt":"Fenerbah\u00e7e Bayan Voleybol Tak\u0131m\u0131m\u0131z Vestel Ven\u00fcs Sultanlar Liginin \u00e7eyrek finalinde Eczac\u0131ba\u015f\u0131 Vitra tak\u0131m\u0131na 3-1 ve 3-0\u2019l\u0131k ma\u00e7 skorlar\u0131yla 2-0\u2019l\u0131k skorla yenilerek 3. l\u00fck ma\u00e7\u0131 oynamaya hak kazanm\u0131\u015f ve Rakibi ise Vak\u0131fbank\u2019a 2-0 ma\u011flup olan Galatasaray olmu\u015ftu. Tvf\u2019nin internet sitesinden yap\u0131lan duyuru ile ma\u00e7 program\u0131 a\u00e7\u0131kland\u0131. \u0130lk ma\u00e7 ligi Galatasaray\u2019\u0131n ard\u0131ndan\u2026","rel":"","context":"&quot;T\u00fcrkiye Ligi&quot; i\u00e7inde","block_context":{"text":"T\u00fcrkiye Ligi","link":"https:\/\/sarimelekler.biz\/?cat=6"},"img":{"alt_text":"","src":"https:\/\/i0.wp.com\/sarimelekler.biz\/wp-content\/uploads\/2017\/12\/YNS_1758.jpg?resize=350%2C200&ssl=1","width":350,"height":200,"srcset":"https:\/\/i0.wp.com\/sarimelekler.biz\/wp-content\/uploads\/2017\/12\/YNS_1758.jpg?resize=350%2C200&ssl=1 1x, https:\/\/i0.wp.com\/sarimelekler.biz\/wp-content\/uploads\/2017\/12\/YNS_1758.jpg?resize=525%2C300&ssl=1 1.5x, https:\/\/i0.wp.com\/sarimelekler.biz\/wp-content\/uploads\/2017\/12\/YNS_1758.jpg?resize=700%2C400&ssl=1 2x, https:\/\/i0.wp.com\/sarimelekler.biz\/wp-content\/uploads\/2017\/12\/YNS_1758.jpg?resize=1050%2C600&ssl=1 3x, https:\/\/i0.wp.com\/sarimelekler.biz\/wp-content\/uploads\/2017\/12\/YNS_1758.jpg?resize=1400%2C800&ssl=1 4x"},"classes":[]},{"id":4931,"url":"https:\/\/sarimelekler.biz\/?p=4931","url_meta":{"origin":3757,"position":4},"title":"Kaptandan Mesaj Var","author":"Edit\u00f6r","date":"17 Kas\u0131m 2017","format":false,"excerpt":"Fenerbah\u00e7e Bayan Voleybol Tak\u0131m\u0131m\u0131z Vestel Ven\u00fcs Sultanlar Ligi\u2019nin 8. Haftas\u0131nda Eczac\u0131ba\u015f\u0131 Vitra tak\u0131m\u0131yla kar\u015f\u0131la\u015facak. Daha \u00f6nce Metro Enerji Spor Salonunda oynanaca\u011f\u0131 ve tv yay\u0131n\u0131 olmayaca\u011f\u0131 a\u00e7\u0131klanan ma\u00e7 Burhan Belek Voleybol Salonuna al\u0131nd\u0131. Bu \u00f6nemli ma\u00e7 18.11.2017 g\u00fcn\u00fc saat:14:00\u2019te ba\u015flayacak ve TRT Spor kanal\u0131ndan canl\u0131 yay\u0131nlanacak. Ma\u00e7 \u00f6ncesinde kaptan\u0131m\u0131z Eda Erdem\u2026","rel":"","context":"&quot;T\u00fcrkiye Ligi&quot; i\u00e7inde","block_context":{"text":"T\u00fcrkiye Ligi","link":"https:\/\/sarimelekler.biz\/?cat=6"},"img":{"alt_text":"","src":"https:\/\/i0.wp.com\/sarimelekler.biz\/wp-content\/uploads\/2017\/10\/de6p6599_57773_66264.jpg?resize=350%2C200&ssl=1","width":350,"height":200,"srcset":"https:\/\/i0.wp.com\/sarimelekler.biz\/wp-content\/uploads\/2017\/10\/de6p6599_57773_66264.jpg?resize=350%2C200&ssl=1 1x, https:\/\/i0.wp.com\/sarimelekler.biz\/wp-content\/uploads\/2017\/10\/de6p6599_57773_66264.jpg?resize=525%2C300&ssl=1 1.5x, https:\/\/i0.wp.com\/sarimelekler.biz\/wp-content\/uploads\/2017\/10\/de6p6599_57773_66264.jpg?resize=700%2C400&ssl=1 2x, https:\/\/i0.wp.com\/sarimelekler.biz\/wp-content\/uploads\/2017\/10\/de6p6599_57773_66264.jpg?resize=1050%2C600&ssl=1 3x, https:\/\/i0.wp.com\/sarimelekler.biz\/wp-content\/uploads\/2017\/10\/de6p6599_57773_66264.jpg?resize=1400%2C800&ssl=1 4x"},"classes":[]},{"id":19129,"url":"https:\/\/sarimelekler.biz\/?p=19129","url_meta":{"origin":3757,"position":5},"title":"Vak\u0131fbank:0 \u2013 \u00a0Fenerbah\u00e7e Opet:3","author":"Edit\u00f6r","date":"6 Nisan 2023","format":false,"excerpt":"Fenerbah\u00e7e Opet Kad\u0131n Voleybol Tak\u0131m\u0131m\u0131z 2023 CEV \u015eampiyonlar Ligi yar\u0131 Final ilk ma\u00e7\u0131nda konuk oldu\u011fu Vak\u0131fbank tak\u0131m\u0131n\u0131 10-25, 23-25 ve 20-25\u2019lik set skorlar\u0131yla 3-0 ma\u011flup etti. Ma\u00e7a Eda, Vargas, Ana Cristina, Macris, Fedorovtseva, Vuchkova ve libero Gizem kadrosuyla ba\u015flayan tak\u0131m\u0131m\u0131zda yedek oyuncular\u0131m\u0131zdan Cansu ve Lazareva\u2019da s\u00fcre ald\u0131. \u00a0Ma\u00e7\u0131 19 say\u0131yla\u2026","rel":"","context":"&quot;Avrupa Kupalar\u0131&quot; i\u00e7inde","block_context":{"text":"Avrupa Kupalar\u0131","link":"https:\/\/sarimelekler.biz\/?cat=1"},"img":{"alt_text":"","src":"https:\/\/i0.wp.com\/sarimelekler.biz\/wp-content\/uploads\/2023\/04\/11-22-23-CL-19-scaled.jpg?resize=350%2C200&ssl=1","width":350,"height":200,"srcset":"https:\/\/i0.wp.com\/sarimelekler.biz\/wp-content\/uploads\/2023\/04\/11-22-23-CL-19-scaled.jpg?resize=350%2C200&ssl=1 1x, https:\/\/i0.wp.com\/sarimelekler.biz\/wp-content\/uploads\/2023\/04\/11-22-23-CL-19-scaled.jpg?resize=525%2C300&ssl=1 1.5x, https:\/\/i0.wp.com\/sarimelekler.biz\/wp-content\/uploads\/2023\/04\/11-22-23-CL-19-scaled.jpg?resize=700%2C400&ssl=1 2x, https:\/\/i0.wp.com\/sarimelekler.biz\/wp-content\/uploads\/2023\/04\/11-22-23-CL-19-scaled.jpg?resize=1050%2C600&ssl=1 3x, https:\/\/i0.wp.com\/sarimelekler.biz\/wp-content\/uploads\/2023\/04\/11-22-23-CL-19-scaled.jpg?resize=1400%2C800&ssl=1 4x"},"classes":[]}],"_links":{"self":[{"href":"https:\/\/sarimelekler.biz\/index.php?rest_route=\/wp\/v2\/posts\/3757","targetHints":{"allow":["GET"]}}],"collection":[{"href":"https:\/\/sarimelekler.biz\/index.php?rest_route=\/wp\/v2\/posts"}],"about":[{"href":"https:\/\/sarimelekler.biz\/index.php?rest_route=\/wp\/v2\/types\/post"}],"author":[{"embeddable":true,"href":"https:\/\/sarimelekler.biz\/index.php?rest_route=\/wp\/v2\/users\/1"}],"replies":[{"embeddable":true,"href":"https:\/\/sarimelekler.biz\/index.php?rest_route=%2Fwp%2Fv2%2Fcomments&post=3757"}],"version-history":[{"count":1,"href":"https:\/\/sarimelekler.biz\/index.php?rest_route=\/wp\/v2\/posts\/3757\/revisions"}],"predecessor-version":[{"id":3758,"href":"https:\/\/sarimelekler.biz\/index.php?rest_route=\/wp\/v2\/posts\/3757\/revisions\/3758"}],"wp:featuredmedia":[{"embeddable":true,"href":"https:\/\/sarimelekler.biz\/index.php?rest_route=\/wp\/v2\/media\/3716"}],"wp:attachment":[{"href":"https:\/\/sarimelekler.biz\/index.php?rest_route=%2Fwp%2Fv2%2Fmedia&parent=3757"}],"wp:term":[{"taxonomy":"category","embeddable":true,"href":"https:\/\/sarimelekler.biz\/index.php?rest_route=%2Fwp%2Fv2%2Fcategories&post=3757"},{"taxonomy":"post_tag","embeddable":true,"href":"https:\/\/sarimelekler.biz\/index.php?rest_route=%2Fwp%2Fv2%2Ftags&post=3757"}],"curies":[{"name":"wp","href":"https:\/\/api.w.org\/{rel}","templated":true}]}}