{"id":3791,"date":"2017-04-28T01:11:00","date_gmt":"2017-04-27T22:11:00","guid":{"rendered":"http:\/\/sarimelekler.biz\/?p=3791"},"modified":"2017-04-28T01:11:00","modified_gmt":"2017-04-27T22:11:00","slug":"tedirginlik-yaratan-pankart","status":"publish","type":"post","link":"https:\/\/sarimelekler.biz\/?p=3791","title":{"rendered":"Tedirginlik Yaratan Pankart"},"content":{"rendered":"\n\t\t<style type=\"text\/css\">\n\t\t\t#gallery-1 {\n\t\t\t\tmargin: auto;\n\t\t\t}\n\t\t\t#gallery-1 .gallery-item {\n\t\t\t\tfloat: left;\n\t\t\t\tmargin-top: 10px;\n\t\t\t\ttext-align: center;\n\t\t\t\twidth: 100%;\n\t\t\t}\n\t\t\t#gallery-1 img {\n\t\t\t\tborder: 2px solid #cfcfcf;\n\t\t\t}\n\t\t\t#gallery-1 .gallery-caption {\n\t\t\t\tmargin-left: 0;\n\t\t\t}\n\t\t\t\/* see gallery_shortcode() in wp-includes\/media.php *\/\n\t\t<\/style>\n\t\t<div data-carousel-extra='{&quot;blog_id&quot;:1,&quot;permalink&quot;:&quot;https:\/\/sarimelekler.biz\/?p=3791&quot;}' id='gallery-1' class='gallery galleryid-3791 gallery-columns-1 gallery-size-large'><dl class='gallery-item'>\n\t\t\t<dt class='gallery-icon landscape'>\n\t\t\t\t<a href='https:\/\/sarimelekler.biz\/?attachment_id=3793'><img loading=\"lazy\" decoding=\"async\" width=\"676\" height=\"224\" src=\"https:\/\/sarimelekler.biz\/wp-content\/uploads\/2017\/04\/Ads\u0131z-1.jpg\" class=\"attachment-large size-large\" alt=\"\" srcset=\"https:\/\/sarimelekler.biz\/wp-content\/uploads\/2017\/04\/Ads\u0131z-1.jpg 676w, https:\/\/sarimelekler.biz\/wp-content\/uploads\/2017\/04\/Ads\u0131z-1-300x99.jpg 300w, https:\/\/sarimelekler.biz\/wp-content\/uploads\/2017\/04\/Ads\u0131z-1-150x50.jpg 150w\" sizes=\"auto, (max-width: 676px) 100vw, 676px\" data-attachment-id=\"3793\" data-permalink=\"https:\/\/sarimelekler.biz\/?attachment_id=3793\" data-orig-file=\"https:\/\/sarimelekler.biz\/wp-content\/uploads\/2017\/04\/Ads\u0131z-1.jpg\" data-orig-size=\"676,224\" data-comments-opened=\"0\" data-image-meta=\"{&quot;aperture&quot;:&quot;0&quot;,&quot;credit&quot;:&quot;&quot;,&quot;camera&quot;:&quot;&quot;,&quot;caption&quot;:&quot;&quot;,&quot;created_timestamp&quot;:&quot;0&quot;,&quot;copyright&quot;:&quot;&quot;,&quot;focal_length&quot;:&quot;0&quot;,&quot;iso&quot;:&quot;0&quot;,&quot;shutter_speed&quot;:&quot;0&quot;,&quot;title&quot;:&quot;&quot;,&quot;orientation&quot;:&quot;0&quot;}\" data-image-title=\"Ads\u0131z\" data-image-description=\"\" data-image-caption=\"\" data-large-file=\"https:\/\/sarimelekler.biz\/wp-content\/uploads\/2017\/04\/Ads\u0131z-1.jpg\" \/><\/a>\n\t\t\t<\/dt><\/dl><br style=\"clear: both\" \/>\n\t\t<\/div>\n\n<p style=\"text-align: justify;\">D\u00fcn oynanan Fenerbah\u00e7e \u2013 Galatasaray ma\u00e7\u0131nda a\u00e7\u0131lan bir pankart ekran ba\u015f\u0131ndan ma\u00e7\u0131 takip eden taraftarlar\u0131m\u0131z\u0131 merakland\u0131rd\u0131. Pankartta Kim Yeon Koung\u2019un Foto\u011fraf\u0131n\u0131n yan\u0131nda \u201cSeni Unutmayaca\u011f\u0131z\u201d yaz\u0131yordu. Bu pankart\u0131n Kim YK hakk\u0131nda son g\u00fcnlerde \u00e7\u0131kan astronomik fiyatlarla uydurma transfer haberleri ile bir ilgisi yoktu. Bu pankart 16.04.2014 de G\u00fcney Kore\u2019de ger\u00e7ekle\u015fen feribot kazas\u0131nda hayat\u0131n\u0131 kaybedenleri anmak i\u00e7in yap\u0131ld\u0131. Pankarttaki 2014-4-16 ve Sar\u0131 Kurdele ya\u015fanan bu trajediyle ilgili olup, Pankart\u0131n T\u00fcrk\u00e7e yaz\u0131lmak istenmesi anlam karma\u015fas\u0131 meydana getirdi.<\/p>\n<p><a href=\"http:\/\/www.dw.com\/tr\/g%C3%BCney-korede-facia\/a-17572122\" target=\"_blank\" rel=\"noopener noreferrer\">Kaza Hk.<\/a><\/p>\n","protected":false},"excerpt":{"rendered":"<p>D\u00fcn oynanan Fenerbah\u00e7e \u2013 Galatasaray ma\u00e7\u0131nda a\u00e7\u0131lan bir pankart ekran \u2026 <a class=\"continue-reading-link\" href=\"https:\/\/sarimelekler.biz\/?p=3791\">Okumaya Devam Et.. <span class=\"meta-nav\">&rarr; <\/span><\/a><\/p>\n","protected":false},"author":1,"featured_media":3792,"comment_status":"closed","ping_status":"open","sticky":false,"template":"","format":"standard","meta":{"jetpack_post_was_ever_published":false,"_jetpack_newsletter_access":"","_jetpack_dont_email_post_to_subs":false,"_jetpack_newsletter_tier_id":0,"_jetpack_memberships_contains_paywalled_content":false,"_jetpack_memberships_contains_paid_content":false,"footnotes":"","jetpack_publicize_message":"","jetpack_publicize_feature_enabled":true,"jetpack_social_post_already_shared":true,"jetpack_social_options":{"image_generator_settings":{"template":"highway","default_image_id":0,"font":"","enabled":false},"version":2}},"categories":[6],"tags":[],"class_list":["post-3791","post","type-post","status-publish","format-standard","has-post-thumbnail","hentry","category-turkiye-ligi"],"jetpack_publicize_connections":[],"jetpack_featured_media_url":"https:\/\/sarimelekler.biz\/wp-content\/uploads\/2017\/04\/C-cUul0UwAA9BrN.jpg-large.jpg","jetpack_sharing_enabled":true,"jetpack_shortlink":"https:\/\/wp.me\/p8npUZ-Z9","jetpack-related-posts":[{"id":13266,"url":"https:\/\/sarimelekler.biz\/?p=13266","url_meta":{"origin":3791,"position":0},"title":"Melis Y\u0131lmaz&#8217;a S\u00fcrpriz Pankart","author":"Edit\u00f6r","date":"9 Mart 2020","format":false,"excerpt":"Tak\u0131m\u0131m\u0131z\u0131n Vestel Venus Sultanlar Ligi 21. haftas\u0131nda kar\u015f\u0131la\u015ft\u0131\u011f\u0131 PTT Spor ma\u00e7\u0131nda oyuncumuz Melis Y\u0131lmaz\u2019a 8 Mart D\u00fcnya Kad\u0131nlar G\u00fcn\u00fcn\u00fc \u00f6zel bir pankart a\u00e7\u0131ld\u0131. Trib\u00fcnlerimizin m\u00fcnferit taraftarlar\u0131ndan Berk S\u00f6z\u00fcer ba\u015far\u0131l\u0131 oyuncumuz Melis Y\u0131lmaz i\u00e7in kendi eme\u011fiyle yapt\u0131\u011f\u0131 pankart\u0131 ma\u00e7tan \u00f6nce trib\u00fcne ast\u0131. Tabi oyuncumuz buna kay\u0131ts\u0131z kalmayarak ma\u00e7 sonu Berk S\u00f6z\u00fcer\u2019e\u2026","rel":"","context":"&quot;Haberler&quot; i\u00e7inde","block_context":{"text":"Haberler","link":"https:\/\/sarimelekler.biz\/?cat=7"},"img":{"alt_text":"","src":"https:\/\/i0.wp.com\/sarimelekler.biz\/wp-content\/uploads\/2020\/03\/Melis-Pankart-1.jpg?resize=350%2C200&ssl=1","width":350,"height":200,"srcset":"https:\/\/i0.wp.com\/sarimelekler.biz\/wp-content\/uploads\/2020\/03\/Melis-Pankart-1.jpg?resize=350%2C200&ssl=1 1x, https:\/\/i0.wp.com\/sarimelekler.biz\/wp-content\/uploads\/2020\/03\/Melis-Pankart-1.jpg?resize=525%2C300&ssl=1 1.5x, https:\/\/i0.wp.com\/sarimelekler.biz\/wp-content\/uploads\/2020\/03\/Melis-Pankart-1.jpg?resize=700%2C400&ssl=1 2x, https:\/\/i0.wp.com\/sarimelekler.biz\/wp-content\/uploads\/2020\/03\/Melis-Pankart-1.jpg?resize=1050%2C600&ssl=1 3x"},"classes":[]},{"id":17058,"url":"https:\/\/sarimelekler.biz\/?p=17058","url_meta":{"origin":3791,"position":1},"title":"Fenerbah\u00e7e Opet:3 \u2013 Bolu Belediyespor:0","author":"Edit\u00f6r","date":"9 Ocak 2022","format":false,"excerpt":"Fenerbah\u00e7e Opet Kad\u0131n Voleybol Tak\u0131m\u0131m\u0131z misli.com Sultanlar Ligi ikinci yar\u0131 a\u00e7\u0131l\u0131\u015f haftas\u0131 olan 14. Hafta ma\u00e7\u0131nda kar\u015f\u0131la\u015ft\u0131\u011f\u0131 Bolu Belediyespor tak\u0131m\u0131n\u0131 25-12, 25-19 ve 25-16\u2019lik set skorlar\u0131yla 3-0 ma\u011flup etti. Ma\u00e7a Eda, Meliha, Buse, Fedorovtseva, Ana Cristina, Popovic ve libero Gizem kadrosuyla ba\u015flayan tak\u0131m\u0131m\u0131zda, Cansu ve \u0130par\u2019da s\u00fcre ald\u0131. \u00a0Lazareva, Tutku\u2026","rel":"","context":"&quot;T\u00fcrkiye Ligi&quot; i\u00e7inde","block_context":{"text":"T\u00fcrkiye Ligi","link":"https:\/\/sarimelekler.biz\/?cat=6"},"img":{"alt_text":"","src":"https:\/\/i0.wp.com\/sarimelekler.biz\/wp-content\/uploads\/2022\/01\/14-21-22-4.jpg?resize=350%2C200&ssl=1","width":350,"height":200,"srcset":"https:\/\/i0.wp.com\/sarimelekler.biz\/wp-content\/uploads\/2022\/01\/14-21-22-4.jpg?resize=350%2C200&ssl=1 1x, https:\/\/i0.wp.com\/sarimelekler.biz\/wp-content\/uploads\/2022\/01\/14-21-22-4.jpg?resize=525%2C300&ssl=1 1.5x, https:\/\/i0.wp.com\/sarimelekler.biz\/wp-content\/uploads\/2022\/01\/14-21-22-4.jpg?resize=700%2C400&ssl=1 2x, https:\/\/i0.wp.com\/sarimelekler.biz\/wp-content\/uploads\/2022\/01\/14-21-22-4.jpg?resize=1050%2C600&ssl=1 3x, https:\/\/i0.wp.com\/sarimelekler.biz\/wp-content\/uploads\/2022\/01\/14-21-22-4.jpg?resize=1400%2C800&ssl=1 4x"},"classes":[]},{"id":6381,"url":"https:\/\/sarimelekler.biz\/?p=6381","url_meta":{"origin":3791,"position":2},"title":"Kim Yeon Koung&#8217;un Transfer S\u00fcrecine Ait Detaylar","author":"Edit\u00f6r","date":"22 May\u0131s 2018","format":false,"excerpt":"Tak\u0131m\u0131m\u0131zda 6 sezon forma giydikten sonra ge\u00e7en sezon tak\u0131m\u0131m\u0131zdan ayr\u0131lan ve ge\u00e7ti\u011fimiz sezonu \u00c7in liginde ge\u00e7iren eski oyuncumuz Kim Yeon Koung \u00fclkemiz tak\u0131mlar\u0131ndan Eczac\u0131ba\u015f\u0131 Vitra tak\u0131m\u0131na transfer oldu. Milyonlarca taraftar\u0131m\u0131z\u0131n sevdi\u011fi ve tekrar tak\u0131m\u0131m\u0131zda g\u00f6rmek istedi\u011fi Kim YK ne oldu da tak\u0131m\u0131m\u0131za transfer olmad\u0131? \u0130\u015fte transfer s\u00fcrecinin ger\u00e7ekleri: S\u00fcre\u00e7 2016\u2026","rel":"","context":"&quot;\u00d6zel Haberler&quot; i\u00e7inde","block_context":{"text":"\u00d6zel Haberler","link":"https:\/\/sarimelekler.biz\/?cat=21"},"img":{"alt_text":"","src":"https:\/\/i0.wp.com\/sarimelekler.biz\/wp-content\/uploads\/2018\/05\/Kim-Kapak.jpg?resize=350%2C200&ssl=1","width":350,"height":200,"srcset":"https:\/\/i0.wp.com\/sarimelekler.biz\/wp-content\/uploads\/2018\/05\/Kim-Kapak.jpg?resize=350%2C200&ssl=1 1x, https:\/\/i0.wp.com\/sarimelekler.biz\/wp-content\/uploads\/2018\/05\/Kim-Kapak.jpg?resize=525%2C300&ssl=1 1.5x, https:\/\/i0.wp.com\/sarimelekler.biz\/wp-content\/uploads\/2018\/05\/Kim-Kapak.jpg?resize=700%2C400&ssl=1 2x, https:\/\/i0.wp.com\/sarimelekler.biz\/wp-content\/uploads\/2018\/05\/Kim-Kapak.jpg?resize=1050%2C600&ssl=1 3x, https:\/\/i0.wp.com\/sarimelekler.biz\/wp-content\/uploads\/2018\/05\/Kim-Kapak.jpg?resize=1400%2C800&ssl=1 4x"},"classes":[]},{"id":21786,"url":"https:\/\/sarimelekler.biz\/?p=21786","url_meta":{"origin":3791,"position":3},"title":"\u0130ST\u0130FA\u2019DA B\u0130R H\u0130ZMETT\u0130R","author":"Edit\u00f6r","date":"12 Mart 2025","format":false,"excerpt":"Yine bir H\u00fcsran. Yine bir Keder. Fenerbah\u00e7e Medicana Kad\u0131n Voleybol Tak\u0131m\u0131m\u0131z, CEV Kad\u0131nlar \u015eampiyonlar Ligi \u00c7eyrek Finali ilk ma\u00e7\u0131nda Vak\u0131fbank\u2019\u0131 3-0 yenmesine ra\u011fmen 2. ma\u00e7ta kendi seyircisi \u00f6n\u00fcnde 2 set alamayarak \u015eampiyonlar Ligine \u00c7eyrek finalde havlu att\u0131. Y\u0131llar oldu \u015eampiyonlar Liginde bir ba\u015far\u0131 gelmeyeli. En b\u00fcy\u00fck rakibimiz kim? Vak\u0131fbank, sezon\u2026","rel":"","context":"&quot;Avrupa Kupalar\u0131&quot; i\u00e7inde","block_context":{"text":"Avrupa Kupalar\u0131","link":"https:\/\/sarimelekler.biz\/?cat=1"},"img":{"alt_text":"","src":"https:\/\/i0.wp.com\/sarimelekler.biz\/wp-content\/uploads\/2025\/03\/Marco-Fenoglio-scaled.jpg?resize=350%2C200&ssl=1","width":350,"height":200,"srcset":"https:\/\/i0.wp.com\/sarimelekler.biz\/wp-content\/uploads\/2025\/03\/Marco-Fenoglio-scaled.jpg?resize=350%2C200&ssl=1 1x, https:\/\/i0.wp.com\/sarimelekler.biz\/wp-content\/uploads\/2025\/03\/Marco-Fenoglio-scaled.jpg?resize=525%2C300&ssl=1 1.5x, https:\/\/i0.wp.com\/sarimelekler.biz\/wp-content\/uploads\/2025\/03\/Marco-Fenoglio-scaled.jpg?resize=700%2C400&ssl=1 2x, https:\/\/i0.wp.com\/sarimelekler.biz\/wp-content\/uploads\/2025\/03\/Marco-Fenoglio-scaled.jpg?resize=1050%2C600&ssl=1 3x, https:\/\/i0.wp.com\/sarimelekler.biz\/wp-content\/uploads\/2025\/03\/Marco-Fenoglio-scaled.jpg?resize=1400%2C800&ssl=1 4x"},"classes":[]},{"id":22596,"url":"https:\/\/sarimelekler.biz\/?p=22596","url_meta":{"origin":3791,"position":4},"title":"SON DE\u011e\u0130L; SONSUZ B\u0130R \u0130MZA: KAPTAN EDA ERDEM \u0130K\u0130 YIL DAHA FENERBAH\u00c7EM\u0130ZDE","author":"Edit\u00f6r","date":"13 \u015eubat 2026","format":false,"excerpt":"Efsane kaptan\u0131m\u0131z Eda Erdem D\u00fcndar\u2019\u0131n S\u00f6zle\u015fmesi oyuncu olarak son kez 2 Y\u0131l daha uzat\u0131ld\u0131. S\u00f6zle\u015fme sonunda 20. sezonunu bitirecek olan Kaptan\u0131m\u0131z\u0131 tebrik eder \u00c7ok \u0130stedi\u011fi \u015eampiyonlar Ligi \u015eampiyonlu\u011fu ile Kariyerini bitirmesini dileriz. Kul\u00fcb\u00fcm\u00fcz\u00fcn \u0130nternet Sitesinden Yap\u0131lan A\u00e7\u0131klama: SON DE\u011e\u0130L; SONSUZ B\u0130R \u0130MZA: KAPTAN EDA ERDEM \u0130K\u0130 YIL DAHA FENERBAH\u00c7EM\u0130ZDE Kul\u00fcb\u00fcm\u00fcz\u2026","rel":"","context":"&quot;Transfer Haberleri&quot; i\u00e7inde","block_context":{"text":"Transfer Haberleri","link":"https:\/\/sarimelekler.biz\/?cat=23"},"img":{"alt_text":"","src":"https:\/\/i0.wp.com\/sarimelekler.biz\/wp-content\/uploads\/2026\/02\/Eda-Erdem-Son-Imza-10.jpg?resize=350%2C200&ssl=1","width":350,"height":200,"srcset":"https:\/\/i0.wp.com\/sarimelekler.biz\/wp-content\/uploads\/2026\/02\/Eda-Erdem-Son-Imza-10.jpg?resize=350%2C200&ssl=1 1x, https:\/\/i0.wp.com\/sarimelekler.biz\/wp-content\/uploads\/2026\/02\/Eda-Erdem-Son-Imza-10.jpg?resize=525%2C300&ssl=1 1.5x, https:\/\/i0.wp.com\/sarimelekler.biz\/wp-content\/uploads\/2026\/02\/Eda-Erdem-Son-Imza-10.jpg?resize=700%2C400&ssl=1 2x, https:\/\/i0.wp.com\/sarimelekler.biz\/wp-content\/uploads\/2026\/02\/Eda-Erdem-Son-Imza-10.jpg?resize=1050%2C600&ssl=1 3x, https:\/\/i0.wp.com\/sarimelekler.biz\/wp-content\/uploads\/2026\/02\/Eda-Erdem-Son-Imza-10.jpg?resize=1400%2C800&ssl=1 4x"},"classes":[]},{"id":18083,"url":"https:\/\/sarimelekler.biz\/?p=18083","url_meta":{"origin":3791,"position":5},"title":"2. Naz Aydemir Akyol D\u00f6nemi Sona Erdi.","author":"Edit\u00f6r","date":"4 Haziran 2022","format":false,"excerpt":"2009-2012 y\u0131llar\u0131 aras\u0131nda 3 sezon tak\u0131m\u0131m\u0131zda yer ald\u0131ktan sonra y\u0131ll\u0131k \u00fccret konusunda anla\u015fmazl\u0131k dolay\u0131 Vak\u0131fbank tak\u0131m\u0131na transfer olan Naz Aydemir Akyol, 7 Sezon sonra 2019-20 sezonunda tekrar tak\u0131m\u0131m\u0131za transfer olmu\u015ftu. \u00a0\u00a0Tak\u0131m\u0131m\u0131zda 2 sezon oynad\u0131ktan sonra ge\u00e7en sezon ba\u015f\u0131nda kul\u00fcb\u00fcm\u00fczden kontrat\u0131n\u0131n 2 y\u0131l uzat\u0131ld\u0131\u011f\u0131 ve 2021-2022, 2022-2023 sezonlar\u0131nda da tak\u0131m\u0131m\u0131zda oldu\u011fu\u2026","rel":"","context":"&quot;Transfer Haberleri&quot; i\u00e7inde","block_context":{"text":"Transfer Haberleri","link":"https:\/\/sarimelekler.biz\/?cat=23"},"img":{"alt_text":"","src":"https:\/\/i0.wp.com\/sarimelekler.biz\/wp-content\/uploads\/2019\/06\/Naz-R%C3%B6portaj-Kapak-2.jpg?resize=350%2C200&ssl=1","width":350,"height":200,"srcset":"https:\/\/i0.wp.com\/sarimelekler.biz\/wp-content\/uploads\/2019\/06\/Naz-R%C3%B6portaj-Kapak-2.jpg?resize=350%2C200&ssl=1 1x, https:\/\/i0.wp.com\/sarimelekler.biz\/wp-content\/uploads\/2019\/06\/Naz-R%C3%B6portaj-Kapak-2.jpg?resize=525%2C300&ssl=1 1.5x, https:\/\/i0.wp.com\/sarimelekler.biz\/wp-content\/uploads\/2019\/06\/Naz-R%C3%B6portaj-Kapak-2.jpg?resize=700%2C400&ssl=1 2x, https:\/\/i0.wp.com\/sarimelekler.biz\/wp-content\/uploads\/2019\/06\/Naz-R%C3%B6portaj-Kapak-2.jpg?resize=1050%2C600&ssl=1 3x, https:\/\/i0.wp.com\/sarimelekler.biz\/wp-content\/uploads\/2019\/06\/Naz-R%C3%B6portaj-Kapak-2.jpg?resize=1400%2C800&ssl=1 4x"},"classes":[]}],"_links":{"self":[{"href":"https:\/\/sarimelekler.biz\/index.php?rest_route=\/wp\/v2\/posts\/3791","targetHints":{"allow":["GET"]}}],"collection":[{"href":"https:\/\/sarimelekler.biz\/index.php?rest_route=\/wp\/v2\/posts"}],"about":[{"href":"https:\/\/sarimelekler.biz\/index.php?rest_route=\/wp\/v2\/types\/post"}],"author":[{"embeddable":true,"href":"https:\/\/sarimelekler.biz\/index.php?rest_route=\/wp\/v2\/users\/1"}],"replies":[{"embeddable":true,"href":"https:\/\/sarimelekler.biz\/index.php?rest_route=%2Fwp%2Fv2%2Fcomments&post=3791"}],"version-history":[{"count":1,"href":"https:\/\/sarimelekler.biz\/index.php?rest_route=\/wp\/v2\/posts\/3791\/revisions"}],"predecessor-version":[{"id":3794,"href":"https:\/\/sarimelekler.biz\/index.php?rest_route=\/wp\/v2\/posts\/3791\/revisions\/3794"}],"wp:featuredmedia":[{"embeddable":true,"href":"https:\/\/sarimelekler.biz\/index.php?rest_route=\/wp\/v2\/media\/3792"}],"wp:attachment":[{"href":"https:\/\/sarimelekler.biz\/index.php?rest_route=%2Fwp%2Fv2%2Fmedia&parent=3791"}],"wp:term":[{"taxonomy":"category","embeddable":true,"href":"https:\/\/sarimelekler.biz\/index.php?rest_route=%2Fwp%2Fv2%2Fcategories&post=3791"},{"taxonomy":"post_tag","embeddable":true,"href":"https:\/\/sarimelekler.biz\/index.php?rest_route=%2Fwp%2Fv2%2Ftags&post=3791"}],"curies":[{"name":"wp","href":"https:\/\/api.w.org\/{rel}","templated":true}]}}