{"id":3829,"date":"2017-04-29T21:36:20","date_gmt":"2017-04-29T18:36:20","guid":{"rendered":"http:\/\/sarimelekler.biz\/?p=3829"},"modified":"2017-04-29T22:00:43","modified_gmt":"2017-04-29T19:00:43","slug":"eda-erdem-dundar-ve-polen-uslupehlivan-galatasaray-macini-degerlendirdi","status":"publish","type":"post","link":"https:\/\/sarimelekler.biz\/?p=3829","title":{"rendered":"Eda Erdem D\u00fcndar ve Polen Uslupehlivan Galatasaray Ma\u00e7\u0131n\u0131 De\u011ferlendirdi"},"content":{"rendered":"<p style=\"text-align: justify;\">Ma\u00e7tan Sonra Oyuncular\u0131m\u0131z\u0131n <a href=\"http:\/\/www.fenerbahce.org\/detay.asp?ContentID=55558\" target=\"_blank\" rel=\"noopener noreferrer\">Fenerbah\u00e7e Spor Kul\u00fcb\u00fc Resmi \u0130nternet Sitesinde<\/a>\u00a0yer alan a\u00e7\u0131klamalar\u0131:<\/p>\n<p style=\"text-align: justify;\">Final serisinin ikinci ma\u00e7\u0131nda da Galatasaray\u2019\u0131 3-0 yenen Sar\u0131 Melekler, ma\u00e7 sonras\u0131nda yay\u0131nc\u0131 kurulu\u015fa a\u00e7\u0131klamalarda bulundular. Oyuncular\u0131m\u0131z Polen Uslupehlivan ile Eda Erdem D\u00fcndar\u2019\u0131n konu\u015fmalar\u0131ndan derlediklerimiz;<\/p>\n<p style=\"text-align: justify;\"><strong>Polen Uslupehlivan: \u201c\u0130n\u015fallah 3. ma\u00e7\u0131 da kazan\u0131r\u0131z\u201d<\/strong><\/p>\n<p style=\"text-align: justify;\">\u201cGalatasaray ma\u00e7lar\u0131 \u00f6zellikle finalde bizim i\u00e7in \u00e7ok zor, haz\u0131rlanmas\u0131 da zor mental olarak. Olaylar etkiliyor, antren\u00f6rler aras\u0131nda ya\u015fanan tart\u0131\u015fmalar da etkiliyor. Ma\u00e7 i\u00e7inde ritmi yakalamam\u0131z gerekiyor. Zaman zaman yakalad\u0131k, zaman zaman yakalayamad\u0131k. Seride 2-0 \u00f6ndeyiz, in\u015fallah 3. ma\u00e7\u0131 da kazan\u0131r\u0131z.\u201d<\/p>\n<p style=\"text-align: justify;\"><strong>Eda Erdem D\u00fcndar: &#8220;G\u00fczel m\u00fccadele oldu&#8221;<\/strong><\/p>\n<p style=\"text-align: justify;\">\u201c2-0 \u00f6ndeyiz, iyi gidiyoruz. Derbiler hep gergin ge\u00e7iyor, al\u0131\u015f\u0131\u011f\u0131z. Herkese te\u015fekk\u00fcr ediyorum. G\u00fczel m\u00fccadele oldu. Devam\u0131 in\u015fallah Sal\u0131 g\u00fcn\u00fc gelecek. Taraftarlar\u0131m\u0131z\u0131 da anl\u0131yoruz, atmosferi ya\u015famak istiyorlar. G\u00fczel bir ma\u00e7 oldu.\u201d<\/p>\n<p style=\"text-align: justify;\">Video<br \/>\n<a href=\"https:\/\/twitter.com\/LiderFenerbahce\/status\/858353378866462722\" target=\"_blank\" rel=\"noopener noreferrer\">Eda Erdem D\u00fcndar R\u00f6portaj\u0131<\/a><br \/>\n<a href=\"https:\/\/www.youtube.com\/watch?v=VZateu89AWE\" target=\"_blank\" rel=\"noopener noreferrer\">Sa\u011flam Defans, Sa\u011flam H\u00fccum<\/a> Vol 2<\/p>\n","protected":false},"excerpt":{"rendered":"<p>Ma\u00e7tan Sonra Oyuncular\u0131m\u0131z\u0131n Fenerbah\u00e7e Spor Kul\u00fcb\u00fc Resmi \u0130nternet Sitesinde\u00a0yer alan \u2026 <a class=\"continue-reading-link\" href=\"https:\/\/sarimelekler.biz\/?p=3829\">Okumaya Devam Et.. <span class=\"meta-nav\">&rarr; <\/span><\/a><\/p>\n","protected":false},"author":1,"featured_media":3830,"comment_status":"closed","ping_status":"open","sticky":false,"template":"","format":"standard","meta":{"jetpack_post_was_ever_published":false,"_jetpack_newsletter_access":"","_jetpack_dont_email_post_to_subs":false,"_jetpack_newsletter_tier_id":0,"_jetpack_memberships_contains_paywalled_content":false,"_jetpack_memberships_contains_paid_content":false,"footnotes":"","jetpack_publicize_message":"","jetpack_publicize_feature_enabled":true,"jetpack_social_post_already_shared":true,"jetpack_social_options":{"image_generator_settings":{"template":"highway","default_image_id":0,"font":"","enabled":false},"version":2}},"categories":[6],"tags":[],"class_list":["post-3829","post","type-post","status-publish","format-standard","has-post-thumbnail","hentry","category-turkiye-ligi"],"jetpack_publicize_connections":[],"jetpack_featured_media_url":"https:\/\/sarimelekler.biz\/wp-content\/uploads\/2017\/04\/cats.jpg","jetpack_sharing_enabled":true,"jetpack_shortlink":"https:\/\/wp.me\/p8npUZ-ZL","jetpack-related-posts":[{"id":3740,"url":"https:\/\/sarimelekler.biz\/?p=3740","url_meta":{"origin":3829,"position":0},"title":"Ma\u00e7 Sonu R\u00f6portajlar\u0131","author":"Edit\u00f6r","date":"12 Nisan 2017","format":false,"excerpt":"Efsane Ma\u00e7tan Sonra Oyuncular\u0131m\u0131z\u0131n Fenerbah\u00e7e Spor Kul\u00fcb\u00fc Resmi \u0130nternet Sitesinde yer alan a\u00e7\u0131klamalar\u0131: Eczac\u0131ba\u015f\u0131 VitrA kar\u015f\u0131s\u0131nda ola\u011fan\u00fcst\u00fc bir performans sergileyerek, alt\u0131n set sonunda finale y\u00fckselen Fenerbah\u00e7e Kad\u0131n Voleybol Tak\u0131m\u0131m\u0131z\u0131n oyuncular\u0131 ma\u00e7\u0131n ard\u0131ndan sevin\u00e7 g\u00f6zya\u015flar\u0131na hakim olamad\u0131lar. Ma\u00e7la ilgili yay\u0131nc\u0131 kurulu\u015fa a\u00e7\u0131klamalarda bulunan Sar\u0131 Melekler, finalde kar\u015f\u0131la\u015facaklar\u0131 Galatasaray ma\u00e7\u0131na da de\u011findiler.\u2026","rel":"","context":"&quot;T\u00fcrkiye Ligi&quot; i\u00e7inde","block_context":{"text":"T\u00fcrkiye Ligi","link":"https:\/\/sarimelekler.biz\/?cat=6"},"img":{"alt_text":"","src":"https:\/\/i0.wp.com\/sarimelekler.biz\/wp-content\/uploads\/2017\/04\/c09g0489_55294_7924093.jpg?resize=350%2C200&ssl=1","width":350,"height":200,"srcset":"https:\/\/i0.wp.com\/sarimelekler.biz\/wp-content\/uploads\/2017\/04\/c09g0489_55294_7924093.jpg?resize=350%2C200&ssl=1 1x, https:\/\/i0.wp.com\/sarimelekler.biz\/wp-content\/uploads\/2017\/04\/c09g0489_55294_7924093.jpg?resize=525%2C300&ssl=1 1.5x, https:\/\/i0.wp.com\/sarimelekler.biz\/wp-content\/uploads\/2017\/04\/c09g0489_55294_7924093.jpg?resize=700%2C400&ssl=1 2x, https:\/\/i0.wp.com\/sarimelekler.biz\/wp-content\/uploads\/2017\/04\/c09g0489_55294_7924093.jpg?resize=1050%2C600&ssl=1 3x, https:\/\/i0.wp.com\/sarimelekler.biz\/wp-content\/uploads\/2017\/04\/c09g0489_55294_7924093.jpg?resize=1400%2C800&ssl=1 4x"},"classes":[]},{"id":4044,"url":"https:\/\/sarimelekler.biz\/?p=4044","url_meta":{"origin":3829,"position":1},"title":"Oyuncular\u0131m\u0131zla S\u00f6zle\u015fme Yenilemeleri Yap\u0131ld\u0131.","author":"Edit\u00f6r","date":"3 Haziran 2017","format":false,"excerpt":"Resmi Sitemizden yap\u0131lan a\u00e7\u0131klamada oyuncular\u0131m\u0131z Eda Erdem D\u00fcndar, Polen Uslupehlivan, Saniye Merve Dalbeler, Melis Y\u0131lmaz, Diclenur Babat ve Bahar Toksoy Guidetti ile s\u00f6zle\u015fme yenilendi\u011fi belirtilmi\u015ftir. Kul\u00fcb\u00fcm\u00fcze Hay\u0131rl\u0131 Olsun, Oyuncular\u0131m\u0131za Ba\u015far\u0131lar Dileriz.","rel":"","context":"&quot;T\u00fcrkiye Ligi&quot; i\u00e7inde","block_context":{"text":"T\u00fcrkiye Ligi","link":"https:\/\/sarimelekler.biz\/?cat=6"},"img":{"alt_text":"","src":"https:\/\/i0.wp.com\/sarimelekler.biz\/wp-content\/uploads\/2017\/06\/s%C3%B6zle%C5%9Fme.jpg?resize=350%2C200&ssl=1","width":350,"height":200,"srcset":"https:\/\/i0.wp.com\/sarimelekler.biz\/wp-content\/uploads\/2017\/06\/s%C3%B6zle%C5%9Fme.jpg?resize=350%2C200&ssl=1 1x, https:\/\/i0.wp.com\/sarimelekler.biz\/wp-content\/uploads\/2017\/06\/s%C3%B6zle%C5%9Fme.jpg?resize=525%2C300&ssl=1 1.5x, https:\/\/i0.wp.com\/sarimelekler.biz\/wp-content\/uploads\/2017\/06\/s%C3%B6zle%C5%9Fme.jpg?resize=700%2C400&ssl=1 2x, https:\/\/i0.wp.com\/sarimelekler.biz\/wp-content\/uploads\/2017\/06\/s%C3%B6zle%C5%9Fme.jpg?resize=1050%2C600&ssl=1 3x, https:\/\/i0.wp.com\/sarimelekler.biz\/wp-content\/uploads\/2017\/06\/s%C3%B6zle%C5%9Fme.jpg?resize=1400%2C800&ssl=1 4x"},"classes":[]},{"id":3865,"url":"https:\/\/sarimelekler.biz\/?p=3865","url_meta":{"origin":3829,"position":2},"title":"\u015eampiyonluk Video ve Foto\u011fraflar\u0131","author":"Edit\u00f6r","date":"2 May\u0131s 2017","format":false,"excerpt":"2016-2017 Sezonu Vestel Ven\u00fcs Sultanlar Ligi \u015eampiyonu Final serisinde Galatasaray\u2019\u0131 3 ma\u00e7ta da set vermeden toplamda 3-0 yenerek Fenerbah\u00e7emiz oldu. \u015eampiyonlu\u011fumuzla ilgili foto\u011fraflar\u0131 ve videolar\u0131 sizin i\u00e7in derledik. Videolar: \u015eampiyonluk Say\u0131s\u0131\u00a0 Eda Erdem D\u00fcndar R\u00f6portaj\u0131 Polen Uslupehlivan R\u00f6portaj\u0131 Merve Dalbeler R\u00f6portaj\u0131 Natalia Zilio R\u00f6portaj\u0131 Kim YK ve Nootsara Tomkom R\u00f6portaj\u0131\u2026","rel":"","context":"&quot;T\u00fcrkiye Ligi&quot; i\u00e7inde","block_context":{"text":"T\u00fcrkiye Ligi","link":"https:\/\/sarimelekler.biz\/?cat=6"},"img":{"alt_text":"","src":"https:\/\/i0.wp.com\/sarimelekler.biz\/wp-content\/uploads\/2017\/05\/haber_1493752244_13.jpg?resize=350%2C200&ssl=1","width":350,"height":200,"srcset":"https:\/\/i0.wp.com\/sarimelekler.biz\/wp-content\/uploads\/2017\/05\/haber_1493752244_13.jpg?resize=350%2C200&ssl=1 1x, https:\/\/i0.wp.com\/sarimelekler.biz\/wp-content\/uploads\/2017\/05\/haber_1493752244_13.jpg?resize=525%2C300&ssl=1 1.5x, https:\/\/i0.wp.com\/sarimelekler.biz\/wp-content\/uploads\/2017\/05\/haber_1493752244_13.jpg?resize=700%2C400&ssl=1 2x, https:\/\/i0.wp.com\/sarimelekler.biz\/wp-content\/uploads\/2017\/05\/haber_1493752244_13.jpg?resize=1050%2C600&ssl=1 3x"},"classes":[]},{"id":9410,"url":"https:\/\/sarimelekler.biz\/?p=9410","url_meta":{"origin":3829,"position":3},"title":"Eda Erdem D\u00fcndar ve Ana Antonijevic\u2019ten Chemik Police ma\u00e7\u0131 \u00f6ncesi a\u00e7\u0131klamalar","author":"Edit\u00f6r","date":"19 Aral\u0131k 2018","format":false,"excerpt":"Kad\u0131n Voleybol Tak\u0131m\u0131m\u0131z Fenerbah\u00e7e OPET'in CEV Kad\u0131nlar \u015eampiyonlar Ligi E Grubu 2.haftas\u0131nda Chemik Police ile bug\u00fcn oynayaca\u011f\u0131 ma\u00e7 \u00f6ncesi Kaptan\u0131m\u0131z Eda Erdem D\u00fcndar ve Ana Antonijevic, Fenerbah\u00e7e Spor Kul\u00fcb\u00fcm\u00fcz resmi sitemize a\u00e7\u0131klamalarda bulundu. Kaptan Eda Erdem D\u00fcndar taraftarlar varken daha iyi voleybol oynad\u0131klar\u0131n\u0131 vurgularken, Antonijevic hedeflerinin grupta birinci olarak bir\u2026","rel":"","context":"&quot;Avrupa Kupalar\u0131&quot; i\u00e7inde","block_context":{"text":"Avrupa Kupalar\u0131","link":"https:\/\/sarimelekler.biz\/?cat=1"},"img":{"alt_text":"","src":"https:\/\/i0.wp.com\/sarimelekler.biz\/wp-content\/uploads\/2018\/12\/Chemik-2.jpg?resize=350%2C200&ssl=1","width":350,"height":200,"srcset":"https:\/\/i0.wp.com\/sarimelekler.biz\/wp-content\/uploads\/2018\/12\/Chemik-2.jpg?resize=350%2C200&ssl=1 1x, https:\/\/i0.wp.com\/sarimelekler.biz\/wp-content\/uploads\/2018\/12\/Chemik-2.jpg?resize=525%2C300&ssl=1 1.5x, https:\/\/i0.wp.com\/sarimelekler.biz\/wp-content\/uploads\/2018\/12\/Chemik-2.jpg?resize=700%2C400&ssl=1 2x, https:\/\/i0.wp.com\/sarimelekler.biz\/wp-content\/uploads\/2018\/12\/Chemik-2.jpg?resize=1050%2C600&ssl=1 3x, https:\/\/i0.wp.com\/sarimelekler.biz\/wp-content\/uploads\/2018\/12\/Chemik-2.jpg?resize=1400%2C800&ssl=1 4x"},"classes":[]},{"id":4265,"url":"https:\/\/sarimelekler.biz\/?p=4265","url_meta":{"origin":3829,"position":4},"title":"Sar\u0131 Melekler Topuk Yaylas\u0131 Tesislerinde","author":"Edit\u00f6r","date":"28 Eyl\u00fcl 2017","format":false,"excerpt":"Fenerbah\u00e7e Bayan Voleybol Tak\u0131m\u0131m\u0131z, yeni sezon haz\u0131rl\u0131klar\u0131na Resort ve Sports Topuk Yaylas\u0131 Tesislerimizde devam ediyor. A tak\u0131mla birlikte gen\u00e7 oyuncular da haz\u0131rl\u0131klar\u0131n\u0131 burada s\u00fcrd\u00fcr\u00fcyor. Yeni sezon haz\u0131rl\u0131klar\u0131n\u0131n start\u0131n\u0131 21 A\u011fustos Pazartesi g\u00fcn\u00fc Derea\u011fz\u0131 Lefter K\u00fc\u00e7\u00fckandonyadis Tesislerimizde yapt\u0131\u011f\u0131 antrenmanla veren Bel\u00e7ikal\u0131 antren\u00f6r Jan de Brant idaresindeki Sar\u0131 Melekler, 25 Eyl\u00fcl Pazartesi\u2026","rel":"","context":"&quot;T\u00fcrkiye Ligi&quot; i\u00e7inde","block_context":{"text":"T\u00fcrkiye Ligi","link":"https:\/\/sarimelekler.biz\/?cat=6"},"img":{"alt_text":"","src":"https:\/\/i0.wp.com\/sarimelekler.biz\/wp-content\/uploads\/2017\/09\/de6p4235_57404_5100731.jpg?resize=350%2C200&ssl=1","width":350,"height":200,"srcset":"https:\/\/i0.wp.com\/sarimelekler.biz\/wp-content\/uploads\/2017\/09\/de6p4235_57404_5100731.jpg?resize=350%2C200&ssl=1 1x, https:\/\/i0.wp.com\/sarimelekler.biz\/wp-content\/uploads\/2017\/09\/de6p4235_57404_5100731.jpg?resize=525%2C300&ssl=1 1.5x, https:\/\/i0.wp.com\/sarimelekler.biz\/wp-content\/uploads\/2017\/09\/de6p4235_57404_5100731.jpg?resize=700%2C400&ssl=1 2x, https:\/\/i0.wp.com\/sarimelekler.biz\/wp-content\/uploads\/2017\/09\/de6p4235_57404_5100731.jpg?resize=1050%2C600&ssl=1 3x, https:\/\/i0.wp.com\/sarimelekler.biz\/wp-content\/uploads\/2017\/09\/de6p4235_57404_5100731.jpg?resize=1400%2C800&ssl=1 4x"},"classes":[]},{"id":4183,"url":"https:\/\/sarimelekler.biz\/?p=4183","url_meta":{"origin":3829,"position":5},"title":"Fenerbah\u00e7e Bayan Voleybol Tak\u0131m\u0131m\u0131z Sezonu A\u00e7t\u0131","author":"Edit\u00f6r","date":"22 A\u011fustos 2017","format":false,"excerpt":"Fenerbah\u00e7e Bayan Voleybol Tak\u0131m\u0131m\u0131z, 2017-2018 sezonunu 21.08.2017 g\u00fcn\u00fc ak\u015fam saatlerinde yapt\u0131\u011f\u0131 antrenmanla a\u00e7t\u0131. Tak\u0131m\u0131m\u0131z\u0131n yeni antren\u00f6r\u00fc Bel\u00e7ikal\u0131 Jan de Brant y\u00f6netiminde Derea\u011fz\u0131 Lefter K\u00fc\u00e7\u00fckandonyadis Tesislerinde yap\u0131lan \u00e7al\u0131\u015fma saat 19.00'da ba\u015flad\u0131 ve 1 saat 30 dakika s\u00fcrd\u00fc. Milli oyunculardan yoksun ger\u00e7ekle\u015ftirilen \u00e7al\u0131\u015fmada yeni transferlerimiz Ezgi Da\u011fdelenler, Damla \u00c7ak\u0131ro\u011flu ve Beliz Ba\u015fk\u0131r\u2019\u0131n\u2026","rel":"","context":"&quot;T\u00fcrkiye Ligi&quot; i\u00e7inde","block_context":{"text":"T\u00fcrkiye Ligi","link":"https:\/\/sarimelekler.biz\/?cat=6"},"img":{"alt_text":"","src":"https:\/\/i0.wp.com\/sarimelekler.biz\/wp-content\/uploads\/2017\/08\/de9p3090_57023_7465156.jpg?resize=350%2C200&ssl=1","width":350,"height":200,"srcset":"https:\/\/i0.wp.com\/sarimelekler.biz\/wp-content\/uploads\/2017\/08\/de9p3090_57023_7465156.jpg?resize=350%2C200&ssl=1 1x, https:\/\/i0.wp.com\/sarimelekler.biz\/wp-content\/uploads\/2017\/08\/de9p3090_57023_7465156.jpg?resize=525%2C300&ssl=1 1.5x, https:\/\/i0.wp.com\/sarimelekler.biz\/wp-content\/uploads\/2017\/08\/de9p3090_57023_7465156.jpg?resize=700%2C400&ssl=1 2x, https:\/\/i0.wp.com\/sarimelekler.biz\/wp-content\/uploads\/2017\/08\/de9p3090_57023_7465156.jpg?resize=1050%2C600&ssl=1 3x, https:\/\/i0.wp.com\/sarimelekler.biz\/wp-content\/uploads\/2017\/08\/de9p3090_57023_7465156.jpg?resize=1400%2C800&ssl=1 4x"},"classes":[]}],"_links":{"self":[{"href":"https:\/\/sarimelekler.biz\/index.php?rest_route=\/wp\/v2\/posts\/3829","targetHints":{"allow":["GET"]}}],"collection":[{"href":"https:\/\/sarimelekler.biz\/index.php?rest_route=\/wp\/v2\/posts"}],"about":[{"href":"https:\/\/sarimelekler.biz\/index.php?rest_route=\/wp\/v2\/types\/post"}],"author":[{"embeddable":true,"href":"https:\/\/sarimelekler.biz\/index.php?rest_route=\/wp\/v2\/users\/1"}],"replies":[{"embeddable":true,"href":"https:\/\/sarimelekler.biz\/index.php?rest_route=%2Fwp%2Fv2%2Fcomments&post=3829"}],"version-history":[{"count":4,"href":"https:\/\/sarimelekler.biz\/index.php?rest_route=\/wp\/v2\/posts\/3829\/revisions"}],"predecessor-version":[{"id":3834,"href":"https:\/\/sarimelekler.biz\/index.php?rest_route=\/wp\/v2\/posts\/3829\/revisions\/3834"}],"wp:featuredmedia":[{"embeddable":true,"href":"https:\/\/sarimelekler.biz\/index.php?rest_route=\/wp\/v2\/media\/3830"}],"wp:attachment":[{"href":"https:\/\/sarimelekler.biz\/index.php?rest_route=%2Fwp%2Fv2%2Fmedia&parent=3829"}],"wp:term":[{"taxonomy":"category","embeddable":true,"href":"https:\/\/sarimelekler.biz\/index.php?rest_route=%2Fwp%2Fv2%2Fcategories&post=3829"},{"taxonomy":"post_tag","embeddable":true,"href":"https:\/\/sarimelekler.biz\/index.php?rest_route=%2Fwp%2Fv2%2Ftags&post=3829"}],"curies":[{"name":"wp","href":"https:\/\/api.w.org\/{rel}","templated":true}]}}