{"id":4011,"date":"2017-06-07T00:12:04","date_gmt":"2017-06-06T21:12:04","guid":{"rendered":"http:\/\/sarimelekler.biz\/?p=4011"},"modified":"2017-06-26T16:37:11","modified_gmt":"2017-06-26T13:37:11","slug":"transfer-gundemi","status":"publish","type":"post","link":"https:\/\/sarimelekler.biz\/?p=4011","title":{"rendered":"Transfer G\u00fcndemi (Son G\u00fcncelleme 26.06.2017)"},"content":{"rendered":"<p style=\"text-align: justify;\">2016-2017 Sezonu Vestel Ven\u00fcs Sultanlar Ligini \u015eampiyon olarak tak\u0131m\u0131m\u0131zda 2017-2017 sezonu transfer \u00e7al\u0131\u015fmalar\u0131 devam ediyor.<\/p>\n<p style=\"text-align: justify;\">\u00d6ncelikle tak\u0131m\u0131m\u0131zdan ayr\u0131lan oyuncular\u0131m\u0131za emekleri i\u00e7in te\u015fekk\u00fcr eder, spor hayatlar\u0131nda ba\u015far\u0131lar dileriz.<br \/>\nTak\u0131m\u0131m\u0131za yeni kat\u0131lan oyuncular\u0131m\u0131za sakatl\u0131ks\u0131z bol kupal\u0131 bir sezon dileriz.<\/p>\n<p style=\"text-align: justify;\">Marcello Abbondanza&#8217;n\u0131n ayr\u0131lmas\u0131ndan sonra antren\u00f6rl\u00fcge Bel\u00e7ika&#8217;l\u0131 Antren\u00f6r Jan De Brandt getirildi. (Resmi)<\/p>\n<p style=\"text-align: justify;\"><strong>Tak\u0131m\u0131m\u0131za Yeni Kat\u0131lan Oyuncular:<\/strong><br \/>\nKul\u00fcb\u00fcm\u00fcz yeni sezon kadro planlamas\u0131 do\u011frultusunda Amerika\u2019l\u0131 pas\u00f6r Carli Lloyd ile 2 y\u0131ll\u0131k anla\u015fma sa\u011flam\u0131\u015ft\u0131r. (Resmi)<br \/>\nKul\u00fcb\u00fcm\u00fcz yeni sezon kadro planlamas\u0131 do\u011frultusunda Azerbaycan\u2019l\u0131 pas\u00f6r \u00e7apraz\u0131 Polina Rahimova ile 1 y\u0131ll\u0131k anla\u015fma sa\u011flam\u0131\u015ft\u0131r.\u00a0(Resmi)<br \/>\nVak\u0131fbank oyuncusu pas\u00f6r \u00c7a\u011fla Ak\u0131n ile 1 y\u0131ll\u0131k kiral\u0131k olarak anla\u015fma sa\u011fland\u0131.\u00a0(Resmi)<span class=\"memo\"><br \/>\nBeylikd\u00fcz\u00fc Voleybol \u0130htisas\u2019ta forma giyen sma\u00e7\u00f6r Damla \u00c7ak\u0131ro\u011flu ile\u00a0anla\u015fma sa\u011flanm\u0131\u015ft\u0131r. (Resmi)\u00a0<\/span><br \/>\n\u0130lbank Tak\u0131m\u0131nda sma\u00e7\u00f6r olarak oynayan\u00a0Ezgi Da\u011fdelenler ile anla\u015fma sa\u011flam\u0131\u015ft\u0131r.\u00a0(Resmi)<br \/>\nGe\u00e7en sezon \u00c7anakkale Belediyespor tak\u0131m\u0131nda forma giyen H\u0131rvat Sma\u00e7\u00f6r Mia Jerkov\u00a0anla\u015fma sa\u011fland\u0131.\u00a0(Resmi)<\/p>\n<p><strong>Tak\u0131m\u0131m\u0131zda S\u00f6zle\u015fme Yenilenen Oyuncular.<\/strong><br \/>\n9 sezondur tak\u0131m\u0131m\u0131zda bulunan kaptan\u0131m\u0131z Eda Erdem D\u00fcndar\u00a0s\u00f6zle\u015fme yenilendi.\u00a0(Resmi)<br \/>\n6 sezondur tak\u0131m\u0131m\u0131zda bulunan Merve Dalbeler\u00a0s\u00f6zle\u015fme yenilendi.\u00a0(Resmi)<br \/>\n3 sezondur tak\u0131m\u0131m\u0131zda bulunan Polen Uslupehlivan ile s\u00f6zle\u015fme yenilendi.\u00a0(Resmi)<br \/>\n3 sezondur tak\u0131m\u0131m\u0131zda bulunan Dicle Nur Babat ile 2 y\u0131ll\u0131k\u00a0s\u00f6zle\u015fme yenilendi.\u00a0(Resmi)<br \/>\nAlt yap\u0131lar dahil 7 sezondur formam\u0131z\u0131 giyen Melis Y\u0131lmaz ile\u00a0s\u00f6zle\u015fme yenilendi.\u00a0(Resmi)<br \/>\nGe\u00e7en sezon i\u00e7erisinde tak\u0131m\u0131m\u0131za kat\u0131lan oyuncumuz Bahar Toksoy Guidetti\u00a0s\u00f6zle\u015fme yenilendi.\u00a0(Resmi)<br \/>\nGe\u00e7en sezon tak\u0131m\u0131m\u0131za kat\u0131lan oyuncumuz Natalia Zilio ile s\u00f6zle\u015fme yenilendi. (Resmi)<\/p>\n<p style=\"text-align: justify;\"><strong>Tak\u0131m\u0131m\u0131zdan Ayr\u0131lanlar:<\/strong><br \/>\nS\u00f6zle\u015fmesi devam eden antren\u00f6r\u00fcm\u00fcz Marcello Abbondanza ile s\u00f6zle\u015fmesi kar\u015f\u0131l\u0131k olarak feshedilli\u015ftir.<br \/>\n2 sezondur tak\u0131m\u0131m\u0131zda bulan sma\u00e7\u00f6r \u015eeyma Ercan ile orta oyuncu Erg\u00fcl Avc\u0131 Ero\u011flu yeni sezon planlamam\u0131zda bulunmad\u0131klar\u0131 i\u00e7in kul\u00fcb\u00fcm\u00fczden ayr\u0131ld\u0131. \u015eeyma Ercan Be\u015fikta\u015f\u2019a Erg\u00fcl Avc\u0131 Ero\u011flu ise Bursa BSB tak\u0131m\u0131na transfer olmu\u015ftur.<br \/>\nGe\u00e7en sezon ba\u015f\u0131 tak\u0131m\u0131m\u0131za kat\u0131lan Tayland\u2019l\u0131 pas\u00f6r Nootsara Tomkom tak\u0131m\u0131m\u0131zdan ayr\u0131lm\u0131\u015ft\u0131r.<br \/>\nAlt yap\u0131lar dahil 8 sezondur formam\u0131z\u0131 giyen pas\u00f6r Ezgi Dilik Tak\u0131m\u0131m\u0131zdan ayr\u0131larak Eczac\u0131ba\u015f\u0131 Vitra&#8217;ya transfer olmu\u015ftur.<br \/>\n3\u00a0sezondur formam\u0131z\u0131 giyen Meliha \u0130smailo\u011flu\u00a0Tak\u0131m\u0131m\u0131zdan ayr\u0131larak Eczac\u0131ba\u015f\u0131 Vitra&#8217;ya transfer olmu\u015ftur.<br \/>\n6\u00a0sezondur formam\u0131z\u0131 giyen Efsanemiz Kim Yeon Koung Tak\u0131m\u0131m\u0131zdan Ayr\u0131ld\u0131. \ud83d\ude41<br \/>\nGe\u00e7en sezon i\u00e7erisinde tak\u0131m\u0131m\u0131za kat\u0131lan \u00a0Maret Balkestein Tak\u0131m\u0131m\u0131zdan Ayr\u0131ld\u0131..<\/p>\n<p><strong>Devam Eden G\u00f6r\u00fc\u015fmeler &#8211; Duyumlar:<\/strong><\/p>\n","protected":false},"excerpt":{"rendered":"<p>2016-2017 Sezonu Vestel Ven\u00fcs Sultanlar Ligini \u015eampiyon olarak tak\u0131m\u0131m\u0131zda 2017-2017 \u2026 <a class=\"continue-reading-link\" href=\"https:\/\/sarimelekler.biz\/?p=4011\">Okumaya Devam Et.. <span class=\"meta-nav\">&rarr; <\/span><\/a><\/p>\n","protected":false},"author":1,"featured_media":3993,"comment_status":"closed","ping_status":"open","sticky":false,"template":"","format":"standard","meta":{"jetpack_post_was_ever_published":false,"_jetpack_newsletter_access":"","_jetpack_dont_email_post_to_subs":false,"_jetpack_newsletter_tier_id":0,"_jetpack_memberships_contains_paywalled_content":false,"_jetpack_memberships_contains_paid_content":false,"footnotes":"","jetpack_publicize_message":"","jetpack_publicize_feature_enabled":true,"jetpack_social_post_already_shared":true,"jetpack_social_options":{"image_generator_settings":{"template":"highway","default_image_id":0,"font":"","enabled":false},"version":2}},"categories":[6],"tags":[],"class_list":["post-4011","post","type-post","status-publish","format-standard","has-post-thumbnail","hentry","category-turkiye-ligi"],"jetpack_publicize_connections":[],"jetpack_featured_media_url":"https:\/\/sarimelekler.biz\/wp-content\/uploads\/2017\/05\/mb20_55646_4714445.jpg","jetpack_sharing_enabled":true,"jetpack_shortlink":"https:\/\/wp.me\/p8npUZ-12H","jetpack-related-posts":[{"id":6370,"url":"https:\/\/sarimelekler.biz\/?p=6370","url_meta":{"origin":4011,"position":0},"title":"Transfer G\u00fcndemi (Son G\u00fcncelleme 17.06.2018)","author":"Edit\u00f6r","date":"17 Haziran 2018","format":false,"excerpt":"2017-2018 Sezonu Vestel Ven\u00fcs Sultanlar Ligini 3. olarak tak\u0131m\u0131m\u0131zda 2018-2019 sezonu transfer \u00e7al\u0131\u015fmalar\u0131 devam ediyor. \u00d6ncelikle tak\u0131m\u0131m\u0131zdan ayr\u0131lan oyuncular\u0131m\u0131za emekleri i\u00e7in te\u015fekk\u00fcr eder, spor hayatlar\u0131nda ba\u015far\u0131lar dileriz. Tak\u0131m\u0131m\u0131za yeni kat\u0131lan oyuncular\u0131m\u0131za sakatl\u0131ks\u0131z bol kupal\u0131 bir sezon dileriz. Mevcut Kadromuzda devam eden oyuncular: Melis Y\u0131lmaz, Merve Dalbeler, Ezgi Da\u011fdelenler, Beliz Ba\u015fk\u0131r,\u2026","rel":"","context":"&quot;Haberler&quot; i\u00e7inde","block_context":{"text":"Haberler","link":"https:\/\/sarimelekler.biz\/?cat=7"},"img":{"alt_text":"","src":"https:\/\/i0.wp.com\/sarimelekler.biz\/wp-content\/uploads\/2018\/04\/de6p8367_59960_6844336.jpg?resize=350%2C200&ssl=1","width":350,"height":200,"srcset":"https:\/\/i0.wp.com\/sarimelekler.biz\/wp-content\/uploads\/2018\/04\/de6p8367_59960_6844336.jpg?resize=350%2C200&ssl=1 1x, https:\/\/i0.wp.com\/sarimelekler.biz\/wp-content\/uploads\/2018\/04\/de6p8367_59960_6844336.jpg?resize=525%2C300&ssl=1 1.5x, https:\/\/i0.wp.com\/sarimelekler.biz\/wp-content\/uploads\/2018\/04\/de6p8367_59960_6844336.jpg?resize=700%2C400&ssl=1 2x, https:\/\/i0.wp.com\/sarimelekler.biz\/wp-content\/uploads\/2018\/04\/de6p8367_59960_6844336.jpg?resize=1050%2C600&ssl=1 3x, https:\/\/i0.wp.com\/sarimelekler.biz\/wp-content\/uploads\/2018\/04\/de6p8367_59960_6844336.jpg?resize=1400%2C800&ssl=1 4x"},"classes":[]},{"id":4053,"url":"https:\/\/sarimelekler.biz\/?p=4053","url_meta":{"origin":4011,"position":1},"title":"\u00c7a\u011fla Ak\u0131n Fenerbah\u00e7e&#8217;de","author":"Edit\u00f6r","date":"4 Haziran 2017","format":false,"excerpt":"Bir s\u00fcredir g\u00fcndemimizde bulunan Pas\u00f6r \u00c7a\u011fla Ak\u0131n Fenerbah\u00e7e Bayan Voleybol Tak\u0131m\u0131m\u0131za transfer oldu. \u00c7a\u011fla Ak\u0131n'a\u00a0ba\u015far\u0131lar dileriz. Kul\u00fcb\u00fcm\u00fcz i\u00e7in Hay\u0131rl\u0131 Olsun. Resmi Sitemizden Yap\u0131lan A\u00e7\u0131klama: Yeni sezon yap\u0131lanmas\u0131 kapsam\u0131nda Fenerbah\u00e7e Kad\u0131n Voleybol Tak\u0131m\u0131m\u0131z, \u00a0ge\u00e7en sezon Be\u015fikta\u015f tak\u0131m\u0131nda forma giyen 19 Ocak 1995 do\u011fumlu \u00c7a\u011fla Ak\u0131n ile anla\u015fma sa\u011flam\u0131\u015ft\u0131r. Yeni Sar\u0131 Melek\u2026","rel":"","context":"&quot;T\u00fcrkiye Ligi&quot; i\u00e7inde","block_context":{"text":"T\u00fcrkiye Ligi","link":"https:\/\/sarimelekler.biz\/?cat=6"},"img":{"alt_text":"","src":"https:\/\/i0.wp.com\/sarimelekler.biz\/wp-content\/uploads\/2017\/06\/de6p3109_56173_5448304.jpg?resize=350%2C200&ssl=1","width":350,"height":200,"srcset":"https:\/\/i0.wp.com\/sarimelekler.biz\/wp-content\/uploads\/2017\/06\/de6p3109_56173_5448304.jpg?resize=350%2C200&ssl=1 1x, https:\/\/i0.wp.com\/sarimelekler.biz\/wp-content\/uploads\/2017\/06\/de6p3109_56173_5448304.jpg?resize=525%2C300&ssl=1 1.5x, https:\/\/i0.wp.com\/sarimelekler.biz\/wp-content\/uploads\/2017\/06\/de6p3109_56173_5448304.jpg?resize=700%2C400&ssl=1 2x, https:\/\/i0.wp.com\/sarimelekler.biz\/wp-content\/uploads\/2017\/06\/de6p3109_56173_5448304.jpg?resize=1050%2C600&ssl=1 3x, https:\/\/i0.wp.com\/sarimelekler.biz\/wp-content\/uploads\/2017\/06\/de6p3109_56173_5448304.jpg?resize=1400%2C800&ssl=1 4x"},"classes":[]},{"id":22015,"url":"https:\/\/sarimelekler.biz\/?p=22015","url_meta":{"origin":4011,"position":2},"title":"2025-26 SEZONU BA\u015eLIYOR","author":"Edit\u00f6r","date":"8 Ekim 2025","format":false,"excerpt":"2024-25 Sezon Bitimiyle beraber tak\u0131m\u0131m\u0131zdan Meliha Diken, Dicle Nur Babat, Magdalena Stysiak, Hristina Vuchkova, Bojana Dr\u010da, Elitsa Atanasijevi\u0107 ve \u00d6zlem G\u00fcven\u2019in ayr\u0131ld\u0131\u011f\u0131 01\/06\/2025 g\u00fcn\u00fc kul\u00fcb\u00fcm\u00fcz\u00fcn resmi sitesinden a\u00e7\u0131kland\u0131. Bizde kendilerine emekleri i\u00e7in te\u015fekk\u00fcr eder, sakatl\u0131ks\u0131z bir spor ya\u015fant\u0131s\u0131 dileriz. Tak\u0131m\u0131m\u0131z 2025-26 sezonu kadro yap\u0131lanmas\u0131 kapsam\u0131nda i\u00e7 transferde Arelya Karasoy ile\u2026","rel":"","context":"&quot;Haberler&quot; i\u00e7inde","block_context":{"text":"Haberler","link":"https:\/\/sarimelekler.biz\/?cat=7"},"img":{"alt_text":"","src":"https:\/\/i0.wp.com\/sarimelekler.biz\/wp-content\/uploads\/2025\/10\/Sardegna-Turnuvasi-4.jpg?resize=350%2C200&ssl=1","width":350,"height":200,"srcset":"https:\/\/i0.wp.com\/sarimelekler.biz\/wp-content\/uploads\/2025\/10\/Sardegna-Turnuvasi-4.jpg?resize=350%2C200&ssl=1 1x, https:\/\/i0.wp.com\/sarimelekler.biz\/wp-content\/uploads\/2025\/10\/Sardegna-Turnuvasi-4.jpg?resize=525%2C300&ssl=1 1.5x, https:\/\/i0.wp.com\/sarimelekler.biz\/wp-content\/uploads\/2025\/10\/Sardegna-Turnuvasi-4.jpg?resize=700%2C400&ssl=1 2x, https:\/\/i0.wp.com\/sarimelekler.biz\/wp-content\/uploads\/2025\/10\/Sardegna-Turnuvasi-4.jpg?resize=1050%2C600&ssl=1 3x"},"classes":[]},{"id":13525,"url":"https:\/\/sarimelekler.biz\/?p=13525","url_meta":{"origin":4011,"position":3},"title":"Sar\u0131 Melekler&#8217;e Yeni Transferler.","author":"Edit\u00f6r","date":"9 Haziran 2020","format":false,"excerpt":"Kul\u00fcb\u00fcm\u00fcz, Fenerbah\u00e7e Opet Kad\u0131n Voleybol tak\u0131m\u0131m\u0131z\u0131n 2020 \u2013 2021 sezonu kadro planlamas\u0131 do\u011frultusunda Sma\u00e7\u00f6r pozisyonunda oynayan Bianka Bu\u0161a ve Cansu \u00c7etin transfer etti\u011fini duyururken alt yap\u0131m\u0131zda bulunan libero G\u00fclce G\u00fc\u00e7tekin ile Pas\u00f6rler Lila \u015eeng\u00fcn ve Hilal Kocakara\u2019n\u0131n ise A Tak\u0131ma y\u00fckseltildi\u011fini a\u00e7\u0131klad\u0131. Kul\u00fcb\u00fcm\u00fczden yap\u0131lan a\u00e7\u0131klama: Sezon yap\u0131lanmas\u0131 kapsam\u0131nda \u00e7al\u0131\u015fmalar\u0131n\u0131 tamamlayan\u2026","rel":"","context":"&quot;Transfer Haberleri&quot; i\u00e7inde","block_context":{"text":"Transfer Haberleri","link":"https:\/\/sarimelekler.biz\/?cat=23"},"img":{"alt_text":"","src":"https:\/\/i0.wp.com\/sarimelekler.biz\/wp-content\/uploads\/2020\/06\/Kapak-logo.jpg?resize=350%2C200&ssl=1","width":350,"height":200,"srcset":"https:\/\/i0.wp.com\/sarimelekler.biz\/wp-content\/uploads\/2020\/06\/Kapak-logo.jpg?resize=350%2C200&ssl=1 1x, https:\/\/i0.wp.com\/sarimelekler.biz\/wp-content\/uploads\/2020\/06\/Kapak-logo.jpg?resize=525%2C300&ssl=1 1.5x, https:\/\/i0.wp.com\/sarimelekler.biz\/wp-content\/uploads\/2020\/06\/Kapak-logo.jpg?resize=700%2C400&ssl=1 2x, https:\/\/i0.wp.com\/sarimelekler.biz\/wp-content\/uploads\/2020\/06\/Kapak-logo.jpg?resize=1050%2C600&ssl=1 3x"},"classes":[]},{"id":19592,"url":"https:\/\/sarimelekler.biz\/?p=19592","url_meta":{"origin":4011,"position":4},"title":"4 Oyuncuyla Yollar Ayr\u0131ld\u0131","author":"Edit\u00f6r","date":"1 Haziran 2023","format":false,"excerpt":"Fenerbah\u00e7e Spor Kul\u00fcb\u00fcm\u00fcz sosyal medya hesaplar\u0131ndan yapt\u0131\u011f\u0131 payla\u015f\u0131mlarda Fenerbah\u00e7e Opet Kad\u0131n Voleybol tak\u0131m\u0131m\u0131z oyuncular\u0131ndan, 4 sezondur As tak\u0131m kadromuzda bulunan orta oyuncu Beliz Ba\u015fk\u0131r, 2 sezondur kadromuzda bulunan Pas\u00f6r \u00c7apraz\u0131 Anna Lazareva, sezon ba\u015f\u0131 tak\u0131m\u0131m\u0131za kat\u0131lan pas\u00f6r Macris Carneiro ve bu sezon devre aras\u0131nda tak\u0131m\u0131m\u0131za kat\u0131lan orta oyuncu Hristina Vuchkova\u2026","rel":"","context":"&quot;Transfer Haberleri&quot; i\u00e7inde","block_context":{"text":"Transfer Haberleri","link":"https:\/\/sarimelekler.biz\/?cat=23"},"img":{"alt_text":"","src":"https:\/\/i0.wp.com\/sarimelekler.biz\/wp-content\/uploads\/2023\/06\/Giden-Oyuncular-2023-scaled.jpg?resize=350%2C200&ssl=1","width":350,"height":200,"srcset":"https:\/\/i0.wp.com\/sarimelekler.biz\/wp-content\/uploads\/2023\/06\/Giden-Oyuncular-2023-scaled.jpg?resize=350%2C200&ssl=1 1x, https:\/\/i0.wp.com\/sarimelekler.biz\/wp-content\/uploads\/2023\/06\/Giden-Oyuncular-2023-scaled.jpg?resize=525%2C300&ssl=1 1.5x, https:\/\/i0.wp.com\/sarimelekler.biz\/wp-content\/uploads\/2023\/06\/Giden-Oyuncular-2023-scaled.jpg?resize=700%2C400&ssl=1 2x, https:\/\/i0.wp.com\/sarimelekler.biz\/wp-content\/uploads\/2023\/06\/Giden-Oyuncular-2023-scaled.jpg?resize=1050%2C600&ssl=1 3x, https:\/\/i0.wp.com\/sarimelekler.biz\/wp-content\/uploads\/2023\/06\/Giden-Oyuncular-2023-scaled.jpg?resize=1400%2C800&ssl=1 4x"},"classes":[]},{"id":13515,"url":"https:\/\/sarimelekler.biz\/?p=13515","url_meta":{"origin":4011,"position":5},"title":"Sar\u0131 Melekler&#8217;den Ayr\u0131lan Oyuncular A\u00e7\u0131kland\u0131.","author":"Edit\u00f6r","date":"9 Haziran 2020","format":false,"excerpt":"Kul\u00fcb\u00fcm\u00fcz, Fenerbah\u00e7e Opet Kad\u0131n Voleybol tak\u0131m\u0131m\u0131z\u0131n 2020 \u2013 2021 sezonu kadro planlamas\u0131 do\u011frultusunda Fatma Y\u0131ld\u0131r\u0131m, Kelsey Robinson, Damla \u00c7ak\u0131ro\u011flu, S\u0131la \u00c7al\u0131\u015fkan ve Jordan Thompson ile \u00e7al\u0131\u015fmayaca\u011f\u0131n\u0131 duyurdu. Kul\u00fcb\u00fcm\u00fczden yap\u0131lan a\u00e7\u0131klama: T\u00fcrkiye Voleybol Federasyonu Covid-19 salg\u0131n\u0131 dolay\u0131s\u0131yla 2019-20 Sezonu Vestel Venus Sultanlar Ligi'ni sona erdirmi\u015f; bu karar\u0131n ard\u0131ndan Kul\u00fcb\u00fcm\u00fcz mevcut maddi\u2026","rel":"","context":"&quot;Transfer Haberleri&quot; i\u00e7inde","block_context":{"text":"Transfer Haberleri","link":"https:\/\/sarimelekler.biz\/?cat=23"},"img":{"alt_text":"","src":"https:\/\/i0.wp.com\/sarimelekler.biz\/wp-content\/uploads\/2020\/06\/Giden-Transfer-Kapak.jpg?resize=350%2C200&ssl=1","width":350,"height":200,"srcset":"https:\/\/i0.wp.com\/sarimelekler.biz\/wp-content\/uploads\/2020\/06\/Giden-Transfer-Kapak.jpg?resize=350%2C200&ssl=1 1x, https:\/\/i0.wp.com\/sarimelekler.biz\/wp-content\/uploads\/2020\/06\/Giden-Transfer-Kapak.jpg?resize=525%2C300&ssl=1 1.5x, https:\/\/i0.wp.com\/sarimelekler.biz\/wp-content\/uploads\/2020\/06\/Giden-Transfer-Kapak.jpg?resize=700%2C400&ssl=1 2x, https:\/\/i0.wp.com\/sarimelekler.biz\/wp-content\/uploads\/2020\/06\/Giden-Transfer-Kapak.jpg?resize=1050%2C600&ssl=1 3x"},"classes":[]}],"_links":{"self":[{"href":"https:\/\/sarimelekler.biz\/index.php?rest_route=\/wp\/v2\/posts\/4011","targetHints":{"allow":["GET"]}}],"collection":[{"href":"https:\/\/sarimelekler.biz\/index.php?rest_route=\/wp\/v2\/posts"}],"about":[{"href":"https:\/\/sarimelekler.biz\/index.php?rest_route=\/wp\/v2\/types\/post"}],"author":[{"embeddable":true,"href":"https:\/\/sarimelekler.biz\/index.php?rest_route=\/wp\/v2\/users\/1"}],"replies":[{"embeddable":true,"href":"https:\/\/sarimelekler.biz\/index.php?rest_route=%2Fwp%2Fv2%2Fcomments&post=4011"}],"version-history":[{"count":24,"href":"https:\/\/sarimelekler.biz\/index.php?rest_route=\/wp\/v2\/posts\/4011\/revisions"}],"predecessor-version":[{"id":4119,"href":"https:\/\/sarimelekler.biz\/index.php?rest_route=\/wp\/v2\/posts\/4011\/revisions\/4119"}],"wp:featuredmedia":[{"embeddable":true,"href":"https:\/\/sarimelekler.biz\/index.php?rest_route=\/wp\/v2\/media\/3993"}],"wp:attachment":[{"href":"https:\/\/sarimelekler.biz\/index.php?rest_route=%2Fwp%2Fv2%2Fmedia&parent=4011"}],"wp:term":[{"taxonomy":"category","embeddable":true,"href":"https:\/\/sarimelekler.biz\/index.php?rest_route=%2Fwp%2Fv2%2Fcategories&post=4011"},{"taxonomy":"post_tag","embeddable":true,"href":"https:\/\/sarimelekler.biz\/index.php?rest_route=%2Fwp%2Fv2%2Ftags&post=4011"}],"curies":[{"name":"wp","href":"https:\/\/api.w.org\/{rel}","templated":true}]}}