{"id":4034,"date":"2017-06-01T22:28:46","date_gmt":"2017-06-01T19:28:46","guid":{"rendered":"http:\/\/sarimelekler.biz\/?p=4034"},"modified":"2017-06-01T22:29:51","modified_gmt":"2017-06-01T19:29:51","slug":"hoscakal-kim-yeon-koung","status":"publish","type":"post","link":"https:\/\/sarimelekler.biz\/?p=4034","title":{"rendered":"HO\u015e\u00c7AKAL K\u0130M YEON KOUNG"},"content":{"rendered":"<p style=\"text-align: center;\"><strong>Fenerbah\u00e7e Bayan Voleybol tak\u0131m\u0131m\u0131zda Bir D\u00f6nem Kapand\u0131.<\/strong><\/p>\n<p style=\"text-align: justify;\">11 Haziran 2011 y\u0131l\u0131nda G\u00fcney Kore\u2019nin Heungkuk Life tak\u0131m\u0131ndan tak\u0131m\u0131m\u0131za kat\u0131lan Kim Yeon Koung tak\u0131m\u0131m\u0131zda ge\u00e7irdi\u011fi 6 sezonun ard\u0131ndan 31.05.2017 g\u00fcn\u00fc \u00c7in\u2019in\u00a0 Shanghai Guohua Life tak\u0131m\u0131na transfer oldu.\u00a0 Kim Yeon Koung 6 sezonda toplam 218 defa formam\u0131z\u0131 giyerek tak\u0131m\u0131m\u0131zda en fazla oynayan yabanc\u0131 oyuncu oldu. Kim Yeong Koung\u2019un di\u011fer istatistik bilgileri ise \u015f\u00f6yle olu\u015ftu.<\/p>\n<p><strong>Oynad\u0131\u011f\u0131 Ma\u00e7 Say\u0131lar\u0131:<\/strong><br \/>\nT\u00fcrkiye Ligi:142 ma\u00e7<br \/>\nAvrupa Kupalar\u0131: 60 ma\u00e7<br \/>\nT\u00fcrkiye Kupas\u0131:13 ma\u00e7<br \/>\nS\u00fcper Kupa: 3 ma\u00e7<br \/>\nToplam:<strong>218<\/strong> ma\u00e7<\/p>\n<p><strong>Ald\u0131\u011f\u0131 Say\u0131lar:<\/strong><br \/>\nT\u00fcrkiye Ligi:2499 say\u0131<br \/>\nAvrupa Kupalar\u0131: 970 say\u0131<br \/>\nT\u00fcrkiye Kupas\u0131:239 say\u0131<br \/>\nS\u00fcper Kupa: 46 say\u0131<br \/>\nToplam:<strong>3754<\/strong> say\u0131<\/p>\n<p><strong>Bir Ma\u00e7ta Ald\u0131\u011f\u0131 En Y\u00fcksek Say\u0131:<\/strong><br \/>\n27.02.2013 Cev Kupas\u0131 Final 1. ma\u00e7\u0131<br \/>\nFakro Muszyna \u2013 Fenerbah\u00e7e: <strong>37 Say\u0131<\/strong><\/p>\n<p><strong>Bir Ma\u00e7ta Ald\u0131\u011f\u0131 En Y\u00fcksek Servis Say\u0131s\u0131:<\/strong><br \/>\n25.10.2017 T\u00fcrkiye Ligi 1 Hafta Ma\u00e7\u0131<br \/>\nFenerbah\u00e7e &#8211; Sar\u0131yer Belediye: <strong>8 Servis<\/strong><\/p>\n<p><strong>Bir Ma\u00e7ta Ald\u0131\u011f\u0131 En Y\u00fcksek Blok Say\u0131s\u0131:<\/strong><br \/>\n26.03.2014 Cev Kupas\u0131 Final 1. ma\u00e7\u0131<br \/>\nEkaterinburg \u2013 Fenerbah\u00e7e: <strong>6 Blok<\/strong><\/p>\n<p>Kim Yeon Koung 12 farkl\u0131 ma\u00e7ta 30 say\u0131 baraj\u0131n\u0131 a\u015fm\u0131\u015ft\u0131r.<br \/>\nKim Yeon Koung en \u00e7ok 2011\/2012 ve 2012\/2013 sezonlar\u0131nda 38\u2019er ma\u00e7ta forma giymi\u015ftir.<br \/>\nKim Yeon Koung en az 2015\/2016 ve 2016\/2017 sezonlar\u0131nda 32\u2019\u015fer ma\u00e7ta forma giymi\u015ftir.<br \/>\nKim Yeon Koung en \u00e7ok say\u0131y\u0131 2013\/2014 sezonunda alm\u0131\u015ft\u0131r. 703<br \/>\nKim Yeon Koung en az say\u0131y\u0131 2016\/2017 sezonunda alm\u0131\u015ft\u0131r. 514<\/p>\n<p><strong>Kim Yeon Koung\u2019un \u00a0Tak\u0131m\u0131m\u0131zda Elde Etti\u011fi Ba\u015far\u0131lar ve Ald\u0131\u011f\u0131 Bireysel \u00d6d\u00fcller<\/strong><br \/>\n2011 \u2013 T\u00fcrkiye S\u00fcper Kupas\u0131 G\u00fcm\u00fc\u015f Madalya<br \/>\n2011 \u2013 2012 \u015eampiyonlar Ligi \u015eampiyonlu\u011fu<br \/>\n2012 \u2013 2013 Cev Cup G\u00fcm\u00fc\u015f Madalya<br \/>\n2013 \u2013 2014 Cev Cup \u015eampiyonlu\u011fu<br \/>\n2013 \u2013 2014 T\u00fcrkiye Ligi G\u00fcm\u00fc\u015f Madalya<br \/>\n2013 \u2013 2014 T\u00fcrkiye Kupas\u0131 G\u00fcm\u00fc\u015f Madalya<br \/>\n2014 \u2013 T\u00fcrkiye S\u00fcper Kupas\u0131 G\u00fcm\u00fc\u015f Madalya<br \/>\n2014 \u2013 2015 T\u00fcrkiye Kupas\u0131 \u015eampiyonlu\u011fu<br \/>\n2014 \u2013 2015 T\u00fcrkiye Ligi \u015eampiyonlu\u011fu<br \/>\n2015 \u2013 T\u00fcrkiye S\u00fcper Kupas\u0131 \u015eampiyonlu\u011fu<br \/>\n2015 \u2013 2016 \u015eampiyonlar Ligi Bronz Madalya<br \/>\n2015 \u2013 2016 T\u00fcrkiye G\u00fcm\u00fc\u015f Madalya<br \/>\n2016 \u2013 2017 T\u00fcrkiye Kupas\u0131 \u015eampiyonlu\u011fu<br \/>\n2016 \u2013 2017 T\u00fcrkiye Ligi \u015eampiyonlu\u011fu<\/p>\n<p><strong>Bireysel \u00d6d\u00fcller<\/strong><br \/>\n2011 \u2013 2012 Cev \u015eampiyonlar Ligi En Skorer Oyuncu<br \/>\n2011 \u2013 2012 Cev \u015eampiyonlar Ligi En De\u011ferli Oyuncu (MVP)<br \/>\n2013 \u2013 2014 Cev Cup En De\u011ferli Oyuncu (MVP)<br \/>\n2014 \u2013 2015 T\u00fcrkiye Ligi En Skorer Oyuncu<br \/>\n2014 \u2013 2015 T\u00fcrkiye Ligi En \u0130yi Sma\u00e7\u00f6r<br \/>\n2014 \u2013 2015 T\u00fcrkiye Ligi En De\u011ferli Oyuncu (MVP)<br \/>\n2015 \u2013 T\u00fcrkiye S\u00fcper Kupas\u0131 En De\u011ferli Oyuncu (MVP)<br \/>\n2015 \u2013 2016 \u015eampiyonlar Ligi En \u0130yi Sma\u00e7\u00f6r<br \/>\n2015 \u2013 2016 T\u00fcrkiye Ligi En \u0130yi Sma\u00e7\u00f6r<\/p>\n<p style=\"text-align: justify;\"><strong>Kim Yeon Koung\u2019a \u00a0Ya\u015fatt\u0131\u011f\u0131 mutluluklar ve kalbimizi fetheden samimiyeti i\u00e7in \u00c7ok Te\u015fekk\u00fcr Ediyoruz. Umar\u0131z Yollar\u0131m\u0131z Bir Defa Daha Kesi\u015fir. Ho\u015f\u00e7akal Kim Yeon Koung<\/strong><\/p>\n","protected":false},"excerpt":{"rendered":"<p>Fenerbah\u00e7e Bayan Voleybol tak\u0131m\u0131m\u0131zda Bir D\u00f6nem Kapand\u0131. 11 Haziran 2011 \u2026 <a class=\"continue-reading-link\" href=\"https:\/\/sarimelekler.biz\/?p=4034\">Okumaya Devam Et.. <span class=\"meta-nav\">&rarr; <\/span><\/a><\/p>\n","protected":false},"author":1,"featured_media":4035,"comment_status":"closed","ping_status":"open","sticky":false,"template":"","format":"standard","meta":{"jetpack_post_was_ever_published":false,"_jetpack_newsletter_access":"","_jetpack_dont_email_post_to_subs":false,"_jetpack_newsletter_tier_id":0,"_jetpack_memberships_contains_paywalled_content":false,"_jetpack_memberships_contains_paid_content":false,"footnotes":"","jetpack_publicize_message":"","jetpack_publicize_feature_enabled":true,"jetpack_social_post_already_shared":true,"jetpack_social_options":{"image_generator_settings":{"template":"highway","default_image_id":0,"font":"","enabled":false},"version":2}},"categories":[8],"tags":[],"class_list":["post-4034","post","type-post","status-publish","format-standard","has-post-thumbnail","hentry","category-duyurular"],"jetpack_publicize_connections":[],"jetpack_featured_media_url":"https:\/\/sarimelekler.biz\/wp-content\/uploads\/2017\/06\/100-1.jpg","jetpack_sharing_enabled":true,"jetpack_shortlink":"https:\/\/wp.me\/p8npUZ-134","jetpack-related-posts":[{"id":6350,"url":"https:\/\/sarimelekler.biz\/?p=6350","url_meta":{"origin":4034,"position":0},"title":"Natalia Zilio&#8217;dan Veda Mesaj\u0131","author":"Edit\u00f6r","date":"21 Nisan 2018","format":false,"excerpt":"23.05.2016 g\u00fcn\u00fc tak\u0131m\u0131m\u0131za transfer olan Brezilya Milli Tak\u0131m\u0131\u2019n\u0131n sma\u00e7\u00f6r\u00fc Natalia Pereira Zilio tak\u0131m\u0131m\u0131zda 2 sezon forma giydikten sonra d\u00fcn resmi instagram hesab\u0131ndan yay\u0131nlad\u0131\u011f\u0131 veda mesaj\u0131 ile \u00fclkemizden ayr\u0131ld\u0131. Tak\u0131m\u0131m\u0131zdaki ilk sezonunda olduk\u00e7a iyi bir performans sergileyen Natalia tak\u0131m\u0131m\u0131z\u0131n Lig \u015eampiyon oldu\u011fu 2016-2017 sezonunda En De\u011ferli Oyuncu (MVP) \u00f6d\u00fcl\u00fcn\u00fc ald\u0131. Natalia\u2026","rel":"","context":"&quot;Haberler&quot; i\u00e7inde","block_context":{"text":"Haberler","link":"https:\/\/sarimelekler.biz\/?cat=7"},"img":{"alt_text":"","src":"https:\/\/i0.wp.com\/sarimelekler.biz\/wp-content\/uploads\/2017\/02\/Natalia-Zilio-7.jpg?resize=350%2C200&ssl=1","width":350,"height":200,"srcset":"https:\/\/i0.wp.com\/sarimelekler.biz\/wp-content\/uploads\/2017\/02\/Natalia-Zilio-7.jpg?resize=350%2C200&ssl=1 1x, https:\/\/i0.wp.com\/sarimelekler.biz\/wp-content\/uploads\/2017\/02\/Natalia-Zilio-7.jpg?resize=525%2C300&ssl=1 1.5x, https:\/\/i0.wp.com\/sarimelekler.biz\/wp-content\/uploads\/2017\/02\/Natalia-Zilio-7.jpg?resize=700%2C400&ssl=1 2x, https:\/\/i0.wp.com\/sarimelekler.biz\/wp-content\/uploads\/2017\/02\/Natalia-Zilio-7.jpg?resize=1050%2C600&ssl=1 3x, https:\/\/i0.wp.com\/sarimelekler.biz\/wp-content\/uploads\/2017\/02\/Natalia-Zilio-7.jpg?resize=1400%2C800&ssl=1 4x"},"classes":[]},{"id":11167,"url":"https:\/\/sarimelekler.biz\/?p=11167","url_meta":{"origin":4034,"position":1},"title":"Polen \u00dcnver Tak\u0131m\u0131m\u0131zdan Ayr\u0131ld\u0131","author":"Edit\u00f6r","date":"14 May\u0131s 2019","format":false,"excerpt":"Fenerbah\u00e7e Opet Kad\u0131n Voleybol tak\u0131m\u0131m\u0131zdan ayr\u0131lan be\u015finci isim 5 sezondur formam\u0131z\u0131 giyen Polen Uslupehlivan \u00dcnver oldu. Tak\u0131m\u0131m\u0131za 2014 \u2013 2015 sezonunda transfer olan Polen \u00dcnver ba\u015far\u0131l\u0131 bir kariyerin ard\u0131ndan tak\u0131m\u0131m\u0131zdan ayr\u0131ld\u0131. 29 ya\u015f\u0131ndaki pas\u00f6r \u00e7apraz\u0131 tak\u0131m\u0131m\u0131zda uzun s\u00fcre forma giyen oyuncular\u0131n i\u00e7erisinde yer al\u0131yor. Polen \u00dcnver ge\u00e7mi\u015f sezonlar\u0131n aksine bu\u2026","rel":"","context":"&quot;Transfer Haberleri&quot; i\u00e7inde","block_context":{"text":"Transfer Haberleri","link":"https:\/\/sarimelekler.biz\/?cat=23"},"img":{"alt_text":"","src":"https:\/\/i0.wp.com\/sarimelekler.biz\/wp-content\/uploads\/2017\/02\/Polen-Uslupehlivan-1.jpg?resize=350%2C200&ssl=1","width":350,"height":200,"srcset":"https:\/\/i0.wp.com\/sarimelekler.biz\/wp-content\/uploads\/2017\/02\/Polen-Uslupehlivan-1.jpg?resize=350%2C200&ssl=1 1x, https:\/\/i0.wp.com\/sarimelekler.biz\/wp-content\/uploads\/2017\/02\/Polen-Uslupehlivan-1.jpg?resize=525%2C300&ssl=1 1.5x, https:\/\/i0.wp.com\/sarimelekler.biz\/wp-content\/uploads\/2017\/02\/Polen-Uslupehlivan-1.jpg?resize=700%2C400&ssl=1 2x, https:\/\/i0.wp.com\/sarimelekler.biz\/wp-content\/uploads\/2017\/02\/Polen-Uslupehlivan-1.jpg?resize=1050%2C600&ssl=1 3x, https:\/\/i0.wp.com\/sarimelekler.biz\/wp-content\/uploads\/2017\/02\/Polen-Uslupehlivan-1.jpg?resize=1400%2C800&ssl=1 4x"},"classes":[]},{"id":11151,"url":"https:\/\/sarimelekler.biz\/?p=11151","url_meta":{"origin":4034,"position":2},"title":"Tak\u0131m\u0131m\u0131zdan ayr\u0131lan ikinci oyuncu Samantha Bricio oldu.","author":"Edit\u00f6r","date":"2 May\u0131s 2019","format":false,"excerpt":"Fenerbah\u00e7e Opet Kad\u0131n Voleybol tak\u0131m\u0131m\u0131zdan ikinci ayr\u0131lan isim sezon ba\u015f\u0131 transfer etti\u011fimiz Meksikal\u0131 Sma\u00e7\u00f6r Samantha Bricio oldu. Samantha Bricio Instagram hesab\u0131ndan payla\u015ft\u0131\u011f\u0131 bir g\u00f6nderi ile tak\u0131m\u0131m\u0131za veda etti. Bricio; 29 Sultanlar Ligi, 10 \u015eampiyonlar Ligi ve 3 T\u00fcrkiye Kupas\u0131 olmak \u00fczere toplam 42 ma\u00e7 tak\u0131m\u0131m\u0131zda oynad\u0131. Sultanlar Liginde 60\u2019\u0131 servis,\u2026","rel":"","context":"&quot;Transfer Haberleri&quot; i\u00e7inde","block_context":{"text":"Transfer Haberleri","link":"https:\/\/sarimelekler.biz\/?cat=23"},"img":{"alt_text":"","src":"https:\/\/i0.wp.com\/sarimelekler.biz\/wp-content\/uploads\/2018\/10\/Bricio-Ekim-3.jpg?resize=350%2C200&ssl=1","width":350,"height":200,"srcset":"https:\/\/i0.wp.com\/sarimelekler.biz\/wp-content\/uploads\/2018\/10\/Bricio-Ekim-3.jpg?resize=350%2C200&ssl=1 1x, https:\/\/i0.wp.com\/sarimelekler.biz\/wp-content\/uploads\/2018\/10\/Bricio-Ekim-3.jpg?resize=525%2C300&ssl=1 1.5x, https:\/\/i0.wp.com\/sarimelekler.biz\/wp-content\/uploads\/2018\/10\/Bricio-Ekim-3.jpg?resize=700%2C400&ssl=1 2x, https:\/\/i0.wp.com\/sarimelekler.biz\/wp-content\/uploads\/2018\/10\/Bricio-Ekim-3.jpg?resize=1050%2C600&ssl=1 3x, https:\/\/i0.wp.com\/sarimelekler.biz\/wp-content\/uploads\/2018\/10\/Bricio-Ekim-3.jpg?resize=1400%2C800&ssl=1 4x"},"classes":[]},{"id":11161,"url":"https:\/\/sarimelekler.biz\/?p=11161","url_meta":{"origin":4034,"position":3},"title":"Tak\u0131m\u0131m\u0131zdan ayr\u0131lan \u00fc\u00e7\u00fcnc\u00fc oyuncu Dobriana Rabadzhieva oldu.","author":"Edit\u00f6r","date":"3 May\u0131s 2019","format":false,"excerpt":"Fenerbah\u00e7e Opet Kad\u0131n Voleybol tak\u0131m\u0131m\u0131zdan\u00a0Ana Antonijevic ve\u00a0Samantha Bricio'nun ard\u0131ndan \u00fc\u00e7\u00fcnc\u00fc ayr\u0131lan isim sezon ortas\u0131 (29.01.2019) tak\u0131m\u0131m\u0131za transfer etti\u011fimiz Bulgar Sma\u00e7\u00f6r Dobriana Rabadzhieva oldu.\u00a0Rabadzhieva\u00a0 Instagram hesab\u0131ndan payla\u015ft\u0131\u011f\u0131 bir g\u00f6nderi ile tak\u0131m\u0131m\u0131za veda etti. Rabadzhieva; 12 Sultanlar Ligi, 7 \u015eampiyonlar Ligi ve 3 T\u00fcrkiye Kupas\u0131 olmak \u00fczere toplam 22 ma\u00e7ta tak\u0131m\u0131m\u0131zda s\u00fcre\u2026","rel":"","context":"&quot;Transfer Haberleri&quot; i\u00e7inde","block_context":{"text":"Transfer Haberleri","link":"https:\/\/sarimelekler.biz\/?cat=23"},"img":{"alt_text":"","src":"https:\/\/i0.wp.com\/sarimelekler.biz\/wp-content\/uploads\/2019\/01\/Dobriana-Rabadzhieva-Kapak.jpg?resize=350%2C200&ssl=1","width":350,"height":200,"srcset":"https:\/\/i0.wp.com\/sarimelekler.biz\/wp-content\/uploads\/2019\/01\/Dobriana-Rabadzhieva-Kapak.jpg?resize=350%2C200&ssl=1 1x, https:\/\/i0.wp.com\/sarimelekler.biz\/wp-content\/uploads\/2019\/01\/Dobriana-Rabadzhieva-Kapak.jpg?resize=525%2C300&ssl=1 1.5x, https:\/\/i0.wp.com\/sarimelekler.biz\/wp-content\/uploads\/2019\/01\/Dobriana-Rabadzhieva-Kapak.jpg?resize=700%2C400&ssl=1 2x, https:\/\/i0.wp.com\/sarimelekler.biz\/wp-content\/uploads\/2019\/01\/Dobriana-Rabadzhieva-Kapak.jpg?resize=1050%2C600&ssl=1 3x, https:\/\/i0.wp.com\/sarimelekler.biz\/wp-content\/uploads\/2019\/01\/Dobriana-Rabadzhieva-Kapak.jpg?resize=1400%2C800&ssl=1 4x"},"classes":[]},{"id":11265,"url":"https:\/\/sarimelekler.biz\/?p=11265","url_meta":{"origin":4034,"position":4},"title":"Damla Yeni Sezonda Kadromuzda Devam Ediyor","author":"Edit\u00f6r","date":"12 May\u0131s 2019","format":false,"excerpt":"2017-2018 sezonunda tak\u0131m\u0131m\u0131za transfer olan sma\u00e7\u00f6r oyuncumuz Damla \u00c7ak\u0131ro\u011flu ile kul\u00fcb\u00fcm\u00fcz s\u00f6zle\u015fme yeniledi. 2 sezondur tak\u0131m\u0131m\u0131zda g\u00f6rev alan Damla transfer oldu\u011fu ilk sezonda 26 lig, 6 \u015eampiyonlar Ligi, 1 S\u00fcper Kupa ma\u00e7\u0131 olmak \u00fczere toplam 33 ma\u00e7ta g\u00f6rev ald\u0131 ve 20\u2019si servis, 22\u2019si blok olmak \u00fczere 121 say\u0131 \u00fcretti. Damla\u2026","rel":"","context":"&quot;Transfer Haberleri&quot; i\u00e7inde","block_context":{"text":"Transfer Haberleri","link":"https:\/\/sarimelekler.biz\/?cat=23"},"img":{"alt_text":"","src":"https:\/\/i0.wp.com\/sarimelekler.biz\/wp-content\/uploads\/2017\/06\/db6_56320_5370853.jpg?resize=350%2C200&ssl=1","width":350,"height":200,"srcset":"https:\/\/i0.wp.com\/sarimelekler.biz\/wp-content\/uploads\/2017\/06\/db6_56320_5370853.jpg?resize=350%2C200&ssl=1 1x, https:\/\/i0.wp.com\/sarimelekler.biz\/wp-content\/uploads\/2017\/06\/db6_56320_5370853.jpg?resize=525%2C300&ssl=1 1.5x, https:\/\/i0.wp.com\/sarimelekler.biz\/wp-content\/uploads\/2017\/06\/db6_56320_5370853.jpg?resize=700%2C400&ssl=1 2x, https:\/\/i0.wp.com\/sarimelekler.biz\/wp-content\/uploads\/2017\/06\/db6_56320_5370853.jpg?resize=1050%2C600&ssl=1 3x, https:\/\/i0.wp.com\/sarimelekler.biz\/wp-content\/uploads\/2017\/06\/db6_56320_5370853.jpg?resize=1400%2C800&ssl=1 4x"},"classes":[]},{"id":18036,"url":"https:\/\/sarimelekler.biz\/?p=18036","url_meta":{"origin":4034,"position":5},"title":"Dicle Nur BABAT 8 Sezonun Ard\u0131ndan Tak\u0131m\u0131m\u0131zdan Ayr\u0131ld\u0131","author":"Edit\u00f6r","date":"3 Haziran 2022","format":false,"excerpt":"Fenerbah\u00e7e Opet Kad\u0131n Voleybol tak\u0131m\u0131m\u0131zdan 8 sezondur formam\u0131z\u0131 giyen Dicle Nur Babat ayr\u0131ld\u0131. Tak\u0131m\u0131m\u0131za 2014 \u2013 2015 sezonunda transfer olan orta oyuncu mevkiinde g\u00f6rev yapan Dicle Nur Babat ba\u015far\u0131l\u0131 bir kariyerin ard\u0131ndan tak\u0131m\u0131m\u0131zdan ayr\u0131ld\u0131. 1992 do\u011fumlu Dicle Nur Babat tak\u0131m\u0131m\u0131zda uzun s\u00fcre forma giyen oyuncular\u0131n i\u00e7erisinde yer al\u0131yor. Dicle Nur\u2026","rel":"","context":"&quot;Transfer Haberleri&quot; i\u00e7inde","block_context":{"text":"Transfer Haberleri","link":"https:\/\/sarimelekler.biz\/?cat=23"},"img":{"alt_text":"","src":"https:\/\/i0.wp.com\/sarimelekler.biz\/wp-content\/uploads\/2022\/05\/Dicle-1.jpg?resize=350%2C200&ssl=1","width":350,"height":200,"srcset":"https:\/\/i0.wp.com\/sarimelekler.biz\/wp-content\/uploads\/2022\/05\/Dicle-1.jpg?resize=350%2C200&ssl=1 1x, https:\/\/i0.wp.com\/sarimelekler.biz\/wp-content\/uploads\/2022\/05\/Dicle-1.jpg?resize=525%2C300&ssl=1 1.5x, https:\/\/i0.wp.com\/sarimelekler.biz\/wp-content\/uploads\/2022\/05\/Dicle-1.jpg?resize=700%2C400&ssl=1 2x, https:\/\/i0.wp.com\/sarimelekler.biz\/wp-content\/uploads\/2022\/05\/Dicle-1.jpg?resize=1050%2C600&ssl=1 3x, https:\/\/i0.wp.com\/sarimelekler.biz\/wp-content\/uploads\/2022\/05\/Dicle-1.jpg?resize=1400%2C800&ssl=1 4x"},"classes":[]}],"_links":{"self":[{"href":"https:\/\/sarimelekler.biz\/index.php?rest_route=\/wp\/v2\/posts\/4034","targetHints":{"allow":["GET"]}}],"collection":[{"href":"https:\/\/sarimelekler.biz\/index.php?rest_route=\/wp\/v2\/posts"}],"about":[{"href":"https:\/\/sarimelekler.biz\/index.php?rest_route=\/wp\/v2\/types\/post"}],"author":[{"embeddable":true,"href":"https:\/\/sarimelekler.biz\/index.php?rest_route=\/wp\/v2\/users\/1"}],"replies":[{"embeddable":true,"href":"https:\/\/sarimelekler.biz\/index.php?rest_route=%2Fwp%2Fv2%2Fcomments&post=4034"}],"version-history":[{"count":1,"href":"https:\/\/sarimelekler.biz\/index.php?rest_route=\/wp\/v2\/posts\/4034\/revisions"}],"predecessor-version":[{"id":4036,"href":"https:\/\/sarimelekler.biz\/index.php?rest_route=\/wp\/v2\/posts\/4034\/revisions\/4036"}],"wp:featuredmedia":[{"embeddable":true,"href":"https:\/\/sarimelekler.biz\/index.php?rest_route=\/wp\/v2\/media\/4035"}],"wp:attachment":[{"href":"https:\/\/sarimelekler.biz\/index.php?rest_route=%2Fwp%2Fv2%2Fmedia&parent=4034"}],"wp:term":[{"taxonomy":"category","embeddable":true,"href":"https:\/\/sarimelekler.biz\/index.php?rest_route=%2Fwp%2Fv2%2Fcategories&post=4034"},{"taxonomy":"post_tag","embeddable":true,"href":"https:\/\/sarimelekler.biz\/index.php?rest_route=%2Fwp%2Fv2%2Ftags&post=4034"}],"curies":[{"name":"wp","href":"https:\/\/api.w.org\/{rel}","templated":true}]}}