{"id":4041,"date":"2017-06-03T17:27:38","date_gmt":"2017-06-03T14:27:38","guid":{"rendered":"http:\/\/sarimelekler.biz\/?p=4041"},"modified":"2017-06-03T17:31:27","modified_gmt":"2017-06-03T14:31:27","slug":"hosgeldin-jan-de-brandt","status":"publish","type":"post","link":"https:\/\/sarimelekler.biz\/?p=4041","title":{"rendered":"HO\u015eGELD\u0130N JAN DE BRANDT"},"content":{"rendered":"<p style=\"text-align: justify;\">Beklenildi\u011fi \u00fczere Fenerbah\u00e7e Bayan Voleybol Tak\u0131m\u0131m\u0131z\u0131n antren\u00f6r\u00fc Jan De Brandt oldu. Kul\u00fcb\u00fcm\u00fcze Hay\u0131rl\u0131 Olsun, Antren\u00f6r\u00fcm\u00fcze Ba\u015far\u0131lar Dileriz.<\/p>\n<p style=\"text-align: justify;\"><a href=\"http:\/\/www.fenerbahce.org\/detay.asp?ContentID=56154\" target=\"_blank\" rel=\"noopener noreferrer\">Resmi Sitemizden<\/a> Yap\u0131lan A\u00e7\u0131klama:<\/p>\n<p style=\"text-align: justify;\">Yeni sezon yap\u0131lanmas\u0131 kapsam\u0131nda Fenerbah\u00e7e Kad\u0131n Voleybol Tak\u0131m\u0131m\u0131z, 2008-2010 y\u0131llar\u0131nda 1,5 sezon boyunca tak\u0131m\u0131m\u0131z\u0131 da \u00e7al\u0131\u015ft\u0131ran ve 2 kez T\u00fcrkiye Ligi \u015fampiyonlu\u011fu, 1 S\u00fcper Kupa \u015fampiyonlu\u011fu kazanan, CEV Cup ve CEV \u015eampiyonlar liginde ba\u015far\u0131lara imza atan ve ge\u00e7en sezon Sultanlar Ligi\u2019nde Bursa B\u00fcy\u00fck\u015fehir Belediye tak<span class=\"text_exposed_show\">\u0131m\u0131n\u0131 \u00e7al\u0131\u015ft\u0131ran antren\u00f6r Jan de Brandt ile anla\u015fma sa\u011flam\u0131\u015ft\u0131r.<\/span><\/p>\n<div class=\"text_exposed_show\">\n<p style=\"text-align: justify;\">Yeni antren\u00f6r\u00fcm\u00fcz Jan de Brandt\u2019a yar\u0131\u015ft\u0131\u011f\u0131 her kulvarda \u201c\u015eampiyonluk\u201d hedefleyen Fenerbah\u00e7e Kad\u0131n Voleybol Tak\u0131m\u0131m\u0131zda ba\u015far\u0131lar diliyoruz.<\/p>\n<\/div>\n","protected":false},"excerpt":{"rendered":"<p>Beklenildi\u011fi \u00fczere Fenerbah\u00e7e Bayan Voleybol Tak\u0131m\u0131m\u0131z\u0131n antren\u00f6r\u00fc Jan De Brandt \u2026 <a class=\"continue-reading-link\" href=\"https:\/\/sarimelekler.biz\/?p=4041\">Okumaya Devam Et.. <span class=\"meta-nav\">&rarr; <\/span><\/a><\/p>\n","protected":false},"author":1,"featured_media":4042,"comment_status":"closed","ping_status":"open","sticky":false,"template":"","format":"standard","meta":{"jetpack_post_was_ever_published":false,"_jetpack_newsletter_access":"","_jetpack_dont_email_post_to_subs":false,"_jetpack_newsletter_tier_id":0,"_jetpack_memberships_contains_paywalled_content":false,"_jetpack_memberships_contains_paid_content":false,"footnotes":"","jetpack_publicize_message":"","jetpack_publicize_feature_enabled":true,"jetpack_social_post_already_shared":true,"jetpack_social_options":{"image_generator_settings":{"template":"highway","default_image_id":0,"font":"","enabled":false},"version":2}},"categories":[6],"tags":[],"class_list":["post-4041","post","type-post","status-publish","format-standard","has-post-thumbnail","hentry","category-turkiye-ligi"],"jetpack_publicize_connections":[],"jetpack_featured_media_url":"https:\/\/sarimelekler.biz\/wp-content\/uploads\/2017\/06\/jandebrandtson538_56154_5790807.jpg","jetpack_sharing_enabled":true,"jetpack_shortlink":"https:\/\/wp.me\/p8npUZ-13b","jetpack-related-posts":[{"id":14990,"url":"https:\/\/sarimelekler.biz\/?p=14990","url_meta":{"origin":4041,"position":0},"title":"Ba\u015fantren\u00f6r\u00fcm\u00fcz Zoran Terzic\u2019le 3 Y\u0131ll\u0131k Yeni S\u00f6zle\u015fme \u0130mzaland\u0131.","author":"Edit\u00f6r","date":"19 Ocak 2021","format":false,"excerpt":"Fenerbah\u00e7e Opet Kad\u0131n Voleybol Tak\u0131m\u0131m\u0131z\u0131n Ba\u015fantren\u00f6r\u00fc Zoran Terzic\u2019in s\u00f6zle\u015fmesinin 3 sene daha uzat\u0131ld\u0131\u011f\u0131 kul\u00fcb\u00fcm\u00fcz\u00fcn resmi internet sitesinden duyuruldu. 2018 \u2013 2019 sezonunda tak\u0131m\u0131m\u0131za kat\u0131lan Terzic ilk senesinde Sultanlar Liginde \u00fc\u00e7\u00fcnc\u00fc olurken, \u015eampiyonlar Liginde ise de\u011fi\u015fen sistemle beraber \u00fc\u00e7\u00fcnc\u00fcl\u00fc\u011f\u00fc Vak\u0131fbank\u2019la payla\u015ft\u0131. Ge\u00e7ti\u011fimiz sezonu ise normal lig etab\u0131n\u0131 \u00fc\u00e7\u00fcnc\u00fc olarak bitiren tak\u0131m\u0131m\u0131z\u2026","rel":"","context":"&quot;Transfer Haberleri&quot; i\u00e7inde","block_context":{"text":"Transfer Haberleri","link":"https:\/\/sarimelekler.biz\/?cat=23"},"img":{"alt_text":"","src":"https:\/\/i0.wp.com\/sarimelekler.biz\/wp-content\/uploads\/2019\/06\/terzic-19-20.jpg?resize=350%2C200&ssl=1","width":350,"height":200,"srcset":"https:\/\/i0.wp.com\/sarimelekler.biz\/wp-content\/uploads\/2019\/06\/terzic-19-20.jpg?resize=350%2C200&ssl=1 1x, https:\/\/i0.wp.com\/sarimelekler.biz\/wp-content\/uploads\/2019\/06\/terzic-19-20.jpg?resize=525%2C300&ssl=1 1.5x, https:\/\/i0.wp.com\/sarimelekler.biz\/wp-content\/uploads\/2019\/06\/terzic-19-20.jpg?resize=700%2C400&ssl=1 2x"},"classes":[]},{"id":15813,"url":"https:\/\/sarimelekler.biz\/?p=15813","url_meta":{"origin":4041,"position":1},"title":"Evin K\u0131z\u0131, Evine Geri D\u00f6nd\u00fc: Ho\u015f Geldin Meliha \u0130smailo\u011flu","author":"Edit\u00f6r","date":"11 May\u0131s 2021","format":false,"excerpt":"Kul\u00fcb\u00fcm\u00fcz resmi sitesinden yapt\u0131\u011f\u0131 a\u00e7\u0131klamada 2014-2017 y\u0131llar\u0131 aras\u0131nda \u00e7ubuklu formam\u0131z\u0131 terleten, tak\u0131m\u0131m\u0131z\u0131n son kazand\u0131\u011f\u0131 \u015fampiyonlukta eme\u011fi bulunan 1993 do\u011fumlu sma\u00e7\u00f6r Meliha \u0130smailo\u011flu ile anla\u015fma sa\u011fland\u0131\u011f\u0131n\u0131 duyurdu. B\u00f6ylesine \u00f6nemli bir transferi ger\u00e7ekle\u015ftiren y\u00f6netimimize te\u015fekk\u00fcr ederiz. Oyuncumuza Ba\u015far\u0131lar Dileriz. Kul\u00fcb\u00fcm\u00fczden Yap\u0131lan A\u00e7\u0131klama: Fenerbah\u00e7e Opet Kad\u0131n Voleybol Tak\u0131m\u0131m\u0131z, yeni sezon yap\u0131lanmas\u0131 kapsam\u0131nda kadrosunu\u2026","rel":"","context":"&quot;Transfer Haberleri&quot; i\u00e7inde","block_context":{"text":"Transfer Haberleri","link":"https:\/\/sarimelekler.biz\/?cat=23"},"img":{"alt_text":"","src":"https:\/\/i0.wp.com\/sarimelekler.biz\/wp-content\/uploads\/2017\/02\/Meliha-%C4%B0smailo%C4%9Flu-1-1.jpeg?resize=350%2C200&ssl=1","width":350,"height":200,"srcset":"https:\/\/i0.wp.com\/sarimelekler.biz\/wp-content\/uploads\/2017\/02\/Meliha-%C4%B0smailo%C4%9Flu-1-1.jpeg?resize=350%2C200&ssl=1 1x, https:\/\/i0.wp.com\/sarimelekler.biz\/wp-content\/uploads\/2017\/02\/Meliha-%C4%B0smailo%C4%9Flu-1-1.jpeg?resize=525%2C300&ssl=1 1.5x, https:\/\/i0.wp.com\/sarimelekler.biz\/wp-content\/uploads\/2017\/02\/Meliha-%C4%B0smailo%C4%9Flu-1-1.jpeg?resize=700%2C400&ssl=1 2x"},"classes":[]},{"id":4020,"url":"https:\/\/sarimelekler.biz\/?p=4020","url_meta":{"origin":4041,"position":2},"title":"Yeni Sar\u0131 Melek Carli Lloyd","author":"Edit\u00f6r","date":"24 May\u0131s 2017","format":false,"excerpt":"Kul\u00fcb\u00fcm\u00fcz\u00fcn Resmi \u0130nternet Sitesinden yap\u0131lan a\u00e7\u0131klamada Amerika\u2019l\u0131 pas\u00f6r Carli Lloyd'un \u00a0kul\u00fcb\u00fcm\u00fcze transfer oldu\u011fu bildirilmi\u015ftir. Tak\u0131m\u0131m\u0131za hay\u0131rl\u0131 olsun. Yeni sezon yap\u0131lanmas\u0131 kapsam\u0131nda Fenerbah\u00e7e Kad\u0131n Voleybol Tak\u0131m\u0131m\u0131z, Amerika\u2019l\u0131 pas\u00f6r Carli Lloyd ile 2 y\u0131ll\u0131k anla\u015fma sa\u011flam\u0131\u015ft\u0131r. Yeni Sar\u0131 Melek Carli Lloyd\u2019a kul\u00fcb\u00fcm\u00fcze ho\u015fgeldin diyor, yar\u0131\u015ft\u0131\u011f\u0131 her kulvarda \u201c\u015fampiyonluk\u201d hedefleyen Fenerbah\u00e7e Kad\u0131n Voleybol\u2026","rel":"","context":"&quot;T\u00fcrkiye Ligi&quot; i\u00e7inde","block_context":{"text":"T\u00fcrkiye Ligi","link":"https:\/\/sarimelekler.biz\/?cat=6"},"img":{"alt_text":"","src":"https:\/\/i0.wp.com\/sarimelekler.biz\/wp-content\/uploads\/2017\/05\/loyd538_56004_504093.jpg?resize=350%2C200&ssl=1","width":350,"height":200,"srcset":"https:\/\/i0.wp.com\/sarimelekler.biz\/wp-content\/uploads\/2017\/05\/loyd538_56004_504093.jpg?resize=350%2C200&ssl=1 1x, https:\/\/i0.wp.com\/sarimelekler.biz\/wp-content\/uploads\/2017\/05\/loyd538_56004_504093.jpg?resize=525%2C300&ssl=1 1.5x"},"classes":[]},{"id":15799,"url":"https:\/\/sarimelekler.biz\/?p=15799","url_meta":{"origin":4041,"position":3},"title":"Gizem \u00d6rge Fenerbah\u00e7e Opet\u2019te","author":"Edit\u00f6r","date":"8 May\u0131s 2021","format":false,"excerpt":"Kul\u00fcb\u00fcm\u00fcz resmi sitesinden yapt\u0131\u011f\u0131 a\u00e7\u0131klamada 1993 do\u011fumlu libero Gizem \u00d6rge ile anla\u015fma sa\u011fland\u0131\u011f\u0131n\u0131 duyurdu. \u00dclkemizin en iyi liberolar\u0131ndan biri olan, D\u00fcnya, Avrupa ve T\u00fcrkiye Ligi\u2019nde \u201cEn \u0130yi Libero\u201d \u00f6d\u00fcllerine sahip Gizem \u00d6rge\u2019yi tak\u0131m\u0131m\u0131za kazand\u0131ran y\u00f6netimimize te\u015fekk\u00fcr ederiz. Oyuncumuza Ba\u015far\u0131lar Dileriz. Kul\u00fcb\u00fcm\u00fczden Yap\u0131lan A\u00e7\u0131klama: Fenerbah\u00e7e Opet Kad\u0131n Voleybol Tak\u0131m\u0131m\u0131z, yeni sezon\u2026","rel":"","context":"&quot;Transfer Haberleri&quot; i\u00e7inde","block_context":{"text":"Transfer Haberleri","link":"https:\/\/sarimelekler.biz\/?cat=23"},"img":{"alt_text":"","src":"https:\/\/i0.wp.com\/sarimelekler.biz\/wp-content\/uploads\/2021\/05\/Gizem-%C3%96rge-Kapak.jpg?resize=350%2C200&ssl=1","width":350,"height":200,"srcset":"https:\/\/i0.wp.com\/sarimelekler.biz\/wp-content\/uploads\/2021\/05\/Gizem-%C3%96rge-Kapak.jpg?resize=350%2C200&ssl=1 1x, https:\/\/i0.wp.com\/sarimelekler.biz\/wp-content\/uploads\/2021\/05\/Gizem-%C3%96rge-Kapak.jpg?resize=525%2C300&ssl=1 1.5x, https:\/\/i0.wp.com\/sarimelekler.biz\/wp-content\/uploads\/2021\/05\/Gizem-%C3%96rge-Kapak.jpg?resize=700%2C400&ssl=1 2x, https:\/\/i0.wp.com\/sarimelekler.biz\/wp-content\/uploads\/2021\/05\/Gizem-%C3%96rge-Kapak.jpg?resize=1050%2C600&ssl=1 3x"},"classes":[]},{"id":11337,"url":"https:\/\/sarimelekler.biz\/?p=11337","url_meta":{"origin":4041,"position":4},"title":"Naz Aydemir Akyol Uzun Bir S\u00fcre Tekrar Sar\u0131 Melek oldu.","author":"Edit\u00f6r","date":"17 Haziran 2019","format":false,"excerpt":"Kul\u00fcb\u00fcm\u00fcz yeni sezon \u00e7al\u0131\u015fmalar\u0131 kapsam\u0131nda 7 senedir Vak\u0131fbank\u2019ta forma giyen Pas\u00f6r Naz Aydemir Akyol ile s\u00f6zle\u015fme imzalad\u0131. 1990 do\u011fumlu, 186 cm uzunlu\u011fundaki oyuncumuz Naz Aydemir Akyol 2009-2012 y\u0131llar\u0131 aras\u0131nda 3 sezon tak\u0131m\u0131m\u0131zda yer ald\u0131ktan sonra y\u0131ll\u0131k \u00fccret konusunda anla\u015fmazl\u0131k dolay\u0131 Vak\u0131fbank tak\u0131m\u0131na transfer olmu\u015ftu. Naz ge\u00e7ti\u011fimiz sezonda anne oldu\u011fu i\u00e7in\u2026","rel":"","context":"&quot;Transfer Haberleri&quot; i\u00e7inde","block_context":{"text":"Transfer Haberleri","link":"https:\/\/sarimelekler.biz\/?cat=23"},"img":{"alt_text":"","src":"https:\/\/i0.wp.com\/sarimelekler.biz\/wp-content\/uploads\/2019\/06\/Naz-19-20-Kapak.jpg?resize=350%2C200&ssl=1","width":350,"height":200,"srcset":"https:\/\/i0.wp.com\/sarimelekler.biz\/wp-content\/uploads\/2019\/06\/Naz-19-20-Kapak.jpg?resize=350%2C200&ssl=1 1x, https:\/\/i0.wp.com\/sarimelekler.biz\/wp-content\/uploads\/2019\/06\/Naz-19-20-Kapak.jpg?resize=525%2C300&ssl=1 1.5x, https:\/\/i0.wp.com\/sarimelekler.biz\/wp-content\/uploads\/2019\/06\/Naz-19-20-Kapak.jpg?resize=700%2C400&ssl=1 2x, https:\/\/i0.wp.com\/sarimelekler.biz\/wp-content\/uploads\/2019\/06\/Naz-19-20-Kapak.jpg?resize=1050%2C600&ssl=1 3x, https:\/\/i0.wp.com\/sarimelekler.biz\/wp-content\/uploads\/2019\/06\/Naz-19-20-Kapak.jpg?resize=1400%2C800&ssl=1 4x"},"classes":[]},{"id":11897,"url":"https:\/\/sarimelekler.biz\/?p=11897","url_meta":{"origin":4041,"position":5},"title":"Kad\u0131n ve Erkek Voleybol Tak\u0131mlar\u0131m\u0131z\u0131n kombine kart sat\u0131\u015flar\u0131 ba\u015flad\u0131.","author":"Edit\u00f6r","date":"7 Ekim 2019","format":false,"excerpt":"Fenerbah\u00e7e Opet Kad\u0131n Voleybol Tak\u0131m\u0131m\u0131z ve Fenerbah\u00e7e HDI Sigorta Erkek Voleybol Tak\u0131mlar\u0131m\u0131z, 2019-20 sezonunda taraftarlar\u0131m\u0131zla Burhan Felek Voleybol Salonu\u2019nda bulu\u015fuyor. Tak\u0131mlar\u0131m\u0131z\u0131n, Sultanlar ve Efeler Ligi, Play Off ma\u00e7lar\u0131 ve CEV \u015eampiyonlar Ligi ma\u00e7lar\u0131n\u0131 kapsayan kombineler 2 Ekim itibariyle sat\u0131\u015fa \u00e7\u0131kt\u0131. Sezon haz\u0131rl\u0131klar\u0131n\u0131, Fenerbah\u00e7e\u2019nin hem ulusal hem de uluslararas\u0131 arenadaki ba\u015far\u0131\u2026","rel":"","context":"&quot;Haberler&quot; i\u00e7inde","block_context":{"text":"Haberler","link":"https:\/\/sarimelekler.biz\/?cat=7"},"img":{"alt_text":"","src":"https:\/\/i0.wp.com\/sarimelekler.biz\/wp-content\/uploads\/2019\/10\/19-20-Kombine-Kart.jpg?resize=350%2C200&ssl=1","width":350,"height":200,"srcset":"https:\/\/i0.wp.com\/sarimelekler.biz\/wp-content\/uploads\/2019\/10\/19-20-Kombine-Kart.jpg?resize=350%2C200&ssl=1 1x, https:\/\/i0.wp.com\/sarimelekler.biz\/wp-content\/uploads\/2019\/10\/19-20-Kombine-Kart.jpg?resize=525%2C300&ssl=1 1.5x, https:\/\/i0.wp.com\/sarimelekler.biz\/wp-content\/uploads\/2019\/10\/19-20-Kombine-Kart.jpg?resize=700%2C400&ssl=1 2x, https:\/\/i0.wp.com\/sarimelekler.biz\/wp-content\/uploads\/2019\/10\/19-20-Kombine-Kart.jpg?resize=1050%2C600&ssl=1 3x"},"classes":[]}],"_links":{"self":[{"href":"https:\/\/sarimelekler.biz\/index.php?rest_route=\/wp\/v2\/posts\/4041","targetHints":{"allow":["GET"]}}],"collection":[{"href":"https:\/\/sarimelekler.biz\/index.php?rest_route=\/wp\/v2\/posts"}],"about":[{"href":"https:\/\/sarimelekler.biz\/index.php?rest_route=\/wp\/v2\/types\/post"}],"author":[{"embeddable":true,"href":"https:\/\/sarimelekler.biz\/index.php?rest_route=\/wp\/v2\/users\/1"}],"replies":[{"embeddable":true,"href":"https:\/\/sarimelekler.biz\/index.php?rest_route=%2Fwp%2Fv2%2Fcomments&post=4041"}],"version-history":[{"count":2,"href":"https:\/\/sarimelekler.biz\/index.php?rest_route=\/wp\/v2\/posts\/4041\/revisions"}],"predecessor-version":[{"id":4047,"href":"https:\/\/sarimelekler.biz\/index.php?rest_route=\/wp\/v2\/posts\/4041\/revisions\/4047"}],"wp:featuredmedia":[{"embeddable":true,"href":"https:\/\/sarimelekler.biz\/index.php?rest_route=\/wp\/v2\/media\/4042"}],"wp:attachment":[{"href":"https:\/\/sarimelekler.biz\/index.php?rest_route=%2Fwp%2Fv2%2Fmedia&parent=4041"}],"wp:term":[{"taxonomy":"category","embeddable":true,"href":"https:\/\/sarimelekler.biz\/index.php?rest_route=%2Fwp%2Fv2%2Fcategories&post=4041"},{"taxonomy":"post_tag","embeddable":true,"href":"https:\/\/sarimelekler.biz\/index.php?rest_route=%2Fwp%2Fv2%2Ftags&post=4041"}],"curies":[{"name":"wp","href":"https:\/\/api.w.org\/{rel}","templated":true}]}}