{"id":4058,"date":"2017-06-04T21:09:10","date_gmt":"2017-06-04T18:09:10","guid":{"rendered":"http:\/\/sarimelekler.biz\/?p=4058"},"modified":"2017-06-09T02:23:01","modified_gmt":"2017-06-08T23:23:01","slug":"cagla-akin-mutlu-ve-gururluyum","status":"publish","type":"post","link":"https:\/\/sarimelekler.biz\/?p=4058","title":{"rendered":"\u00c7a\u011fla Ak\u0131n: &#8220;Mutlu ve Gururluyum&#8221;"},"content":{"rendered":"<p style=\"text-align: justify;\">Fenerbah\u00e7e Kad\u0131n Voleybol Tak\u0131m\u0131m\u0131z\u0131n yeni transferlerinden \u00c7a\u011fla Ak\u0131n, ilk a\u00e7\u0131klamalar\u0131n\u0131 Fenerbah\u00e7e Spor Kul\u00fcb\u00fc Resmi Sitesine yapt\u0131. Fenerbah\u00e7e camias\u0131na kat\u0131lmaktan dolay\u0131 \u00e7ok mutlu ve gururlu oldu\u011funu s\u00f6yleyen 22 ya\u015f\u0131ndaki pas\u00f6r, taraftarlar i\u00e7inse; \u201cB\u00fcy\u00fck Fenerbah\u00e7e taraftar\u0131n\u0131n deste\u011fiyle oynayacak olmak \u00e7ok heyecan verici\u201d dedi.<\/p>\n<p style=\"text-align: justify;\">\u00c7ubuklu formay\u0131 giyen milli oyuncu, \u201cFenerbah\u00e7e camias\u0131na kat\u0131ld\u0131\u011f\u0131m i\u00e7in \u00e7ok mutlu ve ayn\u0131 zamanda gururluyum. Umar\u0131m g\u00fczel bir sezon ge\u00e7iririz. Yar\u0131\u015ft\u0131\u011f\u0131m\u0131z kulvarlardaki b\u00fct\u00fcn kupalara talibiz. Sakatl\u0131ks\u0131z, sa\u011fl\u0131kl\u0131 g\u00fczel bir sezon olsun\u201d ifadelerini kulland\u0131.<\/p>\n<p style=\"text-align: justify;\">Tak\u0131m i\u00e7inde bir\u00e7ok ismi tan\u0131d\u0131\u011f\u0131n\u0131 ve baz\u0131lar\u0131 ile de beraber oynama f\u0131rsat\u0131 buldu\u011funu belirten \u00c7a\u011fla, \u201cKaptan Eda Erdem D\u00fcndar ile milli tak\u0131mda oynama f\u0131rsat\u0131 yakalam\u0131\u015ft\u0131m. Bana \u00e7ok yard\u0131mc\u0131 olaca\u011f\u0131n\u0131 d\u00fc\u015f\u00fcn\u00fcyorum. Melis ile okul tak\u0131m\u0131ndan tan\u0131\u015f\u0131yoruz. Ayn\u0131 \u00fcniversitedeyiz. \u00a0Dicle ile de hem altyap\u0131da hem okul tak\u0131m\u0131nda birlikte oynam\u0131\u015ft\u0131k\u201d diye konu\u015ftu.<\/p>\n<p style=\"text-align: justify;\">Taraftarlar\u0131m\u0131z i\u00e7inde ayr\u0131 bir parantez a\u00e7an 22 ya\u015f\u0131ndaki isim, \u201cFenerbah\u00e7e\u2019ye kar\u015f\u0131 oynad\u0131\u011f\u0131m d\u00f6nemlerde yaratt\u0131klar\u0131 bask\u0131y\u0131 biliyorum. B\u00fcy\u00fck Fenerbah\u00e7e taraftar\u0131n\u0131n deste\u011fiyle oynayacak olmak \u00e7ok heyecan verici. Taraftarlar\u0131n deste\u011fiyle oynayacak olmak, oyun i\u00e7inde bize yard\u0131mc\u0131 olacakt\u0131r\u201d dedi.<\/p>\n<p style=\"text-align: justify;\"><a href=\"https:\/\/streamable.com\/48vry\" target=\"_blank\" rel=\"noopener noreferrer\">Video<\/a><\/p>\n\n\t\t<style type=\"text\/css\">\n\t\t\t#gallery-1 {\n\t\t\t\tmargin: auto;\n\t\t\t}\n\t\t\t#gallery-1 .gallery-item {\n\t\t\t\tfloat: left;\n\t\t\t\tmargin-top: 10px;\n\t\t\t\ttext-align: center;\n\t\t\t\twidth: 33%;\n\t\t\t}\n\t\t\t#gallery-1 img {\n\t\t\t\tborder: 2px solid #cfcfcf;\n\t\t\t}\n\t\t\t#gallery-1 .gallery-caption {\n\t\t\t\tmargin-left: 0;\n\t\t\t}\n\t\t\t\/* see gallery_shortcode() in wp-includes\/media.php *\/\n\t\t<\/style>\n\t\t<div data-carousel-extra='{&quot;blog_id&quot;:1,&quot;permalink&quot;:&quot;https:\/\/sarimelekler.biz\/?p=4058&quot;}' id='gallery-1' class='gallery galleryid-4058 gallery-columns-3 gallery-size-thumbnail'><dl class='gallery-item'>\n\t\t\t<dt class='gallery-icon landscape'>\n\t\t\t\t<a href='https:\/\/sarimelekler.biz\/?attachment_id=4059'><img loading=\"lazy\" decoding=\"async\" width=\"150\" height=\"150\" src=\"https:\/\/sarimelekler.biz\/wp-content\/uploads\/2017\/06\/caglabasin_56173_5013334-150x150.jpg\" class=\"attachment-thumbnail size-thumbnail\" alt=\"\" data-attachment-id=\"4059\" data-permalink=\"https:\/\/sarimelekler.biz\/?attachment_id=4059\" data-orig-file=\"https:\/\/sarimelekler.biz\/wp-content\/uploads\/2017\/06\/caglabasin_56173_5013334.jpg\" data-orig-size=\"3000,2249\" data-comments-opened=\"0\" data-image-meta=\"{&quot;aperture&quot;:&quot;4.5&quot;,&quot;credit&quot;:&quot;&quot;,&quot;camera&quot;:&quot;Canon EOS-1D X&quot;,&quot;caption&quot;:&quot;&quot;,&quot;created_timestamp&quot;:&quot;1496064250&quot;,&quot;copyright&quot;:&quot;&quot;,&quot;focal_length&quot;:&quot;70&quot;,&quot;iso&quot;:&quot;200&quot;,&quot;shutter_speed&quot;:&quot;0.004&quot;,&quot;title&quot;:&quot;&quot;,&quot;orientation&quot;:&quot;1&quot;}\" data-image-title=\"caglabasin_56173_5013334\" data-image-description=\"\" data-image-caption=\"\" data-large-file=\"https:\/\/sarimelekler.biz\/wp-content\/uploads\/2017\/06\/caglabasin_56173_5013334-1024x768.jpg\" \/><\/a>\n\t\t\t<\/dt><\/dl><dl class='gallery-item'>\n\t\t\t<dt class='gallery-icon landscape'>\n\t\t\t\t<a href='https:\/\/sarimelekler.biz\/?attachment_id=4060'><img loading=\"lazy\" decoding=\"async\" width=\"150\" height=\"150\" src=\"https:\/\/sarimelekler.biz\/wp-content\/uploads\/2017\/06\/de6p3094_56173_544808-150x150.jpg\" class=\"attachment-thumbnail size-thumbnail\" alt=\"\" data-attachment-id=\"4060\" data-permalink=\"https:\/\/sarimelekler.biz\/?attachment_id=4060\" data-orig-file=\"https:\/\/sarimelekler.biz\/wp-content\/uploads\/2017\/06\/de6p3094_56173_544808.jpg\" data-orig-size=\"3000,2119\" data-comments-opened=\"0\" data-image-meta=\"{&quot;aperture&quot;:&quot;4&quot;,&quot;credit&quot;:&quot;&quot;,&quot;camera&quot;:&quot;Canon EOS-1D X&quot;,&quot;caption&quot;:&quot;&quot;,&quot;created_timestamp&quot;:&quot;1496063890&quot;,&quot;copyright&quot;:&quot;&quot;,&quot;focal_length&quot;:&quot;16&quot;,&quot;iso&quot;:&quot;200&quot;,&quot;shutter_speed&quot;:&quot;0.004&quot;,&quot;title&quot;:&quot;&quot;,&quot;orientation&quot;:&quot;1&quot;}\" data-image-title=\"de6p3094_56173_544808\" data-image-description=\"\" data-image-caption=\"\" data-large-file=\"https:\/\/sarimelekler.biz\/wp-content\/uploads\/2017\/06\/de6p3094_56173_544808-1024x723.jpg\" \/><\/a>\n\t\t\t<\/dt><\/dl><dl class='gallery-item'>\n\t\t\t<dt class='gallery-icon landscape'>\n\t\t\t\t<a href='https:\/\/sarimelekler.biz\/?attachment_id=4061'><img loading=\"lazy\" decoding=\"async\" width=\"150\" height=\"150\" src=\"https:\/\/sarimelekler.biz\/wp-content\/uploads\/2017\/06\/de6p3100_56173_5448202-150x150.jpg\" class=\"attachment-thumbnail size-thumbnail\" alt=\"\" data-attachment-id=\"4061\" data-permalink=\"https:\/\/sarimelekler.biz\/?attachment_id=4061\" data-orig-file=\"https:\/\/sarimelekler.biz\/wp-content\/uploads\/2017\/06\/de6p3100_56173_5448202.jpg\" data-orig-size=\"3466,3000\" data-comments-opened=\"0\" data-image-meta=\"{&quot;aperture&quot;:&quot;4&quot;,&quot;credit&quot;:&quot;&quot;,&quot;camera&quot;:&quot;Canon EOS-1D X&quot;,&quot;caption&quot;:&quot;&quot;,&quot;created_timestamp&quot;:&quot;1496063981&quot;,&quot;copyright&quot;:&quot;&quot;,&quot;focal_length&quot;:&quot;85&quot;,&quot;iso&quot;:&quot;200&quot;,&quot;shutter_speed&quot;:&quot;0.004&quot;,&quot;title&quot;:&quot;&quot;,&quot;orientation&quot;:&quot;1&quot;}\" data-image-title=\"de6p3100_56173_5448202\" data-image-description=\"\" data-image-caption=\"\" data-large-file=\"https:\/\/sarimelekler.biz\/wp-content\/uploads\/2017\/06\/de6p3100_56173_5448202-1024x886.jpg\" \/><\/a>\n\t\t\t<\/dt><\/dl><br style=\"clear: both\" \/><dl class='gallery-item'>\n\t\t\t<dt class='gallery-icon landscape'>\n\t\t\t\t<a href='https:\/\/sarimelekler.biz\/?attachment_id=4062'><img loading=\"lazy\" decoding=\"async\" width=\"150\" height=\"150\" src=\"https:\/\/sarimelekler.biz\/wp-content\/uploads\/2017\/06\/de6p3109_56173_5448304-1-150x150.jpg\" class=\"attachment-thumbnail size-thumbnail\" alt=\"\" data-attachment-id=\"4062\" data-permalink=\"https:\/\/sarimelekler.biz\/?attachment_id=4062\" data-orig-file=\"https:\/\/sarimelekler.biz\/wp-content\/uploads\/2017\/06\/de6p3109_56173_5448304-1.jpg\" data-orig-size=\"3000,2363\" data-comments-opened=\"0\" data-image-meta=\"{&quot;aperture&quot;:&quot;8&quot;,&quot;credit&quot;:&quot;&quot;,&quot;camera&quot;:&quot;Canon EOS-1D X&quot;,&quot;caption&quot;:&quot;&quot;,&quot;created_timestamp&quot;:&quot;1496064098&quot;,&quot;copyright&quot;:&quot;&quot;,&quot;focal_length&quot;:&quot;70&quot;,&quot;iso&quot;:&quot;200&quot;,&quot;shutter_speed&quot;:&quot;0.004&quot;,&quot;title&quot;:&quot;&quot;,&quot;orientation&quot;:&quot;1&quot;}\" data-image-title=\"de6p3109_56173_5448304\" data-image-description=\"\" data-image-caption=\"\" data-large-file=\"https:\/\/sarimelekler.biz\/wp-content\/uploads\/2017\/06\/de6p3109_56173_5448304-1-1024x807.jpg\" \/><\/a>\n\t\t\t<\/dt><\/dl><dl class='gallery-item'>\n\t\t\t<dt class='gallery-icon portrait'>\n\t\t\t\t<a href='https:\/\/sarimelekler.biz\/?attachment_id=4063'><img loading=\"lazy\" decoding=\"async\" width=\"150\" height=\"150\" src=\"https:\/\/sarimelekler.biz\/wp-content\/uploads\/2017\/06\/de6p3117_56173_5448406-150x150.jpg\" class=\"attachment-thumbnail size-thumbnail\" alt=\"\" data-attachment-id=\"4063\" data-permalink=\"https:\/\/sarimelekler.biz\/?attachment_id=4063\" data-orig-file=\"https:\/\/sarimelekler.biz\/wp-content\/uploads\/2017\/06\/de6p3117_56173_5448406.jpg\" data-orig-size=\"3000,3039\" data-comments-opened=\"0\" data-image-meta=\"{&quot;aperture&quot;:&quot;5.6&quot;,&quot;credit&quot;:&quot;&quot;,&quot;camera&quot;:&quot;Canon EOS-1D X&quot;,&quot;caption&quot;:&quot;&quot;,&quot;created_timestamp&quot;:&quot;1496064220&quot;,&quot;copyright&quot;:&quot;&quot;,&quot;focal_length&quot;:&quot;70&quot;,&quot;iso&quot;:&quot;200&quot;,&quot;shutter_speed&quot;:&quot;0.004&quot;,&quot;title&quot;:&quot;&quot;,&quot;orientation&quot;:&quot;1&quot;}\" data-image-title=\"de6p3117_56173_5448406\" data-image-description=\"\" data-image-caption=\"\" data-large-file=\"https:\/\/sarimelekler.biz\/wp-content\/uploads\/2017\/06\/de6p3117_56173_5448406-1011x1024.jpg\" \/><\/a>\n\t\t\t<\/dt><\/dl>\n\t\t\t<br style='clear: both' \/>\n\t\t<\/div>\n\n<p>Kaynak: <a href=\"http:\/\/www.fenerbahce.org\/detay.asp?ContentID=56173\" target=\"_blank\" rel=\"noopener noreferrer\">Fenerbah\u00e7e Spor Kul\u00fcb\u00fc Resmi \u0130nternet Sitesi<\/a><\/p>\n","protected":false},"excerpt":{"rendered":"<p>Fenerbah\u00e7e Kad\u0131n Voleybol Tak\u0131m\u0131m\u0131z\u0131n yeni transferlerinden \u00c7a\u011fla Ak\u0131n, ilk a\u00e7\u0131klamalar\u0131n\u0131 \u2026 <a class=\"continue-reading-link\" href=\"https:\/\/sarimelekler.biz\/?p=4058\">Okumaya Devam Et.. <span class=\"meta-nav\">&rarr; <\/span><\/a><\/p>\n","protected":false},"author":1,"featured_media":4059,"comment_status":"closed","ping_status":"open","sticky":false,"template":"","format":"standard","meta":{"jetpack_post_was_ever_published":false,"_jetpack_newsletter_access":"","_jetpack_dont_email_post_to_subs":false,"_jetpack_newsletter_tier_id":0,"_jetpack_memberships_contains_paywalled_content":false,"_jetpack_memberships_contains_paid_content":false,"footnotes":"","jetpack_publicize_message":"","jetpack_publicize_feature_enabled":true,"jetpack_social_post_already_shared":true,"jetpack_social_options":{"image_generator_settings":{"template":"highway","default_image_id":0,"font":"","enabled":false},"version":2}},"categories":[6],"tags":[],"class_list":["post-4058","post","type-post","status-publish","format-standard","has-post-thumbnail","hentry","category-turkiye-ligi"],"jetpack_publicize_connections":[],"jetpack_featured_media_url":"https:\/\/sarimelekler.biz\/wp-content\/uploads\/2017\/06\/caglabasin_56173_5013334.jpg","jetpack_sharing_enabled":true,"jetpack_shortlink":"https:\/\/wp.me\/p8npUZ-13s","jetpack-related-posts":[{"id":4120,"url":"https:\/\/sarimelekler.biz\/?p=4120","url_meta":{"origin":4058,"position":0},"title":"\u00c7a\u011fla Ak\u0131n: \u201cBu forma beni \u00e7ok heyecanland\u0131r\u0131yor\u201d","author":"Edit\u00f6r","date":"4 Temmuz 2017","format":false,"excerpt":"Fenerbah\u00e7e Bayan Voleybol Tak\u0131m\u0131m\u0131z\u0131n yeni trasferi \u00c7a\u011fla Ak\u0131n ile Fenerbah\u00e7e Dergisi\u2019nin Temmuz 2017 say\u0131s\u0131nda bir r\u00f6portaj ger\u00e7ekle\u015ftirildi. R\u00f6portaj\u0131n Resmi Sitemizden Yay\u0131nlanan B\u00f6l\u00fcm\u00fc: \u00c7a\u011fla Ak\u0131n: \u201cBu forma beni \u00e7ok heyecanland\u0131r\u0131yor\u201d T\u00fcrk kad\u0131n voleybolu son 10 y\u0131la Avrupa\u2019da damgas\u0131n\u0131 vurdu. \u00d6yle ki gerek kul\u00fcpler gerekse Milli tak\u0131mlar d\u00fczeyinde elde edilen ba\u015far\u0131lar da\u2026","rel":"","context":"&quot;Dergi R\u00f6portajlar\u0131&quot; i\u00e7inde","block_context":{"text":"Dergi R\u00f6portajlar\u0131","link":"https:\/\/sarimelekler.biz\/?cat=15"},"img":{"alt_text":"","src":"https:\/\/i0.wp.com\/sarimelekler.biz\/wp-content\/uploads\/2017\/07\/de6p6899_56465_6814303.jpg?resize=350%2C200&ssl=1","width":350,"height":200,"srcset":"https:\/\/i0.wp.com\/sarimelekler.biz\/wp-content\/uploads\/2017\/07\/de6p6899_56465_6814303.jpg?resize=350%2C200&ssl=1 1x, https:\/\/i0.wp.com\/sarimelekler.biz\/wp-content\/uploads\/2017\/07\/de6p6899_56465_6814303.jpg?resize=525%2C300&ssl=1 1.5x, https:\/\/i0.wp.com\/sarimelekler.biz\/wp-content\/uploads\/2017\/07\/de6p6899_56465_6814303.jpg?resize=700%2C400&ssl=1 2x, https:\/\/i0.wp.com\/sarimelekler.biz\/wp-content\/uploads\/2017\/07\/de6p6899_56465_6814303.jpg?resize=1050%2C600&ssl=1 3x, https:\/\/i0.wp.com\/sarimelekler.biz\/wp-content\/uploads\/2017\/07\/de6p6899_56465_6814303.jpg?resize=1400%2C800&ssl=1 4x"},"classes":[]},{"id":18746,"url":"https:\/\/sarimelekler.biz\/?p=18746","url_meta":{"origin":4058,"position":1},"title":"Yeni Sar\u0131 Melek Hristina Vuchkova","author":"Edit\u00f6r","date":"12 Ocak 2023","format":false,"excerpt":"Fenerbah\u00e7e Opet Kad\u0131n Voleybol Tak\u0131m\u0131m\u0131z, Bulgar orta oyuncu Hristina Vuchkova\u2019y\u0131 transfer etti\u011fini duyurdu. Yeni Oyuncumuz Hristina Vuchkova\u2019ya ba\u015far\u0131l\u0131 bir sezon dileriz. Kul\u00fcb\u00fcm\u00fcz\u00fcn Resmi Sitesinden yap\u0131lan a\u00e7\u0131klama: Fenerbah\u00e7e Opet Kad\u0131n Voleybol Tak\u0131m\u0131m\u0131z, kadrosunu Hristina Vuchkova ile g\u00fc\u00e7lendirdi. Bulgar orta oyuncu ile sezon sonuna kadar anla\u015fmaya var\u0131ld\u0131. 2022-2023 sezonunda \u00c7in\u2019in Beijing BAIC\u2026","rel":"","context":"&quot;Transfer Haberleri&quot; i\u00e7inde","block_context":{"text":"Transfer Haberleri","link":"https:\/\/sarimelekler.biz\/?cat=23"},"img":{"alt_text":"","src":"https:\/\/i0.wp.com\/sarimelekler.biz\/wp-content\/uploads\/2023\/02\/Vuchkeva.jpg?resize=350%2C200&ssl=1","width":350,"height":200,"srcset":"https:\/\/i0.wp.com\/sarimelekler.biz\/wp-content\/uploads\/2023\/02\/Vuchkeva.jpg?resize=350%2C200&ssl=1 1x, https:\/\/i0.wp.com\/sarimelekler.biz\/wp-content\/uploads\/2023\/02\/Vuchkeva.jpg?resize=525%2C300&ssl=1 1.5x, https:\/\/i0.wp.com\/sarimelekler.biz\/wp-content\/uploads\/2023\/02\/Vuchkeva.jpg?resize=700%2C400&ssl=1 2x, https:\/\/i0.wp.com\/sarimelekler.biz\/wp-content\/uploads\/2023\/02\/Vuchkeva.jpg?resize=1050%2C600&ssl=1 3x, https:\/\/i0.wp.com\/sarimelekler.biz\/wp-content\/uploads\/2023\/02\/Vuchkeva.jpg?resize=1400%2C800&ssl=1 4x"},"classes":[]},{"id":4071,"url":"https:\/\/sarimelekler.biz\/?p=4071","url_meta":{"origin":4058,"position":2},"title":"Ezgi Da\u011fdelenler: &#8220;Sezon boyunca elimden gelen her \u015feyi yapaca\u011f\u0131m&#8221;","author":"Edit\u00f6r","date":"6 Haziran 2017","format":false,"excerpt":"Kad\u0131n Voleybol Tak\u0131m\u0131m\u0131z\u0131n yeni sma\u00e7\u00f6r\u00fc Ezgi Da\u011fdelenler, transferine ili\u015fkin ilk a\u00e7\u0131klamalar\u0131 Fenerbah\u00e7e Spor Kul\u00fcb\u00fcm\u00fcz Resmi \u0130nternet Sitesine yapt\u0131. Fenerbah\u00e7e taraftar\u0131n\u0131n \u00f6n\u00fcnde oynayacak olmaktan dolay\u0131 heyecanl\u0131 oldu\u011funu belirten Ezgi, sezon boyunca elinden gelen her \u015feyi yapaca\u011f\u0131n\u0131 da s\u00f6zlerine ekledi. \u201c\u0130n\u015fallah sakatl\u0131ks\u0131z g\u00fczel bir sezon ge\u00e7iririz. Sezon boyunca elimden gelen her \u015feyi\u2026","rel":"","context":"&quot;T\u00fcrkiye Ligi&quot; i\u00e7inde","block_context":{"text":"T\u00fcrkiye Ligi","link":"https:\/\/sarimelekler.biz\/?cat=6"},"img":{"alt_text":"","src":"https:\/\/i0.wp.com\/sarimelekler.biz\/wp-content\/uploads\/2017\/06\/de6p6335_56205_6413796.jpg?resize=350%2C200&ssl=1","width":350,"height":200,"srcset":"https:\/\/i0.wp.com\/sarimelekler.biz\/wp-content\/uploads\/2017\/06\/de6p6335_56205_6413796.jpg?resize=350%2C200&ssl=1 1x, https:\/\/i0.wp.com\/sarimelekler.biz\/wp-content\/uploads\/2017\/06\/de6p6335_56205_6413796.jpg?resize=525%2C300&ssl=1 1.5x, https:\/\/i0.wp.com\/sarimelekler.biz\/wp-content\/uploads\/2017\/06\/de6p6335_56205_6413796.jpg?resize=700%2C400&ssl=1 2x, https:\/\/i0.wp.com\/sarimelekler.biz\/wp-content\/uploads\/2017\/06\/de6p6335_56205_6413796.jpg?resize=1050%2C600&ssl=1 3x, https:\/\/i0.wp.com\/sarimelekler.biz\/wp-content\/uploads\/2017\/06\/de6p6335_56205_6413796.jpg?resize=1400%2C800&ssl=1 4x"},"classes":[]},{"id":15730,"url":"https:\/\/sarimelekler.biz\/?p=15730","url_meta":{"origin":4058,"position":3},"title":"Melissa Vargas: Fenerbah\u00e7e\u2019yi, Bu B\u00fcy\u00fck Kul\u00fcb\u00fc, Bu G\u00fczel Aileyi \u00c7ok \u00d6zleyece\u011fim","author":"Edit\u00f6r","date":"22 Nisan 2021","format":false,"excerpt":"Tak\u0131m\u0131m\u0131zdan ayr\u0131lan Melissa Vargas Kul\u00fcb\u00fcm\u00fcz\u00fcn resmi internet sitesine bir r\u00f6portaj verdi, Melisa Vargas\u2019\u0131n A\u00e7\u0131klamalar\u0131: 2018-19 sezonundan bu yana Fenerbah\u00e7e Opet Kad\u0131n Voleybol Tak\u0131m\u0131m\u0131z\u0131n formas\u0131n\u0131 giyen Melissa Vargas, Kul\u00fcb\u00fcm\u00fcze veda edi\u015finin ard\u0131ndan \u00f6zel a\u00e7\u0131klamalarda bulundu. Fenerbah\u00e7e ailesinin bir par\u00e7as\u0131 olmaktan dolay\u0131 mutlu ve gururlu oldu\u011funu dile getiren Melissa Vargas\u2019\u0131n yapt\u0131\u011f\u0131 a\u00e7\u0131klama\u2026","rel":"","context":"&quot;Resmi Site R\u00f6portajlar\u0131&quot; i\u00e7inde","block_context":{"text":"Resmi Site R\u00f6portajlar\u0131","link":"https:\/\/sarimelekler.biz\/?cat=17"},"img":{"alt_text":"","src":"https:\/\/i0.wp.com\/sarimelekler.biz\/wp-content\/uploads\/2021\/04\/Vargas-Veda-5-scaled.jpg?resize=350%2C200&ssl=1","width":350,"height":200,"srcset":"https:\/\/i0.wp.com\/sarimelekler.biz\/wp-content\/uploads\/2021\/04\/Vargas-Veda-5-scaled.jpg?resize=350%2C200&ssl=1 1x, https:\/\/i0.wp.com\/sarimelekler.biz\/wp-content\/uploads\/2021\/04\/Vargas-Veda-5-scaled.jpg?resize=525%2C300&ssl=1 1.5x, https:\/\/i0.wp.com\/sarimelekler.biz\/wp-content\/uploads\/2021\/04\/Vargas-Veda-5-scaled.jpg?resize=700%2C400&ssl=1 2x, https:\/\/i0.wp.com\/sarimelekler.biz\/wp-content\/uploads\/2021\/04\/Vargas-Veda-5-scaled.jpg?resize=1050%2C600&ssl=1 3x, https:\/\/i0.wp.com\/sarimelekler.biz\/wp-content\/uploads\/2021\/04\/Vargas-Veda-5-scaled.jpg?resize=1400%2C800&ssl=1 4x"},"classes":[]},{"id":6825,"url":"https:\/\/sarimelekler.biz\/?p=6825","url_meta":{"origin":4058,"position":4},"title":"Ana Antonijevic: \u00c7ok b\u00fcy\u00fck bir kul\u00fcpteyim","author":"Edit\u00f6r","date":"17 Eyl\u00fcl 2018","format":false,"excerpt":"Fenerbah\u00e7e Kad\u0131n Voleybol Tak\u0131m\u0131m\u0131z\u0131n yeni transferi Ana Antonijevic, Fenerbah\u00e7e Spor Kul\u00fcb\u00fcm\u00fcz\u00fcn Resmi \u0130nternet Sitesine a\u00e7\u0131klamalarda bulundu. Fenerbah\u00e7e Kad\u0131n Voleybol Tak\u0131m\u0131m\u0131z\u0131n yeni transferlerinden Ana Antonijevic, Fenerbah\u00e7e gibi b\u00fcy\u00fck bir kul\u00fcbe geldi\u011fi i\u00e7in \u00e7ok mutlu ve heyecanl\u0131 oldu\u011funu belirtti. S\u0131rbistan milli tak\u0131m formas\u0131 giyen yeni transferlerimizden Ana Antonijevic, bug\u00fcn (17.09.2018) \u0130stanbul\u2019a geldi.\u2026","rel":"","context":"&quot;Resmi Site R\u00f6portajlar\u0131&quot; i\u00e7inde","block_context":{"text":"Resmi Site R\u00f6portajlar\u0131","link":"https:\/\/sarimelekler.biz\/?cat=17"},"img":{"alt_text":"","src":"https:\/\/i0.wp.com\/sarimelekler.biz\/wp-content\/uploads\/2018\/09\/de6p9873_61700_7402945.jpg?resize=350%2C200&ssl=1","width":350,"height":200,"srcset":"https:\/\/i0.wp.com\/sarimelekler.biz\/wp-content\/uploads\/2018\/09\/de6p9873_61700_7402945.jpg?resize=350%2C200&ssl=1 1x, https:\/\/i0.wp.com\/sarimelekler.biz\/wp-content\/uploads\/2018\/09\/de6p9873_61700_7402945.jpg?resize=525%2C300&ssl=1 1.5x, https:\/\/i0.wp.com\/sarimelekler.biz\/wp-content\/uploads\/2018\/09\/de6p9873_61700_7402945.jpg?resize=700%2C400&ssl=1 2x, https:\/\/i0.wp.com\/sarimelekler.biz\/wp-content\/uploads\/2018\/09\/de6p9873_61700_7402945.jpg?resize=1050%2C600&ssl=1 3x, https:\/\/i0.wp.com\/sarimelekler.biz\/wp-content\/uploads\/2018\/09\/de6p9873_61700_7402945.jpg?resize=1400%2C800&ssl=1 4x"},"classes":[]},{"id":16000,"url":"https:\/\/sarimelekler.biz\/?p=16000","url_meta":{"origin":4058,"position":5},"title":"Tutku Burcu Y\u00fczgen\u00e7: Fenerbah\u00e7e\u2019ye Transfer Oldu\u011fum G\u00fcnden Bu Yana Fenerbah\u00e7e Taraftar\u0131yla Oynama Hayaliyle \u00c7al\u0131\u015f\u0131yorum","author":"Edit\u00f6r","date":"19 A\u011fustos 2021","format":false,"excerpt":"Fenerbah\u00e7e Opet Kad\u0131n Voleybol Tak\u0131m\u0131m\u0131z\u0131n yeni transferlerinden Tutku Burcu Y\u00fczgen\u00e7, Fenerbah\u00e7e Spor Kul\u00fcb\u00fcm\u00fcz resmi internet sitesine a\u00e7\u0131klamalarda bulundu. R\u00f6portaj\u0131n Tamam\u0131: Fenerbah\u00e7e Opet Kad\u0131n Voleybol Tak\u0131m\u0131m\u0131z\u0131n yeni sezon yap\u0131lanmas\u0131 kapsam\u0131nda kadrosuna katt\u0131\u011f\u0131 isimlerden biri olan Tutku Burcu Y\u00fczgen\u00e7, tak\u0131m\u0131m\u0131z\u0131n kamp yapt\u0131\u011f\u0131 Topuk Yaylas\u0131 Tesislerimizde resmi internet sitemize a\u00e7\u0131klamalarda bulundu. \u0130lk s\u00f6zleri,\u2026","rel":"","context":"&quot;Resmi Site R\u00f6portajlar\u0131&quot; i\u00e7inde","block_context":{"text":"Resmi Site R\u00f6portajlar\u0131","link":"https:\/\/sarimelekler.biz\/?cat=17"},"img":{"alt_text":"","src":"https:\/\/i0.wp.com\/sarimelekler.biz\/wp-content\/uploads\/2021\/08\/Tutku-Burcu-2.jpg?resize=350%2C200&ssl=1","width":350,"height":200,"srcset":"https:\/\/i0.wp.com\/sarimelekler.biz\/wp-content\/uploads\/2021\/08\/Tutku-Burcu-2.jpg?resize=350%2C200&ssl=1 1x, https:\/\/i0.wp.com\/sarimelekler.biz\/wp-content\/uploads\/2021\/08\/Tutku-Burcu-2.jpg?resize=525%2C300&ssl=1 1.5x, https:\/\/i0.wp.com\/sarimelekler.biz\/wp-content\/uploads\/2021\/08\/Tutku-Burcu-2.jpg?resize=700%2C400&ssl=1 2x, https:\/\/i0.wp.com\/sarimelekler.biz\/wp-content\/uploads\/2021\/08\/Tutku-Burcu-2.jpg?resize=1050%2C600&ssl=1 3x, https:\/\/i0.wp.com\/sarimelekler.biz\/wp-content\/uploads\/2021\/08\/Tutku-Burcu-2.jpg?resize=1400%2C800&ssl=1 4x"},"classes":[]}],"_links":{"self":[{"href":"https:\/\/sarimelekler.biz\/index.php?rest_route=\/wp\/v2\/posts\/4058","targetHints":{"allow":["GET"]}}],"collection":[{"href":"https:\/\/sarimelekler.biz\/index.php?rest_route=\/wp\/v2\/posts"}],"about":[{"href":"https:\/\/sarimelekler.biz\/index.php?rest_route=\/wp\/v2\/types\/post"}],"author":[{"embeddable":true,"href":"https:\/\/sarimelekler.biz\/index.php?rest_route=\/wp\/v2\/users\/1"}],"replies":[{"embeddable":true,"href":"https:\/\/sarimelekler.biz\/index.php?rest_route=%2Fwp%2Fv2%2Fcomments&post=4058"}],"version-history":[{"count":5,"href":"https:\/\/sarimelekler.biz\/index.php?rest_route=\/wp\/v2\/posts\/4058\/revisions"}],"predecessor-version":[{"id":4087,"href":"https:\/\/sarimelekler.biz\/index.php?rest_route=\/wp\/v2\/posts\/4058\/revisions\/4087"}],"wp:featuredmedia":[{"embeddable":true,"href":"https:\/\/sarimelekler.biz\/index.php?rest_route=\/wp\/v2\/media\/4059"}],"wp:attachment":[{"href":"https:\/\/sarimelekler.biz\/index.php?rest_route=%2Fwp%2Fv2%2Fmedia&parent=4058"}],"wp:term":[{"taxonomy":"category","embeddable":true,"href":"https:\/\/sarimelekler.biz\/index.php?rest_route=%2Fwp%2Fv2%2Fcategories&post=4058"},{"taxonomy":"post_tag","embeddable":true,"href":"https:\/\/sarimelekler.biz\/index.php?rest_route=%2Fwp%2Fv2%2Ftags&post=4058"}],"curies":[{"name":"wp","href":"https:\/\/api.w.org\/{rel}","templated":true}]}}