{"id":4068,"date":"2017-06-06T22:19:44","date_gmt":"2017-06-06T19:19:44","guid":{"rendered":"http:\/\/sarimelekler.biz\/?p=4068"},"modified":"2017-06-14T01:44:21","modified_gmt":"2017-06-13T22:44:21","slug":"hosgeldin-ezgi-dagdelenler","status":"publish","type":"post","link":"https:\/\/sarimelekler.biz\/?p=4068","title":{"rendered":"Ho\u015fgeldin Ezgi Da\u011fdelenler"},"content":{"rendered":"<p style=\"text-align: justify;\">Fenerbah\u00e7e Bayan Voleybol Tak\u0131m\u0131za bir oyuncu takviyesi daha yap\u0131ld\u0131. Resmi Sitemizden yap\u0131lan A\u00e7\u0131klamada sma\u00e7\u00f6r pozisyonunda oynayan Ezgi Da\u011fdelenler&#8217;le anla\u015fma sa\u011fland\u0131\u011f\u0131 a\u00e7\u0131kland\u0131. Ezgi Da\u011fdelenler&#8217;e Ba\u015far\u0131l\u0131 ve Bol Kupal\u0131 Bir Sezon Dileriz.<\/p>\n<p style=\"text-align: justify;\"><a href=\"http:\/\/www.fenerbahce.org\/detay.asp?ContentID=56203\" target=\"_blank\" rel=\"noopener noreferrer\">Resmi Sitemiz<\/a>den Yap\u0131lan A\u00e7\u0131klama:<\/p>\n<p style=\"text-align: justify;\">Yeni sezon yap\u0131lanmas\u0131 kapsam\u0131nda Fenerbah\u00e7e Kad\u0131n Voleybol Tak\u0131m\u0131m\u0131z,\u00a0 \u0130lbank Tak\u0131m\u0131nda sma\u00e7\u00f6r olarak oynayan 3 Kas\u0131m 1993\u00a0 Ankara do\u011fumlu Ezgi Da\u011fdelenler ile anla\u015fma sa\u011flam\u0131\u015ft\u0131r.<\/p>\n<p style=\"text-align: justify;\">Yeni Sar\u0131 Melek Ezgi Da\u011fdelenler\u2019e kul\u00fcb\u00fcm\u00fcze ho\u015f geldin diyor, yar\u0131\u015ft\u0131\u011f\u0131 her kulvarda \u201c\u015eampiyonluk\u201d hedefleyen Fenerbah\u00e7e Kad\u0131n Voleybol Tak\u0131m\u0131m\u0131zda ba\u015far\u0131lar diliyoruz.<\/p>\n","protected":false},"excerpt":{"rendered":"<p>Fenerbah\u00e7e Bayan Voleybol Tak\u0131m\u0131za bir oyuncu takviyesi daha yap\u0131ld\u0131. Resmi \u2026 <a class=\"continue-reading-link\" href=\"https:\/\/sarimelekler.biz\/?p=4068\">Okumaya Devam Et.. <span class=\"meta-nav\">&rarr; <\/span><\/a><\/p>\n","protected":false},"author":1,"featured_media":4069,"comment_status":"closed","ping_status":"open","sticky":false,"template":"","format":"standard","meta":{"jetpack_post_was_ever_published":false,"_jetpack_newsletter_access":"","_jetpack_dont_email_post_to_subs":false,"_jetpack_newsletter_tier_id":0,"_jetpack_memberships_contains_paywalled_content":false,"_jetpack_memberships_contains_paid_content":false,"footnotes":"","jetpack_publicize_message":"","jetpack_publicize_feature_enabled":true,"jetpack_social_post_already_shared":true,"jetpack_social_options":{"image_generator_settings":{"template":"highway","default_image_id":0,"font":"","enabled":false},"version":2}},"categories":[6],"tags":[],"class_list":["post-4068","post","type-post","status-publish","format-standard","has-post-thumbnail","hentry","category-turkiye-ligi"],"jetpack_publicize_connections":[],"jetpack_featured_media_url":"https:\/\/sarimelekler.biz\/wp-content\/uploads\/2017\/06\/de6p6321_56205_6413614.jpg","jetpack_sharing_enabled":true,"jetpack_shortlink":"https:\/\/wp.me\/p8npUZ-13C","jetpack-related-posts":[{"id":4092,"url":"https:\/\/sarimelekler.biz\/?p=4092","url_meta":{"origin":4068,"position":0},"title":"Son Transferimiz Mia Jerkov","author":"Edit\u00f6r","date":"14 Haziran 2017","format":false,"excerpt":"Fenerbah\u00e7e Bayan Voleybol Tak\u0131m\u0131m\u0131za bir oyuncu daha kat\u0131ld\u0131.\u00a0Resmi Sitemizden yap\u0131lan A\u00e7\u0131klamada sma\u00e7\u00f6r pozisyonunda oynayan Mia Jerkov ile\u00a0anla\u015fma sa\u011fland\u0131\u011f\u0131 a\u00e7\u0131kland\u0131.\u00a0Mia Jerkov'a Ba\u015far\u0131l\u0131 ve Bol Kupal\u0131 Bir Sezon Dileriz. Kul\u00fcb\u00fcm\u00fcze Hay\u0131rl\u0131 Olsun. Resmi Sitemizden Yap\u0131lan A\u00e7\u0131klama: Yeni sezon yap\u0131lanmas\u0131 kapsam\u0131nda Fenerbah\u00e7e Kad\u0131n Voleybol Tak\u0131m\u0131m\u0131z, ge\u00e7en sezon \u00c7anakkale Bld. Tak\u0131m\u0131nda forma giyen 5\u2026","rel":"","context":"&quot;T\u00fcrkiye Ligi&quot; i\u00e7inde","block_context":{"text":"T\u00fcrkiye Ligi","link":"https:\/\/sarimelekler.biz\/?cat=6"},"img":{"alt_text":"","src":"https:\/\/i0.wp.com\/sarimelekler.biz\/wp-content\/uploads\/2017\/06\/mia-org_56296_5006482.jpg?resize=350%2C200&ssl=1","width":350,"height":200,"srcset":"https:\/\/i0.wp.com\/sarimelekler.biz\/wp-content\/uploads\/2017\/06\/mia-org_56296_5006482.jpg?resize=350%2C200&ssl=1 1x, https:\/\/i0.wp.com\/sarimelekler.biz\/wp-content\/uploads\/2017\/06\/mia-org_56296_5006482.jpg?resize=525%2C300&ssl=1 1.5x"},"classes":[]},{"id":4071,"url":"https:\/\/sarimelekler.biz\/?p=4071","url_meta":{"origin":4068,"position":1},"title":"Ezgi Da\u011fdelenler: &#8220;Sezon boyunca elimden gelen her \u015feyi yapaca\u011f\u0131m&#8221;","author":"Edit\u00f6r","date":"6 Haziran 2017","format":false,"excerpt":"Kad\u0131n Voleybol Tak\u0131m\u0131m\u0131z\u0131n yeni sma\u00e7\u00f6r\u00fc Ezgi Da\u011fdelenler, transferine ili\u015fkin ilk a\u00e7\u0131klamalar\u0131 Fenerbah\u00e7e Spor Kul\u00fcb\u00fcm\u00fcz Resmi \u0130nternet Sitesine yapt\u0131. Fenerbah\u00e7e taraftar\u0131n\u0131n \u00f6n\u00fcnde oynayacak olmaktan dolay\u0131 heyecanl\u0131 oldu\u011funu belirten Ezgi, sezon boyunca elinden gelen her \u015feyi yapaca\u011f\u0131n\u0131 da s\u00f6zlerine ekledi. \u201c\u0130n\u015fallah sakatl\u0131ks\u0131z g\u00fczel bir sezon ge\u00e7iririz. Sezon boyunca elimden gelen her \u015feyi\u2026","rel":"","context":"&quot;T\u00fcrkiye Ligi&quot; i\u00e7inde","block_context":{"text":"T\u00fcrkiye Ligi","link":"https:\/\/sarimelekler.biz\/?cat=6"},"img":{"alt_text":"","src":"https:\/\/i0.wp.com\/sarimelekler.biz\/wp-content\/uploads\/2017\/06\/de6p6335_56205_6413796.jpg?resize=350%2C200&ssl=1","width":350,"height":200,"srcset":"https:\/\/i0.wp.com\/sarimelekler.biz\/wp-content\/uploads\/2017\/06\/de6p6335_56205_6413796.jpg?resize=350%2C200&ssl=1 1x, https:\/\/i0.wp.com\/sarimelekler.biz\/wp-content\/uploads\/2017\/06\/de6p6335_56205_6413796.jpg?resize=525%2C300&ssl=1 1.5x, https:\/\/i0.wp.com\/sarimelekler.biz\/wp-content\/uploads\/2017\/06\/de6p6335_56205_6413796.jpg?resize=700%2C400&ssl=1 2x, https:\/\/i0.wp.com\/sarimelekler.biz\/wp-content\/uploads\/2017\/06\/de6p6335_56205_6413796.jpg?resize=1050%2C600&ssl=1 3x, https:\/\/i0.wp.com\/sarimelekler.biz\/wp-content\/uploads\/2017\/06\/de6p6335_56205_6413796.jpg?resize=1400%2C800&ssl=1 4x"},"classes":[]},{"id":11294,"url":"https:\/\/sarimelekler.biz\/?p=11294","url_meta":{"origin":4068,"position":2},"title":"Kul\u00fcb\u00fcm\u00fcz Taraf\u0131ndan Tak\u0131m\u0131m\u0131zdan Ayr\u0131lan Oyuncular A\u00e7\u0131kland\u0131.","author":"Edit\u00f6r","date":"16 May\u0131s 2019","format":false,"excerpt":"Kul\u00fcb\u00fcm\u00fcz, Fenerbah\u00e7e Opet Kad\u0131n Voleybol tak\u0131m\u0131m\u0131zdan ayr\u0131lan oyuncular\u0131 resmi sitesi ve sosyal medya hesaplar\u0131ndan a\u00e7\u0131klayarak oyunculara veda etti. Yap\u0131lan A\u00e7\u0131klamada: Fenerbah\u00e7e Opet Kad\u0131n Voleybol Tak\u0131m\u0131m\u0131z yeni sezon yap\u0131lanmas\u0131nda; Merve Dalbeler, Polen \u00dcnver, Ana Antonijevic, Dobriana Rabadzhieva, Samantha Bricio Ramos, Ezgi Da\u011fdelenler ve Merve Tanyel ile yollar\u0131n\u0131 ay\u0131rm\u0131\u015ft\u0131r. Formam\u0131z\u0131 ba\u015far\u0131yla terleten\u2026","rel":"","context":"&quot;Transfer Haberleri&quot; i\u00e7inde","block_context":{"text":"Transfer Haberleri","link":"https:\/\/sarimelekler.biz\/?cat=23"},"img":{"alt_text":"","src":"https:\/\/i0.wp.com\/sarimelekler.biz\/wp-content\/uploads\/2019\/05\/Haber-Ba%C5%9Fl%C4%B1%C4%9F%C4%B1.jpg?resize=350%2C200&ssl=1","width":350,"height":200,"srcset":"https:\/\/i0.wp.com\/sarimelekler.biz\/wp-content\/uploads\/2019\/05\/Haber-Ba%C5%9Fl%C4%B1%C4%9F%C4%B1.jpg?resize=350%2C200&ssl=1 1x, https:\/\/i0.wp.com\/sarimelekler.biz\/wp-content\/uploads\/2019\/05\/Haber-Ba%C5%9Fl%C4%B1%C4%9F%C4%B1.jpg?resize=525%2C300&ssl=1 1.5x, https:\/\/i0.wp.com\/sarimelekler.biz\/wp-content\/uploads\/2019\/05\/Haber-Ba%C5%9Fl%C4%B1%C4%9F%C4%B1.jpg?resize=700%2C400&ssl=1 2x"},"classes":[]},{"id":4011,"url":"https:\/\/sarimelekler.biz\/?p=4011","url_meta":{"origin":4068,"position":3},"title":"Transfer G\u00fcndemi (Son G\u00fcncelleme 26.06.2017)","author":"Edit\u00f6r","date":"7 Haziran 2017","format":false,"excerpt":"2016-2017 Sezonu Vestel Ven\u00fcs Sultanlar Ligini \u015eampiyon olarak tak\u0131m\u0131m\u0131zda 2017-2017 sezonu transfer \u00e7al\u0131\u015fmalar\u0131 devam ediyor. \u00d6ncelikle tak\u0131m\u0131m\u0131zdan ayr\u0131lan oyuncular\u0131m\u0131za emekleri i\u00e7in te\u015fekk\u00fcr eder, spor hayatlar\u0131nda ba\u015far\u0131lar dileriz. Tak\u0131m\u0131m\u0131za yeni kat\u0131lan oyuncular\u0131m\u0131za sakatl\u0131ks\u0131z bol kupal\u0131 bir sezon dileriz. Marcello Abbondanza'n\u0131n ayr\u0131lmas\u0131ndan sonra antren\u00f6rl\u00fcge Bel\u00e7ika'l\u0131 Antren\u00f6r Jan De Brandt getirildi. (Resmi) Tak\u0131m\u0131m\u0131za\u2026","rel":"","context":"&quot;T\u00fcrkiye Ligi&quot; i\u00e7inde","block_context":{"text":"T\u00fcrkiye Ligi","link":"https:\/\/sarimelekler.biz\/?cat=6"},"img":{"alt_text":"","src":"https:\/\/i0.wp.com\/sarimelekler.biz\/wp-content\/uploads\/2017\/05\/mb20_55646_4714445.jpg?resize=350%2C200&ssl=1","width":350,"height":200,"srcset":"https:\/\/i0.wp.com\/sarimelekler.biz\/wp-content\/uploads\/2017\/05\/mb20_55646_4714445.jpg?resize=350%2C200&ssl=1 1x, https:\/\/i0.wp.com\/sarimelekler.biz\/wp-content\/uploads\/2017\/05\/mb20_55646_4714445.jpg?resize=525%2C300&ssl=1 1.5x, https:\/\/i0.wp.com\/sarimelekler.biz\/wp-content\/uploads\/2017\/05\/mb20_55646_4714445.jpg?resize=700%2C400&ssl=1 2x, https:\/\/i0.wp.com\/sarimelekler.biz\/wp-content\/uploads\/2017\/05\/mb20_55646_4714445.jpg?resize=1050%2C600&ssl=1 3x, https:\/\/i0.wp.com\/sarimelekler.biz\/wp-content\/uploads\/2017\/05\/mb20_55646_4714445.jpg?resize=1400%2C800&ssl=1 4x"},"classes":[]},{"id":4050,"url":"https:\/\/sarimelekler.biz\/?p=4050","url_meta":{"origin":4068,"position":4},"title":"Damla \u00c7ak\u0131ro\u011flu Fenerbah\u00e7e&#8217;de","author":"Edit\u00f6r","date":"4 Haziran 2017","format":false,"excerpt":"Bir s\u00fcredir g\u00fcndemimizde bulunan Sma\u00e7\u00f6r Damla \u00c7ak\u0131ro\u011flu\u00a0Fenerbah\u00e7e Bayan Voleybol Tak\u0131m\u0131m\u0131za transfer oldu. Damla \u00c7ak\u0131ro\u011flu'na\u00a0ba\u015far\u0131lar dileriz. Kul\u00fcb\u00fcm\u00fcz i\u00e7in Hay\u0131rl\u0131 Olsun. Resmi Sitemizden Yap\u0131lan A\u00e7\u0131klama: Yeni sezon yap\u0131lanmas\u0131 kapsam\u0131nda Fenerbah\u00e7e Kad\u0131n Voleybol Tak\u0131m\u0131m\u0131z, 22 Haziran 1994 do\u011fumlu, 1.81 cm boyundaki sma\u00e7\u00f6r Damla \u00c7ak\u0131ro\u011flu ile anla\u015fma sa\u011flam\u0131\u015ft\u0131r. Yeni Sar\u0131 Melek Damla \u00c7ak\u0131ro\u011flu\u2019na kul\u00fcb\u00fcm\u00fcze\u2026","rel":"","context":"&quot;T\u00fcrkiye Ligi&quot; i\u00e7inde","block_context":{"text":"T\u00fcrkiye Ligi","link":"https:\/\/sarimelekler.biz\/?cat=6"},"img":{"alt_text":"","src":"https:\/\/i0.wp.com\/sarimelekler.biz\/wp-content\/uploads\/2017\/06\/damlaa_56179_6955028.jpg?resize=350%2C200&ssl=1","width":350,"height":200,"srcset":"https:\/\/i0.wp.com\/sarimelekler.biz\/wp-content\/uploads\/2017\/06\/damlaa_56179_6955028.jpg?resize=350%2C200&ssl=1 1x, https:\/\/i0.wp.com\/sarimelekler.biz\/wp-content\/uploads\/2017\/06\/damlaa_56179_6955028.jpg?resize=525%2C300&ssl=1 1.5x"},"classes":[]},{"id":6370,"url":"https:\/\/sarimelekler.biz\/?p=6370","url_meta":{"origin":4068,"position":5},"title":"Transfer G\u00fcndemi (Son G\u00fcncelleme 17.06.2018)","author":"Edit\u00f6r","date":"17 Haziran 2018","format":false,"excerpt":"2017-2018 Sezonu Vestel Ven\u00fcs Sultanlar Ligini 3. olarak tak\u0131m\u0131m\u0131zda 2018-2019 sezonu transfer \u00e7al\u0131\u015fmalar\u0131 devam ediyor. \u00d6ncelikle tak\u0131m\u0131m\u0131zdan ayr\u0131lan oyuncular\u0131m\u0131za emekleri i\u00e7in te\u015fekk\u00fcr eder, spor hayatlar\u0131nda ba\u015far\u0131lar dileriz. Tak\u0131m\u0131m\u0131za yeni kat\u0131lan oyuncular\u0131m\u0131za sakatl\u0131ks\u0131z bol kupal\u0131 bir sezon dileriz. Mevcut Kadromuzda devam eden oyuncular: Melis Y\u0131lmaz, Merve Dalbeler, Ezgi Da\u011fdelenler, Beliz Ba\u015fk\u0131r,\u2026","rel":"","context":"&quot;Haberler&quot; i\u00e7inde","block_context":{"text":"Haberler","link":"https:\/\/sarimelekler.biz\/?cat=7"},"img":{"alt_text":"","src":"https:\/\/i0.wp.com\/sarimelekler.biz\/wp-content\/uploads\/2018\/04\/de6p8367_59960_6844336.jpg?resize=350%2C200&ssl=1","width":350,"height":200,"srcset":"https:\/\/i0.wp.com\/sarimelekler.biz\/wp-content\/uploads\/2018\/04\/de6p8367_59960_6844336.jpg?resize=350%2C200&ssl=1 1x, https:\/\/i0.wp.com\/sarimelekler.biz\/wp-content\/uploads\/2018\/04\/de6p8367_59960_6844336.jpg?resize=525%2C300&ssl=1 1.5x, https:\/\/i0.wp.com\/sarimelekler.biz\/wp-content\/uploads\/2018\/04\/de6p8367_59960_6844336.jpg?resize=700%2C400&ssl=1 2x, https:\/\/i0.wp.com\/sarimelekler.biz\/wp-content\/uploads\/2018\/04\/de6p8367_59960_6844336.jpg?resize=1050%2C600&ssl=1 3x, https:\/\/i0.wp.com\/sarimelekler.biz\/wp-content\/uploads\/2018\/04\/de6p8367_59960_6844336.jpg?resize=1400%2C800&ssl=1 4x"},"classes":[]}],"_links":{"self":[{"href":"https:\/\/sarimelekler.biz\/index.php?rest_route=\/wp\/v2\/posts\/4068","targetHints":{"allow":["GET"]}}],"collection":[{"href":"https:\/\/sarimelekler.biz\/index.php?rest_route=\/wp\/v2\/posts"}],"about":[{"href":"https:\/\/sarimelekler.biz\/index.php?rest_route=\/wp\/v2\/types\/post"}],"author":[{"embeddable":true,"href":"https:\/\/sarimelekler.biz\/index.php?rest_route=\/wp\/v2\/users\/1"}],"replies":[{"embeddable":true,"href":"https:\/\/sarimelekler.biz\/index.php?rest_route=%2Fwp%2Fv2%2Fcomments&post=4068"}],"version-history":[{"count":3,"href":"https:\/\/sarimelekler.biz\/index.php?rest_route=\/wp\/v2\/posts\/4068\/revisions"}],"predecessor-version":[{"id":4096,"href":"https:\/\/sarimelekler.biz\/index.php?rest_route=\/wp\/v2\/posts\/4068\/revisions\/4096"}],"wp:featuredmedia":[{"embeddable":true,"href":"https:\/\/sarimelekler.biz\/index.php?rest_route=\/wp\/v2\/media\/4069"}],"wp:attachment":[{"href":"https:\/\/sarimelekler.biz\/index.php?rest_route=%2Fwp%2Fv2%2Fmedia&parent=4068"}],"wp:term":[{"taxonomy":"category","embeddable":true,"href":"https:\/\/sarimelekler.biz\/index.php?rest_route=%2Fwp%2Fv2%2Fcategories&post=4068"},{"taxonomy":"post_tag","embeddable":true,"href":"https:\/\/sarimelekler.biz\/index.php?rest_route=%2Fwp%2Fv2%2Ftags&post=4068"}],"curies":[{"name":"wp","href":"https:\/\/api.w.org\/{rel}","templated":true}]}}