{"id":4071,"date":"2017-06-06T22:33:39","date_gmt":"2017-06-06T19:33:39","guid":{"rendered":"http:\/\/sarimelekler.biz\/?p=4071"},"modified":"2017-11-18T16:51:52","modified_gmt":"2017-11-18T14:51:52","slug":"ezgi-dagdelenler-sezon-boyunca-elimden-gelen-her-seyi-yapacagim","status":"publish","type":"post","link":"https:\/\/sarimelekler.biz\/?p=4071","title":{"rendered":"Ezgi Da\u011fdelenler: &#8220;Sezon boyunca elimden gelen her \u015feyi yapaca\u011f\u0131m&#8221;"},"content":{"rendered":"<p style=\"text-align: justify;\">Kad\u0131n Voleybol Tak\u0131m\u0131m\u0131z\u0131n yeni sma\u00e7\u00f6r\u00fc Ezgi Da\u011fdelenler, transferine ili\u015fkin ilk a\u00e7\u0131klamalar\u0131 Fenerbah\u00e7e Spor Kul\u00fcb\u00fcm\u00fcz Resmi \u0130nternet Sitesine yapt\u0131.<\/p>\n<p style=\"text-align: justify;\">Fenerbah\u00e7e taraftar\u0131n\u0131n \u00f6n\u00fcnde oynayacak olmaktan dolay\u0131 heyecanl\u0131 oldu\u011funu belirten Ezgi, sezon boyunca elinden gelen her \u015feyi yapaca\u011f\u0131n\u0131 da s\u00f6zlerine ekledi.<\/p>\n<p style=\"text-align: justify;\">\u201c\u0130n\u015fallah sakatl\u0131ks\u0131z g\u00fczel bir sezon ge\u00e7iririz. Sezon boyunca elimden gelen her \u015feyi yapaca\u011f\u0131m\u201d ifadeleriyle s\u00f6zlerine ba\u015flayan Ezgi Da\u011fdelenler, \u201cB\u00fcy\u00fck Fenerbah\u00e7e taraftar\u0131n\u0131n deste\u011fini alarak oynayacak olmak \u00e7ok heyecan verici\u201d dedi.<\/p>\n<p style=\"text-align: justify;\">Tak\u0131m\u0131m\u0131z\u0131n yeni transferlerini milli tak\u0131mdan tan\u0131d\u0131\u011f\u0131n\u0131 da ifade eden Ezgi, \u201cYeni transferlerden \u00c7a\u011fla ve Damla\u2019y\u0131 milli tak\u0131mdan tan\u0131yorum. Eda ablayla hen\u00fcz tan\u0131\u015fma f\u0131rsat\u0131m olmad\u0131 ama onunla oynayaca\u011f\u0131m i\u00e7in de \u00e7ok heyecanl\u0131y\u0131m\u201d diyerek s\u00f6zlerini tamamlad\u0131.<\/p>\n\n\t\t<style type=\"text\/css\">\n\t\t\t#gallery-1 {\n\t\t\t\tmargin: auto;\n\t\t\t}\n\t\t\t#gallery-1 .gallery-item {\n\t\t\t\tfloat: left;\n\t\t\t\tmargin-top: 10px;\n\t\t\t\ttext-align: center;\n\t\t\t\twidth: 33%;\n\t\t\t}\n\t\t\t#gallery-1 img {\n\t\t\t\tborder: 2px solid #cfcfcf;\n\t\t\t}\n\t\t\t#gallery-1 .gallery-caption {\n\t\t\t\tmargin-left: 0;\n\t\t\t}\n\t\t\t\/* see gallery_shortcode() in wp-includes\/media.php *\/\n\t\t<\/style>\n\t\t<div data-carousel-extra='{&quot;blog_id&quot;:1,&quot;permalink&quot;:&quot;https:\/\/sarimelekler.biz\/?p=4071&quot;}' id='gallery-1' class='gallery galleryid-4071 gallery-columns-3 gallery-size-thumbnail'><dl class='gallery-item'>\n\t\t\t<dt class='gallery-icon landscape'>\n\t\t\t\t<a href='https:\/\/sarimelekler.biz\/?attachment_id=4072'><img loading=\"lazy\" decoding=\"async\" width=\"150\" height=\"150\" src=\"https:\/\/sarimelekler.biz\/wp-content\/uploads\/2017\/06\/de6p5822_56205_6413346-150x150.jpg\" class=\"attachment-thumbnail size-thumbnail\" alt=\"\" data-attachment-id=\"4072\" data-permalink=\"https:\/\/sarimelekler.biz\/?attachment_id=4072\" data-orig-file=\"https:\/\/sarimelekler.biz\/wp-content\/uploads\/2017\/06\/de6p5822_56205_6413346.jpg\" data-orig-size=\"2500,2082\" data-comments-opened=\"0\" data-image-meta=\"{&quot;aperture&quot;:&quot;3.2&quot;,&quot;credit&quot;:&quot;&quot;,&quot;camera&quot;:&quot;Canon EOS-1D X&quot;,&quot;caption&quot;:&quot;&quot;,&quot;created_timestamp&quot;:&quot;1496756107&quot;,&quot;copyright&quot;:&quot;&quot;,&quot;focal_length&quot;:&quot;16&quot;,&quot;iso&quot;:&quot;640&quot;,&quot;shutter_speed&quot;:&quot;0.004&quot;,&quot;title&quot;:&quot;&quot;,&quot;orientation&quot;:&quot;1&quot;}\" data-image-title=\"de6p5822_56205_6413346\" data-image-description=\"\" data-image-caption=\"\" data-large-file=\"https:\/\/sarimelekler.biz\/wp-content\/uploads\/2017\/06\/de6p5822_56205_6413346-1024x853.jpg\" \/><\/a>\n\t\t\t<\/dt><\/dl><dl class='gallery-item'>\n\t\t\t<dt class='gallery-icon landscape'>\n\t\t\t\t<a href='https:\/\/sarimelekler.biz\/?attachment_id=4073'><img loading=\"lazy\" decoding=\"async\" width=\"150\" height=\"150\" src=\"https:\/\/sarimelekler.biz\/wp-content\/uploads\/2017\/06\/de6p6310_56205_64135-150x150.jpg\" class=\"attachment-thumbnail size-thumbnail\" alt=\"\" data-attachment-id=\"4073\" data-permalink=\"https:\/\/sarimelekler.biz\/?attachment_id=4073\" data-orig-file=\"https:\/\/sarimelekler.biz\/wp-content\/uploads\/2017\/06\/de6p6310_56205_64135.jpg\" data-orig-size=\"2500,1667\" data-comments-opened=\"0\" data-image-meta=\"{&quot;aperture&quot;:&quot;3.2&quot;,&quot;credit&quot;:&quot;&quot;,&quot;camera&quot;:&quot;Canon EOS-1D X&quot;,&quot;caption&quot;:&quot;&quot;,&quot;created_timestamp&quot;:&quot;1496755610&quot;,&quot;copyright&quot;:&quot;&quot;,&quot;focal_length&quot;:&quot;16&quot;,&quot;iso&quot;:&quot;640&quot;,&quot;shutter_speed&quot;:&quot;0.004&quot;,&quot;title&quot;:&quot;&quot;,&quot;orientation&quot;:&quot;1&quot;}\" data-image-title=\"de6p6310_56205_64135\" data-image-description=\"\" data-image-caption=\"\" data-large-file=\"https:\/\/sarimelekler.biz\/wp-content\/uploads\/2017\/06\/de6p6310_56205_64135-1024x683.jpg\" \/><\/a>\n\t\t\t<\/dt><\/dl><dl class='gallery-item'>\n\t\t\t<dt class='gallery-icon landscape'>\n\t\t\t\t<a href='https:\/\/sarimelekler.biz\/?attachment_id=4074'><img loading=\"lazy\" decoding=\"async\" width=\"150\" height=\"150\" src=\"https:\/\/sarimelekler.biz\/wp-content\/uploads\/2017\/06\/de6p6335_56205_6413796-150x150.jpg\" class=\"attachment-thumbnail size-thumbnail\" alt=\"\" data-attachment-id=\"4074\" data-permalink=\"https:\/\/sarimelekler.biz\/?attachment_id=4074\" data-orig-file=\"https:\/\/sarimelekler.biz\/wp-content\/uploads\/2017\/06\/de6p6335_56205_6413796.jpg\" data-orig-size=\"2500,1602\" data-comments-opened=\"0\" data-image-meta=\"{&quot;aperture&quot;:&quot;3.2&quot;,&quot;credit&quot;:&quot;&quot;,&quot;camera&quot;:&quot;Canon EOS-1D X&quot;,&quot;caption&quot;:&quot;&quot;,&quot;created_timestamp&quot;:&quot;1496755851&quot;,&quot;copyright&quot;:&quot;&quot;,&quot;focal_length&quot;:&quot;16&quot;,&quot;iso&quot;:&quot;640&quot;,&quot;shutter_speed&quot;:&quot;0.004&quot;,&quot;title&quot;:&quot;&quot;,&quot;orientation&quot;:&quot;1&quot;}\" data-image-title=\"de6p6335_56205_6413796\" data-image-description=\"\" data-image-caption=\"\" data-large-file=\"https:\/\/sarimelekler.biz\/wp-content\/uploads\/2017\/06\/de6p6335_56205_6413796-1024x656.jpg\" \/><\/a>\n\t\t\t<\/dt><\/dl><br style=\"clear: both\" \/><dl class='gallery-item'>\n\t\t\t<dt class='gallery-icon landscape'>\n\t\t\t\t<a href='https:\/\/sarimelekler.biz\/?attachment_id=4075'><img loading=\"lazy\" decoding=\"async\" width=\"150\" height=\"150\" src=\"https:\/\/sarimelekler.biz\/wp-content\/uploads\/2017\/06\/de6p6341_56205_6413901-150x150.jpg\" class=\"attachment-thumbnail size-thumbnail\" alt=\"\" data-attachment-id=\"4075\" data-permalink=\"https:\/\/sarimelekler.biz\/?attachment_id=4075\" data-orig-file=\"https:\/\/sarimelekler.biz\/wp-content\/uploads\/2017\/06\/de6p6341_56205_6413901.jpg\" data-orig-size=\"2500,2352\" data-comments-opened=\"0\" data-image-meta=\"{&quot;aperture&quot;:&quot;3.2&quot;,&quot;credit&quot;:&quot;&quot;,&quot;camera&quot;:&quot;Canon EOS-1D X&quot;,&quot;caption&quot;:&quot;&quot;,&quot;created_timestamp&quot;:&quot;1496755892&quot;,&quot;copyright&quot;:&quot;&quot;,&quot;focal_length&quot;:&quot;16&quot;,&quot;iso&quot;:&quot;640&quot;,&quot;shutter_speed&quot;:&quot;0.004&quot;,&quot;title&quot;:&quot;&quot;,&quot;orientation&quot;:&quot;1&quot;}\" data-image-title=\"de6p6341_56205_6413901\" data-image-description=\"\" data-image-caption=\"\" data-large-file=\"https:\/\/sarimelekler.biz\/wp-content\/uploads\/2017\/06\/de6p6341_56205_6413901-1024x963.jpg\" \/><\/a>\n\t\t\t<\/dt><\/dl><dl class='gallery-item'>\n\t\t\t<dt class='gallery-icon landscape'>\n\t\t\t\t<a href='https:\/\/sarimelekler.biz\/?attachment_id=4076'><img loading=\"lazy\" decoding=\"async\" width=\"150\" height=\"150\" src=\"https:\/\/sarimelekler.biz\/wp-content\/uploads\/2017\/06\/de6p6352_56205_6413996-150x150.jpg\" class=\"attachment-thumbnail size-thumbnail\" alt=\"\" data-attachment-id=\"4076\" data-permalink=\"https:\/\/sarimelekler.biz\/?attachment_id=4076\" data-orig-file=\"https:\/\/sarimelekler.biz\/wp-content\/uploads\/2017\/06\/de6p6352_56205_6413996.jpg\" data-orig-size=\"2500,1881\" data-comments-opened=\"0\" data-image-meta=\"{&quot;aperture&quot;:&quot;3.2&quot;,&quot;credit&quot;:&quot;&quot;,&quot;camera&quot;:&quot;Canon EOS-1D X&quot;,&quot;caption&quot;:&quot;&quot;,&quot;created_timestamp&quot;:&quot;1496756026&quot;,&quot;copyright&quot;:&quot;&quot;,&quot;focal_length&quot;:&quot;17&quot;,&quot;iso&quot;:&quot;640&quot;,&quot;shutter_speed&quot;:&quot;0.004&quot;,&quot;title&quot;:&quot;&quot;,&quot;orientation&quot;:&quot;1&quot;}\" data-image-title=\"de6p6352_56205_6413996\" data-image-description=\"\" data-image-caption=\"\" data-large-file=\"https:\/\/sarimelekler.biz\/wp-content\/uploads\/2017\/06\/de6p6352_56205_6413996-1024x770.jpg\" \/><\/a>\n\t\t\t<\/dt><\/dl><dl class='gallery-item'>\n\t\t\t<dt class='gallery-icon landscape'>\n\t\t\t\t<a href='https:\/\/sarimelekler.biz\/?attachment_id=4069'><img loading=\"lazy\" decoding=\"async\" width=\"150\" height=\"150\" src=\"https:\/\/sarimelekler.biz\/wp-content\/uploads\/2017\/06\/de6p6321_56205_6413614-150x150.jpg\" class=\"attachment-thumbnail size-thumbnail\" alt=\"\" data-attachment-id=\"4069\" data-permalink=\"https:\/\/sarimelekler.biz\/?attachment_id=4069\" data-orig-file=\"https:\/\/sarimelekler.biz\/wp-content\/uploads\/2017\/06\/de6p6321_56205_6413614.jpg\" data-orig-size=\"5184,3456\" data-comments-opened=\"0\" data-image-meta=\"{&quot;aperture&quot;:&quot;3.2&quot;,&quot;credit&quot;:&quot;&quot;,&quot;camera&quot;:&quot;Canon EOS-1D X&quot;,&quot;caption&quot;:&quot;&quot;,&quot;created_timestamp&quot;:&quot;1496755632&quot;,&quot;copyright&quot;:&quot;&quot;,&quot;focal_length&quot;:&quot;21&quot;,&quot;iso&quot;:&quot;640&quot;,&quot;shutter_speed&quot;:&quot;0.004&quot;,&quot;title&quot;:&quot;&quot;,&quot;orientation&quot;:&quot;1&quot;}\" data-image-title=\"de6p6321_56205_6413614\" data-image-description=\"\" data-image-caption=\"\" data-large-file=\"https:\/\/sarimelekler.biz\/wp-content\/uploads\/2017\/06\/de6p6321_56205_6413614-1024x683.jpg\" \/><\/a>\n\t\t\t<\/dt><\/dl><br style=\"clear: both\" \/>\n\t\t<\/div>\n\n<p>&nbsp;<\/p>\n<p>Kaynak: <a href=\"http:\/\/www.fenerbahce.org\/detay.asp?ContentID=56205\" target=\"_blank\" rel=\"noopener noreferrer\">Fenerbah\u00e7e SK Resmi \u0130nternet Sitesi<\/a><\/p>\n","protected":false},"excerpt":{"rendered":"<p>Kad\u0131n Voleybol Tak\u0131m\u0131m\u0131z\u0131n yeni sma\u00e7\u00f6r\u00fc Ezgi Da\u011fdelenler, transferine ili\u015fkin ilk \u2026 <a class=\"continue-reading-link\" href=\"https:\/\/sarimelekler.biz\/?p=4071\">Okumaya Devam Et.. <span class=\"meta-nav\">&rarr; <\/span><\/a><\/p>\n","protected":false},"author":1,"featured_media":4074,"comment_status":"closed","ping_status":"open","sticky":false,"template":"","format":"standard","meta":{"jetpack_post_was_ever_published":false,"_jetpack_newsletter_access":"","_jetpack_dont_email_post_to_subs":false,"_jetpack_newsletter_tier_id":0,"_jetpack_memberships_contains_paywalled_content":false,"_jetpack_memberships_contains_paid_content":false,"footnotes":"","jetpack_publicize_message":"","jetpack_publicize_feature_enabled":true,"jetpack_social_post_already_shared":true,"jetpack_social_options":{"image_generator_settings":{"template":"highway","default_image_id":0,"font":"","enabled":false},"version":2}},"categories":[6],"tags":[],"class_list":["post-4071","post","type-post","status-publish","format-standard","has-post-thumbnail","hentry","category-turkiye-ligi"],"jetpack_publicize_connections":[],"jetpack_featured_media_url":"https:\/\/sarimelekler.biz\/wp-content\/uploads\/2017\/06\/de6p6335_56205_6413796.jpg","jetpack_sharing_enabled":true,"jetpack_shortlink":"https:\/\/wp.me\/p8npUZ-13F","jetpack-related-posts":[{"id":4068,"url":"https:\/\/sarimelekler.biz\/?p=4068","url_meta":{"origin":4071,"position":0},"title":"Ho\u015fgeldin Ezgi Da\u011fdelenler","author":"Edit\u00f6r","date":"6 Haziran 2017","format":false,"excerpt":"Fenerbah\u00e7e Bayan Voleybol Tak\u0131m\u0131za bir oyuncu takviyesi daha yap\u0131ld\u0131. Resmi Sitemizden yap\u0131lan A\u00e7\u0131klamada sma\u00e7\u00f6r pozisyonunda oynayan Ezgi Da\u011fdelenler'le anla\u015fma sa\u011fland\u0131\u011f\u0131 a\u00e7\u0131kland\u0131. Ezgi Da\u011fdelenler'e Ba\u015far\u0131l\u0131 ve Bol Kupal\u0131 Bir Sezon Dileriz. Resmi Sitemizden Yap\u0131lan A\u00e7\u0131klama: Yeni sezon yap\u0131lanmas\u0131 kapsam\u0131nda Fenerbah\u00e7e Kad\u0131n Voleybol Tak\u0131m\u0131m\u0131z,\u00a0 \u0130lbank Tak\u0131m\u0131nda sma\u00e7\u00f6r olarak oynayan 3 Kas\u0131m 1993\u00a0\u2026","rel":"","context":"&quot;T\u00fcrkiye Ligi&quot; i\u00e7inde","block_context":{"text":"T\u00fcrkiye Ligi","link":"https:\/\/sarimelekler.biz\/?cat=6"},"img":{"alt_text":"","src":"https:\/\/i0.wp.com\/sarimelekler.biz\/wp-content\/uploads\/2017\/06\/de6p6321_56205_6413614.jpg?resize=350%2C200&ssl=1","width":350,"height":200,"srcset":"https:\/\/i0.wp.com\/sarimelekler.biz\/wp-content\/uploads\/2017\/06\/de6p6321_56205_6413614.jpg?resize=350%2C200&ssl=1 1x, https:\/\/i0.wp.com\/sarimelekler.biz\/wp-content\/uploads\/2017\/06\/de6p6321_56205_6413614.jpg?resize=525%2C300&ssl=1 1.5x, https:\/\/i0.wp.com\/sarimelekler.biz\/wp-content\/uploads\/2017\/06\/de6p6321_56205_6413614.jpg?resize=700%2C400&ssl=1 2x, https:\/\/i0.wp.com\/sarimelekler.biz\/wp-content\/uploads\/2017\/06\/de6p6321_56205_6413614.jpg?resize=1050%2C600&ssl=1 3x, https:\/\/i0.wp.com\/sarimelekler.biz\/wp-content\/uploads\/2017\/06\/de6p6321_56205_6413614.jpg?resize=1400%2C800&ssl=1 4x"},"classes":[]},{"id":4183,"url":"https:\/\/sarimelekler.biz\/?p=4183","url_meta":{"origin":4071,"position":1},"title":"Fenerbah\u00e7e Bayan Voleybol Tak\u0131m\u0131m\u0131z Sezonu A\u00e7t\u0131","author":"Edit\u00f6r","date":"22 A\u011fustos 2017","format":false,"excerpt":"Fenerbah\u00e7e Bayan Voleybol Tak\u0131m\u0131m\u0131z, 2017-2018 sezonunu 21.08.2017 g\u00fcn\u00fc ak\u015fam saatlerinde yapt\u0131\u011f\u0131 antrenmanla a\u00e7t\u0131. Tak\u0131m\u0131m\u0131z\u0131n yeni antren\u00f6r\u00fc Bel\u00e7ikal\u0131 Jan de Brant y\u00f6netiminde Derea\u011fz\u0131 Lefter K\u00fc\u00e7\u00fckandonyadis Tesislerinde yap\u0131lan \u00e7al\u0131\u015fma saat 19.00'da ba\u015flad\u0131 ve 1 saat 30 dakika s\u00fcrd\u00fc. Milli oyunculardan yoksun ger\u00e7ekle\u015ftirilen \u00e7al\u0131\u015fmada yeni transferlerimiz Ezgi Da\u011fdelenler, Damla \u00c7ak\u0131ro\u011flu ve Beliz Ba\u015fk\u0131r\u2019\u0131n\u2026","rel":"","context":"&quot;T\u00fcrkiye Ligi&quot; i\u00e7inde","block_context":{"text":"T\u00fcrkiye Ligi","link":"https:\/\/sarimelekler.biz\/?cat=6"},"img":{"alt_text":"","src":"https:\/\/i0.wp.com\/sarimelekler.biz\/wp-content\/uploads\/2017\/08\/de9p3090_57023_7465156.jpg?resize=350%2C200&ssl=1","width":350,"height":200,"srcset":"https:\/\/i0.wp.com\/sarimelekler.biz\/wp-content\/uploads\/2017\/08\/de9p3090_57023_7465156.jpg?resize=350%2C200&ssl=1 1x, https:\/\/i0.wp.com\/sarimelekler.biz\/wp-content\/uploads\/2017\/08\/de9p3090_57023_7465156.jpg?resize=525%2C300&ssl=1 1.5x, https:\/\/i0.wp.com\/sarimelekler.biz\/wp-content\/uploads\/2017\/08\/de9p3090_57023_7465156.jpg?resize=700%2C400&ssl=1 2x, https:\/\/i0.wp.com\/sarimelekler.biz\/wp-content\/uploads\/2017\/08\/de9p3090_57023_7465156.jpg?resize=1050%2C600&ssl=1 3x, https:\/\/i0.wp.com\/sarimelekler.biz\/wp-content\/uploads\/2017\/08\/de9p3090_57023_7465156.jpg?resize=1400%2C800&ssl=1 4x"},"classes":[]},{"id":11294,"url":"https:\/\/sarimelekler.biz\/?p=11294","url_meta":{"origin":4071,"position":2},"title":"Kul\u00fcb\u00fcm\u00fcz Taraf\u0131ndan Tak\u0131m\u0131m\u0131zdan Ayr\u0131lan Oyuncular A\u00e7\u0131kland\u0131.","author":"Edit\u00f6r","date":"16 May\u0131s 2019","format":false,"excerpt":"Kul\u00fcb\u00fcm\u00fcz, Fenerbah\u00e7e Opet Kad\u0131n Voleybol tak\u0131m\u0131m\u0131zdan ayr\u0131lan oyuncular\u0131 resmi sitesi ve sosyal medya hesaplar\u0131ndan a\u00e7\u0131klayarak oyunculara veda etti. Yap\u0131lan A\u00e7\u0131klamada: Fenerbah\u00e7e Opet Kad\u0131n Voleybol Tak\u0131m\u0131m\u0131z yeni sezon yap\u0131lanmas\u0131nda; Merve Dalbeler, Polen \u00dcnver, Ana Antonijevic, Dobriana Rabadzhieva, Samantha Bricio Ramos, Ezgi Da\u011fdelenler ve Merve Tanyel ile yollar\u0131n\u0131 ay\u0131rm\u0131\u015ft\u0131r. Formam\u0131z\u0131 ba\u015far\u0131yla terleten\u2026","rel":"","context":"&quot;Transfer Haberleri&quot; i\u00e7inde","block_context":{"text":"Transfer Haberleri","link":"https:\/\/sarimelekler.biz\/?cat=23"},"img":{"alt_text":"","src":"https:\/\/i0.wp.com\/sarimelekler.biz\/wp-content\/uploads\/2019\/05\/Haber-Ba%C5%9Fl%C4%B1%C4%9F%C4%B1.jpg?resize=350%2C200&ssl=1","width":350,"height":200,"srcset":"https:\/\/i0.wp.com\/sarimelekler.biz\/wp-content\/uploads\/2019\/05\/Haber-Ba%C5%9Fl%C4%B1%C4%9F%C4%B1.jpg?resize=350%2C200&ssl=1 1x, https:\/\/i0.wp.com\/sarimelekler.biz\/wp-content\/uploads\/2019\/05\/Haber-Ba%C5%9Fl%C4%B1%C4%9F%C4%B1.jpg?resize=525%2C300&ssl=1 1.5x, https:\/\/i0.wp.com\/sarimelekler.biz\/wp-content\/uploads\/2019\/05\/Haber-Ba%C5%9Fl%C4%B1%C4%9F%C4%B1.jpg?resize=700%2C400&ssl=1 2x"},"classes":[]},{"id":4058,"url":"https:\/\/sarimelekler.biz\/?p=4058","url_meta":{"origin":4071,"position":3},"title":"\u00c7a\u011fla Ak\u0131n: &#8220;Mutlu ve Gururluyum&#8221;","author":"Edit\u00f6r","date":"4 Haziran 2017","format":false,"excerpt":"Fenerbah\u00e7e Kad\u0131n Voleybol Tak\u0131m\u0131m\u0131z\u0131n yeni transferlerinden \u00c7a\u011fla Ak\u0131n, ilk a\u00e7\u0131klamalar\u0131n\u0131 Fenerbah\u00e7e Spor Kul\u00fcb\u00fc Resmi Sitesine yapt\u0131. Fenerbah\u00e7e camias\u0131na kat\u0131lmaktan dolay\u0131 \u00e7ok mutlu ve gururlu oldu\u011funu s\u00f6yleyen 22 ya\u015f\u0131ndaki pas\u00f6r, taraftarlar i\u00e7inse; \u201cB\u00fcy\u00fck Fenerbah\u00e7e taraftar\u0131n\u0131n deste\u011fiyle oynayacak olmak \u00e7ok heyecan verici\u201d dedi. \u00c7ubuklu formay\u0131 giyen milli oyuncu, \u201cFenerbah\u00e7e camias\u0131na kat\u0131ld\u0131\u011f\u0131m i\u00e7in\u2026","rel":"","context":"&quot;T\u00fcrkiye Ligi&quot; i\u00e7inde","block_context":{"text":"T\u00fcrkiye Ligi","link":"https:\/\/sarimelekler.biz\/?cat=6"},"img":{"alt_text":"","src":"https:\/\/i0.wp.com\/sarimelekler.biz\/wp-content\/uploads\/2017\/06\/caglabasin_56173_5013334.jpg?resize=350%2C200&ssl=1","width":350,"height":200,"srcset":"https:\/\/i0.wp.com\/sarimelekler.biz\/wp-content\/uploads\/2017\/06\/caglabasin_56173_5013334.jpg?resize=350%2C200&ssl=1 1x, https:\/\/i0.wp.com\/sarimelekler.biz\/wp-content\/uploads\/2017\/06\/caglabasin_56173_5013334.jpg?resize=525%2C300&ssl=1 1.5x, https:\/\/i0.wp.com\/sarimelekler.biz\/wp-content\/uploads\/2017\/06\/caglabasin_56173_5013334.jpg?resize=700%2C400&ssl=1 2x, https:\/\/i0.wp.com\/sarimelekler.biz\/wp-content\/uploads\/2017\/06\/caglabasin_56173_5013334.jpg?resize=1050%2C600&ssl=1 3x, https:\/\/i0.wp.com\/sarimelekler.biz\/wp-content\/uploads\/2017\/06\/caglabasin_56173_5013334.jpg?resize=1400%2C800&ssl=1 4x"},"classes":[]},{"id":6527,"url":"https:\/\/sarimelekler.biz\/?p=6527","url_meta":{"origin":4071,"position":4},"title":"Fatma Y\u0131ld\u0131r\u0131m: &#8220;\u00d6nemli hedefleri olan bir camian\u0131n par\u00e7as\u0131 olmak gurur verici&#8221;","author":"Edit\u00f6r","date":"4 Temmuz 2018","format":false,"excerpt":"Fenerbah\u00e7e Bayan Voleybol Tak\u0131m\u0131m\u0131z\u0131n yeni transferi Fatma Y\u0131ld\u0131r\u0131m, Fenerbah\u00e7e Spor Kul\u00fcb\u00fcm\u00fcz\u00fcn Resmi \u0130nternet Sitesine a\u00e7\u0131klamalarda bulundu. Fenerbah\u00e7e gibi b\u00fcy\u00fck hedefleri olan, b\u00fcy\u00fck bir camian\u0131n par\u00e7as\u0131 olmaktan dolay\u0131 duydu\u011fu gururu dile getiren Fatma Y\u0131ld\u0131r\u0131m; tak\u0131m\u0131m\u0131z\u0131n bu sezon t\u00fcm kupalara talip oldu\u011funu da s\u00f6yledi. \u00d6nemli hedefleri olan bir camiaya geldi\u011fi i\u00e7in mutlu\u2026","rel":"","context":"&quot;Resmi Site R\u00f6portajlar\u0131&quot; i\u00e7inde","block_context":{"text":"Resmi Site R\u00f6portajlar\u0131","link":"https:\/\/sarimelekler.biz\/?cat=17"},"img":{"alt_text":"","src":"https:\/\/i0.wp.com\/sarimelekler.biz\/wp-content\/uploads\/2018\/07\/Fatma-Y%C4%B1ld%C4%B1r%C4%B1m-3.jpg?resize=350%2C200&ssl=1","width":350,"height":200,"srcset":"https:\/\/i0.wp.com\/sarimelekler.biz\/wp-content\/uploads\/2018\/07\/Fatma-Y%C4%B1ld%C4%B1r%C4%B1m-3.jpg?resize=350%2C200&ssl=1 1x, https:\/\/i0.wp.com\/sarimelekler.biz\/wp-content\/uploads\/2018\/07\/Fatma-Y%C4%B1ld%C4%B1r%C4%B1m-3.jpg?resize=525%2C300&ssl=1 1.5x, https:\/\/i0.wp.com\/sarimelekler.biz\/wp-content\/uploads\/2018\/07\/Fatma-Y%C4%B1ld%C4%B1r%C4%B1m-3.jpg?resize=700%2C400&ssl=1 2x, https:\/\/i0.wp.com\/sarimelekler.biz\/wp-content\/uploads\/2018\/07\/Fatma-Y%C4%B1ld%C4%B1r%C4%B1m-3.jpg?resize=1050%2C600&ssl=1 3x, https:\/\/i0.wp.com\/sarimelekler.biz\/wp-content\/uploads\/2018\/07\/Fatma-Y%C4%B1ld%C4%B1r%C4%B1m-3.jpg?resize=1400%2C800&ssl=1 4x"},"classes":[]},{"id":6825,"url":"https:\/\/sarimelekler.biz\/?p=6825","url_meta":{"origin":4071,"position":5},"title":"Ana Antonijevic: \u00c7ok b\u00fcy\u00fck bir kul\u00fcpteyim","author":"Edit\u00f6r","date":"17 Eyl\u00fcl 2018","format":false,"excerpt":"Fenerbah\u00e7e Kad\u0131n Voleybol Tak\u0131m\u0131m\u0131z\u0131n yeni transferi Ana Antonijevic, Fenerbah\u00e7e Spor Kul\u00fcb\u00fcm\u00fcz\u00fcn Resmi \u0130nternet Sitesine a\u00e7\u0131klamalarda bulundu. Fenerbah\u00e7e Kad\u0131n Voleybol Tak\u0131m\u0131m\u0131z\u0131n yeni transferlerinden Ana Antonijevic, Fenerbah\u00e7e gibi b\u00fcy\u00fck bir kul\u00fcbe geldi\u011fi i\u00e7in \u00e7ok mutlu ve heyecanl\u0131 oldu\u011funu belirtti. S\u0131rbistan milli tak\u0131m formas\u0131 giyen yeni transferlerimizden Ana Antonijevic, bug\u00fcn (17.09.2018) \u0130stanbul\u2019a geldi.\u2026","rel":"","context":"&quot;Resmi Site R\u00f6portajlar\u0131&quot; i\u00e7inde","block_context":{"text":"Resmi Site R\u00f6portajlar\u0131","link":"https:\/\/sarimelekler.biz\/?cat=17"},"img":{"alt_text":"","src":"https:\/\/i0.wp.com\/sarimelekler.biz\/wp-content\/uploads\/2018\/09\/de6p9873_61700_7402945.jpg?resize=350%2C200&ssl=1","width":350,"height":200,"srcset":"https:\/\/i0.wp.com\/sarimelekler.biz\/wp-content\/uploads\/2018\/09\/de6p9873_61700_7402945.jpg?resize=350%2C200&ssl=1 1x, https:\/\/i0.wp.com\/sarimelekler.biz\/wp-content\/uploads\/2018\/09\/de6p9873_61700_7402945.jpg?resize=525%2C300&ssl=1 1.5x, https:\/\/i0.wp.com\/sarimelekler.biz\/wp-content\/uploads\/2018\/09\/de6p9873_61700_7402945.jpg?resize=700%2C400&ssl=1 2x, https:\/\/i0.wp.com\/sarimelekler.biz\/wp-content\/uploads\/2018\/09\/de6p9873_61700_7402945.jpg?resize=1050%2C600&ssl=1 3x, https:\/\/i0.wp.com\/sarimelekler.biz\/wp-content\/uploads\/2018\/09\/de6p9873_61700_7402945.jpg?resize=1400%2C800&ssl=1 4x"},"classes":[]}],"_links":{"self":[{"href":"https:\/\/sarimelekler.biz\/index.php?rest_route=\/wp\/v2\/posts\/4071","targetHints":{"allow":["GET"]}}],"collection":[{"href":"https:\/\/sarimelekler.biz\/index.php?rest_route=\/wp\/v2\/posts"}],"about":[{"href":"https:\/\/sarimelekler.biz\/index.php?rest_route=\/wp\/v2\/types\/post"}],"author":[{"embeddable":true,"href":"https:\/\/sarimelekler.biz\/index.php?rest_route=\/wp\/v2\/users\/1"}],"replies":[{"embeddable":true,"href":"https:\/\/sarimelekler.biz\/index.php?rest_route=%2Fwp%2Fv2%2Fcomments&post=4071"}],"version-history":[{"count":1,"href":"https:\/\/sarimelekler.biz\/index.php?rest_route=\/wp\/v2\/posts\/4071\/revisions"}],"predecessor-version":[{"id":4077,"href":"https:\/\/sarimelekler.biz\/index.php?rest_route=\/wp\/v2\/posts\/4071\/revisions\/4077"}],"wp:featuredmedia":[{"embeddable":true,"href":"https:\/\/sarimelekler.biz\/index.php?rest_route=\/wp\/v2\/media\/4074"}],"wp:attachment":[{"href":"https:\/\/sarimelekler.biz\/index.php?rest_route=%2Fwp%2Fv2%2Fmedia&parent=4071"}],"wp:term":[{"taxonomy":"category","embeddable":true,"href":"https:\/\/sarimelekler.biz\/index.php?rest_route=%2Fwp%2Fv2%2Fcategories&post=4071"},{"taxonomy":"post_tag","embeddable":true,"href":"https:\/\/sarimelekler.biz\/index.php?rest_route=%2Fwp%2Fv2%2Ftags&post=4071"}],"curies":[{"name":"wp","href":"https:\/\/api.w.org\/{rel}","templated":true}]}}