{"id":4078,"date":"2017-06-06T22:44:21","date_gmt":"2017-06-06T19:44:21","guid":{"rendered":"http:\/\/sarimelekler.biz\/?p=4078"},"modified":"2017-06-06T22:44:21","modified_gmt":"2017-06-06T19:44:21","slug":"polina-rahimova-basarili-olmak-ve-kupalar-kazanmak-icin-geregini-yapacagim","status":"publish","type":"post","link":"https:\/\/sarimelekler.biz\/?p=4078","title":{"rendered":"Polina Rahimova: &#8220;Ba\u015far\u0131l\u0131 olmak ve kupalar kazanmak i\u00e7in gere\u011fini yapaca\u011f\u0131m&#8221;"},"content":{"rendered":"<p style=\"text-align: justify;\">Fenerbah\u00e7e Kad\u0131n Voleybol Tak\u0131m\u0131m\u0131z\u0131n yeni transferlerinden Azerbaycanl\u0131 pas\u00f6r \u00e7apraz\u0131 Polina Rahimova \u0130stanbul\u2019a geldi ve ilk a\u00e7\u0131klamalar\u0131n\u0131 Fenerbah\u00e7e Spor Kul\u00fcb\u00fcm\u00fcz Resmi \u0130nternet Sitesine yapt\u0131.<\/p>\n<p style=\"text-align: justify;\">Mutlu ve heyecanl\u0131 oldu\u011funu dile getiren 27 ya\u015f\u0131ndaki oyuncu Polina Rahimova, \u201cBu camian\u0131n bir ferdi oldu\u011fum i\u00e7in \u00e7ok heyecanl\u0131y\u0131m. Fenerbah\u00e7e \u00e7ok b\u00fcy\u00fck bir kul\u00fcp. Bu ailenin bir par\u00e7as\u0131 olmaktan dolay\u0131 \u00e7ok mutluyum. Ba\u015far\u0131l\u0131 olmak ve kupalar kazanmak i\u00e7in gere\u011fini yapaca\u011f\u0131m\u201d dedi.<\/p>\n<p style=\"text-align: justify;\">Daha iyi seviyeye gelmek i\u00e7in \u00e7al\u0131\u015fmaya devam edece\u011fini vurgulayan yeni Sar\u0131 Melek, \u201cFenerbah\u00e7e\u2019nin en iyi tak\u0131m oldu\u011funu d\u00fc\u015f\u00fcn\u00fcyorum. Tak\u0131mla birlikte daha y\u00fcksek seviyelere gelmek i\u00e7in \u00e7al\u0131\u015faca\u011f\u0131m. \u0130n\u015fallah beraber kupalar alaca\u011f\u0131z\u201d diye konu\u015ftu.<\/p>\n<p style=\"text-align: justify;\">Tak\u0131mda tan\u0131d\u0131\u011f\u0131 oyuncular\u0131n oldu\u011funu ifade eden Polina Rahimova, \u201cKaptan Eda\u2019y\u0131 tan\u0131yorum. \u00c7ok sava\u015f\u00e7\u0131 ruhlu bir oyuncu. Onunla beraber oynayacak olmaktan dolay\u0131 \u00e7ok heyecanl\u0131y\u0131m.\u00a0 Bahar ve Natalia Pereira\u2019y\u0131 da tan\u0131yorum. \u015eu anda isimlerini hat\u0131rlayamasam da di\u011fer oyuncular\u0131 da biliyorum\u201d diyerek s\u00f6zlerini noktalad\u0131.<\/p>\n\n\t\t<style type=\"text\/css\">\n\t\t\t#gallery-1 {\n\t\t\t\tmargin: auto;\n\t\t\t}\n\t\t\t#gallery-1 .gallery-item {\n\t\t\t\tfloat: left;\n\t\t\t\tmargin-top: 10px;\n\t\t\t\ttext-align: center;\n\t\t\t\twidth: 33%;\n\t\t\t}\n\t\t\t#gallery-1 img {\n\t\t\t\tborder: 2px solid #cfcfcf;\n\t\t\t}\n\t\t\t#gallery-1 .gallery-caption {\n\t\t\t\tmargin-left: 0;\n\t\t\t}\n\t\t\t\/* see gallery_shortcode() in wp-includes\/media.php *\/\n\t\t<\/style>\n\t\t<div data-carousel-extra='{&quot;blog_id&quot;:1,&quot;permalink&quot;:&quot;https:\/\/sarimelekler.biz\/?p=4078&quot;}' id='gallery-1' class='gallery galleryid-4078 gallery-columns-3 gallery-size-thumbnail'><dl class='gallery-item'>\n\t\t\t<dt class='gallery-icon landscape'>\n\t\t\t\t<a href='https:\/\/sarimelekler.biz\/?attachment_id=4079'><img loading=\"lazy\" decoding=\"async\" width=\"150\" height=\"150\" src=\"https:\/\/sarimelekler.biz\/wp-content\/uploads\/2017\/06\/de6p6258_56200_4671988-150x150.jpg\" class=\"attachment-thumbnail size-thumbnail\" alt=\"\" data-attachment-id=\"4079\" data-permalink=\"https:\/\/sarimelekler.biz\/?attachment_id=4079\" data-orig-file=\"https:\/\/sarimelekler.biz\/wp-content\/uploads\/2017\/06\/de6p6258_56200_4671988.jpg\" data-orig-size=\"2500,1654\" data-comments-opened=\"0\" data-image-meta=\"{&quot;aperture&quot;:&quot;3.2&quot;,&quot;credit&quot;:&quot;&quot;,&quot;camera&quot;:&quot;Canon EOS-1D X&quot;,&quot;caption&quot;:&quot;&quot;,&quot;created_timestamp&quot;:&quot;1496743227&quot;,&quot;copyright&quot;:&quot;&quot;,&quot;focal_length&quot;:&quot;16&quot;,&quot;iso&quot;:&quot;640&quot;,&quot;shutter_speed&quot;:&quot;0.004&quot;,&quot;title&quot;:&quot;&quot;,&quot;orientation&quot;:&quot;1&quot;}\" data-image-title=\"de6p6258_56200_4671988\" data-image-description=\"\" data-image-caption=\"\" data-large-file=\"https:\/\/sarimelekler.biz\/wp-content\/uploads\/2017\/06\/de6p6258_56200_4671988-1024x677.jpg\" \/><\/a>\n\t\t\t<\/dt><\/dl><dl class='gallery-item'>\n\t\t\t<dt class='gallery-icon landscape'>\n\t\t\t\t<a href='https:\/\/sarimelekler.biz\/?attachment_id=4080'><img loading=\"lazy\" decoding=\"async\" width=\"150\" height=\"150\" src=\"https:\/\/sarimelekler.biz\/wp-content\/uploads\/2017\/06\/de6p6270_56200_467206-150x150.jpg\" class=\"attachment-thumbnail size-thumbnail\" alt=\"\" data-attachment-id=\"4080\" data-permalink=\"https:\/\/sarimelekler.biz\/?attachment_id=4080\" data-orig-file=\"https:\/\/sarimelekler.biz\/wp-content\/uploads\/2017\/06\/de6p6270_56200_467206.jpg\" data-orig-size=\"2500,1899\" data-comments-opened=\"0\" data-image-meta=\"{&quot;aperture&quot;:&quot;6.3&quot;,&quot;credit&quot;:&quot;&quot;,&quot;camera&quot;:&quot;Canon EOS-1D X&quot;,&quot;caption&quot;:&quot;&quot;,&quot;created_timestamp&quot;:&quot;1496746271&quot;,&quot;copyright&quot;:&quot;&quot;,&quot;focal_length&quot;:&quot;90&quot;,&quot;iso&quot;:&quot;200&quot;,&quot;shutter_speed&quot;:&quot;0.004&quot;,&quot;title&quot;:&quot;&quot;,&quot;orientation&quot;:&quot;1&quot;}\" data-image-title=\"de6p6270_56200_467206\" data-image-description=\"\" data-image-caption=\"\" data-large-file=\"https:\/\/sarimelekler.biz\/wp-content\/uploads\/2017\/06\/de6p6270_56200_467206-1024x778.jpg\" \/><\/a>\n\t\t\t<\/dt><\/dl><dl class='gallery-item'>\n\t\t\t<dt class='gallery-icon landscape'>\n\t\t\t\t<a href='https:\/\/sarimelekler.biz\/?attachment_id=4081'><img loading=\"lazy\" decoding=\"async\" width=\"150\" height=\"150\" src=\"https:\/\/sarimelekler.biz\/wp-content\/uploads\/2017\/06\/de6p6276_56200_4672158-150x150.jpg\" class=\"attachment-thumbnail size-thumbnail\" alt=\"\" data-attachment-id=\"4081\" data-permalink=\"https:\/\/sarimelekler.biz\/?attachment_id=4081\" data-orig-file=\"https:\/\/sarimelekler.biz\/wp-content\/uploads\/2017\/06\/de6p6276_56200_4672158.jpg\" data-orig-size=\"2500,1999\" data-comments-opened=\"0\" data-image-meta=\"{&quot;aperture&quot;:&quot;7.1&quot;,&quot;credit&quot;:&quot;&quot;,&quot;camera&quot;:&quot;Canon EOS-1D X&quot;,&quot;caption&quot;:&quot;&quot;,&quot;created_timestamp&quot;:&quot;1496746304&quot;,&quot;copyright&quot;:&quot;&quot;,&quot;focal_length&quot;:&quot;85&quot;,&quot;iso&quot;:&quot;200&quot;,&quot;shutter_speed&quot;:&quot;0.004&quot;,&quot;title&quot;:&quot;&quot;,&quot;orientation&quot;:&quot;1&quot;}\" data-image-title=\"de6p6276_56200_4672158\" data-image-description=\"\" data-image-caption=\"\" data-large-file=\"https:\/\/sarimelekler.biz\/wp-content\/uploads\/2017\/06\/de6p6276_56200_4672158-1024x819.jpg\" \/><\/a>\n\t\t\t<\/dt><\/dl><br style=\"clear: both\" \/><dl class='gallery-item'>\n\t\t\t<dt class='gallery-icon landscape'>\n\t\t\t\t<a href='https:\/\/sarimelekler.biz\/?attachment_id=4082'><img loading=\"lazy\" decoding=\"async\" width=\"150\" height=\"150\" src=\"https:\/\/sarimelekler.biz\/wp-content\/uploads\/2017\/06\/de6p6296_56200_4672261-150x150.jpg\" class=\"attachment-thumbnail size-thumbnail\" alt=\"\" data-attachment-id=\"4082\" data-permalink=\"https:\/\/sarimelekler.biz\/?attachment_id=4082\" data-orig-file=\"https:\/\/sarimelekler.biz\/wp-content\/uploads\/2017\/06\/de6p6296_56200_4672261.jpg\" data-orig-size=\"2500,1825\" data-comments-opened=\"0\" data-image-meta=\"{&quot;aperture&quot;:&quot;5&quot;,&quot;credit&quot;:&quot;&quot;,&quot;camera&quot;:&quot;Canon EOS-1D X&quot;,&quot;caption&quot;:&quot;&quot;,&quot;created_timestamp&quot;:&quot;1496746773&quot;,&quot;copyright&quot;:&quot;&quot;,&quot;focal_length&quot;:&quot;93&quot;,&quot;iso&quot;:&quot;200&quot;,&quot;shutter_speed&quot;:&quot;0.004&quot;,&quot;title&quot;:&quot;&quot;,&quot;orientation&quot;:&quot;1&quot;}\" data-image-title=\"de6p6296_56200_4672261\" data-image-description=\"\" data-image-caption=\"\" data-large-file=\"https:\/\/sarimelekler.biz\/wp-content\/uploads\/2017\/06\/de6p6296_56200_4672261-1024x748.jpg\" \/><\/a>\n\t\t\t<\/dt><\/dl>\n\t\t\t<br style='clear: both' \/>\n\t\t<\/div>\n\n<p style=\"text-align: justify;\">\n<p style=\"text-align: justify;\">Kaynak: <a href=\"http:\/\/www.fenerbahce.org\/detay.asp?ContentID=56200\" target=\"_blank\" rel=\"noopener noreferrer\">Fenerbah\u00e7e SK Resmi \u0130nternet Sitesi<\/a><\/p>\n","protected":false},"excerpt":{"rendered":"<p>Fenerbah\u00e7e Kad\u0131n Voleybol Tak\u0131m\u0131m\u0131z\u0131n yeni transferlerinden Azerbaycanl\u0131 pas\u00f6r \u00e7apraz\u0131 Polina \u2026 <a class=\"continue-reading-link\" href=\"https:\/\/sarimelekler.biz\/?p=4078\">Okumaya Devam Et.. <span class=\"meta-nav\">&rarr; <\/span><\/a><\/p>\n","protected":false},"author":1,"featured_media":4080,"comment_status":"closed","ping_status":"open","sticky":false,"template":"","format":"standard","meta":{"jetpack_post_was_ever_published":false,"_jetpack_newsletter_access":"","_jetpack_dont_email_post_to_subs":false,"_jetpack_newsletter_tier_id":0,"_jetpack_memberships_contains_paywalled_content":false,"_jetpack_memberships_contains_paid_content":false,"footnotes":"","jetpack_publicize_message":"","jetpack_publicize_feature_enabled":true,"jetpack_social_post_already_shared":true,"jetpack_social_options":{"image_generator_settings":{"template":"highway","default_image_id":0,"font":"","enabled":false},"version":2}},"categories":[6],"tags":[],"class_list":["post-4078","post","type-post","status-publish","format-standard","has-post-thumbnail","hentry","category-turkiye-ligi"],"jetpack_publicize_connections":[],"jetpack_featured_media_url":"https:\/\/sarimelekler.biz\/wp-content\/uploads\/2017\/06\/de6p6270_56200_467206.jpg","jetpack_sharing_enabled":true,"jetpack_shortlink":"https:\/\/wp.me\/p8npUZ-13M","jetpack-related-posts":[{"id":5720,"url":"https:\/\/sarimelekler.biz\/?p=5720","url_meta":{"origin":4078,"position":0},"title":"Voleybolcular\u0131m\u0131zdan Imoco Volley Conegliano Ma\u00e7\u0131 \u00d6ncesi A\u00e7\u0131klamalar","author":"Edit\u00f6r","date":"24 Ocak 2018","format":false,"excerpt":"Fenerbah\u00e7e Bayan Voleybol Tak\u0131m\u0131m\u0131z, CEV Kad\u0131nlar \u015eampiyonlar Ligi B Grubu 3. hafta m\u00fcsabakas\u0131nda \u0130talyan ekibi Imoco Volley Conegliano ile kar\u015f\u0131la\u015f\u0131yor. Yar\u0131n Burhan Felek Spor Salonu\u2019nda oynanacak ma\u00e7la ilgili kul\u00fcb\u00fcm\u00fcz Fenerbah\u00e7e Spor Kul\u00fcb\u00fc Resmi Sitesine a\u00e7\u0131klamalarda bulunan oyuncular\u0131m\u0131z Polen Uslupehlivan ile Polina Rahimova, galibiyet i\u00e7in ellerinden geleni yapacaklar\u0131n\u0131 belirterek, destek i\u00e7in\u2026","rel":"","context":"&quot;Avrupa Kupalar\u0131&quot; i\u00e7inde","block_context":{"text":"Avrupa Kupalar\u0131","link":"https:\/\/sarimelekler.biz\/?cat=1"},"img":{"alt_text":"","src":"https:\/\/i0.wp.com\/sarimelekler.biz\/wp-content\/uploads\/2018\/01\/Ads%C4%B1z2.jpg?resize=350%2C200&ssl=1","width":350,"height":200,"srcset":"https:\/\/i0.wp.com\/sarimelekler.biz\/wp-content\/uploads\/2018\/01\/Ads%C4%B1z2.jpg?resize=350%2C200&ssl=1 1x, https:\/\/i0.wp.com\/sarimelekler.biz\/wp-content\/uploads\/2018\/01\/Ads%C4%B1z2.jpg?resize=525%2C300&ssl=1 1.5x, https:\/\/i0.wp.com\/sarimelekler.biz\/wp-content\/uploads\/2018\/01\/Ads%C4%B1z2.jpg?resize=700%2C400&ssl=1 2x, https:\/\/i0.wp.com\/sarimelekler.biz\/wp-content\/uploads\/2018\/01\/Ads%C4%B1z2.jpg?resize=1050%2C600&ssl=1 3x, https:\/\/i0.wp.com\/sarimelekler.biz\/wp-content\/uploads\/2018\/01\/Ads%C4%B1z2.jpg?resize=1400%2C800&ssl=1 4x"},"classes":[]},{"id":4017,"url":"https:\/\/sarimelekler.biz\/?p=4017","url_meta":{"origin":4078,"position":1},"title":"Yeni Sar\u0131 Melek Polina Rahimova","author":"Edit\u00f6r","date":"24 May\u0131s 2017","format":false,"excerpt":"Kul\u00fcb\u00fcm\u00fcz\u00fcn \u0130nternet Sitesinden yap\u0131lan a\u00e7\u0131klamada\u00a0Azerbaycan\u2019l\u0131 pas\u00f6r \u00e7apraz\u0131 Polina Rahimova'n\u0131n kul\u00fcb\u00fcm\u00fcze transfer oldu\u011fu bildirilmi\u015ftir. Tak\u0131m\u0131m\u0131za hay\u0131rl\u0131 olsun. Yeni sezon yap\u0131lanmas\u0131 kapsam\u0131nda Fenerbah\u00e7e Kad\u0131n Voleybol Tak\u0131m\u0131m\u0131z, Azerbaycan\u2019l\u0131 pas\u00f6r \u00e7apraz\u0131 Polina Rahimova ile 1 y\u0131ll\u0131k anla\u015fma sa\u011flam\u0131\u015ft\u0131r. Yeni Sar\u0131 Melek Polina Rahimova\u2019ya kul\u00fcb\u00fcm\u00fcze ho\u015fgeldin diyor, yar\u0131\u015ft\u0131\u011f\u0131 her kulvarda \u201c\u015fampiyonluk\u201d hedefleyen Fenerbah\u00e7e Kad\u0131n Voleybol\u2026","rel":"","context":"&quot;T\u00fcrkiye Ligi&quot; i\u00e7inde","block_context":{"text":"T\u00fcrkiye Ligi","link":"https:\/\/sarimelekler.biz\/?cat=6"},"img":{"alt_text":"","src":"https:\/\/i0.wp.com\/sarimelekler.biz\/wp-content\/uploads\/2017\/05\/rahimova.jpg?resize=350%2C200&ssl=1","width":350,"height":200,"srcset":"https:\/\/i0.wp.com\/sarimelekler.biz\/wp-content\/uploads\/2017\/05\/rahimova.jpg?resize=350%2C200&ssl=1 1x, https:\/\/i0.wp.com\/sarimelekler.biz\/wp-content\/uploads\/2017\/05\/rahimova.jpg?resize=525%2C300&ssl=1 1.5x"},"classes":[]},{"id":11365,"url":"https:\/\/sarimelekler.biz\/?p=11365","url_meta":{"origin":4078,"position":2},"title":"Naz Aydemir Akyol: Taraftarlar\u0131m\u0131z\u0131n g\u00fcc\u00fcn\u00fc arkamda hissederek oynamak i\u00e7in sab\u0131rs\u0131zlan\u0131yorum","author":"Edit\u00f6r","date":"17 Haziran 2019","format":false,"excerpt":"Kad\u0131n Voleybol Tak\u0131m\u0131m\u0131z Fenerbah\u00e7e Opet\u2019in yeni transferi Naz Aydemir Akyol, transferine ili\u015fkin duygular\u0131n\u0131 kul\u00fcb\u00fcm\u00fcz\u00fcn resmi sitesine payla\u015ft\u0131. Sar\u0131 lacivert renklerle tekrar kupalar kazanmak i\u00e7in elinden geleni yapaca\u011f\u0131n\u0131 ifade eden Naz, \u201cGe\u00e7ti\u011fimiz Eyl\u00fcl-Ekim aylar\u0131nda Simla T\u00fcrker Bayaz\u0131t ve Abdullah Pa\u015fao\u011flu ile g\u00f6r\u00fc\u015fm\u00fc\u015ft\u00fck. Ocak ay\u0131 gibi tekrar kontrat imzalad\u0131k. Benim i\u00e7in yabanc\u0131\u2026","rel":"","context":"&quot;Resmi Site R\u00f6portajlar\u0131&quot; i\u00e7inde","block_context":{"text":"Resmi Site R\u00f6portajlar\u0131","link":"https:\/\/sarimelekler.biz\/?cat=17"},"img":{"alt_text":"","src":"https:\/\/i0.wp.com\/sarimelekler.biz\/wp-content\/uploads\/2019\/06\/Naz-R%C3%B6portaj-Kapak-2.jpg?resize=350%2C200&ssl=1","width":350,"height":200,"srcset":"https:\/\/i0.wp.com\/sarimelekler.biz\/wp-content\/uploads\/2019\/06\/Naz-R%C3%B6portaj-Kapak-2.jpg?resize=350%2C200&ssl=1 1x, https:\/\/i0.wp.com\/sarimelekler.biz\/wp-content\/uploads\/2019\/06\/Naz-R%C3%B6portaj-Kapak-2.jpg?resize=525%2C300&ssl=1 1.5x, https:\/\/i0.wp.com\/sarimelekler.biz\/wp-content\/uploads\/2019\/06\/Naz-R%C3%B6portaj-Kapak-2.jpg?resize=700%2C400&ssl=1 2x, https:\/\/i0.wp.com\/sarimelekler.biz\/wp-content\/uploads\/2019\/06\/Naz-R%C3%B6portaj-Kapak-2.jpg?resize=1050%2C600&ssl=1 3x, https:\/\/i0.wp.com\/sarimelekler.biz\/wp-content\/uploads\/2019\/06\/Naz-R%C3%B6portaj-Kapak-2.jpg?resize=1400%2C800&ssl=1 4x"},"classes":[]},{"id":16005,"url":"https:\/\/sarimelekler.biz\/?p=16005","url_meta":{"origin":4078,"position":3},"title":"Gizem \u00d6rge: Fenerbah\u00e7e\u2019de Olmak \u00c7ok Heyecan Verici","author":"Edit\u00f6r","date":"19 A\u011fustos 2021","format":false,"excerpt":"Fenerbah\u00e7e Opet Kad\u0131n Voleybol Tak\u0131m\u0131m\u0131z\u0131n yeni transferlerinden Gizem \u00d6rge, Fenerbah\u00e7e Spor Kul\u00fcb\u00fcm\u00fcz resmi internet sitesine a\u00e7\u0131klamalarda bulundu. R\u00f6portaj\u0131n Tamam\u0131: Yeni sezon haz\u0131rl\u0131klar\u0131 kapsam\u0131nda Fenerbah\u00e7e Serkan Acar Resort & Sports Topuk Yaylas\u0131 Tesislerimizde kampa giren Fenerbah\u00e7e Opet Kad\u0131n Voleybol Tak\u0131m\u0131m\u0131zda yeni transferimiz ba\u015far\u0131l\u0131 libero Gizem \u00d6rge, resmi internet sitemize a\u00e7\u0131klamalarda bulundu.\u2026","rel":"","context":"&quot;Resmi Site R\u00f6portajlar\u0131&quot; i\u00e7inde","block_context":{"text":"Resmi Site R\u00f6portajlar\u0131","link":"https:\/\/sarimelekler.biz\/?cat=17"},"img":{"alt_text":"","src":"https:\/\/i0.wp.com\/sarimelekler.biz\/wp-content\/uploads\/2021\/08\/Gizem-Orge.jpeg?resize=350%2C200&ssl=1","width":350,"height":200,"srcset":"https:\/\/i0.wp.com\/sarimelekler.biz\/wp-content\/uploads\/2021\/08\/Gizem-Orge.jpeg?resize=350%2C200&ssl=1 1x, https:\/\/i0.wp.com\/sarimelekler.biz\/wp-content\/uploads\/2021\/08\/Gizem-Orge.jpeg?resize=525%2C300&ssl=1 1.5x, https:\/\/i0.wp.com\/sarimelekler.biz\/wp-content\/uploads\/2021\/08\/Gizem-Orge.jpeg?resize=700%2C400&ssl=1 2x, https:\/\/i0.wp.com\/sarimelekler.biz\/wp-content\/uploads\/2021\/08\/Gizem-Orge.jpeg?resize=1050%2C600&ssl=1 3x, https:\/\/i0.wp.com\/sarimelekler.biz\/wp-content\/uploads\/2021\/08\/Gizem-Orge.jpeg?resize=1400%2C800&ssl=1 4x"},"classes":[]},{"id":13594,"url":"https:\/\/sarimelekler.biz\/?p=13594","url_meta":{"origin":4078,"position":4},"title":"Bianka Bu\u0161a: Fenerbah\u00e7e\u2019nin Geli\u015fimimde Rol Oynayacak En \u0130yi Kul\u00fcp Oldu\u011funu D\u00fc\u015f\u00fcnd\u00fcm","author":"Edit\u00f6r","date":"14 Temmuz 2020","format":false,"excerpt":"Fenerbah\u00e7e Opet Kad\u0131n Voleybol Tak\u0131m\u0131m\u0131z\u0131n yeni transferlerinden Bianka Bu\u0161a, Fenerbah\u00e7e Spor Kul\u00fcb\u00fcm\u00fcz resmi internet sitesine a\u00e7\u0131klamalarda bulundu. Kendisi i\u00e7in en iyi f\u0131rsat\u0131n Fenerbah\u00e7e oldu\u011funun alt\u0131n\u0131 \u00e7izen ba\u015far\u0131l\u0131 voleybolcunun a\u00e7\u0131klamalar\u0131 \u015fu \u015fekilde: Benim i\u00e7in en iyi f\u0131rsat\u0131n Fenerbah\u00e7e oldu\u011funu d\u00fc\u015f\u00fcnd\u00fcm \u201cYurt d\u0131\u015f\u0131nda oynad\u0131\u011f\u0131m bir\u00e7ok seneden sonra hayalim T\u00fcrkiye'de oynamakt\u0131. Benim i\u00e7in\u2026","rel":"","context":"&quot;Resmi Site R\u00f6portajlar\u0131&quot; i\u00e7inde","block_context":{"text":"Resmi Site R\u00f6portajlar\u0131","link":"https:\/\/sarimelekler.biz\/?cat=17"},"img":{"alt_text":"","src":"https:\/\/i0.wp.com\/sarimelekler.biz\/wp-content\/uploads\/2020\/07\/Busa-R%C3%B6portaj-3.jpg?resize=350%2C200&ssl=1","width":350,"height":200,"srcset":"https:\/\/i0.wp.com\/sarimelekler.biz\/wp-content\/uploads\/2020\/07\/Busa-R%C3%B6portaj-3.jpg?resize=350%2C200&ssl=1 1x, https:\/\/i0.wp.com\/sarimelekler.biz\/wp-content\/uploads\/2020\/07\/Busa-R%C3%B6portaj-3.jpg?resize=525%2C300&ssl=1 1.5x, https:\/\/i0.wp.com\/sarimelekler.biz\/wp-content\/uploads\/2020\/07\/Busa-R%C3%B6portaj-3.jpg?resize=700%2C400&ssl=1 2x, https:\/\/i0.wp.com\/sarimelekler.biz\/wp-content\/uploads\/2020\/07\/Busa-R%C3%B6portaj-3.jpg?resize=1050%2C600&ssl=1 3x, https:\/\/i0.wp.com\/sarimelekler.biz\/wp-content\/uploads\/2020\/07\/Busa-R%C3%B6portaj-3.jpg?resize=1400%2C800&ssl=1 4x"},"classes":[]},{"id":18746,"url":"https:\/\/sarimelekler.biz\/?p=18746","url_meta":{"origin":4078,"position":5},"title":"Yeni Sar\u0131 Melek Hristina Vuchkova","author":"Edit\u00f6r","date":"12 Ocak 2023","format":false,"excerpt":"Fenerbah\u00e7e Opet Kad\u0131n Voleybol Tak\u0131m\u0131m\u0131z, Bulgar orta oyuncu Hristina Vuchkova\u2019y\u0131 transfer etti\u011fini duyurdu. Yeni Oyuncumuz Hristina Vuchkova\u2019ya ba\u015far\u0131l\u0131 bir sezon dileriz. Kul\u00fcb\u00fcm\u00fcz\u00fcn Resmi Sitesinden yap\u0131lan a\u00e7\u0131klama: Fenerbah\u00e7e Opet Kad\u0131n Voleybol Tak\u0131m\u0131m\u0131z, kadrosunu Hristina Vuchkova ile g\u00fc\u00e7lendirdi. Bulgar orta oyuncu ile sezon sonuna kadar anla\u015fmaya var\u0131ld\u0131. 2022-2023 sezonunda \u00c7in\u2019in Beijing BAIC\u2026","rel":"","context":"&quot;Transfer Haberleri&quot; i\u00e7inde","block_context":{"text":"Transfer Haberleri","link":"https:\/\/sarimelekler.biz\/?cat=23"},"img":{"alt_text":"","src":"https:\/\/i0.wp.com\/sarimelekler.biz\/wp-content\/uploads\/2023\/02\/Vuchkeva.jpg?resize=350%2C200&ssl=1","width":350,"height":200,"srcset":"https:\/\/i0.wp.com\/sarimelekler.biz\/wp-content\/uploads\/2023\/02\/Vuchkeva.jpg?resize=350%2C200&ssl=1 1x, https:\/\/i0.wp.com\/sarimelekler.biz\/wp-content\/uploads\/2023\/02\/Vuchkeva.jpg?resize=525%2C300&ssl=1 1.5x, https:\/\/i0.wp.com\/sarimelekler.biz\/wp-content\/uploads\/2023\/02\/Vuchkeva.jpg?resize=700%2C400&ssl=1 2x, https:\/\/i0.wp.com\/sarimelekler.biz\/wp-content\/uploads\/2023\/02\/Vuchkeva.jpg?resize=1050%2C600&ssl=1 3x, https:\/\/i0.wp.com\/sarimelekler.biz\/wp-content\/uploads\/2023\/02\/Vuchkeva.jpg?resize=1400%2C800&ssl=1 4x"},"classes":[]}],"_links":{"self":[{"href":"https:\/\/sarimelekler.biz\/index.php?rest_route=\/wp\/v2\/posts\/4078","targetHints":{"allow":["GET"]}}],"collection":[{"href":"https:\/\/sarimelekler.biz\/index.php?rest_route=\/wp\/v2\/posts"}],"about":[{"href":"https:\/\/sarimelekler.biz\/index.php?rest_route=\/wp\/v2\/types\/post"}],"author":[{"embeddable":true,"href":"https:\/\/sarimelekler.biz\/index.php?rest_route=\/wp\/v2\/users\/1"}],"replies":[{"embeddable":true,"href":"https:\/\/sarimelekler.biz\/index.php?rest_route=%2Fwp%2Fv2%2Fcomments&post=4078"}],"version-history":[{"count":2,"href":"https:\/\/sarimelekler.biz\/index.php?rest_route=\/wp\/v2\/posts\/4078\/revisions"}],"predecessor-version":[{"id":4084,"href":"https:\/\/sarimelekler.biz\/index.php?rest_route=\/wp\/v2\/posts\/4078\/revisions\/4084"}],"wp:featuredmedia":[{"embeddable":true,"href":"https:\/\/sarimelekler.biz\/index.php?rest_route=\/wp\/v2\/media\/4080"}],"wp:attachment":[{"href":"https:\/\/sarimelekler.biz\/index.php?rest_route=%2Fwp%2Fv2%2Fmedia&parent=4078"}],"wp:term":[{"taxonomy":"category","embeddable":true,"href":"https:\/\/sarimelekler.biz\/index.php?rest_route=%2Fwp%2Fv2%2Fcategories&post=4078"},{"taxonomy":"post_tag","embeddable":true,"href":"https:\/\/sarimelekler.biz\/index.php?rest_route=%2Fwp%2Fv2%2Ftags&post=4078"}],"curies":[{"name":"wp","href":"https:\/\/api.w.org\/{rel}","templated":true}]}}