{"id":4092,"date":"2017-06-14T01:42:14","date_gmt":"2017-06-13T22:42:14","guid":{"rendered":"http:\/\/sarimelekler.biz\/?p=4092"},"modified":"2017-06-14T01:42:14","modified_gmt":"2017-06-13T22:42:14","slug":"son-transferimiz-mia-jerkov","status":"publish","type":"post","link":"https:\/\/sarimelekler.biz\/?p=4092","title":{"rendered":"Son Transferimiz Mia Jerkov"},"content":{"rendered":"<p style=\"text-align: justify;\">Fenerbah\u00e7e Bayan Voleybol Tak\u0131m\u0131m\u0131za bir oyuncu daha kat\u0131ld\u0131.\u00a0Resmi Sitemizden yap\u0131lan A\u00e7\u0131klamada sma\u00e7\u00f6r pozisyonunda oynayan Mia Jerkov ile\u00a0anla\u015fma sa\u011fland\u0131\u011f\u0131 a\u00e7\u0131kland\u0131.\u00a0Mia Jerkov&#8217;a Ba\u015far\u0131l\u0131 ve Bol Kupal\u0131 Bir Sezon Dileriz. Kul\u00fcb\u00fcm\u00fcze Hay\u0131rl\u0131 Olsun.<\/p>\n<p style=\"text-align: justify;\"><a href=\"http:\/\/www.fenerbahce.org\/detay.asp?ContentID=56296\" target=\"_blank\" rel=\"noopener noreferrer\">Resmi Sitemiz<\/a>den Yap\u0131lan A\u00e7\u0131klama:<\/p>\n<p style=\"text-align: justify;\">Yeni sezon yap\u0131lanmas\u0131 kapsam\u0131nda Fenerbah\u00e7e Kad\u0131n Voleybol Tak\u0131m\u0131m\u0131z, ge\u00e7en sezon \u00c7anakkale Bld. Tak\u0131m\u0131nda forma giyen 5 Aral\u0131k 1982 do\u011fumlu, 1.92 cm boyundaki sma\u00e7\u00f6r Mia Jerkov ile anla\u015fma sa\u011flam\u0131\u015ft\u0131r.<\/p>\n<p>Yeni Sar\u0131 Melek Mia Jerkov\u2019a kul\u00fcb\u00fcm\u00fcze ho\u015f geldin diyor, yar\u0131\u015ft\u0131\u011f\u0131 her kulvarda \u201c\u015eampiyonluk\u201d hedefleyen Fenerbah\u00e7e Kad\u0131n Voleybol Tak\u0131m\u0131m\u0131zda ba\u015far\u0131lar diliyoruz.<\/p>\n","protected":false},"excerpt":{"rendered":"<p>Fenerbah\u00e7e Bayan Voleybol Tak\u0131m\u0131m\u0131za bir oyuncu daha kat\u0131ld\u0131.\u00a0Resmi Sitemizden yap\u0131lan \u2026 <a class=\"continue-reading-link\" href=\"https:\/\/sarimelekler.biz\/?p=4092\">Okumaya Devam Et.. <span class=\"meta-nav\">&rarr; <\/span><\/a><\/p>\n","protected":false},"author":1,"featured_media":4093,"comment_status":"closed","ping_status":"open","sticky":false,"template":"","format":"standard","meta":{"jetpack_post_was_ever_published":false,"_jetpack_newsletter_access":"","_jetpack_dont_email_post_to_subs":false,"_jetpack_newsletter_tier_id":0,"_jetpack_memberships_contains_paywalled_content":false,"_jetpack_memberships_contains_paid_content":false,"footnotes":"","jetpack_publicize_message":"","jetpack_publicize_feature_enabled":true,"jetpack_social_post_already_shared":true,"jetpack_social_options":{"image_generator_settings":{"template":"highway","default_image_id":0,"font":"","enabled":false},"version":2}},"categories":[6],"tags":[],"class_list":["post-4092","post","type-post","status-publish","format-standard","has-post-thumbnail","hentry","category-turkiye-ligi"],"jetpack_publicize_connections":[],"jetpack_featured_media_url":"https:\/\/sarimelekler.biz\/wp-content\/uploads\/2017\/06\/mia-org_56296_5006482.jpg","jetpack_sharing_enabled":true,"jetpack_shortlink":"https:\/\/wp.me\/p8npUZ-140","jetpack-related-posts":[{"id":4068,"url":"https:\/\/sarimelekler.biz\/?p=4068","url_meta":{"origin":4092,"position":0},"title":"Ho\u015fgeldin Ezgi Da\u011fdelenler","author":"Edit\u00f6r","date":"6 Haziran 2017","format":false,"excerpt":"Fenerbah\u00e7e Bayan Voleybol Tak\u0131m\u0131za bir oyuncu takviyesi daha yap\u0131ld\u0131. Resmi Sitemizden yap\u0131lan A\u00e7\u0131klamada sma\u00e7\u00f6r pozisyonunda oynayan Ezgi Da\u011fdelenler'le anla\u015fma sa\u011fland\u0131\u011f\u0131 a\u00e7\u0131kland\u0131. Ezgi Da\u011fdelenler'e Ba\u015far\u0131l\u0131 ve Bol Kupal\u0131 Bir Sezon Dileriz. Resmi Sitemizden Yap\u0131lan A\u00e7\u0131klama: Yeni sezon yap\u0131lanmas\u0131 kapsam\u0131nda Fenerbah\u00e7e Kad\u0131n Voleybol Tak\u0131m\u0131m\u0131z,\u00a0 \u0130lbank Tak\u0131m\u0131nda sma\u00e7\u00f6r olarak oynayan 3 Kas\u0131m 1993\u00a0\u2026","rel":"","context":"&quot;T\u00fcrkiye Ligi&quot; i\u00e7inde","block_context":{"text":"T\u00fcrkiye Ligi","link":"https:\/\/sarimelekler.biz\/?cat=6"},"img":{"alt_text":"","src":"https:\/\/i0.wp.com\/sarimelekler.biz\/wp-content\/uploads\/2017\/06\/de6p6321_56205_6413614.jpg?resize=350%2C200&ssl=1","width":350,"height":200,"srcset":"https:\/\/i0.wp.com\/sarimelekler.biz\/wp-content\/uploads\/2017\/06\/de6p6321_56205_6413614.jpg?resize=350%2C200&ssl=1 1x, https:\/\/i0.wp.com\/sarimelekler.biz\/wp-content\/uploads\/2017\/06\/de6p6321_56205_6413614.jpg?resize=525%2C300&ssl=1 1.5x, https:\/\/i0.wp.com\/sarimelekler.biz\/wp-content\/uploads\/2017\/06\/de6p6321_56205_6413614.jpg?resize=700%2C400&ssl=1 2x, https:\/\/i0.wp.com\/sarimelekler.biz\/wp-content\/uploads\/2017\/06\/de6p6321_56205_6413614.jpg?resize=1050%2C600&ssl=1 3x, https:\/\/i0.wp.com\/sarimelekler.biz\/wp-content\/uploads\/2017\/06\/de6p6321_56205_6413614.jpg?resize=1400%2C800&ssl=1 4x"},"classes":[]},{"id":4050,"url":"https:\/\/sarimelekler.biz\/?p=4050","url_meta":{"origin":4092,"position":1},"title":"Damla \u00c7ak\u0131ro\u011flu Fenerbah\u00e7e&#8217;de","author":"Edit\u00f6r","date":"4 Haziran 2017","format":false,"excerpt":"Bir s\u00fcredir g\u00fcndemimizde bulunan Sma\u00e7\u00f6r Damla \u00c7ak\u0131ro\u011flu\u00a0Fenerbah\u00e7e Bayan Voleybol Tak\u0131m\u0131m\u0131za transfer oldu. Damla \u00c7ak\u0131ro\u011flu'na\u00a0ba\u015far\u0131lar dileriz. Kul\u00fcb\u00fcm\u00fcz i\u00e7in Hay\u0131rl\u0131 Olsun. Resmi Sitemizden Yap\u0131lan A\u00e7\u0131klama: Yeni sezon yap\u0131lanmas\u0131 kapsam\u0131nda Fenerbah\u00e7e Kad\u0131n Voleybol Tak\u0131m\u0131m\u0131z, 22 Haziran 1994 do\u011fumlu, 1.81 cm boyundaki sma\u00e7\u00f6r Damla \u00c7ak\u0131ro\u011flu ile anla\u015fma sa\u011flam\u0131\u015ft\u0131r. Yeni Sar\u0131 Melek Damla \u00c7ak\u0131ro\u011flu\u2019na kul\u00fcb\u00fcm\u00fcze\u2026","rel":"","context":"&quot;T\u00fcrkiye Ligi&quot; i\u00e7inde","block_context":{"text":"T\u00fcrkiye Ligi","link":"https:\/\/sarimelekler.biz\/?cat=6"},"img":{"alt_text":"","src":"https:\/\/i0.wp.com\/sarimelekler.biz\/wp-content\/uploads\/2017\/06\/damlaa_56179_6955028.jpg?resize=350%2C200&ssl=1","width":350,"height":200,"srcset":"https:\/\/i0.wp.com\/sarimelekler.biz\/wp-content\/uploads\/2017\/06\/damlaa_56179_6955028.jpg?resize=350%2C200&ssl=1 1x, https:\/\/i0.wp.com\/sarimelekler.biz\/wp-content\/uploads\/2017\/06\/damlaa_56179_6955028.jpg?resize=525%2C300&ssl=1 1.5x"},"classes":[]},{"id":4053,"url":"https:\/\/sarimelekler.biz\/?p=4053","url_meta":{"origin":4092,"position":2},"title":"\u00c7a\u011fla Ak\u0131n Fenerbah\u00e7e&#8217;de","author":"Edit\u00f6r","date":"4 Haziran 2017","format":false,"excerpt":"Bir s\u00fcredir g\u00fcndemimizde bulunan Pas\u00f6r \u00c7a\u011fla Ak\u0131n Fenerbah\u00e7e Bayan Voleybol Tak\u0131m\u0131m\u0131za transfer oldu. \u00c7a\u011fla Ak\u0131n'a\u00a0ba\u015far\u0131lar dileriz. Kul\u00fcb\u00fcm\u00fcz i\u00e7in Hay\u0131rl\u0131 Olsun. Resmi Sitemizden Yap\u0131lan A\u00e7\u0131klama: Yeni sezon yap\u0131lanmas\u0131 kapsam\u0131nda Fenerbah\u00e7e Kad\u0131n Voleybol Tak\u0131m\u0131m\u0131z, \u00a0ge\u00e7en sezon Be\u015fikta\u015f tak\u0131m\u0131nda forma giyen 19 Ocak 1995 do\u011fumlu \u00c7a\u011fla Ak\u0131n ile anla\u015fma sa\u011flam\u0131\u015ft\u0131r. Yeni Sar\u0131 Melek\u2026","rel":"","context":"&quot;T\u00fcrkiye Ligi&quot; i\u00e7inde","block_context":{"text":"T\u00fcrkiye Ligi","link":"https:\/\/sarimelekler.biz\/?cat=6"},"img":{"alt_text":"","src":"https:\/\/i0.wp.com\/sarimelekler.biz\/wp-content\/uploads\/2017\/06\/de6p3109_56173_5448304.jpg?resize=350%2C200&ssl=1","width":350,"height":200,"srcset":"https:\/\/i0.wp.com\/sarimelekler.biz\/wp-content\/uploads\/2017\/06\/de6p3109_56173_5448304.jpg?resize=350%2C200&ssl=1 1x, https:\/\/i0.wp.com\/sarimelekler.biz\/wp-content\/uploads\/2017\/06\/de6p3109_56173_5448304.jpg?resize=525%2C300&ssl=1 1.5x, https:\/\/i0.wp.com\/sarimelekler.biz\/wp-content\/uploads\/2017\/06\/de6p3109_56173_5448304.jpg?resize=700%2C400&ssl=1 2x, https:\/\/i0.wp.com\/sarimelekler.biz\/wp-content\/uploads\/2017\/06\/de6p3109_56173_5448304.jpg?resize=1050%2C600&ssl=1 3x, https:\/\/i0.wp.com\/sarimelekler.biz\/wp-content\/uploads\/2017\/06\/de6p3109_56173_5448304.jpg?resize=1400%2C800&ssl=1 4x"},"classes":[]},{"id":4041,"url":"https:\/\/sarimelekler.biz\/?p=4041","url_meta":{"origin":4092,"position":3},"title":"HO\u015eGELD\u0130N JAN DE BRANDT","author":"Edit\u00f6r","date":"3 Haziran 2017","format":false,"excerpt":"Beklenildi\u011fi \u00fczere Fenerbah\u00e7e Bayan Voleybol Tak\u0131m\u0131m\u0131z\u0131n antren\u00f6r\u00fc Jan De Brandt oldu. Kul\u00fcb\u00fcm\u00fcze Hay\u0131rl\u0131 Olsun, Antren\u00f6r\u00fcm\u00fcze Ba\u015far\u0131lar Dileriz. Resmi Sitemizden Yap\u0131lan A\u00e7\u0131klama: Yeni sezon yap\u0131lanmas\u0131 kapsam\u0131nda Fenerbah\u00e7e Kad\u0131n Voleybol Tak\u0131m\u0131m\u0131z, 2008-2010 y\u0131llar\u0131nda 1,5 sezon boyunca tak\u0131m\u0131m\u0131z\u0131 da \u00e7al\u0131\u015ft\u0131ran ve 2 kez T\u00fcrkiye Ligi \u015fampiyonlu\u011fu, 1 S\u00fcper Kupa \u015fampiyonlu\u011fu kazanan, CEV Cup\u2026","rel":"","context":"&quot;T\u00fcrkiye Ligi&quot; i\u00e7inde","block_context":{"text":"T\u00fcrkiye Ligi","link":"https:\/\/sarimelekler.biz\/?cat=6"},"img":{"alt_text":"","src":"https:\/\/i0.wp.com\/sarimelekler.biz\/wp-content\/uploads\/2017\/06\/jandebrandtson538_56154_5790807.jpg?resize=350%2C200&ssl=1","width":350,"height":200,"srcset":"https:\/\/i0.wp.com\/sarimelekler.biz\/wp-content\/uploads\/2017\/06\/jandebrandtson538_56154_5790807.jpg?resize=350%2C200&ssl=1 1x, https:\/\/i0.wp.com\/sarimelekler.biz\/wp-content\/uploads\/2017\/06\/jandebrandtson538_56154_5790807.jpg?resize=525%2C300&ssl=1 1.5x"},"classes":[]},{"id":4282,"url":"https:\/\/sarimelekler.biz\/?p=4282","url_meta":{"origin":4092,"position":4},"title":"Nootsara Tomkom Yeniden Sar\u0131 Melek","author":"Edit\u00f6r","date":"28 Eyl\u00fcl 2017","format":false,"excerpt":"Kul\u00fcb\u00fcm\u00fcz\u00fcn Resmi \u0130nternet Sitesinden Yap\u0131lan A\u00e7\u0131klamada Ge\u00e7en Sezon Kadromuzda bulunan Pas\u00f6r mevkiinde oynayan Nootsara Tomkom'un Tekrar Tak\u0131m\u0131m\u0131za Kat\u0131ld\u0131\u011f\u0131 A\u00e7\u0131kland\u0131. Ba\u015far\u0131lar #Nootsara Kul\u00fcb\u00fcm\u00fczden Yap\u0131lan A\u00e7\u0131klama: Yeni sezon yap\u0131lanmas\u0131 kapsam\u0131nda Fenerbah\u00e7e Kad\u0131n Voleybol Tak\u0131m\u0131m\u0131z, ge\u00e7en sezon da formam\u0131z\u0131 giyen 7 Temmuz 1985 do\u011fumlu, Tayland\u2019l\u0131 pas\u00f6r Nootsara Tomkom ile anla\u015fma sa\u011flam\u0131\u015ft\u0131r. Nootsara Tomkom\u2019a\u2026","rel":"","context":"&quot;T\u00fcrkiye Ligi&quot; i\u00e7inde","block_context":{"text":"T\u00fcrkiye Ligi","link":"https:\/\/sarimelekler.biz\/?cat=6"},"img":{"alt_text":"","src":"https:\/\/i0.wp.com\/sarimelekler.biz\/wp-content\/uploads\/2017\/09\/tomkom-org_57418_5205052.png?resize=350%2C200&ssl=1","width":350,"height":200,"srcset":"https:\/\/i0.wp.com\/sarimelekler.biz\/wp-content\/uploads\/2017\/09\/tomkom-org_57418_5205052.png?resize=350%2C200&ssl=1 1x, https:\/\/i0.wp.com\/sarimelekler.biz\/wp-content\/uploads\/2017\/09\/tomkom-org_57418_5205052.png?resize=525%2C300&ssl=1 1.5x"},"classes":[]},{"id":4011,"url":"https:\/\/sarimelekler.biz\/?p=4011","url_meta":{"origin":4092,"position":5},"title":"Transfer G\u00fcndemi (Son G\u00fcncelleme 26.06.2017)","author":"Edit\u00f6r","date":"7 Haziran 2017","format":false,"excerpt":"2016-2017 Sezonu Vestel Ven\u00fcs Sultanlar Ligini \u015eampiyon olarak tak\u0131m\u0131m\u0131zda 2017-2017 sezonu transfer \u00e7al\u0131\u015fmalar\u0131 devam ediyor. \u00d6ncelikle tak\u0131m\u0131m\u0131zdan ayr\u0131lan oyuncular\u0131m\u0131za emekleri i\u00e7in te\u015fekk\u00fcr eder, spor hayatlar\u0131nda ba\u015far\u0131lar dileriz. Tak\u0131m\u0131m\u0131za yeni kat\u0131lan oyuncular\u0131m\u0131za sakatl\u0131ks\u0131z bol kupal\u0131 bir sezon dileriz. Marcello Abbondanza'n\u0131n ayr\u0131lmas\u0131ndan sonra antren\u00f6rl\u00fcge Bel\u00e7ika'l\u0131 Antren\u00f6r Jan De Brandt getirildi. (Resmi) Tak\u0131m\u0131m\u0131za\u2026","rel":"","context":"&quot;T\u00fcrkiye Ligi&quot; i\u00e7inde","block_context":{"text":"T\u00fcrkiye Ligi","link":"https:\/\/sarimelekler.biz\/?cat=6"},"img":{"alt_text":"","src":"https:\/\/i0.wp.com\/sarimelekler.biz\/wp-content\/uploads\/2017\/05\/mb20_55646_4714445.jpg?resize=350%2C200&ssl=1","width":350,"height":200,"srcset":"https:\/\/i0.wp.com\/sarimelekler.biz\/wp-content\/uploads\/2017\/05\/mb20_55646_4714445.jpg?resize=350%2C200&ssl=1 1x, https:\/\/i0.wp.com\/sarimelekler.biz\/wp-content\/uploads\/2017\/05\/mb20_55646_4714445.jpg?resize=525%2C300&ssl=1 1.5x, https:\/\/i0.wp.com\/sarimelekler.biz\/wp-content\/uploads\/2017\/05\/mb20_55646_4714445.jpg?resize=700%2C400&ssl=1 2x, https:\/\/i0.wp.com\/sarimelekler.biz\/wp-content\/uploads\/2017\/05\/mb20_55646_4714445.jpg?resize=1050%2C600&ssl=1 3x, https:\/\/i0.wp.com\/sarimelekler.biz\/wp-content\/uploads\/2017\/05\/mb20_55646_4714445.jpg?resize=1400%2C800&ssl=1 4x"},"classes":[]}],"_links":{"self":[{"href":"https:\/\/sarimelekler.biz\/index.php?rest_route=\/wp\/v2\/posts\/4092","targetHints":{"allow":["GET"]}}],"collection":[{"href":"https:\/\/sarimelekler.biz\/index.php?rest_route=\/wp\/v2\/posts"}],"about":[{"href":"https:\/\/sarimelekler.biz\/index.php?rest_route=\/wp\/v2\/types\/post"}],"author":[{"embeddable":true,"href":"https:\/\/sarimelekler.biz\/index.php?rest_route=\/wp\/v2\/users\/1"}],"replies":[{"embeddable":true,"href":"https:\/\/sarimelekler.biz\/index.php?rest_route=%2Fwp%2Fv2%2Fcomments&post=4092"}],"version-history":[{"count":1,"href":"https:\/\/sarimelekler.biz\/index.php?rest_route=\/wp\/v2\/posts\/4092\/revisions"}],"predecessor-version":[{"id":4094,"href":"https:\/\/sarimelekler.biz\/index.php?rest_route=\/wp\/v2\/posts\/4092\/revisions\/4094"}],"wp:featuredmedia":[{"embeddable":true,"href":"https:\/\/sarimelekler.biz\/index.php?rest_route=\/wp\/v2\/media\/4093"}],"wp:attachment":[{"href":"https:\/\/sarimelekler.biz\/index.php?rest_route=%2Fwp%2Fv2%2Fmedia&parent=4092"}],"wp:term":[{"taxonomy":"category","embeddable":true,"href":"https:\/\/sarimelekler.biz\/index.php?rest_route=%2Fwp%2Fv2%2Fcategories&post=4092"},{"taxonomy":"post_tag","embeddable":true,"href":"https:\/\/sarimelekler.biz\/index.php?rest_route=%2Fwp%2Fv2%2Ftags&post=4092"}],"curies":[{"name":"wp","href":"https:\/\/api.w.org\/{rel}","templated":true}]}}