{"id":4097,"date":"2017-06-14T01:55:29","date_gmt":"2017-06-13T22:55:29","guid":{"rendered":"http:\/\/sarimelekler.biz\/?p=4097"},"modified":"2017-06-14T01:57:05","modified_gmt":"2017-06-13T22:57:05","slug":"mia-jerkov-bu-formayi-giyecek-olmaktan-dolayi-gurur-duyuyorum","status":"publish","type":"post","link":"https:\/\/sarimelekler.biz\/?p=4097","title":{"rendered":"Mia Jerkov: &#8220;Bu formay\u0131 giyecek olmaktan dolay\u0131 gurur duyuyorum&#8221;"},"content":{"rendered":"<p style=\"text-align: justify;\">Kad\u0131n Voleybol Tak\u0131m\u0131m\u0131z\u0131n yeni sma\u00e7\u00f6r\u00fc Mia Jerkov, transferine ili\u015fkin ilk a\u00e7\u0131klamalar\u0131 Fenerbah\u00e7e Spor Kul\u00fcb\u00fcm\u00fcz <a href=\"http:\/\/www.fenerbahce.org\/detay.asp?ContentID=56295\" target=\"_blank\" rel=\"noopener noreferrer\">Resmi \u0130nternet Sitesi<\/a>ne yapt\u0131.<\/p>\n<p style=\"text-align: justify;\">Fenerbah\u00e7e gibi b\u00fcy\u00fck bir kul\u00fcb\u00fcn formas\u0131n\u0131 giyecek olmaktan dolay\u0131 gurur duydu\u011funu dile getiren Mia Jerkov, &#8220;Fenerbah\u00e7e\u2019de olmaktan dolay\u0131 b\u00fcy\u00fck bir gurur duyuyorum. Sar\u0131 Meleklerin bir par\u00e7as\u0131 olacak olmaktan dolay\u0131 \u00e7ok mutluyum. Fenerbah\u00e7e ve Fenerbah\u00e7e taraftar\u0131 hakk\u0131nda \u00e7ok fazla bilgi sahibiyim. Burada oynayaca\u011f\u0131m i\u00e7in kendimi \u015fansl\u0131 hissediyorum. Tak\u0131m arkada\u015flar\u0131m\u0131n bir\u00e7o\u011funu ki\u015fisel olarak da tan\u0131yorum. Bir arada oynayacak olmay\u0131 ve birlikte \u00e7al\u0131\u015fmay\u0131 sab\u0131rs\u0131zl\u0131kla bekliyorum.\u201d dedi.<\/p>\n<p style=\"text-align: justify;\">Fenerbah\u00e7e gibi b\u00fcy\u00fck bir kul\u00fcb\u00fcn formas\u0131n\u0131 giyecek olmaktan dolay\u0131 gurur duydu\u011funu dile getiren Mia Jerkov, &#8220;Fenerbah\u00e7e\u2019de olmaktan dolay\u0131 b\u00fcy\u00fck bir gurur duyuyorum. Sar\u0131 Meleklerin bir par\u00e7as\u0131 olacak olmaktan dolay\u0131 \u00e7ok mutluyum. Fenerbah\u00e7e ve Fenerbah\u00e7e taraftar\u0131 hakk\u0131nda \u00e7ok fazla bilgi sahibiyim. Burada oynayaca\u011f\u0131m i\u00e7in kendimi \u015fansl\u0131 hissediyorum. Tak\u0131m arkada\u015flar\u0131m\u0131n bir\u00e7o\u011funu ki\u015fisel olarak da tan\u0131yorum. Bir arada oynayacak olmay\u0131 ve birlikte \u00e7al\u0131\u015fmay\u0131 sab\u0131rs\u0131zl\u0131kla bekliyorum.\u201d dedi.<\/p>\n<p style=\"text-align: justify;\"><a href=\"https:\/\/streamable.com\/bks13\" target=\"_blank\" rel=\"noopener noreferrer\">Video<\/a><\/p>\n\n\t\t<style type=\"text\/css\">\n\t\t\t#gallery-1 {\n\t\t\t\tmargin: auto;\n\t\t\t}\n\t\t\t#gallery-1 .gallery-item {\n\t\t\t\tfloat: left;\n\t\t\t\tmargin-top: 10px;\n\t\t\t\ttext-align: center;\n\t\t\t\twidth: 25%;\n\t\t\t}\n\t\t\t#gallery-1 img {\n\t\t\t\tborder: 2px solid #cfcfcf;\n\t\t\t}\n\t\t\t#gallery-1 .gallery-caption {\n\t\t\t\tmargin-left: 0;\n\t\t\t}\n\t\t\t\/* see gallery_shortcode() in wp-includes\/media.php *\/\n\t\t<\/style>\n\t\t<div data-carousel-extra='{&quot;blog_id&quot;:1,&quot;permalink&quot;:&quot;https:\/\/sarimelekler.biz\/?p=4097&quot;}' id='gallery-1' class='gallery galleryid-4097 gallery-columns-4 gallery-size-thumbnail'><dl class='gallery-item'>\n\t\t\t<dt class='gallery-icon landscape'>\n\t\t\t\t<a href='https:\/\/sarimelekler.biz\/?attachment_id=4098'><img loading=\"lazy\" decoding=\"async\" width=\"150\" height=\"150\" src=\"https:\/\/sarimelekler.biz\/wp-content\/uploads\/2017\/06\/mb1_56295_4962747-150x150.jpg\" class=\"attachment-thumbnail size-thumbnail\" alt=\"\" data-attachment-id=\"4098\" data-permalink=\"https:\/\/sarimelekler.biz\/?attachment_id=4098\" data-orig-file=\"https:\/\/sarimelekler.biz\/wp-content\/uploads\/2017\/06\/mb1_56295_4962747.jpg\" data-orig-size=\"2500,2068\" data-comments-opened=\"0\" data-image-meta=\"{&quot;aperture&quot;:&quot;9&quot;,&quot;credit&quot;:&quot;&quot;,&quot;camera&quot;:&quot;Canon EOS-1D X&quot;,&quot;caption&quot;:&quot;&quot;,&quot;created_timestamp&quot;:&quot;1497352596&quot;,&quot;copyright&quot;:&quot;&quot;,&quot;focal_length&quot;:&quot;70&quot;,&quot;iso&quot;:&quot;200&quot;,&quot;shutter_speed&quot;:&quot;0.004&quot;,&quot;title&quot;:&quot;&quot;,&quot;orientation&quot;:&quot;1&quot;}\" data-image-title=\"mb1_56295_4962747\" data-image-description=\"\" data-image-caption=\"\" data-large-file=\"https:\/\/sarimelekler.biz\/wp-content\/uploads\/2017\/06\/mb1_56295_4962747-1024x847.jpg\" \/><\/a>\n\t\t\t<\/dt><\/dl><dl class='gallery-item'>\n\t\t\t<dt class='gallery-icon landscape'>\n\t\t\t\t<a href='https:\/\/sarimelekler.biz\/?attachment_id=4099'><img loading=\"lazy\" decoding=\"async\" width=\"150\" height=\"150\" src=\"https:\/\/sarimelekler.biz\/wp-content\/uploads\/2017\/06\/mb3_56295_4962836-150x150.jpg\" class=\"attachment-thumbnail size-thumbnail\" alt=\"\" data-attachment-id=\"4099\" data-permalink=\"https:\/\/sarimelekler.biz\/?attachment_id=4099\" data-orig-file=\"https:\/\/sarimelekler.biz\/wp-content\/uploads\/2017\/06\/mb3_56295_4962836.jpg\" data-orig-size=\"2500,2164\" data-comments-opened=\"0\" data-image-meta=\"{&quot;aperture&quot;:&quot;9&quot;,&quot;credit&quot;:&quot;&quot;,&quot;camera&quot;:&quot;Canon EOS-1D X&quot;,&quot;caption&quot;:&quot;&quot;,&quot;created_timestamp&quot;:&quot;1497353709&quot;,&quot;copyright&quot;:&quot;&quot;,&quot;focal_length&quot;:&quot;70&quot;,&quot;iso&quot;:&quot;200&quot;,&quot;shutter_speed&quot;:&quot;0.005&quot;,&quot;title&quot;:&quot;&quot;,&quot;orientation&quot;:&quot;1&quot;}\" data-image-title=\"mb3_56295_4962836\" data-image-description=\"\" data-image-caption=\"\" data-large-file=\"https:\/\/sarimelekler.biz\/wp-content\/uploads\/2017\/06\/mb3_56295_4962836-1024x886.jpg\" \/><\/a>\n\t\t\t<\/dt><\/dl><dl class='gallery-item'>\n\t\t\t<dt class='gallery-icon landscape'>\n\t\t\t\t<a href='https:\/\/sarimelekler.biz\/?attachment_id=4100'><img loading=\"lazy\" decoding=\"async\" width=\"150\" height=\"150\" src=\"https:\/\/sarimelekler.biz\/wp-content\/uploads\/2017\/06\/mb4_56295_4962934-150x150.jpg\" class=\"attachment-thumbnail size-thumbnail\" alt=\"\" data-attachment-id=\"4100\" data-permalink=\"https:\/\/sarimelekler.biz\/?attachment_id=4100\" data-orig-file=\"https:\/\/sarimelekler.biz\/wp-content\/uploads\/2017\/06\/mb4_56295_4962934.jpg\" data-orig-size=\"2500,1756\" data-comments-opened=\"0\" data-image-meta=\"{&quot;aperture&quot;:&quot;9&quot;,&quot;credit&quot;:&quot;&quot;,&quot;camera&quot;:&quot;Canon EOS-1D X&quot;,&quot;caption&quot;:&quot;&quot;,&quot;created_timestamp&quot;:&quot;1497353665&quot;,&quot;copyright&quot;:&quot;&quot;,&quot;focal_length&quot;:&quot;70&quot;,&quot;iso&quot;:&quot;200&quot;,&quot;shutter_speed&quot;:&quot;0.005&quot;,&quot;title&quot;:&quot;&quot;,&quot;orientation&quot;:&quot;1&quot;}\" data-image-title=\"mb4_56295_4962934\" data-image-description=\"\" data-image-caption=\"\" data-large-file=\"https:\/\/sarimelekler.biz\/wp-content\/uploads\/2017\/06\/mb4_56295_4962934-1024x719.jpg\" \/><\/a>\n\t\t\t<\/dt><\/dl><dl class='gallery-item'>\n\t\t\t<dt class='gallery-icon landscape'>\n\t\t\t\t<a href='https:\/\/sarimelekler.biz\/?attachment_id=4101'><img loading=\"lazy\" decoding=\"async\" width=\"150\" height=\"150\" src=\"https:\/\/sarimelekler.biz\/wp-content\/uploads\/2017\/06\/mb5_56295_4963028-150x150.jpg\" class=\"attachment-thumbnail size-thumbnail\" alt=\"\" data-attachment-id=\"4101\" data-permalink=\"https:\/\/sarimelekler.biz\/?attachment_id=4101\" data-orig-file=\"https:\/\/sarimelekler.biz\/wp-content\/uploads\/2017\/06\/mb5_56295_4963028.jpg\" data-orig-size=\"2500,2296\" data-comments-opened=\"0\" data-image-meta=\"{&quot;aperture&quot;:&quot;3.5&quot;,&quot;credit&quot;:&quot;&quot;,&quot;camera&quot;:&quot;Canon EOS-1D X&quot;,&quot;caption&quot;:&quot;&quot;,&quot;created_timestamp&quot;:&quot;1497353485&quot;,&quot;copyright&quot;:&quot;&quot;,&quot;focal_length&quot;:&quot;80&quot;,&quot;iso&quot;:&quot;500&quot;,&quot;shutter_speed&quot;:&quot;0.005&quot;,&quot;title&quot;:&quot;&quot;,&quot;orientation&quot;:&quot;1&quot;}\" data-image-title=\"mb5_56295_4963028\" data-image-description=\"\" data-image-caption=\"\" data-large-file=\"https:\/\/sarimelekler.biz\/wp-content\/uploads\/2017\/06\/mb5_56295_4963028-1024x940.jpg\" \/><\/a>\n\t\t\t<\/dt><\/dl><br style=\"clear: both\" \/><dl class='gallery-item'>\n\t\t\t<dt class='gallery-icon landscape'>\n\t\t\t\t<a href='https:\/\/sarimelekler.biz\/?attachment_id=4102'><img loading=\"lazy\" decoding=\"async\" width=\"150\" height=\"150\" src=\"https:\/\/sarimelekler.biz\/wp-content\/uploads\/2017\/06\/mb6_56295_4963127-150x150.jpg\" class=\"attachment-thumbnail size-thumbnail\" alt=\"\" data-attachment-id=\"4102\" data-permalink=\"https:\/\/sarimelekler.biz\/?attachment_id=4102\" data-orig-file=\"https:\/\/sarimelekler.biz\/wp-content\/uploads\/2017\/06\/mb6_56295_4963127.jpg\" data-orig-size=\"2500,2077\" data-comments-opened=\"0\" data-image-meta=\"{&quot;aperture&quot;:&quot;4&quot;,&quot;credit&quot;:&quot;&quot;,&quot;camera&quot;:&quot;Canon EOS-1D X&quot;,&quot;caption&quot;:&quot;&quot;,&quot;created_timestamp&quot;:&quot;1497353160&quot;,&quot;copyright&quot;:&quot;&quot;,&quot;focal_length&quot;:&quot;21&quot;,&quot;iso&quot;:&quot;400&quot;,&quot;shutter_speed&quot;:&quot;0.005&quot;,&quot;title&quot;:&quot;&quot;,&quot;orientation&quot;:&quot;1&quot;}\" data-image-title=\"mb6_56295_4963127\" data-image-description=\"\" data-image-caption=\"\" data-large-file=\"https:\/\/sarimelekler.biz\/wp-content\/uploads\/2017\/06\/mb6_56295_4963127-1024x851.jpg\" \/><\/a>\n\t\t\t<\/dt><\/dl><dl class='gallery-item'>\n\t\t\t<dt class='gallery-icon landscape'>\n\t\t\t\t<a href='https:\/\/sarimelekler.biz\/?attachment_id=4103'><img loading=\"lazy\" decoding=\"async\" width=\"150\" height=\"150\" src=\"https:\/\/sarimelekler.biz\/wp-content\/uploads\/2017\/06\/mb7_56295_496323-150x150.jpg\" class=\"attachment-thumbnail size-thumbnail\" alt=\"\" data-attachment-id=\"4103\" data-permalink=\"https:\/\/sarimelekler.biz\/?attachment_id=4103\" data-orig-file=\"https:\/\/sarimelekler.biz\/wp-content\/uploads\/2017\/06\/mb7_56295_496323.jpg\" data-orig-size=\"2500,2279\" data-comments-opened=\"0\" data-image-meta=\"{&quot;aperture&quot;:&quot;5&quot;,&quot;credit&quot;:&quot;&quot;,&quot;camera&quot;:&quot;Canon EOS-1D X&quot;,&quot;caption&quot;:&quot;&quot;,&quot;created_timestamp&quot;:&quot;1497352723&quot;,&quot;copyright&quot;:&quot;&quot;,&quot;focal_length&quot;:&quot;70&quot;,&quot;iso&quot;:&quot;200&quot;,&quot;shutter_speed&quot;:&quot;0.004&quot;,&quot;title&quot;:&quot;&quot;,&quot;orientation&quot;:&quot;1&quot;}\" data-image-title=\"mb7_56295_496323\" data-image-description=\"\" data-image-caption=\"\" data-large-file=\"https:\/\/sarimelekler.biz\/wp-content\/uploads\/2017\/06\/mb7_56295_496323-1024x933.jpg\" \/><\/a>\n\t\t\t<\/dt><\/dl><dl class='gallery-item'>\n\t\t\t<dt class='gallery-icon landscape'>\n\t\t\t\t<a href='https:\/\/sarimelekler.biz\/?attachment_id=4104'><img loading=\"lazy\" decoding=\"async\" width=\"150\" height=\"150\" src=\"https:\/\/sarimelekler.biz\/wp-content\/uploads\/2017\/06\/mb8_56295_4963332-150x150.jpg\" class=\"attachment-thumbnail size-thumbnail\" alt=\"\" srcset=\"https:\/\/sarimelekler.biz\/wp-content\/uploads\/2017\/06\/mb8_56295_4963332-150x150.jpg 150w, https:\/\/sarimelekler.biz\/wp-content\/uploads\/2017\/06\/mb8_56295_4963332-300x298.jpg 300w, https:\/\/sarimelekler.biz\/wp-content\/uploads\/2017\/06\/mb8_56295_4963332-768x764.jpg 768w, https:\/\/sarimelekler.biz\/wp-content\/uploads\/2017\/06\/mb8_56295_4963332-1024x1018.jpg 1024w\" sizes=\"auto, (max-width: 150px) 100vw, 150px\" data-attachment-id=\"4104\" data-permalink=\"https:\/\/sarimelekler.biz\/?attachment_id=4104\" data-orig-file=\"https:\/\/sarimelekler.biz\/wp-content\/uploads\/2017\/06\/mb8_56295_4963332.jpg\" data-orig-size=\"2500,2486\" data-comments-opened=\"0\" data-image-meta=\"{&quot;aperture&quot;:&quot;5&quot;,&quot;credit&quot;:&quot;&quot;,&quot;camera&quot;:&quot;Canon EOS-1D X&quot;,&quot;caption&quot;:&quot;&quot;,&quot;created_timestamp&quot;:&quot;1497352711&quot;,&quot;copyright&quot;:&quot;&quot;,&quot;focal_length&quot;:&quot;70&quot;,&quot;iso&quot;:&quot;200&quot;,&quot;shutter_speed&quot;:&quot;0.004&quot;,&quot;title&quot;:&quot;&quot;,&quot;orientation&quot;:&quot;1&quot;}\" data-image-title=\"mb8_56295_4963332\" data-image-description=\"\" data-image-caption=\"\" data-large-file=\"https:\/\/sarimelekler.biz\/wp-content\/uploads\/2017\/06\/mb8_56295_4963332-1024x1018.jpg\" \/><\/a>\n\t\t\t<\/dt><\/dl><dl class='gallery-item'>\n\t\t\t<dt class='gallery-icon landscape'>\n\t\t\t\t<a href='https:\/\/sarimelekler.biz\/?attachment_id=4105'><img loading=\"lazy\" decoding=\"async\" width=\"150\" height=\"150\" src=\"https:\/\/sarimelekler.biz\/wp-content\/uploads\/2017\/06\/mb9_56295_4963432-150x150.jpg\" class=\"attachment-thumbnail size-thumbnail\" alt=\"\" data-attachment-id=\"4105\" data-permalink=\"https:\/\/sarimelekler.biz\/?attachment_id=4105\" data-orig-file=\"https:\/\/sarimelekler.biz\/wp-content\/uploads\/2017\/06\/mb9_56295_4963432.jpg\" data-orig-size=\"2500,1954\" data-comments-opened=\"0\" data-image-meta=\"{&quot;aperture&quot;:&quot;8&quot;,&quot;credit&quot;:&quot;&quot;,&quot;camera&quot;:&quot;Canon EOS-1D X&quot;,&quot;caption&quot;:&quot;&quot;,&quot;created_timestamp&quot;:&quot;1497352943&quot;,&quot;copyright&quot;:&quot;&quot;,&quot;focal_length&quot;:&quot;70&quot;,&quot;iso&quot;:&quot;200&quot;,&quot;shutter_speed&quot;:&quot;0.005&quot;,&quot;title&quot;:&quot;&quot;,&quot;orientation&quot;:&quot;1&quot;}\" data-image-title=\"mb9_56295_4963432\" data-image-description=\"\" data-image-caption=\"\" data-large-file=\"https:\/\/sarimelekler.biz\/wp-content\/uploads\/2017\/06\/mb9_56295_4963432-1024x800.jpg\" \/><\/a>\n\t\t\t<\/dt><\/dl><br style=\"clear: both\" \/>\n\t\t<\/div>\n\n","protected":false},"excerpt":{"rendered":"<p>Kad\u0131n Voleybol Tak\u0131m\u0131m\u0131z\u0131n yeni sma\u00e7\u00f6r\u00fc Mia Jerkov, transferine ili\u015fkin ilk \u2026 <a class=\"continue-reading-link\" href=\"https:\/\/sarimelekler.biz\/?p=4097\">Okumaya Devam Et.. <span class=\"meta-nav\">&rarr; <\/span><\/a><\/p>\n","protected":false},"author":1,"featured_media":4105,"comment_status":"closed","ping_status":"open","sticky":false,"template":"","format":"standard","meta":{"jetpack_post_was_ever_published":false,"_jetpack_newsletter_access":"","_jetpack_dont_email_post_to_subs":false,"_jetpack_newsletter_tier_id":0,"_jetpack_memberships_contains_paywalled_content":false,"_jetpack_memberships_contains_paid_content":false,"footnotes":"","jetpack_publicize_message":"","jetpack_publicize_feature_enabled":true,"jetpack_social_post_already_shared":true,"jetpack_social_options":{"image_generator_settings":{"template":"highway","default_image_id":0,"font":"","enabled":false},"version":2}},"categories":[6],"tags":[],"class_list":["post-4097","post","type-post","status-publish","format-standard","has-post-thumbnail","hentry","category-turkiye-ligi"],"jetpack_publicize_connections":[],"jetpack_featured_media_url":"https:\/\/sarimelekler.biz\/wp-content\/uploads\/2017\/06\/mb9_56295_4963432.jpg","jetpack_sharing_enabled":true,"jetpack_shortlink":"https:\/\/wp.me\/p8npUZ-145","jetpack-related-posts":[{"id":15730,"url":"https:\/\/sarimelekler.biz\/?p=15730","url_meta":{"origin":4097,"position":0},"title":"Melissa Vargas: Fenerbah\u00e7e\u2019yi, Bu B\u00fcy\u00fck Kul\u00fcb\u00fc, Bu G\u00fczel Aileyi \u00c7ok \u00d6zleyece\u011fim","author":"Edit\u00f6r","date":"22 Nisan 2021","format":false,"excerpt":"Tak\u0131m\u0131m\u0131zdan ayr\u0131lan Melissa Vargas Kul\u00fcb\u00fcm\u00fcz\u00fcn resmi internet sitesine bir r\u00f6portaj verdi, Melisa Vargas\u2019\u0131n A\u00e7\u0131klamalar\u0131: 2018-19 sezonundan bu yana Fenerbah\u00e7e Opet Kad\u0131n Voleybol Tak\u0131m\u0131m\u0131z\u0131n formas\u0131n\u0131 giyen Melissa Vargas, Kul\u00fcb\u00fcm\u00fcze veda edi\u015finin ard\u0131ndan \u00f6zel a\u00e7\u0131klamalarda bulundu. Fenerbah\u00e7e ailesinin bir par\u00e7as\u0131 olmaktan dolay\u0131 mutlu ve gururlu oldu\u011funu dile getiren Melissa Vargas\u2019\u0131n yapt\u0131\u011f\u0131 a\u00e7\u0131klama\u2026","rel":"","context":"&quot;Resmi Site R\u00f6portajlar\u0131&quot; i\u00e7inde","block_context":{"text":"Resmi Site R\u00f6portajlar\u0131","link":"https:\/\/sarimelekler.biz\/?cat=17"},"img":{"alt_text":"","src":"https:\/\/i0.wp.com\/sarimelekler.biz\/wp-content\/uploads\/2021\/04\/Vargas-Veda-5-scaled.jpg?resize=350%2C200&ssl=1","width":350,"height":200,"srcset":"https:\/\/i0.wp.com\/sarimelekler.biz\/wp-content\/uploads\/2021\/04\/Vargas-Veda-5-scaled.jpg?resize=350%2C200&ssl=1 1x, https:\/\/i0.wp.com\/sarimelekler.biz\/wp-content\/uploads\/2021\/04\/Vargas-Veda-5-scaled.jpg?resize=525%2C300&ssl=1 1.5x, https:\/\/i0.wp.com\/sarimelekler.biz\/wp-content\/uploads\/2021\/04\/Vargas-Veda-5-scaled.jpg?resize=700%2C400&ssl=1 2x, https:\/\/i0.wp.com\/sarimelekler.biz\/wp-content\/uploads\/2021\/04\/Vargas-Veda-5-scaled.jpg?resize=1050%2C600&ssl=1 3x, https:\/\/i0.wp.com\/sarimelekler.biz\/wp-content\/uploads\/2021\/04\/Vargas-Veda-5-scaled.jpg?resize=1400%2C800&ssl=1 4x"},"classes":[]},{"id":4277,"url":"https:\/\/sarimelekler.biz\/?p=4277","url_meta":{"origin":4097,"position":1},"title":"Mia Jerkov: \u201cM\u00fckemmel bir yerdeyiz\u201d","author":"Edit\u00f6r","date":"28 Eyl\u00fcl 2017","format":false,"excerpt":"Topuk Yaylas\u0131nda ger\u00e7ekle\u015fen Kampla ilgili Fenerbah\u00e7e Resmi \u0130nternet Sitesine a\u00e7\u0131klamalarda bulunan oyuncular\u0131m\u0131zdan Mia Jerkov, Fenerbah\u00e7e\u2019nin bir par\u00e7as\u0131 olmaktan dolay\u0131 \u00e7ok mutlu oldu\u011funu s\u00f6yledi. Herkesin \u00e7ok misafirperver oldu\u011funa dikkat \u00e7eken deneyimli sma\u00e7\u00f6r, \u201cTesisler \u00e7ok g\u00fczel. M\u00fckemmel bir yerdeyiz. Hedefimiz kupalar ve bu yolda ad\u0131m ad\u0131m ilerleyece\u011fiz\u201d dedi. Kaynak:\u00a0Fenerbah\u00e7e Spor Kul\u00fcb\u00fc Resmi\u2026","rel":"","context":"&quot;T\u00fcrkiye Ligi&quot; i\u00e7inde","block_context":{"text":"T\u00fcrkiye Ligi","link":"https:\/\/sarimelekler.biz\/?cat=6"},"img":{"alt_text":"","src":"https:\/\/i0.wp.com\/sarimelekler.biz\/wp-content\/uploads\/2017\/09\/de6p4289_57404_510123.jpg?resize=350%2C200&ssl=1","width":350,"height":200,"srcset":"https:\/\/i0.wp.com\/sarimelekler.biz\/wp-content\/uploads\/2017\/09\/de6p4289_57404_510123.jpg?resize=350%2C200&ssl=1 1x, https:\/\/i0.wp.com\/sarimelekler.biz\/wp-content\/uploads\/2017\/09\/de6p4289_57404_510123.jpg?resize=525%2C300&ssl=1 1.5x, https:\/\/i0.wp.com\/sarimelekler.biz\/wp-content\/uploads\/2017\/09\/de6p4289_57404_510123.jpg?resize=700%2C400&ssl=1 2x, https:\/\/i0.wp.com\/sarimelekler.biz\/wp-content\/uploads\/2017\/09\/de6p4289_57404_510123.jpg?resize=1050%2C600&ssl=1 3x, https:\/\/i0.wp.com\/sarimelekler.biz\/wp-content\/uploads\/2017\/09\/de6p4289_57404_510123.jpg?resize=1400%2C800&ssl=1 4x"},"classes":[]},{"id":7124,"url":"https:\/\/sarimelekler.biz\/?p=7124","url_meta":{"origin":4097,"position":2},"title":"Samantha Bricio: Fenerbah\u00e7e\u2019de oynamak, \u0130stanbul\u2019da ya\u015famak istedim","author":"Edit\u00f6r","date":"22 Ekim 2018","format":false,"excerpt":"Fenerbah\u00e7e Kad\u0131n Voleybol Tak\u0131m\u0131m\u0131z\u0131n yeni transferi Samantha Bricio, Fenerbah\u00e7e Spor Kul\u00fcb\u00fcm\u00fcz\u00fcn Resmi \u0130nternet Sitesine a\u00e7\u0131klamalarda bulundu. Meksika milli tak\u0131m formas\u0131yla Voleybol Kad\u0131nlar D\u00fcnya \u015eampiyonas\u0131'nda m\u00fccadele eden yeni transferlerimizden Samantha Bricio, d\u00fcn (21.10.2018) itibariyle \u0130stanbul\u2019a geldi. \u00c7ubuklu formay\u0131 giyen Fenerbah\u00e7e Kad\u0131n Voleybol Tak\u0131m\u0131m\u0131z\u0131n 24 ya\u015f\u0131ndaki yeni oyuncusu, burada olmaktan dolay\u0131 \u00e7ok\u2026","rel":"","context":"&quot;Resmi Site R\u00f6portajlar\u0131&quot; i\u00e7inde","block_context":{"text":"Resmi Site R\u00f6portajlar\u0131","link":"https:\/\/sarimelekler.biz\/?cat=17"},"img":{"alt_text":"","src":"https:\/\/i0.wp.com\/sarimelekler.biz\/wp-content\/uploads\/2018\/10\/Bricio-Ekim-3.jpg?resize=350%2C200&ssl=1","width":350,"height":200,"srcset":"https:\/\/i0.wp.com\/sarimelekler.biz\/wp-content\/uploads\/2018\/10\/Bricio-Ekim-3.jpg?resize=350%2C200&ssl=1 1x, https:\/\/i0.wp.com\/sarimelekler.biz\/wp-content\/uploads\/2018\/10\/Bricio-Ekim-3.jpg?resize=525%2C300&ssl=1 1.5x, https:\/\/i0.wp.com\/sarimelekler.biz\/wp-content\/uploads\/2018\/10\/Bricio-Ekim-3.jpg?resize=700%2C400&ssl=1 2x, https:\/\/i0.wp.com\/sarimelekler.biz\/wp-content\/uploads\/2018\/10\/Bricio-Ekim-3.jpg?resize=1050%2C600&ssl=1 3x, https:\/\/i0.wp.com\/sarimelekler.biz\/wp-content\/uploads\/2018\/10\/Bricio-Ekim-3.jpg?resize=1400%2C800&ssl=1 4x"},"classes":[]},{"id":11819,"url":"https:\/\/sarimelekler.biz\/?p=11819","url_meta":{"origin":4097,"position":3},"title":"Brankica Mihajlovic: &#8220;Yeniden Burada Olmak Harika.&#8221;","author":"Edit\u00f6r","date":"17 Eyl\u00fcl 2019","format":false,"excerpt":"Fenerbah\u00e7e Opet Kad\u0131n Voleybol Tak\u0131m\u0131m\u0131z yeni transferi Brankica Mihajlovic, kul\u00fcb\u00fcm\u00fcz\u00fcn resmi internet sitesine a\u00e7\u0131klamalarda bulundu. Yeniden Fenerbah\u00e7e formas\u0131 giyecek olmaktan dolay\u0131 mutlu ve heyecanl\u0131 oldu\u011funu s\u00f6yleyen Brankica Mihajlovic; S\u0131rbistan Kad\u0131n Milli Voleybol Tak\u0131m\u0131yla kazand\u0131\u011f\u0131 Avrupa \u015fampiyonlu\u011funu da de\u011ferlendirdi. Yeniden Fenerbah\u00e7e formas\u0131 giyecek olmaktan dolay\u0131 mutlu oldu\u011funu dile getirerek s\u00f6zlerine ba\u015flayan\u2026","rel":"","context":"&quot;Haberler&quot; i\u00e7inde","block_context":{"text":"Haberler","link":"https:\/\/sarimelekler.biz\/?cat=7"},"img":{"alt_text":"","src":"https:\/\/i0.wp.com\/sarimelekler.biz\/wp-content\/uploads\/2019\/09\/Mihajlovic-2019-20-3.jpg?resize=350%2C200&ssl=1","width":350,"height":200,"srcset":"https:\/\/i0.wp.com\/sarimelekler.biz\/wp-content\/uploads\/2019\/09\/Mihajlovic-2019-20-3.jpg?resize=350%2C200&ssl=1 1x, https:\/\/i0.wp.com\/sarimelekler.biz\/wp-content\/uploads\/2019\/09\/Mihajlovic-2019-20-3.jpg?resize=525%2C300&ssl=1 1.5x, https:\/\/i0.wp.com\/sarimelekler.biz\/wp-content\/uploads\/2019\/09\/Mihajlovic-2019-20-3.jpg?resize=700%2C400&ssl=1 2x, https:\/\/i0.wp.com\/sarimelekler.biz\/wp-content\/uploads\/2019\/09\/Mihajlovic-2019-20-3.jpg?resize=1050%2C600&ssl=1 3x, https:\/\/i0.wp.com\/sarimelekler.biz\/wp-content\/uploads\/2019\/09\/Mihajlovic-2019-20-3.jpg?resize=1400%2C800&ssl=1 4x"},"classes":[]},{"id":6589,"url":"https:\/\/sarimelekler.biz\/?p=6589","url_meta":{"origin":4097,"position":4},"title":"S\u0131la \u00c7al\u0131\u015fkan: \u201c\u00c7ocukluk hayalim ger\u00e7ek oldu\u201d","author":"Edit\u00f6r","date":"2 A\u011fustos 2018","format":false,"excerpt":"Fenerbah\u00e7e Bayan Voleybol Tak\u0131m\u0131m\u0131z\u0131n yeni transferi S\u0131la \u00c7al\u0131\u015fkan ile Fenerbah\u00e7e Dergisi\u2019nin A\u011fustos 2018 say\u0131s\u0131nda bir r\u00f6portaj ger\u00e7ekle\u015ftirildi. R\u00f6portaj\u0131n Resmi Sitemizden Yay\u0131nlanan B\u00f6l\u00fcm\u00fc: S\u0131la \u00c7al\u0131\u015fkan: \u201c\u00c7ocukluk hayalim ger\u00e7ek oldu\u201d S\u0131la \u00c7al\u0131\u015fkan ismini \u00f6zellikle de son d\u00f6nemde duymayan\u0131m\u0131z yoktur; peki, kendisinin \u00e7ok pozitif, iyi bir yabanc\u0131 dizi izleyicisi, tam bir tatl\u0131 sevdal\u0131s\u0131\u2026","rel":"","context":"&quot;Dergi R\u00f6portajlar\u0131&quot; i\u00e7inde","block_context":{"text":"Dergi R\u00f6portajlar\u0131","link":"https:\/\/sarimelekler.biz\/?cat=15"},"img":{"alt_text":"","src":"https:\/\/i0.wp.com\/sarimelekler.biz\/wp-content\/uploads\/2018\/08\/de6p3591_61178_5696924.jpg?resize=350%2C200&ssl=1","width":350,"height":200,"srcset":"https:\/\/i0.wp.com\/sarimelekler.biz\/wp-content\/uploads\/2018\/08\/de6p3591_61178_5696924.jpg?resize=350%2C200&ssl=1 1x, https:\/\/i0.wp.com\/sarimelekler.biz\/wp-content\/uploads\/2018\/08\/de6p3591_61178_5696924.jpg?resize=525%2C300&ssl=1 1.5x, https:\/\/i0.wp.com\/sarimelekler.biz\/wp-content\/uploads\/2018\/08\/de6p3591_61178_5696924.jpg?resize=700%2C400&ssl=1 2x, https:\/\/i0.wp.com\/sarimelekler.biz\/wp-content\/uploads\/2018\/08\/de6p3591_61178_5696924.jpg?resize=1050%2C600&ssl=1 3x, https:\/\/i0.wp.com\/sarimelekler.biz\/wp-content\/uploads\/2018\/08\/de6p3591_61178_5696924.jpg?resize=1400%2C800&ssl=1 4x"},"classes":[]},{"id":6527,"url":"https:\/\/sarimelekler.biz\/?p=6527","url_meta":{"origin":4097,"position":5},"title":"Fatma Y\u0131ld\u0131r\u0131m: &#8220;\u00d6nemli hedefleri olan bir camian\u0131n par\u00e7as\u0131 olmak gurur verici&#8221;","author":"Edit\u00f6r","date":"4 Temmuz 2018","format":false,"excerpt":"Fenerbah\u00e7e Bayan Voleybol Tak\u0131m\u0131m\u0131z\u0131n yeni transferi Fatma Y\u0131ld\u0131r\u0131m, Fenerbah\u00e7e Spor Kul\u00fcb\u00fcm\u00fcz\u00fcn Resmi \u0130nternet Sitesine a\u00e7\u0131klamalarda bulundu. Fenerbah\u00e7e gibi b\u00fcy\u00fck hedefleri olan, b\u00fcy\u00fck bir camian\u0131n par\u00e7as\u0131 olmaktan dolay\u0131 duydu\u011fu gururu dile getiren Fatma Y\u0131ld\u0131r\u0131m; tak\u0131m\u0131m\u0131z\u0131n bu sezon t\u00fcm kupalara talip oldu\u011funu da s\u00f6yledi. \u00d6nemli hedefleri olan bir camiaya geldi\u011fi i\u00e7in mutlu\u2026","rel":"","context":"&quot;Resmi Site R\u00f6portajlar\u0131&quot; i\u00e7inde","block_context":{"text":"Resmi Site R\u00f6portajlar\u0131","link":"https:\/\/sarimelekler.biz\/?cat=17"},"img":{"alt_text":"","src":"https:\/\/i0.wp.com\/sarimelekler.biz\/wp-content\/uploads\/2018\/07\/Fatma-Y%C4%B1ld%C4%B1r%C4%B1m-3.jpg?resize=350%2C200&ssl=1","width":350,"height":200,"srcset":"https:\/\/i0.wp.com\/sarimelekler.biz\/wp-content\/uploads\/2018\/07\/Fatma-Y%C4%B1ld%C4%B1r%C4%B1m-3.jpg?resize=350%2C200&ssl=1 1x, https:\/\/i0.wp.com\/sarimelekler.biz\/wp-content\/uploads\/2018\/07\/Fatma-Y%C4%B1ld%C4%B1r%C4%B1m-3.jpg?resize=525%2C300&ssl=1 1.5x, https:\/\/i0.wp.com\/sarimelekler.biz\/wp-content\/uploads\/2018\/07\/Fatma-Y%C4%B1ld%C4%B1r%C4%B1m-3.jpg?resize=700%2C400&ssl=1 2x, https:\/\/i0.wp.com\/sarimelekler.biz\/wp-content\/uploads\/2018\/07\/Fatma-Y%C4%B1ld%C4%B1r%C4%B1m-3.jpg?resize=1050%2C600&ssl=1 3x, https:\/\/i0.wp.com\/sarimelekler.biz\/wp-content\/uploads\/2018\/07\/Fatma-Y%C4%B1ld%C4%B1r%C4%B1m-3.jpg?resize=1400%2C800&ssl=1 4x"},"classes":[]}],"_links":{"self":[{"href":"https:\/\/sarimelekler.biz\/index.php?rest_route=\/wp\/v2\/posts\/4097","targetHints":{"allow":["GET"]}}],"collection":[{"href":"https:\/\/sarimelekler.biz\/index.php?rest_route=\/wp\/v2\/posts"}],"about":[{"href":"https:\/\/sarimelekler.biz\/index.php?rest_route=\/wp\/v2\/types\/post"}],"author":[{"embeddable":true,"href":"https:\/\/sarimelekler.biz\/index.php?rest_route=\/wp\/v2\/users\/1"}],"replies":[{"embeddable":true,"href":"https:\/\/sarimelekler.biz\/index.php?rest_route=%2Fwp%2Fv2%2Fcomments&post=4097"}],"version-history":[{"count":2,"href":"https:\/\/sarimelekler.biz\/index.php?rest_route=\/wp\/v2\/posts\/4097\/revisions"}],"predecessor-version":[{"id":4107,"href":"https:\/\/sarimelekler.biz\/index.php?rest_route=\/wp\/v2\/posts\/4097\/revisions\/4107"}],"wp:featuredmedia":[{"embeddable":true,"href":"https:\/\/sarimelekler.biz\/index.php?rest_route=\/wp\/v2\/media\/4105"}],"wp:attachment":[{"href":"https:\/\/sarimelekler.biz\/index.php?rest_route=%2Fwp%2Fv2%2Fmedia&parent=4097"}],"wp:term":[{"taxonomy":"category","embeddable":true,"href":"https:\/\/sarimelekler.biz\/index.php?rest_route=%2Fwp%2Fv2%2Fcategories&post=4097"},{"taxonomy":"post_tag","embeddable":true,"href":"https:\/\/sarimelekler.biz\/index.php?rest_route=%2Fwp%2Fv2%2Ftags&post=4097"}],"curies":[{"name":"wp","href":"https:\/\/api.w.org\/{rel}","templated":true}]}}