{"id":4120,"date":"2017-07-04T01:10:36","date_gmt":"2017-07-03T22:10:36","guid":{"rendered":"http:\/\/sarimelekler.biz\/?p=4120"},"modified":"2018-03-01T15:19:06","modified_gmt":"2018-03-01T13:19:06","slug":"cagla-akin-bu-forma-beni-cok-heyecanlandiriyor","status":"publish","type":"post","link":"https:\/\/sarimelekler.biz\/?p=4120","title":{"rendered":"\u00c7a\u011fla Ak\u0131n: \u201cBu forma beni \u00e7ok heyecanland\u0131r\u0131yor\u201d"},"content":{"rendered":"<p style=\"text-align: justify;\">Fenerbah\u00e7e Bayan Voleybol Tak\u0131m\u0131m\u0131z\u0131n yeni trasferi \u00c7a\u011fla Ak\u0131n ile Fenerbah\u00e7e Dergisi\u2019nin Temmuz 2017 say\u0131s\u0131nda bir r\u00f6portaj ger\u00e7ekle\u015ftirildi.<\/p>\n<p style=\"text-align: justify;\">R\u00f6portaj\u0131n Resmi Sitemizden Yay\u0131nlanan B\u00f6l\u00fcm\u00fc:<\/p>\n<p style=\"text-align: justify;\">\u00c7a\u011fla Ak\u0131n: \u201cBu forma beni \u00e7ok heyecanland\u0131r\u0131yor\u201d<\/p>\n<p style=\"text-align: justify;\">T\u00fcrk kad\u0131n voleybolu son 10 y\u0131la Avrupa\u2019da damgas\u0131n\u0131 vurdu. \u00d6yle ki gerek kul\u00fcpler gerekse Milli tak\u0131mlar d\u00fczeyinde elde edilen ba\u015far\u0131lar da bunun en \u00f6nemli kan\u0131t\u0131. Ku\u015fkusuz bu ba\u015far\u0131lar\u0131n birer par\u00e7as\u0131 olmak b\u00fcy\u00fck bir gurur, b\u00fcy\u00fck bir mutluluk\u2026 Fenerbah\u00e7e Dergisinin bu ayki say\u0131s\u0131ndaysa bu ba\u015far\u0131lar\u0131n, bu gururun tan\u0131\u011f\u0131 olan bir isim ile Fenerbah\u00e7e Kad\u0131n Voleybol Tak\u0131m\u0131m\u0131z\u0131n yeni transferi \u00c7a\u011fla Ak\u0131n\u2019la bir araya geldik. Gen\u00e7 ya\u015f\u0131na ra\u011fmen, ya\u015fad\u0131\u011f\u0131 \u015fampiyonluk say\u0131s\u0131, kald\u0131rd\u0131\u011f\u0131 kupa o kadar fazla ki\u2026 O\u2019nun i\u00e7in hepsi ayr\u0131 bir gurur ve mutluluk kayna\u011f\u0131. Hedefleri de \u00e7ok b\u00fcy\u00fck, g\u00fcnden g\u00fcne voleybolunu geli\u015ftirmek i\u00e7in kendisine yapt\u0131\u011f\u0131 yat\u0131r\u0131m da\u2026 \u00dcstelik ba\u015far\u0131l\u0131 bir okur, iyi de bir sinemasever\u2026 Ba\u015far\u0131lara olduk\u00e7a a\u015fina olan yeni sar\u0131 mele\u011fimiz ile bu y\u0131l 9\u2019uncusu d\u00fczenlenen \u201cKad\u0131k\u00f6y Kitap G\u00fcnleri&#8221; etkinli\u011fine ev sahipli\u011fi yapan Haydarpa\u015fa Gar\u0131\u2019nda bulu\u015ftuk ve sohbetimiz s\u00fcresince hem sportif ba\u015far\u0131lar\u0131n\u0131n \u00f6yk\u00fcs\u00fcn\u00fc hem de \u00f6zel hayat\u0131n\u0131 keyifle dinledik&#8230;<\/p>\n<p style=\"text-align: justify;\">R\u00f6portajdan derlenen spotlar \u015f\u00f6yle:<\/p>\n<p style=\"text-align: justify;\">01: Burada olmaktan dolay\u0131 mutlu ve fazlas\u0131yla gururluyum. \u00c7ok b\u00fcy\u00fck bir camian\u0131n par\u00e7as\u0131 oldu\u011fumu biliyorum. Bu da beni heyecanland\u0131r\u0131yor. \u00d6zellikle de Fenerbah\u00e7e taraftar\u0131n\u0131n kar\u015f\u0131s\u0131nda oynayacak olmak da heyecan verici. Elimden gelenin en iyisini yaparak m\u00fccadele etti\u011fimiz her kulvarda \u015fampiyonluk istiyorum.<\/p>\n<p style=\"text-align: justify;\">02: Ben ilk defa 2010 y\u0131l\u0131nda Milli tak\u0131ma girdim ve ilk ba\u015far\u0131lar\u0131m\u0131 Milli tak\u0131m formas\u0131yla elde ettim. Y\u0131ld\u0131zlarda Avrupa, D\u00fcnya ve Balkan \u015fampiyonluklar\u0131m\u0131z var. O nedenle bu o d\u00f6nemlerden ba\u015flayan bir ba\u015far\u0131 grafi\u011fim oldu. Hi\u00e7bir zaman bir doyma noktam olmad\u0131 ve kazanmam gereken onlarca kupa var. Hen\u00fcz 22 ya\u015f\u0131nday\u0131m ve oynayabilece\u011fim y\u00fczlerce turnuva, kazanaca\u011f\u0131m y\u00fczlerce \u015fampiyonluk var.<\/p>\n<p style=\"text-align: justify;\">03: D\u00fcnya \u015eampiyonas\u0131\u2019nda m\u00fccadele edece\u011fiz ve bundan dolay\u0131 hem gururluyum hem de mutluyum. Milli forma her zaman ayr\u0131 bir yerdedir. Orada her tak\u0131mdan sporcuyla bir aradas\u0131n\u0131z ve tek bir ama\u00e7 u\u011fruna m\u00fccadelenizi veriyorsunuz; ay-y\u0131ld\u0131z. Milli forma alt\u0131nda tek y\u00fcrek olmay\u0131 \u00f6\u011freniyoruz. B\u00fct\u00fcn kafile kenetleniyor ve ayn\u0131 hedefe odaklan\u0131yoruz.<\/p>\n<p style=\"text-align: justify;\">04: Ay y\u0131ld\u0131zl\u0131 forma i\u00e7in sahada m\u00fccadele eden isimlerden biri olan yeni sar\u0131 meleklerden \u00c7a\u011fla Ak\u0131n, A Milli forma ile 29 Eyl\u00fcl-20 Ekim 2018\u2019de Japonya\u2019da d\u00fczenlenecek Kad\u0131nlar D\u00fcnya Voleybol \u015eampiyonas\u0131\u2019nda boy g\u00f6stermeye haz\u0131rlan\u0131yor.<\/p>\n<p style=\"text-align: justify;\">05: E\u011fitim ve spor hayat\u0131ndaki yo\u011funlu\u011fa ra\u011fmen milli voleybolcumuzun tutkunu oldu\u011fu \u015feylerden bir tanesi de; yabanc\u0131 diziler\u2026 \u00d6zellikle de Grey&#8217;s Anatomy! Oyuncumuz, Bah\u00e7e\u015fehir \u00dcniversitesi Fizyoterapist b\u00f6l\u00fcm\u00fc \u00f6\u011frencisi\u2026<\/p>\n\n\t\t<style type=\"text\/css\">\n\t\t\t#gallery-1 {\n\t\t\t\tmargin: auto;\n\t\t\t}\n\t\t\t#gallery-1 .gallery-item {\n\t\t\t\tfloat: left;\n\t\t\t\tmargin-top: 10px;\n\t\t\t\ttext-align: center;\n\t\t\t\twidth: 50%;\n\t\t\t}\n\t\t\t#gallery-1 img {\n\t\t\t\tborder: 2px solid #cfcfcf;\n\t\t\t}\n\t\t\t#gallery-1 .gallery-caption {\n\t\t\t\tmargin-left: 0;\n\t\t\t}\n\t\t\t\/* see gallery_shortcode() in wp-includes\/media.php *\/\n\t\t<\/style>\n\t\t<div data-carousel-extra='{&quot;blog_id&quot;:1,&quot;permalink&quot;:&quot;https:\/\/sarimelekler.biz\/?p=4120&quot;}' id='gallery-1' class='gallery galleryid-4120 gallery-columns-2 gallery-size-medium'><dl class='gallery-item'>\n\t\t\t<dt class='gallery-icon landscape'>\n\t\t\t\t<a href='https:\/\/sarimelekler.biz\/?attachment_id=4121'><img loading=\"lazy\" decoding=\"async\" width=\"300\" height=\"200\" src=\"https:\/\/sarimelekler.biz\/wp-content\/uploads\/2017\/07\/de6p6899_56465_6814303-300x200.jpg\" class=\"attachment-medium size-medium\" alt=\"\" srcset=\"https:\/\/sarimelekler.biz\/wp-content\/uploads\/2017\/07\/de6p6899_56465_6814303-300x200.jpg 300w, https:\/\/sarimelekler.biz\/wp-content\/uploads\/2017\/07\/de6p6899_56465_6814303-768x512.jpg 768w, https:\/\/sarimelekler.biz\/wp-content\/uploads\/2017\/07\/de6p6899_56465_6814303-1024x683.jpg 1024w, https:\/\/sarimelekler.biz\/wp-content\/uploads\/2017\/07\/de6p6899_56465_6814303-150x100.jpg 150w\" sizes=\"auto, (max-width: 300px) 100vw, 300px\" data-attachment-id=\"4121\" data-permalink=\"https:\/\/sarimelekler.biz\/?attachment_id=4121\" data-orig-file=\"https:\/\/sarimelekler.biz\/wp-content\/uploads\/2017\/07\/de6p6899_56465_6814303.jpg\" data-orig-size=\"2500,1667\" data-comments-opened=\"0\" data-image-meta=\"{&quot;aperture&quot;:&quot;4.5&quot;,&quot;credit&quot;:&quot;&quot;,&quot;camera&quot;:&quot;Canon EOS-1D X&quot;,&quot;caption&quot;:&quot;&quot;,&quot;created_timestamp&quot;:&quot;1496938018&quot;,&quot;copyright&quot;:&quot;&quot;,&quot;focal_length&quot;:&quot;70&quot;,&quot;iso&quot;:&quot;250&quot;,&quot;shutter_speed&quot;:&quot;0.008&quot;,&quot;title&quot;:&quot;&quot;,&quot;orientation&quot;:&quot;1&quot;}\" data-image-title=\"de6p6899_56465_6814303\" data-image-description=\"\" data-image-caption=\"\" data-large-file=\"https:\/\/sarimelekler.biz\/wp-content\/uploads\/2017\/07\/de6p6899_56465_6814303-1024x683.jpg\" \/><\/a>\n\t\t\t<\/dt><\/dl><dl class='gallery-item'>\n\t\t\t<dt class='gallery-icon landscape'>\n\t\t\t\t<a href='https:\/\/sarimelekler.biz\/?attachment_id=4122'><img loading=\"lazy\" decoding=\"async\" width=\"300\" height=\"200\" src=\"https:\/\/sarimelekler.biz\/wp-content\/uploads\/2017\/07\/de6p6781_56465_6814197-300x200.jpg\" class=\"attachment-medium size-medium\" alt=\"\" srcset=\"https:\/\/sarimelekler.biz\/wp-content\/uploads\/2017\/07\/de6p6781_56465_6814197-300x200.jpg 300w, https:\/\/sarimelekler.biz\/wp-content\/uploads\/2017\/07\/de6p6781_56465_6814197-768x512.jpg 768w, https:\/\/sarimelekler.biz\/wp-content\/uploads\/2017\/07\/de6p6781_56465_6814197-1024x683.jpg 1024w, https:\/\/sarimelekler.biz\/wp-content\/uploads\/2017\/07\/de6p6781_56465_6814197-150x100.jpg 150w\" sizes=\"auto, (max-width: 300px) 100vw, 300px\" data-attachment-id=\"4122\" data-permalink=\"https:\/\/sarimelekler.biz\/?attachment_id=4122\" data-orig-file=\"https:\/\/sarimelekler.biz\/wp-content\/uploads\/2017\/07\/de6p6781_56465_6814197.jpg\" data-orig-size=\"2500,1667\" data-comments-opened=\"0\" data-image-meta=\"{&quot;aperture&quot;:&quot;5&quot;,&quot;credit&quot;:&quot;&quot;,&quot;camera&quot;:&quot;Canon EOS-1D X&quot;,&quot;caption&quot;:&quot;&quot;,&quot;created_timestamp&quot;:&quot;1496935942&quot;,&quot;copyright&quot;:&quot;&quot;,&quot;focal_length&quot;:&quot;16&quot;,&quot;iso&quot;:&quot;250&quot;,&quot;shutter_speed&quot;:&quot;0.008&quot;,&quot;title&quot;:&quot;&quot;,&quot;orientation&quot;:&quot;1&quot;}\" data-image-title=\"de6p6781_56465_6814197\" data-image-description=\"\" data-image-caption=\"\" data-large-file=\"https:\/\/sarimelekler.biz\/wp-content\/uploads\/2017\/07\/de6p6781_56465_6814197-1024x683.jpg\" \/><\/a>\n\t\t\t<\/dt><\/dl><br style=\"clear: both\" \/><dl class='gallery-item'>\n\t\t\t<dt class='gallery-icon landscape'>\n\t\t\t\t<a href='https:\/\/sarimelekler.biz\/?attachment_id=4125'><img loading=\"lazy\" decoding=\"async\" width=\"300\" height=\"199\" src=\"https:\/\/sarimelekler.biz\/wp-content\/uploads\/2017\/07\/19534054_1475092875903929_3253291491673505792_n-300x199.jpg\" class=\"attachment-medium size-medium\" alt=\"\" srcset=\"https:\/\/sarimelekler.biz\/wp-content\/uploads\/2017\/07\/19534054_1475092875903929_3253291491673505792_n-300x199.jpg 300w, https:\/\/sarimelekler.biz\/wp-content\/uploads\/2017\/07\/19534054_1475092875903929_3253291491673505792_n-768x510.jpg 768w, https:\/\/sarimelekler.biz\/wp-content\/uploads\/2017\/07\/19534054_1475092875903929_3253291491673505792_n-1024x680.jpg 1024w, https:\/\/sarimelekler.biz\/wp-content\/uploads\/2017\/07\/19534054_1475092875903929_3253291491673505792_n-150x100.jpg 150w, https:\/\/sarimelekler.biz\/wp-content\/uploads\/2017\/07\/19534054_1475092875903929_3253291491673505792_n.jpg 1080w\" sizes=\"auto, (max-width: 300px) 100vw, 300px\" data-attachment-id=\"4125\" data-permalink=\"https:\/\/sarimelekler.biz\/?attachment_id=4125\" data-orig-file=\"https:\/\/sarimelekler.biz\/wp-content\/uploads\/2017\/07\/19534054_1475092875903929_3253291491673505792_n.jpg\" data-orig-size=\"1080,717\" data-comments-opened=\"0\" data-image-meta=\"{&quot;aperture&quot;:&quot;0&quot;,&quot;credit&quot;:&quot;&quot;,&quot;camera&quot;:&quot;&quot;,&quot;caption&quot;:&quot;&quot;,&quot;created_timestamp&quot;:&quot;0&quot;,&quot;copyright&quot;:&quot;&quot;,&quot;focal_length&quot;:&quot;0&quot;,&quot;iso&quot;:&quot;0&quot;,&quot;shutter_speed&quot;:&quot;0&quot;,&quot;title&quot;:&quot;&quot;,&quot;orientation&quot;:&quot;0&quot;}\" data-image-title=\"19534054_1475092875903929_3253291491673505792_n\" data-image-description=\"\" data-image-caption=\"\" data-large-file=\"https:\/\/sarimelekler.biz\/wp-content\/uploads\/2017\/07\/19534054_1475092875903929_3253291491673505792_n-1024x680.jpg\" \/><\/a>\n\t\t\t<\/dt><\/dl><dl class='gallery-item'>\n\t\t\t<dt class='gallery-icon landscape'>\n\t\t\t\t<a href='https:\/\/sarimelekler.biz\/?attachment_id=4127'><img loading=\"lazy\" decoding=\"async\" width=\"300\" height=\"199\" src=\"https:\/\/sarimelekler.biz\/wp-content\/uploads\/2017\/07\/19534673_311988149227093_8716992076941623296_n-300x199.jpg\" class=\"attachment-medium size-medium\" alt=\"\" srcset=\"https:\/\/sarimelekler.biz\/wp-content\/uploads\/2017\/07\/19534673_311988149227093_8716992076941623296_n-300x199.jpg 300w, https:\/\/sarimelekler.biz\/wp-content\/uploads\/2017\/07\/19534673_311988149227093_8716992076941623296_n-768x509.jpg 768w, https:\/\/sarimelekler.biz\/wp-content\/uploads\/2017\/07\/19534673_311988149227093_8716992076941623296_n-1024x679.jpg 1024w, https:\/\/sarimelekler.biz\/wp-content\/uploads\/2017\/07\/19534673_311988149227093_8716992076941623296_n-150x99.jpg 150w, https:\/\/sarimelekler.biz\/wp-content\/uploads\/2017\/07\/19534673_311988149227093_8716992076941623296_n.jpg 1077w\" sizes=\"auto, (max-width: 300px) 100vw, 300px\" data-attachment-id=\"4127\" data-permalink=\"https:\/\/sarimelekler.biz\/?attachment_id=4127\" data-orig-file=\"https:\/\/sarimelekler.biz\/wp-content\/uploads\/2017\/07\/19534673_311988149227093_8716992076941623296_n.jpg\" data-orig-size=\"1077,714\" data-comments-opened=\"0\" data-image-meta=\"{&quot;aperture&quot;:&quot;0&quot;,&quot;credit&quot;:&quot;&quot;,&quot;camera&quot;:&quot;&quot;,&quot;caption&quot;:&quot;&quot;,&quot;created_timestamp&quot;:&quot;0&quot;,&quot;copyright&quot;:&quot;&quot;,&quot;focal_length&quot;:&quot;0&quot;,&quot;iso&quot;:&quot;0&quot;,&quot;shutter_speed&quot;:&quot;0&quot;,&quot;title&quot;:&quot;&quot;,&quot;orientation&quot;:&quot;0&quot;}\" data-image-title=\"19534673_311988149227093_8716992076941623296_n\" data-image-description=\"\" data-image-caption=\"\" data-large-file=\"https:\/\/sarimelekler.biz\/wp-content\/uploads\/2017\/07\/19534673_311988149227093_8716992076941623296_n-1024x679.jpg\" \/><\/a>\n\t\t\t<\/dt><\/dl><br style=\"clear: both\" \/><dl class='gallery-item'>\n\t\t\t<dt class='gallery-icon landscape'>\n\t\t\t\t<a href='https:\/\/sarimelekler.biz\/?attachment_id=4126'><img loading=\"lazy\" decoding=\"async\" width=\"300\" height=\"199\" src=\"https:\/\/sarimelekler.biz\/wp-content\/uploads\/2017\/07\/19534270_311458109292423_5965895533343014912_n-300x199.jpg\" class=\"attachment-medium size-medium\" alt=\"\" srcset=\"https:\/\/sarimelekler.biz\/wp-content\/uploads\/2017\/07\/19534270_311458109292423_5965895533343014912_n-300x199.jpg 300w, https:\/\/sarimelekler.biz\/wp-content\/uploads\/2017\/07\/19534270_311458109292423_5965895533343014912_n-768x510.jpg 768w, https:\/\/sarimelekler.biz\/wp-content\/uploads\/2017\/07\/19534270_311458109292423_5965895533343014912_n-1024x680.jpg 1024w, https:\/\/sarimelekler.biz\/wp-content\/uploads\/2017\/07\/19534270_311458109292423_5965895533343014912_n-150x100.jpg 150w, https:\/\/sarimelekler.biz\/wp-content\/uploads\/2017\/07\/19534270_311458109292423_5965895533343014912_n.jpg 1079w\" sizes=\"auto, (max-width: 300px) 100vw, 300px\" data-attachment-id=\"4126\" data-permalink=\"https:\/\/sarimelekler.biz\/?attachment_id=4126\" data-orig-file=\"https:\/\/sarimelekler.biz\/wp-content\/uploads\/2017\/07\/19534270_311458109292423_5965895533343014912_n.jpg\" data-orig-size=\"1079,716\" data-comments-opened=\"0\" data-image-meta=\"{&quot;aperture&quot;:&quot;0&quot;,&quot;credit&quot;:&quot;&quot;,&quot;camera&quot;:&quot;&quot;,&quot;caption&quot;:&quot;&quot;,&quot;created_timestamp&quot;:&quot;0&quot;,&quot;copyright&quot;:&quot;&quot;,&quot;focal_length&quot;:&quot;0&quot;,&quot;iso&quot;:&quot;0&quot;,&quot;shutter_speed&quot;:&quot;0&quot;,&quot;title&quot;:&quot;&quot;,&quot;orientation&quot;:&quot;0&quot;}\" data-image-title=\"19534270_311458109292423_5965895533343014912_n\" data-image-description=\"\" data-image-caption=\"\" data-large-file=\"https:\/\/sarimelekler.biz\/wp-content\/uploads\/2017\/07\/19534270_311458109292423_5965895533343014912_n-1024x680.jpg\" \/><\/a>\n\t\t\t<\/dt><\/dl><dl class='gallery-item'>\n\t\t\t<dt class='gallery-icon landscape'>\n\t\t\t\t<a href='https:\/\/sarimelekler.biz\/?attachment_id=4128'><img loading=\"lazy\" decoding=\"async\" width=\"300\" height=\"231\" src=\"https:\/\/sarimelekler.biz\/wp-content\/uploads\/2017\/07\/19623683_247448402418275_4481025524075855872_n-300x231.jpg\" class=\"attachment-medium size-medium\" alt=\"\" srcset=\"https:\/\/sarimelekler.biz\/wp-content\/uploads\/2017\/07\/19623683_247448402418275_4481025524075855872_n-300x231.jpg 300w, https:\/\/sarimelekler.biz\/wp-content\/uploads\/2017\/07\/19623683_247448402418275_4481025524075855872_n-768x590.jpg 768w, https:\/\/sarimelekler.biz\/wp-content\/uploads\/2017\/07\/19623683_247448402418275_4481025524075855872_n-1024x787.jpg 1024w, https:\/\/sarimelekler.biz\/wp-content\/uploads\/2017\/07\/19623683_247448402418275_4481025524075855872_n-150x115.jpg 150w, https:\/\/sarimelekler.biz\/wp-content\/uploads\/2017\/07\/19623683_247448402418275_4481025524075855872_n.jpg 1075w\" sizes=\"auto, (max-width: 300px) 100vw, 300px\" data-attachment-id=\"4128\" data-permalink=\"https:\/\/sarimelekler.biz\/?attachment_id=4128\" data-orig-file=\"https:\/\/sarimelekler.biz\/wp-content\/uploads\/2017\/07\/19623683_247448402418275_4481025524075855872_n.jpg\" data-orig-size=\"1075,826\" data-comments-opened=\"0\" data-image-meta=\"{&quot;aperture&quot;:&quot;0&quot;,&quot;credit&quot;:&quot;&quot;,&quot;camera&quot;:&quot;&quot;,&quot;caption&quot;:&quot;&quot;,&quot;created_timestamp&quot;:&quot;0&quot;,&quot;copyright&quot;:&quot;&quot;,&quot;focal_length&quot;:&quot;0&quot;,&quot;iso&quot;:&quot;0&quot;,&quot;shutter_speed&quot;:&quot;0&quot;,&quot;title&quot;:&quot;&quot;,&quot;orientation&quot;:&quot;0&quot;}\" data-image-title=\"19623683_247448402418275_4481025524075855872_n\" data-image-description=\"\" data-image-caption=\"\" data-large-file=\"https:\/\/sarimelekler.biz\/wp-content\/uploads\/2017\/07\/19623683_247448402418275_4481025524075855872_n-1024x787.jpg\" \/><\/a>\n\t\t\t<\/dt><\/dl><br style=\"clear: both\" \/>\n\t\t<\/div>\n\n<p>R\u00f6portaj\u0131n tamam\u0131n\u0131 ve daha fazlas\u0131n\u0131 Fenerbah\u00e7e Dersinin Temmuz 2017 say\u0131s\u0131n\u0131 alarak elde edebilirsiniz.<\/p>\n<p>Kaynak:\u00a0<a href=\"http:\/\/www.fenerbahce.org\/detay.asp?ContentID=56465\" target=\"_blank\" rel=\"noopener\">Fenerbah\u00e7e SK Resmi \u0130nternet Sitesi<\/a><\/p>\n","protected":false},"excerpt":{"rendered":"<p>Fenerbah\u00e7e Bayan Voleybol Tak\u0131m\u0131m\u0131z\u0131n yeni trasferi \u00c7a\u011fla Ak\u0131n ile Fenerbah\u00e7e \u2026 <a class=\"continue-reading-link\" href=\"https:\/\/sarimelekler.biz\/?p=4120\">Okumaya Devam Et.. <span class=\"meta-nav\">&rarr; <\/span><\/a><\/p>\n","protected":false},"author":1,"featured_media":4121,"comment_status":"closed","ping_status":"open","sticky":false,"template":"","format":"standard","meta":{"jetpack_post_was_ever_published":false,"_jetpack_newsletter_access":"","_jetpack_dont_email_post_to_subs":false,"_jetpack_newsletter_tier_id":0,"_jetpack_memberships_contains_paywalled_content":false,"_jetpack_memberships_contains_paid_content":false,"footnotes":"","jetpack_publicize_message":"","jetpack_publicize_feature_enabled":true,"jetpack_social_post_already_shared":true,"jetpack_social_options":{"image_generator_settings":{"template":"highway","default_image_id":0,"font":"","enabled":false},"version":2}},"categories":[15],"tags":[],"class_list":["post-4120","post","type-post","status-publish","format-standard","has-post-thumbnail","hentry","category-dergi-roportajlari"],"jetpack_publicize_connections":[],"jetpack_featured_media_url":"https:\/\/sarimelekler.biz\/wp-content\/uploads\/2017\/07\/de6p6899_56465_6814303.jpg","jetpack_sharing_enabled":true,"jetpack_shortlink":"https:\/\/wp.me\/p8npUZ-14s","jetpack-related-posts":[{"id":4058,"url":"https:\/\/sarimelekler.biz\/?p=4058","url_meta":{"origin":4120,"position":0},"title":"\u00c7a\u011fla Ak\u0131n: &#8220;Mutlu ve Gururluyum&#8221;","author":"Edit\u00f6r","date":"4 Haziran 2017","format":false,"excerpt":"Fenerbah\u00e7e Kad\u0131n Voleybol Tak\u0131m\u0131m\u0131z\u0131n yeni transferlerinden \u00c7a\u011fla Ak\u0131n, ilk a\u00e7\u0131klamalar\u0131n\u0131 Fenerbah\u00e7e Spor Kul\u00fcb\u00fc Resmi Sitesine yapt\u0131. Fenerbah\u00e7e camias\u0131na kat\u0131lmaktan dolay\u0131 \u00e7ok mutlu ve gururlu oldu\u011funu s\u00f6yleyen 22 ya\u015f\u0131ndaki pas\u00f6r, taraftarlar i\u00e7inse; \u201cB\u00fcy\u00fck Fenerbah\u00e7e taraftar\u0131n\u0131n deste\u011fiyle oynayacak olmak \u00e7ok heyecan verici\u201d dedi. \u00c7ubuklu formay\u0131 giyen milli oyuncu, \u201cFenerbah\u00e7e camias\u0131na kat\u0131ld\u0131\u011f\u0131m i\u00e7in\u2026","rel":"","context":"&quot;T\u00fcrkiye Ligi&quot; i\u00e7inde","block_context":{"text":"T\u00fcrkiye Ligi","link":"https:\/\/sarimelekler.biz\/?cat=6"},"img":{"alt_text":"","src":"https:\/\/i0.wp.com\/sarimelekler.biz\/wp-content\/uploads\/2017\/06\/caglabasin_56173_5013334.jpg?resize=350%2C200&ssl=1","width":350,"height":200,"srcset":"https:\/\/i0.wp.com\/sarimelekler.biz\/wp-content\/uploads\/2017\/06\/caglabasin_56173_5013334.jpg?resize=350%2C200&ssl=1 1x, https:\/\/i0.wp.com\/sarimelekler.biz\/wp-content\/uploads\/2017\/06\/caglabasin_56173_5013334.jpg?resize=525%2C300&ssl=1 1.5x, https:\/\/i0.wp.com\/sarimelekler.biz\/wp-content\/uploads\/2017\/06\/caglabasin_56173_5013334.jpg?resize=700%2C400&ssl=1 2x, https:\/\/i0.wp.com\/sarimelekler.biz\/wp-content\/uploads\/2017\/06\/caglabasin_56173_5013334.jpg?resize=1050%2C600&ssl=1 3x, https:\/\/i0.wp.com\/sarimelekler.biz\/wp-content\/uploads\/2017\/06\/caglabasin_56173_5013334.jpg?resize=1400%2C800&ssl=1 4x"},"classes":[]},{"id":21078,"url":"https:\/\/sarimelekler.biz\/?p=21078","url_meta":{"origin":4120,"position":1},"title":"Efsane Voleybolcumuz Eda Erdem\u2019in Ad\u0131 Ata\u015fehir\u2019de Bir Parka Verildi","author":"Edit\u00f6r","date":"30 Eyl\u00fcl 2024","format":false,"excerpt":"Elde etti\u011fi ba\u015far\u0131larla g\u00f6\u011fs\u00fcm\u00fcz\u00fc kabartan, \u00f6rnek ki\u015fili\u011fi ve duru\u015fu ile herkesin sevgisini kazanan, Fenerbah\u00e7e Medicana ve A Mill\u00ee Kad\u0131n Voleybol Tak\u0131m\u0131m\u0131z\u0131n efsane kaptan\u0131 Eda Erdem\u2019in ad\u0131 Ata\u015fehir\u2019de bir parka verildi. Atat\u00fcrk Mahallesi\u2019nde bulunan park\u0131n yenileme \u00e7al\u0131\u015fmalar\u0131n\u0131 ger\u00e7ekle\u015ftiren Ata\u015fehir Belediyesi, \u00e7al\u0131\u015fmalar\u0131n tamamlanmas\u0131n\u0131n ard\u0131ndan yeniden d\u00fczenlenen park\u0131, Kaptan Eda Erdem'in ismiyle ta\u00e7land\u0131rd\u0131.\u2026","rel":"","context":"&quot;Haberler&quot; i\u00e7inde","block_context":{"text":"Haberler","link":"https:\/\/sarimelekler.biz\/?cat=7"},"img":{"alt_text":"","src":"https:\/\/i0.wp.com\/sarimelekler.biz\/wp-content\/uploads\/2024\/09\/Eda-Erdem-Parki-4-scaled.jpg?resize=350%2C200&ssl=1","width":350,"height":200,"srcset":"https:\/\/i0.wp.com\/sarimelekler.biz\/wp-content\/uploads\/2024\/09\/Eda-Erdem-Parki-4-scaled.jpg?resize=350%2C200&ssl=1 1x, https:\/\/i0.wp.com\/sarimelekler.biz\/wp-content\/uploads\/2024\/09\/Eda-Erdem-Parki-4-scaled.jpg?resize=525%2C300&ssl=1 1.5x, https:\/\/i0.wp.com\/sarimelekler.biz\/wp-content\/uploads\/2024\/09\/Eda-Erdem-Parki-4-scaled.jpg?resize=700%2C400&ssl=1 2x, https:\/\/i0.wp.com\/sarimelekler.biz\/wp-content\/uploads\/2024\/09\/Eda-Erdem-Parki-4-scaled.jpg?resize=1050%2C600&ssl=1 3x, https:\/\/i0.wp.com\/sarimelekler.biz\/wp-content\/uploads\/2024\/09\/Eda-Erdem-Parki-4-scaled.jpg?resize=1400%2C800&ssl=1 4x"},"classes":[]},{"id":21026,"url":"https:\/\/sarimelekler.biz\/?p=21026","url_meta":{"origin":4120,"position":2},"title":"Fenerbah\u00e7e Kad\u0131n Voleybol Tak\u0131m\u0131m\u0131z 70 ya\u015f\u0131nda!","author":"Edit\u00f6r","date":"9 Eyl\u00fcl 2024","format":false,"excerpt":"1954 y\u0131l\u0131nda kurulan ve ulusal-uluslararas\u0131 arenada tarihi ba\u015far\u0131lara imza atan Fenerbah\u00e7e Medicana Kad\u0131n Voleybol Tak\u0131m\u0131m\u0131z\u0131n 70. y\u0131l d\u00f6n\u00fcm\u00fc d\u00fczenlenen \u00f6zel geceyle kutland\u0131. Fenerbah\u00e7e Faruk Ilgaz Tesislerimizde organize edilen galaya Ba\u015fkan\u0131m\u0131z Ali Y. Ko\u00e7, T\u00fcrkiye Voleybol Federasyonu Ba\u015fkan\u0131 Mehmet Akif \u00dcst\u00fcnda\u011f, yeni ve eski Y\u00f6netim Kurulu \u00dcyelerimiz, sponsorlar\u0131m\u0131z, Fenerbah\u00e7e Medicana Voleybol\u2026","rel":"","context":"&quot;Haberler&quot; i\u00e7inde","block_context":{"text":"Haberler","link":"https:\/\/sarimelekler.biz\/?cat=7"},"img":{"alt_text":"","src":"https:\/\/i0.wp.com\/sarimelekler.biz\/wp-content\/uploads\/2024\/09\/70.-Yil-Kutlamasi-5-scaled.jpg?resize=350%2C200&ssl=1","width":350,"height":200,"srcset":"https:\/\/i0.wp.com\/sarimelekler.biz\/wp-content\/uploads\/2024\/09\/70.-Yil-Kutlamasi-5-scaled.jpg?resize=350%2C200&ssl=1 1x, https:\/\/i0.wp.com\/sarimelekler.biz\/wp-content\/uploads\/2024\/09\/70.-Yil-Kutlamasi-5-scaled.jpg?resize=525%2C300&ssl=1 1.5x, https:\/\/i0.wp.com\/sarimelekler.biz\/wp-content\/uploads\/2024\/09\/70.-Yil-Kutlamasi-5-scaled.jpg?resize=700%2C400&ssl=1 2x, https:\/\/i0.wp.com\/sarimelekler.biz\/wp-content\/uploads\/2024\/09\/70.-Yil-Kutlamasi-5-scaled.jpg?resize=1050%2C600&ssl=1 3x, https:\/\/i0.wp.com\/sarimelekler.biz\/wp-content\/uploads\/2024\/09\/70.-Yil-Kutlamasi-5-scaled.jpg?resize=1400%2C800&ssl=1 4x"},"classes":[]},{"id":6589,"url":"https:\/\/sarimelekler.biz\/?p=6589","url_meta":{"origin":4120,"position":3},"title":"S\u0131la \u00c7al\u0131\u015fkan: \u201c\u00c7ocukluk hayalim ger\u00e7ek oldu\u201d","author":"Edit\u00f6r","date":"2 A\u011fustos 2018","format":false,"excerpt":"Fenerbah\u00e7e Bayan Voleybol Tak\u0131m\u0131m\u0131z\u0131n yeni transferi S\u0131la \u00c7al\u0131\u015fkan ile Fenerbah\u00e7e Dergisi\u2019nin A\u011fustos 2018 say\u0131s\u0131nda bir r\u00f6portaj ger\u00e7ekle\u015ftirildi. R\u00f6portaj\u0131n Resmi Sitemizden Yay\u0131nlanan B\u00f6l\u00fcm\u00fc: S\u0131la \u00c7al\u0131\u015fkan: \u201c\u00c7ocukluk hayalim ger\u00e7ek oldu\u201d S\u0131la \u00c7al\u0131\u015fkan ismini \u00f6zellikle de son d\u00f6nemde duymayan\u0131m\u0131z yoktur; peki, kendisinin \u00e7ok pozitif, iyi bir yabanc\u0131 dizi izleyicisi, tam bir tatl\u0131 sevdal\u0131s\u0131\u2026","rel":"","context":"&quot;Dergi R\u00f6portajlar\u0131&quot; i\u00e7inde","block_context":{"text":"Dergi R\u00f6portajlar\u0131","link":"https:\/\/sarimelekler.biz\/?cat=15"},"img":{"alt_text":"","src":"https:\/\/i0.wp.com\/sarimelekler.biz\/wp-content\/uploads\/2018\/08\/de6p3591_61178_5696924.jpg?resize=350%2C200&ssl=1","width":350,"height":200,"srcset":"https:\/\/i0.wp.com\/sarimelekler.biz\/wp-content\/uploads\/2018\/08\/de6p3591_61178_5696924.jpg?resize=350%2C200&ssl=1 1x, https:\/\/i0.wp.com\/sarimelekler.biz\/wp-content\/uploads\/2018\/08\/de6p3591_61178_5696924.jpg?resize=525%2C300&ssl=1 1.5x, https:\/\/i0.wp.com\/sarimelekler.biz\/wp-content\/uploads\/2018\/08\/de6p3591_61178_5696924.jpg?resize=700%2C400&ssl=1 2x, https:\/\/i0.wp.com\/sarimelekler.biz\/wp-content\/uploads\/2018\/08\/de6p3591_61178_5696924.jpg?resize=1050%2C600&ssl=1 3x, https:\/\/i0.wp.com\/sarimelekler.biz\/wp-content\/uploads\/2018\/08\/de6p3591_61178_5696924.jpg?resize=1400%2C800&ssl=1 4x"},"classes":[]},{"id":4053,"url":"https:\/\/sarimelekler.biz\/?p=4053","url_meta":{"origin":4120,"position":4},"title":"\u00c7a\u011fla Ak\u0131n Fenerbah\u00e7e&#8217;de","author":"Edit\u00f6r","date":"4 Haziran 2017","format":false,"excerpt":"Bir s\u00fcredir g\u00fcndemimizde bulunan Pas\u00f6r \u00c7a\u011fla Ak\u0131n Fenerbah\u00e7e Bayan Voleybol Tak\u0131m\u0131m\u0131za transfer oldu. \u00c7a\u011fla Ak\u0131n'a\u00a0ba\u015far\u0131lar dileriz. Kul\u00fcb\u00fcm\u00fcz i\u00e7in Hay\u0131rl\u0131 Olsun. Resmi Sitemizden Yap\u0131lan A\u00e7\u0131klama: Yeni sezon yap\u0131lanmas\u0131 kapsam\u0131nda Fenerbah\u00e7e Kad\u0131n Voleybol Tak\u0131m\u0131m\u0131z, \u00a0ge\u00e7en sezon Be\u015fikta\u015f tak\u0131m\u0131nda forma giyen 19 Ocak 1995 do\u011fumlu \u00c7a\u011fla Ak\u0131n ile anla\u015fma sa\u011flam\u0131\u015ft\u0131r. Yeni Sar\u0131 Melek\u2026","rel":"","context":"&quot;T\u00fcrkiye Ligi&quot; i\u00e7inde","block_context":{"text":"T\u00fcrkiye Ligi","link":"https:\/\/sarimelekler.biz\/?cat=6"},"img":{"alt_text":"","src":"https:\/\/i0.wp.com\/sarimelekler.biz\/wp-content\/uploads\/2017\/06\/de6p3109_56173_5448304.jpg?resize=350%2C200&ssl=1","width":350,"height":200,"srcset":"https:\/\/i0.wp.com\/sarimelekler.biz\/wp-content\/uploads\/2017\/06\/de6p3109_56173_5448304.jpg?resize=350%2C200&ssl=1 1x, https:\/\/i0.wp.com\/sarimelekler.biz\/wp-content\/uploads\/2017\/06\/de6p3109_56173_5448304.jpg?resize=525%2C300&ssl=1 1.5x, https:\/\/i0.wp.com\/sarimelekler.biz\/wp-content\/uploads\/2017\/06\/de6p3109_56173_5448304.jpg?resize=700%2C400&ssl=1 2x, https:\/\/i0.wp.com\/sarimelekler.biz\/wp-content\/uploads\/2017\/06\/de6p3109_56173_5448304.jpg?resize=1050%2C600&ssl=1 3x, https:\/\/i0.wp.com\/sarimelekler.biz\/wp-content\/uploads\/2017\/06\/de6p3109_56173_5448304.jpg?resize=1400%2C800&ssl=1 4x"},"classes":[]},{"id":15730,"url":"https:\/\/sarimelekler.biz\/?p=15730","url_meta":{"origin":4120,"position":5},"title":"Melissa Vargas: Fenerbah\u00e7e\u2019yi, Bu B\u00fcy\u00fck Kul\u00fcb\u00fc, Bu G\u00fczel Aileyi \u00c7ok \u00d6zleyece\u011fim","author":"Edit\u00f6r","date":"22 Nisan 2021","format":false,"excerpt":"Tak\u0131m\u0131m\u0131zdan ayr\u0131lan Melissa Vargas Kul\u00fcb\u00fcm\u00fcz\u00fcn resmi internet sitesine bir r\u00f6portaj verdi, Melisa Vargas\u2019\u0131n A\u00e7\u0131klamalar\u0131: 2018-19 sezonundan bu yana Fenerbah\u00e7e Opet Kad\u0131n Voleybol Tak\u0131m\u0131m\u0131z\u0131n formas\u0131n\u0131 giyen Melissa Vargas, Kul\u00fcb\u00fcm\u00fcze veda edi\u015finin ard\u0131ndan \u00f6zel a\u00e7\u0131klamalarda bulundu. Fenerbah\u00e7e ailesinin bir par\u00e7as\u0131 olmaktan dolay\u0131 mutlu ve gururlu oldu\u011funu dile getiren Melissa Vargas\u2019\u0131n yapt\u0131\u011f\u0131 a\u00e7\u0131klama\u2026","rel":"","context":"&quot;Resmi Site R\u00f6portajlar\u0131&quot; i\u00e7inde","block_context":{"text":"Resmi Site R\u00f6portajlar\u0131","link":"https:\/\/sarimelekler.biz\/?cat=17"},"img":{"alt_text":"","src":"https:\/\/i0.wp.com\/sarimelekler.biz\/wp-content\/uploads\/2021\/04\/Vargas-Veda-5-scaled.jpg?resize=350%2C200&ssl=1","width":350,"height":200,"srcset":"https:\/\/i0.wp.com\/sarimelekler.biz\/wp-content\/uploads\/2021\/04\/Vargas-Veda-5-scaled.jpg?resize=350%2C200&ssl=1 1x, https:\/\/i0.wp.com\/sarimelekler.biz\/wp-content\/uploads\/2021\/04\/Vargas-Veda-5-scaled.jpg?resize=525%2C300&ssl=1 1.5x, https:\/\/i0.wp.com\/sarimelekler.biz\/wp-content\/uploads\/2021\/04\/Vargas-Veda-5-scaled.jpg?resize=700%2C400&ssl=1 2x, https:\/\/i0.wp.com\/sarimelekler.biz\/wp-content\/uploads\/2021\/04\/Vargas-Veda-5-scaled.jpg?resize=1050%2C600&ssl=1 3x, https:\/\/i0.wp.com\/sarimelekler.biz\/wp-content\/uploads\/2021\/04\/Vargas-Veda-5-scaled.jpg?resize=1400%2C800&ssl=1 4x"},"classes":[]}],"_links":{"self":[{"href":"https:\/\/sarimelekler.biz\/index.php?rest_route=\/wp\/v2\/posts\/4120","targetHints":{"allow":["GET"]}}],"collection":[{"href":"https:\/\/sarimelekler.biz\/index.php?rest_route=\/wp\/v2\/posts"}],"about":[{"href":"https:\/\/sarimelekler.biz\/index.php?rest_route=\/wp\/v2\/types\/post"}],"author":[{"embeddable":true,"href":"https:\/\/sarimelekler.biz\/index.php?rest_route=\/wp\/v2\/users\/1"}],"replies":[{"embeddable":true,"href":"https:\/\/sarimelekler.biz\/index.php?rest_route=%2Fwp%2Fv2%2Fcomments&post=4120"}],"version-history":[{"count":3,"href":"https:\/\/sarimelekler.biz\/index.php?rest_route=\/wp\/v2\/posts\/4120\/revisions"}],"predecessor-version":[{"id":4129,"href":"https:\/\/sarimelekler.biz\/index.php?rest_route=\/wp\/v2\/posts\/4120\/revisions\/4129"}],"wp:featuredmedia":[{"embeddable":true,"href":"https:\/\/sarimelekler.biz\/index.php?rest_route=\/wp\/v2\/media\/4121"}],"wp:attachment":[{"href":"https:\/\/sarimelekler.biz\/index.php?rest_route=%2Fwp%2Fv2%2Fmedia&parent=4120"}],"wp:term":[{"taxonomy":"category","embeddable":true,"href":"https:\/\/sarimelekler.biz\/index.php?rest_route=%2Fwp%2Fv2%2Fcategories&post=4120"},{"taxonomy":"post_tag","embeddable":true,"href":"https:\/\/sarimelekler.biz\/index.php?rest_route=%2Fwp%2Fv2%2Ftags&post=4120"}],"curies":[{"name":"wp","href":"https:\/\/api.w.org\/{rel}","templated":true}]}}