{"id":4167,"date":"2017-08-15T22:58:50","date_gmt":"2017-08-15T19:58:50","guid":{"rendered":"http:\/\/sarimelekler.biz\/?p=4167"},"modified":"2017-08-15T22:59:27","modified_gmt":"2017-08-15T19:59:27","slug":"jan-de-brant-fenerbahceye-dondugum-icin-cok-mutluyum","status":"publish","type":"post","link":"https:\/\/sarimelekler.biz\/?p=4167","title":{"rendered":"Jan de Brant: &#8220;Fenerbah\u00e7e\u2019ye d\u00f6nd\u00fc\u011f\u00fcm i\u00e7in \u00e7ok mutluyum&#8221;"},"content":{"rendered":"<p style=\"text-align: justify;\">Fenerbah\u00e7e Kad\u0131n Voleybol Tak\u0131m\u0131m\u0131z\u0131n yeni antren\u00f6r\u00fc Bel\u00e7ikal\u0131 Jan de Brant, yeni sezon \u00f6ncesi ilk g\u00f6r\u00fc\u015flerini Fenerbah\u00e7e Spor Kul\u00fcb\u00fcm\u00fcz <a href=\"http:\/\/www.fenerbahce.org\/detay.asp?ContentID=56961\" target=\"_blank\" rel=\"noopener\">Resmi \u0130nternet Sitesi<\/a>nde payla\u015ft\u0131.<\/p>\n<p style=\"text-align: justify;\">Uzun bir aradan sonra Fenerbah\u00e7e\u2019de oldu\u011fu i\u00e7in mutlu oldu\u011funu belirten Jan de Brant, Fenerbah\u00e7e\u2019ye transferinin kendisi i\u00e7in bir eve d\u00f6n\u00fc\u015f oldu\u011funu s\u00f6yledi. Kendilerini zor bir sezonun bekledi\u011fini de ifade eden Bel\u00e7ikal\u0131 antren\u00f6r, zamana ihtiya\u00e7lar\u0131n\u0131n oldu\u011funun alt\u0131n\u0131 \u00e7izdi.<\/p>\n<p style=\"text-align: justify;\">Fenerbah\u00e7e\u2019de g\u00f6rev ald\u0131\u011f\u0131m d\u00f6nemde \u00e7ok g\u00fczel hisler ve \u015fampiyonluklar ya\u015fad\u0131\u011f\u0131n\u0131 belirterek s\u00f6zlerine ba\u015flayan Jan de Brant, \u201cHer \u015fey \u00e7ok g\u00fczeldi. \u00c7ok g\u00fczel an\u0131lar\u0131m var T\u00fcrkiye\u2019de, Fenerbah\u00e7e\u2019de. Benim i\u00e7in eve d\u00f6n\u00fc\u015f gibi bir \u015fey. \u00a0D\u00f6nd\u00fc\u011f\u00fcm i\u00e7in \u00e7ok mutluyum. Bildi\u011fim, tan\u0131d\u0131\u011f\u0131m yerdeyim ve kald\u0131\u011f\u0131m yerden devam ediyorum. T\u00fcm arkada\u015flar\u0131 tekrardan g\u00f6rmek \u00e7ok g\u00fczel. \u00c7al\u0131\u015fan herkesi tan\u0131yorum ve tekrar g\u00f6rd\u00fc\u011f\u00fcm i\u00e7in \u00e7ok mutluyum\u201d dedi.<\/p>\n<p style=\"text-align: justify;\">Sezon \u00f6ncesi g\u00f6r\u00fc\u015flerini de payla\u015fan Bel\u00e7ikal\u0131 antren\u00f6r, \u201cBa\u015flang\u0131\u00e7 bizim i\u00e7in biraz zor olacak. \u00c7o\u011fu oyuncumuz milli tak\u0131mlar\u0131nda. O y\u00fczden antrenmanlara gen\u00e7 oyuncularla ba\u015flayaca\u011f\u0131z. Avrupa \u015eampiyonas\u0131\u2019ndan sonra tak\u0131m tam olacak. Ekim ortas\u0131 gibi tak\u0131m geri gelece\u011fi i\u00e7in tam olaca\u011f\u0131z ve Ekim sonunda S\u00fcper Kupa ve lig ba\u015fl\u0131yor. En b\u00fcy\u00fck hedeflerimizden biri \u015eampiyonlar Ligi\u2019ne haz\u0131r olmak. \u015eampiyonlar Ligi Aral\u0131k ay\u0131n\u0131n ortas\u0131nda ba\u015flayacak ve ona haz\u0131rlanmak i\u00e7in daha \u00e7ok zaman\u0131m\u0131z var. Ligde de tabii ma\u00e7 kaybetmek istemiyoruz. Zamana ihtiyac\u0131m\u0131z var, i\u015fimiz kolay olmayacak. Aral\u0131k ay\u0131n\u0131n ortas\u0131ndan sonra tam bir tak\u0131m olmaya ve iyi bir Fenerbah\u00e7e olmaya ba\u015flar\u0131z\u201d \u015feklinde konu\u015ftu.<\/p>\n<p style=\"text-align: justify;\">Jan de Brant, \u201cYeni bir tak\u0131m, burada oldu\u011fum i\u00e7in \u00e7ok mutluyum. Bu benim i\u00e7in \u00e7ok g\u00fczel bir heyecan\u201d ifadeleriyle s\u00f6zlerini noktalad\u0131.<\/p>\n<p>&nbsp;<\/p>\n\n\t\t<style type=\"text\/css\">\n\t\t\t#gallery-1 {\n\t\t\t\tmargin: auto;\n\t\t\t}\n\t\t\t#gallery-1 .gallery-item {\n\t\t\t\tfloat: left;\n\t\t\t\tmargin-top: 10px;\n\t\t\t\ttext-align: center;\n\t\t\t\twidth: 33%;\n\t\t\t}\n\t\t\t#gallery-1 img {\n\t\t\t\tborder: 2px solid #cfcfcf;\n\t\t\t}\n\t\t\t#gallery-1 .gallery-caption {\n\t\t\t\tmargin-left: 0;\n\t\t\t}\n\t\t\t\/* see gallery_shortcode() in wp-includes\/media.php *\/\n\t\t<\/style>\n\t\t<div data-carousel-extra='{&quot;blog_id&quot;:1,&quot;permalink&quot;:&quot;https:\/\/sarimelekler.biz\/?p=4167&quot;}' id='gallery-1' class='gallery galleryid-4167 gallery-columns-3 gallery-size-thumbnail'><dl class='gallery-item'>\n\t\t\t<dt class='gallery-icon landscape'>\n\t\t\t\t<a href='https:\/\/sarimelekler.biz\/?attachment_id=4168'><img loading=\"lazy\" decoding=\"async\" width=\"150\" height=\"150\" src=\"https:\/\/sarimelekler.biz\/wp-content\/uploads\/2017\/08\/janbasin1_56961_8184991-150x150.jpg\" class=\"attachment-thumbnail size-thumbnail\" alt=\"\" data-attachment-id=\"4168\" data-permalink=\"https:\/\/sarimelekler.biz\/?attachment_id=4168\" data-orig-file=\"https:\/\/sarimelekler.biz\/wp-content\/uploads\/2017\/08\/janbasin1_56961_8184991.jpg\" data-orig-size=\"2500,1909\" data-comments-opened=\"0\" data-image-meta=\"{&quot;aperture&quot;:&quot;3.2&quot;,&quot;credit&quot;:&quot;&quot;,&quot;camera&quot;:&quot;Canon EOS-1D X&quot;,&quot;caption&quot;:&quot;&quot;,&quot;created_timestamp&quot;:&quot;1502810876&quot;,&quot;copyright&quot;:&quot;&quot;,&quot;focal_length&quot;:&quot;70&quot;,&quot;iso&quot;:&quot;640&quot;,&quot;shutter_speed&quot;:&quot;0.005&quot;,&quot;title&quot;:&quot;&quot;,&quot;orientation&quot;:&quot;1&quot;}\" data-image-title=\"janbasin1_56961_8184991\" data-image-description=\"\" data-image-caption=\"\" data-large-file=\"https:\/\/sarimelekler.biz\/wp-content\/uploads\/2017\/08\/janbasin1_56961_8184991-1024x782.jpg\" \/><\/a>\n\t\t\t<\/dt><\/dl><dl class='gallery-item'>\n\t\t\t<dt class='gallery-icon landscape'>\n\t\t\t\t<a href='https:\/\/sarimelekler.biz\/?attachment_id=4169'><img loading=\"lazy\" decoding=\"async\" width=\"150\" height=\"150\" src=\"https:\/\/sarimelekler.biz\/wp-content\/uploads\/2017\/08\/janbasin2_56961_8185109-150x150.jpg\" class=\"attachment-thumbnail size-thumbnail\" alt=\"\" data-attachment-id=\"4169\" data-permalink=\"https:\/\/sarimelekler.biz\/?attachment_id=4169\" data-orig-file=\"https:\/\/sarimelekler.biz\/wp-content\/uploads\/2017\/08\/janbasin2_56961_8185109.jpg\" data-orig-size=\"2500,1629\" data-comments-opened=\"0\" data-image-meta=\"{&quot;aperture&quot;:&quot;9&quot;,&quot;credit&quot;:&quot;&quot;,&quot;camera&quot;:&quot;Canon EOS-1D X&quot;,&quot;caption&quot;:&quot;&quot;,&quot;created_timestamp&quot;:&quot;1502810979&quot;,&quot;copyright&quot;:&quot;&quot;,&quot;focal_length&quot;:&quot;70&quot;,&quot;iso&quot;:&quot;250&quot;,&quot;shutter_speed&quot;:&quot;0.005&quot;,&quot;title&quot;:&quot;&quot;,&quot;orientation&quot;:&quot;1&quot;}\" data-image-title=\"janbasin2_56961_8185109\" data-image-description=\"\" data-image-caption=\"\" data-large-file=\"https:\/\/sarimelekler.biz\/wp-content\/uploads\/2017\/08\/janbasin2_56961_8185109-1024x667.jpg\" \/><\/a>\n\t\t\t<\/dt><\/dl><dl class='gallery-item'>\n\t\t\t<dt class='gallery-icon landscape'>\n\t\t\t\t<a href='https:\/\/sarimelekler.biz\/?attachment_id=4170'><img loading=\"lazy\" decoding=\"async\" width=\"150\" height=\"150\" src=\"https:\/\/sarimelekler.biz\/wp-content\/uploads\/2017\/08\/janbasin3_56961_8185207-150x150.jpg\" class=\"attachment-thumbnail size-thumbnail\" alt=\"\" data-attachment-id=\"4170\" data-permalink=\"https:\/\/sarimelekler.biz\/?attachment_id=4170\" data-orig-file=\"https:\/\/sarimelekler.biz\/wp-content\/uploads\/2017\/08\/janbasin3_56961_8185207.jpg\" data-orig-size=\"2500,2131\" data-comments-opened=\"0\" data-image-meta=\"{&quot;aperture&quot;:&quot;10&quot;,&quot;credit&quot;:&quot;&quot;,&quot;camera&quot;:&quot;Canon EOS-1D X&quot;,&quot;caption&quot;:&quot;&quot;,&quot;created_timestamp&quot;:&quot;1502811009&quot;,&quot;copyright&quot;:&quot;&quot;,&quot;focal_length&quot;:&quot;70&quot;,&quot;iso&quot;:&quot;250&quot;,&quot;shutter_speed&quot;:&quot;0.005&quot;,&quot;title&quot;:&quot;&quot;,&quot;orientation&quot;:&quot;1&quot;}\" data-image-title=\"janbasin3_56961_8185207\" data-image-description=\"\" data-image-caption=\"\" data-large-file=\"https:\/\/sarimelekler.biz\/wp-content\/uploads\/2017\/08\/janbasin3_56961_8185207-1024x873.jpg\" \/><\/a>\n\t\t\t<\/dt><\/dl><br style=\"clear: both\" \/>\n\t\t<\/div>\n\n","protected":false},"excerpt":{"rendered":"<p>Fenerbah\u00e7e Kad\u0131n Voleybol Tak\u0131m\u0131m\u0131z\u0131n yeni antren\u00f6r\u00fc Bel\u00e7ikal\u0131 Jan de Brant, \u2026 <a class=\"continue-reading-link\" href=\"https:\/\/sarimelekler.biz\/?p=4167\">Okumaya Devam Et.. <span class=\"meta-nav\">&rarr; <\/span><\/a><\/p>\n","protected":false},"author":1,"featured_media":4170,"comment_status":"closed","ping_status":"open","sticky":false,"template":"","format":"standard","meta":{"jetpack_post_was_ever_published":false,"_jetpack_newsletter_access":"","_jetpack_dont_email_post_to_subs":false,"_jetpack_newsletter_tier_id":0,"_jetpack_memberships_contains_paywalled_content":false,"_jetpack_memberships_contains_paid_content":false,"footnotes":"","jetpack_publicize_message":"","jetpack_publicize_feature_enabled":true,"jetpack_social_post_already_shared":true,"jetpack_social_options":{"image_generator_settings":{"template":"highway","default_image_id":0,"font":"","enabled":false},"version":2}},"categories":[7],"tags":[],"class_list":["post-4167","post","type-post","status-publish","format-standard","has-post-thumbnail","hentry","category-haberler"],"jetpack_publicize_connections":[],"jetpack_featured_media_url":"https:\/\/sarimelekler.biz\/wp-content\/uploads\/2017\/08\/janbasin3_56961_8185207.jpg","jetpack_sharing_enabled":true,"jetpack_shortlink":"https:\/\/wp.me\/p8npUZ-15d","jetpack-related-posts":[{"id":13539,"url":"https:\/\/sarimelekler.biz\/?p=13539","url_meta":{"origin":4167,"position":0},"title":"Cansu \u00c7etin \u00c7ubuklu Formay\u0131 Giydi ve A\u00e7\u0131klamalarda Bulundu","author":"Edit\u00f6r","date":"11 Haziran 2020","format":false,"excerpt":"Fenerbah\u00e7e Opet Kad\u0131n Voleybol Tak\u0131m\u0131m\u0131z\u0131n kadrosuna katt\u0131\u011f\u0131 ba\u015far\u0131l\u0131 sma\u00e7\u00f6r Cansu \u00c7etin, Fenerbah\u00e7e Spor Kul\u00fcb\u00fcm\u00fcz Resmi \u0130nternet Sitesine a\u00e7\u0131klamalarda bulundu. Sar\u0131 lacivertli formay\u0131 giymenin \u00e7ocukluk hayali oldu\u011funu a\u00e7\u0131klayan ba\u015far\u0131l\u0131 voleybolcu, \u00f6zel bir sezonun kendisini bekledi\u011fini ifade etti. Fenerbah\u00e7e'yi her zaman kalbimin derinliklerinde hissettim \"\u00d6ncelikle b\u00f6yle b\u00fcy\u00fck bir camian\u0131n par\u00e7as\u0131 oldu\u011fum i\u00e7in\u2026","rel":"","context":"&quot;Resmi Site R\u00f6portajlar\u0131&quot; i\u00e7inde","block_context":{"text":"Resmi Site R\u00f6portajlar\u0131","link":"https:\/\/sarimelekler.biz\/?cat=17"},"img":{"alt_text":"","src":"https:\/\/i0.wp.com\/sarimelekler.biz\/wp-content\/uploads\/2020\/06\/Cansu-%C3%87etin-8-scaled.jpg?resize=350%2C200&ssl=1","width":350,"height":200,"srcset":"https:\/\/i0.wp.com\/sarimelekler.biz\/wp-content\/uploads\/2020\/06\/Cansu-%C3%87etin-8-scaled.jpg?resize=350%2C200&ssl=1 1x, https:\/\/i0.wp.com\/sarimelekler.biz\/wp-content\/uploads\/2020\/06\/Cansu-%C3%87etin-8-scaled.jpg?resize=525%2C300&ssl=1 1.5x, https:\/\/i0.wp.com\/sarimelekler.biz\/wp-content\/uploads\/2020\/06\/Cansu-%C3%87etin-8-scaled.jpg?resize=700%2C400&ssl=1 2x, https:\/\/i0.wp.com\/sarimelekler.biz\/wp-content\/uploads\/2020\/06\/Cansu-%C3%87etin-8-scaled.jpg?resize=1050%2C600&ssl=1 3x, https:\/\/i0.wp.com\/sarimelekler.biz\/wp-content\/uploads\/2020\/06\/Cansu-%C3%87etin-8-scaled.jpg?resize=1400%2C800&ssl=1 4x"},"classes":[]},{"id":18746,"url":"https:\/\/sarimelekler.biz\/?p=18746","url_meta":{"origin":4167,"position":1},"title":"Yeni Sar\u0131 Melek Hristina Vuchkova","author":"Edit\u00f6r","date":"12 Ocak 2023","format":false,"excerpt":"Fenerbah\u00e7e Opet Kad\u0131n Voleybol Tak\u0131m\u0131m\u0131z, Bulgar orta oyuncu Hristina Vuchkova\u2019y\u0131 transfer etti\u011fini duyurdu. Yeni Oyuncumuz Hristina Vuchkova\u2019ya ba\u015far\u0131l\u0131 bir sezon dileriz. Kul\u00fcb\u00fcm\u00fcz\u00fcn Resmi Sitesinden yap\u0131lan a\u00e7\u0131klama: Fenerbah\u00e7e Opet Kad\u0131n Voleybol Tak\u0131m\u0131m\u0131z, kadrosunu Hristina Vuchkova ile g\u00fc\u00e7lendirdi. Bulgar orta oyuncu ile sezon sonuna kadar anla\u015fmaya var\u0131ld\u0131. 2022-2023 sezonunda \u00c7in\u2019in Beijing BAIC\u2026","rel":"","context":"&quot;Transfer Haberleri&quot; i\u00e7inde","block_context":{"text":"Transfer Haberleri","link":"https:\/\/sarimelekler.biz\/?cat=23"},"img":{"alt_text":"","src":"https:\/\/i0.wp.com\/sarimelekler.biz\/wp-content\/uploads\/2023\/02\/Vuchkeva.jpg?resize=350%2C200&ssl=1","width":350,"height":200,"srcset":"https:\/\/i0.wp.com\/sarimelekler.biz\/wp-content\/uploads\/2023\/02\/Vuchkeva.jpg?resize=350%2C200&ssl=1 1x, https:\/\/i0.wp.com\/sarimelekler.biz\/wp-content\/uploads\/2023\/02\/Vuchkeva.jpg?resize=525%2C300&ssl=1 1.5x, https:\/\/i0.wp.com\/sarimelekler.biz\/wp-content\/uploads\/2023\/02\/Vuchkeva.jpg?resize=700%2C400&ssl=1 2x, https:\/\/i0.wp.com\/sarimelekler.biz\/wp-content\/uploads\/2023\/02\/Vuchkeva.jpg?resize=1050%2C600&ssl=1 3x, https:\/\/i0.wp.com\/sarimelekler.biz\/wp-content\/uploads\/2023\/02\/Vuchkeva.jpg?resize=1400%2C800&ssl=1 4x"},"classes":[]},{"id":6748,"url":"https:\/\/sarimelekler.biz\/?p=6748","url_meta":{"origin":4167,"position":2},"title":"Fatma Y\u0131ld\u0131r\u0131m ve Dicle Nur Babat Yeni Sezonu De\u011ferlendirdi.","author":"Edit\u00f6r","date":"3 Eyl\u00fcl 2018","format":false,"excerpt":"Ba\u015far\u0131l\u0131 sma\u00e7\u00f6r Fatma Y\u0131ld\u0131r\u0131m ile Orta oyuncumuz Dicle Nur Babat sezonun ilk antrenman\u0131 sonras\u0131 Resmi Sitemize a\u00e7\u0131klamalarda bulundular. Fatma Y\u0131ld\u0131r\u0131m heyecanl\u0131 ve mutlu oldu\u011fu ifade etti. \u00d6nlerinde 2 ayl\u0131k bir haz\u0131rl\u0131k s\u00fcrecinin oldu\u011funu dile getiren Y\u0131ld\u0131r\u0131m, \"Uzun bir aran\u0131n ard\u0131ndan sezona ba\u015flamak g\u00fczel oldu. Yeni tak\u0131m ve heyecan. Fenerbah\u00e7e\u2019de oldu\u011fum\u2026","rel":"","context":"&quot;Haberler&quot; i\u00e7inde","block_context":{"text":"Haberler","link":"https:\/\/sarimelekler.biz\/?cat=7"},"img":{"alt_text":"","src":"https:\/\/i0.wp.com\/sarimelekler.biz\/wp-content\/uploads\/2018\/09\/Dicle-Fatma.jpg?resize=350%2C200&ssl=1","width":350,"height":200,"srcset":"https:\/\/i0.wp.com\/sarimelekler.biz\/wp-content\/uploads\/2018\/09\/Dicle-Fatma.jpg?resize=350%2C200&ssl=1 1x, https:\/\/i0.wp.com\/sarimelekler.biz\/wp-content\/uploads\/2018\/09\/Dicle-Fatma.jpg?resize=525%2C300&ssl=1 1.5x, https:\/\/i0.wp.com\/sarimelekler.biz\/wp-content\/uploads\/2018\/09\/Dicle-Fatma.jpg?resize=700%2C400&ssl=1 2x, https:\/\/i0.wp.com\/sarimelekler.biz\/wp-content\/uploads\/2018\/09\/Dicle-Fatma.jpg?resize=1050%2C600&ssl=1 3x, https:\/\/i0.wp.com\/sarimelekler.biz\/wp-content\/uploads\/2018\/09\/Dicle-Fatma.jpg?resize=1400%2C800&ssl=1 4x"},"classes":[]},{"id":6463,"url":"https:\/\/sarimelekler.biz\/?p=6463","url_meta":{"origin":4167,"position":3},"title":"S\u0131la \u00c7al\u0131\u015fkan: &#8220;Fenerbah\u00e7e\u2019de oynamak \u00e7ocukluk hayalimdi&#8221;","author":"Edit\u00f6r","date":"30 Haziran 2018","format":false,"excerpt":"Fenerbah\u00e7e Bayan Voleybol Tak\u0131m\u0131m\u0131z\u0131n yeni transferi S\u0131la \u00c7al\u0131\u015fkan, Fenerbah\u00e7e Spor Kul\u00fcb\u00fcm\u00fcz\u00fcn Resmi \u0130nternet Sitesine a\u00e7\u0131klamalarda bulundu. Fenerbah\u00e7e\u2019de oynaman\u0131n \u00e7ocukluk hayali oldu\u011funu ve bu hayali ger\u00e7ekle\u015ftirdi\u011fi i\u00e7in \u00e7ok mutlu oldu\u011funu belirten S\u0131la, t\u00fcm kupalara talip olduklar\u0131n\u0131 s\u00f6yledi. \u0130lk olarak Fenerbah\u00e7e\u2019de oynaman\u0131n \u00e7ocukluk hayali oldu\u011funu belirten S\u0131la, \u201cFenerbah\u00e7e\u2019nin koyu bir taraftar\u0131y\u0131m. Bu\u2026","rel":"","context":"&quot;Resmi Site R\u00f6portajlar\u0131&quot; i\u00e7inde","block_context":{"text":"Resmi Site R\u00f6portajlar\u0131","link":"https:\/\/sarimelekler.biz\/?cat=17"},"img":{"alt_text":"","src":"https:\/\/i0.wp.com\/sarimelekler.biz\/wp-content\/uploads\/2018\/06\/S%C4%B1la-%C3%87al%C4%B1%C5%9Fkan-5.jpg?resize=350%2C200&ssl=1","width":350,"height":200,"srcset":"https:\/\/i0.wp.com\/sarimelekler.biz\/wp-content\/uploads\/2018\/06\/S%C4%B1la-%C3%87al%C4%B1%C5%9Fkan-5.jpg?resize=350%2C200&ssl=1 1x, https:\/\/i0.wp.com\/sarimelekler.biz\/wp-content\/uploads\/2018\/06\/S%C4%B1la-%C3%87al%C4%B1%C5%9Fkan-5.jpg?resize=525%2C300&ssl=1 1.5x, https:\/\/i0.wp.com\/sarimelekler.biz\/wp-content\/uploads\/2018\/06\/S%C4%B1la-%C3%87al%C4%B1%C5%9Fkan-5.jpg?resize=700%2C400&ssl=1 2x, https:\/\/i0.wp.com\/sarimelekler.biz\/wp-content\/uploads\/2018\/06\/S%C4%B1la-%C3%87al%C4%B1%C5%9Fkan-5.jpg?resize=1050%2C600&ssl=1 3x, https:\/\/i0.wp.com\/sarimelekler.biz\/wp-content\/uploads\/2018\/06\/S%C4%B1la-%C3%87al%C4%B1%C5%9Fkan-5.jpg?resize=1400%2C800&ssl=1 4x"},"classes":[]},{"id":4097,"url":"https:\/\/sarimelekler.biz\/?p=4097","url_meta":{"origin":4167,"position":4},"title":"Mia Jerkov: &#8220;Bu formay\u0131 giyecek olmaktan dolay\u0131 gurur duyuyorum&#8221;","author":"Edit\u00f6r","date":"14 Haziran 2017","format":false,"excerpt":"Kad\u0131n Voleybol Tak\u0131m\u0131m\u0131z\u0131n yeni sma\u00e7\u00f6r\u00fc Mia Jerkov, transferine ili\u015fkin ilk a\u00e7\u0131klamalar\u0131 Fenerbah\u00e7e Spor Kul\u00fcb\u00fcm\u00fcz Resmi \u0130nternet Sitesine yapt\u0131. Fenerbah\u00e7e gibi b\u00fcy\u00fck bir kul\u00fcb\u00fcn formas\u0131n\u0131 giyecek olmaktan dolay\u0131 gurur duydu\u011funu dile getiren Mia Jerkov, \"Fenerbah\u00e7e\u2019de olmaktan dolay\u0131 b\u00fcy\u00fck bir gurur duyuyorum. Sar\u0131 Meleklerin bir par\u00e7as\u0131 olacak olmaktan dolay\u0131 \u00e7ok mutluyum. Fenerbah\u00e7e\u2026","rel":"","context":"&quot;T\u00fcrkiye Ligi&quot; i\u00e7inde","block_context":{"text":"T\u00fcrkiye Ligi","link":"https:\/\/sarimelekler.biz\/?cat=6"},"img":{"alt_text":"","src":"https:\/\/i0.wp.com\/sarimelekler.biz\/wp-content\/uploads\/2017\/06\/mb9_56295_4963432.jpg?resize=350%2C200&ssl=1","width":350,"height":200,"srcset":"https:\/\/i0.wp.com\/sarimelekler.biz\/wp-content\/uploads\/2017\/06\/mb9_56295_4963432.jpg?resize=350%2C200&ssl=1 1x, https:\/\/i0.wp.com\/sarimelekler.biz\/wp-content\/uploads\/2017\/06\/mb9_56295_4963432.jpg?resize=525%2C300&ssl=1 1.5x, https:\/\/i0.wp.com\/sarimelekler.biz\/wp-content\/uploads\/2017\/06\/mb9_56295_4963432.jpg?resize=700%2C400&ssl=1 2x, https:\/\/i0.wp.com\/sarimelekler.biz\/wp-content\/uploads\/2017\/06\/mb9_56295_4963432.jpg?resize=1050%2C600&ssl=1 3x, https:\/\/i0.wp.com\/sarimelekler.biz\/wp-content\/uploads\/2017\/06\/mb9_56295_4963432.jpg?resize=1400%2C800&ssl=1 4x"},"classes":[]},{"id":16000,"url":"https:\/\/sarimelekler.biz\/?p=16000","url_meta":{"origin":4167,"position":5},"title":"Tutku Burcu Y\u00fczgen\u00e7: Fenerbah\u00e7e\u2019ye Transfer Oldu\u011fum G\u00fcnden Bu Yana Fenerbah\u00e7e Taraftar\u0131yla Oynama Hayaliyle \u00c7al\u0131\u015f\u0131yorum","author":"Edit\u00f6r","date":"19 A\u011fustos 2021","format":false,"excerpt":"Fenerbah\u00e7e Opet Kad\u0131n Voleybol Tak\u0131m\u0131m\u0131z\u0131n yeni transferlerinden Tutku Burcu Y\u00fczgen\u00e7, Fenerbah\u00e7e Spor Kul\u00fcb\u00fcm\u00fcz resmi internet sitesine a\u00e7\u0131klamalarda bulundu. R\u00f6portaj\u0131n Tamam\u0131: Fenerbah\u00e7e Opet Kad\u0131n Voleybol Tak\u0131m\u0131m\u0131z\u0131n yeni sezon yap\u0131lanmas\u0131 kapsam\u0131nda kadrosuna katt\u0131\u011f\u0131 isimlerden biri olan Tutku Burcu Y\u00fczgen\u00e7, tak\u0131m\u0131m\u0131z\u0131n kamp yapt\u0131\u011f\u0131 Topuk Yaylas\u0131 Tesislerimizde resmi internet sitemize a\u00e7\u0131klamalarda bulundu. \u0130lk s\u00f6zleri,\u2026","rel":"","context":"&quot;Resmi Site R\u00f6portajlar\u0131&quot; i\u00e7inde","block_context":{"text":"Resmi Site R\u00f6portajlar\u0131","link":"https:\/\/sarimelekler.biz\/?cat=17"},"img":{"alt_text":"","src":"https:\/\/i0.wp.com\/sarimelekler.biz\/wp-content\/uploads\/2021\/08\/Tutku-Burcu-2.jpg?resize=350%2C200&ssl=1","width":350,"height":200,"srcset":"https:\/\/i0.wp.com\/sarimelekler.biz\/wp-content\/uploads\/2021\/08\/Tutku-Burcu-2.jpg?resize=350%2C200&ssl=1 1x, https:\/\/i0.wp.com\/sarimelekler.biz\/wp-content\/uploads\/2021\/08\/Tutku-Burcu-2.jpg?resize=525%2C300&ssl=1 1.5x, https:\/\/i0.wp.com\/sarimelekler.biz\/wp-content\/uploads\/2021\/08\/Tutku-Burcu-2.jpg?resize=700%2C400&ssl=1 2x, https:\/\/i0.wp.com\/sarimelekler.biz\/wp-content\/uploads\/2021\/08\/Tutku-Burcu-2.jpg?resize=1050%2C600&ssl=1 3x, https:\/\/i0.wp.com\/sarimelekler.biz\/wp-content\/uploads\/2021\/08\/Tutku-Burcu-2.jpg?resize=1400%2C800&ssl=1 4x"},"classes":[]}],"_links":{"self":[{"href":"https:\/\/sarimelekler.biz\/index.php?rest_route=\/wp\/v2\/posts\/4167","targetHints":{"allow":["GET"]}}],"collection":[{"href":"https:\/\/sarimelekler.biz\/index.php?rest_route=\/wp\/v2\/posts"}],"about":[{"href":"https:\/\/sarimelekler.biz\/index.php?rest_route=\/wp\/v2\/types\/post"}],"author":[{"embeddable":true,"href":"https:\/\/sarimelekler.biz\/index.php?rest_route=\/wp\/v2\/users\/1"}],"replies":[{"embeddable":true,"href":"https:\/\/sarimelekler.biz\/index.php?rest_route=%2Fwp%2Fv2%2Fcomments&post=4167"}],"version-history":[{"count":2,"href":"https:\/\/sarimelekler.biz\/index.php?rest_route=\/wp\/v2\/posts\/4167\/revisions"}],"predecessor-version":[{"id":4172,"href":"https:\/\/sarimelekler.biz\/index.php?rest_route=\/wp\/v2\/posts\/4167\/revisions\/4172"}],"wp:featuredmedia":[{"embeddable":true,"href":"https:\/\/sarimelekler.biz\/index.php?rest_route=\/wp\/v2\/media\/4170"}],"wp:attachment":[{"href":"https:\/\/sarimelekler.biz\/index.php?rest_route=%2Fwp%2Fv2%2Fmedia&parent=4167"}],"wp:term":[{"taxonomy":"category","embeddable":true,"href":"https:\/\/sarimelekler.biz\/index.php?rest_route=%2Fwp%2Fv2%2Fcategories&post=4167"},{"taxonomy":"post_tag","embeddable":true,"href":"https:\/\/sarimelekler.biz\/index.php?rest_route=%2Fwp%2Fv2%2Ftags&post=4167"}],"curies":[{"name":"wp","href":"https:\/\/api.w.org\/{rel}","templated":true}]}}