{"id":4183,"date":"2017-08-22T00:24:35","date_gmt":"2017-08-21T21:24:35","guid":{"rendered":"http:\/\/sarimelekler.biz\/?p=4183"},"modified":"2017-08-22T00:24:35","modified_gmt":"2017-08-21T21:24:35","slug":"fenerbahce-bayan-voleybol-takimimiz-sezonu-acti","status":"publish","type":"post","link":"https:\/\/sarimelekler.biz\/?p=4183","title":{"rendered":"Fenerbah\u00e7e Bayan Voleybol Tak\u0131m\u0131m\u0131z Sezonu A\u00e7t\u0131"},"content":{"rendered":"<p style=\"text-align: justify;\">Fenerbah\u00e7e Bayan Voleybol Tak\u0131m\u0131m\u0131z, 2017-2018 sezonunu 21.08.2017 g\u00fcn\u00fc ak\u015fam saatlerinde yapt\u0131\u011f\u0131 antrenmanla a\u00e7t\u0131.<\/p>\n<p style=\"text-align: justify;\">Tak\u0131m\u0131m\u0131z\u0131n yeni antren\u00f6r\u00fc Bel\u00e7ikal\u0131 Jan de Brant y\u00f6netiminde Derea\u011fz\u0131 Lefter K\u00fc\u00e7\u00fckandonyadis Tesislerinde yap\u0131lan \u00e7al\u0131\u015fma saat 19.00&#8217;da ba\u015flad\u0131 ve 1 saat 30 dakika s\u00fcrd\u00fc.<\/p>\n<p style=\"text-align: justify;\">Milli oyunculardan yoksun ger\u00e7ekle\u015ftirilen \u00e7al\u0131\u015fmada yeni transferlerimiz Ezgi Da\u011fdelenler, Damla \u00c7ak\u0131ro\u011flu ve Beliz Ba\u015fk\u0131r\u2019\u0131n yan\u0131 s\u0131ra Dicle Nur Babat ve Melis Y\u0131lmaz yer ald\u0131.<\/p>\n<p style=\"text-align: justify;\">Milli tak\u0131mlarda bulunan kaptan Eda Erdem D\u00fcndar, Merve Dalbeler, Bahar Toksoy Guidetti, Polen Uslupehlivan, \u00c7a\u011fla Ak\u0131n, Polina Rahimova ve Mia Jerkov ile izinli olan Natalia Zilio Pereira ve Carli Lloyd \u00e7al\u0131\u015fmada yer almad\u0131.<\/p>\n<p style=\"text-align: justify;\">Fenerbah\u00e7e Bayan Voleybol Tak\u0131m\u0131m\u0131z, yeni sezon haz\u0131rl\u0131klar\u0131na 22.08.2017 g\u00fcn\u00fc yapaca\u011f\u0131 antrenmanla devam edecek.<\/p>\n\n\t\t<style type=\"text\/css\">\n\t\t\t#gallery-1 {\n\t\t\t\tmargin: auto;\n\t\t\t}\n\t\t\t#gallery-1 .gallery-item {\n\t\t\t\tfloat: left;\n\t\t\t\tmargin-top: 10px;\n\t\t\t\ttext-align: center;\n\t\t\t\twidth: 25%;\n\t\t\t}\n\t\t\t#gallery-1 img {\n\t\t\t\tborder: 2px solid #cfcfcf;\n\t\t\t}\n\t\t\t#gallery-1 .gallery-caption {\n\t\t\t\tmargin-left: 0;\n\t\t\t}\n\t\t\t\/* see gallery_shortcode() in wp-includes\/media.php *\/\n\t\t<\/style>\n\t\t<div data-carousel-extra='{&quot;blog_id&quot;:1,&quot;permalink&quot;:&quot;https:\/\/sarimelekler.biz\/?p=4183&quot;}' id='gallery-1' class='gallery galleryid-4183 gallery-columns-4 gallery-size-thumbnail'><dl class='gallery-item'>\n\t\t\t<dt class='gallery-icon landscape'>\n\t\t\t\t<a href='https:\/\/sarimelekler.biz\/?attachment_id=4184'><img loading=\"lazy\" decoding=\"async\" width=\"150\" height=\"150\" src=\"https:\/\/sarimelekler.biz\/wp-content\/uploads\/2017\/08\/de9p3067_57023_7465052-150x150.jpg\" class=\"attachment-thumbnail size-thumbnail\" alt=\"\" data-attachment-id=\"4184\" data-permalink=\"https:\/\/sarimelekler.biz\/?attachment_id=4184\" data-orig-file=\"https:\/\/sarimelekler.biz\/wp-content\/uploads\/2017\/08\/de9p3067_57023_7465052.jpg\" data-orig-size=\"2500,1704\" data-comments-opened=\"0\" data-image-meta=\"{&quot;aperture&quot;:&quot;2.8&quot;,&quot;credit&quot;:&quot;&quot;,&quot;camera&quot;:&quot;Canon EOS-1D X&quot;,&quot;caption&quot;:&quot;&quot;,&quot;created_timestamp&quot;:&quot;1503341630&quot;,&quot;copyright&quot;:&quot;&quot;,&quot;focal_length&quot;:&quot;16&quot;,&quot;iso&quot;:&quot;500&quot;,&quot;shutter_speed&quot;:&quot;0.004&quot;,&quot;title&quot;:&quot;&quot;,&quot;orientation&quot;:&quot;1&quot;}\" data-image-title=\"de9p3067_57023_7465052\" data-image-description=\"\" data-image-caption=\"\" data-large-file=\"https:\/\/sarimelekler.biz\/wp-content\/uploads\/2017\/08\/de9p3067_57023_7465052-1024x698.jpg\" \/><\/a>\n\t\t\t<\/dt><\/dl><dl class='gallery-item'>\n\t\t\t<dt class='gallery-icon landscape'>\n\t\t\t\t<a href='https:\/\/sarimelekler.biz\/?attachment_id=4185'><img loading=\"lazy\" decoding=\"async\" width=\"150\" height=\"150\" src=\"https:\/\/sarimelekler.biz\/wp-content\/uploads\/2017\/08\/de9p3090_57023_7465156-150x150.jpg\" class=\"attachment-thumbnail size-thumbnail\" alt=\"\" data-attachment-id=\"4185\" data-permalink=\"https:\/\/sarimelekler.biz\/?attachment_id=4185\" data-orig-file=\"https:\/\/sarimelekler.biz\/wp-content\/uploads\/2017\/08\/de9p3090_57023_7465156.jpg\" data-orig-size=\"2500,1912\" data-comments-opened=\"0\" data-image-meta=\"{&quot;aperture&quot;:&quot;2.8&quot;,&quot;credit&quot;:&quot;&quot;,&quot;camera&quot;:&quot;Canon EOS-1D X&quot;,&quot;caption&quot;:&quot;&quot;,&quot;created_timestamp&quot;:&quot;1503343068&quot;,&quot;copyright&quot;:&quot;&quot;,&quot;focal_length&quot;:&quot;18&quot;,&quot;iso&quot;:&quot;400&quot;,&quot;shutter_speed&quot;:&quot;0.004&quot;,&quot;title&quot;:&quot;&quot;,&quot;orientation&quot;:&quot;1&quot;}\" data-image-title=\"de9p3090_57023_7465156\" data-image-description=\"\" data-image-caption=\"\" data-large-file=\"https:\/\/sarimelekler.biz\/wp-content\/uploads\/2017\/08\/de9p3090_57023_7465156-1024x783.jpg\" \/><\/a>\n\t\t\t<\/dt><\/dl><dl class='gallery-item'>\n\t\t\t<dt class='gallery-icon portrait'>\n\t\t\t\t<a href='https:\/\/sarimelekler.biz\/?attachment_id=4186'><img loading=\"lazy\" decoding=\"async\" width=\"150\" height=\"150\" src=\"https:\/\/sarimelekler.biz\/wp-content\/uploads\/2017\/08\/de9p3093_57023_7465245-150x150.jpg\" class=\"attachment-thumbnail size-thumbnail\" alt=\"\" data-attachment-id=\"4186\" data-permalink=\"https:\/\/sarimelekler.biz\/?attachment_id=4186\" data-orig-file=\"https:\/\/sarimelekler.biz\/wp-content\/uploads\/2017\/08\/de9p3093_57023_7465245.jpg\" data-orig-size=\"2500,2547\" data-comments-opened=\"0\" data-image-meta=\"{&quot;aperture&quot;:&quot;2.8&quot;,&quot;credit&quot;:&quot;&quot;,&quot;camera&quot;:&quot;Canon EOS-1D X&quot;,&quot;caption&quot;:&quot;&quot;,&quot;created_timestamp&quot;:&quot;1503343087&quot;,&quot;copyright&quot;:&quot;&quot;,&quot;focal_length&quot;:&quot;16&quot;,&quot;iso&quot;:&quot;400&quot;,&quot;shutter_speed&quot;:&quot;0.004&quot;,&quot;title&quot;:&quot;&quot;,&quot;orientation&quot;:&quot;1&quot;}\" data-image-title=\"de9p3093_57023_7465245\" data-image-description=\"\" data-image-caption=\"\" data-large-file=\"https:\/\/sarimelekler.biz\/wp-content\/uploads\/2017\/08\/de9p3093_57023_7465245-1005x1024.jpg\" \/><\/a>\n\t\t\t<\/dt><\/dl><dl class='gallery-item'>\n\t\t\t<dt class='gallery-icon landscape'>\n\t\t\t\t<a href='https:\/\/sarimelekler.biz\/?attachment_id=4188'><img loading=\"lazy\" decoding=\"async\" width=\"150\" height=\"150\" src=\"https:\/\/sarimelekler.biz\/wp-content\/uploads\/2017\/08\/de9p3137_57023_7465442-150x150.jpg\" class=\"attachment-thumbnail size-thumbnail\" alt=\"\" data-attachment-id=\"4188\" data-permalink=\"https:\/\/sarimelekler.biz\/?attachment_id=4188\" data-orig-file=\"https:\/\/sarimelekler.biz\/wp-content\/uploads\/2017\/08\/de9p3137_57023_7465442.jpg\" data-orig-size=\"2500,2120\" data-comments-opened=\"0\" data-image-meta=\"{&quot;aperture&quot;:&quot;2.8&quot;,&quot;credit&quot;:&quot;&quot;,&quot;camera&quot;:&quot;Canon EOS-1D X&quot;,&quot;caption&quot;:&quot;&quot;,&quot;created_timestamp&quot;:&quot;1503344109&quot;,&quot;copyright&quot;:&quot;&quot;,&quot;focal_length&quot;:&quot;70&quot;,&quot;iso&quot;:&quot;3200&quot;,&quot;shutter_speed&quot;:&quot;0.0025&quot;,&quot;title&quot;:&quot;&quot;,&quot;orientation&quot;:&quot;1&quot;}\" data-image-title=\"de9p3137_57023_7465442\" data-image-description=\"\" data-image-caption=\"\" data-large-file=\"https:\/\/sarimelekler.biz\/wp-content\/uploads\/2017\/08\/de9p3137_57023_7465442-1024x868.jpg\" \/><\/a>\n\t\t\t<\/dt><\/dl><br style=\"clear: both\" \/><dl class='gallery-item'>\n\t\t\t<dt class='gallery-icon landscape'>\n\t\t\t\t<a href='https:\/\/sarimelekler.biz\/?attachment_id=4189'><img loading=\"lazy\" decoding=\"async\" width=\"150\" height=\"150\" src=\"https:\/\/sarimelekler.biz\/wp-content\/uploads\/2017\/08\/de9p3141_57023_7465545-2-150x150.jpg\" class=\"attachment-thumbnail size-thumbnail\" alt=\"\" data-attachment-id=\"4189\" data-permalink=\"https:\/\/sarimelekler.biz\/?attachment_id=4189\" data-orig-file=\"https:\/\/sarimelekler.biz\/wp-content\/uploads\/2017\/08\/de9p3141_57023_7465545-2.jpg\" data-orig-size=\"2500,2253\" data-comments-opened=\"0\" data-image-meta=\"{&quot;aperture&quot;:&quot;2.8&quot;,&quot;credit&quot;:&quot;&quot;,&quot;camera&quot;:&quot;Canon EOS-1D X&quot;,&quot;caption&quot;:&quot;&quot;,&quot;created_timestamp&quot;:&quot;1503344117&quot;,&quot;copyright&quot;:&quot;&quot;,&quot;focal_length&quot;:&quot;70&quot;,&quot;iso&quot;:&quot;3200&quot;,&quot;shutter_speed&quot;:&quot;0.002&quot;,&quot;title&quot;:&quot;&quot;,&quot;orientation&quot;:&quot;1&quot;}\" data-image-title=\"de9p3141_57023_7465545\" data-image-description=\"\" data-image-caption=\"\" data-large-file=\"https:\/\/sarimelekler.biz\/wp-content\/uploads\/2017\/08\/de9p3141_57023_7465545-2-1024x923.jpg\" \/><\/a>\n\t\t\t<\/dt><\/dl><dl class='gallery-item'>\n\t\t\t<dt class='gallery-icon landscape'>\n\t\t\t\t<a href='https:\/\/sarimelekler.biz\/?attachment_id=4190'><img loading=\"lazy\" decoding=\"async\" width=\"150\" height=\"150\" src=\"https:\/\/sarimelekler.biz\/wp-content\/uploads\/2017\/08\/de9p3148_57023_7465646-150x150.jpg\" class=\"attachment-thumbnail size-thumbnail\" alt=\"\" data-attachment-id=\"4190\" data-permalink=\"https:\/\/sarimelekler.biz\/?attachment_id=4190\" data-orig-file=\"https:\/\/sarimelekler.biz\/wp-content\/uploads\/2017\/08\/de9p3148_57023_7465646.jpg\" data-orig-size=\"2500,1925\" data-comments-opened=\"0\" data-image-meta=\"{&quot;aperture&quot;:&quot;2.8&quot;,&quot;credit&quot;:&quot;&quot;,&quot;camera&quot;:&quot;Canon EOS-1D X&quot;,&quot;caption&quot;:&quot;&quot;,&quot;created_timestamp&quot;:&quot;1503344192&quot;,&quot;copyright&quot;:&quot;&quot;,&quot;focal_length&quot;:&quot;90&quot;,&quot;iso&quot;:&quot;3200&quot;,&quot;shutter_speed&quot;:&quot;0.002&quot;,&quot;title&quot;:&quot;&quot;,&quot;orientation&quot;:&quot;1&quot;}\" data-image-title=\"de9p3148_57023_7465646\" data-image-description=\"\" data-image-caption=\"\" data-large-file=\"https:\/\/sarimelekler.biz\/wp-content\/uploads\/2017\/08\/de9p3148_57023_7465646-1024x788.jpg\" \/><\/a>\n\t\t\t<\/dt><\/dl><dl class='gallery-item'>\n\t\t\t<dt class='gallery-icon landscape'>\n\t\t\t\t<a href='https:\/\/sarimelekler.biz\/?attachment_id=4191'><img loading=\"lazy\" decoding=\"async\" width=\"150\" height=\"150\" src=\"https:\/\/sarimelekler.biz\/wp-content\/uploads\/2017\/08\/de9p3157_57023_7465745-150x150.jpg\" class=\"attachment-thumbnail size-thumbnail\" alt=\"\" data-attachment-id=\"4191\" data-permalink=\"https:\/\/sarimelekler.biz\/?attachment_id=4191\" data-orig-file=\"https:\/\/sarimelekler.biz\/wp-content\/uploads\/2017\/08\/de9p3157_57023_7465745.jpg\" data-orig-size=\"2500,2118\" data-comments-opened=\"0\" data-image-meta=\"{&quot;aperture&quot;:&quot;2.8&quot;,&quot;credit&quot;:&quot;&quot;,&quot;camera&quot;:&quot;Canon EOS-1D X&quot;,&quot;caption&quot;:&quot;&quot;,&quot;created_timestamp&quot;:&quot;1503344240&quot;,&quot;copyright&quot;:&quot;&quot;,&quot;focal_length&quot;:&quot;120&quot;,&quot;iso&quot;:&quot;3200&quot;,&quot;shutter_speed&quot;:&quot;0.002&quot;,&quot;title&quot;:&quot;&quot;,&quot;orientation&quot;:&quot;1&quot;}\" data-image-title=\"de9p3157_57023_7465745\" data-image-description=\"\" data-image-caption=\"\" data-large-file=\"https:\/\/sarimelekler.biz\/wp-content\/uploads\/2017\/08\/de9p3157_57023_7465745-1024x868.jpg\" \/><\/a>\n\t\t\t<\/dt><\/dl><dl class='gallery-item'>\n\t\t\t<dt class='gallery-icon portrait'>\n\t\t\t\t<a href='https:\/\/sarimelekler.biz\/?attachment_id=4192'><img loading=\"lazy\" decoding=\"async\" width=\"150\" height=\"150\" src=\"https:\/\/sarimelekler.biz\/wp-content\/uploads\/2017\/08\/de9p3164_57023_7465845-150x150.jpg\" class=\"attachment-thumbnail size-thumbnail\" alt=\"\" data-attachment-id=\"4192\" data-permalink=\"https:\/\/sarimelekler.biz\/?attachment_id=4192\" data-orig-file=\"https:\/\/sarimelekler.biz\/wp-content\/uploads\/2017\/08\/de9p3164_57023_7465845.jpg\" data-orig-size=\"2500,2560\" data-comments-opened=\"0\" data-image-meta=\"{&quot;aperture&quot;:&quot;2.8&quot;,&quot;credit&quot;:&quot;&quot;,&quot;camera&quot;:&quot;Canon EOS-1D X&quot;,&quot;caption&quot;:&quot;&quot;,&quot;created_timestamp&quot;:&quot;1503344253&quot;,&quot;copyright&quot;:&quot;&quot;,&quot;focal_length&quot;:&quot;120&quot;,&quot;iso&quot;:&quot;3200&quot;,&quot;shutter_speed&quot;:&quot;0.002&quot;,&quot;title&quot;:&quot;&quot;,&quot;orientation&quot;:&quot;1&quot;}\" data-image-title=\"de9p3164_57023_7465845\" data-image-description=\"\" data-image-caption=\"\" data-large-file=\"https:\/\/sarimelekler.biz\/wp-content\/uploads\/2017\/08\/de9p3164_57023_7465845-1000x1024.jpg\" \/><\/a>\n\t\t\t<\/dt><\/dl><br style=\"clear: both\" \/><dl class='gallery-item'>\n\t\t\t<dt class='gallery-icon landscape'>\n\t\t\t\t<a href='https:\/\/sarimelekler.biz\/?attachment_id=4193'><img loading=\"lazy\" decoding=\"async\" width=\"150\" height=\"150\" src=\"https:\/\/sarimelekler.biz\/wp-content\/uploads\/2017\/08\/de9p3168_57023_7465949-150x150.jpg\" class=\"attachment-thumbnail size-thumbnail\" alt=\"\" data-attachment-id=\"4193\" data-permalink=\"https:\/\/sarimelekler.biz\/?attachment_id=4193\" data-orig-file=\"https:\/\/sarimelekler.biz\/wp-content\/uploads\/2017\/08\/de9p3168_57023_7465949.jpg\" data-orig-size=\"2500,2378\" data-comments-opened=\"0\" data-image-meta=\"{&quot;aperture&quot;:&quot;2.8&quot;,&quot;credit&quot;:&quot;&quot;,&quot;camera&quot;:&quot;Canon EOS-1D X&quot;,&quot;caption&quot;:&quot;&quot;,&quot;created_timestamp&quot;:&quot;1503344261&quot;,&quot;copyright&quot;:&quot;&quot;,&quot;focal_length&quot;:&quot;85&quot;,&quot;iso&quot;:&quot;3200&quot;,&quot;shutter_speed&quot;:&quot;0.002&quot;,&quot;title&quot;:&quot;&quot;,&quot;orientation&quot;:&quot;1&quot;}\" data-image-title=\"de9p3168_57023_7465949\" data-image-description=\"\" data-image-caption=\"\" data-large-file=\"https:\/\/sarimelekler.biz\/wp-content\/uploads\/2017\/08\/de9p3168_57023_7465949-1024x974.jpg\" \/><\/a>\n\t\t\t<\/dt><\/dl><dl class='gallery-item'>\n\t\t\t<dt class='gallery-icon landscape'>\n\t\t\t\t<a href='https:\/\/sarimelekler.biz\/?attachment_id=4194'><img loading=\"lazy\" decoding=\"async\" width=\"150\" height=\"150\" src=\"https:\/\/sarimelekler.biz\/wp-content\/uploads\/2017\/08\/de9p3213_57023_7466048-150x150.jpg\" class=\"attachment-thumbnail size-thumbnail\" alt=\"\" data-attachment-id=\"4194\" data-permalink=\"https:\/\/sarimelekler.biz\/?attachment_id=4194\" data-orig-file=\"https:\/\/sarimelekler.biz\/wp-content\/uploads\/2017\/08\/de9p3213_57023_7466048.jpg\" data-orig-size=\"2500,2090\" data-comments-opened=\"0\" data-image-meta=\"{&quot;aperture&quot;:&quot;2.8&quot;,&quot;credit&quot;:&quot;&quot;,&quot;camera&quot;:&quot;Canon EOS-1D X&quot;,&quot;caption&quot;:&quot;&quot;,&quot;created_timestamp&quot;:&quot;1503344333&quot;,&quot;copyright&quot;:&quot;&quot;,&quot;focal_length&quot;:&quot;70&quot;,&quot;iso&quot;:&quot;3200&quot;,&quot;shutter_speed&quot;:&quot;0.002&quot;,&quot;title&quot;:&quot;&quot;,&quot;orientation&quot;:&quot;1&quot;}\" data-image-title=\"de9p3213_57023_7466048\" data-image-description=\"\" data-image-caption=\"\" data-large-file=\"https:\/\/sarimelekler.biz\/wp-content\/uploads\/2017\/08\/de9p3213_57023_7466048-1024x856.jpg\" \/><\/a>\n\t\t\t<\/dt><\/dl><dl class='gallery-item'>\n\t\t\t<dt class='gallery-icon portrait'>\n\t\t\t\t<a href='https:\/\/sarimelekler.biz\/?attachment_id=4195'><img loading=\"lazy\" decoding=\"async\" width=\"150\" height=\"150\" src=\"https:\/\/sarimelekler.biz\/wp-content\/uploads\/2017\/08\/de9p3225_57023_7466147-150x150.jpg\" class=\"attachment-thumbnail size-thumbnail\" alt=\"\" data-attachment-id=\"4195\" data-permalink=\"https:\/\/sarimelekler.biz\/?attachment_id=4195\" data-orig-file=\"https:\/\/sarimelekler.biz\/wp-content\/uploads\/2017\/08\/de9p3225_57023_7466147.jpg\" data-orig-size=\"2500,2638\" data-comments-opened=\"0\" data-image-meta=\"{&quot;aperture&quot;:&quot;2.8&quot;,&quot;credit&quot;:&quot;&quot;,&quot;camera&quot;:&quot;Canon EOS-1D X&quot;,&quot;caption&quot;:&quot;&quot;,&quot;created_timestamp&quot;:&quot;1503344343&quot;,&quot;copyright&quot;:&quot;&quot;,&quot;focal_length&quot;:&quot;120&quot;,&quot;iso&quot;:&quot;3200&quot;,&quot;shutter_speed&quot;:&quot;0.002&quot;,&quot;title&quot;:&quot;&quot;,&quot;orientation&quot;:&quot;1&quot;}\" data-image-title=\"de9p3225_57023_7466147\" data-image-description=\"\" data-image-caption=\"\" data-large-file=\"https:\/\/sarimelekler.biz\/wp-content\/uploads\/2017\/08\/de9p3225_57023_7466147-970x1024.jpg\" \/><\/a>\n\t\t\t<\/dt><\/dl>\n\t\t\t<br style='clear: both' \/>\n\t\t<\/div>\n\n<p>Kaynak: <a href=\"http:\/\/www.fenerbahce.org\/detay.asp?ContentID=57023\" target=\"_blank\" rel=\"noopener\">Fenerbah\u00e7e Spor Kul\u00fcb\u00fc \u0130nternet Sitesi<\/a><\/p>\n<p>&nbsp;<\/p>\n","protected":false},"excerpt":{"rendered":"<p>Fenerbah\u00e7e Bayan Voleybol Tak\u0131m\u0131m\u0131z, 2017-2018 sezonunu 21.08.2017 g\u00fcn\u00fc ak\u015fam saatlerinde \u2026 <a class=\"continue-reading-link\" href=\"https:\/\/sarimelekler.biz\/?p=4183\">Okumaya Devam Et.. <span class=\"meta-nav\">&rarr; <\/span><\/a><\/p>\n","protected":false},"author":1,"featured_media":4185,"comment_status":"closed","ping_status":"open","sticky":false,"template":"","format":"standard","meta":{"jetpack_post_was_ever_published":false,"_jetpack_newsletter_access":"","_jetpack_dont_email_post_to_subs":false,"_jetpack_newsletter_tier_id":0,"_jetpack_memberships_contains_paywalled_content":false,"_jetpack_memberships_contains_paid_content":false,"footnotes":"","jetpack_publicize_message":"","jetpack_publicize_feature_enabled":true,"jetpack_social_post_already_shared":true,"jetpack_social_options":{"image_generator_settings":{"template":"highway","default_image_id":0,"font":"","enabled":false},"version":2}},"categories":[6],"tags":[],"class_list":["post-4183","post","type-post","status-publish","format-standard","has-post-thumbnail","hentry","category-turkiye-ligi"],"jetpack_publicize_connections":[],"jetpack_featured_media_url":"https:\/\/sarimelekler.biz\/wp-content\/uploads\/2017\/08\/de9p3090_57023_7465156.jpg","jetpack_sharing_enabled":true,"jetpack_shortlink":"https:\/\/wp.me\/p8npUZ-15t","jetpack-related-posts":[{"id":6713,"url":"https:\/\/sarimelekler.biz\/?p=6713","url_meta":{"origin":4183,"position":0},"title":"Sar\u0131 Melekler Sezonu A\u00e7t\u0131","author":"Edit\u00f6r","date":"3 Eyl\u00fcl 2018","format":false,"excerpt":"Fenerbah\u00e7e Bayan Voleybol Tak\u0131m\u0131m\u0131z, yeni sezon \u00e7al\u0131\u015fmalar\u0131na ba\u015flad\u0131. Sezonun ilk antrenman\u0131n\u0131 Voleybol \u015eubemizden Sorumlu Y\u00f6netim Kurulu \u00dcyemiz Simla T\u00fcrker Bayaz\u0131t da takip etti. Gelecek sezon 3 kulvarda birden m\u00fccadele edecek Sar\u0131 Melekler, 2018-2019 sezonun start\u0131n\u0131 bug\u00fcn verdi. Derea\u011fz\u0131 Lefter K\u00fc\u00e7\u00fckandonyadis Tesislerimizde yap\u0131lan antrenman \u00f6ncesi teknik heyet ve oyuncularla bir araya\u2026","rel":"","context":"&quot;Haberler&quot; i\u00e7inde","block_context":{"text":"Haberler","link":"https:\/\/sarimelekler.biz\/?cat=7"},"img":{"alt_text":"","src":"https:\/\/i0.wp.com\/sarimelekler.biz\/wp-content\/uploads\/2018\/09\/sezon-a%C3%A7%C4%B1l%C4%B1%C5%9F%C4%B1-kapak.jpg?resize=350%2C200&ssl=1","width":350,"height":200,"srcset":"https:\/\/i0.wp.com\/sarimelekler.biz\/wp-content\/uploads\/2018\/09\/sezon-a%C3%A7%C4%B1l%C4%B1%C5%9F%C4%B1-kapak.jpg?resize=350%2C200&ssl=1 1x, https:\/\/i0.wp.com\/sarimelekler.biz\/wp-content\/uploads\/2018\/09\/sezon-a%C3%A7%C4%B1l%C4%B1%C5%9F%C4%B1-kapak.jpg?resize=525%2C300&ssl=1 1.5x, https:\/\/i0.wp.com\/sarimelekler.biz\/wp-content\/uploads\/2018\/09\/sezon-a%C3%A7%C4%B1l%C4%B1%C5%9F%C4%B1-kapak.jpg?resize=700%2C400&ssl=1 2x, https:\/\/i0.wp.com\/sarimelekler.biz\/wp-content\/uploads\/2018\/09\/sezon-a%C3%A7%C4%B1l%C4%B1%C5%9F%C4%B1-kapak.jpg?resize=1050%2C600&ssl=1 3x, https:\/\/i0.wp.com\/sarimelekler.biz\/wp-content\/uploads\/2018\/09\/sezon-a%C3%A7%C4%B1l%C4%B1%C5%9F%C4%B1-kapak.jpg?resize=1400%2C800&ssl=1 4x"},"classes":[]},{"id":4265,"url":"https:\/\/sarimelekler.biz\/?p=4265","url_meta":{"origin":4183,"position":1},"title":"Sar\u0131 Melekler Topuk Yaylas\u0131 Tesislerinde","author":"Edit\u00f6r","date":"28 Eyl\u00fcl 2017","format":false,"excerpt":"Fenerbah\u00e7e Bayan Voleybol Tak\u0131m\u0131m\u0131z, yeni sezon haz\u0131rl\u0131klar\u0131na Resort ve Sports Topuk Yaylas\u0131 Tesislerimizde devam ediyor. A tak\u0131mla birlikte gen\u00e7 oyuncular da haz\u0131rl\u0131klar\u0131n\u0131 burada s\u00fcrd\u00fcr\u00fcyor. Yeni sezon haz\u0131rl\u0131klar\u0131n\u0131n start\u0131n\u0131 21 A\u011fustos Pazartesi g\u00fcn\u00fc Derea\u011fz\u0131 Lefter K\u00fc\u00e7\u00fckandonyadis Tesislerimizde yapt\u0131\u011f\u0131 antrenmanla veren Bel\u00e7ikal\u0131 antren\u00f6r Jan de Brant idaresindeki Sar\u0131 Melekler, 25 Eyl\u00fcl Pazartesi\u2026","rel":"","context":"&quot;T\u00fcrkiye Ligi&quot; i\u00e7inde","block_context":{"text":"T\u00fcrkiye Ligi","link":"https:\/\/sarimelekler.biz\/?cat=6"},"img":{"alt_text":"","src":"https:\/\/i0.wp.com\/sarimelekler.biz\/wp-content\/uploads\/2017\/09\/de6p4235_57404_5100731.jpg?resize=350%2C200&ssl=1","width":350,"height":200,"srcset":"https:\/\/i0.wp.com\/sarimelekler.biz\/wp-content\/uploads\/2017\/09\/de6p4235_57404_5100731.jpg?resize=350%2C200&ssl=1 1x, https:\/\/i0.wp.com\/sarimelekler.biz\/wp-content\/uploads\/2017\/09\/de6p4235_57404_5100731.jpg?resize=525%2C300&ssl=1 1.5x, https:\/\/i0.wp.com\/sarimelekler.biz\/wp-content\/uploads\/2017\/09\/de6p4235_57404_5100731.jpg?resize=700%2C400&ssl=1 2x, https:\/\/i0.wp.com\/sarimelekler.biz\/wp-content\/uploads\/2017\/09\/de6p4235_57404_5100731.jpg?resize=1050%2C600&ssl=1 3x, https:\/\/i0.wp.com\/sarimelekler.biz\/wp-content\/uploads\/2017\/09\/de6p4235_57404_5100731.jpg?resize=1400%2C800&ssl=1 4x"},"classes":[]},{"id":6793,"url":"https:\/\/sarimelekler.biz\/?p=6793","url_meta":{"origin":4183,"position":2},"title":"Sar\u0131 Melekler yeni sezona Topuk Yaylas\u0131\u2019nda haz\u0131rlan\u0131yor","author":"Edit\u00f6r","date":"11 Eyl\u00fcl 2018","format":false,"excerpt":"Fenerbah\u00e7e Kad\u0131n Voleybol Tak\u0131m\u0131m\u0131z yeni sezona D\u00fczce'nin Kayna\u015fl\u0131 il\u00e7esinde bulunan Serkan Acar Resort&Sport Topuk Yaylas\u0131\u2019nda haz\u0131rlan\u0131yor. M\u00fccadele edece\u011fi 3 kulvarda da ba\u015far\u0131 hedefleyen Sar\u0131 Melekler, sezonu ge\u00e7ti\u011fimiz hafta Derea\u011fz\u0131 Lefter K\u00fc\u00e7\u00fckandonyadis Tesislerimizde yapt\u0131\u011f\u0131 antrenmanla a\u00e7t\u0131. 1 haftal\u0131k \u00e7al\u0131\u015fman\u0131n ard\u0131ndan kafilemiz sabah saatlerinde Topuk Yaylas\u0131'n\u0131n yolunu tuttu. Burada 1 hafta kamp\u2026","rel":"","context":"&quot;Haberler&quot; i\u00e7inde","block_context":{"text":"Haberler","link":"https:\/\/sarimelekler.biz\/?cat=7"},"img":{"alt_text":"","src":"https:\/\/i0.wp.com\/sarimelekler.biz\/wp-content\/uploads\/2018\/09\/de6p8071_61622_7310361.jpg?resize=350%2C200&ssl=1","width":350,"height":200,"srcset":"https:\/\/i0.wp.com\/sarimelekler.biz\/wp-content\/uploads\/2018\/09\/de6p8071_61622_7310361.jpg?resize=350%2C200&ssl=1 1x, https:\/\/i0.wp.com\/sarimelekler.biz\/wp-content\/uploads\/2018\/09\/de6p8071_61622_7310361.jpg?resize=525%2C300&ssl=1 1.5x, https:\/\/i0.wp.com\/sarimelekler.biz\/wp-content\/uploads\/2018\/09\/de6p8071_61622_7310361.jpg?resize=700%2C400&ssl=1 2x, https:\/\/i0.wp.com\/sarimelekler.biz\/wp-content\/uploads\/2018\/09\/de6p8071_61622_7310361.jpg?resize=1050%2C600&ssl=1 3x, https:\/\/i0.wp.com\/sarimelekler.biz\/wp-content\/uploads\/2018\/09\/de6p8071_61622_7310361.jpg?resize=1400%2C800&ssl=1 4x"},"classes":[]},{"id":4198,"url":"https:\/\/sarimelekler.biz\/?p=4198","url_meta":{"origin":4183,"position":3},"title":"Bayan Voleybol Tak\u0131m\u0131m\u0131z Sa\u011fl\u0131k Kontrol\u00fcnden Ge\u00e7ti","author":"Edit\u00f6r","date":"24 A\u011fustos 2017","format":false,"excerpt":"Yeni sezon haz\u0131rl\u0131klar\u0131na 21 A\u011fustos Pazartesi g\u00fcn\u00fc kul\u00fcb\u00fcm\u00fcz\u00fcn Derea\u011fz\u0131 Lefter K\u00fc\u00e7\u00fckandonyadis Tesislerinde yapt\u0131\u011f\u0131 antrenmanla ba\u015flayan Fenerbah\u00e7e BayanVoleybol Tak\u0131m\u0131m\u0131z sa\u011fl\u0131k kontrol\u00fcnden ge\u00e7ti. \u00c7al\u0131\u015fmalar\u0131n\u0131 \u0130stanbul\u2019da s\u00fcrd\u00fcren Tak\u0131m\u0131m\u0131zda teknik ekip ve t\u00fcm oyuncular\u0131m\u0131z, bug\u00fcn (24.08.2017) G\u00f6ztepe Medical Park Hastanesi\u2019nde sezon \u00f6ncesi rutin sa\u011fl\u0131k kontrollerine tabi tutuldu. Ayr\u0131ca ilk g\u00fcn \u00e7al\u0131\u015fmalar\u0131nda bulunmayan Mia Jerkov'da\u2026","rel":"","context":"&quot;T\u00fcrkiye Ligi&quot; i\u00e7inde","block_context":{"text":"T\u00fcrkiye Ligi","link":"https:\/\/sarimelekler.biz\/?cat=6"},"img":{"alt_text":"","src":"https:\/\/i0.wp.com\/sarimelekler.biz\/wp-content\/uploads\/2017\/08\/ttttttttttttt.jpg?resize=350%2C200&ssl=1","width":350,"height":200,"srcset":"https:\/\/i0.wp.com\/sarimelekler.biz\/wp-content\/uploads\/2017\/08\/ttttttttttttt.jpg?resize=350%2C200&ssl=1 1x, https:\/\/i0.wp.com\/sarimelekler.biz\/wp-content\/uploads\/2017\/08\/ttttttttttttt.jpg?resize=525%2C300&ssl=1 1.5x, https:\/\/i0.wp.com\/sarimelekler.biz\/wp-content\/uploads\/2017\/08\/ttttttttttttt.jpg?resize=700%2C400&ssl=1 2x, https:\/\/i0.wp.com\/sarimelekler.biz\/wp-content\/uploads\/2017\/08\/ttttttttttttt.jpg?resize=1050%2C600&ssl=1 3x, https:\/\/i0.wp.com\/sarimelekler.biz\/wp-content\/uploads\/2017\/08\/ttttttttttttt.jpg?resize=1400%2C800&ssl=1 4x"},"classes":[]},{"id":11466,"url":"https:\/\/sarimelekler.biz\/?p=11466","url_meta":{"origin":4183,"position":4},"title":"Sar\u0131 Melekler Yeni Sezona Topuk Yaylas\u0131\u2019nda Haz\u0131rlan\u0131yor","author":"Edit\u00f6r","date":"30 A\u011fustos 2019","format":false,"excerpt":"Fenerbah\u00e7e Kad\u0131n Voleybol Tak\u0131m\u0131m\u0131z yeni sezona D\u00fczce\u2019nin Kayna\u015fl\u0131 il\u00e7esinde bulunan Serkan Acar Resort&Sport Topuk Yaylas\u0131\u2019nda haz\u0131rlan\u0131yor. M\u00fccadele edece\u011fi 3 kulvarda da ba\u015far\u0131 hedefleyen Sar\u0131 Melekler, sezonu 15 A\u011fustos\u2019ta Derea\u011fz\u0131 Lefter K\u00fc\u00e7\u00fckandonyadis Tesislerimizde yapt\u0131\u011f\u0131 antrenmanla a\u00e7t\u0131. \u00c7al\u0131\u015fmalar\u0131n\u0131n \u0130stanbul etab\u0131n\u0131n ard\u0131ndan 1 haftal\u0131k kamp i\u00e7in 26 A\u011fustos 2019 Pazartesi g\u00fcn\u00fc Serkan Acar\u2026","rel":"","context":"&quot;Haberler&quot; i\u00e7inde","block_context":{"text":"Haberler","link":"https:\/\/sarimelekler.biz\/?cat=7"},"img":{"alt_text":"","src":"https:\/\/i0.wp.com\/sarimelekler.biz\/wp-content\/uploads\/2019\/08\/19-20-Topuk-Yaylas%C4%B1-11.png?resize=350%2C200&ssl=1","width":350,"height":200,"srcset":"https:\/\/i0.wp.com\/sarimelekler.biz\/wp-content\/uploads\/2019\/08\/19-20-Topuk-Yaylas%C4%B1-11.png?resize=350%2C200&ssl=1 1x, https:\/\/i0.wp.com\/sarimelekler.biz\/wp-content\/uploads\/2019\/08\/19-20-Topuk-Yaylas%C4%B1-11.png?resize=525%2C300&ssl=1 1.5x, https:\/\/i0.wp.com\/sarimelekler.biz\/wp-content\/uploads\/2019\/08\/19-20-Topuk-Yaylas%C4%B1-11.png?resize=700%2C400&ssl=1 2x, https:\/\/i0.wp.com\/sarimelekler.biz\/wp-content\/uploads\/2019\/08\/19-20-Topuk-Yaylas%C4%B1-11.png?resize=1050%2C600&ssl=1 3x"},"classes":[]},{"id":15888,"url":"https:\/\/sarimelekler.biz\/?p=15888","url_meta":{"origin":4183,"position":5},"title":"Sar\u0131 Melekler Sezonu A\u00e7t\u0131","author":"Edit\u00f6r","date":"27 Temmuz 2021","format":false,"excerpt":"Kad\u0131n Voleybol Tak\u0131m\u0131m\u0131z Fenerbah\u00e7e Opet, yeni sezon \u00e7al\u0131\u015fmalar\u0131na ba\u015flad\u0131. Sar\u0131 Melekler, 2021-2022 sezonu ilk antrenman\u0131n\u0131 Derea\u011fz\u0131 Lefter\u00a0 K\u00fc\u00e7\u00fckandonyadis Tesisleri\u2019nde ger\u00e7ekle\u015ftirdi. S\u0131rbistan milli tak\u0131m\u0131n\u0131 \u00e7al\u0131\u015ft\u0131ran Ba\u015fantren\u00f6r Zoran Terzic'in yoklu\u011funda yard\u0131mc\u0131s\u0131 Salih Tavac\u0131 y\u00f6netiminde yeni transferlerimiz Gizem \u00d6rge ve Tutku Burcu Y\u00fczgen\u00e7\u2019in yer ald\u0131\u011f\u0131 \u00e7al\u0131\u015fmaya milli oyuncular kaptan Eda Erdem D\u00fcndar, Naz\u2026","rel":"","context":"&quot;T\u00fcrkiye Ligi&quot; i\u00e7inde","block_context":{"text":"T\u00fcrkiye Ligi","link":"https:\/\/sarimelekler.biz\/?cat=6"},"img":{"alt_text":"","src":"https:\/\/i0.wp.com\/sarimelekler.biz\/wp-content\/uploads\/2021\/07\/21-22-Sezon-Oncesi-5-Kapak.jpg?resize=350%2C200&ssl=1","width":350,"height":200,"srcset":"https:\/\/i0.wp.com\/sarimelekler.biz\/wp-content\/uploads\/2021\/07\/21-22-Sezon-Oncesi-5-Kapak.jpg?resize=350%2C200&ssl=1 1x, https:\/\/i0.wp.com\/sarimelekler.biz\/wp-content\/uploads\/2021\/07\/21-22-Sezon-Oncesi-5-Kapak.jpg?resize=525%2C300&ssl=1 1.5x, https:\/\/i0.wp.com\/sarimelekler.biz\/wp-content\/uploads\/2021\/07\/21-22-Sezon-Oncesi-5-Kapak.jpg?resize=700%2C400&ssl=1 2x, https:\/\/i0.wp.com\/sarimelekler.biz\/wp-content\/uploads\/2021\/07\/21-22-Sezon-Oncesi-5-Kapak.jpg?resize=1050%2C600&ssl=1 3x, https:\/\/i0.wp.com\/sarimelekler.biz\/wp-content\/uploads\/2021\/07\/21-22-Sezon-Oncesi-5-Kapak.jpg?resize=1400%2C800&ssl=1 4x"},"classes":[]}],"_links":{"self":[{"href":"https:\/\/sarimelekler.biz\/index.php?rest_route=\/wp\/v2\/posts\/4183","targetHints":{"allow":["GET"]}}],"collection":[{"href":"https:\/\/sarimelekler.biz\/index.php?rest_route=\/wp\/v2\/posts"}],"about":[{"href":"https:\/\/sarimelekler.biz\/index.php?rest_route=\/wp\/v2\/types\/post"}],"author":[{"embeddable":true,"href":"https:\/\/sarimelekler.biz\/index.php?rest_route=\/wp\/v2\/users\/1"}],"replies":[{"embeddable":true,"href":"https:\/\/sarimelekler.biz\/index.php?rest_route=%2Fwp%2Fv2%2Fcomments&post=4183"}],"version-history":[{"count":1,"href":"https:\/\/sarimelekler.biz\/index.php?rest_route=\/wp\/v2\/posts\/4183\/revisions"}],"predecessor-version":[{"id":4196,"href":"https:\/\/sarimelekler.biz\/index.php?rest_route=\/wp\/v2\/posts\/4183\/revisions\/4196"}],"wp:featuredmedia":[{"embeddable":true,"href":"https:\/\/sarimelekler.biz\/index.php?rest_route=\/wp\/v2\/media\/4185"}],"wp:attachment":[{"href":"https:\/\/sarimelekler.biz\/index.php?rest_route=%2Fwp%2Fv2%2Fmedia&parent=4183"}],"wp:term":[{"taxonomy":"category","embeddable":true,"href":"https:\/\/sarimelekler.biz\/index.php?rest_route=%2Fwp%2Fv2%2Fcategories&post=4183"},{"taxonomy":"post_tag","embeddable":true,"href":"https:\/\/sarimelekler.biz\/index.php?rest_route=%2Fwp%2Fv2%2Ftags&post=4183"}],"curies":[{"name":"wp","href":"https:\/\/api.w.org\/{rel}","templated":true}]}}