{"id":4214,"date":"2017-09-13T22:29:38","date_gmt":"2017-09-13T19:29:38","guid":{"rendered":"http:\/\/sarimelekler.biz\/?p=4214"},"modified":"2017-09-13T22:29:38","modified_gmt":"2017-09-13T19:29:38","slug":"acimiz-buyuk-hakan-dincayi-kaybettik","status":"publish","type":"post","link":"https:\/\/sarimelekler.biz\/?p=4214","title":{"rendered":"Ac\u0131m\u0131z B\u00fcy\u00fck Hakan Din\u00e7ay\u2019\u0131 Kaybettik"},"content":{"rendered":"<p style=\"text-align: justify;\">Hakan Din\u00e7ay\u2019\u0131 Kaybettik<\/p>\n<p style=\"text-align: justify;\">Kul\u00fcb\u00fcm\u00fcz\u00fcn internet sitesinden yap\u0131lan a\u00e7\u0131klamayla bir s\u00fcredir tedavi g\u00f6ren Sn. Hakan Din\u00e7ay&#8217;\u0131n vefat etti\u011fini \u00fcz\u00fcnt\u00fcyle \u00f6\u011frenmi\u015f bulunmaktay\u0131z. Camiam\u0131z\u0131n Ba\u015f\u0131 Sa\u011f olsun. Hakan abimizin mekan\u0131 Cennet Olsun.<\/p>\n<p style=\"text-align: justify;\">Yap\u0131lan A\u00e7\u0131klama:<\/p>\n<p style=\"text-align: justify;\">Kul\u00fcb\u00fcm\u00fcz\u00fcn Asba\u015fkanlar\u0131ndan Hakan Din\u00e7ay&#8217;\u0131 tedavi g\u00f6rd\u00fc\u011f\u00fc hastanede kaybetti\u011fimiz haberini derin bir \u00fcz\u00fcnt\u00fcyle \u00f6\u011frenmi\u015f bulunmaktay\u0131z.<\/p>\n<p style=\"text-align: justify;\">Y\u00f6neticimiz Hakan Din\u00e7ay&#8217;a Allah&#8217;tan rahmet; Din\u00e7ay ailesi, sevenleri ve t\u00fcm Fenerbah\u00e7e Camias\u0131&#8217;na ba\u015fsa\u011fl\u0131\u011f\u0131 dileriz.<\/p>\n<p style=\"text-align: justify;\">Kaynak: <a href=\"http:\/\/www.fenerbahce.org\/detay.asp?ContentID=57219\" target=\"_blank\" rel=\"noopener\">Fenerbah\u00e7e Spor Kul\u00fcb\u00fc<\/a><\/p>\n<p style=\"text-align: justify;\">Hakan Din\u00e7ay kimdir?<\/p>\n<p style=\"text-align: justify;\">1961 y\u0131l\u0131nda \u0130stanbul&#8217;da do\u011fan Hakan Din\u00e7ay \u00f6mr\u00fcn\u00fc Fenerbah\u00e7e&#8217;ye adad\u0131. 1994 y\u0131l\u0131ndan beri aktif olarak Fenerbah\u00e7e&#8217;ye hizmet etti. 2002&#8217;den bu yana da y\u00f6netim kurulu \u00fcyeli\u011fi yapt\u0131. Fenerbah\u00e7e Voleybol \u015eubesi&#8217;nin ba\u015far\u0131lar\u0131nda \u00f6nemli rol oynayan insanlardan biri oldu. Fenerbah\u00e7e Spor Kul\u00fcb\u00fc Ba\u015fkan\u0131 Aziz Y\u0131ld\u0131r\u0131m amat\u00f6r sporlara daha fazla e\u011filme karar\u0131 ald\u0131\u011f\u0131nda Hakan Din\u00e7ay&#8217;\u0131 da voleybol \u015fubesi&#8217;nde g\u00f6revlendirdi. O zamana kadar Fenerbah\u00e7e&#8217;nin kad\u0131nlarda da erkeklerde de \u015fampiyonlu\u011fu yoktu. Fenerbah\u00e7e, son 15 y\u0131lda voleybolda b\u00fcy\u00fck ba\u015far\u0131lar kazand\u0131. T\u00fcrkiye&#8217;de kad\u0131nlarda ve erkeklerde \u00fcst \u00fcste \u015fampiyonluklar gelirken sar\u0131 melekler Avrupa&#8217;n\u0131n ve d\u00fcnyan\u0131n zirvesine \u00e7\u0131kt\u0131. Erkek Voleybol Tak\u0131m\u0131 da Avrupa&#8217;dan kupa getirmeyi ba\u015fard\u0131. Bu s\u00fcre\u00e7te Hakan Din\u00e7ay hep voleybol \u015eubesi sorumlusu olarak g\u00f6rev yap\u0131yordu.<\/p>\n<p style=\"text-align: justify;\">\u0130ki k\u0131z bir de erkek babas\u0131 olan Hakan Din\u00e7ay maalesef ge\u00e7ti\u011fimiz y\u0131l amans\u0131z hastal\u0131\u011fa yakaland\u0131. Hakan Din\u00e7ay&#8217;\u0131n vefat\u0131 sadece Fenerbah\u00e7e camias\u0131 i\u00e7in de\u011fil T\u00fcrk sporu i\u00e7in de b\u00fcy\u00fck bir kay\u0131p. Hakan Din\u00e7ay&#8217;a Allah&#8217;tan rahmet, ba\u015fta ailesi olmak \u00fczere Fenerbah\u00e7e Camias\u0131&#8217;na, yak\u0131nlar\u0131na ve sevenlerine ba\u015fsa\u011fl\u0131\u011f\u0131 dileriz&#8230;<\/p>\n","protected":false},"excerpt":{"rendered":"<p>Hakan Din\u00e7ay\u2019\u0131 Kaybettik Kul\u00fcb\u00fcm\u00fcz\u00fcn internet sitesinden yap\u0131lan a\u00e7\u0131klamayla bir s\u00fcredir \u2026 <a class=\"continue-reading-link\" href=\"https:\/\/sarimelekler.biz\/?p=4214\">Okumaya Devam Et.. <span class=\"meta-nav\">&rarr; <\/span><\/a><\/p>\n","protected":false},"author":1,"featured_media":4215,"comment_status":"closed","ping_status":"open","sticky":false,"template":"","format":"standard","meta":{"jetpack_post_was_ever_published":false,"_jetpack_newsletter_access":"","_jetpack_dont_email_post_to_subs":false,"_jetpack_newsletter_tier_id":0,"_jetpack_memberships_contains_paywalled_content":false,"_jetpack_memberships_contains_paid_content":false,"footnotes":"","jetpack_publicize_message":"","jetpack_publicize_feature_enabled":true,"jetpack_social_post_already_shared":true,"jetpack_social_options":{"image_generator_settings":{"template":"highway","default_image_id":0,"font":"","enabled":false},"version":2}},"categories":[8],"tags":[],"class_list":["post-4214","post","type-post","status-publish","format-standard","has-post-thumbnail","hentry","category-duyurular"],"jetpack_publicize_connections":[],"jetpack_featured_media_url":"https:\/\/sarimelekler.biz\/wp-content\/uploads\/2017\/09\/hakan538_57219_3294106.jpg","jetpack_sharing_enabled":true,"jetpack_shortlink":"https:\/\/wp.me\/p8npUZ-15Y","jetpack-related-posts":[{"id":4227,"url":"https:\/\/sarimelekler.biz\/?p=4227","url_meta":{"origin":4214,"position":0},"title":"Hakan Abimiz Son Yolculu\u011funa U\u011furland\u0131","author":"Edit\u00f6r","date":"14 Eyl\u00fcl 2017","format":false,"excerpt":"13.09.2017 g\u00fcn\u00fc Tedavi g\u00f6rd\u00fc\u011f\u00fc hastanede vefat eden Kul\u00fcb\u00fcm\u00fcz\u00fcn Asba\u015fkanlar\u0131ndan ayr\u0131ca Voleybol \u015eubesi sorumlusu Sn. Hakan Din\u00e7ay bug\u00fcn son yolculu\u011funa u\u011furland\u0131. Camiam\u0131z\u0131n Ba\u015f\u0131 Sa\u011folsun. Hakan abimizin mekan\u0131 Cennet Olsun. Kul\u00fcb\u00fcm\u00fcz\u00fcn \u0130nternet Sitesinden Yap\u0131lan A\u00e7\u0131klama: Vefat\u0131yla t\u00fcm camiam\u0131z\u0131 derinden \u00fczen, Kul\u00fcb\u00fcm\u00fcze \u00e7ok uzun y\u0131llar hizmet etmi\u015f, Voleybol \u015eubemizin bug\u00fcne dek edindi\u011fi \u00f6nemli\u2026","rel":"","context":"&quot;Duyurular&quot; i\u00e7inde","block_context":{"text":"Duyurular","link":"https:\/\/sarimelekler.biz\/?cat=8"},"img":{"alt_text":"","src":"https:\/\/i0.wp.com\/sarimelekler.biz\/wp-content\/uploads\/2017\/09\/10.jpg?resize=350%2C200&ssl=1","width":350,"height":200,"srcset":"https:\/\/i0.wp.com\/sarimelekler.biz\/wp-content\/uploads\/2017\/09\/10.jpg?resize=350%2C200&ssl=1 1x, https:\/\/i0.wp.com\/sarimelekler.biz\/wp-content\/uploads\/2017\/09\/10.jpg?resize=525%2C300&ssl=1 1.5x, https:\/\/i0.wp.com\/sarimelekler.biz\/wp-content\/uploads\/2017\/09\/10.jpg?resize=700%2C400&ssl=1 2x, https:\/\/i0.wp.com\/sarimelekler.biz\/wp-content\/uploads\/2017\/09\/10.jpg?resize=1050%2C600&ssl=1 3x, https:\/\/i0.wp.com\/sarimelekler.biz\/wp-content\/uploads\/2017\/09\/10.jpg?resize=1400%2C800&ssl=1 4x"},"classes":[]},{"id":4217,"url":"https:\/\/sarimelekler.biz\/?p=4217","url_meta":{"origin":4214,"position":1},"title":"Aziz Y\u0131ld\u0131r\u0131m: Karde\u015fim Hakan Din\u00e7ay&#8217;a","author":"Edit\u00f6r","date":"13 Eyl\u00fcl 2017","format":false,"excerpt":"Ba\u015fkan\u0131m\u0131z Aziz Y\u0131ld\u0131r\u0131m Hakan abimiz i\u00e7in taziye mesaj\u0131 yay\u0131nlad\u0131. Uzun y\u0131llar birlikte kol kola y\u00fcr\u00fcd\u00fc\u011f\u00fcm, mutlu ve mutsuz g\u00fcnlerimizde bir an olsun yan\u0131m\u0131zdan ayr\u0131lmam\u0131\u015f, kul\u00fcb\u00fcm\u00fcze bir \u00e7ok alanda yapt\u0131\u011f\u0131 katk\u0131n\u0131n yan\u0131 s\u0131ra \u00f6zellikle voleybol \u015fubemizin bu g\u00fcnlere gelmesinde en b\u00fcy\u00fck pay sahiplerinden biri olan, y\u00f6netim kurulu \u00fcyemiz, mesai arkada\u015f\u0131m, de\u011ferli\u2026","rel":"","context":"&quot;Duyurular&quot; i\u00e7inde","block_context":{"text":"Duyurular","link":"https:\/\/sarimelekler.biz\/?cat=8"},"img":{"alt_text":"","src":"https:\/\/i0.wp.com\/sarimelekler.biz\/wp-content\/uploads\/2017\/09\/2013-03-02_baskan538358.jpg?resize=350%2C200&ssl=1","width":350,"height":200,"srcset":"https:\/\/i0.wp.com\/sarimelekler.biz\/wp-content\/uploads\/2017\/09\/2013-03-02_baskan538358.jpg?resize=350%2C200&ssl=1 1x, https:\/\/i0.wp.com\/sarimelekler.biz\/wp-content\/uploads\/2017\/09\/2013-03-02_baskan538358.jpg?resize=525%2C300&ssl=1 1.5x"},"classes":[]},{"id":4220,"url":"https:\/\/sarimelekler.biz\/?p=4220","url_meta":{"origin":4214,"position":2},"title":"HAKAN D\u0130N\u00c7AY\u2019IN ARDINDAN\u2026","author":"Edit\u00f6r","date":"13 Eyl\u00fcl 2017","format":false,"excerpt":"Fenerbah\u00e7e Spor Kul\u00fcb\u00fcm\u00fcz Resmi \u0130nternet Sitesinden Yap\u0131lan A\u00e7\u0131klamad\u0131r. Bug\u00fcn yitirdi\u011fimiz Hakan Din\u00e7ay\u2019\u0131n vefat\u0131n\u0131n ard\u0131ndan Fenerbah\u00e7e Televizyonu\u2019na a\u00e7\u0131klamalarda bulunan y\u00f6neticilerimiz, Teknik Direkt\u00f6r\u00fcm\u00fcz Aykut Kocaman, Profesyonel Futbol Tak\u0131m\u0131m\u0131z\u0131n Kaptan\u0131 Volkan Demirel ile Erkek ve Kad\u0131n Voleybol Tak\u0131mlar\u0131m\u0131z\u0131n idari y\u00f6neticileri ve kaptanlar\u0131 \u015fu ifadeleri kulland\u0131: Genel Sekreterimiz ve Bas\u0131n S\u00f6zc\u00fcm\u00fcz Mahmut Uslu: \u201cGen\u00e7\u2026","rel":"","context":"&quot;Duyurular&quot; i\u00e7inde","block_context":{"text":"Duyurular","link":"https:\/\/sarimelekler.biz\/?cat=8"},"img":{"alt_text":"","src":"https:\/\/i0.wp.com\/sarimelekler.biz\/wp-content\/uploads\/2017\/09\/hkn538_57223_4062707.jpg?resize=350%2C200&ssl=1","width":350,"height":200,"srcset":"https:\/\/i0.wp.com\/sarimelekler.biz\/wp-content\/uploads\/2017\/09\/hkn538_57223_4062707.jpg?resize=350%2C200&ssl=1 1x, https:\/\/i0.wp.com\/sarimelekler.biz\/wp-content\/uploads\/2017\/09\/hkn538_57223_4062707.jpg?resize=525%2C300&ssl=1 1.5x"},"classes":[]},{"id":20740,"url":"https:\/\/sarimelekler.biz\/?p=20740","url_meta":{"origin":4214,"position":3},"title":"SETA Ablam\u0131z\u0131 Kaybettik\u2026","author":"Edit\u00f6r","date":"4 Nisan 2024","format":false,"excerpt":"T\u00fcrk spor tarihinin en \u00f6nemli isimlerinden, Kad\u0131n Voleybol ve Kad\u0131n Basketbol Tak\u0131mlar\u0131m\u0131z\u0131n ilk sporcular\u0131ndan, Atletizm ve K\u00fcrek Tak\u0131mlar\u0131m\u0131zla da \u015fampiyonluk elde etmi\u015f, Kul\u00fcb\u00fcm\u00fcz\u00fcn 898 sicil numaral\u0131 YDK \u00fcyesi Seta Ya\u011fc\u0131o\u011flu\u2019nun (Erdurmu\u015f) vefat\u0131n\u0131 derin \u00fcz\u00fcnt\u00fcyle \u00f6\u011frenmi\u015f bulunmaktay\u0131z. Merhumenin cenazesi 6 Nisan 2024 Cumartesi g\u00fcn\u00fc saat 14:30\u2019da Ferik\u00f6y Ermeni Kilisesinden kald\u0131r\u0131lacakt\u0131r. Ad\u0131n\u0131\u2026","rel":"","context":"&quot;Haberler&quot; i\u00e7inde","block_context":{"text":"Haberler","link":"https:\/\/sarimelekler.biz\/?cat=7"},"img":{"alt_text":"","src":"https:\/\/i0.wp.com\/sarimelekler.biz\/wp-content\/uploads\/2024\/04\/Seta-Yagcioglu-2-scaled.jpg?resize=350%2C200&ssl=1","width":350,"height":200,"srcset":"https:\/\/i0.wp.com\/sarimelekler.biz\/wp-content\/uploads\/2024\/04\/Seta-Yagcioglu-2-scaled.jpg?resize=350%2C200&ssl=1 1x, https:\/\/i0.wp.com\/sarimelekler.biz\/wp-content\/uploads\/2024\/04\/Seta-Yagcioglu-2-scaled.jpg?resize=525%2C300&ssl=1 1.5x, https:\/\/i0.wp.com\/sarimelekler.biz\/wp-content\/uploads\/2024\/04\/Seta-Yagcioglu-2-scaled.jpg?resize=700%2C400&ssl=1 2x, https:\/\/i0.wp.com\/sarimelekler.biz\/wp-content\/uploads\/2024\/04\/Seta-Yagcioglu-2-scaled.jpg?resize=1050%2C600&ssl=1 3x, https:\/\/i0.wp.com\/sarimelekler.biz\/wp-content\/uploads\/2024\/04\/Seta-Yagcioglu-2-scaled.jpg?resize=1400%2C800&ssl=1 4x"},"classes":[]},{"id":6456,"url":"https:\/\/sarimelekler.biz\/?p=6456","url_meta":{"origin":4214,"position":4},"title":"Voleybol \u015eube Sorumlular\u0131m\u0131z Belli Oldu.","author":"Edit\u00f6r","date":"29 Haziran 2018","format":false,"excerpt":"Fenerbah\u00e7e Spor Kul\u00fcb\u00fcm\u00fcz Y\u00f6netim Kurulu son toplant\u0131s\u0131nda ald\u0131\u011f\u0131 kararla g\u00f6rev da\u011f\u0131l\u0131m\u0131n\u0131 belirledi. Voleybol \u015eube Sorumlumuz asil \u00fcyelerden Simla T\u00fcrker Bayaz\u0131t olurken yard\u0131mc\u0131l\u0131\u011f\u0131n\u0131 ise yedek \u00fcyelerin i\u00e7erisinde bulunan Rahmetli Hakan Din\u00e7ay'\u0131n o\u011flu Muhittin \u0130lker Din\u00e7ay yapacak. Simla T\u00fcrker Bayaz\u0131t: 15 May\u0131s 1972 do\u011fumludur. 2004\u2019ten bu yana H\u00fcsamettin Beyaz\u0131t ile evlidir. \u0130\u015f\u2026","rel":"","context":"&quot;Haberler&quot; i\u00e7inde","block_context":{"text":"Haberler","link":"https:\/\/sarimelekler.biz\/?cat=7"},"img":{"alt_text":"","src":"https:\/\/i0.wp.com\/sarimelekler.biz\/wp-content\/uploads\/2018\/06\/iste-ali-kocun-fenerbahcede-dusundugu-beyin-takimi-sfb-349-800.jpg?resize=350%2C200&ssl=1","width":350,"height":200,"srcset":"https:\/\/i0.wp.com\/sarimelekler.biz\/wp-content\/uploads\/2018\/06\/iste-ali-kocun-fenerbahcede-dusundugu-beyin-takimi-sfb-349-800.jpg?resize=350%2C200&ssl=1 1x, https:\/\/i0.wp.com\/sarimelekler.biz\/wp-content\/uploads\/2018\/06\/iste-ali-kocun-fenerbahcede-dusundugu-beyin-takimi-sfb-349-800.jpg?resize=525%2C300&ssl=1 1.5x, https:\/\/i0.wp.com\/sarimelekler.biz\/wp-content\/uploads\/2018\/06\/iste-ali-kocun-fenerbahcede-dusundugu-beyin-takimi-sfb-349-800.jpg?resize=700%2C400&ssl=1 2x"},"classes":[]},{"id":4223,"url":"https:\/\/sarimelekler.biz\/?p=4223","url_meta":{"origin":4214,"position":5},"title":"Hakan Abimizin Cenazesi Hakk\u0131nda","author":"Edit\u00f6r","date":"13 Eyl\u00fcl 2017","format":false,"excerpt":"13.09.2017 g\u00fcn\u00fc Tedavi g\u00f6rd\u00fc\u011f\u00fc hastanede vefat eden\u00a0Kul\u00fcb\u00fcm\u00fcz\u00fcn Asba\u015fkanlar\u0131ndan Hakan Din\u00e7ay'\u0131n\u00a0cenazesi, Yar\u0131n (14.09.2017) Altunizade \u0130lahiyat Fak\u00fcltesi Camii'nde \u00f6\u011fle (13.07) namaz\u0131na m\u00fcteakip k\u0131l\u0131nacak cenaze namaz\u0131n\u0131n ard\u0131ndan, Karacaahmet Mezarl\u0131\u011f\u0131'na defnedilecektir.Kat\u0131lmak \u0130steyenlere Duyurulur.","rel":"","context":"&quot;Duyurular&quot; i\u00e7inde","block_context":{"text":"Duyurular","link":"https:\/\/sarimelekler.biz\/?cat=8"},"img":{"alt_text":"","src":"https:\/\/i0.wp.com\/sarimelekler.biz\/wp-content\/uploads\/2017\/09\/hakan-abi.jpg?resize=350%2C200&ssl=1","width":350,"height":200,"srcset":"https:\/\/i0.wp.com\/sarimelekler.biz\/wp-content\/uploads\/2017\/09\/hakan-abi.jpg?resize=350%2C200&ssl=1 1x, https:\/\/i0.wp.com\/sarimelekler.biz\/wp-content\/uploads\/2017\/09\/hakan-abi.jpg?resize=525%2C300&ssl=1 1.5x, https:\/\/i0.wp.com\/sarimelekler.biz\/wp-content\/uploads\/2017\/09\/hakan-abi.jpg?resize=700%2C400&ssl=1 2x"},"classes":[]}],"_links":{"self":[{"href":"https:\/\/sarimelekler.biz\/index.php?rest_route=\/wp\/v2\/posts\/4214","targetHints":{"allow":["GET"]}}],"collection":[{"href":"https:\/\/sarimelekler.biz\/index.php?rest_route=\/wp\/v2\/posts"}],"about":[{"href":"https:\/\/sarimelekler.biz\/index.php?rest_route=\/wp\/v2\/types\/post"}],"author":[{"embeddable":true,"href":"https:\/\/sarimelekler.biz\/index.php?rest_route=\/wp\/v2\/users\/1"}],"replies":[{"embeddable":true,"href":"https:\/\/sarimelekler.biz\/index.php?rest_route=%2Fwp%2Fv2%2Fcomments&post=4214"}],"version-history":[{"count":1,"href":"https:\/\/sarimelekler.biz\/index.php?rest_route=\/wp\/v2\/posts\/4214\/revisions"}],"predecessor-version":[{"id":4216,"href":"https:\/\/sarimelekler.biz\/index.php?rest_route=\/wp\/v2\/posts\/4214\/revisions\/4216"}],"wp:featuredmedia":[{"embeddable":true,"href":"https:\/\/sarimelekler.biz\/index.php?rest_route=\/wp\/v2\/media\/4215"}],"wp:attachment":[{"href":"https:\/\/sarimelekler.biz\/index.php?rest_route=%2Fwp%2Fv2%2Fmedia&parent=4214"}],"wp:term":[{"taxonomy":"category","embeddable":true,"href":"https:\/\/sarimelekler.biz\/index.php?rest_route=%2Fwp%2Fv2%2Fcategories&post=4214"},{"taxonomy":"post_tag","embeddable":true,"href":"https:\/\/sarimelekler.biz\/index.php?rest_route=%2Fwp%2Fv2%2Ftags&post=4214"}],"curies":[{"name":"wp","href":"https:\/\/api.w.org\/{rel}","templated":true}]}}