{"id":4217,"date":"2017-09-13T22:36:57","date_gmt":"2017-09-13T19:36:57","guid":{"rendered":"http:\/\/sarimelekler.biz\/?p=4217"},"modified":"2017-09-13T22:36:57","modified_gmt":"2017-09-13T19:36:57","slug":"aziz-yildirim-kardesim-hakan-dincaya","status":"publish","type":"post","link":"https:\/\/sarimelekler.biz\/?p=4217","title":{"rendered":"Aziz Y\u0131ld\u0131r\u0131m: Karde\u015fim Hakan Din\u00e7ay&#8217;a"},"content":{"rendered":"<p style=\"text-align: justify;\">Ba\u015fkan\u0131m\u0131z Aziz Y\u0131ld\u0131r\u0131m Hakan abimiz i\u00e7in taziye mesaj\u0131 yay\u0131nlad\u0131.<\/p>\n<p style=\"text-align: justify;\">Uzun y\u0131llar birlikte kol kola y\u00fcr\u00fcd\u00fc\u011f\u00fcm, mutlu ve mutsuz g\u00fcnlerimizde bir an olsun yan\u0131m\u0131zdan ayr\u0131lmam\u0131\u015f, kul\u00fcb\u00fcm\u00fcze bir \u00e7ok alanda yapt\u0131\u011f\u0131 katk\u0131n\u0131n yan\u0131 s\u0131ra \u00f6zellikle voleybol \u015fubemizin bu g\u00fcnlere gelmesinde en b\u00fcy\u00fck pay sahiplerinden biri olan, y\u00f6netim kurulu \u00fcyemiz, mesai arkada\u015f\u0131m, de\u011ferli karde\u015fim Hakan Din\u00e7ay\u2019\u0131 kaybetmemizin \u00fcz\u00fcnt\u00fcs\u00fcn\u00fc derinden ya\u015f\u0131yorum.<\/p>\n<div class=\"text_exposed_show\">\n<p style=\"text-align: justify;\">Hayat\u0131n\u0131n \u00f6nemli bir b\u00f6l\u00fcm\u00fcn\u00fc Fenerbah\u00e7e mesaisiyle ge\u00e7irmi\u015f, yapt\u0131\u011f\u0131 hizmetler hi\u00e7bir zaman unutulmayacak olan karde\u015fim Hakan Din\u00e7ay\u2019a Allah\u2019tan rahmet; kederli ailesi ve t\u00fcm camiam\u0131za ba\u015f sa\u011fl\u0131\u011f\u0131 diliyorum.<\/p>\n<p style=\"text-align: justify;\">Mekan\u0131n cennet olsun Hakan Din\u00e7ay\u2026<\/p>\n<p style=\"text-align: justify;\">Aziz YILDIRIM<br \/>\nFENERBAH\u00c7E SPOR KUL\u00dcB\u00dc BA\u015eKANI<\/p>\n<p><a href=\"http:\/\/www.fenerbahce.org\/detay.asp?ContentID=57221\" target=\"_blank\" rel=\"noopener\">Kaynak<\/a><\/p>\n<\/div>\n","protected":false},"excerpt":{"rendered":"<p>Ba\u015fkan\u0131m\u0131z Aziz Y\u0131ld\u0131r\u0131m Hakan abimiz i\u00e7in taziye mesaj\u0131 yay\u0131nlad\u0131. Uzun \u2026 <a class=\"continue-reading-link\" href=\"https:\/\/sarimelekler.biz\/?p=4217\">Okumaya Devam Et.. <span class=\"meta-nav\">&rarr; <\/span><\/a><\/p>\n","protected":false},"author":1,"featured_media":4218,"comment_status":"closed","ping_status":"open","sticky":false,"template":"","format":"standard","meta":{"jetpack_post_was_ever_published":false,"_jetpack_newsletter_access":"","_jetpack_dont_email_post_to_subs":false,"_jetpack_newsletter_tier_id":0,"_jetpack_memberships_contains_paywalled_content":false,"_jetpack_memberships_contains_paid_content":false,"footnotes":"","jetpack_publicize_message":"","jetpack_publicize_feature_enabled":true,"jetpack_social_post_already_shared":true,"jetpack_social_options":{"image_generator_settings":{"template":"highway","default_image_id":0,"font":"","enabled":false},"version":2}},"categories":[8],"tags":[],"class_list":["post-4217","post","type-post","status-publish","format-standard","has-post-thumbnail","hentry","category-duyurular"],"jetpack_publicize_connections":[],"jetpack_featured_media_url":"https:\/\/sarimelekler.biz\/wp-content\/uploads\/2017\/09\/2013-03-02_baskan538358.jpg","jetpack_sharing_enabled":true,"jetpack_shortlink":"https:\/\/wp.me\/p8npUZ-161","jetpack-related-posts":[{"id":4214,"url":"https:\/\/sarimelekler.biz\/?p=4214","url_meta":{"origin":4217,"position":0},"title":"Ac\u0131m\u0131z B\u00fcy\u00fck Hakan Din\u00e7ay\u2019\u0131 Kaybettik","author":"Edit\u00f6r","date":"13 Eyl\u00fcl 2017","format":false,"excerpt":"Hakan Din\u00e7ay\u2019\u0131 Kaybettik Kul\u00fcb\u00fcm\u00fcz\u00fcn internet sitesinden yap\u0131lan a\u00e7\u0131klamayla bir s\u00fcredir tedavi g\u00f6ren Sn. Hakan Din\u00e7ay'\u0131n vefat etti\u011fini \u00fcz\u00fcnt\u00fcyle \u00f6\u011frenmi\u015f bulunmaktay\u0131z. Camiam\u0131z\u0131n Ba\u015f\u0131 Sa\u011f olsun. Hakan abimizin mekan\u0131 Cennet Olsun. Yap\u0131lan A\u00e7\u0131klama: Kul\u00fcb\u00fcm\u00fcz\u00fcn Asba\u015fkanlar\u0131ndan Hakan Din\u00e7ay'\u0131 tedavi g\u00f6rd\u00fc\u011f\u00fc hastanede kaybetti\u011fimiz haberini derin bir \u00fcz\u00fcnt\u00fcyle \u00f6\u011frenmi\u015f bulunmaktay\u0131z. Y\u00f6neticimiz Hakan Din\u00e7ay'a Allah'tan rahmet;\u2026","rel":"","context":"&quot;Duyurular&quot; i\u00e7inde","block_context":{"text":"Duyurular","link":"https:\/\/sarimelekler.biz\/?cat=8"},"img":{"alt_text":"","src":"https:\/\/i0.wp.com\/sarimelekler.biz\/wp-content\/uploads\/2017\/09\/hakan538_57219_3294106.jpg?resize=350%2C200&ssl=1","width":350,"height":200,"srcset":"https:\/\/i0.wp.com\/sarimelekler.biz\/wp-content\/uploads\/2017\/09\/hakan538_57219_3294106.jpg?resize=350%2C200&ssl=1 1x, https:\/\/i0.wp.com\/sarimelekler.biz\/wp-content\/uploads\/2017\/09\/hakan538_57219_3294106.jpg?resize=525%2C300&ssl=1 1.5x"},"classes":[]},{"id":4227,"url":"https:\/\/sarimelekler.biz\/?p=4227","url_meta":{"origin":4217,"position":1},"title":"Hakan Abimiz Son Yolculu\u011funa U\u011furland\u0131","author":"Edit\u00f6r","date":"14 Eyl\u00fcl 2017","format":false,"excerpt":"13.09.2017 g\u00fcn\u00fc Tedavi g\u00f6rd\u00fc\u011f\u00fc hastanede vefat eden Kul\u00fcb\u00fcm\u00fcz\u00fcn Asba\u015fkanlar\u0131ndan ayr\u0131ca Voleybol \u015eubesi sorumlusu Sn. Hakan Din\u00e7ay bug\u00fcn son yolculu\u011funa u\u011furland\u0131. Camiam\u0131z\u0131n Ba\u015f\u0131 Sa\u011folsun. Hakan abimizin mekan\u0131 Cennet Olsun. Kul\u00fcb\u00fcm\u00fcz\u00fcn \u0130nternet Sitesinden Yap\u0131lan A\u00e7\u0131klama: Vefat\u0131yla t\u00fcm camiam\u0131z\u0131 derinden \u00fczen, Kul\u00fcb\u00fcm\u00fcze \u00e7ok uzun y\u0131llar hizmet etmi\u015f, Voleybol \u015eubemizin bug\u00fcne dek edindi\u011fi \u00f6nemli\u2026","rel":"","context":"&quot;Duyurular&quot; i\u00e7inde","block_context":{"text":"Duyurular","link":"https:\/\/sarimelekler.biz\/?cat=8"},"img":{"alt_text":"","src":"https:\/\/i0.wp.com\/sarimelekler.biz\/wp-content\/uploads\/2017\/09\/10.jpg?resize=350%2C200&ssl=1","width":350,"height":200,"srcset":"https:\/\/i0.wp.com\/sarimelekler.biz\/wp-content\/uploads\/2017\/09\/10.jpg?resize=350%2C200&ssl=1 1x, https:\/\/i0.wp.com\/sarimelekler.biz\/wp-content\/uploads\/2017\/09\/10.jpg?resize=525%2C300&ssl=1 1.5x, https:\/\/i0.wp.com\/sarimelekler.biz\/wp-content\/uploads\/2017\/09\/10.jpg?resize=700%2C400&ssl=1 2x, https:\/\/i0.wp.com\/sarimelekler.biz\/wp-content\/uploads\/2017\/09\/10.jpg?resize=1050%2C600&ssl=1 3x, https:\/\/i0.wp.com\/sarimelekler.biz\/wp-content\/uploads\/2017\/09\/10.jpg?resize=1400%2C800&ssl=1 4x"},"classes":[]},{"id":4220,"url":"https:\/\/sarimelekler.biz\/?p=4220","url_meta":{"origin":4217,"position":2},"title":"HAKAN D\u0130N\u00c7AY\u2019IN ARDINDAN\u2026","author":"Edit\u00f6r","date":"13 Eyl\u00fcl 2017","format":false,"excerpt":"Fenerbah\u00e7e Spor Kul\u00fcb\u00fcm\u00fcz Resmi \u0130nternet Sitesinden Yap\u0131lan A\u00e7\u0131klamad\u0131r. Bug\u00fcn yitirdi\u011fimiz Hakan Din\u00e7ay\u2019\u0131n vefat\u0131n\u0131n ard\u0131ndan Fenerbah\u00e7e Televizyonu\u2019na a\u00e7\u0131klamalarda bulunan y\u00f6neticilerimiz, Teknik Direkt\u00f6r\u00fcm\u00fcz Aykut Kocaman, Profesyonel Futbol Tak\u0131m\u0131m\u0131z\u0131n Kaptan\u0131 Volkan Demirel ile Erkek ve Kad\u0131n Voleybol Tak\u0131mlar\u0131m\u0131z\u0131n idari y\u00f6neticileri ve kaptanlar\u0131 \u015fu ifadeleri kulland\u0131: Genel Sekreterimiz ve Bas\u0131n S\u00f6zc\u00fcm\u00fcz Mahmut Uslu: \u201cGen\u00e7\u2026","rel":"","context":"&quot;Duyurular&quot; i\u00e7inde","block_context":{"text":"Duyurular","link":"https:\/\/sarimelekler.biz\/?cat=8"},"img":{"alt_text":"","src":"https:\/\/i0.wp.com\/sarimelekler.biz\/wp-content\/uploads\/2017\/09\/hkn538_57223_4062707.jpg?resize=350%2C200&ssl=1","width":350,"height":200,"srcset":"https:\/\/i0.wp.com\/sarimelekler.biz\/wp-content\/uploads\/2017\/09\/hkn538_57223_4062707.jpg?resize=350%2C200&ssl=1 1x, https:\/\/i0.wp.com\/sarimelekler.biz\/wp-content\/uploads\/2017\/09\/hkn538_57223_4062707.jpg?resize=525%2C300&ssl=1 1.5x"},"classes":[]},{"id":6416,"url":"https:\/\/sarimelekler.biz\/?p=6416","url_meta":{"origin":4217,"position":3},"title":"Yeni Ba\u015fkan\u0131m\u0131z Ali Ko\u00e7 Oldu","author":"Edit\u00f6r","date":"3 Haziran 2018","format":false,"excerpt":"02-03\/06\/2018 tarihlerinde \u00dclker Stadyumu Fenerbah\u00e7e \u015e\u00fckr\u00fc Saraco\u011flu Spor Kompleksi\u2019nde ger\u00e7ekle\u015ftirilen kul\u00fcb\u00fcm\u00fcz Fenerbah\u00e7e Spor Kul\u00fcb\u00fc Se\u00e7imli Ola\u011fan Genel Kurulunda oy kullanan 20.736 ki\u015fiden 16.092\u2019sinin oyunu alan Say\u0131n Ali Y\u0131ld\u0131r\u0131m Ko\u00e7 Fenerbah\u00e7emizin 37. Ba\u015fkan\u0131 se\u00e7ilmi\u015ftir. Yakla\u015f\u0131k 20 y\u0131ld\u0131r kul\u00fcb\u00fcm\u00fcz\u00fcn ba\u015fkanl\u0131\u011f\u0131n\u0131 yapan ve bir\u00e7ok zorluktan ge\u00e7en Say\u0131n Aziz Y\u0131ld\u0131r\u0131m\u2019a emekleri i\u00e7in Te\u015fekk\u00fcrlerimizi bir\u2026","rel":"","context":"&quot;Haberler&quot; i\u00e7inde","block_context":{"text":"Haberler","link":"https:\/\/sarimelekler.biz\/?cat=7"},"img":{"alt_text":"","src":"https:\/\/i0.wp.com\/sarimelekler.biz\/wp-content\/uploads\/2018\/06\/Dex5-8pWkAEwNMM.jpg?resize=350%2C200&ssl=1","width":350,"height":200,"srcset":"https:\/\/i0.wp.com\/sarimelekler.biz\/wp-content\/uploads\/2018\/06\/Dex5-8pWkAEwNMM.jpg?resize=350%2C200&ssl=1 1x, https:\/\/i0.wp.com\/sarimelekler.biz\/wp-content\/uploads\/2018\/06\/Dex5-8pWkAEwNMM.jpg?resize=525%2C300&ssl=1 1.5x, https:\/\/i0.wp.com\/sarimelekler.biz\/wp-content\/uploads\/2018\/06\/Dex5-8pWkAEwNMM.jpg?resize=700%2C400&ssl=1 2x"},"classes":[]},{"id":6527,"url":"https:\/\/sarimelekler.biz\/?p=6527","url_meta":{"origin":4217,"position":4},"title":"Fatma Y\u0131ld\u0131r\u0131m: &#8220;\u00d6nemli hedefleri olan bir camian\u0131n par\u00e7as\u0131 olmak gurur verici&#8221;","author":"Edit\u00f6r","date":"4 Temmuz 2018","format":false,"excerpt":"Fenerbah\u00e7e Bayan Voleybol Tak\u0131m\u0131m\u0131z\u0131n yeni transferi Fatma Y\u0131ld\u0131r\u0131m, Fenerbah\u00e7e Spor Kul\u00fcb\u00fcm\u00fcz\u00fcn Resmi \u0130nternet Sitesine a\u00e7\u0131klamalarda bulundu. Fenerbah\u00e7e gibi b\u00fcy\u00fck hedefleri olan, b\u00fcy\u00fck bir camian\u0131n par\u00e7as\u0131 olmaktan dolay\u0131 duydu\u011fu gururu dile getiren Fatma Y\u0131ld\u0131r\u0131m; tak\u0131m\u0131m\u0131z\u0131n bu sezon t\u00fcm kupalara talip oldu\u011funu da s\u00f6yledi. \u00d6nemli hedefleri olan bir camiaya geldi\u011fi i\u00e7in mutlu\u2026","rel":"","context":"&quot;Resmi Site R\u00f6portajlar\u0131&quot; i\u00e7inde","block_context":{"text":"Resmi Site R\u00f6portajlar\u0131","link":"https:\/\/sarimelekler.biz\/?cat=17"},"img":{"alt_text":"","src":"https:\/\/i0.wp.com\/sarimelekler.biz\/wp-content\/uploads\/2018\/07\/Fatma-Y%C4%B1ld%C4%B1r%C4%B1m-3.jpg?resize=350%2C200&ssl=1","width":350,"height":200,"srcset":"https:\/\/i0.wp.com\/sarimelekler.biz\/wp-content\/uploads\/2018\/07\/Fatma-Y%C4%B1ld%C4%B1r%C4%B1m-3.jpg?resize=350%2C200&ssl=1 1x, https:\/\/i0.wp.com\/sarimelekler.biz\/wp-content\/uploads\/2018\/07\/Fatma-Y%C4%B1ld%C4%B1r%C4%B1m-3.jpg?resize=525%2C300&ssl=1 1.5x, https:\/\/i0.wp.com\/sarimelekler.biz\/wp-content\/uploads\/2018\/07\/Fatma-Y%C4%B1ld%C4%B1r%C4%B1m-3.jpg?resize=700%2C400&ssl=1 2x, https:\/\/i0.wp.com\/sarimelekler.biz\/wp-content\/uploads\/2018\/07\/Fatma-Y%C4%B1ld%C4%B1r%C4%B1m-3.jpg?resize=1050%2C600&ssl=1 3x, https:\/\/i0.wp.com\/sarimelekler.biz\/wp-content\/uploads\/2018\/07\/Fatma-Y%C4%B1ld%C4%B1r%C4%B1m-3.jpg?resize=1400%2C800&ssl=1 4x"},"classes":[]},{"id":10546,"url":"https:\/\/sarimelekler.biz\/?p=10546","url_meta":{"origin":4217,"position":5},"title":"Fatma Y\u0131ld\u0131r\u0131m ve Merve Dalbeler\u2019den Scandicci ma\u00e7\u0131 \u00f6ncesi a\u00e7\u0131klamalarda bulundular","author":"Edit\u00f6r","date":"19 Mart 2019","format":false,"excerpt":"Fenerbah\u00e7e Opet Kad\u0131n Voleybol Tak\u0131m\u0131m\u0131z\u0131n, CEV \u015eampiyonlar Ligi \u00e7eyrek final r\u00f6van\u015f ma\u00e7\u0131nda \u0130talyan ekibi Savino Del Bene Scandicci ile 19 Mart Sal\u0131 g\u00fcn\u00fc Burhan Felek Voleybol Salonu\u2019nda oynayaca\u011f\u0131 ma\u00e7 \u00f6ncesi oyuncular\u0131m\u0131z Fatma Y\u0131ld\u0131r\u0131m ve Merve Dalbeler, kul\u00fcb\u00fcm\u00fcz\u00fcn resmi sitesine a\u00e7\u0131klamalarda bulundu. Fatma Y\u0131ld\u0131r\u0131m, taraftarlar\u0131m\u0131z\u0131 salona beklediklerini vurgularken; Merve Dalbeler ise\u2026","rel":"","context":"&quot;Avrupa Kupalar\u0131&quot; i\u00e7inde","block_context":{"text":"Avrupa Kupalar\u0131","link":"https:\/\/sarimelekler.biz\/?cat=1"},"img":{"alt_text":"","src":"https:\/\/i0.wp.com\/sarimelekler.biz\/wp-content\/uploads\/2019\/03\/8-18-19-CL-3.jpg?resize=350%2C200&ssl=1","width":350,"height":200,"srcset":"https:\/\/i0.wp.com\/sarimelekler.biz\/wp-content\/uploads\/2019\/03\/8-18-19-CL-3.jpg?resize=350%2C200&ssl=1 1x, https:\/\/i0.wp.com\/sarimelekler.biz\/wp-content\/uploads\/2019\/03\/8-18-19-CL-3.jpg?resize=525%2C300&ssl=1 1.5x, https:\/\/i0.wp.com\/sarimelekler.biz\/wp-content\/uploads\/2019\/03\/8-18-19-CL-3.jpg?resize=700%2C400&ssl=1 2x, https:\/\/i0.wp.com\/sarimelekler.biz\/wp-content\/uploads\/2019\/03\/8-18-19-CL-3.jpg?resize=1050%2C600&ssl=1 3x"},"classes":[]}],"_links":{"self":[{"href":"https:\/\/sarimelekler.biz\/index.php?rest_route=\/wp\/v2\/posts\/4217","targetHints":{"allow":["GET"]}}],"collection":[{"href":"https:\/\/sarimelekler.biz\/index.php?rest_route=\/wp\/v2\/posts"}],"about":[{"href":"https:\/\/sarimelekler.biz\/index.php?rest_route=\/wp\/v2\/types\/post"}],"author":[{"embeddable":true,"href":"https:\/\/sarimelekler.biz\/index.php?rest_route=\/wp\/v2\/users\/1"}],"replies":[{"embeddable":true,"href":"https:\/\/sarimelekler.biz\/index.php?rest_route=%2Fwp%2Fv2%2Fcomments&post=4217"}],"version-history":[{"count":1,"href":"https:\/\/sarimelekler.biz\/index.php?rest_route=\/wp\/v2\/posts\/4217\/revisions"}],"predecessor-version":[{"id":4219,"href":"https:\/\/sarimelekler.biz\/index.php?rest_route=\/wp\/v2\/posts\/4217\/revisions\/4219"}],"wp:featuredmedia":[{"embeddable":true,"href":"https:\/\/sarimelekler.biz\/index.php?rest_route=\/wp\/v2\/media\/4218"}],"wp:attachment":[{"href":"https:\/\/sarimelekler.biz\/index.php?rest_route=%2Fwp%2Fv2%2Fmedia&parent=4217"}],"wp:term":[{"taxonomy":"category","embeddable":true,"href":"https:\/\/sarimelekler.biz\/index.php?rest_route=%2Fwp%2Fv2%2Fcategories&post=4217"},{"taxonomy":"post_tag","embeddable":true,"href":"https:\/\/sarimelekler.biz\/index.php?rest_route=%2Fwp%2Fv2%2Ftags&post=4217"}],"curies":[{"name":"wp","href":"https:\/\/api.w.org\/{rel}","templated":true}]}}