{"id":4220,"date":"2017-09-13T22:50:37","date_gmt":"2017-09-13T19:50:37","guid":{"rendered":"http:\/\/sarimelekler.biz\/?p=4220"},"modified":"2017-09-13T22:50:37","modified_gmt":"2017-09-13T19:50:37","slug":"hakan-dincayin-ardindan","status":"publish","type":"post","link":"https:\/\/sarimelekler.biz\/?p=4220","title":{"rendered":"HAKAN D\u0130N\u00c7AY\u2019IN ARDINDAN\u2026"},"content":{"rendered":"<div class=\"icerik\">\n<p>Fenerbah\u00e7e Spor Kul\u00fcb\u00fcm\u00fcz <a href=\"http:\/\/www.fenerbahce.org\/detay.asp?ContentID=57223\" target=\"_blank\" rel=\"noopener\">Resmi \u0130nternet Sitesi<\/a>nden Yap\u0131lan A\u00e7\u0131klamad\u0131r.<\/p>\n<p style=\"text-align: justify;\">Bug\u00fcn yitirdi\u011fimiz Hakan Din\u00e7ay\u2019\u0131n vefat\u0131n\u0131n ard\u0131ndan Fenerbah\u00e7e Televizyonu\u2019na a\u00e7\u0131klamalarda bulunan y\u00f6neticilerimiz, Teknik Direkt\u00f6r\u00fcm\u00fcz Aykut Kocaman, Profesyonel Futbol Tak\u0131m\u0131m\u0131z\u0131n Kaptan\u0131 Volkan Demirel ile Erkek ve Kad\u0131n Voleybol Tak\u0131mlar\u0131m\u0131z\u0131n idari y\u00f6neticileri ve kaptanlar\u0131 \u015fu ifadeleri kulland\u0131:<\/p>\n<p><strong>Genel Sekreterimiz ve Bas\u0131n S\u00f6zc\u00fcm\u00fcz Mahmut Uslu: \u201cGen\u00e7 ya\u015fta \u00e7ok b\u00fcy\u00fck bir kay\u0131p\u201d<\/strong><\/p>\n<p>\u201c20 y\u0131ll\u0131k dostum, 20 y\u0131ll\u0131k arkada\u015fl\u0131k\u2026 Y\u00f6netimdeki en gen\u00e7 arkada\u015f\u0131m\u0131zd\u0131. D\u00fcnya iyisi bir insand\u0131. Gen\u00e7 ya\u015fta \u00e7ok b\u00fcy\u00fck bir kay\u0131p. Fenerbah\u00e7e\u2019ye ye b\u00fcy\u00fck hizmetler verdi. S\u00f6yleyecek s\u00f6z bulam\u0131yorum. \u0130nsan olarak d\u00fcnya iyisi bir insand\u0131. Allah rahmet eylesin. E\u015fine \u00e7ocuklar\u0131na sevenlerine ba\u015fsa\u011fl\u0131\u011f\u0131 diliyorum.<\/p>\n<p>Ba\u015fkan\u0131m\u0131z\u0131n ve bizlerin takdirini kazanarak voleybol \u015fubesini ald\u0131 g\u00f6t\u00fcrd\u00fc. Yakla\u015f\u0131k 12-13 sene inan\u0131lmaz b\u00fcy\u00fck emekler verdi. Asl\u0131nda voleybola verdi\u011fi hizmet, voleybol federasyonu ve di\u011fer kul\u00fcplerin de takdirini kazanm\u0131\u015f bir arkada\u015f\u0131m\u0131zd\u0131. Allah rahmet eylesin.<\/p>\n<p>Yakla\u015f\u0131k 18-19 y\u0131ld\u0131r beraberli\u011fimiz var y\u00f6netici olarak. Bir g\u00fcn herhangi bir problem dile getirdi\u011fini pek hat\u0131rlam\u0131yorum, kendi \u00e7\u00f6zmeye \u00e7al\u0131\u015f\u0131rd\u0131. Hakan\u2019\u0131n voleybol ve spora yapt\u0131\u011f\u0131 katk\u0131 hakikaten \u00f6nemlidir. Ailesine ve t\u00fcm sevenlerine ba\u015fsa\u011fl\u0131\u011f\u0131 diliyorum.\u201d<\/p>\n<p><strong>Ba\u015fkanvekilimiz Mithat Yenig\u00fcn: \u201cBeklenmedik bir ya\u015fta kaybettik\u201d<\/strong><\/p>\n<p>\u201cHepimizin ba\u015f\u0131 sa\u011f olsun, camiam\u0131z\u0131n ba\u015f\u0131 sa\u011f olsun. Hakan\u2019\u0131 maalesef beklenmedik bir ya\u015fta kaybettik. \u00c7ok sempatik, Fenerbah\u00e7e\u2019ye ba\u011fl\u0131, sayg\u0131l\u0131, \u00e7al\u0131\u015fkan karde\u015fimizdi. Futbol ma\u00e7lar\u0131nda hakemin yapt\u0131\u011f\u0131 hatalara arka taraftan ba\u011f\u0131rmas\u0131yla kula\u011f\u0131mda \u00e7\u0131nl\u0131yor. Allah ba\u015fka ac\u0131 vermesin ailesine. Uyumlu bir insand\u0131. Fenerbah\u00e7e\u2019 kendisine verilen g\u00f6revi lay\u0131k\u0131yla yapard\u0131, g\u00f6revine ba\u011fl\u0131yd\u0131.\u201d<\/p>\n<p><strong>Asba\u015fkan\u0131m\u0131z Nihat \u00d6zba\u011f\u0131: \u201cHer \u015feyi Fenerbah\u00e7e i\u00e7indi\u201d<\/strong><\/p>\n<p>\u201c\u00c7ok \u00fczg\u00fcn\u00fcm. \u00c7ok sevdi\u011fimiz bir arkada\u015f\u0131m\u0131zd\u0131. Her \u015feyi Fenerbah\u00e7e i\u00e7indi. Kendisine rahmet, ailesine ve t\u00fcm Fenerbah\u00e7elilere ba\u015fsa\u011fl\u0131\u011f\u0131 diliyorum. \u00c7ok \u00fczg\u00fcn\u00fcz.<\/p>\n<p>Y\u00f6netici olarak birlikte \u00e7ok iyi \u015feyler yapt\u0131k. \u00c7ok ho\u015f ve yap\u0131c\u0131yd\u0131. Karar vericiydi. \u00c7ok iyi bir arkada\u015ft\u0131. \u0130\u015f hayat\u0131nda da bir iki kez kendisiyle \u00e7al\u0131\u015ft\u0131m. M\u00fckemmel bir insand\u0131; d\u00fcr\u00fcst, ki\u015filikli. \u0130yi bir aile reisiydi. De\u011ferli bir insand\u0131. \u00c7ok \u00fczg\u00fcn\u00fcz. Oyuncularla b\u00fct\u00fcnle\u015fen biriydi. Onlarla ya\u015fard\u0131. Sporculara de\u011fer katard\u0131. A\u011fabeyleri gibiydi.\u201d<\/p>\n<p><strong>Y\u00f6netim Kurulu \u00dcyemiz Metin Do\u011fan: \u201cBa\u015far\u0131l\u0131 bir y\u00f6netici, iyi bir insan, iyi bir dosttu\u201d<\/strong><\/p>\n<p>T\u00fcm camiam\u0131z\u0131n ba\u015f\u0131 sa\u011f olsun. \u00c7ok eskilerden tan\u0131d\u0131\u011f\u0131m bir arkada\u015f\u0131md\u0131. Onun i\u00e7in s\u00f6yleyecek s\u00f6zler bulam\u0131yorum. En son Pazar g\u00fcn\u00fc ziyaret etmi\u015ftim kendisini. Ba\u015far\u0131l\u0131 bir y\u00f6neticiydi, iyi bir insan, iyi bir dosttu. Ba\u015f\u0131 sa\u011f olsun camian\u0131n. Ailesine sab\u0131rlar diliyorum. Allah rahmet eylesin.<\/p>\n<p><strong>Asba\u015fkan\u0131m\u0131z Ozan Balaban: \u201cBir a\u011fabeyimi kaybettim\u201d<\/strong><\/p>\n<p>\u201c\u00c7ok \u00fczg\u00fcn\u00fcm. \u00c7ok \u00f6zel ve g\u00fczel bir insand\u0131. Y\u0131llard\u0131r bu camiada \u00e7ok ba\u015far\u0131l\u0131yd\u0131. Her zaman biz gen\u00e7lere yol g\u00f6sterdi. Ben bir a\u011fabeyimi kaybettim. Allah\u2019tan ailesine sab\u0131r diliyorum. Fenerbah\u00e7e camias\u0131na da ba\u015f sa\u011fl\u0131\u011f\u0131 diliyorum.<\/p>\n<p>O kadar \u00f6zel bir insand\u0131 ki, hastal\u0131\u011f\u0131ndan dolay\u0131 1 bu\u00e7uk senedir g\u00f6r\u00fc\u015femiyorduk. Bana \u00e7ok destekleri olmu\u015ftur, ak\u0131l vermi\u015f yol g\u00f6stermi\u015ftir. Hakikaten y\u0131llar\u0131n\u0131 buraya vermi\u015f, ailesinden \u00fcst\u00fcn tutmu\u015f. Elinden ne geliyorsa maddi manevi yapm\u0131\u015f. T\u00fcm camian\u0131n ba\u015f\u0131 sa\u011f olsun.\u201d<\/p>\n<p><strong>Y\u00fcksek Divan Kurulu Ba\u015fkan\u0131m\u0131z Vefa K\u00fc\u00e7\u00fck: \u201cHepimizin ba\u015f\u0131 sa\u011f olsun\u201d<\/strong><\/p>\n<p>Fenerbah\u00e7e\u2019ye ilk geldi\u011fimiz g\u00fcnden beri tan\u0131\u015f\u0131kl\u0131\u011f\u0131m\u0131z vard\u0131r. Ba\u015fta Din\u00e7ay ailesi olmak \u00fczere sevenlerine, dostlar\u0131na, arkada\u015flar\u0131na ba\u015fsa\u011fl\u0131\u011f\u0131 diliyorum. Uzun zaman voleybol \u015fubemizin y\u00f6neticili\u011fini yapt\u0131. \u015eubemiz de b\u00fcy\u00fck ba\u015far\u0131lar elde ettiler. Bu ba\u015far\u0131larda Hakan beyin b\u00fcy\u00fck emekleri vard\u0131. Hakk\u0131m\u0131z\u0131 tabii ki helal ediyoruz, umar\u0131m o da Fenerbah\u00e7e mensuplar\u0131na haklar\u0131n\u0131 helal ederek g\u00f6zlerini kapam\u0131\u015ft\u0131r. Mekan\u0131 cennet olsun. Hepimizin ba\u015f\u0131 sa\u011f olsun.<\/p>\n<p><strong>Asba\u015fkan\u0131m\u0131z \u015eekip Mosturo\u011flu: \u201c\u00c7ok de\u011fer verdi\u011fim bir b\u00fcy\u00fc\u011f\u00fcm\u00fc yitirdim\u201d<\/strong><\/p>\n<p>\u201c\u00c7ok \u00fczg\u00fcn\u00fcm. 1 bu\u00e7uk y\u0131ld\u0131r ailesiyle birlikte m\u00fccadele veriyordu. B\u00fcy\u00fck bir ac\u0131 \u00e7ekiyoruz \u015fu an. D\u00fcnyan\u0131n en iyi Fenerbah\u00e7elilerinden biriydi. D\u00fcr\u00fcst, namuslu iyi bir babayd\u0131. Hakan a\u011fabeyi anlatacak kelime yok. \u00c7ok de\u011fer verdi\u011fim, sevdi\u011fim sayd\u0131\u011f\u0131m bir b\u00fcy\u00fc\u011f\u00fcm\u00fcm yitirdim.<\/p>\n<p>Sporcusundan malzemecisine kadar herkesle ayn\u0131 seviyede ili\u015fki g\u00f6t\u00fcr\u00fcrd\u00fc. Desteklerdi tak\u0131m\u0131. Sadece voleybola de\u011fil Kul\u00fcb\u00fcm\u00fcze b\u00fcy\u00fck hizmetleri vard\u0131. 3 Temmuz s\u00fcrecinde arkam\u0131zda duran, kara bulutlar\u0131n oldu\u011fu g\u00fcnlerde yan\u0131m\u0131zda bulunan \u00f6nemli bir insand\u0131. Tan\u0131yanlar hep ayn\u0131 \u015feyleri s\u00f6yleyecektir. Tan\u0131mayanlar i\u00e7inse b\u00fcy\u00fck bir \u015fanss\u0131zl\u0131k.\u201d<\/p>\n<p><strong>Y\u00f6netim Kurulu \u00dcyemiz Serdar Erkan: \u201c\u00c7ok iyi bir Fenerbah\u00e7eliydi\u201d<\/strong><\/p>\n<p>&#8220;Bir \u015fey s\u00f6ylemekte \u00e7ok zorlan\u0131yorum. \u00c7ok de\u011ferli bir dostumu kaybettim. \u00c7ok iyi bir Fenerbah\u00e7eliydi. Voleybol \u015fubesine yapt\u0131\u011f\u0131 katk\u0131lar, Fenerbah\u00e7e camias\u0131na katk\u0131lar\u0131 asla unutulamaz. Fenerbah\u00e7e Camias\u0131\u2019n\u0131n ba\u015f\u0131 sa\u011f olsun.<\/p>\n<p><strong>Asba\u015fkan\u0131m\u0131z \u00d6nder F\u0131rat: \u201cB\u00fcy\u00fck \u00fcz\u00fcnt\u00fc duyuyorum\u201d<\/strong><\/p>\n<p>\u201cHakan; karakteri, \u015fahsiyeti, \u00fcst\u00fcn y\u00f6netici vas\u0131flar\u0131yla camiada \u00f6rnek bir insan oldu. B\u00fcy\u00fck \u00fcz\u00fcnt\u00fc duyuyorum. Kendisine Allah\u2019tan rahmet, de\u011ferli ailesine sab\u0131rlar diliyorum. Mekan\u0131 cennet olsun in\u015fallah.<\/p>\n<p>Sportmenli\u011fiyle de \u00f6rnek bir insand\u0131. Kendisinin temellerini att\u0131\u011f\u0131 voleybol \u015fubesindeki ba\u015far\u0131lar\u0131 gelece\u011fin \u00f6n\u00fcn\u00fc a\u00e7t\u0131. \u00c7ok b\u00fcy\u00fck i\u015fler yapt\u0131 voleybol \u015fubesinde ve \u015fubeyi gelece\u011fe haz\u0131rlad\u0131.\u201d<\/p>\n<p><strong>Y\u00f6netim Kurulu \u00dcyemiz Cenk Ba\u015fak: \u201cFenerbah\u00e7e \u00e7ok de\u011ferli bir insan\u0131n\u0131 kaybetti\u201d<\/strong><\/p>\n<p>Ac\u0131m\u0131z \u00e7ok b\u00fcy\u00fck. Ailesine sab\u0131rlar dilerim. Hakan a\u011fabey ile bir \u00e7ok an\u0131m var. Fenerbah\u00e7e \u00e7ok de\u011ferli bir insan\u0131n\u0131 kaybetti. Allah geride kalanlara uzun \u00f6m\u00fcrler versin. Sevdi\u011fimiz bir insand\u0131. Allah geride kalanlara sab\u0131r versin.<\/p>\n<p><strong>Voleybol \u015eubesi \u0130dari Menajeri Abdullah Pa\u015fao\u011flu: \u201cAdam gibi adamd\u0131\u201d<\/strong><\/p>\n<p>\u201cAdam gibi adamd\u0131. D\u00fcr\u00fcst, namuslu bir Fenerbah\u00e7eliydi. Gen\u00e7 ya\u015fta vefat etti. Huzur i\u00e7inde yats\u0131n. Ailesine ba\u015fsa\u011fl\u0131\u011f\u0131 diliyorum.\u201d<\/p>\n<p><strong>Asba\u015fkan\u0131m\u0131z Tahir Sar\u0131o\u011flu: \u201cMekan\u0131 cennet olsun\u201d<\/strong><\/p>\n<p>\u201cT\u00fcm camiam\u0131za ba\u015fsa\u011fl\u0131\u011f\u0131 diliyorum. T\u00fcm camiaya \u00e7ok \u00f6nem ve de\u011fer verdi. Tak\u0131m oyunu voleybolda Hakan\u2019la ba\u015flad\u0131. Hep iyi anaca\u011f\u0131z. Gen\u00e7 ya\u015fta kaybetti\u011fimiz i\u00e7in \u00e7ok \u00fczg\u00fcn\u00fcm. Tekrar t\u00fcm camiaya ba\u015f sa\u011fl\u0131\u011f\u0131, ailesine sab\u0131rlar diliyorum. Mekan\u0131 cennet olsun.\u201d\n<\/p>\n<p style=\"text-align: justify;\"><strong>Y\u00f6netim Kurulu \u00dcyemiz Selim Sapan: \u201cVoleybol \u015eubemizin Bug\u00fcnlere Gelmesindeki En B\u00fcy\u00fck Pay Sahibi\u201d<\/strong><\/p>\n<p>&#8220;Fenerbah\u00e7e\u2019mize iyi g\u00fcn\u00fcnde k\u00f6t\u00fc g\u00fcn\u00fcnde hi\u00e7bir zaman deste\u011fini esirgemeyerek bizlere \u00f6rnek olan, Voleybol \u015eubesinin bug\u00fcnlere gelmesinde ki en b\u00fcy\u00fck pay sahiplerinden biri olan De\u011ferli abimiz Hakan Din\u00e7ay\u2019\u0131 kaybetmemizin \u00fcz\u00fcnt\u00fcs\u00fcn\u00fc t\u00fcm camia gibi ben de derinden ya\u015f\u0131yorum. Rabbim, Cennet Mek\u00e2n\u0131n\u0131n en g\u00fczel kat\u0131nda seni misafir eylesin. Ailesine ve sevdiklerine sab\u0131r ihsan etmesini diliyorum&#8221;<\/p>\n<p><strong>Teknik Direkt\u00f6r\u00fcm\u00fcz Aykut Kocaman: \u201cSon derece sevecen, yumu\u015fak huylu, iyiliksever ve harika bir insand\u0131\u201d<\/strong><\/p>\n<p style=\"text-align: justify;\">\n\u201c\u00c7ok \u00e7ok \u00fczg\u00fcn\u00fcm. Belli bir zamand\u0131r yo\u011fun bir m\u00fccadele i\u00e7indeydi fakat kazanamad\u0131. Son derece sevecen, yumu\u015fak huylu, iyiliksever ve harika bir insand\u0131. Futbolculuk d\u00f6nemimden beri yak\u0131n arkada\u015flar\u0131mdan bir tanesiydi. Maalesef hayat\u0131n tek ger\u00e7e\u011fi bu. Ailesine ba\u015fsa\u011fl\u0131\u011f\u0131, kendisine rahmet diliyorum.<\/p>\n<p>Hen\u00fcz y\u00f6netime girmeden \u00f6nce Fenerbah\u00e7e\u2019nin etraf\u0131nda olan son derece iyi bir Fenerbah\u00e7eliydi. Sonra y\u00f6netime girdi, ba\u015far\u0131l\u0131 \u00e7al\u0131\u015fmalar yapt\u0131. Benim i\u00e7in en \u00f6nemli ve \u00f6ncelikli taraf\u0131 son derece pozitif sevecen ve harika bir insand\u0131. Tekrar ailesine ba\u015fsa\u011fl\u0131\u011f\u0131 ve kendisine rahmet diliyorum.\u201d<\/p>\n<p><strong>Profesyonel Futbol Tak\u0131m\u0131m\u0131z\u0131n Kaptan\u0131 Volkan Demirel: \u00a0&#8220;\u00c7ok \u00fczg\u00fcn\u00fcz&#8221;<\/strong><\/p>\n<p>\u201c\u00c7ok \u00fczg\u00fcn\u00fcz. \u0130\u00e7imizden bir a\u011fabeyimizdi. Ailesine ba\u015fsa\u011fl\u0131\u011f\u0131, geride kalanlara sab\u0131r diliyorum. T\u00fcm camiam\u0131z\u0131n ba\u015f\u0131 sa\u011f olsun.\u201d<\/p>\n<p><strong>Erkek Voleybol Tak\u0131m Kaptan\u0131 Sel\u00e7uk Keskin: \u201cBizim i\u00e7in yapt\u0131klar\u0131n\u0131 hi\u00e7bir zaman unutmayaca\u011f\u0131z\u201d<\/strong><\/p>\n<p>&#8220;\u00c7ok \u00fczg\u00fcn\u00fcm. T\u00fcm camiam\u0131z\u0131n ba\u015f\u0131 sa\u011f olsun. Yan\u0131m\u0131zda oldu her zaman, \u00a0b\u00fcy\u00fck emekler verdi. \u00c7ok \u00fczg\u00fcn\u00fcz. Bizim i\u00e7in yapt\u0131klar\u0131n\u0131 hi\u00e7bir zaman unutmayaca\u011f\u0131z. S\u00f6yleyecek s\u00f6z bulam\u0131yorum. Mekan\u0131 cennet olsun. Allah ailesine sab\u0131r versin.&#8221;<\/p>\n<p><strong>Kad\u0131n Voleybol Tak\u0131m Kaptan\u0131 Eda Erdem D\u00fcndar: \u201cYa\u015fad\u0131\u011f\u0131m\u0131z t\u00fcm ba\u015far\u0131larda \u00e7ok b\u00fcy\u00fck katk\u0131lar\u0131 vard\u0131\u201d<\/strong><\/p>\n<p>&#8220;Ne s\u00f6yleyece\u011fimi bilemiyorum. Bu haberi kabul edemiyorum. Ya\u015fad\u0131\u011f\u0131m\u0131z t\u00fcm ba\u015far\u0131larda \u00e7ok b\u00fcy\u00fck katk\u0131lar\u0131 vard\u0131. \u00a0\u00c7ok iyi bir insand\u0131, \u00e7ok iyi bir Fenerbah\u00e7eliydi. Allah ac\u0131l\u0131 ailesine sab\u0131rlar versi. Allah rahmet eylesin, nur i\u00e7inde yats\u0131n.&#8221;<\/p>\n<\/div>\n","protected":false},"excerpt":{"rendered":"<p>Fenerbah\u00e7e Spor Kul\u00fcb\u00fcm\u00fcz Resmi \u0130nternet Sitesinden Yap\u0131lan A\u00e7\u0131klamad\u0131r. Bug\u00fcn yitirdi\u011fimiz \u2026 <a class=\"continue-reading-link\" href=\"https:\/\/sarimelekler.biz\/?p=4220\">Okumaya Devam Et.. <span class=\"meta-nav\">&rarr; <\/span><\/a><\/p>\n","protected":false},"author":1,"featured_media":4221,"comment_status":"closed","ping_status":"open","sticky":false,"template":"","format":"standard","meta":{"jetpack_post_was_ever_published":false,"_jetpack_newsletter_access":"","_jetpack_dont_email_post_to_subs":false,"_jetpack_newsletter_tier_id":0,"_jetpack_memberships_contains_paywalled_content":false,"_jetpack_memberships_contains_paid_content":false,"footnotes":"","jetpack_publicize_message":"","jetpack_publicize_feature_enabled":true,"jetpack_social_post_already_shared":true,"jetpack_social_options":{"image_generator_settings":{"template":"highway","default_image_id":0,"font":"","enabled":false},"version":2}},"categories":[8],"tags":[],"class_list":["post-4220","post","type-post","status-publish","format-standard","has-post-thumbnail","hentry","category-duyurular"],"jetpack_publicize_connections":[],"jetpack_featured_media_url":"https:\/\/sarimelekler.biz\/wp-content\/uploads\/2017\/09\/hkn538_57223_4062707.jpg","jetpack_sharing_enabled":true,"jetpack_shortlink":"https:\/\/wp.me\/p8npUZ-164","jetpack-related-posts":[{"id":4214,"url":"https:\/\/sarimelekler.biz\/?p=4214","url_meta":{"origin":4220,"position":0},"title":"Ac\u0131m\u0131z B\u00fcy\u00fck Hakan Din\u00e7ay\u2019\u0131 Kaybettik","author":"Edit\u00f6r","date":"13 Eyl\u00fcl 2017","format":false,"excerpt":"Hakan Din\u00e7ay\u2019\u0131 Kaybettik Kul\u00fcb\u00fcm\u00fcz\u00fcn internet sitesinden yap\u0131lan a\u00e7\u0131klamayla bir s\u00fcredir tedavi g\u00f6ren Sn. Hakan Din\u00e7ay'\u0131n vefat etti\u011fini \u00fcz\u00fcnt\u00fcyle \u00f6\u011frenmi\u015f bulunmaktay\u0131z. Camiam\u0131z\u0131n Ba\u015f\u0131 Sa\u011f olsun. Hakan abimizin mekan\u0131 Cennet Olsun. Yap\u0131lan A\u00e7\u0131klama: Kul\u00fcb\u00fcm\u00fcz\u00fcn Asba\u015fkanlar\u0131ndan Hakan Din\u00e7ay'\u0131 tedavi g\u00f6rd\u00fc\u011f\u00fc hastanede kaybetti\u011fimiz haberini derin bir \u00fcz\u00fcnt\u00fcyle \u00f6\u011frenmi\u015f bulunmaktay\u0131z. Y\u00f6neticimiz Hakan Din\u00e7ay'a Allah'tan rahmet;\u2026","rel":"","context":"&quot;Duyurular&quot; i\u00e7inde","block_context":{"text":"Duyurular","link":"https:\/\/sarimelekler.biz\/?cat=8"},"img":{"alt_text":"","src":"https:\/\/i0.wp.com\/sarimelekler.biz\/wp-content\/uploads\/2017\/09\/hakan538_57219_3294106.jpg?resize=350%2C200&ssl=1","width":350,"height":200,"srcset":"https:\/\/i0.wp.com\/sarimelekler.biz\/wp-content\/uploads\/2017\/09\/hakan538_57219_3294106.jpg?resize=350%2C200&ssl=1 1x, https:\/\/i0.wp.com\/sarimelekler.biz\/wp-content\/uploads\/2017\/09\/hakan538_57219_3294106.jpg?resize=525%2C300&ssl=1 1.5x"},"classes":[]},{"id":4304,"url":"https:\/\/sarimelekler.biz\/?p=4304","url_meta":{"origin":4220,"position":1},"title":"Damla \u00c7ak\u0131ro\u011flu: \u201cFenerbah\u00e7e herkesin kenetlenebildi\u011fi \u00e7ok nitelikli bir kul\u00fcp\u201d","author":"Edit\u00f6r","date":"5 Ekim 2017","format":false,"excerpt":"Fenerbah\u00e7e Bayan Voleybol Tak\u0131m\u0131m\u0131z\u0131n yeni trasferi Damla \u00c7ak\u0131ro\u011flu ile Fenerbah\u00e7e Dergisi\u2019nin Ekim 2017 say\u0131s\u0131nda bir r\u00f6portaj ger\u00e7ekle\u015ftirildi. R\u00f6portaj\u0131n Resmi Sitemizden Yay\u0131nlanan B\u00f6l\u00fcm\u00fc: Damla \u00c7ak\u0131ro\u011flu: \u201cFenerbah\u00e7e herkesin kenetlenebildi\u011fi \u00e7ok nitelikli bir kul\u00fcp\u201d Fenerbah\u00e7e Dergisi olarak 2016-2017 Voleybol Sezonunu Kupa Voley ve Vestel Venus Sultanlar Ligi \u015eampiyonu tamamlayan Kad\u0131n Voleybol Tak\u0131m\u0131m\u0131z\u0131n yeni\u2026","rel":"","context":"&quot;Dergi R\u00f6portajlar\u0131&quot; i\u00e7inde","block_context":{"text":"Dergi R\u00f6portajlar\u0131","link":"https:\/\/sarimelekler.biz\/?cat=15"},"img":{"alt_text":"","src":"https:\/\/i0.wp.com\/sarimelekler.biz\/wp-content\/uploads\/2017\/10\/de9p9744_57475_6171782.jpg?resize=350%2C200&ssl=1","width":350,"height":200,"srcset":"https:\/\/i0.wp.com\/sarimelekler.biz\/wp-content\/uploads\/2017\/10\/de9p9744_57475_6171782.jpg?resize=350%2C200&ssl=1 1x, https:\/\/i0.wp.com\/sarimelekler.biz\/wp-content\/uploads\/2017\/10\/de9p9744_57475_6171782.jpg?resize=525%2C300&ssl=1 1.5x, https:\/\/i0.wp.com\/sarimelekler.biz\/wp-content\/uploads\/2017\/10\/de9p9744_57475_6171782.jpg?resize=700%2C400&ssl=1 2x, https:\/\/i0.wp.com\/sarimelekler.biz\/wp-content\/uploads\/2017\/10\/de9p9744_57475_6171782.jpg?resize=1050%2C600&ssl=1 3x, https:\/\/i0.wp.com\/sarimelekler.biz\/wp-content\/uploads\/2017\/10\/de9p9744_57475_6171782.jpg?resize=1400%2C800&ssl=1 4x"},"classes":[]},{"id":4227,"url":"https:\/\/sarimelekler.biz\/?p=4227","url_meta":{"origin":4220,"position":2},"title":"Hakan Abimiz Son Yolculu\u011funa U\u011furland\u0131","author":"Edit\u00f6r","date":"14 Eyl\u00fcl 2017","format":false,"excerpt":"13.09.2017 g\u00fcn\u00fc Tedavi g\u00f6rd\u00fc\u011f\u00fc hastanede vefat eden Kul\u00fcb\u00fcm\u00fcz\u00fcn Asba\u015fkanlar\u0131ndan ayr\u0131ca Voleybol \u015eubesi sorumlusu Sn. Hakan Din\u00e7ay bug\u00fcn son yolculu\u011funa u\u011furland\u0131. Camiam\u0131z\u0131n Ba\u015f\u0131 Sa\u011folsun. Hakan abimizin mekan\u0131 Cennet Olsun. Kul\u00fcb\u00fcm\u00fcz\u00fcn \u0130nternet Sitesinden Yap\u0131lan A\u00e7\u0131klama: Vefat\u0131yla t\u00fcm camiam\u0131z\u0131 derinden \u00fczen, Kul\u00fcb\u00fcm\u00fcze \u00e7ok uzun y\u0131llar hizmet etmi\u015f, Voleybol \u015eubemizin bug\u00fcne dek edindi\u011fi \u00f6nemli\u2026","rel":"","context":"&quot;Duyurular&quot; i\u00e7inde","block_context":{"text":"Duyurular","link":"https:\/\/sarimelekler.biz\/?cat=8"},"img":{"alt_text":"","src":"https:\/\/i0.wp.com\/sarimelekler.biz\/wp-content\/uploads\/2017\/09\/10.jpg?resize=350%2C200&ssl=1","width":350,"height":200,"srcset":"https:\/\/i0.wp.com\/sarimelekler.biz\/wp-content\/uploads\/2017\/09\/10.jpg?resize=350%2C200&ssl=1 1x, https:\/\/i0.wp.com\/sarimelekler.biz\/wp-content\/uploads\/2017\/09\/10.jpg?resize=525%2C300&ssl=1 1.5x, https:\/\/i0.wp.com\/sarimelekler.biz\/wp-content\/uploads\/2017\/09\/10.jpg?resize=700%2C400&ssl=1 2x, https:\/\/i0.wp.com\/sarimelekler.biz\/wp-content\/uploads\/2017\/09\/10.jpg?resize=1050%2C600&ssl=1 3x, https:\/\/i0.wp.com\/sarimelekler.biz\/wp-content\/uploads\/2017\/09\/10.jpg?resize=1400%2C800&ssl=1 4x"},"classes":[]},{"id":21026,"url":"https:\/\/sarimelekler.biz\/?p=21026","url_meta":{"origin":4220,"position":3},"title":"Fenerbah\u00e7e Kad\u0131n Voleybol Tak\u0131m\u0131m\u0131z 70 ya\u015f\u0131nda!","author":"Edit\u00f6r","date":"9 Eyl\u00fcl 2024","format":false,"excerpt":"1954 y\u0131l\u0131nda kurulan ve ulusal-uluslararas\u0131 arenada tarihi ba\u015far\u0131lara imza atan Fenerbah\u00e7e Medicana Kad\u0131n Voleybol Tak\u0131m\u0131m\u0131z\u0131n 70. y\u0131l d\u00f6n\u00fcm\u00fc d\u00fczenlenen \u00f6zel geceyle kutland\u0131. Fenerbah\u00e7e Faruk Ilgaz Tesislerimizde organize edilen galaya Ba\u015fkan\u0131m\u0131z Ali Y. Ko\u00e7, T\u00fcrkiye Voleybol Federasyonu Ba\u015fkan\u0131 Mehmet Akif \u00dcst\u00fcnda\u011f, yeni ve eski Y\u00f6netim Kurulu \u00dcyelerimiz, sponsorlar\u0131m\u0131z, Fenerbah\u00e7e Medicana Voleybol\u2026","rel":"","context":"&quot;Haberler&quot; i\u00e7inde","block_context":{"text":"Haberler","link":"https:\/\/sarimelekler.biz\/?cat=7"},"img":{"alt_text":"","src":"https:\/\/i0.wp.com\/sarimelekler.biz\/wp-content\/uploads\/2024\/09\/70.-Yil-Kutlamasi-5-scaled.jpg?resize=350%2C200&ssl=1","width":350,"height":200,"srcset":"https:\/\/i0.wp.com\/sarimelekler.biz\/wp-content\/uploads\/2024\/09\/70.-Yil-Kutlamasi-5-scaled.jpg?resize=350%2C200&ssl=1 1x, https:\/\/i0.wp.com\/sarimelekler.biz\/wp-content\/uploads\/2024\/09\/70.-Yil-Kutlamasi-5-scaled.jpg?resize=525%2C300&ssl=1 1.5x, https:\/\/i0.wp.com\/sarimelekler.biz\/wp-content\/uploads\/2024\/09\/70.-Yil-Kutlamasi-5-scaled.jpg?resize=700%2C400&ssl=1 2x, https:\/\/i0.wp.com\/sarimelekler.biz\/wp-content\/uploads\/2024\/09\/70.-Yil-Kutlamasi-5-scaled.jpg?resize=1050%2C600&ssl=1 3x, https:\/\/i0.wp.com\/sarimelekler.biz\/wp-content\/uploads\/2024\/09\/70.-Yil-Kutlamasi-5-scaled.jpg?resize=1400%2C800&ssl=1 4x"},"classes":[]},{"id":22596,"url":"https:\/\/sarimelekler.biz\/?p=22596","url_meta":{"origin":4220,"position":4},"title":"SON DE\u011e\u0130L; SONSUZ B\u0130R \u0130MZA: KAPTAN EDA ERDEM \u0130K\u0130 YIL DAHA FENERBAH\u00c7EM\u0130ZDE","author":"Edit\u00f6r","date":"13 \u015eubat 2026","format":false,"excerpt":"Efsane kaptan\u0131m\u0131z Eda Erdem D\u00fcndar\u2019\u0131n S\u00f6zle\u015fmesi oyuncu olarak son kez 2 Y\u0131l daha uzat\u0131ld\u0131. S\u00f6zle\u015fme sonunda 20. sezonunu bitirecek olan Kaptan\u0131m\u0131z\u0131 tebrik eder \u00c7ok \u0130stedi\u011fi \u015eampiyonlar Ligi \u015eampiyonlu\u011fu ile Kariyerini bitirmesini dileriz. Kul\u00fcb\u00fcm\u00fcz\u00fcn \u0130nternet Sitesinden Yap\u0131lan A\u00e7\u0131klama: SON DE\u011e\u0130L; SONSUZ B\u0130R \u0130MZA: KAPTAN EDA ERDEM \u0130K\u0130 YIL DAHA FENERBAH\u00c7EM\u0130ZDE Kul\u00fcb\u00fcm\u00fcz\u2026","rel":"","context":"&quot;Transfer Haberleri&quot; i\u00e7inde","block_context":{"text":"Transfer Haberleri","link":"https:\/\/sarimelekler.biz\/?cat=23"},"img":{"alt_text":"","src":"https:\/\/i0.wp.com\/sarimelekler.biz\/wp-content\/uploads\/2026\/02\/Eda-Erdem-Son-Imza-10.jpg?resize=350%2C200&ssl=1","width":350,"height":200,"srcset":"https:\/\/i0.wp.com\/sarimelekler.biz\/wp-content\/uploads\/2026\/02\/Eda-Erdem-Son-Imza-10.jpg?resize=350%2C200&ssl=1 1x, https:\/\/i0.wp.com\/sarimelekler.biz\/wp-content\/uploads\/2026\/02\/Eda-Erdem-Son-Imza-10.jpg?resize=525%2C300&ssl=1 1.5x, https:\/\/i0.wp.com\/sarimelekler.biz\/wp-content\/uploads\/2026\/02\/Eda-Erdem-Son-Imza-10.jpg?resize=700%2C400&ssl=1 2x, https:\/\/i0.wp.com\/sarimelekler.biz\/wp-content\/uploads\/2026\/02\/Eda-Erdem-Son-Imza-10.jpg?resize=1050%2C600&ssl=1 3x, https:\/\/i0.wp.com\/sarimelekler.biz\/wp-content\/uploads\/2026\/02\/Eda-Erdem-Son-Imza-10.jpg?resize=1400%2C800&ssl=1 4x"},"classes":[]},{"id":6195,"url":"https:\/\/sarimelekler.biz\/?p=6195","url_meta":{"origin":4220,"position":5},"title":"FENERBAH\u00c7E\u2019Y\u0130 VE \u00c7UBUKLU FORMAMI \u00c7OK \u00d6ZLED\u0130M","author":"Edit\u00f6r","date":"3 Nisan 2018","format":false,"excerpt":"Fenerbah\u00e7e Bayan Voleybol tak\u0131m\u0131m\u0131z\u0131n alt yap\u0131s\u0131ndan yeti\u015fen, 2014 y\u0131l\u0131nda kendisinin ba\u015far\u0131s\u0131 ve kul\u00fcb\u00fcm\u00fcz\u00fcn deste\u011fiyle ABD\u2019de bir \u00fcniversitede \u00f6\u011frenimini yapmak ayn\u0131 zamanda Amerikan Bayan \u00dcniversite Voleybol Ligi\u2019nde (NCAA) m\u00fccadele etmek \u00fczere \u00fclkemizden ayr\u0131lan Merve Tanyel bu yaz \u00f6\u011frenimi tamamlayarak Kul\u00fcb\u00fcm\u00fcze geri d\u00f6necek. Yakla\u015f\u0131k 10 senedir Kul\u00fcb\u00fcm\u00fcz\u00fcn sporcusu olan Merve Tanyel\u2019i merakla\u2026","rel":"","context":"&quot;Sitemiz R\u00f6portajlar\u0131&quot; i\u00e7inde","block_context":{"text":"Sitemiz R\u00f6portajlar\u0131","link":"https:\/\/sarimelekler.biz\/?cat=16"},"img":{"alt_text":"","src":"https:\/\/i0.wp.com\/sarimelekler.biz\/wp-content\/uploads\/2018\/04\/Merve-Tanyel-2.jpg?resize=350%2C200&ssl=1","width":350,"height":200,"srcset":"https:\/\/i0.wp.com\/sarimelekler.biz\/wp-content\/uploads\/2018\/04\/Merve-Tanyel-2.jpg?resize=350%2C200&ssl=1 1x, https:\/\/i0.wp.com\/sarimelekler.biz\/wp-content\/uploads\/2018\/04\/Merve-Tanyel-2.jpg?resize=525%2C300&ssl=1 1.5x, https:\/\/i0.wp.com\/sarimelekler.biz\/wp-content\/uploads\/2018\/04\/Merve-Tanyel-2.jpg?resize=700%2C400&ssl=1 2x, https:\/\/i0.wp.com\/sarimelekler.biz\/wp-content\/uploads\/2018\/04\/Merve-Tanyel-2.jpg?resize=1050%2C600&ssl=1 3x, https:\/\/i0.wp.com\/sarimelekler.biz\/wp-content\/uploads\/2018\/04\/Merve-Tanyel-2.jpg?resize=1400%2C800&ssl=1 4x"},"classes":[]}],"_links":{"self":[{"href":"https:\/\/sarimelekler.biz\/index.php?rest_route=\/wp\/v2\/posts\/4220","targetHints":{"allow":["GET"]}}],"collection":[{"href":"https:\/\/sarimelekler.biz\/index.php?rest_route=\/wp\/v2\/posts"}],"about":[{"href":"https:\/\/sarimelekler.biz\/index.php?rest_route=\/wp\/v2\/types\/post"}],"author":[{"embeddable":true,"href":"https:\/\/sarimelekler.biz\/index.php?rest_route=\/wp\/v2\/users\/1"}],"replies":[{"embeddable":true,"href":"https:\/\/sarimelekler.biz\/index.php?rest_route=%2Fwp%2Fv2%2Fcomments&post=4220"}],"version-history":[{"count":1,"href":"https:\/\/sarimelekler.biz\/index.php?rest_route=\/wp\/v2\/posts\/4220\/revisions"}],"predecessor-version":[{"id":4222,"href":"https:\/\/sarimelekler.biz\/index.php?rest_route=\/wp\/v2\/posts\/4220\/revisions\/4222"}],"wp:featuredmedia":[{"embeddable":true,"href":"https:\/\/sarimelekler.biz\/index.php?rest_route=\/wp\/v2\/media\/4221"}],"wp:attachment":[{"href":"https:\/\/sarimelekler.biz\/index.php?rest_route=%2Fwp%2Fv2%2Fmedia&parent=4220"}],"wp:term":[{"taxonomy":"category","embeddable":true,"href":"https:\/\/sarimelekler.biz\/index.php?rest_route=%2Fwp%2Fv2%2Fcategories&post=4220"},{"taxonomy":"post_tag","embeddable":true,"href":"https:\/\/sarimelekler.biz\/index.php?rest_route=%2Fwp%2Fv2%2Ftags&post=4220"}],"curies":[{"name":"wp","href":"https:\/\/api.w.org\/{rel}","templated":true}]}}