{"id":4258,"date":"2017-09-15T22:08:55","date_gmt":"2017-09-15T19:08:55","guid":{"rendered":"http:\/\/sarimelekler.biz\/?p=4258"},"modified":"2017-09-15T22:10:32","modified_gmt":"2017-09-15T19:10:32","slug":"dicle-nur-babatin-dogum-gunu-kutlandi","status":"publish","type":"post","link":"https:\/\/sarimelekler.biz\/?p=4258","title":{"rendered":"Dicle Nur Babat\u2019\u0131n Do\u011fum G\u00fcn\u00fc Kutland\u0131"},"content":{"rendered":"<p style=\"text-align: justify;\">Fenerbah\u00e7e Bayan Voleybol Tak\u0131m\u0131m\u0131z\u0131n ba\u015far\u0131l\u0131 oyuncular\u0131ndan Dicle Nur Babat\u2019\u0131n do\u011fum g\u00fcn\u00fc kutland\u0131.<\/p>\n<p>Yeni sezon haz\u0131rl\u0131klar\u0131n\u0131 Derea\u011fz\u0131 Lefter K\u00fc\u00e7\u00fckandonyadis Tesislerimizde yapt\u0131\u011f\u0131 antrenmanlarla s\u00fcrd\u00fcren Sar\u0131 Melekler, antrenman sonras\u0131nda Dicle Nur Babat\u2019\u0131n yeni ya\u015f\u0131n\u0131 kutlad\u0131. Dicle i\u00e7in organize edilen kutlamada, oyuncumuz \u00f6ncelikle do\u011fum g\u00fcn\u00fc pastas\u0131n\u0131n mumlar\u0131n\u0131 \u00fcfledi. Ard\u0131ndan tebrikleri kabul eden Dicle Nur Babat, teknik heyete ve tak\u0131m arkada\u015flar\u0131na da bu jestten dolay\u0131 te\u015fekk\u00fcr etti.<\/p>\n\n\t\t<style type=\"text\/css\">\n\t\t\t#gallery-1 {\n\t\t\t\tmargin: auto;\n\t\t\t}\n\t\t\t#gallery-1 .gallery-item {\n\t\t\t\tfloat: left;\n\t\t\t\tmargin-top: 10px;\n\t\t\t\ttext-align: center;\n\t\t\t\twidth: 50%;\n\t\t\t}\n\t\t\t#gallery-1 img {\n\t\t\t\tborder: 2px solid #cfcfcf;\n\t\t\t}\n\t\t\t#gallery-1 .gallery-caption {\n\t\t\t\tmargin-left: 0;\n\t\t\t}\n\t\t\t\/* see gallery_shortcode() in wp-includes\/media.php *\/\n\t\t<\/style>\n\t\t<div data-carousel-extra='{&quot;blog_id&quot;:1,&quot;permalink&quot;:&quot;https:\/\/sarimelekler.biz\/?p=4258&quot;}' id='gallery-1' class='gallery galleryid-4258 gallery-columns-2 gallery-size-medium'><dl class='gallery-item'>\n\t\t\t<dt class='gallery-icon landscape'>\n\t\t\t\t<a href='https:\/\/sarimelekler.biz\/?attachment_id=4259'><img loading=\"lazy\" decoding=\"async\" width=\"300\" height=\"200\" src=\"https:\/\/sarimelekler.biz\/wp-content\/uploads\/2017\/09\/dicibasin1_57251_7598772-300x200.jpg\" class=\"attachment-medium size-medium\" alt=\"\" srcset=\"https:\/\/sarimelekler.biz\/wp-content\/uploads\/2017\/09\/dicibasin1_57251_7598772-300x200.jpg 300w, https:\/\/sarimelekler.biz\/wp-content\/uploads\/2017\/09\/dicibasin1_57251_7598772-768x512.jpg 768w, https:\/\/sarimelekler.biz\/wp-content\/uploads\/2017\/09\/dicibasin1_57251_7598772-1024x683.jpg 1024w, https:\/\/sarimelekler.biz\/wp-content\/uploads\/2017\/09\/dicibasin1_57251_7598772-150x100.jpg 150w\" sizes=\"auto, (max-width: 300px) 100vw, 300px\" data-attachment-id=\"4259\" data-permalink=\"https:\/\/sarimelekler.biz\/?attachment_id=4259\" data-orig-file=\"https:\/\/sarimelekler.biz\/wp-content\/uploads\/2017\/09\/dicibasin1_57251_7598772.jpg\" data-orig-size=\"2500,1667\" data-comments-opened=\"0\" data-image-meta=\"{&quot;aperture&quot;:&quot;2.8&quot;,&quot;credit&quot;:&quot;&quot;,&quot;camera&quot;:&quot;Canon EOS-1D X&quot;,&quot;caption&quot;:&quot;&quot;,&quot;created_timestamp&quot;:&quot;1505503901&quot;,&quot;copyright&quot;:&quot;&quot;,&quot;focal_length&quot;:&quot;29&quot;,&quot;iso&quot;:&quot;640&quot;,&quot;shutter_speed&quot;:&quot;0.004&quot;,&quot;title&quot;:&quot;&quot;,&quot;orientation&quot;:&quot;1&quot;}\" data-image-title=\"dicibasin1_57251_7598772\" data-image-description=\"\" data-image-caption=\"\" data-large-file=\"https:\/\/sarimelekler.biz\/wp-content\/uploads\/2017\/09\/dicibasin1_57251_7598772-1024x683.jpg\" \/><\/a>\n\t\t\t<\/dt><\/dl><dl class='gallery-item'>\n\t\t\t<dt class='gallery-icon landscape'>\n\t\t\t\t<a href='https:\/\/sarimelekler.biz\/?attachment_id=4260'><img loading=\"lazy\" decoding=\"async\" width=\"300\" height=\"194\" src=\"https:\/\/sarimelekler.biz\/wp-content\/uploads\/2017\/09\/dicibasin2_57251_7598927-300x194.jpg\" class=\"attachment-medium size-medium\" alt=\"\" srcset=\"https:\/\/sarimelekler.biz\/wp-content\/uploads\/2017\/09\/dicibasin2_57251_7598927-300x194.jpg 300w, https:\/\/sarimelekler.biz\/wp-content\/uploads\/2017\/09\/dicibasin2_57251_7598927-768x496.jpg 768w, https:\/\/sarimelekler.biz\/wp-content\/uploads\/2017\/09\/dicibasin2_57251_7598927-1024x661.jpg 1024w, https:\/\/sarimelekler.biz\/wp-content\/uploads\/2017\/09\/dicibasin2_57251_7598927-150x97.jpg 150w\" sizes=\"auto, (max-width: 300px) 100vw, 300px\" data-attachment-id=\"4260\" data-permalink=\"https:\/\/sarimelekler.biz\/?attachment_id=4260\" data-orig-file=\"https:\/\/sarimelekler.biz\/wp-content\/uploads\/2017\/09\/dicibasin2_57251_7598927.jpg\" data-orig-size=\"2500,1614\" data-comments-opened=\"0\" data-image-meta=\"{&quot;aperture&quot;:&quot;2.8&quot;,&quot;credit&quot;:&quot;&quot;,&quot;camera&quot;:&quot;Canon EOS-1D X&quot;,&quot;caption&quot;:&quot;&quot;,&quot;created_timestamp&quot;:&quot;1505503892&quot;,&quot;copyright&quot;:&quot;&quot;,&quot;focal_length&quot;:&quot;16&quot;,&quot;iso&quot;:&quot;640&quot;,&quot;shutter_speed&quot;:&quot;0.004&quot;,&quot;title&quot;:&quot;&quot;,&quot;orientation&quot;:&quot;1&quot;}\" data-image-title=\"dicibasin2_57251_7598927\" data-image-description=\"\" data-image-caption=\"\" data-large-file=\"https:\/\/sarimelekler.biz\/wp-content\/uploads\/2017\/09\/dicibasin2_57251_7598927-1024x661.jpg\" \/><\/a>\n\t\t\t<\/dt><\/dl><br style=\"clear: both\" \/>\n\t\t<\/div>\n\n<p>Kaynak: <a href=\"http:\/\/www.fenerbahce.org\/detay.asp?ContentID=57251\" target=\"_blank\" rel=\"noopener\">Fenerbah\u00e7e Spor Kul\u00fcb\u00fc \u0130nternet Sitesi<\/a><\/p>\n","protected":false},"excerpt":{"rendered":"<p>Fenerbah\u00e7e Bayan Voleybol Tak\u0131m\u0131m\u0131z\u0131n ba\u015far\u0131l\u0131 oyuncular\u0131ndan Dicle Nur Babat\u2019\u0131n do\u011fum \u2026 <a class=\"continue-reading-link\" href=\"https:\/\/sarimelekler.biz\/?p=4258\">Okumaya Devam Et.. <span class=\"meta-nav\">&rarr; <\/span><\/a><\/p>\n","protected":false},"author":1,"featured_media":4259,"comment_status":"closed","ping_status":"open","sticky":false,"template":"","format":"standard","meta":{"jetpack_post_was_ever_published":false,"_jetpack_newsletter_access":"","_jetpack_dont_email_post_to_subs":false,"_jetpack_newsletter_tier_id":0,"_jetpack_memberships_contains_paywalled_content":false,"_jetpack_memberships_contains_paid_content":false,"footnotes":"","jetpack_publicize_message":"","jetpack_publicize_feature_enabled":true,"jetpack_social_post_already_shared":true,"jetpack_social_options":{"image_generator_settings":{"template":"highway","default_image_id":0,"font":"","enabled":false},"version":2}},"categories":[6],"tags":[],"class_list":["post-4258","post","type-post","status-publish","format-standard","has-post-thumbnail","hentry","category-turkiye-ligi"],"jetpack_publicize_connections":[],"jetpack_featured_media_url":"https:\/\/sarimelekler.biz\/wp-content\/uploads\/2017\/09\/dicibasin1_57251_7598772.jpg","jetpack_sharing_enabled":true,"jetpack_shortlink":"https:\/\/wp.me\/p8npUZ-16G","jetpack-related-posts":[{"id":11801,"url":"https:\/\/sarimelekler.biz\/?p=11801","url_meta":{"origin":4258,"position":0},"title":"Dicle Nur Babat\u2019\u0131n Do\u011fum G\u00fcn\u00fc Kutland\u0131.","author":"Edit\u00f6r","date":"16 Eyl\u00fcl 2019","format":false,"excerpt":"D\u00fcn\u00fc izinli ge\u00e7iren Sar\u0131 Melekler yeni sezon \u00e7al\u0131\u015fmalar\u0131n\u0131 bug\u00fcn Lefter K\u00fc\u00e7\u00fckandonyadis tesislerinde yapt\u0131klar\u0131 \u00e7al\u0131\u015fmayla devam etti. Antrenmana izinli olan Eda Erdem D\u00fcndar ve Brankica Mihajlovi\u0107 ile Milli tak\u0131mda bulunan Kelsey Robinson kat\u0131lmazken Milli tak\u0131m izinleri biten Naz Aydemir Akyol, Aylin Sar\u0131o\u011flu ve Fatma Y\u0131ld\u0131r\u0131m ile ba\u015fantren\u00f6r\u00fcm\u00fcz Zoran Terzic kat\u0131ld\u0131. Antrenmana\u2026","rel":"","context":"&quot;Haberler&quot; i\u00e7inde","block_context":{"text":"Haberler","link":"https:\/\/sarimelekler.biz\/?cat=7"},"img":{"alt_text":"","src":"https:\/\/i0.wp.com\/sarimelekler.biz\/wp-content\/uploads\/2019\/09\/Dicle-Dogum-G%C3%BCn%C3%BC-1.jpg?resize=350%2C200&ssl=1","width":350,"height":200,"srcset":"https:\/\/i0.wp.com\/sarimelekler.biz\/wp-content\/uploads\/2019\/09\/Dicle-Dogum-G%C3%BCn%C3%BC-1.jpg?resize=350%2C200&ssl=1 1x, https:\/\/i0.wp.com\/sarimelekler.biz\/wp-content\/uploads\/2019\/09\/Dicle-Dogum-G%C3%BCn%C3%BC-1.jpg?resize=525%2C300&ssl=1 1.5x, https:\/\/i0.wp.com\/sarimelekler.biz\/wp-content\/uploads\/2019\/09\/Dicle-Dogum-G%C3%BCn%C3%BC-1.jpg?resize=700%2C400&ssl=1 2x, https:\/\/i0.wp.com\/sarimelekler.biz\/wp-content\/uploads\/2019\/09\/Dicle-Dogum-G%C3%BCn%C3%BC-1.jpg?resize=1050%2C600&ssl=1 3x, https:\/\/i0.wp.com\/sarimelekler.biz\/wp-content\/uploads\/2019\/09\/Dicle-Dogum-G%C3%BCn%C3%BC-1.jpg?resize=1400%2C800&ssl=1 4x"},"classes":[]},{"id":15740,"url":"https:\/\/sarimelekler.biz\/?p=15740","url_meta":{"origin":4258,"position":1},"title":"Dicle Nur Babat\u2019\u0131n S\u00f6zle\u015fmesi 1 Y\u0131l Uzat\u0131ld\u0131","author":"Edit\u00f6r","date":"26 Nisan 2021","format":false,"excerpt":"Kul\u00fcb\u00fcm\u00fcz Fenerbah\u00e7e Opet Kad\u0131n Voleybol tak\u0131m\u0131m\u0131z\u0131n orta oyuncusu Dicle Nur Babat ile 1 y\u0131ll\u0131k s\u00f6zle\u015fme uzatt\u0131\u011f\u0131n\u0131 resmi sitesinden yapt\u0131\u011f\u0131 a\u00e7\u0131klamayla duyurdu. Oyuncumuza ba\u015far\u0131lar dileriz. Kul\u00fcb\u00fcm\u00fczden Yap\u0131lan A\u00e7\u0131klama: 2014\u2019ten bu yana formam\u0131z\u0131 giyen ba\u015far\u0131l\u0131 sporcumuz Dicle Nur Babat\u2019\u0131n s\u00f6zle\u015fmesi 1 y\u0131l daha uzat\u0131ld\u0131. 2021-2022 sezonunda da tak\u0131m\u0131m\u0131z\u0131n formas\u0131n\u0131 giyecek olan Dicle\u2026","rel":"","context":"&quot;Transfer Haberleri&quot; i\u00e7inde","block_context":{"text":"Transfer Haberleri","link":"https:\/\/sarimelekler.biz\/?cat=23"},"img":{"alt_text":"","src":"https:\/\/i0.wp.com\/sarimelekler.biz\/wp-content\/uploads\/2021\/04\/Dicle-Nur-Babat.png?resize=350%2C200&ssl=1","width":350,"height":200,"srcset":"https:\/\/i0.wp.com\/sarimelekler.biz\/wp-content\/uploads\/2021\/04\/Dicle-Nur-Babat.png?resize=350%2C200&ssl=1 1x, https:\/\/i0.wp.com\/sarimelekler.biz\/wp-content\/uploads\/2021\/04\/Dicle-Nur-Babat.png?resize=525%2C300&ssl=1 1.5x, https:\/\/i0.wp.com\/sarimelekler.biz\/wp-content\/uploads\/2021\/04\/Dicle-Nur-Babat.png?resize=700%2C400&ssl=1 2x, https:\/\/i0.wp.com\/sarimelekler.biz\/wp-content\/uploads\/2021\/04\/Dicle-Nur-Babat.png?resize=1050%2C600&ssl=1 3x"},"classes":[]},{"id":5659,"url":"https:\/\/sarimelekler.biz\/?p=5659","url_meta":{"origin":4258,"position":2},"title":"\u00c7a\u011fla Ak\u0131n&#8217;\u0131n Do\u011fum G\u00fcn\u00fc Kutland\u0131","author":"Edit\u00f6r","date":"19 Ocak 2018","format":false,"excerpt":"Fenerbah\u00e7e Bayan Voleybol Tak\u0131m\u0131m\u0131z\u0131n oyuncular\u0131ndan \u00c7a\u011fla Ak\u0131n\u2019\u0131n do\u011fum g\u00fcn\u00fc kutland\u0131. Vestel Ven\u00fcs Sultanlar Ligi\u2019nin 15.hafta kar\u015f\u0131la\u015fmas\u0131 olan Be\u015fikta\u015f ma\u00e7\u0131n\u0131n haz\u0131rl\u0131klar\u0131n\u0131 ak\u015fam saatlerinde Derea\u011fz\u0131 Lefter K\u00fc\u00e7\u00fckandonyadis Tesislerimizde s\u00fcrd\u00fcren Tak\u0131m\u0131m\u0131zda antrenman\u0131n ard\u0131ndan s\u00fcrpriz do\u011fum g\u00fcn\u00fc kutlamas\u0131 yap\u0131ld\u0131. Yeni ya\u015f\u0131na giren \u00c7a\u011fla Ak\u0131n i\u00e7in oyuncular\u0131m\u0131z ve teknik heyetimiz taraf\u0131ndan do\u011fum g\u00fcn\u00fc kutlamas\u0131 organize\u2026","rel":"","context":"&quot;Duyurular&quot; i\u00e7inde","block_context":{"text":"Duyurular","link":"https:\/\/sarimelekler.biz\/?cat=8"},"img":{"alt_text":"","src":"https:\/\/i0.wp.com\/sarimelekler.biz\/wp-content\/uploads\/2018\/01\/Adaaa%C4%B1z.jpg?resize=350%2C200&ssl=1","width":350,"height":200,"srcset":"https:\/\/i0.wp.com\/sarimelekler.biz\/wp-content\/uploads\/2018\/01\/Adaaa%C4%B1z.jpg?resize=350%2C200&ssl=1 1x, https:\/\/i0.wp.com\/sarimelekler.biz\/wp-content\/uploads\/2018\/01\/Adaaa%C4%B1z.jpg?resize=525%2C300&ssl=1 1.5x, https:\/\/i0.wp.com\/sarimelekler.biz\/wp-content\/uploads\/2018\/01\/Adaaa%C4%B1z.jpg?resize=700%2C400&ssl=1 2x, https:\/\/i0.wp.com\/sarimelekler.biz\/wp-content\/uploads\/2018\/01\/Adaaa%C4%B1z.jpg?resize=1050%2C600&ssl=1 3x, https:\/\/i0.wp.com\/sarimelekler.biz\/wp-content\/uploads\/2018\/01\/Adaaa%C4%B1z.jpg?resize=1400%2C800&ssl=1 4x"},"classes":[]},{"id":3516,"url":"https:\/\/sarimelekler.biz\/?p=3516","url_meta":{"origin":4258,"position":3},"title":"Eda Erdem D\u00fcndar: &#8220;Tak\u0131m oyunu oynayarak ba\u015fard\u0131k&#8221;","author":"Edit\u00f6r","date":"23 Mart 2017","format":false,"excerpt":"CEV \u015eampiyonlar Ligi 6'l\u0131 Play Off turu ilk ma\u00e7\u0131 olan Eczac\u0131ba\u015f\u0131 VitrA kar\u015f\u0131s\u0131nda \u00f6zellikle bloklar\u0131yla galibiyette \u00f6nemli bir rol oynayan kaptan Eda Erdem D\u00fcndar, tak\u0131m oyunu oynayarak galibiyete ula\u015ft\u0131klar\u0131n\u0131 s\u00f6yledi. Rakipteki oyuncular \u00e7ok iyi orta oyuncular. Onlar da biz de \u00e7ok istedik. Tak\u0131m oyunu oynayarak ba\u015fard\u0131k. Her \u015feyimle tak\u0131m\u0131ma yard\u0131mc\u0131\u2026","rel":"","context":"&quot;Avrupa Kupalar\u0131&quot; i\u00e7inde","block_context":{"text":"Avrupa Kupalar\u0131","link":"https:\/\/sarimelekler.biz\/?cat=1"},"img":{"alt_text":"","src":"https:\/\/i0.wp.com\/sarimelekler.biz\/wp-content\/uploads\/2017\/03\/cats.jpg?resize=350%2C200&ssl=1","width":350,"height":200,"srcset":"https:\/\/i0.wp.com\/sarimelekler.biz\/wp-content\/uploads\/2017\/03\/cats.jpg?resize=350%2C200&ssl=1 1x, https:\/\/i0.wp.com\/sarimelekler.biz\/wp-content\/uploads\/2017\/03\/cats.jpg?resize=525%2C300&ssl=1 1.5x, https:\/\/i0.wp.com\/sarimelekler.biz\/wp-content\/uploads\/2017\/03\/cats.jpg?resize=700%2C400&ssl=1 2x, https:\/\/i0.wp.com\/sarimelekler.biz\/wp-content\/uploads\/2017\/03\/cats.jpg?resize=1050%2C600&ssl=1 3x, https:\/\/i0.wp.com\/sarimelekler.biz\/wp-content\/uploads\/2017\/03\/cats.jpg?resize=1400%2C800&ssl=1 4x"},"classes":[]},{"id":4183,"url":"https:\/\/sarimelekler.biz\/?p=4183","url_meta":{"origin":4258,"position":4},"title":"Fenerbah\u00e7e Bayan Voleybol Tak\u0131m\u0131m\u0131z Sezonu A\u00e7t\u0131","author":"Edit\u00f6r","date":"22 A\u011fustos 2017","format":false,"excerpt":"Fenerbah\u00e7e Bayan Voleybol Tak\u0131m\u0131m\u0131z, 2017-2018 sezonunu 21.08.2017 g\u00fcn\u00fc ak\u015fam saatlerinde yapt\u0131\u011f\u0131 antrenmanla a\u00e7t\u0131. Tak\u0131m\u0131m\u0131z\u0131n yeni antren\u00f6r\u00fc Bel\u00e7ikal\u0131 Jan de Brant y\u00f6netiminde Derea\u011fz\u0131 Lefter K\u00fc\u00e7\u00fckandonyadis Tesislerinde yap\u0131lan \u00e7al\u0131\u015fma saat 19.00'da ba\u015flad\u0131 ve 1 saat 30 dakika s\u00fcrd\u00fc. Milli oyunculardan yoksun ger\u00e7ekle\u015ftirilen \u00e7al\u0131\u015fmada yeni transferlerimiz Ezgi Da\u011fdelenler, Damla \u00c7ak\u0131ro\u011flu ve Beliz Ba\u015fk\u0131r\u2019\u0131n\u2026","rel":"","context":"&quot;T\u00fcrkiye Ligi&quot; i\u00e7inde","block_context":{"text":"T\u00fcrkiye Ligi","link":"https:\/\/sarimelekler.biz\/?cat=6"},"img":{"alt_text":"","src":"https:\/\/i0.wp.com\/sarimelekler.biz\/wp-content\/uploads\/2017\/08\/de9p3090_57023_7465156.jpg?resize=350%2C200&ssl=1","width":350,"height":200,"srcset":"https:\/\/i0.wp.com\/sarimelekler.biz\/wp-content\/uploads\/2017\/08\/de9p3090_57023_7465156.jpg?resize=350%2C200&ssl=1 1x, https:\/\/i0.wp.com\/sarimelekler.biz\/wp-content\/uploads\/2017\/08\/de9p3090_57023_7465156.jpg?resize=525%2C300&ssl=1 1.5x, https:\/\/i0.wp.com\/sarimelekler.biz\/wp-content\/uploads\/2017\/08\/de9p3090_57023_7465156.jpg?resize=700%2C400&ssl=1 2x, https:\/\/i0.wp.com\/sarimelekler.biz\/wp-content\/uploads\/2017\/08\/de9p3090_57023_7465156.jpg?resize=1050%2C600&ssl=1 3x, https:\/\/i0.wp.com\/sarimelekler.biz\/wp-content\/uploads\/2017\/08\/de9p3090_57023_7465156.jpg?resize=1400%2C800&ssl=1 4x"},"classes":[]},{"id":14880,"url":"https:\/\/sarimelekler.biz\/?p=14880","url_meta":{"origin":4258,"position":5},"title":"2. Lig: Fenerbah\u00e7e Koleji:0 \u2013 Fenerbah\u00e7e:3","author":"Edit\u00f6r","date":"5 Ocak 2021","format":false,"excerpt":"Fenerbah\u00e7e 2. Lig Kad\u0131n Voleybol Tak\u0131m\u0131m\u0131z, sezonun 13. haftas\u0131nda deplasmanda kar\u015f\u0131la\u015ft\u0131\u011f\u0131 Fenerbah\u00e7e Koleji tak\u0131m\u0131n\u0131 17-25, 15-25 ve 14-25\u2019lik set skorlar\u0131yla 3-0 ma\u011flup etti. Ma\u00e7\u0131n ard\u0131ndan yard\u0131mc\u0131 antren\u00f6r\u00fcm\u00fcz Burcu Tun\u00e7'un do\u011fum g\u00fcn\u00fc tak\u0131m\u0131m\u0131z taraf\u0131ndan kutland\u0131. Biz de bu vesile ile kendisinin do\u011fum g\u00fcn\u00fcn\u00fc kutlar\u0131z.\u00a0Tak\u0131m\u0131m\u0131z ligin on d\u00f6rd\u00fcnc\u00fc haftas\u0131nda 09 Ocak Cumartesi\u2026","rel":"","context":"&quot;2. Lig Tak\u0131m\u0131&quot; i\u00e7inde","block_context":{"text":"2. Lig Tak\u0131m\u0131","link":"https:\/\/sarimelekler.biz\/?cat=26"},"img":{"alt_text":"","src":"https:\/\/i0.wp.com\/sarimelekler.biz\/wp-content\/uploads\/2021\/01\/2.-Lig-Do%C4%9Fum-G%C3%BCn%C3%BC-Kutlama.jpeg?resize=350%2C200&ssl=1","width":350,"height":200,"srcset":"https:\/\/i0.wp.com\/sarimelekler.biz\/wp-content\/uploads\/2021\/01\/2.-Lig-Do%C4%9Fum-G%C3%BCn%C3%BC-Kutlama.jpeg?resize=350%2C200&ssl=1 1x, https:\/\/i0.wp.com\/sarimelekler.biz\/wp-content\/uploads\/2021\/01\/2.-Lig-Do%C4%9Fum-G%C3%BCn%C3%BC-Kutlama.jpeg?resize=525%2C300&ssl=1 1.5x, https:\/\/i0.wp.com\/sarimelekler.biz\/wp-content\/uploads\/2021\/01\/2.-Lig-Do%C4%9Fum-G%C3%BCn%C3%BC-Kutlama.jpeg?resize=700%2C400&ssl=1 2x, https:\/\/i0.wp.com\/sarimelekler.biz\/wp-content\/uploads\/2021\/01\/2.-Lig-Do%C4%9Fum-G%C3%BCn%C3%BC-Kutlama.jpeg?resize=1050%2C600&ssl=1 3x"},"classes":[]}],"_links":{"self":[{"href":"https:\/\/sarimelekler.biz\/index.php?rest_route=\/wp\/v2\/posts\/4258","targetHints":{"allow":["GET"]}}],"collection":[{"href":"https:\/\/sarimelekler.biz\/index.php?rest_route=\/wp\/v2\/posts"}],"about":[{"href":"https:\/\/sarimelekler.biz\/index.php?rest_route=\/wp\/v2\/types\/post"}],"author":[{"embeddable":true,"href":"https:\/\/sarimelekler.biz\/index.php?rest_route=\/wp\/v2\/users\/1"}],"replies":[{"embeddable":true,"href":"https:\/\/sarimelekler.biz\/index.php?rest_route=%2Fwp%2Fv2%2Fcomments&post=4258"}],"version-history":[{"count":2,"href":"https:\/\/sarimelekler.biz\/index.php?rest_route=\/wp\/v2\/posts\/4258\/revisions"}],"predecessor-version":[{"id":4263,"href":"https:\/\/sarimelekler.biz\/index.php?rest_route=\/wp\/v2\/posts\/4258\/revisions\/4263"}],"wp:featuredmedia":[{"embeddable":true,"href":"https:\/\/sarimelekler.biz\/index.php?rest_route=\/wp\/v2\/media\/4259"}],"wp:attachment":[{"href":"https:\/\/sarimelekler.biz\/index.php?rest_route=%2Fwp%2Fv2%2Fmedia&parent=4258"}],"wp:term":[{"taxonomy":"category","embeddable":true,"href":"https:\/\/sarimelekler.biz\/index.php?rest_route=%2Fwp%2Fv2%2Fcategories&post=4258"},{"taxonomy":"post_tag","embeddable":true,"href":"https:\/\/sarimelekler.biz\/index.php?rest_route=%2Fwp%2Fv2%2Ftags&post=4258"}],"curies":[{"name":"wp","href":"https:\/\/api.w.org\/{rel}","templated":true}]}}