{"id":4277,"date":"2017-09-28T16:13:29","date_gmt":"2017-09-28T13:13:29","guid":{"rendered":"http:\/\/sarimelekler.biz\/?p=4277"},"modified":"2017-09-28T16:14:34","modified_gmt":"2017-09-28T13:14:34","slug":"mia-jerkov-mukemmel-bir-yerdeyiz","status":"publish","type":"post","link":"https:\/\/sarimelekler.biz\/?p=4277","title":{"rendered":"Mia Jerkov: \u201cM\u00fckemmel bir yerdeyiz\u201d"},"content":{"rendered":"<p style=\"text-align: justify;\">Topuk Yaylas\u0131nda ger\u00e7ekle\u015fen Kampla ilgili Fenerbah\u00e7e Resmi \u0130nternet Sitesine a\u00e7\u0131klamalarda bulunan oyuncular\u0131m\u0131zdan Mia Jerkov, Fenerbah\u00e7e\u2019nin bir par\u00e7as\u0131 olmaktan dolay\u0131 \u00e7ok mutlu oldu\u011funu s\u00f6yledi. Herkesin \u00e7ok misafirperver oldu\u011funa dikkat \u00e7eken deneyimli sma\u00e7\u00f6r, \u201cTesisler \u00e7ok g\u00fczel. M\u00fckemmel bir yerdeyiz. Hedefimiz kupalar ve bu yolda ad\u0131m ad\u0131m ilerleyece\u011fiz\u201d dedi.<\/p>\n<p>Kaynak:\u00a0<a href=\"http:\/\/fenerbahce.org\/detay.asp?ContentID=57404\" target=\"_blank\" rel=\"noopener\">Fenerbah\u00e7e Spor Kul\u00fcb\u00fc Resmi \u0130nternet Sitesi<\/a><\/p>\n","protected":false},"excerpt":{"rendered":"<p>Topuk Yaylas\u0131nda ger\u00e7ekle\u015fen Kampla ilgili Fenerbah\u00e7e Resmi \u0130nternet Sitesine a\u00e7\u0131klamalarda \u2026 <a class=\"continue-reading-link\" href=\"https:\/\/sarimelekler.biz\/?p=4277\">Okumaya Devam Et.. <span class=\"meta-nav\">&rarr; <\/span><\/a><\/p>\n","protected":false},"author":1,"featured_media":4275,"comment_status":"closed","ping_status":"open","sticky":false,"template":"","format":"standard","meta":{"jetpack_post_was_ever_published":false,"_jetpack_newsletter_access":"","_jetpack_dont_email_post_to_subs":false,"_jetpack_newsletter_tier_id":0,"_jetpack_memberships_contains_paywalled_content":false,"_jetpack_memberships_contains_paid_content":false,"footnotes":"","jetpack_publicize_message":"","jetpack_publicize_feature_enabled":true,"jetpack_social_post_already_shared":true,"jetpack_social_options":{"image_generator_settings":{"template":"highway","default_image_id":0,"font":"","enabled":false},"version":2}},"categories":[6],"tags":[],"class_list":["post-4277","post","type-post","status-publish","format-standard","has-post-thumbnail","hentry","category-turkiye-ligi"],"jetpack_publicize_connections":[],"jetpack_featured_media_url":"https:\/\/sarimelekler.biz\/wp-content\/uploads\/2017\/09\/de6p4289_57404_510123.jpg","jetpack_sharing_enabled":true,"jetpack_shortlink":"https:\/\/wp.me\/p8npUZ-16Z","jetpack-related-posts":[{"id":4097,"url":"https:\/\/sarimelekler.biz\/?p=4097","url_meta":{"origin":4277,"position":0},"title":"Mia Jerkov: &#8220;Bu formay\u0131 giyecek olmaktan dolay\u0131 gurur duyuyorum&#8221;","author":"Edit\u00f6r","date":"14 Haziran 2017","format":false,"excerpt":"Kad\u0131n Voleybol Tak\u0131m\u0131m\u0131z\u0131n yeni sma\u00e7\u00f6r\u00fc Mia Jerkov, transferine ili\u015fkin ilk a\u00e7\u0131klamalar\u0131 Fenerbah\u00e7e Spor Kul\u00fcb\u00fcm\u00fcz Resmi \u0130nternet Sitesine yapt\u0131. Fenerbah\u00e7e gibi b\u00fcy\u00fck bir kul\u00fcb\u00fcn formas\u0131n\u0131 giyecek olmaktan dolay\u0131 gurur duydu\u011funu dile getiren Mia Jerkov, \"Fenerbah\u00e7e\u2019de olmaktan dolay\u0131 b\u00fcy\u00fck bir gurur duyuyorum. Sar\u0131 Meleklerin bir par\u00e7as\u0131 olacak olmaktan dolay\u0131 \u00e7ok mutluyum. Fenerbah\u00e7e\u2026","rel":"","context":"&quot;T\u00fcrkiye Ligi&quot; i\u00e7inde","block_context":{"text":"T\u00fcrkiye Ligi","link":"https:\/\/sarimelekler.biz\/?cat=6"},"img":{"alt_text":"","src":"https:\/\/i0.wp.com\/sarimelekler.biz\/wp-content\/uploads\/2017\/06\/mb9_56295_4963432.jpg?resize=350%2C200&ssl=1","width":350,"height":200,"srcset":"https:\/\/i0.wp.com\/sarimelekler.biz\/wp-content\/uploads\/2017\/06\/mb9_56295_4963432.jpg?resize=350%2C200&ssl=1 1x, https:\/\/i0.wp.com\/sarimelekler.biz\/wp-content\/uploads\/2017\/06\/mb9_56295_4963432.jpg?resize=525%2C300&ssl=1 1.5x, https:\/\/i0.wp.com\/sarimelekler.biz\/wp-content\/uploads\/2017\/06\/mb9_56295_4963432.jpg?resize=700%2C400&ssl=1 2x, https:\/\/i0.wp.com\/sarimelekler.biz\/wp-content\/uploads\/2017\/06\/mb9_56295_4963432.jpg?resize=1050%2C600&ssl=1 3x, https:\/\/i0.wp.com\/sarimelekler.biz\/wp-content\/uploads\/2017\/06\/mb9_56295_4963432.jpg?resize=1400%2C800&ssl=1 4x"},"classes":[]},{"id":5561,"url":"https:\/\/sarimelekler.biz\/?p=5561","url_meta":{"origin":4277,"position":1},"title":"Oyuncular\u0131m\u0131zdan Novara Ma\u00e7\u0131 \u00d6ncesi A\u00e7\u0131klamalar","author":"Edit\u00f6r","date":"10 Ocak 2018","format":false,"excerpt":"Fenerbah\u00e7e Bayan Voleybol Tak\u0131m\u0131m\u0131z\u0131n oyuncular\u0131ndan Bahar Toksoy Guidetti ve Mia Jerkov, CEV Kad\u0131nlar \u015eampiyonlar Ligi B Grubu 2. Haftas\u0131nda Fenerbah\u00e7emizin \u0130talyan tak\u0131m\u0131 Igor Gorgonzola Novara ile oynayaca\u011f\u0131 ma\u00e7 \u00f6ncesinde Kul\u00fcb\u00fcm\u00fcz\u00fcn Resmi \u0130nternet Sitemize a\u00e7\u0131klamalarda bulundu. Resmi Sitemizde Yay\u0131nlanan A\u00e7\u0131klamalar\u00a0 11 Ocak Per\u015fembe g\u00fcn\u00fc Burhan Felek Voleybol Salonu\u2019nda oynanacak ve saat\u2026","rel":"","context":"&quot;Avrupa Kupalar\u0131&quot; i\u00e7inde","block_context":{"text":"Avrupa Kupalar\u0131","link":"https:\/\/sarimelekler.biz\/?cat=1"},"img":{"alt_text":"","src":"https:\/\/i0.wp.com\/sarimelekler.biz\/wp-content\/uploads\/2018\/01\/Ads%C4%B1z.jpg?resize=350%2C200&ssl=1","width":350,"height":200,"srcset":"https:\/\/i0.wp.com\/sarimelekler.biz\/wp-content\/uploads\/2018\/01\/Ads%C4%B1z.jpg?resize=350%2C200&ssl=1 1x, https:\/\/i0.wp.com\/sarimelekler.biz\/wp-content\/uploads\/2018\/01\/Ads%C4%B1z.jpg?resize=525%2C300&ssl=1 1.5x, https:\/\/i0.wp.com\/sarimelekler.biz\/wp-content\/uploads\/2018\/01\/Ads%C4%B1z.jpg?resize=700%2C400&ssl=1 2x, https:\/\/i0.wp.com\/sarimelekler.biz\/wp-content\/uploads\/2018\/01\/Ads%C4%B1z.jpg?resize=1050%2C600&ssl=1 3x, https:\/\/i0.wp.com\/sarimelekler.biz\/wp-content\/uploads\/2018\/01\/Ads%C4%B1z.jpg?resize=1400%2C800&ssl=1 4x"},"classes":[]},{"id":4092,"url":"https:\/\/sarimelekler.biz\/?p=4092","url_meta":{"origin":4277,"position":2},"title":"Son Transferimiz Mia Jerkov","author":"Edit\u00f6r","date":"14 Haziran 2017","format":false,"excerpt":"Fenerbah\u00e7e Bayan Voleybol Tak\u0131m\u0131m\u0131za bir oyuncu daha kat\u0131ld\u0131.\u00a0Resmi Sitemizden yap\u0131lan A\u00e7\u0131klamada sma\u00e7\u00f6r pozisyonunda oynayan Mia Jerkov ile\u00a0anla\u015fma sa\u011fland\u0131\u011f\u0131 a\u00e7\u0131kland\u0131.\u00a0Mia Jerkov'a Ba\u015far\u0131l\u0131 ve Bol Kupal\u0131 Bir Sezon Dileriz. Kul\u00fcb\u00fcm\u00fcze Hay\u0131rl\u0131 Olsun. Resmi Sitemizden Yap\u0131lan A\u00e7\u0131klama: Yeni sezon yap\u0131lanmas\u0131 kapsam\u0131nda Fenerbah\u00e7e Kad\u0131n Voleybol Tak\u0131m\u0131m\u0131z, ge\u00e7en sezon \u00c7anakkale Bld. Tak\u0131m\u0131nda forma giyen 5\u2026","rel":"","context":"&quot;T\u00fcrkiye Ligi&quot; i\u00e7inde","block_context":{"text":"T\u00fcrkiye Ligi","link":"https:\/\/sarimelekler.biz\/?cat=6"},"img":{"alt_text":"","src":"https:\/\/i0.wp.com\/sarimelekler.biz\/wp-content\/uploads\/2017\/06\/mia-org_56296_5006482.jpg?resize=350%2C200&ssl=1","width":350,"height":200,"srcset":"https:\/\/i0.wp.com\/sarimelekler.biz\/wp-content\/uploads\/2017\/06\/mia-org_56296_5006482.jpg?resize=350%2C200&ssl=1 1x, https:\/\/i0.wp.com\/sarimelekler.biz\/wp-content\/uploads\/2017\/06\/mia-org_56296_5006482.jpg?resize=525%2C300&ssl=1 1.5x"},"classes":[]},{"id":16000,"url":"https:\/\/sarimelekler.biz\/?p=16000","url_meta":{"origin":4277,"position":3},"title":"Tutku Burcu Y\u00fczgen\u00e7: Fenerbah\u00e7e\u2019ye Transfer Oldu\u011fum G\u00fcnden Bu Yana Fenerbah\u00e7e Taraftar\u0131yla Oynama Hayaliyle \u00c7al\u0131\u015f\u0131yorum","author":"Edit\u00f6r","date":"19 A\u011fustos 2021","format":false,"excerpt":"Fenerbah\u00e7e Opet Kad\u0131n Voleybol Tak\u0131m\u0131m\u0131z\u0131n yeni transferlerinden Tutku Burcu Y\u00fczgen\u00e7, Fenerbah\u00e7e Spor Kul\u00fcb\u00fcm\u00fcz resmi internet sitesine a\u00e7\u0131klamalarda bulundu. R\u00f6portaj\u0131n Tamam\u0131: Fenerbah\u00e7e Opet Kad\u0131n Voleybol Tak\u0131m\u0131m\u0131z\u0131n yeni sezon yap\u0131lanmas\u0131 kapsam\u0131nda kadrosuna katt\u0131\u011f\u0131 isimlerden biri olan Tutku Burcu Y\u00fczgen\u00e7, tak\u0131m\u0131m\u0131z\u0131n kamp yapt\u0131\u011f\u0131 Topuk Yaylas\u0131 Tesislerimizde resmi internet sitemize a\u00e7\u0131klamalarda bulundu. \u0130lk s\u00f6zleri,\u2026","rel":"","context":"&quot;Resmi Site R\u00f6portajlar\u0131&quot; i\u00e7inde","block_context":{"text":"Resmi Site R\u00f6portajlar\u0131","link":"https:\/\/sarimelekler.biz\/?cat=17"},"img":{"alt_text":"","src":"https:\/\/i0.wp.com\/sarimelekler.biz\/wp-content\/uploads\/2021\/08\/Tutku-Burcu-2.jpg?resize=350%2C200&ssl=1","width":350,"height":200,"srcset":"https:\/\/i0.wp.com\/sarimelekler.biz\/wp-content\/uploads\/2021\/08\/Tutku-Burcu-2.jpg?resize=350%2C200&ssl=1 1x, https:\/\/i0.wp.com\/sarimelekler.biz\/wp-content\/uploads\/2021\/08\/Tutku-Burcu-2.jpg?resize=525%2C300&ssl=1 1.5x, https:\/\/i0.wp.com\/sarimelekler.biz\/wp-content\/uploads\/2021\/08\/Tutku-Burcu-2.jpg?resize=700%2C400&ssl=1 2x, https:\/\/i0.wp.com\/sarimelekler.biz\/wp-content\/uploads\/2021\/08\/Tutku-Burcu-2.jpg?resize=1050%2C600&ssl=1 3x, https:\/\/i0.wp.com\/sarimelekler.biz\/wp-content\/uploads\/2021\/08\/Tutku-Burcu-2.jpg?resize=1400%2C800&ssl=1 4x"},"classes":[]},{"id":13594,"url":"https:\/\/sarimelekler.biz\/?p=13594","url_meta":{"origin":4277,"position":4},"title":"Bianka Bu\u0161a: Fenerbah\u00e7e\u2019nin Geli\u015fimimde Rol Oynayacak En \u0130yi Kul\u00fcp Oldu\u011funu D\u00fc\u015f\u00fcnd\u00fcm","author":"Edit\u00f6r","date":"14 Temmuz 2020","format":false,"excerpt":"Fenerbah\u00e7e Opet Kad\u0131n Voleybol Tak\u0131m\u0131m\u0131z\u0131n yeni transferlerinden Bianka Bu\u0161a, Fenerbah\u00e7e Spor Kul\u00fcb\u00fcm\u00fcz resmi internet sitesine a\u00e7\u0131klamalarda bulundu. Kendisi i\u00e7in en iyi f\u0131rsat\u0131n Fenerbah\u00e7e oldu\u011funun alt\u0131n\u0131 \u00e7izen ba\u015far\u0131l\u0131 voleybolcunun a\u00e7\u0131klamalar\u0131 \u015fu \u015fekilde: Benim i\u00e7in en iyi f\u0131rsat\u0131n Fenerbah\u00e7e oldu\u011funu d\u00fc\u015f\u00fcnd\u00fcm \u201cYurt d\u0131\u015f\u0131nda oynad\u0131\u011f\u0131m bir\u00e7ok seneden sonra hayalim T\u00fcrkiye'de oynamakt\u0131. Benim i\u00e7in\u2026","rel":"","context":"&quot;Resmi Site R\u00f6portajlar\u0131&quot; i\u00e7inde","block_context":{"text":"Resmi Site R\u00f6portajlar\u0131","link":"https:\/\/sarimelekler.biz\/?cat=17"},"img":{"alt_text":"","src":"https:\/\/i0.wp.com\/sarimelekler.biz\/wp-content\/uploads\/2020\/07\/Busa-R%C3%B6portaj-3.jpg?resize=350%2C200&ssl=1","width":350,"height":200,"srcset":"https:\/\/i0.wp.com\/sarimelekler.biz\/wp-content\/uploads\/2020\/07\/Busa-R%C3%B6portaj-3.jpg?resize=350%2C200&ssl=1 1x, https:\/\/i0.wp.com\/sarimelekler.biz\/wp-content\/uploads\/2020\/07\/Busa-R%C3%B6portaj-3.jpg?resize=525%2C300&ssl=1 1.5x, https:\/\/i0.wp.com\/sarimelekler.biz\/wp-content\/uploads\/2020\/07\/Busa-R%C3%B6portaj-3.jpg?resize=700%2C400&ssl=1 2x, https:\/\/i0.wp.com\/sarimelekler.biz\/wp-content\/uploads\/2020\/07\/Busa-R%C3%B6portaj-3.jpg?resize=1050%2C600&ssl=1 3x, https:\/\/i0.wp.com\/sarimelekler.biz\/wp-content\/uploads\/2020\/07\/Busa-R%C3%B6portaj-3.jpg?resize=1400%2C800&ssl=1 4x"},"classes":[]},{"id":4948,"url":"https:\/\/sarimelekler.biz\/?p=4948","url_meta":{"origin":4277,"position":5},"title":"Seriye Devam Fenerbah\u00e7e:3 &#8211; Eczac\u0131ba\u015f\u0131 Vitra:2","author":"Edit\u00f6r","date":"18 Kas\u0131m 2017","format":false,"excerpt":"Fenerbah\u00e7e Bayan Voleybol Tak\u0131m\u0131m\u0131z Vestel Ven\u00fcs Sultanlar Ligi\u2019nin 8. Haftas\u0131nda kar\u015f\u0131la\u015ft\u0131\u011f\u0131 Eczac\u0131ba\u015f\u0131 Vitra tak\u0131m\u0131n\u0131 25 \u2013 23, 25 \u2013 20, 28 \u2013 30,17 \u2013 25, 15 \u2013 11\u2019 lik set skorlar\u0131yla 3-2 yenerek sekizinci ma\u00e7\u0131ndan da 3 puanla ayr\u0131lm\u0131\u015f oldu. Ma\u00e7a Eda, Bahar, Polen, Mia, Natalia, Nootsara ve Merve kadrosuyla\u2026","rel":"","context":"&quot;T\u00fcrkiye Ligi&quot; i\u00e7inde","block_context":{"text":"T\u00fcrkiye Ligi","link":"https:\/\/sarimelekler.biz\/?cat=6"},"img":{"alt_text":"","src":"https:\/\/i0.wp.com\/sarimelekler.biz\/wp-content\/uploads\/2017\/11\/de6p5655_58039_6095617.jpg?resize=350%2C200&ssl=1","width":350,"height":200,"srcset":"https:\/\/i0.wp.com\/sarimelekler.biz\/wp-content\/uploads\/2017\/11\/de6p5655_58039_6095617.jpg?resize=350%2C200&ssl=1 1x, https:\/\/i0.wp.com\/sarimelekler.biz\/wp-content\/uploads\/2017\/11\/de6p5655_58039_6095617.jpg?resize=525%2C300&ssl=1 1.5x, https:\/\/i0.wp.com\/sarimelekler.biz\/wp-content\/uploads\/2017\/11\/de6p5655_58039_6095617.jpg?resize=700%2C400&ssl=1 2x, https:\/\/i0.wp.com\/sarimelekler.biz\/wp-content\/uploads\/2017\/11\/de6p5655_58039_6095617.jpg?resize=1050%2C600&ssl=1 3x, https:\/\/i0.wp.com\/sarimelekler.biz\/wp-content\/uploads\/2017\/11\/de6p5655_58039_6095617.jpg?resize=1400%2C800&ssl=1 4x"},"classes":[]}],"_links":{"self":[{"href":"https:\/\/sarimelekler.biz\/index.php?rest_route=\/wp\/v2\/posts\/4277","targetHints":{"allow":["GET"]}}],"collection":[{"href":"https:\/\/sarimelekler.biz\/index.php?rest_route=\/wp\/v2\/posts"}],"about":[{"href":"https:\/\/sarimelekler.biz\/index.php?rest_route=\/wp\/v2\/types\/post"}],"author":[{"embeddable":true,"href":"https:\/\/sarimelekler.biz\/index.php?rest_route=\/wp\/v2\/users\/1"}],"replies":[{"embeddable":true,"href":"https:\/\/sarimelekler.biz\/index.php?rest_route=%2Fwp%2Fv2%2Fcomments&post=4277"}],"version-history":[{"count":2,"href":"https:\/\/sarimelekler.biz\/index.php?rest_route=\/wp\/v2\/posts\/4277\/revisions"}],"predecessor-version":[{"id":4279,"href":"https:\/\/sarimelekler.biz\/index.php?rest_route=\/wp\/v2\/posts\/4277\/revisions\/4279"}],"wp:featuredmedia":[{"embeddable":true,"href":"https:\/\/sarimelekler.biz\/index.php?rest_route=\/wp\/v2\/media\/4275"}],"wp:attachment":[{"href":"https:\/\/sarimelekler.biz\/index.php?rest_route=%2Fwp%2Fv2%2Fmedia&parent=4277"}],"wp:term":[{"taxonomy":"category","embeddable":true,"href":"https:\/\/sarimelekler.biz\/index.php?rest_route=%2Fwp%2Fv2%2Fcategories&post=4277"},{"taxonomy":"post_tag","embeddable":true,"href":"https:\/\/sarimelekler.biz\/index.php?rest_route=%2Fwp%2Fv2%2Ftags&post=4277"}],"curies":[{"name":"wp","href":"https:\/\/api.w.org\/{rel}","templated":true}]}}