{"id":4280,"date":"2017-09-28T16:16:37","date_gmt":"2017-09-28T13:16:37","guid":{"rendered":"http:\/\/sarimelekler.biz\/?p=4280"},"modified":"2017-09-28T16:16:37","modified_gmt":"2017-09-28T13:16:37","slug":"cagla-akin-buyulendim","status":"publish","type":"post","link":"https:\/\/sarimelekler.biz\/?p=4280","title":{"rendered":"\u00c7a\u011fla Ak\u0131n: \u201cB\u00fcy\u00fclendim\u201d"},"content":{"rendered":"<p>Topuk Yaylas\u0131nda ger\u00e7ekle\u015fen Kampla ilgili Fenerbah\u00e7e Resmi \u0130nternet Sitesine a\u00e7\u0131klamalarda bulunan\u00a0 22 ya\u015f\u0131ndaki pas\u00f6r \u00c7a\u011fla Ak\u0131n da, \u201cBirbirimizi daha iyi tan\u0131yabilmemiz ad\u0131na g\u00fczel bir kamp oluyor. \u00c7ok g\u00fczel bir tesis. B\u00fcy\u00fclendim. Temiz hava, bol oksijen. B\u00fct\u00fcn kupalara talibiz. Elimizden gelenin en iyisini yaparak camiam\u0131za kupalara kazand\u0131rmak istiyoruz.\u201d diye konu\u015ftu.<\/p>\n<p>Kaynak:\u00a0<a href=\"http:\/\/fenerbahce.org\/detay.asp?ContentID=57404\" target=\"_blank\" rel=\"noopener\">Fenerbah\u00e7e Spor Kul\u00fcb\u00fc Resmi \u0130nternet Sitesi<\/a><\/p>\n","protected":false},"excerpt":{"rendered":"<p>Topuk Yaylas\u0131nda ger\u00e7ekle\u015fen Kampla ilgili Fenerbah\u00e7e Resmi \u0130nternet Sitesine a\u00e7\u0131klamalarda \u2026 <a class=\"continue-reading-link\" href=\"https:\/\/sarimelekler.biz\/?p=4280\">Okumaya Devam Et.. <span class=\"meta-nav\">&rarr; <\/span><\/a><\/p>\n","protected":false},"author":1,"featured_media":4274,"comment_status":"closed","ping_status":"open","sticky":false,"template":"","format":"standard","meta":{"jetpack_post_was_ever_published":false,"_jetpack_newsletter_access":"","_jetpack_dont_email_post_to_subs":false,"_jetpack_newsletter_tier_id":0,"_jetpack_memberships_contains_paywalled_content":false,"_jetpack_memberships_contains_paid_content":false,"footnotes":"","jetpack_publicize_message":"","jetpack_publicize_feature_enabled":true,"jetpack_social_post_already_shared":true,"jetpack_social_options":{"image_generator_settings":{"template":"highway","default_image_id":0,"font":"","enabled":false},"version":2}},"categories":[6],"tags":[9],"class_list":["post-4280","post","type-post","status-publish","format-standard","has-post-thumbnail","hentry","category-turkiye-ligi","tag-cagla"],"jetpack_publicize_connections":[],"jetpack_featured_media_url":"https:\/\/sarimelekler.biz\/wp-content\/uploads\/2017\/09\/de6p4284_57404_5101137.jpg","jetpack_sharing_enabled":true,"jetpack_shortlink":"https:\/\/wp.me\/p8npUZ-172","jetpack-related-posts":[{"id":4058,"url":"https:\/\/sarimelekler.biz\/?p=4058","url_meta":{"origin":4280,"position":0},"title":"\u00c7a\u011fla Ak\u0131n: &#8220;Mutlu ve Gururluyum&#8221;","author":"Edit\u00f6r","date":"4 Haziran 2017","format":false,"excerpt":"Fenerbah\u00e7e Kad\u0131n Voleybol Tak\u0131m\u0131m\u0131z\u0131n yeni transferlerinden \u00c7a\u011fla Ak\u0131n, ilk a\u00e7\u0131klamalar\u0131n\u0131 Fenerbah\u00e7e Spor Kul\u00fcb\u00fc Resmi Sitesine yapt\u0131. Fenerbah\u00e7e camias\u0131na kat\u0131lmaktan dolay\u0131 \u00e7ok mutlu ve gururlu oldu\u011funu s\u00f6yleyen 22 ya\u015f\u0131ndaki pas\u00f6r, taraftarlar i\u00e7inse; \u201cB\u00fcy\u00fck Fenerbah\u00e7e taraftar\u0131n\u0131n deste\u011fiyle oynayacak olmak \u00e7ok heyecan verici\u201d dedi. \u00c7ubuklu formay\u0131 giyen milli oyuncu, \u201cFenerbah\u00e7e camias\u0131na kat\u0131ld\u0131\u011f\u0131m i\u00e7in\u2026","rel":"","context":"&quot;T\u00fcrkiye Ligi&quot; i\u00e7inde","block_context":{"text":"T\u00fcrkiye Ligi","link":"https:\/\/sarimelekler.biz\/?cat=6"},"img":{"alt_text":"","src":"https:\/\/i0.wp.com\/sarimelekler.biz\/wp-content\/uploads\/2017\/06\/caglabasin_56173_5013334.jpg?resize=350%2C200&ssl=1","width":350,"height":200,"srcset":"https:\/\/i0.wp.com\/sarimelekler.biz\/wp-content\/uploads\/2017\/06\/caglabasin_56173_5013334.jpg?resize=350%2C200&ssl=1 1x, https:\/\/i0.wp.com\/sarimelekler.biz\/wp-content\/uploads\/2017\/06\/caglabasin_56173_5013334.jpg?resize=525%2C300&ssl=1 1.5x, https:\/\/i0.wp.com\/sarimelekler.biz\/wp-content\/uploads\/2017\/06\/caglabasin_56173_5013334.jpg?resize=700%2C400&ssl=1 2x, https:\/\/i0.wp.com\/sarimelekler.biz\/wp-content\/uploads\/2017\/06\/caglabasin_56173_5013334.jpg?resize=1050%2C600&ssl=1 3x, https:\/\/i0.wp.com\/sarimelekler.biz\/wp-content\/uploads\/2017\/06\/caglabasin_56173_5013334.jpg?resize=1400%2C800&ssl=1 4x"},"classes":[]},{"id":4053,"url":"https:\/\/sarimelekler.biz\/?p=4053","url_meta":{"origin":4280,"position":1},"title":"\u00c7a\u011fla Ak\u0131n Fenerbah\u00e7e&#8217;de","author":"Edit\u00f6r","date":"4 Haziran 2017","format":false,"excerpt":"Bir s\u00fcredir g\u00fcndemimizde bulunan Pas\u00f6r \u00c7a\u011fla Ak\u0131n Fenerbah\u00e7e Bayan Voleybol Tak\u0131m\u0131m\u0131za transfer oldu. \u00c7a\u011fla Ak\u0131n'a\u00a0ba\u015far\u0131lar dileriz. Kul\u00fcb\u00fcm\u00fcz i\u00e7in Hay\u0131rl\u0131 Olsun. Resmi Sitemizden Yap\u0131lan A\u00e7\u0131klama: Yeni sezon yap\u0131lanmas\u0131 kapsam\u0131nda Fenerbah\u00e7e Kad\u0131n Voleybol Tak\u0131m\u0131m\u0131z, \u00a0ge\u00e7en sezon Be\u015fikta\u015f tak\u0131m\u0131nda forma giyen 19 Ocak 1995 do\u011fumlu \u00c7a\u011fla Ak\u0131n ile anla\u015fma sa\u011flam\u0131\u015ft\u0131r. Yeni Sar\u0131 Melek\u2026","rel":"","context":"&quot;T\u00fcrkiye Ligi&quot; i\u00e7inde","block_context":{"text":"T\u00fcrkiye Ligi","link":"https:\/\/sarimelekler.biz\/?cat=6"},"img":{"alt_text":"","src":"https:\/\/i0.wp.com\/sarimelekler.biz\/wp-content\/uploads\/2017\/06\/de6p3109_56173_5448304.jpg?resize=350%2C200&ssl=1","width":350,"height":200,"srcset":"https:\/\/i0.wp.com\/sarimelekler.biz\/wp-content\/uploads\/2017\/06\/de6p3109_56173_5448304.jpg?resize=350%2C200&ssl=1 1x, https:\/\/i0.wp.com\/sarimelekler.biz\/wp-content\/uploads\/2017\/06\/de6p3109_56173_5448304.jpg?resize=525%2C300&ssl=1 1.5x, https:\/\/i0.wp.com\/sarimelekler.biz\/wp-content\/uploads\/2017\/06\/de6p3109_56173_5448304.jpg?resize=700%2C400&ssl=1 2x, https:\/\/i0.wp.com\/sarimelekler.biz\/wp-content\/uploads\/2017\/06\/de6p3109_56173_5448304.jpg?resize=1050%2C600&ssl=1 3x, https:\/\/i0.wp.com\/sarimelekler.biz\/wp-content\/uploads\/2017\/06\/de6p3109_56173_5448304.jpg?resize=1400%2C800&ssl=1 4x"},"classes":[]},{"id":5659,"url":"https:\/\/sarimelekler.biz\/?p=5659","url_meta":{"origin":4280,"position":2},"title":"\u00c7a\u011fla Ak\u0131n&#8217;\u0131n Do\u011fum G\u00fcn\u00fc Kutland\u0131","author":"Edit\u00f6r","date":"19 Ocak 2018","format":false,"excerpt":"Fenerbah\u00e7e Bayan Voleybol Tak\u0131m\u0131m\u0131z\u0131n oyuncular\u0131ndan \u00c7a\u011fla Ak\u0131n\u2019\u0131n do\u011fum g\u00fcn\u00fc kutland\u0131. Vestel Ven\u00fcs Sultanlar Ligi\u2019nin 15.hafta kar\u015f\u0131la\u015fmas\u0131 olan Be\u015fikta\u015f ma\u00e7\u0131n\u0131n haz\u0131rl\u0131klar\u0131n\u0131 ak\u015fam saatlerinde Derea\u011fz\u0131 Lefter K\u00fc\u00e7\u00fckandonyadis Tesislerimizde s\u00fcrd\u00fcren Tak\u0131m\u0131m\u0131zda antrenman\u0131n ard\u0131ndan s\u00fcrpriz do\u011fum g\u00fcn\u00fc kutlamas\u0131 yap\u0131ld\u0131. Yeni ya\u015f\u0131na giren \u00c7a\u011fla Ak\u0131n i\u00e7in oyuncular\u0131m\u0131z ve teknik heyetimiz taraf\u0131ndan do\u011fum g\u00fcn\u00fc kutlamas\u0131 organize\u2026","rel":"","context":"&quot;Duyurular&quot; i\u00e7inde","block_context":{"text":"Duyurular","link":"https:\/\/sarimelekler.biz\/?cat=8"},"img":{"alt_text":"","src":"https:\/\/i0.wp.com\/sarimelekler.biz\/wp-content\/uploads\/2018\/01\/Adaaa%C4%B1z.jpg?resize=350%2C200&ssl=1","width":350,"height":200,"srcset":"https:\/\/i0.wp.com\/sarimelekler.biz\/wp-content\/uploads\/2018\/01\/Adaaa%C4%B1z.jpg?resize=350%2C200&ssl=1 1x, https:\/\/i0.wp.com\/sarimelekler.biz\/wp-content\/uploads\/2018\/01\/Adaaa%C4%B1z.jpg?resize=525%2C300&ssl=1 1.5x, https:\/\/i0.wp.com\/sarimelekler.biz\/wp-content\/uploads\/2018\/01\/Adaaa%C4%B1z.jpg?resize=700%2C400&ssl=1 2x, https:\/\/i0.wp.com\/sarimelekler.biz\/wp-content\/uploads\/2018\/01\/Adaaa%C4%B1z.jpg?resize=1050%2C600&ssl=1 3x, https:\/\/i0.wp.com\/sarimelekler.biz\/wp-content\/uploads\/2018\/01\/Adaaa%C4%B1z.jpg?resize=1400%2C800&ssl=1 4x"},"classes":[]},{"id":4120,"url":"https:\/\/sarimelekler.biz\/?p=4120","url_meta":{"origin":4280,"position":3},"title":"\u00c7a\u011fla Ak\u0131n: \u201cBu forma beni \u00e7ok heyecanland\u0131r\u0131yor\u201d","author":"Edit\u00f6r","date":"4 Temmuz 2017","format":false,"excerpt":"Fenerbah\u00e7e Bayan Voleybol Tak\u0131m\u0131m\u0131z\u0131n yeni trasferi \u00c7a\u011fla Ak\u0131n ile Fenerbah\u00e7e Dergisi\u2019nin Temmuz 2017 say\u0131s\u0131nda bir r\u00f6portaj ger\u00e7ekle\u015ftirildi. R\u00f6portaj\u0131n Resmi Sitemizden Yay\u0131nlanan B\u00f6l\u00fcm\u00fc: \u00c7a\u011fla Ak\u0131n: \u201cBu forma beni \u00e7ok heyecanland\u0131r\u0131yor\u201d T\u00fcrk kad\u0131n voleybolu son 10 y\u0131la Avrupa\u2019da damgas\u0131n\u0131 vurdu. \u00d6yle ki gerek kul\u00fcpler gerekse Milli tak\u0131mlar d\u00fczeyinde elde edilen ba\u015far\u0131lar da\u2026","rel":"","context":"&quot;Dergi R\u00f6portajlar\u0131&quot; i\u00e7inde","block_context":{"text":"Dergi R\u00f6portajlar\u0131","link":"https:\/\/sarimelekler.biz\/?cat=15"},"img":{"alt_text":"","src":"https:\/\/i0.wp.com\/sarimelekler.biz\/wp-content\/uploads\/2017\/07\/de6p6899_56465_6814303.jpg?resize=350%2C200&ssl=1","width":350,"height":200,"srcset":"https:\/\/i0.wp.com\/sarimelekler.biz\/wp-content\/uploads\/2017\/07\/de6p6899_56465_6814303.jpg?resize=350%2C200&ssl=1 1x, https:\/\/i0.wp.com\/sarimelekler.biz\/wp-content\/uploads\/2017\/07\/de6p6899_56465_6814303.jpg?resize=525%2C300&ssl=1 1.5x, https:\/\/i0.wp.com\/sarimelekler.biz\/wp-content\/uploads\/2017\/07\/de6p6899_56465_6814303.jpg?resize=700%2C400&ssl=1 2x, https:\/\/i0.wp.com\/sarimelekler.biz\/wp-content\/uploads\/2017\/07\/de6p6899_56465_6814303.jpg?resize=1050%2C600&ssl=1 3x, https:\/\/i0.wp.com\/sarimelekler.biz\/wp-content\/uploads\/2017\/07\/de6p6899_56465_6814303.jpg?resize=1400%2C800&ssl=1 4x"},"classes":[]},{"id":4071,"url":"https:\/\/sarimelekler.biz\/?p=4071","url_meta":{"origin":4280,"position":4},"title":"Ezgi Da\u011fdelenler: &#8220;Sezon boyunca elimden gelen her \u015feyi yapaca\u011f\u0131m&#8221;","author":"Edit\u00f6r","date":"6 Haziran 2017","format":false,"excerpt":"Kad\u0131n Voleybol Tak\u0131m\u0131m\u0131z\u0131n yeni sma\u00e7\u00f6r\u00fc Ezgi Da\u011fdelenler, transferine ili\u015fkin ilk a\u00e7\u0131klamalar\u0131 Fenerbah\u00e7e Spor Kul\u00fcb\u00fcm\u00fcz Resmi \u0130nternet Sitesine yapt\u0131. Fenerbah\u00e7e taraftar\u0131n\u0131n \u00f6n\u00fcnde oynayacak olmaktan dolay\u0131 heyecanl\u0131 oldu\u011funu belirten Ezgi, sezon boyunca elinden gelen her \u015feyi yapaca\u011f\u0131n\u0131 da s\u00f6zlerine ekledi. \u201c\u0130n\u015fallah sakatl\u0131ks\u0131z g\u00fczel bir sezon ge\u00e7iririz. Sezon boyunca elimden gelen her \u015feyi\u2026","rel":"","context":"&quot;T\u00fcrkiye Ligi&quot; i\u00e7inde","block_context":{"text":"T\u00fcrkiye Ligi","link":"https:\/\/sarimelekler.biz\/?cat=6"},"img":{"alt_text":"","src":"https:\/\/i0.wp.com\/sarimelekler.biz\/wp-content\/uploads\/2017\/06\/de6p6335_56205_6413796.jpg?resize=350%2C200&ssl=1","width":350,"height":200,"srcset":"https:\/\/i0.wp.com\/sarimelekler.biz\/wp-content\/uploads\/2017\/06\/de6p6335_56205_6413796.jpg?resize=350%2C200&ssl=1 1x, https:\/\/i0.wp.com\/sarimelekler.biz\/wp-content\/uploads\/2017\/06\/de6p6335_56205_6413796.jpg?resize=525%2C300&ssl=1 1.5x, https:\/\/i0.wp.com\/sarimelekler.biz\/wp-content\/uploads\/2017\/06\/de6p6335_56205_6413796.jpg?resize=700%2C400&ssl=1 2x, https:\/\/i0.wp.com\/sarimelekler.biz\/wp-content\/uploads\/2017\/06\/de6p6335_56205_6413796.jpg?resize=1050%2C600&ssl=1 3x, https:\/\/i0.wp.com\/sarimelekler.biz\/wp-content\/uploads\/2017\/06\/de6p6335_56205_6413796.jpg?resize=1400%2C800&ssl=1 4x"},"classes":[]},{"id":6463,"url":"https:\/\/sarimelekler.biz\/?p=6463","url_meta":{"origin":4280,"position":5},"title":"S\u0131la \u00c7al\u0131\u015fkan: &#8220;Fenerbah\u00e7e\u2019de oynamak \u00e7ocukluk hayalimdi&#8221;","author":"Edit\u00f6r","date":"30 Haziran 2018","format":false,"excerpt":"Fenerbah\u00e7e Bayan Voleybol Tak\u0131m\u0131m\u0131z\u0131n yeni transferi S\u0131la \u00c7al\u0131\u015fkan, Fenerbah\u00e7e Spor Kul\u00fcb\u00fcm\u00fcz\u00fcn Resmi \u0130nternet Sitesine a\u00e7\u0131klamalarda bulundu. Fenerbah\u00e7e\u2019de oynaman\u0131n \u00e7ocukluk hayali oldu\u011funu ve bu hayali ger\u00e7ekle\u015ftirdi\u011fi i\u00e7in \u00e7ok mutlu oldu\u011funu belirten S\u0131la, t\u00fcm kupalara talip olduklar\u0131n\u0131 s\u00f6yledi. \u0130lk olarak Fenerbah\u00e7e\u2019de oynaman\u0131n \u00e7ocukluk hayali oldu\u011funu belirten S\u0131la, \u201cFenerbah\u00e7e\u2019nin koyu bir taraftar\u0131y\u0131m. Bu\u2026","rel":"","context":"&quot;Resmi Site R\u00f6portajlar\u0131&quot; i\u00e7inde","block_context":{"text":"Resmi Site R\u00f6portajlar\u0131","link":"https:\/\/sarimelekler.biz\/?cat=17"},"img":{"alt_text":"","src":"https:\/\/i0.wp.com\/sarimelekler.biz\/wp-content\/uploads\/2018\/06\/S%C4%B1la-%C3%87al%C4%B1%C5%9Fkan-5.jpg?resize=350%2C200&ssl=1","width":350,"height":200,"srcset":"https:\/\/i0.wp.com\/sarimelekler.biz\/wp-content\/uploads\/2018\/06\/S%C4%B1la-%C3%87al%C4%B1%C5%9Fkan-5.jpg?resize=350%2C200&ssl=1 1x, https:\/\/i0.wp.com\/sarimelekler.biz\/wp-content\/uploads\/2018\/06\/S%C4%B1la-%C3%87al%C4%B1%C5%9Fkan-5.jpg?resize=525%2C300&ssl=1 1.5x, https:\/\/i0.wp.com\/sarimelekler.biz\/wp-content\/uploads\/2018\/06\/S%C4%B1la-%C3%87al%C4%B1%C5%9Fkan-5.jpg?resize=700%2C400&ssl=1 2x, https:\/\/i0.wp.com\/sarimelekler.biz\/wp-content\/uploads\/2018\/06\/S%C4%B1la-%C3%87al%C4%B1%C5%9Fkan-5.jpg?resize=1050%2C600&ssl=1 3x, https:\/\/i0.wp.com\/sarimelekler.biz\/wp-content\/uploads\/2018\/06\/S%C4%B1la-%C3%87al%C4%B1%C5%9Fkan-5.jpg?resize=1400%2C800&ssl=1 4x"},"classes":[]}],"_links":{"self":[{"href":"https:\/\/sarimelekler.biz\/index.php?rest_route=\/wp\/v2\/posts\/4280","targetHints":{"allow":["GET"]}}],"collection":[{"href":"https:\/\/sarimelekler.biz\/index.php?rest_route=\/wp\/v2\/posts"}],"about":[{"href":"https:\/\/sarimelekler.biz\/index.php?rest_route=\/wp\/v2\/types\/post"}],"author":[{"embeddable":true,"href":"https:\/\/sarimelekler.biz\/index.php?rest_route=\/wp\/v2\/users\/1"}],"replies":[{"embeddable":true,"href":"https:\/\/sarimelekler.biz\/index.php?rest_route=%2Fwp%2Fv2%2Fcomments&post=4280"}],"version-history":[{"count":1,"href":"https:\/\/sarimelekler.biz\/index.php?rest_route=\/wp\/v2\/posts\/4280\/revisions"}],"predecessor-version":[{"id":4281,"href":"https:\/\/sarimelekler.biz\/index.php?rest_route=\/wp\/v2\/posts\/4280\/revisions\/4281"}],"wp:featuredmedia":[{"embeddable":true,"href":"https:\/\/sarimelekler.biz\/index.php?rest_route=\/wp\/v2\/media\/4274"}],"wp:attachment":[{"href":"https:\/\/sarimelekler.biz\/index.php?rest_route=%2Fwp%2Fv2%2Fmedia&parent=4280"}],"wp:term":[{"taxonomy":"category","embeddable":true,"href":"https:\/\/sarimelekler.biz\/index.php?rest_route=%2Fwp%2Fv2%2Fcategories&post=4280"},{"taxonomy":"post_tag","embeddable":true,"href":"https:\/\/sarimelekler.biz\/index.php?rest_route=%2Fwp%2Fv2%2Ftags&post=4280"}],"curies":[{"name":"wp","href":"https:\/\/api.w.org\/{rel}","templated":true}]}}