{"id":4295,"date":"2017-10-05T23:35:52","date_gmt":"2017-10-05T20:35:52","guid":{"rendered":"http:\/\/sarimelekler.biz\/?p=4295"},"modified":"2017-10-05T23:42:01","modified_gmt":"2017-10-05T20:42:01","slug":"eda-erdem-dundar-avrupa-sampiyonasini-madalya-ile-tamamladigimiz-icin-mutluyum","status":"publish","type":"post","link":"https:\/\/sarimelekler.biz\/?p=4295","title":{"rendered":"Eda Erdem D\u00fcndar: &#8220;Avrupa \u015eampiyonas\u0131\u2019n\u0131 Madalya \u0130le Tamamlad\u0131\u011f\u0131m\u0131z \u0130\u00e7in Mutluyum&#8221;"},"content":{"rendered":"<p style=\"text-align: justify;\">Azerbaycan\u2019da d\u00fczenlenen Avrupa \u015eampiyonas\u0131\u2019nda, A Milli Kad\u0131n Voleybol Tak\u0131m\u0131m\u0131z\u0131n elde etti\u011fi Avrupa 3.\u2019l\u00fc\u011f\u00fcn\u00fcn ard\u0131ndan \u0130stanbul\u2019a d\u00f6nen milli voleybolcumuz Eda Erdem D\u00fcndar, Fenerbah\u00e7e Spor Kul\u00fcb\u00fcm\u00fcz Resmi \u0130nternet Sitemize a\u00e7\u0131klamalarda bulundu.<\/p>\n<p style=\"text-align: justify;\">Ba\u015far\u0131l\u0131 voleybolcu, Avrupa \u015eampiyonas\u0131\u2019n\u0131 madalyayla tamamlam\u0131\u015f olman\u0131n kendisini mutlu etti\u011fini dile getirirken, Fenerbah\u00e7e Kad\u0131n Voleybol Tak\u0131m\u0131m\u0131z\u0131n da hedeflerinden s\u00f6z etti.<\/p>\n<p style=\"text-align: justify;\">A Milli Kad\u0131n Voleybol Tak\u0131m\u0131m\u0131z\u0131n elde etti\u011fi Avrupa 3.\u2019l\u00fc\u011f\u00fcn\u00fc de\u011ferlendirerek s\u00f6zlerine ba\u015flayan Eda Erdem D\u00fcndar, \u201c<em>Yaz sezonu benim i\u00e7in olduk\u00e7a yo\u011fun ge\u00e7ti. \u0130lk etapta Bulgaristan\u2019da D\u00fcnya \u015eampiyonas\u0131 eleme ma\u00e7lar\u0131 oynad\u0131k. Orada oynad\u0131\u011f\u0131m\u0131z 5 ma\u00e7\u0131n hepsini kazanarak D\u00fcnya \u015eampiyonas\u0131\u2019na kat\u0131lma hakk\u0131 kazand\u0131k. Daha sonras\u0131nda 2 ayl\u0131k bir iznin ard\u0131ndan A\u011fustos ay\u0131 itibariyle Avrupa \u015eampiyonas\u0131 i\u00e7in antrenmanlara ba\u015flad\u0131k. Yo\u011fun bir kamp d\u00f6nemi ge\u00e7ti, \u00e7ok say\u0131da haz\u0131rl\u0131k ma\u00e7\u0131 oynad\u0131k. Uzun ama keyifli bir d\u00f6nem ge\u00e7irdik diyebilirim. Daha sonras\u0131nda Avrupa \u015eampiyonas\u0131\u2019nda m\u00fccadele ettik. Grubumuz olduk\u00e7a zorluydu. Son 2 senenin Avrupa \u015eampiyonu Rusya\u2019yd\u0131 ve o da bizim grubumuzdayd\u0131. Ayn\u0131 \u015fekilde Bulgaristan gibi g\u00fc\u00e7l\u00fc bir tak\u0131mla da kar\u015f\u0131la\u015ft\u0131k. Turnuvaya Rusya ma\u00e7\u0131yla ba\u015flad\u0131k ve basit hatalarla kaybettik. \u00c7ok iyi m\u00fccadele ettik ama baz\u0131 hakem kararlar\u0131 ma\u00e7\u0131n kaderini de\u011fi\u015ftirdi. Sonras\u0131nda Bulgaristan\u2019a 3-2 kaybettik ve son g\u00fcn Ukrayna ile oynad\u0131k. Stresli bir ma\u00e7 bizi bekliyordu ama kazanmas\u0131n\u0131 bildik. B\u00f6ylece \u015fampiyonada bir \u00fcst tura y\u00fckseldik. Bu turda da Polonya ile kar\u015f\u0131la\u015ft\u0131k. Ma\u00e7a iyi ba\u015flayan taraft\u0131k ve kazand\u0131k. Sahada tam anlam\u0131yla tak\u0131m oyunu oynad\u0131k. \u00c7eyrek finalde Rusya ile kar\u015f\u0131la\u015ft\u0131k ve 3-0 gibi net bir skorla kazanarak ad\u0131m\u0131z\u0131 yar\u0131 finale yazd\u0131rd\u0131k. Bu turdaki rakibimiz de, S\u0131rbistan\u2019d\u0131. \u00c7ok iyi bir ekip ibr tak\u0131m. Bana g\u00f6re S\u0131rbistan turnuvadaki en iyi voleybolunu oynad\u0131. B\u00fct\u00fcn yaz \u00e7al\u0131\u015ft\u0131k ve bizim hedefimiz madalya kazanmakt\u0131. 3.\u2019l\u00fck-4.\u2019l\u00fck ma\u00e7\u0131nda Azerbaycan ile kar\u015f\u0131 kar\u015f\u0131ya geldik ve rakibimizi yenerek Avrupa 3.\u2019s\u00fc olduk. Ben buradan Azerbaycan halk\u0131na da \u00e7ok te\u015fekk\u00fcr ederim. Bizi \u00e7ok g\u00fczel a\u011f\u0131rlad\u0131lar. Turnuvay\u0131 bronz madalya ile tamamlamaktan dolay\u0131 \u00e7ok mutluyuz<\/em>.\u201d dedi.<\/p>\n<p style=\"text-align: justify;\">Eda Erdem D\u00fcndar, 2017 Bayanlar Avrupa \u015eampiyonas\u0131 R\u00fcya Tak\u0131m\u0131\u2019nda yer alarak \u201cEn \u0130yi Orta Oyuncu\u201d \u00f6d\u00fcl\u00fcne lay\u0131k g\u00f6r\u00fclmesine ili\u015fkinse,\u00a0 <em>\u201cAvrupa\u2019n\u0131n en iyi 3 tak\u0131m\u0131ndan biriyiz. Madalya kazanm\u0131\u015f olmak beni \u00e7ok ama \u00e7ok mutlu ediyor.\u00a0 \u0130yi bir milli tak\u0131m jenerasyonu var. Madalya kazanm\u0131\u015f olmak \u00e7ok g\u00fczel. Ke\u015fke \u015fampiyon olsayd\u0131k. Final oynamak isterdik ama olmad\u0131.\u00a0 \u015eampiyonada \u201cEn \u0130yi Orta Oyuncu\u201d \u00f6d\u00fcl\u00fcne lay\u0131k g\u00f6r\u00fcld\u00fcm. Ancak \u015funun \u00f6nemine vurgu yapmak istiyorum; \u00f6nemli olan tak\u0131m oyunudur. Her \u015feye ra\u011fmen mutluyum.<\/em>\u201d \u015feklinde konu\u015ftu.<\/p>\n<p style=\"text-align: justify;\"><strong>Milli voleybolcu s\u00f6zlerini \u015fu \u015fekilde noktalad\u0131:<\/strong><\/p>\n<p style=\"text-align: justify;\">\u201c<em>Tak\u0131m\u0131m\u0131zda baz\u0131 de\u011fi\u015fiklikler var. Bir tak\u0131m isimler gitti, yerlerine ba\u015fka oyuncular geldi. Bir uyum s\u00fcreci s\u00f6z konusu olacakt\u0131r. Yeni sezon \u00e7al\u0131\u015fmalar\u0131na ba\u015fl\u0131yoruz. \u00c7anakkale\u2019de bir haz\u0131rl\u0131k turnuvas\u0131na kat\u0131laca\u011f\u0131z. Sonras\u0131nda ise \u015eampiyonlar Kupas\u0131 ma\u00e7\u0131 var ve Vak\u0131fbank ile oynayaca\u011f\u0131z. Umar\u0131m sezona kupa ile ba\u015flar\u0131z.<\/em>\u201d<\/p>\n\n\t\t<style type=\"text\/css\">\n\t\t\t#gallery-1 {\n\t\t\t\tmargin: auto;\n\t\t\t}\n\t\t\t#gallery-1 .gallery-item {\n\t\t\t\tfloat: left;\n\t\t\t\tmargin-top: 10px;\n\t\t\t\ttext-align: center;\n\t\t\t\twidth: 33%;\n\t\t\t}\n\t\t\t#gallery-1 img {\n\t\t\t\tborder: 2px solid #cfcfcf;\n\t\t\t}\n\t\t\t#gallery-1 .gallery-caption {\n\t\t\t\tmargin-left: 0;\n\t\t\t}\n\t\t\t\/* see gallery_shortcode() in wp-includes\/media.php *\/\n\t\t<\/style>\n\t\t<div data-carousel-extra='{&quot;blog_id&quot;:1,&quot;permalink&quot;:&quot;https:\/\/sarimelekler.biz\/?p=4295&quot;}' id='gallery-1' class='gallery galleryid-4295 gallery-columns-3 gallery-size-thumbnail'><dl class='gallery-item'>\n\t\t\t<dt class='gallery-icon landscape'>\n\t\t\t\t<a href='https:\/\/sarimelekler.biz\/?attachment_id=4296'><img loading=\"lazy\" decoding=\"async\" width=\"150\" height=\"150\" src=\"https:\/\/sarimelekler.biz\/wp-content\/uploads\/2017\/10\/de6p6160_57488_6278113-150x150.jpg\" class=\"attachment-thumbnail size-thumbnail\" alt=\"\" data-attachment-id=\"4296\" data-permalink=\"https:\/\/sarimelekler.biz\/?attachment_id=4296\" data-orig-file=\"https:\/\/sarimelekler.biz\/wp-content\/uploads\/2017\/10\/de6p6160_57488_6278113.jpg\" data-orig-size=\"5184,3456\" data-comments-opened=\"0\" data-image-meta=\"{&quot;aperture&quot;:&quot;7.1&quot;,&quot;credit&quot;:&quot;&quot;,&quot;camera&quot;:&quot;Canon EOS-1D X&quot;,&quot;caption&quot;:&quot;&quot;,&quot;created_timestamp&quot;:&quot;1507126745&quot;,&quot;copyright&quot;:&quot;&quot;,&quot;focal_length&quot;:&quot;70&quot;,&quot;iso&quot;:&quot;250&quot;,&quot;shutter_speed&quot;:&quot;0.004&quot;,&quot;title&quot;:&quot;&quot;,&quot;orientation&quot;:&quot;1&quot;}\" data-image-title=\"de6p6160_57488_6278113\" data-image-description=\"\" data-image-caption=\"\" data-large-file=\"https:\/\/sarimelekler.biz\/wp-content\/uploads\/2017\/10\/de6p6160_57488_6278113-1024x683.jpg\" \/><\/a>\n\t\t\t<\/dt><\/dl><dl class='gallery-item'>\n\t\t\t<dt class='gallery-icon portrait'>\n\t\t\t\t<a href='https:\/\/sarimelekler.biz\/?attachment_id=4297'><img loading=\"lazy\" decoding=\"async\" width=\"150\" height=\"150\" src=\"https:\/\/sarimelekler.biz\/wp-content\/uploads\/2017\/10\/de6p6168_57488_6278358-150x150.jpg\" class=\"attachment-thumbnail size-thumbnail\" alt=\"\" data-attachment-id=\"4297\" data-permalink=\"https:\/\/sarimelekler.biz\/?attachment_id=4297\" data-orig-file=\"https:\/\/sarimelekler.biz\/wp-content\/uploads\/2017\/10\/de6p6168_57488_6278358.jpg\" data-orig-size=\"2976,3456\" data-comments-opened=\"0\" data-image-meta=\"{&quot;aperture&quot;:&quot;7.1&quot;,&quot;credit&quot;:&quot;&quot;,&quot;camera&quot;:&quot;Canon EOS-1D X&quot;,&quot;caption&quot;:&quot;&quot;,&quot;created_timestamp&quot;:&quot;1507126792&quot;,&quot;copyright&quot;:&quot;&quot;,&quot;focal_length&quot;:&quot;70&quot;,&quot;iso&quot;:&quot;250&quot;,&quot;shutter_speed&quot;:&quot;0.004&quot;,&quot;title&quot;:&quot;&quot;,&quot;orientation&quot;:&quot;1&quot;}\" data-image-title=\"de6p6168_57488_6278358\" data-image-description=\"\" data-image-caption=\"\" data-large-file=\"https:\/\/sarimelekler.biz\/wp-content\/uploads\/2017\/10\/de6p6168_57488_6278358-882x1024.jpg\" \/><\/a>\n\t\t\t<\/dt><\/dl><dl class='gallery-item'>\n\t\t\t<dt class='gallery-icon landscape'>\n\t\t\t\t<a href='https:\/\/sarimelekler.biz\/?attachment_id=4298'><img loading=\"lazy\" decoding=\"async\" width=\"150\" height=\"150\" src=\"https:\/\/sarimelekler.biz\/wp-content\/uploads\/2017\/10\/de6p6172_57488_627867-150x150.jpg\" class=\"attachment-thumbnail size-thumbnail\" alt=\"\" data-attachment-id=\"4298\" data-permalink=\"https:\/\/sarimelekler.biz\/?attachment_id=4298\" data-orig-file=\"https:\/\/sarimelekler.biz\/wp-content\/uploads\/2017\/10\/de6p6172_57488_627867.jpg\" data-orig-size=\"4248,3456\" data-comments-opened=\"0\" data-image-meta=\"{&quot;aperture&quot;:&quot;6.3&quot;,&quot;credit&quot;:&quot;&quot;,&quot;camera&quot;:&quot;Canon EOS-1D X&quot;,&quot;caption&quot;:&quot;&quot;,&quot;created_timestamp&quot;:&quot;1507126884&quot;,&quot;copyright&quot;:&quot;&quot;,&quot;focal_length&quot;:&quot;70&quot;,&quot;iso&quot;:&quot;250&quot;,&quot;shutter_speed&quot;:&quot;0.004&quot;,&quot;title&quot;:&quot;&quot;,&quot;orientation&quot;:&quot;1&quot;}\" data-image-title=\"de6p6172_57488_627867\" data-image-description=\"\" data-image-caption=\"\" data-large-file=\"https:\/\/sarimelekler.biz\/wp-content\/uploads\/2017\/10\/de6p6172_57488_627867-1024x833.jpg\" \/><\/a>\n\t\t\t<\/dt><\/dl><br style=\"clear: both\" \/><dl class='gallery-item'>\n\t\t\t<dt class='gallery-icon landscape'>\n\t\t\t\t<a href='https:\/\/sarimelekler.biz\/?attachment_id=4299'><img loading=\"lazy\" decoding=\"async\" width=\"150\" height=\"150\" src=\"https:\/\/sarimelekler.biz\/wp-content\/uploads\/2017\/10\/de6p6186_57488_6278906-150x150.jpg\" class=\"attachment-thumbnail size-thumbnail\" alt=\"\" data-attachment-id=\"4299\" data-permalink=\"https:\/\/sarimelekler.biz\/?attachment_id=4299\" data-orig-file=\"https:\/\/sarimelekler.biz\/wp-content\/uploads\/2017\/10\/de6p6186_57488_6278906.jpg\" data-orig-size=\"4434,3456\" data-comments-opened=\"0\" data-image-meta=\"{&quot;aperture&quot;:&quot;6.3&quot;,&quot;credit&quot;:&quot;&quot;,&quot;camera&quot;:&quot;Canon EOS-1D X&quot;,&quot;caption&quot;:&quot;&quot;,&quot;created_timestamp&quot;:&quot;1507127005&quot;,&quot;copyright&quot;:&quot;&quot;,&quot;focal_length&quot;:&quot;70&quot;,&quot;iso&quot;:&quot;250&quot;,&quot;shutter_speed&quot;:&quot;0.004&quot;,&quot;title&quot;:&quot;&quot;,&quot;orientation&quot;:&quot;1&quot;}\" data-image-title=\"de6p6186_57488_6278906\" data-image-description=\"\" data-image-caption=\"\" data-large-file=\"https:\/\/sarimelekler.biz\/wp-content\/uploads\/2017\/10\/de6p6186_57488_6278906-1024x798.jpg\" \/><\/a>\n\t\t\t<\/dt><\/dl><dl class='gallery-item'>\n\t\t\t<dt class='gallery-icon landscape'>\n\t\t\t\t<a href='https:\/\/sarimelekler.biz\/?attachment_id=4300'><img loading=\"lazy\" decoding=\"async\" width=\"150\" height=\"150\" src=\"https:\/\/sarimelekler.biz\/wp-content\/uploads\/2017\/10\/de6p6215_57488_6279212-150x150.jpg\" class=\"attachment-thumbnail size-thumbnail\" alt=\"\" data-attachment-id=\"4300\" data-permalink=\"https:\/\/sarimelekler.biz\/?attachment_id=4300\" data-orig-file=\"https:\/\/sarimelekler.biz\/wp-content\/uploads\/2017\/10\/de6p6215_57488_6279212.jpg\" data-orig-size=\"5184,3456\" data-comments-opened=\"0\" data-image-meta=\"{&quot;aperture&quot;:&quot;6.3&quot;,&quot;credit&quot;:&quot;&quot;,&quot;camera&quot;:&quot;Canon EOS-1D X&quot;,&quot;caption&quot;:&quot;&quot;,&quot;created_timestamp&quot;:&quot;1507127154&quot;,&quot;copyright&quot;:&quot;&quot;,&quot;focal_length&quot;:&quot;98&quot;,&quot;iso&quot;:&quot;250&quot;,&quot;shutter_speed&quot;:&quot;0.004&quot;,&quot;title&quot;:&quot;&quot;,&quot;orientation&quot;:&quot;1&quot;}\" data-image-title=\"de6p6215_57488_6279212\" data-image-description=\"\" data-image-caption=\"\" data-large-file=\"https:\/\/sarimelekler.biz\/wp-content\/uploads\/2017\/10\/de6p6215_57488_6279212-1024x683.jpg\" \/><\/a>\n\t\t\t<\/dt><\/dl>\n\t\t\t<br style='clear: both' \/>\n\t\t<\/div>\n\n<p style=\"text-align: justify;\">Kaynak: <a href=\"http:\/\/fenerbahce.org\/detay.asp?ContentID=57488\" target=\"_blank\" rel=\"noopener\">Fenerbah\u00e7e Spor Kul\u00fcb\u00fc Resmi \u0130nternet Sitesi<\/a><\/p>\n","protected":false},"excerpt":{"rendered":"<p>Azerbaycan\u2019da d\u00fczenlenen Avrupa \u015eampiyonas\u0131\u2019nda, A Milli Kad\u0131n Voleybol Tak\u0131m\u0131m\u0131z\u0131n elde \u2026 <a class=\"continue-reading-link\" href=\"https:\/\/sarimelekler.biz\/?p=4295\">Okumaya Devam Et.. <span class=\"meta-nav\">&rarr; <\/span><\/a><\/p>\n","protected":false},"author":1,"featured_media":4296,"comment_status":"closed","ping_status":"open","sticky":false,"template":"","format":"standard","meta":{"jetpack_post_was_ever_published":false,"_jetpack_newsletter_access":"","_jetpack_dont_email_post_to_subs":false,"_jetpack_newsletter_tier_id":0,"_jetpack_memberships_contains_paywalled_content":false,"_jetpack_memberships_contains_paid_content":false,"footnotes":"","jetpack_publicize_message":"","jetpack_publicize_feature_enabled":true,"jetpack_social_post_already_shared":true,"jetpack_social_options":{"image_generator_settings":{"template":"highway","default_image_id":0,"font":"","enabled":false},"version":2}},"categories":[7],"tags":[11],"class_list":["post-4295","post","type-post","status-publish","format-standard","has-post-thumbnail","hentry","category-haberler","tag-eda"],"jetpack_publicize_connections":[],"jetpack_featured_media_url":"https:\/\/sarimelekler.biz\/wp-content\/uploads\/2017\/10\/de6p6160_57488_6278113.jpg","jetpack_sharing_enabled":true,"jetpack_shortlink":"https:\/\/wp.me\/p8npUZ-17h","jetpack-related-posts":[{"id":12664,"url":"https:\/\/sarimelekler.biz\/?p=12664","url_meta":{"origin":4295,"position":0},"title":"Kaptan\u0131m\u0131z, Gururumuz Eda Erdem D\u00fcndar\u2019\u0131 Onurland\u0131rd\u0131k","author":"Edit\u00f6r","date":"15 Ocak 2020","format":false,"excerpt":"Fenerbah\u00e7e Beko Basketbol Tak\u0131m\u0131m\u0131z\u0131n kaptan\u0131 Melih Mahmuto\u011flu, 2020 Tokyo Olimpiyatlar\u0131\u2019na kat\u0131lma hakk\u0131n\u0131 elde ederek \u00fclkemizi sevince bo\u011fan ve bu gururu bizlere bir kez daha ya\u015fatan A Milli Kad\u0131n Voleybol Tak\u0131m\u0131m\u0131z\u0131n kaptan\u0131 Eda Erdem D\u00fcndar\u2019a Fenerbah\u00e7e Beko\u2019nun Asvel\u2019i konuk etti\u011fi kar\u015f\u0131la\u015fma \u00f6ncesi \u00e7i\u00e7ek takdim etti. A Milli Kad\u0131n Voleybol Tak\u0131m\u0131m\u0131z, 2020\u2026","rel":"","context":"&quot;Haberler&quot; i\u00e7inde","block_context":{"text":"Haberler","link":"https:\/\/sarimelekler.biz\/?cat=7"},"img":{"alt_text":"","src":"https:\/\/i0.wp.com\/sarimelekler.biz\/wp-content\/uploads\/2020\/01\/Eda-Onurland%C4%B1rma-2.jpg?resize=350%2C200&ssl=1","width":350,"height":200,"srcset":"https:\/\/i0.wp.com\/sarimelekler.biz\/wp-content\/uploads\/2020\/01\/Eda-Onurland%C4%B1rma-2.jpg?resize=350%2C200&ssl=1 1x, https:\/\/i0.wp.com\/sarimelekler.biz\/wp-content\/uploads\/2020\/01\/Eda-Onurland%C4%B1rma-2.jpg?resize=525%2C300&ssl=1 1.5x, https:\/\/i0.wp.com\/sarimelekler.biz\/wp-content\/uploads\/2020\/01\/Eda-Onurland%C4%B1rma-2.jpg?resize=700%2C400&ssl=1 2x, https:\/\/i0.wp.com\/sarimelekler.biz\/wp-content\/uploads\/2020\/01\/Eda-Onurland%C4%B1rma-2.jpg?resize=1050%2C600&ssl=1 3x, https:\/\/i0.wp.com\/sarimelekler.biz\/wp-content\/uploads\/2020\/01\/Eda-Onurland%C4%B1rma-2.jpg?resize=1400%2C800&ssl=1 4x"},"classes":[]},{"id":11863,"url":"https:\/\/sarimelekler.biz\/?p=11863","url_meta":{"origin":4295,"position":1},"title":"Eda Erdem D\u00fcndar ile Brankica Mihajlovic R\u00fcya Tak\u0131ma se\u00e7ildi","author":"Edit\u00f6r","date":"21 Eyl\u00fcl 2019","format":false,"excerpt":"\u00dclkemizin de ev sahipli\u011fiyle d\u00f6rt \u00fclkenin ortakla\u015fa d\u00fczenledi\u011fi 2019 CEV Kad\u0131nlar Avrupa Voleybol \u015eampiyonas\u0131\u2019nda gurur verici bir ba\u015far\u0131ya imza atarak Avrupa ikincisi olan Milli Tak\u0131m\u0131m\u0131z\u0131n kaptan\u0131 Eda Erdem D\u00fcndar ile Fenerbah\u00e7e Opet Kad\u0131n Voleybol Tak\u0131m\u0131m\u0131z\u0131n yeni transferi S\u0131rp Brankica Mihajlovic, turnuvan\u0131n R\u00fcya Tak\u0131m\u0131\u2019nda yer ald\u0131. Avrupa Voleybol \u015eampiyonas\u0131 Final ma\u00e7\u0131ndan\u2026","rel":"","context":"&quot;Milli Tak\u0131m&quot; i\u00e7inde","block_context":{"text":"Milli Tak\u0131m","link":"https:\/\/sarimelekler.biz\/?cat=19"},"img":{"alt_text":"","src":"https:\/\/i0.wp.com\/sarimelekler.biz\/wp-content\/uploads\/2019\/09\/Eda-Brankica.jpg?resize=350%2C200&ssl=1","width":350,"height":200,"srcset":"https:\/\/i0.wp.com\/sarimelekler.biz\/wp-content\/uploads\/2019\/09\/Eda-Brankica.jpg?resize=350%2C200&ssl=1 1x, https:\/\/i0.wp.com\/sarimelekler.biz\/wp-content\/uploads\/2019\/09\/Eda-Brankica.jpg?resize=525%2C300&ssl=1 1.5x, https:\/\/i0.wp.com\/sarimelekler.biz\/wp-content\/uploads\/2019\/09\/Eda-Brankica.jpg?resize=700%2C400&ssl=1 2x, https:\/\/i0.wp.com\/sarimelekler.biz\/wp-content\/uploads\/2019\/09\/Eda-Brankica.jpg?resize=1050%2C600&ssl=1 3x"},"classes":[]},{"id":17112,"url":"https:\/\/sarimelekler.biz\/?p=17112","url_meta":{"origin":4295,"position":2},"title":"Kaptan\u0131m\u0131z Eda Erdem D\u00fcndar &#8220;2021 Y\u0131l\u0131n\u0131n En \u0130yi 12 Kad\u0131n Voleybolcusu&#8221; Listesinde Yer Ald\u0131","author":"Edit\u00f6r","date":"12 Ocak 2022","format":false,"excerpt":"Fenerbah\u00e7e Opet ve A Milli Kad\u0131n Voleybol Tak\u0131m\u0131m\u0131z\u0131n kaptan\u0131 Eda Erdem D\u00fcndar, FIVB'nin \"2021 y\u0131l\u0131n\u0131n en iyi 12 kad\u0131n voleybolcusu\" listesinde yer ald\u0131.Volleyball World taraf\u0131ndan Milletler Ligi, Avrupa \u015eampiyonas\u0131 ve Tokyo Olimpiyat Oyunlar\u0131 gibi 2021 y\u0131l\u0131n\u0131n en \u00f6nemli spor organizasyonlar\u0131 baz al\u0131narak haz\u0131rlanan \u2018The #BestOf2021\u2019 listesinde Kaptan\u0131m\u0131z Eda Erdem D\u00fcndar,\u2026","rel":"","context":"&quot;Haberler&quot; i\u00e7inde","block_context":{"text":"Haberler","link":"https:\/\/sarimelekler.biz\/?cat=7"},"img":{"alt_text":"","src":"https:\/\/i0.wp.com\/sarimelekler.biz\/wp-content\/uploads\/2020\/12\/Eda-20-21-CL.png?resize=350%2C200&ssl=1","width":350,"height":200,"srcset":"https:\/\/i0.wp.com\/sarimelekler.biz\/wp-content\/uploads\/2020\/12\/Eda-20-21-CL.png?resize=350%2C200&ssl=1 1x, https:\/\/i0.wp.com\/sarimelekler.biz\/wp-content\/uploads\/2020\/12\/Eda-20-21-CL.png?resize=525%2C300&ssl=1 1.5x, https:\/\/i0.wp.com\/sarimelekler.biz\/wp-content\/uploads\/2020\/12\/Eda-20-21-CL.png?resize=700%2C400&ssl=1 2x, https:\/\/i0.wp.com\/sarimelekler.biz\/wp-content\/uploads\/2020\/12\/Eda-20-21-CL.png?resize=1050%2C600&ssl=1 3x"},"classes":[]},{"id":16040,"url":"https:\/\/sarimelekler.biz\/?p=16040","url_meta":{"origin":4295,"position":3},"title":"Kaptan\u0131m\u0131z Eda Erdem D\u00fcndar, \u00dcst \u00fcste 4. kez Avrupa \u015eampiyonas\u0131&#8217;nda &#8220;En \u0130yi Orta Oyuncu&#8221; Se\u00e7ildi.","author":"Edit\u00f6r","date":"8 Eyl\u00fcl 2021","format":false,"excerpt":"Fenerbah\u00e7e Opet ve A Milli Kad\u0131n Voleybol Tak\u0131m\u0131m\u0131z\u0131n kaptan\u0131 Eda Erdem D\u00fcndar, 2021 Avrupa Voleybol \u015eampiyonas\u0131'nda \"En \u0130yi Orta Oyuncu\" olarak R\u00fcya Tak\u0131ma se\u00e7ildi. 2015, 2017 ve 2019'un ard\u0131ndan \u00fcst \u00fcste 4. kez en iyiler aras\u0131na giren Kapta Eda Erdem D\u00fcndar, bu unvan\u0131 4 kere \u00fcst \u00fcste kazanan tarihteki ilk\u2026","rel":"","context":"&quot;Haberler&quot; i\u00e7inde","block_context":{"text":"Haberler","link":"https:\/\/sarimelekler.biz\/?cat=7"},"img":{"alt_text":"","src":"https:\/\/i0.wp.com\/sarimelekler.biz\/wp-content\/uploads\/2019\/09\/Eda-CLw-20.jpg?resize=350%2C200&ssl=1","width":350,"height":200,"srcset":"https:\/\/i0.wp.com\/sarimelekler.biz\/wp-content\/uploads\/2019\/09\/Eda-CLw-20.jpg?resize=350%2C200&ssl=1 1x, https:\/\/i0.wp.com\/sarimelekler.biz\/wp-content\/uploads\/2019\/09\/Eda-CLw-20.jpg?resize=525%2C300&ssl=1 1.5x, https:\/\/i0.wp.com\/sarimelekler.biz\/wp-content\/uploads\/2019\/09\/Eda-CLw-20.jpg?resize=700%2C400&ssl=1 2x, https:\/\/i0.wp.com\/sarimelekler.biz\/wp-content\/uploads\/2019\/09\/Eda-CLw-20.jpg?resize=1050%2C600&ssl=1 3x, https:\/\/i0.wp.com\/sarimelekler.biz\/wp-content\/uploads\/2019\/09\/Eda-CLw-20.jpg?resize=1400%2C800&ssl=1 4x"},"classes":[]},{"id":12688,"url":"https:\/\/sarimelekler.biz\/?p=12688","url_meta":{"origin":4295,"position":4},"title":"Kaptan\u0131m\u0131z Eda Erdem D\u00fcndar Olimpiyat Elemeleri\u2019nin R\u00fcya Tak\u0131m\u0131na Se\u00e7ildi.","author":"Edit\u00f6r","date":"15 Ocak 2020","format":false,"excerpt":"Hollanda\u2019n\u0131n ev sahipli\u011finde Apeldoorn \u015fehrinde d\u00fczenlenen 2020 CEV Tokyo Olimpiyatlar\u0131 Avrupa K\u0131ta Elemeleri\u2019nde gurur verici bir ba\u015far\u0131ya imza atarak olimpiyat vizesi alan Milli Tak\u0131m\u0131m\u0131zda kaptan Eda Erdem D\u00fcndar ile Simge Ak\u00f6z, turnuvan\u0131n R\u00fcya Tak\u0131m\u0131\u2019nda yer ald\u0131. Avrupa Voleybol Konfederasyonu (CEV) taraf\u0131ndan a\u00e7\u0131klanan listede Fenerbah\u00e7e Opet Kad\u0131n Voleybol Tak\u0131m\u0131m\u0131z ile A\u2026","rel":"","context":"&quot;Milli Tak\u0131m&quot; i\u00e7inde","block_context":{"text":"Milli Tak\u0131m","link":"https:\/\/sarimelekler.biz\/?cat=19"},"img":{"alt_text":"","src":"https:\/\/i0.wp.com\/sarimelekler.biz\/wp-content\/uploads\/2019\/09\/Eda-CLw-15.jpg?resize=350%2C200&ssl=1","width":350,"height":200,"srcset":"https:\/\/i0.wp.com\/sarimelekler.biz\/wp-content\/uploads\/2019\/09\/Eda-CLw-15.jpg?resize=350%2C200&ssl=1 1x, https:\/\/i0.wp.com\/sarimelekler.biz\/wp-content\/uploads\/2019\/09\/Eda-CLw-15.jpg?resize=525%2C300&ssl=1 1.5x, https:\/\/i0.wp.com\/sarimelekler.biz\/wp-content\/uploads\/2019\/09\/Eda-CLw-15.jpg?resize=700%2C400&ssl=1 2x, https:\/\/i0.wp.com\/sarimelekler.biz\/wp-content\/uploads\/2019\/09\/Eda-CLw-15.jpg?resize=1050%2C600&ssl=1 3x"},"classes":[]},{"id":11869,"url":"https:\/\/sarimelekler.biz\/?p=11869","url_meta":{"origin":4295,"position":5},"title":"Milli Tak\u0131m Kadrolar\u0131ndan D\u00f6nen Oyuncular\u0131m\u0131z Sa\u011fl\u0131k Kontrol\u00fcnden Ge\u00e7ti","author":"Edit\u00f6r","date":"20 Eyl\u00fcl 2019","format":false,"excerpt":"Fenerbah\u00e7e Opet Kad\u0131n Voleybol Tak\u0131m\u0131m\u0131z\u0131n kaptan\u0131 Eda Erdem D\u00fcndar ile oyuncular\u0131m\u0131z Aylin Sar\u0131o\u011flu, Naz Aydemir Akyol, Brankica Mihajlovic, Fatma Y\u0131ld\u0131r\u0131m, G\u00fclce G\u00fc\u00e7tekin ve \u0130par \u00d6zay Kurt bug\u00fcn Medical Park G\u00f6ztepe Hastanesi'nde sa\u011fl\u0131k kontrol\u00fcnden ge\u00e7ti. A tak\u0131m oyuncular\u0131m\u0131zdan Eda Erdem D\u00fcndar, Aylin Sar\u0131o\u011flu, Naz Aydemir Akyol, Fatma Y\u0131ld\u0131r\u0131m ve Brankica Mihajlovic\u2026","rel":"","context":"&quot;Haberler&quot; i\u00e7inde","block_context":{"text":"Haberler","link":"https:\/\/sarimelekler.biz\/?cat=7"},"img":{"alt_text":"","src":"https:\/\/i0.wp.com\/sarimelekler.biz\/wp-content\/uploads\/2019\/09\/19-20-Sa%C4%9Fl%C4%B1k-Kontrol%C3%BC-Kapak.jpg?resize=350%2C200&ssl=1","width":350,"height":200,"srcset":"https:\/\/i0.wp.com\/sarimelekler.biz\/wp-content\/uploads\/2019\/09\/19-20-Sa%C4%9Fl%C4%B1k-Kontrol%C3%BC-Kapak.jpg?resize=350%2C200&ssl=1 1x, https:\/\/i0.wp.com\/sarimelekler.biz\/wp-content\/uploads\/2019\/09\/19-20-Sa%C4%9Fl%C4%B1k-Kontrol%C3%BC-Kapak.jpg?resize=525%2C300&ssl=1 1.5x, https:\/\/i0.wp.com\/sarimelekler.biz\/wp-content\/uploads\/2019\/09\/19-20-Sa%C4%9Fl%C4%B1k-Kontrol%C3%BC-Kapak.jpg?resize=700%2C400&ssl=1 2x, https:\/\/i0.wp.com\/sarimelekler.biz\/wp-content\/uploads\/2019\/09\/19-20-Sa%C4%9Fl%C4%B1k-Kontrol%C3%BC-Kapak.jpg?resize=1050%2C600&ssl=1 3x, https:\/\/i0.wp.com\/sarimelekler.biz\/wp-content\/uploads\/2019\/09\/19-20-Sa%C4%9Fl%C4%B1k-Kontrol%C3%BC-Kapak.jpg?resize=1400%2C800&ssl=1 4x"},"classes":[]}],"_links":{"self":[{"href":"https:\/\/sarimelekler.biz\/index.php?rest_route=\/wp\/v2\/posts\/4295","targetHints":{"allow":["GET"]}}],"collection":[{"href":"https:\/\/sarimelekler.biz\/index.php?rest_route=\/wp\/v2\/posts"}],"about":[{"href":"https:\/\/sarimelekler.biz\/index.php?rest_route=\/wp\/v2\/types\/post"}],"author":[{"embeddable":true,"href":"https:\/\/sarimelekler.biz\/index.php?rest_route=\/wp\/v2\/users\/1"}],"replies":[{"embeddable":true,"href":"https:\/\/sarimelekler.biz\/index.php?rest_route=%2Fwp%2Fv2%2Fcomments&post=4295"}],"version-history":[{"count":3,"href":"https:\/\/sarimelekler.biz\/index.php?rest_route=\/wp\/v2\/posts\/4295\/revisions"}],"predecessor-version":[{"id":4303,"href":"https:\/\/sarimelekler.biz\/index.php?rest_route=\/wp\/v2\/posts\/4295\/revisions\/4303"}],"wp:featuredmedia":[{"embeddable":true,"href":"https:\/\/sarimelekler.biz\/index.php?rest_route=\/wp\/v2\/media\/4296"}],"wp:attachment":[{"href":"https:\/\/sarimelekler.biz\/index.php?rest_route=%2Fwp%2Fv2%2Fmedia&parent=4295"}],"wp:term":[{"taxonomy":"category","embeddable":true,"href":"https:\/\/sarimelekler.biz\/index.php?rest_route=%2Fwp%2Fv2%2Fcategories&post=4295"},{"taxonomy":"post_tag","embeddable":true,"href":"https:\/\/sarimelekler.biz\/index.php?rest_route=%2Fwp%2Fv2%2Ftags&post=4295"}],"curies":[{"name":"wp","href":"https:\/\/api.w.org\/{rel}","templated":true}]}}