{"id":5220,"date":"2017-12-18T13:38:15","date_gmt":"2017-12-18T11:38:15","guid":{"rendered":"http:\/\/sarimelekler.biz\/?p=5220"},"modified":"2017-12-18T13:38:15","modified_gmt":"2017-12-18T11:38:15","slug":"taraftarlarimiz-sordu-eda-erdem-dundar-twitterdan-yanitladi","status":"publish","type":"post","link":"https:\/\/sarimelekler.biz\/?p=5220","title":{"rendered":"Taraftarlar\u0131m\u0131z Sordu Eda Erdem D\u00fcndar Twitter\u2019dan Yan\u0131tlad\u0131"},"content":{"rendered":"<p style=\"text-align: justify;\">Kaptan\u0131m\u0131z Eda Erdem D\u00fcndar Fenerbah\u00e7e Spor Kul\u00fcb\u00fc Resmi Twitter sayfas\u0131 \u00fczerinden taraftarlar\u0131m\u0131zdan #AskEda etiketine gelen sorular\u0131 yan\u0131tlad\u0131. Yap\u0131lan twitter s\u00f6yle\u015fisi resmi sitemizde de yay\u0131nland\u0131.<\/p>\n<p style=\"text-align: justify;\">Fenerbah\u00e7e Bayan Voleybol Tak\u0131m\u0131m\u0131z\u0131n Kaptan\u0131 Eda Erdem D\u00fcndar, taraftarlar\u0131m\u0131z ile Twitter \u00fczerinden bir s\u00f6yle\u015fi ger\u00e7ekle\u015ftirdi.\u00a0 \u00dclker Spor ve Etkinlik Slaonu\u2019nda ger\u00e7ekle\u015ftirilen organizasyonda Eda Erdem D\u00fcndar,\u00a0 taraftarlar\u0131m\u0131z\u0131n, Fenerbah\u00e7e Spor Kul\u00fcb\u00fc\u2019n\u00fcn Resmi Twitter Hesab\u0131na (@Fenerbahce )\u00a0 #ASKEDA etiketine g\u00f6nderdi\u011fi sorular\u0131 yan\u0131tlad\u0131.<\/p>\n<p style=\"text-align: justify;\">\u201c#ASKEDA etiketi k\u0131sa bir s\u00fcrede taraftarlar\u0131m\u0131z\u0131n sordu\u011fu sorularla T\u00fcrkiye g\u00fcndemine girdi ve ilk s\u0131ralardaki yerini ald\u0131.\u201d<br \/>\nQ&amp;A uygulamas\u0131 ile Eda Erdem D\u00fcndar\u2019a sorulan sorular ve oyuncumuzun verdi\u011fi yan\u0131tlar;<\/p>\n<p style=\"text-align: justify;\"><strong>Kaptan en unutamad\u0131\u011f\u0131n ma\u00e7 hangisiydi?<\/strong><br \/>\nBirka\u00e7 tane var. 2010 Cannes F4 finali, 2012 Bak\u00fc F4 final ma\u00e7\u0131 ve ge\u00e7en sezon Eczac\u0131ba\u015f\u0131 yar\u0131 final ma\u00e7\u0131 diyebilirim.<\/p>\n<p style=\"text-align: justify;\"><strong>Bir\u00e7ok efsane pas\u00f6r ile oynad\u0131n, birlikte en iyi uyumu yakalad\u0131\u011f\u0131n\u0131 d\u00fc\u015f\u00fcnd\u00fc\u011f\u00fcn pas\u00f6r hangisiydi?<\/strong><br \/>\nArzu G\u00f6ll\u00fc diyebilirim, yeri bende ayr\u0131d\u0131r.<\/p>\n<p style=\"text-align: justify;\"><strong>Kaptan bir yapar\u0131m parmaklar\u0131n\u0131z\u0131 yersiniz dedi\u011fin bir yemek var m\u0131?<\/strong><br \/>\nKuru fasulye ve pilav ikilisi<\/p>\n<p style=\"text-align: justify;\"><strong>Kariyeriniz ad\u0131na bir k\u0131r\u0131lma an\u0131 var m\u0131?<\/strong><br \/>\n2012-13 sezonu, bana \u00f6\u011fretti\u011fi \u00e7ok \u015feyler oldu. O sezondan sonra daha g\u00fc\u00e7l\u00fc bir Eda olarak geri d\u00f6nd\u00fcm.<\/p>\n<p style=\"text-align: justify;\"><strong>Kaptan gen\u00e7lere verece\u011fin en b\u00fcy\u00fck tavsiye nedir?<\/strong><br \/>\n\u00c7al\u0131\u015fmak, \u00e7al\u0131\u015fmak, \u00e7al\u0131\u015fmak.<\/p>\n<p style=\"text-align: justify;\"><strong>Voleybolcu olmasayd\u0131n hangi mesle\u011fi se\u00e7erdin? Hangi mesle\u011fi yapmak isterdin?<\/strong><br \/>\nBasketbolcu olmak isterdim.<br \/>\n<a href=\"https:\/\/twitter.com\/Fenerbahce\/status\/942415032180269056\" target=\"_blank\" rel=\"noopener\">Video<\/a><\/p>\n<p style=\"text-align: justify;\"><strong>Ma\u00e7lardan \u00f6nce \u00f6zel olarak yapt\u0131\u011f\u0131n bir \u015fey, dinledi\u011fin bir m\u00fczik, k\u0131sacas\u0131 totemin var m\u0131 kaptan?<\/strong><br \/>\nVar tabi ama onlar bana kals\u0131n<\/p>\n<p style=\"text-align: justify;\"><strong>Kaptan kitaplarla aran nas\u0131l? En son okudu\u011fun kitap hangisiydi?<\/strong><br \/>\nDan Brown \u2013 Ba\u015flang\u0131\u00e7.<\/p>\n<p style=\"text-align: justify;\"><strong>Jumbo mu Munchies mi?<\/strong><br \/>\nMelis\u2019cim ben Jumbo diyorum<\/p>\n<p style=\"text-align: justify;\"><strong>\u015eampiyonlar ligi grubumuzda 2 g\u00fc\u00e7l\u00fc \u0130talyan tak\u0131m\u0131 var. Bu sene gruptan \u00e7\u0131kamama gibi bir risk g\u00f6r\u00fcyor musunuz?<\/strong><br \/>\nRisk her zaman var, grubumuz zorlu ama biz Fenerbah\u00e7e olarak hep zirveyi hedefliyoruz.<\/p>\n<p style=\"text-align: justify;\"><strong>Taraftar\u0131n kendi i\u00e7in s\u00f6yledi\u011fi beste hakk\u0131nda ne d\u00fc\u015f\u00fcn\u00fcyor? Taraftar ile birlikte s\u00f6ylemek istedi\u011fi ve en sevdi\u011fi beste nedir?<\/strong><br \/>\n<a href=\"https:\/\/twitter.com\/Fenerbahce\/status\/942418443093053440\" target=\"_blank\" rel=\"noopener\">Video<\/a><br \/>\nVermi\u015f oldu\u011fum m\u00fccadelenin, sahada ve d\u0131\u015f\u0131nda g\u00f6sterdi\u011fim eme\u011fin kar\u015f\u0131l\u0131k bulmas\u0131 paha bi\u00e7ilemez.<\/p>\n<p style=\"text-align: justify;\"><strong>Fenerbah\u00e7e formas\u0131yla kaybetti\u011fin ma\u00e7lardan birinin sonucunu de\u011fi\u015ftirme imk\u00e2n\u0131n olsayd\u0131 hangi ma\u00e7\u0131 se\u00e7erdin?<\/strong><br \/>\n2010 Cannes F4 finali Bergamo ma\u00e7\u0131n\u0131n sonucunu lehimize \u00e7evirmek isterdim.<\/p>\n<p><strong>Di\u011fer Videolar<\/strong><br \/>\n<a href=\"https:\/\/twitter.com\/Fenerbahce\/status\/942042011145834496\" target=\"_blank\" rel=\"noopener\">1<\/a> &#8211; <a href=\"https:\/\/twitter.com\/Fenerbahce\/status\/942412779289489410\" target=\"_blank\" rel=\"noopener\">2<\/a> &#8211; <a href=\"https:\/\/twitter.com\/Fenerbahce\/status\/942410767219003392\" target=\"_blank\" rel=\"noopener\">3<\/a> &#8211; <a href=\"https:\/\/twitter.com\/Fenerbahce\/status\/942426250165014528\" target=\"_blank\" rel=\"noopener\">4<\/a><\/p>\n\n\t\t<style type=\"text\/css\">\n\t\t\t#gallery-1 {\n\t\t\t\tmargin: auto;\n\t\t\t}\n\t\t\t#gallery-1 .gallery-item {\n\t\t\t\tfloat: left;\n\t\t\t\tmargin-top: 10px;\n\t\t\t\ttext-align: center;\n\t\t\t\twidth: 25%;\n\t\t\t}\n\t\t\t#gallery-1 img {\n\t\t\t\tborder: 2px solid #cfcfcf;\n\t\t\t}\n\t\t\t#gallery-1 .gallery-caption {\n\t\t\t\tmargin-left: 0;\n\t\t\t}\n\t\t\t\/* see gallery_shortcode() in wp-includes\/media.php *\/\n\t\t<\/style>\n\t\t<div data-carousel-extra='{&quot;blog_id&quot;:1,&quot;permalink&quot;:&quot;https:\/\/sarimelekler.biz\/?p=5220&quot;}' id='gallery-1' class='gallery galleryid-5220 gallery-columns-4 gallery-size-thumbnail'><dl class='gallery-item'>\n\t\t\t<dt class='gallery-icon landscape'>\n\t\t\t\t<a href='https:\/\/sarimelekler.biz\/?attachment_id=5221'><img loading=\"lazy\" decoding=\"async\" width=\"150\" height=\"150\" src=\"https:\/\/sarimelekler.biz\/wp-content\/uploads\/2017\/12\/de6p6474_58436_7193193-150x150.jpg\" class=\"attachment-thumbnail size-thumbnail\" alt=\"\" data-attachment-id=\"5221\" data-permalink=\"https:\/\/sarimelekler.biz\/?attachment_id=5221\" data-orig-file=\"https:\/\/sarimelekler.biz\/wp-content\/uploads\/2017\/12\/de6p6474_58436_7193193.jpg\" data-orig-size=\"2500,1861\" data-comments-opened=\"0\" data-image-meta=\"{&quot;aperture&quot;:&quot;3.5&quot;,&quot;credit&quot;:&quot;&quot;,&quot;camera&quot;:&quot;Canon EOS-1D X&quot;,&quot;caption&quot;:&quot;&quot;,&quot;created_timestamp&quot;:&quot;1513529253&quot;,&quot;copyright&quot;:&quot;&quot;,&quot;focal_length&quot;:&quot;16&quot;,&quot;iso&quot;:&quot;640&quot;,&quot;shutter_speed&quot;:&quot;0.004&quot;,&quot;title&quot;:&quot;&quot;,&quot;orientation&quot;:&quot;1&quot;}\" data-image-title=\"de6p6474_58436_7193193\" data-image-description=\"\" data-image-caption=\"\" data-large-file=\"https:\/\/sarimelekler.biz\/wp-content\/uploads\/2017\/12\/de6p6474_58436_7193193-1024x762.jpg\" \/><\/a>\n\t\t\t<\/dt><\/dl><dl class='gallery-item'>\n\t\t\t<dt class='gallery-icon landscape'>\n\t\t\t\t<a href='https:\/\/sarimelekler.biz\/?attachment_id=5222'><img loading=\"lazy\" decoding=\"async\" width=\"150\" height=\"150\" src=\"https:\/\/sarimelekler.biz\/wp-content\/uploads\/2017\/12\/de6p6478_58436_7193346-150x150.jpg\" class=\"attachment-thumbnail size-thumbnail\" alt=\"\" data-attachment-id=\"5222\" data-permalink=\"https:\/\/sarimelekler.biz\/?attachment_id=5222\" data-orig-file=\"https:\/\/sarimelekler.biz\/wp-content\/uploads\/2017\/12\/de6p6478_58436_7193346.jpg\" data-orig-size=\"2500,1878\" data-comments-opened=\"0\" data-image-meta=\"{&quot;aperture&quot;:&quot;3.5&quot;,&quot;credit&quot;:&quot;&quot;,&quot;camera&quot;:&quot;Canon EOS-1D X&quot;,&quot;caption&quot;:&quot;&quot;,&quot;created_timestamp&quot;:&quot;1513529267&quot;,&quot;copyright&quot;:&quot;&quot;,&quot;focal_length&quot;:&quot;16&quot;,&quot;iso&quot;:&quot;640&quot;,&quot;shutter_speed&quot;:&quot;0.004&quot;,&quot;title&quot;:&quot;&quot;,&quot;orientation&quot;:&quot;1&quot;}\" data-image-title=\"de6p6478_58436_7193346\" data-image-description=\"\" data-image-caption=\"\" data-large-file=\"https:\/\/sarimelekler.biz\/wp-content\/uploads\/2017\/12\/de6p6478_58436_7193346-1024x769.jpg\" \/><\/a>\n\t\t\t<\/dt><\/dl><dl class='gallery-item'>\n\t\t\t<dt class='gallery-icon landscape'>\n\t\t\t\t<a href='https:\/\/sarimelekler.biz\/?attachment_id=5223'><img loading=\"lazy\" decoding=\"async\" width=\"150\" height=\"150\" src=\"https:\/\/sarimelekler.biz\/wp-content\/uploads\/2017\/12\/de6p6487_58436_7193535-150x150.jpg\" class=\"attachment-thumbnail size-thumbnail\" alt=\"\" data-attachment-id=\"5223\" data-permalink=\"https:\/\/sarimelekler.biz\/?attachment_id=5223\" data-orig-file=\"https:\/\/sarimelekler.biz\/wp-content\/uploads\/2017\/12\/de6p6487_58436_7193535.jpg\" data-orig-size=\"2500,1785\" data-comments-opened=\"0\" data-image-meta=\"{&quot;aperture&quot;:&quot;3.5&quot;,&quot;credit&quot;:&quot;&quot;,&quot;camera&quot;:&quot;Canon EOS-1D X&quot;,&quot;caption&quot;:&quot;&quot;,&quot;created_timestamp&quot;:&quot;1513530094&quot;,&quot;copyright&quot;:&quot;&quot;,&quot;focal_length&quot;:&quot;25&quot;,&quot;iso&quot;:&quot;640&quot;,&quot;shutter_speed&quot;:&quot;0.004&quot;,&quot;title&quot;:&quot;&quot;,&quot;orientation&quot;:&quot;1&quot;}\" data-image-title=\"de6p6487_58436_7193535\" data-image-description=\"\" data-image-caption=\"\" data-large-file=\"https:\/\/sarimelekler.biz\/wp-content\/uploads\/2017\/12\/de6p6487_58436_7193535-1024x731.jpg\" \/><\/a>\n\t\t\t<\/dt><\/dl><dl class='gallery-item'>\n\t\t\t<dt class='gallery-icon landscape'>\n\t\t\t\t<a href='https:\/\/sarimelekler.biz\/?attachment_id=5224'><img loading=\"lazy\" decoding=\"async\" width=\"150\" height=\"150\" src=\"https:\/\/sarimelekler.biz\/wp-content\/uploads\/2017\/12\/de6p6507_58436_7193738-150x150.jpg\" class=\"attachment-thumbnail size-thumbnail\" alt=\"\" data-attachment-id=\"5224\" data-permalink=\"https:\/\/sarimelekler.biz\/?attachment_id=5224\" data-orig-file=\"https:\/\/sarimelekler.biz\/wp-content\/uploads\/2017\/12\/de6p6507_58436_7193738.jpg\" data-orig-size=\"2500,1763\" data-comments-opened=\"0\" data-image-meta=\"{&quot;aperture&quot;:&quot;3.5&quot;,&quot;credit&quot;:&quot;&quot;,&quot;camera&quot;:&quot;Canon EOS-1D X&quot;,&quot;caption&quot;:&quot;&quot;,&quot;created_timestamp&quot;:&quot;1513530340&quot;,&quot;copyright&quot;:&quot;&quot;,&quot;focal_length&quot;:&quot;16&quot;,&quot;iso&quot;:&quot;2500&quot;,&quot;shutter_speed&quot;:&quot;0.0025&quot;,&quot;title&quot;:&quot;&quot;,&quot;orientation&quot;:&quot;1&quot;}\" data-image-title=\"de6p6507_58436_7193738\" data-image-description=\"\" data-image-caption=\"\" data-large-file=\"https:\/\/sarimelekler.biz\/wp-content\/uploads\/2017\/12\/de6p6507_58436_7193738-1024x722.jpg\" \/><\/a>\n\t\t\t<\/dt><\/dl><br style=\"clear: both\" \/><dl class='gallery-item'>\n\t\t\t<dt class='gallery-icon landscape'>\n\t\t\t\t<a href='https:\/\/sarimelekler.biz\/?attachment_id=5225'><img loading=\"lazy\" decoding=\"async\" width=\"150\" height=\"150\" src=\"https:\/\/sarimelekler.biz\/wp-content\/uploads\/2017\/12\/de6p6513_58436_7193836-150x150.jpg\" class=\"attachment-thumbnail size-thumbnail\" alt=\"\" data-attachment-id=\"5225\" data-permalink=\"https:\/\/sarimelekler.biz\/?attachment_id=5225\" data-orig-file=\"https:\/\/sarimelekler.biz\/wp-content\/uploads\/2017\/12\/de6p6513_58436_7193836.jpg\" data-orig-size=\"2500,1838\" data-comments-opened=\"0\" data-image-meta=\"{&quot;aperture&quot;:&quot;3.5&quot;,&quot;credit&quot;:&quot;&quot;,&quot;camera&quot;:&quot;Canon EOS-1D X&quot;,&quot;caption&quot;:&quot;&quot;,&quot;created_timestamp&quot;:&quot;1513530384&quot;,&quot;copyright&quot;:&quot;&quot;,&quot;focal_length&quot;:&quot;16&quot;,&quot;iso&quot;:&quot;800&quot;,&quot;shutter_speed&quot;:&quot;0.004&quot;,&quot;title&quot;:&quot;&quot;,&quot;orientation&quot;:&quot;1&quot;}\" data-image-title=\"de6p6513_58436_7193836\" data-image-description=\"\" data-image-caption=\"\" data-large-file=\"https:\/\/sarimelekler.biz\/wp-content\/uploads\/2017\/12\/de6p6513_58436_7193836-1024x753.jpg\" \/><\/a>\n\t\t\t<\/dt><\/dl><dl class='gallery-item'>\n\t\t\t<dt class='gallery-icon landscape'>\n\t\t\t\t<a href='https:\/\/sarimelekler.biz\/?attachment_id=5226'><img loading=\"lazy\" decoding=\"async\" width=\"150\" height=\"150\" src=\"https:\/\/sarimelekler.biz\/wp-content\/uploads\/2017\/12\/de6p6531_58436_719393-150x150.jpg\" class=\"attachment-thumbnail size-thumbnail\" alt=\"\" data-attachment-id=\"5226\" data-permalink=\"https:\/\/sarimelekler.biz\/?attachment_id=5226\" data-orig-file=\"https:\/\/sarimelekler.biz\/wp-content\/uploads\/2017\/12\/de6p6531_58436_719393.jpg\" data-orig-size=\"2500,1998\" data-comments-opened=\"0\" data-image-meta=\"{&quot;aperture&quot;:&quot;3.5&quot;,&quot;credit&quot;:&quot;&quot;,&quot;camera&quot;:&quot;Canon EOS-1D X&quot;,&quot;caption&quot;:&quot;&quot;,&quot;created_timestamp&quot;:&quot;1513531190&quot;,&quot;copyright&quot;:&quot;&quot;,&quot;focal_length&quot;:&quot;110&quot;,&quot;iso&quot;:&quot;2000&quot;,&quot;shutter_speed&quot;:&quot;0.002&quot;,&quot;title&quot;:&quot;&quot;,&quot;orientation&quot;:&quot;1&quot;}\" data-image-title=\"de6p6531_58436_719393\" data-image-description=\"\" data-image-caption=\"\" data-large-file=\"https:\/\/sarimelekler.biz\/wp-content\/uploads\/2017\/12\/de6p6531_58436_719393-1024x818.jpg\" \/><\/a>\n\t\t\t<\/dt><\/dl><dl class='gallery-item'>\n\t\t\t<dt class='gallery-icon landscape'>\n\t\t\t\t<a href='https:\/\/sarimelekler.biz\/?attachment_id=5227'><img loading=\"lazy\" decoding=\"async\" width=\"150\" height=\"150\" src=\"https:\/\/sarimelekler.biz\/wp-content\/uploads\/2017\/12\/de6p6545_58436_7194031-150x150.jpg\" class=\"attachment-thumbnail size-thumbnail\" alt=\"\" data-attachment-id=\"5227\" data-permalink=\"https:\/\/sarimelekler.biz\/?attachment_id=5227\" data-orig-file=\"https:\/\/sarimelekler.biz\/wp-content\/uploads\/2017\/12\/de6p6545_58436_7194031.jpg\" data-orig-size=\"2500,1873\" data-comments-opened=\"0\" data-image-meta=\"{&quot;aperture&quot;:&quot;3.5&quot;,&quot;credit&quot;:&quot;&quot;,&quot;camera&quot;:&quot;Canon EOS-1D X&quot;,&quot;caption&quot;:&quot;&quot;,&quot;created_timestamp&quot;:&quot;1513531237&quot;,&quot;copyright&quot;:&quot;&quot;,&quot;focal_length&quot;:&quot;145&quot;,&quot;iso&quot;:&quot;2000&quot;,&quot;shutter_speed&quot;:&quot;0.002&quot;,&quot;title&quot;:&quot;&quot;,&quot;orientation&quot;:&quot;1&quot;}\" data-image-title=\"de6p6545_58436_7194031\" data-image-description=\"\" data-image-caption=\"\" data-large-file=\"https:\/\/sarimelekler.biz\/wp-content\/uploads\/2017\/12\/de6p6545_58436_7194031-1024x767.jpg\" \/><\/a>\n\t\t\t<\/dt><\/dl><dl class='gallery-item'>\n\t\t\t<dt class='gallery-icon landscape'>\n\t\t\t\t<a href='https:\/\/sarimelekler.biz\/?attachment_id=5228'><img loading=\"lazy\" decoding=\"async\" width=\"150\" height=\"150\" src=\"https:\/\/sarimelekler.biz\/wp-content\/uploads\/2017\/12\/de6p6553_58436_7194126-150x150.jpg\" class=\"attachment-thumbnail size-thumbnail\" alt=\"\" data-attachment-id=\"5228\" data-permalink=\"https:\/\/sarimelekler.biz\/?attachment_id=5228\" data-orig-file=\"https:\/\/sarimelekler.biz\/wp-content\/uploads\/2017\/12\/de6p6553_58436_7194126.jpg\" data-orig-size=\"2500,1851\" data-comments-opened=\"0\" data-image-meta=\"{&quot;aperture&quot;:&quot;3.5&quot;,&quot;credit&quot;:&quot;&quot;,&quot;camera&quot;:&quot;Canon EOS-1D X&quot;,&quot;caption&quot;:&quot;&quot;,&quot;created_timestamp&quot;:&quot;1513531240&quot;,&quot;copyright&quot;:&quot;&quot;,&quot;focal_length&quot;:&quot;145&quot;,&quot;iso&quot;:&quot;2000&quot;,&quot;shutter_speed&quot;:&quot;0.002&quot;,&quot;title&quot;:&quot;&quot;,&quot;orientation&quot;:&quot;1&quot;}\" data-image-title=\"de6p6553_58436_7194126\" data-image-description=\"\" data-image-caption=\"\" data-large-file=\"https:\/\/sarimelekler.biz\/wp-content\/uploads\/2017\/12\/de6p6553_58436_7194126-1024x758.jpg\" \/><\/a>\n\t\t\t<\/dt><\/dl><br style=\"clear: both\" \/><dl class='gallery-item'>\n\t\t\t<dt class='gallery-icon landscape'>\n\t\t\t\t<a href='https:\/\/sarimelekler.biz\/?attachment_id=5229'><img loading=\"lazy\" decoding=\"async\" width=\"150\" height=\"150\" src=\"https:\/\/sarimelekler.biz\/wp-content\/uploads\/2017\/12\/de6p6555_58436_719423-150x150.jpg\" class=\"attachment-thumbnail size-thumbnail\" alt=\"\" data-attachment-id=\"5229\" data-permalink=\"https:\/\/sarimelekler.biz\/?attachment_id=5229\" data-orig-file=\"https:\/\/sarimelekler.biz\/wp-content\/uploads\/2017\/12\/de6p6555_58436_719423.jpg\" data-orig-size=\"2500,2213\" data-comments-opened=\"0\" data-image-meta=\"{&quot;aperture&quot;:&quot;3.5&quot;,&quot;credit&quot;:&quot;&quot;,&quot;camera&quot;:&quot;Canon EOS-1D X&quot;,&quot;caption&quot;:&quot;&quot;,&quot;created_timestamp&quot;:&quot;1513531296&quot;,&quot;copyright&quot;:&quot;&quot;,&quot;focal_length&quot;:&quot;108&quot;,&quot;iso&quot;:&quot;2000&quot;,&quot;shutter_speed&quot;:&quot;0.002&quot;,&quot;title&quot;:&quot;&quot;,&quot;orientation&quot;:&quot;1&quot;}\" data-image-title=\"de6p6555_58436_719423\" data-image-description=\"\" data-image-caption=\"\" data-large-file=\"https:\/\/sarimelekler.biz\/wp-content\/uploads\/2017\/12\/de6p6555_58436_719423-1024x906.jpg\" \/><\/a>\n\t\t\t<\/dt><\/dl><dl class='gallery-item'>\n\t\t\t<dt class='gallery-icon landscape'>\n\t\t\t\t<a href='https:\/\/sarimelekler.biz\/?attachment_id=5230'><img loading=\"lazy\" decoding=\"async\" width=\"150\" height=\"150\" src=\"https:\/\/sarimelekler.biz\/wp-content\/uploads\/2017\/12\/de6p6568_58436_7194366-150x150.jpg\" class=\"attachment-thumbnail size-thumbnail\" alt=\"\" data-attachment-id=\"5230\" data-permalink=\"https:\/\/sarimelekler.biz\/?attachment_id=5230\" data-orig-file=\"https:\/\/sarimelekler.biz\/wp-content\/uploads\/2017\/12\/de6p6568_58436_7194366.jpg\" data-orig-size=\"2500,1669\" data-comments-opened=\"0\" data-image-meta=\"{&quot;aperture&quot;:&quot;3.5&quot;,&quot;credit&quot;:&quot;&quot;,&quot;camera&quot;:&quot;Canon EOS-1D X&quot;,&quot;caption&quot;:&quot;&quot;,&quot;created_timestamp&quot;:&quot;1513531353&quot;,&quot;copyright&quot;:&quot;&quot;,&quot;focal_length&quot;:&quot;25&quot;,&quot;iso&quot;:&quot;2000&quot;,&quot;shutter_speed&quot;:&quot;0.002&quot;,&quot;title&quot;:&quot;&quot;,&quot;orientation&quot;:&quot;1&quot;}\" data-image-title=\"de6p6568_58436_7194366\" data-image-description=\"\" data-image-caption=\"\" data-large-file=\"https:\/\/sarimelekler.biz\/wp-content\/uploads\/2017\/12\/de6p6568_58436_7194366-1024x684.jpg\" \/><\/a>\n\t\t\t<\/dt><\/dl><dl class='gallery-item'>\n\t\t\t<dt class='gallery-icon landscape'>\n\t\t\t\t<a href='https:\/\/sarimelekler.biz\/?attachment_id=5231'><img loading=\"lazy\" decoding=\"async\" width=\"150\" height=\"150\" src=\"https:\/\/sarimelekler.biz\/wp-content\/uploads\/2017\/12\/de6p6587_58436_7196432-150x150.jpg\" class=\"attachment-thumbnail size-thumbnail\" alt=\"\" data-attachment-id=\"5231\" data-permalink=\"https:\/\/sarimelekler.biz\/?attachment_id=5231\" data-orig-file=\"https:\/\/sarimelekler.biz\/wp-content\/uploads\/2017\/12\/de6p6587_58436_7196432.jpg\" data-orig-size=\"2500,2129\" data-comments-opened=\"0\" data-image-meta=\"{&quot;aperture&quot;:&quot;3.5&quot;,&quot;credit&quot;:&quot;&quot;,&quot;camera&quot;:&quot;Canon EOS-1D X&quot;,&quot;caption&quot;:&quot;&quot;,&quot;created_timestamp&quot;:&quot;1513532630&quot;,&quot;copyright&quot;:&quot;&quot;,&quot;focal_length&quot;:&quot;29&quot;,&quot;iso&quot;:&quot;2000&quot;,&quot;shutter_speed&quot;:&quot;0.0025&quot;,&quot;title&quot;:&quot;&quot;,&quot;orientation&quot;:&quot;1&quot;}\" data-image-title=\"de6p6587_58436_7196432\" data-image-description=\"\" data-image-caption=\"\" data-large-file=\"https:\/\/sarimelekler.biz\/wp-content\/uploads\/2017\/12\/de6p6587_58436_7196432-1024x872.jpg\" \/><\/a>\n\t\t\t<\/dt><\/dl>\n\t\t\t<br style='clear: both' \/>\n\t\t<\/div>\n\n<p>Kaynak: <a href=\"http:\/\/www.fenerbahce.org\/detay.asp?ContentID=58436\" target=\"_blank\" rel=\"noopener\">Fenerbah\u00e7e SK Resmi \u0130nternet Sitesi<\/a><\/p>\n","protected":false},"excerpt":{"rendered":"<p>Kaptan\u0131m\u0131z Eda Erdem D\u00fcndar Fenerbah\u00e7e Spor Kul\u00fcb\u00fc Resmi Twitter sayfas\u0131 \u2026 <a class=\"continue-reading-link\" href=\"https:\/\/sarimelekler.biz\/?p=5220\">Okumaya Devam Et.. <span class=\"meta-nav\">&rarr; <\/span><\/a><\/p>\n","protected":false},"author":1,"featured_media":5222,"comment_status":"closed","ping_status":"open","sticky":false,"template":"","format":"standard","meta":{"jetpack_post_was_ever_published":false,"_jetpack_newsletter_access":"","_jetpack_dont_email_post_to_subs":false,"_jetpack_newsletter_tier_id":0,"_jetpack_memberships_contains_paywalled_content":false,"_jetpack_memberships_contains_paid_content":false,"footnotes":"","jetpack_publicize_message":"","jetpack_publicize_feature_enabled":true,"jetpack_social_post_already_shared":true,"jetpack_social_options":{"image_generator_settings":{"template":"highway","default_image_id":0,"font":"","enabled":false},"version":2}},"categories":[7],"tags":[],"class_list":["post-5220","post","type-post","status-publish","format-standard","has-post-thumbnail","hentry","category-haberler"],"jetpack_publicize_connections":[],"jetpack_featured_media_url":"https:\/\/sarimelekler.biz\/wp-content\/uploads\/2017\/12\/de6p6478_58436_7193346.jpg","jetpack_sharing_enabled":true,"jetpack_shortlink":"https:\/\/wp.me\/p8npUZ-1mc","jetpack-related-posts":[{"id":11846,"url":"https:\/\/sarimelekler.biz\/?p=11846","url_meta":{"origin":5220,"position":0},"title":"Kafkas M\u00fccevherat ile Fenerbah\u00e7e Opet aras\u0131ndaki  Forma Sponsorlu\u011fu T\u00f6reni Yap\u0131ld\u0131","author":"Edit\u00f6r","date":"18 Eyl\u00fcl 2019","format":false,"excerpt":"Fenerbah\u00e7e Opet Kad\u0131n Voleybol Tak\u0131m\u0131m\u0131z ile m\u00fccevher sekt\u00f6r\u00fcnde bir moda yarat\u0131mc\u0131s\u0131 olmay\u0131 ilke edinen, sekt\u00f6r\u00fcn \u00f6nemli markalar\u0131ndan Kafkas M\u00fccevherat aras\u0131ndaki sponsorluk anla\u015fmas\u0131 imza t\u00f6reni yap\u0131ld\u0131. \u00dclker Stadyumu Fenerbah\u00e7e \u015e\u00fckr\u00fc Saraco\u011flu Spor Kompleksi 1907 Trib\u00fcn\u00fc\u2019nde ger\u00e7ekle\u015ftirilen imza t\u00f6reninde Ba\u015fkan Yard\u0131mc\u0131m\u0131z Burhan Kara\u00e7am ve Kafkas M\u00fccevherat CEO\u2019su Tolga K\u0131rg\u0131z ile Fenerbah\u00e7e Opet\u2026","rel":"","context":"&quot;Haberler&quot; i\u00e7inde","block_context":{"text":"Haberler","link":"https:\/\/sarimelekler.biz\/?cat=7"},"img":{"alt_text":"","src":"https:\/\/i0.wp.com\/sarimelekler.biz\/wp-content\/uploads\/2019\/09\/Kafkas-M%C3%BCcevherat-Sponsorlu%C4%9Fu-1.jpg?resize=350%2C200&ssl=1","width":350,"height":200,"srcset":"https:\/\/i0.wp.com\/sarimelekler.biz\/wp-content\/uploads\/2019\/09\/Kafkas-M%C3%BCcevherat-Sponsorlu%C4%9Fu-1.jpg?resize=350%2C200&ssl=1 1x, https:\/\/i0.wp.com\/sarimelekler.biz\/wp-content\/uploads\/2019\/09\/Kafkas-M%C3%BCcevherat-Sponsorlu%C4%9Fu-1.jpg?resize=525%2C300&ssl=1 1.5x, https:\/\/i0.wp.com\/sarimelekler.biz\/wp-content\/uploads\/2019\/09\/Kafkas-M%C3%BCcevherat-Sponsorlu%C4%9Fu-1.jpg?resize=700%2C400&ssl=1 2x, https:\/\/i0.wp.com\/sarimelekler.biz\/wp-content\/uploads\/2019\/09\/Kafkas-M%C3%BCcevherat-Sponsorlu%C4%9Fu-1.jpg?resize=1050%2C600&ssl=1 3x, https:\/\/i0.wp.com\/sarimelekler.biz\/wp-content\/uploads\/2019\/09\/Kafkas-M%C3%BCcevherat-Sponsorlu%C4%9Fu-1.jpg?resize=1400%2C800&ssl=1 4x"},"classes":[]},{"id":9410,"url":"https:\/\/sarimelekler.biz\/?p=9410","url_meta":{"origin":5220,"position":1},"title":"Eda Erdem D\u00fcndar ve Ana Antonijevic\u2019ten Chemik Police ma\u00e7\u0131 \u00f6ncesi a\u00e7\u0131klamalar","author":"Edit\u00f6r","date":"19 Aral\u0131k 2018","format":false,"excerpt":"Kad\u0131n Voleybol Tak\u0131m\u0131m\u0131z Fenerbah\u00e7e OPET'in CEV Kad\u0131nlar \u015eampiyonlar Ligi E Grubu 2.haftas\u0131nda Chemik Police ile bug\u00fcn oynayaca\u011f\u0131 ma\u00e7 \u00f6ncesi Kaptan\u0131m\u0131z Eda Erdem D\u00fcndar ve Ana Antonijevic, Fenerbah\u00e7e Spor Kul\u00fcb\u00fcm\u00fcz resmi sitemize a\u00e7\u0131klamalarda bulundu. Kaptan Eda Erdem D\u00fcndar taraftarlar varken daha iyi voleybol oynad\u0131klar\u0131n\u0131 vurgularken, Antonijevic hedeflerinin grupta birinci olarak bir\u2026","rel":"","context":"&quot;Avrupa Kupalar\u0131&quot; i\u00e7inde","block_context":{"text":"Avrupa Kupalar\u0131","link":"https:\/\/sarimelekler.biz\/?cat=1"},"img":{"alt_text":"","src":"https:\/\/i0.wp.com\/sarimelekler.biz\/wp-content\/uploads\/2018\/12\/Chemik-2.jpg?resize=350%2C200&ssl=1","width":350,"height":200,"srcset":"https:\/\/i0.wp.com\/sarimelekler.biz\/wp-content\/uploads\/2018\/12\/Chemik-2.jpg?resize=350%2C200&ssl=1 1x, https:\/\/i0.wp.com\/sarimelekler.biz\/wp-content\/uploads\/2018\/12\/Chemik-2.jpg?resize=525%2C300&ssl=1 1.5x, https:\/\/i0.wp.com\/sarimelekler.biz\/wp-content\/uploads\/2018\/12\/Chemik-2.jpg?resize=700%2C400&ssl=1 2x, https:\/\/i0.wp.com\/sarimelekler.biz\/wp-content\/uploads\/2018\/12\/Chemik-2.jpg?resize=1050%2C600&ssl=1 3x, https:\/\/i0.wp.com\/sarimelekler.biz\/wp-content\/uploads\/2018\/12\/Chemik-2.jpg?resize=1400%2C800&ssl=1 4x"},"classes":[]},{"id":6432,"url":"https:\/\/sarimelekler.biz\/?p=6432","url_meta":{"origin":5220,"position":2},"title":"Eda Erdem D\u00fcndar&#8217;dan Tebrik ve Te\u015fekk\u00fcr","author":"Edit\u00f6r","date":"6 Haziran 2018","format":false,"excerpt":"Fenerbah\u00e7e Bayan Voleybol tak\u0131m\u0131m\u0131z\u0131n kaptan\u0131 Eda Erdem D\u00fcndar resmi twitter hesab\u0131ndan ba\u015fkanl\u0131k se\u00e7imiyle ilgili mesaj yay\u0131nlad\u0131. Eda Erdem D\u00fcndar: Ba\u015fkan\u0131m\u0131z Say\u0131n Aziz Y\u0131ld\u0131r\u0131m ve y\u00f6netim kurulumuza, Fenerbah\u00e7e Spor Kul\u00fcb\u00fc'ne verdikleri emeklerden, amat\u00f6r bran\u015flara g\u00f6stermi\u015f olduklar\u0131 \u00f6nem ve desteklerden \u00f6t\u00fcr\u00fc; ayr\u0131ca T\u00fcrk voleybolunun g\u00fcn\u00fcm\u00fcz seviyesine gelmesinde sa\u011flad\u0131klar\u0131 b\u00fcy\u00fck katk\u0131lardan dolay\u0131 \u015f\u00fckranlar\u0131m\u0131\u2026","rel":"","context":"&quot;Haberler&quot; i\u00e7inde","block_context":{"text":"Haberler","link":"https:\/\/sarimelekler.biz\/?cat=7"},"img":{"alt_text":"","src":"https:\/\/i0.wp.com\/sarimelekler.biz\/wp-content\/uploads\/2018\/06\/Eda-Kaptan.jpg?resize=350%2C200&ssl=1","width":350,"height":200,"srcset":"https:\/\/i0.wp.com\/sarimelekler.biz\/wp-content\/uploads\/2018\/06\/Eda-Kaptan.jpg?resize=350%2C200&ssl=1 1x, https:\/\/i0.wp.com\/sarimelekler.biz\/wp-content\/uploads\/2018\/06\/Eda-Kaptan.jpg?resize=525%2C300&ssl=1 1.5x, https:\/\/i0.wp.com\/sarimelekler.biz\/wp-content\/uploads\/2018\/06\/Eda-Kaptan.jpg?resize=700%2C400&ssl=1 2x, https:\/\/i0.wp.com\/sarimelekler.biz\/wp-content\/uploads\/2018\/06\/Eda-Kaptan.jpg?resize=1050%2C600&ssl=1 3x, https:\/\/i0.wp.com\/sarimelekler.biz\/wp-content\/uploads\/2018\/06\/Eda-Kaptan.jpg?resize=1400%2C800&ssl=1 4x"},"classes":[]},{"id":15204,"url":"https:\/\/sarimelekler.biz\/?p=15204","url_meta":{"origin":5220,"position":3},"title":"Kaptan\u0131m\u0131z Eda Erdem D\u00fcndar, FIVB Taraf\u0131ndan \u2018Tarihin En \u0130yi 100 Oyuncusu\u2019 Listesine Se\u00e7ildi","author":"Edit\u00f6r","date":"4 \u015eubat 2021","format":false,"excerpt":"Fenerbah\u00e7e Opet Kad\u0131n Voleybol Tak\u0131m\u0131m\u0131z ile A Milli Kad\u0131n Voleybol Tak\u0131m\u0131m\u0131z\u0131n kaptan\u0131 Eda Erdem D\u00fcndar, Uluslararas\u0131 Voleybol Federasyonu FIVB taraf\u0131ndan 'Tarihin En \u0130yi 100 Oyuncusu' listesine se\u00e7ildi. FIVB'nin resmi internet sitesinde \u201cSahada, denizde ve hayatta hep d\u00fcmenin ba\u015f\u0131nda\u201d ba\u015fl\u0131\u011f\u0131yla duyurulan haberde Eda Erdem D\u00fcndar'\u0131n ba\u015far\u0131lar\u0131na yer verildi. 2008 y\u0131l\u0131nda Fenerbah\u00e7e\u2026","rel":"","context":"&quot;Haberler&quot; i\u00e7inde","block_context":{"text":"Haberler","link":"https:\/\/sarimelekler.biz\/?cat=7"},"img":{"alt_text":"","src":"https:\/\/i0.wp.com\/sarimelekler.biz\/wp-content\/uploads\/2020\/12\/Eda-20-21-CL.png?resize=350%2C200&ssl=1","width":350,"height":200,"srcset":"https:\/\/i0.wp.com\/sarimelekler.biz\/wp-content\/uploads\/2020\/12\/Eda-20-21-CL.png?resize=350%2C200&ssl=1 1x, https:\/\/i0.wp.com\/sarimelekler.biz\/wp-content\/uploads\/2020\/12\/Eda-20-21-CL.png?resize=525%2C300&ssl=1 1.5x, https:\/\/i0.wp.com\/sarimelekler.biz\/wp-content\/uploads\/2020\/12\/Eda-20-21-CL.png?resize=700%2C400&ssl=1 2x, https:\/\/i0.wp.com\/sarimelekler.biz\/wp-content\/uploads\/2020\/12\/Eda-20-21-CL.png?resize=1050%2C600&ssl=1 3x"},"classes":[]},{"id":12664,"url":"https:\/\/sarimelekler.biz\/?p=12664","url_meta":{"origin":5220,"position":4},"title":"Kaptan\u0131m\u0131z, Gururumuz Eda Erdem D\u00fcndar\u2019\u0131 Onurland\u0131rd\u0131k","author":"Edit\u00f6r","date":"15 Ocak 2020","format":false,"excerpt":"Fenerbah\u00e7e Beko Basketbol Tak\u0131m\u0131m\u0131z\u0131n kaptan\u0131 Melih Mahmuto\u011flu, 2020 Tokyo Olimpiyatlar\u0131\u2019na kat\u0131lma hakk\u0131n\u0131 elde ederek \u00fclkemizi sevince bo\u011fan ve bu gururu bizlere bir kez daha ya\u015fatan A Milli Kad\u0131n Voleybol Tak\u0131m\u0131m\u0131z\u0131n kaptan\u0131 Eda Erdem D\u00fcndar\u2019a Fenerbah\u00e7e Beko\u2019nun Asvel\u2019i konuk etti\u011fi kar\u015f\u0131la\u015fma \u00f6ncesi \u00e7i\u00e7ek takdim etti. A Milli Kad\u0131n Voleybol Tak\u0131m\u0131m\u0131z, 2020\u2026","rel":"","context":"&quot;Haberler&quot; i\u00e7inde","block_context":{"text":"Haberler","link":"https:\/\/sarimelekler.biz\/?cat=7"},"img":{"alt_text":"","src":"https:\/\/i0.wp.com\/sarimelekler.biz\/wp-content\/uploads\/2020\/01\/Eda-Onurland%C4%B1rma-2.jpg?resize=350%2C200&ssl=1","width":350,"height":200,"srcset":"https:\/\/i0.wp.com\/sarimelekler.biz\/wp-content\/uploads\/2020\/01\/Eda-Onurland%C4%B1rma-2.jpg?resize=350%2C200&ssl=1 1x, https:\/\/i0.wp.com\/sarimelekler.biz\/wp-content\/uploads\/2020\/01\/Eda-Onurland%C4%B1rma-2.jpg?resize=525%2C300&ssl=1 1.5x, https:\/\/i0.wp.com\/sarimelekler.biz\/wp-content\/uploads\/2020\/01\/Eda-Onurland%C4%B1rma-2.jpg?resize=700%2C400&ssl=1 2x, https:\/\/i0.wp.com\/sarimelekler.biz\/wp-content\/uploads\/2020\/01\/Eda-Onurland%C4%B1rma-2.jpg?resize=1050%2C600&ssl=1 3x, https:\/\/i0.wp.com\/sarimelekler.biz\/wp-content\/uploads\/2020\/01\/Eda-Onurland%C4%B1rma-2.jpg?resize=1400%2C800&ssl=1 4x"},"classes":[]},{"id":15328,"url":"https:\/\/sarimelekler.biz\/?p=15328","url_meta":{"origin":5220,"position":5},"title":"Ba\u015fkan\u0131m\u0131z Ali Ko\u00e7 ve Y\u00f6neticimiz Simla T\u00fcrker Bayaz\u0131t Kaptan\u0131m\u0131z Eda Erdem D\u00fcndar\u2019a \u00d6zel Plaket Verdi","author":"Edit\u00f6r","date":"21 \u015eubat 2021","format":false,"excerpt":"Ba\u015fkan\u0131m\u0131z Ali Ko\u00e7 ile Y\u00f6neticimiz Simla T\u00fcrker Bayaz\u0131t, Uluslararas\u0131 Voleybol Federasyonu FIVB taraf\u0131ndan 'Tarihin En \u0130yi 100 Oyuncusu' listesine se\u00e7ilerek \u00fclkemizi gururland\u0131ran kaptan Eda Erdem D\u00fcndar\u2019a G\u00f6ztepe ma\u00e7\u0131 \u00f6ncesi plaket takdim etti. Kul\u00fcb\u00fcm\u00fcz\u00fcn y\u00fcz ak\u0131, Sar\u0131 Meleklerimiz ile A Milli Kad\u0131n Voleybol Tak\u0131m\u0131m\u0131z\u0131n kaptan\u0131, bir g\u00fcn onun gibi olmak isteyen\u2026","rel":"","context":"&quot;Haberler&quot; i\u00e7inde","block_context":{"text":"Haberler","link":"https:\/\/sarimelekler.biz\/?cat=7"},"img":{"alt_text":"","src":"https:\/\/i0.wp.com\/sarimelekler.biz\/wp-content\/uploads\/2021\/02\/Eda-Plaket-11.jpg?resize=350%2C200&ssl=1","width":350,"height":200,"srcset":"https:\/\/i0.wp.com\/sarimelekler.biz\/wp-content\/uploads\/2021\/02\/Eda-Plaket-11.jpg?resize=350%2C200&ssl=1 1x, https:\/\/i0.wp.com\/sarimelekler.biz\/wp-content\/uploads\/2021\/02\/Eda-Plaket-11.jpg?resize=525%2C300&ssl=1 1.5x, https:\/\/i0.wp.com\/sarimelekler.biz\/wp-content\/uploads\/2021\/02\/Eda-Plaket-11.jpg?resize=700%2C400&ssl=1 2x, https:\/\/i0.wp.com\/sarimelekler.biz\/wp-content\/uploads\/2021\/02\/Eda-Plaket-11.jpg?resize=1050%2C600&ssl=1 3x, https:\/\/i0.wp.com\/sarimelekler.biz\/wp-content\/uploads\/2021\/02\/Eda-Plaket-11.jpg?resize=1400%2C800&ssl=1 4x"},"classes":[]}],"_links":{"self":[{"href":"https:\/\/sarimelekler.biz\/index.php?rest_route=\/wp\/v2\/posts\/5220","targetHints":{"allow":["GET"]}}],"collection":[{"href":"https:\/\/sarimelekler.biz\/index.php?rest_route=\/wp\/v2\/posts"}],"about":[{"href":"https:\/\/sarimelekler.biz\/index.php?rest_route=\/wp\/v2\/types\/post"}],"author":[{"embeddable":true,"href":"https:\/\/sarimelekler.biz\/index.php?rest_route=\/wp\/v2\/users\/1"}],"replies":[{"embeddable":true,"href":"https:\/\/sarimelekler.biz\/index.php?rest_route=%2Fwp%2Fv2%2Fcomments&post=5220"}],"version-history":[{"count":1,"href":"https:\/\/sarimelekler.biz\/index.php?rest_route=\/wp\/v2\/posts\/5220\/revisions"}],"predecessor-version":[{"id":5232,"href":"https:\/\/sarimelekler.biz\/index.php?rest_route=\/wp\/v2\/posts\/5220\/revisions\/5232"}],"wp:featuredmedia":[{"embeddable":true,"href":"https:\/\/sarimelekler.biz\/index.php?rest_route=\/wp\/v2\/media\/5222"}],"wp:attachment":[{"href":"https:\/\/sarimelekler.biz\/index.php?rest_route=%2Fwp%2Fv2%2Fmedia&parent=5220"}],"wp:term":[{"taxonomy":"category","embeddable":true,"href":"https:\/\/sarimelekler.biz\/index.php?rest_route=%2Fwp%2Fv2%2Fcategories&post=5220"},{"taxonomy":"post_tag","embeddable":true,"href":"https:\/\/sarimelekler.biz\/index.php?rest_route=%2Fwp%2Fv2%2Ftags&post=5220"}],"curies":[{"name":"wp","href":"https:\/\/api.w.org\/{rel}","templated":true}]}}