{"id":5659,"date":"2018-01-19T21:33:58","date_gmt":"2018-01-19T19:33:58","guid":{"rendered":"http:\/\/sarimelekler.biz\/?p=5659"},"modified":"2018-01-19T21:36:25","modified_gmt":"2018-01-19T19:36:25","slug":"cagla-akinin-dogum-gunu-kutlandi","status":"publish","type":"post","link":"https:\/\/sarimelekler.biz\/?p=5659","title":{"rendered":"\u00c7a\u011fla Ak\u0131n&#8217;\u0131n Do\u011fum G\u00fcn\u00fc Kutland\u0131"},"content":{"rendered":"<p style=\"text-align: justify;\">Fenerbah\u00e7e Bayan Voleybol Tak\u0131m\u0131m\u0131z\u0131n oyuncular\u0131ndan \u00c7a\u011fla Ak\u0131n\u2019\u0131n do\u011fum g\u00fcn\u00fc kutland\u0131.<\/p>\n<p style=\"text-align: justify;\">Vestel Ven\u00fcs Sultanlar Ligi\u2019nin 15.hafta kar\u015f\u0131la\u015fmas\u0131 olan Be\u015fikta\u015f ma\u00e7\u0131n\u0131n haz\u0131rl\u0131klar\u0131n\u0131 ak\u015fam saatlerinde Derea\u011fz\u0131 Lefter K\u00fc\u00e7\u00fckandonyadis Tesislerimizde s\u00fcrd\u00fcren Tak\u0131m\u0131m\u0131zda antrenman\u0131n ard\u0131ndan s\u00fcrpriz do\u011fum g\u00fcn\u00fc kutlamas\u0131 yap\u0131ld\u0131. Yeni ya\u015f\u0131na giren \u00c7a\u011fla Ak\u0131n i\u00e7in oyuncular\u0131m\u0131z ve teknik heyetimiz taraf\u0131ndan do\u011fum g\u00fcn\u00fc kutlamas\u0131 organize edildi. Antrenman sonras\u0131nda kendisi i\u00e7in haz\u0131rlanan pastan\u0131n mumlar\u0131n\u0131 \u00fcfleyen \u00c7a\u011fla Ak\u0131n, bu jestten dolay\u0131 arkada\u015flar\u0131na te\u015fekk\u00fcr etti.<\/p>\n<p>Kaynak: <a href=\"http:\/\/fenerbahce.org\/detay.asp?ContentID=58865\" target=\"_blank\" rel=\"noopener\">Fenerbah\u00e7e SK Resmi \u0130nternet Sitesi<\/a><\/p>\n\n\t\t<style type=\"text\/css\">\n\t\t\t#gallery-1 {\n\t\t\t\tmargin: auto;\n\t\t\t}\n\t\t\t#gallery-1 .gallery-item {\n\t\t\t\tfloat: left;\n\t\t\t\tmargin-top: 10px;\n\t\t\t\ttext-align: center;\n\t\t\t\twidth: 50%;\n\t\t\t}\n\t\t\t#gallery-1 img {\n\t\t\t\tborder: 2px solid #cfcfcf;\n\t\t\t}\n\t\t\t#gallery-1 .gallery-caption {\n\t\t\t\tmargin-left: 0;\n\t\t\t}\n\t\t\t\/* see gallery_shortcode() in wp-includes\/media.php *\/\n\t\t<\/style>\n\t\t<div data-carousel-extra='{&quot;blog_id&quot;:1,&quot;permalink&quot;:&quot;https:\/\/sarimelekler.biz\/?p=5659&quot;}' id='gallery-1' class='gallery galleryid-5659 gallery-columns-2 gallery-size-medium'><dl class='gallery-item'>\n\t\t\t<dt class='gallery-icon landscape'>\n\t\t\t\t<a href='https:\/\/sarimelekler.biz\/?attachment_id=5660'><img loading=\"lazy\" decoding=\"async\" width=\"300\" height=\"212\" src=\"https:\/\/sarimelekler.biz\/wp-content\/uploads\/2018\/01\/de6p1555_58865_7501411-300x212.jpg\" class=\"attachment-medium size-medium\" alt=\"\" srcset=\"https:\/\/sarimelekler.biz\/wp-content\/uploads\/2018\/01\/de6p1555_58865_7501411-300x212.jpg 300w, https:\/\/sarimelekler.biz\/wp-content\/uploads\/2018\/01\/de6p1555_58865_7501411-768x543.jpg 768w, https:\/\/sarimelekler.biz\/wp-content\/uploads\/2018\/01\/de6p1555_58865_7501411-1024x723.jpg 1024w, https:\/\/sarimelekler.biz\/wp-content\/uploads\/2018\/01\/de6p1555_58865_7501411-150x106.jpg 150w\" sizes=\"auto, (max-width: 300px) 100vw, 300px\" data-attachment-id=\"5660\" data-permalink=\"https:\/\/sarimelekler.biz\/?attachment_id=5660\" data-orig-file=\"https:\/\/sarimelekler.biz\/wp-content\/uploads\/2018\/01\/de6p1555_58865_7501411.jpg\" data-orig-size=\"2500,1766\" data-comments-opened=\"0\" data-image-meta=\"{&quot;aperture&quot;:&quot;4.5&quot;,&quot;credit&quot;:&quot;&quot;,&quot;camera&quot;:&quot;Canon EOS-1D X&quot;,&quot;caption&quot;:&quot;&quot;,&quot;created_timestamp&quot;:&quot;1516385032&quot;,&quot;copyright&quot;:&quot;&quot;,&quot;focal_length&quot;:&quot;16&quot;,&quot;iso&quot;:&quot;800&quot;,&quot;shutter_speed&quot;:&quot;0.004&quot;,&quot;title&quot;:&quot;&quot;,&quot;orientation&quot;:&quot;1&quot;}\" data-image-title=\"\u00c7a\u011fla Do\u011fum G\u00fcn\u00fc 1\" data-image-description=\"\" data-image-caption=\"\" data-large-file=\"https:\/\/sarimelekler.biz\/wp-content\/uploads\/2018\/01\/de6p1555_58865_7501411-1024x723.jpg\" \/><\/a>\n\t\t\t<\/dt><\/dl><dl class='gallery-item'>\n\t\t\t<dt class='gallery-icon landscape'>\n\t\t\t\t<a href='https:\/\/sarimelekler.biz\/?attachment_id=5661'><img loading=\"lazy\" decoding=\"async\" width=\"300\" height=\"293\" src=\"https:\/\/sarimelekler.biz\/wp-content\/uploads\/2018\/01\/de6p1546_58865_7501567-300x293.jpg\" class=\"attachment-medium size-medium\" alt=\"\" srcset=\"https:\/\/sarimelekler.biz\/wp-content\/uploads\/2018\/01\/de6p1546_58865_7501567-300x293.jpg 300w, https:\/\/sarimelekler.biz\/wp-content\/uploads\/2018\/01\/de6p1546_58865_7501567-768x751.jpg 768w, https:\/\/sarimelekler.biz\/wp-content\/uploads\/2018\/01\/de6p1546_58865_7501567-1024x1001.jpg 1024w, https:\/\/sarimelekler.biz\/wp-content\/uploads\/2018\/01\/de6p1546_58865_7501567-150x147.jpg 150w\" sizes=\"auto, (max-width: 300px) 100vw, 300px\" data-attachment-id=\"5661\" data-permalink=\"https:\/\/sarimelekler.biz\/?attachment_id=5661\" data-orig-file=\"https:\/\/sarimelekler.biz\/wp-content\/uploads\/2018\/01\/de6p1546_58865_7501567.jpg\" data-orig-size=\"2500,2444\" data-comments-opened=\"0\" data-image-meta=\"{&quot;aperture&quot;:&quot;4.5&quot;,&quot;credit&quot;:&quot;&quot;,&quot;camera&quot;:&quot;Canon EOS-1D X&quot;,&quot;caption&quot;:&quot;&quot;,&quot;created_timestamp&quot;:&quot;1516384972&quot;,&quot;copyright&quot;:&quot;&quot;,&quot;focal_length&quot;:&quot;20&quot;,&quot;iso&quot;:&quot;800&quot;,&quot;shutter_speed&quot;:&quot;0.004&quot;,&quot;title&quot;:&quot;&quot;,&quot;orientation&quot;:&quot;1&quot;}\" data-image-title=\"\u00c7a\u011fla Do\u011fum G\u00fcn\u00fc 2\" data-image-description=\"\" data-image-caption=\"\" data-large-file=\"https:\/\/sarimelekler.biz\/wp-content\/uploads\/2018\/01\/de6p1546_58865_7501567-1024x1001.jpg\" \/><\/a>\n\t\t\t<\/dt><\/dl><br style=\"clear: both\" \/>\n\t\t<\/div>\n\n","protected":false},"excerpt":{"rendered":"<p>Fenerbah\u00e7e Bayan Voleybol Tak\u0131m\u0131m\u0131z\u0131n oyuncular\u0131ndan \u00c7a\u011fla Ak\u0131n\u2019\u0131n do\u011fum g\u00fcn\u00fc kutland\u0131. \u2026 <a class=\"continue-reading-link\" href=\"https:\/\/sarimelekler.biz\/?p=5659\">Okumaya Devam Et.. <span class=\"meta-nav\">&rarr; <\/span><\/a><\/p>\n","protected":false},"author":1,"featured_media":5662,"comment_status":"closed","ping_status":"open","sticky":false,"template":"","format":"standard","meta":{"jetpack_post_was_ever_published":false,"_jetpack_newsletter_access":"","_jetpack_dont_email_post_to_subs":false,"_jetpack_newsletter_tier_id":0,"_jetpack_memberships_contains_paywalled_content":false,"_jetpack_memberships_contains_paid_content":false,"footnotes":"","jetpack_publicize_message":"","jetpack_publicize_feature_enabled":true,"jetpack_social_post_already_shared":true,"jetpack_social_options":{"image_generator_settings":{"template":"highway","default_image_id":0,"font":"","enabled":false},"version":2}},"categories":[8],"tags":[],"class_list":["post-5659","post","type-post","status-publish","format-standard","has-post-thumbnail","hentry","category-duyurular"],"jetpack_publicize_connections":[],"jetpack_featured_media_url":"https:\/\/sarimelekler.biz\/wp-content\/uploads\/2018\/01\/Adaaa\u0131z.jpg","jetpack_sharing_enabled":true,"jetpack_shortlink":"https:\/\/wp.me\/p8npUZ-1th","jetpack-related-posts":[{"id":4258,"url":"https:\/\/sarimelekler.biz\/?p=4258","url_meta":{"origin":5659,"position":0},"title":"Dicle Nur Babat\u2019\u0131n Do\u011fum G\u00fcn\u00fc Kutland\u0131","author":"Edit\u00f6r","date":"15 Eyl\u00fcl 2017","format":false,"excerpt":"Fenerbah\u00e7e Bayan Voleybol Tak\u0131m\u0131m\u0131z\u0131n ba\u015far\u0131l\u0131 oyuncular\u0131ndan Dicle Nur Babat\u2019\u0131n do\u011fum g\u00fcn\u00fc kutland\u0131. Yeni sezon haz\u0131rl\u0131klar\u0131n\u0131 Derea\u011fz\u0131 Lefter K\u00fc\u00e7\u00fckandonyadis Tesislerimizde yapt\u0131\u011f\u0131 antrenmanlarla s\u00fcrd\u00fcren Sar\u0131 Melekler, antrenman sonras\u0131nda Dicle Nur Babat\u2019\u0131n yeni ya\u015f\u0131n\u0131 kutlad\u0131. Dicle i\u00e7in organize edilen kutlamada, oyuncumuz \u00f6ncelikle do\u011fum g\u00fcn\u00fc pastas\u0131n\u0131n mumlar\u0131n\u0131 \u00fcfledi. Ard\u0131ndan tebrikleri kabul eden Dicle Nur\u2026","rel":"","context":"&quot;T\u00fcrkiye Ligi&quot; i\u00e7inde","block_context":{"text":"T\u00fcrkiye Ligi","link":"https:\/\/sarimelekler.biz\/?cat=6"},"img":{"alt_text":"","src":"https:\/\/i0.wp.com\/sarimelekler.biz\/wp-content\/uploads\/2017\/09\/dicibasin1_57251_7598772.jpg?resize=350%2C200&ssl=1","width":350,"height":200,"srcset":"https:\/\/i0.wp.com\/sarimelekler.biz\/wp-content\/uploads\/2017\/09\/dicibasin1_57251_7598772.jpg?resize=350%2C200&ssl=1 1x, https:\/\/i0.wp.com\/sarimelekler.biz\/wp-content\/uploads\/2017\/09\/dicibasin1_57251_7598772.jpg?resize=525%2C300&ssl=1 1.5x, https:\/\/i0.wp.com\/sarimelekler.biz\/wp-content\/uploads\/2017\/09\/dicibasin1_57251_7598772.jpg?resize=700%2C400&ssl=1 2x, https:\/\/i0.wp.com\/sarimelekler.biz\/wp-content\/uploads\/2017\/09\/dicibasin1_57251_7598772.jpg?resize=1050%2C600&ssl=1 3x, https:\/\/i0.wp.com\/sarimelekler.biz\/wp-content\/uploads\/2017\/09\/dicibasin1_57251_7598772.jpg?resize=1400%2C800&ssl=1 4x"},"classes":[]},{"id":14880,"url":"https:\/\/sarimelekler.biz\/?p=14880","url_meta":{"origin":5659,"position":1},"title":"2. Lig: Fenerbah\u00e7e Koleji:0 \u2013 Fenerbah\u00e7e:3","author":"Edit\u00f6r","date":"5 Ocak 2021","format":false,"excerpt":"Fenerbah\u00e7e 2. Lig Kad\u0131n Voleybol Tak\u0131m\u0131m\u0131z, sezonun 13. haftas\u0131nda deplasmanda kar\u015f\u0131la\u015ft\u0131\u011f\u0131 Fenerbah\u00e7e Koleji tak\u0131m\u0131n\u0131 17-25, 15-25 ve 14-25\u2019lik set skorlar\u0131yla 3-0 ma\u011flup etti. Ma\u00e7\u0131n ard\u0131ndan yard\u0131mc\u0131 antren\u00f6r\u00fcm\u00fcz Burcu Tun\u00e7'un do\u011fum g\u00fcn\u00fc tak\u0131m\u0131m\u0131z taraf\u0131ndan kutland\u0131. Biz de bu vesile ile kendisinin do\u011fum g\u00fcn\u00fcn\u00fc kutlar\u0131z.\u00a0Tak\u0131m\u0131m\u0131z ligin on d\u00f6rd\u00fcnc\u00fc haftas\u0131nda 09 Ocak Cumartesi\u2026","rel":"","context":"&quot;2. Lig Tak\u0131m\u0131&quot; i\u00e7inde","block_context":{"text":"2. Lig Tak\u0131m\u0131","link":"https:\/\/sarimelekler.biz\/?cat=26"},"img":{"alt_text":"","src":"https:\/\/i0.wp.com\/sarimelekler.biz\/wp-content\/uploads\/2021\/01\/2.-Lig-Do%C4%9Fum-G%C3%BCn%C3%BC-Kutlama.jpeg?resize=350%2C200&ssl=1","width":350,"height":200,"srcset":"https:\/\/i0.wp.com\/sarimelekler.biz\/wp-content\/uploads\/2021\/01\/2.-Lig-Do%C4%9Fum-G%C3%BCn%C3%BC-Kutlama.jpeg?resize=350%2C200&ssl=1 1x, https:\/\/i0.wp.com\/sarimelekler.biz\/wp-content\/uploads\/2021\/01\/2.-Lig-Do%C4%9Fum-G%C3%BCn%C3%BC-Kutlama.jpeg?resize=525%2C300&ssl=1 1.5x, https:\/\/i0.wp.com\/sarimelekler.biz\/wp-content\/uploads\/2021\/01\/2.-Lig-Do%C4%9Fum-G%C3%BCn%C3%BC-Kutlama.jpeg?resize=700%2C400&ssl=1 2x, https:\/\/i0.wp.com\/sarimelekler.biz\/wp-content\/uploads\/2021\/01\/2.-Lig-Do%C4%9Fum-G%C3%BCn%C3%BC-Kutlama.jpeg?resize=1050%2C600&ssl=1 3x"},"classes":[]},{"id":11801,"url":"https:\/\/sarimelekler.biz\/?p=11801","url_meta":{"origin":5659,"position":2},"title":"Dicle Nur Babat\u2019\u0131n Do\u011fum G\u00fcn\u00fc Kutland\u0131.","author":"Edit\u00f6r","date":"16 Eyl\u00fcl 2019","format":false,"excerpt":"D\u00fcn\u00fc izinli ge\u00e7iren Sar\u0131 Melekler yeni sezon \u00e7al\u0131\u015fmalar\u0131n\u0131 bug\u00fcn Lefter K\u00fc\u00e7\u00fckandonyadis tesislerinde yapt\u0131klar\u0131 \u00e7al\u0131\u015fmayla devam etti. Antrenmana izinli olan Eda Erdem D\u00fcndar ve Brankica Mihajlovi\u0107 ile Milli tak\u0131mda bulunan Kelsey Robinson kat\u0131lmazken Milli tak\u0131m izinleri biten Naz Aydemir Akyol, Aylin Sar\u0131o\u011flu ve Fatma Y\u0131ld\u0131r\u0131m ile ba\u015fantren\u00f6r\u00fcm\u00fcz Zoran Terzic kat\u0131ld\u0131. Antrenmana\u2026","rel":"","context":"&quot;Haberler&quot; i\u00e7inde","block_context":{"text":"Haberler","link":"https:\/\/sarimelekler.biz\/?cat=7"},"img":{"alt_text":"","src":"https:\/\/i0.wp.com\/sarimelekler.biz\/wp-content\/uploads\/2019\/09\/Dicle-Dogum-G%C3%BCn%C3%BC-1.jpg?resize=350%2C200&ssl=1","width":350,"height":200,"srcset":"https:\/\/i0.wp.com\/sarimelekler.biz\/wp-content\/uploads\/2019\/09\/Dicle-Dogum-G%C3%BCn%C3%BC-1.jpg?resize=350%2C200&ssl=1 1x, https:\/\/i0.wp.com\/sarimelekler.biz\/wp-content\/uploads\/2019\/09\/Dicle-Dogum-G%C3%BCn%C3%BC-1.jpg?resize=525%2C300&ssl=1 1.5x, https:\/\/i0.wp.com\/sarimelekler.biz\/wp-content\/uploads\/2019\/09\/Dicle-Dogum-G%C3%BCn%C3%BC-1.jpg?resize=700%2C400&ssl=1 2x, https:\/\/i0.wp.com\/sarimelekler.biz\/wp-content\/uploads\/2019\/09\/Dicle-Dogum-G%C3%BCn%C3%BC-1.jpg?resize=1050%2C600&ssl=1 3x, https:\/\/i0.wp.com\/sarimelekler.biz\/wp-content\/uploads\/2019\/09\/Dicle-Dogum-G%C3%BCn%C3%BC-1.jpg?resize=1400%2C800&ssl=1 4x"},"classes":[]},{"id":9982,"url":"https:\/\/sarimelekler.biz\/?p=9982","url_meta":{"origin":5659,"position":3},"title":"Merve Tanyel ve Bahar Toksoy Guidetti\u2019nin do\u011fum g\u00fcn\u00fc kutland\u0131","author":"Edit\u00f6r","date":"7 \u015eubat 2019","format":false,"excerpt":"Tak\u0131m\u0131m\u0131z Chemik Police ma\u00e7\u0131 sonras\u0131nda oyuncular\u0131m\u0131z Merve Tanyel ve Bahar Toksoy Guidetti\u2019nin do\u011fum g\u00fcn\u00fcn\u00fc kutlad\u0131. \ud83c\udf82 Her iki oyuncumuzun da do\u011fum g\u00fcn\u00fcn\u00fc kutlar, nice mutlu ya\u015flar dileriz. #Sar\u0131Melekler 06.02.2019","rel":"","context":"&quot;Haberler&quot; i\u00e7inde","block_context":{"text":"Haberler","link":"https:\/\/sarimelekler.biz\/?cat=7"},"img":{"alt_text":"","src":"https:\/\/i0.wp.com\/sarimelekler.biz\/wp-content\/uploads\/2019\/02\/Do%C4%9Fum-G%C3%BCn%C3%BC-3.jpg?resize=350%2C200&ssl=1","width":350,"height":200,"srcset":"https:\/\/i0.wp.com\/sarimelekler.biz\/wp-content\/uploads\/2019\/02\/Do%C4%9Fum-G%C3%BCn%C3%BC-3.jpg?resize=350%2C200&ssl=1 1x, https:\/\/i0.wp.com\/sarimelekler.biz\/wp-content\/uploads\/2019\/02\/Do%C4%9Fum-G%C3%BCn%C3%BC-3.jpg?resize=525%2C300&ssl=1 1.5x, https:\/\/i0.wp.com\/sarimelekler.biz\/wp-content\/uploads\/2019\/02\/Do%C4%9Fum-G%C3%BCn%C3%BC-3.jpg?resize=700%2C400&ssl=1 2x"},"classes":[]},{"id":4053,"url":"https:\/\/sarimelekler.biz\/?p=4053","url_meta":{"origin":5659,"position":4},"title":"\u00c7a\u011fla Ak\u0131n Fenerbah\u00e7e&#8217;de","author":"Edit\u00f6r","date":"4 Haziran 2017","format":false,"excerpt":"Bir s\u00fcredir g\u00fcndemimizde bulunan Pas\u00f6r \u00c7a\u011fla Ak\u0131n Fenerbah\u00e7e Bayan Voleybol Tak\u0131m\u0131m\u0131za transfer oldu. \u00c7a\u011fla Ak\u0131n'a\u00a0ba\u015far\u0131lar dileriz. Kul\u00fcb\u00fcm\u00fcz i\u00e7in Hay\u0131rl\u0131 Olsun. Resmi Sitemizden Yap\u0131lan A\u00e7\u0131klama: Yeni sezon yap\u0131lanmas\u0131 kapsam\u0131nda Fenerbah\u00e7e Kad\u0131n Voleybol Tak\u0131m\u0131m\u0131z, \u00a0ge\u00e7en sezon Be\u015fikta\u015f tak\u0131m\u0131nda forma giyen 19 Ocak 1995 do\u011fumlu \u00c7a\u011fla Ak\u0131n ile anla\u015fma sa\u011flam\u0131\u015ft\u0131r. Yeni Sar\u0131 Melek\u2026","rel":"","context":"&quot;T\u00fcrkiye Ligi&quot; i\u00e7inde","block_context":{"text":"T\u00fcrkiye Ligi","link":"https:\/\/sarimelekler.biz\/?cat=6"},"img":{"alt_text":"","src":"https:\/\/i0.wp.com\/sarimelekler.biz\/wp-content\/uploads\/2017\/06\/de6p3109_56173_5448304.jpg?resize=350%2C200&ssl=1","width":350,"height":200,"srcset":"https:\/\/i0.wp.com\/sarimelekler.biz\/wp-content\/uploads\/2017\/06\/de6p3109_56173_5448304.jpg?resize=350%2C200&ssl=1 1x, https:\/\/i0.wp.com\/sarimelekler.biz\/wp-content\/uploads\/2017\/06\/de6p3109_56173_5448304.jpg?resize=525%2C300&ssl=1 1.5x, https:\/\/i0.wp.com\/sarimelekler.biz\/wp-content\/uploads\/2017\/06\/de6p3109_56173_5448304.jpg?resize=700%2C400&ssl=1 2x, https:\/\/i0.wp.com\/sarimelekler.biz\/wp-content\/uploads\/2017\/06\/de6p3109_56173_5448304.jpg?resize=1050%2C600&ssl=1 3x, https:\/\/i0.wp.com\/sarimelekler.biz\/wp-content\/uploads\/2017\/06\/de6p3109_56173_5448304.jpg?resize=1400%2C800&ssl=1 4x"},"classes":[]},{"id":4318,"url":"https:\/\/sarimelekler.biz\/?p=4318","url_meta":{"origin":5659,"position":5},"title":"Sar\u0131 Melekler Sa\u011fl\u0131k Kontrol\u00fcnden Ge\u00e7ti","author":"Edit\u00f6r","date":"7 Ekim 2017","format":false,"excerpt":"Fenerbah\u00e7e BayanVoleybol Tak\u0131m\u0131m\u0131z\u0131n oyuncular\u0131, sezon \u00f6ncesi rutin sa\u011fl\u0131k kontrol\u00fcnden ge\u00e7ti. Kul\u00fcb\u00fcm\u00fcz\u00fcn Resmi \u0130nternet Sitesinden Yap\u0131lan A\u00e7\u0131klama: Sezon a\u00e7\u0131l\u0131\u015f\u0131nda milli tak\u0131mlarda olduklar\u0131 i\u00e7in sa\u011fl\u0131k kontrol\u00fcnden ge\u00e7meyen oyuncular\u0131m\u0131zdan Kaptan Eda Erdem D\u00fcndar, \u00c7a\u011fla Ak\u0131n, Polina Rahimova, Natalia Zilio Pereira, Nootsara Tomkom ve Bahar Toksoy Guidetti 06.10.2017 g\u00fcn\u00fc Medical Park G\u00f6ztepe Hastanesi Kompleksi\u2019nde\u2026","rel":"","context":"&quot;T\u00fcrkiye Ligi&quot; i\u00e7inde","block_context":{"text":"T\u00fcrkiye Ligi","link":"https:\/\/sarimelekler.biz\/?cat=6"},"img":{"alt_text":"","src":"https:\/\/i0.wp.com\/sarimelekler.biz\/wp-content\/uploads\/2017\/10\/volb2_57507_3877322.jpg?resize=350%2C200&ssl=1","width":350,"height":200,"srcset":"https:\/\/i0.wp.com\/sarimelekler.biz\/wp-content\/uploads\/2017\/10\/volb2_57507_3877322.jpg?resize=350%2C200&ssl=1 1x, https:\/\/i0.wp.com\/sarimelekler.biz\/wp-content\/uploads\/2017\/10\/volb2_57507_3877322.jpg?resize=525%2C300&ssl=1 1.5x, https:\/\/i0.wp.com\/sarimelekler.biz\/wp-content\/uploads\/2017\/10\/volb2_57507_3877322.jpg?resize=700%2C400&ssl=1 2x, https:\/\/i0.wp.com\/sarimelekler.biz\/wp-content\/uploads\/2017\/10\/volb2_57507_3877322.jpg?resize=1050%2C600&ssl=1 3x, https:\/\/i0.wp.com\/sarimelekler.biz\/wp-content\/uploads\/2017\/10\/volb2_57507_3877322.jpg?resize=1400%2C800&ssl=1 4x"},"classes":[]}],"_links":{"self":[{"href":"https:\/\/sarimelekler.biz\/index.php?rest_route=\/wp\/v2\/posts\/5659","targetHints":{"allow":["GET"]}}],"collection":[{"href":"https:\/\/sarimelekler.biz\/index.php?rest_route=\/wp\/v2\/posts"}],"about":[{"href":"https:\/\/sarimelekler.biz\/index.php?rest_route=\/wp\/v2\/types\/post"}],"author":[{"embeddable":true,"href":"https:\/\/sarimelekler.biz\/index.php?rest_route=\/wp\/v2\/users\/1"}],"replies":[{"embeddable":true,"href":"https:\/\/sarimelekler.biz\/index.php?rest_route=%2Fwp%2Fv2%2Fcomments&post=5659"}],"version-history":[{"count":2,"href":"https:\/\/sarimelekler.biz\/index.php?rest_route=\/wp\/v2\/posts\/5659\/revisions"}],"predecessor-version":[{"id":5664,"href":"https:\/\/sarimelekler.biz\/index.php?rest_route=\/wp\/v2\/posts\/5659\/revisions\/5664"}],"wp:featuredmedia":[{"embeddable":true,"href":"https:\/\/sarimelekler.biz\/index.php?rest_route=\/wp\/v2\/media\/5662"}],"wp:attachment":[{"href":"https:\/\/sarimelekler.biz\/index.php?rest_route=%2Fwp%2Fv2%2Fmedia&parent=5659"}],"wp:term":[{"taxonomy":"category","embeddable":true,"href":"https:\/\/sarimelekler.biz\/index.php?rest_route=%2Fwp%2Fv2%2Fcategories&post=5659"},{"taxonomy":"post_tag","embeddable":true,"href":"https:\/\/sarimelekler.biz\/index.php?rest_route=%2Fwp%2Fv2%2Ftags&post=5659"}],"curies":[{"name":"wp","href":"https:\/\/api.w.org\/{rel}","templated":true}]}}